{"id":102427,"date":"2017-04-27T16:51:46","date_gmt":"2017-04-27T13:51:46","guid":{"rendered":"http:\/\/epochtimestr.com\/?p=102427"},"modified":"2018-03-28T23:29:02","modified_gmt":"2018-03-28T20:29:02","slug":"cinde-yasayan-uygur-turkleri-komunist-parti-var-oldugu-surece-insanca-yasamamiz-imkansiz","status":"publish","type":"post","link":"https:\/\/epochtimestr.com\/index.php\/cinde-yasayan-uygur-turkleri-komunist-parti-var-oldugu-surece-insanca-yasamamiz-imkansiz","title":{"rendered":"\u00c7in&#8217;de Ya\u015fayan Uygur T\u00fcrkleri: Kom\u00fcnist Parti Var Oldu\u011fu S\u00fcrece \u0130nsanca Ya\u015famam\u0131z \u0130mkans\u0131z"},"content":{"rendered":"<figure id=\"attachment_102428\" aria-describedby=\"caption-attachment-102428\" style=\"width: 600px\" class=\"wp-caption aligncenter\"><img loading=\"lazy\" decoding=\"async\" class=\"size-large wp-image-102428\" src=\"https:\/\/epochtimestr.com\/wp-content\/uploads\/2011y\/Xinjiang_China_Uiguren_171834883_new-600x375.jpg\" alt=\"\" width=\"600\" height=\"375\" srcset=\"https:\/\/epochtimestr.com\/wp-content\/uploads\/2011y\/Xinjiang_China_Uiguren_171834883_new.jpg 600w, https:\/\/epochtimestr.com\/wp-content\/uploads\/2011y\/Xinjiang_China_Uiguren_171834883_new-150x94.jpg 150w, https:\/\/epochtimestr.com\/wp-content\/uploads\/2011y\/Xinjiang_China_Uiguren_171834883_new-300x188.jpg 300w, https:\/\/epochtimestr.com\/wp-content\/uploads\/2011y\/Xinjiang_China_Uiguren_171834883_new-292x183.jpg 292w\" sizes=\"(max-width: 600px) 100vw, 600px\" \/><figcaption id=\"caption-attachment-102428\" class=\"wp-caption-text\">Uygur T\u00fcrklerinin ya\u015fad\u0131\u011f\u0131 Sincan b\u00f6lgesi, 29 Haziran 2013 tarihinde ger\u00e7ekle\u015fen ter\u00f6r eylemlerinden sonra, polisler 4 Uygur T\u00fcrk\u00fcn\u00fc vurarak \u00f6ld\u00fcrd\u00fc. Olaydan sonra silahl\u0131 polisler sokaklarda devriye gezdi. (Foto\u011fraf: Mark Ralston\/AFP\/Getty Images)<\/figcaption><\/figure>\n<h2>\u0130nternette \u00c7in h\u00fck\u00fcmetinin \u00c7in&#8217;de ya\u015fayan baz\u0131 etnik gruplar\u0131 bast\u0131rd\u0131\u011f\u0131 ve ezdi\u011fi ile alakal\u0131 bir rapor dola\u015f\u0131yor. \u00c7in h\u00fck\u00fcmeti Uygur T\u00fcrklerini bast\u0131rmakta ve Tibet halk\u0131 senelerdir ezilmekte, ayr\u0131ca di\u011fer b\u00f6lgelerde bulunan farkl\u0131 etnik gruplar\u0131n da kaderi ayn\u0131.<\/h2>\n<p>Uygur T\u00fcrklerinin s\u00f6zc\u00fcs\u00fc Rabia Kadir&#8217;e g\u00f6re: &#8220;Uygur T\u00fcrkleri ile \u00c7in Han Halk\u0131n\u0131n aras\u0131nda hi\u00e7bir sorun yok ve Uygur T\u00fcrkleri bunun\u00a0fark\u0131nda, onlar as\u0131l sorunun \u00c7in Kom\u00fcnist Partisi taraf\u0131ndan kaynakland\u0131\u011f\u0131n\u0131 biliyorlar, \u00e7\u00fcnk\u00fc bir\u00e7ok \u00c7inli de Kom\u00fcnist Parti taraf\u0131ndan zul\u00fcm g\u00f6r\u00fcyor.&#8221;<\/p>\n<p>&#8220;Welt&#8221; haber ajans\u0131 taraf\u0131ndan yay\u0131nlanan bir rapora g\u00f6re, \u00c7in h\u00fck\u00fcmeti Sincan b\u00f6lgesi ve\u00a0Uygur T\u00fcrklerini kapsayan bir &#8220;anti-islam-kanunu&#8221; hakk\u0131nda g\u00f6r\u00fc\u015f\u00fcyor. Yine &#8220;Welt&#8221;in haberine g\u00f6re, \u00c7in h\u00fck\u00fcmeti bu kanunu &#8220;\u0130slami Ter\u00f6r\u00fc&#8221; durdurmak ve bu ter\u00f6r\u00fc etkisiz k\u0131lmak i\u00e7in \u00e7\u0131kard\u0131\u011f\u0131n\u0131 s\u00f6yl\u00fcyor.<\/p>\n<p>\u00c7in h\u00fck\u00fcmeti s\u00f6zde ter\u00f6rle m\u00fccadele kisvesi alt\u0131nda bir\u00e7ok grubu keyfi olarak bast\u0131r\u0131yor. Asl\u0131nda \u00c7in Kom\u00fcnist Partisi, felsefesi ile uyum g\u00f6stermeyen ve partinin \u00e7izgisi d\u0131\u015f\u0131na \u00e7\u0131kan t\u00fcm gruplar\u0131, az\u0131nl\u0131klar\u0131 ve insanlar\u0131 ter\u00f6rist ve tehlikeli olarak yaftal\u0131yor.<\/p>\n<p>2008 Olimpiyatlar\u0131&#8217;na medyan\u0131n ilgisi sayesinde &#8220;g\u00fcvenlik&#8221; gerek\u00e7esiyle \u00c7in&#8217;de olup bitenler g\u00f6zlemciler taraf\u0131ndan tespit edildi. Bu g\u00f6zlemler s\u0131ras\u0131nda, \u00f6zellikle Tibet&#8217;te ger\u00e7ekle\u015fen halk ayaklanmas\u0131, b\u00fcy\u00fck \u00e7apta tutuklanan Falun Gong uygulay\u0131c\u0131lar\u0131 ve Uygur b\u00f6lgesinde askerlerin \u015fiddet uygulamalar\u0131 b\u00fcy\u00fck endi\u015fe yaratt\u0131.<\/p>\n<p>Bu bask\u0131ya tepki olarak, baz\u0131 gruplar bar\u0131\u015f\u00e7\u0131l protestolar yap\u0131yor veya bro\u015f\u00fcrler da\u011f\u0131t\u0131yor,\u00a0kimileri ise \u015fiddete ba\u015fvuruyor.<\/p>\n<p>Uygur s\u00f6zc\u00fcs\u00fc Rabia Kadir, 2009 y\u0131l\u0131nda Epoch Times&#8217;a verdi\u011fi bir r\u00f6portajda \u015funlar\u0131 s\u00f6yledi: &#8220;Uygur halk\u0131n\u0131n nefreti 60 sene \u00f6ncesinden geliyor, fakat bu nefret\u00a0\u00c7in Kom\u00fcnist Partisi&#8217;nin kendisine ve\u00a0uygulad\u0131\u011f\u0131 asimilasyon politikas\u0131na y\u00f6neliktir, asla \u00c7in halk\u0131na de\u011fil. Asl\u0131nda biz\u00a0Han \u00c7inlilerinin de ayn\u0131 bizim gibi, Kom\u00fcnist Parti&#8217;nin ac\u0131mas\u0131z politikalar\u0131n\u0131n kurban\u0131\u00a0oldu\u011funu g\u00f6r\u00fcyoruz.&#8221;<\/p>\n<p>Rabia Kadir s\u00f6zlerine \u015fu \u015fekilde devam etti: &#8220;Uygur T\u00fcrklerinin bir\u00e7o\u011fu orta yollu bir \u0130slam\u00a0anlay\u0131\u015f\u0131na sahip ve a\u015f\u0131r\u0131 \u0130slam ideolojisine sahip de\u011filler.&#8221;<\/p>\n<p><strong>Ter\u00f6r\u00fc Bahane Ediyorlar<\/strong><\/p>\n<p>&#8220;Welt&#8221; haber ajans\u0131n\u0131n bir haberine g\u00f6re, Sincan Eyaletinde ba\u015f \u00f6rt\u00fcs\u00fc takmak ve sakal\u00a0uzatmak yasak ve bu yasak ge\u00e7ti\u011fimiz ay y\u00fcr\u00fcrl\u00fc\u011fe girdi.<\/p>\n<p>Buna ek olarak, ayn\u0131 zamanda dini t\u00f6renler, yani dini evlilik ve dini cenaze\u00a0t\u00f6renleri de &#8220;dini a\u015f\u0131r\u0131l\u0131k belirtisi&#8221; oldu\u011fu gerek\u00e7esiyle yasakland\u0131. Bu yeni kanunlar 15 adet dini kural\u0131 kaps\u0131yor.<\/p>\n<p>Bu kanunlar s\u00f6zde &#8220;\u0130slami Ter\u00f6r&#8221;\u00fc durdurmak i\u00e7in \u00e7\u0131kar\u0131l\u0131yor, fakat as\u0131l mesele Kom\u00fcnist Parti&#8217;nin ter\u00f6r ve korku sayesinde kendi \u00fcst\u00fcnl\u00fc\u011f\u00fcn\u00fc korumas\u0131d\u0131r. Bu, tarihten beri bir Kom\u00fcnist ideolojisi y\u00f6ntemidir.<\/p>\n<p>Yine &#8220;Welt&#8221;in bir haberine g\u00f6re, yak\u0131nda Ramazan ay\u0131nda oru\u00e7 tutmak\u00a0da k\u0131s\u0131tlanacak ve ancak belirli\u00a0kurallar i\u00e7inde ger\u00e7ekle\u015febilecektir.<\/p>\n<p><strong>Sincan B\u00f6lgesi ve Uygur T\u00fcrkleri<\/strong><\/p>\n<p>Sincan, T\u00fcrk\u00e7ede &#8220;yeni s\u0131n\u0131r&#8221; veya &#8220;Do\u011fu T\u00fcrkistan&#8221; anlam\u0131na gelmektedir.\u00a0Sincan&#8217;\u0131n 1757 y\u0131l\u0131nda \u00c7inliler taraf\u0131ndan\u00a0fethedilerek \u00c7in topraklar\u0131na dahil edilmi\u015f ve o zamandan bu yana \u00c7in&#8217;in bir kolonisi haline gelmi\u015f oldu\u011funu s\u00f6yleyebiliriz. Eskiden Uygur T\u00fcrkleri bir \u0130mparatorlu\u011fa sahipti, fakat ne yaz\u0131k ki g\u00fcn\u00fcm\u00fczde, hem dilleri hem de dinleri tehlike alt\u0131nda ve bu halk sistematik bir bi\u00e7imde bask\u0131lara maruz kalmaktad\u0131r. \u00c7ok az da olsa bu b\u00f6lgede \u0130slam d\u0131\u015f\u0131nda, \u015eamanizm&#8217;in de var oldu\u011fu bilinmektedir.<\/p>\n<p>\u00dcniversitelerde Mandarin yani Han \u00c7inlileri taraf\u0131ndan konu\u015fulan dil konu\u015fuluyor ve\u00a0\u00f6\u011fretiliyor. Kilit pozisyonlarda ve \u00f6nemli makamlarda \u00e7ok az say\u0131da Uygur T\u00fcrk\u00fc bulunuyor ve genelde bu pozisyonlar Han \u00c7inlileri taraf\u0131ndan dolduruluyor. Tarihsel olarak bak\u0131ld\u0131\u011f\u0131nda\u00a0Sincan\/Do\u011fu T\u00fcrkistan b\u00f6lge olarak \u00c7in&#8217;e ait de\u011fil ve Uygurlar da \u00c7inli de\u011fildir.<\/p>\n<p>D\u00fcnya Uygur Kongresi&#8217;nden Alim Seytoff&#8217;a g\u00f6re, Uygur T\u00fcrkleri insanca bir hayat\u00a0ya\u015fayam\u0131yor. Seytoff: &#8220;61 senelik \u00c7in H\u00fck\u00fcmetinin zul\u00fcm ve bask\u0131s\u0131ndan\u00a0\u00a0sonra Uygurlar art\u0131k\u00a0\u00c7in&#8217;in bir par\u00e7as\u0131 olmak istemiyorlar, \u00e7\u00fcnk\u00fc \u00c7in&#8217;in egemenli\u011fi alt\u0131nda insanca ya\u015famak imkans\u0131z.&#8221;<\/p>\n<p><em>Kathrin Sumpf, The Epoch Times<\/em><\/p>\n","protected":false},"excerpt":{"rendered":"<p>\u0130nternette \u00c7in h\u00fck\u00fcmetinin \u00c7in&#8217;de ya\u015fayan baz\u0131 etnik gruplar\u0131 bast\u0131rd\u0131\u011f\u0131 ve ezdi\u011fi ile alakal\u0131 bir rapor dola\u015f\u0131yor. \u00c7in h\u00fck\u00fcmeti Uygur T\u00fcrklerini bast\u0131rmakta ve Tibet halk\u0131 senelerdir ezilmekte, ayr\u0131ca di\u011fer b\u00f6lgelerde bulunan farkl\u0131 etnik gruplar\u0131n da kaderi ayn\u0131. Uygur T\u00fcrklerinin s\u00f6zc\u00fcs\u00fc Rabia Kadir&#8217;e g\u00f6re: &#8220;Uygur T\u00fcrkleri ile \u00c7in Han Halk\u0131n\u0131n aras\u0131nda hi\u00e7bir sorun yok ve Uygur T\u00fcrkleri [&hellip;]<\/p>\n","protected":false},"author":2500,"featured_media":102428,"comment_status":"closed","ping_status":"open","sticky":false,"template":"","format":"standard","meta":{"_yoast_wpseo_focuskw":"","_yoast_wpseo_title":"","_yoast_wpseo_metadesc":"","_bbp_topic_count":0,"_bbp_reply_count":0,"_bbp_total_topic_count":0,"_bbp_total_reply_count":0,"_bbp_voice_count":0,"_bbp_anonymous_reply_count":0,"_bbp_topic_count_hidden":0,"_bbp_reply_count_hidden":0,"_bbp_forum_subforum_count":0,"footnotes":"","_yoast_wpseo_focuskw_text_input":""},"categories":[8,2045,35,1],"tags":[3398,5302,170,6320,6315,6316,4531,6319,6317,2387,6318],"yoast_head":"<!-- This site is optimized with the Yoast SEO plugin v23.0 - https:\/\/yoast.com\/wordpress\/plugins\/seo\/ -->\n<title>\u00c7in&#039;de Ya\u015fayan Uygur T\u00fcrkleri: Kom\u00fcnist Parti Var Oldu\u011fu S\u00fcrece \u0130nsanca Ya\u015famam\u0131z \u0130mkans\u0131z - The Epoch Times TR<\/title>\n<meta name=\"robots\" content=\"index, follow, max-snippet:-1, max-image-preview:large, max-video-preview:-1\" \/>\n<link rel=\"canonical\" href=\"https:\/\/epochtimestr.com\/index.php\/cinde-yasayan-uygur-turkleri-komunist-parti-var-oldugu-surece-insanca-yasamamiz-imkansiz\" \/>\n<meta property=\"og:locale\" content=\"tr_TR\" \/>\n<meta property=\"og:type\" content=\"article\" \/>\n<meta property=\"og:title\" content=\"\u00c7in&#039;de Ya\u015fayan Uygur T\u00fcrkleri: Kom\u00fcnist Parti Var Oldu\u011fu S\u00fcrece \u0130nsanca Ya\u015famam\u0131z \u0130mkans\u0131z - The Epoch Times TR\" \/>\n<meta property=\"og:description\" content=\"\u0130nternette \u00c7in h\u00fck\u00fcmetinin \u00c7in&#8217;de ya\u015fayan baz\u0131 etnik gruplar\u0131 bast\u0131rd\u0131\u011f\u0131 ve ezdi\u011fi ile alakal\u0131 bir rapor dola\u015f\u0131yor. \u00c7in h\u00fck\u00fcmeti Uygur T\u00fcrklerini bast\u0131rmakta ve Tibet halk\u0131 senelerdir ezilmekte, ayr\u0131ca di\u011fer b\u00f6lgelerde bulunan farkl\u0131 etnik gruplar\u0131n da kaderi ayn\u0131. Uygur T\u00fcrklerinin s\u00f6zc\u00fcs\u00fc Rabia Kadir&#8217;e g\u00f6re: &#8220;Uygur T\u00fcrkleri ile \u00c7in Han Halk\u0131n\u0131n aras\u0131nda hi\u00e7bir sorun yok ve Uygur T\u00fcrkleri [&hellip;]\" \/>\n<meta property=\"og:url\" content=\"https:\/\/epochtimestr.com\/index.php\/cinde-yasayan-uygur-turkleri-komunist-parti-var-oldugu-surece-insanca-yasamamiz-imkansiz\" \/>\n<meta property=\"og:site_name\" content=\"The Epoch Times TR\" \/>\n<meta property=\"article:publisher\" content=\"https:\/\/www.facebook.com\/theepochtimestr\" \/>\n<meta property=\"article:published_time\" content=\"2017-04-27T13:51:46+00:00\" \/>\n<meta property=\"article:modified_time\" content=\"2018-03-28T20:29:02+00:00\" \/>\n<meta property=\"og:image\" content=\"https:\/\/epochtimestr.com\/wp-content\/uploads\/2011y\/Xinjiang_China_Uiguren_171834883_new.jpg\" \/>\n\t<meta property=\"og:image:width\" content=\"600\" \/>\n\t<meta property=\"og:image:height\" content=\"375\" \/>\n\t<meta property=\"og:image:type\" content=\"image\/jpeg\" \/>\n<meta name=\"author\" content=\"Evren Durmaz\" \/>\n<meta name=\"twitter:card\" content=\"summary_large_image\" \/>\n<meta name=\"twitter:creator\" content=\"@TheEpochTimesTR\" \/>\n<meta name=\"twitter:site\" content=\"@TheEpochTimesTR\" \/>\n<meta name=\"twitter:label1\" content=\"Yazan:\" \/>\n\t<meta name=\"twitter:data1\" content=\"Evren Durmaz\" \/>\n\t<meta name=\"twitter:label2\" content=\"Tahmini okuma s\u00fcresi\" \/>\n\t<meta name=\"twitter:data2\" content=\"4 dakika\" \/>\n<script type=\"application\/ld+json\" class=\"yoast-schema-graph\">{\"@context\":\"https:\/\/schema.org\",\"@graph\":[{\"@type\":\"Article\",\"@id\":\"https:\/\/epochtimestr.com\/index.php\/cinde-yasayan-uygur-turkleri-komunist-parti-var-oldugu-surece-insanca-yasamamiz-imkansiz#article\",\"isPartOf\":{\"@id\":\"https:\/\/epochtimestr.com\/index.php\/cinde-yasayan-uygur-turkleri-komunist-parti-var-oldugu-surece-insanca-yasamamiz-imkansiz\"},\"author\":{\"name\":\"Evren Durmaz\",\"@id\":\"https:\/\/epochtimestr.com\/#\/schema\/person\/29464d85d2980e22f2e37bc9adcfb0a2\"},\"headline\":\"\u00c7in&#8217;de Ya\u015fayan Uygur T\u00fcrkleri: Kom\u00fcnist Parti Var Oldu\u011fu S\u00fcrece \u0130nsanca Ya\u015famam\u0131z \u0130mkans\u0131z\",\"datePublished\":\"2017-04-27T13:51:46+00:00\",\"dateModified\":\"2018-03-28T20:29:02+00:00\",\"mainEntityOfPage\":{\"@id\":\"https:\/\/epochtimestr.com\/index.php\/cinde-yasayan-uygur-turkleri-komunist-parti-var-oldugu-surece-insanca-yasamamiz-imkansiz\"},\"wordCount\":825,\"publisher\":{\"@id\":\"https:\/\/epochtimestr.com\/#organization\"},\"image\":{\"@id\":\"https:\/\/epochtimestr.com\/index.php\/cinde-yasayan-uygur-turkleri-komunist-parti-var-oldugu-surece-insanca-yasamamiz-imkansiz#primaryimage\"},\"thumbnailUrl\":\"https:\/\/epochtimestr.com\/wp-content\/uploads\/2011y\/Xinjiang_China_Uiguren_171834883_new.jpg\",\"keywords\":[\"Anti \u0130slam\",\"cami\",\"\u00c7in\",\"islam\",\"Islam-hukuk\",\"Kom\u00fcnist Partisi\",\"m\u00fcsl\u00fcman\",\"rabia kadir\",\"Rebiya Gregory\",\"sincan\",\"Uygur\"],\"articleSection\":[\"\u00c7\u0130N\",\"\u00c7in Rejimi\",\"\u00c7in'de \u0130nsan Haklar\u0131\",\"G\u00dcNDEM\"],\"inLanguage\":\"tr\"},{\"@type\":\"WebPage\",\"@id\":\"https:\/\/epochtimestr.com\/index.php\/cinde-yasayan-uygur-turkleri-komunist-parti-var-oldugu-surece-insanca-yasamamiz-imkansiz\",\"url\":\"https:\/\/epochtimestr.com\/index.php\/cinde-yasayan-uygur-turkleri-komunist-parti-var-oldugu-surece-insanca-yasamamiz-imkansiz\",\"name\":\"\u00c7in'de Ya\u015fayan Uygur T\u00fcrkleri: Kom\u00fcnist Parti Var Oldu\u011fu S\u00fcrece \u0130nsanca Ya\u015famam\u0131z \u0130mkans\u0131z - The Epoch Times TR\",\"isPartOf\":{\"@id\":\"https:\/\/epochtimestr.com\/#website\"},\"primaryImageOfPage\":{\"@id\":\"https:\/\/epochtimestr.com\/index.php\/cinde-yasayan-uygur-turkleri-komunist-parti-var-oldugu-surece-insanca-yasamamiz-imkansiz#primaryimage\"},\"image\":{\"@id\":\"https:\/\/epochtimestr.com\/index.php\/cinde-yasayan-uygur-turkleri-komunist-parti-var-oldugu-surece-insanca-yasamamiz-imkansiz#primaryimage\"},\"thumbnailUrl\":\"https:\/\/epochtimestr.com\/wp-content\/uploads\/2011y\/Xinjiang_China_Uiguren_171834883_new.jpg\",\"datePublished\":\"2017-04-27T13:51:46+00:00\",\"dateModified\":\"2018-03-28T20:29:02+00:00\",\"inLanguage\":\"tr\",\"potentialAction\":[{\"@type\":\"ReadAction\",\"target\":[\"https:\/\/epochtimestr.com\/index.php\/cinde-yasayan-uygur-turkleri-komunist-parti-var-oldugu-surece-insanca-yasamamiz-imkansiz\"]}]},{\"@type\":\"ImageObject\",\"inLanguage\":\"tr\",\"@id\":\"https:\/\/epochtimestr.com\/index.php\/cinde-yasayan-uygur-turkleri-komunist-parti-var-oldugu-surece-insanca-yasamamiz-imkansiz#primaryimage\",\"url\":\"https:\/\/epochtimestr.com\/wp-content\/uploads\/2011y\/Xinjiang_China_Uiguren_171834883_new.jpg\",\"contentUrl\":\"https:\/\/epochtimestr.com\/wp-content\/uploads\/2011y\/Xinjiang_China_Uiguren_171834883_new.jpg\",\"width\":600,\"height\":375,\"caption\":\"Uygur T\u00fcrklerinin ya\u015fad\u0131\u011f\u0131 Sincan b\u00f6lgesi, 29 Haziran 2013 tarihinde ger\u00e7ekle\u015fen ter\u00f6r eylemlerinden sonra, polisler 4 Uygur T\u00fcrk\u00fcn\u00fc vurarak \u00f6ld\u00fcrd\u00fc. Olaydan sonra silahl\u0131 polisler sokaklarda devriye gezdi. (Foto\u011fraf: Mark Ralston \/ AFP \/ Getty Images)\"},{\"@type\":\"WebSite\",\"@id\":\"https:\/\/epochtimestr.com\/#website\",\"url\":\"https:\/\/epochtimestr.com\/\",\"name\":\"The Epoch Times TR\",\"description\":\"De\u011fi\u015fen D\u00fcnyam\u0131za Taze Bir Bak\u0131\u015f\",\"publisher\":{\"@id\":\"https:\/\/epochtimestr.com\/#organization\"},\"potentialAction\":[{\"@type\":\"SearchAction\",\"target\":{\"@type\":\"EntryPoint\",\"urlTemplate\":\"https:\/\/epochtimestr.com\/?s={search_term_string}\"},\"query-input\":\"required name=search_term_string\"}],\"inLanguage\":\"tr\"},{\"@type\":\"Organization\",\"@id\":\"https:\/\/epochtimestr.com\/#organization\",\"name\":\"The EpochTimes T\u00fcrkiye\",\"url\":\"https:\/\/epochtimestr.com\/\",\"logo\":{\"@type\":\"ImageObject\",\"inLanguage\":\"tr\",\"@id\":\"https:\/\/epochtimestr.com\/#\/schema\/logo\/image\/\",\"url\":\"https:\/\/epochtimestr.com\/wp-content\/uploads\/2011y\/ET-Logo-YG.jpg\",\"contentUrl\":\"https:\/\/epochtimestr.com\/wp-content\/uploads\/2011y\/ET-Logo-YG.jpg\",\"width\":346,\"height\":29,\"caption\":\"The EpochTimes T\u00fcrkiye\"},\"image\":{\"@id\":\"https:\/\/epochtimestr.com\/#\/schema\/logo\/image\/\"},\"sameAs\":[\"https:\/\/www.facebook.com\/theepochtimestr\",\"https:\/\/x.com\/TheEpochTimesTR\",\"https:\/\/www.instagram.com\/epochtimestr\"]},{\"@type\":\"Person\",\"@id\":\"https:\/\/epochtimestr.com\/#\/schema\/person\/29464d85d2980e22f2e37bc9adcfb0a2\",\"name\":\"Evren Durmaz\",\"image\":{\"@type\":\"ImageObject\",\"inLanguage\":\"tr\",\"@id\":\"https:\/\/epochtimestr.com\/#\/schema\/person\/image\/\",\"url\":\"https:\/\/secure.gravatar.com\/avatar\/503980a9fab198d7bb655c448172ca6a?s=96&d=mm&r=g\",\"contentUrl\":\"https:\/\/secure.gravatar.com\/avatar\/503980a9fab198d7bb655c448172ca6a?s=96&d=mm&r=g\",\"caption\":\"Evren Durmaz\"},\"url\":\"https:\/\/epochtimestr.com\/index.php\/author\/evren-durmaz\"}]}<\/script>\n<!-- \/ Yoast SEO plugin. -->","yoast_head_json":{"title":"\u00c7in'de Ya\u015fayan Uygur T\u00fcrkleri: Kom\u00fcnist Parti Var Oldu\u011fu S\u00fcrece \u0130nsanca Ya\u015famam\u0131z \u0130mkans\u0131z - The Epoch Times TR","robots":{"index":"index","follow":"follow","max-snippet":"max-snippet:-1","max-image-preview":"max-image-preview:large","max-video-preview":"max-video-preview:-1"},"canonical":"https:\/\/epochtimestr.com\/index.php\/cinde-yasayan-uygur-turkleri-komunist-parti-var-oldugu-surece-insanca-yasamamiz-imkansiz","og_locale":"tr_TR","og_type":"article","og_title":"\u00c7in'de Ya\u015fayan Uygur T\u00fcrkleri: Kom\u00fcnist Parti Var Oldu\u011fu S\u00fcrece \u0130nsanca Ya\u015famam\u0131z \u0130mkans\u0131z - The Epoch Times TR","og_description":"\u0130nternette \u00c7in h\u00fck\u00fcmetinin \u00c7in&#8217;de ya\u015fayan baz\u0131 etnik gruplar\u0131 bast\u0131rd\u0131\u011f\u0131 ve ezdi\u011fi ile alakal\u0131 bir rapor dola\u015f\u0131yor. \u00c7in h\u00fck\u00fcmeti Uygur T\u00fcrklerini bast\u0131rmakta ve Tibet halk\u0131 senelerdir ezilmekte, ayr\u0131ca di\u011fer b\u00f6lgelerde bulunan farkl\u0131 etnik gruplar\u0131n da kaderi ayn\u0131. Uygur T\u00fcrklerinin s\u00f6zc\u00fcs\u00fc Rabia Kadir&#8217;e g\u00f6re: &#8220;Uygur T\u00fcrkleri ile \u00c7in Han Halk\u0131n\u0131n aras\u0131nda hi\u00e7bir sorun yok ve Uygur T\u00fcrkleri [&hellip;]","og_url":"https:\/\/epochtimestr.com\/index.php\/cinde-yasayan-uygur-turkleri-komunist-parti-var-oldugu-surece-insanca-yasamamiz-imkansiz","og_site_name":"The Epoch Times TR","article_publisher":"https:\/\/www.facebook.com\/theepochtimestr","article_published_time":"2017-04-27T13:51:46+00:00","article_modified_time":"2018-03-28T20:29:02+00:00","og_image":[{"width":600,"height":375,"url":"https:\/\/epochtimestr.com\/wp-content\/uploads\/2011y\/Xinjiang_China_Uiguren_171834883_new.jpg","type":"image\/jpeg"}],"author":"Evren Durmaz","twitter_card":"summary_large_image","twitter_creator":"@TheEpochTimesTR","twitter_site":"@TheEpochTimesTR","twitter_misc":{"Yazan:":"Evren Durmaz","Tahmini okuma s\u00fcresi":"4 dakika"},"schema":{"@context":"https:\/\/schema.org","@graph":[{"@type":"Article","@id":"https:\/\/epochtimestr.com\/index.php\/cinde-yasayan-uygur-turkleri-komunist-parti-var-oldugu-surece-insanca-yasamamiz-imkansiz#article","isPartOf":{"@id":"https:\/\/epochtimestr.com\/index.php\/cinde-yasayan-uygur-turkleri-komunist-parti-var-oldugu-surece-insanca-yasamamiz-imkansiz"},"author":{"name":"Evren Durmaz","@id":"https:\/\/epochtimestr.com\/#\/schema\/person\/29464d85d2980e22f2e37bc9adcfb0a2"},"headline":"\u00c7in&#8217;de Ya\u015fayan Uygur T\u00fcrkleri: Kom\u00fcnist Parti Var Oldu\u011fu S\u00fcrece \u0130nsanca Ya\u015famam\u0131z \u0130mkans\u0131z","datePublished":"2017-04-27T13:51:46+00:00","dateModified":"2018-03-28T20:29:02+00:00","mainEntityOfPage":{"@id":"https:\/\/epochtimestr.com\/index.php\/cinde-yasayan-uygur-turkleri-komunist-parti-var-oldugu-surece-insanca-yasamamiz-imkansiz"},"wordCount":825,"publisher":{"@id":"https:\/\/epochtimestr.com\/#organization"},"image":{"@id":"https:\/\/epochtimestr.com\/index.php\/cinde-yasayan-uygur-turkleri-komunist-parti-var-oldugu-surece-insanca-yasamamiz-imkansiz#primaryimage"},"thumbnailUrl":"https:\/\/epochtimestr.com\/wp-content\/uploads\/2011y\/Xinjiang_China_Uiguren_171834883_new.jpg","keywords":["Anti \u0130slam","cami","\u00c7in","islam","Islam-hukuk","Kom\u00fcnist Partisi","m\u00fcsl\u00fcman","rabia kadir","Rebiya Gregory","sincan","Uygur"],"articleSection":["\u00c7\u0130N","\u00c7in Rejimi","\u00c7in'de \u0130nsan Haklar\u0131","G\u00dcNDEM"],"inLanguage":"tr"},{"@type":"WebPage","@id":"https:\/\/epochtimestr.com\/index.php\/cinde-yasayan-uygur-turkleri-komunist-parti-var-oldugu-surece-insanca-yasamamiz-imkansiz","url":"https:\/\/epochtimestr.com\/index.php\/cinde-yasayan-uygur-turkleri-komunist-parti-var-oldugu-surece-insanca-yasamamiz-imkansiz","name":"\u00c7in'de Ya\u015fayan Uygur T\u00fcrkleri: Kom\u00fcnist Parti Var Oldu\u011fu S\u00fcrece \u0130nsanca Ya\u015famam\u0131z \u0130mkans\u0131z - The Epoch Times TR","isPartOf":{"@id":"https:\/\/epochtimestr.com\/#website"},"primaryImageOfPage":{"@id":"https:\/\/epochtimestr.com\/index.php\/cinde-yasayan-uygur-turkleri-komunist-parti-var-oldugu-surece-insanca-yasamamiz-imkansiz#primaryimage"},"image":{"@id":"https:\/\/epochtimestr.com\/index.php\/cinde-yasayan-uygur-turkleri-komunist-parti-var-oldugu-surece-insanca-yasamamiz-imkansiz#primaryimage"},"thumbnailUrl":"https:\/\/epochtimestr.com\/wp-content\/uploads\/2011y\/Xinjiang_China_Uiguren_171834883_new.jpg","datePublished":"2017-04-27T13:51:46+00:00","dateModified":"2018-03-28T20:29:02+00:00","inLanguage":"tr","potentialAction":[{"@type":"ReadAction","target":["https:\/\/epochtimestr.com\/index.php\/cinde-yasayan-uygur-turkleri-komunist-parti-var-oldugu-surece-insanca-yasamamiz-imkansiz"]}]},{"@type":"ImageObject","inLanguage":"tr","@id":"https:\/\/epochtimestr.com\/index.php\/cinde-yasayan-uygur-turkleri-komunist-parti-var-oldugu-surece-insanca-yasamamiz-imkansiz#primaryimage","url":"https:\/\/epochtimestr.com\/wp-content\/uploads\/2011y\/Xinjiang_China_Uiguren_171834883_new.jpg","contentUrl":"https:\/\/epochtimestr.com\/wp-content\/uploads\/2011y\/Xinjiang_China_Uiguren_171834883_new.jpg","width":600,"height":375,"caption":"Uygur T\u00fcrklerinin ya\u015fad\u0131\u011f\u0131 Sincan b\u00f6lgesi, 29 Haziran 2013 tarihinde ger\u00e7ekle\u015fen ter\u00f6r eylemlerinden sonra, polisler 4 Uygur T\u00fcrk\u00fcn\u00fc vurarak \u00f6ld\u00fcrd\u00fc. Olaydan sonra silahl\u0131 polisler sokaklarda devriye gezdi. (Foto\u011fraf: Mark Ralston \/ AFP \/ Getty Images)"},{"@type":"WebSite","@id":"https:\/\/epochtimestr.com\/#website","url":"https:\/\/epochtimestr.com\/","name":"The Epoch Times TR","description":"De\u011fi\u015fen D\u00fcnyam\u0131za Taze Bir Bak\u0131\u015f","publisher":{"@id":"https:\/\/epochtimestr.com\/#organization"},"potentialAction":[{"@type":"SearchAction","target":{"@type":"EntryPoint","urlTemplate":"https:\/\/epochtimestr.com\/?s={search_term_string}"},"query-input":"required name=search_term_string"}],"inLanguage":"tr"},{"@type":"Organization","@id":"https:\/\/epochtimestr.com\/#organization","name":"The EpochTimes T\u00fcrkiye","url":"https:\/\/epochtimestr.com\/","logo":{"@type":"ImageObject","inLanguage":"tr","@id":"https:\/\/epochtimestr.com\/#\/schema\/logo\/image\/","url":"https:\/\/epochtimestr.com\/wp-content\/uploads\/2011y\/ET-Logo-YG.jpg","contentUrl":"https:\/\/epochtimestr.com\/wp-content\/uploads\/2011y\/ET-Logo-YG.jpg","width":346,"height":29,"caption":"The EpochTimes T\u00fcrkiye"},"image":{"@id":"https:\/\/epochtimestr.com\/#\/schema\/logo\/image\/"},"sameAs":["https:\/\/www.facebook.com\/theepochtimestr","https:\/\/x.com\/TheEpochTimesTR","https:\/\/www.instagram.com\/epochtimestr"]},{"@type":"Person","@id":"https:\/\/epochtimestr.com\/#\/schema\/person\/29464d85d2980e22f2e37bc9adcfb0a2","name":"Evren Durmaz","image":{"@type":"ImageObject","inLanguage":"tr","@id":"https:\/\/epochtimestr.com\/#\/schema\/person\/image\/","url":"https:\/\/secure.gravatar.com\/avatar\/503980a9fab198d7bb655c448172ca6a?s=96&d=mm&r=g","contentUrl":"https:\/\/secure.gravatar.com\/avatar\/503980a9fab198d7bb655c448172ca6a?s=96&d=mm&r=g","caption":"Evren Durmaz"},"url":"https:\/\/epochtimestr.com\/index.php\/author\/evren-durmaz"}]}},"_links":{"self":[{"href":"https:\/\/epochtimestr.com\/index.php\/wp-json\/wp\/v2\/posts\/102427"}],"collection":[{"href":"https:\/\/epochtimestr.com\/index.php\/wp-json\/wp\/v2\/posts"}],"about":[{"href":"https:\/\/epochtimestr.com\/index.php\/wp-json\/wp\/v2\/types\/post"}],"author":[{"embeddable":true,"href":"https:\/\/epochtimestr.com\/index.php\/wp-json\/wp\/v2\/users\/2500"}],"replies":[{"embeddable":true,"href":"https:\/\/epochtimestr.com\/index.php\/wp-json\/wp\/v2\/comments?post=102427"}],"version-history":[{"count":1,"href":"https:\/\/epochtimestr.com\/index.php\/wp-json\/wp\/v2\/posts\/102427\/revisions"}],"predecessor-version":[{"id":102429,"href":"https:\/\/epochtimestr.com\/index.php\/wp-json\/wp\/v2\/posts\/102427\/revisions\/102429"}],"wp:featuredmedia":[{"embeddable":true,"href":"https:\/\/epochtimestr.com\/index.php\/wp-json\/wp\/v2\/media\/102428"}],"wp:attachment":[{"href":"https:\/\/epochtimestr.com\/index.php\/wp-json\/wp\/v2\/media?parent=102427"}],"wp:term":[{"taxonomy":"category","embeddable":true,"href":"https:\/\/epochtimestr.com\/index.php\/wp-json\/wp\/v2\/categories?post=102427"},{"taxonomy":"post_tag","embeddable":true,"href":"https:\/\/epochtimestr.com\/index.php\/wp-json\/wp\/v2\/tags?post=102427"}],"curies":[{"name":"wp","href":"https:\/\/api.w.org\/{rel}","templated":true}]}}