{"id":104497,"date":"2017-06-30T20:36:05","date_gmt":"2017-06-30T17:36:05","guid":{"rendered":"http:\/\/epochtimestr.com\/?p=104497"},"modified":"2017-06-30T20:36:05","modified_gmt":"2017-06-30T17:36:05","slug":"istanbulda-toplu-ulasim-ucretlerine-zam-geldi","status":"publish","type":"post","link":"https:\/\/epochtimestr.com\/index.php\/istanbulda-toplu-ulasim-ucretlerine-zam-geldi","title":{"rendered":"\u0130stanbul&#8217;da Toplu Ula\u015f\u0131m \u00dccretlerine Zam Geldi"},"content":{"rendered":"<h2 class=\"page-sum small\"><img loading=\"lazy\" decoding=\"async\" class=\"alignnone size-large wp-image-104498\" src=\"https:\/\/epochtimestr.com\/wp-content\/uploads\/2011y\/otob\u00fcs-3-600x320.jpg\" alt=\"\" width=\"600\" height=\"320\" srcset=\"https:\/\/epochtimestr.com\/wp-content\/uploads\/2011y\/otob\u00fcs-3-600x320.jpg 600w, https:\/\/epochtimestr.com\/wp-content\/uploads\/2011y\/otob\u00fcs-3-150x80.jpg 150w, https:\/\/epochtimestr.com\/wp-content\/uploads\/2011y\/otob\u00fcs-3-300x160.jpg 300w, https:\/\/epochtimestr.com\/wp-content\/uploads\/2011y\/otob\u00fcs-3-292x156.jpg 292w, https:\/\/epochtimestr.com\/wp-content\/uploads\/2011y\/otob\u00fcs-3-638x340.jpg 638w, https:\/\/epochtimestr.com\/wp-content\/uploads\/2011y\/otob\u00fcs-3-190x100.jpg 190w, https:\/\/epochtimestr.com\/wp-content\/uploads\/2011y\/otob\u00fcs-3-629x335.jpg 629w, https:\/\/epochtimestr.com\/wp-content\/uploads\/2011y\/otob\u00fcs-3.jpg 664w\" sizes=\"(max-width: 600px) 100vw, 600px\" \/><\/p>\n<p>\u0130stanbul&#8217;da toplu ula\u015f\u0131m ara\u00e7lar\u0131na yar\u0131ndan itibaren ge\u00e7erli olacak \u015fekilde zam yap\u0131ld\u0131.<\/h2>\n<p>\u0130stanbul&#8217;da toplu ula\u015f\u0131m ara\u00e7lar\u0131nda ge\u00e7erli olan \u00fccret tarifesi yeniden d\u00fczenlendi. 1 Temmuz 2017 Cumartesi g\u00fcn\u00fc uygulamaya konacak yeni \u00fccret tarifesiyle tam bilet 2,60 TL, \u00f6\u011frenci bileti 1,25 TL, indirimli bilet ise 1,85 TL oldu. \u0130stanbul B\u00fcy\u00fck\u015fehir Belediyesi Ula\u015f\u0131m Koordinasyon Merkezi\u2019nin (UKOME) karar\u0131yla \u0130ETT, Otob\u00fcs A.\u015e. ve \u00d6zel Halk Otob\u00fcsleri ile rayl\u0131 ve deniz ula\u015f\u0131m sistemlerinde uygulanacak \u00fccret tarifesi yeniden d\u00fczenlendi. 1 Temmuz 2017 Cumartesi g\u00fcn\u00fcnden itibaren ge\u00e7erli olacak yeni tarifeye g\u00f6re tam bilet 2,60 TL, \u00f6\u011frenci bileti 1,25 TL, indirimli bilet ise 1,85 TL oldu. Tam ayl\u0131k mavi kart \u00fccreti 205 TL, indirimli ayl\u0131k mavi kart 125 TL, \u00f6\u011frenci ayl\u0131k mavi kart \u00fccreti de 85 TL olarak belirlendi.<\/p>\n<p>\u0130stanbulkart ile yap\u0131lan kont\u00f6rl\u00fc yolculuklarda ilk bini\u015f \u00fccretleri; tam 2,30\u2019dan 2,60 TL\u2019ye, \u00f6\u011frenci 1,15\u2019ten 1,25 TL\u2019ye, indirimli 1,65\u2019ten 1,85 TL\u2019ye y\u00fckseltildi. Yeni tarifeye g\u00f6re; \u0130stanbulkart ilk bini\u015f \u00fccretleri, tam 2,30 TL\u2019den 2,60 TL\u2019ye, \u00f6\u011frenci 1,15 TL\u2019den 1,25 TL\u2019ye, indirimli 1,65 TL\u2019 den 1,85 TL\u2019 ye \u00e7\u0131kar\u0131ld\u0131. Aktarmal\u0131 bini\u015f \u00fccretleri ise tam: 1,65 TL\u2019den 1,85 TL\u2019ye, \u00f6\u011frenci: 0,50 TL\u2019den 0,55 TL\u2019ye, sosyal Kart: 0,95 TL\u2019den 1,10 TL\u2019ye y\u00fckseltildi.<\/p>\n<p>Ayl\u0131k Mavi Kart \u00fccretleri de tam 185 TL\u2019den 205 TL\u2019ye, \u00f6\u011frenci 80 TL\u2019den 85 TL\u2019ye sosyal kart 110 TL\u2019den 125 TL\u2019ye \u00e7\u0131kar\u0131ld\u0131. Yap\u0131lan d\u00fczenleme ile tam i\u00e7in 180, \u00f6\u011frenci ve indirimli gruplar i\u00e7in 200 bini\u015f hakk\u0131n\u0131n tamam\u0131yla kullan\u0131lmas\u0131 durumunda kont\u00f6rl\u00fc yolculuklara g\u00f6re Ayl\u0131k Mavi Kart fiyat avantaj\u0131 sa\u011flayaca\u011f\u0131 bildirildi.<\/p>\n","protected":false},"excerpt":{"rendered":"<p>\u0130stanbul&#8217;da toplu ula\u015f\u0131m ara\u00e7lar\u0131na yar\u0131ndan itibaren ge\u00e7erli olacak \u015fekilde zam yap\u0131ld\u0131. \u0130stanbul&#8217;da toplu ula\u015f\u0131m ara\u00e7lar\u0131nda ge\u00e7erli olan \u00fccret tarifesi yeniden d\u00fczenlendi. 1 Temmuz 2017 Cumartesi g\u00fcn\u00fc uygulamaya konacak yeni \u00fccret tarifesiyle tam bilet 2,60 TL, \u00f6\u011frenci bileti 1,25 TL, indirimli bilet ise 1,85 TL oldu. \u0130stanbul B\u00fcy\u00fck\u015fehir Belediyesi Ula\u015f\u0131m Koordinasyon Merkezi\u2019nin (UKOME) karar\u0131yla \u0130ETT, Otob\u00fcs [&hellip;]<\/p>\n","protected":false},"author":12791,"featured_media":104498,"comment_status":"closed","ping_status":"open","sticky":false,"template":"","format":"standard","meta":{"_yoast_wpseo_focuskw":"","_yoast_wpseo_title":"","_yoast_wpseo_metadesc":"","_bbp_topic_count":0,"_bbp_reply_count":0,"_bbp_total_topic_count":0,"_bbp_total_reply_count":0,"_bbp_voice_count":0,"_bbp_anonymous_reply_count":0,"_bbp_topic_count_hidden":0,"_bbp_reply_count_hidden":0,"_bbp_forum_subforum_count":0,"footnotes":"","_yoast_wpseo_focuskw_text_input":""},"categories":[1,37],"tags":[],"yoast_head":"<!-- This site is optimized with the Yoast SEO plugin v23.0 - https:\/\/yoast.com\/wordpress\/plugins\/seo\/ -->\n<title>\u0130stanbul&#039;da Toplu Ula\u015f\u0131m \u00dccretlerine Zam Geldi - The Epoch Times TR<\/title>\n<meta name=\"robots\" content=\"index, follow, max-snippet:-1, max-image-preview:large, max-video-preview:-1\" \/>\n<link rel=\"canonical\" href=\"https:\/\/epochtimestr.com\/index.php\/istanbulda-toplu-ulasim-ucretlerine-zam-geldi\" \/>\n<meta property=\"og:locale\" content=\"tr_TR\" \/>\n<meta property=\"og:type\" content=\"article\" \/>\n<meta property=\"og:title\" content=\"\u0130stanbul&#039;da Toplu Ula\u015f\u0131m \u00dccretlerine Zam Geldi - The Epoch Times TR\" \/>\n<meta property=\"og:description\" content=\"\u0130stanbul&#8217;da toplu ula\u015f\u0131m ara\u00e7lar\u0131na yar\u0131ndan itibaren ge\u00e7erli olacak \u015fekilde zam yap\u0131ld\u0131. \u0130stanbul&#8217;da toplu ula\u015f\u0131m ara\u00e7lar\u0131nda ge\u00e7erli olan \u00fccret tarifesi yeniden d\u00fczenlendi. 1 Temmuz 2017 Cumartesi g\u00fcn\u00fc uygulamaya konacak yeni \u00fccret tarifesiyle tam bilet 2,60 TL, \u00f6\u011frenci bileti 1,25 TL, indirimli bilet ise 1,85 TL oldu. \u0130stanbul B\u00fcy\u00fck\u015fehir Belediyesi Ula\u015f\u0131m Koordinasyon Merkezi\u2019nin (UKOME) karar\u0131yla \u0130ETT, Otob\u00fcs [&hellip;]\" \/>\n<meta property=\"og:url\" content=\"https:\/\/epochtimestr.com\/index.php\/istanbulda-toplu-ulasim-ucretlerine-zam-geldi\" \/>\n<meta property=\"og:site_name\" content=\"The Epoch Times TR\" \/>\n<meta property=\"article:publisher\" content=\"https:\/\/www.facebook.com\/theepochtimestr\" \/>\n<meta property=\"article:published_time\" content=\"2017-06-30T17:36:05+00:00\" \/>\n<meta property=\"og:image\" content=\"https:\/\/epochtimestr.com\/wp-content\/uploads\/2011y\/otob\u00fcs-3.jpg\" \/>\n\t<meta property=\"og:image:width\" content=\"664\" \/>\n\t<meta property=\"og:image:height\" content=\"354\" \/>\n\t<meta property=\"og:image:type\" content=\"image\/jpeg\" \/>\n<meta name=\"author\" content=\"Haber Merkezi\" \/>\n<meta name=\"twitter:card\" content=\"summary_large_image\" \/>\n<meta name=\"twitter:creator\" content=\"@TheEpochTimesTR\" \/>\n<meta name=\"twitter:site\" content=\"@TheEpochTimesTR\" \/>\n<meta name=\"twitter:label1\" content=\"Yazan:\" \/>\n\t<meta name=\"twitter:data1\" content=\"Haber Merkezi\" \/>\n\t<meta name=\"twitter:label2\" content=\"Tahmini okuma s\u00fcresi\" \/>\n\t<meta name=\"twitter:data2\" content=\"1 dakika\" \/>\n<script type=\"application\/ld+json\" class=\"yoast-schema-graph\">{\"@context\":\"https:\/\/schema.org\",\"@graph\":[{\"@type\":\"Article\",\"@id\":\"https:\/\/epochtimestr.com\/index.php\/istanbulda-toplu-ulasim-ucretlerine-zam-geldi#article\",\"isPartOf\":{\"@id\":\"https:\/\/epochtimestr.com\/index.php\/istanbulda-toplu-ulasim-ucretlerine-zam-geldi\"},\"author\":{\"name\":\"Haber Merkezi\",\"@id\":\"https:\/\/epochtimestr.com\/#\/schema\/person\/3dc5c3adeb9f43923c5aa85889172fdd\"},\"headline\":\"\u0130stanbul&#8217;da Toplu Ula\u015f\u0131m \u00dccretlerine Zam Geldi\",\"datePublished\":\"2017-06-30T17:36:05+00:00\",\"dateModified\":\"2017-06-30T17:36:05+00:00\",\"mainEntityOfPage\":{\"@id\":\"https:\/\/epochtimestr.com\/index.php\/istanbulda-toplu-ulasim-ucretlerine-zam-geldi\"},\"wordCount\":274,\"publisher\":{\"@id\":\"https:\/\/epochtimestr.com\/#organization\"},\"image\":{\"@id\":\"https:\/\/epochtimestr.com\/index.php\/istanbulda-toplu-ulasim-ucretlerine-zam-geldi#primaryimage\"},\"thumbnailUrl\":\"https:\/\/epochtimestr.com\/wp-content\/uploads\/2011y\/otob\u00fcs-3.jpg\",\"articleSection\":[\"G\u00dcNDEM\",\"T\u00dcRK\u0130YE\"],\"inLanguage\":\"tr\"},{\"@type\":\"WebPage\",\"@id\":\"https:\/\/epochtimestr.com\/index.php\/istanbulda-toplu-ulasim-ucretlerine-zam-geldi\",\"url\":\"https:\/\/epochtimestr.com\/index.php\/istanbulda-toplu-ulasim-ucretlerine-zam-geldi\",\"name\":\"\u0130stanbul'da Toplu Ula\u015f\u0131m \u00dccretlerine Zam Geldi - The Epoch Times TR\",\"isPartOf\":{\"@id\":\"https:\/\/epochtimestr.com\/#website\"},\"primaryImageOfPage\":{\"@id\":\"https:\/\/epochtimestr.com\/index.php\/istanbulda-toplu-ulasim-ucretlerine-zam-geldi#primaryimage\"},\"image\":{\"@id\":\"https:\/\/epochtimestr.com\/index.php\/istanbulda-toplu-ulasim-ucretlerine-zam-geldi#primaryimage\"},\"thumbnailUrl\":\"https:\/\/epochtimestr.com\/wp-content\/uploads\/2011y\/otob\u00fcs-3.jpg\",\"datePublished\":\"2017-06-30T17:36:05+00:00\",\"dateModified\":\"2017-06-30T17:36:05+00:00\",\"inLanguage\":\"tr\",\"potentialAction\":[{\"@type\":\"ReadAction\",\"target\":[\"https:\/\/epochtimestr.com\/index.php\/istanbulda-toplu-ulasim-ucretlerine-zam-geldi\"]}]},{\"@type\":\"ImageObject\",\"inLanguage\":\"tr\",\"@id\":\"https:\/\/epochtimestr.com\/index.php\/istanbulda-toplu-ulasim-ucretlerine-zam-geldi#primaryimage\",\"url\":\"https:\/\/epochtimestr.com\/wp-content\/uploads\/2011y\/otob\u00fcs-3.jpg\",\"contentUrl\":\"https:\/\/epochtimestr.com\/wp-content\/uploads\/2011y\/otob\u00fcs-3.jpg\",\"width\":664,\"height\":354},{\"@type\":\"WebSite\",\"@id\":\"https:\/\/epochtimestr.com\/#website\",\"url\":\"https:\/\/epochtimestr.com\/\",\"name\":\"The Epoch Times TR\",\"description\":\"De\u011fi\u015fen D\u00fcnyam\u0131za Taze Bir Bak\u0131\u015f\",\"publisher\":{\"@id\":\"https:\/\/epochtimestr.com\/#organization\"},\"potentialAction\":[{\"@type\":\"SearchAction\",\"target\":{\"@type\":\"EntryPoint\",\"urlTemplate\":\"https:\/\/epochtimestr.com\/?s={search_term_string}\"},\"query-input\":\"required name=search_term_string\"}],\"inLanguage\":\"tr\"},{\"@type\":\"Organization\",\"@id\":\"https:\/\/epochtimestr.com\/#organization\",\"name\":\"The EpochTimes T\u00fcrkiye\",\"url\":\"https:\/\/epochtimestr.com\/\",\"logo\":{\"@type\":\"ImageObject\",\"inLanguage\":\"tr\",\"@id\":\"https:\/\/epochtimestr.com\/#\/schema\/logo\/image\/\",\"url\":\"https:\/\/epochtimestr.com\/wp-content\/uploads\/2011y\/ET-Logo-YG.jpg\",\"contentUrl\":\"https:\/\/epochtimestr.com\/wp-content\/uploads\/2011y\/ET-Logo-YG.jpg\",\"width\":346,\"height\":29,\"caption\":\"The EpochTimes T\u00fcrkiye\"},\"image\":{\"@id\":\"https:\/\/epochtimestr.com\/#\/schema\/logo\/image\/\"},\"sameAs\":[\"https:\/\/www.facebook.com\/theepochtimestr\",\"https:\/\/x.com\/TheEpochTimesTR\",\"https:\/\/www.instagram.com\/epochtimestr\"]},{\"@type\":\"Person\",\"@id\":\"https:\/\/epochtimestr.com\/#\/schema\/person\/3dc5c3adeb9f43923c5aa85889172fdd\",\"name\":\"Haber Merkezi\",\"image\":{\"@type\":\"ImageObject\",\"inLanguage\":\"tr\",\"@id\":\"https:\/\/epochtimestr.com\/#\/schema\/person\/image\/\",\"url\":\"https:\/\/secure.gravatar.com\/avatar\/d73f772ba5a74f28601361e17c2f93e6?s=96&d=mm&r=g\",\"contentUrl\":\"https:\/\/secure.gravatar.com\/avatar\/d73f772ba5a74f28601361e17c2f93e6?s=96&d=mm&r=g\",\"caption\":\"Haber Merkezi\"},\"url\":\"https:\/\/epochtimestr.com\/index.php\/author\/sendag\"}]}<\/script>\n<!-- \/ Yoast SEO plugin. -->","yoast_head_json":{"title":"\u0130stanbul'da Toplu Ula\u015f\u0131m \u00dccretlerine Zam Geldi - The Epoch Times TR","robots":{"index":"index","follow":"follow","max-snippet":"max-snippet:-1","max-image-preview":"max-image-preview:large","max-video-preview":"max-video-preview:-1"},"canonical":"https:\/\/epochtimestr.com\/index.php\/istanbulda-toplu-ulasim-ucretlerine-zam-geldi","og_locale":"tr_TR","og_type":"article","og_title":"\u0130stanbul'da Toplu Ula\u015f\u0131m \u00dccretlerine Zam Geldi - The Epoch Times TR","og_description":"\u0130stanbul&#8217;da toplu ula\u015f\u0131m ara\u00e7lar\u0131na yar\u0131ndan itibaren ge\u00e7erli olacak \u015fekilde zam yap\u0131ld\u0131. \u0130stanbul&#8217;da toplu ula\u015f\u0131m ara\u00e7lar\u0131nda ge\u00e7erli olan \u00fccret tarifesi yeniden d\u00fczenlendi. 1 Temmuz 2017 Cumartesi g\u00fcn\u00fc uygulamaya konacak yeni \u00fccret tarifesiyle tam bilet 2,60 TL, \u00f6\u011frenci bileti 1,25 TL, indirimli bilet ise 1,85 TL oldu. \u0130stanbul B\u00fcy\u00fck\u015fehir Belediyesi Ula\u015f\u0131m Koordinasyon Merkezi\u2019nin (UKOME) karar\u0131yla \u0130ETT, Otob\u00fcs [&hellip;]","og_url":"https:\/\/epochtimestr.com\/index.php\/istanbulda-toplu-ulasim-ucretlerine-zam-geldi","og_site_name":"The Epoch Times TR","article_publisher":"https:\/\/www.facebook.com\/theepochtimestr","article_published_time":"2017-06-30T17:36:05+00:00","og_image":[{"width":664,"height":354,"url":"https:\/\/epochtimestr.com\/wp-content\/uploads\/2011y\/otob\u00fcs-3.jpg","type":"image\/jpeg"}],"author":"Haber Merkezi","twitter_card":"summary_large_image","twitter_creator":"@TheEpochTimesTR","twitter_site":"@TheEpochTimesTR","twitter_misc":{"Yazan:":"Haber Merkezi","Tahmini okuma s\u00fcresi":"1 dakika"},"schema":{"@context":"https:\/\/schema.org","@graph":[{"@type":"Article","@id":"https:\/\/epochtimestr.com\/index.php\/istanbulda-toplu-ulasim-ucretlerine-zam-geldi#article","isPartOf":{"@id":"https:\/\/epochtimestr.com\/index.php\/istanbulda-toplu-ulasim-ucretlerine-zam-geldi"},"author":{"name":"Haber Merkezi","@id":"https:\/\/epochtimestr.com\/#\/schema\/person\/3dc5c3adeb9f43923c5aa85889172fdd"},"headline":"\u0130stanbul&#8217;da Toplu Ula\u015f\u0131m \u00dccretlerine Zam Geldi","datePublished":"2017-06-30T17:36:05+00:00","dateModified":"2017-06-30T17:36:05+00:00","mainEntityOfPage":{"@id":"https:\/\/epochtimestr.com\/index.php\/istanbulda-toplu-ulasim-ucretlerine-zam-geldi"},"wordCount":274,"publisher":{"@id":"https:\/\/epochtimestr.com\/#organization"},"image":{"@id":"https:\/\/epochtimestr.com\/index.php\/istanbulda-toplu-ulasim-ucretlerine-zam-geldi#primaryimage"},"thumbnailUrl":"https:\/\/epochtimestr.com\/wp-content\/uploads\/2011y\/otob\u00fcs-3.jpg","articleSection":["G\u00dcNDEM","T\u00dcRK\u0130YE"],"inLanguage":"tr"},{"@type":"WebPage","@id":"https:\/\/epochtimestr.com\/index.php\/istanbulda-toplu-ulasim-ucretlerine-zam-geldi","url":"https:\/\/epochtimestr.com\/index.php\/istanbulda-toplu-ulasim-ucretlerine-zam-geldi","name":"\u0130stanbul'da Toplu Ula\u015f\u0131m \u00dccretlerine Zam Geldi - The Epoch Times TR","isPartOf":{"@id":"https:\/\/epochtimestr.com\/#website"},"primaryImageOfPage":{"@id":"https:\/\/epochtimestr.com\/index.php\/istanbulda-toplu-ulasim-ucretlerine-zam-geldi#primaryimage"},"image":{"@id":"https:\/\/epochtimestr.com\/index.php\/istanbulda-toplu-ulasim-ucretlerine-zam-geldi#primaryimage"},"thumbnailUrl":"https:\/\/epochtimestr.com\/wp-content\/uploads\/2011y\/otob\u00fcs-3.jpg","datePublished":"2017-06-30T17:36:05+00:00","dateModified":"2017-06-30T17:36:05+00:00","inLanguage":"tr","potentialAction":[{"@type":"ReadAction","target":["https:\/\/epochtimestr.com\/index.php\/istanbulda-toplu-ulasim-ucretlerine-zam-geldi"]}]},{"@type":"ImageObject","inLanguage":"tr","@id":"https:\/\/epochtimestr.com\/index.php\/istanbulda-toplu-ulasim-ucretlerine-zam-geldi#primaryimage","url":"https:\/\/epochtimestr.com\/wp-content\/uploads\/2011y\/otob\u00fcs-3.jpg","contentUrl":"https:\/\/epochtimestr.com\/wp-content\/uploads\/2011y\/otob\u00fcs-3.jpg","width":664,"height":354},{"@type":"WebSite","@id":"https:\/\/epochtimestr.com\/#website","url":"https:\/\/epochtimestr.com\/","name":"The Epoch Times TR","description":"De\u011fi\u015fen D\u00fcnyam\u0131za Taze Bir Bak\u0131\u015f","publisher":{"@id":"https:\/\/epochtimestr.com\/#organization"},"potentialAction":[{"@type":"SearchAction","target":{"@type":"EntryPoint","urlTemplate":"https:\/\/epochtimestr.com\/?s={search_term_string}"},"query-input":"required name=search_term_string"}],"inLanguage":"tr"},{"@type":"Organization","@id":"https:\/\/epochtimestr.com\/#organization","name":"The EpochTimes T\u00fcrkiye","url":"https:\/\/epochtimestr.com\/","logo":{"@type":"ImageObject","inLanguage":"tr","@id":"https:\/\/epochtimestr.com\/#\/schema\/logo\/image\/","url":"https:\/\/epochtimestr.com\/wp-content\/uploads\/2011y\/ET-Logo-YG.jpg","contentUrl":"https:\/\/epochtimestr.com\/wp-content\/uploads\/2011y\/ET-Logo-YG.jpg","width":346,"height":29,"caption":"The EpochTimes T\u00fcrkiye"},"image":{"@id":"https:\/\/epochtimestr.com\/#\/schema\/logo\/image\/"},"sameAs":["https:\/\/www.facebook.com\/theepochtimestr","https:\/\/x.com\/TheEpochTimesTR","https:\/\/www.instagram.com\/epochtimestr"]},{"@type":"Person","@id":"https:\/\/epochtimestr.com\/#\/schema\/person\/3dc5c3adeb9f43923c5aa85889172fdd","name":"Haber Merkezi","image":{"@type":"ImageObject","inLanguage":"tr","@id":"https:\/\/epochtimestr.com\/#\/schema\/person\/image\/","url":"https:\/\/secure.gravatar.com\/avatar\/d73f772ba5a74f28601361e17c2f93e6?s=96&d=mm&r=g","contentUrl":"https:\/\/secure.gravatar.com\/avatar\/d73f772ba5a74f28601361e17c2f93e6?s=96&d=mm&r=g","caption":"Haber Merkezi"},"url":"https:\/\/epochtimestr.com\/index.php\/author\/sendag"}]}},"_links":{"self":[{"href":"https:\/\/epochtimestr.com\/index.php\/wp-json\/wp\/v2\/posts\/104497"}],"collection":[{"href":"https:\/\/epochtimestr.com\/index.php\/wp-json\/wp\/v2\/posts"}],"about":[{"href":"https:\/\/epochtimestr.com\/index.php\/wp-json\/wp\/v2\/types\/post"}],"author":[{"embeddable":true,"href":"https:\/\/epochtimestr.com\/index.php\/wp-json\/wp\/v2\/users\/12791"}],"replies":[{"embeddable":true,"href":"https:\/\/epochtimestr.com\/index.php\/wp-json\/wp\/v2\/comments?post=104497"}],"version-history":[{"count":1,"href":"https:\/\/epochtimestr.com\/index.php\/wp-json\/wp\/v2\/posts\/104497\/revisions"}],"predecessor-version":[{"id":104499,"href":"https:\/\/epochtimestr.com\/index.php\/wp-json\/wp\/v2\/posts\/104497\/revisions\/104499"}],"wp:featuredmedia":[{"embeddable":true,"href":"https:\/\/epochtimestr.com\/index.php\/wp-json\/wp\/v2\/media\/104498"}],"wp:attachment":[{"href":"https:\/\/epochtimestr.com\/index.php\/wp-json\/wp\/v2\/media?parent=104497"}],"wp:term":[{"taxonomy":"category","embeddable":true,"href":"https:\/\/epochtimestr.com\/index.php\/wp-json\/wp\/v2\/categories?post=104497"},{"taxonomy":"post_tag","embeddable":true,"href":"https:\/\/epochtimestr.com\/index.php\/wp-json\/wp\/v2\/tags?post=104497"}],"curies":[{"name":"wp","href":"https:\/\/api.w.org\/{rel}","templated":true}]}}