{"id":105660,"date":"2017-08-04T16:29:08","date_gmt":"2017-08-04T13:29:08","guid":{"rendered":"http:\/\/epochtimestr.com\/?p=105660"},"modified":"2017-08-04T16:29:08","modified_gmt":"2017-08-04T13:29:08","slug":"akin-ozturkun-itirafi","status":"publish","type":"post","link":"https:\/\/epochtimestr.com\/index.php\/akin-ozturkun-itirafi","title":{"rendered":"Ak\u0131n \u00d6zt\u00fcrk&#8217;\u00fcn \u0130tiraf\u0131"},"content":{"rendered":"<figure id=\"attachment_105661\" aria-describedby=\"caption-attachment-105661\" style=\"width: 600px\" class=\"wp-caption aligncenter\"><img loading=\"lazy\" decoding=\"async\" class=\"wp-image-105661 size-large\" src=\"https:\/\/epochtimestr.com\/wp-content\/uploads\/2011y\/2080591-600x320.jpg\" alt=\"\" width=\"600\" height=\"320\" srcset=\"https:\/\/epochtimestr.com\/wp-content\/uploads\/2011y\/2080591-600x320.jpg 600w, https:\/\/epochtimestr.com\/wp-content\/uploads\/2011y\/2080591-150x80.jpg 150w, https:\/\/epochtimestr.com\/wp-content\/uploads\/2011y\/2080591-300x160.jpg 300w, https:\/\/epochtimestr.com\/wp-content\/uploads\/2011y\/2080591-292x156.jpg 292w, https:\/\/epochtimestr.com\/wp-content\/uploads\/2011y\/2080591-638x340.jpg 638w, https:\/\/epochtimestr.com\/wp-content\/uploads\/2011y\/2080591-190x100.jpg 190w, https:\/\/epochtimestr.com\/wp-content\/uploads\/2011y\/2080591-629x335.jpg 629w, https:\/\/epochtimestr.com\/wp-content\/uploads\/2011y\/2080591.jpg 664w\" sizes=\"(max-width: 600px) 100vw, 600px\" \/><figcaption id=\"caption-attachment-105661\" class=\"wp-caption-text\">Foto\u011fraf:\u0130HA<\/figcaption><\/figure>\n<p>15 Temmuz 2016&#8217;daki darbe giri\u015fiminin komuta merkezi olan Ak\u0131nc\u0131 \u00dcss\u00fc&#8217;ndeki eylemlere ili\u015fkin davada yarg\u0131lanan eski Hava Kuvvetleri Komutan\u0131 Orgeneral Ak\u0131n \u00d6zt\u00fcrk, darbe giri\u015fimi ile bir alakas\u0131n\u0131n bulunmad\u0131\u011f\u0131n\u0131 \u00f6ne s\u00fcrerek, &#8220;Ke\u015fke \u00f6lseydim de bu durum ile kar\u015f\u0131 kar\u015f\u0131ya kalmasayd\u0131m&#8221; dedi.<\/p>\n<p>Ankara 4. A\u011f\u0131r Ceza Mahkemesince Sincan Cezaevi Kamp\u00fcs\u00fc&#8217;ndeki duru\u015fma salonunda g\u00f6r\u00fclen davan\u0131n \u00f6\u011fleden sonraki k\u0131sm\u0131nda eski Hava Kuvvetleri Komutan\u0131 Orgeneral Ak\u0131n \u00d6zt\u00fcrk&#8217;\u00fcn savunmas\u0131 al\u0131nd\u0131. \u00d6zt\u00fcrk, 1970 y\u0131l\u0131nda askerlik yeminini yaparak mavi \u00fcniformas\u0131n\u0131 giydi\u011fini belirterek, 46 y\u0131ll\u0131k g\u00f6rev hayat\u0131 boyunca bayrak, vatan, cumhuriyet u\u011fruna seve seve can\u0131n\u0131 feda edece\u011fine dair etti\u011fi yemine hep ba\u011fl\u0131 kald\u0131\u011f\u0131n\u0131 \u00f6ne s\u00fcrd\u00fc. Halen bu yemininden vazge\u00e7medi\u011fini s\u00f6yleyen \u00d6zt\u00fcrk, duygu ve d\u00fc\u015f\u00fcncelerinde herhangi bir de\u011fi\u015fiklik olmad\u0131\u011f\u0131n\u0131 kaydetti. \u00d6zt\u00fcrk, ger\u00e7ekle\u015ftirilen hain darbe giri\u015fimiyle ili\u015fkilendirilerek yarg\u0131lanman\u0131n kendisine d\u00fcnyada verilecek en b\u00fcy\u00fck ceza oldu\u011funu belirterek, &#8220;46 y\u0131l\u0131n\u0131 \u00fcniformas\u0131n\u0131n i\u00e7inde ge\u00e7iren bir asker i\u00e7in bundan daha k\u00f6t\u00fc ne olabilir? Bu r\u00fctbe ve ya\u015fa gelmi\u015f bir asker olarak silah arkada\u015flar\u0131ma, devletimin kurumlar\u0131na silah do\u011frultacak biri de\u011filim. Bu hain darbe giri\u015fimi ile hi\u00e7bir ilgim yoktur. 46 y\u0131ll\u0131k pilotluk hayat\u0131m boyunca defalarca \u00f6l\u00fcmle burun buruna geldim. \u00c7o\u011fu zaman sa\u011f kald\u0131\u011f\u0131m i\u00e7in yeri \u00f6pt\u00fc\u011f\u00fcm olmu\u015ftur. \u015eimdi ke\u015fke \u00f6lseydim de bu durum ile kar\u015f\u0131 kar\u015f\u0131ya kalmasayd\u0131m&#8221; diye konu\u015ftu.<\/p>\n<p><strong>\u015eehit yak\u0131nlar\u0131 ve gazilerden \u00d6zt\u00fcrk&#8217;e tepki<\/strong><br \/>\n15 Temmuz&#8217;un bir ger\u00e7ek oldu\u011funu ifade eden \u00d6zt\u00fcrk, darbe te\u015febb\u00fcs\u00fc ile T\u00fcrkiye&#8217;nin ve milletin bir travma ya\u015famas\u0131na neden olan \u00e7ok \u00fcz\u00fcc\u00fc olaylar\u0131n ya\u015fand\u0131\u011f\u0131n\u0131 s\u00f6yledi. \u00d6zt\u00fcrk&#8217;\u00fcn savunmas\u0131na m\u00fc\u015fteki s\u0131ralar\u0131nda oturan \u015fehit yak\u0131nlar\u0131 ve gaziler tepki g\u00f6sterdi. Mahkeme Ba\u015fkan\u0131 Selfet Giray, \u0131sl\u0131k \u00e7alan bir vatanda\u015f\u0131n salondan \u00e7\u0131kar\u0131lmas\u0131n\u0131 istedi.<br \/>\nDarbe giri\u015fiminin y\u00f6neticilerinden olmad\u0131\u011f\u0131n\u0131 \u00f6ne s\u00fcren \u00d6zt\u00fcrk, alg\u0131 operasyonu yap\u0131larak kendisinin hedef g\u00f6sterildi\u011fini iddia etti. \u00d6zt\u00fcrk, 6-7-8-9 Temmuz 2016 tarihlerinde Ankara \u00c7ukurambar&#8217;da darbecilerle toplant\u0131 yapt\u0131\u011f\u0131 iddialar\u0131n\u0131 reddederek, itiraf\u00e7\u0131 konumundaki &#8220;\u015eapka&#8221; ve &#8220;Kuzgun&#8221;un bu y\u00f6ndeki beyanlar\u0131n\u0131 kabul etmedi. Bir ba\u015fka ki\u015fi taraf\u0131ndan PKK&#8217;l\u0131 oldu\u011fu y\u00f6n\u00fcnde iddialar\u0131n da ortaya at\u0131ld\u0131\u011f\u0131n\u0131 ifade eden \u00d6zt\u00fcrk, bu t\u00fcr s\u00f6ylemlerle lin\u00e7 kampanyas\u0131n\u0131n devam ettirildi\u011fini savundu.<br \/>\n\u0130zmir&#8217;de askeri kampta oldu\u011funu, e\u015finin rahats\u0131zl\u0131\u011f\u0131ndan dolay\u0131 Ankara&#8217;ya geldi\u011fini iddia eden \u00d6zt\u00fcrk, &#8220;Koruma subay\u0131m \u0130smail Keskin yoldan beni arayarak &#8216;Komutan\u0131m, Genelkurmay&#8217;a sald\u0131r\u0131 olmu\u015f&#8217; demesi \u00fczerine onu yoldan geri \u00e7a\u011f\u0131rd\u0131m. Ne oluyor diye sordu\u011fumda kendisinin de bir bilgisinin olmad\u0131\u011f\u0131n\u0131, bir mesaj geldi\u011fini s\u00f6yledi. Hava Kuvvetleri nizamiyesini arad\u0131\u011f\u0131nda ise silah sesleri duydu\u011funu s\u00f6ylemesi \u00fczerine Hava Kuvvetleri Harekat Merkezini aramas\u0131n\u0131 istedim ancak ula\u015f\u0131lamad\u0131. Hava Kuvvetleri Genel Sekreterini arad\u0131m, bunda da ba\u015far\u0131l\u0131 olamay\u0131nca Genelkurmay Harekat Merkezini aratt\u0131rd\u0131m. Telefondaki ki\u015finin olayla ilgili bir bilgisinin olmad\u0131\u011f\u0131n\u0131, Mehmet Partig\u00f6\u00e7 ile konu\u015fulmas\u0131 gerekti\u011fini \u0130smail&#8217;e s\u00f6ylemesi \u00fczerine Partig\u00f6\u00e7&#8217;\u00fc aramas\u0131n\u0131 istedim. Telefona \u00e7\u0131kan emir astsubay\u0131 Partig\u00f6\u00e7&#8217;\u00fcn yan\u0131nda olmad\u0131\u011f\u0131n\u0131, komutan\u0131n Ak\u0131nc\u0131 \u00dcss\u00fc&#8217;ne g\u00f6t\u00fcr\u00fcld\u00fc\u011f\u00fcn\u00fc beyan etti&#8221; ifadelerini kulland\u0131.<\/p>\n<p><strong>&#8220;Bunlar bu i\u015fi yapt\u0131lar, bunlarla konu\u015f, onlar\u0131 ikna et, darbeye kalk\u0131\u015f\u0131yorlar&#8221;<\/strong><br \/>\n\u00d6zt\u00fcrk, saat 23.30 s\u0131ralar\u0131nda Hava Kuvvetleri Komutan\u0131 Orgeneral Abidin \u00dcnal&#8217;\u0131n kendisini arad\u0131\u011f\u0131n\u0131 aktararak \u015funlar\u0131 kaydetti:<br \/>\n&#8220;Abid\u00fcn \u00dcnal beni arayarak &#8216;A\u011fabey, Ankara&#8217;da u\u00e7aklar havalanm\u0131\u015f ne oluyor \u00f6\u011frenip bana aktar\u0131r m\u0131s\u0131n?&#8217; diye rica edince Ak\u0131nc\u0131 \u00dcss\u00fc&#8217;n\u00fc arad\u0131m. Kubilay Sel\u00e7uk \u00e7\u0131kt\u0131 telefona ve &#8216;Komutan\u0131m, operasyon var&#8217; dedi. Benim ona ne operasyonu oldu\u011funu sormam \u00fczerine, &#8216;Komutan\u0131m da burada sizi bekliyor&#8217; cevab\u0131n\u0131 verdi. Bu s\u00f6zler \u00fczerine de Ak\u0131nc\u0131 \u00dcss\u00fc&#8217;ne gittim ve karargah binas\u0131na ge\u00e7tim. \u0130\u00e7eride Kubilay Sel\u00e7uk, \u00d6mer Faruk Harmanc\u0131k ve Mehmet Di\u015fli vard\u0131. Orgeneral Akar&#8217;\u0131n yan\u0131na gittim &#8216;Hay\u0131rd\u0131r Komutan\u0131m?&#8217; diye sordum. Akar, bu sorumdan sonra bana hitaben odada bulunanlar\u0131 g\u00f6stererek, &#8216;Bunlar bu i\u015fi yapt\u0131lar, bunlarla konu\u015f, onlar\u0131 ikna et, darbeye kalk\u0131\u015f\u0131yorlar&#8217; demesiyle olay\u0131 \u00f6\u011frendim. Bir s\u00fcre TV&#8217;den olaylar\u0131 takip ettikten sonra Akar&#8217;\u0131n iste\u011fiyle darbecileri ikna etmek i\u00e7in 143. Filoya gittim. Orada \u00e7ok say\u0131da silahl\u0131, tam te\u00e7hizatl\u0131 personel vard\u0131. Ben direkt komutanlar\u0131n bulundu\u011fu gazino binas\u0131na gittim. Orada Kubilay Sel\u00e7uk, \u00d6mer Faruk Harmanc\u0131k ve irili ufakl\u0131 r\u00fctbedeki askerler vard\u0131. Genelkurmay Ba\u015fkan\u0131ndan alm\u0131\u015f oldu\u011fum talimatla onlara bu i\u015fin yanl\u0131\u015f oldu\u011funu s\u00f6yledim. Onlardaki kararl\u0131l\u0131\u011f\u0131 g\u00f6r\u00fcnce komutan\u0131n yan\u0131na geri d\u00f6nd\u00fcm. Ben kimin ne oldu\u011funu bilemedi\u011fim i\u00e7in m\u00fclayim bir \u015fekilde onlarla konu\u015ftum.&#8221;<!-- Admatic inpage x Ad Code START --><\/p>\n<p><strong>&#8220;Ba\u015fkas\u0131n\u0131n pantolonu, ba\u015fkas\u0131n\u0131n g\u00f6mle\u011fini giydim&#8221;<br \/>\n<\/strong> \u00d6zt\u00fcrk, bu olaylar esnas\u0131nda sivil k\u0131yafetli oldu\u011funu, emir astsubay\u0131ndan \u00fcniformas\u0131n\u0131 getirmesini istedi\u011fini aktard\u0131. Emir astsubay\u0131n\u0131n d\u0131\u015far\u0131s\u0131n\u0131n m\u00fcsait olmad\u0131\u011f\u0131n\u0131 s\u00f6ylemesi \u00fczerine kendisinden bir \u00fcniforma bulmas\u0131n\u0131 istedi\u011fini anlatan \u00d6zt\u00fcrk, &#8220;Ba\u015fkas\u0131n\u0131n pantolonunu, ba\u015fkas\u0131n\u0131n g\u00f6mle\u011fini giydim. Pantolon k\u0131sa geldi. \u00dczerime uymayan k\u0131yafetle bir konsey liderli\u011fini yap\u0131yor durumday\u0131m. Ben haz\u0131rl\u0131kl\u0131 de\u011filim, demek ki bir elbise bile getirmemi\u015fim. Bu da benim haz\u0131rl\u0131kl\u0131 bir insan olmad\u0131\u011f\u0131m\u0131, bilgim olmad\u0131\u011f\u0131n\u0131 g\u00f6steriyor&#8221; \u015feklinde konu\u015ftu.<br \/>\nDavaya Ak\u0131n \u00d6zt\u00fcrk&#8217;\u00fcn savunmas\u0131yla devam ediliyor.<br \/>\n<strong>\u00a0<\/strong><\/p>\n<p><em>\u0130HA<\/em><\/p>\n","protected":false},"excerpt":{"rendered":"<p>15 Temmuz 2016&#8217;daki darbe giri\u015fiminin komuta merkezi olan Ak\u0131nc\u0131 \u00dcss\u00fc&#8217;ndeki eylemlere ili\u015fkin davada yarg\u0131lanan eski Hava Kuvvetleri Komutan\u0131 Orgeneral Ak\u0131n \u00d6zt\u00fcrk, darbe giri\u015fimi ile bir alakas\u0131n\u0131n bulunmad\u0131\u011f\u0131n\u0131 \u00f6ne s\u00fcrerek, &#8220;Ke\u015fke \u00f6lseydim de bu durum ile kar\u015f\u0131 kar\u015f\u0131ya kalmasayd\u0131m&#8221; dedi. Ankara 4. A\u011f\u0131r Ceza Mahkemesince Sincan Cezaevi Kamp\u00fcs\u00fc&#8217;ndeki duru\u015fma salonunda g\u00f6r\u00fclen davan\u0131n \u00f6\u011fleden sonraki k\u0131sm\u0131nda eski [&hellip;]<\/p>\n","protected":false},"author":12464,"featured_media":105661,"comment_status":"closed","ping_status":"open","sticky":false,"template":"","format":"standard","meta":{"_yoast_wpseo_focuskw":"","_yoast_wpseo_title":"","_yoast_wpseo_metadesc":"","_bbp_topic_count":0,"_bbp_reply_count":0,"_bbp_total_topic_count":0,"_bbp_total_reply_count":0,"_bbp_voice_count":0,"_bbp_anonymous_reply_count":0,"_bbp_topic_count_hidden":0,"_bbp_reply_count_hidden":0,"_bbp_forum_subforum_count":0,"footnotes":"","_yoast_wpseo_focuskw_text_input":""},"categories":[1,37],"tags":[6591],"yoast_head":"<!-- This site is optimized with the Yoast SEO plugin v23.0 - https:\/\/yoast.com\/wordpress\/plugins\/seo\/ -->\n<title>Ak\u0131n \u00d6zt\u00fcrk&#039;\u00fcn \u0130tiraf\u0131 - The Epoch Times TR<\/title>\n<meta name=\"robots\" content=\"index, follow, max-snippet:-1, max-image-preview:large, max-video-preview:-1\" \/>\n<link rel=\"canonical\" href=\"https:\/\/epochtimestr.com\/index.php\/akin-ozturkun-itirafi\" \/>\n<meta property=\"og:locale\" content=\"tr_TR\" \/>\n<meta property=\"og:type\" content=\"article\" \/>\n<meta property=\"og:title\" content=\"Ak\u0131n \u00d6zt\u00fcrk&#039;\u00fcn \u0130tiraf\u0131 - The Epoch Times TR\" \/>\n<meta property=\"og:description\" content=\"15 Temmuz 2016&#8217;daki darbe giri\u015fiminin komuta merkezi olan Ak\u0131nc\u0131 \u00dcss\u00fc&#8217;ndeki eylemlere ili\u015fkin davada yarg\u0131lanan eski Hava Kuvvetleri Komutan\u0131 Orgeneral Ak\u0131n \u00d6zt\u00fcrk, darbe giri\u015fimi ile bir alakas\u0131n\u0131n bulunmad\u0131\u011f\u0131n\u0131 \u00f6ne s\u00fcrerek, &#8220;Ke\u015fke \u00f6lseydim de bu durum ile kar\u015f\u0131 kar\u015f\u0131ya kalmasayd\u0131m&#8221; dedi. Ankara 4. A\u011f\u0131r Ceza Mahkemesince Sincan Cezaevi Kamp\u00fcs\u00fc&#8217;ndeki duru\u015fma salonunda g\u00f6r\u00fclen davan\u0131n \u00f6\u011fleden sonraki k\u0131sm\u0131nda eski [&hellip;]\" \/>\n<meta property=\"og:url\" content=\"https:\/\/epochtimestr.com\/index.php\/akin-ozturkun-itirafi\" \/>\n<meta property=\"og:site_name\" content=\"The Epoch Times TR\" \/>\n<meta property=\"article:publisher\" content=\"https:\/\/www.facebook.com\/theepochtimestr\" \/>\n<meta property=\"article:published_time\" content=\"2017-08-04T13:29:08+00:00\" \/>\n<meta property=\"og:image\" content=\"https:\/\/epochtimestr.com\/wp-content\/uploads\/2011y\/2080591.jpg\" \/>\n\t<meta property=\"og:image:width\" content=\"664\" \/>\n\t<meta property=\"og:image:height\" content=\"354\" \/>\n\t<meta property=\"og:image:type\" content=\"image\/jpeg\" \/>\n<meta name=\"author\" content=\"Dila \u015eeng\u00fcl\" \/>\n<meta name=\"twitter:card\" content=\"summary_large_image\" \/>\n<meta name=\"twitter:creator\" content=\"@TheEpochTimesTR\" \/>\n<meta name=\"twitter:site\" content=\"@TheEpochTimesTR\" \/>\n<meta name=\"twitter:label1\" content=\"Yazan:\" \/>\n\t<meta name=\"twitter:data1\" content=\"Dila \u015eeng\u00fcl\" \/>\n\t<meta name=\"twitter:label2\" content=\"Tahmini okuma s\u00fcresi\" \/>\n\t<meta name=\"twitter:data2\" content=\"5 dakika\" \/>\n<script type=\"application\/ld+json\" class=\"yoast-schema-graph\">{\"@context\":\"https:\/\/schema.org\",\"@graph\":[{\"@type\":\"Article\",\"@id\":\"https:\/\/epochtimestr.com\/index.php\/akin-ozturkun-itirafi#article\",\"isPartOf\":{\"@id\":\"https:\/\/epochtimestr.com\/index.php\/akin-ozturkun-itirafi\"},\"author\":{\"name\":\"Dila \u015eeng\u00fcl\",\"@id\":\"https:\/\/epochtimestr.com\/#\/schema\/person\/412e3e18fe3d446442ee7c2c11db0c47\"},\"headline\":\"Ak\u0131n \u00d6zt\u00fcrk&#8217;\u00fcn \u0130tiraf\u0131\",\"datePublished\":\"2017-08-04T13:29:08+00:00\",\"dateModified\":\"2017-08-04T13:29:08+00:00\",\"mainEntityOfPage\":{\"@id\":\"https:\/\/epochtimestr.com\/index.php\/akin-ozturkun-itirafi\"},\"wordCount\":1003,\"publisher\":{\"@id\":\"https:\/\/epochtimestr.com\/#organization\"},\"image\":{\"@id\":\"https:\/\/epochtimestr.com\/index.php\/akin-ozturkun-itirafi#primaryimage\"},\"thumbnailUrl\":\"https:\/\/epochtimestr.com\/wp-content\/uploads\/2011y\/2080591.jpg\",\"keywords\":[\"ak\u0131n \u00f6zt\u00fcrk\"],\"articleSection\":[\"G\u00dcNDEM\",\"T\u00dcRK\u0130YE\"],\"inLanguage\":\"tr\"},{\"@type\":\"WebPage\",\"@id\":\"https:\/\/epochtimestr.com\/index.php\/akin-ozturkun-itirafi\",\"url\":\"https:\/\/epochtimestr.com\/index.php\/akin-ozturkun-itirafi\",\"name\":\"Ak\u0131n \u00d6zt\u00fcrk'\u00fcn \u0130tiraf\u0131 - The Epoch Times TR\",\"isPartOf\":{\"@id\":\"https:\/\/epochtimestr.com\/#website\"},\"primaryImageOfPage\":{\"@id\":\"https:\/\/epochtimestr.com\/index.php\/akin-ozturkun-itirafi#primaryimage\"},\"image\":{\"@id\":\"https:\/\/epochtimestr.com\/index.php\/akin-ozturkun-itirafi#primaryimage\"},\"thumbnailUrl\":\"https:\/\/epochtimestr.com\/wp-content\/uploads\/2011y\/2080591.jpg\",\"datePublished\":\"2017-08-04T13:29:08+00:00\",\"dateModified\":\"2017-08-04T13:29:08+00:00\",\"inLanguage\":\"tr\",\"potentialAction\":[{\"@type\":\"ReadAction\",\"target\":[\"https:\/\/epochtimestr.com\/index.php\/akin-ozturkun-itirafi\"]}]},{\"@type\":\"ImageObject\",\"inLanguage\":\"tr\",\"@id\":\"https:\/\/epochtimestr.com\/index.php\/akin-ozturkun-itirafi#primaryimage\",\"url\":\"https:\/\/epochtimestr.com\/wp-content\/uploads\/2011y\/2080591.jpg\",\"contentUrl\":\"https:\/\/epochtimestr.com\/wp-content\/uploads\/2011y\/2080591.jpg\",\"width\":664,\"height\":354},{\"@type\":\"WebSite\",\"@id\":\"https:\/\/epochtimestr.com\/#website\",\"url\":\"https:\/\/epochtimestr.com\/\",\"name\":\"The Epoch Times TR\",\"description\":\"De\u011fi\u015fen D\u00fcnyam\u0131za Taze Bir Bak\u0131\u015f\",\"publisher\":{\"@id\":\"https:\/\/epochtimestr.com\/#organization\"},\"potentialAction\":[{\"@type\":\"SearchAction\",\"target\":{\"@type\":\"EntryPoint\",\"urlTemplate\":\"https:\/\/epochtimestr.com\/?s={search_term_string}\"},\"query-input\":\"required name=search_term_string\"}],\"inLanguage\":\"tr\"},{\"@type\":\"Organization\",\"@id\":\"https:\/\/epochtimestr.com\/#organization\",\"name\":\"The EpochTimes T\u00fcrkiye\",\"url\":\"https:\/\/epochtimestr.com\/\",\"logo\":{\"@type\":\"ImageObject\",\"inLanguage\":\"tr\",\"@id\":\"https:\/\/epochtimestr.com\/#\/schema\/logo\/image\/\",\"url\":\"https:\/\/epochtimestr.com\/wp-content\/uploads\/2011y\/ET-Logo-YG.jpg\",\"contentUrl\":\"https:\/\/epochtimestr.com\/wp-content\/uploads\/2011y\/ET-Logo-YG.jpg\",\"width\":346,\"height\":29,\"caption\":\"The EpochTimes T\u00fcrkiye\"},\"image\":{\"@id\":\"https:\/\/epochtimestr.com\/#\/schema\/logo\/image\/\"},\"sameAs\":[\"https:\/\/www.facebook.com\/theepochtimestr\",\"https:\/\/x.com\/TheEpochTimesTR\",\"https:\/\/www.instagram.com\/epochtimestr\"]},{\"@type\":\"Person\",\"@id\":\"https:\/\/epochtimestr.com\/#\/schema\/person\/412e3e18fe3d446442ee7c2c11db0c47\",\"name\":\"Dila \u015eeng\u00fcl\",\"image\":{\"@type\":\"ImageObject\",\"inLanguage\":\"tr\",\"@id\":\"https:\/\/epochtimestr.com\/#\/schema\/person\/image\/\",\"url\":\"https:\/\/secure.gravatar.com\/avatar\/96e2af9ac9b3efd03257d930e8b4a5d2?s=96&d=mm&r=g\",\"contentUrl\":\"https:\/\/secure.gravatar.com\/avatar\/96e2af9ac9b3efd03257d930e8b4a5d2?s=96&d=mm&r=g\",\"caption\":\"Dila \u015eeng\u00fcl\"},\"url\":\"https:\/\/epochtimestr.com\/index.php\/author\/dila\"}]}<\/script>\n<!-- \/ Yoast SEO plugin. -->","yoast_head_json":{"title":"Ak\u0131n \u00d6zt\u00fcrk'\u00fcn \u0130tiraf\u0131 - The Epoch Times TR","robots":{"index":"index","follow":"follow","max-snippet":"max-snippet:-1","max-image-preview":"max-image-preview:large","max-video-preview":"max-video-preview:-1"},"canonical":"https:\/\/epochtimestr.com\/index.php\/akin-ozturkun-itirafi","og_locale":"tr_TR","og_type":"article","og_title":"Ak\u0131n \u00d6zt\u00fcrk'\u00fcn \u0130tiraf\u0131 - The Epoch Times TR","og_description":"15 Temmuz 2016&#8217;daki darbe giri\u015fiminin komuta merkezi olan Ak\u0131nc\u0131 \u00dcss\u00fc&#8217;ndeki eylemlere ili\u015fkin davada yarg\u0131lanan eski Hava Kuvvetleri Komutan\u0131 Orgeneral Ak\u0131n \u00d6zt\u00fcrk, darbe giri\u015fimi ile bir alakas\u0131n\u0131n bulunmad\u0131\u011f\u0131n\u0131 \u00f6ne s\u00fcrerek, &#8220;Ke\u015fke \u00f6lseydim de bu durum ile kar\u015f\u0131 kar\u015f\u0131ya kalmasayd\u0131m&#8221; dedi. Ankara 4. A\u011f\u0131r Ceza Mahkemesince Sincan Cezaevi Kamp\u00fcs\u00fc&#8217;ndeki duru\u015fma salonunda g\u00f6r\u00fclen davan\u0131n \u00f6\u011fleden sonraki k\u0131sm\u0131nda eski [&hellip;]","og_url":"https:\/\/epochtimestr.com\/index.php\/akin-ozturkun-itirafi","og_site_name":"The Epoch Times TR","article_publisher":"https:\/\/www.facebook.com\/theepochtimestr","article_published_time":"2017-08-04T13:29:08+00:00","og_image":[{"width":664,"height":354,"url":"https:\/\/epochtimestr.com\/wp-content\/uploads\/2011y\/2080591.jpg","type":"image\/jpeg"}],"author":"Dila \u015eeng\u00fcl","twitter_card":"summary_large_image","twitter_creator":"@TheEpochTimesTR","twitter_site":"@TheEpochTimesTR","twitter_misc":{"Yazan:":"Dila \u015eeng\u00fcl","Tahmini okuma s\u00fcresi":"5 dakika"},"schema":{"@context":"https:\/\/schema.org","@graph":[{"@type":"Article","@id":"https:\/\/epochtimestr.com\/index.php\/akin-ozturkun-itirafi#article","isPartOf":{"@id":"https:\/\/epochtimestr.com\/index.php\/akin-ozturkun-itirafi"},"author":{"name":"Dila \u015eeng\u00fcl","@id":"https:\/\/epochtimestr.com\/#\/schema\/person\/412e3e18fe3d446442ee7c2c11db0c47"},"headline":"Ak\u0131n \u00d6zt\u00fcrk&#8217;\u00fcn \u0130tiraf\u0131","datePublished":"2017-08-04T13:29:08+00:00","dateModified":"2017-08-04T13:29:08+00:00","mainEntityOfPage":{"@id":"https:\/\/epochtimestr.com\/index.php\/akin-ozturkun-itirafi"},"wordCount":1003,"publisher":{"@id":"https:\/\/epochtimestr.com\/#organization"},"image":{"@id":"https:\/\/epochtimestr.com\/index.php\/akin-ozturkun-itirafi#primaryimage"},"thumbnailUrl":"https:\/\/epochtimestr.com\/wp-content\/uploads\/2011y\/2080591.jpg","keywords":["ak\u0131n \u00f6zt\u00fcrk"],"articleSection":["G\u00dcNDEM","T\u00dcRK\u0130YE"],"inLanguage":"tr"},{"@type":"WebPage","@id":"https:\/\/epochtimestr.com\/index.php\/akin-ozturkun-itirafi","url":"https:\/\/epochtimestr.com\/index.php\/akin-ozturkun-itirafi","name":"Ak\u0131n \u00d6zt\u00fcrk'\u00fcn \u0130tiraf\u0131 - The Epoch Times TR","isPartOf":{"@id":"https:\/\/epochtimestr.com\/#website"},"primaryImageOfPage":{"@id":"https:\/\/epochtimestr.com\/index.php\/akin-ozturkun-itirafi#primaryimage"},"image":{"@id":"https:\/\/epochtimestr.com\/index.php\/akin-ozturkun-itirafi#primaryimage"},"thumbnailUrl":"https:\/\/epochtimestr.com\/wp-content\/uploads\/2011y\/2080591.jpg","datePublished":"2017-08-04T13:29:08+00:00","dateModified":"2017-08-04T13:29:08+00:00","inLanguage":"tr","potentialAction":[{"@type":"ReadAction","target":["https:\/\/epochtimestr.com\/index.php\/akin-ozturkun-itirafi"]}]},{"@type":"ImageObject","inLanguage":"tr","@id":"https:\/\/epochtimestr.com\/index.php\/akin-ozturkun-itirafi#primaryimage","url":"https:\/\/epochtimestr.com\/wp-content\/uploads\/2011y\/2080591.jpg","contentUrl":"https:\/\/epochtimestr.com\/wp-content\/uploads\/2011y\/2080591.jpg","width":664,"height":354},{"@type":"WebSite","@id":"https:\/\/epochtimestr.com\/#website","url":"https:\/\/epochtimestr.com\/","name":"The Epoch Times TR","description":"De\u011fi\u015fen D\u00fcnyam\u0131za Taze Bir Bak\u0131\u015f","publisher":{"@id":"https:\/\/epochtimestr.com\/#organization"},"potentialAction":[{"@type":"SearchAction","target":{"@type":"EntryPoint","urlTemplate":"https:\/\/epochtimestr.com\/?s={search_term_string}"},"query-input":"required name=search_term_string"}],"inLanguage":"tr"},{"@type":"Organization","@id":"https:\/\/epochtimestr.com\/#organization","name":"The EpochTimes T\u00fcrkiye","url":"https:\/\/epochtimestr.com\/","logo":{"@type":"ImageObject","inLanguage":"tr","@id":"https:\/\/epochtimestr.com\/#\/schema\/logo\/image\/","url":"https:\/\/epochtimestr.com\/wp-content\/uploads\/2011y\/ET-Logo-YG.jpg","contentUrl":"https:\/\/epochtimestr.com\/wp-content\/uploads\/2011y\/ET-Logo-YG.jpg","width":346,"height":29,"caption":"The EpochTimes T\u00fcrkiye"},"image":{"@id":"https:\/\/epochtimestr.com\/#\/schema\/logo\/image\/"},"sameAs":["https:\/\/www.facebook.com\/theepochtimestr","https:\/\/x.com\/TheEpochTimesTR","https:\/\/www.instagram.com\/epochtimestr"]},{"@type":"Person","@id":"https:\/\/epochtimestr.com\/#\/schema\/person\/412e3e18fe3d446442ee7c2c11db0c47","name":"Dila \u015eeng\u00fcl","image":{"@type":"ImageObject","inLanguage":"tr","@id":"https:\/\/epochtimestr.com\/#\/schema\/person\/image\/","url":"https:\/\/secure.gravatar.com\/avatar\/96e2af9ac9b3efd03257d930e8b4a5d2?s=96&d=mm&r=g","contentUrl":"https:\/\/secure.gravatar.com\/avatar\/96e2af9ac9b3efd03257d930e8b4a5d2?s=96&d=mm&r=g","caption":"Dila \u015eeng\u00fcl"},"url":"https:\/\/epochtimestr.com\/index.php\/author\/dila"}]}},"_links":{"self":[{"href":"https:\/\/epochtimestr.com\/index.php\/wp-json\/wp\/v2\/posts\/105660"}],"collection":[{"href":"https:\/\/epochtimestr.com\/index.php\/wp-json\/wp\/v2\/posts"}],"about":[{"href":"https:\/\/epochtimestr.com\/index.php\/wp-json\/wp\/v2\/types\/post"}],"author":[{"embeddable":true,"href":"https:\/\/epochtimestr.com\/index.php\/wp-json\/wp\/v2\/users\/12464"}],"replies":[{"embeddable":true,"href":"https:\/\/epochtimestr.com\/index.php\/wp-json\/wp\/v2\/comments?post=105660"}],"version-history":[{"count":1,"href":"https:\/\/epochtimestr.com\/index.php\/wp-json\/wp\/v2\/posts\/105660\/revisions"}],"predecessor-version":[{"id":105662,"href":"https:\/\/epochtimestr.com\/index.php\/wp-json\/wp\/v2\/posts\/105660\/revisions\/105662"}],"wp:featuredmedia":[{"embeddable":true,"href":"https:\/\/epochtimestr.com\/index.php\/wp-json\/wp\/v2\/media\/105661"}],"wp:attachment":[{"href":"https:\/\/epochtimestr.com\/index.php\/wp-json\/wp\/v2\/media?parent=105660"}],"wp:term":[{"taxonomy":"category","embeddable":true,"href":"https:\/\/epochtimestr.com\/index.php\/wp-json\/wp\/v2\/categories?post=105660"},{"taxonomy":"post_tag","embeddable":true,"href":"https:\/\/epochtimestr.com\/index.php\/wp-json\/wp\/v2\/tags?post=105660"}],"curies":[{"name":"wp","href":"https:\/\/api.w.org\/{rel}","templated":true}]}}