{"id":107324,"date":"2017-09-18T23:09:34","date_gmt":"2017-09-18T20:09:34","guid":{"rendered":"http:\/\/epochtimestr.com\/?p=107324"},"modified":"2018-03-29T00:13:48","modified_gmt":"2018-03-28T21:13:48","slug":"tum-zamanlarin-divasi-maria-callas","status":"publish","type":"post","link":"https:\/\/epochtimestr.com\/index.php\/tum-zamanlarin-divasi-maria-callas","title":{"rendered":"T\u00fcm Zamanlar\u0131n Divas\u0131 Maria Callas"},"content":{"rendered":"<p><img loading=\"lazy\" decoding=\"async\" class=\"alignnone size-large wp-image-107325\" src=\"https:\/\/epochtimestr.com\/wp-content\/uploads\/2011y\/maria4-600x337.png\" alt=\"\" width=\"600\" height=\"337\" srcset=\"https:\/\/epochtimestr.com\/wp-content\/uploads\/2011y\/maria4-600x337.png 600w, https:\/\/epochtimestr.com\/wp-content\/uploads\/2011y\/maria4-150x84.png 150w, https:\/\/epochtimestr.com\/wp-content\/uploads\/2011y\/maria4-300x169.png 300w, https:\/\/epochtimestr.com\/wp-content\/uploads\/2011y\/maria4-768x432.png 768w, https:\/\/epochtimestr.com\/wp-content\/uploads\/2011y\/maria4-292x164.png 292w, https:\/\/epochtimestr.com\/wp-content\/uploads\/2011y\/maria4-638x359.png 638w, https:\/\/epochtimestr.com\/wp-content\/uploads\/2011y\/maria4-400x225.png 400w, https:\/\/epochtimestr.com\/wp-content\/uploads\/2011y\/maria4-629x354.png 629w, https:\/\/epochtimestr.com\/wp-content\/uploads\/2011y\/maria4.png 1366w\" sizes=\"(max-width: 600px) 100vw, 600px\" \/><\/p>\n<p>Maria Callas, New York\u2019ta d\u00fcnyaya gelen, Yunan as\u0131ll\u0131 t\u00fcm zamanlar\u0131n en \u00e7ok tan\u0131nm\u0131\u015f sopranosu. \u00a0\u00d6l\u00fcm\u00fcn\u00fcn \u00fczerinden 40 y\u0131l ge\u00e7mesine ra\u011fmen opera ile ilgilenen\\ilgilenmeyen herkesin ilk akl\u0131na gelen isim Maria Callas.<\/p>\n<p>Ger\u00e7ek ad\u0131 Anna Maria Cecilia Sofia Kalogeropuolos olan Callas, 2 Aral\u0131k 1923\u2019te New York\u2019ta d\u00fcnyaya geldi. Annesi ve babas\u0131 \u00a0Yunanistan\u2019dan gelerek Yunanl\u0131lar\u2019\u0131n \u00e7o\u011funlukta oldu\u011fu yerde eczac\u0131 olarak \u00e7al\u0131\u015ft\u0131lar.<br \/>\n9 ya\u015f\u0131nda piyanoya ba\u015flad\u0131. Annesi ile babas\u0131 14 ya\u015f\u0131nda bo\u015fan\u0131nca, annesi ve ablas\u0131 ile Yunanistan\u2019a d\u00f6nd\u00fcler. Annesiyle aras\u0131 hep k\u00f6t\u00fcyd\u00fc. Annedeki t\u00fcm ilginin ve harcamalar\u0131n ablaya oldu\u011funu g\u00f6ren Callas\u2019\u0131n y\u00fcre\u011finde derin yaralar a\u00e7\u0131l\u0131yordu. Hissetti\u011fi yaln\u0131zl\u0131k hissi ve a\u00e7\u0131lan yaralar \u00f6yle derin olmu\u015ftu ki b\u00fcy\u00fcd\u00fc\u011f\u00fcnde annesiyle g\u00f6r\u00fc\u015fmeyi kesinlikle kesecekti.<\/p>\n<p>Sahneye ilk kez 15\u2019inde Cavalleria Rusticana\u2019da k\u00f6yl\u00fc k\u0131z\u0131 Santuzza rol\u00fc ile \u00e7\u0131kt\u0131. O d\u00f6nem Atina\u2019da 16 ya\u015ftan k\u00fc\u00e7\u00fck sanat\u00e7\u0131 kabul etmemelerine ra\u011fmen, Maria Callas j\u00fcriyi ikna etmeyi ba\u015farm\u0131\u015ft\u0131.<br \/>\nAtina Konservatuar\u0131\u2019nda ilk anda sesi kula\u011fa kontralto gibi gelse de, ya\u015f\u0131 ilerledik\u00e7e hocalar\u0131 onun mezzo-soprano oldu\u011funu ke\u015ffetmi\u015ftir.\u00a0 Okula ba\u015flad\u0131\u011f\u0131 3. Y\u0131l\u0131nda ilk \u00f6d\u00fcl\u00fcn\u00fc ald\u0131. 1940 y\u0131l\u0131nda Shakespeare\u2019in T\u00fcccar oyunun \u015fark\u0131lar\u0131n\u0131 s\u00f6yledi. Y\u0131l 1941\u2019e geldi\u011finde art\u0131k profesyonel bir sanat\u00e7\u0131 idi Maria Callas.<br \/>\n\u0130lk gen\u00e7lik y\u0131llar\u0131nda son derece kilolu olan Callas, sonradan fazla kilolar\u0131ndan kurtulmak i\u00e7in s\u0131k\u0131 bir diyete girecek ve yakla\u015f\u0131k 60 kilosunu kaybedecek ve inat\u00e7\u0131 ki\u015fili\u011fi ve h\u0131rs\u0131 art\u0131k her yerde kendini belli edecektir.<\/p>\n<p>Callas, kendi \u00f6zel hayat\u0131nda ki sava\u015flar yetmezmi\u015f gibi d\u00fcnyada ki sava\u015flara da tan\u0131k olmu\u015ftur. 1944 y\u0131l\u0131nda, 2. D\u00fcnya Sava\u015f\u0131 esnas\u0131nda Alman i\u015fgalciler Yunanistan\u2019daki\u00a0 etkilerini yitirecek, yerini \u0130ngilizler\u2019e b\u0131rakacakt\u0131. Ald\u0131\u011f\u0131 kararla derhal babas\u0131n\u0131n yan\u0131na Amerika\u2019ya d\u00f6necekti. Babas\u0131n\u0131 bulduktan sonra Metropolitan Operas\u0131\u2019na girecek ve oran\u0131n ba\u015f y\u0131ld\u0131z\u0131 olacakt\u0131. Art\u0131k ba\u015far\u0131lar\u0131 gazete man\u015fetlerinden d\u00fc\u015fm\u00fcyordu.\u00a0 Ayn\u0131 y\u0131llarda \u0130talya\u2019ya gitmi\u015f uzun soluklu sahnelerde yer alm\u0131\u015f ve Callas as\u0131l kimli\u011fini bulmu\u015ftu.<\/p>\n<p><img loading=\"lazy\" decoding=\"async\" class=\"alignnone size-large wp-image-107326\" src=\"https:\/\/epochtimestr.com\/wp-content\/uploads\/2011y\/maria5-600x337.png\" alt=\"\" width=\"600\" height=\"337\" srcset=\"https:\/\/epochtimestr.com\/wp-content\/uploads\/2011y\/maria5-600x337.png 600w, https:\/\/epochtimestr.com\/wp-content\/uploads\/2011y\/maria5-150x84.png 150w, https:\/\/epochtimestr.com\/wp-content\/uploads\/2011y\/maria5-300x169.png 300w, https:\/\/epochtimestr.com\/wp-content\/uploads\/2011y\/maria5-768x432.png 768w, https:\/\/epochtimestr.com\/wp-content\/uploads\/2011y\/maria5-292x164.png 292w, https:\/\/epochtimestr.com\/wp-content\/uploads\/2011y\/maria5-638x359.png 638w, https:\/\/epochtimestr.com\/wp-content\/uploads\/2011y\/maria5-400x225.png 400w, https:\/\/epochtimestr.com\/wp-content\/uploads\/2011y\/maria5-629x354.png 629w, https:\/\/epochtimestr.com\/wp-content\/uploads\/2011y\/maria5.png 1366w\" sizes=\"(max-width: 600px) 100vw, 600px\" \/><\/p>\n<p>Norma, Carmen, Puccini, Giuseppe Verdi\u2019nin \u00e7e\u015fitli operalar\u0131\u2026 Ta\u015f\u0131d\u0131\u011f\u0131 her bir rol, \u00e7a\u011f\u0131n bir numaral\u0131 opera \u015fark\u0131c\u0131s\u0131 durumuna getiren y\u00fcksek basamaklard\u0131.<br \/>\n1969 y\u0131l\u0131nda \u201cMedea\u201d adl\u0131 film \u00e7ekimleri i\u00e7in, T\u00fcrkiye\u2019ye gelecek ve Pera Palas\u2019ta birka\u00e7 gece ge\u00e7irecekti.<\/p>\n<p>Maria Callas, 16 Eyl\u00fcl 1977 tarihinde Paris\u2019te 54 ya\u015f\u0131nda kalp krizi sonucu vefat etmi\u015ftir. Sembolik mezar\u0131 Paris\u2019te olup, vasiyeti gere\u011fi yak\u0131larak k\u00fclleri Ege Denizi\u2019ne kar\u0131\u015fm\u0131\u015ft\u0131r.<\/p>\n<p><iframe loading=\"lazy\" width=\"1170\" height=\"878\" src=\"https:\/\/www.youtube.com\/embed\/l5cF5GGqVWo?feature=oembed\" frameborder=\"0\" allow=\"autoplay; encrypted-media\" allowfullscreen><\/iframe><\/p>\n","protected":false},"excerpt":{"rendered":"<p>Maria Callas, New York\u2019ta d\u00fcnyaya gelen, Yunan as\u0131ll\u0131 t\u00fcm zamanlar\u0131n en \u00e7ok tan\u0131nm\u0131\u015f sopranosu. \u00a0\u00d6l\u00fcm\u00fcn\u00fcn \u00fczerinden 40 y\u0131l ge\u00e7mesine ra\u011fmen opera ile ilgilenen\\ilgilenmeyen herkesin ilk akl\u0131na gelen isim Maria Callas. Ger\u00e7ek ad\u0131 Anna Maria Cecilia Sofia Kalogeropuolos olan Callas, 2 Aral\u0131k 1923\u2019te New York\u2019ta d\u00fcnyaya geldi. Annesi ve babas\u0131 \u00a0Yunanistan\u2019dan gelerek Yunanl\u0131lar\u2019\u0131n \u00e7o\u011funlukta oldu\u011fu yerde [&hellip;]<\/p>\n","protected":false},"author":12791,"featured_media":107325,"comment_status":"closed","ping_status":"open","sticky":false,"template":"","format":"standard","meta":{"_yoast_wpseo_focuskw":"","_yoast_wpseo_title":"","_yoast_wpseo_metadesc":"","_bbp_topic_count":0,"_bbp_reply_count":0,"_bbp_total_topic_count":0,"_bbp_total_reply_count":0,"_bbp_voice_count":0,"_bbp_anonymous_reply_count":0,"_bbp_topic_count_hidden":0,"_bbp_reply_count_hidden":0,"_bbp_forum_subforum_count":0,"footnotes":"","_yoast_wpseo_focuskw_text_input":""},"categories":[519,6918,16],"tags":[],"yoast_head":"<!-- This site is optimized with the Yoast SEO plugin v23.0 - https:\/\/yoast.com\/wordpress\/plugins\/seo\/ -->\n<title>T\u00fcm Zamanlar\u0131n Divas\u0131 Maria Callas - The Epoch Times TR<\/title>\n<meta name=\"robots\" content=\"index, follow, max-snippet:-1, max-image-preview:large, max-video-preview:-1\" \/>\n<link rel=\"canonical\" href=\"https:\/\/epochtimestr.com\/index.php\/tum-zamanlarin-divasi-maria-callas\" \/>\n<meta property=\"og:locale\" content=\"tr_TR\" \/>\n<meta property=\"og:type\" content=\"article\" \/>\n<meta property=\"og:title\" content=\"T\u00fcm Zamanlar\u0131n Divas\u0131 Maria Callas - The Epoch Times TR\" \/>\n<meta property=\"og:description\" content=\"Maria Callas, New York\u2019ta d\u00fcnyaya gelen, Yunan as\u0131ll\u0131 t\u00fcm zamanlar\u0131n en \u00e7ok tan\u0131nm\u0131\u015f sopranosu. \u00a0\u00d6l\u00fcm\u00fcn\u00fcn \u00fczerinden 40 y\u0131l ge\u00e7mesine ra\u011fmen opera ile ilgilenenilgilenmeyen herkesin ilk akl\u0131na gelen isim Maria Callas. Ger\u00e7ek ad\u0131 Anna Maria Cecilia Sofia Kalogeropuolos olan Callas, 2 Aral\u0131k 1923\u2019te New York\u2019ta d\u00fcnyaya geldi. Annesi ve babas\u0131 \u00a0Yunanistan\u2019dan gelerek Yunanl\u0131lar\u2019\u0131n \u00e7o\u011funlukta oldu\u011fu yerde [&hellip;]\" \/>\n<meta property=\"og:url\" content=\"https:\/\/epochtimestr.com\/index.php\/tum-zamanlarin-divasi-maria-callas\" \/>\n<meta property=\"og:site_name\" content=\"The Epoch Times TR\" \/>\n<meta property=\"article:publisher\" content=\"https:\/\/www.facebook.com\/theepochtimestr\" \/>\n<meta property=\"article:published_time\" content=\"2017-09-18T20:09:34+00:00\" \/>\n<meta property=\"article:modified_time\" content=\"2018-03-28T21:13:48+00:00\" \/>\n<meta property=\"og:image\" content=\"https:\/\/epochtimestr.com\/wp-content\/uploads\/2011y\/maria4.png\" \/>\n\t<meta property=\"og:image:width\" content=\"1366\" \/>\n\t<meta property=\"og:image:height\" content=\"768\" \/>\n\t<meta property=\"og:image:type\" content=\"image\/png\" \/>\n<meta name=\"author\" content=\"Haber Merkezi\" \/>\n<meta name=\"twitter:card\" content=\"summary_large_image\" \/>\n<meta name=\"twitter:creator\" content=\"@TheEpochTimesTR\" \/>\n<meta name=\"twitter:site\" content=\"@TheEpochTimesTR\" \/>\n<meta name=\"twitter:label1\" content=\"Yazan:\" \/>\n\t<meta name=\"twitter:data1\" content=\"Haber Merkezi\" \/>\n\t<meta name=\"twitter:label2\" content=\"Tahmini okuma s\u00fcresi\" \/>\n\t<meta name=\"twitter:data2\" content=\"2 dakika\" \/>\n<script type=\"application\/ld+json\" class=\"yoast-schema-graph\">{\"@context\":\"https:\/\/schema.org\",\"@graph\":[{\"@type\":\"Article\",\"@id\":\"https:\/\/epochtimestr.com\/index.php\/tum-zamanlarin-divasi-maria-callas#article\",\"isPartOf\":{\"@id\":\"https:\/\/epochtimestr.com\/index.php\/tum-zamanlarin-divasi-maria-callas\"},\"author\":{\"name\":\"Haber Merkezi\",\"@id\":\"https:\/\/epochtimestr.com\/#\/schema\/person\/3dc5c3adeb9f43923c5aa85889172fdd\"},\"headline\":\"T\u00fcm Zamanlar\u0131n Divas\u0131 Maria Callas\",\"datePublished\":\"2017-09-18T20:09:34+00:00\",\"dateModified\":\"2018-03-28T21:13:48+00:00\",\"mainEntityOfPage\":{\"@id\":\"https:\/\/epochtimestr.com\/index.php\/tum-zamanlarin-divasi-maria-callas\"},\"wordCount\":493,\"publisher\":{\"@id\":\"https:\/\/epochtimestr.com\/#organization\"},\"image\":{\"@id\":\"https:\/\/epochtimestr.com\/index.php\/tum-zamanlarin-divasi-maria-callas#primaryimage\"},\"thumbnailUrl\":\"https:\/\/epochtimestr.com\/wp-content\/uploads\/2011y\/maria4.png\",\"articleSection\":[\"ED\u0130T\u00d6R\u00dcN SE\u00c7\u0130M\u0130\",\"M\u00fczik\",\"SANAT ve K\u00dcLT\u00dcR\"],\"inLanguage\":\"tr\"},{\"@type\":\"WebPage\",\"@id\":\"https:\/\/epochtimestr.com\/index.php\/tum-zamanlarin-divasi-maria-callas\",\"url\":\"https:\/\/epochtimestr.com\/index.php\/tum-zamanlarin-divasi-maria-callas\",\"name\":\"T\u00fcm Zamanlar\u0131n Divas\u0131 Maria Callas - The Epoch Times TR\",\"isPartOf\":{\"@id\":\"https:\/\/epochtimestr.com\/#website\"},\"primaryImageOfPage\":{\"@id\":\"https:\/\/epochtimestr.com\/index.php\/tum-zamanlarin-divasi-maria-callas#primaryimage\"},\"image\":{\"@id\":\"https:\/\/epochtimestr.com\/index.php\/tum-zamanlarin-divasi-maria-callas#primaryimage\"},\"thumbnailUrl\":\"https:\/\/epochtimestr.com\/wp-content\/uploads\/2011y\/maria4.png\",\"datePublished\":\"2017-09-18T20:09:34+00:00\",\"dateModified\":\"2018-03-28T21:13:48+00:00\",\"inLanguage\":\"tr\",\"potentialAction\":[{\"@type\":\"ReadAction\",\"target\":[\"https:\/\/epochtimestr.com\/index.php\/tum-zamanlarin-divasi-maria-callas\"]}]},{\"@type\":\"ImageObject\",\"inLanguage\":\"tr\",\"@id\":\"https:\/\/epochtimestr.com\/index.php\/tum-zamanlarin-divasi-maria-callas#primaryimage\",\"url\":\"https:\/\/epochtimestr.com\/wp-content\/uploads\/2011y\/maria4.png\",\"contentUrl\":\"https:\/\/epochtimestr.com\/wp-content\/uploads\/2011y\/maria4.png\",\"width\":1366,\"height\":768},{\"@type\":\"WebSite\",\"@id\":\"https:\/\/epochtimestr.com\/#website\",\"url\":\"https:\/\/epochtimestr.com\/\",\"name\":\"The Epoch Times TR\",\"description\":\"De\u011fi\u015fen D\u00fcnyam\u0131za Taze Bir Bak\u0131\u015f\",\"publisher\":{\"@id\":\"https:\/\/epochtimestr.com\/#organization\"},\"potentialAction\":[{\"@type\":\"SearchAction\",\"target\":{\"@type\":\"EntryPoint\",\"urlTemplate\":\"https:\/\/epochtimestr.com\/?s={search_term_string}\"},\"query-input\":\"required name=search_term_string\"}],\"inLanguage\":\"tr\"},{\"@type\":\"Organization\",\"@id\":\"https:\/\/epochtimestr.com\/#organization\",\"name\":\"The EpochTimes T\u00fcrkiye\",\"url\":\"https:\/\/epochtimestr.com\/\",\"logo\":{\"@type\":\"ImageObject\",\"inLanguage\":\"tr\",\"@id\":\"https:\/\/epochtimestr.com\/#\/schema\/logo\/image\/\",\"url\":\"https:\/\/epochtimestr.com\/wp-content\/uploads\/2011y\/ET-Logo-YG.jpg\",\"contentUrl\":\"https:\/\/epochtimestr.com\/wp-content\/uploads\/2011y\/ET-Logo-YG.jpg\",\"width\":346,\"height\":29,\"caption\":\"The EpochTimes T\u00fcrkiye\"},\"image\":{\"@id\":\"https:\/\/epochtimestr.com\/#\/schema\/logo\/image\/\"},\"sameAs\":[\"https:\/\/www.facebook.com\/theepochtimestr\",\"https:\/\/x.com\/TheEpochTimesTR\",\"https:\/\/www.instagram.com\/epochtimestr\"]},{\"@type\":\"Person\",\"@id\":\"https:\/\/epochtimestr.com\/#\/schema\/person\/3dc5c3adeb9f43923c5aa85889172fdd\",\"name\":\"Haber Merkezi\",\"image\":{\"@type\":\"ImageObject\",\"inLanguage\":\"tr\",\"@id\":\"https:\/\/epochtimestr.com\/#\/schema\/person\/image\/\",\"url\":\"https:\/\/secure.gravatar.com\/avatar\/d73f772ba5a74f28601361e17c2f93e6?s=96&d=mm&r=g\",\"contentUrl\":\"https:\/\/secure.gravatar.com\/avatar\/d73f772ba5a74f28601361e17c2f93e6?s=96&d=mm&r=g\",\"caption\":\"Haber Merkezi\"},\"url\":\"https:\/\/epochtimestr.com\/index.php\/author\/sendag\"}]}<\/script>\n<!-- \/ Yoast SEO plugin. -->","yoast_head_json":{"title":"T\u00fcm Zamanlar\u0131n Divas\u0131 Maria Callas - The Epoch Times TR","robots":{"index":"index","follow":"follow","max-snippet":"max-snippet:-1","max-image-preview":"max-image-preview:large","max-video-preview":"max-video-preview:-1"},"canonical":"https:\/\/epochtimestr.com\/index.php\/tum-zamanlarin-divasi-maria-callas","og_locale":"tr_TR","og_type":"article","og_title":"T\u00fcm Zamanlar\u0131n Divas\u0131 Maria Callas - The Epoch Times TR","og_description":"Maria Callas, New York\u2019ta d\u00fcnyaya gelen, Yunan as\u0131ll\u0131 t\u00fcm zamanlar\u0131n en \u00e7ok tan\u0131nm\u0131\u015f sopranosu. \u00a0\u00d6l\u00fcm\u00fcn\u00fcn \u00fczerinden 40 y\u0131l ge\u00e7mesine ra\u011fmen opera ile ilgilenenilgilenmeyen herkesin ilk akl\u0131na gelen isim Maria Callas. Ger\u00e7ek ad\u0131 Anna Maria Cecilia Sofia Kalogeropuolos olan Callas, 2 Aral\u0131k 1923\u2019te New York\u2019ta d\u00fcnyaya geldi. Annesi ve babas\u0131 \u00a0Yunanistan\u2019dan gelerek Yunanl\u0131lar\u2019\u0131n \u00e7o\u011funlukta oldu\u011fu yerde [&hellip;]","og_url":"https:\/\/epochtimestr.com\/index.php\/tum-zamanlarin-divasi-maria-callas","og_site_name":"The Epoch Times TR","article_publisher":"https:\/\/www.facebook.com\/theepochtimestr","article_published_time":"2017-09-18T20:09:34+00:00","article_modified_time":"2018-03-28T21:13:48+00:00","og_image":[{"width":1366,"height":768,"url":"https:\/\/epochtimestr.com\/wp-content\/uploads\/2011y\/maria4.png","type":"image\/png"}],"author":"Haber Merkezi","twitter_card":"summary_large_image","twitter_creator":"@TheEpochTimesTR","twitter_site":"@TheEpochTimesTR","twitter_misc":{"Yazan:":"Haber Merkezi","Tahmini okuma s\u00fcresi":"2 dakika"},"schema":{"@context":"https:\/\/schema.org","@graph":[{"@type":"Article","@id":"https:\/\/epochtimestr.com\/index.php\/tum-zamanlarin-divasi-maria-callas#article","isPartOf":{"@id":"https:\/\/epochtimestr.com\/index.php\/tum-zamanlarin-divasi-maria-callas"},"author":{"name":"Haber Merkezi","@id":"https:\/\/epochtimestr.com\/#\/schema\/person\/3dc5c3adeb9f43923c5aa85889172fdd"},"headline":"T\u00fcm Zamanlar\u0131n Divas\u0131 Maria Callas","datePublished":"2017-09-18T20:09:34+00:00","dateModified":"2018-03-28T21:13:48+00:00","mainEntityOfPage":{"@id":"https:\/\/epochtimestr.com\/index.php\/tum-zamanlarin-divasi-maria-callas"},"wordCount":493,"publisher":{"@id":"https:\/\/epochtimestr.com\/#organization"},"image":{"@id":"https:\/\/epochtimestr.com\/index.php\/tum-zamanlarin-divasi-maria-callas#primaryimage"},"thumbnailUrl":"https:\/\/epochtimestr.com\/wp-content\/uploads\/2011y\/maria4.png","articleSection":["ED\u0130T\u00d6R\u00dcN SE\u00c7\u0130M\u0130","M\u00fczik","SANAT ve K\u00dcLT\u00dcR"],"inLanguage":"tr"},{"@type":"WebPage","@id":"https:\/\/epochtimestr.com\/index.php\/tum-zamanlarin-divasi-maria-callas","url":"https:\/\/epochtimestr.com\/index.php\/tum-zamanlarin-divasi-maria-callas","name":"T\u00fcm Zamanlar\u0131n Divas\u0131 Maria Callas - The Epoch Times TR","isPartOf":{"@id":"https:\/\/epochtimestr.com\/#website"},"primaryImageOfPage":{"@id":"https:\/\/epochtimestr.com\/index.php\/tum-zamanlarin-divasi-maria-callas#primaryimage"},"image":{"@id":"https:\/\/epochtimestr.com\/index.php\/tum-zamanlarin-divasi-maria-callas#primaryimage"},"thumbnailUrl":"https:\/\/epochtimestr.com\/wp-content\/uploads\/2011y\/maria4.png","datePublished":"2017-09-18T20:09:34+00:00","dateModified":"2018-03-28T21:13:48+00:00","inLanguage":"tr","potentialAction":[{"@type":"ReadAction","target":["https:\/\/epochtimestr.com\/index.php\/tum-zamanlarin-divasi-maria-callas"]}]},{"@type":"ImageObject","inLanguage":"tr","@id":"https:\/\/epochtimestr.com\/index.php\/tum-zamanlarin-divasi-maria-callas#primaryimage","url":"https:\/\/epochtimestr.com\/wp-content\/uploads\/2011y\/maria4.png","contentUrl":"https:\/\/epochtimestr.com\/wp-content\/uploads\/2011y\/maria4.png","width":1366,"height":768},{"@type":"WebSite","@id":"https:\/\/epochtimestr.com\/#website","url":"https:\/\/epochtimestr.com\/","name":"The Epoch Times TR","description":"De\u011fi\u015fen D\u00fcnyam\u0131za Taze Bir Bak\u0131\u015f","publisher":{"@id":"https:\/\/epochtimestr.com\/#organization"},"potentialAction":[{"@type":"SearchAction","target":{"@type":"EntryPoint","urlTemplate":"https:\/\/epochtimestr.com\/?s={search_term_string}"},"query-input":"required name=search_term_string"}],"inLanguage":"tr"},{"@type":"Organization","@id":"https:\/\/epochtimestr.com\/#organization","name":"The EpochTimes T\u00fcrkiye","url":"https:\/\/epochtimestr.com\/","logo":{"@type":"ImageObject","inLanguage":"tr","@id":"https:\/\/epochtimestr.com\/#\/schema\/logo\/image\/","url":"https:\/\/epochtimestr.com\/wp-content\/uploads\/2011y\/ET-Logo-YG.jpg","contentUrl":"https:\/\/epochtimestr.com\/wp-content\/uploads\/2011y\/ET-Logo-YG.jpg","width":346,"height":29,"caption":"The EpochTimes T\u00fcrkiye"},"image":{"@id":"https:\/\/epochtimestr.com\/#\/schema\/logo\/image\/"},"sameAs":["https:\/\/www.facebook.com\/theepochtimestr","https:\/\/x.com\/TheEpochTimesTR","https:\/\/www.instagram.com\/epochtimestr"]},{"@type":"Person","@id":"https:\/\/epochtimestr.com\/#\/schema\/person\/3dc5c3adeb9f43923c5aa85889172fdd","name":"Haber Merkezi","image":{"@type":"ImageObject","inLanguage":"tr","@id":"https:\/\/epochtimestr.com\/#\/schema\/person\/image\/","url":"https:\/\/secure.gravatar.com\/avatar\/d73f772ba5a74f28601361e17c2f93e6?s=96&d=mm&r=g","contentUrl":"https:\/\/secure.gravatar.com\/avatar\/d73f772ba5a74f28601361e17c2f93e6?s=96&d=mm&r=g","caption":"Haber Merkezi"},"url":"https:\/\/epochtimestr.com\/index.php\/author\/sendag"}]}},"_links":{"self":[{"href":"https:\/\/epochtimestr.com\/index.php\/wp-json\/wp\/v2\/posts\/107324"}],"collection":[{"href":"https:\/\/epochtimestr.com\/index.php\/wp-json\/wp\/v2\/posts"}],"about":[{"href":"https:\/\/epochtimestr.com\/index.php\/wp-json\/wp\/v2\/types\/post"}],"author":[{"embeddable":true,"href":"https:\/\/epochtimestr.com\/index.php\/wp-json\/wp\/v2\/users\/12791"}],"replies":[{"embeddable":true,"href":"https:\/\/epochtimestr.com\/index.php\/wp-json\/wp\/v2\/comments?post=107324"}],"version-history":[{"count":3,"href":"https:\/\/epochtimestr.com\/index.php\/wp-json\/wp\/v2\/posts\/107324\/revisions"}],"predecessor-version":[{"id":107383,"href":"https:\/\/epochtimestr.com\/index.php\/wp-json\/wp\/v2\/posts\/107324\/revisions\/107383"}],"wp:featuredmedia":[{"embeddable":true,"href":"https:\/\/epochtimestr.com\/index.php\/wp-json\/wp\/v2\/media\/107325"}],"wp:attachment":[{"href":"https:\/\/epochtimestr.com\/index.php\/wp-json\/wp\/v2\/media?parent=107324"}],"wp:term":[{"taxonomy":"category","embeddable":true,"href":"https:\/\/epochtimestr.com\/index.php\/wp-json\/wp\/v2\/categories?post=107324"},{"taxonomy":"post_tag","embeddable":true,"href":"https:\/\/epochtimestr.com\/index.php\/wp-json\/wp\/v2\/tags?post=107324"}],"curies":[{"name":"wp","href":"https:\/\/api.w.org\/{rel}","templated":true}]}}