{"id":107938,"date":"2017-10-03T12:33:44","date_gmt":"2017-10-03T09:33:44","guid":{"rendered":"http:\/\/epochtimestr.com\/?p=107938"},"modified":"2017-10-03T12:33:44","modified_gmt":"2017-10-03T09:33:44","slug":"bahceli-82-kerkuk-83-musul-deme-hakkinin-onunde-hicbir-guc-duramayacaktir","status":"publish","type":"post","link":"https:\/\/epochtimestr.com\/index.php\/bahceli-82-kerkuk-83-musul-deme-hakkinin-onunde-hicbir-guc-duramayacaktir","title":{"rendered":"Bah\u00e7eli:  \u201982 Kerk\u00fck, 83 Musul Deme Hakk\u0131n\u0131n \u00d6n\u00fcnde Hi\u00e7bir G\u00fc\u00e7 Duramayacakt\u0131r&#8217;"},"content":{"rendered":"<figure id=\"attachment_107939\" aria-describedby=\"caption-attachment-107939\" style=\"width: 600px\" class=\"wp-caption aligncenter\"><img loading=\"lazy\" decoding=\"async\" class=\"wp-image-107939 size-large\" src=\"https:\/\/epochtimestr.com\/wp-content\/uploads\/2011y\/2192558-2-600x320.jpg\" alt=\"\" width=\"600\" height=\"320\" srcset=\"https:\/\/epochtimestr.com\/wp-content\/uploads\/2011y\/2192558-2-600x320.jpg 600w, https:\/\/epochtimestr.com\/wp-content\/uploads\/2011y\/2192558-2-150x80.jpg 150w, https:\/\/epochtimestr.com\/wp-content\/uploads\/2011y\/2192558-2-300x160.jpg 300w, https:\/\/epochtimestr.com\/wp-content\/uploads\/2011y\/2192558-2-292x156.jpg 292w, https:\/\/epochtimestr.com\/wp-content\/uploads\/2011y\/2192558-2-638x340.jpg 638w, https:\/\/epochtimestr.com\/wp-content\/uploads\/2011y\/2192558-2-190x100.jpg 190w, https:\/\/epochtimestr.com\/wp-content\/uploads\/2011y\/2192558-2-629x335.jpg 629w, https:\/\/epochtimestr.com\/wp-content\/uploads\/2011y\/2192558-2.jpg 664w\" sizes=\"(max-width: 600px) 100vw, 600px\" \/><figcaption id=\"caption-attachment-107939\" class=\"wp-caption-text\">Foto\u011fraf:\u0130HA<\/figcaption><\/figure>\n<h2 class=\"abstract\">Irak\u2019\u0131n toprak b\u00fct\u00fcnl\u00fc\u011f\u00fcn\u00fcn bozulmas\u0131 durumunda T\u00fcrkiye\u2019nin buna sessiz kalamayaca\u011f\u0131n\u0131 dile getiren MHP lideri Bah\u00e7eli, \u201cO zaman geldi\u011finde, tarih co\u011frafyaya dar geldi\u011finde Misak-\u0131 Milli uyanacak; \u201981 D\u00fczce\u2019den\u2019 hemen sonra \u201982 Kerk\u00fck, 83 Musul\u2019 deme hakk\u0131n\u0131n \u00f6n\u00fcnde hi\u00e7bir g\u00fc\u00e7 duramayacakt\u0131r\u201d dedi.<\/h2>\n<p>MHP Genel Ba\u015fkan\u0131 Devlet Bah\u00e7eli, partisinin TBMM\u2019deki yeni yasama d\u00f6neminin ilk grup toplant\u0131s\u0131nda konu\u015ftu. &#8220;S\u00f6zlerimin hemen ba\u015f\u0131nda ter\u00f6rle m\u00fccadele son bir hafta i\u00e7inde \u015fehit verdi\u011fimiz kahraman evlatlar\u0131m\u0131za Allah\u2019tan rahmet diliyorum&#8221; ifadeleriyle konu\u015fmas\u0131na ba\u015flayan Bah\u00e7eli, &#8220;Fransa\u2019n\u0131n Mulhouse kentinde bir konutta \u00e7\u0131kan yang\u0131nda hayatlar\u0131n\u0131 kaybeden 5 ki\u015fiden 3\u2019\u00fcn\u00fcn T\u00fcrk vatanda\u015f\u0131 olmas\u0131ndan derin bir \u00fcz\u00fcnt\u00fc duydu\u011fumu \u00f6zellikle belirtmek istiyorum. Bu elim hadisede can veren vatanda\u015flar\u0131m\u0131za Allah\u2019tan rahmet, Fransa devletine ve Frans\u0131z halk\u0131na taziye ve ge\u00e7mi\u015f olsun dileklerimi iletiyorum&#8221; dedi.<\/p>\n<p>Uzun bir aradan sonra Gazi Meclisin \u00e7at\u0131s\u0131 alt\u0131nda, grup toplant\u0131s\u0131 vesilesiyle bir araya gelmekten k\u0131van\u00e7 duydu\u011funu s\u00f6yleyen Bah\u00e7eli, &#8220;Allah\u2019tan niyaz\u0131m odur ki birlik ve beraberli\u011fimiz bozulmas\u0131n. B\u00fcy\u00fck bir a\u015fkla, kutlu bir sevdayla, y\u0131lmaz bir iradeyle s\u00fcrd\u00fcrd\u00fc\u011f\u00fcm\u00fcz millet ve vatan m\u00fccadelemizde Rabbim bizleri mahcup etmesin. \u00c7\u00fcnk\u00fc bizler mahcup olursak T\u00fcrk milleti mahzun kalacakt\u0131r. Bizler mahcubiyet ya\u015farsak, T\u00fcrkmeneli mahkumiyete s\u00fcr\u00fcklenecektir&#8221; ifadelerini kulland\u0131.<\/p>\n<p>&#8220;T\u00fcrkiye zorlu bir d\u00f6nemde yoku\u015fu keskin ve yorucu bir devirdedir&#8221; diyen Bah\u00e7eli, &#8220;Bunu g\u00f6r\u00fcyor ve biliyoruz. Bug\u00fcnk\u00fc s\u0131k\u0131nt\u0131l\u0131 ortamda, e\u011fer g\u00f6revimizin \u015fuuruna varamazsak, e\u011fer \u00fczerimizdeki sorumlulu\u011fun a\u011f\u0131rl\u0131\u011f\u0131n\u0131 kald\u0131ramazsak \u00f6n\u00fcm\u00fcz karanl\u0131kt\u0131r. Bu itibarla \u00e7ok \u00e7abalamal\u0131, \u00e7al\u0131\u015fmal\u0131y\u0131z. Geceyi g\u00fcnd\u00fcze kat\u0131p adeta Karadeniz gibi \u00e7\u0131rp\u0131nmal\u0131y\u0131z. Bahanelerle s\u0131k\u0131\u015f\u0131p kalmaktansa banane deyip k\u00f6\u015feye \u00e7ekilmektense meseleleri \u00f6nce kavramal\u0131 sonra anlamal\u0131 ard\u0131ndan yorumlay\u0131p \u00e7\u00f6z\u00fcm\u00fcn yol ve y\u00f6ntemini \u00fcretmeliyiz. Etraf\u0131m\u0131zdaki \u00e7ember da\u011f\u0131l\u0131yor fark\u0131nda olmal\u0131y\u0131z. T\u00fcrkiye aleyhtar\u0131 kampanya k\u00f6kle\u015fiyor dikkat kesilmeliyiz. Kar\u015f\u0131m\u0131zdaki tehditleri isabetle okuyup zamanla hatas\u0131na d\u00fc\u015fmeden tedbir geli\u015ftirmeliyiz. Gecikirsek geli\u015femez g\u00fc\u00e7lenemeyiz. Zaafa d\u00fc\u015fersek hak etti\u011fimiz zirvelere tutunamay\u0131z. \u0130hmalkarl\u0131k iradesizli\u011fin eseridir. \u0130radesizlik ilkesizli\u011fin sonucudur&#8221; de\u011ferlendirmesinde bulundu.<\/p>\n<div><\/div>\n<p><strong>&#8220;M\u0130LL\u0130YET\u00c7\u0130 HAREKET, T\u00dcM HEYBET\u0130 \u0130LE DOSTA G\u00dcVEN, D\u00dc\u015eMANA KORKU SALMAKTADIR&#8221;<\/strong><\/p>\n<p>Bah\u00e7eli, konu\u015fmas\u0131na \u015f\u00f6yle devam etti:<\/p>\n<p>&#8220;\u00dclkemizin \u00e7etin \u015fartlar\u0131n\u0131, kom\u015fu co\u011frafyalar\u0131n karma\u015f\u0131k yap\u0131s\u0131n\u0131 titizlikle takip etmek durumunday\u0131z. Elbette yaln\u0131zca takiple yetinmemeli, m\u00fccadele ruhunu tahkim de edebilmeliyiz. Bu s\u00fcre\u00e7te TBMM\u2019nin yapaca\u011f\u0131 \u00e7ok \u015fey vard\u0131r. Demokrasi yegane \u00e7aremiz vazge\u00e7meyece\u011fimiz de\u011ferlerlerimizdir. Me\u015fruiyetten \u00f6d\u00fcn vermememiz hukukun \u00fcst\u00fcnl\u00fc\u011f\u00fcnden taviz d\u00fc\u015f\u00fcn\u00fclemeyecektir. Gazi Meclis millet iradesinin tecelligah\u0131 milli hedeflerin idame, ifade ve ihata merkezidir. Bu kutlu mekan milletimizin gelecek arzular\u0131n\u0131 ba\u011flad\u0131\u011f\u0131 bu tarihi emanet Allah\u2019\u0131n izniyle ilelebet var olacakt\u0131r. \u00c7ok \u015f\u00fck\u00fcr onca sald\u0131r\u0131ya ra\u011fmen Meclis a\u00e7\u0131k ve \u00e7al\u0131\u015f\u0131r vaziyettedir. Me\u015fru ve se\u00e7ilmi\u015f h\u00fck\u00fcmet g\u00f6revinin ba\u015f\u0131ndad\u0131r. Milli g\u00fcvenli\u011fimize y\u00f6nelmi\u015f tehlikelerin kayna\u011f\u0131nda kurutulmas\u0131 i\u00e7in ola\u011fan\u00fcst\u00fc bir azim ve gayret vard\u0131r. T\u00fcrkiye i\u00e7ine girdi\u011fi karanl\u0131k t\u00fcnelden mutlaka \u00e7\u0131kmal\u0131d\u0131r. \u0130nanc\u0131m odur ki eninde sonunda el birli\u011fiyle dayan\u0131\u015fmayla \u00e7\u0131kacakt\u0131r. T\u00fcrk milleti bedenine ge\u00e7irilmek istenen kefeni y\u0131rtacak g\u00fc\u00e7tedir. Buna inanc\u0131m\u0131z sonsuzdur. T\u00fcrk milleti ihaneti ezecek her \u015fekilde yenecek \u00fcst \u00fcste alt edecek karar ve yeterliliktedir. Hepsinden \u00f6nemlisi T\u00fcrk milleti birdir, beraberdir, diridir. Anadolu\u2019yu vatan yapan kahramanlar \u00f6lmedi. Bilmiyorlar ki T\u00fcrkl\u00fc\u011f\u00fc as\u0131rlard\u0131r ta\u015f\u0131yan kutlu y\u00fcrekler hala pes etmedi. \u0130\u015fte bu grup salonu, milliyet\u00e7i hareket, t\u00fcm heybeti ile dosta g\u00fcven, d\u00fc\u015fmana korku salmaktad\u0131r.&#8221;<\/p>\n<p><strong>&#8220;PE\u015eMERGE BA\u015eI KABUSLA TANI\u015eACAK ISRAR VE \u0130NADI S\u00dcR\u00dcRSE BELASINI MUHAKKAK BULACAKTIR&#8221;<\/strong><\/p>\n<p>Pek \u00e7ok sorunun g\u00f6lgesinde ba\u015flayan yeni yasama y\u0131l\u0131n\u0131n T\u00fcrkiye\u2019nin \u00f6n\u00fcndeki engellerin bertaraf edilmesi i\u00e7in bir milat olmas\u0131n\u0131 dileyen Bah\u00e7eli, &#8220;26. D\u00f6nem 3.Yasama y\u0131l\u0131n\u0131n hay\u0131rl\u0131 u\u011furlu olmas\u0131n\u0131 temenni ediyorum&#8221; dedi.<\/p>\n<p>Bah\u00e7eli, konu\u015fmas\u0131n\u0131 \u015f\u00f6yle s\u00fcrd\u00fcrd\u00fc:<\/p>\n<p>&#8220;Bug\u00fcn kar\u015f\u0131m\u0131za \u00e7\u0131kan tehlikeleri sadece g\u00fcn\u00fcm\u00fcz\u00fcn imkan ve \u015fartlar\u0131yla yorumlamaktan ka\u00e7\u0131nmal\u0131y\u0131z. \u00c7evremizi saran tehditlerin i\u00e7 y\u00fcz\u00fcn\u00fc iyi g\u00f6rmeliyiz. Neyi ya\u015f\u0131yorsak neye maruz kalm\u0131\u015fsak bunun ba\u015flang\u0131c\u0131 Anadolu\u2019nun fethine kadar uzanmaktad\u0131r. Bug\u00fcn ya\u015fad\u0131klar\u0131m\u0131z\u0131n k\u00f6k\u00fc ge\u00e7mi\u015fin derinliklerindedir. Etnik ve mezhep kutupla\u015fmas\u0131 etraf\u0131m\u0131zdaki kaosun fitinili tutu\u015fturmu\u015ftur. Emperyalizm s\u0131n\u0131rlarla oynamaktad\u0131r. Emperyalizm sinir u\u00e7lar\u0131yla oynamaktad\u0131r. Emperyalizm insan ve toprak varl\u0131\u011f\u0131na kastetmek i\u00e7in \u00e7oktan devrededir. Bu geli\u015fmeler kar\u015f\u0131s\u0131nda T\u00fcrkiye\u2019nin g\u00fcvenli\u011fi de diken \u00fcst\u00fcnde b\u0131\u00e7ak s\u0131rt\u0131ndad\u0131r. Bir a\u015firet lideri \u00e7\u0131k\u0131p haddini hududunu a\u015farak ba\u011f\u0131ms\u0131zl\u0131ktan bahsedebilmektedir. Neymi\u015f ba\u011f\u0131ms\u0131zl\u0131k 16 ya\u015f\u0131ndan beri hayaliymi\u015f. Sonunda \u00f6l\u00fcmde olsa haz\u0131rm\u0131\u015f. Buradan diyorum ki ham hayal pe\u015finde ko\u015fan pe\u015fmerge ba\u015f\u0131 kabusla tan\u0131\u015facak \u0131srar ve inad\u0131 s\u00fcr\u00fcrse belas\u0131n\u0131 muhakkak bulacakt\u0131r.&#8221;<\/p>\n<p><strong>\u201c-82 KERK\u00dcK, 83 MUSUL- DEME HAKKININ \u00d6N\u00dcNDE H\u0130\u00c7B\u0130R G\u00dc\u00c7 DURAMAYACAKTIR\u201d<\/strong><\/p>\n<p>Irak\u2019\u0131n toprak b\u00fct\u00fcnl\u00fc\u011f\u00fcn\u00fcn bozulmas\u0131 durumunda T\u00fcrkiye\u2019nin buna sessiz kalamayaca\u011f\u0131n\u0131 kaydeden Bah\u00e7eli, \u201cO zaman geldi\u011finde, \u015fartlar olu\u015ftu\u011funda, tarih co\u011frafyaya dar geldi\u011finde Misak-\u0131 Milli uyanacak; \u201981 D\u00fczce\u2019den\u2019 hemen sonra \u201982 Kerk\u00fck, 83 Musul\u2019 deme hakk\u0131n\u0131n \u00f6n\u00fcnde hi\u00e7bir g\u00fc\u00e7 duramayacakt\u0131r\u201d dedi.<\/p>\n<p>&nbsp;<\/p>\n<p><em>\u0130HA<\/em><\/p>\n","protected":false},"excerpt":{"rendered":"<p>Irak\u2019\u0131n toprak b\u00fct\u00fcnl\u00fc\u011f\u00fcn\u00fcn bozulmas\u0131 durumunda T\u00fcrkiye\u2019nin buna sessiz kalamayaca\u011f\u0131n\u0131 dile getiren MHP lideri Bah\u00e7eli, \u201cO zaman geldi\u011finde, tarih co\u011frafyaya dar geldi\u011finde Misak-\u0131 Milli uyanacak; \u201981 D\u00fczce\u2019den\u2019 hemen sonra \u201982 Kerk\u00fck, 83 Musul\u2019 deme hakk\u0131n\u0131n \u00f6n\u00fcnde hi\u00e7bir g\u00fc\u00e7 duramayacakt\u0131r\u201d dedi. MHP Genel Ba\u015fkan\u0131 Devlet Bah\u00e7eli, partisinin TBMM\u2019deki yeni yasama d\u00f6neminin ilk grup toplant\u0131s\u0131nda konu\u015ftu. &#8220;S\u00f6zlerimin hemen [&hellip;]<\/p>\n","protected":false},"author":12464,"featured_media":107939,"comment_status":"closed","ping_status":"open","sticky":false,"template":"","format":"standard","meta":{"_yoast_wpseo_focuskw":"","_yoast_wpseo_title":"","_yoast_wpseo_metadesc":"","_bbp_topic_count":0,"_bbp_reply_count":0,"_bbp_total_topic_count":0,"_bbp_total_reply_count":0,"_bbp_voice_count":0,"_bbp_anonymous_reply_count":0,"_bbp_topic_count_hidden":0,"_bbp_reply_count_hidden":0,"_bbp_forum_subforum_count":0,"footnotes":"","_yoast_wpseo_focuskw_text_input":""},"categories":[1,37],"tags":[],"yoast_head":"<!-- This site is optimized with the Yoast SEO plugin v23.0 - https:\/\/yoast.com\/wordpress\/plugins\/seo\/ -->\n<title>Bah\u00e7eli: \u201982 Kerk\u00fck, 83 Musul Deme Hakk\u0131n\u0131n \u00d6n\u00fcnde Hi\u00e7bir G\u00fc\u00e7 Duramayacakt\u0131r&#039; - The Epoch Times TR<\/title>\n<meta name=\"robots\" content=\"index, follow, max-snippet:-1, max-image-preview:large, max-video-preview:-1\" \/>\n<link rel=\"canonical\" href=\"https:\/\/epochtimestr.com\/index.php\/bahceli-82-kerkuk-83-musul-deme-hakkinin-onunde-hicbir-guc-duramayacaktir\" \/>\n<meta property=\"og:locale\" content=\"tr_TR\" \/>\n<meta property=\"og:type\" content=\"article\" \/>\n<meta property=\"og:title\" content=\"Bah\u00e7eli: \u201982 Kerk\u00fck, 83 Musul Deme Hakk\u0131n\u0131n \u00d6n\u00fcnde Hi\u00e7bir G\u00fc\u00e7 Duramayacakt\u0131r&#039; - The Epoch Times TR\" \/>\n<meta property=\"og:description\" content=\"Irak\u2019\u0131n toprak b\u00fct\u00fcnl\u00fc\u011f\u00fcn\u00fcn bozulmas\u0131 durumunda T\u00fcrkiye\u2019nin buna sessiz kalamayaca\u011f\u0131n\u0131 dile getiren MHP lideri Bah\u00e7eli, \u201cO zaman geldi\u011finde, tarih co\u011frafyaya dar geldi\u011finde Misak-\u0131 Milli uyanacak; \u201981 D\u00fczce\u2019den\u2019 hemen sonra \u201982 Kerk\u00fck, 83 Musul\u2019 deme hakk\u0131n\u0131n \u00f6n\u00fcnde hi\u00e7bir g\u00fc\u00e7 duramayacakt\u0131r\u201d dedi. MHP Genel Ba\u015fkan\u0131 Devlet Bah\u00e7eli, partisinin TBMM\u2019deki yeni yasama d\u00f6neminin ilk grup toplant\u0131s\u0131nda konu\u015ftu. &#8220;S\u00f6zlerimin hemen [&hellip;]\" \/>\n<meta property=\"og:url\" content=\"https:\/\/epochtimestr.com\/index.php\/bahceli-82-kerkuk-83-musul-deme-hakkinin-onunde-hicbir-guc-duramayacaktir\" \/>\n<meta property=\"og:site_name\" content=\"The Epoch Times TR\" \/>\n<meta property=\"article:publisher\" content=\"https:\/\/www.facebook.com\/theepochtimestr\" \/>\n<meta property=\"article:published_time\" content=\"2017-10-03T09:33:44+00:00\" \/>\n<meta property=\"og:image\" content=\"https:\/\/epochtimestr.com\/wp-content\/uploads\/2011y\/2192558-2.jpg\" \/>\n\t<meta property=\"og:image:width\" content=\"664\" \/>\n\t<meta property=\"og:image:height\" content=\"354\" \/>\n\t<meta property=\"og:image:type\" content=\"image\/jpeg\" \/>\n<meta name=\"author\" content=\"Dila \u015eeng\u00fcl\" \/>\n<meta name=\"twitter:card\" content=\"summary_large_image\" \/>\n<meta name=\"twitter:creator\" content=\"@TheEpochTimesTR\" \/>\n<meta name=\"twitter:site\" content=\"@TheEpochTimesTR\" \/>\n<meta name=\"twitter:label1\" content=\"Yazan:\" \/>\n\t<meta name=\"twitter:data1\" content=\"Dila \u015eeng\u00fcl\" \/>\n\t<meta name=\"twitter:label2\" content=\"Tahmini okuma s\u00fcresi\" \/>\n\t<meta name=\"twitter:data2\" content=\"5 dakika\" \/>\n<script type=\"application\/ld+json\" class=\"yoast-schema-graph\">{\"@context\":\"https:\/\/schema.org\",\"@graph\":[{\"@type\":\"Article\",\"@id\":\"https:\/\/epochtimestr.com\/index.php\/bahceli-82-kerkuk-83-musul-deme-hakkinin-onunde-hicbir-guc-duramayacaktir#article\",\"isPartOf\":{\"@id\":\"https:\/\/epochtimestr.com\/index.php\/bahceli-82-kerkuk-83-musul-deme-hakkinin-onunde-hicbir-guc-duramayacaktir\"},\"author\":{\"name\":\"Dila \u015eeng\u00fcl\",\"@id\":\"https:\/\/epochtimestr.com\/#\/schema\/person\/412e3e18fe3d446442ee7c2c11db0c47\"},\"headline\":\"Bah\u00e7eli: \u201982 Kerk\u00fck, 83 Musul Deme Hakk\u0131n\u0131n \u00d6n\u00fcnde Hi\u00e7bir G\u00fc\u00e7 Duramayacakt\u0131r&#8217;\",\"datePublished\":\"2017-10-03T09:33:44+00:00\",\"dateModified\":\"2017-10-03T09:33:44+00:00\",\"mainEntityOfPage\":{\"@id\":\"https:\/\/epochtimestr.com\/index.php\/bahceli-82-kerkuk-83-musul-deme-hakkinin-onunde-hicbir-guc-duramayacaktir\"},\"wordCount\":1034,\"publisher\":{\"@id\":\"https:\/\/epochtimestr.com\/#organization\"},\"image\":{\"@id\":\"https:\/\/epochtimestr.com\/index.php\/bahceli-82-kerkuk-83-musul-deme-hakkinin-onunde-hicbir-guc-duramayacaktir#primaryimage\"},\"thumbnailUrl\":\"https:\/\/epochtimestr.com\/wp-content\/uploads\/2011y\/2192558-2.jpg\",\"articleSection\":[\"G\u00dcNDEM\",\"T\u00dcRK\u0130YE\"],\"inLanguage\":\"tr\"},{\"@type\":\"WebPage\",\"@id\":\"https:\/\/epochtimestr.com\/index.php\/bahceli-82-kerkuk-83-musul-deme-hakkinin-onunde-hicbir-guc-duramayacaktir\",\"url\":\"https:\/\/epochtimestr.com\/index.php\/bahceli-82-kerkuk-83-musul-deme-hakkinin-onunde-hicbir-guc-duramayacaktir\",\"name\":\"Bah\u00e7eli: \u201982 Kerk\u00fck, 83 Musul Deme Hakk\u0131n\u0131n \u00d6n\u00fcnde Hi\u00e7bir G\u00fc\u00e7 Duramayacakt\u0131r' - The Epoch Times TR\",\"isPartOf\":{\"@id\":\"https:\/\/epochtimestr.com\/#website\"},\"primaryImageOfPage\":{\"@id\":\"https:\/\/epochtimestr.com\/index.php\/bahceli-82-kerkuk-83-musul-deme-hakkinin-onunde-hicbir-guc-duramayacaktir#primaryimage\"},\"image\":{\"@id\":\"https:\/\/epochtimestr.com\/index.php\/bahceli-82-kerkuk-83-musul-deme-hakkinin-onunde-hicbir-guc-duramayacaktir#primaryimage\"},\"thumbnailUrl\":\"https:\/\/epochtimestr.com\/wp-content\/uploads\/2011y\/2192558-2.jpg\",\"datePublished\":\"2017-10-03T09:33:44+00:00\",\"dateModified\":\"2017-10-03T09:33:44+00:00\",\"inLanguage\":\"tr\",\"potentialAction\":[{\"@type\":\"ReadAction\",\"target\":[\"https:\/\/epochtimestr.com\/index.php\/bahceli-82-kerkuk-83-musul-deme-hakkinin-onunde-hicbir-guc-duramayacaktir\"]}]},{\"@type\":\"ImageObject\",\"inLanguage\":\"tr\",\"@id\":\"https:\/\/epochtimestr.com\/index.php\/bahceli-82-kerkuk-83-musul-deme-hakkinin-onunde-hicbir-guc-duramayacaktir#primaryimage\",\"url\":\"https:\/\/epochtimestr.com\/wp-content\/uploads\/2011y\/2192558-2.jpg\",\"contentUrl\":\"https:\/\/epochtimestr.com\/wp-content\/uploads\/2011y\/2192558-2.jpg\",\"width\":664,\"height\":354},{\"@type\":\"WebSite\",\"@id\":\"https:\/\/epochtimestr.com\/#website\",\"url\":\"https:\/\/epochtimestr.com\/\",\"name\":\"The Epoch Times TR\",\"description\":\"De\u011fi\u015fen D\u00fcnyam\u0131za Taze Bir Bak\u0131\u015f\",\"publisher\":{\"@id\":\"https:\/\/epochtimestr.com\/#organization\"},\"potentialAction\":[{\"@type\":\"SearchAction\",\"target\":{\"@type\":\"EntryPoint\",\"urlTemplate\":\"https:\/\/epochtimestr.com\/?s={search_term_string}\"},\"query-input\":\"required name=search_term_string\"}],\"inLanguage\":\"tr\"},{\"@type\":\"Organization\",\"@id\":\"https:\/\/epochtimestr.com\/#organization\",\"name\":\"The EpochTimes T\u00fcrkiye\",\"url\":\"https:\/\/epochtimestr.com\/\",\"logo\":{\"@type\":\"ImageObject\",\"inLanguage\":\"tr\",\"@id\":\"https:\/\/epochtimestr.com\/#\/schema\/logo\/image\/\",\"url\":\"https:\/\/epochtimestr.com\/wp-content\/uploads\/2011y\/ET-Logo-YG.jpg\",\"contentUrl\":\"https:\/\/epochtimestr.com\/wp-content\/uploads\/2011y\/ET-Logo-YG.jpg\",\"width\":346,\"height\":29,\"caption\":\"The EpochTimes T\u00fcrkiye\"},\"image\":{\"@id\":\"https:\/\/epochtimestr.com\/#\/schema\/logo\/image\/\"},\"sameAs\":[\"https:\/\/www.facebook.com\/theepochtimestr\",\"https:\/\/x.com\/TheEpochTimesTR\",\"https:\/\/www.instagram.com\/epochtimestr\"]},{\"@type\":\"Person\",\"@id\":\"https:\/\/epochtimestr.com\/#\/schema\/person\/412e3e18fe3d446442ee7c2c11db0c47\",\"name\":\"Dila \u015eeng\u00fcl\",\"image\":{\"@type\":\"ImageObject\",\"inLanguage\":\"tr\",\"@id\":\"https:\/\/epochtimestr.com\/#\/schema\/person\/image\/\",\"url\":\"https:\/\/secure.gravatar.com\/avatar\/96e2af9ac9b3efd03257d930e8b4a5d2?s=96&d=mm&r=g\",\"contentUrl\":\"https:\/\/secure.gravatar.com\/avatar\/96e2af9ac9b3efd03257d930e8b4a5d2?s=96&d=mm&r=g\",\"caption\":\"Dila \u015eeng\u00fcl\"},\"url\":\"https:\/\/epochtimestr.com\/index.php\/author\/dila\"}]}<\/script>\n<!-- \/ Yoast SEO plugin. -->","yoast_head_json":{"title":"Bah\u00e7eli: \u201982 Kerk\u00fck, 83 Musul Deme Hakk\u0131n\u0131n \u00d6n\u00fcnde Hi\u00e7bir G\u00fc\u00e7 Duramayacakt\u0131r' - The Epoch Times TR","robots":{"index":"index","follow":"follow","max-snippet":"max-snippet:-1","max-image-preview":"max-image-preview:large","max-video-preview":"max-video-preview:-1"},"canonical":"https:\/\/epochtimestr.com\/index.php\/bahceli-82-kerkuk-83-musul-deme-hakkinin-onunde-hicbir-guc-duramayacaktir","og_locale":"tr_TR","og_type":"article","og_title":"Bah\u00e7eli: \u201982 Kerk\u00fck, 83 Musul Deme Hakk\u0131n\u0131n \u00d6n\u00fcnde Hi\u00e7bir G\u00fc\u00e7 Duramayacakt\u0131r' - The Epoch Times TR","og_description":"Irak\u2019\u0131n toprak b\u00fct\u00fcnl\u00fc\u011f\u00fcn\u00fcn bozulmas\u0131 durumunda T\u00fcrkiye\u2019nin buna sessiz kalamayaca\u011f\u0131n\u0131 dile getiren MHP lideri Bah\u00e7eli, \u201cO zaman geldi\u011finde, tarih co\u011frafyaya dar geldi\u011finde Misak-\u0131 Milli uyanacak; \u201981 D\u00fczce\u2019den\u2019 hemen sonra \u201982 Kerk\u00fck, 83 Musul\u2019 deme hakk\u0131n\u0131n \u00f6n\u00fcnde hi\u00e7bir g\u00fc\u00e7 duramayacakt\u0131r\u201d dedi. MHP Genel Ba\u015fkan\u0131 Devlet Bah\u00e7eli, partisinin TBMM\u2019deki yeni yasama d\u00f6neminin ilk grup toplant\u0131s\u0131nda konu\u015ftu. &#8220;S\u00f6zlerimin hemen [&hellip;]","og_url":"https:\/\/epochtimestr.com\/index.php\/bahceli-82-kerkuk-83-musul-deme-hakkinin-onunde-hicbir-guc-duramayacaktir","og_site_name":"The Epoch Times TR","article_publisher":"https:\/\/www.facebook.com\/theepochtimestr","article_published_time":"2017-10-03T09:33:44+00:00","og_image":[{"width":664,"height":354,"url":"https:\/\/epochtimestr.com\/wp-content\/uploads\/2011y\/2192558-2.jpg","type":"image\/jpeg"}],"author":"Dila \u015eeng\u00fcl","twitter_card":"summary_large_image","twitter_creator":"@TheEpochTimesTR","twitter_site":"@TheEpochTimesTR","twitter_misc":{"Yazan:":"Dila \u015eeng\u00fcl","Tahmini okuma s\u00fcresi":"5 dakika"},"schema":{"@context":"https:\/\/schema.org","@graph":[{"@type":"Article","@id":"https:\/\/epochtimestr.com\/index.php\/bahceli-82-kerkuk-83-musul-deme-hakkinin-onunde-hicbir-guc-duramayacaktir#article","isPartOf":{"@id":"https:\/\/epochtimestr.com\/index.php\/bahceli-82-kerkuk-83-musul-deme-hakkinin-onunde-hicbir-guc-duramayacaktir"},"author":{"name":"Dila \u015eeng\u00fcl","@id":"https:\/\/epochtimestr.com\/#\/schema\/person\/412e3e18fe3d446442ee7c2c11db0c47"},"headline":"Bah\u00e7eli: \u201982 Kerk\u00fck, 83 Musul Deme Hakk\u0131n\u0131n \u00d6n\u00fcnde Hi\u00e7bir G\u00fc\u00e7 Duramayacakt\u0131r&#8217;","datePublished":"2017-10-03T09:33:44+00:00","dateModified":"2017-10-03T09:33:44+00:00","mainEntityOfPage":{"@id":"https:\/\/epochtimestr.com\/index.php\/bahceli-82-kerkuk-83-musul-deme-hakkinin-onunde-hicbir-guc-duramayacaktir"},"wordCount":1034,"publisher":{"@id":"https:\/\/epochtimestr.com\/#organization"},"image":{"@id":"https:\/\/epochtimestr.com\/index.php\/bahceli-82-kerkuk-83-musul-deme-hakkinin-onunde-hicbir-guc-duramayacaktir#primaryimage"},"thumbnailUrl":"https:\/\/epochtimestr.com\/wp-content\/uploads\/2011y\/2192558-2.jpg","articleSection":["G\u00dcNDEM","T\u00dcRK\u0130YE"],"inLanguage":"tr"},{"@type":"WebPage","@id":"https:\/\/epochtimestr.com\/index.php\/bahceli-82-kerkuk-83-musul-deme-hakkinin-onunde-hicbir-guc-duramayacaktir","url":"https:\/\/epochtimestr.com\/index.php\/bahceli-82-kerkuk-83-musul-deme-hakkinin-onunde-hicbir-guc-duramayacaktir","name":"Bah\u00e7eli: \u201982 Kerk\u00fck, 83 Musul Deme Hakk\u0131n\u0131n \u00d6n\u00fcnde Hi\u00e7bir G\u00fc\u00e7 Duramayacakt\u0131r' - The Epoch Times TR","isPartOf":{"@id":"https:\/\/epochtimestr.com\/#website"},"primaryImageOfPage":{"@id":"https:\/\/epochtimestr.com\/index.php\/bahceli-82-kerkuk-83-musul-deme-hakkinin-onunde-hicbir-guc-duramayacaktir#primaryimage"},"image":{"@id":"https:\/\/epochtimestr.com\/index.php\/bahceli-82-kerkuk-83-musul-deme-hakkinin-onunde-hicbir-guc-duramayacaktir#primaryimage"},"thumbnailUrl":"https:\/\/epochtimestr.com\/wp-content\/uploads\/2011y\/2192558-2.jpg","datePublished":"2017-10-03T09:33:44+00:00","dateModified":"2017-10-03T09:33:44+00:00","inLanguage":"tr","potentialAction":[{"@type":"ReadAction","target":["https:\/\/epochtimestr.com\/index.php\/bahceli-82-kerkuk-83-musul-deme-hakkinin-onunde-hicbir-guc-duramayacaktir"]}]},{"@type":"ImageObject","inLanguage":"tr","@id":"https:\/\/epochtimestr.com\/index.php\/bahceli-82-kerkuk-83-musul-deme-hakkinin-onunde-hicbir-guc-duramayacaktir#primaryimage","url":"https:\/\/epochtimestr.com\/wp-content\/uploads\/2011y\/2192558-2.jpg","contentUrl":"https:\/\/epochtimestr.com\/wp-content\/uploads\/2011y\/2192558-2.jpg","width":664,"height":354},{"@type":"WebSite","@id":"https:\/\/epochtimestr.com\/#website","url":"https:\/\/epochtimestr.com\/","name":"The Epoch Times TR","description":"De\u011fi\u015fen D\u00fcnyam\u0131za Taze Bir Bak\u0131\u015f","publisher":{"@id":"https:\/\/epochtimestr.com\/#organization"},"potentialAction":[{"@type":"SearchAction","target":{"@type":"EntryPoint","urlTemplate":"https:\/\/epochtimestr.com\/?s={search_term_string}"},"query-input":"required name=search_term_string"}],"inLanguage":"tr"},{"@type":"Organization","@id":"https:\/\/epochtimestr.com\/#organization","name":"The EpochTimes T\u00fcrkiye","url":"https:\/\/epochtimestr.com\/","logo":{"@type":"ImageObject","inLanguage":"tr","@id":"https:\/\/epochtimestr.com\/#\/schema\/logo\/image\/","url":"https:\/\/epochtimestr.com\/wp-content\/uploads\/2011y\/ET-Logo-YG.jpg","contentUrl":"https:\/\/epochtimestr.com\/wp-content\/uploads\/2011y\/ET-Logo-YG.jpg","width":346,"height":29,"caption":"The EpochTimes T\u00fcrkiye"},"image":{"@id":"https:\/\/epochtimestr.com\/#\/schema\/logo\/image\/"},"sameAs":["https:\/\/www.facebook.com\/theepochtimestr","https:\/\/x.com\/TheEpochTimesTR","https:\/\/www.instagram.com\/epochtimestr"]},{"@type":"Person","@id":"https:\/\/epochtimestr.com\/#\/schema\/person\/412e3e18fe3d446442ee7c2c11db0c47","name":"Dila \u015eeng\u00fcl","image":{"@type":"ImageObject","inLanguage":"tr","@id":"https:\/\/epochtimestr.com\/#\/schema\/person\/image\/","url":"https:\/\/secure.gravatar.com\/avatar\/96e2af9ac9b3efd03257d930e8b4a5d2?s=96&d=mm&r=g","contentUrl":"https:\/\/secure.gravatar.com\/avatar\/96e2af9ac9b3efd03257d930e8b4a5d2?s=96&d=mm&r=g","caption":"Dila \u015eeng\u00fcl"},"url":"https:\/\/epochtimestr.com\/index.php\/author\/dila"}]}},"_links":{"self":[{"href":"https:\/\/epochtimestr.com\/index.php\/wp-json\/wp\/v2\/posts\/107938"}],"collection":[{"href":"https:\/\/epochtimestr.com\/index.php\/wp-json\/wp\/v2\/posts"}],"about":[{"href":"https:\/\/epochtimestr.com\/index.php\/wp-json\/wp\/v2\/types\/post"}],"author":[{"embeddable":true,"href":"https:\/\/epochtimestr.com\/index.php\/wp-json\/wp\/v2\/users\/12464"}],"replies":[{"embeddable":true,"href":"https:\/\/epochtimestr.com\/index.php\/wp-json\/wp\/v2\/comments?post=107938"}],"version-history":[{"count":1,"href":"https:\/\/epochtimestr.com\/index.php\/wp-json\/wp\/v2\/posts\/107938\/revisions"}],"predecessor-version":[{"id":107940,"href":"https:\/\/epochtimestr.com\/index.php\/wp-json\/wp\/v2\/posts\/107938\/revisions\/107940"}],"wp:featuredmedia":[{"embeddable":true,"href":"https:\/\/epochtimestr.com\/index.php\/wp-json\/wp\/v2\/media\/107939"}],"wp:attachment":[{"href":"https:\/\/epochtimestr.com\/index.php\/wp-json\/wp\/v2\/media?parent=107938"}],"wp:term":[{"taxonomy":"category","embeddable":true,"href":"https:\/\/epochtimestr.com\/index.php\/wp-json\/wp\/v2\/categories?post=107938"},{"taxonomy":"post_tag","embeddable":true,"href":"https:\/\/epochtimestr.com\/index.php\/wp-json\/wp\/v2\/tags?post=107938"}],"curies":[{"name":"wp","href":"https:\/\/api.w.org\/{rel}","templated":true}]}}