{"id":109853,"date":"2017-12-09T08:47:23","date_gmt":"2017-12-09T05:47:23","guid":{"rendered":"http:\/\/epochtimestr.com\/?p=109853"},"modified":"2017-12-09T12:55:28","modified_gmt":"2017-12-09T09:55:28","slug":"kudus-nerede-kudusun-tarihi-ve-onemi","status":"publish","type":"post","link":"https:\/\/epochtimestr.com\/index.php\/kudus-nerede-kudusun-tarihi-ve-onemi","title":{"rendered":"Kud\u00fcs Nerede? Kud\u00fcs&#8217;\u00fcn Tarihi Ve \u00d6nemi"},"content":{"rendered":"<p><img loading=\"lazy\" decoding=\"async\" class=\"alignnone size-large wp-image-109854\" src=\"https:\/\/epochtimestr.com\/wp-content\/uploads\/2011y\/kud\u00fcs-600x320.jpg\" alt=\"\" width=\"600\" height=\"320\" srcset=\"https:\/\/epochtimestr.com\/wp-content\/uploads\/2011y\/kud\u00fcs-600x320.jpg 600w, https:\/\/epochtimestr.com\/wp-content\/uploads\/2011y\/kud\u00fcs-150x80.jpg 150w, https:\/\/epochtimestr.com\/wp-content\/uploads\/2011y\/kud\u00fcs-300x160.jpg 300w, https:\/\/epochtimestr.com\/wp-content\/uploads\/2011y\/kud\u00fcs-292x156.jpg 292w, https:\/\/epochtimestr.com\/wp-content\/uploads\/2011y\/kud\u00fcs-638x340.jpg 638w, https:\/\/epochtimestr.com\/wp-content\/uploads\/2011y\/kud\u00fcs-190x100.jpg 190w, https:\/\/epochtimestr.com\/wp-content\/uploads\/2011y\/kud\u00fcs-629x335.jpg 629w, https:\/\/epochtimestr.com\/wp-content\/uploads\/2011y\/kud\u00fcs.jpg 664w\" sizes=\"(max-width: 600px) 100vw, 600px\" \/><\/p>\n<p>ABD Ba\u015fkan\u0131 Donald Trump&#8217;\u0131n ge\u00e7ti\u011fimiz g\u00fcnlerde\u00a0Kud\u00fcs&#8217;\u00fc \u0130srail&#8217;in ba\u015fkenti ilan etmesiyle beraber bu karara bir\u00e7ok \u00fclkeden tepki ya\u011fd\u0131. D\u00fcnyan\u0131n farkl\u0131 yerinde insanlar\u00a0Kud\u00fcs&#8217;\u00fcn, \u0130srail&#8217;in ba\u015fkenti ilan edilmesi karar\u0131na tepki i\u00e7in protestolar ger\u00e7ekle\u015ftirdi.<\/p>\n<h3>KUD\u00dcS NEREDE?<\/h3>\n<p>Kud\u00fcs konumu itibariyle \u0130srail ve Filistin&#8217;in orta noktas\u0131nda yer almaktad\u0131r. Bu nedenle her iki \u00fclke i\u00e7in de b\u00fcy\u00fck \u00f6neme sahip olmaktad\u0131r. Kud\u00fcs&#8217;\u00fcn di\u011fer ismi, \u0130srailliler taraf\u0131ndan Jarusalem olarak bilinmektedir.<\/p>\n<p><img loading=\"lazy\" decoding=\"async\" class=\"alignnone size-full wp-image-109855\" src=\"https:\/\/epochtimestr.com\/wp-content\/uploads\/2011y\/kud\u00fcs-harita.jpg\" alt=\"\" width=\"590\" height=\"332\" srcset=\"https:\/\/epochtimestr.com\/wp-content\/uploads\/2011y\/kud\u00fcs-harita.jpg 590w, https:\/\/epochtimestr.com\/wp-content\/uploads\/2011y\/kud\u00fcs-harita-150x84.jpg 150w, https:\/\/epochtimestr.com\/wp-content\/uploads\/2011y\/kud\u00fcs-harita-300x169.jpg 300w, https:\/\/epochtimestr.com\/wp-content\/uploads\/2011y\/kud\u00fcs-harita-292x164.jpg 292w, https:\/\/epochtimestr.com\/wp-content\/uploads\/2011y\/kud\u00fcs-harita-400x225.jpg 400w\" sizes=\"(max-width: 590px) 100vw, 590px\" \/><\/p>\n<p><strong>KUD\u00dcS&#8217;\u00dcN TAR\u0130H\u0130 VE \u00d6NEM\u0130<\/strong><\/p>\n<p>Kud\u00fcs&#8217;\u00fcn tarihi, bilinene g\u00f6re milattan \u00f6nce 2000&#8217;lere kadar uzanmaktad\u0131r. Tarihi boyunca iki kez yok olma kaderini tadan \u015fehir, 23 i\u015fgale, 52 sald\u0131r\u0131ya tan\u0131kl\u0131k etmi\u015ftir. Hz. Muhammed S.A.V&#8217;in \u0130slamiyet&#8217;in yay\u0131lmas\u0131nda \u00f6nemli bir nokta olan Kud\u00fcs&#8217;ten Mira\u00e7&#8217;a y\u00fckseldi\u011fi ve Mescid-i Aksa&#8217;n\u0131n burada in\u015fa edildi\u011fi bilinmektedir. \u0130slam i\u00e7in \u00f6nemli oldu\u011fu kadar Yahudi ve Hristiyan dinleri i\u00e7in kabul g\u00f6ren baz\u0131 yap\u0131ta\u015flar\u0131 burada bulunmaktad\u0131r. \u0130sa&#8217;n\u0131n burada \u00e7arm\u0131ha gerildi\u011fi rivayeti ve bu nedenle buran\u0131n hac noktas\u0131 olarak kabul g\u00f6rmesi Hristiyanlar i\u00e7in, Milattan \u00f6nce 10. Y\u00fczy\u0131lda Kral Davud&#8217;un ele ge\u00e7irmesi ise Kud\u00fcs&#8217;\u00fc Yahudiler i\u00e7in anlaml\u0131 k\u0131lm\u0131\u015ft\u0131r.<\/p>\n<p>Kud\u00fcs, bar\u0131nd\u0131rd\u0131\u011f\u0131 dini de\u011ferlerle \u00fc\u00e7 din i\u00e7in (\u0130slam, Hristiyan, Yahudi dinine mensup olanlar\u0131n) ortak kutsal \u00f6neme sahip oldu\u011fu merkezdir. Harita \u00fczerinde Filistin ve \u0130srail&#8217;in orta noktas\u0131nda yer alan Kud\u00fcs, 800 bin ki\u015filik n\u00fcfusa sahiptir. \u0130\u00e7erisinde Mescid-i Aksa, A\u011flama Duvar\u0131, Kubbet-Us-Sahra gibi dini \u00f6neme sahip yerler bulunmaktad\u0131r. Peki, Kud\u00fcs nerededir? Harita \u00fczerinde bulundu\u011fu tam konum neresidir? \u0130\u015fte, Filistin ve \u0130srail&#8217;in ba\u015fkent olarak nitelendirdi\u011fi Kud\u00fcs hakk\u0131nda merak edilenler<\/p>\n<h3>KUD\u00dcS&#8217;TEK\u0130 YARIM ASIRLIK \u0130\u015eGAL<\/h3>\n<p>Do\u011fu Kud\u00fcs&#8217;\u00fc 5 Haziran 1967&#8217;de i\u015fgal eden \u0130srail, 1980&#8217;de tek tarafl\u0131 olarak kentin do\u011fusunu ve bat\u0131s\u0131n\u0131 &#8220;birle\u015fik ba\u015fkenti&#8221; ilan etti.<\/p>\n<p>Birle\u015fmi\u015f Milletler G\u00fcvenlik Konseyi (BGMK), 1980&#8217;de kabul etti\u011fi 478 say\u0131l\u0131 kararla, \u0130srail&#8217;in ilhak ve ba\u015fkent ilan\u0131n\u0131 ge\u00e7ersiz sayd\u0131. BMGK karar\u0131 \u00e7er\u00e7evesinde, ABD dahil uluslararas\u0131 toplum Do\u011fu Kud\u00fcs&#8217;\u00fcn i\u015fgal alt\u0131nda oldu\u011funu kabul ediyor.<\/p>\n<p>\u0130srail y\u00f6netimini tan\u0131yan t\u00fcm \u00fclkelerin b\u00fcy\u00fckel\u00e7ilikleri Tel Aviv&#8217;de bulunuyor. Hi\u00e7bir \u00fclke, Kud\u00fcs&#8217;\u00fc ya da do\u011fu ve bat\u0131 b\u00f6l\u00fcmlerini ba\u015fkent olarak kabul etmiyor.<\/p>\n<p>ABD, Trump&#8217;\u0131n hamlesiyle Kud\u00fcs&#8217;\u00fc \u0130srail&#8217;in ba\u015fkenti olarak tan\u0131yan ilk \u00fclke oldu. Uluslararas\u0131 toplumun tepkisini \u00e7eken Trump y\u00f6netimi, b\u00f6lgenin kaosa s\u00fcr\u00fcklenece\u011fi ve \u0130srail-Arap ihtilaf\u0131n\u0131n daha da \u00e7\u00f6z\u00fcms\u00fcz hale gelece\u011fi uyar\u0131lar\u0131n\u0131 g\u00f6z ard\u0131 etti.<\/p>\n<p>Osmanl\u0131, 28 Aral\u0131k 1516\u2019da Sinan Pa\u015fa \u00f6nderli\u011finde Yavuz Sultan Selim\u2019in M\u0131s\u0131r Seferinde Kud\u00fcs\u2019e giri\u015finin ard\u0131ndan 400 y\u0131l h\u00fckmetti. \u0130ngilizlerin 24 Ekim 1917\u2019de Kud\u00fcs&#8217;e sald\u0131rmalar\u0131n\u0131n ard\u0131ndan \u015fehir 9 Kas\u0131m 1917&#8217;de d\u00fc\u015ft\u00fc. Kud\u00fcs&#8217;\u00fcn Osmanl\u0131&#8217;n\u0131n hakimiyetinden \u00e7\u0131kma s\u00fcreci ise \u015f\u00f6yle:<\/p>\n<h3>Kanal Harekat\u0131<\/h3>\n<p>1915 ve 1916 y\u0131l\u0131nda M\u0131s\u0131r\u2019da Osmanl\u0131 hakimiyetini yeniden sa\u011flamak ve S\u00fcvey\u015f Kanal\u0131&#8217;n\u0131 ele ge\u00e7irerek \u0130ngiltere\u2019nin Hindistan yolunu kesmek amac\u0131yla giri\u015filen iki kanal harekat\u0131 ba\u015far\u0131s\u0131zl\u0131kla sonu\u00e7lan\u0131nca sava\u015f\u0131n a\u011f\u0131rl\u0131k noktas\u0131 Filistin ve Suriye\u2019ye kayd\u0131r\u0131ld\u0131. Bunun \u00fczerine Mekke \u015eerifi Emir H\u00fcseyin ile anla\u015fan ve onlara Suriye-Irak ve Hicaz\u0131 i\u00e7ine alan m\u00fcstakil bir Arap Devleti kurma vaadinde bulunan \u0130ngilizler, Siyonistlere Filistin&#8217;de bir devlet kurmalar\u0131 s\u00f6z\u00fcn\u00fc vermi\u015fti. B\u00f6ylece \u0130srail\u2019in kurulmas\u0131 i\u00e7in zemin haz\u0131rlanarak, Filistin meselesi olarak bilinen olaylar\u0131n zemini haz\u0131rlanm\u0131\u015ft\u0131.<\/p>\n<h3>Gazze Sava\u015flar\u0131<\/h3>\n<p>\u015eerif H\u00fcseyin ayaklanman\u0131n bast\u0131r\u0131lmas\u0131 i\u00e7in 4. Ordu&#8217;dan bir k\u0131s\u0131m birlikler Hicaz\u2019a g\u00f6nderildi. Ordunun geri kalan k\u0131sm\u0131 ise Gazze, Bat\u0131 \u015eeria ve Bir\u00fcssebi hatt\u0131nda savunmaya \u00e7ekildi. 1917 bahar\u0131nda \u0130ngilizler Gazze\u2019ye sald\u0131rd\u0131. 1. ve 2. Gazze Sava\u015flar\u0131 yap\u0131ld\u0131. \u0130ngilizler, T\u00fcrklerin kahramanca savunmas\u0131 kar\u015f\u0131s\u0131nda \u00e7ekilmek zorunda kald\u0131lar. Takviyelerini artt\u0131rmaya ba\u015flayan \u0130ngilizlerin Filistin cephesinde toplanmalar\u0131 \u00fczerine Cemal Pa\u015fa\u2019n\u0131n uyar\u0131s\u0131yla y\u0131ld\u0131r\u0131m ordular\u0131n\u0131n Irak cephesinde kullan\u0131lmas\u0131ndan vazge\u00e7ilerek, Filistin ve Suriye cephesinde kullan\u0131lmas\u0131 kararla\u015ft\u0131r\u0131ld\u0131.<\/p>\n<p>Sava\u015f haz\u0131rl\u0131klar\u0131n\u0131 tamamlayan \u0130ngilizler 24 Ekim 1917\u2019de 138 bin askerle taarruza ba\u015flad\u0131lar. Birusseba ve Gazze Sava\u015f\u0131n\u0131 kazand\u0131lar. 9 Kas\u0131m 1917\u2019de Kud\u00fcs d\u00fc\u015ft\u00fc. T\u00fcrk ordusu Kud\u00fcs\u2019ten sava\u015farak \u00e7ekildi. Bu \u00e7ekili\u015f s\u0131ras\u0131nda tarihin kaydetti\u011fi bir\u00e7ok kahramanl\u0131k \u00f6yk\u00fcs\u00fc ya\u015fand\u0131. Bu \u00f6yk\u00fclerden biri Kanal Harekat\u0131 s\u0131ras\u0131nda ya\u015fand\u0131.<\/p>\n<h3>&#8220;Bizi d\u00fc\u015fmana \u00e7i\u011fnetmeyin&#8221;<\/h3>\n<p>Cepheye ko\u015fan Osmanl\u0131 askerlerinin yollar\u0131na Filistinli kad\u0131nlar \u00e7\u0131karak onlara yiyecek verdi. Bir askerin g\u00fcnl\u00fc\u011f\u00fcndeki yaz\u0131larda \u015funlar yaz\u0131l\u0131d\u0131r:\u00a0\u201cM\u00fcfreze tam bir s\u00fcrat ve m\u00fckemmeliyetle toplan\u0131p yola d\u00fcz\u00fclm\u00fc\u015ft\u00fc. Filistin\u2019in kahraman analar\u0131 Zedud k\u00f6y\u00fcnden ge\u00e7en yolun iki taraf\u0131na dizilmi\u015f, ellerinde bak\u0131r bakra\u00e7larla askerlerimize su, s\u00fct ve yo\u011furt ikram ediyorlard\u0131. Bu fakir Arap k\u00f6y\u00fcn\u00fcn asil evlatlar\u0131, ana vatan u\u011fruna kurban giden T\u00fcrk \u00e7ocuklar\u0131na yapraklar\u0131 \u00fczerinde taze kopar\u0131lm\u0131\u015f portakallar ikram ettiler. Ve m\u00fcfreze k\u00f6yden ayr\u0131l\u0131rken ate\u015fin bir muhafaza i\u00e7inde saklanm\u0131\u015f inciler gibi g\u00f6z\u00fcken beyaz di\u015flere ve derinliklerinde zeka kaynayan g\u00fczel koyu siyah g\u00f6zlere sahip cevval Arap kad\u0131nlar\u0131 eski bir gelene\u011fe uyarak arkam\u0131zdan ba\u011f\u0131r\u0131yorlard\u0131; &#8216;Geriye d\u00f6nmeyin, bizi d\u00fc\u015fmana \u00e7i\u011fnetmeyin&#8217;. Ve sonu gelmeyen z\u0131lg\u0131tlar.\u201d<\/p>\n<h3>Osmanl\u0131 askeri Onba\u015f\u0131 Hasan Usta&#8217;n\u0131n 55 y\u0131ll\u0131k Kud\u00fcs n\u00f6beti<\/h3>\n<p>Gazze&#8217;de y\u00fcksek lisans yapan Rukiye H\u00fcseyin Osmanl\u0131, Tarih\u00e7i \u0130lhan Bardak\u00e7\u0131&#8217;n\u0131n 21 May\u0131s 1972 Cuma g\u00fcn\u00fc kar\u015f\u0131la\u015ft\u0131\u011f\u0131 Onba\u015f\u0131 Hasan Usta&#8217;n\u0131n hikayesini hat\u0131rlatt\u0131. Tarih\u00e7i \u0130lhan Bardak\u00e7\u0131&#8217;n\u0131n kaleminden hikaye \u015f\u00f6yle:<br \/>\n&#8220;Ben, o g\u00fcn buraya b\u0131rak\u0131lm\u0131\u015f 20. Kolordu 36. Tabur 8. B\u00f6l\u00fck 11. A\u011f\u0131r Makineli T\u00fcfek Tak\u0131m Komutan\u0131 Onba\u015f\u0131 Hasan\u2019\u0131m&#8230; Yarabbi. Bakt\u0131m, bir minare \u015ferefesi gibi gergin omuzlar\u0131 \u00fczerindeki ba\u015f\u0131, \u00f6p\u00fclesi sancak gibiydi&#8230; Ellerine bir kere daha uzand\u0131m. G\u00fcrler gibi m\u0131r\u0131ldand\u0131; &#8216;Sana, bir emanetim var o\u011ful. Nice y\u0131ld\u0131r saklar\u0131m. Emaneti yerine teslim eden mi?&#8217; Elbette, dedim, buyur hele&#8230; Konu\u015ftu; &#8216;Memlekete avdetinde yolun Tokat Sanca\u011f\u0131\u2019na d\u00fc\u015ferse&#8230; Git, buray\u0131 bana emanet eden kumandan\u0131m Kola\u011fas\u0131 (\u00d6n y\u00fczba\u015f\u0131) Musa Efendi\u2019yi bul. Ellerinden benim i\u00e7in bus et (\u00f6p). Ona de ki&#8217; Sonra, kumandan\u0131 oldu\u011fu tak\u0131m\u0131n makinelisi gibi g\u00fcrledi; &#8216;O\u2019na de ki g\u00f6n\u00fcl komas\u0131n. Ona de ki 11. Makineli Tak\u0131m Komutan\u0131 I\u011fd\u0131rl\u0131 Onba\u015f\u0131 Hasan, o g\u00fcnden bu yana, b\u0131rakt\u0131\u011f\u0131n yerde n\u00f6betinin ba\u015f\u0131ndad\u0131r. Tekmilim tamamd\u0131r kumandan\u0131m dedi dersin.&#8217; \u00d6leyazd\u0131m. Sonra yine dikeldi. Ta\u015f kesildi. Bir kez daha bakt\u0131m. Kapal\u0131 g\u00f6zleri ard\u0131ndan, d\u00f6rt bin y\u0131ll\u0131k Peygamber Oca\u011f\u0131 ordumuzun serhat n\u00f6bet\u00e7isi gibiydi. Ufuklar\u0131 g\u00f6zl\u00fcyordu. N\u00f6betinin ba\u015f\u0131nda idi. Tam 55 y\u0131l kendisini unutu\u015fumuzdaki nadanl\u0131\u011f\u0131m\u0131za ra\u011fmen devletine k\u00fcsmemi\u015fti.&#8221;<\/p>\n","protected":false},"excerpt":{"rendered":"<p>ABD Ba\u015fkan\u0131 Donald Trump&#8217;\u0131n ge\u00e7ti\u011fimiz g\u00fcnlerde\u00a0Kud\u00fcs&#8217;\u00fc \u0130srail&#8217;in ba\u015fkenti ilan etmesiyle beraber bu karara bir\u00e7ok \u00fclkeden tepki ya\u011fd\u0131. D\u00fcnyan\u0131n farkl\u0131 yerinde insanlar\u00a0Kud\u00fcs&#8217;\u00fcn, \u0130srail&#8217;in ba\u015fkenti ilan edilmesi karar\u0131na tepki i\u00e7in protestolar ger\u00e7ekle\u015ftirdi. KUD\u00dcS NEREDE? Kud\u00fcs konumu itibariyle \u0130srail ve Filistin&#8217;in orta noktas\u0131nda yer almaktad\u0131r. Bu nedenle her iki \u00fclke i\u00e7in de b\u00fcy\u00fck \u00f6neme sahip olmaktad\u0131r. Kud\u00fcs&#8217;\u00fcn di\u011fer [&hellip;]<\/p>\n","protected":false},"author":12791,"featured_media":109854,"comment_status":"closed","ping_status":"open","sticky":false,"template":"","format":"standard","meta":{"_yoast_wpseo_focuskw":"","_yoast_wpseo_title":"","_yoast_wpseo_metadesc":"","_bbp_topic_count":0,"_bbp_reply_count":0,"_bbp_total_topic_count":0,"_bbp_total_reply_count":0,"_bbp_voice_count":0,"_bbp_anonymous_reply_count":0,"_bbp_topic_count_hidden":0,"_bbp_reply_count_hidden":0,"_bbp_forum_subforum_count":0,"footnotes":"","_yoast_wpseo_focuskw_text_input":""},"categories":[5,1],"tags":[],"yoast_head":"<!-- This site is optimized with the Yoast SEO plugin v23.0 - https:\/\/yoast.com\/wordpress\/plugins\/seo\/ -->\n<title>Kud\u00fcs Nerede? Kud\u00fcs&#039;\u00fcn Tarihi Ve \u00d6nemi - The Epoch Times TR<\/title>\n<meta name=\"robots\" content=\"index, follow, max-snippet:-1, max-image-preview:large, max-video-preview:-1\" \/>\n<link rel=\"canonical\" href=\"https:\/\/epochtimestr.com\/index.php\/kudus-nerede-kudusun-tarihi-ve-onemi\" \/>\n<meta property=\"og:locale\" content=\"tr_TR\" \/>\n<meta property=\"og:type\" content=\"article\" \/>\n<meta property=\"og:title\" content=\"Kud\u00fcs Nerede? Kud\u00fcs&#039;\u00fcn Tarihi Ve \u00d6nemi - The Epoch Times TR\" \/>\n<meta property=\"og:description\" content=\"ABD Ba\u015fkan\u0131 Donald Trump&#8217;\u0131n ge\u00e7ti\u011fimiz g\u00fcnlerde\u00a0Kud\u00fcs&#8217;\u00fc \u0130srail&#8217;in ba\u015fkenti ilan etmesiyle beraber bu karara bir\u00e7ok \u00fclkeden tepki ya\u011fd\u0131. D\u00fcnyan\u0131n farkl\u0131 yerinde insanlar\u00a0Kud\u00fcs&#8217;\u00fcn, \u0130srail&#8217;in ba\u015fkenti ilan edilmesi karar\u0131na tepki i\u00e7in protestolar ger\u00e7ekle\u015ftirdi. KUD\u00dcS NEREDE? Kud\u00fcs konumu itibariyle \u0130srail ve Filistin&#8217;in orta noktas\u0131nda yer almaktad\u0131r. Bu nedenle her iki \u00fclke i\u00e7in de b\u00fcy\u00fck \u00f6neme sahip olmaktad\u0131r. Kud\u00fcs&#8217;\u00fcn di\u011fer [&hellip;]\" \/>\n<meta property=\"og:url\" content=\"https:\/\/epochtimestr.com\/index.php\/kudus-nerede-kudusun-tarihi-ve-onemi\" \/>\n<meta property=\"og:site_name\" content=\"The Epoch Times TR\" \/>\n<meta property=\"article:publisher\" content=\"https:\/\/www.facebook.com\/theepochtimestr\" \/>\n<meta property=\"article:published_time\" content=\"2017-12-09T05:47:23+00:00\" \/>\n<meta property=\"article:modified_time\" content=\"2017-12-09T09:55:28+00:00\" \/>\n<meta property=\"og:image\" content=\"https:\/\/epochtimestr.com\/wp-content\/uploads\/2011y\/kud\u00fcs.jpg\" \/>\n\t<meta property=\"og:image:width\" content=\"664\" \/>\n\t<meta property=\"og:image:height\" content=\"354\" \/>\n\t<meta property=\"og:image:type\" content=\"image\/jpeg\" \/>\n<meta name=\"author\" content=\"Haber Merkezi\" \/>\n<meta name=\"twitter:card\" content=\"summary_large_image\" \/>\n<meta name=\"twitter:creator\" content=\"@TheEpochTimesTR\" \/>\n<meta name=\"twitter:site\" content=\"@TheEpochTimesTR\" \/>\n<meta name=\"twitter:label1\" content=\"Yazan:\" \/>\n\t<meta name=\"twitter:data1\" content=\"Haber Merkezi\" \/>\n\t<meta name=\"twitter:label2\" content=\"Tahmini okuma s\u00fcresi\" \/>\n\t<meta name=\"twitter:data2\" content=\"6 dakika\" \/>\n<script type=\"application\/ld+json\" class=\"yoast-schema-graph\">{\"@context\":\"https:\/\/schema.org\",\"@graph\":[{\"@type\":\"Article\",\"@id\":\"https:\/\/epochtimestr.com\/index.php\/kudus-nerede-kudusun-tarihi-ve-onemi#article\",\"isPartOf\":{\"@id\":\"https:\/\/epochtimestr.com\/index.php\/kudus-nerede-kudusun-tarihi-ve-onemi\"},\"author\":{\"name\":\"Haber Merkezi\",\"@id\":\"https:\/\/epochtimestr.com\/#\/schema\/person\/3dc5c3adeb9f43923c5aa85889172fdd\"},\"headline\":\"Kud\u00fcs Nerede? Kud\u00fcs&#8217;\u00fcn Tarihi Ve \u00d6nemi\",\"datePublished\":\"2017-12-09T05:47:23+00:00\",\"dateModified\":\"2017-12-09T09:55:28+00:00\",\"mainEntityOfPage\":{\"@id\":\"https:\/\/epochtimestr.com\/index.php\/kudus-nerede-kudusun-tarihi-ve-onemi\"},\"wordCount\":1256,\"publisher\":{\"@id\":\"https:\/\/epochtimestr.com\/#organization\"},\"image\":{\"@id\":\"https:\/\/epochtimestr.com\/index.php\/kudus-nerede-kudusun-tarihi-ve-onemi#primaryimage\"},\"thumbnailUrl\":\"https:\/\/epochtimestr.com\/wp-content\/uploads\/2011y\/kud\u00fcs.jpg\",\"articleSection\":[\"D\u00dcNYA\",\"G\u00dcNDEM\"],\"inLanguage\":\"tr\"},{\"@type\":\"WebPage\",\"@id\":\"https:\/\/epochtimestr.com\/index.php\/kudus-nerede-kudusun-tarihi-ve-onemi\",\"url\":\"https:\/\/epochtimestr.com\/index.php\/kudus-nerede-kudusun-tarihi-ve-onemi\",\"name\":\"Kud\u00fcs Nerede? Kud\u00fcs'\u00fcn Tarihi Ve \u00d6nemi - The Epoch Times TR\",\"isPartOf\":{\"@id\":\"https:\/\/epochtimestr.com\/#website\"},\"primaryImageOfPage\":{\"@id\":\"https:\/\/epochtimestr.com\/index.php\/kudus-nerede-kudusun-tarihi-ve-onemi#primaryimage\"},\"image\":{\"@id\":\"https:\/\/epochtimestr.com\/index.php\/kudus-nerede-kudusun-tarihi-ve-onemi#primaryimage\"},\"thumbnailUrl\":\"https:\/\/epochtimestr.com\/wp-content\/uploads\/2011y\/kud\u00fcs.jpg\",\"datePublished\":\"2017-12-09T05:47:23+00:00\",\"dateModified\":\"2017-12-09T09:55:28+00:00\",\"inLanguage\":\"tr\",\"potentialAction\":[{\"@type\":\"ReadAction\",\"target\":[\"https:\/\/epochtimestr.com\/index.php\/kudus-nerede-kudusun-tarihi-ve-onemi\"]}]},{\"@type\":\"ImageObject\",\"inLanguage\":\"tr\",\"@id\":\"https:\/\/epochtimestr.com\/index.php\/kudus-nerede-kudusun-tarihi-ve-onemi#primaryimage\",\"url\":\"https:\/\/epochtimestr.com\/wp-content\/uploads\/2011y\/kud\u00fcs.jpg\",\"contentUrl\":\"https:\/\/epochtimestr.com\/wp-content\/uploads\/2011y\/kud\u00fcs.jpg\",\"width\":664,\"height\":354},{\"@type\":\"WebSite\",\"@id\":\"https:\/\/epochtimestr.com\/#website\",\"url\":\"https:\/\/epochtimestr.com\/\",\"name\":\"The Epoch Times TR\",\"description\":\"De\u011fi\u015fen D\u00fcnyam\u0131za Taze Bir Bak\u0131\u015f\",\"publisher\":{\"@id\":\"https:\/\/epochtimestr.com\/#organization\"},\"potentialAction\":[{\"@type\":\"SearchAction\",\"target\":{\"@type\":\"EntryPoint\",\"urlTemplate\":\"https:\/\/epochtimestr.com\/?s={search_term_string}\"},\"query-input\":\"required name=search_term_string\"}],\"inLanguage\":\"tr\"},{\"@type\":\"Organization\",\"@id\":\"https:\/\/epochtimestr.com\/#organization\",\"name\":\"The EpochTimes T\u00fcrkiye\",\"url\":\"https:\/\/epochtimestr.com\/\",\"logo\":{\"@type\":\"ImageObject\",\"inLanguage\":\"tr\",\"@id\":\"https:\/\/epochtimestr.com\/#\/schema\/logo\/image\/\",\"url\":\"https:\/\/epochtimestr.com\/wp-content\/uploads\/2011y\/ET-Logo-YG.jpg\",\"contentUrl\":\"https:\/\/epochtimestr.com\/wp-content\/uploads\/2011y\/ET-Logo-YG.jpg\",\"width\":346,\"height\":29,\"caption\":\"The EpochTimes T\u00fcrkiye\"},\"image\":{\"@id\":\"https:\/\/epochtimestr.com\/#\/schema\/logo\/image\/\"},\"sameAs\":[\"https:\/\/www.facebook.com\/theepochtimestr\",\"https:\/\/x.com\/TheEpochTimesTR\",\"https:\/\/www.instagram.com\/epochtimestr\"]},{\"@type\":\"Person\",\"@id\":\"https:\/\/epochtimestr.com\/#\/schema\/person\/3dc5c3adeb9f43923c5aa85889172fdd\",\"name\":\"Haber Merkezi\",\"image\":{\"@type\":\"ImageObject\",\"inLanguage\":\"tr\",\"@id\":\"https:\/\/epochtimestr.com\/#\/schema\/person\/image\/\",\"url\":\"https:\/\/secure.gravatar.com\/avatar\/d73f772ba5a74f28601361e17c2f93e6?s=96&d=mm&r=g\",\"contentUrl\":\"https:\/\/secure.gravatar.com\/avatar\/d73f772ba5a74f28601361e17c2f93e6?s=96&d=mm&r=g\",\"caption\":\"Haber Merkezi\"},\"url\":\"https:\/\/epochtimestr.com\/index.php\/author\/sendag\"}]}<\/script>\n<!-- \/ Yoast SEO plugin. -->","yoast_head_json":{"title":"Kud\u00fcs Nerede? Kud\u00fcs'\u00fcn Tarihi Ve \u00d6nemi - The Epoch Times TR","robots":{"index":"index","follow":"follow","max-snippet":"max-snippet:-1","max-image-preview":"max-image-preview:large","max-video-preview":"max-video-preview:-1"},"canonical":"https:\/\/epochtimestr.com\/index.php\/kudus-nerede-kudusun-tarihi-ve-onemi","og_locale":"tr_TR","og_type":"article","og_title":"Kud\u00fcs Nerede? Kud\u00fcs'\u00fcn Tarihi Ve \u00d6nemi - The Epoch Times TR","og_description":"ABD Ba\u015fkan\u0131 Donald Trump&#8217;\u0131n ge\u00e7ti\u011fimiz g\u00fcnlerde\u00a0Kud\u00fcs&#8217;\u00fc \u0130srail&#8217;in ba\u015fkenti ilan etmesiyle beraber bu karara bir\u00e7ok \u00fclkeden tepki ya\u011fd\u0131. D\u00fcnyan\u0131n farkl\u0131 yerinde insanlar\u00a0Kud\u00fcs&#8217;\u00fcn, \u0130srail&#8217;in ba\u015fkenti ilan edilmesi karar\u0131na tepki i\u00e7in protestolar ger\u00e7ekle\u015ftirdi. KUD\u00dcS NEREDE? Kud\u00fcs konumu itibariyle \u0130srail ve Filistin&#8217;in orta noktas\u0131nda yer almaktad\u0131r. Bu nedenle her iki \u00fclke i\u00e7in de b\u00fcy\u00fck \u00f6neme sahip olmaktad\u0131r. Kud\u00fcs&#8217;\u00fcn di\u011fer [&hellip;]","og_url":"https:\/\/epochtimestr.com\/index.php\/kudus-nerede-kudusun-tarihi-ve-onemi","og_site_name":"The Epoch Times TR","article_publisher":"https:\/\/www.facebook.com\/theepochtimestr","article_published_time":"2017-12-09T05:47:23+00:00","article_modified_time":"2017-12-09T09:55:28+00:00","og_image":[{"width":664,"height":354,"url":"https:\/\/epochtimestr.com\/wp-content\/uploads\/2011y\/kud\u00fcs.jpg","type":"image\/jpeg"}],"author":"Haber Merkezi","twitter_card":"summary_large_image","twitter_creator":"@TheEpochTimesTR","twitter_site":"@TheEpochTimesTR","twitter_misc":{"Yazan:":"Haber Merkezi","Tahmini okuma s\u00fcresi":"6 dakika"},"schema":{"@context":"https:\/\/schema.org","@graph":[{"@type":"Article","@id":"https:\/\/epochtimestr.com\/index.php\/kudus-nerede-kudusun-tarihi-ve-onemi#article","isPartOf":{"@id":"https:\/\/epochtimestr.com\/index.php\/kudus-nerede-kudusun-tarihi-ve-onemi"},"author":{"name":"Haber Merkezi","@id":"https:\/\/epochtimestr.com\/#\/schema\/person\/3dc5c3adeb9f43923c5aa85889172fdd"},"headline":"Kud\u00fcs Nerede? Kud\u00fcs&#8217;\u00fcn Tarihi Ve \u00d6nemi","datePublished":"2017-12-09T05:47:23+00:00","dateModified":"2017-12-09T09:55:28+00:00","mainEntityOfPage":{"@id":"https:\/\/epochtimestr.com\/index.php\/kudus-nerede-kudusun-tarihi-ve-onemi"},"wordCount":1256,"publisher":{"@id":"https:\/\/epochtimestr.com\/#organization"},"image":{"@id":"https:\/\/epochtimestr.com\/index.php\/kudus-nerede-kudusun-tarihi-ve-onemi#primaryimage"},"thumbnailUrl":"https:\/\/epochtimestr.com\/wp-content\/uploads\/2011y\/kud\u00fcs.jpg","articleSection":["D\u00dcNYA","G\u00dcNDEM"],"inLanguage":"tr"},{"@type":"WebPage","@id":"https:\/\/epochtimestr.com\/index.php\/kudus-nerede-kudusun-tarihi-ve-onemi","url":"https:\/\/epochtimestr.com\/index.php\/kudus-nerede-kudusun-tarihi-ve-onemi","name":"Kud\u00fcs Nerede? Kud\u00fcs'\u00fcn Tarihi Ve \u00d6nemi - The Epoch Times TR","isPartOf":{"@id":"https:\/\/epochtimestr.com\/#website"},"primaryImageOfPage":{"@id":"https:\/\/epochtimestr.com\/index.php\/kudus-nerede-kudusun-tarihi-ve-onemi#primaryimage"},"image":{"@id":"https:\/\/epochtimestr.com\/index.php\/kudus-nerede-kudusun-tarihi-ve-onemi#primaryimage"},"thumbnailUrl":"https:\/\/epochtimestr.com\/wp-content\/uploads\/2011y\/kud\u00fcs.jpg","datePublished":"2017-12-09T05:47:23+00:00","dateModified":"2017-12-09T09:55:28+00:00","inLanguage":"tr","potentialAction":[{"@type":"ReadAction","target":["https:\/\/epochtimestr.com\/index.php\/kudus-nerede-kudusun-tarihi-ve-onemi"]}]},{"@type":"ImageObject","inLanguage":"tr","@id":"https:\/\/epochtimestr.com\/index.php\/kudus-nerede-kudusun-tarihi-ve-onemi#primaryimage","url":"https:\/\/epochtimestr.com\/wp-content\/uploads\/2011y\/kud\u00fcs.jpg","contentUrl":"https:\/\/epochtimestr.com\/wp-content\/uploads\/2011y\/kud\u00fcs.jpg","width":664,"height":354},{"@type":"WebSite","@id":"https:\/\/epochtimestr.com\/#website","url":"https:\/\/epochtimestr.com\/","name":"The Epoch Times TR","description":"De\u011fi\u015fen D\u00fcnyam\u0131za Taze Bir Bak\u0131\u015f","publisher":{"@id":"https:\/\/epochtimestr.com\/#organization"},"potentialAction":[{"@type":"SearchAction","target":{"@type":"EntryPoint","urlTemplate":"https:\/\/epochtimestr.com\/?s={search_term_string}"},"query-input":"required name=search_term_string"}],"inLanguage":"tr"},{"@type":"Organization","@id":"https:\/\/epochtimestr.com\/#organization","name":"The EpochTimes T\u00fcrkiye","url":"https:\/\/epochtimestr.com\/","logo":{"@type":"ImageObject","inLanguage":"tr","@id":"https:\/\/epochtimestr.com\/#\/schema\/logo\/image\/","url":"https:\/\/epochtimestr.com\/wp-content\/uploads\/2011y\/ET-Logo-YG.jpg","contentUrl":"https:\/\/epochtimestr.com\/wp-content\/uploads\/2011y\/ET-Logo-YG.jpg","width":346,"height":29,"caption":"The EpochTimes T\u00fcrkiye"},"image":{"@id":"https:\/\/epochtimestr.com\/#\/schema\/logo\/image\/"},"sameAs":["https:\/\/www.facebook.com\/theepochtimestr","https:\/\/x.com\/TheEpochTimesTR","https:\/\/www.instagram.com\/epochtimestr"]},{"@type":"Person","@id":"https:\/\/epochtimestr.com\/#\/schema\/person\/3dc5c3adeb9f43923c5aa85889172fdd","name":"Haber Merkezi","image":{"@type":"ImageObject","inLanguage":"tr","@id":"https:\/\/epochtimestr.com\/#\/schema\/person\/image\/","url":"https:\/\/secure.gravatar.com\/avatar\/d73f772ba5a74f28601361e17c2f93e6?s=96&d=mm&r=g","contentUrl":"https:\/\/secure.gravatar.com\/avatar\/d73f772ba5a74f28601361e17c2f93e6?s=96&d=mm&r=g","caption":"Haber Merkezi"},"url":"https:\/\/epochtimestr.com\/index.php\/author\/sendag"}]}},"_links":{"self":[{"href":"https:\/\/epochtimestr.com\/index.php\/wp-json\/wp\/v2\/posts\/109853"}],"collection":[{"href":"https:\/\/epochtimestr.com\/index.php\/wp-json\/wp\/v2\/posts"}],"about":[{"href":"https:\/\/epochtimestr.com\/index.php\/wp-json\/wp\/v2\/types\/post"}],"author":[{"embeddable":true,"href":"https:\/\/epochtimestr.com\/index.php\/wp-json\/wp\/v2\/users\/12791"}],"replies":[{"embeddable":true,"href":"https:\/\/epochtimestr.com\/index.php\/wp-json\/wp\/v2\/comments?post=109853"}],"version-history":[{"count":1,"href":"https:\/\/epochtimestr.com\/index.php\/wp-json\/wp\/v2\/posts\/109853\/revisions"}],"predecessor-version":[{"id":109856,"href":"https:\/\/epochtimestr.com\/index.php\/wp-json\/wp\/v2\/posts\/109853\/revisions\/109856"}],"wp:featuredmedia":[{"embeddable":true,"href":"https:\/\/epochtimestr.com\/index.php\/wp-json\/wp\/v2\/media\/109854"}],"wp:attachment":[{"href":"https:\/\/epochtimestr.com\/index.php\/wp-json\/wp\/v2\/media?parent=109853"}],"wp:term":[{"taxonomy":"category","embeddable":true,"href":"https:\/\/epochtimestr.com\/index.php\/wp-json\/wp\/v2\/categories?post=109853"},{"taxonomy":"post_tag","embeddable":true,"href":"https:\/\/epochtimestr.com\/index.php\/wp-json\/wp\/v2\/tags?post=109853"}],"curies":[{"name":"wp","href":"https:\/\/api.w.org\/{rel}","templated":true}]}}