{"id":112194,"date":"2018-02-23T19:00:16","date_gmt":"2018-02-23T16:00:16","guid":{"rendered":"http:\/\/epochtimestr.com\/?p=112194"},"modified":"2018-02-23T19:01:51","modified_gmt":"2018-02-23T16:01:51","slug":"tskdan-onemli-aciklama-2","status":"publish","type":"post","link":"https:\/\/epochtimestr.com\/index.php\/tskdan-onemli-aciklama-2","title":{"rendered":"TSK&#8217;dan \u00d6nemli A\u00e7\u0131klama"},"content":{"rendered":"<p><img loading=\"lazy\" decoding=\"async\" class=\"aligncenter wp-image-94191 size-large\" src=\"https:\/\/epochtimestr.com\/wp-content\/uploads\/2011y\/son-dakika-ETyeni-1-600x315.jpg\" alt=\"\" width=\"600\" height=\"315\" srcset=\"https:\/\/epochtimestr.com\/wp-content\/uploads\/2011y\/son-dakika-ETyeni-1.jpg 600w, https:\/\/epochtimestr.com\/wp-content\/uploads\/2011y\/son-dakika-ETyeni-1-150x79.jpg 150w, https:\/\/epochtimestr.com\/wp-content\/uploads\/2011y\/son-dakika-ETyeni-1-300x158.jpg 300w, https:\/\/epochtimestr.com\/wp-content\/uploads\/2011y\/son-dakika-ETyeni-1-292x153.jpg 292w, https:\/\/epochtimestr.com\/wp-content\/uploads\/2011y\/son-dakika-ETyeni-1-190x100.jpg 190w\" sizes=\"(max-width: 600px) 100vw, 600px\" \/><\/p>\n<p>Bug\u00fcn Zeytin Dal\u0131 Harekat\u0131&#8217;n\u0131n 35.g\u00fcn\u00fc. TSK, ter\u00f6r mensuplar\u0131ndan temizlenen b\u00f6lgelerde halk\u0131n evlerine d\u00f6nmeye ba\u015flad\u0131klar\u0131n\u0131\u00a0a\u00e7\u0131klad\u0131.<\/p>\n<p>TSK,&#8221;Zeytin Dal\u0131 Harekat\u0131&#8217;n\u0131n maksatlar\u0131ndan biri de &#8216;Afrin Afrinlilerindir&#8217; ger\u00e7e\u011finden hareketle dost ve karde\u015f b\u00f6lge halk\u0131n\u0131n, ter\u00f6ristlerin bask\u0131 ve zulm\u00fcnden kurtar\u0131larak tekrar evlerine d\u00f6nmelerini sa\u011flamakt\u0131r. Ayr\u0131ca ter\u00f6ristlerden ar\u0131nd\u0131r\u0131lan yerle\u015fim yerlerinde ya\u015fayan halka \u015fu ana kadar ihtiya\u00e7 duyduklar\u0131 gerekli t\u00fcm insani yard\u0131mlar yap\u0131lmakta ve halk\u0131n harekata olan olumlu yakla\u015f\u0131m\u0131 ile T\u00fcrk Silahl\u0131 Kuvvetlerine kar\u015f\u0131 sevgisi a\u00e7\u0131k\u00e7a g\u00f6r\u00fclmektedir.<\/p>\n<p>Ter\u00f6r \u00f6rg\u00fct\u00fc s\u0131\u011f\u0131naklar\u0131n\u0131 kullanan ve askerlerimize ate\u015f ederken etkisiz hale getirilen ter\u00f6ristlerin sivil kabul edilmesi m\u00fcmk\u00fcn de\u011fildir.<\/p>\n<p>DEA\u015e ile m\u00fccadele konusunda en ufak bir sapma olmad\u0131\u011f\u0131 gibi tam aksine s\u00f6z konusu ter\u00f6r \u00f6rg\u00fct\u00fc ile m\u00fccadeleye T\u00fcrk Silahl\u0131 Kuvvetleri taraf\u0131ndan di\u011fer \u00fclkelerden \u00e7ok daha fazla katk\u0131 sa\u011flanmaktad\u0131r.<\/p>\n<p>T\u00fcrk Silahl\u0131 Kuvvetleri hakk\u0131nda ger\u00e7ek olmayan foto\u011fraf ve videolar servis edilerek Zeytin Dal\u0131 Harekat\u0131 ile ilgili olumsuz bir alg\u0131 olu\u015fturulmaya \u00e7al\u0131\u015f\u0131lmaktad\u0131r. S\u00f6z konusu bilgi, foto\u011fraf, video ve haberlerin ger\u00e7ek d\u0131\u015f\u0131, maksatl\u0131 ve ulusal\/uluslararas\u0131 kamuoyunu yan\u0131ltmak amac\u0131yla yap\u0131ld\u0131\u011f\u0131 her seferinde sabit delillerle kan\u0131tlanmaktad\u0131r.&#8221; a\u00e7\u0131klamas\u0131nda bulundu.<\/p>\n","protected":false},"excerpt":{"rendered":"<p>Bug\u00fcn Zeytin Dal\u0131 Harekat\u0131&#8217;n\u0131n 35.g\u00fcn\u00fc. TSK, ter\u00f6r mensuplar\u0131ndan temizlenen b\u00f6lgelerde halk\u0131n evlerine d\u00f6nmeye ba\u015flad\u0131klar\u0131n\u0131\u00a0a\u00e7\u0131klad\u0131. TSK,&#8221;Zeytin Dal\u0131 Harekat\u0131&#8217;n\u0131n maksatlar\u0131ndan biri de &#8216;Afrin Afrinlilerindir&#8217; ger\u00e7e\u011finden hareketle dost ve karde\u015f b\u00f6lge halk\u0131n\u0131n, ter\u00f6ristlerin bask\u0131 ve zulm\u00fcnden kurtar\u0131larak tekrar evlerine d\u00f6nmelerini sa\u011flamakt\u0131r. Ayr\u0131ca ter\u00f6ristlerden ar\u0131nd\u0131r\u0131lan yerle\u015fim yerlerinde ya\u015fayan halka \u015fu ana kadar ihtiya\u00e7 duyduklar\u0131 gerekli t\u00fcm insani yard\u0131mlar yap\u0131lmakta [&hellip;]<\/p>\n","protected":false},"author":12464,"featured_media":94191,"comment_status":"closed","ping_status":"open","sticky":false,"template":"","format":"standard","meta":{"_yoast_wpseo_focuskw":"","_yoast_wpseo_title":"","_yoast_wpseo_metadesc":"","_bbp_topic_count":0,"_bbp_reply_count":0,"_bbp_total_topic_count":0,"_bbp_total_reply_count":0,"_bbp_voice_count":0,"_bbp_anonymous_reply_count":0,"_bbp_topic_count_hidden":0,"_bbp_reply_count_hidden":0,"_bbp_forum_subforum_count":0,"footnotes":"","_yoast_wpseo_focuskw_text_input":""},"categories":[1,37],"tags":[],"yoast_head":"<!-- This site is optimized with the Yoast SEO plugin v23.0 - https:\/\/yoast.com\/wordpress\/plugins\/seo\/ -->\n<title>TSK&#039;dan \u00d6nemli A\u00e7\u0131klama - The Epoch Times TR<\/title>\n<meta name=\"robots\" content=\"index, follow, max-snippet:-1, max-image-preview:large, max-video-preview:-1\" \/>\n<link rel=\"canonical\" href=\"https:\/\/epochtimestr.com\/index.php\/tskdan-onemli-aciklama-2\" \/>\n<meta property=\"og:locale\" content=\"tr_TR\" \/>\n<meta property=\"og:type\" content=\"article\" \/>\n<meta property=\"og:title\" content=\"TSK&#039;dan \u00d6nemli A\u00e7\u0131klama - The Epoch Times TR\" \/>\n<meta property=\"og:description\" content=\"Bug\u00fcn Zeytin Dal\u0131 Harekat\u0131&#8217;n\u0131n 35.g\u00fcn\u00fc. TSK, ter\u00f6r mensuplar\u0131ndan temizlenen b\u00f6lgelerde halk\u0131n evlerine d\u00f6nmeye ba\u015flad\u0131klar\u0131n\u0131\u00a0a\u00e7\u0131klad\u0131. TSK,&#8221;Zeytin Dal\u0131 Harekat\u0131&#8217;n\u0131n maksatlar\u0131ndan biri de &#8216;Afrin Afrinlilerindir&#8217; ger\u00e7e\u011finden hareketle dost ve karde\u015f b\u00f6lge halk\u0131n\u0131n, ter\u00f6ristlerin bask\u0131 ve zulm\u00fcnden kurtar\u0131larak tekrar evlerine d\u00f6nmelerini sa\u011flamakt\u0131r. Ayr\u0131ca ter\u00f6ristlerden ar\u0131nd\u0131r\u0131lan yerle\u015fim yerlerinde ya\u015fayan halka \u015fu ana kadar ihtiya\u00e7 duyduklar\u0131 gerekli t\u00fcm insani yard\u0131mlar yap\u0131lmakta [&hellip;]\" \/>\n<meta property=\"og:url\" content=\"https:\/\/epochtimestr.com\/index.php\/tskdan-onemli-aciklama-2\" \/>\n<meta property=\"og:site_name\" content=\"The Epoch Times TR\" \/>\n<meta property=\"article:publisher\" content=\"https:\/\/www.facebook.com\/theepochtimestr\" \/>\n<meta property=\"article:published_time\" content=\"2018-02-23T16:00:16+00:00\" \/>\n<meta property=\"article:modified_time\" content=\"2018-02-23T16:01:51+00:00\" \/>\n<meta property=\"og:image\" content=\"https:\/\/epochtimestr.com\/wp-content\/uploads\/2011y\/son-dakika-ETyeni-1.jpg\" \/>\n\t<meta property=\"og:image:width\" content=\"600\" \/>\n\t<meta property=\"og:image:height\" content=\"315\" \/>\n\t<meta property=\"og:image:type\" content=\"image\/jpeg\" \/>\n<meta name=\"author\" content=\"Dila \u015eeng\u00fcl\" \/>\n<meta name=\"twitter:card\" content=\"summary_large_image\" \/>\n<meta name=\"twitter:creator\" content=\"@TheEpochTimesTR\" \/>\n<meta name=\"twitter:site\" content=\"@TheEpochTimesTR\" \/>\n<meta name=\"twitter:label1\" content=\"Yazan:\" \/>\n\t<meta name=\"twitter:data1\" content=\"Dila \u015eeng\u00fcl\" \/>\n\t<meta name=\"twitter:label2\" content=\"Tahmini okuma s\u00fcresi\" \/>\n\t<meta name=\"twitter:data2\" content=\"1 dakika\" \/>\n<script type=\"application\/ld+json\" class=\"yoast-schema-graph\">{\"@context\":\"https:\/\/schema.org\",\"@graph\":[{\"@type\":\"Article\",\"@id\":\"https:\/\/epochtimestr.com\/index.php\/tskdan-onemli-aciklama-2#article\",\"isPartOf\":{\"@id\":\"https:\/\/epochtimestr.com\/index.php\/tskdan-onemli-aciklama-2\"},\"author\":{\"name\":\"Dila \u015eeng\u00fcl\",\"@id\":\"https:\/\/epochtimestr.com\/#\/schema\/person\/412e3e18fe3d446442ee7c2c11db0c47\"},\"headline\":\"TSK&#8217;dan \u00d6nemli A\u00e7\u0131klama\",\"datePublished\":\"2018-02-23T16:00:16+00:00\",\"dateModified\":\"2018-02-23T16:01:51+00:00\",\"mainEntityOfPage\":{\"@id\":\"https:\/\/epochtimestr.com\/index.php\/tskdan-onemli-aciklama-2\"},\"wordCount\":245,\"publisher\":{\"@id\":\"https:\/\/epochtimestr.com\/#organization\"},\"image\":{\"@id\":\"https:\/\/epochtimestr.com\/index.php\/tskdan-onemli-aciklama-2#primaryimage\"},\"thumbnailUrl\":\"https:\/\/epochtimestr.com\/wp-content\/uploads\/2011y\/son-dakika-ETyeni-1.jpg\",\"articleSection\":[\"G\u00dcNDEM\",\"T\u00dcRK\u0130YE\"],\"inLanguage\":\"tr\"},{\"@type\":\"WebPage\",\"@id\":\"https:\/\/epochtimestr.com\/index.php\/tskdan-onemli-aciklama-2\",\"url\":\"https:\/\/epochtimestr.com\/index.php\/tskdan-onemli-aciklama-2\",\"name\":\"TSK'dan \u00d6nemli A\u00e7\u0131klama - The Epoch Times TR\",\"isPartOf\":{\"@id\":\"https:\/\/epochtimestr.com\/#website\"},\"primaryImageOfPage\":{\"@id\":\"https:\/\/epochtimestr.com\/index.php\/tskdan-onemli-aciklama-2#primaryimage\"},\"image\":{\"@id\":\"https:\/\/epochtimestr.com\/index.php\/tskdan-onemli-aciklama-2#primaryimage\"},\"thumbnailUrl\":\"https:\/\/epochtimestr.com\/wp-content\/uploads\/2011y\/son-dakika-ETyeni-1.jpg\",\"datePublished\":\"2018-02-23T16:00:16+00:00\",\"dateModified\":\"2018-02-23T16:01:51+00:00\",\"inLanguage\":\"tr\",\"potentialAction\":[{\"@type\":\"ReadAction\",\"target\":[\"https:\/\/epochtimestr.com\/index.php\/tskdan-onemli-aciklama-2\"]}]},{\"@type\":\"ImageObject\",\"inLanguage\":\"tr\",\"@id\":\"https:\/\/epochtimestr.com\/index.php\/tskdan-onemli-aciklama-2#primaryimage\",\"url\":\"https:\/\/epochtimestr.com\/wp-content\/uploads\/2011y\/son-dakika-ETyeni-1.jpg\",\"contentUrl\":\"https:\/\/epochtimestr.com\/wp-content\/uploads\/2011y\/son-dakika-ETyeni-1.jpg\",\"width\":600,\"height\":315},{\"@type\":\"WebSite\",\"@id\":\"https:\/\/epochtimestr.com\/#website\",\"url\":\"https:\/\/epochtimestr.com\/\",\"name\":\"The Epoch Times TR\",\"description\":\"De\u011fi\u015fen D\u00fcnyam\u0131za Taze Bir Bak\u0131\u015f\",\"publisher\":{\"@id\":\"https:\/\/epochtimestr.com\/#organization\"},\"potentialAction\":[{\"@type\":\"SearchAction\",\"target\":{\"@type\":\"EntryPoint\",\"urlTemplate\":\"https:\/\/epochtimestr.com\/?s={search_term_string}\"},\"query-input\":\"required name=search_term_string\"}],\"inLanguage\":\"tr\"},{\"@type\":\"Organization\",\"@id\":\"https:\/\/epochtimestr.com\/#organization\",\"name\":\"The EpochTimes T\u00fcrkiye\",\"url\":\"https:\/\/epochtimestr.com\/\",\"logo\":{\"@type\":\"ImageObject\",\"inLanguage\":\"tr\",\"@id\":\"https:\/\/epochtimestr.com\/#\/schema\/logo\/image\/\",\"url\":\"https:\/\/epochtimestr.com\/wp-content\/uploads\/2011y\/ET-Logo-YG.jpg\",\"contentUrl\":\"https:\/\/epochtimestr.com\/wp-content\/uploads\/2011y\/ET-Logo-YG.jpg\",\"width\":346,\"height\":29,\"caption\":\"The EpochTimes T\u00fcrkiye\"},\"image\":{\"@id\":\"https:\/\/epochtimestr.com\/#\/schema\/logo\/image\/\"},\"sameAs\":[\"https:\/\/www.facebook.com\/theepochtimestr\",\"https:\/\/x.com\/TheEpochTimesTR\",\"https:\/\/www.instagram.com\/epochtimestr\"]},{\"@type\":\"Person\",\"@id\":\"https:\/\/epochtimestr.com\/#\/schema\/person\/412e3e18fe3d446442ee7c2c11db0c47\",\"name\":\"Dila \u015eeng\u00fcl\",\"image\":{\"@type\":\"ImageObject\",\"inLanguage\":\"tr\",\"@id\":\"https:\/\/epochtimestr.com\/#\/schema\/person\/image\/\",\"url\":\"https:\/\/secure.gravatar.com\/avatar\/96e2af9ac9b3efd03257d930e8b4a5d2?s=96&d=mm&r=g\",\"contentUrl\":\"https:\/\/secure.gravatar.com\/avatar\/96e2af9ac9b3efd03257d930e8b4a5d2?s=96&d=mm&r=g\",\"caption\":\"Dila \u015eeng\u00fcl\"},\"url\":\"https:\/\/epochtimestr.com\/index.php\/author\/dila\"}]}<\/script>\n<!-- \/ Yoast SEO plugin. -->","yoast_head_json":{"title":"TSK'dan \u00d6nemli A\u00e7\u0131klama - The Epoch Times TR","robots":{"index":"index","follow":"follow","max-snippet":"max-snippet:-1","max-image-preview":"max-image-preview:large","max-video-preview":"max-video-preview:-1"},"canonical":"https:\/\/epochtimestr.com\/index.php\/tskdan-onemli-aciklama-2","og_locale":"tr_TR","og_type":"article","og_title":"TSK'dan \u00d6nemli A\u00e7\u0131klama - The Epoch Times TR","og_description":"Bug\u00fcn Zeytin Dal\u0131 Harekat\u0131&#8217;n\u0131n 35.g\u00fcn\u00fc. TSK, ter\u00f6r mensuplar\u0131ndan temizlenen b\u00f6lgelerde halk\u0131n evlerine d\u00f6nmeye ba\u015flad\u0131klar\u0131n\u0131\u00a0a\u00e7\u0131klad\u0131. TSK,&#8221;Zeytin Dal\u0131 Harekat\u0131&#8217;n\u0131n maksatlar\u0131ndan biri de &#8216;Afrin Afrinlilerindir&#8217; ger\u00e7e\u011finden hareketle dost ve karde\u015f b\u00f6lge halk\u0131n\u0131n, ter\u00f6ristlerin bask\u0131 ve zulm\u00fcnden kurtar\u0131larak tekrar evlerine d\u00f6nmelerini sa\u011flamakt\u0131r. Ayr\u0131ca ter\u00f6ristlerden ar\u0131nd\u0131r\u0131lan yerle\u015fim yerlerinde ya\u015fayan halka \u015fu ana kadar ihtiya\u00e7 duyduklar\u0131 gerekli t\u00fcm insani yard\u0131mlar yap\u0131lmakta [&hellip;]","og_url":"https:\/\/epochtimestr.com\/index.php\/tskdan-onemli-aciklama-2","og_site_name":"The Epoch Times TR","article_publisher":"https:\/\/www.facebook.com\/theepochtimestr","article_published_time":"2018-02-23T16:00:16+00:00","article_modified_time":"2018-02-23T16:01:51+00:00","og_image":[{"width":600,"height":315,"url":"https:\/\/epochtimestr.com\/wp-content\/uploads\/2011y\/son-dakika-ETyeni-1.jpg","type":"image\/jpeg"}],"author":"Dila \u015eeng\u00fcl","twitter_card":"summary_large_image","twitter_creator":"@TheEpochTimesTR","twitter_site":"@TheEpochTimesTR","twitter_misc":{"Yazan:":"Dila \u015eeng\u00fcl","Tahmini okuma s\u00fcresi":"1 dakika"},"schema":{"@context":"https:\/\/schema.org","@graph":[{"@type":"Article","@id":"https:\/\/epochtimestr.com\/index.php\/tskdan-onemli-aciklama-2#article","isPartOf":{"@id":"https:\/\/epochtimestr.com\/index.php\/tskdan-onemli-aciklama-2"},"author":{"name":"Dila \u015eeng\u00fcl","@id":"https:\/\/epochtimestr.com\/#\/schema\/person\/412e3e18fe3d446442ee7c2c11db0c47"},"headline":"TSK&#8217;dan \u00d6nemli A\u00e7\u0131klama","datePublished":"2018-02-23T16:00:16+00:00","dateModified":"2018-02-23T16:01:51+00:00","mainEntityOfPage":{"@id":"https:\/\/epochtimestr.com\/index.php\/tskdan-onemli-aciklama-2"},"wordCount":245,"publisher":{"@id":"https:\/\/epochtimestr.com\/#organization"},"image":{"@id":"https:\/\/epochtimestr.com\/index.php\/tskdan-onemli-aciklama-2#primaryimage"},"thumbnailUrl":"https:\/\/epochtimestr.com\/wp-content\/uploads\/2011y\/son-dakika-ETyeni-1.jpg","articleSection":["G\u00dcNDEM","T\u00dcRK\u0130YE"],"inLanguage":"tr"},{"@type":"WebPage","@id":"https:\/\/epochtimestr.com\/index.php\/tskdan-onemli-aciklama-2","url":"https:\/\/epochtimestr.com\/index.php\/tskdan-onemli-aciklama-2","name":"TSK'dan \u00d6nemli A\u00e7\u0131klama - The Epoch Times TR","isPartOf":{"@id":"https:\/\/epochtimestr.com\/#website"},"primaryImageOfPage":{"@id":"https:\/\/epochtimestr.com\/index.php\/tskdan-onemli-aciklama-2#primaryimage"},"image":{"@id":"https:\/\/epochtimestr.com\/index.php\/tskdan-onemli-aciklama-2#primaryimage"},"thumbnailUrl":"https:\/\/epochtimestr.com\/wp-content\/uploads\/2011y\/son-dakika-ETyeni-1.jpg","datePublished":"2018-02-23T16:00:16+00:00","dateModified":"2018-02-23T16:01:51+00:00","inLanguage":"tr","potentialAction":[{"@type":"ReadAction","target":["https:\/\/epochtimestr.com\/index.php\/tskdan-onemli-aciklama-2"]}]},{"@type":"ImageObject","inLanguage":"tr","@id":"https:\/\/epochtimestr.com\/index.php\/tskdan-onemli-aciklama-2#primaryimage","url":"https:\/\/epochtimestr.com\/wp-content\/uploads\/2011y\/son-dakika-ETyeni-1.jpg","contentUrl":"https:\/\/epochtimestr.com\/wp-content\/uploads\/2011y\/son-dakika-ETyeni-1.jpg","width":600,"height":315},{"@type":"WebSite","@id":"https:\/\/epochtimestr.com\/#website","url":"https:\/\/epochtimestr.com\/","name":"The Epoch Times TR","description":"De\u011fi\u015fen D\u00fcnyam\u0131za Taze Bir Bak\u0131\u015f","publisher":{"@id":"https:\/\/epochtimestr.com\/#organization"},"potentialAction":[{"@type":"SearchAction","target":{"@type":"EntryPoint","urlTemplate":"https:\/\/epochtimestr.com\/?s={search_term_string}"},"query-input":"required name=search_term_string"}],"inLanguage":"tr"},{"@type":"Organization","@id":"https:\/\/epochtimestr.com\/#organization","name":"The EpochTimes T\u00fcrkiye","url":"https:\/\/epochtimestr.com\/","logo":{"@type":"ImageObject","inLanguage":"tr","@id":"https:\/\/epochtimestr.com\/#\/schema\/logo\/image\/","url":"https:\/\/epochtimestr.com\/wp-content\/uploads\/2011y\/ET-Logo-YG.jpg","contentUrl":"https:\/\/epochtimestr.com\/wp-content\/uploads\/2011y\/ET-Logo-YG.jpg","width":346,"height":29,"caption":"The EpochTimes T\u00fcrkiye"},"image":{"@id":"https:\/\/epochtimestr.com\/#\/schema\/logo\/image\/"},"sameAs":["https:\/\/www.facebook.com\/theepochtimestr","https:\/\/x.com\/TheEpochTimesTR","https:\/\/www.instagram.com\/epochtimestr"]},{"@type":"Person","@id":"https:\/\/epochtimestr.com\/#\/schema\/person\/412e3e18fe3d446442ee7c2c11db0c47","name":"Dila \u015eeng\u00fcl","image":{"@type":"ImageObject","inLanguage":"tr","@id":"https:\/\/epochtimestr.com\/#\/schema\/person\/image\/","url":"https:\/\/secure.gravatar.com\/avatar\/96e2af9ac9b3efd03257d930e8b4a5d2?s=96&d=mm&r=g","contentUrl":"https:\/\/secure.gravatar.com\/avatar\/96e2af9ac9b3efd03257d930e8b4a5d2?s=96&d=mm&r=g","caption":"Dila \u015eeng\u00fcl"},"url":"https:\/\/epochtimestr.com\/index.php\/author\/dila"}]}},"_links":{"self":[{"href":"https:\/\/epochtimestr.com\/index.php\/wp-json\/wp\/v2\/posts\/112194"}],"collection":[{"href":"https:\/\/epochtimestr.com\/index.php\/wp-json\/wp\/v2\/posts"}],"about":[{"href":"https:\/\/epochtimestr.com\/index.php\/wp-json\/wp\/v2\/types\/post"}],"author":[{"embeddable":true,"href":"https:\/\/epochtimestr.com\/index.php\/wp-json\/wp\/v2\/users\/12464"}],"replies":[{"embeddable":true,"href":"https:\/\/epochtimestr.com\/index.php\/wp-json\/wp\/v2\/comments?post=112194"}],"version-history":[{"count":2,"href":"https:\/\/epochtimestr.com\/index.php\/wp-json\/wp\/v2\/posts\/112194\/revisions"}],"predecessor-version":[{"id":112196,"href":"https:\/\/epochtimestr.com\/index.php\/wp-json\/wp\/v2\/posts\/112194\/revisions\/112196"}],"wp:featuredmedia":[{"embeddable":true,"href":"https:\/\/epochtimestr.com\/index.php\/wp-json\/wp\/v2\/media\/94191"}],"wp:attachment":[{"href":"https:\/\/epochtimestr.com\/index.php\/wp-json\/wp\/v2\/media?parent=112194"}],"wp:term":[{"taxonomy":"category","embeddable":true,"href":"https:\/\/epochtimestr.com\/index.php\/wp-json\/wp\/v2\/categories?post=112194"},{"taxonomy":"post_tag","embeddable":true,"href":"https:\/\/epochtimestr.com\/index.php\/wp-json\/wp\/v2\/tags?post=112194"}],"curies":[{"name":"wp","href":"https:\/\/api.w.org\/{rel}","templated":true}]}}