{"id":112413,"date":"2018-03-01T20:09:53","date_gmt":"2018-03-01T17:09:53","guid":{"rendered":"http:\/\/epochtimestr.com\/?p=112413"},"modified":"2018-10-18T07:35:20","modified_gmt":"2018-10-18T04:35:20","slug":"kirilgan-ve-buyulu-bir-muzisyen-frederic-francois-chopin","status":"publish","type":"post","link":"https:\/\/epochtimestr.com\/index.php\/kirilgan-ve-buyulu-bir-muzisyen-frederic-francois-chopin","title":{"rendered":"K\u0131r\u0131lgan ve B\u00fcy\u00fcl\u00fc Bir M\u00fczisyen; Fr\u00e9d\u00e9ric Fran\u00c7ois Chopin"},"content":{"rendered":"<figure id=\"attachment_112414\" aria-describedby=\"caption-attachment-112414\" style=\"width: 511px\" class=\"wp-caption aligncenter\"><img loading=\"lazy\" decoding=\"async\" class=\"wp-image-112414 size-large\" src=\"https:\/\/epochtimestr.com\/wp-content\/uploads\/2011y\/chopin-george-sand-511x400.jpg\" alt=\"\" width=\"511\" height=\"400\" srcset=\"https:\/\/epochtimestr.com\/wp-content\/uploads\/2011y\/chopin-george-sand-511x400.jpg 511w, https:\/\/epochtimestr.com\/wp-content\/uploads\/2011y\/chopin-george-sand-600x470.jpg 600w, https:\/\/epochtimestr.com\/wp-content\/uploads\/2011y\/chopin-george-sand-150x117.jpg 150w, https:\/\/epochtimestr.com\/wp-content\/uploads\/2011y\/chopin-george-sand-300x235.jpg 300w, https:\/\/epochtimestr.com\/wp-content\/uploads\/2011y\/chopin-george-sand-768x601.jpg 768w, https:\/\/epochtimestr.com\/wp-content\/uploads\/2011y\/chopin-george-sand-292x228.jpg 292w, https:\/\/epochtimestr.com\/wp-content\/uploads\/2011y\/chopin-george-sand-638x499.jpg 638w, https:\/\/epochtimestr.com\/wp-content\/uploads\/2011y\/chopin-george-sand-100x78.jpg 100w, https:\/\/epochtimestr.com\/wp-content\/uploads\/2011y\/chopin-george-sand-80x63.jpg 80w, https:\/\/epochtimestr.com\/wp-content\/uploads\/2011y\/chopin-george-sand-629x492.jpg 629w, https:\/\/epochtimestr.com\/wp-content\/uploads\/2011y\/chopin-george-sand.jpg 800w\" sizes=\"(max-width: 511px) 100vw, 511px\" \/><figcaption id=\"caption-attachment-112414\" class=\"wp-caption-text\">George Sand &#8211; Fr\u00e9d\u00e9ric Chopin<\/figcaption><\/figure>\n<p>Polonyal\u0131 bir anne ile Frans\u0131z bir baban\u0131n 4. \u00e7ocu\u011fu ve evin ilk erkek \u00e7ocu\u011fu olarak d\u00fcnyaya gelen Fr\u00e9d\u00e9ric Chopin, ailenin en nazik, en duygulu ve en k\u0131r\u0131lgan \u00fcyesiydi.<\/p>\n<p>Frederic, k\u00fc\u00e7\u00fck ya\u015fta \u00f6\u011fretmen babadan Frans\u0131zca dersleri al\u0131rken, annesinden de piyano dersleri almaya ba\u015flad\u0131. 8 ya\u015f\u0131nda Var\u015fova&#8217;da salonlarda konserler vererek \u00fcst\u00fcn yetenekli harika \u00e7ocuk unvan\u0131n\u0131 ald\u0131.\u00a0 Ard\u0131ndan, 5 y\u0131l boyunca ders ald\u0131\u011f\u0131 \u00f6\u011fretmeni &#8220;Art\u0131k benden \u00f6\u011frenebilece\u011fi bir \u015fey yok.&#8221; diyerek Chopin 12 ya\u015f\u0131ndayken dersleri kesti.<\/p>\n<p>Yaln\u0131z Fr\u00e9d\u00e9ric ger\u00e7ekten \u00e7ok ince yap\u0131l\u0131, nazik b\u00fcnyeli bir \u00e7ocuktu. Bu durum annesiyle babas\u0131n\u0131 \u00fcz\u00fcyordu. &#8220;Aman paltonu giy, boynuna e\u015farb\u0131n\u0131 ba\u011fla, cereyanda durma, so\u011fuk su i\u00e7me.&#8221; gibi s\u00f6zleri duyduk\u00e7a, \u00fczerinde daima kal\u0131n giyecek bulundurmaya \u00f6ylesine al\u0131\u015ft\u0131 ki, kimse bir \u015fey s\u00f6ylemeden paltosunun yakas\u0131n\u0131 kald\u0131rmak, atk\u0131s\u0131n\u0131 s\u0131k\u0131 s\u0131k\u0131 sarmak onda bir adet halini al\u0131verdi.\u00a0 B\u00fcy\u00fcy\u00fcp gen\u00e7lik \u00e7a\u011f\u0131na girerken, ya\u015f\u0131tlar\u0131n\u0131n ya\u015fay\u0131\u015f tarz\u0131na bir t\u00fcrl\u00fc al\u0131\u015fam\u0131yordu. Sigara kokusundan nefret ediyordu, bir kadeh \u015farap onu kendinden ge\u00e7irebiliyordu. Giyim konusunda gen\u00e7 bir bayan gibiydi. Han\u0131mlar\u0131n onunla ilgilenmeleri, ona k\u0131ymet vermeleri ise \u00e7ok ho\u015funa gidiyordu.<\/p>\n<p>Chopin yirmili ya\u015flar\u0131ndayken Polonya, Ruslar\u0131n idaresi alt\u0131nda en k\u00f6t\u00fc g\u00fcnlerini ya\u015f\u0131yordu. Bir s\u00fcre sonra Polonyal\u0131lar\u0131n Ruslar\u0131 ba\u015f\u0131ndan atmalar\u0131 i\u00e7in harekete ge\u00e7ecekleri tahmin edilmekteydi. K\u0131sacas\u0131, Polonya sakince beste yapmak isteyen ince ruhlu bir sanat\u00e7\u0131 i\u00e7in pekte uygun bir \u00fclke de\u011fildi. Arkada\u015flar\u0131, Chopin&#8217;e ba\u015fka \u00fclkeye gitmesi i\u00e7in \u0131srar ediyorlard\u0131. Fakat, arkada\u015flar\u0131 vatan u\u011fruna d\u00fc\u015fmanla \u00e7arp\u0131\u015fmaya haz\u0131rlan\u0131rken Chopin ne yapmal\u0131yd\u0131? C\u0131l\u0131z bedeni ve ince ruhuyla silah ta\u015f\u0131maktan acizdi. Bu d\u00fc\u015f\u00fcnceler gen\u00e7 besteciyi \u00f6ylesine \u00fcz\u00fcyordu ki, geceleri uykusu ka\u00e7\u0131yor, g\u00fcnd\u00fczleri akl\u0131ndaki d\u00fc\u015f\u00fcncelerden ne yapaca\u011f\u0131n\u0131 bilemiyordu. Bu zorlu s\u00fcrecin ard\u0131ndan art\u0131k karar\u0131n\u0131 verdi; gitmeliydi. Polonya&#8217;da kalmayarak korkakl\u0131k etti\u011finin fark\u0131ndayd\u0131, lakin silah ta\u015f\u0131maktan aciz olsa bile yine de vatan\u0131na bir katk\u0131da bulunabilirdi. Yaratt\u0131\u011f\u0131 melodileriyle \u00fclkesini ebediyete kadar ya\u015fatacakt\u0131.<\/p>\n<p>Viyana&#8217;ya gitti. \u015eehre vard\u0131\u011f\u0131 an Polonya hakk\u0131nda k\u00f6t\u00fc haberler gelmeye ba\u015flad\u0131. Ruslar Var\u015fova&#8217;ya girmi\u015fti. Peki ama ailesi, arkada\u015flar\u0131 onlara ne olmu\u015ftu? \u015eehrin kenar mahalleleri s\u0131rayla yerle bir ediliyordu. Arkada\u015flar\u0131ndan hangisi \u00f6lm\u00fc\u015ft\u00fc, ailesini nas\u0131l karanl\u0131k bir gelecek bekliyordu? Bu d\u00fc\u015f\u00fcncelerle akl\u0131nda sert r\u00fczgarlar olu\u015furken besteler yaratmaya \u00e7abal\u0131yordu. Ruhundaki b\u00fcy\u00fck dalgalarla k\u0131vran\u0131yordu.<\/p>\n<p><img loading=\"lazy\" decoding=\"async\" class=\"size-large wp-image-112415 alignleft\" src=\"https:\/\/epochtimestr.com\/wp-content\/uploads\/2011y\/Chopin_by_Wodzinska-297x400.jpg\" alt=\"\" width=\"297\" height=\"400\" srcset=\"https:\/\/epochtimestr.com\/wp-content\/uploads\/2011y\/Chopin_by_Wodzinska-297x400.jpg 297w, https:\/\/epochtimestr.com\/wp-content\/uploads\/2011y\/Chopin_by_Wodzinska-600x809.jpg 600w, https:\/\/epochtimestr.com\/wp-content\/uploads\/2011y\/Chopin_by_Wodzinska-111x150.jpg 111w, https:\/\/epochtimestr.com\/wp-content\/uploads\/2011y\/Chopin_by_Wodzinska-222x300.jpg 222w, https:\/\/epochtimestr.com\/wp-content\/uploads\/2011y\/Chopin_by_Wodzinska-768x1036.jpg 768w, https:\/\/epochtimestr.com\/wp-content\/uploads\/2011y\/Chopin_by_Wodzinska-292x394.jpg 292w, https:\/\/epochtimestr.com\/wp-content\/uploads\/2011y\/Chopin_by_Wodzinska-638x861.jpg 638w, https:\/\/epochtimestr.com\/wp-content\/uploads\/2011y\/Chopin_by_Wodzinska-629x848.jpg 629w, https:\/\/epochtimestr.com\/wp-content\/uploads\/2011y\/Chopin_by_Wodzinska.jpg 800w\" sizes=\"(max-width: 297px) 100vw, 297px\" \/>Bir s\u00fcre sonra Paris&#8217;e ge\u00e7ti. baz\u0131 \u015feyleri kabullenmesiyle \u00fcz\u00fcnt\u00fcleri biraz daha dinmi\u015fti. Devrin \u00fcnl\u00fc isimleri Hector Berlioz, Victor Hugo, Balzac, Baudelaire, Alfred de Musset gibi isimlerle tan\u0131\u015f\u0131yordu. B\u00f6yle isimlerle arkada\u015fl\u0131k kurmak, onda yeni kompleksler ortaya \u00e7\u0131kard\u0131. Chopin, hen\u00fcz \u00e7ok gen\u00e7 oldu\u011fu i\u00e7in, mesle\u011fiyle ilgili konularda ve pek \u00e7ok alanda \u00e7ok cahil oldu\u011funu d\u00fc\u015f\u00fcn\u00fcyordu. Chopin&#8217;in kabiliyetini ilk ke\u015ffeden Franz Lizst oldu.<\/p>\n<p>Chopin, 1838 y\u0131l\u0131nda George Sand ile tan\u0131\u015ft\u0131. O s\u0131ralar Sand&#8217;in sevgili dostu Alfred de Musset ile aralar\u0131 a\u00e7\u0131lm\u0131\u015ft\u0131. Chopin ile tan\u0131\u015fmas\u0131 bu bilgili ve zeki kad\u0131n\u0131n ac\u0131s\u0131n\u0131 hafifletmi\u015fti. Georfe Sand, di\u011fer hemcinsleri gibi Chopin&#8217;e hem annelik hem de arkada\u015fl\u0131k etmeye ba\u015flad\u0131. Hayat\u0131n\u0131n bundan sonraki k\u0131sm\u0131n\u0131 Chopin&#8217;in bak\u0131m\u0131na adayaca\u011f\u0131n\u0131 s\u00f6ylemi\u015fti.<\/p>\n<p>Chopin, gen\u00e7 ya\u015f\u0131nda yakaland\u0131\u011f\u0131 hastal\u0131klarla \u00e7\u00f6kmeye ba\u015flad\u0131. Doktorlar\u0131n \u00f6lece\u011fini s\u00f6yleyip f\u00fctursuzca konu\u015fmalar\u0131 sinirlerini y\u0131prat\u0131yordu. Vaktiyle arkada\u015flar\u0131n\u0131n s\u00f6yledikleri kulaklar\u0131nda yank\u0131lan\u0131yordu. &#8216;Kaderden korkma&#8217; demi\u015flerdi. &#8216;Sen zaten kader dolu bir \u00fclkenin \u00e7ocu\u011fusun. Vatan\u0131n kaderli havas\u0131n\u0131 eserlerinde dile getirmelisin.&#8217;\u00a0 Son g\u00fcnlerinin yakla\u015ft\u0131\u011f\u0131n\u0131 bildi\u011fi halde piyanosunun ba\u015f\u0131nda Polonya&#8217;n\u0131n \u0131st\u0131raplar\u0131na \u00e7\u0131kard\u0131\u011f\u0131 melodilerle ortak oluyordu.<\/p>\n<p>George Sand ile ili\u015fkisi 9 y\u0131l s\u00fcrd\u00fc. Sand art\u0131k Chopin&#8217;in \u00f6l\u00fcmc\u00fcl kaprislerine ve etrafta \u00f6l\u00fc olarak dola\u015fmas\u0131na dayanam\u0131yordu. Chopin&#8217;in \u0131st\u0131rap dolu hayat\u0131na daha fazla ortakl\u0131k edemeyece\u011fini anlayarak onu terk etti. Zaten arkada\u015flar\u0131 da ona y\u00fcz vermiyordu. Konserlerine ko\u015farak gelen seyirciler, \u015fimdi ki seyirci koltu\u011funa oturmamak i\u00e7in bir bahane buluveriyorlard\u0131.\u00a0 Art\u0131k Chopin&#8217;e \u00f6l\u00fcmden ba\u015fka kimse kucak a\u00e7mayacakt\u0131. George Sand ile bir g\u00fcn dost ziyaretinde kar\u015f\u0131la\u015ft\u0131. Sand, Chopin&#8217;in elini avucuna ald\u0131 ve ate\u015fler i\u00e7inde oldu\u011funu g\u00f6rd\u00fc. Sand&#8217;in g\u00f6zlerinden ya\u015flar bo\u015fal\u0131rken Chopin ka\u015flar\u0131n\u0131 \u00e7att\u0131.\u00a0 Daha sonra da bir arkada\u015f\u0131na i\u00e7indekileri tutamayarak; &#8220;Art\u0131k g\u00f6zya\u015flar\u0131n\u0131n da benim i\u00e7in bir k\u0131ymeti kalmad\u0131. George Sand&#8217;in a\u011flad\u0131\u011f\u0131n\u0131 g\u00f6rd\u00fcm. Onun yapt\u0131\u011f\u0131 her i\u015f hiledir, sahtedir&#8230;&#8221; dedi.<\/p>\n<p>Fr\u00e9d\u00e9ric Fran\u00e7ois Chopin, 17 Ekim 1849 g\u00fcn\u00fc, 39 ya\u015f\u0131nda t\u00fcberk\u00fcloz hastal\u0131\u011f\u0131 nedeniyle Paris&#8217;te vefat etti. Cenazesinde vasiyeti \u00fczerine Mozart&#8217;\u0131n \u00d6l\u00fcm Duas\u0131 okundu. Yine vasiyeti \u00fczerine kalbi \u00e7\u0131kart\u0131l\u0131p, Var\u015fova&#8217;daki eski evlerine \u00e7ok yak\u0131n olan kiliseye g\u00f6nderildi.<\/p>\n<p><iframe loading=\"lazy\" width=\"1170\" height=\"658\" src=\"https:\/\/www.youtube.com\/embed\/jHfQCfUTlXE?feature=oembed\" frameborder=\"0\" allow=\"autoplay; encrypted-media\" allowfullscreen><\/iframe><\/p>\n","protected":false},"excerpt":{"rendered":"<p>Polonyal\u0131 bir anne ile Frans\u0131z bir baban\u0131n 4. \u00e7ocu\u011fu ve evin ilk erkek \u00e7ocu\u011fu olarak d\u00fcnyaya gelen Fr\u00e9d\u00e9ric Chopin, ailenin en nazik, en duygulu ve en k\u0131r\u0131lgan \u00fcyesiydi. Frederic, k\u00fc\u00e7\u00fck ya\u015fta \u00f6\u011fretmen babadan Frans\u0131zca dersleri al\u0131rken, annesinden de piyano dersleri almaya ba\u015flad\u0131. 8 ya\u015f\u0131nda Var\u015fova&#8217;da salonlarda konserler vererek \u00fcst\u00fcn yetenekli harika \u00e7ocuk unvan\u0131n\u0131 ald\u0131.\u00a0 Ard\u0131ndan, [&hellip;]<\/p>\n","protected":false},"author":12791,"featured_media":112414,"comment_status":"closed","ping_status":"open","sticky":false,"template":"","format":"standard","meta":{"_yoast_wpseo_focuskw":"","_yoast_wpseo_title":"","_yoast_wpseo_metadesc":"","_bbp_topic_count":0,"_bbp_reply_count":0,"_bbp_total_topic_count":0,"_bbp_total_reply_count":0,"_bbp_voice_count":0,"_bbp_anonymous_reply_count":0,"_bbp_topic_count_hidden":0,"_bbp_reply_count_hidden":0,"_bbp_forum_subforum_count":0,"footnotes":"","_yoast_wpseo_focuskw_text_input":""},"categories":[519,1,6918,16],"tags":[],"yoast_head":"<!-- This site is optimized with the Yoast SEO plugin v23.0 - https:\/\/yoast.com\/wordpress\/plugins\/seo\/ -->\n<title>K\u0131r\u0131lgan ve B\u00fcy\u00fcl\u00fc Bir M\u00fczisyen; Fr\u00e9d\u00e9ric Fran\u00c7ois Chopin - The Epoch Times TR<\/title>\n<meta name=\"robots\" content=\"index, follow, max-snippet:-1, max-image-preview:large, max-video-preview:-1\" \/>\n<link rel=\"canonical\" href=\"https:\/\/epochtimestr.com\/index.php\/kirilgan-ve-buyulu-bir-muzisyen-frederic-francois-chopin\" \/>\n<meta property=\"og:locale\" content=\"tr_TR\" \/>\n<meta property=\"og:type\" content=\"article\" \/>\n<meta property=\"og:title\" content=\"K\u0131r\u0131lgan ve B\u00fcy\u00fcl\u00fc Bir M\u00fczisyen; Fr\u00e9d\u00e9ric Fran\u00c7ois Chopin - The Epoch Times TR\" \/>\n<meta property=\"og:description\" content=\"Polonyal\u0131 bir anne ile Frans\u0131z bir baban\u0131n 4. \u00e7ocu\u011fu ve evin ilk erkek \u00e7ocu\u011fu olarak d\u00fcnyaya gelen Fr\u00e9d\u00e9ric Chopin, ailenin en nazik, en duygulu ve en k\u0131r\u0131lgan \u00fcyesiydi. Frederic, k\u00fc\u00e7\u00fck ya\u015fta \u00f6\u011fretmen babadan Frans\u0131zca dersleri al\u0131rken, annesinden de piyano dersleri almaya ba\u015flad\u0131. 8 ya\u015f\u0131nda Var\u015fova&#8217;da salonlarda konserler vererek \u00fcst\u00fcn yetenekli harika \u00e7ocuk unvan\u0131n\u0131 ald\u0131.\u00a0 Ard\u0131ndan, [&hellip;]\" \/>\n<meta property=\"og:url\" content=\"https:\/\/epochtimestr.com\/index.php\/kirilgan-ve-buyulu-bir-muzisyen-frederic-francois-chopin\" \/>\n<meta property=\"og:site_name\" content=\"The Epoch Times TR\" \/>\n<meta property=\"article:publisher\" content=\"https:\/\/www.facebook.com\/theepochtimestr\" \/>\n<meta property=\"article:published_time\" content=\"2018-03-01T17:09:53+00:00\" \/>\n<meta property=\"article:modified_time\" content=\"2018-10-18T04:35:20+00:00\" \/>\n<meta property=\"og:image\" content=\"https:\/\/epochtimestr.com\/wp-content\/uploads\/2011y\/chopin-george-sand.jpg\" \/>\n\t<meta property=\"og:image:width\" content=\"800\" \/>\n\t<meta property=\"og:image:height\" content=\"626\" \/>\n\t<meta property=\"og:image:type\" content=\"image\/jpeg\" \/>\n<meta name=\"author\" content=\"Haber Merkezi\" \/>\n<meta name=\"twitter:card\" content=\"summary_large_image\" \/>\n<meta name=\"twitter:creator\" content=\"@TheEpochTimesTR\" \/>\n<meta name=\"twitter:site\" content=\"@TheEpochTimesTR\" \/>\n<meta name=\"twitter:label1\" content=\"Yazan:\" \/>\n\t<meta name=\"twitter:data1\" content=\"Haber Merkezi\" \/>\n\t<meta name=\"twitter:label2\" content=\"Tahmini okuma s\u00fcresi\" \/>\n\t<meta name=\"twitter:data2\" content=\"5 dakika\" \/>\n<script type=\"application\/ld+json\" class=\"yoast-schema-graph\">{\"@context\":\"https:\/\/schema.org\",\"@graph\":[{\"@type\":\"Article\",\"@id\":\"https:\/\/epochtimestr.com\/index.php\/kirilgan-ve-buyulu-bir-muzisyen-frederic-francois-chopin#article\",\"isPartOf\":{\"@id\":\"https:\/\/epochtimestr.com\/index.php\/kirilgan-ve-buyulu-bir-muzisyen-frederic-francois-chopin\"},\"author\":{\"name\":\"Haber Merkezi\",\"@id\":\"https:\/\/epochtimestr.com\/#\/schema\/person\/3dc5c3adeb9f43923c5aa85889172fdd\"},\"headline\":\"K\u0131r\u0131lgan ve B\u00fcy\u00fcl\u00fc Bir M\u00fczisyen; Fr\u00e9d\u00e9ric Fran\u00c7ois Chopin\",\"datePublished\":\"2018-03-01T17:09:53+00:00\",\"dateModified\":\"2018-10-18T04:35:20+00:00\",\"mainEntityOfPage\":{\"@id\":\"https:\/\/epochtimestr.com\/index.php\/kirilgan-ve-buyulu-bir-muzisyen-frederic-francois-chopin\"},\"wordCount\":921,\"publisher\":{\"@id\":\"https:\/\/epochtimestr.com\/#organization\"},\"image\":{\"@id\":\"https:\/\/epochtimestr.com\/index.php\/kirilgan-ve-buyulu-bir-muzisyen-frederic-francois-chopin#primaryimage\"},\"thumbnailUrl\":\"https:\/\/epochtimestr.com\/wp-content\/uploads\/2011y\/chopin-george-sand.jpg\",\"articleSection\":[\"ED\u0130T\u00d6R\u00dcN SE\u00c7\u0130M\u0130\",\"G\u00dcNDEM\",\"M\u00fczik\",\"SANAT ve K\u00dcLT\u00dcR\"],\"inLanguage\":\"tr\"},{\"@type\":\"WebPage\",\"@id\":\"https:\/\/epochtimestr.com\/index.php\/kirilgan-ve-buyulu-bir-muzisyen-frederic-francois-chopin\",\"url\":\"https:\/\/epochtimestr.com\/index.php\/kirilgan-ve-buyulu-bir-muzisyen-frederic-francois-chopin\",\"name\":\"K\u0131r\u0131lgan ve B\u00fcy\u00fcl\u00fc Bir M\u00fczisyen; Fr\u00e9d\u00e9ric Fran\u00c7ois Chopin - The Epoch Times TR\",\"isPartOf\":{\"@id\":\"https:\/\/epochtimestr.com\/#website\"},\"primaryImageOfPage\":{\"@id\":\"https:\/\/epochtimestr.com\/index.php\/kirilgan-ve-buyulu-bir-muzisyen-frederic-francois-chopin#primaryimage\"},\"image\":{\"@id\":\"https:\/\/epochtimestr.com\/index.php\/kirilgan-ve-buyulu-bir-muzisyen-frederic-francois-chopin#primaryimage\"},\"thumbnailUrl\":\"https:\/\/epochtimestr.com\/wp-content\/uploads\/2011y\/chopin-george-sand.jpg\",\"datePublished\":\"2018-03-01T17:09:53+00:00\",\"dateModified\":\"2018-10-18T04:35:20+00:00\",\"inLanguage\":\"tr\",\"potentialAction\":[{\"@type\":\"ReadAction\",\"target\":[\"https:\/\/epochtimestr.com\/index.php\/kirilgan-ve-buyulu-bir-muzisyen-frederic-francois-chopin\"]}]},{\"@type\":\"ImageObject\",\"inLanguage\":\"tr\",\"@id\":\"https:\/\/epochtimestr.com\/index.php\/kirilgan-ve-buyulu-bir-muzisyen-frederic-francois-chopin#primaryimage\",\"url\":\"https:\/\/epochtimestr.com\/wp-content\/uploads\/2011y\/chopin-george-sand.jpg\",\"contentUrl\":\"https:\/\/epochtimestr.com\/wp-content\/uploads\/2011y\/chopin-george-sand.jpg\",\"width\":800,\"height\":626},{\"@type\":\"WebSite\",\"@id\":\"https:\/\/epochtimestr.com\/#website\",\"url\":\"https:\/\/epochtimestr.com\/\",\"name\":\"The Epoch Times TR\",\"description\":\"De\u011fi\u015fen D\u00fcnyam\u0131za Taze Bir Bak\u0131\u015f\",\"publisher\":{\"@id\":\"https:\/\/epochtimestr.com\/#organization\"},\"potentialAction\":[{\"@type\":\"SearchAction\",\"target\":{\"@type\":\"EntryPoint\",\"urlTemplate\":\"https:\/\/epochtimestr.com\/?s={search_term_string}\"},\"query-input\":\"required name=search_term_string\"}],\"inLanguage\":\"tr\"},{\"@type\":\"Organization\",\"@id\":\"https:\/\/epochtimestr.com\/#organization\",\"name\":\"The EpochTimes T\u00fcrkiye\",\"url\":\"https:\/\/epochtimestr.com\/\",\"logo\":{\"@type\":\"ImageObject\",\"inLanguage\":\"tr\",\"@id\":\"https:\/\/epochtimestr.com\/#\/schema\/logo\/image\/\",\"url\":\"https:\/\/epochtimestr.com\/wp-content\/uploads\/2011y\/ET-Logo-YG.jpg\",\"contentUrl\":\"https:\/\/epochtimestr.com\/wp-content\/uploads\/2011y\/ET-Logo-YG.jpg\",\"width\":346,\"height\":29,\"caption\":\"The EpochTimes T\u00fcrkiye\"},\"image\":{\"@id\":\"https:\/\/epochtimestr.com\/#\/schema\/logo\/image\/\"},\"sameAs\":[\"https:\/\/www.facebook.com\/theepochtimestr\",\"https:\/\/x.com\/TheEpochTimesTR\",\"https:\/\/www.instagram.com\/epochtimestr\"]},{\"@type\":\"Person\",\"@id\":\"https:\/\/epochtimestr.com\/#\/schema\/person\/3dc5c3adeb9f43923c5aa85889172fdd\",\"name\":\"Haber Merkezi\",\"image\":{\"@type\":\"ImageObject\",\"inLanguage\":\"tr\",\"@id\":\"https:\/\/epochtimestr.com\/#\/schema\/person\/image\/\",\"url\":\"https:\/\/secure.gravatar.com\/avatar\/d73f772ba5a74f28601361e17c2f93e6?s=96&d=mm&r=g\",\"contentUrl\":\"https:\/\/secure.gravatar.com\/avatar\/d73f772ba5a74f28601361e17c2f93e6?s=96&d=mm&r=g\",\"caption\":\"Haber Merkezi\"},\"url\":\"https:\/\/epochtimestr.com\/index.php\/author\/sendag\"}]}<\/script>\n<!-- \/ Yoast SEO plugin. -->","yoast_head_json":{"title":"K\u0131r\u0131lgan ve B\u00fcy\u00fcl\u00fc Bir M\u00fczisyen; Fr\u00e9d\u00e9ric Fran\u00c7ois Chopin - The Epoch Times TR","robots":{"index":"index","follow":"follow","max-snippet":"max-snippet:-1","max-image-preview":"max-image-preview:large","max-video-preview":"max-video-preview:-1"},"canonical":"https:\/\/epochtimestr.com\/index.php\/kirilgan-ve-buyulu-bir-muzisyen-frederic-francois-chopin","og_locale":"tr_TR","og_type":"article","og_title":"K\u0131r\u0131lgan ve B\u00fcy\u00fcl\u00fc Bir M\u00fczisyen; Fr\u00e9d\u00e9ric Fran\u00c7ois Chopin - The Epoch Times TR","og_description":"Polonyal\u0131 bir anne ile Frans\u0131z bir baban\u0131n 4. \u00e7ocu\u011fu ve evin ilk erkek \u00e7ocu\u011fu olarak d\u00fcnyaya gelen Fr\u00e9d\u00e9ric Chopin, ailenin en nazik, en duygulu ve en k\u0131r\u0131lgan \u00fcyesiydi. Frederic, k\u00fc\u00e7\u00fck ya\u015fta \u00f6\u011fretmen babadan Frans\u0131zca dersleri al\u0131rken, annesinden de piyano dersleri almaya ba\u015flad\u0131. 8 ya\u015f\u0131nda Var\u015fova&#8217;da salonlarda konserler vererek \u00fcst\u00fcn yetenekli harika \u00e7ocuk unvan\u0131n\u0131 ald\u0131.\u00a0 Ard\u0131ndan, [&hellip;]","og_url":"https:\/\/epochtimestr.com\/index.php\/kirilgan-ve-buyulu-bir-muzisyen-frederic-francois-chopin","og_site_name":"The Epoch Times TR","article_publisher":"https:\/\/www.facebook.com\/theepochtimestr","article_published_time":"2018-03-01T17:09:53+00:00","article_modified_time":"2018-10-18T04:35:20+00:00","og_image":[{"width":800,"height":626,"url":"https:\/\/epochtimestr.com\/wp-content\/uploads\/2011y\/chopin-george-sand.jpg","type":"image\/jpeg"}],"author":"Haber Merkezi","twitter_card":"summary_large_image","twitter_creator":"@TheEpochTimesTR","twitter_site":"@TheEpochTimesTR","twitter_misc":{"Yazan:":"Haber Merkezi","Tahmini okuma s\u00fcresi":"5 dakika"},"schema":{"@context":"https:\/\/schema.org","@graph":[{"@type":"Article","@id":"https:\/\/epochtimestr.com\/index.php\/kirilgan-ve-buyulu-bir-muzisyen-frederic-francois-chopin#article","isPartOf":{"@id":"https:\/\/epochtimestr.com\/index.php\/kirilgan-ve-buyulu-bir-muzisyen-frederic-francois-chopin"},"author":{"name":"Haber Merkezi","@id":"https:\/\/epochtimestr.com\/#\/schema\/person\/3dc5c3adeb9f43923c5aa85889172fdd"},"headline":"K\u0131r\u0131lgan ve B\u00fcy\u00fcl\u00fc Bir M\u00fczisyen; Fr\u00e9d\u00e9ric Fran\u00c7ois Chopin","datePublished":"2018-03-01T17:09:53+00:00","dateModified":"2018-10-18T04:35:20+00:00","mainEntityOfPage":{"@id":"https:\/\/epochtimestr.com\/index.php\/kirilgan-ve-buyulu-bir-muzisyen-frederic-francois-chopin"},"wordCount":921,"publisher":{"@id":"https:\/\/epochtimestr.com\/#organization"},"image":{"@id":"https:\/\/epochtimestr.com\/index.php\/kirilgan-ve-buyulu-bir-muzisyen-frederic-francois-chopin#primaryimage"},"thumbnailUrl":"https:\/\/epochtimestr.com\/wp-content\/uploads\/2011y\/chopin-george-sand.jpg","articleSection":["ED\u0130T\u00d6R\u00dcN SE\u00c7\u0130M\u0130","G\u00dcNDEM","M\u00fczik","SANAT ve K\u00dcLT\u00dcR"],"inLanguage":"tr"},{"@type":"WebPage","@id":"https:\/\/epochtimestr.com\/index.php\/kirilgan-ve-buyulu-bir-muzisyen-frederic-francois-chopin","url":"https:\/\/epochtimestr.com\/index.php\/kirilgan-ve-buyulu-bir-muzisyen-frederic-francois-chopin","name":"K\u0131r\u0131lgan ve B\u00fcy\u00fcl\u00fc Bir M\u00fczisyen; Fr\u00e9d\u00e9ric Fran\u00c7ois Chopin - The Epoch Times TR","isPartOf":{"@id":"https:\/\/epochtimestr.com\/#website"},"primaryImageOfPage":{"@id":"https:\/\/epochtimestr.com\/index.php\/kirilgan-ve-buyulu-bir-muzisyen-frederic-francois-chopin#primaryimage"},"image":{"@id":"https:\/\/epochtimestr.com\/index.php\/kirilgan-ve-buyulu-bir-muzisyen-frederic-francois-chopin#primaryimage"},"thumbnailUrl":"https:\/\/epochtimestr.com\/wp-content\/uploads\/2011y\/chopin-george-sand.jpg","datePublished":"2018-03-01T17:09:53+00:00","dateModified":"2018-10-18T04:35:20+00:00","inLanguage":"tr","potentialAction":[{"@type":"ReadAction","target":["https:\/\/epochtimestr.com\/index.php\/kirilgan-ve-buyulu-bir-muzisyen-frederic-francois-chopin"]}]},{"@type":"ImageObject","inLanguage":"tr","@id":"https:\/\/epochtimestr.com\/index.php\/kirilgan-ve-buyulu-bir-muzisyen-frederic-francois-chopin#primaryimage","url":"https:\/\/epochtimestr.com\/wp-content\/uploads\/2011y\/chopin-george-sand.jpg","contentUrl":"https:\/\/epochtimestr.com\/wp-content\/uploads\/2011y\/chopin-george-sand.jpg","width":800,"height":626},{"@type":"WebSite","@id":"https:\/\/epochtimestr.com\/#website","url":"https:\/\/epochtimestr.com\/","name":"The Epoch Times TR","description":"De\u011fi\u015fen D\u00fcnyam\u0131za Taze Bir Bak\u0131\u015f","publisher":{"@id":"https:\/\/epochtimestr.com\/#organization"},"potentialAction":[{"@type":"SearchAction","target":{"@type":"EntryPoint","urlTemplate":"https:\/\/epochtimestr.com\/?s={search_term_string}"},"query-input":"required name=search_term_string"}],"inLanguage":"tr"},{"@type":"Organization","@id":"https:\/\/epochtimestr.com\/#organization","name":"The EpochTimes T\u00fcrkiye","url":"https:\/\/epochtimestr.com\/","logo":{"@type":"ImageObject","inLanguage":"tr","@id":"https:\/\/epochtimestr.com\/#\/schema\/logo\/image\/","url":"https:\/\/epochtimestr.com\/wp-content\/uploads\/2011y\/ET-Logo-YG.jpg","contentUrl":"https:\/\/epochtimestr.com\/wp-content\/uploads\/2011y\/ET-Logo-YG.jpg","width":346,"height":29,"caption":"The EpochTimes T\u00fcrkiye"},"image":{"@id":"https:\/\/epochtimestr.com\/#\/schema\/logo\/image\/"},"sameAs":["https:\/\/www.facebook.com\/theepochtimestr","https:\/\/x.com\/TheEpochTimesTR","https:\/\/www.instagram.com\/epochtimestr"]},{"@type":"Person","@id":"https:\/\/epochtimestr.com\/#\/schema\/person\/3dc5c3adeb9f43923c5aa85889172fdd","name":"Haber Merkezi","image":{"@type":"ImageObject","inLanguage":"tr","@id":"https:\/\/epochtimestr.com\/#\/schema\/person\/image\/","url":"https:\/\/secure.gravatar.com\/avatar\/d73f772ba5a74f28601361e17c2f93e6?s=96&d=mm&r=g","contentUrl":"https:\/\/secure.gravatar.com\/avatar\/d73f772ba5a74f28601361e17c2f93e6?s=96&d=mm&r=g","caption":"Haber Merkezi"},"url":"https:\/\/epochtimestr.com\/index.php\/author\/sendag"}]}},"_links":{"self":[{"href":"https:\/\/epochtimestr.com\/index.php\/wp-json\/wp\/v2\/posts\/112413"}],"collection":[{"href":"https:\/\/epochtimestr.com\/index.php\/wp-json\/wp\/v2\/posts"}],"about":[{"href":"https:\/\/epochtimestr.com\/index.php\/wp-json\/wp\/v2\/types\/post"}],"author":[{"embeddable":true,"href":"https:\/\/epochtimestr.com\/index.php\/wp-json\/wp\/v2\/users\/12791"}],"replies":[{"embeddable":true,"href":"https:\/\/epochtimestr.com\/index.php\/wp-json\/wp\/v2\/comments?post=112413"}],"version-history":[{"count":3,"href":"https:\/\/epochtimestr.com\/index.php\/wp-json\/wp\/v2\/posts\/112413\/revisions"}],"predecessor-version":[{"id":112422,"href":"https:\/\/epochtimestr.com\/index.php\/wp-json\/wp\/v2\/posts\/112413\/revisions\/112422"}],"wp:featuredmedia":[{"embeddable":true,"href":"https:\/\/epochtimestr.com\/index.php\/wp-json\/wp\/v2\/media\/112414"}],"wp:attachment":[{"href":"https:\/\/epochtimestr.com\/index.php\/wp-json\/wp\/v2\/media?parent=112413"}],"wp:term":[{"taxonomy":"category","embeddable":true,"href":"https:\/\/epochtimestr.com\/index.php\/wp-json\/wp\/v2\/categories?post=112413"},{"taxonomy":"post_tag","embeddable":true,"href":"https:\/\/epochtimestr.com\/index.php\/wp-json\/wp\/v2\/tags?post=112413"}],"curies":[{"name":"wp","href":"https:\/\/api.w.org\/{rel}","templated":true}]}}