{"id":113348,"date":"2018-03-22T18:37:58","date_gmt":"2018-03-22T15:37:58","guid":{"rendered":"http:\/\/epochtimestr.com\/?p=113348"},"modified":"2018-03-22T18:37:58","modified_gmt":"2018-03-22T15:37:58","slug":"facebook-kurucusu-zuckerberg-aciklamada-bulundu","status":"publish","type":"post","link":"https:\/\/epochtimestr.com\/index.php\/facebook-kurucusu-zuckerberg-aciklamada-bulundu","title":{"rendered":"Facebook Kurucusu Zuckerberg A\u00e7\u0131klamada Bulundu"},"content":{"rendered":"<p><img loading=\"lazy\" decoding=\"async\" class=\"size-full wp-image-79635\" src=\"https:\/\/epochtimestr.com\/wp-content\/uploads\/2011y\/Mark-Zuckerberg_facebook1.jpg\" alt=\"\" width=\"500\" height=\"347\" srcset=\"https:\/\/epochtimestr.com\/wp-content\/uploads\/2011y\/Mark-Zuckerberg_facebook1.jpg 500w, https:\/\/epochtimestr.com\/wp-content\/uploads\/2011y\/Mark-Zuckerberg_facebook1-150x104.jpg 150w, https:\/\/epochtimestr.com\/wp-content\/uploads\/2011y\/Mark-Zuckerberg_facebook1-300x208.jpg 300w, https:\/\/epochtimestr.com\/wp-content\/uploads\/2011y\/Mark-Zuckerberg_facebook1-292x202.jpg 292w\" sizes=\"(max-width: 500px) 100vw, 500px\" \/><\/p>\n<p><strong><\/p>\n<p>Facebook kurucusu ve \u00dcst Y\u00f6neticisi Mark Zuckerberg, \u015firketin 50 milyon kullan\u0131c\u0131s\u0131na ait ki\u015fisel bilgilerin d\u0131\u015far\u0131 s\u0131zmas\u0131yla ilgili resmi a\u00e7\u0131klama yapt\u0131.<\/p>\n<p><\/strong>1.5 milyardan fazla \u00fcyesiyle d\u00fcnyan\u0131n en b\u00fcy\u00fck sosyal payla\u015f\u0131m sitesi Facebook&#8217;un kurucusu, 33 ya\u015f\u0131ndaki giri\u015fimci Mark Zuckerberg, 50 milyon kullan\u0131c\u0131 profiline ait verilerin Cambridge Analytica veri \u015firketi taraf\u0131ndan usuls\u00fcz kullan\u0131ld\u0131\u011f\u0131n\u0131n ortaya \u00e7\u0131kmas\u0131 \u00fczerine hata yapt\u0131\u011f\u0131n\u0131 s\u00f6yledi.<\/p>\n<p>Londra merkezli \u015firketin, Alexandr Kogan adl\u0131 akademisyen taraf\u0131ndan tasarlanan ve Facebook&#8217;ta ki\u015fisel bilgilerin soruldu\u011fu bir form arac\u0131l\u0131\u011f\u0131yla milyonlarca ki\u015finin verilerini toplad\u0131\u011f\u0131 if\u015fa edilirken, \u015firketin bu verileri 2016&#8217;daki ABD ba\u015fkanl\u0131k se\u00e7imlerinde ve Britanya&#8217;n\u0131n Avrupa Birli\u011fi&#8217;nden ayr\u0131lma referandumunda da etkili olmak i\u00e7in kullan\u0131ld\u0131\u011f\u0131 kaydedilmi\u015fti.<\/p>\n<p>Zuckerberg, Facebook&#8217;ta yapt\u0131\u011f\u0131 yaz\u0131l\u0131 a\u00e7\u0131klamada, yapt\u0131\u011f\u0131 hatan\u0131n,\u00a0 kullan\u0131c\u0131 verilerinin analiz \u015firketinin eline ge\u00e7mesine neden oldu\u011funu belirterek, kullan\u0131c\u0131 verilerinin koruma sorumluluklar\u0131n\u0131n oldu\u011funu, bunu da yapam\u0131yorsa kullan\u0131c\u0131lar\u0131n\u0131 hak etmedi\u011fini s\u00f6yledi. &#8220;Tam olarak ne oldu\u011funu anlamak ve tekrar ya\u015fanmas\u0131na engel olmak i\u00e7in neler yap\u0131lmas\u0131 gerekti\u011fini inceliyordum. Buna engel olmak i\u00e7in gerekli ad\u0131mlar y\u0131llar \u00f6nce yap\u0131lm\u0131\u015ft\u0131. Ama yine de hata yapt\u0131k.&#8221; \u015feklinde a\u00e7\u0131klamada bulundu.<\/p>\n<p>Facebook i\u00e7i uygulama geli\u015ftiricilerinin kullan\u0131c\u0131 verilerinin izinsiz \u015fekilde elde edilmesini engellemek i\u00e7in bir dizi \u00f6nlem ald\u0131klar\u0131n\u0131 belirten Zuckerberg, \u00f6n\u00fcm\u00fczdeki ay t\u00fcm kullan\u0131c\u0131lara indirdikleri uygulaman\u0131n hangi ki\u015fisel bilgilere eri\u015febilece\u011fini g\u00f6steren bir arac\u0131 haber ak\u0131\u015f\u0131na ekleyece\u011fini s\u00f6yleyerek, d\u0131\u015far\u0131dan uygulama geli\u015ftiren yaz\u0131l\u0131mc\u0131lar\u0131n ki\u015fisel verilere olan eri\u015fim yollar\u0131n\u0131 k\u0131s\u0131tlayaca\u011f\u0131n\u0131 ekledi.<\/p>\n","protected":false},"excerpt":{"rendered":"<p>Facebook kurucusu ve \u00dcst Y\u00f6neticisi Mark Zuckerberg, \u015firketin 50 milyon kullan\u0131c\u0131s\u0131na ait ki\u015fisel bilgilerin d\u0131\u015far\u0131 s\u0131zmas\u0131yla ilgili resmi a\u00e7\u0131klama yapt\u0131. 1.5 milyardan fazla \u00fcyesiyle d\u00fcnyan\u0131n en b\u00fcy\u00fck sosyal payla\u015f\u0131m sitesi Facebook&#8217;un kurucusu, 33 ya\u015f\u0131ndaki giri\u015fimci Mark Zuckerberg, 50 milyon kullan\u0131c\u0131 profiline ait verilerin Cambridge Analytica veri \u015firketi taraf\u0131ndan usuls\u00fcz kullan\u0131ld\u0131\u011f\u0131n\u0131n ortaya \u00e7\u0131kmas\u0131 \u00fczerine hata yapt\u0131\u011f\u0131n\u0131 [&hellip;]<\/p>\n","protected":false},"author":12791,"featured_media":79634,"comment_status":"closed","ping_status":"open","sticky":false,"template":"","format":"standard","meta":{"_yoast_wpseo_focuskw":"","_yoast_wpseo_title":"","_yoast_wpseo_metadesc":"","_bbp_topic_count":0,"_bbp_reply_count":0,"_bbp_total_topic_count":0,"_bbp_total_reply_count":0,"_bbp_voice_count":0,"_bbp_anonymous_reply_count":0,"_bbp_topic_count_hidden":0,"_bbp_reply_count_hidden":0,"_bbp_forum_subforum_count":0,"footnotes":"","_yoast_wpseo_focuskw_text_input":""},"categories":[5,1],"tags":[],"yoast_head":"<!-- This site is optimized with the Yoast SEO plugin v23.0 - https:\/\/yoast.com\/wordpress\/plugins\/seo\/ -->\n<title>Facebook Kurucusu Zuckerberg A\u00e7\u0131klamada Bulundu - The Epoch Times TR<\/title>\n<meta name=\"robots\" content=\"index, follow, max-snippet:-1, max-image-preview:large, max-video-preview:-1\" \/>\n<link rel=\"canonical\" href=\"https:\/\/epochtimestr.com\/index.php\/facebook-kurucusu-zuckerberg-aciklamada-bulundu\" \/>\n<meta property=\"og:locale\" content=\"tr_TR\" \/>\n<meta property=\"og:type\" content=\"article\" \/>\n<meta property=\"og:title\" content=\"Facebook Kurucusu Zuckerberg A\u00e7\u0131klamada Bulundu - The Epoch Times TR\" \/>\n<meta property=\"og:description\" content=\"Facebook kurucusu ve \u00dcst Y\u00f6neticisi Mark Zuckerberg, \u015firketin 50 milyon kullan\u0131c\u0131s\u0131na ait ki\u015fisel bilgilerin d\u0131\u015far\u0131 s\u0131zmas\u0131yla ilgili resmi a\u00e7\u0131klama yapt\u0131. 1.5 milyardan fazla \u00fcyesiyle d\u00fcnyan\u0131n en b\u00fcy\u00fck sosyal payla\u015f\u0131m sitesi Facebook&#8217;un kurucusu, 33 ya\u015f\u0131ndaki giri\u015fimci Mark Zuckerberg, 50 milyon kullan\u0131c\u0131 profiline ait verilerin Cambridge Analytica veri \u015firketi taraf\u0131ndan usuls\u00fcz kullan\u0131ld\u0131\u011f\u0131n\u0131n ortaya \u00e7\u0131kmas\u0131 \u00fczerine hata yapt\u0131\u011f\u0131n\u0131 [&hellip;]\" \/>\n<meta property=\"og:url\" content=\"https:\/\/epochtimestr.com\/index.php\/facebook-kurucusu-zuckerberg-aciklamada-bulundu\" \/>\n<meta property=\"og:site_name\" content=\"The Epoch Times TR\" \/>\n<meta property=\"article:publisher\" content=\"https:\/\/www.facebook.com\/theepochtimestr\" \/>\n<meta property=\"article:published_time\" content=\"2018-03-22T15:37:58+00:00\" \/>\n<meta property=\"og:image\" content=\"https:\/\/epochtimestr.com\/wp-content\/uploads\/2011y\/Mark-Zuckerberg_facebook.jpg\" \/>\n\t<meta property=\"og:image:width\" content=\"634\" \/>\n\t<meta property=\"og:image:height\" content=\"441\" \/>\n\t<meta property=\"og:image:type\" content=\"image\/jpeg\" \/>\n<meta name=\"author\" content=\"Haber Merkezi\" \/>\n<meta name=\"twitter:card\" content=\"summary_large_image\" \/>\n<meta name=\"twitter:creator\" content=\"@TheEpochTimesTR\" \/>\n<meta name=\"twitter:site\" content=\"@TheEpochTimesTR\" \/>\n<meta name=\"twitter:label1\" content=\"Yazan:\" \/>\n\t<meta name=\"twitter:data1\" content=\"Haber Merkezi\" \/>\n\t<meta name=\"twitter:label2\" content=\"Tahmini okuma s\u00fcresi\" \/>\n\t<meta name=\"twitter:data2\" content=\"2 dakika\" \/>\n<script type=\"application\/ld+json\" class=\"yoast-schema-graph\">{\"@context\":\"https:\/\/schema.org\",\"@graph\":[{\"@type\":\"Article\",\"@id\":\"https:\/\/epochtimestr.com\/index.php\/facebook-kurucusu-zuckerberg-aciklamada-bulundu#article\",\"isPartOf\":{\"@id\":\"https:\/\/epochtimestr.com\/index.php\/facebook-kurucusu-zuckerberg-aciklamada-bulundu\"},\"author\":{\"name\":\"Haber Merkezi\",\"@id\":\"https:\/\/epochtimestr.com\/#\/schema\/person\/3dc5c3adeb9f43923c5aa85889172fdd\"},\"headline\":\"Facebook Kurucusu Zuckerberg A\u00e7\u0131klamada Bulundu\",\"datePublished\":\"2018-03-22T15:37:58+00:00\",\"dateModified\":\"2018-03-22T15:37:58+00:00\",\"mainEntityOfPage\":{\"@id\":\"https:\/\/epochtimestr.com\/index.php\/facebook-kurucusu-zuckerberg-aciklamada-bulundu\"},\"wordCount\":307,\"publisher\":{\"@id\":\"https:\/\/epochtimestr.com\/#organization\"},\"image\":{\"@id\":\"https:\/\/epochtimestr.com\/index.php\/facebook-kurucusu-zuckerberg-aciklamada-bulundu#primaryimage\"},\"thumbnailUrl\":\"https:\/\/epochtimestr.com\/wp-content\/uploads\/2011y\/Mark-Zuckerberg_facebook.jpg\",\"articleSection\":[\"D\u00dcNYA\",\"G\u00dcNDEM\"],\"inLanguage\":\"tr\"},{\"@type\":\"WebPage\",\"@id\":\"https:\/\/epochtimestr.com\/index.php\/facebook-kurucusu-zuckerberg-aciklamada-bulundu\",\"url\":\"https:\/\/epochtimestr.com\/index.php\/facebook-kurucusu-zuckerberg-aciklamada-bulundu\",\"name\":\"Facebook Kurucusu Zuckerberg A\u00e7\u0131klamada Bulundu - The Epoch Times TR\",\"isPartOf\":{\"@id\":\"https:\/\/epochtimestr.com\/#website\"},\"primaryImageOfPage\":{\"@id\":\"https:\/\/epochtimestr.com\/index.php\/facebook-kurucusu-zuckerberg-aciklamada-bulundu#primaryimage\"},\"image\":{\"@id\":\"https:\/\/epochtimestr.com\/index.php\/facebook-kurucusu-zuckerberg-aciklamada-bulundu#primaryimage\"},\"thumbnailUrl\":\"https:\/\/epochtimestr.com\/wp-content\/uploads\/2011y\/Mark-Zuckerberg_facebook.jpg\",\"datePublished\":\"2018-03-22T15:37:58+00:00\",\"dateModified\":\"2018-03-22T15:37:58+00:00\",\"inLanguage\":\"tr\",\"potentialAction\":[{\"@type\":\"ReadAction\",\"target\":[\"https:\/\/epochtimestr.com\/index.php\/facebook-kurucusu-zuckerberg-aciklamada-bulundu\"]}]},{\"@type\":\"ImageObject\",\"inLanguage\":\"tr\",\"@id\":\"https:\/\/epochtimestr.com\/index.php\/facebook-kurucusu-zuckerberg-aciklamada-bulundu#primaryimage\",\"url\":\"https:\/\/epochtimestr.com\/wp-content\/uploads\/2011y\/Mark-Zuckerberg_facebook.jpg\",\"contentUrl\":\"https:\/\/epochtimestr.com\/wp-content\/uploads\/2011y\/Mark-Zuckerberg_facebook.jpg\",\"width\":634,\"height\":441,\"caption\":\"Facebook CEO'su Mark Zuckerberg (Foto\u011fraf: Chandan Khanna, AFP\/ Getty Images)\"},{\"@type\":\"WebSite\",\"@id\":\"https:\/\/epochtimestr.com\/#website\",\"url\":\"https:\/\/epochtimestr.com\/\",\"name\":\"The Epoch Times TR\",\"description\":\"De\u011fi\u015fen D\u00fcnyam\u0131za Taze Bir Bak\u0131\u015f\",\"publisher\":{\"@id\":\"https:\/\/epochtimestr.com\/#organization\"},\"potentialAction\":[{\"@type\":\"SearchAction\",\"target\":{\"@type\":\"EntryPoint\",\"urlTemplate\":\"https:\/\/epochtimestr.com\/?s={search_term_string}\"},\"query-input\":\"required name=search_term_string\"}],\"inLanguage\":\"tr\"},{\"@type\":\"Organization\",\"@id\":\"https:\/\/epochtimestr.com\/#organization\",\"name\":\"The EpochTimes T\u00fcrkiye\",\"url\":\"https:\/\/epochtimestr.com\/\",\"logo\":{\"@type\":\"ImageObject\",\"inLanguage\":\"tr\",\"@id\":\"https:\/\/epochtimestr.com\/#\/schema\/logo\/image\/\",\"url\":\"https:\/\/epochtimestr.com\/wp-content\/uploads\/2011y\/ET-Logo-YG.jpg\",\"contentUrl\":\"https:\/\/epochtimestr.com\/wp-content\/uploads\/2011y\/ET-Logo-YG.jpg\",\"width\":346,\"height\":29,\"caption\":\"The EpochTimes T\u00fcrkiye\"},\"image\":{\"@id\":\"https:\/\/epochtimestr.com\/#\/schema\/logo\/image\/\"},\"sameAs\":[\"https:\/\/www.facebook.com\/theepochtimestr\",\"https:\/\/x.com\/TheEpochTimesTR\",\"https:\/\/www.instagram.com\/epochtimestr\"]},{\"@type\":\"Person\",\"@id\":\"https:\/\/epochtimestr.com\/#\/schema\/person\/3dc5c3adeb9f43923c5aa85889172fdd\",\"name\":\"Haber Merkezi\",\"image\":{\"@type\":\"ImageObject\",\"inLanguage\":\"tr\",\"@id\":\"https:\/\/epochtimestr.com\/#\/schema\/person\/image\/\",\"url\":\"https:\/\/secure.gravatar.com\/avatar\/d73f772ba5a74f28601361e17c2f93e6?s=96&d=mm&r=g\",\"contentUrl\":\"https:\/\/secure.gravatar.com\/avatar\/d73f772ba5a74f28601361e17c2f93e6?s=96&d=mm&r=g\",\"caption\":\"Haber Merkezi\"},\"url\":\"https:\/\/epochtimestr.com\/index.php\/author\/sendag\"}]}<\/script>\n<!-- \/ Yoast SEO plugin. -->","yoast_head_json":{"title":"Facebook Kurucusu Zuckerberg A\u00e7\u0131klamada Bulundu - The Epoch Times TR","robots":{"index":"index","follow":"follow","max-snippet":"max-snippet:-1","max-image-preview":"max-image-preview:large","max-video-preview":"max-video-preview:-1"},"canonical":"https:\/\/epochtimestr.com\/index.php\/facebook-kurucusu-zuckerberg-aciklamada-bulundu","og_locale":"tr_TR","og_type":"article","og_title":"Facebook Kurucusu Zuckerberg A\u00e7\u0131klamada Bulundu - The Epoch Times TR","og_description":"Facebook kurucusu ve \u00dcst Y\u00f6neticisi Mark Zuckerberg, \u015firketin 50 milyon kullan\u0131c\u0131s\u0131na ait ki\u015fisel bilgilerin d\u0131\u015far\u0131 s\u0131zmas\u0131yla ilgili resmi a\u00e7\u0131klama yapt\u0131. 1.5 milyardan fazla \u00fcyesiyle d\u00fcnyan\u0131n en b\u00fcy\u00fck sosyal payla\u015f\u0131m sitesi Facebook&#8217;un kurucusu, 33 ya\u015f\u0131ndaki giri\u015fimci Mark Zuckerberg, 50 milyon kullan\u0131c\u0131 profiline ait verilerin Cambridge Analytica veri \u015firketi taraf\u0131ndan usuls\u00fcz kullan\u0131ld\u0131\u011f\u0131n\u0131n ortaya \u00e7\u0131kmas\u0131 \u00fczerine hata yapt\u0131\u011f\u0131n\u0131 [&hellip;]","og_url":"https:\/\/epochtimestr.com\/index.php\/facebook-kurucusu-zuckerberg-aciklamada-bulundu","og_site_name":"The Epoch Times TR","article_publisher":"https:\/\/www.facebook.com\/theepochtimestr","article_published_time":"2018-03-22T15:37:58+00:00","og_image":[{"width":634,"height":441,"url":"https:\/\/epochtimestr.com\/wp-content\/uploads\/2011y\/Mark-Zuckerberg_facebook.jpg","type":"image\/jpeg"}],"author":"Haber Merkezi","twitter_card":"summary_large_image","twitter_creator":"@TheEpochTimesTR","twitter_site":"@TheEpochTimesTR","twitter_misc":{"Yazan:":"Haber Merkezi","Tahmini okuma s\u00fcresi":"2 dakika"},"schema":{"@context":"https:\/\/schema.org","@graph":[{"@type":"Article","@id":"https:\/\/epochtimestr.com\/index.php\/facebook-kurucusu-zuckerberg-aciklamada-bulundu#article","isPartOf":{"@id":"https:\/\/epochtimestr.com\/index.php\/facebook-kurucusu-zuckerberg-aciklamada-bulundu"},"author":{"name":"Haber Merkezi","@id":"https:\/\/epochtimestr.com\/#\/schema\/person\/3dc5c3adeb9f43923c5aa85889172fdd"},"headline":"Facebook Kurucusu Zuckerberg A\u00e7\u0131klamada Bulundu","datePublished":"2018-03-22T15:37:58+00:00","dateModified":"2018-03-22T15:37:58+00:00","mainEntityOfPage":{"@id":"https:\/\/epochtimestr.com\/index.php\/facebook-kurucusu-zuckerberg-aciklamada-bulundu"},"wordCount":307,"publisher":{"@id":"https:\/\/epochtimestr.com\/#organization"},"image":{"@id":"https:\/\/epochtimestr.com\/index.php\/facebook-kurucusu-zuckerberg-aciklamada-bulundu#primaryimage"},"thumbnailUrl":"https:\/\/epochtimestr.com\/wp-content\/uploads\/2011y\/Mark-Zuckerberg_facebook.jpg","articleSection":["D\u00dcNYA","G\u00dcNDEM"],"inLanguage":"tr"},{"@type":"WebPage","@id":"https:\/\/epochtimestr.com\/index.php\/facebook-kurucusu-zuckerberg-aciklamada-bulundu","url":"https:\/\/epochtimestr.com\/index.php\/facebook-kurucusu-zuckerberg-aciklamada-bulundu","name":"Facebook Kurucusu Zuckerberg A\u00e7\u0131klamada Bulundu - The Epoch Times TR","isPartOf":{"@id":"https:\/\/epochtimestr.com\/#website"},"primaryImageOfPage":{"@id":"https:\/\/epochtimestr.com\/index.php\/facebook-kurucusu-zuckerberg-aciklamada-bulundu#primaryimage"},"image":{"@id":"https:\/\/epochtimestr.com\/index.php\/facebook-kurucusu-zuckerberg-aciklamada-bulundu#primaryimage"},"thumbnailUrl":"https:\/\/epochtimestr.com\/wp-content\/uploads\/2011y\/Mark-Zuckerberg_facebook.jpg","datePublished":"2018-03-22T15:37:58+00:00","dateModified":"2018-03-22T15:37:58+00:00","inLanguage":"tr","potentialAction":[{"@type":"ReadAction","target":["https:\/\/epochtimestr.com\/index.php\/facebook-kurucusu-zuckerberg-aciklamada-bulundu"]}]},{"@type":"ImageObject","inLanguage":"tr","@id":"https:\/\/epochtimestr.com\/index.php\/facebook-kurucusu-zuckerberg-aciklamada-bulundu#primaryimage","url":"https:\/\/epochtimestr.com\/wp-content\/uploads\/2011y\/Mark-Zuckerberg_facebook.jpg","contentUrl":"https:\/\/epochtimestr.com\/wp-content\/uploads\/2011y\/Mark-Zuckerberg_facebook.jpg","width":634,"height":441,"caption":"Facebook CEO'su Mark Zuckerberg (Foto\u011fraf: Chandan Khanna, AFP\/ Getty Images)"},{"@type":"WebSite","@id":"https:\/\/epochtimestr.com\/#website","url":"https:\/\/epochtimestr.com\/","name":"The Epoch Times TR","description":"De\u011fi\u015fen D\u00fcnyam\u0131za Taze Bir Bak\u0131\u015f","publisher":{"@id":"https:\/\/epochtimestr.com\/#organization"},"potentialAction":[{"@type":"SearchAction","target":{"@type":"EntryPoint","urlTemplate":"https:\/\/epochtimestr.com\/?s={search_term_string}"},"query-input":"required name=search_term_string"}],"inLanguage":"tr"},{"@type":"Organization","@id":"https:\/\/epochtimestr.com\/#organization","name":"The EpochTimes T\u00fcrkiye","url":"https:\/\/epochtimestr.com\/","logo":{"@type":"ImageObject","inLanguage":"tr","@id":"https:\/\/epochtimestr.com\/#\/schema\/logo\/image\/","url":"https:\/\/epochtimestr.com\/wp-content\/uploads\/2011y\/ET-Logo-YG.jpg","contentUrl":"https:\/\/epochtimestr.com\/wp-content\/uploads\/2011y\/ET-Logo-YG.jpg","width":346,"height":29,"caption":"The EpochTimes T\u00fcrkiye"},"image":{"@id":"https:\/\/epochtimestr.com\/#\/schema\/logo\/image\/"},"sameAs":["https:\/\/www.facebook.com\/theepochtimestr","https:\/\/x.com\/TheEpochTimesTR","https:\/\/www.instagram.com\/epochtimestr"]},{"@type":"Person","@id":"https:\/\/epochtimestr.com\/#\/schema\/person\/3dc5c3adeb9f43923c5aa85889172fdd","name":"Haber Merkezi","image":{"@type":"ImageObject","inLanguage":"tr","@id":"https:\/\/epochtimestr.com\/#\/schema\/person\/image\/","url":"https:\/\/secure.gravatar.com\/avatar\/d73f772ba5a74f28601361e17c2f93e6?s=96&d=mm&r=g","contentUrl":"https:\/\/secure.gravatar.com\/avatar\/d73f772ba5a74f28601361e17c2f93e6?s=96&d=mm&r=g","caption":"Haber Merkezi"},"url":"https:\/\/epochtimestr.com\/index.php\/author\/sendag"}]}},"_links":{"self":[{"href":"https:\/\/epochtimestr.com\/index.php\/wp-json\/wp\/v2\/posts\/113348"}],"collection":[{"href":"https:\/\/epochtimestr.com\/index.php\/wp-json\/wp\/v2\/posts"}],"about":[{"href":"https:\/\/epochtimestr.com\/index.php\/wp-json\/wp\/v2\/types\/post"}],"author":[{"embeddable":true,"href":"https:\/\/epochtimestr.com\/index.php\/wp-json\/wp\/v2\/users\/12791"}],"replies":[{"embeddable":true,"href":"https:\/\/epochtimestr.com\/index.php\/wp-json\/wp\/v2\/comments?post=113348"}],"version-history":[{"count":1,"href":"https:\/\/epochtimestr.com\/index.php\/wp-json\/wp\/v2\/posts\/113348\/revisions"}],"predecessor-version":[{"id":113349,"href":"https:\/\/epochtimestr.com\/index.php\/wp-json\/wp\/v2\/posts\/113348\/revisions\/113349"}],"wp:featuredmedia":[{"embeddable":true,"href":"https:\/\/epochtimestr.com\/index.php\/wp-json\/wp\/v2\/media\/79634"}],"wp:attachment":[{"href":"https:\/\/epochtimestr.com\/index.php\/wp-json\/wp\/v2\/media?parent=113348"}],"wp:term":[{"taxonomy":"category","embeddable":true,"href":"https:\/\/epochtimestr.com\/index.php\/wp-json\/wp\/v2\/categories?post=113348"},{"taxonomy":"post_tag","embeddable":true,"href":"https:\/\/epochtimestr.com\/index.php\/wp-json\/wp\/v2\/tags?post=113348"}],"curies":[{"name":"wp","href":"https:\/\/api.w.org\/{rel}","templated":true}]}}