{"id":114501,"date":"2018-04-27T16:27:33","date_gmt":"2018-04-27T13:27:33","guid":{"rendered":"http:\/\/epochtimestr.com\/?p=114501"},"modified":"2018-04-27T18:56:35","modified_gmt":"2018-04-27T15:56:35","slug":"25-nisanda-dunya-capindaki-uygulayicilar-cinde-falun-dafaya-yapilan-zulum-icin-nobet-tutuyorlar","status":"publish","type":"post","link":"https:\/\/epochtimestr.com\/index.php\/25-nisanda-dunya-capindaki-uygulayicilar-cinde-falun-dafaya-yapilan-zulum-icin-nobet-tutuyorlar","title":{"rendered":"D\u00fcnya \u00c7ap\u0131ndaki Falun Dafa Uygulay\u0131c\u0131lar\u0131, \u00c7in\u2019de Falun Dafa\u2019ya Yap\u0131lan Zul\u00fcm \u0130\u00e7in N\u00f6bet Tuttular"},"content":{"rendered":"<p><iframe loading=\"lazy\" width=\"1170\" height=\"658\" src=\"https:\/\/www.youtube.com\/embed\/UKAx7XpWiTE?feature=oembed\" frameborder=\"0\" allow=\"autoplay; encrypted-media\" allowfullscreen><\/iframe><\/p>\n<p>O g\u00fcn yakla\u015f\u0131k 10 bin uygulay\u0131c\u0131, g\u00f6zalt\u0131ndaki uygulay\u0131c\u0131lar\u0131n serbest b\u0131rak\u0131lmas\u0131n\u0131 istemek i\u00e7in Pekin&#8217;deki temyiz b\u00fcrosunun \u00f6n\u00fcnde topland\u0131. Olay, \u00c7in devlet medyas\u0131 taraf\u0131ndan bir &#8220;idari b\u00f6lge ku\u015fatmas\u0131&#8221; olarak \u00e7arp\u0131t\u0131ld\u0131. O g\u00fcn ya\u015fananlar, \u00c7in devletinin zulm\u00fc geni\u015f \u00e7apl\u0131 ba\u015flatmas\u0131 i\u00e7in bir bahane oldu ve 20 Temmuz 1999 g\u00fcn\u00fc, \u00c7in&#8217;in tamam\u0131nda ak\u0131l almaz bir zul\u00fcm ba\u015flat\u0131ld\u0131.<\/p>\n<p>Ki\u015fisel bir geli\u015fim uygulamas\u0131 olan Falun Gong (Falun Dafa olarak da bilinir), 19 senedir zul\u00fcm g\u00f6rmektedir.<\/p>\n<p>Ge\u00e7ti\u011fimiz \u00c7ar\u015famba g\u00fcn\u00fc, d\u00fcnya \u00e7ap\u0131nda n\u00f6bet tutan Falun Gong uygulay\u0131c\u0131lar\u0131,\u00a0\u00c7in&#8217;de Falun Gong&#8217;a y\u00f6nelik ba\u015flat\u0131lan iftira kampanyas\u0131n\u0131n ba\u015flad\u0131\u011f\u0131 25 Nisan 1999 g\u00fcn\u00fcn\u00fc an\u0131yorlar.<\/p>\n<p><strong>Hapis Cezas\u0131, A\u015fa\u011f\u0131lama, \u0130\u015fkence ve \u00d6l\u00fcm<\/strong><\/p>\n<p>25 Nisan 1999 olaylar\u0131n\u0131 bahane eden \u00c7in&#8217;in eski devlet ba\u015fkan\u0131 Jiang Zemin,\u00a0sonras\u0131nda Falun Gong&#8217;a kar\u015f\u0131 geni\u015f \u00e7apl\u0131 bir zul\u00fcm ba\u015flatt\u0131 ve bunu yaparken t\u00fcm devlet mekanizmas\u0131n\u0131 kulland\u0131. Bunun \u00fczerine binlerce insan hapsedildi, a\u015fa\u011f\u0131land\u0131, i\u015fkence g\u00f6rd\u00fc ve hatta organlar\u0131 i\u00e7in &#8220;sipari\u015f \u00fczerine&#8221; \u00f6ld\u00fcr\u00fcld\u00fcler.<\/p>\n<p><a href=\"https:\/\/epochtimestr.com\/index.php\/cinde-organ-ticareti-gonullu-donor-kayitlari-uzmanlar-tarafindan-inandirici-bulunmadi\">\u00c7in&#8217;deki Organ Ticareti: G\u00f6n\u00fcll\u00fc Don\u00f6r Kay\u0131tlar\u0131 Uzmanlar Taraf\u0131ndan \u0130nand\u0131r\u0131c\u0131 Bulunmad\u0131<\/a><\/p>\n<p>1992 y\u0131l\u0131nda halka geni\u015f \u00e7apl\u0131 aktar\u0131lan ve pop\u00fclaritesi gittik\u00e7e artan Falun Gong meditasyon uygulamas\u0131, 1999 y\u0131l\u0131ndan sonra Falun Gong, \u00c7in Kom\u00fcnist Partisi taraf\u0131ndan iftiralara ve zulme maruz kald\u0131.<\/p>\n<p>11 Nisan 1999 tarihinde, He Zuoxiu&#8217;nun kay\u0131nbiraderi olan Lua Gan&#8217;\u0131n (Luo Gan 2001 y\u0131l\u0131ndan 2007 y\u0131l\u0131na kadar, Kom\u00fcnist Parti Siyasi B\u00fcro Daimi Komitesi \u00fcyesi ve\u00a0Falun Gong zulm\u00fcnden sorumlu ki\u015fiydi) talimat\u0131 do\u011frultusunda, Tianjin \u00dcniversite dergisinde, Falun Gong&#8217;a kar\u015f\u0131 a\u011f\u0131r su\u00e7lamalarda bulunuldu.<\/p>\n<p>Pekin&#8217;den 120 km uzaktaki bu \u015fehrin uygulay\u0131c\u0131lar\u0131 bunun \u00fczerine, kendilerini ve Falun\u00a0Gong&#8217;u bar\u0131\u015f\u00e7\u0131l bir \u015fekilde anlatmak i\u00e7in g\u00f6steriler d\u00fczenlediler. Onlar\u0131n amac\u0131 sadece ger\u00e7ekleri anlatmakt\u0131, fakat devlet onlar\u0131 \u015fiddet ile da\u011f\u0131tt\u0131 ve 45 ki\u015fiyi tutuklad\u0131.<\/p>\n<p>Bu olaydan sonra, tutuklular\u0131n serbest b\u0131rak\u0131lmas\u0131n\u0131 talep eden uygulay\u0131c\u0131lara\u00a0&#8220;Burada size yard\u0131mc\u0131 olamay\u0131z&#8221; dediler.<\/p>\n<p>Tianjin, Pekin&#8217;deki merkezi h\u00fck\u00fcmete do\u011frudan ba\u011fl\u0131d\u0131r. G\u00f6zalt\u0131 kararlar\u0131, kamu\u00a0g\u00fcvenli\u011finden sorumlu bakanl\u0131ktan gelmi\u015fti. Bu nedenle, Tianjin&#8217;deki yetkililer,\u00a0uygulay\u0131c\u0131lar\u0131 serbest b\u0131rakmak i\u00e7in ba\u015fvuru yapmak isteyen uygulay\u0131c\u0131lar\u0131 Pekin&#8217;e y\u00f6nlendirdiler. Sadece orada onlara yard\u0131m edilebilece\u011fini s\u00f6ylediler.<\/p>\n<p>Bu tavsiyenin ard\u0131ndan bir\u00e7ok Falun Dafa uygulay\u0131c\u0131s\u0131, 25 Nisan 1999 g\u00fcn\u00fc Pekin&#8217;e gitti. Onlar, tutuklu vatanda\u015flar\u0131n serbest b\u0131rak\u0131lmas\u0131 i\u00e7in Ulusal Temyiz Ofisi&#8217;ne gitmek istediler.<\/p>\n<p>Bu iste\u011fi iletmek i\u00e7in giden uygulay\u0131c\u0131lar, \u00c7in Devlet G\u00fcvenlik yetkilileri taraf\u0131ndan\u00a0Pekin&#8217;de kabul edildiler. H\u00fck\u00fcmetin merkezi olan Zhongnanhai&#8217;nin kap\u0131s\u0131na iki ayr\u0131 yol\u00a0\u00fczerinden y\u00f6nlendirildiler.<\/p>\n<figure id=\"attachment_114503\" aria-describedby=\"caption-attachment-114503\" style=\"width: 600px\" class=\"wp-caption aligncenter\"><img loading=\"lazy\" decoding=\"async\" class=\"size-full wp-image-114503\" src=\"https:\/\/epochtimestr.com\/wp-content\/uploads\/2011y\/Falun_Gong_Peking_1999_Zhongnanhai__pt_8.jpg\" alt=\"\" width=\"600\" height=\"365\" srcset=\"https:\/\/epochtimestr.com\/wp-content\/uploads\/2011y\/Falun_Gong_Peking_1999_Zhongnanhai__pt_8.jpg 600w, https:\/\/epochtimestr.com\/wp-content\/uploads\/2011y\/Falun_Gong_Peking_1999_Zhongnanhai__pt_8-150x91.jpg 150w, https:\/\/epochtimestr.com\/wp-content\/uploads\/2011y\/Falun_Gong_Peking_1999_Zhongnanhai__pt_8-300x183.jpg 300w\" sizes=\"(max-width: 600px) 100vw, 600px\" \/><figcaption id=\"caption-attachment-114503\" class=\"wp-caption-text\">25 Nisan 1999 g\u00fcn\u00fc, 10,000 Falun Gong uygulay\u0131c\u0131s\u0131, Pekin&#8217;deki Temyiz Ofisi&#8217;ne dilek\u00e7e vermek i\u00e7in topland\u0131, fakat g\u00fcvenlik g\u00fc\u00e7leri taraf\u0131ndan Zhongnanhai merkez h\u00fck\u00fcmetine do\u011fru y\u00f6nlendirildiler. (Foto\u011fraf: Epoch Times)<\/figcaption><\/figure>\n<p>Temyiz ofisi nadir haberlerle s\u00f6z konusu olan bir kurumdur. Yerel g\u00fcvenlik yetkilileri, bekleyen uygulay\u0131c\u0131lara ofisin kapal\u0131 oldu\u011funu, daha sonra a\u00e7\u0131laca\u011f\u0131n\u0131 ve beklemelerini s\u00f6yledi.<\/p>\n<p>\u0130nsanlar\u0131n birikimiyle uzun bir bekleme kuyru\u011fu olu\u015fmu\u015ftu, fakat y\u00f6netim kompleksine giden yol bo\u015ftu. Normalde hi\u00e7 kimse, \u00e7ok say\u0131da polis g\u00f6revlisinin bulundu\u011fu\u00a0Zhongnanhai kompleksine yakla\u015famaz.<\/p>\n<p>\u0130lgin\u00e7 olan di\u011fer bir durum, o g\u00fcn sokaklarda bir\u00e7ok kameran\u0131n kurulu olmas\u0131yd\u0131. O g\u00fcn her zamanki gibi polislerin yerine, ellerinde t\u00fcfekleri bulunan \u00e7ok say\u0131da asker, ara\u00e7lar\u0131n i\u00e7inde haz\u0131r bir \u015fekilde bekliyorlard\u0131. Bu sanki bir talimat bekliyorlarm\u0131\u015f gibi bir izlenim veriyordu. Falun Gong uygulay\u0131c\u0131lar\u0131 da bekliyordu &#8211; onlar tam 16 saat bekledi.<\/p>\n<figure id=\"attachment_114502\" aria-describedby=\"caption-attachment-114502\" style=\"width: 600px\" class=\"wp-caption aligncenter\"><img loading=\"lazy\" decoding=\"async\" class=\"size-full wp-image-114502\" src=\"https:\/\/epochtimestr.com\/wp-content\/uploads\/2011y\/2005-04-27-2005-04-26-425-street2-orig.jpg\" alt=\"\" width=\"600\" height=\"408\" srcset=\"https:\/\/epochtimestr.com\/wp-content\/uploads\/2011y\/2005-04-27-2005-04-26-425-street2-orig.jpg 600w, https:\/\/epochtimestr.com\/wp-content\/uploads\/2011y\/2005-04-27-2005-04-26-425-street2-orig-150x102.jpg 150w, https:\/\/epochtimestr.com\/wp-content\/uploads\/2011y\/2005-04-27-2005-04-26-425-street2-orig-300x204.jpg 300w, https:\/\/epochtimestr.com\/wp-content\/uploads\/2011y\/2005-04-27-2005-04-26-425-street2-orig-588x400.jpg 588w\" sizes=\"(max-width: 600px) 100vw, 600px\" \/><figcaption id=\"caption-attachment-114502\" class=\"wp-caption-text\">24 Nisan 1999 g\u00fcn\u00fc, 10,000 Falun Gong uygulay\u0131c\u0131s\u0131 Pekin Temyiz Ofisi&#8217;ne dilek\u00e7e vermek i\u00e7in topland\u0131, ancak g\u00fcvenlik g\u00fc\u00e7leri taraf\u0131ndan Zhongnanhai H\u00fck\u00fcmet B\u00f6lgesine do\u011fru y\u00f6nlendirildiler. (Foto\u011fraf: Minghui)<\/figcaption><\/figure>\n<p>\u00c7in g\u00fcvenlik uzman\u0131 Ethan Gutmann&#8217;a g\u00f6re (Nobel Bar\u0131\u015f \u00d6d\u00fcl\u00fc aday\u0131),\u00a0devlet g\u00fcvenlik g\u00fc\u00e7leri h\u00fck\u00fcmet b\u00f6lgesinde Falun Gong uygulay\u0131c\u0131lar\u0131na bir tuzak kurmak istedi. Onlar bir senaryo \u00fczerine \u00e7al\u0131\u015fm\u0131\u015flard\u0131 ve bu senaryo arac\u0131l\u0131\u011f\u0131yla ortal\u0131\u011f\u0131\u00a0kan g\u00f6l\u00fcne \u00e7evirmek istemi\u015flerdi.<\/p>\n<p>Temyiz ofisi o g\u00fcn hi\u00e7 a\u00e7\u0131lmad\u0131. Falun Gong uygulay\u0131c\u0131lar\u0131 sakin bir bi\u00e7imde\u00a0bekliyorlard\u0131. Sonunda d\u00f6nemin Ba\u015fbakan\u0131 Zhu Rongji, dilek\u00e7e veren be\u015f ki\u015fi ile\u00a0bir g\u00f6r\u00fc\u015fme yapt\u0131 ve Tianjin&#8217;de tutuklananlar\u0131n serbest b\u0131rak\u0131laca\u011f\u0131n\u0131n s\u00f6z\u00fcn\u00fc verdi. Bunun \u00fczerine, uygulay\u0131c\u0131lar sessiz bir \u015fekilde da\u011f\u0131ld\u0131lar.<\/p>\n<p>Ancak h\u00fck\u00fcmet daha sonra bu olay\u0131 &#8220;h\u00fck\u00fcmet b\u00f6lgesinin ku\u015fat\u0131lmas\u0131&#8221; olarak adland\u0131rd\u0131 ve bu, 20 Temmuz 1999&#8217;da Falun Gong&#8217;a kar\u015f\u0131 ba\u015flat\u0131lan ak\u0131l almaz zulm\u00fcn en b\u00fcy\u00fck bahanesi olarak\u00a0kulland\u0131.<\/p>\n<p>O d\u00f6nemde, Falun Dafa uygulay\u0131c\u0131lar\u0131n\u0131n okula gitmesi yasakland\u0131, yani bir\u00a0Falun Gong uygulay\u0131c\u0131s\u0131 \u00fcniversiteye giremiyordu. Uygulay\u0131c\u0131lar i\u015f yerlerinde at\u0131l\u0131yor ve toplumdaki yerlerini almalar\u0131 devlet eli ile engelleniyordu. Falun Gong uygulay\u0131c\u0131lar\u0131,\u00a0hapse mahkum ediliyor, i\u015fkence g\u00f6r\u00fcyor ve \u00f6ld\u00fcr\u00fcl\u00fcyordu.<\/p>\n<p>Zulm\u00fcn as\u0131l nedeni ise, o d\u00f6nemde \u00c7in&#8217;de 70 ila 100 milyon ki\u015finin Falun Gong uyguluyor olmas\u0131 ve \u00c7in Kom\u00fcnist Partisi&#8217;nin 65 milyonluk \u00fcye say\u0131s\u0131n\u0131 fazlas\u0131yla a\u015fmas\u0131d\u0131r.<\/p>\n<p><iframe loading=\"lazy\" width=\"1170\" height=\"658\" src=\"https:\/\/www.youtube.com\/embed\/aJ-A6xY47jc?feature=oembed\" frameborder=\"0\" allow=\"autoplay; encrypted-media\" allowfullscreen><\/iframe><\/p>\n<p><em>\u00c7eviren: Evren Durmaz<\/em><\/p>\n","protected":false},"excerpt":{"rendered":"<p>O g\u00fcn yakla\u015f\u0131k 10 bin uygulay\u0131c\u0131, g\u00f6zalt\u0131ndaki uygulay\u0131c\u0131lar\u0131n serbest b\u0131rak\u0131lmas\u0131n\u0131 istemek i\u00e7in Pekin&#8217;deki temyiz b\u00fcrosunun \u00f6n\u00fcnde topland\u0131. Olay, \u00c7in devlet medyas\u0131 taraf\u0131ndan bir &#8220;idari b\u00f6lge ku\u015fatmas\u0131&#8221; olarak \u00e7arp\u0131t\u0131ld\u0131. O g\u00fcn ya\u015fananlar, \u00c7in devletinin zulm\u00fc geni\u015f \u00e7apl\u0131 ba\u015flatmas\u0131 i\u00e7in bir bahane oldu ve 20 Temmuz 1999 g\u00fcn\u00fc, \u00c7in&#8217;in tamam\u0131nda ak\u0131l almaz bir zul\u00fcm ba\u015flat\u0131ld\u0131. Ki\u015fisel bir [&hellip;]<\/p>\n","protected":false},"author":2500,"featured_media":114503,"comment_status":"closed","ping_status":"open","sticky":false,"template":"","format":"standard","meta":{"_yoast_wpseo_focuskw":"","_yoast_wpseo_title":"","_yoast_wpseo_metadesc":"","_bbp_topic_count":0,"_bbp_reply_count":0,"_bbp_total_topic_count":0,"_bbp_total_reply_count":0,"_bbp_voice_count":0,"_bbp_anonymous_reply_count":0,"_bbp_topic_count_hidden":0,"_bbp_reply_count_hidden":0,"_bbp_forum_subforum_count":0,"footnotes":"","_yoast_wpseo_focuskw_text_input":""},"categories":[8,2045,35,40],"tags":[170,1872,262,261,242,1220],"yoast_head":"<!-- This site is optimized with the Yoast SEO plugin v23.0 - https:\/\/yoast.com\/wordpress\/plugins\/seo\/ -->\n<title>D\u00fcnya \u00c7ap\u0131ndaki Falun Dafa Uygulay\u0131c\u0131lar\u0131, \u00c7in\u2019de Falun Dafa\u2019ya Yap\u0131lan Zul\u00fcm \u0130\u00e7in N\u00f6bet Tuttular - The Epoch Times TR<\/title>\n<meta name=\"robots\" content=\"index, follow, max-snippet:-1, max-image-preview:large, max-video-preview:-1\" \/>\n<link rel=\"canonical\" href=\"https:\/\/epochtimestr.com\/index.php\/25-nisanda-dunya-capindaki-uygulayicilar-cinde-falun-dafaya-yapilan-zulum-icin-nobet-tutuyorlar\" \/>\n<meta property=\"og:locale\" content=\"tr_TR\" \/>\n<meta property=\"og:type\" content=\"article\" \/>\n<meta property=\"og:title\" content=\"D\u00fcnya \u00c7ap\u0131ndaki Falun Dafa Uygulay\u0131c\u0131lar\u0131, \u00c7in\u2019de Falun Dafa\u2019ya Yap\u0131lan Zul\u00fcm \u0130\u00e7in N\u00f6bet Tuttular - The Epoch Times TR\" \/>\n<meta property=\"og:description\" content=\"O g\u00fcn yakla\u015f\u0131k 10 bin uygulay\u0131c\u0131, g\u00f6zalt\u0131ndaki uygulay\u0131c\u0131lar\u0131n serbest b\u0131rak\u0131lmas\u0131n\u0131 istemek i\u00e7in Pekin&#8217;deki temyiz b\u00fcrosunun \u00f6n\u00fcnde topland\u0131. Olay, \u00c7in devlet medyas\u0131 taraf\u0131ndan bir &#8220;idari b\u00f6lge ku\u015fatmas\u0131&#8221; olarak \u00e7arp\u0131t\u0131ld\u0131. O g\u00fcn ya\u015fananlar, \u00c7in devletinin zulm\u00fc geni\u015f \u00e7apl\u0131 ba\u015flatmas\u0131 i\u00e7in bir bahane oldu ve 20 Temmuz 1999 g\u00fcn\u00fc, \u00c7in&#8217;in tamam\u0131nda ak\u0131l almaz bir zul\u00fcm ba\u015flat\u0131ld\u0131. Ki\u015fisel bir [&hellip;]\" \/>\n<meta property=\"og:url\" content=\"https:\/\/epochtimestr.com\/index.php\/25-nisanda-dunya-capindaki-uygulayicilar-cinde-falun-dafaya-yapilan-zulum-icin-nobet-tutuyorlar\" \/>\n<meta property=\"og:site_name\" content=\"The Epoch Times TR\" \/>\n<meta property=\"article:publisher\" content=\"https:\/\/www.facebook.com\/theepochtimestr\" \/>\n<meta property=\"article:published_time\" content=\"2018-04-27T13:27:33+00:00\" \/>\n<meta property=\"article:modified_time\" content=\"2018-04-27T15:56:35+00:00\" \/>\n<meta property=\"og:image\" content=\"https:\/\/epochtimestr.com\/wp-content\/uploads\/2011y\/Falun_Gong_Peking_1999_Zhongnanhai__pt_8.jpg\" \/>\n\t<meta property=\"og:image:width\" content=\"600\" \/>\n\t<meta property=\"og:image:height\" content=\"365\" \/>\n\t<meta property=\"og:image:type\" content=\"image\/jpeg\" \/>\n<meta name=\"author\" content=\"Evren Durmaz\" \/>\n<meta name=\"twitter:card\" content=\"summary_large_image\" \/>\n<meta name=\"twitter:creator\" content=\"@TheEpochTimesTR\" \/>\n<meta name=\"twitter:site\" content=\"@TheEpochTimesTR\" \/>\n<meta name=\"twitter:label1\" content=\"Yazan:\" \/>\n\t<meta name=\"twitter:data1\" content=\"Evren Durmaz\" \/>\n\t<meta name=\"twitter:label2\" content=\"Tahmini okuma s\u00fcresi\" \/>\n\t<meta name=\"twitter:data2\" content=\"5 dakika\" \/>\n<script type=\"application\/ld+json\" class=\"yoast-schema-graph\">{\"@context\":\"https:\/\/schema.org\",\"@graph\":[{\"@type\":\"Article\",\"@id\":\"https:\/\/epochtimestr.com\/index.php\/25-nisanda-dunya-capindaki-uygulayicilar-cinde-falun-dafaya-yapilan-zulum-icin-nobet-tutuyorlar#article\",\"isPartOf\":{\"@id\":\"https:\/\/epochtimestr.com\/index.php\/25-nisanda-dunya-capindaki-uygulayicilar-cinde-falun-dafaya-yapilan-zulum-icin-nobet-tutuyorlar\"},\"author\":{\"name\":\"Evren Durmaz\",\"@id\":\"https:\/\/epochtimestr.com\/#\/schema\/person\/29464d85d2980e22f2e37bc9adcfb0a2\"},\"headline\":\"D\u00fcnya \u00c7ap\u0131ndaki Falun Dafa Uygulay\u0131c\u0131lar\u0131, \u00c7in\u2019de Falun Dafa\u2019ya Yap\u0131lan Zul\u00fcm \u0130\u00e7in N\u00f6bet Tuttular\",\"datePublished\":\"2018-04-27T13:27:33+00:00\",\"dateModified\":\"2018-04-27T15:56:35+00:00\",\"mainEntityOfPage\":{\"@id\":\"https:\/\/epochtimestr.com\/index.php\/25-nisanda-dunya-capindaki-uygulayicilar-cinde-falun-dafaya-yapilan-zulum-icin-nobet-tutuyorlar\"},\"wordCount\":999,\"publisher\":{\"@id\":\"https:\/\/epochtimestr.com\/#organization\"},\"image\":{\"@id\":\"https:\/\/epochtimestr.com\/index.php\/25-nisanda-dunya-capindaki-uygulayicilar-cinde-falun-dafaya-yapilan-zulum-icin-nobet-tutuyorlar#primaryimage\"},\"thumbnailUrl\":\"https:\/\/epochtimestr.com\/wp-content\/uploads\/2011y\/Falun_Gong_Peking_1999_Zhongnanhai__pt_8.jpg\",\"keywords\":[\"\u00c7in\",\"\u00c7in Komunist Partisi\",\"Falun Dafa\",\"Falun Gong\",\"insan haklar\u0131\",\"i\u015fkence\"],\"articleSection\":[\"\u00c7\u0130N\",\"\u00c7in Rejimi\",\"\u00c7in'de \u0130nsan Haklar\u0131\",\"Yasa D\u0131\u015f\u0131 Organ Ticareti\"],\"inLanguage\":\"tr\"},{\"@type\":\"WebPage\",\"@id\":\"https:\/\/epochtimestr.com\/index.php\/25-nisanda-dunya-capindaki-uygulayicilar-cinde-falun-dafaya-yapilan-zulum-icin-nobet-tutuyorlar\",\"url\":\"https:\/\/epochtimestr.com\/index.php\/25-nisanda-dunya-capindaki-uygulayicilar-cinde-falun-dafaya-yapilan-zulum-icin-nobet-tutuyorlar\",\"name\":\"D\u00fcnya \u00c7ap\u0131ndaki Falun Dafa Uygulay\u0131c\u0131lar\u0131, \u00c7in\u2019de Falun Dafa\u2019ya Yap\u0131lan Zul\u00fcm \u0130\u00e7in N\u00f6bet Tuttular - The Epoch Times TR\",\"isPartOf\":{\"@id\":\"https:\/\/epochtimestr.com\/#website\"},\"primaryImageOfPage\":{\"@id\":\"https:\/\/epochtimestr.com\/index.php\/25-nisanda-dunya-capindaki-uygulayicilar-cinde-falun-dafaya-yapilan-zulum-icin-nobet-tutuyorlar#primaryimage\"},\"image\":{\"@id\":\"https:\/\/epochtimestr.com\/index.php\/25-nisanda-dunya-capindaki-uygulayicilar-cinde-falun-dafaya-yapilan-zulum-icin-nobet-tutuyorlar#primaryimage\"},\"thumbnailUrl\":\"https:\/\/epochtimestr.com\/wp-content\/uploads\/2011y\/Falun_Gong_Peking_1999_Zhongnanhai__pt_8.jpg\",\"datePublished\":\"2018-04-27T13:27:33+00:00\",\"dateModified\":\"2018-04-27T15:56:35+00:00\",\"inLanguage\":\"tr\",\"potentialAction\":[{\"@type\":\"ReadAction\",\"target\":[\"https:\/\/epochtimestr.com\/index.php\/25-nisanda-dunya-capindaki-uygulayicilar-cinde-falun-dafaya-yapilan-zulum-icin-nobet-tutuyorlar\"]}]},{\"@type\":\"ImageObject\",\"inLanguage\":\"tr\",\"@id\":\"https:\/\/epochtimestr.com\/index.php\/25-nisanda-dunya-capindaki-uygulayicilar-cinde-falun-dafaya-yapilan-zulum-icin-nobet-tutuyorlar#primaryimage\",\"url\":\"https:\/\/epochtimestr.com\/wp-content\/uploads\/2011y\/Falun_Gong_Peking_1999_Zhongnanhai__pt_8.jpg\",\"contentUrl\":\"https:\/\/epochtimestr.com\/wp-content\/uploads\/2011y\/Falun_Gong_Peking_1999_Zhongnanhai__pt_8.jpg\",\"width\":600,\"height\":365,\"caption\":\"25 Nisan 1999 g\u00fcn\u00fc, 10,000 Falun Gong uygulay\u0131c\u0131s\u0131, Pekin'deki Temyiz Ofisi'ne dilek\u00e7e vermek i\u00e7in topland\u0131, fakat g\u00fcvenlik g\u00fc\u00e7leri taraf\u0131ndan Zhongnanhai merkez h\u00fck\u00fcmetine do\u011fru y\u00f6nlendirildiler. (Foto\u011fraf: Epoch Times)\"},{\"@type\":\"WebSite\",\"@id\":\"https:\/\/epochtimestr.com\/#website\",\"url\":\"https:\/\/epochtimestr.com\/\",\"name\":\"The Epoch Times TR\",\"description\":\"De\u011fi\u015fen D\u00fcnyam\u0131za Taze Bir Bak\u0131\u015f\",\"publisher\":{\"@id\":\"https:\/\/epochtimestr.com\/#organization\"},\"potentialAction\":[{\"@type\":\"SearchAction\",\"target\":{\"@type\":\"EntryPoint\",\"urlTemplate\":\"https:\/\/epochtimestr.com\/?s={search_term_string}\"},\"query-input\":\"required name=search_term_string\"}],\"inLanguage\":\"tr\"},{\"@type\":\"Organization\",\"@id\":\"https:\/\/epochtimestr.com\/#organization\",\"name\":\"The EpochTimes T\u00fcrkiye\",\"url\":\"https:\/\/epochtimestr.com\/\",\"logo\":{\"@type\":\"ImageObject\",\"inLanguage\":\"tr\",\"@id\":\"https:\/\/epochtimestr.com\/#\/schema\/logo\/image\/\",\"url\":\"https:\/\/epochtimestr.com\/wp-content\/uploads\/2011y\/ET-Logo-YG.jpg\",\"contentUrl\":\"https:\/\/epochtimestr.com\/wp-content\/uploads\/2011y\/ET-Logo-YG.jpg\",\"width\":346,\"height\":29,\"caption\":\"The EpochTimes T\u00fcrkiye\"},\"image\":{\"@id\":\"https:\/\/epochtimestr.com\/#\/schema\/logo\/image\/\"},\"sameAs\":[\"https:\/\/www.facebook.com\/theepochtimestr\",\"https:\/\/x.com\/TheEpochTimesTR\",\"https:\/\/www.instagram.com\/epochtimestr\"]},{\"@type\":\"Person\",\"@id\":\"https:\/\/epochtimestr.com\/#\/schema\/person\/29464d85d2980e22f2e37bc9adcfb0a2\",\"name\":\"Evren Durmaz\",\"image\":{\"@type\":\"ImageObject\",\"inLanguage\":\"tr\",\"@id\":\"https:\/\/epochtimestr.com\/#\/schema\/person\/image\/\",\"url\":\"https:\/\/secure.gravatar.com\/avatar\/503980a9fab198d7bb655c448172ca6a?s=96&d=mm&r=g\",\"contentUrl\":\"https:\/\/secure.gravatar.com\/avatar\/503980a9fab198d7bb655c448172ca6a?s=96&d=mm&r=g\",\"caption\":\"Evren Durmaz\"},\"url\":\"https:\/\/epochtimestr.com\/index.php\/author\/evren-durmaz\"}]}<\/script>\n<!-- \/ Yoast SEO plugin. -->","yoast_head_json":{"title":"D\u00fcnya \u00c7ap\u0131ndaki Falun Dafa Uygulay\u0131c\u0131lar\u0131, \u00c7in\u2019de Falun Dafa\u2019ya Yap\u0131lan Zul\u00fcm \u0130\u00e7in N\u00f6bet Tuttular - The Epoch Times TR","robots":{"index":"index","follow":"follow","max-snippet":"max-snippet:-1","max-image-preview":"max-image-preview:large","max-video-preview":"max-video-preview:-1"},"canonical":"https:\/\/epochtimestr.com\/index.php\/25-nisanda-dunya-capindaki-uygulayicilar-cinde-falun-dafaya-yapilan-zulum-icin-nobet-tutuyorlar","og_locale":"tr_TR","og_type":"article","og_title":"D\u00fcnya \u00c7ap\u0131ndaki Falun Dafa Uygulay\u0131c\u0131lar\u0131, \u00c7in\u2019de Falun Dafa\u2019ya Yap\u0131lan Zul\u00fcm \u0130\u00e7in N\u00f6bet Tuttular - The Epoch Times TR","og_description":"O g\u00fcn yakla\u015f\u0131k 10 bin uygulay\u0131c\u0131, g\u00f6zalt\u0131ndaki uygulay\u0131c\u0131lar\u0131n serbest b\u0131rak\u0131lmas\u0131n\u0131 istemek i\u00e7in Pekin&#8217;deki temyiz b\u00fcrosunun \u00f6n\u00fcnde topland\u0131. Olay, \u00c7in devlet medyas\u0131 taraf\u0131ndan bir &#8220;idari b\u00f6lge ku\u015fatmas\u0131&#8221; olarak \u00e7arp\u0131t\u0131ld\u0131. O g\u00fcn ya\u015fananlar, \u00c7in devletinin zulm\u00fc geni\u015f \u00e7apl\u0131 ba\u015flatmas\u0131 i\u00e7in bir bahane oldu ve 20 Temmuz 1999 g\u00fcn\u00fc, \u00c7in&#8217;in tamam\u0131nda ak\u0131l almaz bir zul\u00fcm ba\u015flat\u0131ld\u0131. Ki\u015fisel bir [&hellip;]","og_url":"https:\/\/epochtimestr.com\/index.php\/25-nisanda-dunya-capindaki-uygulayicilar-cinde-falun-dafaya-yapilan-zulum-icin-nobet-tutuyorlar","og_site_name":"The Epoch Times TR","article_publisher":"https:\/\/www.facebook.com\/theepochtimestr","article_published_time":"2018-04-27T13:27:33+00:00","article_modified_time":"2018-04-27T15:56:35+00:00","og_image":[{"width":600,"height":365,"url":"https:\/\/epochtimestr.com\/wp-content\/uploads\/2011y\/Falun_Gong_Peking_1999_Zhongnanhai__pt_8.jpg","type":"image\/jpeg"}],"author":"Evren Durmaz","twitter_card":"summary_large_image","twitter_creator":"@TheEpochTimesTR","twitter_site":"@TheEpochTimesTR","twitter_misc":{"Yazan:":"Evren Durmaz","Tahmini okuma s\u00fcresi":"5 dakika"},"schema":{"@context":"https:\/\/schema.org","@graph":[{"@type":"Article","@id":"https:\/\/epochtimestr.com\/index.php\/25-nisanda-dunya-capindaki-uygulayicilar-cinde-falun-dafaya-yapilan-zulum-icin-nobet-tutuyorlar#article","isPartOf":{"@id":"https:\/\/epochtimestr.com\/index.php\/25-nisanda-dunya-capindaki-uygulayicilar-cinde-falun-dafaya-yapilan-zulum-icin-nobet-tutuyorlar"},"author":{"name":"Evren Durmaz","@id":"https:\/\/epochtimestr.com\/#\/schema\/person\/29464d85d2980e22f2e37bc9adcfb0a2"},"headline":"D\u00fcnya \u00c7ap\u0131ndaki Falun Dafa Uygulay\u0131c\u0131lar\u0131, \u00c7in\u2019de Falun Dafa\u2019ya Yap\u0131lan Zul\u00fcm \u0130\u00e7in N\u00f6bet Tuttular","datePublished":"2018-04-27T13:27:33+00:00","dateModified":"2018-04-27T15:56:35+00:00","mainEntityOfPage":{"@id":"https:\/\/epochtimestr.com\/index.php\/25-nisanda-dunya-capindaki-uygulayicilar-cinde-falun-dafaya-yapilan-zulum-icin-nobet-tutuyorlar"},"wordCount":999,"publisher":{"@id":"https:\/\/epochtimestr.com\/#organization"},"image":{"@id":"https:\/\/epochtimestr.com\/index.php\/25-nisanda-dunya-capindaki-uygulayicilar-cinde-falun-dafaya-yapilan-zulum-icin-nobet-tutuyorlar#primaryimage"},"thumbnailUrl":"https:\/\/epochtimestr.com\/wp-content\/uploads\/2011y\/Falun_Gong_Peking_1999_Zhongnanhai__pt_8.jpg","keywords":["\u00c7in","\u00c7in Komunist Partisi","Falun Dafa","Falun Gong","insan haklar\u0131","i\u015fkence"],"articleSection":["\u00c7\u0130N","\u00c7in Rejimi","\u00c7in'de \u0130nsan Haklar\u0131","Yasa D\u0131\u015f\u0131 Organ Ticareti"],"inLanguage":"tr"},{"@type":"WebPage","@id":"https:\/\/epochtimestr.com\/index.php\/25-nisanda-dunya-capindaki-uygulayicilar-cinde-falun-dafaya-yapilan-zulum-icin-nobet-tutuyorlar","url":"https:\/\/epochtimestr.com\/index.php\/25-nisanda-dunya-capindaki-uygulayicilar-cinde-falun-dafaya-yapilan-zulum-icin-nobet-tutuyorlar","name":"D\u00fcnya \u00c7ap\u0131ndaki Falun Dafa Uygulay\u0131c\u0131lar\u0131, \u00c7in\u2019de Falun Dafa\u2019ya Yap\u0131lan Zul\u00fcm \u0130\u00e7in N\u00f6bet Tuttular - The Epoch Times TR","isPartOf":{"@id":"https:\/\/epochtimestr.com\/#website"},"primaryImageOfPage":{"@id":"https:\/\/epochtimestr.com\/index.php\/25-nisanda-dunya-capindaki-uygulayicilar-cinde-falun-dafaya-yapilan-zulum-icin-nobet-tutuyorlar#primaryimage"},"image":{"@id":"https:\/\/epochtimestr.com\/index.php\/25-nisanda-dunya-capindaki-uygulayicilar-cinde-falun-dafaya-yapilan-zulum-icin-nobet-tutuyorlar#primaryimage"},"thumbnailUrl":"https:\/\/epochtimestr.com\/wp-content\/uploads\/2011y\/Falun_Gong_Peking_1999_Zhongnanhai__pt_8.jpg","datePublished":"2018-04-27T13:27:33+00:00","dateModified":"2018-04-27T15:56:35+00:00","inLanguage":"tr","potentialAction":[{"@type":"ReadAction","target":["https:\/\/epochtimestr.com\/index.php\/25-nisanda-dunya-capindaki-uygulayicilar-cinde-falun-dafaya-yapilan-zulum-icin-nobet-tutuyorlar"]}]},{"@type":"ImageObject","inLanguage":"tr","@id":"https:\/\/epochtimestr.com\/index.php\/25-nisanda-dunya-capindaki-uygulayicilar-cinde-falun-dafaya-yapilan-zulum-icin-nobet-tutuyorlar#primaryimage","url":"https:\/\/epochtimestr.com\/wp-content\/uploads\/2011y\/Falun_Gong_Peking_1999_Zhongnanhai__pt_8.jpg","contentUrl":"https:\/\/epochtimestr.com\/wp-content\/uploads\/2011y\/Falun_Gong_Peking_1999_Zhongnanhai__pt_8.jpg","width":600,"height":365,"caption":"25 Nisan 1999 g\u00fcn\u00fc, 10,000 Falun Gong uygulay\u0131c\u0131s\u0131, Pekin'deki Temyiz Ofisi'ne dilek\u00e7e vermek i\u00e7in topland\u0131, fakat g\u00fcvenlik g\u00fc\u00e7leri taraf\u0131ndan Zhongnanhai merkez h\u00fck\u00fcmetine do\u011fru y\u00f6nlendirildiler. (Foto\u011fraf: Epoch Times)"},{"@type":"WebSite","@id":"https:\/\/epochtimestr.com\/#website","url":"https:\/\/epochtimestr.com\/","name":"The Epoch Times TR","description":"De\u011fi\u015fen D\u00fcnyam\u0131za Taze Bir Bak\u0131\u015f","publisher":{"@id":"https:\/\/epochtimestr.com\/#organization"},"potentialAction":[{"@type":"SearchAction","target":{"@type":"EntryPoint","urlTemplate":"https:\/\/epochtimestr.com\/?s={search_term_string}"},"query-input":"required name=search_term_string"}],"inLanguage":"tr"},{"@type":"Organization","@id":"https:\/\/epochtimestr.com\/#organization","name":"The EpochTimes T\u00fcrkiye","url":"https:\/\/epochtimestr.com\/","logo":{"@type":"ImageObject","inLanguage":"tr","@id":"https:\/\/epochtimestr.com\/#\/schema\/logo\/image\/","url":"https:\/\/epochtimestr.com\/wp-content\/uploads\/2011y\/ET-Logo-YG.jpg","contentUrl":"https:\/\/epochtimestr.com\/wp-content\/uploads\/2011y\/ET-Logo-YG.jpg","width":346,"height":29,"caption":"The EpochTimes T\u00fcrkiye"},"image":{"@id":"https:\/\/epochtimestr.com\/#\/schema\/logo\/image\/"},"sameAs":["https:\/\/www.facebook.com\/theepochtimestr","https:\/\/x.com\/TheEpochTimesTR","https:\/\/www.instagram.com\/epochtimestr"]},{"@type":"Person","@id":"https:\/\/epochtimestr.com\/#\/schema\/person\/29464d85d2980e22f2e37bc9adcfb0a2","name":"Evren Durmaz","image":{"@type":"ImageObject","inLanguage":"tr","@id":"https:\/\/epochtimestr.com\/#\/schema\/person\/image\/","url":"https:\/\/secure.gravatar.com\/avatar\/503980a9fab198d7bb655c448172ca6a?s=96&d=mm&r=g","contentUrl":"https:\/\/secure.gravatar.com\/avatar\/503980a9fab198d7bb655c448172ca6a?s=96&d=mm&r=g","caption":"Evren Durmaz"},"url":"https:\/\/epochtimestr.com\/index.php\/author\/evren-durmaz"}]}},"_links":{"self":[{"href":"https:\/\/epochtimestr.com\/index.php\/wp-json\/wp\/v2\/posts\/114501"}],"collection":[{"href":"https:\/\/epochtimestr.com\/index.php\/wp-json\/wp\/v2\/posts"}],"about":[{"href":"https:\/\/epochtimestr.com\/index.php\/wp-json\/wp\/v2\/types\/post"}],"author":[{"embeddable":true,"href":"https:\/\/epochtimestr.com\/index.php\/wp-json\/wp\/v2\/users\/2500"}],"replies":[{"embeddable":true,"href":"https:\/\/epochtimestr.com\/index.php\/wp-json\/wp\/v2\/comments?post=114501"}],"version-history":[{"count":9,"href":"https:\/\/epochtimestr.com\/index.php\/wp-json\/wp\/v2\/posts\/114501\/revisions"}],"predecessor-version":[{"id":114515,"href":"https:\/\/epochtimestr.com\/index.php\/wp-json\/wp\/v2\/posts\/114501\/revisions\/114515"}],"wp:featuredmedia":[{"embeddable":true,"href":"https:\/\/epochtimestr.com\/index.php\/wp-json\/wp\/v2\/media\/114503"}],"wp:attachment":[{"href":"https:\/\/epochtimestr.com\/index.php\/wp-json\/wp\/v2\/media?parent=114501"}],"wp:term":[{"taxonomy":"category","embeddable":true,"href":"https:\/\/epochtimestr.com\/index.php\/wp-json\/wp\/v2\/categories?post=114501"},{"taxonomy":"post_tag","embeddable":true,"href":"https:\/\/epochtimestr.com\/index.php\/wp-json\/wp\/v2\/tags?post=114501"}],"curies":[{"name":"wp","href":"https:\/\/api.w.org\/{rel}","templated":true}]}}