{"id":114866,"date":"2018-05-19T11:00:25","date_gmt":"2018-05-19T08:00:25","guid":{"rendered":"http:\/\/epochtimestr.com\/?p=114866"},"modified":"2018-05-16T16:17:08","modified_gmt":"2018-05-16T13:17:08","slug":"ilk-modern-ingilizlerin-ten-renginin-esmerden-siyahiye-dogru-oldugu-ortaya-cikti","status":"publish","type":"post","link":"https:\/\/epochtimestr.com\/index.php\/ilk-modern-ingilizlerin-ten-renginin-esmerden-siyahiye-dogru-oldugu-ortaya-cikti","title":{"rendered":"\u0130lk Modern \u0130ngilizlerin Ten Renginin &#8216;Esmerden Siyah\u00eeye Do\u011fru&#8217; Oldu\u011fu Ortaya \u00c7\u0131kt\u0131"},"content":{"rendered":"<figure id=\"attachment_114867\" aria-describedby=\"caption-attachment-114867\" style=\"width: 550px\" class=\"wp-caption aligncenter\"><img loading=\"lazy\" decoding=\"async\" class=\"size-full wp-image-114867\" src=\"https:\/\/epochtimestr.com\/wp-content\/uploads\/2011y\/GettyImages-914967768-550x330.jpg\" alt=\"\" width=\"550\" height=\"330\" srcset=\"https:\/\/epochtimestr.com\/wp-content\/uploads\/2011y\/GettyImages-914967768-550x330.jpg 550w, https:\/\/epochtimestr.com\/wp-content\/uploads\/2011y\/GettyImages-914967768-550x330-150x90.jpg 150w, https:\/\/epochtimestr.com\/wp-content\/uploads\/2011y\/GettyImages-914967768-550x330-300x180.jpg 300w\" sizes=\"(max-width: 550px) 100vw, 550px\" \/><figcaption id=\"caption-attachment-114867\" class=\"wp-caption-text\">Britanya&#8217;n\u0131n en eski tam iskeleti olan Cheddar Man olarak bilinen 10.000 ya\u015f\u0131ndaki bir adam\u0131n, kafatas\u0131ndan yap\u0131lan tam y\u00fcz rekonstr\u00fcksiyon modeli. 6 \u015eubat 2018&#8217;de Londra&#8217;daki Ulusal Tarih M\u00fczesinde \u00e7ekilen foto\u011fraf. (Justin Tallis \/ AFP \/ Getty Images)<\/figcaption><\/figure>\n<div>Britanya&#8217;n\u0131n en eski tam iskeleti \u00fczerinde yap\u0131lan, \u00e7\u0131\u011f\u0131r a\u00e7an DNA ara\u015ft\u0131rmas\u0131na g\u00f6re, \u0130ngiltere&#8217;nin \u015fu anda i\u00e7inde bulundu\u011fu d\u00f6nemi temsil eden ilk modern insanlar, \u201cesmerden siyaha do\u011fru\u201d cilde ve mavi g\u00f6zlere sahipti.<\/div>\n<div><\/div>\n<div><a href=\"http:\/\/www.bbc.com\/news\/science-environment-42939192\" target=\"_blank\" rel=\"noopener\">BBC<\/a>&#8216;nin haberine g\u00f6re, ara\u015ft\u0131rmac\u0131lar, Britanya&#8217;n\u0131n en eski tam iskeleti olan Cheddar Man&#8217;dan DNA \u00f6rnekleri ald\u0131lar ve bir genom analizi yapt\u0131lar. Bu \u00e7al\u0131\u015fma, yakla\u015f\u0131k 10.000 y\u0131l \u00f6nce ya\u015fam\u0131\u015f oldu\u011fu d\u00fc\u015f\u00fcn\u00fclen bir \u0130ngiliz erke\u011finin y\u00fcz\u00fcn\u00fcn yeniden \u015fekillendirilmesine olanak sa\u011flad\u0131.<\/div>\n<div>Bilim insanlar\u0131 Cheddar Man&#8217;in k\u00f6kenleri ve g\u00f6r\u00fcn\u00fc\u015f\u00fc ile yak\u0131ndan ilgilenmektedir. \u00c7\u00fcnk\u00fc bug\u00fcn ya\u015fayan beyaz \u0130ngiliz soyunun, do\u011frudan ayn\u0131 topraklarda ya\u015fam\u0131\u015f, kendi atalar\u0131n\u0131n soyundan geldikleri varsay\u0131lmaktad\u0131r. Bu iskeletin hayatta oldu\u011fu tarih, son buzul \u00e7a\u011f\u0131n\u0131n sonunda, ilk g\u00f6\u00e7menlerin Avrupa k\u0131tas\u0131ndan Britanya&#8217;ya ge\u00e7mesinden \u00e7ok uzun olmayan bir zaman sonras\u0131na denk gelmektedir.<\/div>\n<div>Daha \u00f6nce, Cheddar Man&#8217;in daha a\u00e7\u0131k bir ten ve sa\u00e7a sahip oldu\u011funa inan\u0131l\u0131yordu. Ancak DNA&#8217;s\u0131 g\u00fc\u00e7l\u00fc bir \u015fekilde mavi g\u00f6zlere, koyu esmerden siyaha yak\u0131n deriye ve koyu k\u0131v\u0131rc\u0131k sa\u00e7lara i\u015faret ediyor.<\/div>\n<div>Bu ke\u015fif daha a\u00e7\u0131k ten ve sa\u00e7 rengi ile ili\u015fkili genlerin, daha \u00f6nce d\u00fc\u015f\u00fcn\u00fclenden daha ge\u00e7 bir d\u00f6nemde, Avrupa n\u00fcfusunda yayg\u0131nla\u015ft\u0131\u011f\u0131n\u0131 g\u00f6stermektedir.<\/div>\n<div>Do\u011fa Tarihi M\u00fczesi&#8217;nde arkeolog olan Tom Booth, \u201cbu bulu\u015f, bug\u00fcn sahip oldu\u011fumuz \u0131rka ait bu hayali s\u0131n\u0131fland\u0131rmalar\u0131n ger\u00e7ekte \u00e7ok \u00e7a\u011fda\u015f ya da \u00e7ok yak\u0131n zamana ait olu\u015fumlar oldu\u011funu, hi\u00e7bir bi\u00e7imde ge\u00e7mi\u015fe uygulanamayaca\u011f\u0131n\u0131 g\u00f6steriyor\u201d dedi.<\/div>\n<div>DNA analizi i\u00e7in, Cheddar Man&#8217;in kafatas\u0131na 2 mm&#8217;lik bir delik a\u00e7\u0131larak kemik tozu \u00e7\u0131kar\u0131lm\u0131\u015ft\u0131r. Buradan tam bir genom elde edildi, bu da bu insan\u0131n g\u00f6r\u00fcn\u00fc\u015f\u00fcne ve ya\u015fam tarz\u0131na dair \u00f6ng\u00f6r\u00fcler sa\u011flad\u0131.<\/div>\n<div>\n<figure id=\"attachment_114868\" aria-describedby=\"caption-attachment-114868\" style=\"width: 600px\" class=\"wp-caption aligncenter\"><img loading=\"lazy\" decoding=\"async\" class=\"size-large wp-image-114868\" src=\"https:\/\/epochtimestr.com\/wp-content\/uploads\/2011y\/GettyImages-914967742-600x390-600x390.jpg\" alt=\"\" width=\"600\" height=\"390\" srcset=\"https:\/\/epochtimestr.com\/wp-content\/uploads\/2011y\/GettyImages-914967742-600x390.jpg 600w, https:\/\/epochtimestr.com\/wp-content\/uploads\/2011y\/GettyImages-914967742-600x390-150x98.jpg 150w, https:\/\/epochtimestr.com\/wp-content\/uploads\/2011y\/GettyImages-914967742-600x390-300x195.jpg 300w, https:\/\/epochtimestr.com\/wp-content\/uploads\/2011y\/GettyImages-914967742-600x390-210x136.jpg 210w\" sizes=\"(max-width: 600px) 100vw, 600px\" \/><figcaption id=\"caption-attachment-114868\" class=\"wp-caption-text\">Model yap\u0131mc\u0131lar\u0131 Adrie (solda) ve Alfons Kennis, 6 \u015eubat 2018&#8217;de Londra&#8217;daki Ulusal Tarih M\u00fczesindeki bir bas\u0131n a\u00e7\u0131klamas\u0131 s\u0131ras\u0131nda, Britanya&#8217;n\u0131n en eski tam iskeleti olan ve Cheddar Man olarak bilinen 10,000 ya\u015f\u0131ndaki adam\u0131n kafatas\u0131ndan yap\u0131lm\u0131\u015f, tam y\u00fcz rekonstr\u00fcksiyon modeliyle poz veriyor. (Justin Tallis\/AFP\/Getty Images)<\/figcaption><\/figure>\n<\/div>\n<div>Sonu\u00e7lar, \u00e7a\u011fda\u015flar\u0131n\u0131n \u0130ngiltere ile Avrupa k\u0131tas\u0131n\u0131 birle\u015ftiren eski bir kara k\u00f6pr\u00fcs\u00fcn\u00fc ge\u00e7ti\u011fi d\u00fc\u015f\u00fcn\u00fclen Cheddar Man&#8217;in Orta Do\u011fu k\u00f6kenli oldu\u011funu ortaya koymaktad\u0131r.<\/div>\n<div><a href=\"https:\/\/www.theguardian.com\/science\/2018\/feb\/07\/first-modern-britons-dark-black-skin-cheddar-man-dna-analysis-reveals\" target=\"_blank\" rel=\"noopener\">Guardian<\/a>&#8216;a g\u00f6re, beyaz \u0130ngiliz soyunun yakla\u015f\u0131k y\u00fczde 10&#8217;u Cheddar Man&#8217;in akranlar\u0131yla ba\u011flant\u0131l\u0131 olabilir.<\/div>\n<div>Do\u011fal Tarihi M\u00fczesi&#8217;nden insan\u0131n k\u00f6kenleri ara\u015ft\u0131rmas\u0131 grup lideri Profes\u00f6r Chris Stringer, BBC muhabirlerine \u201cyakla\u015f\u0131k 40 y\u0131ld\u0131r Cheddar Man&#8217;in iskeleti \u00fczerinde \u00e7al\u0131\u015ft\u0131\u011f\u0131n\u0131\u201d s\u00f6yledi.<\/div>\n<div>\u201cBilimsel veriler bunu g\u00f6steriyor. Bu adam\u0131n nas\u0131l g\u00f6r\u00fcn\u00fcyor olabilece\u011fi ile y\u00fcz y\u00fcze gelmek &#8211; ve sa\u00e7\u0131n, y\u00fcz\u00fcn, g\u00f6z renginin ve bu koyu ten renginin \u00e7arp\u0131c\u0131 birle\u015fimi: Birka\u00e7 y\u0131l \u00f6nce hayal bile edemeyece\u011fimiz bir \u015fey.\u201d<\/div>\n<div>Cheddar Man&#8217;in kal\u0131nt\u0131lar\u0131, Somerset\u2019in Cheddar Gorge b\u00f6lgesinde bulunan Gough Ma\u011faras\u0131\u2019nda, 115 y\u0131l \u00f6nce bulundu. Bilim adamlar\u0131 bu adam\u0131n yakla\u015f\u0131k1,65 m boyunda oldu\u011funa ve muhtemelen 20&#8217;li ya\u015flar\u0131nda \u00f6ld\u00fc\u011f\u00fcne inan\u0131yor.<\/div>\n<div>Kafatas\u0131ndaki i\u015faretler bir sald\u0131r\u0131 sonucu \u00f6ld\u00fc\u011f\u00fcn\u00fc g\u00f6steriyor.<\/div>\n<p>&nbsp;<\/p>\n<p>&nbsp;<\/p>\n<p>&nbsp;<\/p>\n<p><em>Yeni bilim s\u0131n\u0131rlar\u0131n\u0131 ke\u015ffetmeye devam etmek i\u00e7in websitemizi ve Facebook\u2019daki\u00a0<a href=\"https:\/\/www.facebook.com\/theepochtimestr\">Epoch Times T\u00fcrkiye<\/a>\u00a0sayfas\u0131n\u0131 ziyaret edin!<\/em><\/p>\n<p><em>Epoch Times, mevcut bilgilerimize meydan okuyan olaylar ve teoriler ile ilgili ara\u015ft\u0131rmalar\u0131 ve s\u00f6ylentileri ara\u015ft\u0131r\u0131yor. Biz, hayal g\u00fcc\u00fcm\u00fcz\u00fc canland\u0131racak ve yeni olanaklar yaratacak fikirleri ara\u015ft\u0131r\u0131yoruz.\u00a0<a href=\"https:\/\/www.facebook.com\/theepochtimestr\">Facebook sayfam\u0131zdan<\/a>, bazen tart\u0131\u015fmal\u0131 da olabilen konular hakk\u0131nda d\u00fc\u015f\u00fcncelerinizi bizimle payla\u015f\u0131n.<\/em><\/p>\n<p>Haberi yazan:\u00a0Tom Ozimek, Epoch Times<\/p>\n<p>\u00c7eviren: Hatice Atmaca, Epoch Times T\u00fcrkiye<\/p>\n<div><\/div>\n","protected":false},"excerpt":{"rendered":"<p>Britanya&#8217;n\u0131n en eski tam iskeleti \u00fczerinde yap\u0131lan, \u00e7\u0131\u011f\u0131r a\u00e7an DNA ara\u015ft\u0131rmas\u0131na g\u00f6re, \u0130ngiltere&#8217;nin \u015fu anda i\u00e7inde bulundu\u011fu d\u00f6nemi temsil eden ilk modern insanlar, \u201cesmerden siyaha do\u011fru\u201d cilde ve mavi g\u00f6zlere sahipti. BBC&#8216;nin haberine g\u00f6re, ara\u015ft\u0131rmac\u0131lar, Britanya&#8217;n\u0131n en eski tam iskeleti olan Cheddar Man&#8217;dan DNA \u00f6rnekleri ald\u0131lar ve bir genom analizi yapt\u0131lar. Bu \u00e7al\u0131\u015fma, yakla\u015f\u0131k 10.000 [&hellip;]<\/p>\n","protected":false},"author":12379,"featured_media":114867,"comment_status":"closed","ping_status":"closed","sticky":false,"template":"","format":"standard","meta":{"_yoast_wpseo_focuskw":"","_yoast_wpseo_title":"","_yoast_wpseo_metadesc":"","_bbp_topic_count":0,"_bbp_reply_count":0,"_bbp_total_topic_count":0,"_bbp_total_reply_count":0,"_bbp_voice_count":0,"_bbp_anonymous_reply_count":0,"_bbp_topic_count_hidden":0,"_bbp_reply_count_hidden":0,"_bbp_forum_subforum_count":0,"footnotes":"","_yoast_wpseo_focuskw_text_input":""},"categories":[70,519],"tags":[],"yoast_head":"<!-- This site is optimized with the Yoast SEO plugin v23.0 - https:\/\/yoast.com\/wordpress\/plugins\/seo\/ -->\n<title>\u0130lk Modern \u0130ngilizlerin Ten Renginin &#039;Esmerden Siyah\u00eeye Do\u011fru&#039; Oldu\u011fu Ortaya \u00c7\u0131kt\u0131 - The Epoch Times TR<\/title>\n<meta name=\"robots\" content=\"index, follow, max-snippet:-1, max-image-preview:large, max-video-preview:-1\" \/>\n<link rel=\"canonical\" href=\"https:\/\/epochtimestr.com\/index.php\/ilk-modern-ingilizlerin-ten-renginin-esmerden-siyahiye-dogru-oldugu-ortaya-cikti\" \/>\n<meta property=\"og:locale\" content=\"tr_TR\" \/>\n<meta property=\"og:type\" content=\"article\" \/>\n<meta property=\"og:title\" content=\"\u0130lk Modern \u0130ngilizlerin Ten Renginin &#039;Esmerden Siyah\u00eeye Do\u011fru&#039; Oldu\u011fu Ortaya \u00c7\u0131kt\u0131 - The Epoch Times TR\" \/>\n<meta property=\"og:description\" content=\"Britanya&#8217;n\u0131n en eski tam iskeleti \u00fczerinde yap\u0131lan, \u00e7\u0131\u011f\u0131r a\u00e7an DNA ara\u015ft\u0131rmas\u0131na g\u00f6re, \u0130ngiltere&#8217;nin \u015fu anda i\u00e7inde bulundu\u011fu d\u00f6nemi temsil eden ilk modern insanlar, \u201cesmerden siyaha do\u011fru\u201d cilde ve mavi g\u00f6zlere sahipti. BBC&#8216;nin haberine g\u00f6re, ara\u015ft\u0131rmac\u0131lar, Britanya&#8217;n\u0131n en eski tam iskeleti olan Cheddar Man&#8217;dan DNA \u00f6rnekleri ald\u0131lar ve bir genom analizi yapt\u0131lar. Bu \u00e7al\u0131\u015fma, yakla\u015f\u0131k 10.000 [&hellip;]\" \/>\n<meta property=\"og:url\" content=\"https:\/\/epochtimestr.com\/index.php\/ilk-modern-ingilizlerin-ten-renginin-esmerden-siyahiye-dogru-oldugu-ortaya-cikti\" \/>\n<meta property=\"og:site_name\" content=\"The Epoch Times TR\" \/>\n<meta property=\"article:publisher\" content=\"https:\/\/www.facebook.com\/theepochtimestr\" \/>\n<meta property=\"article:published_time\" content=\"2018-05-19T08:00:25+00:00\" \/>\n<meta property=\"article:modified_time\" content=\"2018-05-16T13:17:08+00:00\" \/>\n<meta property=\"og:image\" content=\"https:\/\/epochtimestr.com\/wp-content\/uploads\/2011y\/GettyImages-914967768-550x330.jpg\" \/>\n\t<meta property=\"og:image:width\" content=\"550\" \/>\n\t<meta property=\"og:image:height\" content=\"330\" \/>\n\t<meta property=\"og:image:type\" content=\"image\/jpeg\" \/>\n<meta name=\"author\" content=\"Hatice Atmaca\" \/>\n<meta name=\"twitter:card\" content=\"summary_large_image\" \/>\n<meta name=\"twitter:creator\" content=\"@TheEpochTimesTR\" \/>\n<meta name=\"twitter:site\" content=\"@TheEpochTimesTR\" \/>\n<meta name=\"twitter:label1\" content=\"Yazan:\" \/>\n\t<meta name=\"twitter:data1\" content=\"Hatice Atmaca\" \/>\n\t<meta name=\"twitter:label2\" content=\"Tahmini okuma s\u00fcresi\" \/>\n\t<meta name=\"twitter:data2\" content=\"4 dakika\" \/>\n<script type=\"application\/ld+json\" class=\"yoast-schema-graph\">{\"@context\":\"https:\/\/schema.org\",\"@graph\":[{\"@type\":\"Article\",\"@id\":\"https:\/\/epochtimestr.com\/index.php\/ilk-modern-ingilizlerin-ten-renginin-esmerden-siyahiye-dogru-oldugu-ortaya-cikti#article\",\"isPartOf\":{\"@id\":\"https:\/\/epochtimestr.com\/index.php\/ilk-modern-ingilizlerin-ten-renginin-esmerden-siyahiye-dogru-oldugu-ortaya-cikti\"},\"author\":{\"name\":\"Hatice Atmaca\",\"@id\":\"https:\/\/epochtimestr.com\/#\/schema\/person\/a515b4166e91977b7e9f483ceb142459\"},\"headline\":\"\u0130lk Modern \u0130ngilizlerin Ten Renginin &#8216;Esmerden Siyah\u00eeye Do\u011fru&#8217; Oldu\u011fu Ortaya \u00c7\u0131kt\u0131\",\"datePublished\":\"2018-05-19T08:00:25+00:00\",\"dateModified\":\"2018-05-16T13:17:08+00:00\",\"mainEntityOfPage\":{\"@id\":\"https:\/\/epochtimestr.com\/index.php\/ilk-modern-ingilizlerin-ten-renginin-esmerden-siyahiye-dogru-oldugu-ortaya-cikti\"},\"wordCount\":758,\"publisher\":{\"@id\":\"https:\/\/epochtimestr.com\/#organization\"},\"image\":{\"@id\":\"https:\/\/epochtimestr.com\/index.php\/ilk-modern-ingilizlerin-ten-renginin-esmerden-siyahiye-dogru-oldugu-ortaya-cikti#primaryimage\"},\"thumbnailUrl\":\"https:\/\/epochtimestr.com\/wp-content\/uploads\/2011y\/GettyImages-914967768-550x330.jpg\",\"articleSection\":[\"Bilimsel Ke\u015fifler\",\"ED\u0130T\u00d6R\u00dcN SE\u00c7\u0130M\u0130\"],\"inLanguage\":\"tr\"},{\"@type\":\"WebPage\",\"@id\":\"https:\/\/epochtimestr.com\/index.php\/ilk-modern-ingilizlerin-ten-renginin-esmerden-siyahiye-dogru-oldugu-ortaya-cikti\",\"url\":\"https:\/\/epochtimestr.com\/index.php\/ilk-modern-ingilizlerin-ten-renginin-esmerden-siyahiye-dogru-oldugu-ortaya-cikti\",\"name\":\"\u0130lk Modern \u0130ngilizlerin Ten Renginin 'Esmerden Siyah\u00eeye Do\u011fru' Oldu\u011fu Ortaya \u00c7\u0131kt\u0131 - The Epoch Times TR\",\"isPartOf\":{\"@id\":\"https:\/\/epochtimestr.com\/#website\"},\"primaryImageOfPage\":{\"@id\":\"https:\/\/epochtimestr.com\/index.php\/ilk-modern-ingilizlerin-ten-renginin-esmerden-siyahiye-dogru-oldugu-ortaya-cikti#primaryimage\"},\"image\":{\"@id\":\"https:\/\/epochtimestr.com\/index.php\/ilk-modern-ingilizlerin-ten-renginin-esmerden-siyahiye-dogru-oldugu-ortaya-cikti#primaryimage\"},\"thumbnailUrl\":\"https:\/\/epochtimestr.com\/wp-content\/uploads\/2011y\/GettyImages-914967768-550x330.jpg\",\"datePublished\":\"2018-05-19T08:00:25+00:00\",\"dateModified\":\"2018-05-16T13:17:08+00:00\",\"inLanguage\":\"tr\",\"potentialAction\":[{\"@type\":\"ReadAction\",\"target\":[\"https:\/\/epochtimestr.com\/index.php\/ilk-modern-ingilizlerin-ten-renginin-esmerden-siyahiye-dogru-oldugu-ortaya-cikti\"]}]},{\"@type\":\"ImageObject\",\"inLanguage\":\"tr\",\"@id\":\"https:\/\/epochtimestr.com\/index.php\/ilk-modern-ingilizlerin-ten-renginin-esmerden-siyahiye-dogru-oldugu-ortaya-cikti#primaryimage\",\"url\":\"https:\/\/epochtimestr.com\/wp-content\/uploads\/2011y\/GettyImages-914967768-550x330.jpg\",\"contentUrl\":\"https:\/\/epochtimestr.com\/wp-content\/uploads\/2011y\/GettyImages-914967768-550x330.jpg\",\"width\":550,\"height\":330,\"caption\":\"Britanya'n\u0131n en eski tam iskeleti olan Cheddar Man olarak bilinen 10.000 ya\u015f\u0131ndaki bir adam\u0131n, kafatas\u0131ndan yap\u0131lan tam y\u00fcz rekonstr\u00fcksiyon modeli. 6 \u015eubat 2018'de Londra'daki Ulusal Tarih M\u00fczesinde \u00e7ekilen foto\u011fraf. (Justin Tallis \/ AFP \/ Getty Images)\"},{\"@type\":\"WebSite\",\"@id\":\"https:\/\/epochtimestr.com\/#website\",\"url\":\"https:\/\/epochtimestr.com\/\",\"name\":\"The Epoch Times TR\",\"description\":\"De\u011fi\u015fen D\u00fcnyam\u0131za Taze Bir Bak\u0131\u015f\",\"publisher\":{\"@id\":\"https:\/\/epochtimestr.com\/#organization\"},\"potentialAction\":[{\"@type\":\"SearchAction\",\"target\":{\"@type\":\"EntryPoint\",\"urlTemplate\":\"https:\/\/epochtimestr.com\/?s={search_term_string}\"},\"query-input\":\"required name=search_term_string\"}],\"inLanguage\":\"tr\"},{\"@type\":\"Organization\",\"@id\":\"https:\/\/epochtimestr.com\/#organization\",\"name\":\"The EpochTimes T\u00fcrkiye\",\"url\":\"https:\/\/epochtimestr.com\/\",\"logo\":{\"@type\":\"ImageObject\",\"inLanguage\":\"tr\",\"@id\":\"https:\/\/epochtimestr.com\/#\/schema\/logo\/image\/\",\"url\":\"https:\/\/epochtimestr.com\/wp-content\/uploads\/2011y\/ET-Logo-YG.jpg\",\"contentUrl\":\"https:\/\/epochtimestr.com\/wp-content\/uploads\/2011y\/ET-Logo-YG.jpg\",\"width\":346,\"height\":29,\"caption\":\"The EpochTimes T\u00fcrkiye\"},\"image\":{\"@id\":\"https:\/\/epochtimestr.com\/#\/schema\/logo\/image\/\"},\"sameAs\":[\"https:\/\/www.facebook.com\/theepochtimestr\",\"https:\/\/x.com\/TheEpochTimesTR\",\"https:\/\/www.instagram.com\/epochtimestr\"]},{\"@type\":\"Person\",\"@id\":\"https:\/\/epochtimestr.com\/#\/schema\/person\/a515b4166e91977b7e9f483ceb142459\",\"name\":\"Hatice Atmaca\",\"image\":{\"@type\":\"ImageObject\",\"inLanguage\":\"tr\",\"@id\":\"https:\/\/epochtimestr.com\/#\/schema\/person\/image\/\",\"url\":\"https:\/\/secure.gravatar.com\/avatar\/dd49aabd0aeaecbc0ecbce954119ae42?s=96&d=mm&r=g\",\"contentUrl\":\"https:\/\/secure.gravatar.com\/avatar\/dd49aabd0aeaecbc0ecbce954119ae42?s=96&d=mm&r=g\",\"caption\":\"Hatice Atmaca\"},\"url\":\"https:\/\/epochtimestr.com\/index.php\/author\/hatice\"}]}<\/script>\n<!-- \/ Yoast SEO plugin. -->","yoast_head_json":{"title":"\u0130lk Modern \u0130ngilizlerin Ten Renginin 'Esmerden Siyah\u00eeye Do\u011fru' Oldu\u011fu Ortaya \u00c7\u0131kt\u0131 - The Epoch Times TR","robots":{"index":"index","follow":"follow","max-snippet":"max-snippet:-1","max-image-preview":"max-image-preview:large","max-video-preview":"max-video-preview:-1"},"canonical":"https:\/\/epochtimestr.com\/index.php\/ilk-modern-ingilizlerin-ten-renginin-esmerden-siyahiye-dogru-oldugu-ortaya-cikti","og_locale":"tr_TR","og_type":"article","og_title":"\u0130lk Modern \u0130ngilizlerin Ten Renginin 'Esmerden Siyah\u00eeye Do\u011fru' Oldu\u011fu Ortaya \u00c7\u0131kt\u0131 - The Epoch Times TR","og_description":"Britanya&#8217;n\u0131n en eski tam iskeleti \u00fczerinde yap\u0131lan, \u00e7\u0131\u011f\u0131r a\u00e7an DNA ara\u015ft\u0131rmas\u0131na g\u00f6re, \u0130ngiltere&#8217;nin \u015fu anda i\u00e7inde bulundu\u011fu d\u00f6nemi temsil eden ilk modern insanlar, \u201cesmerden siyaha do\u011fru\u201d cilde ve mavi g\u00f6zlere sahipti. BBC&#8216;nin haberine g\u00f6re, ara\u015ft\u0131rmac\u0131lar, Britanya&#8217;n\u0131n en eski tam iskeleti olan Cheddar Man&#8217;dan DNA \u00f6rnekleri ald\u0131lar ve bir genom analizi yapt\u0131lar. Bu \u00e7al\u0131\u015fma, yakla\u015f\u0131k 10.000 [&hellip;]","og_url":"https:\/\/epochtimestr.com\/index.php\/ilk-modern-ingilizlerin-ten-renginin-esmerden-siyahiye-dogru-oldugu-ortaya-cikti","og_site_name":"The Epoch Times TR","article_publisher":"https:\/\/www.facebook.com\/theepochtimestr","article_published_time":"2018-05-19T08:00:25+00:00","article_modified_time":"2018-05-16T13:17:08+00:00","og_image":[{"width":550,"height":330,"url":"https:\/\/epochtimestr.com\/wp-content\/uploads\/2011y\/GettyImages-914967768-550x330.jpg","type":"image\/jpeg"}],"author":"Hatice Atmaca","twitter_card":"summary_large_image","twitter_creator":"@TheEpochTimesTR","twitter_site":"@TheEpochTimesTR","twitter_misc":{"Yazan:":"Hatice Atmaca","Tahmini okuma s\u00fcresi":"4 dakika"},"schema":{"@context":"https:\/\/schema.org","@graph":[{"@type":"Article","@id":"https:\/\/epochtimestr.com\/index.php\/ilk-modern-ingilizlerin-ten-renginin-esmerden-siyahiye-dogru-oldugu-ortaya-cikti#article","isPartOf":{"@id":"https:\/\/epochtimestr.com\/index.php\/ilk-modern-ingilizlerin-ten-renginin-esmerden-siyahiye-dogru-oldugu-ortaya-cikti"},"author":{"name":"Hatice Atmaca","@id":"https:\/\/epochtimestr.com\/#\/schema\/person\/a515b4166e91977b7e9f483ceb142459"},"headline":"\u0130lk Modern \u0130ngilizlerin Ten Renginin &#8216;Esmerden Siyah\u00eeye Do\u011fru&#8217; Oldu\u011fu Ortaya \u00c7\u0131kt\u0131","datePublished":"2018-05-19T08:00:25+00:00","dateModified":"2018-05-16T13:17:08+00:00","mainEntityOfPage":{"@id":"https:\/\/epochtimestr.com\/index.php\/ilk-modern-ingilizlerin-ten-renginin-esmerden-siyahiye-dogru-oldugu-ortaya-cikti"},"wordCount":758,"publisher":{"@id":"https:\/\/epochtimestr.com\/#organization"},"image":{"@id":"https:\/\/epochtimestr.com\/index.php\/ilk-modern-ingilizlerin-ten-renginin-esmerden-siyahiye-dogru-oldugu-ortaya-cikti#primaryimage"},"thumbnailUrl":"https:\/\/epochtimestr.com\/wp-content\/uploads\/2011y\/GettyImages-914967768-550x330.jpg","articleSection":["Bilimsel Ke\u015fifler","ED\u0130T\u00d6R\u00dcN SE\u00c7\u0130M\u0130"],"inLanguage":"tr"},{"@type":"WebPage","@id":"https:\/\/epochtimestr.com\/index.php\/ilk-modern-ingilizlerin-ten-renginin-esmerden-siyahiye-dogru-oldugu-ortaya-cikti","url":"https:\/\/epochtimestr.com\/index.php\/ilk-modern-ingilizlerin-ten-renginin-esmerden-siyahiye-dogru-oldugu-ortaya-cikti","name":"\u0130lk Modern \u0130ngilizlerin Ten Renginin 'Esmerden Siyah\u00eeye Do\u011fru' Oldu\u011fu Ortaya \u00c7\u0131kt\u0131 - The Epoch Times TR","isPartOf":{"@id":"https:\/\/epochtimestr.com\/#website"},"primaryImageOfPage":{"@id":"https:\/\/epochtimestr.com\/index.php\/ilk-modern-ingilizlerin-ten-renginin-esmerden-siyahiye-dogru-oldugu-ortaya-cikti#primaryimage"},"image":{"@id":"https:\/\/epochtimestr.com\/index.php\/ilk-modern-ingilizlerin-ten-renginin-esmerden-siyahiye-dogru-oldugu-ortaya-cikti#primaryimage"},"thumbnailUrl":"https:\/\/epochtimestr.com\/wp-content\/uploads\/2011y\/GettyImages-914967768-550x330.jpg","datePublished":"2018-05-19T08:00:25+00:00","dateModified":"2018-05-16T13:17:08+00:00","inLanguage":"tr","potentialAction":[{"@type":"ReadAction","target":["https:\/\/epochtimestr.com\/index.php\/ilk-modern-ingilizlerin-ten-renginin-esmerden-siyahiye-dogru-oldugu-ortaya-cikti"]}]},{"@type":"ImageObject","inLanguage":"tr","@id":"https:\/\/epochtimestr.com\/index.php\/ilk-modern-ingilizlerin-ten-renginin-esmerden-siyahiye-dogru-oldugu-ortaya-cikti#primaryimage","url":"https:\/\/epochtimestr.com\/wp-content\/uploads\/2011y\/GettyImages-914967768-550x330.jpg","contentUrl":"https:\/\/epochtimestr.com\/wp-content\/uploads\/2011y\/GettyImages-914967768-550x330.jpg","width":550,"height":330,"caption":"Britanya'n\u0131n en eski tam iskeleti olan Cheddar Man olarak bilinen 10.000 ya\u015f\u0131ndaki bir adam\u0131n, kafatas\u0131ndan yap\u0131lan tam y\u00fcz rekonstr\u00fcksiyon modeli. 6 \u015eubat 2018'de Londra'daki Ulusal Tarih M\u00fczesinde \u00e7ekilen foto\u011fraf. (Justin Tallis \/ AFP \/ Getty Images)"},{"@type":"WebSite","@id":"https:\/\/epochtimestr.com\/#website","url":"https:\/\/epochtimestr.com\/","name":"The Epoch Times TR","description":"De\u011fi\u015fen D\u00fcnyam\u0131za Taze Bir Bak\u0131\u015f","publisher":{"@id":"https:\/\/epochtimestr.com\/#organization"},"potentialAction":[{"@type":"SearchAction","target":{"@type":"EntryPoint","urlTemplate":"https:\/\/epochtimestr.com\/?s={search_term_string}"},"query-input":"required name=search_term_string"}],"inLanguage":"tr"},{"@type":"Organization","@id":"https:\/\/epochtimestr.com\/#organization","name":"The EpochTimes T\u00fcrkiye","url":"https:\/\/epochtimestr.com\/","logo":{"@type":"ImageObject","inLanguage":"tr","@id":"https:\/\/epochtimestr.com\/#\/schema\/logo\/image\/","url":"https:\/\/epochtimestr.com\/wp-content\/uploads\/2011y\/ET-Logo-YG.jpg","contentUrl":"https:\/\/epochtimestr.com\/wp-content\/uploads\/2011y\/ET-Logo-YG.jpg","width":346,"height":29,"caption":"The EpochTimes T\u00fcrkiye"},"image":{"@id":"https:\/\/epochtimestr.com\/#\/schema\/logo\/image\/"},"sameAs":["https:\/\/www.facebook.com\/theepochtimestr","https:\/\/x.com\/TheEpochTimesTR","https:\/\/www.instagram.com\/epochtimestr"]},{"@type":"Person","@id":"https:\/\/epochtimestr.com\/#\/schema\/person\/a515b4166e91977b7e9f483ceb142459","name":"Hatice Atmaca","image":{"@type":"ImageObject","inLanguage":"tr","@id":"https:\/\/epochtimestr.com\/#\/schema\/person\/image\/","url":"https:\/\/secure.gravatar.com\/avatar\/dd49aabd0aeaecbc0ecbce954119ae42?s=96&d=mm&r=g","contentUrl":"https:\/\/secure.gravatar.com\/avatar\/dd49aabd0aeaecbc0ecbce954119ae42?s=96&d=mm&r=g","caption":"Hatice Atmaca"},"url":"https:\/\/epochtimestr.com\/index.php\/author\/hatice"}]}},"_links":{"self":[{"href":"https:\/\/epochtimestr.com\/index.php\/wp-json\/wp\/v2\/posts\/114866"}],"collection":[{"href":"https:\/\/epochtimestr.com\/index.php\/wp-json\/wp\/v2\/posts"}],"about":[{"href":"https:\/\/epochtimestr.com\/index.php\/wp-json\/wp\/v2\/types\/post"}],"author":[{"embeddable":true,"href":"https:\/\/epochtimestr.com\/index.php\/wp-json\/wp\/v2\/users\/12379"}],"replies":[{"embeddable":true,"href":"https:\/\/epochtimestr.com\/index.php\/wp-json\/wp\/v2\/comments?post=114866"}],"version-history":[{"count":3,"href":"https:\/\/epochtimestr.com\/index.php\/wp-json\/wp\/v2\/posts\/114866\/revisions"}],"predecessor-version":[{"id":114873,"href":"https:\/\/epochtimestr.com\/index.php\/wp-json\/wp\/v2\/posts\/114866\/revisions\/114873"}],"wp:featuredmedia":[{"embeddable":true,"href":"https:\/\/epochtimestr.com\/index.php\/wp-json\/wp\/v2\/media\/114867"}],"wp:attachment":[{"href":"https:\/\/epochtimestr.com\/index.php\/wp-json\/wp\/v2\/media?parent=114866"}],"wp:term":[{"taxonomy":"category","embeddable":true,"href":"https:\/\/epochtimestr.com\/index.php\/wp-json\/wp\/v2\/categories?post=114866"},{"taxonomy":"post_tag","embeddable":true,"href":"https:\/\/epochtimestr.com\/index.php\/wp-json\/wp\/v2\/tags?post=114866"}],"curies":[{"name":"wp","href":"https:\/\/api.w.org\/{rel}","templated":true}]}}