{"id":114999,"date":"2018-05-25T11:00:38","date_gmt":"2018-05-25T08:00:38","guid":{"rendered":"http:\/\/epochtimestr.com\/?p=114999"},"modified":"2018-05-23T14:32:13","modified_gmt":"2018-05-23T11:32:13","slug":"kucuk-kizin-bir-otobusun-kendisine-carptigi-ile-ilgili-akil-almaz-iddialari","status":"publish","type":"post","link":"https:\/\/epochtimestr.com\/index.php\/kucuk-kizin-bir-otobusun-kendisine-carptigi-ile-ilgili-akil-almaz-iddialari","title":{"rendered":"Ger\u00e7ek Bir Reenkarnasyon Hikayesi: K\u00fc\u00e7\u00fck Bir K\u0131z\u0131n Ak\u0131l Almaz \u0130ddialar\u0131"},"content":{"rendered":"<p>Daha 3 ya\u015f\u0131ndayken bu konuda konu\u015fmaya ba\u015flam\u0131\u015ft\u0131.<\/p>\n<figure id=\"attachment_115002\" aria-describedby=\"caption-attachment-115002\" style=\"width: 550px\" class=\"wp-caption aligncenter\"><img loading=\"lazy\" decoding=\"async\" class=\"size-full wp-image-115002\" src=\"https:\/\/epochtimestr.com\/wp-content\/uploads\/2011y\/pexels-photo-822419-550x330.jpeg\" alt=\"\" width=\"550\" height=\"330\" srcset=\"https:\/\/epochtimestr.com\/wp-content\/uploads\/2011y\/pexels-photo-822419-550x330.jpeg 550w, https:\/\/epochtimestr.com\/wp-content\/uploads\/2011y\/pexels-photo-822419-550x330-150x90.jpeg 150w, https:\/\/epochtimestr.com\/wp-content\/uploads\/2011y\/pexels-photo-822419-550x330-300x180.jpeg 300w\" sizes=\"(max-width: 550px) 100vw, 550px\" \/><figcaption id=\"caption-attachment-115002\" class=\"wp-caption-text\">(Pexels \/ Orlando Vera)<\/figcaption><\/figure>\n<p>Purnima; \u00e7ok k\u00fc\u00e7\u00fck ya\u015flar\u0131ndan itibaren, t\u00fcts\u00fc \u00fcretim s\u00fcrecini tam olarak anlat\u0131yordu. Anlatt\u0131klar\u0131, onun ya\u015f\u0131ndaki bir k\u0131z \u00e7ocu\u011funun, t\u00fcts\u00fcy\u00fc kendisi yapmadan ya da t\u00fcts\u00fc \u00fcreticisi bir aileden gelmeden asla bilemeyece\u011fi bilgilerdi.<\/p>\n<h3><strong>Ge\u00e7mi\u015fte Jinidasa ad\u0131nda bir erkek t\u00fcts\u00fc \u00fcreticisi olarak ya\u015fad\u0131\u011f\u0131n\u0131, kendisi do\u011fmadan y\u0131llar \u00f6nce bir otob\u00fcs\u00fcn ona \u00e7arpt\u0131\u011f\u0131n\u0131 ve \u00f6ld\u00fcrd\u00fc\u011f\u00fcn\u00fc iddia ediyordu.<\/strong><\/h3>\n<p>Adam\u0131n evinin yerini tarif ediyordu; hatta otob\u00fcsten kurtulmaya \u00e7al\u0131\u015ft\u0131\u011f\u0131n\u0131 ve nas\u0131l \u00f6ld\u00fc\u011f\u00fcn\u00fc de hat\u0131rl\u0131yordu.<\/p>\n<p>T\u00fcm bunlar k\u00fc\u00e7\u00fck bir k\u0131z\u0131n bilebimesi i\u00e7in \u00e7ok fazla gibi g\u00f6r\u00fcn\u00fcyordu. Ama mesele \u015fuydu ki, anlatt\u0131\u011f\u0131 adam ger\u00e7ekten de ya\u015fam\u0131\u015ft\u0131.<\/p>\n<h3><strong>Purnima&#8217;dan y\u00fczlerce kilometre uzakta ya\u015fayan Jinidasa&#8217;n\u0131n ailesi, Purnima&#8217;n\u0131n iddia etti\u011fi her \u015feyin do\u011fru oldu\u011funu onaylad\u0131 ve onu, adam\u0131n reenkarnasyonu olarak g\u00f6rd\u00fc.<\/strong><\/h3>\n<p>Purnima adam\u0131n ailesiyle ilk kez kar\u015f\u0131la\u015ft\u0131\u011f\u0131nda, t\u00fcm aile \u00fcyelerini tan\u0131d\u0131; hatta Purnima daha k\u00fc\u00e7\u00fck olmas\u0131na ra\u011fmen, Jinidasa&#8217;n\u0131n k\u0131z karde\u015flerinden birini \u201ck\u00fc\u00e7\u00fck k\u0131z karde\u015fim\u201d diye \u00e7a\u011f\u0131rd\u0131.<\/p>\n<p>K\u0131z ayr\u0131ca, Jinidasa&#8217;n\u0131n \u00f6l\u00fcmc\u00fcl yaralar\u0131n\u0131n oldu\u011fu noktada, g\u00f6\u011fs\u00fcn\u00fcn sol taraf\u0131nda do\u011fum lekeleri ta\u015f\u0131yordu.<\/p>\n<p>Purnima, \u201cAileyi g\u00f6r\u00fcnce yeniden do\u011fu\u015fun ger\u00e7ek bir \u015fey oldu\u011funu anlad\u0131m\u201d dedi.<\/p>\n<h3><strong>Onlarca y\u0131ld\u0131r, k\u00fc\u00e7\u00fck \u00e7ocuklar\u0131n, ge\u00e7mi\u015f ya\u015famlar\u0131ndan canl\u0131 ayr\u0131nt\u0131larla bahsettikleri say\u0131s\u0131z olay rapor edildi.<\/strong><\/h3>\n<p>\u00d6ld\u00fc\u011f\u00fcm\u00fczde ne oldu\u011funa dair somut bir kan\u0131t yok ve yapabilece\u011fimiz tek \u015fey tahminde bulunmak. Ve bir sonraki ya\u015fam\u0131n var olup olmad\u0131\u011f\u0131 \u00fczerine yap\u0131lan tart\u0131\u015fmalar y\u00fczy\u0131llard\u0131r s\u00fcr\u00fcyor.<\/p>\n<p>Reenkarnasyon, bir ki\u015finin ruhunun, \u00f6ld\u00fckten sonra ba\u015fka bir v\u00fccuda aktar\u0131lmas\u0131 olarak tan\u0131mlanm\u0131\u015f, \u00f6l\u00fcmden sonraki ya\u015fam hakk\u0131nda bir anlay\u0131\u015ft\u0131r.<\/p>\n<p>Ve reenkarnasyonun bir olas\u0131l\u0131k oldu\u011funa dair kan\u0131tlar vard\u0131r, ama d\u00fc\u015f\u00fcnd\u00fc\u011f\u00fcn\u00fcz \u015fekilde de\u011fil.<\/p>\n<figure id=\"attachment_115003\" aria-describedby=\"caption-attachment-115003\" style=\"width: 400px\" class=\"wp-caption aligncenter\"><img loading=\"lazy\" decoding=\"async\" class=\"size-large wp-image-115003\" src=\"https:\/\/epochtimestr.com\/wp-content\/uploads\/2011y\/pexels-photo-694587-600x600-400x400.jpeg\" alt=\"\" width=\"400\" height=\"400\" srcset=\"https:\/\/epochtimestr.com\/wp-content\/uploads\/2011y\/pexels-photo-694587-600x600-400x400.jpeg 400w, https:\/\/epochtimestr.com\/wp-content\/uploads\/2011y\/pexels-photo-694587-600x600-300x300.jpeg 300w, https:\/\/epochtimestr.com\/wp-content\/uploads\/2011y\/pexels-photo-694587-600x600-100x100.jpeg 100w, https:\/\/epochtimestr.com\/wp-content\/uploads\/2011y\/pexels-photo-694587-600x600.jpeg 600w, https:\/\/epochtimestr.com\/wp-content\/uploads\/2011y\/pexels-photo-694587-600x600-150x150.jpeg 150w\" sizes=\"(max-width: 400px) 100vw, 400px\" \/><figcaption id=\"caption-attachment-115003\" class=\"wp-caption-text\">(Pexels \/ Samuel Silitonga)<\/figcaption><\/figure>\n<p>\u00c7ocuklar aras\u0131nda yayg\u0131n olan belirli bir kal\u0131p vard\u0131r &#8211; genellikle 2 ya\u015f civar\u0131nda konu\u015fmay\u0131 \u00f6\u011frendiklerinde ba\u015flar ve ge\u00e7mi\u015f ya\u015famlar\u0131 hakk\u0131nda konu\u015furlar.<\/p>\n<p>Ge\u00e7mi\u015f ya\u015fam\u0131n\u0131 hat\u0131rlayan \u00e7ocuklar: <a href=\"https:\/\/youtu.be\/Uq8l4XVfgPA\" target=\"_blank\" rel=\"noopener\">Real Stories<\/a> (Ger\u00e7ek Hikayeler) adl\u0131 kanal, bu kavram \u00fczerine bir belgesel yapt\u0131; r\u00f6portajlar yapt\u0131lar ve bahsettikleri ki\u015finin ger\u00e7ekte var olup olmad\u0131\u011f\u0131n\u0131 belirlemek i\u00e7in ara\u015ft\u0131rmalar y\u00fcr\u00fctt\u00fcler.<\/p>\n<p>Bu konuda en iyi \u015fekilde belgelenmi\u015f vakalardan biri, \u00fc\u00e7 ya\u015f\u0131ndayken \u00f6nceki hayat\u0131 hakk\u0131nda konu\u015fmaya ba\u015flayan Sri Lanka&#8217;l\u0131 bir k\u0131z olan Purnima hakk\u0131ndad\u0131r.<\/p>\n<figure id=\"attachment_115004\" aria-describedby=\"caption-attachment-115004\" style=\"width: 480px\" class=\"wp-caption aligncenter\"><img loading=\"lazy\" decoding=\"async\" class=\"size-large wp-image-115004\" src=\"https:\/\/epochtimestr.com\/wp-content\/uploads\/2011y\/Screen-Shot-2018-01-31-at-12.46.59-PM-600x500-480x400.png\" alt=\"\" width=\"480\" height=\"400\" srcset=\"https:\/\/epochtimestr.com\/wp-content\/uploads\/2011y\/Screen-Shot-2018-01-31-at-12.46.59-PM-600x500-480x400.png 480w, https:\/\/epochtimestr.com\/wp-content\/uploads\/2011y\/Screen-Shot-2018-01-31-at-12.46.59-PM-600x500.png 600w, https:\/\/epochtimestr.com\/wp-content\/uploads\/2011y\/Screen-Shot-2018-01-31-at-12.46.59-PM-600x500-150x125.png 150w, https:\/\/epochtimestr.com\/wp-content\/uploads\/2011y\/Screen-Shot-2018-01-31-at-12.46.59-PM-600x500-300x250.png 300w\" sizes=\"(max-width: 480px) 100vw, 480px\" \/><figcaption id=\"caption-attachment-115004\" class=\"wp-caption-text\">(YouTube \/ Real Stories)<\/figcaption><\/figure>\n<p><a href=\"http:\/\/uvamagazine.org\/articles\/the_science_of_reincarnation\" target=\"_blank\" rel=\"noopener\">Virginia \u00dcniversitesi Dergisi<\/a>nden bir makalede de, benzer \u00e7ocuklar ve onlar\u0131n hikayeleri anlat\u0131lmaktad\u0131r.<\/p>\n<h3><strong>Virginia \u00dcniversitesinde bir profes\u00f6r\u00fcn masas\u0131nda, 2.500&#8217;den fazla olas\u0131 reenkarnasyon vakas\u0131 dosyas\u0131 bulunmaktad\u0131r.<\/strong><\/h3>\n<figure id=\"attachment_115005\" aria-describedby=\"caption-attachment-115005\" style=\"width: 600px\" class=\"wp-caption aligncenter\"><img loading=\"lazy\" decoding=\"async\" class=\"size-full wp-image-115005\" src=\"https:\/\/epochtimestr.com\/wp-content\/uploads\/2011y\/pexels-photo-209137-600x400.jpeg\" alt=\"\" width=\"600\" height=\"400\" srcset=\"https:\/\/epochtimestr.com\/wp-content\/uploads\/2011y\/pexels-photo-209137-600x400.jpeg 600w, https:\/\/epochtimestr.com\/wp-content\/uploads\/2011y\/pexels-photo-209137-600x400-150x100.jpeg 150w, https:\/\/epochtimestr.com\/wp-content\/uploads\/2011y\/pexels-photo-209137-600x400-300x200.jpeg 300w\" sizes=\"(max-width: 600px) 100vw, 600px\" \/><figcaption id=\"caption-attachment-115005\" class=\"wp-caption-text\">(Peksels \/ Pixabay)<\/figcaption><\/figure>\n<p>Profes\u00f6r, Jim B. Tucker, bu t\u00fcr vakalar\u0131 ara\u015ft\u0131rmak i\u00e7in onlarca y\u0131l\u0131n\u0131 harcad\u0131 ve bilimin her \u015feyin anahtar\u0131 oldu\u011funu d\u00fc\u015f\u00fcn\u00fcyor.<\/p>\n<p>Tucker, \u201cKuantum fizi\u011fi fiziksel d\u00fcnyam\u0131z\u0131n, bilincimizin d\u0131\u015f\u0131na ta\u015fabilece\u011fini g\u00f6steriyor\u201d dedi.<\/p>\n<p>Bu, maddi d\u00fcnyan\u0131n tamamen beyin taraf\u0131ndan olu\u015fturuldu\u011fu teorisinin temelidir. Bu nedenle, bilincimiz var olan d\u00fcnya ile s\u0131n\u0131rl\u0131 de\u011fildir.<\/p>\n<p>Bu nedenle, \u00f6ld\u00fc\u011f\u00fcm\u00fczde bilincimiz yeni bir beyne ba\u011flan\u0131p yeni bir hayata ba\u015flayabilir.<\/p>\n<h3><strong>Tucker&#8217;\u0131n \u00e7al\u0131\u015fmalar\u0131nda incelenen \u00e7ocuklar\u0131n %70&#8217;i, \u00f6nceki hayatlar\u0131n\u0131n k\u0131sa oldu\u011funu ve bir trajedi ile sonland\u0131\u011f\u0131n\u0131 s\u00f6yl\u00fcyor.<\/strong><\/h3>\n<p>Ve a\u00e7\u0131k\u00e7as\u0131, bu Purnima i\u00e7in de ge\u00e7erli.<\/p>\n<h3><strong>\u00dczerinde \u00e7al\u0131\u015f\u0131lan be\u015f \u00e7ocuktan biri, bir ara d\u00f6nemi \u2013 \u00f6l\u00fcmleri ile yeni bir hayata do\u011fmalar\u0131 aras\u0131nda ge\u00e7en zaman\u0131 \u2013 hat\u0131rl\u0131yor.<\/strong><\/h3>\n<p>K\u00fc\u00e7\u00fck \u00e7ocuklar\u0131n b\u00f6yle ak\u0131l almaz bir \u015fey hakk\u0131nda konu\u015fmalar\u0131, insanlara reenkarnasyonun asl\u0131nda ger\u00e7ek bir \u015fey olup olmad\u0131\u011f\u0131n\u0131 d\u00fc\u015f\u00fcnd\u00fcrebilir.<\/p>\n<p>Ku\u015fkusuz, \u00e7ocuklar\u0131n canl\u0131 hayal g\u00fcc\u00fcne sahip olduklar\u0131 ve bu hikayelerin tamamen onlar taraf\u0131ndan \u00fcretilmi\u015f olabilece\u011fi g\u00f6z \u00f6n\u00fcnde bulundurulmal\u0131d\u0131r. Ancak bu hikayelerden ka\u00e7\u0131n\u0131n asl\u0131nda, bu \u00e7ocuklar\u0131n bahsetti\u011fi insanlar\u0131n ya\u015fad\u0131\u011f\u0131 ve \u00f6ld\u00fc\u011f\u00fcne dair kan\u0131tlarla desteklenebilece\u011fi g\u00f6z \u00f6n\u00fcne al\u0131n\u0131rsa, aksini kim iddia edebilir?<\/p>\n<p>Her iki durumda da, do\u011fru ya da yanl\u0131\u015f oldu\u011funu kan\u0131tlamaya yetecek kan\u0131t bulunana kadar \u00e7al\u0131\u015fmalar devam edecektir.<\/p>\n<p><iframe loading=\"lazy\" width=\"1170\" height=\"658\" src=\"https:\/\/www.youtube.com\/embed\/Uq8l4XVfgPA?feature=oembed\" frameborder=\"0\" allow=\"autoplay; encrypted-media\" allowfullscreen><\/iframe><\/p>\n<p>&nbsp;<\/p>\n<p>&nbsp;<\/p>\n<p><em>Yeni bilim s\u0131n\u0131rlar\u0131n\u0131 ke\u015ffetmeye devam etmek i\u00e7in websitemizi ve Facebook\u2019daki\u00a0<a href=\"https:\/\/www.facebook.com\/theepochtimestr\">Epoch Times T\u00fcrkiye<\/a>\u00a0sayfas\u0131n\u0131 ziyaret edin!<\/em><\/p>\n<p><em>Epoch Times, mevcut bilgilerimize meydan okuyan olaylar ve teoriler ile ilgili ara\u015ft\u0131rmalar\u0131 ve s\u00f6ylentileri ara\u015ft\u0131r\u0131yor. Biz, hayal g\u00fcc\u00fcm\u00fcz\u00fc canland\u0131racak ve yeni olanaklar yaratacak fikirleri ara\u015ft\u0131r\u0131yoruz.\u00a0<a href=\"https:\/\/www.facebook.com\/theepochtimestr\">Facebook sayfam\u0131zdan<\/a>, bazen tart\u0131\u015fmal\u0131 da olabilen konular hakk\u0131nda d\u00fc\u015f\u00fcncelerinizi bizimle payla\u015f\u0131n.<\/em><\/p>\n<p>Haberi yazan:\u00a0Joseph Gonzalez, Epoch Times<\/p>\n<p>\u00c7eviren: Hatice Atmaca, Epoch Times T\u00fcrkiye<\/p>\n","protected":false},"excerpt":{"rendered":"<p>Daha 3 ya\u015f\u0131ndayken bu konuda konu\u015fmaya ba\u015flam\u0131\u015ft\u0131. Purnima; \u00e7ok k\u00fc\u00e7\u00fck ya\u015flar\u0131ndan itibaren, t\u00fcts\u00fc \u00fcretim s\u00fcrecini tam olarak anlat\u0131yordu. Anlatt\u0131klar\u0131, onun ya\u015f\u0131ndaki bir k\u0131z \u00e7ocu\u011funun, t\u00fcts\u00fcy\u00fc kendisi yapmadan ya da t\u00fcts\u00fc \u00fcreticisi bir aileden gelmeden asla bilemeyece\u011fi bilgilerdi. Ge\u00e7mi\u015fte Jinidasa ad\u0131nda bir erkek t\u00fcts\u00fc \u00fcreticisi olarak ya\u015fad\u0131\u011f\u0131n\u0131, kendisi do\u011fmadan y\u0131llar \u00f6nce bir otob\u00fcs\u00fcn ona \u00e7arpt\u0131\u011f\u0131n\u0131 ve [&hellip;]<\/p>\n","protected":false},"author":12379,"featured_media":115002,"comment_status":"closed","ping_status":"open","sticky":false,"template":"","format":"standard","meta":{"_yoast_wpseo_focuskw":"","_yoast_wpseo_title":"","_yoast_wpseo_metadesc":"","_bbp_topic_count":0,"_bbp_reply_count":0,"_bbp_total_topic_count":0,"_bbp_total_reply_count":0,"_bbp_voice_count":0,"_bbp_anonymous_reply_count":0,"_bbp_topic_count_hidden":0,"_bbp_reply_count_hidden":0,"_bbp_forum_subforum_count":0,"footnotes":"","_yoast_wpseo_focuskw_text_input":""},"categories":[81,519],"tags":[],"yoast_head":"<!-- This site is optimized with the Yoast SEO plugin v23.0 - https:\/\/yoast.com\/wordpress\/plugins\/seo\/ -->\n<title>Ger\u00e7ek Bir Reenkarnasyon Hikayesi: K\u00fc\u00e7\u00fck Bir K\u0131z\u0131n Ak\u0131l Almaz \u0130ddialar\u0131 - The Epoch Times TR<\/title>\n<meta name=\"robots\" content=\"index, follow, max-snippet:-1, max-image-preview:large, max-video-preview:-1\" \/>\n<link rel=\"canonical\" href=\"https:\/\/epochtimestr.com\/index.php\/kucuk-kizin-bir-otobusun-kendisine-carptigi-ile-ilgili-akil-almaz-iddialari\" \/>\n<meta property=\"og:locale\" content=\"tr_TR\" \/>\n<meta property=\"og:type\" content=\"article\" \/>\n<meta property=\"og:title\" content=\"Ger\u00e7ek Bir Reenkarnasyon Hikayesi: K\u00fc\u00e7\u00fck Bir K\u0131z\u0131n Ak\u0131l Almaz \u0130ddialar\u0131 - The Epoch Times TR\" \/>\n<meta property=\"og:description\" content=\"Daha 3 ya\u015f\u0131ndayken bu konuda konu\u015fmaya ba\u015flam\u0131\u015ft\u0131. Purnima; \u00e7ok k\u00fc\u00e7\u00fck ya\u015flar\u0131ndan itibaren, t\u00fcts\u00fc \u00fcretim s\u00fcrecini tam olarak anlat\u0131yordu. Anlatt\u0131klar\u0131, onun ya\u015f\u0131ndaki bir k\u0131z \u00e7ocu\u011funun, t\u00fcts\u00fcy\u00fc kendisi yapmadan ya da t\u00fcts\u00fc \u00fcreticisi bir aileden gelmeden asla bilemeyece\u011fi bilgilerdi. Ge\u00e7mi\u015fte Jinidasa ad\u0131nda bir erkek t\u00fcts\u00fc \u00fcreticisi olarak ya\u015fad\u0131\u011f\u0131n\u0131, kendisi do\u011fmadan y\u0131llar \u00f6nce bir otob\u00fcs\u00fcn ona \u00e7arpt\u0131\u011f\u0131n\u0131 ve [&hellip;]\" \/>\n<meta property=\"og:url\" content=\"https:\/\/epochtimestr.com\/index.php\/kucuk-kizin-bir-otobusun-kendisine-carptigi-ile-ilgili-akil-almaz-iddialari\" \/>\n<meta property=\"og:site_name\" content=\"The Epoch Times TR\" \/>\n<meta property=\"article:publisher\" content=\"https:\/\/www.facebook.com\/theepochtimestr\" \/>\n<meta property=\"article:published_time\" content=\"2018-05-25T08:00:38+00:00\" \/>\n<meta property=\"article:modified_time\" content=\"2018-05-23T11:32:13+00:00\" \/>\n<meta property=\"og:image\" content=\"https:\/\/epochtimestr.com\/wp-content\/uploads\/2011y\/pexels-photo-822419-550x330.jpeg\" \/>\n\t<meta property=\"og:image:width\" content=\"550\" \/>\n\t<meta property=\"og:image:height\" content=\"330\" \/>\n\t<meta property=\"og:image:type\" content=\"image\/jpeg\" \/>\n<meta name=\"author\" content=\"Hatice Atmaca\" \/>\n<meta name=\"twitter:card\" content=\"summary_large_image\" \/>\n<meta name=\"twitter:creator\" content=\"@TheEpochTimesTR\" \/>\n<meta name=\"twitter:site\" content=\"@TheEpochTimesTR\" \/>\n<meta name=\"twitter:label1\" content=\"Yazan:\" \/>\n\t<meta name=\"twitter:data1\" content=\"Hatice Atmaca\" \/>\n\t<meta name=\"twitter:label2\" content=\"Tahmini okuma s\u00fcresi\" \/>\n\t<meta name=\"twitter:data2\" content=\"5 dakika\" \/>\n<script type=\"application\/ld+json\" class=\"yoast-schema-graph\">{\"@context\":\"https:\/\/schema.org\",\"@graph\":[{\"@type\":\"Article\",\"@id\":\"https:\/\/epochtimestr.com\/index.php\/kucuk-kizin-bir-otobusun-kendisine-carptigi-ile-ilgili-akil-almaz-iddialari#article\",\"isPartOf\":{\"@id\":\"https:\/\/epochtimestr.com\/index.php\/kucuk-kizin-bir-otobusun-kendisine-carptigi-ile-ilgili-akil-almaz-iddialari\"},\"author\":{\"name\":\"Hatice Atmaca\",\"@id\":\"https:\/\/epochtimestr.com\/#\/schema\/person\/a515b4166e91977b7e9f483ceb142459\"},\"headline\":\"Ger\u00e7ek Bir Reenkarnasyon Hikayesi: K\u00fc\u00e7\u00fck Bir K\u0131z\u0131n Ak\u0131l Almaz \u0130ddialar\u0131\",\"datePublished\":\"2018-05-25T08:00:38+00:00\",\"dateModified\":\"2018-05-23T11:32:13+00:00\",\"mainEntityOfPage\":{\"@id\":\"https:\/\/epochtimestr.com\/index.php\/kucuk-kizin-bir-otobusun-kendisine-carptigi-ile-ilgili-akil-almaz-iddialari\"},\"wordCount\":930,\"publisher\":{\"@id\":\"https:\/\/epochtimestr.com\/#organization\"},\"image\":{\"@id\":\"https:\/\/epochtimestr.com\/index.php\/kucuk-kizin-bir-otobusun-kendisine-carptigi-ile-ilgili-akil-almaz-iddialari#primaryimage\"},\"thumbnailUrl\":\"https:\/\/epochtimestr.com\/wp-content\/uploads\/2011y\/pexels-photo-822419-550x330.jpeg\",\"articleSection\":[\"Bilim \u00d6tesi\",\"ED\u0130T\u00d6R\u00dcN SE\u00c7\u0130M\u0130\"],\"inLanguage\":\"tr\"},{\"@type\":\"WebPage\",\"@id\":\"https:\/\/epochtimestr.com\/index.php\/kucuk-kizin-bir-otobusun-kendisine-carptigi-ile-ilgili-akil-almaz-iddialari\",\"url\":\"https:\/\/epochtimestr.com\/index.php\/kucuk-kizin-bir-otobusun-kendisine-carptigi-ile-ilgili-akil-almaz-iddialari\",\"name\":\"Ger\u00e7ek Bir Reenkarnasyon Hikayesi: K\u00fc\u00e7\u00fck Bir K\u0131z\u0131n Ak\u0131l Almaz \u0130ddialar\u0131 - The Epoch Times TR\",\"isPartOf\":{\"@id\":\"https:\/\/epochtimestr.com\/#website\"},\"primaryImageOfPage\":{\"@id\":\"https:\/\/epochtimestr.com\/index.php\/kucuk-kizin-bir-otobusun-kendisine-carptigi-ile-ilgili-akil-almaz-iddialari#primaryimage\"},\"image\":{\"@id\":\"https:\/\/epochtimestr.com\/index.php\/kucuk-kizin-bir-otobusun-kendisine-carptigi-ile-ilgili-akil-almaz-iddialari#primaryimage\"},\"thumbnailUrl\":\"https:\/\/epochtimestr.com\/wp-content\/uploads\/2011y\/pexels-photo-822419-550x330.jpeg\",\"datePublished\":\"2018-05-25T08:00:38+00:00\",\"dateModified\":\"2018-05-23T11:32:13+00:00\",\"inLanguage\":\"tr\",\"potentialAction\":[{\"@type\":\"ReadAction\",\"target\":[\"https:\/\/epochtimestr.com\/index.php\/kucuk-kizin-bir-otobusun-kendisine-carptigi-ile-ilgili-akil-almaz-iddialari\"]}]},{\"@type\":\"ImageObject\",\"inLanguage\":\"tr\",\"@id\":\"https:\/\/epochtimestr.com\/index.php\/kucuk-kizin-bir-otobusun-kendisine-carptigi-ile-ilgili-akil-almaz-iddialari#primaryimage\",\"url\":\"https:\/\/epochtimestr.com\/wp-content\/uploads\/2011y\/pexels-photo-822419-550x330.jpeg\",\"contentUrl\":\"https:\/\/epochtimestr.com\/wp-content\/uploads\/2011y\/pexels-photo-822419-550x330.jpeg\",\"width\":550,\"height\":330,\"caption\":\"(Pexels \/ Orlando Vera)\"},{\"@type\":\"WebSite\",\"@id\":\"https:\/\/epochtimestr.com\/#website\",\"url\":\"https:\/\/epochtimestr.com\/\",\"name\":\"The Epoch Times TR\",\"description\":\"De\u011fi\u015fen D\u00fcnyam\u0131za Taze Bir Bak\u0131\u015f\",\"publisher\":{\"@id\":\"https:\/\/epochtimestr.com\/#organization\"},\"potentialAction\":[{\"@type\":\"SearchAction\",\"target\":{\"@type\":\"EntryPoint\",\"urlTemplate\":\"https:\/\/epochtimestr.com\/?s={search_term_string}\"},\"query-input\":\"required name=search_term_string\"}],\"inLanguage\":\"tr\"},{\"@type\":\"Organization\",\"@id\":\"https:\/\/epochtimestr.com\/#organization\",\"name\":\"The EpochTimes T\u00fcrkiye\",\"url\":\"https:\/\/epochtimestr.com\/\",\"logo\":{\"@type\":\"ImageObject\",\"inLanguage\":\"tr\",\"@id\":\"https:\/\/epochtimestr.com\/#\/schema\/logo\/image\/\",\"url\":\"https:\/\/epochtimestr.com\/wp-content\/uploads\/2011y\/ET-Logo-YG.jpg\",\"contentUrl\":\"https:\/\/epochtimestr.com\/wp-content\/uploads\/2011y\/ET-Logo-YG.jpg\",\"width\":346,\"height\":29,\"caption\":\"The EpochTimes T\u00fcrkiye\"},\"image\":{\"@id\":\"https:\/\/epochtimestr.com\/#\/schema\/logo\/image\/\"},\"sameAs\":[\"https:\/\/www.facebook.com\/theepochtimestr\",\"https:\/\/x.com\/TheEpochTimesTR\",\"https:\/\/www.instagram.com\/epochtimestr\"]},{\"@type\":\"Person\",\"@id\":\"https:\/\/epochtimestr.com\/#\/schema\/person\/a515b4166e91977b7e9f483ceb142459\",\"name\":\"Hatice Atmaca\",\"image\":{\"@type\":\"ImageObject\",\"inLanguage\":\"tr\",\"@id\":\"https:\/\/epochtimestr.com\/#\/schema\/person\/image\/\",\"url\":\"https:\/\/secure.gravatar.com\/avatar\/dd49aabd0aeaecbc0ecbce954119ae42?s=96&d=mm&r=g\",\"contentUrl\":\"https:\/\/secure.gravatar.com\/avatar\/dd49aabd0aeaecbc0ecbce954119ae42?s=96&d=mm&r=g\",\"caption\":\"Hatice Atmaca\"},\"url\":\"https:\/\/epochtimestr.com\/index.php\/author\/hatice\"}]}<\/script>\n<!-- \/ Yoast SEO plugin. -->","yoast_head_json":{"title":"Ger\u00e7ek Bir Reenkarnasyon Hikayesi: K\u00fc\u00e7\u00fck Bir K\u0131z\u0131n Ak\u0131l Almaz \u0130ddialar\u0131 - The Epoch Times TR","robots":{"index":"index","follow":"follow","max-snippet":"max-snippet:-1","max-image-preview":"max-image-preview:large","max-video-preview":"max-video-preview:-1"},"canonical":"https:\/\/epochtimestr.com\/index.php\/kucuk-kizin-bir-otobusun-kendisine-carptigi-ile-ilgili-akil-almaz-iddialari","og_locale":"tr_TR","og_type":"article","og_title":"Ger\u00e7ek Bir Reenkarnasyon Hikayesi: K\u00fc\u00e7\u00fck Bir K\u0131z\u0131n Ak\u0131l Almaz \u0130ddialar\u0131 - The Epoch Times TR","og_description":"Daha 3 ya\u015f\u0131ndayken bu konuda konu\u015fmaya ba\u015flam\u0131\u015ft\u0131. Purnima; \u00e7ok k\u00fc\u00e7\u00fck ya\u015flar\u0131ndan itibaren, t\u00fcts\u00fc \u00fcretim s\u00fcrecini tam olarak anlat\u0131yordu. Anlatt\u0131klar\u0131, onun ya\u015f\u0131ndaki bir k\u0131z \u00e7ocu\u011funun, t\u00fcts\u00fcy\u00fc kendisi yapmadan ya da t\u00fcts\u00fc \u00fcreticisi bir aileden gelmeden asla bilemeyece\u011fi bilgilerdi. Ge\u00e7mi\u015fte Jinidasa ad\u0131nda bir erkek t\u00fcts\u00fc \u00fcreticisi olarak ya\u015fad\u0131\u011f\u0131n\u0131, kendisi do\u011fmadan y\u0131llar \u00f6nce bir otob\u00fcs\u00fcn ona \u00e7arpt\u0131\u011f\u0131n\u0131 ve [&hellip;]","og_url":"https:\/\/epochtimestr.com\/index.php\/kucuk-kizin-bir-otobusun-kendisine-carptigi-ile-ilgili-akil-almaz-iddialari","og_site_name":"The Epoch Times TR","article_publisher":"https:\/\/www.facebook.com\/theepochtimestr","article_published_time":"2018-05-25T08:00:38+00:00","article_modified_time":"2018-05-23T11:32:13+00:00","og_image":[{"width":550,"height":330,"url":"https:\/\/epochtimestr.com\/wp-content\/uploads\/2011y\/pexels-photo-822419-550x330.jpeg","type":"image\/jpeg"}],"author":"Hatice Atmaca","twitter_card":"summary_large_image","twitter_creator":"@TheEpochTimesTR","twitter_site":"@TheEpochTimesTR","twitter_misc":{"Yazan:":"Hatice Atmaca","Tahmini okuma s\u00fcresi":"5 dakika"},"schema":{"@context":"https:\/\/schema.org","@graph":[{"@type":"Article","@id":"https:\/\/epochtimestr.com\/index.php\/kucuk-kizin-bir-otobusun-kendisine-carptigi-ile-ilgili-akil-almaz-iddialari#article","isPartOf":{"@id":"https:\/\/epochtimestr.com\/index.php\/kucuk-kizin-bir-otobusun-kendisine-carptigi-ile-ilgili-akil-almaz-iddialari"},"author":{"name":"Hatice Atmaca","@id":"https:\/\/epochtimestr.com\/#\/schema\/person\/a515b4166e91977b7e9f483ceb142459"},"headline":"Ger\u00e7ek Bir Reenkarnasyon Hikayesi: K\u00fc\u00e7\u00fck Bir K\u0131z\u0131n Ak\u0131l Almaz \u0130ddialar\u0131","datePublished":"2018-05-25T08:00:38+00:00","dateModified":"2018-05-23T11:32:13+00:00","mainEntityOfPage":{"@id":"https:\/\/epochtimestr.com\/index.php\/kucuk-kizin-bir-otobusun-kendisine-carptigi-ile-ilgili-akil-almaz-iddialari"},"wordCount":930,"publisher":{"@id":"https:\/\/epochtimestr.com\/#organization"},"image":{"@id":"https:\/\/epochtimestr.com\/index.php\/kucuk-kizin-bir-otobusun-kendisine-carptigi-ile-ilgili-akil-almaz-iddialari#primaryimage"},"thumbnailUrl":"https:\/\/epochtimestr.com\/wp-content\/uploads\/2011y\/pexels-photo-822419-550x330.jpeg","articleSection":["Bilim \u00d6tesi","ED\u0130T\u00d6R\u00dcN SE\u00c7\u0130M\u0130"],"inLanguage":"tr"},{"@type":"WebPage","@id":"https:\/\/epochtimestr.com\/index.php\/kucuk-kizin-bir-otobusun-kendisine-carptigi-ile-ilgili-akil-almaz-iddialari","url":"https:\/\/epochtimestr.com\/index.php\/kucuk-kizin-bir-otobusun-kendisine-carptigi-ile-ilgili-akil-almaz-iddialari","name":"Ger\u00e7ek Bir Reenkarnasyon Hikayesi: K\u00fc\u00e7\u00fck Bir K\u0131z\u0131n Ak\u0131l Almaz \u0130ddialar\u0131 - The Epoch Times TR","isPartOf":{"@id":"https:\/\/epochtimestr.com\/#website"},"primaryImageOfPage":{"@id":"https:\/\/epochtimestr.com\/index.php\/kucuk-kizin-bir-otobusun-kendisine-carptigi-ile-ilgili-akil-almaz-iddialari#primaryimage"},"image":{"@id":"https:\/\/epochtimestr.com\/index.php\/kucuk-kizin-bir-otobusun-kendisine-carptigi-ile-ilgili-akil-almaz-iddialari#primaryimage"},"thumbnailUrl":"https:\/\/epochtimestr.com\/wp-content\/uploads\/2011y\/pexels-photo-822419-550x330.jpeg","datePublished":"2018-05-25T08:00:38+00:00","dateModified":"2018-05-23T11:32:13+00:00","inLanguage":"tr","potentialAction":[{"@type":"ReadAction","target":["https:\/\/epochtimestr.com\/index.php\/kucuk-kizin-bir-otobusun-kendisine-carptigi-ile-ilgili-akil-almaz-iddialari"]}]},{"@type":"ImageObject","inLanguage":"tr","@id":"https:\/\/epochtimestr.com\/index.php\/kucuk-kizin-bir-otobusun-kendisine-carptigi-ile-ilgili-akil-almaz-iddialari#primaryimage","url":"https:\/\/epochtimestr.com\/wp-content\/uploads\/2011y\/pexels-photo-822419-550x330.jpeg","contentUrl":"https:\/\/epochtimestr.com\/wp-content\/uploads\/2011y\/pexels-photo-822419-550x330.jpeg","width":550,"height":330,"caption":"(Pexels \/ Orlando Vera)"},{"@type":"WebSite","@id":"https:\/\/epochtimestr.com\/#website","url":"https:\/\/epochtimestr.com\/","name":"The Epoch Times TR","description":"De\u011fi\u015fen D\u00fcnyam\u0131za Taze Bir Bak\u0131\u015f","publisher":{"@id":"https:\/\/epochtimestr.com\/#organization"},"potentialAction":[{"@type":"SearchAction","target":{"@type":"EntryPoint","urlTemplate":"https:\/\/epochtimestr.com\/?s={search_term_string}"},"query-input":"required name=search_term_string"}],"inLanguage":"tr"},{"@type":"Organization","@id":"https:\/\/epochtimestr.com\/#organization","name":"The EpochTimes T\u00fcrkiye","url":"https:\/\/epochtimestr.com\/","logo":{"@type":"ImageObject","inLanguage":"tr","@id":"https:\/\/epochtimestr.com\/#\/schema\/logo\/image\/","url":"https:\/\/epochtimestr.com\/wp-content\/uploads\/2011y\/ET-Logo-YG.jpg","contentUrl":"https:\/\/epochtimestr.com\/wp-content\/uploads\/2011y\/ET-Logo-YG.jpg","width":346,"height":29,"caption":"The EpochTimes T\u00fcrkiye"},"image":{"@id":"https:\/\/epochtimestr.com\/#\/schema\/logo\/image\/"},"sameAs":["https:\/\/www.facebook.com\/theepochtimestr","https:\/\/x.com\/TheEpochTimesTR","https:\/\/www.instagram.com\/epochtimestr"]},{"@type":"Person","@id":"https:\/\/epochtimestr.com\/#\/schema\/person\/a515b4166e91977b7e9f483ceb142459","name":"Hatice Atmaca","image":{"@type":"ImageObject","inLanguage":"tr","@id":"https:\/\/epochtimestr.com\/#\/schema\/person\/image\/","url":"https:\/\/secure.gravatar.com\/avatar\/dd49aabd0aeaecbc0ecbce954119ae42?s=96&d=mm&r=g","contentUrl":"https:\/\/secure.gravatar.com\/avatar\/dd49aabd0aeaecbc0ecbce954119ae42?s=96&d=mm&r=g","caption":"Hatice Atmaca"},"url":"https:\/\/epochtimestr.com\/index.php\/author\/hatice"}]}},"_links":{"self":[{"href":"https:\/\/epochtimestr.com\/index.php\/wp-json\/wp\/v2\/posts\/114999"}],"collection":[{"href":"https:\/\/epochtimestr.com\/index.php\/wp-json\/wp\/v2\/posts"}],"about":[{"href":"https:\/\/epochtimestr.com\/index.php\/wp-json\/wp\/v2\/types\/post"}],"author":[{"embeddable":true,"href":"https:\/\/epochtimestr.com\/index.php\/wp-json\/wp\/v2\/users\/12379"}],"replies":[{"embeddable":true,"href":"https:\/\/epochtimestr.com\/index.php\/wp-json\/wp\/v2\/comments?post=114999"}],"version-history":[{"count":4,"href":"https:\/\/epochtimestr.com\/index.php\/wp-json\/wp\/v2\/posts\/114999\/revisions"}],"predecessor-version":[{"id":115010,"href":"https:\/\/epochtimestr.com\/index.php\/wp-json\/wp\/v2\/posts\/114999\/revisions\/115010"}],"wp:featuredmedia":[{"embeddable":true,"href":"https:\/\/epochtimestr.com\/index.php\/wp-json\/wp\/v2\/media\/115002"}],"wp:attachment":[{"href":"https:\/\/epochtimestr.com\/index.php\/wp-json\/wp\/v2\/media?parent=114999"}],"wp:term":[{"taxonomy":"category","embeddable":true,"href":"https:\/\/epochtimestr.com\/index.php\/wp-json\/wp\/v2\/categories?post=114999"},{"taxonomy":"post_tag","embeddable":true,"href":"https:\/\/epochtimestr.com\/index.php\/wp-json\/wp\/v2\/tags?post=114999"}],"curies":[{"name":"wp","href":"https:\/\/api.w.org\/{rel}","templated":true}]}}