{"id":115288,"date":"2018-06-08T14:00:24","date_gmt":"2018-06-08T11:00:24","guid":{"rendered":"http:\/\/epochtimestr.com\/?p=115288"},"modified":"2018-06-08T22:50:44","modified_gmt":"2018-06-08T19:50:44","slug":"piri-reis-haritasi-tarih-oncesi-cok-gelismis-bir-uygarligin-kaniti-mi","status":"publish","type":"post","link":"https:\/\/epochtimestr.com\/index.php\/piri-reis-haritasi-tarih-oncesi-cok-gelismis-bir-uygarligin-kaniti-mi","title":{"rendered":"Piri Reis Haritas\u0131: Tarih \u00d6ncesi \u00c7ok Geli\u015fmi\u015f Bir Uygarl\u0131\u011f\u0131n Kan\u0131t\u0131 m\u0131?"},"content":{"rendered":"<div class=\"mceTemp\">\n<ul>\n<li><img loading=\"lazy\" decoding=\"async\" class=\"size-large wp-image-115289\" src=\"https:\/\/epochtimestr.com\/wp-content\/uploads\/2011y\/Piri-Reis-674x420-600x374.jpg\" alt=\"\" width=\"600\" height=\"374\" srcset=\"https:\/\/epochtimestr.com\/wp-content\/uploads\/2011y\/Piri-Reis-674x420-600x374.jpg 600w, https:\/\/epochtimestr.com\/wp-content\/uploads\/2011y\/Piri-Reis-674x420-150x93.jpg 150w, https:\/\/epochtimestr.com\/wp-content\/uploads\/2011y\/Piri-Reis-674x420-300x187.jpg 300w, https:\/\/epochtimestr.com\/wp-content\/uploads\/2011y\/Piri-Reis-674x420.jpg 674w\" sizes=\"(max-width: 600px) 100vw, 600px\" \/><\/li>\n<\/ul>\n<ol id=\"attachment_115289\" class=\"wp-caption aligncenter\" style=\"width: 600px;\">T\u00fcrk amiral ve haritac\u0131 Piri Reis\u2019in bronz bir b\u00fcst\u00fc ve 1513\u2019te \u00e7izdi\u011fi haritas\u0131. (Wikimedia Commons)<\/ol>\n<\/div>\n<p>1513 y\u0131l\u0131nda T\u00fcrk amiral ve haritac\u0131 Piri Reis taraf\u0131ndan \u00e7izilen bir harita, 1929\u2019da \u0130stanbul Topkap\u0131 Saray\u0131\u2019nda ke\u015ffedildi\u011finden bu yana, hem geleneksel d\u00fc\u015f\u00fcncede hem de alternatif d\u00fc\u015f\u00fcncede olan bilim adamlar\u0131n\u0131 \u015fa\u015f\u0131rtmaktad\u0131r. Alternatif d\u00fc\u015f\u00fcncedekiler bu haritan\u0131n, ke\u015ffedili\u015finden (1818\u2019den) y\u00fczlerce y\u0131l \u00f6nceki Antarktika k\u0131tas\u0131n\u0131 g\u00f6sterebilece\u011fi s\u00f6yl\u00fcyor. Dahas\u0131, Antarktika\u2019y\u0131 \u00e7ok uzak bir \u00e7a\u011fda, buzla kaplanmadan \u00f6nce oldu\u011fu gibi tasvir etti\u011fi s\u00f6yleniyor.<\/p>\n<p>K\u0131sacas\u0131 bu harita, gemicilik yapan tarih \u00f6ncesi bir medeniyetten aktar\u0131lan, ileri d\u00fczey bir bilgiyi sergiliyor olabilir. Geleneksel d\u00fc\u015f\u00fcncedeki bilim insanlar\u0131 bu hipotezi reddediyorlar. Ancak bu haritan\u0131n gizemleri ilgilerini \u00e7ekiyor.<\/p>\n<p>Bu harita tek par\u00e7a ceylan derisi \u00fczerine kaz\u0131nm\u0131\u015ft\u0131r. Hakk\u0131nda \u00e7ok say\u0131da kitab\u0131 dolduracak kadar \u015fey yaz\u0131lm\u0131\u015ft\u0131r. Burada, Piri Reis\u2019in \u00e7al\u0131\u015fmalar\u0131n\u0131n baz\u0131 \u00f6nemli noktalar\u0131n\u0131 vurgulayaca\u011f\u0131z. Onu kullanan gemicilerin, hi\u00e7 bilmedikleri geni\u015f d\u00fcnyalara do\u011fru seyahat ettikleri gibi, biz de haritan\u0131n gizemlerine do\u011fru, yolumuzu \u00e7izelim.<\/p>\n<figure id=\"attachment_115290\" aria-describedby=\"caption-attachment-115290\" style=\"width: 283px\" class=\"wp-caption aligncenter\"><img loading=\"lazy\" decoding=\"async\" class=\"size-large wp-image-115290\" src=\"https:\/\/epochtimestr.com\/wp-content\/uploads\/2011y\/Piri_reis_world_map_01-600x848-283x400.jpg\" alt=\"\" width=\"283\" height=\"400\" srcset=\"https:\/\/epochtimestr.com\/wp-content\/uploads\/2011y\/Piri_reis_world_map_01-600x848-283x400.jpg 283w, https:\/\/epochtimestr.com\/wp-content\/uploads\/2011y\/Piri_reis_world_map_01-600x848.jpg 600w, https:\/\/epochtimestr.com\/wp-content\/uploads\/2011y\/Piri_reis_world_map_01-600x848-106x150.jpg 106w, https:\/\/epochtimestr.com\/wp-content\/uploads\/2011y\/Piri_reis_world_map_01-600x848-212x300.jpg 212w\" sizes=\"(max-width: 283px) 100vw, 283px\" \/><figcaption id=\"caption-attachment-115290\" class=\"wp-caption-text\">1513 Piri Reis Haritas\u0131.<\/figcaption><\/figure>\n<h3>Haritan\u0131n Kaynaklar\u0131 Hakk\u0131nda Bilinenler<\/h3>\n<p>Piri Reis harita \u00fczerindeki bir notta, \u00e7e\u015fitli haritac\u0131lardan 20 kaynak malzeme (\u00e7izelgeler ve haritalar) kulland\u0131\u011f\u0131n\u0131 ve bu bilgileri bir araya getirerek kendi bilgilerini olu\u015fturdu\u011funu yazd\u0131. Kaynaklar aras\u0131nda \u00e7a\u011fda\u015f Portekiz haritalar\u0131n\u0131n yan\u0131 s\u0131ra B\u00fcy\u00fck \u0130skender\u2019in zaman\u0131ndan ya da daha \u00f6ncesinden gelmi\u015f olabilecek baz\u0131 haritalar vard\u0131.<\/p>\n<p>Kaynak materyallerin Piri Reis\u2019in ya\u015f\u0131 kadar eski olup olmad\u0131\u011f\u0131 tart\u0131\u015fma konusu. Piri Reis haritas\u0131n\u0131n \u00f6nde gelen uzmanlar\u0131ndan Gregory C. McIntosh, \u201c<a href=\"https:\/\/books.google.com.tr\/books?id=KfwMAQAAQBAJ&amp;pg=PA17&amp;lpg=PA17&amp;dq=ptolemy+Piri+Reis+map&amp;source=bl&amp;ots=wc4k81s0sc&amp;sig=ShIKzHyEYjrJh5uI8q_6Mof40zg&amp;hl=en&amp;sa=X&amp;ei=RzCgVOnjCIH7gwTRxYPwCg&amp;redir_esc=y#v=onepage&amp;q=ptolemy%20Piri%20Reis%20map&amp;f=false\" target=\"_blank\" rel=\"noopener\">1513 tarihli Piri Reis Haritas\u0131<\/a>\u201d adl\u0131 kitab\u0131nda \u015f\u00f6yle yazm\u0131\u015ft\u0131: \u201cArap yazarlar, 2. y\u00fczy\u0131l\u0131n co\u011frafyac\u0131lar\u0131ndan Klaudyos Batlamyus\u2019u, \u0130skender\u2019in generallerinden biri ve \u0130.\u00d6. 323\u2019ten 285\u2019e kadar h\u00fck\u00fcm s\u00fcren M\u0131s\u0131r\u2019\u0131n ilk Ptolema h\u00fck\u00fcmdar\u0131 olan I. Ptolemaios Soter ile kar\u0131\u015ft\u0131rd\u0131.\u201d<\/p>\n<p>McIntosh, \u201cPiri Reis de \u015f\u00fcphesiz ayn\u0131 hatay\u0131 yaparak, \u00e7izelge ve haritalar\u0131n Klaudyos Batlamyus yerine, I. Ptolemaios Soter d\u00f6neminden kald\u0131\u011f\u0131na inand\u0131\u201d dedi.<\/p>\n<p>Bununla birlikte, Piri Reis\u2019in yan\u0131lmam\u0131\u015f olmas\u0131 ve haritalar\u0131n General Ptolemaios\u2019un zaman\u0131ndan kalm\u0131\u015f olmas\u0131 durumunda, baz\u0131lar\u0131 haritalar\u0131n \u00fcnl\u00fc \u0130skenderiye K\u00fct\u00fcphanesi\u2019nden gelmi\u015f olabilece\u011fini s\u00f6ylemektedir. Piri Reis\u2019in tahmin etti\u011finden \u00e7ok daha eski bir d\u00f6nemden kalm\u0131\u015f olan kaynaklar, ona bu k\u00fct\u00fcphaneden gelmi\u015f olabilir mi?<\/p>\n<h3>G\u00fcney Amerika ve \u2018Antarktika\u2019 Piri Reis taraf\u0131ndan Nas\u0131l G\u00f6steriliyor?<\/h3>\n<p>Piri Reis haritas\u0131nda, G\u00fcney Amerika\u2019n\u0131n garip bir \u015fekilsizli\u011fi var gibi g\u00f6r\u00fcn\u00fcyor. Brezilya a\u00e7\u0131k\u00e7a ay\u0131rt edilebilir olsa da, k\u0131y\u0131 \u015feridi daha g\u00fcneye do\u011fru izlendi\u011finde, bug\u00fcn b\u00f6yle bir toprak k\u00fctlesinin bulunmad\u0131\u011f\u0131 bir yerde, do\u011fuya do\u011fru bir \u00e7\u0131k\u0131nt\u0131 yap\u0131yor. Bunun, G\u00fcney \u00dclkesi olarak da bilinen, ya da baz\u0131lar\u0131n\u0131n Antarktika oldu\u011funu s\u00f6yledi\u011fi, g\u00fcney k\u0131tas\u0131 oldu\u011fu iddia edilir.<\/p>\n<p><img loading=\"lazy\" decoding=\"async\" class=\"aligncenter size-full wp-image-115291\" src=\"https:\/\/epochtimestr.com\/wp-content\/uploads\/2011y\/Piri_reis_world_map_01-Brazil-600x400.jpg\" alt=\"\" width=\"600\" height=\"400\" srcset=\"https:\/\/epochtimestr.com\/wp-content\/uploads\/2011y\/Piri_reis_world_map_01-Brazil-600x400.jpg 600w, https:\/\/epochtimestr.com\/wp-content\/uploads\/2011y\/Piri_reis_world_map_01-Brazil-600x400-150x100.jpg 150w, https:\/\/epochtimestr.com\/wp-content\/uploads\/2011y\/Piri_reis_world_map_01-Brazil-600x400-300x200.jpg 300w\" sizes=\"(max-width: 600px) 100vw, 600px\" \/><\/p>\n<figure id=\"attachment_115292\" aria-describedby=\"caption-attachment-115292\" style=\"width: 600px\" class=\"wp-caption aligncenter\"><img loading=\"lazy\" decoding=\"async\" class=\"size-large wp-image-115292\" src=\"https:\/\/epochtimestr.com\/wp-content\/uploads\/2011y\/shutterstock_163853960-Brazil-600x399-600x399.jpg\" alt=\"\" width=\"600\" height=\"399\" srcset=\"https:\/\/epochtimestr.com\/wp-content\/uploads\/2011y\/shutterstock_163853960-Brazil-600x399.jpg 600w, https:\/\/epochtimestr.com\/wp-content\/uploads\/2011y\/shutterstock_163853960-Brazil-600x399-150x100.jpg 150w, https:\/\/epochtimestr.com\/wp-content\/uploads\/2011y\/shutterstock_163853960-Brazil-600x399-300x200.jpg 300w\" sizes=\"(max-width: 600px) 100vw, 600px\" \/><figcaption id=\"caption-attachment-115292\" class=\"wp-caption-text\">Brezilya ve Antarktika\u2019y\u0131 g\u00f6steren modern bir harita. (Shutterstock)<\/figcaption><\/figure>\n<p>Yani e\u011fer bu ger\u00e7ekten Antarktika ise, neden \u015fimdi bildi\u011fimiz Antarktika gibi g\u00f6r\u00fcnm\u00fcyor? Ve neden G\u00fcney Amerika ile ba\u011flant\u0131l\u0131?<\/p>\n<p>\u0130lk sorunun cevab\u0131 olarak, Antarktika\u2019n\u0131n buzla kaplanmadan \u00f6nceki bir par\u00e7as\u0131n\u0131, do\u011fru bir \u015fekilde g\u00f6sterdi\u011fi s\u00f6ylenir. \u0130zlanda \u00dcniversitesinde bir jeolog olan <a href=\"https:\/\/notendur.hi.is\/oi\/AG-326%202006%20readings\/Antarctica\/Ingolfsson_SUMMARY.pdf\" target=\"_blank\" rel=\"noopener\">Olafur Ingolfsson\u2019a g\u00f6re<\/a>, bug\u00fcn Antarktika k\u0131tas\u0131n\u0131n y\u00fczde 98\u2019inden fazlas\u0131 buzullarla kapl\u0131d\u0131r.<\/p>\n<p>ABD Hava Kuvvetlerinde haritac\u0131l\u0131k b\u00f6l\u00fcm\u00fcnde y\u00fczba\u015f\u0131 olan Kaptan Lorenzo W. Burroughs, 1961 y\u0131l\u0131nda Dr. Charles Hapgood\u2019a, \u201cPiri Reis haritas\u0131ndaki \u201cAntarktika\u201dn\u0131n buzun alt\u0131ndaki Antarktika sahilini do\u011fru bir \u015fekilde g\u00f6sterdi\u011fini\u201d s\u00f6yleyen <a href=\"https:\/\/books.google.com.tr\/books?id=5iLG2D5eBswC&amp;pg=PA244&amp;lpg=PA244&amp;dq=charles+hapgood+u.s.+air+force&amp;redir_esc=y#v=onepage&amp;q=charles%20hapgood%20u.s.%20air%20force&amp;f=false\" target=\"_blank\" rel=\"noopener\">bir mektup yazd\u0131<\/a>.<\/p>\n<p>Dr. Hapgood\u2019un 1966 tarihli \u201cEski Deniz Krallar\u0131n\u0131n Haritalar\u0131\u201d kitab\u0131nda kaydedildi\u011fine g\u00f6re Burroughs, \u201cAntarktika\u2019n\u0131n Krali\u00e7e Maud B\u00f6lgesinin Prenses Martha Sahili, Piri Reis haritas\u0131n\u0131n g\u00fcney k\u0131sm\u0131nda ger\u00e7ek hali ile temsil edilmektedir. 1949\u2019daki Norve\u00e7-\u0130ngiliz-\u0130sve\u00e7 seferi s\u0131ras\u0131nda elde edilen bu b\u00f6lgenin sismik profili ile Piri Reis haritas\u0131 aras\u0131ndaki uyum&#8230; orijinal kaynak haritalar\u0131n, bug\u00fcnk\u00fc mevcut Antarktika buz \u00f6rt\u00fcs\u00fcn\u00fcn Krali\u00e7e Maud B\u00f6lgesi k\u0131y\u0131lar\u0131n\u0131 kaplamadan \u00f6nce yap\u0131lm\u0131\u015f olmas\u0131 gerekti\u011fi sonucuna duyulan makul bir \u015f\u00fcphenin \u00f6tesinde yer almaktad\u0131r.\u201d diye yazd\u0131.<\/p>\n<p>Dr.\u00a0Hapgood (1904\u20131982), Piri Reis haritas\u0131n\u0131n tarih \u00f6ncesi bir d\u00f6nemdeki Antarktika\u2019y\u0131 resmetti\u011fini savunan ilk insanlardan biridir. Jeolojik k\u0131ta kaymas\u0131 alan\u0131ndaki teorileriyle Albert Einstein\u2019\u0131n hayranl\u0131\u011f\u0131n\u0131 kazanan, Harvard e\u011fitimli bir tarih\u00e7idir. Bu bizi Piri Reis haritas\u0131nda \u201cAntarktika\u201dn\u0131n neden G\u00fcney Amerika\u2019yla ba\u011flant\u0131l\u0131 oldu\u011fu konusundaki ikinci soruya getiriyor.<\/p>\n<h3>Antarktika Kaym\u0131\u015f Olabilir mi?<\/h3>\n<p>Bu d\u00f6neme ait t\u00fcm haritalar baz\u0131 yanl\u0131\u015fl\u0131klar i\u00e7eriyor. \u00d6rne\u011fin sahil \u015feritleri genellikle abart\u0131l\u0131 boyutlarda \u00e7izilirdi. \u00c7\u00fcnk\u00fc gemicilerin buralarda ne ile kar\u015f\u0131la\u015facaklar\u0131n\u0131 ayr\u0131nt\u0131l\u0131 olarak bilmeleri gerekiyordu. Muhtemelen haritac\u0131lar, ger\u00e7ekte g\u00f6zlemlenmemi\u015f \u015feyleri orada olmas\u0131 gerekti\u011fini hayal ettikleri \u015fekilde eklemi\u015fler. \u00d6rne\u011fin, Piri Reis\u2019in Kuzey Amerika tasviri \u00e7ok hatal\u0131d\u0131r. Ancak zaman\u0131n di\u011fer bir\u00e7ok haritas\u0131yla ayn\u0131 bilgiyi verir. Bu haritalar\u0131n Kuzey Amerika\u2019n\u0131n olmas\u0131 gerekti\u011fi yerde Asya\u2019y\u0131 g\u00f6sterdi\u011fi \u015feklinde bir teori vard\u0131r. \u00c7\u00fcnk\u00fc Avrupal\u0131lar kendi yollar\u0131 \u00fczerindeki k\u0131talar\u0131 ara\u015ft\u0131rmaya ba\u015flam\u0131\u015f olsalar da, Asya\u2019ya gidebilmek i\u00e7in\u00a0Atlantik\u2019ten ge\u00e7en bir rota bulma umutlar\u0131 hala \u00e7ok y\u00fcksekti.<\/p>\n<p><img loading=\"lazy\" decoding=\"async\" class=\"aligncenter size-large wp-image-115293\" src=\"https:\/\/epochtimestr.com\/wp-content\/uploads\/2011y\/Piri_reis_world_map_01-NA-Euro-600x399-600x399.jpg\" alt=\"\" width=\"600\" height=\"399\" srcset=\"https:\/\/epochtimestr.com\/wp-content\/uploads\/2011y\/Piri_reis_world_map_01-NA-Euro-600x399.jpg 600w, https:\/\/epochtimestr.com\/wp-content\/uploads\/2011y\/Piri_reis_world_map_01-NA-Euro-600x399-150x100.jpg 150w, https:\/\/epochtimestr.com\/wp-content\/uploads\/2011y\/Piri_reis_world_map_01-NA-Euro-600x399-300x200.jpg 300w\" sizes=\"(max-width: 600px) 100vw, 600px\" \/><\/p>\n<p>Bu haritan\u0131n baz\u0131 do\u011fruluklar\u0131n\u0131 ve yanl\u0131\u015fl\u0131klar\u0131n\u0131 daha sonra detayl\u0131 olarak tart\u0131\u015faca\u011f\u0131z. Ancak \u015fimdilik Piri Reis\u2019in \u00e7e\u015fitli kaynaklardan yapt\u0131\u011f\u0131 derlemelerle, onun d\u00f6nemindeki \u00f6zensiz haritalama y\u00f6ntemleri bir araya getirilerek \u015fu yorum yap\u0131labilir: bu haritada Antarktika\u2019n\u0131n k\u0131y\u0131 \u015feridi bir kaynaktan al\u0131narak do\u011fru bir \u015fekilde ve o sahildeki bir yerle\u015fim de ba\u015fka bir kaynaktan al\u0131narak yanl\u0131\u015f g\u00f6sterilmi\u015f olabilir.<\/p>\n<p>Ayr\u0131ca, 2 boyutlu bir harita yap\u0131ld\u0131\u011f\u0131nda, D\u00fcnya\u2019n\u0131n k\u00fcresel co\u011frafyas\u0131n\u0131n bozuldu\u011fu (\u00e7arp\u0131ld\u0131\u011f\u0131) da dikkate al\u0131nmal\u0131d\u0131r. Piri Reis\u2019in haritalama y\u00f6ntemi ve bu y\u00f6ntemin \u00e7arp\u0131lmayla nas\u0131l bir ili\u015fkisi oldu\u011fu, ara\u015ft\u0131rmac\u0131lar aras\u0131nda bir tart\u0131\u015fma konusudur.<\/p>\n<p>Bununla birlikte Hapgood Antarktika\u2019n\u0131n kuzeyde konumland\u0131r\u0131lmas\u0131n\u0131 \u00e7arp\u0131lma ile a\u00e7\u0131klam\u0131yor. Hapgood, b\u00fcy\u00fck toprak k\u00fctlelerinin kayd\u0131\u011f\u0131n\u0131 \u00f6ne s\u00fcr\u00fcyor.<\/p>\n<p>Yakla\u015f\u0131k 11 bin y\u0131l \u00f6nce, 15 derecelik h\u0131zl\u0131 bir kutup kaymas\u0131 meydana gelmi\u015f olabilece\u011fini s\u00f6yl\u00fcyor. Hapgood\u2019un \u201cD\u00fcnyan\u0131n Kayan Kabu\u011fu\u201d adl\u0131 kitab\u0131n\u0131n giri\u015finde <a href=\"https:\/\/archive.org\/stream\/eathsshiftingcru033562mbp\/eathsshiftingcru033562mbp_djvu.txt\" target=\"_blank\" rel=\"noopener\">Albert Einstein, Hapgood\u2019un teorisini \u00f6vm\u00fc\u015f<\/a> ve \u201cbu de\u011fi\u015fimlerin d\u00fcnya kabu\u011funun, d\u00fcnya y\u00fczeyinin geri kalan k\u0131sm\u0131 \u00fczerinde hareketine ve bu hareketin de, kutup b\u00f6lgelerinin ekvatora do\u011fru yer de\u011fi\u015ftirmesine neden olabilece\u011fini\u201d a\u00e7\u0131klam\u0131\u015ft\u0131r.<\/p>\n<p>Modern \u00e7al\u0131\u015fmalar, Hapgood\u2019un teorisini bir dereceye kadar \u00e7\u00fcr\u00fct\u00fcyor. Bunun i\u00e7in \u015funu s\u00f6yl\u00fcyorlar: D\u00fcnya kabu\u011fundaki bu hareket, \u00f6zellikle k\u0131talar\u0131 kutuplardan ekvatora do\u011fru iterek ger\u00e7ekle\u015fiyor; ancak buna g\u00f6re Antarktika\u2019n\u0131n da ekvatora do\u011fru itilmesi gerekir.<\/p>\n<p>Rochester \u00dcniversitesi\u2019nden jeofizik\u00e7i John A. Tardunu, kutuplar\u0131n son 130 milyon y\u0131lda 5 dereceden fazla sapmad\u0131\u011f\u0131n\u0131 s\u00f6yledi. Ger\u00e7ek kutup sapmas\u0131 genellikle milyon y\u0131lda 1 derece oran\u0131nda ger\u00e7ekle\u015fir.<\/p>\n<p>Ancak Princeton \u00dcniversitesi jeoloji bilimlerinde do\u00e7ent olan Adam Maloof\u2019a g\u00f6re, 800 milyon y\u0131l \u00f6nce, 50 derecelik bir de\u011fi\u015fim ger\u00e7ekle\u015fti. Maloof, <a href=\"https:\/\/www.npr.org\/2012\/11\/09\/164797147\/scientists-solve-mystery-of-earths-shifting-poles\" target=\"_blank\" rel=\"noopener\">NPR ile yapt\u0131\u011f\u0131 bir r\u00f6portajda<\/a>, bunun belki de 10 milyon ila 20 milyon y\u0131lda ger\u00e7ekle\u015fecek bir de\u011fi\u015fim oldu\u011funu belirtti.<\/p>\n<p>Bu ani de\u011fi\u015fim s\u0131ras\u0131nda k\u0131talar bir g\u00fcnde yakla\u015f\u0131k 20 in\u00e7 (50 santimetre) h\u0131zla yer de\u011fi\u015ftirdi. Bug\u00fcnk\u00fc yer de\u011fi\u015ftirme h\u0131zlar\u0131 g\u00fcnde yakla\u015f\u0131k 4 in\u00e7 (10 santimetre)dir. Maloof bu olay\u0131, d\u00fcnyan\u0131n d\u00f6n\u00fc\u015f\u00fc s\u0131ras\u0131nda dengeyi korumak i\u00e7in a\u011f\u0131rl\u0131\u011f\u0131n\u0131 ekvatora do\u011fru kayd\u0131rd\u0131\u011f\u0131 \u015feklinde a\u00e7\u0131klad\u0131.<\/p>\n<p>Maloof \u201cVe (800 milyon y\u0131l \u00f6nce ger\u00e7ekle\u015fen) bu kaymada \u00f6zellikle garip olan \u015fey, o hareketin gidi\u015f ve geri geli\u015f \u015feklinde olmas\u0131yd\u0131. Bir y\u00f6ne d\u00f6n\u00fcyor gibiydi ama sonra geriye d\u00f6nd\u00fc\u201d dedi.<\/p>\n<p>Bu y\u00fczden, Hapgood\u2019un 11,000 y\u0131l \u00f6ncesini g\u00f6steren zaman \u00e7izelgesi mevcut verilerle uyu\u015fmuyor. \u00c7\u00fcnk\u00fc on milyonlarca y\u0131ldaki de\u011fi\u015fim, Hapgood\u2019un binlerce y\u0131l i\u00e7indeki h\u0131zl\u0131 de\u011fi\u015fim fikrinden \u00e7ok daha yava\u015f ger\u00e7ekle\u015fmi\u015f oldu. Ancak Antartika d\u00fcnya tarihinin bir d\u00f6neminde ekvatora daha yak\u0131n konuma gelmi\u015f olabilir.<\/p>\n<p>Antarktika sahillerini Piri Reis haritas\u0131nda g\u00f6r\u00fcnd\u00fc\u011f\u00fc yerde \u00e7izenlerin tarih \u00f6ncesi bir medeniyet oldu\u011fu teorisinin do\u011frulu\u011funu ispatlamak i\u00e7in, o uygarl\u0131\u011f\u0131 zaman i\u00e7inde \u00e7ok daha geriye g\u00f6t\u00fcrmeli ya da D\u00fcnya\u2019n\u0131n kabu\u011funun nas\u0131l de\u011fi\u015fti\u011fine dair yeni \u015feyler \u00f6\u011frenmeliyiz.<\/p>\n<h3>Bir Noktadaki Enlemin Ayk\u0131r\u0131 Tan\u0131mlanmas\u0131<\/h3>\n<p>Haritada G\u00fcney Amerika\u2019n\u0131n kar\u015f\u0131 k\u00f6\u015fesinde Piri Reis taraf\u0131ndan yaz\u0131lan bir not \u015fu \u015fekilde terc\u00fcme edilmi\u015ftir: \u201cPortekizli kafirlere g\u00f6re, bu noktada gece ve g\u00fcnd\u00fczler en k\u0131sa 2 saat, en uzun 22 saat s\u00fcrer. Ama g\u00fcnd\u00fczleri \u00e7ok s\u0131cakt\u0131r ve geceleri de \u00e7ok fazla \u00e7iy olur.\u201d<\/p>\n<p>Bu a\u00e7\u0131klama, Portekiz\u2019den ya da 1513\u2019te yelken a\u00e7\u0131ld\u0131\u011f\u0131 bilinen yerlerden \u00e7ok daha g\u00fcneydeki bir enlemi tarif etmektedir. McIntosh \u015f\u00f6yle yazd\u0131: \u201cYaz\u0131tta verilen g\u00fcnd\u00fcz ve gece uzunluklar\u0131 ile g\u00f6sterilen enlem, 60 ile 67 derece g\u00fcney y\u00f6n\u00fc aras\u0131nda olmal\u0131. Tierra del Fuego\u2019nun g\u00fcneyindeki Drake Ge\u00e7idi\u2019ne ve Antarktika\u2019daki Plamer Yar\u0131madas\u0131\u2019na kar\u015f\u0131l\u0131k gelen bu enlemler, Portekiz\u2019den veya bir sonraki y\u00fczy\u0131la kadar kimsenin yelken a\u00e7mad\u0131\u011f\u0131 bilinen yerlerden \u00e7ok daha g\u00fcneydedir.\u201d<\/p>\n<p>Ancak McIntosh, Piri Reis\u2019in tarih \u00f6ncesi bir kaynak haritadan Antarktika hakk\u0131nda bilgi sahibi oldu\u011fu teorisine kat\u0131lmamaktad\u0131r. Haritada tasvir edilen g\u00fcney k\u0131tas\u0131n\u0131n hayal g\u00fcc\u00fc ile yarat\u0131ld\u0131\u011f\u0131na inanmaktad\u0131r. Haritan\u0131n 100. y\u0131ld\u00f6n\u00fcm\u00fcn\u00fc kutlamak amac\u0131yla Londra\u2019daki T\u00fcrk B\u00fcy\u00fckel\u00e7ili\u011finde ger\u00e7ekle\u015ftirilen <a href=\"https:\/\/youtu.be\/MHV323wz2Zo\" target=\"_blank\" rel=\"noopener\">2013 konferans\u0131nda yapt\u0131\u011f\u0131 bir sunumda<\/a> McIntosh, Eski Yunanl\u0131lar zaman\u0131ndan beri, asl\u0131nda kimse taraf\u0131ndan g\u00f6r\u00fclmemi\u015f olsa da, g\u00fcney k\u0131tas\u0131 hakk\u0131nda konu\u015fuldu\u011funu s\u00f6yledi. Sadece Piri Reis\u2019in haritas\u0131 de\u011fil, pek \u00e7ok harita \u00e7e\u015fitli \u015fekillerde bir g\u00fcney k\u0131tas\u0131n\u0131 g\u00f6steriyor.<\/p>\n<blockquote><p>Piri Reis haritas\u0131, Afrika ve G\u00fcney Amerika k\u0131y\u0131lar\u0131n\u0131 yar\u0131m derecelik bir boylam hatas\u0131 ile g\u00f6steriyor &#8211; \u00e7arp\u0131c\u0131 bir hassasiyet.<\/p><\/blockquote>\n<p>McIntosh\u2019a g\u00f6re, bu haritalar\u0131n hepsi hayali bir k\u0131tay\u0131 g\u00f6stermektedir ve Antarktika\u2019ya yolculuk yap\u0131ld\u0131\u011f\u0131n\u0131 kan\u0131tlamaz. Antik haritalar\u0131n \u00e7o\u011fu zaman hayali ya da efsanevi yarat\u0131klar\u0131 ve yerleri g\u00f6sterdi\u011fi s\u00f6ylenir. Ancak baz\u0131lar\u0131, bu efsanelerin bir par\u00e7a ger\u00e7e\u011fi i\u00e7erdi\u011fini iddia eder. \u00dcnl\u00fc yazar ve ara\u015ft\u0131rmac\u0131 Graham Hancock, tarih \u00f6ncesi d\u00f6nemde geli\u015fmi\u015f uygarl\u0131klar\u0131n var oldu\u011fu teorisinin bir savunucusudur. Ona g\u00f6re \u00e7ok say\u0131da harita, Piri Reis\u2019in Antarktika\u2019s\u0131n\u0131n ger\u00e7ekli\u011fini destekliyor. Hapgood ve Hava Kuvvetleri haritac\u0131lar\u0131, \u00f6rne\u011fin 1531 Oronce Fin\u00e9 haritas\u0131 gibi haritalar\u0131 analiz ettiler. Antarktika k\u0131y\u0131 \u015feridinin buzlar olmadan g\u00f6r\u00fcnece\u011fi gibi \u00e7izildi\u011fini ve ayn\u0131 do\u011frulukta oldu\u011funu buldular.<\/p>\n<h3>\u015ea\u015f\u0131rt\u0131c\u0131 Do\u011fruluk<\/h3>\n<p>1790\u2019da deniz kronometresinin icad\u0131na kadar, gemiciler ve haritac\u0131lar belirli bir pozisyonun boylam\u0131n\u0131 do\u011fru bir \u015fekilde belirleyemiyorlard\u0131. Yine de 1996 NBC \u00f6zel dizisi \u201c\u0130nsan\u0131n Gizemli K\u00f6kenleri\u201dndeki bir r\u00f6portajda Hancock, Piri Reis haritas\u0131n\u0131n Afrika ve G\u00fcney Amerika k\u0131y\u0131lar\u0131n\u0131 boylamda yar\u0131m derecelik bir hassasiyetle &#8211; \u00e7arp\u0131c\u0131 bir hassasiyetle g\u00f6sterdi\u011fine dikkat \u00e7ekti.<\/p>\n<p><iframe loading=\"lazy\" width=\"1170\" height=\"878\" src=\"https:\/\/www.youtube.com\/embed\/Qt2GYyGTXTs?feature=oembed\" frameborder=\"0\" allow=\"autoplay; encrypted-media\" allowfullscreen><\/iframe><\/p>\n<p>Haritan\u0131n t\u00fcm y\u00f6nleri \u00e7ok hassas de\u011fil, ancak ekvator iyi yerle\u015ftirilmi\u015f ve baz\u0131 \u015fa\u015f\u0131rt\u0131c\u0131 detaylar verilmi\u015f.<\/p>\n<p>Wisconsin \u00dcniversitesi-Green Bay\u2019de fen bilimleri profes\u00f6r\u00fc olan Steven Dutch, haritan\u0131n Antarktika\u2019y\u0131 do\u011fru bir \u015fekilde tasvir etti\u011fine inanm\u0131yor. Ancak baz\u0131 gizemleri oldu\u011funa dikkat \u00e7ekiyor: \u201cHarita, Avrupal\u0131lar\u0131n 1513\u2019te sahip olabilece\u011finden daha fazla ayr\u0131nt\u0131 g\u00f6steriyor gibi g\u00f6r\u00fcn\u00fcyor. O tarihte Pizarro hen\u00fcz Peru\u2019ya gitmemi\u015fti, Piri Reis Andes\u2019i nas\u0131l biliyordu? Birileri i\u00e7 kesimlerdeki da\u011flar\u0131n hikayelerini duymu\u015f muydu? Ayr\u0131ca G\u00fcney Amerika sahillerindeki detaylar 1513 y\u0131l\u0131 i\u00e7in biraz fazla ayr\u0131nt\u0131l\u0131 g\u00f6r\u00fcn\u00fcyor. Harita \u00e7izilmeye ba\u015fland\u0131 ve sonra ileriki bir tarihte mi tamamland\u0131? Harita daha sonra kopyaland\u0131 ve tarih yanl\u0131\u015f m\u0131 yaz\u0131ld\u0131?\u201d<\/p>\n<p>Hollandal\u0131lar, G\u00fcney Amerika\u2019n\u0131n g\u00fcney burnunun sapm\u0131\u015f olabilece\u011fini ve olmamas\u0131 gereken yere do\u011fru, do\u011fuya b\u00fck\u00fcld\u00fc\u011f\u00fcn\u00fc \u00f6ne s\u00fcr\u00fcyor. B\u00f6ylece, Antarktika oldu\u011fu s\u00f6ylenen toprak k\u00fctlesinin asl\u0131nda G\u00fcney Amerika\u2019n\u0131n \u00e7arp\u0131k bir tasviri oldu\u011funu iddia ediyorlar. McIntosh durumun b\u00f6yle oldu\u011funa inanm\u0131yor, ancak bu ihtimali de g\u00f6z ard\u0131 etmiyor.<\/p>\n<p>Ya\u015fad\u0131\u011f\u0131 d\u00f6nemde yetenekleri ile y\u00fcksek bir \u015f\u00f6hrete sahip olan bu 16. y\u00fczy\u0131l haritac\u0131s\u0131 taraf\u0131ndan tasvir edilen g\u00fcney toprak k\u00fctleleri, G\u00fcney Amerika\u2019n\u0131n yanl\u0131\u015f y\u00f6nlenmi\u015f bir tasviri, mitolojik bir k\u0131ta m\u0131, yoksa Antarktika sahillerinin ger\u00e7ek &#8211; ve belki de inan\u0131lmaz derecede eski &#8211; bir tasviri mi?<\/p>\n<p>&nbsp;<\/p>\n<p>&nbsp;<\/p>\n<p><em>Yeni bilim s\u0131n\u0131rlar\u0131n\u0131 ke\u015ffetmeye devam etmek i\u00e7in websitemizi ve Facebook\u2019daki\u00a0<a href=\"https:\/\/www.facebook.com\/theepochtimestr\">Epoch Times T\u00fcrkiye<\/a>\u00a0sayfas\u0131n\u0131 ziyaret edin!<\/em><\/p>\n<p><em>Epoch Times, mevcut bilgilerimize meydan okuyan olaylar ve teoriler ile ilgili ara\u015ft\u0131rmalar\u0131 ve s\u00f6ylentileri ara\u015ft\u0131r\u0131yor. Biz, hayal g\u00fcc\u00fcm\u00fcz\u00fc canland\u0131racak ve yeni olanaklar yaratacak fikirleri ara\u015ft\u0131r\u0131yoruz.\u00a0<a href=\"https:\/\/www.facebook.com\/theepochtimestr\">Facebook sayfam\u0131zdan<\/a>, bazen tart\u0131\u015fmal\u0131 da olabilen konular hakk\u0131nda d\u00fc\u015f\u00fcncelerinizi bizimle payla\u015f\u0131n.<\/em><\/p>\n<p>Haberi yazan:\u00a0Tara MacIsaac, Epoch Times<\/p>\n<p>\u00c7eviren: Hatice Atmaca, Epoch Times T\u00fcrkiye<\/p>\n","protected":false},"excerpt":{"rendered":"<p>T\u00fcrk amiral ve haritac\u0131 Piri Reis\u2019in bronz bir b\u00fcst\u00fc ve 1513\u2019te \u00e7izdi\u011fi haritas\u0131. (Wikimedia Commons) 1513 y\u0131l\u0131nda T\u00fcrk amiral ve haritac\u0131 Piri Reis taraf\u0131ndan \u00e7izilen bir harita, 1929\u2019da \u0130stanbul Topkap\u0131 Saray\u0131\u2019nda ke\u015ffedildi\u011finden bu yana, hem geleneksel d\u00fc\u015f\u00fcncede hem de alternatif d\u00fc\u015f\u00fcncede olan bilim adamlar\u0131n\u0131 \u015fa\u015f\u0131rtmaktad\u0131r. Alternatif d\u00fc\u015f\u00fcncedekiler bu haritan\u0131n, ke\u015ffedili\u015finden (1818\u2019den) y\u00fczlerce y\u0131l \u00f6nceki Antarktika [&hellip;]<\/p>\n","protected":false},"author":12379,"featured_media":115289,"comment_status":"closed","ping_status":"open","sticky":false,"template":"","format":"standard","meta":{"_yoast_wpseo_focuskw":"","_yoast_wpseo_title":"","_yoast_wpseo_metadesc":"","_bbp_topic_count":0,"_bbp_reply_count":0,"_bbp_total_topic_count":0,"_bbp_total_reply_count":0,"_bbp_voice_count":0,"_bbp_anonymous_reply_count":0,"_bbp_topic_count_hidden":0,"_bbp_reply_count_hidden":0,"_bbp_forum_subforum_count":0,"footnotes":"","_yoast_wpseo_focuskw_text_input":""},"categories":[31,519,2610],"tags":[],"yoast_head":"<!-- This site is optimized with the Yoast SEO plugin v23.0 - https:\/\/yoast.com\/wordpress\/plugins\/seo\/ -->\n<title>Piri Reis Haritas\u0131: Tarih \u00d6ncesi \u00c7ok Geli\u015fmi\u015f Bir Uygarl\u0131\u011f\u0131n Kan\u0131t\u0131 m\u0131? - The Epoch Times TR<\/title>\n<meta name=\"robots\" content=\"index, follow, max-snippet:-1, max-image-preview:large, max-video-preview:-1\" \/>\n<link rel=\"canonical\" href=\"https:\/\/epochtimestr.com\/index.php\/piri-reis-haritasi-tarih-oncesi-cok-gelismis-bir-uygarligin-kaniti-mi\" \/>\n<meta property=\"og:locale\" content=\"tr_TR\" \/>\n<meta property=\"og:type\" content=\"article\" \/>\n<meta property=\"og:title\" content=\"Piri Reis Haritas\u0131: Tarih \u00d6ncesi \u00c7ok Geli\u015fmi\u015f Bir Uygarl\u0131\u011f\u0131n Kan\u0131t\u0131 m\u0131? - The Epoch Times TR\" \/>\n<meta property=\"og:description\" content=\"T\u00fcrk amiral ve haritac\u0131 Piri Reis\u2019in bronz bir b\u00fcst\u00fc ve 1513\u2019te \u00e7izdi\u011fi haritas\u0131. (Wikimedia Commons) 1513 y\u0131l\u0131nda T\u00fcrk amiral ve haritac\u0131 Piri Reis taraf\u0131ndan \u00e7izilen bir harita, 1929\u2019da \u0130stanbul Topkap\u0131 Saray\u0131\u2019nda ke\u015ffedildi\u011finden bu yana, hem geleneksel d\u00fc\u015f\u00fcncede hem de alternatif d\u00fc\u015f\u00fcncede olan bilim adamlar\u0131n\u0131 \u015fa\u015f\u0131rtmaktad\u0131r. Alternatif d\u00fc\u015f\u00fcncedekiler bu haritan\u0131n, ke\u015ffedili\u015finden (1818\u2019den) y\u00fczlerce y\u0131l \u00f6nceki Antarktika [&hellip;]\" \/>\n<meta property=\"og:url\" content=\"https:\/\/epochtimestr.com\/index.php\/piri-reis-haritasi-tarih-oncesi-cok-gelismis-bir-uygarligin-kaniti-mi\" \/>\n<meta property=\"og:site_name\" content=\"The Epoch Times TR\" \/>\n<meta property=\"article:publisher\" content=\"https:\/\/www.facebook.com\/theepochtimestr\" \/>\n<meta property=\"article:published_time\" content=\"2018-06-08T11:00:24+00:00\" \/>\n<meta property=\"article:modified_time\" content=\"2018-06-08T19:50:44+00:00\" \/>\n<meta property=\"og:image\" content=\"https:\/\/epochtimestr.com\/wp-content\/uploads\/2011y\/Piri-Reis-674x420.jpg\" \/>\n\t<meta property=\"og:image:width\" content=\"674\" \/>\n\t<meta property=\"og:image:height\" content=\"420\" \/>\n\t<meta property=\"og:image:type\" content=\"image\/jpeg\" \/>\n<meta name=\"author\" content=\"Hatice Atmaca\" \/>\n<meta name=\"twitter:card\" content=\"summary_large_image\" \/>\n<meta name=\"twitter:creator\" content=\"@TheEpochTimesTR\" \/>\n<meta name=\"twitter:site\" content=\"@TheEpochTimesTR\" \/>\n<meta name=\"twitter:label1\" content=\"Yazan:\" \/>\n\t<meta name=\"twitter:data1\" content=\"Hatice Atmaca\" \/>\n\t<meta name=\"twitter:label2\" content=\"Tahmini okuma s\u00fcresi\" \/>\n\t<meta name=\"twitter:data2\" content=\"12 dakika\" \/>\n<script type=\"application\/ld+json\" class=\"yoast-schema-graph\">{\"@context\":\"https:\/\/schema.org\",\"@graph\":[{\"@type\":\"Article\",\"@id\":\"https:\/\/epochtimestr.com\/index.php\/piri-reis-haritasi-tarih-oncesi-cok-gelismis-bir-uygarligin-kaniti-mi#article\",\"isPartOf\":{\"@id\":\"https:\/\/epochtimestr.com\/index.php\/piri-reis-haritasi-tarih-oncesi-cok-gelismis-bir-uygarligin-kaniti-mi\"},\"author\":{\"name\":\"Hatice Atmaca\",\"@id\":\"https:\/\/epochtimestr.com\/#\/schema\/person\/a515b4166e91977b7e9f483ceb142459\"},\"headline\":\"Piri Reis Haritas\u0131: Tarih \u00d6ncesi \u00c7ok Geli\u015fmi\u015f Bir Uygarl\u0131\u011f\u0131n Kan\u0131t\u0131 m\u0131?\",\"datePublished\":\"2018-06-08T11:00:24+00:00\",\"dateModified\":\"2018-06-08T19:50:44+00:00\",\"mainEntityOfPage\":{\"@id\":\"https:\/\/epochtimestr.com\/index.php\/piri-reis-haritasi-tarih-oncesi-cok-gelismis-bir-uygarligin-kaniti-mi\"},\"wordCount\":2440,\"publisher\":{\"@id\":\"https:\/\/epochtimestr.com\/#organization\"},\"image\":{\"@id\":\"https:\/\/epochtimestr.com\/index.php\/piri-reis-haritasi-tarih-oncesi-cok-gelismis-bir-uygarligin-kaniti-mi#primaryimage\"},\"thumbnailUrl\":\"https:\/\/epochtimestr.com\/wp-content\/uploads\/2011y\/Piri-Reis-674x420.jpg\",\"articleSection\":[\"B\u0130L\u0130M ve \u00d6TES\u0130\",\"ED\u0130T\u00d6R\u00dcN SE\u00c7\u0130M\u0130\",\"ilham Verenler\"],\"inLanguage\":\"tr\"},{\"@type\":\"WebPage\",\"@id\":\"https:\/\/epochtimestr.com\/index.php\/piri-reis-haritasi-tarih-oncesi-cok-gelismis-bir-uygarligin-kaniti-mi\",\"url\":\"https:\/\/epochtimestr.com\/index.php\/piri-reis-haritasi-tarih-oncesi-cok-gelismis-bir-uygarligin-kaniti-mi\",\"name\":\"Piri Reis Haritas\u0131: Tarih \u00d6ncesi \u00c7ok Geli\u015fmi\u015f Bir Uygarl\u0131\u011f\u0131n Kan\u0131t\u0131 m\u0131? - The Epoch Times TR\",\"isPartOf\":{\"@id\":\"https:\/\/epochtimestr.com\/#website\"},\"primaryImageOfPage\":{\"@id\":\"https:\/\/epochtimestr.com\/index.php\/piri-reis-haritasi-tarih-oncesi-cok-gelismis-bir-uygarligin-kaniti-mi#primaryimage\"},\"image\":{\"@id\":\"https:\/\/epochtimestr.com\/index.php\/piri-reis-haritasi-tarih-oncesi-cok-gelismis-bir-uygarligin-kaniti-mi#primaryimage\"},\"thumbnailUrl\":\"https:\/\/epochtimestr.com\/wp-content\/uploads\/2011y\/Piri-Reis-674x420.jpg\",\"datePublished\":\"2018-06-08T11:00:24+00:00\",\"dateModified\":\"2018-06-08T19:50:44+00:00\",\"inLanguage\":\"tr\",\"potentialAction\":[{\"@type\":\"ReadAction\",\"target\":[\"https:\/\/epochtimestr.com\/index.php\/piri-reis-haritasi-tarih-oncesi-cok-gelismis-bir-uygarligin-kaniti-mi\"]}]},{\"@type\":\"ImageObject\",\"inLanguage\":\"tr\",\"@id\":\"https:\/\/epochtimestr.com\/index.php\/piri-reis-haritasi-tarih-oncesi-cok-gelismis-bir-uygarligin-kaniti-mi#primaryimage\",\"url\":\"https:\/\/epochtimestr.com\/wp-content\/uploads\/2011y\/Piri-Reis-674x420.jpg\",\"contentUrl\":\"https:\/\/epochtimestr.com\/wp-content\/uploads\/2011y\/Piri-Reis-674x420.jpg\",\"width\":674,\"height\":420,\"caption\":\"T\u00fcrk amiral ve haritac\u0131 Piri Reis\u2019in bronz bir b\u00fcst\u00fc ve 1513\u2019te \u00e7izdi\u011fi haritas\u0131. (Wikimedia Commons)\"},{\"@type\":\"WebSite\",\"@id\":\"https:\/\/epochtimestr.com\/#website\",\"url\":\"https:\/\/epochtimestr.com\/\",\"name\":\"The Epoch Times TR\",\"description\":\"De\u011fi\u015fen D\u00fcnyam\u0131za Taze Bir Bak\u0131\u015f\",\"publisher\":{\"@id\":\"https:\/\/epochtimestr.com\/#organization\"},\"potentialAction\":[{\"@type\":\"SearchAction\",\"target\":{\"@type\":\"EntryPoint\",\"urlTemplate\":\"https:\/\/epochtimestr.com\/?s={search_term_string}\"},\"query-input\":\"required name=search_term_string\"}],\"inLanguage\":\"tr\"},{\"@type\":\"Organization\",\"@id\":\"https:\/\/epochtimestr.com\/#organization\",\"name\":\"The EpochTimes T\u00fcrkiye\",\"url\":\"https:\/\/epochtimestr.com\/\",\"logo\":{\"@type\":\"ImageObject\",\"inLanguage\":\"tr\",\"@id\":\"https:\/\/epochtimestr.com\/#\/schema\/logo\/image\/\",\"url\":\"https:\/\/epochtimestr.com\/wp-content\/uploads\/2011y\/ET-Logo-YG.jpg\",\"contentUrl\":\"https:\/\/epochtimestr.com\/wp-content\/uploads\/2011y\/ET-Logo-YG.jpg\",\"width\":346,\"height\":29,\"caption\":\"The EpochTimes T\u00fcrkiye\"},\"image\":{\"@id\":\"https:\/\/epochtimestr.com\/#\/schema\/logo\/image\/\"},\"sameAs\":[\"https:\/\/www.facebook.com\/theepochtimestr\",\"https:\/\/x.com\/TheEpochTimesTR\",\"https:\/\/www.instagram.com\/epochtimestr\"]},{\"@type\":\"Person\",\"@id\":\"https:\/\/epochtimestr.com\/#\/schema\/person\/a515b4166e91977b7e9f483ceb142459\",\"name\":\"Hatice Atmaca\",\"image\":{\"@type\":\"ImageObject\",\"inLanguage\":\"tr\",\"@id\":\"https:\/\/epochtimestr.com\/#\/schema\/person\/image\/\",\"url\":\"https:\/\/secure.gravatar.com\/avatar\/dd49aabd0aeaecbc0ecbce954119ae42?s=96&d=mm&r=g\",\"contentUrl\":\"https:\/\/secure.gravatar.com\/avatar\/dd49aabd0aeaecbc0ecbce954119ae42?s=96&d=mm&r=g\",\"caption\":\"Hatice Atmaca\"},\"url\":\"https:\/\/epochtimestr.com\/index.php\/author\/hatice\"}]}<\/script>\n<!-- \/ Yoast SEO plugin. -->","yoast_head_json":{"title":"Piri Reis Haritas\u0131: Tarih \u00d6ncesi \u00c7ok Geli\u015fmi\u015f Bir Uygarl\u0131\u011f\u0131n Kan\u0131t\u0131 m\u0131? - The Epoch Times TR","robots":{"index":"index","follow":"follow","max-snippet":"max-snippet:-1","max-image-preview":"max-image-preview:large","max-video-preview":"max-video-preview:-1"},"canonical":"https:\/\/epochtimestr.com\/index.php\/piri-reis-haritasi-tarih-oncesi-cok-gelismis-bir-uygarligin-kaniti-mi","og_locale":"tr_TR","og_type":"article","og_title":"Piri Reis Haritas\u0131: Tarih \u00d6ncesi \u00c7ok Geli\u015fmi\u015f Bir Uygarl\u0131\u011f\u0131n Kan\u0131t\u0131 m\u0131? - The Epoch Times TR","og_description":"T\u00fcrk amiral ve haritac\u0131 Piri Reis\u2019in bronz bir b\u00fcst\u00fc ve 1513\u2019te \u00e7izdi\u011fi haritas\u0131. (Wikimedia Commons) 1513 y\u0131l\u0131nda T\u00fcrk amiral ve haritac\u0131 Piri Reis taraf\u0131ndan \u00e7izilen bir harita, 1929\u2019da \u0130stanbul Topkap\u0131 Saray\u0131\u2019nda ke\u015ffedildi\u011finden bu yana, hem geleneksel d\u00fc\u015f\u00fcncede hem de alternatif d\u00fc\u015f\u00fcncede olan bilim adamlar\u0131n\u0131 \u015fa\u015f\u0131rtmaktad\u0131r. Alternatif d\u00fc\u015f\u00fcncedekiler bu haritan\u0131n, ke\u015ffedili\u015finden (1818\u2019den) y\u00fczlerce y\u0131l \u00f6nceki Antarktika [&hellip;]","og_url":"https:\/\/epochtimestr.com\/index.php\/piri-reis-haritasi-tarih-oncesi-cok-gelismis-bir-uygarligin-kaniti-mi","og_site_name":"The Epoch Times TR","article_publisher":"https:\/\/www.facebook.com\/theepochtimestr","article_published_time":"2018-06-08T11:00:24+00:00","article_modified_time":"2018-06-08T19:50:44+00:00","og_image":[{"width":674,"height":420,"url":"https:\/\/epochtimestr.com\/wp-content\/uploads\/2011y\/Piri-Reis-674x420.jpg","type":"image\/jpeg"}],"author":"Hatice Atmaca","twitter_card":"summary_large_image","twitter_creator":"@TheEpochTimesTR","twitter_site":"@TheEpochTimesTR","twitter_misc":{"Yazan:":"Hatice Atmaca","Tahmini okuma s\u00fcresi":"12 dakika"},"schema":{"@context":"https:\/\/schema.org","@graph":[{"@type":"Article","@id":"https:\/\/epochtimestr.com\/index.php\/piri-reis-haritasi-tarih-oncesi-cok-gelismis-bir-uygarligin-kaniti-mi#article","isPartOf":{"@id":"https:\/\/epochtimestr.com\/index.php\/piri-reis-haritasi-tarih-oncesi-cok-gelismis-bir-uygarligin-kaniti-mi"},"author":{"name":"Hatice Atmaca","@id":"https:\/\/epochtimestr.com\/#\/schema\/person\/a515b4166e91977b7e9f483ceb142459"},"headline":"Piri Reis Haritas\u0131: Tarih \u00d6ncesi \u00c7ok Geli\u015fmi\u015f Bir Uygarl\u0131\u011f\u0131n Kan\u0131t\u0131 m\u0131?","datePublished":"2018-06-08T11:00:24+00:00","dateModified":"2018-06-08T19:50:44+00:00","mainEntityOfPage":{"@id":"https:\/\/epochtimestr.com\/index.php\/piri-reis-haritasi-tarih-oncesi-cok-gelismis-bir-uygarligin-kaniti-mi"},"wordCount":2440,"publisher":{"@id":"https:\/\/epochtimestr.com\/#organization"},"image":{"@id":"https:\/\/epochtimestr.com\/index.php\/piri-reis-haritasi-tarih-oncesi-cok-gelismis-bir-uygarligin-kaniti-mi#primaryimage"},"thumbnailUrl":"https:\/\/epochtimestr.com\/wp-content\/uploads\/2011y\/Piri-Reis-674x420.jpg","articleSection":["B\u0130L\u0130M ve \u00d6TES\u0130","ED\u0130T\u00d6R\u00dcN SE\u00c7\u0130M\u0130","ilham Verenler"],"inLanguage":"tr"},{"@type":"WebPage","@id":"https:\/\/epochtimestr.com\/index.php\/piri-reis-haritasi-tarih-oncesi-cok-gelismis-bir-uygarligin-kaniti-mi","url":"https:\/\/epochtimestr.com\/index.php\/piri-reis-haritasi-tarih-oncesi-cok-gelismis-bir-uygarligin-kaniti-mi","name":"Piri Reis Haritas\u0131: Tarih \u00d6ncesi \u00c7ok Geli\u015fmi\u015f Bir Uygarl\u0131\u011f\u0131n Kan\u0131t\u0131 m\u0131? - The Epoch Times TR","isPartOf":{"@id":"https:\/\/epochtimestr.com\/#website"},"primaryImageOfPage":{"@id":"https:\/\/epochtimestr.com\/index.php\/piri-reis-haritasi-tarih-oncesi-cok-gelismis-bir-uygarligin-kaniti-mi#primaryimage"},"image":{"@id":"https:\/\/epochtimestr.com\/index.php\/piri-reis-haritasi-tarih-oncesi-cok-gelismis-bir-uygarligin-kaniti-mi#primaryimage"},"thumbnailUrl":"https:\/\/epochtimestr.com\/wp-content\/uploads\/2011y\/Piri-Reis-674x420.jpg","datePublished":"2018-06-08T11:00:24+00:00","dateModified":"2018-06-08T19:50:44+00:00","inLanguage":"tr","potentialAction":[{"@type":"ReadAction","target":["https:\/\/epochtimestr.com\/index.php\/piri-reis-haritasi-tarih-oncesi-cok-gelismis-bir-uygarligin-kaniti-mi"]}]},{"@type":"ImageObject","inLanguage":"tr","@id":"https:\/\/epochtimestr.com\/index.php\/piri-reis-haritasi-tarih-oncesi-cok-gelismis-bir-uygarligin-kaniti-mi#primaryimage","url":"https:\/\/epochtimestr.com\/wp-content\/uploads\/2011y\/Piri-Reis-674x420.jpg","contentUrl":"https:\/\/epochtimestr.com\/wp-content\/uploads\/2011y\/Piri-Reis-674x420.jpg","width":674,"height":420,"caption":"T\u00fcrk amiral ve haritac\u0131 Piri Reis\u2019in bronz bir b\u00fcst\u00fc ve 1513\u2019te \u00e7izdi\u011fi haritas\u0131. (Wikimedia Commons)"},{"@type":"WebSite","@id":"https:\/\/epochtimestr.com\/#website","url":"https:\/\/epochtimestr.com\/","name":"The Epoch Times TR","description":"De\u011fi\u015fen D\u00fcnyam\u0131za Taze Bir Bak\u0131\u015f","publisher":{"@id":"https:\/\/epochtimestr.com\/#organization"},"potentialAction":[{"@type":"SearchAction","target":{"@type":"EntryPoint","urlTemplate":"https:\/\/epochtimestr.com\/?s={search_term_string}"},"query-input":"required name=search_term_string"}],"inLanguage":"tr"},{"@type":"Organization","@id":"https:\/\/epochtimestr.com\/#organization","name":"The EpochTimes T\u00fcrkiye","url":"https:\/\/epochtimestr.com\/","logo":{"@type":"ImageObject","inLanguage":"tr","@id":"https:\/\/epochtimestr.com\/#\/schema\/logo\/image\/","url":"https:\/\/epochtimestr.com\/wp-content\/uploads\/2011y\/ET-Logo-YG.jpg","contentUrl":"https:\/\/epochtimestr.com\/wp-content\/uploads\/2011y\/ET-Logo-YG.jpg","width":346,"height":29,"caption":"The EpochTimes T\u00fcrkiye"},"image":{"@id":"https:\/\/epochtimestr.com\/#\/schema\/logo\/image\/"},"sameAs":["https:\/\/www.facebook.com\/theepochtimestr","https:\/\/x.com\/TheEpochTimesTR","https:\/\/www.instagram.com\/epochtimestr"]},{"@type":"Person","@id":"https:\/\/epochtimestr.com\/#\/schema\/person\/a515b4166e91977b7e9f483ceb142459","name":"Hatice Atmaca","image":{"@type":"ImageObject","inLanguage":"tr","@id":"https:\/\/epochtimestr.com\/#\/schema\/person\/image\/","url":"https:\/\/secure.gravatar.com\/avatar\/dd49aabd0aeaecbc0ecbce954119ae42?s=96&d=mm&r=g","contentUrl":"https:\/\/secure.gravatar.com\/avatar\/dd49aabd0aeaecbc0ecbce954119ae42?s=96&d=mm&r=g","caption":"Hatice Atmaca"},"url":"https:\/\/epochtimestr.com\/index.php\/author\/hatice"}]}},"_links":{"self":[{"href":"https:\/\/epochtimestr.com\/index.php\/wp-json\/wp\/v2\/posts\/115288"}],"collection":[{"href":"https:\/\/epochtimestr.com\/index.php\/wp-json\/wp\/v2\/posts"}],"about":[{"href":"https:\/\/epochtimestr.com\/index.php\/wp-json\/wp\/v2\/types\/post"}],"author":[{"embeddable":true,"href":"https:\/\/epochtimestr.com\/index.php\/wp-json\/wp\/v2\/users\/12379"}],"replies":[{"embeddable":true,"href":"https:\/\/epochtimestr.com\/index.php\/wp-json\/wp\/v2\/comments?post=115288"}],"version-history":[{"count":6,"href":"https:\/\/epochtimestr.com\/index.php\/wp-json\/wp\/v2\/posts\/115288\/revisions"}],"predecessor-version":[{"id":115337,"href":"https:\/\/epochtimestr.com\/index.php\/wp-json\/wp\/v2\/posts\/115288\/revisions\/115337"}],"wp:featuredmedia":[{"embeddable":true,"href":"https:\/\/epochtimestr.com\/index.php\/wp-json\/wp\/v2\/media\/115289"}],"wp:attachment":[{"href":"https:\/\/epochtimestr.com\/index.php\/wp-json\/wp\/v2\/media?parent=115288"}],"wp:term":[{"taxonomy":"category","embeddable":true,"href":"https:\/\/epochtimestr.com\/index.php\/wp-json\/wp\/v2\/categories?post=115288"},{"taxonomy":"post_tag","embeddable":true,"href":"https:\/\/epochtimestr.com\/index.php\/wp-json\/wp\/v2\/tags?post=115288"}],"curies":[{"name":"wp","href":"https:\/\/api.w.org\/{rel}","templated":true}]}}