{"id":115402,"date":"2018-06-15T11:00:16","date_gmt":"2018-06-15T08:00:16","guid":{"rendered":"http:\/\/epochtimestr.com\/?p=115402"},"modified":"2018-09-26T23:25:22","modified_gmt":"2018-09-26T20:25:22","slug":"buyuculer-gercekten-yasadilar-mi","status":"publish","type":"post","link":"https:\/\/epochtimestr.com\/index.php\/buyuculer-gercekten-yasadilar-mi","title":{"rendered":"B\u00fcy\u00fcc\u00fcler: Ger\u00e7ekten Ya\u015fad\u0131lar m\u0131?"},"content":{"rendered":"<p><img loading=\"lazy\" decoding=\"async\" class=\"aligncenter size-large wp-image-115403\" src=\"https:\/\/epochtimestr.com\/wp-content\/uploads\/2011y\/Wizards-674x420-600x374.jpg\" alt=\"\" width=\"600\" height=\"374\" srcset=\"https:\/\/epochtimestr.com\/wp-content\/uploads\/2011y\/Wizards-674x420-600x374.jpg 600w, https:\/\/epochtimestr.com\/wp-content\/uploads\/2011y\/Wizards-674x420-150x93.jpg 150w, https:\/\/epochtimestr.com\/wp-content\/uploads\/2011y\/Wizards-674x420-300x187.jpg 300w, https:\/\/epochtimestr.com\/wp-content\/uploads\/2011y\/Wizards-674x420.jpg 674w\" sizes=\"(max-width: 600px) 100vw, 600px\" \/><\/p>\n<p>D\u00fcnyan\u0131n her yerinde efsanelerde ve halk aras\u0131nda anlat\u0131lan hikayelerde, aram\u0131zdan gelip ge\u00e7mi\u015f do\u011fa\u00fcst\u00fc kabiliyetleri olan insanlar anlat\u0131l\u0131r. Onlar\u0131n yetenekleri Tanr\u0131ya, \u015feytana, do\u011faya ya da baz\u0131 ba\u015fka kaynaklara dayand\u0131r\u0131lsa da, antik d\u00fcnyada \u00e7ok say\u0131da insan\u0131n b\u00fcy\u00fcc\u00fcl\u00fck yapt\u0131\u011f\u0131 anlat\u0131lan kay\u0131tlar vard\u0131r. Tarih \u201cb\u00fcy\u00fcc\u00fc\u201d kelimesine kar\u015f\u0131 nazik de\u011fildir. Bu kelimeyi duydu\u011fumuzda peri masal\u0131 ya da hayal \u00fcr\u00fcn\u00fc oldu\u011funu d\u00fc\u015f\u00fcn\u00fcr\u00fcz. Ancak bir dinde bu t\u00fcr g\u00fc\u00e7lere sahip insanlar g\u00f6rd\u00fc\u011f\u00fcm\u00fczde, onlar\u0131 azizler ve Tanr\u0131n\u0131n peygamberleri olarak adland\u0131rmak isteriz. Azizlere inanmaya haz\u0131r\u0131zd\u0131r ancak b\u00fcy\u00fcc\u00fcleri g\u00f6rmek istemeyiz. Bu neden b\u00f6yle olur?<\/p>\n<p>Bu yaz\u0131da sihirli g\u00fc\u00e7leri olan insanlar\u0131n, \u201cb\u00fcy\u00fcc\u00fc\u201d olarak nitelendirildi\u011fi birka\u00e7 tarihi olay\u0131 inceleyece\u011fiz. Bu yaz\u0131, onlardan birinin pek \u00e7ok kitaba konu oldu\u011fu olaylar\u0131n k\u0131sa bir tarihidir. Tarihte sihirbaz (ya da benzer bir tan\u0131mlama) s\u0131n\u0131f\u0131na y\u00fckselen \u00e7ok daha fazla insan var. Ancak burada bu ki\u015filerin ger\u00e7ekten var olup olmad\u0131\u011f\u0131 ve ger\u00e7ekten g\u00fc\u00e7leri olup olmad\u0131\u011f\u0131 sorusunu g\u00fcndeme getirmek i\u00e7in sadece birka\u00e7 \u00f6rnek se\u00e7tik.<\/p>\n<h3>Kasandra (Yunan Mitolojisi)<\/h3>\n<figure id=\"attachment_115404\" aria-describedby=\"caption-attachment-115404\" style=\"width: 189px\" class=\"wp-caption aligncenter\"><img loading=\"lazy\" decoding=\"async\" class=\"size-large wp-image-115404\" src=\"https:\/\/epochtimestr.com\/wp-content\/uploads\/2011y\/Cassandra1-189x400.jpeg\" alt=\"\" width=\"189\" height=\"400\" srcset=\"https:\/\/epochtimestr.com\/wp-content\/uploads\/2011y\/Cassandra1-189x400.jpeg 189w, https:\/\/epochtimestr.com\/wp-content\/uploads\/2011y\/Cassandra1-600x1270.jpeg 600w, https:\/\/epochtimestr.com\/wp-content\/uploads\/2011y\/Cassandra1-71x150.jpeg 71w, https:\/\/epochtimestr.com\/wp-content\/uploads\/2011y\/Cassandra1-142x300.jpeg 142w, https:\/\/epochtimestr.com\/wp-content\/uploads\/2011y\/Cassandra1-768x1626.jpeg 768w, https:\/\/epochtimestr.com\/wp-content\/uploads\/2011y\/Cassandra1.jpeg 989w\" sizes=\"(max-width: 189px) 100vw, 189px\" \/><figcaption id=\"caption-attachment-115404\" class=\"wp-caption-text\">Truva\u2019n\u0131n mitolojik kad\u0131n peygamberi, Kral Priam ve Krali\u00e7e Hecuba\u2019n\u0131n k\u0131z\u0131 Kasandra\u2019n\u0131n bir tasviri. Evelyn De Morgan taraf\u0131ndan resmedilmi\u015ftir, 1898. (Wikimedia Commons)<\/figcaption><\/figure>\n<p>Antik Yunan mitolojisinde Kasandra Truva\u2019n\u0131n, gelece\u011fi \u00f6nceden haber verebilme yetene\u011fine sahip bir prensesiydi. Apollo\u2019yu reddetti\u011finde, Apollo onu, kehanetlerine hi\u00e7 kimsenin inanmamas\u0131 i\u00e7in lanetledi. Truva At\u0131nda saklanan orduyu \u00f6nceden haber verdi\u011finde kimse ona inanmad\u0131 ve Truva d\u00fc\u015ft\u00fc. Hayat\u0131 trajik bir \u015fekilde devam etti. Cinsel sald\u0131r\u0131ya u\u011frad\u0131, Kral Agamemnon\u2019un metresi olmaya zorland\u0131 ve sonunda Agamemnon\u2019un k\u00f6t\u00fc e\u015fi Klytaimnestra taraf\u0131ndan d\u00fczenlenen bir suikasta kurban gitti. Kasandra hayat\u0131n\u0131 \u00f6nceden g\u00f6rd\u00fc\u011f\u00fc felaketleri \u00f6nlemeye \u00e7al\u0131\u015farak ge\u00e7irdi, ama hi\u00e7 kimse onun kehanetlerine inanmad\u0131.<\/p>\n<h3>Endor Cad\u0131s\u0131 (M.\u00d6. 1079 &#8211; 1007)<\/h3>\n<figure id=\"attachment_115405\" aria-describedby=\"caption-attachment-115405\" style=\"width: 525px\" class=\"wp-caption aligncenter\"><img loading=\"lazy\" decoding=\"async\" class=\"size-large wp-image-115405\" src=\"https:\/\/epochtimestr.com\/wp-content\/uploads\/2011y\/BenjaminWest-Saul-and-the-Witch-of-Endor-1777-525x400.jpg\" alt=\"\" width=\"525\" height=\"400\" srcset=\"https:\/\/epochtimestr.com\/wp-content\/uploads\/2011y\/BenjaminWest-Saul-and-the-Witch-of-Endor-1777-525x400.jpg 525w, https:\/\/epochtimestr.com\/wp-content\/uploads\/2011y\/BenjaminWest-Saul-and-the-Witch-of-Endor-1777-600x457.jpg 600w, https:\/\/epochtimestr.com\/wp-content\/uploads\/2011y\/BenjaminWest-Saul-and-the-Witch-of-Endor-1777-150x114.jpg 150w, https:\/\/epochtimestr.com\/wp-content\/uploads\/2011y\/BenjaminWest-Saul-and-the-Witch-of-Endor-1777-300x229.jpg 300w, https:\/\/epochtimestr.com\/wp-content\/uploads\/2011y\/BenjaminWest-Saul-and-the-Witch-of-Endor-1777.jpg 765w\" sizes=\"(max-width: 525px) 100vw, 525px\" \/><figcaption id=\"caption-attachment-115405\" class=\"wp-caption-text\">Saul ve Endor Cad\u0131s\u0131 \u00f6yk\u00fcs\u00fcn\u00fcn bir tasviri. Benjamin West taraf\u0131ndan resmedilmi\u015ftir, 1777. (Wikimedia Commons)<\/figcaption><\/figure>\n<p>Eski Ahit\u2019te anlat\u0131ld\u0131\u011f\u0131na g\u00f6re Kral Saul (Talut), cad\u0131lar\u0131 krall\u0131\u011f\u0131ndan s\u00fcrg\u00fcn etmesi ile \u00fcnl\u00fcyd\u00fc, ama onlar\u0131n g\u00fc\u00e7lerini kendi ama\u00e7lar\u0131 i\u00e7in kullanmaktan da geri kalm\u0131yordu. Saul merhum ak\u0131l hocas\u0131 peygamber Davut\u2019a (Samuel) baz\u0131 konularda dan\u0131\u015fmak istedi\u011finde, Endor Cad\u0131s\u0131n\u0131 onlar\u0131 bir araya getirmesi i\u00e7in kand\u0131rd\u0131. Endor Cad\u0131s\u0131 bir medyumdu, yani \u00f6l\u00fclerle ileti\u015fim kurabiliyordu ve Samuel\u2019in hayaletini ortaya \u00e7\u0131kard\u0131. O da Saul\u2019un gelece\u011finde pek ho\u015f olmayan olaylar hakk\u0131nda kehanetlerde bulundu. Her ne kadar Endor Cad\u0131s\u0131 g\u00fc\u00e7lerini kullanmak i\u00e7in kand\u0131r\u0131lm\u0131\u015f, \u00f6l\u00fclerden bir peygamberi ortaya \u00e7\u0131kartm\u0131\u015f ve Kral Saul\u2019a yard\u0131m etmi\u015f olsa da, onun yeteneklerini k\u00f6t\u00fcl\u00fck amac\u0131yla kulland\u0131\u011f\u0131n\u0131 g\u00f6steren hi\u00e7bir kan\u0131t yoktur.<\/p>\n<h3>B\u00fcy\u00fcc\u00fc Simon Magus (\u0130sa\u2019n\u0131n \u00c7a\u011fda\u015f\u0131)<\/h3>\n<figure id=\"attachment_115406\" aria-describedby=\"caption-attachment-115406\" style=\"width: 384px\" class=\"wp-caption aligncenter\"><img loading=\"lazy\" decoding=\"async\" class=\"size-large wp-image-115406\" src=\"https:\/\/epochtimestr.com\/wp-content\/uploads\/2011y\/Basilica_Saint-Sernin_-_Simon_Magus-384x400.jpg\" alt=\"\" width=\"384\" height=\"400\" srcset=\"https:\/\/epochtimestr.com\/wp-content\/uploads\/2011y\/Basilica_Saint-Sernin_-_Simon_Magus-384x400.jpg 384w, https:\/\/epochtimestr.com\/wp-content\/uploads\/2011y\/Basilica_Saint-Sernin_-_Simon_Magus-600x625.jpg 600w, https:\/\/epochtimestr.com\/wp-content\/uploads\/2011y\/Basilica_Saint-Sernin_-_Simon_Magus-144x150.jpg 144w, https:\/\/epochtimestr.com\/wp-content\/uploads\/2011y\/Basilica_Saint-Sernin_-_Simon_Magus-288x300.jpg 288w, https:\/\/epochtimestr.com\/wp-content\/uploads\/2011y\/Basilica_Saint-Sernin_-_Simon_Magus-768x800.jpg 768w\" sizes=\"(max-width: 384px) 100vw, 384px\" \/><figcaption id=\"caption-attachment-115406\" class=\"wp-caption-text\">Fransa Toulouse&#8217;daki Saint-Sernin Bazilikas\u0131&#8217;n\u0131n Mi\u00e8geville kap\u0131s\u0131 \u00fczerindeki bir r\u00f6lyef. 15 Aral\u0131k 2012&#8217;deki hali. R\u00f6lyef Simon Magus&#8217;un iblislerle \u00e7evrili oldu\u011fu g\u00f6steriliyor. (Pierre Selim \/ Wikimedia Commons)<\/figcaption><\/figure>\n<p>Yeni Ahit\u2019te anlat\u0131lanlara g\u00f6re, \u0130sa\u2019n\u0131n d\u00f6neminde, Simon b\u00fcy\u00fck sihir becerileri g\u00f6steriyor ve \u015f\u00f6yle bir \u015f\u00f6hret kazan\u0131yordu: \u201cEn k\u00fc\u00e7\u00fc\u011f\u00fcnden en b\u00fcy\u00fc\u011f\u00fcne herkesin \u00f6nemsedi\u011fi bu adam i\u00e7in denir ki, \u2018Bu adam Tanr\u0131\u2019n\u0131n b\u00fcy\u00fck g\u00fcc\u00fcd\u00fcr\u2019.\u201d\u00a0 (Acts 8:10, Kral James). Simon, vaftiz eyleminin daha fazla insan\u0131 Kutsal Ruh\u2019a ula\u015ft\u0131rman\u0131n bir yolu oldu\u011funu s\u00f6yleyerek insanlar\u0131 etkiledi. Vaftiz yapma g\u00fcc\u00fc ve bilgisi i\u00e7in havari Peter\u2019a para vermeyi teklif etti. Peter, Tanr\u0131\u2019n\u0131n arma\u011fan\u0131n\u0131n parayla sat\u0131n al\u0131namayaca\u011f\u0131n\u0131 s\u00f6yleyerek bu teklifi reddetti. \u0130ncil\u2019de yer almayan olay\u0131n iki tan\u0131\u011f\u0131n anlatt\u0131klar\u0131na g\u00f6re, Simon\u2019un \u00f6l\u00fcm\u00fcn\u00fcn havaya y\u00fckselmi\u015fken ger\u00e7ekle\u015fmi\u015ftir. Peter ve Paul b\u00fcy\u00fcy\u00fc bozmak i\u00e7in dua ederek Simon\u2019un d\u00fc\u015fmesine ve \u00f6l\u00fcmc\u00fcl yaralarla yaralanmas\u0131na neden olmu\u015flard\u0131r. Simon hakk\u0131ndaki di\u011fer olumsuz hikayelerden ya da efsanelerden geriye, kendi zaman periyoduna ait g\u00fcvenilir hi\u00e7bir bilgi kalmam\u0131\u015ft\u0131r. \u0130sa\u2019n\u0131n havarileri ile anla\u015fmazl\u0131klar\u0131 oldu\u011fu g\u00f6r\u00fclse de, g\u00fc\u00e7lerini k\u00f6t\u00fcl\u00fck i\u00e7in kulland\u0131\u011f\u0131n\u0131 g\u00f6steren hi\u00e7bir kan\u0131t yoktur. Yine de o \u201cb\u00fcy\u00fcc\u00fc\u201d olarak an\u0131l\u0131r.<\/p>\n<h3>Merlin (6. Y\u00fczy\u0131l)<\/h3>\n<figure id=\"attachment_115407\" aria-describedby=\"caption-attachment-115407\" style=\"width: 518px\" class=\"wp-caption aligncenter\"><img loading=\"lazy\" decoding=\"async\" class=\"size-full wp-image-115407\" src=\"https:\/\/epochtimestr.com\/wp-content\/uploads\/2011y\/Merlin.jpg\" alt=\"\" width=\"518\" height=\"365\" srcset=\"https:\/\/epochtimestr.com\/wp-content\/uploads\/2011y\/Merlin.jpg 518w, https:\/\/epochtimestr.com\/wp-content\/uploads\/2011y\/Merlin-150x106.jpg 150w, https:\/\/epochtimestr.com\/wp-content\/uploads\/2011y\/Merlin-300x211.jpg 300w\" sizes=\"(max-width: 518px) 100vw, 518px\" \/><figcaption id=\"caption-attachment-115407\" class=\"wp-caption-text\">Solda: N\u00fcrnberg Kroni\u011fi\u2019nden (Kit\u00e2b-\u0131 Mukaddes temel al\u0131narak haz\u0131rlanan ve insanl\u0131k tarihinin \u00e7izimlerle birlikte anlat\u0131ld\u0131\u011f\u0131 yazma) bir resim, 1493. (Michel Wolgemut, Wilhelm Pleydenwurff \/ Wikimedia Commons) Sa\u011fda: Suite Vulgate el yazmas\u0131nda tasvir edilen Merlin, 1286. (Wikimedia Commons)<\/figcaption><\/figure>\n<p>Merlin, belki de t\u00fcm sihirbazlar\u0131n en \u00fcnl\u00fcs\u00fc, ama ayn\u0131 zamanda, hizmet etti\u011fi Camelot Kral\u0131 Arthur\u2019la birlikte varl\u0131\u011f\u0131 en \u00e7ok tart\u0131\u015f\u0131lan\u0131d\u0131r. Bununla birlikte, Merlin\u2019in tarihsel ger\u00e7ekli\u011fi lehine ciddi kan\u0131tlar vard\u0131r. Ya\u015fad\u0131\u011f\u0131 iddia edilen zamandan kalma, bir par\u015f\u00f6men \u00fczerine yaz\u0131lm\u0131\u015f bir \u015fiir vard\u0131. Bu \u015fiir Ambrosius adl\u0131 bir b\u00fcy\u00fcc\u00fc hakk\u0131ndayd\u0131. Bu b\u00fcy\u00fcc\u00fc \u201cKartal\u201d ad\u0131yla an\u0131ld\u0131 ki bu da \u201cMerlin\u201d olarak terc\u00fcme edilir. Ambrosius\u2019un varl\u0131\u011f\u0131n\u0131 biliyoruz \u00e7\u00fcnk\u00fc eski evinin yeri Kuzey Galler\u2019deki Llangollen yak\u0131nlar\u0131 olarak biliniyor. M.S. 600\u2019den kalma oldu\u011fu do\u011frulanm\u0131\u015f Gal dilinde bir belge, Merlin\u2019in Galce formu olan Myrddin ad\u0131nda, g\u00f6r\u00fclemeyen \u015feyleri g\u00f6rebilen birinden bahsediyor. Merlin\u2019in varl\u0131\u011f\u0131 hakk\u0131nda, \u201cger\u00e7ek\u201d tarih kitaplar\u0131ndaki baz\u0131 insanlar i\u00e7in oldu\u011fu kadar \u00e7ok kan\u0131t var. Ama o bir sihirbaz oldu\u011fu i\u00e7in, bir efsane olarak kabul edilir.<\/p>\n<h3>V\u00e4in\u00e4m\u00f6inen (9. Y\u00fczy\u0131l)<\/h3>\n<figure id=\"attachment_115408\" aria-describedby=\"caption-attachment-115408\" style=\"width: 299px\" class=\"wp-caption aligncenter\"><img loading=\"lazy\" decoding=\"async\" class=\"size-large wp-image-115408\" src=\"https:\/\/epochtimestr.com\/wp-content\/uploads\/2011y\/V\u00e4in\u00e4m\u00f6isen_soitto1-299x400.jpg\" alt=\"\" width=\"299\" height=\"400\" srcset=\"https:\/\/epochtimestr.com\/wp-content\/uploads\/2011y\/V\u00e4in\u00e4m\u00f6isen_soitto1-299x400.jpg 299w, https:\/\/epochtimestr.com\/wp-content\/uploads\/2011y\/V\u00e4in\u00e4m\u00f6isen_soitto1-600x803.jpg 600w, https:\/\/epochtimestr.com\/wp-content\/uploads\/2011y\/V\u00e4in\u00e4m\u00f6isen_soitto1-112x150.jpg 112w, https:\/\/epochtimestr.com\/wp-content\/uploads\/2011y\/V\u00e4in\u00e4m\u00f6isen_soitto1-224x300.jpg 224w, https:\/\/epochtimestr.com\/wp-content\/uploads\/2011y\/V\u00e4in\u00e4m\u00f6isen_soitto1-768x1028.jpg 768w, https:\/\/epochtimestr.com\/wp-content\/uploads\/2011y\/V\u00e4in\u00e4m\u00f6isen_soitto1.jpg 1692w\" sizes=\"(max-width: 299px) 100vw, 299px\" \/><figcaption id=\"caption-attachment-115408\" class=\"wp-caption-text\">Robert Wilhelm Ekman\u2019\u0131n V\u00e4in\u00e4m\u00f6isen tasviri, 1866. (Wikimedia Commons)<\/figcaption><\/figure>\n<p>Modern zamanlarda bu Finlandiyal\u0131, farkl\u0131 isimler alt\u0131nda pek \u00e7ok maceran\u0131n kahraman\u0131 olarak an\u0131lm\u0131\u015ft\u0131r. \u0130lk do\u011frulanabilir yaz\u0131l\u0131 \u00f6yk\u00fcleri, 16. y\u00fczy\u0131lda kaydedilmesine ra\u011fmen onun, asl\u0131nda 9. y\u00fczy\u0131lda ya\u015fad\u0131\u011f\u0131na inan\u0131l\u0131r. Finlandiya\u2019n\u0131n yaz\u0131ya d\u00f6k\u00fclmemi\u015f halk hikayelerindeki soylu maceralarda, neredeyse s\u0131n\u0131rs\u0131z seviyede b\u00fcy\u00fcler yapmak i\u00e7in \u015fark\u0131lar\u0131n g\u00fcc\u00fcn\u00fc kullanarak, \u00fclkeyi gezdi\u011fi anlat\u0131l\u0131r. V\u00e4in\u00e4m\u00f6inen, modern fantastik kurgu d\u00fcnyas\u0131n\u0131n sihirbaz modeline ilham kayna\u011f\u0131 olmu\u015ftur. Ne zaman bir yazar hikayesine sihir eklemek i\u00e7in ya\u015fl\u0131 bir b\u00fcy\u00fcc\u00fcye ihtiya\u00e7 duysa, yarataca\u011f\u0131 karakterde genellikle V\u00e4in\u00e4m\u00f6inen\u2019den esinlenir. Hatta J.R.R. Tolkien\u2019in \u00fcnl\u00fc sihirbaz\u0131 Gandalf, do\u011frudan V\u00e4in\u00e4m\u00f6inen\u2019e benzetilerek yarat\u0131ld\u0131. V\u00e4in\u00e4m\u00f6inen\u2019in hikayeleri onu hikayelerinin kahraman\u0131 olarak tasvir eder. Ancak g\u00fcn\u00fcm\u00fczde ilham kayna\u011f\u0131 oldu\u011fu b\u00fcy\u00fcc\u00fcler, di\u011fer kahramanlara yard\u0131m eden ikincil rollerde tasvir ediliyor.<\/p>\n<h3>Johann Reuchlin (1455 \u20131522)<\/h3>\n<figure id=\"attachment_115409\" aria-describedby=\"caption-attachment-115409\" style=\"width: 539px\" class=\"wp-caption aligncenter\"><img loading=\"lazy\" decoding=\"async\" class=\"size-large wp-image-115409\" src=\"https:\/\/epochtimestr.com\/wp-content\/uploads\/2011y\/Reuchlin_Hutten_Luther_1521-539x400.jpg\" alt=\"\" width=\"539\" height=\"400\" srcset=\"https:\/\/epochtimestr.com\/wp-content\/uploads\/2011y\/Reuchlin_Hutten_Luther_1521-539x400.jpg 539w, https:\/\/epochtimestr.com\/wp-content\/uploads\/2011y\/Reuchlin_Hutten_Luther_1521-600x445.jpg 600w, https:\/\/epochtimestr.com\/wp-content\/uploads\/2011y\/Reuchlin_Hutten_Luther_1521-150x111.jpg 150w, https:\/\/epochtimestr.com\/wp-content\/uploads\/2011y\/Reuchlin_Hutten_Luther_1521-300x223.jpg 300w, https:\/\/epochtimestr.com\/wp-content\/uploads\/2011y\/Reuchlin_Hutten_Luther_1521-768x570.jpg 768w, https:\/\/epochtimestr.com\/wp-content\/uploads\/2011y\/Reuchlin_Hutten_Luther_1521-86x64.jpg 86w, https:\/\/epochtimestr.com\/wp-content\/uploads\/2011y\/Reuchlin_Hutten_Luther_1521.jpg 1348w\" sizes=\"(max-width: 539px) 100vw, 539px\" \/><figcaption id=\"caption-attachment-115409\" class=\"wp-caption-text\">Johannes Reuchlin\u2019in muhtemelen tek ger\u00e7ek portresi, Thomas Murner\u2019\u0131n \u201cHistory von den Fier Ketzren Prediger Ordens\u201d isimli grav\u00fcr\u00fcnden bir detay. 1521\u2019de Almanya\u2019n\u0131n Strassburg kentinde bas\u0131lm\u0131\u015ft\u0131r. Solda: Johannes Reuchlin, ortada: Ulrich von Hutten, sa\u011fda: Martin Luther. (Wikimedia Commons)<\/figcaption><\/figure>\n<p>Johann tan\u0131nm\u0131\u015f bir Alman bilim adam\u0131, dilbilimci, tarih\u00e7i, okutman ve yazard\u0131. \u0130branice dili \u00fczerine yapt\u0131\u011f\u0131 \u00e7al\u0131\u015fmalar s\u0131ras\u0131nda, isimleri olu\u015fturan harfleri ve di\u011fer ipu\u00e7lar\u0131n\u0131, meleklerle ileti\u015fim kurma yollar\u0131n\u0131 \u00e7\u00f6zmek ve Tanr\u0131\u2019n\u0131n s\u00f6z\u00fcn\u00fc insanlara vermek i\u00e7in kulland\u0131. Daha sonra bu konuyla ilgili iki kitap yazd\u0131. Melekleri \u00e7a\u011f\u0131rabilme yetene\u011fi ile itibar kazand\u0131, ancak bu g\u00fcce sahip oldu\u011funu iddia etti\u011fine dair hi\u00e7bir kan\u0131t yoktur. Onun amac\u0131, insanlar\u0131n Tanr\u0131\u2019n\u0131n iradesini daha iyi anlamalar\u0131na yard\u0131mc\u0131 olmakt\u0131, ama \u00e7o\u011fu zaman do\u011fa\u00fcst\u00fc yetenekleri olan biri oldu\u011funu reddetti.<\/p>\n<h3>Michel de Nostredame (Nostradamus) (1503 -1566)<\/h3>\n<figure id=\"attachment_115411\" aria-describedby=\"caption-attachment-115411\" style=\"width: 233px\" class=\"wp-caption aligncenter\"><img loading=\"lazy\" decoding=\"async\" class=\"size-large wp-image-115411\" src=\"https:\/\/epochtimestr.com\/wp-content\/uploads\/2011y\/Nostradamus_portrait_ca1690-233x400.jpg\" alt=\"\" width=\"233\" height=\"400\" srcset=\"https:\/\/epochtimestr.com\/wp-content\/uploads\/2011y\/Nostradamus_portrait_ca1690-233x400.jpg 233w, https:\/\/epochtimestr.com\/wp-content\/uploads\/2011y\/Nostradamus_portrait_ca1690-87x150.jpg 87w, https:\/\/epochtimestr.com\/wp-content\/uploads\/2011y\/Nostradamus_portrait_ca1690-175x300.jpg 175w, https:\/\/epochtimestr.com\/wp-content\/uploads\/2011y\/Nostradamus_portrait_ca1690.jpg 334w\" sizes=\"(max-width: 233px) 100vw, 233px\" \/><figcaption id=\"caption-attachment-115411\" class=\"wp-caption-text\">Nostradamus bir portresi, 1690. (Wikimedia Commons)<\/figcaption><\/figure>\n<p>Nostradamus, d\u00f6rtl\u00fcklerinin gelece\u011fi s\u00f6yledi\u011fine h\u00e2l\u00e2 inan\u0131lan, pop\u00fcler bir Frans\u0131z kahindi. Baz\u0131lar\u0131 onun 950 kehanetinin \u00e7ok belirsiz oldu\u011funu, sonradan anla\u015f\u0131lan faydalar\u0131 ile neredeyse her olay\u0131 tahmin etmenin m\u00fcmk\u00fcn oldu\u011funu iddia eder. Ancak ya\u015fam\u0131 boyunca ger\u00e7ekle\u015ftirdi\u011fi baz\u0131 kehanetler \u00e7ok iyi belgelendirilmi\u015ftir. Nostradamus bir g\u00fcn Peretti ad\u0131ndaki al\u00e7akg\u00f6n\u00fcll\u00fc bir ke\u015fi\u015fin \u00f6n\u00fcnde diz \u00e7\u00f6km\u00fc\u015f, bu ke\u015fi\u015fin papa olaca\u011f\u0131n\u0131 s\u00f6ylemi\u015ftir. 32 y\u0131l sonra o ke\u015fi\u015f, Papa V. Sixtus olmu\u015ftur. Nostradamus, sadece Fransa Kral\u0131 II. Henry&#8217;nin g\u00f6z\u00fcndeki bir k\u0131ym\u0131ktan \u00f6lece\u011fiyle ilgili \u015fifreli bir kehanet yazmad\u0131. Ayn\u0131 zamanda Kral&#8217;a kehanetinin tuhaf bir atl\u0131 m\u0131zrak d\u00f6v\u00fc\u015f\u00fc kazas\u0131na dayand\u0131\u011f\u0131n\u0131 a\u00e7\u0131klad\u0131. Bu kaza daha sonra t\u0131pk\u0131 onun \u00f6ng\u00f6rd\u00fc\u011f\u00fc \u015fekilde ger\u00e7ekle\u015fti. Nostradamus\u2019un kehanetlerinin \u00e7o\u011funun a\u00e7\u0131k ve net yap\u0131s\u0131 nedeniyle, o genellikle resimlerde ve filmlerde karanl\u0131kta ve k\u00f6t\u00fc bir insan olarak tasvir edilir. Ama o sadece gelece\u011fi g\u00f6rd\u00fc ve insanlar\u0131 uyard\u0131. Hi\u00e7bir zaman bir zarara neden olmad\u0131.<\/p>\n<p>&nbsp;<\/p>\n<p>Bu yaz\u0131 Paranormal Derne\u011fi&#8217;nin izni ile yeniden yay\u0131nlanm\u0131\u015ft\u0131r. Dr. Paul Paranormal Derne\u011fi&#8217;nin paranormal hakk\u0131ndaki be\u015f kitab\u0131n\u0131n yazar\u0131d\u0131r.<\/p>\n<p>&nbsp;<\/p>\n<p><em>Yeni bilim s\u0131n\u0131rlar\u0131n\u0131 ke\u015ffetmeye devam etmek i\u00e7in websitemizi ve Facebook\u2019daki\u00a0<a href=\"https:\/\/www.facebook.com\/theepochtimestr\">Epoch Times T\u00fcrkiye<\/a>\u00a0sayfas\u0131n\u0131 ziyaret edin!<\/em><\/p>\n<p><em>Epoch Times, mevcut bilgilerimize meydan okuyan olaylar ve teoriler ile ilgili ara\u015ft\u0131rmalar\u0131 ve s\u00f6ylentileri ara\u015ft\u0131r\u0131yor. Biz, hayal g\u00fcc\u00fcm\u00fcz\u00fc canland\u0131racak ve yeni olanaklar yaratacak fikirleri ara\u015ft\u0131r\u0131yoruz.\u00a0<\/em><a href=\"https:\/\/www.facebook.com\/theepochtimestr\"><em>Facebook sayfam\u0131zdan<\/em><\/a><em>, bazen tart\u0131\u015fmal\u0131 da olabilen konular hakk\u0131nda d\u00fc\u015f\u00fcncelerinizi bizimle payla\u015f\u0131n.<\/em><\/p>\n<p>Haberi yazan:\u00a0Dr. Paul, Epochtimes<\/p>\n<p>\u00c7eviren: Hatice Atmaca, Epoch Times T\u00fcrkiye<\/p>\n<p>&nbsp;<\/p>\n","protected":false},"excerpt":{"rendered":"<p>D\u00fcnyan\u0131n her yerinde efsanelerde ve halk aras\u0131nda anlat\u0131lan hikayelerde, aram\u0131zdan gelip ge\u00e7mi\u015f do\u011fa\u00fcst\u00fc kabiliyetleri olan insanlar anlat\u0131l\u0131r. Onlar\u0131n yetenekleri Tanr\u0131ya, \u015feytana, do\u011faya ya da baz\u0131 ba\u015fka kaynaklara dayand\u0131r\u0131lsa da, antik d\u00fcnyada \u00e7ok say\u0131da insan\u0131n b\u00fcy\u00fcc\u00fcl\u00fck yapt\u0131\u011f\u0131 anlat\u0131lan kay\u0131tlar vard\u0131r. Tarih \u201cb\u00fcy\u00fcc\u00fc\u201d kelimesine kar\u015f\u0131 nazik de\u011fildir. Bu kelimeyi duydu\u011fumuzda peri masal\u0131 ya da hayal \u00fcr\u00fcn\u00fc oldu\u011funu [&hellip;]<\/p>\n","protected":false},"author":12379,"featured_media":115403,"comment_status":"closed","ping_status":"open","sticky":false,"template":"","format":"standard","meta":{"_yoast_wpseo_focuskw":"","_yoast_wpseo_title":"","_yoast_wpseo_metadesc":"","_bbp_topic_count":0,"_bbp_reply_count":0,"_bbp_total_topic_count":0,"_bbp_total_reply_count":0,"_bbp_voice_count":0,"_bbp_anonymous_reply_count":0,"_bbp_topic_count_hidden":0,"_bbp_reply_count_hidden":0,"_bbp_forum_subforum_count":0,"footnotes":"","_yoast_wpseo_focuskw_text_input":""},"categories":[81,31,519,60],"tags":[],"yoast_head":"<!-- This site is optimized with the Yoast SEO plugin v23.0 - https:\/\/yoast.com\/wordpress\/plugins\/seo\/ -->\n<title>B\u00fcy\u00fcc\u00fcler: Ger\u00e7ekten Ya\u015fad\u0131lar m\u0131? - The Epoch Times TR<\/title>\n<meta name=\"robots\" content=\"index, follow, max-snippet:-1, max-image-preview:large, max-video-preview:-1\" \/>\n<link rel=\"canonical\" href=\"https:\/\/epochtimestr.com\/index.php\/buyuculer-gercekten-yasadilar-mi\" \/>\n<meta property=\"og:locale\" content=\"tr_TR\" \/>\n<meta property=\"og:type\" content=\"article\" \/>\n<meta property=\"og:title\" content=\"B\u00fcy\u00fcc\u00fcler: Ger\u00e7ekten Ya\u015fad\u0131lar m\u0131? - The Epoch Times TR\" \/>\n<meta property=\"og:description\" content=\"D\u00fcnyan\u0131n her yerinde efsanelerde ve halk aras\u0131nda anlat\u0131lan hikayelerde, aram\u0131zdan gelip ge\u00e7mi\u015f do\u011fa\u00fcst\u00fc kabiliyetleri olan insanlar anlat\u0131l\u0131r. Onlar\u0131n yetenekleri Tanr\u0131ya, \u015feytana, do\u011faya ya da baz\u0131 ba\u015fka kaynaklara dayand\u0131r\u0131lsa da, antik d\u00fcnyada \u00e7ok say\u0131da insan\u0131n b\u00fcy\u00fcc\u00fcl\u00fck yapt\u0131\u011f\u0131 anlat\u0131lan kay\u0131tlar vard\u0131r. Tarih \u201cb\u00fcy\u00fcc\u00fc\u201d kelimesine kar\u015f\u0131 nazik de\u011fildir. Bu kelimeyi duydu\u011fumuzda peri masal\u0131 ya da hayal \u00fcr\u00fcn\u00fc oldu\u011funu [&hellip;]\" \/>\n<meta property=\"og:url\" content=\"https:\/\/epochtimestr.com\/index.php\/buyuculer-gercekten-yasadilar-mi\" \/>\n<meta property=\"og:site_name\" content=\"The Epoch Times TR\" \/>\n<meta property=\"article:publisher\" content=\"https:\/\/www.facebook.com\/theepochtimestr\" \/>\n<meta property=\"article:published_time\" content=\"2018-06-15T08:00:16+00:00\" \/>\n<meta property=\"article:modified_time\" content=\"2018-09-26T20:25:22+00:00\" \/>\n<meta property=\"og:image\" content=\"https:\/\/epochtimestr.com\/wp-content\/uploads\/2011y\/Wizards-674x420.jpg\" \/>\n\t<meta property=\"og:image:width\" content=\"674\" \/>\n\t<meta property=\"og:image:height\" content=\"420\" \/>\n\t<meta property=\"og:image:type\" content=\"image\/jpeg\" \/>\n<meta name=\"author\" content=\"Hatice Atmaca\" \/>\n<meta name=\"twitter:card\" content=\"summary_large_image\" \/>\n<meta name=\"twitter:creator\" content=\"@TheEpochTimesTR\" \/>\n<meta name=\"twitter:site\" content=\"@TheEpochTimesTR\" \/>\n<meta name=\"twitter:label1\" content=\"Yazan:\" \/>\n\t<meta name=\"twitter:data1\" content=\"Hatice Atmaca\" \/>\n\t<meta name=\"twitter:label2\" content=\"Tahmini okuma s\u00fcresi\" \/>\n\t<meta name=\"twitter:data2\" content=\"9 dakika\" \/>\n<script type=\"application\/ld+json\" class=\"yoast-schema-graph\">{\"@context\":\"https:\/\/schema.org\",\"@graph\":[{\"@type\":\"Article\",\"@id\":\"https:\/\/epochtimestr.com\/index.php\/buyuculer-gercekten-yasadilar-mi#article\",\"isPartOf\":{\"@id\":\"https:\/\/epochtimestr.com\/index.php\/buyuculer-gercekten-yasadilar-mi\"},\"author\":{\"name\":\"Hatice Atmaca\",\"@id\":\"https:\/\/epochtimestr.com\/#\/schema\/person\/a515b4166e91977b7e9f483ceb142459\"},\"headline\":\"B\u00fcy\u00fcc\u00fcler: Ger\u00e7ekten Ya\u015fad\u0131lar m\u0131?\",\"datePublished\":\"2018-06-15T08:00:16+00:00\",\"dateModified\":\"2018-09-26T20:25:22+00:00\",\"mainEntityOfPage\":{\"@id\":\"https:\/\/epochtimestr.com\/index.php\/buyuculer-gercekten-yasadilar-mi\"},\"wordCount\":1735,\"publisher\":{\"@id\":\"https:\/\/epochtimestr.com\/#organization\"},\"image\":{\"@id\":\"https:\/\/epochtimestr.com\/index.php\/buyuculer-gercekten-yasadilar-mi#primaryimage\"},\"thumbnailUrl\":\"https:\/\/epochtimestr.com\/wp-content\/uploads\/2011y\/Wizards-674x420.jpg\",\"articleSection\":[\"Bilim \u00d6tesi\",\"B\u0130L\u0130M ve \u00d6TES\u0130\",\"ED\u0130T\u00d6R\u00dcN SE\u00c7\u0130M\u0130\",\"Taslak'da b\u0131rak\"],\"inLanguage\":\"tr\"},{\"@type\":\"WebPage\",\"@id\":\"https:\/\/epochtimestr.com\/index.php\/buyuculer-gercekten-yasadilar-mi\",\"url\":\"https:\/\/epochtimestr.com\/index.php\/buyuculer-gercekten-yasadilar-mi\",\"name\":\"B\u00fcy\u00fcc\u00fcler: Ger\u00e7ekten Ya\u015fad\u0131lar m\u0131? - The Epoch Times TR\",\"isPartOf\":{\"@id\":\"https:\/\/epochtimestr.com\/#website\"},\"primaryImageOfPage\":{\"@id\":\"https:\/\/epochtimestr.com\/index.php\/buyuculer-gercekten-yasadilar-mi#primaryimage\"},\"image\":{\"@id\":\"https:\/\/epochtimestr.com\/index.php\/buyuculer-gercekten-yasadilar-mi#primaryimage\"},\"thumbnailUrl\":\"https:\/\/epochtimestr.com\/wp-content\/uploads\/2011y\/Wizards-674x420.jpg\",\"datePublished\":\"2018-06-15T08:00:16+00:00\",\"dateModified\":\"2018-09-26T20:25:22+00:00\",\"inLanguage\":\"tr\",\"potentialAction\":[{\"@type\":\"ReadAction\",\"target\":[\"https:\/\/epochtimestr.com\/index.php\/buyuculer-gercekten-yasadilar-mi\"]}]},{\"@type\":\"ImageObject\",\"inLanguage\":\"tr\",\"@id\":\"https:\/\/epochtimestr.com\/index.php\/buyuculer-gercekten-yasadilar-mi#primaryimage\",\"url\":\"https:\/\/epochtimestr.com\/wp-content\/uploads\/2011y\/Wizards-674x420.jpg\",\"contentUrl\":\"https:\/\/epochtimestr.com\/wp-content\/uploads\/2011y\/Wizards-674x420.jpg\",\"width\":674,\"height\":420},{\"@type\":\"WebSite\",\"@id\":\"https:\/\/epochtimestr.com\/#website\",\"url\":\"https:\/\/epochtimestr.com\/\",\"name\":\"The Epoch Times TR\",\"description\":\"De\u011fi\u015fen D\u00fcnyam\u0131za Taze Bir Bak\u0131\u015f\",\"publisher\":{\"@id\":\"https:\/\/epochtimestr.com\/#organization\"},\"potentialAction\":[{\"@type\":\"SearchAction\",\"target\":{\"@type\":\"EntryPoint\",\"urlTemplate\":\"https:\/\/epochtimestr.com\/?s={search_term_string}\"},\"query-input\":\"required name=search_term_string\"}],\"inLanguage\":\"tr\"},{\"@type\":\"Organization\",\"@id\":\"https:\/\/epochtimestr.com\/#organization\",\"name\":\"The EpochTimes T\u00fcrkiye\",\"url\":\"https:\/\/epochtimestr.com\/\",\"logo\":{\"@type\":\"ImageObject\",\"inLanguage\":\"tr\",\"@id\":\"https:\/\/epochtimestr.com\/#\/schema\/logo\/image\/\",\"url\":\"https:\/\/epochtimestr.com\/wp-content\/uploads\/2011y\/ET-Logo-YG.jpg\",\"contentUrl\":\"https:\/\/epochtimestr.com\/wp-content\/uploads\/2011y\/ET-Logo-YG.jpg\",\"width\":346,\"height\":29,\"caption\":\"The EpochTimes T\u00fcrkiye\"},\"image\":{\"@id\":\"https:\/\/epochtimestr.com\/#\/schema\/logo\/image\/\"},\"sameAs\":[\"https:\/\/www.facebook.com\/theepochtimestr\",\"https:\/\/x.com\/TheEpochTimesTR\",\"https:\/\/www.instagram.com\/epochtimestr\"]},{\"@type\":\"Person\",\"@id\":\"https:\/\/epochtimestr.com\/#\/schema\/person\/a515b4166e91977b7e9f483ceb142459\",\"name\":\"Hatice Atmaca\",\"image\":{\"@type\":\"ImageObject\",\"inLanguage\":\"tr\",\"@id\":\"https:\/\/epochtimestr.com\/#\/schema\/person\/image\/\",\"url\":\"https:\/\/secure.gravatar.com\/avatar\/dd49aabd0aeaecbc0ecbce954119ae42?s=96&d=mm&r=g\",\"contentUrl\":\"https:\/\/secure.gravatar.com\/avatar\/dd49aabd0aeaecbc0ecbce954119ae42?s=96&d=mm&r=g\",\"caption\":\"Hatice Atmaca\"},\"url\":\"https:\/\/epochtimestr.com\/index.php\/author\/hatice\"}]}<\/script>\n<!-- \/ Yoast SEO plugin. -->","yoast_head_json":{"title":"B\u00fcy\u00fcc\u00fcler: Ger\u00e7ekten Ya\u015fad\u0131lar m\u0131? - The Epoch Times TR","robots":{"index":"index","follow":"follow","max-snippet":"max-snippet:-1","max-image-preview":"max-image-preview:large","max-video-preview":"max-video-preview:-1"},"canonical":"https:\/\/epochtimestr.com\/index.php\/buyuculer-gercekten-yasadilar-mi","og_locale":"tr_TR","og_type":"article","og_title":"B\u00fcy\u00fcc\u00fcler: Ger\u00e7ekten Ya\u015fad\u0131lar m\u0131? - The Epoch Times TR","og_description":"D\u00fcnyan\u0131n her yerinde efsanelerde ve halk aras\u0131nda anlat\u0131lan hikayelerde, aram\u0131zdan gelip ge\u00e7mi\u015f do\u011fa\u00fcst\u00fc kabiliyetleri olan insanlar anlat\u0131l\u0131r. Onlar\u0131n yetenekleri Tanr\u0131ya, \u015feytana, do\u011faya ya da baz\u0131 ba\u015fka kaynaklara dayand\u0131r\u0131lsa da, antik d\u00fcnyada \u00e7ok say\u0131da insan\u0131n b\u00fcy\u00fcc\u00fcl\u00fck yapt\u0131\u011f\u0131 anlat\u0131lan kay\u0131tlar vard\u0131r. Tarih \u201cb\u00fcy\u00fcc\u00fc\u201d kelimesine kar\u015f\u0131 nazik de\u011fildir. Bu kelimeyi duydu\u011fumuzda peri masal\u0131 ya da hayal \u00fcr\u00fcn\u00fc oldu\u011funu [&hellip;]","og_url":"https:\/\/epochtimestr.com\/index.php\/buyuculer-gercekten-yasadilar-mi","og_site_name":"The Epoch Times TR","article_publisher":"https:\/\/www.facebook.com\/theepochtimestr","article_published_time":"2018-06-15T08:00:16+00:00","article_modified_time":"2018-09-26T20:25:22+00:00","og_image":[{"width":674,"height":420,"url":"https:\/\/epochtimestr.com\/wp-content\/uploads\/2011y\/Wizards-674x420.jpg","type":"image\/jpeg"}],"author":"Hatice Atmaca","twitter_card":"summary_large_image","twitter_creator":"@TheEpochTimesTR","twitter_site":"@TheEpochTimesTR","twitter_misc":{"Yazan:":"Hatice Atmaca","Tahmini okuma s\u00fcresi":"9 dakika"},"schema":{"@context":"https:\/\/schema.org","@graph":[{"@type":"Article","@id":"https:\/\/epochtimestr.com\/index.php\/buyuculer-gercekten-yasadilar-mi#article","isPartOf":{"@id":"https:\/\/epochtimestr.com\/index.php\/buyuculer-gercekten-yasadilar-mi"},"author":{"name":"Hatice Atmaca","@id":"https:\/\/epochtimestr.com\/#\/schema\/person\/a515b4166e91977b7e9f483ceb142459"},"headline":"B\u00fcy\u00fcc\u00fcler: Ger\u00e7ekten Ya\u015fad\u0131lar m\u0131?","datePublished":"2018-06-15T08:00:16+00:00","dateModified":"2018-09-26T20:25:22+00:00","mainEntityOfPage":{"@id":"https:\/\/epochtimestr.com\/index.php\/buyuculer-gercekten-yasadilar-mi"},"wordCount":1735,"publisher":{"@id":"https:\/\/epochtimestr.com\/#organization"},"image":{"@id":"https:\/\/epochtimestr.com\/index.php\/buyuculer-gercekten-yasadilar-mi#primaryimage"},"thumbnailUrl":"https:\/\/epochtimestr.com\/wp-content\/uploads\/2011y\/Wizards-674x420.jpg","articleSection":["Bilim \u00d6tesi","B\u0130L\u0130M ve \u00d6TES\u0130","ED\u0130T\u00d6R\u00dcN SE\u00c7\u0130M\u0130","Taslak'da b\u0131rak"],"inLanguage":"tr"},{"@type":"WebPage","@id":"https:\/\/epochtimestr.com\/index.php\/buyuculer-gercekten-yasadilar-mi","url":"https:\/\/epochtimestr.com\/index.php\/buyuculer-gercekten-yasadilar-mi","name":"B\u00fcy\u00fcc\u00fcler: Ger\u00e7ekten Ya\u015fad\u0131lar m\u0131? - The Epoch Times TR","isPartOf":{"@id":"https:\/\/epochtimestr.com\/#website"},"primaryImageOfPage":{"@id":"https:\/\/epochtimestr.com\/index.php\/buyuculer-gercekten-yasadilar-mi#primaryimage"},"image":{"@id":"https:\/\/epochtimestr.com\/index.php\/buyuculer-gercekten-yasadilar-mi#primaryimage"},"thumbnailUrl":"https:\/\/epochtimestr.com\/wp-content\/uploads\/2011y\/Wizards-674x420.jpg","datePublished":"2018-06-15T08:00:16+00:00","dateModified":"2018-09-26T20:25:22+00:00","inLanguage":"tr","potentialAction":[{"@type":"ReadAction","target":["https:\/\/epochtimestr.com\/index.php\/buyuculer-gercekten-yasadilar-mi"]}]},{"@type":"ImageObject","inLanguage":"tr","@id":"https:\/\/epochtimestr.com\/index.php\/buyuculer-gercekten-yasadilar-mi#primaryimage","url":"https:\/\/epochtimestr.com\/wp-content\/uploads\/2011y\/Wizards-674x420.jpg","contentUrl":"https:\/\/epochtimestr.com\/wp-content\/uploads\/2011y\/Wizards-674x420.jpg","width":674,"height":420},{"@type":"WebSite","@id":"https:\/\/epochtimestr.com\/#website","url":"https:\/\/epochtimestr.com\/","name":"The Epoch Times TR","description":"De\u011fi\u015fen D\u00fcnyam\u0131za Taze Bir Bak\u0131\u015f","publisher":{"@id":"https:\/\/epochtimestr.com\/#organization"},"potentialAction":[{"@type":"SearchAction","target":{"@type":"EntryPoint","urlTemplate":"https:\/\/epochtimestr.com\/?s={search_term_string}"},"query-input":"required name=search_term_string"}],"inLanguage":"tr"},{"@type":"Organization","@id":"https:\/\/epochtimestr.com\/#organization","name":"The EpochTimes T\u00fcrkiye","url":"https:\/\/epochtimestr.com\/","logo":{"@type":"ImageObject","inLanguage":"tr","@id":"https:\/\/epochtimestr.com\/#\/schema\/logo\/image\/","url":"https:\/\/epochtimestr.com\/wp-content\/uploads\/2011y\/ET-Logo-YG.jpg","contentUrl":"https:\/\/epochtimestr.com\/wp-content\/uploads\/2011y\/ET-Logo-YG.jpg","width":346,"height":29,"caption":"The EpochTimes T\u00fcrkiye"},"image":{"@id":"https:\/\/epochtimestr.com\/#\/schema\/logo\/image\/"},"sameAs":["https:\/\/www.facebook.com\/theepochtimestr","https:\/\/x.com\/TheEpochTimesTR","https:\/\/www.instagram.com\/epochtimestr"]},{"@type":"Person","@id":"https:\/\/epochtimestr.com\/#\/schema\/person\/a515b4166e91977b7e9f483ceb142459","name":"Hatice Atmaca","image":{"@type":"ImageObject","inLanguage":"tr","@id":"https:\/\/epochtimestr.com\/#\/schema\/person\/image\/","url":"https:\/\/secure.gravatar.com\/avatar\/dd49aabd0aeaecbc0ecbce954119ae42?s=96&d=mm&r=g","contentUrl":"https:\/\/secure.gravatar.com\/avatar\/dd49aabd0aeaecbc0ecbce954119ae42?s=96&d=mm&r=g","caption":"Hatice Atmaca"},"url":"https:\/\/epochtimestr.com\/index.php\/author\/hatice"}]}},"_links":{"self":[{"href":"https:\/\/epochtimestr.com\/index.php\/wp-json\/wp\/v2\/posts\/115402"}],"collection":[{"href":"https:\/\/epochtimestr.com\/index.php\/wp-json\/wp\/v2\/posts"}],"about":[{"href":"https:\/\/epochtimestr.com\/index.php\/wp-json\/wp\/v2\/types\/post"}],"author":[{"embeddable":true,"href":"https:\/\/epochtimestr.com\/index.php\/wp-json\/wp\/v2\/users\/12379"}],"replies":[{"embeddable":true,"href":"https:\/\/epochtimestr.com\/index.php\/wp-json\/wp\/v2\/comments?post=115402"}],"version-history":[{"count":1,"href":"https:\/\/epochtimestr.com\/index.php\/wp-json\/wp\/v2\/posts\/115402\/revisions"}],"predecessor-version":[{"id":115413,"href":"https:\/\/epochtimestr.com\/index.php\/wp-json\/wp\/v2\/posts\/115402\/revisions\/115413"}],"wp:featuredmedia":[{"embeddable":true,"href":"https:\/\/epochtimestr.com\/index.php\/wp-json\/wp\/v2\/media\/115403"}],"wp:attachment":[{"href":"https:\/\/epochtimestr.com\/index.php\/wp-json\/wp\/v2\/media?parent=115402"}],"wp:term":[{"taxonomy":"category","embeddable":true,"href":"https:\/\/epochtimestr.com\/index.php\/wp-json\/wp\/v2\/categories?post=115402"},{"taxonomy":"post_tag","embeddable":true,"href":"https:\/\/epochtimestr.com\/index.php\/wp-json\/wp\/v2\/tags?post=115402"}],"curies":[{"name":"wp","href":"https:\/\/api.w.org\/{rel}","templated":true}]}}