{"id":116831,"date":"2018-09-03T07:59:33","date_gmt":"2018-09-03T04:59:33","guid":{"rendered":"http:\/\/epochtimestr.com\/?p=116831"},"modified":"2018-09-03T07:59:33","modified_gmt":"2018-09-03T04:59:33","slug":"sri-lanka-cay-ticaretinde-dunyanin-merkezi","status":"publish","type":"post","link":"https:\/\/epochtimestr.com\/index.php\/sri-lanka-cay-ticaretinde-dunyanin-merkezi","title":{"rendered":"Sri Lanka: \u00c7ay Ticaretinde D\u00fcnyan\u0131n Merkezi"},"content":{"rendered":"<p><img loading=\"lazy\" decoding=\"async\" class=\"alignnone size-large wp-image-116832\" src=\"https:\/\/epochtimestr.com\/wp-content\/uploads\/2011y\/\u00e7ay-hasad\u0131-tarla-kad\u0131n-600x336.jpg\" alt=\"\" width=\"600\" height=\"336\" srcset=\"https:\/\/epochtimestr.com\/wp-content\/uploads\/2011y\/\u00e7ay-hasad\u0131-tarla-kad\u0131n-600x336.jpg 600w, https:\/\/epochtimestr.com\/wp-content\/uploads\/2011y\/\u00e7ay-hasad\u0131-tarla-kad\u0131n-150x84.jpg 150w, https:\/\/epochtimestr.com\/wp-content\/uploads\/2011y\/\u00e7ay-hasad\u0131-tarla-kad\u0131n-300x168.jpg 300w, https:\/\/epochtimestr.com\/wp-content\/uploads\/2011y\/\u00e7ay-hasad\u0131-tarla-kad\u0131n-768x430.jpg 768w, https:\/\/epochtimestr.com\/wp-content\/uploads\/2011y\/\u00e7ay-hasad\u0131-tarla-kad\u0131n.jpg 960w\" sizes=\"(max-width: 600px) 100vw, 600px\" \/><\/p>\n<p>Son 4 ku\u015fakt\u0131r \u00e7ay ticareti ile u\u011fra\u015fan Mohamed Faizal, hasat d\u00f6neminin y\u0131l i\u00e7erisinde hava \u015fartlar\u0131na g\u00f6re de\u011fi\u015fti\u011fini s\u00f6yledi. Kendisinin her hafta 200 ton \u00e7ay satt\u0131\u011f\u0131n\u0131 s\u00f6yleyen Faizal;<\/p>\n<p>&#8220;Sri Lanka\u2019da \u00e7ay orta y\u00fcksek ve tepelerde \u00fcretiliyor. \u00c7ay ihracat\u0131 2018&#8217;in ilk yar\u0131s\u0131nda y\u0131ll\u0131k bazda y\u00fczde 0,3 oran\u0131nda geriledi. Bu gerileme ile \u00e7ay ihracat\u0131 y\u00fczde 0.19, \u00e7ay paket ihracat\u0131 y\u00fczde 0,78 azald\u0131 ve 718,2 milyon dolar oldu&#8221;<\/p>\n<p>&#8220;Seylan \u00e7ay\u0131 sadece bir ihracat de\u011fil, Sri Lanka&#8217;n\u0131n g\u00fcnl\u00fck ya\u015fam\u0131n\u0131n vazge\u00e7ilmez bir par\u00e7as\u0131. Burada insanlar sabahtan ak\u015fama kadar \u00e7ay i\u00e7ebilir. Ofis \u00e7al\u0131\u015fanlar\u0131, kamu \u00e7al\u0131\u015fanlar\u0131, \u00f6\u011frenciler ve adadaki herkes taraf\u0131ndan t\u00fcketiliyor. \u00c7ay burada bir ya\u015fam \u015fekli haline geldi. Sri Lanka\u2019n\u0131n \u00e7ay\u0131n merkezi olarak g\u00f6r\u00fclmesinde ise bu neden var. Buraya gelen turistler ya da i\u015f adamlar\u0131 de\u011fi\u015fik tatlarda \u00e7aylar i\u00e7ebiliyorlar, tropikal meyvelerin aramas\u0131n\u0131 da \u00e7aya ekliyoruz ve \u00e7ok g\u00fczel bir geri d\u00f6n\u00fc\u015f\u00fcm almaya ba\u015flad\u0131k&#8221; \u015feklinde konu\u015ftu.<\/p>\n<p>Tarih boyunca krallar taraf\u0131ndan t\u00fcketilen beyaz \u00e7ay, T\u00fcrkiye&#8217;de de son y\u0131llarda sat\u0131\u015fa sunulmaya ba\u015flad\u0131.<\/p>\n<p>Bir \u00e7ok sa\u011fl\u0131k tedavisinde kullan\u0131lan beyaz \u00e7ay di\u011fer \u00e7aylara g\u00f6re daha bir zahmet istedi\u011finden ve toplamas\u0131 zor oldu\u011fundan Sri Lanka&#8217;da da Tr\u00fckiye&#8217;de oldu\u011fu gibi 40 veya 50 graml\u0131k paketler halinde sat\u0131l\u0131yor.<\/p>\n<p>\u00c7ay toptanc\u0131s\u0131 Mohamed Faizal, beyaz \u00e7aya \u00f6zellikle Arap zenginlerinin ilgi duydu\u011funu belirterek, &#8220;Sri Lanka her ne kadar \u00e7ay\u0131n merkezi olarak da an\u0131lsa beyaz \u00e7ay da burada \u00e7ok az bulunuyor. \u00c7ok fazla ra\u011fbet g\u00f6ren bir \u00e7ay t\u00fcr\u00fc, \u00f6zellikle zenginler her yeme\u011fin ard\u0131ndan bu \u00e7aydan bir bardak i\u00e7iyorlar. \u00d6zellikle Araplar bu \u00e7ay\u0131 \u00e7ok fazla istedi\u011finden fiyatlar\u0131n artmas\u0131na da neden oluyorlar&#8221; \u015feklinde konu\u015ftu.<\/p>\n","protected":false},"excerpt":{"rendered":"<p>Son 4 ku\u015fakt\u0131r \u00e7ay ticareti ile u\u011fra\u015fan Mohamed Faizal, hasat d\u00f6neminin y\u0131l i\u00e7erisinde hava \u015fartlar\u0131na g\u00f6re de\u011fi\u015fti\u011fini s\u00f6yledi. Kendisinin her hafta 200 ton \u00e7ay satt\u0131\u011f\u0131n\u0131 s\u00f6yleyen Faizal; &#8220;Sri Lanka\u2019da \u00e7ay orta y\u00fcksek ve tepelerde \u00fcretiliyor. \u00c7ay ihracat\u0131 2018&#8217;in ilk yar\u0131s\u0131nda y\u0131ll\u0131k bazda y\u00fczde 0,3 oran\u0131nda geriledi. Bu gerileme ile \u00e7ay ihracat\u0131 y\u00fczde 0.19, \u00e7ay paket [&hellip;]<\/p>\n","protected":false},"author":12791,"featured_media":116832,"comment_status":"closed","ping_status":"open","sticky":false,"template":"","format":"standard","meta":{"_yoast_wpseo_focuskw":"","_yoast_wpseo_title":"","_yoast_wpseo_metadesc":"","_bbp_topic_count":0,"_bbp_reply_count":0,"_bbp_total_topic_count":0,"_bbp_total_reply_count":0,"_bbp_voice_count":0,"_bbp_anonymous_reply_count":0,"_bbp_topic_count_hidden":0,"_bbp_reply_count_hidden":0,"_bbp_forum_subforum_count":0,"footnotes":"","_yoast_wpseo_focuskw_text_input":""},"categories":[5],"tags":[],"yoast_head":"<!-- This site is optimized with the Yoast SEO plugin v23.0 - https:\/\/yoast.com\/wordpress\/plugins\/seo\/ -->\n<title>Sri Lanka: \u00c7ay Ticaretinde D\u00fcnyan\u0131n Merkezi - The Epoch Times TR<\/title>\n<meta name=\"robots\" content=\"index, follow, max-snippet:-1, max-image-preview:large, max-video-preview:-1\" \/>\n<link rel=\"canonical\" href=\"https:\/\/epochtimestr.com\/index.php\/sri-lanka-cay-ticaretinde-dunyanin-merkezi\" \/>\n<meta property=\"og:locale\" content=\"tr_TR\" \/>\n<meta property=\"og:type\" content=\"article\" \/>\n<meta property=\"og:title\" content=\"Sri Lanka: \u00c7ay Ticaretinde D\u00fcnyan\u0131n Merkezi - The Epoch Times TR\" \/>\n<meta property=\"og:description\" content=\"Son 4 ku\u015fakt\u0131r \u00e7ay ticareti ile u\u011fra\u015fan Mohamed Faizal, hasat d\u00f6neminin y\u0131l i\u00e7erisinde hava \u015fartlar\u0131na g\u00f6re de\u011fi\u015fti\u011fini s\u00f6yledi. Kendisinin her hafta 200 ton \u00e7ay satt\u0131\u011f\u0131n\u0131 s\u00f6yleyen Faizal; &#8220;Sri Lanka\u2019da \u00e7ay orta y\u00fcksek ve tepelerde \u00fcretiliyor. \u00c7ay ihracat\u0131 2018&#8217;in ilk yar\u0131s\u0131nda y\u0131ll\u0131k bazda y\u00fczde 0,3 oran\u0131nda geriledi. Bu gerileme ile \u00e7ay ihracat\u0131 y\u00fczde 0.19, \u00e7ay paket [&hellip;]\" \/>\n<meta property=\"og:url\" content=\"https:\/\/epochtimestr.com\/index.php\/sri-lanka-cay-ticaretinde-dunyanin-merkezi\" \/>\n<meta property=\"og:site_name\" content=\"The Epoch Times TR\" \/>\n<meta property=\"article:publisher\" content=\"https:\/\/www.facebook.com\/theepochtimestr\" \/>\n<meta property=\"article:published_time\" content=\"2018-09-03T04:59:33+00:00\" \/>\n<meta property=\"og:image\" content=\"https:\/\/epochtimestr.com\/wp-content\/uploads\/2011y\/\u00e7ay-hasad\u0131-tarla-kad\u0131n.jpg\" \/>\n\t<meta property=\"og:image:width\" content=\"960\" \/>\n\t<meta property=\"og:image:height\" content=\"538\" \/>\n\t<meta property=\"og:image:type\" content=\"image\/jpeg\" \/>\n<meta name=\"author\" content=\"Haber Merkezi\" \/>\n<meta name=\"twitter:card\" content=\"summary_large_image\" \/>\n<meta name=\"twitter:creator\" content=\"@TheEpochTimesTR\" \/>\n<meta name=\"twitter:site\" content=\"@TheEpochTimesTR\" \/>\n<meta name=\"twitter:label1\" content=\"Yazan:\" \/>\n\t<meta name=\"twitter:data1\" content=\"Haber Merkezi\" \/>\n\t<meta name=\"twitter:label2\" content=\"Tahmini okuma s\u00fcresi\" \/>\n\t<meta name=\"twitter:data2\" content=\"2 dakika\" \/>\n<script type=\"application\/ld+json\" class=\"yoast-schema-graph\">{\"@context\":\"https:\/\/schema.org\",\"@graph\":[{\"@type\":\"Article\",\"@id\":\"https:\/\/epochtimestr.com\/index.php\/sri-lanka-cay-ticaretinde-dunyanin-merkezi#article\",\"isPartOf\":{\"@id\":\"https:\/\/epochtimestr.com\/index.php\/sri-lanka-cay-ticaretinde-dunyanin-merkezi\"},\"author\":{\"name\":\"Haber Merkezi\",\"@id\":\"https:\/\/epochtimestr.com\/#\/schema\/person\/3dc5c3adeb9f43923c5aa85889172fdd\"},\"headline\":\"Sri Lanka: \u00c7ay Ticaretinde D\u00fcnyan\u0131n Merkezi\",\"datePublished\":\"2018-09-03T04:59:33+00:00\",\"dateModified\":\"2018-09-03T04:59:33+00:00\",\"mainEntityOfPage\":{\"@id\":\"https:\/\/epochtimestr.com\/index.php\/sri-lanka-cay-ticaretinde-dunyanin-merkezi\"},\"wordCount\":331,\"publisher\":{\"@id\":\"https:\/\/epochtimestr.com\/#organization\"},\"image\":{\"@id\":\"https:\/\/epochtimestr.com\/index.php\/sri-lanka-cay-ticaretinde-dunyanin-merkezi#primaryimage\"},\"thumbnailUrl\":\"https:\/\/epochtimestr.com\/wp-content\/uploads\/2011y\/\u00e7ay-hasad\u0131-tarla-kad\u0131n.jpg\",\"articleSection\":[\"D\u00dcNYA\"],\"inLanguage\":\"tr\"},{\"@type\":\"WebPage\",\"@id\":\"https:\/\/epochtimestr.com\/index.php\/sri-lanka-cay-ticaretinde-dunyanin-merkezi\",\"url\":\"https:\/\/epochtimestr.com\/index.php\/sri-lanka-cay-ticaretinde-dunyanin-merkezi\",\"name\":\"Sri Lanka: \u00c7ay Ticaretinde D\u00fcnyan\u0131n Merkezi - The Epoch Times TR\",\"isPartOf\":{\"@id\":\"https:\/\/epochtimestr.com\/#website\"},\"primaryImageOfPage\":{\"@id\":\"https:\/\/epochtimestr.com\/index.php\/sri-lanka-cay-ticaretinde-dunyanin-merkezi#primaryimage\"},\"image\":{\"@id\":\"https:\/\/epochtimestr.com\/index.php\/sri-lanka-cay-ticaretinde-dunyanin-merkezi#primaryimage\"},\"thumbnailUrl\":\"https:\/\/epochtimestr.com\/wp-content\/uploads\/2011y\/\u00e7ay-hasad\u0131-tarla-kad\u0131n.jpg\",\"datePublished\":\"2018-09-03T04:59:33+00:00\",\"dateModified\":\"2018-09-03T04:59:33+00:00\",\"inLanguage\":\"tr\",\"potentialAction\":[{\"@type\":\"ReadAction\",\"target\":[\"https:\/\/epochtimestr.com\/index.php\/sri-lanka-cay-ticaretinde-dunyanin-merkezi\"]}]},{\"@type\":\"ImageObject\",\"inLanguage\":\"tr\",\"@id\":\"https:\/\/epochtimestr.com\/index.php\/sri-lanka-cay-ticaretinde-dunyanin-merkezi#primaryimage\",\"url\":\"https:\/\/epochtimestr.com\/wp-content\/uploads\/2011y\/\u00e7ay-hasad\u0131-tarla-kad\u0131n.jpg\",\"contentUrl\":\"https:\/\/epochtimestr.com\/wp-content\/uploads\/2011y\/\u00e7ay-hasad\u0131-tarla-kad\u0131n.jpg\",\"width\":960,\"height\":538},{\"@type\":\"WebSite\",\"@id\":\"https:\/\/epochtimestr.com\/#website\",\"url\":\"https:\/\/epochtimestr.com\/\",\"name\":\"The Epoch Times TR\",\"description\":\"De\u011fi\u015fen D\u00fcnyam\u0131za Taze Bir Bak\u0131\u015f\",\"publisher\":{\"@id\":\"https:\/\/epochtimestr.com\/#organization\"},\"potentialAction\":[{\"@type\":\"SearchAction\",\"target\":{\"@type\":\"EntryPoint\",\"urlTemplate\":\"https:\/\/epochtimestr.com\/?s={search_term_string}\"},\"query-input\":\"required name=search_term_string\"}],\"inLanguage\":\"tr\"},{\"@type\":\"Organization\",\"@id\":\"https:\/\/epochtimestr.com\/#organization\",\"name\":\"The EpochTimes T\u00fcrkiye\",\"url\":\"https:\/\/epochtimestr.com\/\",\"logo\":{\"@type\":\"ImageObject\",\"inLanguage\":\"tr\",\"@id\":\"https:\/\/epochtimestr.com\/#\/schema\/logo\/image\/\",\"url\":\"https:\/\/epochtimestr.com\/wp-content\/uploads\/2011y\/ET-Logo-YG.jpg\",\"contentUrl\":\"https:\/\/epochtimestr.com\/wp-content\/uploads\/2011y\/ET-Logo-YG.jpg\",\"width\":346,\"height\":29,\"caption\":\"The EpochTimes T\u00fcrkiye\"},\"image\":{\"@id\":\"https:\/\/epochtimestr.com\/#\/schema\/logo\/image\/\"},\"sameAs\":[\"https:\/\/www.facebook.com\/theepochtimestr\",\"https:\/\/x.com\/TheEpochTimesTR\",\"https:\/\/www.instagram.com\/epochtimestr\"]},{\"@type\":\"Person\",\"@id\":\"https:\/\/epochtimestr.com\/#\/schema\/person\/3dc5c3adeb9f43923c5aa85889172fdd\",\"name\":\"Haber Merkezi\",\"image\":{\"@type\":\"ImageObject\",\"inLanguage\":\"tr\",\"@id\":\"https:\/\/epochtimestr.com\/#\/schema\/person\/image\/\",\"url\":\"https:\/\/secure.gravatar.com\/avatar\/d73f772ba5a74f28601361e17c2f93e6?s=96&d=mm&r=g\",\"contentUrl\":\"https:\/\/secure.gravatar.com\/avatar\/d73f772ba5a74f28601361e17c2f93e6?s=96&d=mm&r=g\",\"caption\":\"Haber Merkezi\"},\"url\":\"https:\/\/epochtimestr.com\/index.php\/author\/sendag\"}]}<\/script>\n<!-- \/ Yoast SEO plugin. -->","yoast_head_json":{"title":"Sri Lanka: \u00c7ay Ticaretinde D\u00fcnyan\u0131n Merkezi - The Epoch Times TR","robots":{"index":"index","follow":"follow","max-snippet":"max-snippet:-1","max-image-preview":"max-image-preview:large","max-video-preview":"max-video-preview:-1"},"canonical":"https:\/\/epochtimestr.com\/index.php\/sri-lanka-cay-ticaretinde-dunyanin-merkezi","og_locale":"tr_TR","og_type":"article","og_title":"Sri Lanka: \u00c7ay Ticaretinde D\u00fcnyan\u0131n Merkezi - The Epoch Times TR","og_description":"Son 4 ku\u015fakt\u0131r \u00e7ay ticareti ile u\u011fra\u015fan Mohamed Faizal, hasat d\u00f6neminin y\u0131l i\u00e7erisinde hava \u015fartlar\u0131na g\u00f6re de\u011fi\u015fti\u011fini s\u00f6yledi. Kendisinin her hafta 200 ton \u00e7ay satt\u0131\u011f\u0131n\u0131 s\u00f6yleyen Faizal; &#8220;Sri Lanka\u2019da \u00e7ay orta y\u00fcksek ve tepelerde \u00fcretiliyor. \u00c7ay ihracat\u0131 2018&#8217;in ilk yar\u0131s\u0131nda y\u0131ll\u0131k bazda y\u00fczde 0,3 oran\u0131nda geriledi. Bu gerileme ile \u00e7ay ihracat\u0131 y\u00fczde 0.19, \u00e7ay paket [&hellip;]","og_url":"https:\/\/epochtimestr.com\/index.php\/sri-lanka-cay-ticaretinde-dunyanin-merkezi","og_site_name":"The Epoch Times TR","article_publisher":"https:\/\/www.facebook.com\/theepochtimestr","article_published_time":"2018-09-03T04:59:33+00:00","og_image":[{"width":960,"height":538,"url":"https:\/\/epochtimestr.com\/wp-content\/uploads\/2011y\/\u00e7ay-hasad\u0131-tarla-kad\u0131n.jpg","type":"image\/jpeg"}],"author":"Haber Merkezi","twitter_card":"summary_large_image","twitter_creator":"@TheEpochTimesTR","twitter_site":"@TheEpochTimesTR","twitter_misc":{"Yazan:":"Haber Merkezi","Tahmini okuma s\u00fcresi":"2 dakika"},"schema":{"@context":"https:\/\/schema.org","@graph":[{"@type":"Article","@id":"https:\/\/epochtimestr.com\/index.php\/sri-lanka-cay-ticaretinde-dunyanin-merkezi#article","isPartOf":{"@id":"https:\/\/epochtimestr.com\/index.php\/sri-lanka-cay-ticaretinde-dunyanin-merkezi"},"author":{"name":"Haber Merkezi","@id":"https:\/\/epochtimestr.com\/#\/schema\/person\/3dc5c3adeb9f43923c5aa85889172fdd"},"headline":"Sri Lanka: \u00c7ay Ticaretinde D\u00fcnyan\u0131n Merkezi","datePublished":"2018-09-03T04:59:33+00:00","dateModified":"2018-09-03T04:59:33+00:00","mainEntityOfPage":{"@id":"https:\/\/epochtimestr.com\/index.php\/sri-lanka-cay-ticaretinde-dunyanin-merkezi"},"wordCount":331,"publisher":{"@id":"https:\/\/epochtimestr.com\/#organization"},"image":{"@id":"https:\/\/epochtimestr.com\/index.php\/sri-lanka-cay-ticaretinde-dunyanin-merkezi#primaryimage"},"thumbnailUrl":"https:\/\/epochtimestr.com\/wp-content\/uploads\/2011y\/\u00e7ay-hasad\u0131-tarla-kad\u0131n.jpg","articleSection":["D\u00dcNYA"],"inLanguage":"tr"},{"@type":"WebPage","@id":"https:\/\/epochtimestr.com\/index.php\/sri-lanka-cay-ticaretinde-dunyanin-merkezi","url":"https:\/\/epochtimestr.com\/index.php\/sri-lanka-cay-ticaretinde-dunyanin-merkezi","name":"Sri Lanka: \u00c7ay Ticaretinde D\u00fcnyan\u0131n Merkezi - The Epoch Times TR","isPartOf":{"@id":"https:\/\/epochtimestr.com\/#website"},"primaryImageOfPage":{"@id":"https:\/\/epochtimestr.com\/index.php\/sri-lanka-cay-ticaretinde-dunyanin-merkezi#primaryimage"},"image":{"@id":"https:\/\/epochtimestr.com\/index.php\/sri-lanka-cay-ticaretinde-dunyanin-merkezi#primaryimage"},"thumbnailUrl":"https:\/\/epochtimestr.com\/wp-content\/uploads\/2011y\/\u00e7ay-hasad\u0131-tarla-kad\u0131n.jpg","datePublished":"2018-09-03T04:59:33+00:00","dateModified":"2018-09-03T04:59:33+00:00","inLanguage":"tr","potentialAction":[{"@type":"ReadAction","target":["https:\/\/epochtimestr.com\/index.php\/sri-lanka-cay-ticaretinde-dunyanin-merkezi"]}]},{"@type":"ImageObject","inLanguage":"tr","@id":"https:\/\/epochtimestr.com\/index.php\/sri-lanka-cay-ticaretinde-dunyanin-merkezi#primaryimage","url":"https:\/\/epochtimestr.com\/wp-content\/uploads\/2011y\/\u00e7ay-hasad\u0131-tarla-kad\u0131n.jpg","contentUrl":"https:\/\/epochtimestr.com\/wp-content\/uploads\/2011y\/\u00e7ay-hasad\u0131-tarla-kad\u0131n.jpg","width":960,"height":538},{"@type":"WebSite","@id":"https:\/\/epochtimestr.com\/#website","url":"https:\/\/epochtimestr.com\/","name":"The Epoch Times TR","description":"De\u011fi\u015fen D\u00fcnyam\u0131za Taze Bir Bak\u0131\u015f","publisher":{"@id":"https:\/\/epochtimestr.com\/#organization"},"potentialAction":[{"@type":"SearchAction","target":{"@type":"EntryPoint","urlTemplate":"https:\/\/epochtimestr.com\/?s={search_term_string}"},"query-input":"required name=search_term_string"}],"inLanguage":"tr"},{"@type":"Organization","@id":"https:\/\/epochtimestr.com\/#organization","name":"The EpochTimes T\u00fcrkiye","url":"https:\/\/epochtimestr.com\/","logo":{"@type":"ImageObject","inLanguage":"tr","@id":"https:\/\/epochtimestr.com\/#\/schema\/logo\/image\/","url":"https:\/\/epochtimestr.com\/wp-content\/uploads\/2011y\/ET-Logo-YG.jpg","contentUrl":"https:\/\/epochtimestr.com\/wp-content\/uploads\/2011y\/ET-Logo-YG.jpg","width":346,"height":29,"caption":"The EpochTimes T\u00fcrkiye"},"image":{"@id":"https:\/\/epochtimestr.com\/#\/schema\/logo\/image\/"},"sameAs":["https:\/\/www.facebook.com\/theepochtimestr","https:\/\/x.com\/TheEpochTimesTR","https:\/\/www.instagram.com\/epochtimestr"]},{"@type":"Person","@id":"https:\/\/epochtimestr.com\/#\/schema\/person\/3dc5c3adeb9f43923c5aa85889172fdd","name":"Haber Merkezi","image":{"@type":"ImageObject","inLanguage":"tr","@id":"https:\/\/epochtimestr.com\/#\/schema\/person\/image\/","url":"https:\/\/secure.gravatar.com\/avatar\/d73f772ba5a74f28601361e17c2f93e6?s=96&d=mm&r=g","contentUrl":"https:\/\/secure.gravatar.com\/avatar\/d73f772ba5a74f28601361e17c2f93e6?s=96&d=mm&r=g","caption":"Haber Merkezi"},"url":"https:\/\/epochtimestr.com\/index.php\/author\/sendag"}]}},"_links":{"self":[{"href":"https:\/\/epochtimestr.com\/index.php\/wp-json\/wp\/v2\/posts\/116831"}],"collection":[{"href":"https:\/\/epochtimestr.com\/index.php\/wp-json\/wp\/v2\/posts"}],"about":[{"href":"https:\/\/epochtimestr.com\/index.php\/wp-json\/wp\/v2\/types\/post"}],"author":[{"embeddable":true,"href":"https:\/\/epochtimestr.com\/index.php\/wp-json\/wp\/v2\/users\/12791"}],"replies":[{"embeddable":true,"href":"https:\/\/epochtimestr.com\/index.php\/wp-json\/wp\/v2\/comments?post=116831"}],"version-history":[{"count":1,"href":"https:\/\/epochtimestr.com\/index.php\/wp-json\/wp\/v2\/posts\/116831\/revisions"}],"predecessor-version":[{"id":116833,"href":"https:\/\/epochtimestr.com\/index.php\/wp-json\/wp\/v2\/posts\/116831\/revisions\/116833"}],"wp:featuredmedia":[{"embeddable":true,"href":"https:\/\/epochtimestr.com\/index.php\/wp-json\/wp\/v2\/media\/116832"}],"wp:attachment":[{"href":"https:\/\/epochtimestr.com\/index.php\/wp-json\/wp\/v2\/media?parent=116831"}],"wp:term":[{"taxonomy":"category","embeddable":true,"href":"https:\/\/epochtimestr.com\/index.php\/wp-json\/wp\/v2\/categories?post=116831"},{"taxonomy":"post_tag","embeddable":true,"href":"https:\/\/epochtimestr.com\/index.php\/wp-json\/wp\/v2\/tags?post=116831"}],"curies":[{"name":"wp","href":"https:\/\/api.w.org\/{rel}","templated":true}]}}