{"id":116989,"date":"2018-09-09T12:32:17","date_gmt":"2018-09-09T09:32:17","guid":{"rendered":"http:\/\/epochtimestr.com\/?p=116989"},"modified":"2024-08-12T14:45:11","modified_gmt":"2024-08-12T11:45:11","slug":"mogol-imparatorlugunun-kurucusu-cengiz-han","status":"publish","type":"post","link":"https:\/\/epochtimestr.com\/index.php\/mogol-imparatorlugunun-kurucusu-cengiz-han","title":{"rendered":"Mo\u011fol \u0130mparatorlu\u011funun Kurucusu Cengiz Han"},"content":{"rendered":"<p>Mo\u011folca &#8220;Cengiz&#8221; b\u00fcy\u00fck ve g\u00fc\u00e7l\u00fc, &#8220;Han&#8221; ise lider veya kral anlam\u0131na gelmektedir. Ger\u00e7ek ismi Temu\u00e7in (Temujin)&#8217;in anlam\u0131 ise baz\u0131 tarih\u00e7iler taraf\u0131ndan &#8220;saf \u00e7elik&#8221; anlam\u0131na geldi\u011fine inan\u0131l\u0131r.<\/p>\n<p><iframe loading=\"lazy\" width=\"1170\" height=\"658\" src=\"https:\/\/www.youtube.com\/embed\/aAEmrc0SXdQ?start=38&#038;feature=oembed\" frameborder=\"0\" allow=\"autoplay; encrypted-media\" allowfullscreen><\/iframe><\/p>\n<p>Bir kabile reisi aileye do\u011fan Temu\u00e7in&#8217;in babas\u0131 Tatarlar taraf\u0131ndan zehirlenerek \u00f6ld\u00fcr\u00fcld\u00fc. Kendi kabileleri taraf\u0131ndan ailesiyle terk edildi ve yoksulluk i\u00e7inde ya\u015fayarak g\u00f6\u00e7ebe ya\u015fam\u0131n b\u00fct\u00fcn zorluklar\u0131na katlanmak zorunda kald\u0131. Temujin \u00e7ocukken di\u011fer kabilelerdeki insanlar taraf\u0131ndan s\u0131k\u00e7a a\u015fa\u011f\u0131land\u0131 ve bazen hayat\u0131 risk alt\u0131nda olsa da sava\u015ft\u0131. B\u00fcy\u00fcd\u00fck\u00e7e b\u00fcy\u00fck bir cesaret ve dayan\u0131kl\u0131l\u0131\u011fa sahip kararl\u0131 bir gen\u00e7 oldu ve cazibesi ona di\u011fer kabilelerden arkada\u015flar ve destek\u00e7iler kazand\u0131rmaya ba\u015flad\u0131.<\/p>\n","protected":false},"excerpt":{"rendered":"<p>Mo\u011folca &#8220;Cengiz&#8221; b\u00fcy\u00fck ve g\u00fc\u00e7l\u00fc, &#8220;Han&#8221; ise lider veya kral anlam\u0131na gelmektedir. Ger\u00e7ek ismi Temu\u00e7in (Temujin)&#8217;in anlam\u0131 ise baz\u0131 tarih\u00e7iler taraf\u0131ndan &#8220;saf \u00e7elik&#8221; anlam\u0131na geldi\u011fine inan\u0131l\u0131r. Bir kabile reisi aileye do\u011fan Temu\u00e7in&#8217;in babas\u0131 Tatarlar taraf\u0131ndan zehirlenerek \u00f6ld\u00fcr\u00fcld\u00fc. Kendi kabileleri taraf\u0131ndan ailesiyle terk edildi ve yoksulluk i\u00e7inde ya\u015fayarak g\u00f6\u00e7ebe ya\u015fam\u0131n b\u00fct\u00fcn zorluklar\u0131na katlanmak zorunda kald\u0131. Temujin [&hellip;]<\/p>\n","protected":false},"author":12791,"featured_media":116990,"comment_status":"closed","ping_status":"open","sticky":false,"template":"","format":"video","meta":{"_yoast_wpseo_focuskw":"","_yoast_wpseo_title":"","_yoast_wpseo_metadesc":"","_bbp_topic_count":0,"_bbp_reply_count":0,"_bbp_total_topic_count":0,"_bbp_total_reply_count":0,"_bbp_voice_count":0,"_bbp_anonymous_reply_count":0,"_bbp_topic_count_hidden":0,"_bbp_reply_count_hidden":0,"_bbp_forum_subforum_count":0,"footnotes":"","_yoast_wpseo_focuskw_text_input":""},"categories":[41,519,18,1,16,3485],"tags":[],"yoast_head":"<!-- This site is optimized with the Yoast SEO plugin v23.0 - https:\/\/yoast.com\/wordpress\/plugins\/seo\/ -->\n<title>Mo\u011fol \u0130mparatorlu\u011funun Kurucusu Cengiz Han - The Epoch Times TR<\/title>\n<meta name=\"robots\" content=\"index, follow, max-snippet:-1, max-image-preview:large, max-video-preview:-1\" \/>\n<link rel=\"canonical\" href=\"https:\/\/epochtimestr.com\/index.php\/mogol-imparatorlugunun-kurucusu-cengiz-han\" \/>\n<meta property=\"og:locale\" content=\"tr_TR\" \/>\n<meta property=\"og:type\" content=\"article\" \/>\n<meta property=\"og:title\" content=\"Mo\u011fol \u0130mparatorlu\u011funun Kurucusu Cengiz Han - The Epoch Times TR\" \/>\n<meta property=\"og:description\" content=\"Mo\u011folca &#8220;Cengiz&#8221; b\u00fcy\u00fck ve g\u00fc\u00e7l\u00fc, &#8220;Han&#8221; ise lider veya kral anlam\u0131na gelmektedir. Ger\u00e7ek ismi Temu\u00e7in (Temujin)&#8217;in anlam\u0131 ise baz\u0131 tarih\u00e7iler taraf\u0131ndan &#8220;saf \u00e7elik&#8221; anlam\u0131na geldi\u011fine inan\u0131l\u0131r. Bir kabile reisi aileye do\u011fan Temu\u00e7in&#8217;in babas\u0131 Tatarlar taraf\u0131ndan zehirlenerek \u00f6ld\u00fcr\u00fcld\u00fc. Kendi kabileleri taraf\u0131ndan ailesiyle terk edildi ve yoksulluk i\u00e7inde ya\u015fayarak g\u00f6\u00e7ebe ya\u015fam\u0131n b\u00fct\u00fcn zorluklar\u0131na katlanmak zorunda kald\u0131. Temujin [&hellip;]\" \/>\n<meta property=\"og:url\" content=\"https:\/\/epochtimestr.com\/index.php\/mogol-imparatorlugunun-kurucusu-cengiz-han\" \/>\n<meta property=\"og:site_name\" content=\"The Epoch Times TR\" \/>\n<meta property=\"article:publisher\" content=\"https:\/\/www.facebook.com\/theepochtimestr\" \/>\n<meta property=\"article:published_time\" content=\"2018-09-09T09:32:17+00:00\" \/>\n<meta property=\"article:modified_time\" content=\"2024-08-12T11:45:11+00:00\" \/>\n<meta property=\"og:image\" content=\"https:\/\/epochtimestr.com\/wp-content\/uploads\/2011y\/Cengiz-Han.png\" \/>\n\t<meta property=\"og:image:width\" content=\"1253\" \/>\n\t<meta property=\"og:image:height\" content=\"768\" \/>\n\t<meta property=\"og:image:type\" content=\"image\/png\" \/>\n<meta name=\"author\" content=\"Haber Merkezi\" \/>\n<meta name=\"twitter:card\" content=\"summary_large_image\" \/>\n<meta name=\"twitter:creator\" content=\"@TheEpochTimesTR\" \/>\n<meta name=\"twitter:site\" content=\"@TheEpochTimesTR\" \/>\n<meta name=\"twitter:label1\" content=\"Yazan:\" \/>\n\t<meta name=\"twitter:data1\" content=\"Haber Merkezi\" \/>\n\t<meta name=\"twitter:label2\" content=\"Tahmini okuma s\u00fcresi\" \/>\n\t<meta name=\"twitter:data2\" content=\"1 dakika\" \/>\n<script type=\"application\/ld+json\" class=\"yoast-schema-graph\">{\"@context\":\"https:\/\/schema.org\",\"@graph\":[{\"@type\":\"Article\",\"@id\":\"https:\/\/epochtimestr.com\/index.php\/mogol-imparatorlugunun-kurucusu-cengiz-han#article\",\"isPartOf\":{\"@id\":\"https:\/\/epochtimestr.com\/index.php\/mogol-imparatorlugunun-kurucusu-cengiz-han\"},\"author\":{\"name\":\"Haber Merkezi\",\"@id\":\"https:\/\/epochtimestr.com\/#\/schema\/person\/3dc5c3adeb9f43923c5aa85889172fdd\"},\"headline\":\"Mo\u011fol \u0130mparatorlu\u011funun Kurucusu Cengiz Han\",\"datePublished\":\"2018-09-09T09:32:17+00:00\",\"dateModified\":\"2024-08-12T11:45:11+00:00\",\"mainEntityOfPage\":{\"@id\":\"https:\/\/epochtimestr.com\/index.php\/mogol-imparatorlugunun-kurucusu-cengiz-han\"},\"wordCount\":159,\"publisher\":{\"@id\":\"https:\/\/epochtimestr.com\/#organization\"},\"image\":{\"@id\":\"https:\/\/epochtimestr.com\/index.php\/mogol-imparatorlugunun-kurucusu-cengiz-han#primaryimage\"},\"thumbnailUrl\":\"https:\/\/epochtimestr.com\/wp-content\/uploads\/2011y\/Cengiz-Han.png\",\"articleSection\":[\"Antik \u00c7in K\u00fclt\u00fcr\u00fc\",\"ED\u0130T\u00d6R\u00dcN SE\u00c7\u0130M\u0130\",\"Foto\u011fraf &amp; Video\",\"G\u00dcNDEM\",\"SANAT ve K\u00dcLT\u00dcR\",\"Video Galerisi\"],\"inLanguage\":\"tr\"},{\"@type\":\"WebPage\",\"@id\":\"https:\/\/epochtimestr.com\/index.php\/mogol-imparatorlugunun-kurucusu-cengiz-han\",\"url\":\"https:\/\/epochtimestr.com\/index.php\/mogol-imparatorlugunun-kurucusu-cengiz-han\",\"name\":\"Mo\u011fol \u0130mparatorlu\u011funun Kurucusu Cengiz Han - The Epoch Times TR\",\"isPartOf\":{\"@id\":\"https:\/\/epochtimestr.com\/#website\"},\"primaryImageOfPage\":{\"@id\":\"https:\/\/epochtimestr.com\/index.php\/mogol-imparatorlugunun-kurucusu-cengiz-han#primaryimage\"},\"image\":{\"@id\":\"https:\/\/epochtimestr.com\/index.php\/mogol-imparatorlugunun-kurucusu-cengiz-han#primaryimage\"},\"thumbnailUrl\":\"https:\/\/epochtimestr.com\/wp-content\/uploads\/2011y\/Cengiz-Han.png\",\"datePublished\":\"2018-09-09T09:32:17+00:00\",\"dateModified\":\"2024-08-12T11:45:11+00:00\",\"inLanguage\":\"tr\",\"potentialAction\":[{\"@type\":\"ReadAction\",\"target\":[\"https:\/\/epochtimestr.com\/index.php\/mogol-imparatorlugunun-kurucusu-cengiz-han\"]}]},{\"@type\":\"ImageObject\",\"inLanguage\":\"tr\",\"@id\":\"https:\/\/epochtimestr.com\/index.php\/mogol-imparatorlugunun-kurucusu-cengiz-han#primaryimage\",\"url\":\"https:\/\/epochtimestr.com\/wp-content\/uploads\/2011y\/Cengiz-Han.png\",\"contentUrl\":\"https:\/\/epochtimestr.com\/wp-content\/uploads\/2011y\/Cengiz-Han.png\",\"width\":1253,\"height\":768},{\"@type\":\"WebSite\",\"@id\":\"https:\/\/epochtimestr.com\/#website\",\"url\":\"https:\/\/epochtimestr.com\/\",\"name\":\"The Epoch Times TR\",\"description\":\"De\u011fi\u015fen D\u00fcnyam\u0131za Taze Bir Bak\u0131\u015f\",\"publisher\":{\"@id\":\"https:\/\/epochtimestr.com\/#organization\"},\"potentialAction\":[{\"@type\":\"SearchAction\",\"target\":{\"@type\":\"EntryPoint\",\"urlTemplate\":\"https:\/\/epochtimestr.com\/?s={search_term_string}\"},\"query-input\":\"required name=search_term_string\"}],\"inLanguage\":\"tr\"},{\"@type\":\"Organization\",\"@id\":\"https:\/\/epochtimestr.com\/#organization\",\"name\":\"The EpochTimes T\u00fcrkiye\",\"url\":\"https:\/\/epochtimestr.com\/\",\"logo\":{\"@type\":\"ImageObject\",\"inLanguage\":\"tr\",\"@id\":\"https:\/\/epochtimestr.com\/#\/schema\/logo\/image\/\",\"url\":\"https:\/\/epochtimestr.com\/wp-content\/uploads\/2011y\/ET-Logo-YG.jpg\",\"contentUrl\":\"https:\/\/epochtimestr.com\/wp-content\/uploads\/2011y\/ET-Logo-YG.jpg\",\"width\":346,\"height\":29,\"caption\":\"The EpochTimes T\u00fcrkiye\"},\"image\":{\"@id\":\"https:\/\/epochtimestr.com\/#\/schema\/logo\/image\/\"},\"sameAs\":[\"https:\/\/www.facebook.com\/theepochtimestr\",\"https:\/\/x.com\/TheEpochTimesTR\",\"https:\/\/www.instagram.com\/epochtimestr\"]},{\"@type\":\"Person\",\"@id\":\"https:\/\/epochtimestr.com\/#\/schema\/person\/3dc5c3adeb9f43923c5aa85889172fdd\",\"name\":\"Haber Merkezi\",\"image\":{\"@type\":\"ImageObject\",\"inLanguage\":\"tr\",\"@id\":\"https:\/\/epochtimestr.com\/#\/schema\/person\/image\/\",\"url\":\"https:\/\/secure.gravatar.com\/avatar\/d73f772ba5a74f28601361e17c2f93e6?s=96&d=mm&r=g\",\"contentUrl\":\"https:\/\/secure.gravatar.com\/avatar\/d73f772ba5a74f28601361e17c2f93e6?s=96&d=mm&r=g\",\"caption\":\"Haber Merkezi\"},\"url\":\"https:\/\/epochtimestr.com\/index.php\/author\/sendag\"}]}<\/script>\n<!-- \/ Yoast SEO plugin. -->","yoast_head_json":{"title":"Mo\u011fol \u0130mparatorlu\u011funun Kurucusu Cengiz Han - The Epoch Times TR","robots":{"index":"index","follow":"follow","max-snippet":"max-snippet:-1","max-image-preview":"max-image-preview:large","max-video-preview":"max-video-preview:-1"},"canonical":"https:\/\/epochtimestr.com\/index.php\/mogol-imparatorlugunun-kurucusu-cengiz-han","og_locale":"tr_TR","og_type":"article","og_title":"Mo\u011fol \u0130mparatorlu\u011funun Kurucusu Cengiz Han - The Epoch Times TR","og_description":"Mo\u011folca &#8220;Cengiz&#8221; b\u00fcy\u00fck ve g\u00fc\u00e7l\u00fc, &#8220;Han&#8221; ise lider veya kral anlam\u0131na gelmektedir. Ger\u00e7ek ismi Temu\u00e7in (Temujin)&#8217;in anlam\u0131 ise baz\u0131 tarih\u00e7iler taraf\u0131ndan &#8220;saf \u00e7elik&#8221; anlam\u0131na geldi\u011fine inan\u0131l\u0131r. Bir kabile reisi aileye do\u011fan Temu\u00e7in&#8217;in babas\u0131 Tatarlar taraf\u0131ndan zehirlenerek \u00f6ld\u00fcr\u00fcld\u00fc. Kendi kabileleri taraf\u0131ndan ailesiyle terk edildi ve yoksulluk i\u00e7inde ya\u015fayarak g\u00f6\u00e7ebe ya\u015fam\u0131n b\u00fct\u00fcn zorluklar\u0131na katlanmak zorunda kald\u0131. Temujin [&hellip;]","og_url":"https:\/\/epochtimestr.com\/index.php\/mogol-imparatorlugunun-kurucusu-cengiz-han","og_site_name":"The Epoch Times TR","article_publisher":"https:\/\/www.facebook.com\/theepochtimestr","article_published_time":"2018-09-09T09:32:17+00:00","article_modified_time":"2024-08-12T11:45:11+00:00","og_image":[{"width":1253,"height":768,"url":"https:\/\/epochtimestr.com\/wp-content\/uploads\/2011y\/Cengiz-Han.png","type":"image\/png"}],"author":"Haber Merkezi","twitter_card":"summary_large_image","twitter_creator":"@TheEpochTimesTR","twitter_site":"@TheEpochTimesTR","twitter_misc":{"Yazan:":"Haber Merkezi","Tahmini okuma s\u00fcresi":"1 dakika"},"schema":{"@context":"https:\/\/schema.org","@graph":[{"@type":"Article","@id":"https:\/\/epochtimestr.com\/index.php\/mogol-imparatorlugunun-kurucusu-cengiz-han#article","isPartOf":{"@id":"https:\/\/epochtimestr.com\/index.php\/mogol-imparatorlugunun-kurucusu-cengiz-han"},"author":{"name":"Haber Merkezi","@id":"https:\/\/epochtimestr.com\/#\/schema\/person\/3dc5c3adeb9f43923c5aa85889172fdd"},"headline":"Mo\u011fol \u0130mparatorlu\u011funun Kurucusu Cengiz Han","datePublished":"2018-09-09T09:32:17+00:00","dateModified":"2024-08-12T11:45:11+00:00","mainEntityOfPage":{"@id":"https:\/\/epochtimestr.com\/index.php\/mogol-imparatorlugunun-kurucusu-cengiz-han"},"wordCount":159,"publisher":{"@id":"https:\/\/epochtimestr.com\/#organization"},"image":{"@id":"https:\/\/epochtimestr.com\/index.php\/mogol-imparatorlugunun-kurucusu-cengiz-han#primaryimage"},"thumbnailUrl":"https:\/\/epochtimestr.com\/wp-content\/uploads\/2011y\/Cengiz-Han.png","articleSection":["Antik \u00c7in K\u00fclt\u00fcr\u00fc","ED\u0130T\u00d6R\u00dcN SE\u00c7\u0130M\u0130","Foto\u011fraf &amp; Video","G\u00dcNDEM","SANAT ve K\u00dcLT\u00dcR","Video Galerisi"],"inLanguage":"tr"},{"@type":"WebPage","@id":"https:\/\/epochtimestr.com\/index.php\/mogol-imparatorlugunun-kurucusu-cengiz-han","url":"https:\/\/epochtimestr.com\/index.php\/mogol-imparatorlugunun-kurucusu-cengiz-han","name":"Mo\u011fol \u0130mparatorlu\u011funun Kurucusu Cengiz Han - The Epoch Times TR","isPartOf":{"@id":"https:\/\/epochtimestr.com\/#website"},"primaryImageOfPage":{"@id":"https:\/\/epochtimestr.com\/index.php\/mogol-imparatorlugunun-kurucusu-cengiz-han#primaryimage"},"image":{"@id":"https:\/\/epochtimestr.com\/index.php\/mogol-imparatorlugunun-kurucusu-cengiz-han#primaryimage"},"thumbnailUrl":"https:\/\/epochtimestr.com\/wp-content\/uploads\/2011y\/Cengiz-Han.png","datePublished":"2018-09-09T09:32:17+00:00","dateModified":"2024-08-12T11:45:11+00:00","inLanguage":"tr","potentialAction":[{"@type":"ReadAction","target":["https:\/\/epochtimestr.com\/index.php\/mogol-imparatorlugunun-kurucusu-cengiz-han"]}]},{"@type":"ImageObject","inLanguage":"tr","@id":"https:\/\/epochtimestr.com\/index.php\/mogol-imparatorlugunun-kurucusu-cengiz-han#primaryimage","url":"https:\/\/epochtimestr.com\/wp-content\/uploads\/2011y\/Cengiz-Han.png","contentUrl":"https:\/\/epochtimestr.com\/wp-content\/uploads\/2011y\/Cengiz-Han.png","width":1253,"height":768},{"@type":"WebSite","@id":"https:\/\/epochtimestr.com\/#website","url":"https:\/\/epochtimestr.com\/","name":"The Epoch Times TR","description":"De\u011fi\u015fen D\u00fcnyam\u0131za Taze Bir Bak\u0131\u015f","publisher":{"@id":"https:\/\/epochtimestr.com\/#organization"},"potentialAction":[{"@type":"SearchAction","target":{"@type":"EntryPoint","urlTemplate":"https:\/\/epochtimestr.com\/?s={search_term_string}"},"query-input":"required name=search_term_string"}],"inLanguage":"tr"},{"@type":"Organization","@id":"https:\/\/epochtimestr.com\/#organization","name":"The EpochTimes T\u00fcrkiye","url":"https:\/\/epochtimestr.com\/","logo":{"@type":"ImageObject","inLanguage":"tr","@id":"https:\/\/epochtimestr.com\/#\/schema\/logo\/image\/","url":"https:\/\/epochtimestr.com\/wp-content\/uploads\/2011y\/ET-Logo-YG.jpg","contentUrl":"https:\/\/epochtimestr.com\/wp-content\/uploads\/2011y\/ET-Logo-YG.jpg","width":346,"height":29,"caption":"The EpochTimes T\u00fcrkiye"},"image":{"@id":"https:\/\/epochtimestr.com\/#\/schema\/logo\/image\/"},"sameAs":["https:\/\/www.facebook.com\/theepochtimestr","https:\/\/x.com\/TheEpochTimesTR","https:\/\/www.instagram.com\/epochtimestr"]},{"@type":"Person","@id":"https:\/\/epochtimestr.com\/#\/schema\/person\/3dc5c3adeb9f43923c5aa85889172fdd","name":"Haber Merkezi","image":{"@type":"ImageObject","inLanguage":"tr","@id":"https:\/\/epochtimestr.com\/#\/schema\/person\/image\/","url":"https:\/\/secure.gravatar.com\/avatar\/d73f772ba5a74f28601361e17c2f93e6?s=96&d=mm&r=g","contentUrl":"https:\/\/secure.gravatar.com\/avatar\/d73f772ba5a74f28601361e17c2f93e6?s=96&d=mm&r=g","caption":"Haber Merkezi"},"url":"https:\/\/epochtimestr.com\/index.php\/author\/sendag"}]}},"_links":{"self":[{"href":"https:\/\/epochtimestr.com\/index.php\/wp-json\/wp\/v2\/posts\/116989"}],"collection":[{"href":"https:\/\/epochtimestr.com\/index.php\/wp-json\/wp\/v2\/posts"}],"about":[{"href":"https:\/\/epochtimestr.com\/index.php\/wp-json\/wp\/v2\/types\/post"}],"author":[{"embeddable":true,"href":"https:\/\/epochtimestr.com\/index.php\/wp-json\/wp\/v2\/users\/12791"}],"replies":[{"embeddable":true,"href":"https:\/\/epochtimestr.com\/index.php\/wp-json\/wp\/v2\/comments?post=116989"}],"version-history":[{"count":4,"href":"https:\/\/epochtimestr.com\/index.php\/wp-json\/wp\/v2\/posts\/116989\/revisions"}],"predecessor-version":[{"id":116995,"href":"https:\/\/epochtimestr.com\/index.php\/wp-json\/wp\/v2\/posts\/116989\/revisions\/116995"}],"wp:featuredmedia":[{"embeddable":true,"href":"https:\/\/epochtimestr.com\/index.php\/wp-json\/wp\/v2\/media\/116990"}],"wp:attachment":[{"href":"https:\/\/epochtimestr.com\/index.php\/wp-json\/wp\/v2\/media?parent=116989"}],"wp:term":[{"taxonomy":"category","embeddable":true,"href":"https:\/\/epochtimestr.com\/index.php\/wp-json\/wp\/v2\/categories?post=116989"},{"taxonomy":"post_tag","embeddable":true,"href":"https:\/\/epochtimestr.com\/index.php\/wp-json\/wp\/v2\/tags?post=116989"}],"curies":[{"name":"wp","href":"https:\/\/api.w.org\/{rel}","templated":true}]}}