{"id":117614,"date":"2018-10-07T15:37:33","date_gmt":"2018-10-07T12:37:33","guid":{"rendered":"http:\/\/epochtimestr.com\/?p=117614"},"modified":"2018-10-07T16:13:51","modified_gmt":"2018-10-07T13:13:51","slug":"cemal-resit-rey-olumunun-33-yilinda-aniliyor","status":"publish","type":"post","link":"https:\/\/epochtimestr.com\/index.php\/cemal-resit-rey-olumunun-33-yilinda-aniliyor","title":{"rendered":"Cemal Re\u015fit Rey \u00d6l\u00fcm\u00fcn\u00fcn 33. Y\u0131l\u0131nda An\u0131l\u0131yor"},"content":{"rendered":"<p><img loading=\"lazy\" decoding=\"async\" class=\"alignnone size-large wp-image-117615\" src=\"https:\/\/epochtimestr.com\/wp-content\/uploads\/2011y\/Cemal-Re\u015fit-Rey-600x337.png\" alt=\"\" width=\"600\" height=\"337\" srcset=\"https:\/\/epochtimestr.com\/wp-content\/uploads\/2011y\/Cemal-Re\u015fit-Rey-600x337.png 600w, https:\/\/epochtimestr.com\/wp-content\/uploads\/2011y\/Cemal-Re\u015fit-Rey-150x84.png 150w, https:\/\/epochtimestr.com\/wp-content\/uploads\/2011y\/Cemal-Re\u015fit-Rey-300x169.png 300w, https:\/\/epochtimestr.com\/wp-content\/uploads\/2011y\/Cemal-Re\u015fit-Rey-768x432.png 768w, https:\/\/epochtimestr.com\/wp-content\/uploads\/2011y\/Cemal-Re\u015fit-Rey.png 1366w\" sizes=\"(max-width: 600px) 100vw, 600px\" \/><\/p>\n<p>25 Eyl\u00fcl 1904&#8217;te Kud\u00fcs&#8217;te do\u011fan Cemal Re\u015fit Rey, sarayla yak\u0131n ba\u011f\u0131 olan, son Osmanl\u0131 ailelerinden birinin o\u011fluydu. Babas\u0131, Servet-i F\u00fcnun dergisinde H.Naz\u0131m takma ad\u0131yla, Edebiyat-\u0131 Cedide&#8217;nin tan\u0131nm\u0131\u015f bir yazar\u0131 olan Ahmet Re\u015fit Rey, o\u011flunun do\u011fum d\u00f6neminde Kud\u00fcs&#8217;e mutasarr\u0131f olarak atanm\u0131\u015ft\u0131.<\/p>\n<p>Cemal Re\u015fit Rey be\u015f ya\u015f\u0131ndayken ailece \u0130stanbul&#8217;a gelmi\u015f, bir yandan okula giderken bir yandan da m\u0131z\u0131kas\u0131yla \u015fark\u0131lar \u00e7almaya ba\u015flam\u0131\u015ft\u0131r. ilk piyano derslerini annesinden alm\u0131\u015f, sekiz ya\u015f\u0131nda bir vals bestelemi\u015ftir.<\/p>\n<p>\u0130stanbul&#8217;da Galatasaray Lisesi&#8217;nde ilk\u00f6\u011frenimine ba\u015flam\u0131\u015f lakin Bab\u0131ali olay\u0131n\u0131n ard\u0131ndan, 1913&#8217;te aile Paris&#8217;e yerle\u015fmi\u015f ve orta\u00f6\u011frenimine orada devam etmi\u015ftir. Burada aileye Fransa Cumhurba\u015fkan\u0131 Raymond Poincare sahip \u00e7\u0131kacakt\u0131r. Cemal Re\u015fit Rey, daha \u00e7ocuk ya\u015flarda Gustav Mahler&#8217;i orkestra y\u00f6netirken g\u00f6recek, konservatuarda onu m\u00fcd\u00fcr ve \u00fcnl\u00fc besteci Gabriel Faure dinleyecek ve Marguerite Long&#8217;a telefon a\u00e7\u0131larak hakk\u0131nda &#8220;Madam size bir T\u00fcrk \u00e7ocu\u011fu g\u00f6nderiyorum ve hi\u00e7bir \u015fey s\u00f6ylemiyorum, kendiniz g\u00f6receksiniz.&#8221; \u015feklinde konu\u015fulacakt\u0131r.\u00a0Maurice Ravel&#8217;in en yak\u0131n dostlar\u0131ndan ve eserlerini en iyi yorumlayan piyanistlerden biri olan Marguerite Long, 19 ya\u015f\u0131na kadar hi\u00e7 para almadan Cemal Re\u015fit&#8217;in e\u011fitimi ile yak\u0131ndan ilgilenecektir.<\/p>\n<p>Birinci D\u00fcnya Sava\u015f\u0131 ba\u015flamas\u0131yla, annesi ile birlikte \u0130svi\u00e7re&#8217;ye giden Rey, Cenevre&#8217;de St. Antoine Koleji&#8217;nde ve Cenevre Konservatuvar\u0131&#8217;nda e\u011fitimini s\u00fcrd\u00fcrm\u00fc\u015ft\u00fcr.<\/p>\n<p>Cemal Re\u015fit Rey&#8217;in T\u00fcrk k\u00fclt\u00fcr\u00fcne hizmeti, 1923&#8217;te Cumhuriyet&#8217;in kurulmas\u0131yla ba\u015flar. Kompozisyon ve piyano dersleri vermek \u00fczere yurduna d\u00f6nen sanat\u00e7\u0131, burada bir de fesli beyler ve \u00e7ar\u015fafl\u0131 han\u0131mlardan olu\u015fan koro kurmu\u015ftur.<\/p>\n<p>1932-1942 seneleri aras\u0131nda abisi Ekrem Re\u015fit Rey ile beraber operetler ve rev\u00fcler bestelemeye ba\u015flan\u0131r. \u00d6nemli klasikler yaz\u0131l\u0131rken bir yandan da beraberce Viyana, Paris eserlerini \u0130stanbul&#8217;da sergileyerek, oralar\u0131n atmosferleri \u00fclkemize ta\u015f\u0131n\u0131r.\u00a0Bu atmosferde sergiledi\u011fi oyunlar kimi \u00e7evrelerce , zaman kayb\u0131 olarak nitelendirilmi\u015fse de, Cemal Re\u015fit Rey asla bu eserleri k\u00fc\u00e7\u00fck g\u00f6rmemi\u015f, operet ve rev\u00fclerinin sanat ve e\u011flenceyi tek kalemde toplamas\u0131ndan olan memnuniyeti dile getirmi\u015ftir.<\/p>\n<div>Cemal Re\u015fit Rey, operet yazmaktan ve a\u011fabeyi ile sahne sanat\u00e7\u0131lar\u0131 ile birlikte ya\u015fanan an\u0131lardan her zaman en s\u0131cak bi\u00e7imde s\u00f6z etmi\u015fti:<\/div>\n<div>\n<p>&#8220;Zerafet, incelik, n\u00fckte, ho\u015fg\u00f6r\u00fc&#8230; Bir s\u0131rada elli ki\u015fi oturmu\u015f ve elli ki\u015fi de g\u00fcl\u00fcyorsa bu bir sosyal hadisedir. Operet besteledi\u011fim y\u0131llar hayat\u0131m\u0131n en zevkli, en ne\u015feli y\u0131llar\u0131d\u0131r. Sahne sanat\u00e7\u0131lar\u0131 ile k\u0131sa s\u00fcrede kayna\u015fm\u0131\u015ft\u0131k. Onlarla konakta bulu\u015fur, \u015fark\u0131lar s\u00f6yler \u00e7al\u0131\u015f\u0131rd\u0131k. Rahmetli biraderimin \u00f6l\u00fcm\u00fc ile operet devri benim i\u00e7in kapanm\u0131\u015f oldu.&#8221;<\/p>\n<p>L\u00fck\u00fcs Hayat isimli oyunu \u00e7ok sevilmi\u015f ve 1985 senesinde tekrar \u0130stanbul \u015eehir Tiyatrosunca sahnelenmi\u015ftir. Cemal Bey , gala i\u00e7in \u00f6zel izinlerle hastaneden \u00e7\u0131kar\u0131l\u0131p Muhsin Ertu\u011frul sahnesinde oyunun seyrine g\u00f6t\u00fcr\u00fcl\u00fcr. Haldun Dormen ve Gencay G\u00fcr\u00fcn gibi \u00fcnl\u00fc isimler Cemal Re\u015fit Rey\u2019i alk\u0131\u015flarla sahneye al\u0131rlar ve seyirciler taraf\u0131ndan dakikalarca ayakta alk\u0131\u015flan\u0131r. Ertesi g\u00fcn tekrar hastaneye yat\u0131r\u0131lan Cemal Rey\u2019in hastaneden bir sonraki \u00e7\u0131k\u0131\u015f\u0131, 7 Ekim 1985 tarihinde, vefat\u0131 sebebiyle Edirnekap\u0131 aile mezarl\u0131\u011f\u0131na gidi\u015fi olacakt\u0131r.<\/p>\n<p><iframe loading=\"lazy\" width=\"1170\" height=\"878\" src=\"https:\/\/www.youtube.com\/embed\/ggRcj4PMh2I?feature=oembed\" frameborder=\"0\" allow=\"autoplay; encrypted-media\" allowfullscreen><\/iframe><\/p>\n<\/div>\n<p>&nbsp;<\/p>\n","protected":false},"excerpt":{"rendered":"<p>25 Eyl\u00fcl 1904&#8217;te Kud\u00fcs&#8217;te do\u011fan Cemal Re\u015fit Rey, sarayla yak\u0131n ba\u011f\u0131 olan, son Osmanl\u0131 ailelerinden birinin o\u011fluydu. Babas\u0131, Servet-i F\u00fcnun dergisinde H.Naz\u0131m takma ad\u0131yla, Edebiyat-\u0131 Cedide&#8217;nin tan\u0131nm\u0131\u015f bir yazar\u0131 olan Ahmet Re\u015fit Rey, o\u011flunun do\u011fum d\u00f6neminde Kud\u00fcs&#8217;e mutasarr\u0131f olarak atanm\u0131\u015ft\u0131. Cemal Re\u015fit Rey be\u015f ya\u015f\u0131ndayken ailece \u0130stanbul&#8217;a gelmi\u015f, bir yandan okula giderken bir yandan da [&hellip;]<\/p>\n","protected":false},"author":12791,"featured_media":117615,"comment_status":"closed","ping_status":"open","sticky":false,"template":"","format":"standard","meta":{"_yoast_wpseo_focuskw":"","_yoast_wpseo_title":"","_yoast_wpseo_metadesc":"","_bbp_topic_count":0,"_bbp_reply_count":0,"_bbp_total_topic_count":0,"_bbp_total_reply_count":0,"_bbp_voice_count":0,"_bbp_anonymous_reply_count":0,"_bbp_topic_count_hidden":0,"_bbp_reply_count_hidden":0,"_bbp_forum_subforum_count":0,"footnotes":"","_yoast_wpseo_focuskw_text_input":""},"categories":[519,1,16,37],"tags":[],"yoast_head":"<!-- This site is optimized with the Yoast SEO plugin v23.0 - https:\/\/yoast.com\/wordpress\/plugins\/seo\/ -->\n<title>Cemal Re\u015fit Rey \u00d6l\u00fcm\u00fcn\u00fcn 33. Y\u0131l\u0131nda An\u0131l\u0131yor - The Epoch Times TR<\/title>\n<meta name=\"robots\" content=\"index, follow, max-snippet:-1, max-image-preview:large, max-video-preview:-1\" \/>\n<link rel=\"canonical\" href=\"https:\/\/epochtimestr.com\/index.php\/cemal-resit-rey-olumunun-33-yilinda-aniliyor\" \/>\n<meta property=\"og:locale\" content=\"tr_TR\" \/>\n<meta property=\"og:type\" content=\"article\" \/>\n<meta property=\"og:title\" content=\"Cemal Re\u015fit Rey \u00d6l\u00fcm\u00fcn\u00fcn 33. Y\u0131l\u0131nda An\u0131l\u0131yor - The Epoch Times TR\" \/>\n<meta property=\"og:description\" content=\"25 Eyl\u00fcl 1904&#8217;te Kud\u00fcs&#8217;te do\u011fan Cemal Re\u015fit Rey, sarayla yak\u0131n ba\u011f\u0131 olan, son Osmanl\u0131 ailelerinden birinin o\u011fluydu. Babas\u0131, Servet-i F\u00fcnun dergisinde H.Naz\u0131m takma ad\u0131yla, Edebiyat-\u0131 Cedide&#8217;nin tan\u0131nm\u0131\u015f bir yazar\u0131 olan Ahmet Re\u015fit Rey, o\u011flunun do\u011fum d\u00f6neminde Kud\u00fcs&#8217;e mutasarr\u0131f olarak atanm\u0131\u015ft\u0131. Cemal Re\u015fit Rey be\u015f ya\u015f\u0131ndayken ailece \u0130stanbul&#8217;a gelmi\u015f, bir yandan okula giderken bir yandan da [&hellip;]\" \/>\n<meta property=\"og:url\" content=\"https:\/\/epochtimestr.com\/index.php\/cemal-resit-rey-olumunun-33-yilinda-aniliyor\" \/>\n<meta property=\"og:site_name\" content=\"The Epoch Times TR\" \/>\n<meta property=\"article:publisher\" content=\"https:\/\/www.facebook.com\/theepochtimestr\" \/>\n<meta property=\"article:published_time\" content=\"2018-10-07T12:37:33+00:00\" \/>\n<meta property=\"article:modified_time\" content=\"2018-10-07T13:13:51+00:00\" \/>\n<meta property=\"og:image\" content=\"https:\/\/epochtimestr.com\/wp-content\/uploads\/2011y\/Cemal-Re\u015fit-Rey.png\" \/>\n\t<meta property=\"og:image:width\" content=\"1366\" \/>\n\t<meta property=\"og:image:height\" content=\"768\" \/>\n\t<meta property=\"og:image:type\" content=\"image\/png\" \/>\n<meta name=\"author\" content=\"Haber Merkezi\" \/>\n<meta name=\"twitter:card\" content=\"summary_large_image\" \/>\n<meta name=\"twitter:creator\" content=\"@TheEpochTimesTR\" \/>\n<meta name=\"twitter:site\" content=\"@TheEpochTimesTR\" \/>\n<meta name=\"twitter:label1\" content=\"Yazan:\" \/>\n\t<meta name=\"twitter:data1\" content=\"Haber Merkezi\" \/>\n\t<meta name=\"twitter:label2\" content=\"Tahmini okuma s\u00fcresi\" \/>\n\t<meta name=\"twitter:data2\" content=\"3 dakika\" \/>\n<script type=\"application\/ld+json\" class=\"yoast-schema-graph\">{\"@context\":\"https:\/\/schema.org\",\"@graph\":[{\"@type\":\"Article\",\"@id\":\"https:\/\/epochtimestr.com\/index.php\/cemal-resit-rey-olumunun-33-yilinda-aniliyor#article\",\"isPartOf\":{\"@id\":\"https:\/\/epochtimestr.com\/index.php\/cemal-resit-rey-olumunun-33-yilinda-aniliyor\"},\"author\":{\"name\":\"Haber Merkezi\",\"@id\":\"https:\/\/epochtimestr.com\/#\/schema\/person\/3dc5c3adeb9f43923c5aa85889172fdd\"},\"headline\":\"Cemal Re\u015fit Rey \u00d6l\u00fcm\u00fcn\u00fcn 33. Y\u0131l\u0131nda An\u0131l\u0131yor\",\"datePublished\":\"2018-10-07T12:37:33+00:00\",\"dateModified\":\"2018-10-07T13:13:51+00:00\",\"mainEntityOfPage\":{\"@id\":\"https:\/\/epochtimestr.com\/index.php\/cemal-resit-rey-olumunun-33-yilinda-aniliyor\"},\"wordCount\":600,\"publisher\":{\"@id\":\"https:\/\/epochtimestr.com\/#organization\"},\"image\":{\"@id\":\"https:\/\/epochtimestr.com\/index.php\/cemal-resit-rey-olumunun-33-yilinda-aniliyor#primaryimage\"},\"thumbnailUrl\":\"https:\/\/epochtimestr.com\/wp-content\/uploads\/2011y\/Cemal-Re\u015fit-Rey.png\",\"articleSection\":[\"ED\u0130T\u00d6R\u00dcN SE\u00c7\u0130M\u0130\",\"G\u00dcNDEM\",\"SANAT ve K\u00dcLT\u00dcR\",\"T\u00dcRK\u0130YE\"],\"inLanguage\":\"tr\"},{\"@type\":\"WebPage\",\"@id\":\"https:\/\/epochtimestr.com\/index.php\/cemal-resit-rey-olumunun-33-yilinda-aniliyor\",\"url\":\"https:\/\/epochtimestr.com\/index.php\/cemal-resit-rey-olumunun-33-yilinda-aniliyor\",\"name\":\"Cemal Re\u015fit Rey \u00d6l\u00fcm\u00fcn\u00fcn 33. Y\u0131l\u0131nda An\u0131l\u0131yor - The Epoch Times TR\",\"isPartOf\":{\"@id\":\"https:\/\/epochtimestr.com\/#website\"},\"primaryImageOfPage\":{\"@id\":\"https:\/\/epochtimestr.com\/index.php\/cemal-resit-rey-olumunun-33-yilinda-aniliyor#primaryimage\"},\"image\":{\"@id\":\"https:\/\/epochtimestr.com\/index.php\/cemal-resit-rey-olumunun-33-yilinda-aniliyor#primaryimage\"},\"thumbnailUrl\":\"https:\/\/epochtimestr.com\/wp-content\/uploads\/2011y\/Cemal-Re\u015fit-Rey.png\",\"datePublished\":\"2018-10-07T12:37:33+00:00\",\"dateModified\":\"2018-10-07T13:13:51+00:00\",\"inLanguage\":\"tr\",\"potentialAction\":[{\"@type\":\"ReadAction\",\"target\":[\"https:\/\/epochtimestr.com\/index.php\/cemal-resit-rey-olumunun-33-yilinda-aniliyor\"]}]},{\"@type\":\"ImageObject\",\"inLanguage\":\"tr\",\"@id\":\"https:\/\/epochtimestr.com\/index.php\/cemal-resit-rey-olumunun-33-yilinda-aniliyor#primaryimage\",\"url\":\"https:\/\/epochtimestr.com\/wp-content\/uploads\/2011y\/Cemal-Re\u015fit-Rey.png\",\"contentUrl\":\"https:\/\/epochtimestr.com\/wp-content\/uploads\/2011y\/Cemal-Re\u015fit-Rey.png\",\"width\":1366,\"height\":768},{\"@type\":\"WebSite\",\"@id\":\"https:\/\/epochtimestr.com\/#website\",\"url\":\"https:\/\/epochtimestr.com\/\",\"name\":\"The Epoch Times TR\",\"description\":\"De\u011fi\u015fen D\u00fcnyam\u0131za Taze Bir Bak\u0131\u015f\",\"publisher\":{\"@id\":\"https:\/\/epochtimestr.com\/#organization\"},\"potentialAction\":[{\"@type\":\"SearchAction\",\"target\":{\"@type\":\"EntryPoint\",\"urlTemplate\":\"https:\/\/epochtimestr.com\/?s={search_term_string}\"},\"query-input\":\"required name=search_term_string\"}],\"inLanguage\":\"tr\"},{\"@type\":\"Organization\",\"@id\":\"https:\/\/epochtimestr.com\/#organization\",\"name\":\"The EpochTimes T\u00fcrkiye\",\"url\":\"https:\/\/epochtimestr.com\/\",\"logo\":{\"@type\":\"ImageObject\",\"inLanguage\":\"tr\",\"@id\":\"https:\/\/epochtimestr.com\/#\/schema\/logo\/image\/\",\"url\":\"https:\/\/epochtimestr.com\/wp-content\/uploads\/2011y\/ET-Logo-YG.jpg\",\"contentUrl\":\"https:\/\/epochtimestr.com\/wp-content\/uploads\/2011y\/ET-Logo-YG.jpg\",\"width\":346,\"height\":29,\"caption\":\"The EpochTimes T\u00fcrkiye\"},\"image\":{\"@id\":\"https:\/\/epochtimestr.com\/#\/schema\/logo\/image\/\"},\"sameAs\":[\"https:\/\/www.facebook.com\/theepochtimestr\",\"https:\/\/x.com\/TheEpochTimesTR\",\"https:\/\/www.instagram.com\/epochtimestr\"]},{\"@type\":\"Person\",\"@id\":\"https:\/\/epochtimestr.com\/#\/schema\/person\/3dc5c3adeb9f43923c5aa85889172fdd\",\"name\":\"Haber Merkezi\",\"image\":{\"@type\":\"ImageObject\",\"inLanguage\":\"tr\",\"@id\":\"https:\/\/epochtimestr.com\/#\/schema\/person\/image\/\",\"url\":\"https:\/\/secure.gravatar.com\/avatar\/d73f772ba5a74f28601361e17c2f93e6?s=96&d=mm&r=g\",\"contentUrl\":\"https:\/\/secure.gravatar.com\/avatar\/d73f772ba5a74f28601361e17c2f93e6?s=96&d=mm&r=g\",\"caption\":\"Haber Merkezi\"},\"url\":\"https:\/\/epochtimestr.com\/index.php\/author\/sendag\"}]}<\/script>\n<!-- \/ Yoast SEO plugin. -->","yoast_head_json":{"title":"Cemal Re\u015fit Rey \u00d6l\u00fcm\u00fcn\u00fcn 33. Y\u0131l\u0131nda An\u0131l\u0131yor - The Epoch Times TR","robots":{"index":"index","follow":"follow","max-snippet":"max-snippet:-1","max-image-preview":"max-image-preview:large","max-video-preview":"max-video-preview:-1"},"canonical":"https:\/\/epochtimestr.com\/index.php\/cemal-resit-rey-olumunun-33-yilinda-aniliyor","og_locale":"tr_TR","og_type":"article","og_title":"Cemal Re\u015fit Rey \u00d6l\u00fcm\u00fcn\u00fcn 33. Y\u0131l\u0131nda An\u0131l\u0131yor - The Epoch Times TR","og_description":"25 Eyl\u00fcl 1904&#8217;te Kud\u00fcs&#8217;te do\u011fan Cemal Re\u015fit Rey, sarayla yak\u0131n ba\u011f\u0131 olan, son Osmanl\u0131 ailelerinden birinin o\u011fluydu. Babas\u0131, Servet-i F\u00fcnun dergisinde H.Naz\u0131m takma ad\u0131yla, Edebiyat-\u0131 Cedide&#8217;nin tan\u0131nm\u0131\u015f bir yazar\u0131 olan Ahmet Re\u015fit Rey, o\u011flunun do\u011fum d\u00f6neminde Kud\u00fcs&#8217;e mutasarr\u0131f olarak atanm\u0131\u015ft\u0131. Cemal Re\u015fit Rey be\u015f ya\u015f\u0131ndayken ailece \u0130stanbul&#8217;a gelmi\u015f, bir yandan okula giderken bir yandan da [&hellip;]","og_url":"https:\/\/epochtimestr.com\/index.php\/cemal-resit-rey-olumunun-33-yilinda-aniliyor","og_site_name":"The Epoch Times TR","article_publisher":"https:\/\/www.facebook.com\/theepochtimestr","article_published_time":"2018-10-07T12:37:33+00:00","article_modified_time":"2018-10-07T13:13:51+00:00","og_image":[{"width":1366,"height":768,"url":"https:\/\/epochtimestr.com\/wp-content\/uploads\/2011y\/Cemal-Re\u015fit-Rey.png","type":"image\/png"}],"author":"Haber Merkezi","twitter_card":"summary_large_image","twitter_creator":"@TheEpochTimesTR","twitter_site":"@TheEpochTimesTR","twitter_misc":{"Yazan:":"Haber Merkezi","Tahmini okuma s\u00fcresi":"3 dakika"},"schema":{"@context":"https:\/\/schema.org","@graph":[{"@type":"Article","@id":"https:\/\/epochtimestr.com\/index.php\/cemal-resit-rey-olumunun-33-yilinda-aniliyor#article","isPartOf":{"@id":"https:\/\/epochtimestr.com\/index.php\/cemal-resit-rey-olumunun-33-yilinda-aniliyor"},"author":{"name":"Haber Merkezi","@id":"https:\/\/epochtimestr.com\/#\/schema\/person\/3dc5c3adeb9f43923c5aa85889172fdd"},"headline":"Cemal Re\u015fit Rey \u00d6l\u00fcm\u00fcn\u00fcn 33. Y\u0131l\u0131nda An\u0131l\u0131yor","datePublished":"2018-10-07T12:37:33+00:00","dateModified":"2018-10-07T13:13:51+00:00","mainEntityOfPage":{"@id":"https:\/\/epochtimestr.com\/index.php\/cemal-resit-rey-olumunun-33-yilinda-aniliyor"},"wordCount":600,"publisher":{"@id":"https:\/\/epochtimestr.com\/#organization"},"image":{"@id":"https:\/\/epochtimestr.com\/index.php\/cemal-resit-rey-olumunun-33-yilinda-aniliyor#primaryimage"},"thumbnailUrl":"https:\/\/epochtimestr.com\/wp-content\/uploads\/2011y\/Cemal-Re\u015fit-Rey.png","articleSection":["ED\u0130T\u00d6R\u00dcN SE\u00c7\u0130M\u0130","G\u00dcNDEM","SANAT ve K\u00dcLT\u00dcR","T\u00dcRK\u0130YE"],"inLanguage":"tr"},{"@type":"WebPage","@id":"https:\/\/epochtimestr.com\/index.php\/cemal-resit-rey-olumunun-33-yilinda-aniliyor","url":"https:\/\/epochtimestr.com\/index.php\/cemal-resit-rey-olumunun-33-yilinda-aniliyor","name":"Cemal Re\u015fit Rey \u00d6l\u00fcm\u00fcn\u00fcn 33. Y\u0131l\u0131nda An\u0131l\u0131yor - The Epoch Times TR","isPartOf":{"@id":"https:\/\/epochtimestr.com\/#website"},"primaryImageOfPage":{"@id":"https:\/\/epochtimestr.com\/index.php\/cemal-resit-rey-olumunun-33-yilinda-aniliyor#primaryimage"},"image":{"@id":"https:\/\/epochtimestr.com\/index.php\/cemal-resit-rey-olumunun-33-yilinda-aniliyor#primaryimage"},"thumbnailUrl":"https:\/\/epochtimestr.com\/wp-content\/uploads\/2011y\/Cemal-Re\u015fit-Rey.png","datePublished":"2018-10-07T12:37:33+00:00","dateModified":"2018-10-07T13:13:51+00:00","inLanguage":"tr","potentialAction":[{"@type":"ReadAction","target":["https:\/\/epochtimestr.com\/index.php\/cemal-resit-rey-olumunun-33-yilinda-aniliyor"]}]},{"@type":"ImageObject","inLanguage":"tr","@id":"https:\/\/epochtimestr.com\/index.php\/cemal-resit-rey-olumunun-33-yilinda-aniliyor#primaryimage","url":"https:\/\/epochtimestr.com\/wp-content\/uploads\/2011y\/Cemal-Re\u015fit-Rey.png","contentUrl":"https:\/\/epochtimestr.com\/wp-content\/uploads\/2011y\/Cemal-Re\u015fit-Rey.png","width":1366,"height":768},{"@type":"WebSite","@id":"https:\/\/epochtimestr.com\/#website","url":"https:\/\/epochtimestr.com\/","name":"The Epoch Times TR","description":"De\u011fi\u015fen D\u00fcnyam\u0131za Taze Bir Bak\u0131\u015f","publisher":{"@id":"https:\/\/epochtimestr.com\/#organization"},"potentialAction":[{"@type":"SearchAction","target":{"@type":"EntryPoint","urlTemplate":"https:\/\/epochtimestr.com\/?s={search_term_string}"},"query-input":"required name=search_term_string"}],"inLanguage":"tr"},{"@type":"Organization","@id":"https:\/\/epochtimestr.com\/#organization","name":"The EpochTimes T\u00fcrkiye","url":"https:\/\/epochtimestr.com\/","logo":{"@type":"ImageObject","inLanguage":"tr","@id":"https:\/\/epochtimestr.com\/#\/schema\/logo\/image\/","url":"https:\/\/epochtimestr.com\/wp-content\/uploads\/2011y\/ET-Logo-YG.jpg","contentUrl":"https:\/\/epochtimestr.com\/wp-content\/uploads\/2011y\/ET-Logo-YG.jpg","width":346,"height":29,"caption":"The EpochTimes T\u00fcrkiye"},"image":{"@id":"https:\/\/epochtimestr.com\/#\/schema\/logo\/image\/"},"sameAs":["https:\/\/www.facebook.com\/theepochtimestr","https:\/\/x.com\/TheEpochTimesTR","https:\/\/www.instagram.com\/epochtimestr"]},{"@type":"Person","@id":"https:\/\/epochtimestr.com\/#\/schema\/person\/3dc5c3adeb9f43923c5aa85889172fdd","name":"Haber Merkezi","image":{"@type":"ImageObject","inLanguage":"tr","@id":"https:\/\/epochtimestr.com\/#\/schema\/person\/image\/","url":"https:\/\/secure.gravatar.com\/avatar\/d73f772ba5a74f28601361e17c2f93e6?s=96&d=mm&r=g","contentUrl":"https:\/\/secure.gravatar.com\/avatar\/d73f772ba5a74f28601361e17c2f93e6?s=96&d=mm&r=g","caption":"Haber Merkezi"},"url":"https:\/\/epochtimestr.com\/index.php\/author\/sendag"}]}},"_links":{"self":[{"href":"https:\/\/epochtimestr.com\/index.php\/wp-json\/wp\/v2\/posts\/117614"}],"collection":[{"href":"https:\/\/epochtimestr.com\/index.php\/wp-json\/wp\/v2\/posts"}],"about":[{"href":"https:\/\/epochtimestr.com\/index.php\/wp-json\/wp\/v2\/types\/post"}],"author":[{"embeddable":true,"href":"https:\/\/epochtimestr.com\/index.php\/wp-json\/wp\/v2\/users\/12791"}],"replies":[{"embeddable":true,"href":"https:\/\/epochtimestr.com\/index.php\/wp-json\/wp\/v2\/comments?post=117614"}],"version-history":[{"count":2,"href":"https:\/\/epochtimestr.com\/index.php\/wp-json\/wp\/v2\/posts\/117614\/revisions"}],"predecessor-version":[{"id":117617,"href":"https:\/\/epochtimestr.com\/index.php\/wp-json\/wp\/v2\/posts\/117614\/revisions\/117617"}],"wp:featuredmedia":[{"embeddable":true,"href":"https:\/\/epochtimestr.com\/index.php\/wp-json\/wp\/v2\/media\/117615"}],"wp:attachment":[{"href":"https:\/\/epochtimestr.com\/index.php\/wp-json\/wp\/v2\/media?parent=117614"}],"wp:term":[{"taxonomy":"category","embeddable":true,"href":"https:\/\/epochtimestr.com\/index.php\/wp-json\/wp\/v2\/categories?post=117614"},{"taxonomy":"post_tag","embeddable":true,"href":"https:\/\/epochtimestr.com\/index.php\/wp-json\/wp\/v2\/tags?post=117614"}],"curies":[{"name":"wp","href":"https:\/\/api.w.org\/{rel}","templated":true}]}}