{"id":117887,"date":"2018-10-18T17:34:12","date_gmt":"2018-10-18T14:34:12","guid":{"rendered":"http:\/\/epochtimestr.com\/?p=117887"},"modified":"2018-10-18T17:40:08","modified_gmt":"2018-10-18T14:40:08","slug":"valilikten-29-ekim-aciklamasi","status":"publish","type":"post","link":"https:\/\/epochtimestr.com\/index.php\/valilikten-29-ekim-aciklamasi","title":{"rendered":"Valilik\u2019ten 29 Ekim A\u00e7\u0131klamas\u0131"},"content":{"rendered":"<p><img loading=\"lazy\" decoding=\"async\" class=\"size-full wp-image-79607\" src=\"https:\/\/epochtimestr.com\/wp-content\/uploads\/2011y\/vatan-caddesinde-29-ekim-coskusu-640623-664x354.jpg\" alt=\"\" width=\"500\" height=\"267\" srcset=\"https:\/\/epochtimestr.com\/wp-content\/uploads\/2011y\/vatan-caddesinde-29-ekim-coskusu-640623-664x354.jpg 500w, https:\/\/epochtimestr.com\/wp-content\/uploads\/2011y\/vatan-caddesinde-29-ekim-coskusu-640623-664x354-150x80.jpg 150w, https:\/\/epochtimestr.com\/wp-content\/uploads\/2011y\/vatan-caddesinde-29-ekim-coskusu-640623-664x354-300x160.jpg 300w, https:\/\/epochtimestr.com\/wp-content\/uploads\/2011y\/vatan-caddesinde-29-ekim-coskusu-640623-664x354-292x155.jpg 292w, https:\/\/epochtimestr.com\/wp-content\/uploads\/2011y\/vatan-caddesinde-29-ekim-coskusu-640623-664x354-190x100.jpg 190w\" sizes=\"(max-width: 500px) 100vw, 500px\" \/><\/p>\n<p>\u0130stanbul Valili\u011fi, baz\u0131 sosyal medya hesaplar\u0131nda 29 Ekim kutlamalar\u0131yla ilgili yap\u0131lan payla\u015f\u0131mlara y\u00f6nelik a\u00e7\u0131klamada bulundu. Valilik, &#8220;Baz\u0131 sosyal medya hesaplar\u0131nda \u0130stanbul Valili\u011finin okullara verilmi\u015f g\u00f6nderdi\u011fi bir yaz\u0131yla &#8217;29 Ekim kutlamalar\u0131n\u0131n yap\u0131lmayaca\u011f\u0131&#8217; talimat\u0131 verdi\u011fi ifade edilmektedir. S\u00f6z konusu bilgi ger\u00e7e\u011fi yans\u0131tmamakta olup Valili\u011fimizce okullara verilmi\u015f b\u00f6yle bir talimat\u0131m\u0131z bulunmamaktad\u0131r. Her y\u0131l oldu\u011fu gibi bu y\u0131l da 29 Ekim Cumhuriyet Bayram\u0131 okullar\u0131m\u0131zda co\u015fkuyla kutlanacakt\u0131r&#8221; yaz\u0131l\u0131 a\u00e7\u0131klamas\u0131nda bulundu.<\/p>\n","protected":false},"excerpt":{"rendered":"<p>\u0130stanbul Valili\u011fi, baz\u0131 sosyal medya hesaplar\u0131nda 29 Ekim kutlamalar\u0131yla ilgili yap\u0131lan payla\u015f\u0131mlara y\u00f6nelik a\u00e7\u0131klamada bulundu. Valilik, &#8220;Baz\u0131 sosyal medya hesaplar\u0131nda \u0130stanbul Valili\u011finin okullara verilmi\u015f g\u00f6nderdi\u011fi bir yaz\u0131yla &#8217;29 Ekim kutlamalar\u0131n\u0131n yap\u0131lmayaca\u011f\u0131&#8217; talimat\u0131 verdi\u011fi ifade edilmektedir. S\u00f6z konusu bilgi ger\u00e7e\u011fi yans\u0131tmamakta olup Valili\u011fimizce okullara verilmi\u015f b\u00f6yle bir talimat\u0131m\u0131z bulunmamaktad\u0131r. Her y\u0131l oldu\u011fu gibi bu y\u0131l da [&hellip;]<\/p>\n","protected":false},"author":12464,"featured_media":79607,"comment_status":"closed","ping_status":"open","sticky":false,"template":"","format":"standard","meta":{"_yoast_wpseo_focuskw":"","_yoast_wpseo_title":"","_yoast_wpseo_metadesc":"","_bbp_topic_count":0,"_bbp_reply_count":0,"_bbp_total_topic_count":0,"_bbp_total_reply_count":0,"_bbp_voice_count":0,"_bbp_anonymous_reply_count":0,"_bbp_topic_count_hidden":0,"_bbp_reply_count_hidden":0,"_bbp_forum_subforum_count":0,"footnotes":"","_yoast_wpseo_focuskw_text_input":""},"categories":[37],"tags":[],"yoast_head":"<!-- This site is optimized with the Yoast SEO plugin v23.0 - https:\/\/yoast.com\/wordpress\/plugins\/seo\/ -->\n<title>Valilik\u2019ten 29 Ekim A\u00e7\u0131klamas\u0131 - The Epoch Times TR<\/title>\n<meta name=\"robots\" content=\"index, follow, max-snippet:-1, max-image-preview:large, max-video-preview:-1\" \/>\n<link rel=\"canonical\" href=\"https:\/\/epochtimestr.com\/index.php\/valilikten-29-ekim-aciklamasi\" \/>\n<meta property=\"og:locale\" content=\"tr_TR\" \/>\n<meta property=\"og:type\" content=\"article\" \/>\n<meta property=\"og:title\" content=\"Valilik\u2019ten 29 Ekim A\u00e7\u0131klamas\u0131 - The Epoch Times TR\" \/>\n<meta property=\"og:description\" content=\"\u0130stanbul Valili\u011fi, baz\u0131 sosyal medya hesaplar\u0131nda 29 Ekim kutlamalar\u0131yla ilgili yap\u0131lan payla\u015f\u0131mlara y\u00f6nelik a\u00e7\u0131klamada bulundu. Valilik, &#8220;Baz\u0131 sosyal medya hesaplar\u0131nda \u0130stanbul Valili\u011finin okullara verilmi\u015f g\u00f6nderdi\u011fi bir yaz\u0131yla &#8217;29 Ekim kutlamalar\u0131n\u0131n yap\u0131lmayaca\u011f\u0131&#8217; talimat\u0131 verdi\u011fi ifade edilmektedir. S\u00f6z konusu bilgi ger\u00e7e\u011fi yans\u0131tmamakta olup Valili\u011fimizce okullara verilmi\u015f b\u00f6yle bir talimat\u0131m\u0131z bulunmamaktad\u0131r. Her y\u0131l oldu\u011fu gibi bu y\u0131l da [&hellip;]\" \/>\n<meta property=\"og:url\" content=\"https:\/\/epochtimestr.com\/index.php\/valilikten-29-ekim-aciklamasi\" \/>\n<meta property=\"og:site_name\" content=\"The Epoch Times TR\" \/>\n<meta property=\"article:publisher\" content=\"https:\/\/www.facebook.com\/theepochtimestr\" \/>\n<meta property=\"article:published_time\" content=\"2018-10-18T14:34:12+00:00\" \/>\n<meta property=\"article:modified_time\" content=\"2018-10-18T14:40:08+00:00\" \/>\n<meta property=\"og:image\" content=\"https:\/\/epochtimestr.com\/wp-content\/uploads\/2011y\/vatan-caddesinde-29-ekim-coskusu-640623-664x354.jpg\" \/>\n\t<meta property=\"og:image:width\" content=\"500\" \/>\n\t<meta property=\"og:image:height\" content=\"267\" \/>\n\t<meta property=\"og:image:type\" content=\"image\/jpeg\" \/>\n<meta name=\"author\" content=\"Dila \u015eeng\u00fcl\" \/>\n<meta name=\"twitter:card\" content=\"summary_large_image\" \/>\n<meta name=\"twitter:creator\" content=\"@TheEpochTimesTR\" \/>\n<meta name=\"twitter:site\" content=\"@TheEpochTimesTR\" \/>\n<meta name=\"twitter:label1\" content=\"Yazan:\" \/>\n\t<meta name=\"twitter:data1\" content=\"Dila \u015eeng\u00fcl\" \/>\n<script type=\"application\/ld+json\" class=\"yoast-schema-graph\">{\"@context\":\"https:\/\/schema.org\",\"@graph\":[{\"@type\":\"Article\",\"@id\":\"https:\/\/epochtimestr.com\/index.php\/valilikten-29-ekim-aciklamasi#article\",\"isPartOf\":{\"@id\":\"https:\/\/epochtimestr.com\/index.php\/valilikten-29-ekim-aciklamasi\"},\"author\":{\"name\":\"Dila \u015eeng\u00fcl\",\"@id\":\"https:\/\/epochtimestr.com\/#\/schema\/person\/412e3e18fe3d446442ee7c2c11db0c47\"},\"headline\":\"Valilik\u2019ten 29 Ekim A\u00e7\u0131klamas\u0131\",\"datePublished\":\"2018-10-18T14:34:12+00:00\",\"dateModified\":\"2018-10-18T14:40:08+00:00\",\"mainEntityOfPage\":{\"@id\":\"https:\/\/epochtimestr.com\/index.php\/valilikten-29-ekim-aciklamasi\"},\"wordCount\":104,\"publisher\":{\"@id\":\"https:\/\/epochtimestr.com\/#organization\"},\"image\":{\"@id\":\"https:\/\/epochtimestr.com\/index.php\/valilikten-29-ekim-aciklamasi#primaryimage\"},\"thumbnailUrl\":\"https:\/\/epochtimestr.com\/wp-content\/uploads\/2011y\/vatan-caddesinde-29-ekim-coskusu-640623-664x354.jpg\",\"articleSection\":[\"T\u00dcRK\u0130YE\"],\"inLanguage\":\"tr\"},{\"@type\":\"WebPage\",\"@id\":\"https:\/\/epochtimestr.com\/index.php\/valilikten-29-ekim-aciklamasi\",\"url\":\"https:\/\/epochtimestr.com\/index.php\/valilikten-29-ekim-aciklamasi\",\"name\":\"Valilik\u2019ten 29 Ekim A\u00e7\u0131klamas\u0131 - The Epoch Times TR\",\"isPartOf\":{\"@id\":\"https:\/\/epochtimestr.com\/#website\"},\"primaryImageOfPage\":{\"@id\":\"https:\/\/epochtimestr.com\/index.php\/valilikten-29-ekim-aciklamasi#primaryimage\"},\"image\":{\"@id\":\"https:\/\/epochtimestr.com\/index.php\/valilikten-29-ekim-aciklamasi#primaryimage\"},\"thumbnailUrl\":\"https:\/\/epochtimestr.com\/wp-content\/uploads\/2011y\/vatan-caddesinde-29-ekim-coskusu-640623-664x354.jpg\",\"datePublished\":\"2018-10-18T14:34:12+00:00\",\"dateModified\":\"2018-10-18T14:40:08+00:00\",\"inLanguage\":\"tr\",\"potentialAction\":[{\"@type\":\"ReadAction\",\"target\":[\"https:\/\/epochtimestr.com\/index.php\/valilikten-29-ekim-aciklamasi\"]}]},{\"@type\":\"ImageObject\",\"inLanguage\":\"tr\",\"@id\":\"https:\/\/epochtimestr.com\/index.php\/valilikten-29-ekim-aciklamasi#primaryimage\",\"url\":\"https:\/\/epochtimestr.com\/wp-content\/uploads\/2011y\/vatan-caddesinde-29-ekim-coskusu-640623-664x354.jpg\",\"contentUrl\":\"https:\/\/epochtimestr.com\/wp-content\/uploads\/2011y\/vatan-caddesinde-29-ekim-coskusu-640623-664x354.jpg\",\"width\":500,\"height\":267,\"caption\":\"Foto\u011fraf: \u0130HA\"},{\"@type\":\"WebSite\",\"@id\":\"https:\/\/epochtimestr.com\/#website\",\"url\":\"https:\/\/epochtimestr.com\/\",\"name\":\"The Epoch Times TR\",\"description\":\"De\u011fi\u015fen D\u00fcnyam\u0131za Taze Bir Bak\u0131\u015f\",\"publisher\":{\"@id\":\"https:\/\/epochtimestr.com\/#organization\"},\"potentialAction\":[{\"@type\":\"SearchAction\",\"target\":{\"@type\":\"EntryPoint\",\"urlTemplate\":\"https:\/\/epochtimestr.com\/?s={search_term_string}\"},\"query-input\":\"required name=search_term_string\"}],\"inLanguage\":\"tr\"},{\"@type\":\"Organization\",\"@id\":\"https:\/\/epochtimestr.com\/#organization\",\"name\":\"The EpochTimes T\u00fcrkiye\",\"url\":\"https:\/\/epochtimestr.com\/\",\"logo\":{\"@type\":\"ImageObject\",\"inLanguage\":\"tr\",\"@id\":\"https:\/\/epochtimestr.com\/#\/schema\/logo\/image\/\",\"url\":\"https:\/\/epochtimestr.com\/wp-content\/uploads\/2011y\/ET-Logo-YG.jpg\",\"contentUrl\":\"https:\/\/epochtimestr.com\/wp-content\/uploads\/2011y\/ET-Logo-YG.jpg\",\"width\":346,\"height\":29,\"caption\":\"The EpochTimes T\u00fcrkiye\"},\"image\":{\"@id\":\"https:\/\/epochtimestr.com\/#\/schema\/logo\/image\/\"},\"sameAs\":[\"https:\/\/www.facebook.com\/theepochtimestr\",\"https:\/\/x.com\/TheEpochTimesTR\",\"https:\/\/www.instagram.com\/epochtimestr\"]},{\"@type\":\"Person\",\"@id\":\"https:\/\/epochtimestr.com\/#\/schema\/person\/412e3e18fe3d446442ee7c2c11db0c47\",\"name\":\"Dila \u015eeng\u00fcl\",\"image\":{\"@type\":\"ImageObject\",\"inLanguage\":\"tr\",\"@id\":\"https:\/\/epochtimestr.com\/#\/schema\/person\/image\/\",\"url\":\"https:\/\/secure.gravatar.com\/avatar\/96e2af9ac9b3efd03257d930e8b4a5d2?s=96&d=mm&r=g\",\"contentUrl\":\"https:\/\/secure.gravatar.com\/avatar\/96e2af9ac9b3efd03257d930e8b4a5d2?s=96&d=mm&r=g\",\"caption\":\"Dila \u015eeng\u00fcl\"},\"url\":\"https:\/\/epochtimestr.com\/index.php\/author\/dila\"}]}<\/script>\n<!-- \/ Yoast SEO plugin. -->","yoast_head_json":{"title":"Valilik\u2019ten 29 Ekim A\u00e7\u0131klamas\u0131 - The Epoch Times TR","robots":{"index":"index","follow":"follow","max-snippet":"max-snippet:-1","max-image-preview":"max-image-preview:large","max-video-preview":"max-video-preview:-1"},"canonical":"https:\/\/epochtimestr.com\/index.php\/valilikten-29-ekim-aciklamasi","og_locale":"tr_TR","og_type":"article","og_title":"Valilik\u2019ten 29 Ekim A\u00e7\u0131klamas\u0131 - The Epoch Times TR","og_description":"\u0130stanbul Valili\u011fi, baz\u0131 sosyal medya hesaplar\u0131nda 29 Ekim kutlamalar\u0131yla ilgili yap\u0131lan payla\u015f\u0131mlara y\u00f6nelik a\u00e7\u0131klamada bulundu. Valilik, &#8220;Baz\u0131 sosyal medya hesaplar\u0131nda \u0130stanbul Valili\u011finin okullara verilmi\u015f g\u00f6nderdi\u011fi bir yaz\u0131yla &#8217;29 Ekim kutlamalar\u0131n\u0131n yap\u0131lmayaca\u011f\u0131&#8217; talimat\u0131 verdi\u011fi ifade edilmektedir. S\u00f6z konusu bilgi ger\u00e7e\u011fi yans\u0131tmamakta olup Valili\u011fimizce okullara verilmi\u015f b\u00f6yle bir talimat\u0131m\u0131z bulunmamaktad\u0131r. Her y\u0131l oldu\u011fu gibi bu y\u0131l da [&hellip;]","og_url":"https:\/\/epochtimestr.com\/index.php\/valilikten-29-ekim-aciklamasi","og_site_name":"The Epoch Times TR","article_publisher":"https:\/\/www.facebook.com\/theepochtimestr","article_published_time":"2018-10-18T14:34:12+00:00","article_modified_time":"2018-10-18T14:40:08+00:00","og_image":[{"width":500,"height":267,"url":"https:\/\/epochtimestr.com\/wp-content\/uploads\/2011y\/vatan-caddesinde-29-ekim-coskusu-640623-664x354.jpg","type":"image\/jpeg"}],"author":"Dila \u015eeng\u00fcl","twitter_card":"summary_large_image","twitter_creator":"@TheEpochTimesTR","twitter_site":"@TheEpochTimesTR","twitter_misc":{"Yazan:":"Dila \u015eeng\u00fcl"},"schema":{"@context":"https:\/\/schema.org","@graph":[{"@type":"Article","@id":"https:\/\/epochtimestr.com\/index.php\/valilikten-29-ekim-aciklamasi#article","isPartOf":{"@id":"https:\/\/epochtimestr.com\/index.php\/valilikten-29-ekim-aciklamasi"},"author":{"name":"Dila \u015eeng\u00fcl","@id":"https:\/\/epochtimestr.com\/#\/schema\/person\/412e3e18fe3d446442ee7c2c11db0c47"},"headline":"Valilik\u2019ten 29 Ekim A\u00e7\u0131klamas\u0131","datePublished":"2018-10-18T14:34:12+00:00","dateModified":"2018-10-18T14:40:08+00:00","mainEntityOfPage":{"@id":"https:\/\/epochtimestr.com\/index.php\/valilikten-29-ekim-aciklamasi"},"wordCount":104,"publisher":{"@id":"https:\/\/epochtimestr.com\/#organization"},"image":{"@id":"https:\/\/epochtimestr.com\/index.php\/valilikten-29-ekim-aciklamasi#primaryimage"},"thumbnailUrl":"https:\/\/epochtimestr.com\/wp-content\/uploads\/2011y\/vatan-caddesinde-29-ekim-coskusu-640623-664x354.jpg","articleSection":["T\u00dcRK\u0130YE"],"inLanguage":"tr"},{"@type":"WebPage","@id":"https:\/\/epochtimestr.com\/index.php\/valilikten-29-ekim-aciklamasi","url":"https:\/\/epochtimestr.com\/index.php\/valilikten-29-ekim-aciklamasi","name":"Valilik\u2019ten 29 Ekim A\u00e7\u0131klamas\u0131 - The Epoch Times TR","isPartOf":{"@id":"https:\/\/epochtimestr.com\/#website"},"primaryImageOfPage":{"@id":"https:\/\/epochtimestr.com\/index.php\/valilikten-29-ekim-aciklamasi#primaryimage"},"image":{"@id":"https:\/\/epochtimestr.com\/index.php\/valilikten-29-ekim-aciklamasi#primaryimage"},"thumbnailUrl":"https:\/\/epochtimestr.com\/wp-content\/uploads\/2011y\/vatan-caddesinde-29-ekim-coskusu-640623-664x354.jpg","datePublished":"2018-10-18T14:34:12+00:00","dateModified":"2018-10-18T14:40:08+00:00","inLanguage":"tr","potentialAction":[{"@type":"ReadAction","target":["https:\/\/epochtimestr.com\/index.php\/valilikten-29-ekim-aciklamasi"]}]},{"@type":"ImageObject","inLanguage":"tr","@id":"https:\/\/epochtimestr.com\/index.php\/valilikten-29-ekim-aciklamasi#primaryimage","url":"https:\/\/epochtimestr.com\/wp-content\/uploads\/2011y\/vatan-caddesinde-29-ekim-coskusu-640623-664x354.jpg","contentUrl":"https:\/\/epochtimestr.com\/wp-content\/uploads\/2011y\/vatan-caddesinde-29-ekim-coskusu-640623-664x354.jpg","width":500,"height":267,"caption":"Foto\u011fraf: \u0130HA"},{"@type":"WebSite","@id":"https:\/\/epochtimestr.com\/#website","url":"https:\/\/epochtimestr.com\/","name":"The Epoch Times TR","description":"De\u011fi\u015fen D\u00fcnyam\u0131za Taze Bir Bak\u0131\u015f","publisher":{"@id":"https:\/\/epochtimestr.com\/#organization"},"potentialAction":[{"@type":"SearchAction","target":{"@type":"EntryPoint","urlTemplate":"https:\/\/epochtimestr.com\/?s={search_term_string}"},"query-input":"required name=search_term_string"}],"inLanguage":"tr"},{"@type":"Organization","@id":"https:\/\/epochtimestr.com\/#organization","name":"The EpochTimes T\u00fcrkiye","url":"https:\/\/epochtimestr.com\/","logo":{"@type":"ImageObject","inLanguage":"tr","@id":"https:\/\/epochtimestr.com\/#\/schema\/logo\/image\/","url":"https:\/\/epochtimestr.com\/wp-content\/uploads\/2011y\/ET-Logo-YG.jpg","contentUrl":"https:\/\/epochtimestr.com\/wp-content\/uploads\/2011y\/ET-Logo-YG.jpg","width":346,"height":29,"caption":"The EpochTimes T\u00fcrkiye"},"image":{"@id":"https:\/\/epochtimestr.com\/#\/schema\/logo\/image\/"},"sameAs":["https:\/\/www.facebook.com\/theepochtimestr","https:\/\/x.com\/TheEpochTimesTR","https:\/\/www.instagram.com\/epochtimestr"]},{"@type":"Person","@id":"https:\/\/epochtimestr.com\/#\/schema\/person\/412e3e18fe3d446442ee7c2c11db0c47","name":"Dila \u015eeng\u00fcl","image":{"@type":"ImageObject","inLanguage":"tr","@id":"https:\/\/epochtimestr.com\/#\/schema\/person\/image\/","url":"https:\/\/secure.gravatar.com\/avatar\/96e2af9ac9b3efd03257d930e8b4a5d2?s=96&d=mm&r=g","contentUrl":"https:\/\/secure.gravatar.com\/avatar\/96e2af9ac9b3efd03257d930e8b4a5d2?s=96&d=mm&r=g","caption":"Dila \u015eeng\u00fcl"},"url":"https:\/\/epochtimestr.com\/index.php\/author\/dila"}]}},"_links":{"self":[{"href":"https:\/\/epochtimestr.com\/index.php\/wp-json\/wp\/v2\/posts\/117887"}],"collection":[{"href":"https:\/\/epochtimestr.com\/index.php\/wp-json\/wp\/v2\/posts"}],"about":[{"href":"https:\/\/epochtimestr.com\/index.php\/wp-json\/wp\/v2\/types\/post"}],"author":[{"embeddable":true,"href":"https:\/\/epochtimestr.com\/index.php\/wp-json\/wp\/v2\/users\/12464"}],"replies":[{"embeddable":true,"href":"https:\/\/epochtimestr.com\/index.php\/wp-json\/wp\/v2\/comments?post=117887"}],"version-history":[{"count":3,"href":"https:\/\/epochtimestr.com\/index.php\/wp-json\/wp\/v2\/posts\/117887\/revisions"}],"predecessor-version":[{"id":117890,"href":"https:\/\/epochtimestr.com\/index.php\/wp-json\/wp\/v2\/posts\/117887\/revisions\/117890"}],"wp:featuredmedia":[{"embeddable":true,"href":"https:\/\/epochtimestr.com\/index.php\/wp-json\/wp\/v2\/media\/79607"}],"wp:attachment":[{"href":"https:\/\/epochtimestr.com\/index.php\/wp-json\/wp\/v2\/media?parent=117887"}],"wp:term":[{"taxonomy":"category","embeddable":true,"href":"https:\/\/epochtimestr.com\/index.php\/wp-json\/wp\/v2\/categories?post=117887"},{"taxonomy":"post_tag","embeddable":true,"href":"https:\/\/epochtimestr.com\/index.php\/wp-json\/wp\/v2\/tags?post=117887"}],"curies":[{"name":"wp","href":"https:\/\/api.w.org\/{rel}","templated":true}]}}