{"id":118983,"date":"2018-11-30T15:28:14","date_gmt":"2018-11-30T12:28:14","guid":{"rendered":"http:\/\/epochtimestr.com\/?p=118983"},"modified":"2018-11-30T15:28:14","modified_gmt":"2018-11-30T12:28:14","slug":"cinde-uretilen-zehirli-bal-market-rafinda-karsiniza-cikabilir","status":"publish","type":"post","link":"https:\/\/epochtimestr.com\/index.php\/cinde-uretilen-zehirli-bal-market-rafinda-karsiniza-cikabilir","title":{"rendered":"\u00c7in\u2019de \u00fcretilen \u2018Zehirli\u2019 bal, market raf\u0131nda kar\u015f\u0131n\u0131za \u00e7\u0131kabilir!"},"content":{"rendered":"<figure id=\"attachment_118984\" aria-describedby=\"caption-attachment-118984\" style=\"width: 600px\" class=\"wp-caption aligncenter\"><img loading=\"lazy\" decoding=\"async\" class=\"size-large wp-image-118984\" src=\"https:\/\/epochtimestr.com\/wp-content\/uploads\/2011y\/honey-1006972_960_720-600x400.jpg\" alt=\"\" width=\"600\" height=\"400\" srcset=\"https:\/\/epochtimestr.com\/wp-content\/uploads\/2011y\/honey-1006972_960_720-600x400.jpg 600w, https:\/\/epochtimestr.com\/wp-content\/uploads\/2011y\/honey-1006972_960_720-150x100.jpg 150w, https:\/\/epochtimestr.com\/wp-content\/uploads\/2011y\/honey-1006972_960_720-300x200.jpg 300w, https:\/\/epochtimestr.com\/wp-content\/uploads\/2011y\/honey-1006972_960_720-768x512.jpg 768w, https:\/\/epochtimestr.com\/wp-content\/uploads\/2011y\/honey-1006972_960_720-450x300.jpg 450w, https:\/\/epochtimestr.com\/wp-content\/uploads\/2011y\/honey-1006972_960_720.jpg 960w\" sizes=\"(max-width: 600px) 100vw, 600px\" \/><figcaption id=\"caption-attachment-118984\" class=\"wp-caption-text\">Pixabay<\/figcaption><\/figure>\n<p>Doland\u0131r\u0131c\u0131lar su i\u00e7eri\u011fi y\u00fcksek olan olgunla\u015fmam\u0131\u015f bal\u0131 hasat ettikten sonra, re\u00e7ine tortular\u0131n\u0131 \u00e7\u0131kararak ve ucuz \u015furuplar ekleyerek bal\u0131 yapay olarak kurutmaktad\u0131r.<\/p>\n<p>Uluslararas\u0131 Bal \u0130hracat\u00e7\u0131lar\u0131 \u00d6rg\u00fct\u00fc (IHEO) ba\u015fkan\u0131 <a href=\"https:\/\/www.apiservices.biz\/sites\/spmf\/honey_fraud_major_threat_future_beekeeping.pdf\" target=\"_blank\" rel=\"noopener\">Norberto Garcia<\/a>, \u201cHam bal \u00fcretimi, bal tan\u0131m\u0131n\u0131 kar\u015f\u0131lamayan bir \u00fcr\u00fcn\u00fcn h\u0131zl\u0131 ve y\u00fcksek miktarlarda \u00fcretilmesi (sahtecilik) anlam\u0131na geliyor\u201d diyor.<\/p>\n<figure id=\"attachment_118985\" aria-describedby=\"caption-attachment-118985\" style=\"width: 600px\" class=\"wp-caption aligncenter\"><img loading=\"lazy\" decoding=\"async\" class=\"size-large wp-image-118985\" src=\"https:\/\/epochtimestr.com\/wp-content\/uploads\/2011y\/honey-318175_960_720-600x400.jpg\" alt=\"\" width=\"600\" height=\"400\" srcset=\"https:\/\/epochtimestr.com\/wp-content\/uploads\/2011y\/honey-318175_960_720-600x400.jpg 600w, https:\/\/epochtimestr.com\/wp-content\/uploads\/2011y\/honey-318175_960_720-150x100.jpg 150w, https:\/\/epochtimestr.com\/wp-content\/uploads\/2011y\/honey-318175_960_720-300x200.jpg 300w, https:\/\/epochtimestr.com\/wp-content\/uploads\/2011y\/honey-318175_960_720-768x512.jpg 768w, https:\/\/epochtimestr.com\/wp-content\/uploads\/2011y\/honey-318175_960_720-450x300.jpg 450w, https:\/\/epochtimestr.com\/wp-content\/uploads\/2011y\/honey-318175_960_720.jpg 960w\" sizes=\"(max-width: 600px) 100vw, 600px\" \/><figcaption id=\"caption-attachment-118985\" class=\"wp-caption-text\">Pixabay<\/figcaption><\/figure>\n<p>\u00c7in\u2019de \u00fcretilen bala ucuz dolgu maddesi olarak, y\u00fcksek fruktozlu m\u0131s\u0131r \u015furubu (HFCS) ve \u015feker kam\u0131\u015f\u0131 eklenmektedir. Asl\u0131nda HFCS, kilo vermek ve kalp hastal\u0131\u011f\u0131 ve diyabeti \u00f6nlemek isteyenlerin veba gibi ka\u00e7\u0131nmas\u0131 gereken bir \u015feydir. HFCS\u2019nin sa\u011fl\u0131ks\u0131z bir \u00fcr\u00fcn olmas\u0131n\u0131n nedenlerinden biri,\u00a0v\u00fccudumuzdaki ya\u011flara\u00a0di\u011fer herhangi bir \u015feker t\u00fcr\u00fcne g\u00f6re daha h\u0131zl\u0131 bir \u015fekilde metabolize edilmesidir.<\/p>\n<p>\u00c7in\u2019in d\u00fcnyan\u0131n en b\u00fcy\u00fck bal \u00fcreticisi oldu\u011fu d\u00f6nemde, garip bir olay ortaya \u00e7\u0131km\u0131\u015ft\u0131r.<\/p>\n<p>\u00c7in\u2019de ar\u0131 kovanlar\u0131n\u0131n say\u0131s\u0131nda y\u00fczde 21\u2019lik bir art\u0131\u015f olmas\u0131na ra\u011fmen ar\u0131 say\u0131s\u0131 h\u0131zla azalmaktad\u0131r. Bunun nedeni devlete ait fabrikalar\u0131n neden oldu\u011fu kirlilik ve yayg\u0131n bir \u015fekilde y\u00fcksek d\u00fczeyde zehirli b\u00f6cek ila\u00e7lar\u0131n\u0131n kullan\u0131m\u0131d\u0131r. O kadar ki, ar\u0131lar \u00c7in\u2019deki bir\u00e7ok b\u00f6lgede yok olma s\u0131n\u0131r\u0131ndad\u0131r ve \u00e7i\u00e7eklerin tozla\u015fmas\u0131 insanlar taraf\u0131ndan elle yap\u0131lmaktad\u0131r. \u00c7evre kirlili\u011fi bu kadar k\u00f6t\u00fc d\u00fczeydedir ve kom\u00fcnist parti politikac\u0131lar\u0131 bu durumu g\u00f6rmezden gelmektedir.<\/p>\n<figure id=\"attachment_118986\" aria-describedby=\"caption-attachment-118986\" style=\"width: 533px\" class=\"wp-caption aligncenter\"><img loading=\"lazy\" decoding=\"async\" class=\"size-large wp-image-118986\" src=\"https:\/\/epochtimestr.com\/wp-content\/uploads\/2011y\/beekeeper-2156663_960_720-533x400.jpg\" alt=\"\" width=\"533\" height=\"400\" srcset=\"https:\/\/epochtimestr.com\/wp-content\/uploads\/2011y\/beekeeper-2156663_960_720-533x400.jpg 533w, https:\/\/epochtimestr.com\/wp-content\/uploads\/2011y\/beekeeper-2156663_960_720-150x113.jpg 150w, https:\/\/epochtimestr.com\/wp-content\/uploads\/2011y\/beekeeper-2156663_960_720-300x225.jpg 300w, https:\/\/epochtimestr.com\/wp-content\/uploads\/2011y\/beekeeper-2156663_960_720-768x576.jpg 768w, https:\/\/epochtimestr.com\/wp-content\/uploads\/2011y\/beekeeper-2156663_960_720-86x64.jpg 86w, https:\/\/epochtimestr.com\/wp-content\/uploads\/2011y\/beekeeper-2156663_960_720-600x450.jpg 600w, https:\/\/epochtimestr.com\/wp-content\/uploads\/2011y\/beekeeper-2156663_960_720.jpg 960w\" sizes=\"(max-width: 533px) 100vw, 533px\" \/><figcaption id=\"caption-attachment-118986\" class=\"wp-caption-text\">\u00a0Pixabay\u00a0<\/figcaption><\/figure>\n<p>Tuhaf bir \u015fekilde, \u00c7in\u2019in ar\u0131 n\u00fcfusu t\u00fckenirken, \u00fclkenin bal \u00fcretimi s\u00fcrekli olarak artmaktad\u0131r. <a href=\"http:\/\/www.fao.org\/faostat\/en\/#data\/QL\" target=\"_blank\" rel=\"noopener\">Birle\u015fmi\u015f Milletler G\u0131da ve Tar\u0131m \u00d6rg\u00fct\u00fc<\/a> verilerine g\u00f6re, \u00c7in\u2019in bal \u00fcretimi 2013 y\u0131l\u0131nda 461.431 ton bal iken, 2014 y\u0131l\u0131nda 474.786 ton, 2015\u2019te 488.726 ton, 2016 y\u0131l\u0131nda ise 502.614 ton olarak ger\u00e7ekle\u015fti.<\/p>\n<p>\u00c7in, sahip oldu\u011fu mevcut ar\u0131 n\u00fcfusunun yapabilece\u011finden \u00e7ok daha fazla bal\u0131 nas\u0131l \u00fcretebilmi\u015ftir?<\/p>\n<h3>Cevap: Bal Doland\u0131r\u0131c\u0131l\u0131\u011f\u0131 Sayesinde<\/h3>\n<p>Pirin\u00e7ten \u00fcretilen \u015furuplar\u0131 tespit etmek daha zordur ve \u00c7inli sahte bal \u00fcreticileri bunu bala ekleyerek, bal\u0131n a\u011f\u0131rl\u0131\u011f\u0131n\u0131 art\u0131rmaktad\u0131r. Yapt\u0131klar\u0131 sahtekarl\u0131klar bununla da s\u0131n\u0131rl\u0131 de\u011fildir.<\/p>\n<p><img loading=\"lazy\" decoding=\"async\" class=\"size-large wp-image-118987\" src=\"https:\/\/epochtimestr.com\/wp-content\/uploads\/2011y\/food-2940300_960_720-600x400.jpg\" alt=\"\" width=\"600\" height=\"400\" srcset=\"https:\/\/epochtimestr.com\/wp-content\/uploads\/2011y\/food-2940300_960_720-600x400.jpg 600w, https:\/\/epochtimestr.com\/wp-content\/uploads\/2011y\/food-2940300_960_720-150x100.jpg 150w, https:\/\/epochtimestr.com\/wp-content\/uploads\/2011y\/food-2940300_960_720-300x200.jpg 300w, https:\/\/epochtimestr.com\/wp-content\/uploads\/2011y\/food-2940300_960_720-768x512.jpg 768w, https:\/\/epochtimestr.com\/wp-content\/uploads\/2011y\/food-2940300_960_720-450x300.jpg 450w, https:\/\/epochtimestr.com\/wp-content\/uploads\/2011y\/food-2940300_960_720.jpg 960w\" sizes=\"(max-width: 600px) 100vw, 600px\" \/><\/p>\n<p><a href=\"https:\/\/www.euractiv.com\/section\/agriculture-food\/news\/honey-gate-how-europe-is-being-flooded-with-fake-honey\/\" target=\"_blank\" rel=\"noopener\">Euractiv<\/a>\u2019de yay\u0131nlanan habere g\u00f6re, Bayreuth \u00dcniversitesi\u2019nde yap\u0131sal biyoloji profes\u00f6r\u00fc olan Dr. Stephan Schwarzinger, \u201cBal\u0131n ger\u00e7eklik testi i\u00e7in tek bir y\u00f6ntem yoktur &#8211; \u00e7\u00fcnk\u00fc bir\u00e7ok hile y\u00f6ntemi vard\u0131r\u201d diyor.<\/p>\n<p>\u0130ki kez Pulitzer \u00d6d\u00fcl\u00fc kazanan gazeteci Andrew Schneider, G\u0131da G\u00fcvenli\u011fi Haberleri\u2019nde (FSN) 7 Kas\u0131m 2011\u2019de yay\u0131nlanan \u2018<a href=\"https:\/\/www.foodsafetynews.com\/2011\/11\/tests-show-most-store-honey-isnt-honey\/#.VuRnvdDkp8E\" target=\"_blank\" rel=\"noopener\">Testlere G\u00f6re Marketlerde Sat\u0131lan Bal\u0131n \u00c7o\u011fu Bal De\u011fildir<\/a>\u2019 isimli makalesinde, \u201cABD marketlerinde sat\u0131lan bal\u0131n d\u00f6rtte \u00fc\u00e7\u00fcnden fazlas\u0131 ger\u00e7ekte ar\u0131lar\u0131n \u00fcretti\u011fi bir \u015fey de\u011fil\u201d diyor.<\/p>\n<p>\u00c7inli doland\u0131r\u0131c\u0131lar, ABD gibi \u00fclkeler taraf\u0131ndan bala uygulanan a\u011f\u0131r g\u00fcmr\u00fck vergisinden ka\u00e7mak i\u00e7in, \u00fcr\u00fcnlerini ileri d\u00fczey filtrelemeden ge\u00e7irerek, \u00fc\u00e7\u00fcnc\u00fc d\u00fcnya ve Asya \u00fclkeleri \u00fczerinden d\u00fcnya pazar\u0131na s\u00fcrmektedir. \u0130leri d\u00fczey filtrelemede bal\u0131n \u00fcretildi\u011fi \u00fclkenin ortaya \u00e7\u0131kar\u0131lmas\u0131n\u0131 sa\u011flayabilecek polen izleri ortadan kald\u0131r\u0131lmakta, daha sonra bal ucuz tatland\u0131r\u0131c\u0131larla seyreltilmekte veya par\u00e7alanmakta, yeniden etiketlenerek \u00e7o\u011fu yerel s\u00fcpermarketlerde sat\u0131lmak \u00fczere b\u00fct\u00fcn d\u00fcnyaya ihra\u00e7 edilmektedir.<\/p>\n<p>Amerikan Bal \u00dcreticileri Derne\u011fi ba\u015fkan\u0131 Mark Jensen, \u201cT\u00fcm polenler sadece ultra filtreleme ile yok edilebilir. Bu filtreleme i\u015flemi hi\u00e7bir i\u015fe yaramamakla birlikte maliyeti y\u00fcksektir ve bal\u0131n kalitesini d\u00fc\u015f\u00fcr\u00fcr\u201d <a href=\"https:\/\/www.foodsafetynews.com\/2011\/11\/tests-show-most-store-honey-isnt-honey\/\" target=\"_blank\" rel=\"noopener\">diye belirtti<\/a>. \u201cBana g\u00f6re, raflardaki ultra filtreden ge\u00e7mi\u015f her t\u00fcrl\u00fc bal\u0131n \u00c7in bal\u0131 oldu\u011funu ve \u00fclkeye yasad\u0131\u015f\u0131 ve federal yasalara ayk\u0131r\u0131 \u015fekilde sokuldu\u011funu varsaymak daha g\u00fcvenlidir\u201d diye ekledi.<\/p>\n<h3>Avustralya\u2019da Yap\u0131\u015fkan Bir Durum<\/h3>\n<p>Balla ilgili bu t\u00fcr sorunlar sadece Amerika Birle\u015fik Devletleri\u2019nde ortaya \u00e7\u0131km\u0131yor. Avustralyal\u0131 ar\u0131c\u0131 Simon Mulvany, Avustralya\u2019n\u0131n en b\u00fcy\u00fck bal \u00fcreticisi olan Capilano\u2019ya kar\u015f\u0131 sosyal medyada bir kampanya y\u00fcr\u00fctmektedir. Ar\u0131 aktivisti, dev \u015firketi yan\u0131lt\u0131c\u0131 etiketleme yaparak \u201czehirli\u201d ithal bal satmakla su\u00e7lad\u0131\u011f\u0131 i\u00e7in, Capilano\u2019nun \u00f6fkesini kazand\u0131.<\/p>\n<p>Mulvany, \u201cEn rahats\u0131z edici olan, Capilano\u2019nun kendi bal\u0131n\u0131 \u00c7in bal\u0131yla kar\u0131\u015ft\u0131r\u0131p safl\u0131\u011f\u0131n\u0131 bozarak Orta Asya \u00fclkelerine ihra\u00e7 etmesi\u201d dedi. \u201cCapilano Bal, halka a\u00e7\u0131k s\u00f6ylediklerimi sosyal medyadan kald\u0131rmam i\u00e7in bana dava a\u00e7\u0131yor ve bir daha b\u00f6yle bir \u015fey s\u00f6ylememe izin vermiyor.\u201d<\/p>\n<div id=\"fb-root\"><\/div>\n<p><script>(function(d, s, id) {  var js, fjs = d.getElementsByTagName(s)[0];  if (d.getElementById(id)) return;  js = d.createElement(s); js.id = id;  js.src = 'https:\/\/connect.facebook.net\/tr_TR\/sdk.js#xfbml=1&version=v3.2';  fjs.parentNode.insertBefore(js, fjs);}(document, 'script', 'facebook-jssdk'));<\/script><\/p>\n<div class=\"fb-post\" data-href=\"https:\/\/www.facebook.com\/savethebeesau\/photos\/a.1487016014912965\/2134531013494792\/?type=3&amp;theater\" data-width=\"750\">\n<blockquote cite=\"https:\/\/www.facebook.com\/savethebeesau\/photos\/a.1487016014912965\/2134531013494792\/?type=3\" class=\"fb-xfbml-parse-ignore\">\n<p>PLEASE HELP!Friday 20 July, I represented myself against big company Capilano Honey Ltd in the Supreme Court of&#8230;<\/p>\n<p><a href=\"https:\/\/www.facebook.com\/savethebeesau\/\">Save the Bees Australia<\/a> payla\u015ft\u0131:&nbsp;<a href=\"https:\/\/www.facebook.com\/savethebeesau\/photos\/a.1487016014912965\/2134531013494792\/?type=3\">20 Temmuz 2018 Cuma<\/a><\/p><\/blockquote>\n<\/div>\n<p style=\"text-align: center;\"><em>L\u00dcTFEN YARDIM ED\u0130N! 20 Temmuz Cuma g\u00fcn\u00fc, Victoria Y\u00fcksek Mahkemesinde b\u00fcy\u00fck \u015firket Capilano Bal Ltd\u2019ye kar\u015f\u0131 kendimi temsil ettim. Avukat\u0131m yok, bu y\u00fczden duydu\u011fum y\u00f6nlendirmelere g\u00f6re, tek ba\u015f\u0131ma elimden gelenin en iyisini yapt\u0131m ve \u015fimdi 24 A\u011fustos\u2019a kadar savunmam\u0131 g\u00fcncellemem gerekiyor.<\/em><\/p>\n<h3>Ve Mulvany Capilano\u2019ya Kar\u015f\u0131 M\u00fccadele Ediyor<\/h3>\n<p>Capilano\u2019nun CEO\u2019su Ben McKee <a href=\"https:\/\/www.abc.net.au\/news\/2016-11-15\/capilano-beekeeper-suing-each-other-over-social-media-posts\/8024150\" target=\"_blank\" rel=\"noopener\">ABC News<\/a>\u2019e \u015funlar\u0131 s\u00f6yledi: \u201cCapilano Bal markas\u0131 y\u00fczde 100 safl\u0131kta Avustralya bal\u0131d\u0131r. Bunun yan\u0131 s\u0131ra \u015firketimiz, Allowrie gibi tamamlay\u0131c\u0131 markalarda kullan\u0131lmak \u00fczere akredite uluslararas\u0131 tedarik\u00e7ilerden bir miktar bal ithal etmektedir.\u201d<\/p>\n<p>Ancak pek \u00e7ok ar\u0131c\u0131, Mulvany\u2019yi desteklediklerini bildirdiler.<\/p>\n<p>Mulvany, \u201cB\u00fct\u00fcn bu ger\u00e7eklerin ortaya \u00e7\u0131kmas\u0131 gerekti\u011fini ve bunun bal end\u00fcstrisini geli\u015ftirece\u011fini s\u00f6yl\u00fcyorlar\u201d dedi. \u201cBir\u00e7ok ar\u0131c\u0131, ithal baldan gelen Amerikan foulbroodu gibi y\u0131k\u0131c\u0131 salg\u0131n hastal\u0131klar\u0131 su\u00e7luyor. \u0130thal bal, bula\u015f\u0131c\u0131 olabilecek ve Avustralya bal ar\u0131lar\u0131nda hastal\u0131\u011fa neden olabilecek canl\u0131 bakterileri bar\u0131nd\u0131rabilir.\u201d (<em>\u00c7evirmenin notu<\/em>: <em>Amerikan foulbroudu: Bal ar\u0131s\u0131 larvalar\u0131nda g\u00f6r\u00fclen \u00f6ld\u00fcr\u00fcc\u00fc bakteriyel hastal\u0131k<\/em>)<\/p>\n<p>Avustralya Finansal \u0130ncelemesi dergisiyle yapt\u0131\u011f\u0131 r\u00f6portajda Mulvany \u201cAvustralya\u2019n\u0131n itibar\u0131 ger\u00e7ekten etkilendi\u201d dedi. \u201cBal etiketinde bir \u00fcretici \u00fclke bilgisine ihtiyac\u0131m\u0131z var. Bu y\u00fczden ald\u0131\u011f\u0131m\u0131z bal bir kar\u0131\u015f\u0131m olsun ya da olmas\u0131n, etiket \u00fczerinde hangi \u00fclkelerin bal\u0131 oldu\u011funu g\u00f6rmemiz gerekiyor.\u201d<\/p>\n<div id=\"fb-root\"><\/div>\n<p><script>(function(d, s, id) {  var js, fjs = d.getElementsByTagName(s)[0];  if (d.getElementById(id)) return;  js = d.createElement(s); js.id = id;  js.src = 'https:\/\/connect.facebook.net\/tr_TR\/sdk.js#xfbml=1&version=v3.2';  fjs.parentNode.insertBefore(js, fjs);}(document, 'script', 'facebook-jssdk'));<\/script><\/p>\n<div class=\"fb-post\" data-href=\"https:\/\/www.facebook.com\/photo.php?fbid=10154063834786823&amp;set=a.483569991822&amp;type=3\" data-width=\"750\">\n<blockquote cite=\"https:\/\/www.facebook.com\/photo.php?fbid=10154063834786823&amp;set=a.483569991822&amp;type=3\" class=\"fb-xfbml-parse-ignore\"><p><a href=\"https:\/\/www.facebook.com\/simon.mulvany.5\">Simon Mulvany<\/a> payla\u015ft\u0131:&nbsp;<a href=\"https:\/\/www.facebook.com\/photo.php?fbid=10154063834786823&amp;set=a.483569991822&amp;type=3\">1 Nisan 2016 Cuma<\/a><\/p><\/blockquote>\n<\/div>\n<p>Mulvany, \u00c7in \u201cbal\u201d\u0131n\u0131n sahte oldu\u011funu, daha da \u00f6nemlisi, \u00c7in\u2019den ithal edilen ve \u201cbal\u201d olarak etiketlenen maddenin, sa\u011fl\u0131\u011fa zararl\u0131 oldu\u011funu savunmaktad\u0131r.<\/p>\n<p>Mulvany, <a href=\"https:\/\/www.facebook.com\/pg\/Crapilano-1887149348209605\/posts\/?ref=page_internal\" target=\"_blank\" rel=\"noopener\">Facebook<\/a>\u2019taki bir payla\u015f\u0131m\u0131nda \u201cCapilano Bal sinsi davran\u0131yor ve sat\u0131\u015flar\u0131n\u0131 Allowrie, Smiths, Barnes ve Wescobee markalar\u0131 alt\u0131nda yap\u0131yor. Capilano, alkali maddeler i\u00e7erdi\u011fi i\u00e7in \u00e7ok k\u00f6t\u00fc sonu\u00e7lar\u0131na yol a\u00e7abilen kediotu bitkisinden \u00fcretilen Arjantin bal\u0131n\u0131 ithal ediyor\u201d diye ekledi.<\/p>\n<p>\u201cUcuz s\u00fcpermarket bal\u0131, t\u00fcketicilerde karaci\u011fer sorunlar\u0131na neden olurken ayn\u0131 zamanda bir end\u00fcstriyi de mahvetmektedir. Fairfax medyas\u0131n\u0131n harmanlanm\u0131\u015f Avustralya bal\u0131 numunelerinin y\u00fcksek oranda tehlikeli alkaloid i\u00e7erdi\u011fini bildiren raporundan sonra, sadece Avustralya\u2019da, Capilano\u2019nun harmanlama tesislerinde de\u011fil,\u00a0 d\u00fcnyan\u0131n tamam\u0131nda hararet y\u00fckselmi\u015ftir.\u201d<\/p>\n<p>Bu arada, Avustralya\u2019n\u0131n en b\u00fcy\u00fck s\u00fcpermarket zinciri olan Coles, Capilano\u2019nun ithal bal markas\u0131 Allowrie\u2019yi raflardan kald\u0131rmaya karar verdi. Allowrie\u2019nin y\u00fczde 70\u2019e kadar y\u00fcksek oranlarda, ba\u015fta \u00c7in ve Arjantin\u2019den ithal edilmi\u015f bal i\u00e7erdi\u011fi s\u00f6yleniyor.<\/p>\n<p>Yeni G\u00fcney Galler\u2019de ar\u0131c\u0131l\u0131k yapan Kieren Sunderland, ithal balla rekabet etmenin zor oldu\u011funu ve Coles\u2019\u00fcn ad\u0131m\u0131n\u0131 memnuniyetle kar\u015f\u0131lad\u0131klar\u0131n\u0131 s\u00f6yledi.<\/p>\n<div id=\"fb-root\"><\/div>\n<p><script>(function(d, s, id) {  var js, fjs = d.getElementsByTagName(s)[0];  if (d.getElementById(id)) return;  js = d.createElement(s); js.id = id;  js.src = 'https:\/\/connect.facebook.net\/tr_TR\/sdk.js#xfbml=1&version=v3.2';  fjs.parentNode.insertBefore(js, fjs);}(document, 'script', 'facebook-jssdk'));<\/script><\/p>\n<div class=\"fb-post\" data-href=\"https:\/\/www.facebook.com\/savethebeesau\/photos\/a.1487016014912965\/2117106475237246\/?type=3\" data-width=\"750\">\n<blockquote cite=\"https:\/\/www.facebook.com\/savethebeesau\/photos\/a.1487016014912965\/2117106475237246\/?type=3\" class=\"fb-xfbml-parse-ignore\">\n<p>We have triumphed in our battle against #honeylaundering. From now on Coles will only sell authentic Australian honey&#8230;.<\/p>\n<p><a href=\"https:\/\/www.facebook.com\/savethebeesau\/\">Save the Bees Australia<\/a> payla\u015ft\u0131:&nbsp;<a href=\"https:\/\/www.facebook.com\/savethebeesau\/photos\/a.1487016014912965\/2117106475237246\/?type=3\">4 Temmuz 2018 \u00c7ar\u015famba<\/a><\/p><\/blockquote>\n<\/div>\n<p style=\"text-align: center;\"><em>#Honeylaundering\u2019e kar\u015f\u0131 sava\u015f\u0131m\u0131zda zafer kazand\u0131k. Bundan sonra Coles sadece ger\u00e7ek Avustralya bal\u0131n\u0131 satacak.\u00a0<\/em><em>Coles art\u0131k Avustralya ballar\u0131yla harmanlanm\u0131\u015f \u00c7in \u015furuplar\u0131n\u0131 stoklam\u0131yor. Coles\u2019e yazan, dilek\u00e7eleri imzalayan, bildirileri payla\u015fan ve \u00c7in kar\u0131\u015f\u0131mlar\u0131n\u0131 sat\u0131n almay\u0131 reddeden herkese te\u015fekk\u00fcr ederiz.<\/em><\/p>\n<p>Di\u011fer bir Avustralyal\u0131 s\u00fcpermarket devi Woolworths davay\u0131 takip etmeyecek ve Allowrie markal\u0131 \u00fcr\u00fcnleri daha ucuz bir \u201cbal\u201d se\u00e7ene\u011fi olarak raflar\u0131nda tutacak.<\/p>\n<p>Mulvany 20 Temmuz\u2019da Viktorya Y\u00fcksek Mahkemesi\u2019nde Capilano\u2019ya kar\u015f\u0131 dava a\u00e7t\u0131. Mulvany\u2019nin <a href=\"https:\/\/www.gofundme.com\/48jlk4w\" target=\"_blank\" rel=\"noopener\">GoFundMe<\/a> sayfas\u0131nda Margaret Hurley \u201cDavid ve Goliath durumu!\u201d diye yazd\u0131. Hen\u00fcz durum hakk\u0131nda g\u00fcncel bilgi yay\u0131nlanmam\u0131\u015ft\u0131r.<\/p>\n<p>Winnie-the-Pooh\u2019un en sevdi\u011fi yiyece\u011fin d\u00fcnyan\u0131n en \u00e7ok sahtesi yap\u0131lan g\u0131dalar\u0131ndan biri haline gelmesi, talihsiz bir durumdur. Umuyoruz ki, gelece\u011fi tehlike alt\u0131nda olan ar\u0131c\u0131l\u0131k sanayi d\u00fczeltilebilir.<\/p>\n<p>&nbsp;<\/p>\n<p>&nbsp;<\/p>\n<p>\u00c7eviren: Hatice Atmaca, Epoch Times T\u00fcrkiye<\/p>\n","protected":false},"excerpt":{"rendered":"<p>Doland\u0131r\u0131c\u0131lar su i\u00e7eri\u011fi y\u00fcksek olan olgunla\u015fmam\u0131\u015f bal\u0131 hasat ettikten sonra, re\u00e7ine tortular\u0131n\u0131 \u00e7\u0131kararak ve ucuz \u015furuplar ekleyerek bal\u0131 yapay olarak kurutmaktad\u0131r. Uluslararas\u0131 Bal \u0130hracat\u00e7\u0131lar\u0131 \u00d6rg\u00fct\u00fc (IHEO) ba\u015fkan\u0131 Norberto Garcia, \u201cHam bal \u00fcretimi, bal tan\u0131m\u0131n\u0131 kar\u015f\u0131lamayan bir \u00fcr\u00fcn\u00fcn h\u0131zl\u0131 ve y\u00fcksek miktarlarda \u00fcretilmesi (sahtecilik) anlam\u0131na geliyor\u201d diyor. \u00c7in\u2019de \u00fcretilen bala ucuz dolgu maddesi olarak, y\u00fcksek fruktozlu [&hellip;]<\/p>\n","protected":false},"author":12379,"featured_media":118984,"comment_status":"closed","ping_status":"open","sticky":false,"template":"","format":"standard","meta":{"_yoast_wpseo_focuskw":"","_yoast_wpseo_title":"","_yoast_wpseo_metadesc":"","_bbp_topic_count":0,"_bbp_reply_count":0,"_bbp_total_topic_count":0,"_bbp_total_reply_count":0,"_bbp_voice_count":0,"_bbp_anonymous_reply_count":0,"_bbp_topic_count_hidden":0,"_bbp_reply_count_hidden":0,"_bbp_forum_subforum_count":0,"footnotes":"","_yoast_wpseo_focuskw_text_input":""},"categories":[8,519,19],"tags":[],"yoast_head":"<!-- This site is optimized with the Yoast SEO plugin v23.0 - https:\/\/yoast.com\/wordpress\/plugins\/seo\/ -->\n<title>\u00c7in\u2019de \u00fcretilen \u2018Zehirli\u2019 bal, market raf\u0131nda kar\u015f\u0131n\u0131za \u00e7\u0131kabilir! - The Epoch Times TR<\/title>\n<meta name=\"robots\" content=\"index, follow, max-snippet:-1, max-image-preview:large, max-video-preview:-1\" \/>\n<link rel=\"canonical\" href=\"https:\/\/epochtimestr.com\/index.php\/cinde-uretilen-zehirli-bal-market-rafinda-karsiniza-cikabilir\" \/>\n<meta property=\"og:locale\" content=\"tr_TR\" \/>\n<meta property=\"og:type\" content=\"article\" \/>\n<meta property=\"og:title\" content=\"\u00c7in\u2019de \u00fcretilen \u2018Zehirli\u2019 bal, market raf\u0131nda kar\u015f\u0131n\u0131za \u00e7\u0131kabilir! - The Epoch Times TR\" \/>\n<meta property=\"og:description\" content=\"Doland\u0131r\u0131c\u0131lar su i\u00e7eri\u011fi y\u00fcksek olan olgunla\u015fmam\u0131\u015f bal\u0131 hasat ettikten sonra, re\u00e7ine tortular\u0131n\u0131 \u00e7\u0131kararak ve ucuz \u015furuplar ekleyerek bal\u0131 yapay olarak kurutmaktad\u0131r. Uluslararas\u0131 Bal \u0130hracat\u00e7\u0131lar\u0131 \u00d6rg\u00fct\u00fc (IHEO) ba\u015fkan\u0131 Norberto Garcia, \u201cHam bal \u00fcretimi, bal tan\u0131m\u0131n\u0131 kar\u015f\u0131lamayan bir \u00fcr\u00fcn\u00fcn h\u0131zl\u0131 ve y\u00fcksek miktarlarda \u00fcretilmesi (sahtecilik) anlam\u0131na geliyor\u201d diyor. \u00c7in\u2019de \u00fcretilen bala ucuz dolgu maddesi olarak, y\u00fcksek fruktozlu [&hellip;]\" \/>\n<meta property=\"og:url\" content=\"https:\/\/epochtimestr.com\/index.php\/cinde-uretilen-zehirli-bal-market-rafinda-karsiniza-cikabilir\" \/>\n<meta property=\"og:site_name\" content=\"The Epoch Times TR\" \/>\n<meta property=\"article:publisher\" content=\"https:\/\/www.facebook.com\/theepochtimestr\" \/>\n<meta property=\"article:published_time\" content=\"2018-11-30T12:28:14+00:00\" \/>\n<meta property=\"og:image\" content=\"https:\/\/epochtimestr.com\/wp-content\/uploads\/2011y\/honey-1006972_960_720.jpg\" \/>\n\t<meta property=\"og:image:width\" content=\"960\" \/>\n\t<meta property=\"og:image:height\" content=\"640\" \/>\n\t<meta property=\"og:image:type\" content=\"image\/jpeg\" \/>\n<meta name=\"author\" content=\"Hatice Atmaca\" \/>\n<meta name=\"twitter:card\" content=\"summary_large_image\" \/>\n<meta name=\"twitter:creator\" content=\"@TheEpochTimesTR\" \/>\n<meta name=\"twitter:site\" content=\"@TheEpochTimesTR\" \/>\n<meta name=\"twitter:label1\" content=\"Yazan:\" \/>\n\t<meta name=\"twitter:data1\" content=\"Hatice Atmaca\" \/>\n\t<meta name=\"twitter:label2\" content=\"Tahmini okuma s\u00fcresi\" \/>\n\t<meta name=\"twitter:data2\" content=\"7 dakika\" \/>\n<script type=\"application\/ld+json\" class=\"yoast-schema-graph\">{\"@context\":\"https:\/\/schema.org\",\"@graph\":[{\"@type\":\"Article\",\"@id\":\"https:\/\/epochtimestr.com\/index.php\/cinde-uretilen-zehirli-bal-market-rafinda-karsiniza-cikabilir#article\",\"isPartOf\":{\"@id\":\"https:\/\/epochtimestr.com\/index.php\/cinde-uretilen-zehirli-bal-market-rafinda-karsiniza-cikabilir\"},\"author\":{\"name\":\"Hatice Atmaca\",\"@id\":\"https:\/\/epochtimestr.com\/#\/schema\/person\/a515b4166e91977b7e9f483ceb142459\"},\"headline\":\"\u00c7in\u2019de \u00fcretilen \u2018Zehirli\u2019 bal, market raf\u0131nda kar\u015f\u0131n\u0131za \u00e7\u0131kabilir!\",\"datePublished\":\"2018-11-30T12:28:14+00:00\",\"dateModified\":\"2018-11-30T12:28:14+00:00\",\"mainEntityOfPage\":{\"@id\":\"https:\/\/epochtimestr.com\/index.php\/cinde-uretilen-zehirli-bal-market-rafinda-karsiniza-cikabilir\"},\"wordCount\":1480,\"publisher\":{\"@id\":\"https:\/\/epochtimestr.com\/#organization\"},\"image\":{\"@id\":\"https:\/\/epochtimestr.com\/index.php\/cinde-uretilen-zehirli-bal-market-rafinda-karsiniza-cikabilir#primaryimage\"},\"thumbnailUrl\":\"https:\/\/epochtimestr.com\/wp-content\/uploads\/2011y\/honey-1006972_960_720.jpg\",\"articleSection\":[\"\u00c7\u0130N\",\"ED\u0130T\u00d6R\u00dcN SE\u00c7\u0130M\u0130\",\"Sa\u011fl\u0131k\"],\"inLanguage\":\"tr\"},{\"@type\":\"WebPage\",\"@id\":\"https:\/\/epochtimestr.com\/index.php\/cinde-uretilen-zehirli-bal-market-rafinda-karsiniza-cikabilir\",\"url\":\"https:\/\/epochtimestr.com\/index.php\/cinde-uretilen-zehirli-bal-market-rafinda-karsiniza-cikabilir\",\"name\":\"\u00c7in\u2019de \u00fcretilen \u2018Zehirli\u2019 bal, market raf\u0131nda kar\u015f\u0131n\u0131za \u00e7\u0131kabilir! - The Epoch Times TR\",\"isPartOf\":{\"@id\":\"https:\/\/epochtimestr.com\/#website\"},\"primaryImageOfPage\":{\"@id\":\"https:\/\/epochtimestr.com\/index.php\/cinde-uretilen-zehirli-bal-market-rafinda-karsiniza-cikabilir#primaryimage\"},\"image\":{\"@id\":\"https:\/\/epochtimestr.com\/index.php\/cinde-uretilen-zehirli-bal-market-rafinda-karsiniza-cikabilir#primaryimage\"},\"thumbnailUrl\":\"https:\/\/epochtimestr.com\/wp-content\/uploads\/2011y\/honey-1006972_960_720.jpg\",\"datePublished\":\"2018-11-30T12:28:14+00:00\",\"dateModified\":\"2018-11-30T12:28:14+00:00\",\"inLanguage\":\"tr\",\"potentialAction\":[{\"@type\":\"ReadAction\",\"target\":[\"https:\/\/epochtimestr.com\/index.php\/cinde-uretilen-zehirli-bal-market-rafinda-karsiniza-cikabilir\"]}]},{\"@type\":\"ImageObject\",\"inLanguage\":\"tr\",\"@id\":\"https:\/\/epochtimestr.com\/index.php\/cinde-uretilen-zehirli-bal-market-rafinda-karsiniza-cikabilir#primaryimage\",\"url\":\"https:\/\/epochtimestr.com\/wp-content\/uploads\/2011y\/honey-1006972_960_720.jpg\",\"contentUrl\":\"https:\/\/epochtimestr.com\/wp-content\/uploads\/2011y\/honey-1006972_960_720.jpg\",\"width\":960,\"height\":640,\"caption\":\"G\u00f6rsel - Pixabay | Stevepb\"},{\"@type\":\"WebSite\",\"@id\":\"https:\/\/epochtimestr.com\/#website\",\"url\":\"https:\/\/epochtimestr.com\/\",\"name\":\"The Epoch Times TR\",\"description\":\"De\u011fi\u015fen D\u00fcnyam\u0131za Taze Bir Bak\u0131\u015f\",\"publisher\":{\"@id\":\"https:\/\/epochtimestr.com\/#organization\"},\"potentialAction\":[{\"@type\":\"SearchAction\",\"target\":{\"@type\":\"EntryPoint\",\"urlTemplate\":\"https:\/\/epochtimestr.com\/?s={search_term_string}\"},\"query-input\":\"required name=search_term_string\"}],\"inLanguage\":\"tr\"},{\"@type\":\"Organization\",\"@id\":\"https:\/\/epochtimestr.com\/#organization\",\"name\":\"The EpochTimes T\u00fcrkiye\",\"url\":\"https:\/\/epochtimestr.com\/\",\"logo\":{\"@type\":\"ImageObject\",\"inLanguage\":\"tr\",\"@id\":\"https:\/\/epochtimestr.com\/#\/schema\/logo\/image\/\",\"url\":\"https:\/\/epochtimestr.com\/wp-content\/uploads\/2011y\/ET-Logo-YG.jpg\",\"contentUrl\":\"https:\/\/epochtimestr.com\/wp-content\/uploads\/2011y\/ET-Logo-YG.jpg\",\"width\":346,\"height\":29,\"caption\":\"The EpochTimes T\u00fcrkiye\"},\"image\":{\"@id\":\"https:\/\/epochtimestr.com\/#\/schema\/logo\/image\/\"},\"sameAs\":[\"https:\/\/www.facebook.com\/theepochtimestr\",\"https:\/\/x.com\/TheEpochTimesTR\",\"https:\/\/www.instagram.com\/epochtimestr\"]},{\"@type\":\"Person\",\"@id\":\"https:\/\/epochtimestr.com\/#\/schema\/person\/a515b4166e91977b7e9f483ceb142459\",\"name\":\"Hatice Atmaca\",\"image\":{\"@type\":\"ImageObject\",\"inLanguage\":\"tr\",\"@id\":\"https:\/\/epochtimestr.com\/#\/schema\/person\/image\/\",\"url\":\"https:\/\/secure.gravatar.com\/avatar\/dd49aabd0aeaecbc0ecbce954119ae42?s=96&d=mm&r=g\",\"contentUrl\":\"https:\/\/secure.gravatar.com\/avatar\/dd49aabd0aeaecbc0ecbce954119ae42?s=96&d=mm&r=g\",\"caption\":\"Hatice Atmaca\"},\"url\":\"https:\/\/epochtimestr.com\/index.php\/author\/hatice\"}]}<\/script>\n<!-- \/ Yoast SEO plugin. -->","yoast_head_json":{"title":"\u00c7in\u2019de \u00fcretilen \u2018Zehirli\u2019 bal, market raf\u0131nda kar\u015f\u0131n\u0131za \u00e7\u0131kabilir! - The Epoch Times TR","robots":{"index":"index","follow":"follow","max-snippet":"max-snippet:-1","max-image-preview":"max-image-preview:large","max-video-preview":"max-video-preview:-1"},"canonical":"https:\/\/epochtimestr.com\/index.php\/cinde-uretilen-zehirli-bal-market-rafinda-karsiniza-cikabilir","og_locale":"tr_TR","og_type":"article","og_title":"\u00c7in\u2019de \u00fcretilen \u2018Zehirli\u2019 bal, market raf\u0131nda kar\u015f\u0131n\u0131za \u00e7\u0131kabilir! - The Epoch Times TR","og_description":"Doland\u0131r\u0131c\u0131lar su i\u00e7eri\u011fi y\u00fcksek olan olgunla\u015fmam\u0131\u015f bal\u0131 hasat ettikten sonra, re\u00e7ine tortular\u0131n\u0131 \u00e7\u0131kararak ve ucuz \u015furuplar ekleyerek bal\u0131 yapay olarak kurutmaktad\u0131r. Uluslararas\u0131 Bal \u0130hracat\u00e7\u0131lar\u0131 \u00d6rg\u00fct\u00fc (IHEO) ba\u015fkan\u0131 Norberto Garcia, \u201cHam bal \u00fcretimi, bal tan\u0131m\u0131n\u0131 kar\u015f\u0131lamayan bir \u00fcr\u00fcn\u00fcn h\u0131zl\u0131 ve y\u00fcksek miktarlarda \u00fcretilmesi (sahtecilik) anlam\u0131na geliyor\u201d diyor. \u00c7in\u2019de \u00fcretilen bala ucuz dolgu maddesi olarak, y\u00fcksek fruktozlu [&hellip;]","og_url":"https:\/\/epochtimestr.com\/index.php\/cinde-uretilen-zehirli-bal-market-rafinda-karsiniza-cikabilir","og_site_name":"The Epoch Times TR","article_publisher":"https:\/\/www.facebook.com\/theepochtimestr","article_published_time":"2018-11-30T12:28:14+00:00","og_image":[{"width":960,"height":640,"url":"https:\/\/epochtimestr.com\/wp-content\/uploads\/2011y\/honey-1006972_960_720.jpg","type":"image\/jpeg"}],"author":"Hatice Atmaca","twitter_card":"summary_large_image","twitter_creator":"@TheEpochTimesTR","twitter_site":"@TheEpochTimesTR","twitter_misc":{"Yazan:":"Hatice Atmaca","Tahmini okuma s\u00fcresi":"7 dakika"},"schema":{"@context":"https:\/\/schema.org","@graph":[{"@type":"Article","@id":"https:\/\/epochtimestr.com\/index.php\/cinde-uretilen-zehirli-bal-market-rafinda-karsiniza-cikabilir#article","isPartOf":{"@id":"https:\/\/epochtimestr.com\/index.php\/cinde-uretilen-zehirli-bal-market-rafinda-karsiniza-cikabilir"},"author":{"name":"Hatice Atmaca","@id":"https:\/\/epochtimestr.com\/#\/schema\/person\/a515b4166e91977b7e9f483ceb142459"},"headline":"\u00c7in\u2019de \u00fcretilen \u2018Zehirli\u2019 bal, market raf\u0131nda kar\u015f\u0131n\u0131za \u00e7\u0131kabilir!","datePublished":"2018-11-30T12:28:14+00:00","dateModified":"2018-11-30T12:28:14+00:00","mainEntityOfPage":{"@id":"https:\/\/epochtimestr.com\/index.php\/cinde-uretilen-zehirli-bal-market-rafinda-karsiniza-cikabilir"},"wordCount":1480,"publisher":{"@id":"https:\/\/epochtimestr.com\/#organization"},"image":{"@id":"https:\/\/epochtimestr.com\/index.php\/cinde-uretilen-zehirli-bal-market-rafinda-karsiniza-cikabilir#primaryimage"},"thumbnailUrl":"https:\/\/epochtimestr.com\/wp-content\/uploads\/2011y\/honey-1006972_960_720.jpg","articleSection":["\u00c7\u0130N","ED\u0130T\u00d6R\u00dcN SE\u00c7\u0130M\u0130","Sa\u011fl\u0131k"],"inLanguage":"tr"},{"@type":"WebPage","@id":"https:\/\/epochtimestr.com\/index.php\/cinde-uretilen-zehirli-bal-market-rafinda-karsiniza-cikabilir","url":"https:\/\/epochtimestr.com\/index.php\/cinde-uretilen-zehirli-bal-market-rafinda-karsiniza-cikabilir","name":"\u00c7in\u2019de \u00fcretilen \u2018Zehirli\u2019 bal, market raf\u0131nda kar\u015f\u0131n\u0131za \u00e7\u0131kabilir! - The Epoch Times TR","isPartOf":{"@id":"https:\/\/epochtimestr.com\/#website"},"primaryImageOfPage":{"@id":"https:\/\/epochtimestr.com\/index.php\/cinde-uretilen-zehirli-bal-market-rafinda-karsiniza-cikabilir#primaryimage"},"image":{"@id":"https:\/\/epochtimestr.com\/index.php\/cinde-uretilen-zehirli-bal-market-rafinda-karsiniza-cikabilir#primaryimage"},"thumbnailUrl":"https:\/\/epochtimestr.com\/wp-content\/uploads\/2011y\/honey-1006972_960_720.jpg","datePublished":"2018-11-30T12:28:14+00:00","dateModified":"2018-11-30T12:28:14+00:00","inLanguage":"tr","potentialAction":[{"@type":"ReadAction","target":["https:\/\/epochtimestr.com\/index.php\/cinde-uretilen-zehirli-bal-market-rafinda-karsiniza-cikabilir"]}]},{"@type":"ImageObject","inLanguage":"tr","@id":"https:\/\/epochtimestr.com\/index.php\/cinde-uretilen-zehirli-bal-market-rafinda-karsiniza-cikabilir#primaryimage","url":"https:\/\/epochtimestr.com\/wp-content\/uploads\/2011y\/honey-1006972_960_720.jpg","contentUrl":"https:\/\/epochtimestr.com\/wp-content\/uploads\/2011y\/honey-1006972_960_720.jpg","width":960,"height":640,"caption":"G\u00f6rsel - Pixabay | Stevepb"},{"@type":"WebSite","@id":"https:\/\/epochtimestr.com\/#website","url":"https:\/\/epochtimestr.com\/","name":"The Epoch Times TR","description":"De\u011fi\u015fen D\u00fcnyam\u0131za Taze Bir Bak\u0131\u015f","publisher":{"@id":"https:\/\/epochtimestr.com\/#organization"},"potentialAction":[{"@type":"SearchAction","target":{"@type":"EntryPoint","urlTemplate":"https:\/\/epochtimestr.com\/?s={search_term_string}"},"query-input":"required name=search_term_string"}],"inLanguage":"tr"},{"@type":"Organization","@id":"https:\/\/epochtimestr.com\/#organization","name":"The EpochTimes T\u00fcrkiye","url":"https:\/\/epochtimestr.com\/","logo":{"@type":"ImageObject","inLanguage":"tr","@id":"https:\/\/epochtimestr.com\/#\/schema\/logo\/image\/","url":"https:\/\/epochtimestr.com\/wp-content\/uploads\/2011y\/ET-Logo-YG.jpg","contentUrl":"https:\/\/epochtimestr.com\/wp-content\/uploads\/2011y\/ET-Logo-YG.jpg","width":346,"height":29,"caption":"The EpochTimes T\u00fcrkiye"},"image":{"@id":"https:\/\/epochtimestr.com\/#\/schema\/logo\/image\/"},"sameAs":["https:\/\/www.facebook.com\/theepochtimestr","https:\/\/x.com\/TheEpochTimesTR","https:\/\/www.instagram.com\/epochtimestr"]},{"@type":"Person","@id":"https:\/\/epochtimestr.com\/#\/schema\/person\/a515b4166e91977b7e9f483ceb142459","name":"Hatice Atmaca","image":{"@type":"ImageObject","inLanguage":"tr","@id":"https:\/\/epochtimestr.com\/#\/schema\/person\/image\/","url":"https:\/\/secure.gravatar.com\/avatar\/dd49aabd0aeaecbc0ecbce954119ae42?s=96&d=mm&r=g","contentUrl":"https:\/\/secure.gravatar.com\/avatar\/dd49aabd0aeaecbc0ecbce954119ae42?s=96&d=mm&r=g","caption":"Hatice Atmaca"},"url":"https:\/\/epochtimestr.com\/index.php\/author\/hatice"}]}},"_links":{"self":[{"href":"https:\/\/epochtimestr.com\/index.php\/wp-json\/wp\/v2\/posts\/118983"}],"collection":[{"href":"https:\/\/epochtimestr.com\/index.php\/wp-json\/wp\/v2\/posts"}],"about":[{"href":"https:\/\/epochtimestr.com\/index.php\/wp-json\/wp\/v2\/types\/post"}],"author":[{"embeddable":true,"href":"https:\/\/epochtimestr.com\/index.php\/wp-json\/wp\/v2\/users\/12379"}],"replies":[{"embeddable":true,"href":"https:\/\/epochtimestr.com\/index.php\/wp-json\/wp\/v2\/comments?post=118983"}],"version-history":[{"count":4,"href":"https:\/\/epochtimestr.com\/index.php\/wp-json\/wp\/v2\/posts\/118983\/revisions"}],"predecessor-version":[{"id":119044,"href":"https:\/\/epochtimestr.com\/index.php\/wp-json\/wp\/v2\/posts\/118983\/revisions\/119044"}],"wp:featuredmedia":[{"embeddable":true,"href":"https:\/\/epochtimestr.com\/index.php\/wp-json\/wp\/v2\/media\/118984"}],"wp:attachment":[{"href":"https:\/\/epochtimestr.com\/index.php\/wp-json\/wp\/v2\/media?parent=118983"}],"wp:term":[{"taxonomy":"category","embeddable":true,"href":"https:\/\/epochtimestr.com\/index.php\/wp-json\/wp\/v2\/categories?post=118983"},{"taxonomy":"post_tag","embeddable":true,"href":"https:\/\/epochtimestr.com\/index.php\/wp-json\/wp\/v2\/tags?post=118983"}],"curies":[{"name":"wp","href":"https:\/\/api.w.org\/{rel}","templated":true}]}}