{"id":119649,"date":"2018-12-30T03:07:19","date_gmt":"2018-12-30T00:07:19","guid":{"rendered":"http:\/\/epochtimestr.com\/?p=119649"},"modified":"2023-02-06T20:47:17","modified_gmt":"2023-02-06T17:47:17","slug":"gunde-7-saatten-uzun-sure-ekrana-bakan-cocuklarin-beyin-yapisi-degisiyor-mu","status":"publish","type":"post","link":"https:\/\/epochtimestr.com\/index.php\/gunde-7-saatten-uzun-sure-ekrana-bakan-cocuklarin-beyin-yapisi-degisiyor-mu","title":{"rendered":"G\u00fcnde 7 Saatten Uzun S\u00fcre Ekrana Bakan \u00c7ocuklar\u0131n Beyin Yap\u0131s\u0131 De\u011fi\u015fiyor Mu?"},"content":{"rendered":"<figure id=\"attachment_119650\" aria-describedby=\"caption-attachment-119650\" style=\"width: 600px\" class=\"wp-caption aligncenter\"><img loading=\"lazy\" decoding=\"async\" class=\"size-large wp-image-119650\" src=\"https:\/\/epochtimestr.com\/wp-content\/uploads\/2011y\/brain-structure-700x420-600x360.jpg\" alt=\"\" width=\"600\" height=\"360\" srcset=\"https:\/\/epochtimestr.com\/wp-content\/uploads\/2011y\/brain-structure-700x420-600x360.jpg 600w, https:\/\/epochtimestr.com\/wp-content\/uploads\/2011y\/brain-structure-700x420-150x90.jpg 150w, https:\/\/epochtimestr.com\/wp-content\/uploads\/2011y\/brain-structure-700x420-300x180.jpg 300w, https:\/\/epochtimestr.com\/wp-content\/uploads\/2011y\/brain-structure-700x420.jpg 700w\" sizes=\"(max-width: 600px) 100vw, 600px\" \/><figcaption id=\"caption-attachment-119650\" class=\"wp-caption-text\">ABCD ara\u015ft\u0131rmac\u0131lar\u0131 taraf\u0131ndan yay\u0131nlanan, ergenlik \u00f6ncesi ya\u015ftaki bir \u00e7ocu\u011fun haf\u0131zas\u0131n\u0131 kulland\u0131\u011f\u0131 s\u0131rada al\u0131nm\u0131\u015f beyin fMRI g\u00f6r\u00fcnt\u00fcs\u00fc. Sar\u0131 ve k\u0131rm\u0131z\u0131 b\u00f6lgeler en aktif olanlard\u0131r. (Richard Watts, PhD, Vermont \u00dcniversitesi, N\u00f6rog\u00f6r\u00fcnt\u00fcleme Laboratuvar\u0131, Oregon Sa\u011fl\u0131k ve Bilim \u00dcniversitesi)<\/figcaption><\/figure>\n<p style=\"font-weight: 400;\">300 milyon dolar maliyetli, \u00e7\u0131\u011f\u0131r a\u00e7an bir \u00e7al\u0131\u015fmayla, ak\u0131ll\u0131 telefon veya tabletlerle g\u00fcnde yedi saatten fazla zaman harcayan \u00e7ocuklar\u0131n, beyin yap\u0131s\u0131n\u0131n de\u011fi\u015fti\u011fini ke\u015ffedildi.<\/p>\n<p style=\"font-weight: 400;\">Teknolojinin \u00e7ocuklar \u00fczerindeki sonu\u00e7lar\u0131n\u0131 g\u00f6steren yeni ara\u015ft\u0131rma, resmi bir kurum olan <a href=\"https:\/\/www.nih.gov\/news-events\/news-releases\/abcd-study-completes-enrollment-announces-opportunities-scientific-engagement\" target=\"_blank\" rel=\"noopener\">National Institute of Health<\/a> (NIH-Ulusal Sa\u011fl\u0131k Enstit\u00fcs\u00fc) taraf\u0131ndan finanse edildi.<\/p>\n<p style=\"font-weight: 400;\">Ara\u015ft\u0131rmac\u0131lar bu bulgular\u0131 elde etmek i\u00e7in, 4.500 \u00e7ocu\u011fa beyin taramas\u0131 yapt\u0131klar\u0131n\u0131 ve 9 &#8211; 10 ya\u015flar\u0131nda 11.000\u2019den fazla \u00e7ocu\u011fu yakla\u015f\u0131k on y\u0131l boyunca takip ettiklerini belirttiler. \u0130lk veriler, \u00e7ok uzun ekrana bakma s\u00fcresinin, \u00e7ocuklar \u00fczerinde olumsuz bir etkiye sahip olabilece\u011fini ortaya \u00e7\u0131kard\u0131.<\/p>\n<p style=\"font-weight: 400;\">Ulusal Sa\u011fl\u0131k Enstit\u00fcs\u00fc\u2019n\u00fcn yay\u0131nlad\u0131\u011f\u0131 bir makalenin \u00f6zetinde \u015f\u00f6yle denilmektedir: \u201cBilim adamlar\u0131, i\u00e7g\u00fcd\u00fcsel eylemler s\u0131ras\u0131ndaki beyin \u00f6zelliklerine bakt\u0131lar. Erken psikopatolojiyi kullanarak uyku, fiziksel aktivite gibi sa\u011fl\u0131kla ili\u015fkili ya da ekrana bakma s\u00fcresi gibi medya kullan\u0131m\u0131yla ili\u015fkili davran\u0131\u015flar\u0131n, alg\u0131lama seviyesi ve beyin geli\u015fimi \u00fczerindeki etkisini ara\u015ft\u0131rd\u0131lar. ABCD ara\u015ft\u0131rmac\u0131lar\u0131 taraf\u0131ndan yap\u0131lan yak\u0131n tarihli bir \u00e7al\u0131\u015fma, farkl\u0131 s\u00fcrelerde ve farkl\u0131 ama\u00e7larla (\u00f6rne\u011fin, video oyunlar\u0131 ve sosyal medya gibi) ekrana bakma s\u00fcresi ile farkl\u0131 yap\u0131sal beyin karakteristikleri, psikolojik \u00f6zellikler ve bili\u015fsel i\u015flevler aras\u0131nda bir ili\u015fki oldu\u011funu g\u00f6stermektedir\u201d.&nbsp;<em>(\u00c7evirmenin notu: Gen\u00e7 Beyin Bili\u015fsel Geli\u015fimi (Adolescent Brain Cognitive Development-ABCD) \u00c7al\u0131\u015fmas\u0131 Amerika Birle\u015fik Devletleri&#8217;nde y\u00fcr\u00fct\u00fclen, beyin geli\u015fimi ve \u00e7ocuk sa\u011fl\u0131\u011f\u0131 konusundaki en b\u00fcy\u00fck uzun vadeli \u00e7al\u0131\u015fmad\u0131r.<\/em>&nbsp;<em><a href=\"https:\/\/abcdstudy.org\/about.html\">https:\/\/abcdstudy.org\/about.html<\/a>&nbsp;)<\/em><\/p>\n<p style=\"font-weight: 400;\">Ayn\u0131 yaz\u0131da ABCD \u00e7al\u0131\u015fmas\u0131n\u0131n sa\u011flad\u0131\u011f\u0131 e\u015fsiz f\u0131rsat vurgulanarak,&nbsp;\u201cbilim adamlar\u0131n\u0131n medya kullan\u0131m\u0131n\u0131n bir ki\u015finin geli\u015fimini nas\u0131l etkileyece\u011fini anlamak i\u00e7in, kat\u0131l\u0131mc\u0131lar\u0131 zaman i\u00e7inde takip edebilece\u011fi\u201d belirtilmektedir.<\/p>\n<p style=\"font-weight: 400;\">Bilim adamlar\u0131 bu \u00e7al\u0131\u015fma ile, g\u00fcnl\u00fck ekran kullan\u0131m\u0131n\u0131n \u00e7ocuklarda beynin bilgiyi i\u015fleyen en d\u0131\u015f tabakas\u0131 olan beyin korteksinde erken incelmeye neden oldu\u011funu ke\u015ffettiler. Ekrana daha az bakanlar, her g\u00fcn d\u00fczenli ekran kullananlardan farkl\u0131l\u0131k g\u00f6steriyor. Ancak NIH (Ulusal Sa\u011fl\u0131k Enstit\u00fcs\u00fc) \u00e7al\u0131\u015fma direkt\u00f6r\u00fc Gaya Dowling, hen\u00fcz bir sonuca varmad\u0131klar\u0131n\u0131 belirtti.<\/p>\n<p style=\"font-weight: 400;\"><a href=\"https:\/\/www.cbsnews.com\/news\/groundbreaking-study-examines-effects-of-screen-time-on-kids-60-minutes\/\" target=\"_blank\" rel=\"noopener\">CBS News\u2019in bildirdi\u011fine g\u00f6re<\/a> Dowling, \u201cTespit edilen farkl\u0131l\u0131klar\u0131n ekran kullan\u0131m s\u00fcresinden kaynaklan\u0131p kaynaklanmad\u0131\u011f\u0131n\u0131 bilmiyoruz. Ayr\u0131ca bunlar\u0131n k\u00f6t\u00fc bir \u015fey olup olmad\u0131\u011f\u0131n\u0131 da hen\u00fcz bilmiyoruz\u201d dedi. \u201cZaman i\u00e7inde ayn\u0131 \u00e7ocuklar\u0131 takip ederek, bu bir tek anl\u0131k g\u00f6r\u00fcnt\u00fcde g\u00f6rd\u00fc\u011f\u00fcm\u00fcz farkl\u0131l\u0131klar\u0131n s\u00fcr\u00fcp s\u00fcrmeyece\u011fini anlayana kadar da bilemeyece\u011fiz.\u201d<\/p>\n<p style=\"font-weight: 400;\">CBS raporunda bilim adamlar\u0131, beyin taramalar\u0131nda g\u00f6r\u00fclen incelmi\u015f&nbsp; korteksin ekrana bakma s\u00fcresinden kaynaklan\u0131p kaynaklanmad\u0131\u011f\u0131 a\u00e7\u0131k\u00e7a ifade etmiyorlar.<\/p>\n<p style=\"font-weight: 400;\">Dowling, \u201cBaz\u0131 sorular\u0131 birka\u00e7 y\u0131l i\u00e7inde cevaplayabilece\u011fiz\u201d dedi. \u201cAncak daha uzun vadeli sonu\u00e7lar hakk\u0131ndaki ger\u00e7ekten ilgin\u00e7 sorulardan baz\u0131lar\u0131n\u0131 cevaplayabilmek i\u00e7in, daha uzun bir s\u00fcre beklememiz gerekecek.\u201d<\/p>\n<p style=\"font-weight: 400;\">Ancak \u015funu da ekledi: \u201cNIH \u00e7al\u0131\u015fmas\u0131nda toplanan r\u00f6portajlar ve veriler halihaz\u0131rda ba\u015fka bir \u015feyi ortaya \u00e7\u0131kard\u0131: Ekranlara bakarak g\u00fcnde iki saatten fazla zaman harcayan \u00e7ocuklar, d\u00fc\u015f\u00fcnme ve dil testlerinde daha d\u00fc\u015f\u00fck puanlar ald\u0131.\u201d<\/p>\n<p style=\"font-weight: 400;\">Dowling \u00e7al\u0131\u015fma bitti\u011finde ara\u015ft\u0131rmac\u0131lar\u0131n, ekrana bakma s\u00fcresinin ba\u011f\u0131ml\u0131l\u0131k yap\u0131p yapmad\u0131\u011f\u0131n\u0131 da belirleyebileceklerini umuyor.<\/p>\n<p style=\"font-weight: 400;\">CBS\u2019ye verdi\u011fi deme\u00e7te&nbsp;\u201cSadece ekran ba\u015f\u0131nda ne kadar zaman harcad\u0131klar\u0131n\u0131 ve bunun etkisini&nbsp;nas\u0131l&nbsp;hissettiklerini de\u011fil, ayn\u0131 zamanda bu etkilerin baz\u0131 bilimsel&nbsp;sonu\u00e7lar\u0131n\u0131 da g\u00f6rebilece\u011fiz. Ayr\u0131ca, ba\u011f\u0131ml\u0131l\u0131k olup olmad\u0131\u011f\u0131 sorusunu da ele alaca\u011f\u0131z\u201d dedi .<\/p>\n<p style=\"font-weight: 400;\">Cevaplar\u0131n birka\u00e7 y\u0131l boyunca haz\u0131r olmayaca\u011f\u0131n\u0131 s\u00f6yledi.<\/p>\n<p style=\"font-weight: 400;\">Dowling s\u00f6zlerine \u201cAncak bu uzun vadeli sonu\u00e7larla ilgili ger\u00e7ekten ilgin\u00e7 sorulardan baz\u0131lar\u0131 i\u00e7in bir s\u00fcre beklememiz gerekecek, \u00e7\u00fcnk\u00fc sonu\u00e7lar\u0131n ortaya \u00e7\u0131kmas\u0131 gerekiyor\u201d diye devam etti.<\/p>\n<p style=\"font-weight: 400;\">Seattle \u00c7ocuk Hastanesinden Dr. Dimitri Christakis, Amerikan Pediatri Akademisinin, ebeveynlere \u201c18 ila 24&nbsp; ayl\u0131ktan daha k\u00fc\u00e7\u00fck \u00e7ocuklarda, video sohbeti d\u0131\u015f\u0131nda dijital medya kullan\u0131m\u0131ndan ka\u00e7\u0131nmalar\u0131 gerekti\u011fini\u201d s\u00f6yleyen, en yeni ekran s\u00fcresi k\u0131lavuzunun ba\u015f yazar\u0131d\u0131r.<\/p>\n<p style=\"font-weight: 400;\">Haz\u0131rlad\u0131\u011f\u0131 raporda \u201ciPad\u2019lerle oynayan bebekler hakk\u0131nda bildi\u011fimiz \u015fey, iPad\u2019den \u00f6\u011frendiklerini ger\u00e7ek d\u00fcnyaya aktarmad\u0131klar\u0131. Yani bir \u00e7ocu\u011fa sanal Legolar, sanal bloklarla oynad\u0131klar\u0131 ve onlar\u0131 dizdikleri bir uygulama verirseniz ve sonra \u00f6n\u00fcne ger\u00e7ek bloklar koyarsan\u0131z, i\u015fe en ba\u015ftan yeniden ba\u015flarlar\u201d dedi.<\/p>\n<p style=\"font-weight: 400;\">Sanal bloklar oynayarak edinilen bilgilerin ger\u00e7ek Legolar\u0131n oldu\u011fu d\u00fcnyaya aktar\u0131lmad\u0131\u011f\u0131n\u0131 s\u00f6yledi. \u201cBu, aktar\u0131labilir bir beceri de\u011fil. \u00c7ocuklar bilgiyi iki boyuttan \u00fc\u00e7 boyuta aktarm\u0131yorlar\u201d dedi.<\/p>\n<p style=\"background: white; margin: 0cm 0cm 12.75pt 0cm;\"><em><span style=\"font-family: 'Roboto',serif; color: #222222;\">Yeni bilim s\u0131n\u0131rlar\u0131n\u0131 ke\u015ffetmeye devam etmek i\u00e7in websitemizi ve Facebook\u2019daki&nbsp;<a href=\"https:\/\/www.facebook.com\/theepochtimestr\"><span style=\"color: #1b3ea3;\">Epoch Times T\u00fcrkiye<\/span><\/a>&nbsp;sayfas\u0131n\u0131 ziyaret edin!<\/span><\/em><\/p>\n<p style=\"background: white; margin: 0cm 0cm 12.75pt 0cm;\"><em><span style=\"font-family: 'Roboto',serif; color: #222222;\">Epoch Times, mevcut bilgilerimize meydan okuyan olaylar ve teoriler ile ilgili ara\u015ft\u0131rmalar\u0131 ve s\u00f6ylentileri ara\u015ft\u0131r\u0131yor. Biz, hayal g\u00fcc\u00fcm\u00fcz\u00fc canland\u0131racak ve yeni olanaklar yaratacak fikirleri ara\u015ft\u0131r\u0131yoruz.&nbsp;<\/span><\/em><a href=\"https:\/\/www.facebook.com\/theepochtimestr\"><i><span style=\"font-family: 'Roboto',serif; color: #1b3ea3;\">Facebook sayfam\u0131zdan<\/span><\/i><\/a><em><span style=\"font-family: 'Roboto',serif; color: #222222;\">, bazen tart\u0131\u015fmal\u0131 da olabilen konular hakk\u0131nda d\u00fc\u015f\u00fcncelerinizi bizimle payla\u015f\u0131n.<\/span><\/em><\/p>\n<p style=\"background: white; margin: 0cm 0cm 12.75pt 0cm;\"><span style=\"font-family: 'Roboto',serif; color: #222222;\">Yazan:&nbsp;<\/span>Jack Phillips, <span style=\"font-family: 'Roboto',serif; color: #222222;\">Epoch Times<\/span><\/p>\n<p style=\"margin: 0cm; margin-bottom: .0001pt; background: white;\"><span style=\"font-family: 'Roboto',serif; color: #222222;\">\u00c7eviren: Hatice Atmaca, Epoch Times T\u00fcrkiye<\/span><\/p>\n<p style=\"font-weight: 400;\">\n","protected":false},"excerpt":{"rendered":"<p>300 milyon dolar maliyetli, \u00e7\u0131\u011f\u0131r a\u00e7an bir \u00e7al\u0131\u015fmayla, ak\u0131ll\u0131 telefon veya tabletlerle g\u00fcnde yedi saatten fazla zaman harcayan \u00e7ocuklar\u0131n, beyin yap\u0131s\u0131n\u0131n de\u011fi\u015fti\u011fini ke\u015ffedildi. Teknolojinin \u00e7ocuklar \u00fczerindeki sonu\u00e7lar\u0131n\u0131 g\u00f6steren yeni ara\u015ft\u0131rma, resmi bir kurum olan National Institute of Health (NIH-Ulusal Sa\u011fl\u0131k Enstit\u00fcs\u00fc) taraf\u0131ndan finanse edildi. Ara\u015ft\u0131rmac\u0131lar bu bulgular\u0131 elde etmek i\u00e7in, 4.500 \u00e7ocu\u011fa beyin taramas\u0131 yapt\u0131klar\u0131n\u0131 [&hellip;]<\/p>\n","protected":false},"author":12379,"featured_media":119650,"comment_status":"closed","ping_status":"open","sticky":false,"template":"","format":"standard","meta":{"_yoast_wpseo_focuskw":"","_yoast_wpseo_title":"","_yoast_wpseo_metadesc":"","_bbp_topic_count":0,"_bbp_reply_count":0,"_bbp_total_topic_count":0,"_bbp_total_reply_count":0,"_bbp_voice_count":0,"_bbp_anonymous_reply_count":0,"_bbp_topic_count_hidden":0,"_bbp_reply_count_hidden":0,"_bbp_forum_subforum_count":0,"footnotes":"","_yoast_wpseo_focuskw_text_input":""},"categories":[8173,70,8206,19],"tags":[],"yoast_head":"<!-- This site is optimized with the Yoast SEO plugin v23.0 - https:\/\/yoast.com\/wordpress\/plugins\/seo\/ -->\n<title>G\u00fcnde 7 Saatten Uzun S\u00fcre Ekrana Bakan \u00c7ocuklar\u0131n Beyin Yap\u0131s\u0131 De\u011fi\u015fiyor Mu? - The Epoch Times TR<\/title>\n<meta name=\"robots\" content=\"index, follow, max-snippet:-1, max-image-preview:large, max-video-preview:-1\" \/>\n<link rel=\"canonical\" href=\"https:\/\/epochtimestr.com\/index.php\/gunde-7-saatten-uzun-sure-ekrana-bakan-cocuklarin-beyin-yapisi-degisiyor-mu\" \/>\n<meta property=\"og:locale\" content=\"tr_TR\" \/>\n<meta property=\"og:type\" content=\"article\" \/>\n<meta property=\"og:title\" content=\"G\u00fcnde 7 Saatten Uzun S\u00fcre Ekrana Bakan \u00c7ocuklar\u0131n Beyin Yap\u0131s\u0131 De\u011fi\u015fiyor Mu? - The Epoch Times TR\" \/>\n<meta property=\"og:description\" content=\"300 milyon dolar maliyetli, \u00e7\u0131\u011f\u0131r a\u00e7an bir \u00e7al\u0131\u015fmayla, ak\u0131ll\u0131 telefon veya tabletlerle g\u00fcnde yedi saatten fazla zaman harcayan \u00e7ocuklar\u0131n, beyin yap\u0131s\u0131n\u0131n de\u011fi\u015fti\u011fini ke\u015ffedildi. Teknolojinin \u00e7ocuklar \u00fczerindeki sonu\u00e7lar\u0131n\u0131 g\u00f6steren yeni ara\u015ft\u0131rma, resmi bir kurum olan National Institute of Health (NIH-Ulusal Sa\u011fl\u0131k Enstit\u00fcs\u00fc) taraf\u0131ndan finanse edildi. Ara\u015ft\u0131rmac\u0131lar bu bulgular\u0131 elde etmek i\u00e7in, 4.500 \u00e7ocu\u011fa beyin taramas\u0131 yapt\u0131klar\u0131n\u0131 [&hellip;]\" \/>\n<meta property=\"og:url\" content=\"https:\/\/epochtimestr.com\/index.php\/gunde-7-saatten-uzun-sure-ekrana-bakan-cocuklarin-beyin-yapisi-degisiyor-mu\" \/>\n<meta property=\"og:site_name\" content=\"The Epoch Times TR\" \/>\n<meta property=\"article:publisher\" content=\"https:\/\/www.facebook.com\/theepochtimestr\" \/>\n<meta property=\"article:published_time\" content=\"2018-12-30T00:07:19+00:00\" \/>\n<meta property=\"article:modified_time\" content=\"2023-02-06T17:47:17+00:00\" \/>\n<meta property=\"og:image\" content=\"https:\/\/epochtimestr.com\/wp-content\/uploads\/2011y\/brain-structure-700x420.jpg\" \/>\n\t<meta property=\"og:image:width\" content=\"700\" \/>\n\t<meta property=\"og:image:height\" content=\"420\" \/>\n\t<meta property=\"og:image:type\" content=\"image\/jpeg\" \/>\n<meta name=\"author\" content=\"Hatice Atmaca\" \/>\n<meta name=\"twitter:card\" content=\"summary_large_image\" \/>\n<meta name=\"twitter:creator\" content=\"@TheEpochTimesTR\" \/>\n<meta name=\"twitter:site\" content=\"@TheEpochTimesTR\" \/>\n<meta name=\"twitter:label1\" content=\"Yazan:\" \/>\n\t<meta name=\"twitter:data1\" content=\"Hatice Atmaca\" \/>\n\t<meta name=\"twitter:label2\" content=\"Tahmini okuma s\u00fcresi\" \/>\n\t<meta name=\"twitter:data2\" content=\"4 dakika\" \/>\n<script type=\"application\/ld+json\" class=\"yoast-schema-graph\">{\"@context\":\"https:\/\/schema.org\",\"@graph\":[{\"@type\":\"Article\",\"@id\":\"https:\/\/epochtimestr.com\/index.php\/gunde-7-saatten-uzun-sure-ekrana-bakan-cocuklarin-beyin-yapisi-degisiyor-mu#article\",\"isPartOf\":{\"@id\":\"https:\/\/epochtimestr.com\/index.php\/gunde-7-saatten-uzun-sure-ekrana-bakan-cocuklarin-beyin-yapisi-degisiyor-mu\"},\"author\":{\"name\":\"Hatice Atmaca\",\"@id\":\"https:\/\/epochtimestr.com\/#\/schema\/person\/a515b4166e91977b7e9f483ceb142459\"},\"headline\":\"G\u00fcnde 7 Saatten Uzun S\u00fcre Ekrana Bakan \u00c7ocuklar\u0131n Beyin Yap\u0131s\u0131 De\u011fi\u015fiyor Mu?\",\"datePublished\":\"2018-12-30T00:07:19+00:00\",\"dateModified\":\"2023-02-06T17:47:17+00:00\",\"mainEntityOfPage\":{\"@id\":\"https:\/\/epochtimestr.com\/index.php\/gunde-7-saatten-uzun-sure-ekrana-bakan-cocuklarin-beyin-yapisi-degisiyor-mu\"},\"wordCount\":1019,\"publisher\":{\"@id\":\"https:\/\/epochtimestr.com\/#organization\"},\"image\":{\"@id\":\"https:\/\/epochtimestr.com\/index.php\/gunde-7-saatten-uzun-sure-ekrana-bakan-cocuklarin-beyin-yapisi-degisiyor-mu#primaryimage\"},\"thumbnailUrl\":\"https:\/\/epochtimestr.com\/wp-content\/uploads\/2011y\/brain-structure-700x420.jpg\",\"articleSection\":[\"A\u0130LE ve EG\u0130T\u0130M\",\"Bilimsel Ke\u015fifler\",\"\u00d6ne \u00c7\u0131kan\",\"Sa\u011fl\u0131k\"],\"inLanguage\":\"tr\"},{\"@type\":\"WebPage\",\"@id\":\"https:\/\/epochtimestr.com\/index.php\/gunde-7-saatten-uzun-sure-ekrana-bakan-cocuklarin-beyin-yapisi-degisiyor-mu\",\"url\":\"https:\/\/epochtimestr.com\/index.php\/gunde-7-saatten-uzun-sure-ekrana-bakan-cocuklarin-beyin-yapisi-degisiyor-mu\",\"name\":\"G\u00fcnde 7 Saatten Uzun S\u00fcre Ekrana Bakan \u00c7ocuklar\u0131n Beyin Yap\u0131s\u0131 De\u011fi\u015fiyor Mu? - The Epoch Times TR\",\"isPartOf\":{\"@id\":\"https:\/\/epochtimestr.com\/#website\"},\"primaryImageOfPage\":{\"@id\":\"https:\/\/epochtimestr.com\/index.php\/gunde-7-saatten-uzun-sure-ekrana-bakan-cocuklarin-beyin-yapisi-degisiyor-mu#primaryimage\"},\"image\":{\"@id\":\"https:\/\/epochtimestr.com\/index.php\/gunde-7-saatten-uzun-sure-ekrana-bakan-cocuklarin-beyin-yapisi-degisiyor-mu#primaryimage\"},\"thumbnailUrl\":\"https:\/\/epochtimestr.com\/wp-content\/uploads\/2011y\/brain-structure-700x420.jpg\",\"datePublished\":\"2018-12-30T00:07:19+00:00\",\"dateModified\":\"2023-02-06T17:47:17+00:00\",\"inLanguage\":\"tr\",\"potentialAction\":[{\"@type\":\"ReadAction\",\"target\":[\"https:\/\/epochtimestr.com\/index.php\/gunde-7-saatten-uzun-sure-ekrana-bakan-cocuklarin-beyin-yapisi-degisiyor-mu\"]}]},{\"@type\":\"ImageObject\",\"inLanguage\":\"tr\",\"@id\":\"https:\/\/epochtimestr.com\/index.php\/gunde-7-saatten-uzun-sure-ekrana-bakan-cocuklarin-beyin-yapisi-degisiyor-mu#primaryimage\",\"url\":\"https:\/\/epochtimestr.com\/wp-content\/uploads\/2011y\/brain-structure-700x420.jpg\",\"contentUrl\":\"https:\/\/epochtimestr.com\/wp-content\/uploads\/2011y\/brain-structure-700x420.jpg\",\"width\":700,\"height\":420,\"caption\":\"ABCD ara\u015ft\u0131rmac\u0131lar\u0131 taraf\u0131ndan yay\u0131nlanan, ergenlik \u00f6ncesi ya\u015ftaki bir \u00e7ocu\u011fun haf\u0131zas\u0131n\u0131 kulland\u0131\u011f\u0131 s\u0131rada al\u0131nm\u0131\u015f beyin fMRI g\u00f6r\u00fcnt\u00fcs\u00fc. Sar\u0131 ve k\u0131rm\u0131z\u0131 b\u00f6lgeler en aktif olanlard\u0131r. (Richard Watts, PhD, Vermont \u00dcniversitesi, N\u00f6rog\u00f6r\u00fcnt\u00fcleme Laboratuvar\u0131, Oregon Sa\u011fl\u0131k ve Bilim \u00dcniversitesi)\"},{\"@type\":\"WebSite\",\"@id\":\"https:\/\/epochtimestr.com\/#website\",\"url\":\"https:\/\/epochtimestr.com\/\",\"name\":\"The Epoch Times TR\",\"description\":\"De\u011fi\u015fen D\u00fcnyam\u0131za Taze Bir Bak\u0131\u015f\",\"publisher\":{\"@id\":\"https:\/\/epochtimestr.com\/#organization\"},\"potentialAction\":[{\"@type\":\"SearchAction\",\"target\":{\"@type\":\"EntryPoint\",\"urlTemplate\":\"https:\/\/epochtimestr.com\/?s={search_term_string}\"},\"query-input\":\"required name=search_term_string\"}],\"inLanguage\":\"tr\"},{\"@type\":\"Organization\",\"@id\":\"https:\/\/epochtimestr.com\/#organization\",\"name\":\"The EpochTimes T\u00fcrkiye\",\"url\":\"https:\/\/epochtimestr.com\/\",\"logo\":{\"@type\":\"ImageObject\",\"inLanguage\":\"tr\",\"@id\":\"https:\/\/epochtimestr.com\/#\/schema\/logo\/image\/\",\"url\":\"https:\/\/epochtimestr.com\/wp-content\/uploads\/2011y\/ET-Logo-YG.jpg\",\"contentUrl\":\"https:\/\/epochtimestr.com\/wp-content\/uploads\/2011y\/ET-Logo-YG.jpg\",\"width\":346,\"height\":29,\"caption\":\"The EpochTimes T\u00fcrkiye\"},\"image\":{\"@id\":\"https:\/\/epochtimestr.com\/#\/schema\/logo\/image\/\"},\"sameAs\":[\"https:\/\/www.facebook.com\/theepochtimestr\",\"https:\/\/x.com\/TheEpochTimesTR\",\"https:\/\/www.instagram.com\/epochtimestr\"]},{\"@type\":\"Person\",\"@id\":\"https:\/\/epochtimestr.com\/#\/schema\/person\/a515b4166e91977b7e9f483ceb142459\",\"name\":\"Hatice Atmaca\",\"image\":{\"@type\":\"ImageObject\",\"inLanguage\":\"tr\",\"@id\":\"https:\/\/epochtimestr.com\/#\/schema\/person\/image\/\",\"url\":\"https:\/\/secure.gravatar.com\/avatar\/dd49aabd0aeaecbc0ecbce954119ae42?s=96&d=mm&r=g\",\"contentUrl\":\"https:\/\/secure.gravatar.com\/avatar\/dd49aabd0aeaecbc0ecbce954119ae42?s=96&d=mm&r=g\",\"caption\":\"Hatice Atmaca\"},\"url\":\"https:\/\/epochtimestr.com\/index.php\/author\/hatice\"}]}<\/script>\n<!-- \/ Yoast SEO plugin. -->","yoast_head_json":{"title":"G\u00fcnde 7 Saatten Uzun S\u00fcre Ekrana Bakan \u00c7ocuklar\u0131n Beyin Yap\u0131s\u0131 De\u011fi\u015fiyor Mu? - The Epoch Times TR","robots":{"index":"index","follow":"follow","max-snippet":"max-snippet:-1","max-image-preview":"max-image-preview:large","max-video-preview":"max-video-preview:-1"},"canonical":"https:\/\/epochtimestr.com\/index.php\/gunde-7-saatten-uzun-sure-ekrana-bakan-cocuklarin-beyin-yapisi-degisiyor-mu","og_locale":"tr_TR","og_type":"article","og_title":"G\u00fcnde 7 Saatten Uzun S\u00fcre Ekrana Bakan \u00c7ocuklar\u0131n Beyin Yap\u0131s\u0131 De\u011fi\u015fiyor Mu? - The Epoch Times TR","og_description":"300 milyon dolar maliyetli, \u00e7\u0131\u011f\u0131r a\u00e7an bir \u00e7al\u0131\u015fmayla, ak\u0131ll\u0131 telefon veya tabletlerle g\u00fcnde yedi saatten fazla zaman harcayan \u00e7ocuklar\u0131n, beyin yap\u0131s\u0131n\u0131n de\u011fi\u015fti\u011fini ke\u015ffedildi. Teknolojinin \u00e7ocuklar \u00fczerindeki sonu\u00e7lar\u0131n\u0131 g\u00f6steren yeni ara\u015ft\u0131rma, resmi bir kurum olan National Institute of Health (NIH-Ulusal Sa\u011fl\u0131k Enstit\u00fcs\u00fc) taraf\u0131ndan finanse edildi. Ara\u015ft\u0131rmac\u0131lar bu bulgular\u0131 elde etmek i\u00e7in, 4.500 \u00e7ocu\u011fa beyin taramas\u0131 yapt\u0131klar\u0131n\u0131 [&hellip;]","og_url":"https:\/\/epochtimestr.com\/index.php\/gunde-7-saatten-uzun-sure-ekrana-bakan-cocuklarin-beyin-yapisi-degisiyor-mu","og_site_name":"The Epoch Times TR","article_publisher":"https:\/\/www.facebook.com\/theepochtimestr","article_published_time":"2018-12-30T00:07:19+00:00","article_modified_time":"2023-02-06T17:47:17+00:00","og_image":[{"width":700,"height":420,"url":"https:\/\/epochtimestr.com\/wp-content\/uploads\/2011y\/brain-structure-700x420.jpg","type":"image\/jpeg"}],"author":"Hatice Atmaca","twitter_card":"summary_large_image","twitter_creator":"@TheEpochTimesTR","twitter_site":"@TheEpochTimesTR","twitter_misc":{"Yazan:":"Hatice Atmaca","Tahmini okuma s\u00fcresi":"4 dakika"},"schema":{"@context":"https:\/\/schema.org","@graph":[{"@type":"Article","@id":"https:\/\/epochtimestr.com\/index.php\/gunde-7-saatten-uzun-sure-ekrana-bakan-cocuklarin-beyin-yapisi-degisiyor-mu#article","isPartOf":{"@id":"https:\/\/epochtimestr.com\/index.php\/gunde-7-saatten-uzun-sure-ekrana-bakan-cocuklarin-beyin-yapisi-degisiyor-mu"},"author":{"name":"Hatice Atmaca","@id":"https:\/\/epochtimestr.com\/#\/schema\/person\/a515b4166e91977b7e9f483ceb142459"},"headline":"G\u00fcnde 7 Saatten Uzun S\u00fcre Ekrana Bakan \u00c7ocuklar\u0131n Beyin Yap\u0131s\u0131 De\u011fi\u015fiyor Mu?","datePublished":"2018-12-30T00:07:19+00:00","dateModified":"2023-02-06T17:47:17+00:00","mainEntityOfPage":{"@id":"https:\/\/epochtimestr.com\/index.php\/gunde-7-saatten-uzun-sure-ekrana-bakan-cocuklarin-beyin-yapisi-degisiyor-mu"},"wordCount":1019,"publisher":{"@id":"https:\/\/epochtimestr.com\/#organization"},"image":{"@id":"https:\/\/epochtimestr.com\/index.php\/gunde-7-saatten-uzun-sure-ekrana-bakan-cocuklarin-beyin-yapisi-degisiyor-mu#primaryimage"},"thumbnailUrl":"https:\/\/epochtimestr.com\/wp-content\/uploads\/2011y\/brain-structure-700x420.jpg","articleSection":["A\u0130LE ve EG\u0130T\u0130M","Bilimsel Ke\u015fifler","\u00d6ne \u00c7\u0131kan","Sa\u011fl\u0131k"],"inLanguage":"tr"},{"@type":"WebPage","@id":"https:\/\/epochtimestr.com\/index.php\/gunde-7-saatten-uzun-sure-ekrana-bakan-cocuklarin-beyin-yapisi-degisiyor-mu","url":"https:\/\/epochtimestr.com\/index.php\/gunde-7-saatten-uzun-sure-ekrana-bakan-cocuklarin-beyin-yapisi-degisiyor-mu","name":"G\u00fcnde 7 Saatten Uzun S\u00fcre Ekrana Bakan \u00c7ocuklar\u0131n Beyin Yap\u0131s\u0131 De\u011fi\u015fiyor Mu? - The Epoch Times TR","isPartOf":{"@id":"https:\/\/epochtimestr.com\/#website"},"primaryImageOfPage":{"@id":"https:\/\/epochtimestr.com\/index.php\/gunde-7-saatten-uzun-sure-ekrana-bakan-cocuklarin-beyin-yapisi-degisiyor-mu#primaryimage"},"image":{"@id":"https:\/\/epochtimestr.com\/index.php\/gunde-7-saatten-uzun-sure-ekrana-bakan-cocuklarin-beyin-yapisi-degisiyor-mu#primaryimage"},"thumbnailUrl":"https:\/\/epochtimestr.com\/wp-content\/uploads\/2011y\/brain-structure-700x420.jpg","datePublished":"2018-12-30T00:07:19+00:00","dateModified":"2023-02-06T17:47:17+00:00","inLanguage":"tr","potentialAction":[{"@type":"ReadAction","target":["https:\/\/epochtimestr.com\/index.php\/gunde-7-saatten-uzun-sure-ekrana-bakan-cocuklarin-beyin-yapisi-degisiyor-mu"]}]},{"@type":"ImageObject","inLanguage":"tr","@id":"https:\/\/epochtimestr.com\/index.php\/gunde-7-saatten-uzun-sure-ekrana-bakan-cocuklarin-beyin-yapisi-degisiyor-mu#primaryimage","url":"https:\/\/epochtimestr.com\/wp-content\/uploads\/2011y\/brain-structure-700x420.jpg","contentUrl":"https:\/\/epochtimestr.com\/wp-content\/uploads\/2011y\/brain-structure-700x420.jpg","width":700,"height":420,"caption":"ABCD ara\u015ft\u0131rmac\u0131lar\u0131 taraf\u0131ndan yay\u0131nlanan, ergenlik \u00f6ncesi ya\u015ftaki bir \u00e7ocu\u011fun haf\u0131zas\u0131n\u0131 kulland\u0131\u011f\u0131 s\u0131rada al\u0131nm\u0131\u015f beyin fMRI g\u00f6r\u00fcnt\u00fcs\u00fc. Sar\u0131 ve k\u0131rm\u0131z\u0131 b\u00f6lgeler en aktif olanlard\u0131r. (Richard Watts, PhD, Vermont \u00dcniversitesi, N\u00f6rog\u00f6r\u00fcnt\u00fcleme Laboratuvar\u0131, Oregon Sa\u011fl\u0131k ve Bilim \u00dcniversitesi)"},{"@type":"WebSite","@id":"https:\/\/epochtimestr.com\/#website","url":"https:\/\/epochtimestr.com\/","name":"The Epoch Times TR","description":"De\u011fi\u015fen D\u00fcnyam\u0131za Taze Bir Bak\u0131\u015f","publisher":{"@id":"https:\/\/epochtimestr.com\/#organization"},"potentialAction":[{"@type":"SearchAction","target":{"@type":"EntryPoint","urlTemplate":"https:\/\/epochtimestr.com\/?s={search_term_string}"},"query-input":"required name=search_term_string"}],"inLanguage":"tr"},{"@type":"Organization","@id":"https:\/\/epochtimestr.com\/#organization","name":"The EpochTimes T\u00fcrkiye","url":"https:\/\/epochtimestr.com\/","logo":{"@type":"ImageObject","inLanguage":"tr","@id":"https:\/\/epochtimestr.com\/#\/schema\/logo\/image\/","url":"https:\/\/epochtimestr.com\/wp-content\/uploads\/2011y\/ET-Logo-YG.jpg","contentUrl":"https:\/\/epochtimestr.com\/wp-content\/uploads\/2011y\/ET-Logo-YG.jpg","width":346,"height":29,"caption":"The EpochTimes T\u00fcrkiye"},"image":{"@id":"https:\/\/epochtimestr.com\/#\/schema\/logo\/image\/"},"sameAs":["https:\/\/www.facebook.com\/theepochtimestr","https:\/\/x.com\/TheEpochTimesTR","https:\/\/www.instagram.com\/epochtimestr"]},{"@type":"Person","@id":"https:\/\/epochtimestr.com\/#\/schema\/person\/a515b4166e91977b7e9f483ceb142459","name":"Hatice Atmaca","image":{"@type":"ImageObject","inLanguage":"tr","@id":"https:\/\/epochtimestr.com\/#\/schema\/person\/image\/","url":"https:\/\/secure.gravatar.com\/avatar\/dd49aabd0aeaecbc0ecbce954119ae42?s=96&d=mm&r=g","contentUrl":"https:\/\/secure.gravatar.com\/avatar\/dd49aabd0aeaecbc0ecbce954119ae42?s=96&d=mm&r=g","caption":"Hatice Atmaca"},"url":"https:\/\/epochtimestr.com\/index.php\/author\/hatice"}]}},"_links":{"self":[{"href":"https:\/\/epochtimestr.com\/index.php\/wp-json\/wp\/v2\/posts\/119649"}],"collection":[{"href":"https:\/\/epochtimestr.com\/index.php\/wp-json\/wp\/v2\/posts"}],"about":[{"href":"https:\/\/epochtimestr.com\/index.php\/wp-json\/wp\/v2\/types\/post"}],"author":[{"embeddable":true,"href":"https:\/\/epochtimestr.com\/index.php\/wp-json\/wp\/v2\/users\/12379"}],"replies":[{"embeddable":true,"href":"https:\/\/epochtimestr.com\/index.php\/wp-json\/wp\/v2\/comments?post=119649"}],"version-history":[{"count":4,"href":"https:\/\/epochtimestr.com\/index.php\/wp-json\/wp\/v2\/posts\/119649\/revisions"}],"predecessor-version":[{"id":142260,"href":"https:\/\/epochtimestr.com\/index.php\/wp-json\/wp\/v2\/posts\/119649\/revisions\/142260"}],"wp:featuredmedia":[{"embeddable":true,"href":"https:\/\/epochtimestr.com\/index.php\/wp-json\/wp\/v2\/media\/119650"}],"wp:attachment":[{"href":"https:\/\/epochtimestr.com\/index.php\/wp-json\/wp\/v2\/media?parent=119649"}],"wp:term":[{"taxonomy":"category","embeddable":true,"href":"https:\/\/epochtimestr.com\/index.php\/wp-json\/wp\/v2\/categories?post=119649"},{"taxonomy":"post_tag","embeddable":true,"href":"https:\/\/epochtimestr.com\/index.php\/wp-json\/wp\/v2\/tags?post=119649"}],"curies":[{"name":"wp","href":"https:\/\/api.w.org\/{rel}","templated":true}]}}