{"id":120429,"date":"2019-02-19T21:52:48","date_gmt":"2019-02-19T18:52:48","guid":{"rendered":"http:\/\/epochtimestr.com\/?p=120429"},"modified":"2019-02-19T21:52:51","modified_gmt":"2019-02-19T18:52:51","slug":"moda-duayeni-karl-lagerfeld-hayatini-kaybetti","status":"publish","type":"post","link":"https:\/\/epochtimestr.com\/index.php\/moda-duayeni-karl-lagerfeld-hayatini-kaybetti","title":{"rendered":"Moda Duayeni Karl Lagerfeld Hayat\u0131n\u0131 Kaybetti"},"content":{"rendered":"\n<figure class=\"wp-block-image\"><img loading=\"lazy\" decoding=\"async\" width=\"597\" height=\"400\" src=\"https:\/\/epochtimestr.com\/wp-content\/uploads\/2011y\/Karl_Lagerfeld_-597x400.jpg\" alt=\"\" class=\"wp-image-120430\" srcset=\"https:\/\/epochtimestr.com\/wp-content\/uploads\/2011y\/Karl_Lagerfeld_-597x400.jpg 597w, https:\/\/epochtimestr.com\/wp-content\/uploads\/2011y\/Karl_Lagerfeld_-150x100.jpg 150w, https:\/\/epochtimestr.com\/wp-content\/uploads\/2011y\/Karl_Lagerfeld_-300x201.jpg 300w, https:\/\/epochtimestr.com\/wp-content\/uploads\/2011y\/Karl_Lagerfeld_-768x515.jpg 768w, https:\/\/epochtimestr.com\/wp-content\/uploads\/2011y\/Karl_Lagerfeld_.jpg 1024w\" sizes=\"(max-width: 597px) 100vw, 597px\" \/><\/figure>\n\n\n\n<p>20. y\u00fczy\u0131l\u0131n en \u00f6nemli moda tasar\u0131mc\u0131lar\u0131ndan kabul edilen Karl Otto Lagerfeldt, 85 ya\u015f\u0131nda hayata g\u00f6zlerini yumdu. <br \/><br \/>Frans\u0131z moda evi Chanel&#8217;in yarat\u0131c\u0131 y\u00f6netmeni, kreatif direkt\u00f6r\u00fc, olan modac\u0131 Karl Lagerfeld, Chanel&#8217;in 22 Ocak&#8217;taki defilesini ka\u00e7\u0131rm\u0131\u015f, firmadan &#8216;yorgun hissetti\u011fi&#8217; a\u00e7\u0131klamas\u0131 yap\u0131lm\u0131\u015ft\u0131. <br \/><br \/><strong>Karl Lagerfeld kimdir?<\/strong><br \/><br \/>10 Eyl\u00fcl 1933 y\u0131l\u0131nda Almanya&#8217;n\u0131n Hamburg \u015fehrinde do\u011fan Lagerfeld, 19880&#8217;lerin ba\u015f\u0131nda kendine ait parf\u00fcm ve giyim e\u015fyas\u0131 \u00fcreten markas\u0131n\u0131 piyasaya s\u00fcrd\u00fc. Tam ad\u0131 Karl Otto Lagerfelt, zengin bir ailenin \u00e7ocu\u011fuydu. Reklam\u0131n\u0131 kolayca yapabilmek a\u00e7\u0131s\u0131ndan son harfi &#8216;t&#8217;yi atmay\u0131 uygun g\u00f6rd\u00fc.<br \/><br \/>Kariyeri boyunca Chloe, Fendi ve Chanel gibi b\u00fcy\u00fck moda evleri ile ortakla\u015fa \u00e7al\u0131\u015ft\u0131. <br \/><br \/>En me\u015fhur moda \u015firketlerinden Balmain&#8217;in kurucusu Pierre Balmain&#8217;in asistan\u0131 olarak kariyerine ba\u015flad\u0131\u011f\u0131nda 20 ya\u015f\u0131ndayd\u0131.<\/p>\n\n\n\n<p>1980&#8217;li y\u0131llar\u0131n ilk yar\u0131s\u0131nda parf\u00fcm ve giyim e\u015fyas\u0131 satt\u0131\u011f\u0131 ve ad\u0131yla soyad\u0131n\u0131n ba\u015f harflerinden olu\u015fan &#8216;KL&#8217; markas\u0131n\u0131 olu\u015fturdu. 2004 y\u0131l\u0131na kadar b\u00fcy\u00fctt\u00fc\u011f\u00fc markas\u0131n\u0131 o y\u0131l Tommy Hilfiger&#8217;a satt\u0131.<br \/><br \/>Ad\u0131n\u0131n t\u00fcm d\u00fcnyaya yay\u0131lmas\u0131 ise 1983&#8217;te devrald\u0131\u011f\u0131 Coco Chanel maceras\u0131yla ger\u00e7ekle\u015fti. &#8216;Chanel&#8217;i kurtaran tasar\u0131mc\u0131&#8217; olarak nam salan Lagerfeld, eski g\u00fcnlerini mumla arayan Chanel&#8217;e \u00f6yle dokunu\u015flar yapt\u0131 ki marka bir anda tekrar zirveye \u00e7\u0131kt\u0131. Chanel ve Balmain haricinde Chloe, Fendi gibi \u015firketlerle de \u00e7al\u0131\u015ft\u0131.<\/p>\n\n\n\n<p>Karl Lagerfeld&#8217;in hayat hikayesi ve kariyer yolculu\u011fu ise Alman televizyoncu Martina Neuen&#8217;in y\u00f6netti\u011fi &#8216;Mode Als Religion&#8217; isimli belgeselde i\u015flenmi\u015ftir.<\/p>\n\n\n\n<figure class=\"wp-block-image\"><img loading=\"lazy\" decoding=\"async\" width=\"600\" height=\"338\" src=\"https:\/\/epochtimestr.com\/wp-content\/uploads\/2011y\/Karl_Lagerfeld_Berlin-600x338.jpg\" alt=\"\" class=\"wp-image-120431\" srcset=\"https:\/\/epochtimestr.com\/wp-content\/uploads\/2011y\/Karl_Lagerfeld_Berlin-600x338.jpg 600w, https:\/\/epochtimestr.com\/wp-content\/uploads\/2011y\/Karl_Lagerfeld_Berlin-150x84.jpg 150w, https:\/\/epochtimestr.com\/wp-content\/uploads\/2011y\/Karl_Lagerfeld_Berlin-300x169.jpg 300w, https:\/\/epochtimestr.com\/wp-content\/uploads\/2011y\/Karl_Lagerfeld_Berlin-768x432.jpg 768w, https:\/\/epochtimestr.com\/wp-content\/uploads\/2011y\/Karl_Lagerfeld_Berlin.jpg 1920w\" sizes=\"(max-width: 600px) 100vw, 600px\" \/><\/figure>\n\n\n\n<p><br \/><br \/><br \/><\/p>\n","protected":false},"excerpt":{"rendered":"<p>20. y\u00fczy\u0131l\u0131n en \u00f6nemli moda tasar\u0131mc\u0131lar\u0131ndan kabul edilen Karl Otto Lagerfeldt, 85 ya\u015f\u0131nda hayata g\u00f6zlerini yumdu. Frans\u0131z moda evi Chanel&#8217;in yarat\u0131c\u0131 y\u00f6netmeni, kreatif direkt\u00f6r\u00fc, olan modac\u0131 Karl Lagerfeld, Chanel&#8217;in 22 Ocak&#8217;taki defilesini ka\u00e7\u0131rm\u0131\u015f, firmadan &#8216;yorgun hissetti\u011fi&#8217; a\u00e7\u0131klamas\u0131 yap\u0131lm\u0131\u015ft\u0131. Karl Lagerfeld kimdir? 10 Eyl\u00fcl 1933 y\u0131l\u0131nda Almanya&#8217;n\u0131n Hamburg \u015fehrinde do\u011fan Lagerfeld, 19880&#8217;lerin ba\u015f\u0131nda kendine ait parf\u00fcm [&hellip;]<\/p>\n","protected":false},"author":12791,"featured_media":120430,"comment_status":"closed","ping_status":"open","sticky":false,"template":"","format":"standard","meta":{"_yoast_wpseo_focuskw":"","_yoast_wpseo_title":"","_yoast_wpseo_metadesc":"","_bbp_topic_count":0,"_bbp_reply_count":0,"_bbp_total_topic_count":0,"_bbp_total_reply_count":0,"_bbp_voice_count":0,"_bbp_anonymous_reply_count":0,"_bbp_topic_count_hidden":0,"_bbp_reply_count_hidden":0,"_bbp_forum_subforum_count":0,"footnotes":"","_yoast_wpseo_focuskw_text_input":""},"categories":[5,1],"tags":[],"yoast_head":"<!-- This site is optimized with the Yoast SEO plugin v23.0 - https:\/\/yoast.com\/wordpress\/plugins\/seo\/ -->\n<title>Moda Duayeni Karl Lagerfeld Hayat\u0131n\u0131 Kaybetti - The Epoch Times TR<\/title>\n<meta name=\"robots\" content=\"index, follow, max-snippet:-1, max-image-preview:large, max-video-preview:-1\" \/>\n<link rel=\"canonical\" href=\"https:\/\/epochtimestr.com\/index.php\/moda-duayeni-karl-lagerfeld-hayatini-kaybetti\" \/>\n<meta property=\"og:locale\" content=\"tr_TR\" \/>\n<meta property=\"og:type\" content=\"article\" \/>\n<meta property=\"og:title\" content=\"Moda Duayeni Karl Lagerfeld Hayat\u0131n\u0131 Kaybetti - The Epoch Times TR\" \/>\n<meta property=\"og:description\" content=\"20. y\u00fczy\u0131l\u0131n en \u00f6nemli moda tasar\u0131mc\u0131lar\u0131ndan kabul edilen Karl Otto Lagerfeldt, 85 ya\u015f\u0131nda hayata g\u00f6zlerini yumdu. Frans\u0131z moda evi Chanel&#8217;in yarat\u0131c\u0131 y\u00f6netmeni, kreatif direkt\u00f6r\u00fc, olan modac\u0131 Karl Lagerfeld, Chanel&#8217;in 22 Ocak&#8217;taki defilesini ka\u00e7\u0131rm\u0131\u015f, firmadan &#8216;yorgun hissetti\u011fi&#8217; a\u00e7\u0131klamas\u0131 yap\u0131lm\u0131\u015ft\u0131. Karl Lagerfeld kimdir? 10 Eyl\u00fcl 1933 y\u0131l\u0131nda Almanya&#8217;n\u0131n Hamburg \u015fehrinde do\u011fan Lagerfeld, 19880&#8217;lerin ba\u015f\u0131nda kendine ait parf\u00fcm [&hellip;]\" \/>\n<meta property=\"og:url\" content=\"https:\/\/epochtimestr.com\/index.php\/moda-duayeni-karl-lagerfeld-hayatini-kaybetti\" \/>\n<meta property=\"og:site_name\" content=\"The Epoch Times TR\" \/>\n<meta property=\"article:publisher\" content=\"https:\/\/www.facebook.com\/theepochtimestr\" \/>\n<meta property=\"article:published_time\" content=\"2019-02-19T18:52:48+00:00\" \/>\n<meta property=\"article:modified_time\" content=\"2019-02-19T18:52:51+00:00\" \/>\n<meta property=\"og:image\" content=\"https:\/\/epochtimestr.com\/wp-content\/uploads\/2011y\/Karl_Lagerfeld_.jpg\" \/>\n\t<meta property=\"og:image:width\" content=\"1024\" \/>\n\t<meta property=\"og:image:height\" content=\"686\" \/>\n\t<meta property=\"og:image:type\" content=\"image\/jpeg\" \/>\n<meta name=\"author\" content=\"Haber Merkezi\" \/>\n<meta name=\"twitter:card\" content=\"summary_large_image\" \/>\n<meta name=\"twitter:creator\" content=\"@TheEpochTimesTR\" \/>\n<meta name=\"twitter:site\" content=\"@TheEpochTimesTR\" \/>\n<meta name=\"twitter:label1\" content=\"Yazan:\" \/>\n\t<meta name=\"twitter:data1\" content=\"Haber Merkezi\" \/>\n\t<meta name=\"twitter:label2\" content=\"Tahmini okuma s\u00fcresi\" \/>\n\t<meta name=\"twitter:data2\" content=\"1 dakika\" \/>\n<script type=\"application\/ld+json\" class=\"yoast-schema-graph\">{\"@context\":\"https:\/\/schema.org\",\"@graph\":[{\"@type\":\"Article\",\"@id\":\"https:\/\/epochtimestr.com\/index.php\/moda-duayeni-karl-lagerfeld-hayatini-kaybetti#article\",\"isPartOf\":{\"@id\":\"https:\/\/epochtimestr.com\/index.php\/moda-duayeni-karl-lagerfeld-hayatini-kaybetti\"},\"author\":{\"name\":\"Haber Merkezi\",\"@id\":\"https:\/\/epochtimestr.com\/#\/schema\/person\/3dc5c3adeb9f43923c5aa85889172fdd\"},\"headline\":\"Moda Duayeni Karl Lagerfeld Hayat\u0131n\u0131 Kaybetti\",\"datePublished\":\"2019-02-19T18:52:48+00:00\",\"dateModified\":\"2019-02-19T18:52:51+00:00\",\"mainEntityOfPage\":{\"@id\":\"https:\/\/epochtimestr.com\/index.php\/moda-duayeni-karl-lagerfeld-hayatini-kaybetti\"},\"wordCount\":274,\"publisher\":{\"@id\":\"https:\/\/epochtimestr.com\/#organization\"},\"image\":{\"@id\":\"https:\/\/epochtimestr.com\/index.php\/moda-duayeni-karl-lagerfeld-hayatini-kaybetti#primaryimage\"},\"thumbnailUrl\":\"https:\/\/epochtimestr.com\/wp-content\/uploads\/2011y\/Karl_Lagerfeld_.jpg\",\"articleSection\":[\"D\u00dcNYA\",\"G\u00dcNDEM\"],\"inLanguage\":\"tr\"},{\"@type\":\"WebPage\",\"@id\":\"https:\/\/epochtimestr.com\/index.php\/moda-duayeni-karl-lagerfeld-hayatini-kaybetti\",\"url\":\"https:\/\/epochtimestr.com\/index.php\/moda-duayeni-karl-lagerfeld-hayatini-kaybetti\",\"name\":\"Moda Duayeni Karl Lagerfeld Hayat\u0131n\u0131 Kaybetti - The Epoch Times TR\",\"isPartOf\":{\"@id\":\"https:\/\/epochtimestr.com\/#website\"},\"primaryImageOfPage\":{\"@id\":\"https:\/\/epochtimestr.com\/index.php\/moda-duayeni-karl-lagerfeld-hayatini-kaybetti#primaryimage\"},\"image\":{\"@id\":\"https:\/\/epochtimestr.com\/index.php\/moda-duayeni-karl-lagerfeld-hayatini-kaybetti#primaryimage\"},\"thumbnailUrl\":\"https:\/\/epochtimestr.com\/wp-content\/uploads\/2011y\/Karl_Lagerfeld_.jpg\",\"datePublished\":\"2019-02-19T18:52:48+00:00\",\"dateModified\":\"2019-02-19T18:52:51+00:00\",\"inLanguage\":\"tr\",\"potentialAction\":[{\"@type\":\"ReadAction\",\"target\":[\"https:\/\/epochtimestr.com\/index.php\/moda-duayeni-karl-lagerfeld-hayatini-kaybetti\"]}]},{\"@type\":\"ImageObject\",\"inLanguage\":\"tr\",\"@id\":\"https:\/\/epochtimestr.com\/index.php\/moda-duayeni-karl-lagerfeld-hayatini-kaybetti#primaryimage\",\"url\":\"https:\/\/epochtimestr.com\/wp-content\/uploads\/2011y\/Karl_Lagerfeld_.jpg\",\"contentUrl\":\"https:\/\/epochtimestr.com\/wp-content\/uploads\/2011y\/Karl_Lagerfeld_.jpg\",\"width\":1024,\"height\":686},{\"@type\":\"WebSite\",\"@id\":\"https:\/\/epochtimestr.com\/#website\",\"url\":\"https:\/\/epochtimestr.com\/\",\"name\":\"The Epoch Times TR\",\"description\":\"De\u011fi\u015fen D\u00fcnyam\u0131za Taze Bir Bak\u0131\u015f\",\"publisher\":{\"@id\":\"https:\/\/epochtimestr.com\/#organization\"},\"potentialAction\":[{\"@type\":\"SearchAction\",\"target\":{\"@type\":\"EntryPoint\",\"urlTemplate\":\"https:\/\/epochtimestr.com\/?s={search_term_string}\"},\"query-input\":\"required name=search_term_string\"}],\"inLanguage\":\"tr\"},{\"@type\":\"Organization\",\"@id\":\"https:\/\/epochtimestr.com\/#organization\",\"name\":\"The EpochTimes T\u00fcrkiye\",\"url\":\"https:\/\/epochtimestr.com\/\",\"logo\":{\"@type\":\"ImageObject\",\"inLanguage\":\"tr\",\"@id\":\"https:\/\/epochtimestr.com\/#\/schema\/logo\/image\/\",\"url\":\"https:\/\/epochtimestr.com\/wp-content\/uploads\/2011y\/ET-Logo-YG.jpg\",\"contentUrl\":\"https:\/\/epochtimestr.com\/wp-content\/uploads\/2011y\/ET-Logo-YG.jpg\",\"width\":346,\"height\":29,\"caption\":\"The EpochTimes T\u00fcrkiye\"},\"image\":{\"@id\":\"https:\/\/epochtimestr.com\/#\/schema\/logo\/image\/\"},\"sameAs\":[\"https:\/\/www.facebook.com\/theepochtimestr\",\"https:\/\/x.com\/TheEpochTimesTR\",\"https:\/\/www.instagram.com\/epochtimestr\"]},{\"@type\":\"Person\",\"@id\":\"https:\/\/epochtimestr.com\/#\/schema\/person\/3dc5c3adeb9f43923c5aa85889172fdd\",\"name\":\"Haber Merkezi\",\"image\":{\"@type\":\"ImageObject\",\"inLanguage\":\"tr\",\"@id\":\"https:\/\/epochtimestr.com\/#\/schema\/person\/image\/\",\"url\":\"https:\/\/secure.gravatar.com\/avatar\/d73f772ba5a74f28601361e17c2f93e6?s=96&d=mm&r=g\",\"contentUrl\":\"https:\/\/secure.gravatar.com\/avatar\/d73f772ba5a74f28601361e17c2f93e6?s=96&d=mm&r=g\",\"caption\":\"Haber Merkezi\"},\"url\":\"https:\/\/epochtimestr.com\/index.php\/author\/sendag\"}]}<\/script>\n<!-- \/ Yoast SEO plugin. -->","yoast_head_json":{"title":"Moda Duayeni Karl Lagerfeld Hayat\u0131n\u0131 Kaybetti - The Epoch Times TR","robots":{"index":"index","follow":"follow","max-snippet":"max-snippet:-1","max-image-preview":"max-image-preview:large","max-video-preview":"max-video-preview:-1"},"canonical":"https:\/\/epochtimestr.com\/index.php\/moda-duayeni-karl-lagerfeld-hayatini-kaybetti","og_locale":"tr_TR","og_type":"article","og_title":"Moda Duayeni Karl Lagerfeld Hayat\u0131n\u0131 Kaybetti - The Epoch Times TR","og_description":"20. y\u00fczy\u0131l\u0131n en \u00f6nemli moda tasar\u0131mc\u0131lar\u0131ndan kabul edilen Karl Otto Lagerfeldt, 85 ya\u015f\u0131nda hayata g\u00f6zlerini yumdu. Frans\u0131z moda evi Chanel&#8217;in yarat\u0131c\u0131 y\u00f6netmeni, kreatif direkt\u00f6r\u00fc, olan modac\u0131 Karl Lagerfeld, Chanel&#8217;in 22 Ocak&#8217;taki defilesini ka\u00e7\u0131rm\u0131\u015f, firmadan &#8216;yorgun hissetti\u011fi&#8217; a\u00e7\u0131klamas\u0131 yap\u0131lm\u0131\u015ft\u0131. Karl Lagerfeld kimdir? 10 Eyl\u00fcl 1933 y\u0131l\u0131nda Almanya&#8217;n\u0131n Hamburg \u015fehrinde do\u011fan Lagerfeld, 19880&#8217;lerin ba\u015f\u0131nda kendine ait parf\u00fcm [&hellip;]","og_url":"https:\/\/epochtimestr.com\/index.php\/moda-duayeni-karl-lagerfeld-hayatini-kaybetti","og_site_name":"The Epoch Times TR","article_publisher":"https:\/\/www.facebook.com\/theepochtimestr","article_published_time":"2019-02-19T18:52:48+00:00","article_modified_time":"2019-02-19T18:52:51+00:00","og_image":[{"width":1024,"height":686,"url":"https:\/\/epochtimestr.com\/wp-content\/uploads\/2011y\/Karl_Lagerfeld_.jpg","type":"image\/jpeg"}],"author":"Haber Merkezi","twitter_card":"summary_large_image","twitter_creator":"@TheEpochTimesTR","twitter_site":"@TheEpochTimesTR","twitter_misc":{"Yazan:":"Haber Merkezi","Tahmini okuma s\u00fcresi":"1 dakika"},"schema":{"@context":"https:\/\/schema.org","@graph":[{"@type":"Article","@id":"https:\/\/epochtimestr.com\/index.php\/moda-duayeni-karl-lagerfeld-hayatini-kaybetti#article","isPartOf":{"@id":"https:\/\/epochtimestr.com\/index.php\/moda-duayeni-karl-lagerfeld-hayatini-kaybetti"},"author":{"name":"Haber Merkezi","@id":"https:\/\/epochtimestr.com\/#\/schema\/person\/3dc5c3adeb9f43923c5aa85889172fdd"},"headline":"Moda Duayeni Karl Lagerfeld Hayat\u0131n\u0131 Kaybetti","datePublished":"2019-02-19T18:52:48+00:00","dateModified":"2019-02-19T18:52:51+00:00","mainEntityOfPage":{"@id":"https:\/\/epochtimestr.com\/index.php\/moda-duayeni-karl-lagerfeld-hayatini-kaybetti"},"wordCount":274,"publisher":{"@id":"https:\/\/epochtimestr.com\/#organization"},"image":{"@id":"https:\/\/epochtimestr.com\/index.php\/moda-duayeni-karl-lagerfeld-hayatini-kaybetti#primaryimage"},"thumbnailUrl":"https:\/\/epochtimestr.com\/wp-content\/uploads\/2011y\/Karl_Lagerfeld_.jpg","articleSection":["D\u00dcNYA","G\u00dcNDEM"],"inLanguage":"tr"},{"@type":"WebPage","@id":"https:\/\/epochtimestr.com\/index.php\/moda-duayeni-karl-lagerfeld-hayatini-kaybetti","url":"https:\/\/epochtimestr.com\/index.php\/moda-duayeni-karl-lagerfeld-hayatini-kaybetti","name":"Moda Duayeni Karl Lagerfeld Hayat\u0131n\u0131 Kaybetti - The Epoch Times TR","isPartOf":{"@id":"https:\/\/epochtimestr.com\/#website"},"primaryImageOfPage":{"@id":"https:\/\/epochtimestr.com\/index.php\/moda-duayeni-karl-lagerfeld-hayatini-kaybetti#primaryimage"},"image":{"@id":"https:\/\/epochtimestr.com\/index.php\/moda-duayeni-karl-lagerfeld-hayatini-kaybetti#primaryimage"},"thumbnailUrl":"https:\/\/epochtimestr.com\/wp-content\/uploads\/2011y\/Karl_Lagerfeld_.jpg","datePublished":"2019-02-19T18:52:48+00:00","dateModified":"2019-02-19T18:52:51+00:00","inLanguage":"tr","potentialAction":[{"@type":"ReadAction","target":["https:\/\/epochtimestr.com\/index.php\/moda-duayeni-karl-lagerfeld-hayatini-kaybetti"]}]},{"@type":"ImageObject","inLanguage":"tr","@id":"https:\/\/epochtimestr.com\/index.php\/moda-duayeni-karl-lagerfeld-hayatini-kaybetti#primaryimage","url":"https:\/\/epochtimestr.com\/wp-content\/uploads\/2011y\/Karl_Lagerfeld_.jpg","contentUrl":"https:\/\/epochtimestr.com\/wp-content\/uploads\/2011y\/Karl_Lagerfeld_.jpg","width":1024,"height":686},{"@type":"WebSite","@id":"https:\/\/epochtimestr.com\/#website","url":"https:\/\/epochtimestr.com\/","name":"The Epoch Times TR","description":"De\u011fi\u015fen D\u00fcnyam\u0131za Taze Bir Bak\u0131\u015f","publisher":{"@id":"https:\/\/epochtimestr.com\/#organization"},"potentialAction":[{"@type":"SearchAction","target":{"@type":"EntryPoint","urlTemplate":"https:\/\/epochtimestr.com\/?s={search_term_string}"},"query-input":"required name=search_term_string"}],"inLanguage":"tr"},{"@type":"Organization","@id":"https:\/\/epochtimestr.com\/#organization","name":"The EpochTimes T\u00fcrkiye","url":"https:\/\/epochtimestr.com\/","logo":{"@type":"ImageObject","inLanguage":"tr","@id":"https:\/\/epochtimestr.com\/#\/schema\/logo\/image\/","url":"https:\/\/epochtimestr.com\/wp-content\/uploads\/2011y\/ET-Logo-YG.jpg","contentUrl":"https:\/\/epochtimestr.com\/wp-content\/uploads\/2011y\/ET-Logo-YG.jpg","width":346,"height":29,"caption":"The EpochTimes T\u00fcrkiye"},"image":{"@id":"https:\/\/epochtimestr.com\/#\/schema\/logo\/image\/"},"sameAs":["https:\/\/www.facebook.com\/theepochtimestr","https:\/\/x.com\/TheEpochTimesTR","https:\/\/www.instagram.com\/epochtimestr"]},{"@type":"Person","@id":"https:\/\/epochtimestr.com\/#\/schema\/person\/3dc5c3adeb9f43923c5aa85889172fdd","name":"Haber Merkezi","image":{"@type":"ImageObject","inLanguage":"tr","@id":"https:\/\/epochtimestr.com\/#\/schema\/person\/image\/","url":"https:\/\/secure.gravatar.com\/avatar\/d73f772ba5a74f28601361e17c2f93e6?s=96&d=mm&r=g","contentUrl":"https:\/\/secure.gravatar.com\/avatar\/d73f772ba5a74f28601361e17c2f93e6?s=96&d=mm&r=g","caption":"Haber Merkezi"},"url":"https:\/\/epochtimestr.com\/index.php\/author\/sendag"}]}},"_links":{"self":[{"href":"https:\/\/epochtimestr.com\/index.php\/wp-json\/wp\/v2\/posts\/120429"}],"collection":[{"href":"https:\/\/epochtimestr.com\/index.php\/wp-json\/wp\/v2\/posts"}],"about":[{"href":"https:\/\/epochtimestr.com\/index.php\/wp-json\/wp\/v2\/types\/post"}],"author":[{"embeddable":true,"href":"https:\/\/epochtimestr.com\/index.php\/wp-json\/wp\/v2\/users\/12791"}],"replies":[{"embeddable":true,"href":"https:\/\/epochtimestr.com\/index.php\/wp-json\/wp\/v2\/comments?post=120429"}],"version-history":[{"count":1,"href":"https:\/\/epochtimestr.com\/index.php\/wp-json\/wp\/v2\/posts\/120429\/revisions"}],"predecessor-version":[{"id":120432,"href":"https:\/\/epochtimestr.com\/index.php\/wp-json\/wp\/v2\/posts\/120429\/revisions\/120432"}],"wp:featuredmedia":[{"embeddable":true,"href":"https:\/\/epochtimestr.com\/index.php\/wp-json\/wp\/v2\/media\/120430"}],"wp:attachment":[{"href":"https:\/\/epochtimestr.com\/index.php\/wp-json\/wp\/v2\/media?parent=120429"}],"wp:term":[{"taxonomy":"category","embeddable":true,"href":"https:\/\/epochtimestr.com\/index.php\/wp-json\/wp\/v2\/categories?post=120429"},{"taxonomy":"post_tag","embeddable":true,"href":"https:\/\/epochtimestr.com\/index.php\/wp-json\/wp\/v2\/tags?post=120429"}],"curies":[{"name":"wp","href":"https:\/\/api.w.org\/{rel}","templated":true}]}}