{"id":121246,"date":"2019-04-23T01:31:27","date_gmt":"2019-04-22T22:31:27","guid":{"rendered":"http:\/\/epochtimestr.com\/?p=121246"},"modified":"2019-04-23T01:31:30","modified_gmt":"2019-04-22T22:31:30","slug":"23-nisan-ulusal-egemenlik-ve-cocuk-bayrami","status":"publish","type":"post","link":"https:\/\/epochtimestr.com\/index.php\/23-nisan-ulusal-egemenlik-ve-cocuk-bayrami","title":{"rendered":"23 Nisan Ulusal Egemenlik ve \u00c7ocuk Bayram\u0131"},"content":{"rendered":"\n<figure class=\"wp-block-image\"><img loading=\"lazy\" decoding=\"async\" width=\"503\" height=\"400\" src=\"https:\/\/epochtimestr.com\/wp-content\/uploads\/2011y\/Ataturk-September_20_1928-alfabe-503x400.jpg\" alt=\"\" class=\"wp-image-121249\" srcset=\"https:\/\/epochtimestr.com\/wp-content\/uploads\/2011y\/Ataturk-September_20_1928-alfabe-503x400.jpg 503w, https:\/\/epochtimestr.com\/wp-content\/uploads\/2011y\/Ataturk-September_20_1928-alfabe-150x119.jpg 150w, https:\/\/epochtimestr.com\/wp-content\/uploads\/2011y\/Ataturk-September_20_1928-alfabe-300x239.jpg 300w, https:\/\/epochtimestr.com\/wp-content\/uploads\/2011y\/Ataturk-September_20_1928-alfabe-768x611.jpg 768w, https:\/\/epochtimestr.com\/wp-content\/uploads\/2011y\/Ataturk-September_20_1928-alfabe.jpg 1460w\" sizes=\"(max-width: 503px) 100vw, 503px\" \/><figcaption>Foto\u011fraf; Wikimedia Commons<\/figcaption><\/figure>\n\n\n\n<p>Ulu \u00d6nder Mustafa Kemal Atat\u00fcrk&#8217;\u00fcn \u00e7ocuklara arma\u011fan etti\u011fi 23 Nisan Ulusal Egemenlik ve \u00c7ocuk Bayram\u0131, \u00fclke genelinde etkinliklerle kutlan\u0131yor.<br \/><br \/>23 Nisan 1920 tarihinde T\u00fcrkiye B\u00fcy\u00fck Millet Meclisi a\u00e7\u0131lm\u0131\u015f, T\u00fcrk halk\u0131 egemenli\u011fini ilan etmi\u015ftir. O g\u00fcnk\u00fc ilk toplant\u0131ya daha \u00f6nce belirlenen 337 milletvekilinden sadece 115&#8217;i kat\u0131labilmi\u015ftir.  <br \/><br \/>23 Nisan 1924&#8217;te bu tarihin bayram olarak kutlanmas\u0131na karar verilmi\u015f 1929 y\u0131l\u0131nda Atat\u00fcrk bug\u00fcn\u00fc \u00e7ocuklara arma\u011fan etmi\u015ftir. <br \/><br \/>1979&#8217;da alt\u0131 \u00fclkenin kat\u0131l\u0131m\u0131yla uluslararas\u0131 boyuta ta\u015f\u0131nan bu milli bayrama, ortalama olarak her y\u0131l k\u0131rk\u0131n \u00fczerinde \u00fclkeden gelen ve T\u00fcrk \u00e7ocuklar\u0131n\u0131n misafiri olan yabanc\u0131 \u00fclke \u00e7ocuklar\u0131 da kat\u0131lmaktad\u0131r. D\u00fcnya&#8217;da \u00e7ocuklar\u0131na bayram hediye eden ve bu bayram\u0131 b\u00fct\u00fcn d\u00fcnya ile payla\u015fan ilk ve tek \u00fclke T\u00fcrkiye&#8217;dir. <br \/><br \/><br \/><\/p>\n\n\n\n<figure class=\"wp-block-image\"><img loading=\"lazy\" decoding=\"async\" width=\"600\" height=\"400\" src=\"https:\/\/epochtimestr.com\/wp-content\/uploads\/2011y\/Mustafa_Kamal_pa\u015fa_v\u0259_\u0130brahim_\u018fbilov_Beyn\u0259lxalq_u\u015faq_bayram\u0131nda.jpg\" alt=\"\" class=\"wp-image-121247\" srcset=\"https:\/\/epochtimestr.com\/wp-content\/uploads\/2011y\/Mustafa_Kamal_pa\u015fa_v\u0259_\u0130brahim_\u018fbilov_Beyn\u0259lxalq_u\u015faq_bayram\u0131nda.jpg 600w, https:\/\/epochtimestr.com\/wp-content\/uploads\/2011y\/Mustafa_Kamal_pa\u015fa_v\u0259_\u0130brahim_\u018fbilov_Beyn\u0259lxalq_u\u015faq_bayram\u0131nda-150x100.jpg 150w, https:\/\/epochtimestr.com\/wp-content\/uploads\/2011y\/Mustafa_Kamal_pa\u015fa_v\u0259_\u0130brahim_\u018fbilov_Beyn\u0259lxalq_u\u015faq_bayram\u0131nda-300x200.jpg 300w, https:\/\/epochtimestr.com\/wp-content\/uploads\/2011y\/Mustafa_Kamal_pa\u015fa_v\u0259_\u0130brahim_\u018fbilov_Beyn\u0259lxalq_u\u015faq_bayram\u0131nda-450x300.jpg 450w\" sizes=\"(max-width: 600px) 100vw, 600px\" \/><figcaption>Foto\u011fraf; Wikimedia Commons<\/figcaption><\/figure>\n\n\n\n<p>\u201cK\u00fc\u00e7\u00fck Han\u0131mlar K\u00fc\u00e7\u00fck Beyler\u201d<\/p>\n\n\n\n<p>Sizler hepiniz gelece\u011fin bir g\u00fcl\u00fc, y\u0131ld\u0131z\u0131, bir mutluluk par\u0131lt\u0131s\u0131s\u0131n\u0131z. Memleketi as\u0131l ayd\u0131nl\u0131\u011fa bo\u011facak sizsiniz. Kendinizin ne kadar m\u00fchim, k\u0131ymetli oldu\u011funuzu d\u00fc\u015f\u00fcnerek, ona g\u00f6re \u00e7al\u0131\u015f\u0131n\u0131z. <br \/>Sizlerden \u00e7ok \u015feyler bekliyoruz!<\/p>\n\n\n\n<p><strong>M. Kemal ATAT\u00dcRK<\/strong><br \/><br \/><br \/><\/p>\n\n\n\n<figure class=\"wp-block-image\"><img loading=\"lazy\" decoding=\"async\" width=\"590\" height=\"400\" src=\"https:\/\/epochtimestr.com\/wp-content\/uploads\/2011y\/atat\u00fcrk-manevi-k\u0131z\u0131-1-590x400.png\" alt=\"\" class=\"wp-image-121250\" srcset=\"https:\/\/epochtimestr.com\/wp-content\/uploads\/2011y\/atat\u00fcrk-manevi-k\u0131z\u0131-1-590x400.png 590w, https:\/\/epochtimestr.com\/wp-content\/uploads\/2011y\/atat\u00fcrk-manevi-k\u0131z\u0131-1-150x102.png 150w, https:\/\/epochtimestr.com\/wp-content\/uploads\/2011y\/atat\u00fcrk-manevi-k\u0131z\u0131-1-300x203.png 300w, https:\/\/epochtimestr.com\/wp-content\/uploads\/2011y\/atat\u00fcrk-manevi-k\u0131z\u0131-1-768x521.png 768w, https:\/\/epochtimestr.com\/wp-content\/uploads\/2011y\/atat\u00fcrk-manevi-k\u0131z\u0131-1.png 1125w\" sizes=\"(max-width: 590px) 100vw, 590px\" \/><\/figure>\n\n\n\n<figure class=\"wp-block-image\"><img loading=\"lazy\" decoding=\"async\" width=\"600\" height=\"383\" src=\"https:\/\/epochtimestr.com\/wp-content\/uploads\/2011y\/Atat\u00fcrk_Ege_Vapuru_ile_Antalyaya_giderken_1935-\u00e7ocuk-600x383.jpg\" alt=\"\" class=\"wp-image-121251\" srcset=\"https:\/\/epochtimestr.com\/wp-content\/uploads\/2011y\/Atat\u00fcrk_Ege_Vapuru_ile_Antalyaya_giderken_1935-\u00e7ocuk-600x383.jpg 600w, https:\/\/epochtimestr.com\/wp-content\/uploads\/2011y\/Atat\u00fcrk_Ege_Vapuru_ile_Antalyaya_giderken_1935-\u00e7ocuk-150x96.jpg 150w, https:\/\/epochtimestr.com\/wp-content\/uploads\/2011y\/Atat\u00fcrk_Ege_Vapuru_ile_Antalyaya_giderken_1935-\u00e7ocuk-300x191.jpg 300w, https:\/\/epochtimestr.com\/wp-content\/uploads\/2011y\/Atat\u00fcrk_Ege_Vapuru_ile_Antalyaya_giderken_1935-\u00e7ocuk-768x490.jpg 768w, https:\/\/epochtimestr.com\/wp-content\/uploads\/2011y\/Atat\u00fcrk_Ege_Vapuru_ile_Antalyaya_giderken_1935-\u00e7ocuk.jpg 820w\" sizes=\"(max-width: 600px) 100vw, 600px\" \/><figcaption>Foto\u011fraf; Wikimedia Commons<\/figcaption><\/figure>\n","protected":false},"excerpt":{"rendered":"<p>Ulu \u00d6nder Mustafa Kemal Atat\u00fcrk&#8217;\u00fcn \u00e7ocuklara arma\u011fan etti\u011fi 23 Nisan Ulusal Egemenlik ve \u00c7ocuk Bayram\u0131, \u00fclke genelinde etkinliklerle kutlan\u0131yor. 23 Nisan 1920 tarihinde T\u00fcrkiye B\u00fcy\u00fck Millet Meclisi a\u00e7\u0131lm\u0131\u015f, T\u00fcrk halk\u0131 egemenli\u011fini ilan etmi\u015ftir. O g\u00fcnk\u00fc ilk toplant\u0131ya daha \u00f6nce belirlenen 337 milletvekilinden sadece 115&#8217;i kat\u0131labilmi\u015ftir. 23 Nisan 1924&#8217;te bu tarihin bayram olarak kutlanmas\u0131na karar verilmi\u015f [&hellip;]<\/p>\n","protected":false},"author":12791,"featured_media":121249,"comment_status":"closed","ping_status":"open","sticky":false,"template":"","format":"standard","meta":{"_yoast_wpseo_focuskw":"","_yoast_wpseo_title":"","_yoast_wpseo_metadesc":"","_bbp_topic_count":0,"_bbp_reply_count":0,"_bbp_total_topic_count":0,"_bbp_total_reply_count":0,"_bbp_voice_count":0,"_bbp_anonymous_reply_count":0,"_bbp_topic_count_hidden":0,"_bbp_reply_count_hidden":0,"_bbp_forum_subforum_count":0,"footnotes":"","_yoast_wpseo_focuskw_text_input":""},"categories":[1,37],"tags":[],"yoast_head":"<!-- This site is optimized with the Yoast SEO plugin v23.0 - https:\/\/yoast.com\/wordpress\/plugins\/seo\/ -->\n<title>23 Nisan Ulusal Egemenlik ve \u00c7ocuk Bayram\u0131 - The Epoch Times TR<\/title>\n<meta name=\"robots\" content=\"index, follow, max-snippet:-1, max-image-preview:large, max-video-preview:-1\" \/>\n<link rel=\"canonical\" href=\"https:\/\/epochtimestr.com\/index.php\/23-nisan-ulusal-egemenlik-ve-cocuk-bayrami\" \/>\n<meta property=\"og:locale\" content=\"tr_TR\" \/>\n<meta property=\"og:type\" content=\"article\" \/>\n<meta property=\"og:title\" content=\"23 Nisan Ulusal Egemenlik ve \u00c7ocuk Bayram\u0131 - The Epoch Times TR\" \/>\n<meta property=\"og:description\" content=\"Ulu \u00d6nder Mustafa Kemal Atat\u00fcrk&#8217;\u00fcn \u00e7ocuklara arma\u011fan etti\u011fi 23 Nisan Ulusal Egemenlik ve \u00c7ocuk Bayram\u0131, \u00fclke genelinde etkinliklerle kutlan\u0131yor. 23 Nisan 1920 tarihinde T\u00fcrkiye B\u00fcy\u00fck Millet Meclisi a\u00e7\u0131lm\u0131\u015f, T\u00fcrk halk\u0131 egemenli\u011fini ilan etmi\u015ftir. O g\u00fcnk\u00fc ilk toplant\u0131ya daha \u00f6nce belirlenen 337 milletvekilinden sadece 115&#8217;i kat\u0131labilmi\u015ftir. 23 Nisan 1924&#8217;te bu tarihin bayram olarak kutlanmas\u0131na karar verilmi\u015f [&hellip;]\" \/>\n<meta property=\"og:url\" content=\"https:\/\/epochtimestr.com\/index.php\/23-nisan-ulusal-egemenlik-ve-cocuk-bayrami\" \/>\n<meta property=\"og:site_name\" content=\"The Epoch Times TR\" \/>\n<meta property=\"article:publisher\" content=\"https:\/\/www.facebook.com\/theepochtimestr\" \/>\n<meta property=\"article:published_time\" content=\"2019-04-22T22:31:27+00:00\" \/>\n<meta property=\"article:modified_time\" content=\"2019-04-22T22:31:30+00:00\" \/>\n<meta property=\"og:image\" content=\"https:\/\/epochtimestr.com\/wp-content\/uploads\/2011y\/Ataturk-September_20_1928-alfabe.jpg\" \/>\n\t<meta property=\"og:image:width\" content=\"1460\" \/>\n\t<meta property=\"og:image:height\" content=\"1162\" \/>\n\t<meta property=\"og:image:type\" content=\"image\/jpeg\" \/>\n<meta name=\"author\" content=\"Haber Merkezi\" \/>\n<meta name=\"twitter:card\" content=\"summary_large_image\" \/>\n<meta name=\"twitter:creator\" content=\"@TheEpochTimesTR\" \/>\n<meta name=\"twitter:site\" content=\"@TheEpochTimesTR\" \/>\n<meta name=\"twitter:label1\" content=\"Yazan:\" \/>\n\t<meta name=\"twitter:data1\" content=\"Haber Merkezi\" \/>\n\t<meta name=\"twitter:label2\" content=\"Tahmini okuma s\u00fcresi\" \/>\n\t<meta name=\"twitter:data2\" content=\"1 dakika\" \/>\n<script type=\"application\/ld+json\" class=\"yoast-schema-graph\">{\"@context\":\"https:\/\/schema.org\",\"@graph\":[{\"@type\":\"Article\",\"@id\":\"https:\/\/epochtimestr.com\/index.php\/23-nisan-ulusal-egemenlik-ve-cocuk-bayrami#article\",\"isPartOf\":{\"@id\":\"https:\/\/epochtimestr.com\/index.php\/23-nisan-ulusal-egemenlik-ve-cocuk-bayrami\"},\"author\":{\"name\":\"Haber Merkezi\",\"@id\":\"https:\/\/epochtimestr.com\/#\/schema\/person\/3dc5c3adeb9f43923c5aa85889172fdd\"},\"headline\":\"23 Nisan Ulusal Egemenlik ve \u00c7ocuk Bayram\u0131\",\"datePublished\":\"2019-04-22T22:31:27+00:00\",\"dateModified\":\"2019-04-22T22:31:30+00:00\",\"mainEntityOfPage\":{\"@id\":\"https:\/\/epochtimestr.com\/index.php\/23-nisan-ulusal-egemenlik-ve-cocuk-bayrami\"},\"wordCount\":220,\"publisher\":{\"@id\":\"https:\/\/epochtimestr.com\/#organization\"},\"image\":{\"@id\":\"https:\/\/epochtimestr.com\/index.php\/23-nisan-ulusal-egemenlik-ve-cocuk-bayrami#primaryimage\"},\"thumbnailUrl\":\"https:\/\/epochtimestr.com\/wp-content\/uploads\/2011y\/Ataturk-September_20_1928-alfabe.jpg\",\"articleSection\":[\"G\u00dcNDEM\",\"T\u00dcRK\u0130YE\"],\"inLanguage\":\"tr\"},{\"@type\":\"WebPage\",\"@id\":\"https:\/\/epochtimestr.com\/index.php\/23-nisan-ulusal-egemenlik-ve-cocuk-bayrami\",\"url\":\"https:\/\/epochtimestr.com\/index.php\/23-nisan-ulusal-egemenlik-ve-cocuk-bayrami\",\"name\":\"23 Nisan Ulusal Egemenlik ve \u00c7ocuk Bayram\u0131 - The Epoch Times TR\",\"isPartOf\":{\"@id\":\"https:\/\/epochtimestr.com\/#website\"},\"primaryImageOfPage\":{\"@id\":\"https:\/\/epochtimestr.com\/index.php\/23-nisan-ulusal-egemenlik-ve-cocuk-bayrami#primaryimage\"},\"image\":{\"@id\":\"https:\/\/epochtimestr.com\/index.php\/23-nisan-ulusal-egemenlik-ve-cocuk-bayrami#primaryimage\"},\"thumbnailUrl\":\"https:\/\/epochtimestr.com\/wp-content\/uploads\/2011y\/Ataturk-September_20_1928-alfabe.jpg\",\"datePublished\":\"2019-04-22T22:31:27+00:00\",\"dateModified\":\"2019-04-22T22:31:30+00:00\",\"inLanguage\":\"tr\",\"potentialAction\":[{\"@type\":\"ReadAction\",\"target\":[\"https:\/\/epochtimestr.com\/index.php\/23-nisan-ulusal-egemenlik-ve-cocuk-bayrami\"]}]},{\"@type\":\"ImageObject\",\"inLanguage\":\"tr\",\"@id\":\"https:\/\/epochtimestr.com\/index.php\/23-nisan-ulusal-egemenlik-ve-cocuk-bayrami#primaryimage\",\"url\":\"https:\/\/epochtimestr.com\/wp-content\/uploads\/2011y\/Ataturk-September_20_1928-alfabe.jpg\",\"contentUrl\":\"https:\/\/epochtimestr.com\/wp-content\/uploads\/2011y\/Ataturk-September_20_1928-alfabe.jpg\",\"width\":1460,\"height\":1162},{\"@type\":\"WebSite\",\"@id\":\"https:\/\/epochtimestr.com\/#website\",\"url\":\"https:\/\/epochtimestr.com\/\",\"name\":\"The Epoch Times TR\",\"description\":\"De\u011fi\u015fen D\u00fcnyam\u0131za Taze Bir Bak\u0131\u015f\",\"publisher\":{\"@id\":\"https:\/\/epochtimestr.com\/#organization\"},\"potentialAction\":[{\"@type\":\"SearchAction\",\"target\":{\"@type\":\"EntryPoint\",\"urlTemplate\":\"https:\/\/epochtimestr.com\/?s={search_term_string}\"},\"query-input\":\"required name=search_term_string\"}],\"inLanguage\":\"tr\"},{\"@type\":\"Organization\",\"@id\":\"https:\/\/epochtimestr.com\/#organization\",\"name\":\"The EpochTimes T\u00fcrkiye\",\"url\":\"https:\/\/epochtimestr.com\/\",\"logo\":{\"@type\":\"ImageObject\",\"inLanguage\":\"tr\",\"@id\":\"https:\/\/epochtimestr.com\/#\/schema\/logo\/image\/\",\"url\":\"https:\/\/epochtimestr.com\/wp-content\/uploads\/2011y\/ET-Logo-YG.jpg\",\"contentUrl\":\"https:\/\/epochtimestr.com\/wp-content\/uploads\/2011y\/ET-Logo-YG.jpg\",\"width\":346,\"height\":29,\"caption\":\"The EpochTimes T\u00fcrkiye\"},\"image\":{\"@id\":\"https:\/\/epochtimestr.com\/#\/schema\/logo\/image\/\"},\"sameAs\":[\"https:\/\/www.facebook.com\/theepochtimestr\",\"https:\/\/x.com\/TheEpochTimesTR\",\"https:\/\/www.instagram.com\/epochtimestr\"]},{\"@type\":\"Person\",\"@id\":\"https:\/\/epochtimestr.com\/#\/schema\/person\/3dc5c3adeb9f43923c5aa85889172fdd\",\"name\":\"Haber Merkezi\",\"image\":{\"@type\":\"ImageObject\",\"inLanguage\":\"tr\",\"@id\":\"https:\/\/epochtimestr.com\/#\/schema\/person\/image\/\",\"url\":\"https:\/\/secure.gravatar.com\/avatar\/d73f772ba5a74f28601361e17c2f93e6?s=96&d=mm&r=g\",\"contentUrl\":\"https:\/\/secure.gravatar.com\/avatar\/d73f772ba5a74f28601361e17c2f93e6?s=96&d=mm&r=g\",\"caption\":\"Haber Merkezi\"},\"url\":\"https:\/\/epochtimestr.com\/index.php\/author\/sendag\"}]}<\/script>\n<!-- \/ Yoast SEO plugin. -->","yoast_head_json":{"title":"23 Nisan Ulusal Egemenlik ve \u00c7ocuk Bayram\u0131 - The Epoch Times TR","robots":{"index":"index","follow":"follow","max-snippet":"max-snippet:-1","max-image-preview":"max-image-preview:large","max-video-preview":"max-video-preview:-1"},"canonical":"https:\/\/epochtimestr.com\/index.php\/23-nisan-ulusal-egemenlik-ve-cocuk-bayrami","og_locale":"tr_TR","og_type":"article","og_title":"23 Nisan Ulusal Egemenlik ve \u00c7ocuk Bayram\u0131 - The Epoch Times TR","og_description":"Ulu \u00d6nder Mustafa Kemal Atat\u00fcrk&#8217;\u00fcn \u00e7ocuklara arma\u011fan etti\u011fi 23 Nisan Ulusal Egemenlik ve \u00c7ocuk Bayram\u0131, \u00fclke genelinde etkinliklerle kutlan\u0131yor. 23 Nisan 1920 tarihinde T\u00fcrkiye B\u00fcy\u00fck Millet Meclisi a\u00e7\u0131lm\u0131\u015f, T\u00fcrk halk\u0131 egemenli\u011fini ilan etmi\u015ftir. O g\u00fcnk\u00fc ilk toplant\u0131ya daha \u00f6nce belirlenen 337 milletvekilinden sadece 115&#8217;i kat\u0131labilmi\u015ftir. 23 Nisan 1924&#8217;te bu tarihin bayram olarak kutlanmas\u0131na karar verilmi\u015f [&hellip;]","og_url":"https:\/\/epochtimestr.com\/index.php\/23-nisan-ulusal-egemenlik-ve-cocuk-bayrami","og_site_name":"The Epoch Times TR","article_publisher":"https:\/\/www.facebook.com\/theepochtimestr","article_published_time":"2019-04-22T22:31:27+00:00","article_modified_time":"2019-04-22T22:31:30+00:00","og_image":[{"width":1460,"height":1162,"url":"https:\/\/epochtimestr.com\/wp-content\/uploads\/2011y\/Ataturk-September_20_1928-alfabe.jpg","type":"image\/jpeg"}],"author":"Haber Merkezi","twitter_card":"summary_large_image","twitter_creator":"@TheEpochTimesTR","twitter_site":"@TheEpochTimesTR","twitter_misc":{"Yazan:":"Haber Merkezi","Tahmini okuma s\u00fcresi":"1 dakika"},"schema":{"@context":"https:\/\/schema.org","@graph":[{"@type":"Article","@id":"https:\/\/epochtimestr.com\/index.php\/23-nisan-ulusal-egemenlik-ve-cocuk-bayrami#article","isPartOf":{"@id":"https:\/\/epochtimestr.com\/index.php\/23-nisan-ulusal-egemenlik-ve-cocuk-bayrami"},"author":{"name":"Haber Merkezi","@id":"https:\/\/epochtimestr.com\/#\/schema\/person\/3dc5c3adeb9f43923c5aa85889172fdd"},"headline":"23 Nisan Ulusal Egemenlik ve \u00c7ocuk Bayram\u0131","datePublished":"2019-04-22T22:31:27+00:00","dateModified":"2019-04-22T22:31:30+00:00","mainEntityOfPage":{"@id":"https:\/\/epochtimestr.com\/index.php\/23-nisan-ulusal-egemenlik-ve-cocuk-bayrami"},"wordCount":220,"publisher":{"@id":"https:\/\/epochtimestr.com\/#organization"},"image":{"@id":"https:\/\/epochtimestr.com\/index.php\/23-nisan-ulusal-egemenlik-ve-cocuk-bayrami#primaryimage"},"thumbnailUrl":"https:\/\/epochtimestr.com\/wp-content\/uploads\/2011y\/Ataturk-September_20_1928-alfabe.jpg","articleSection":["G\u00dcNDEM","T\u00dcRK\u0130YE"],"inLanguage":"tr"},{"@type":"WebPage","@id":"https:\/\/epochtimestr.com\/index.php\/23-nisan-ulusal-egemenlik-ve-cocuk-bayrami","url":"https:\/\/epochtimestr.com\/index.php\/23-nisan-ulusal-egemenlik-ve-cocuk-bayrami","name":"23 Nisan Ulusal Egemenlik ve \u00c7ocuk Bayram\u0131 - The Epoch Times TR","isPartOf":{"@id":"https:\/\/epochtimestr.com\/#website"},"primaryImageOfPage":{"@id":"https:\/\/epochtimestr.com\/index.php\/23-nisan-ulusal-egemenlik-ve-cocuk-bayrami#primaryimage"},"image":{"@id":"https:\/\/epochtimestr.com\/index.php\/23-nisan-ulusal-egemenlik-ve-cocuk-bayrami#primaryimage"},"thumbnailUrl":"https:\/\/epochtimestr.com\/wp-content\/uploads\/2011y\/Ataturk-September_20_1928-alfabe.jpg","datePublished":"2019-04-22T22:31:27+00:00","dateModified":"2019-04-22T22:31:30+00:00","inLanguage":"tr","potentialAction":[{"@type":"ReadAction","target":["https:\/\/epochtimestr.com\/index.php\/23-nisan-ulusal-egemenlik-ve-cocuk-bayrami"]}]},{"@type":"ImageObject","inLanguage":"tr","@id":"https:\/\/epochtimestr.com\/index.php\/23-nisan-ulusal-egemenlik-ve-cocuk-bayrami#primaryimage","url":"https:\/\/epochtimestr.com\/wp-content\/uploads\/2011y\/Ataturk-September_20_1928-alfabe.jpg","contentUrl":"https:\/\/epochtimestr.com\/wp-content\/uploads\/2011y\/Ataturk-September_20_1928-alfabe.jpg","width":1460,"height":1162},{"@type":"WebSite","@id":"https:\/\/epochtimestr.com\/#website","url":"https:\/\/epochtimestr.com\/","name":"The Epoch Times TR","description":"De\u011fi\u015fen D\u00fcnyam\u0131za Taze Bir Bak\u0131\u015f","publisher":{"@id":"https:\/\/epochtimestr.com\/#organization"},"potentialAction":[{"@type":"SearchAction","target":{"@type":"EntryPoint","urlTemplate":"https:\/\/epochtimestr.com\/?s={search_term_string}"},"query-input":"required name=search_term_string"}],"inLanguage":"tr"},{"@type":"Organization","@id":"https:\/\/epochtimestr.com\/#organization","name":"The EpochTimes T\u00fcrkiye","url":"https:\/\/epochtimestr.com\/","logo":{"@type":"ImageObject","inLanguage":"tr","@id":"https:\/\/epochtimestr.com\/#\/schema\/logo\/image\/","url":"https:\/\/epochtimestr.com\/wp-content\/uploads\/2011y\/ET-Logo-YG.jpg","contentUrl":"https:\/\/epochtimestr.com\/wp-content\/uploads\/2011y\/ET-Logo-YG.jpg","width":346,"height":29,"caption":"The EpochTimes T\u00fcrkiye"},"image":{"@id":"https:\/\/epochtimestr.com\/#\/schema\/logo\/image\/"},"sameAs":["https:\/\/www.facebook.com\/theepochtimestr","https:\/\/x.com\/TheEpochTimesTR","https:\/\/www.instagram.com\/epochtimestr"]},{"@type":"Person","@id":"https:\/\/epochtimestr.com\/#\/schema\/person\/3dc5c3adeb9f43923c5aa85889172fdd","name":"Haber Merkezi","image":{"@type":"ImageObject","inLanguage":"tr","@id":"https:\/\/epochtimestr.com\/#\/schema\/person\/image\/","url":"https:\/\/secure.gravatar.com\/avatar\/d73f772ba5a74f28601361e17c2f93e6?s=96&d=mm&r=g","contentUrl":"https:\/\/secure.gravatar.com\/avatar\/d73f772ba5a74f28601361e17c2f93e6?s=96&d=mm&r=g","caption":"Haber Merkezi"},"url":"https:\/\/epochtimestr.com\/index.php\/author\/sendag"}]}},"_links":{"self":[{"href":"https:\/\/epochtimestr.com\/index.php\/wp-json\/wp\/v2\/posts\/121246"}],"collection":[{"href":"https:\/\/epochtimestr.com\/index.php\/wp-json\/wp\/v2\/posts"}],"about":[{"href":"https:\/\/epochtimestr.com\/index.php\/wp-json\/wp\/v2\/types\/post"}],"author":[{"embeddable":true,"href":"https:\/\/epochtimestr.com\/index.php\/wp-json\/wp\/v2\/users\/12791"}],"replies":[{"embeddable":true,"href":"https:\/\/epochtimestr.com\/index.php\/wp-json\/wp\/v2\/comments?post=121246"}],"version-history":[{"count":1,"href":"https:\/\/epochtimestr.com\/index.php\/wp-json\/wp\/v2\/posts\/121246\/revisions"}],"predecessor-version":[{"id":121252,"href":"https:\/\/epochtimestr.com\/index.php\/wp-json\/wp\/v2\/posts\/121246\/revisions\/121252"}],"wp:featuredmedia":[{"embeddable":true,"href":"https:\/\/epochtimestr.com\/index.php\/wp-json\/wp\/v2\/media\/121249"}],"wp:attachment":[{"href":"https:\/\/epochtimestr.com\/index.php\/wp-json\/wp\/v2\/media?parent=121246"}],"wp:term":[{"taxonomy":"category","embeddable":true,"href":"https:\/\/epochtimestr.com\/index.php\/wp-json\/wp\/v2\/categories?post=121246"},{"taxonomy":"post_tag","embeddable":true,"href":"https:\/\/epochtimestr.com\/index.php\/wp-json\/wp\/v2\/tags?post=121246"}],"curies":[{"name":"wp","href":"https:\/\/api.w.org\/{rel}","templated":true}]}}