{"id":121627,"date":"2019-05-26T01:26:53","date_gmt":"2019-05-25T22:26:53","guid":{"rendered":"http:\/\/epochtimestr.com\/?p=121627"},"modified":"2019-05-26T18:01:10","modified_gmt":"2019-05-26T15:01:10","slug":"david-ve-goliath-cesaret-ve-inancin-hikayesi","status":"publish","type":"post","link":"https:\/\/epochtimestr.com\/index.php\/david-ve-goliath-cesaret-ve-inancin-hikayesi","title":{"rendered":"David ve Goliath; Cesaret ve \u0130nanc\u0131n Hikayesi"},"content":{"rendered":"\n<figure class=\"wp-block-image\"><img loading=\"lazy\" decoding=\"async\" width=\"533\" height=\"400\" src=\"https:\/\/epochtimestr.com\/wp-content\/uploads\/2011y\/David-Michelangelo-533x400.jpg\" alt=\"\" class=\"wp-image-121629\" srcset=\"https:\/\/epochtimestr.com\/wp-content\/uploads\/2011y\/David-Michelangelo-533x400.jpg 533w, https:\/\/epochtimestr.com\/wp-content\/uploads\/2011y\/David-Michelangelo-150x113.jpg 150w, https:\/\/epochtimestr.com\/wp-content\/uploads\/2011y\/David-Michelangelo-300x225.jpg 300w, https:\/\/epochtimestr.com\/wp-content\/uploads\/2011y\/David-Michelangelo-768x576.jpg 768w, https:\/\/epochtimestr.com\/wp-content\/uploads\/2011y\/David-Michelangelo-86x64.jpg 86w, https:\/\/epochtimestr.com\/wp-content\/uploads\/2011y\/David-Michelangelo.jpg 960w\" sizes=\"(max-width: 533px) 100vw, 533px\" \/><figcaption>Foto\u011fraf; Pixabay<\/figcaption><\/figure>\n\n\n\n<p>\u0130srail Krall\u0131\u011f\u0131&#8217;n\u0131n 3.000 y\u0131l \u00f6ncesine dayanan hikayesinde, savunmas\u0131z bir \u00e7oban ve z\u0131rh\u0131n\u0131 giymi\u015f bir devin d\u00fcellosu anlat\u0131l\u0131yor.<br \/><br \/>K\u0131y\u0131 d\u00fczl\u00fcklerinde ya\u015fayan \u0130srail Krall\u0131\u011f\u0131n\u0131n en b\u00fcy\u00fck d\u00fc\u015fman\u0131 Filistinliler, \u0130srail Krall\u0131\u011f\u0131n\u0131 ikiye b\u00f6lmek isterler. Bunun \u00fczerine \u0130srailliler da\u011flardan iner ve Filistinlilerle y\u00fcz y\u00fcze gelirler.<br \/><br \/>Aralar\u0131nda bulunan vadiler y\u00fcz\u00fcnden haftalar boyu sadece kar\u015f\u0131l\u0131kl\u0131 otururlar asla sava\u015famazlar. Bulunduklar\u0131 bu durumu \u00e7\u00f6z\u00fcme kavu\u015fturabilmek i\u00e7in Filistinliler en g\u00fc\u00e7l\u00fc sava\u015f\u00e7\u0131s\u0131n\u0131 vadi taban\u0131na g\u00f6nderirler ve d\u00fcelloya davet ederler;<br \/><br \/>&#8220;En g\u00fc\u00e7l\u00fc sava\u015f\u00e7\u0131n\u0131z\u0131 a\u015fa\u011f\u0131 yollay\u0131n ve biz bunu \u00e7\u00f6zece\u011fiz, sadece ikimiz.&#8221; <br \/><br \/>A\u015fa\u011f\u0131 g\u00f6nderilen sava\u015f\u00e7\u0131 ise ba\u015ftan a\u015fa\u011f\u0131 parlak bronz z\u0131rhla b\u00fcr\u00fcnm\u00fc\u015f, bir k\u0131l\u0131ca, cirite ve m\u0131zra\u011fa sahip bir devdir. <br \/><br \/>Hi\u00e7 bir \u0130srail askeri ileri ad\u0131m atmaya cesaret edemez. \u00d6ne \u00e7\u0131kan tek biri vard\u0131r, o da gen\u00e7 bir \u00e7oband\u0131r. Y\u0131llar boyu koyunlar\u0131n\u0131 kurtlardan koruyan bu gen\u00e7 \u00e7oban, t\u00fcm askerlerin aras\u0131ndan \u00e7\u0131karak &#8220;Bence yapabilirim.&#8221; der. <br \/><br \/>\u00c7oban\u0131n ismi David&#8217;dir.<br \/><br \/>David&#8217;in elinde sadece koyunlar\u0131yla y\u00fcr\u00fcrken kulland\u0131\u011f\u0131 asas\u0131 vard\u0131r ve bir de sapan\u0131.  Dev, bu k\u00fc\u00e7\u00fck adama \u015fa\u015fk\u0131nl\u0131kla bakar ve alayl\u0131 s\u00f6zleriyle kar\u015f\u0131l\u0131k verir.  David, cebindeki ta\u015f\u0131 al\u0131r, sapan\u0131na koyar ve f\u0131rlat\u0131r. Ta\u015f, devin tam olarak g\u00f6zlerinin ortas\u0131na \u00e7arpar ve bilin\u00e7siz bir \u015fekilde yere serilir. David h\u0131zl\u0131ca deve ko\u015far, k\u0131l\u0131c\u0131n\u0131 al\u0131r ve devin kafas\u0131n\u0131 keser. <br \/><br \/><strong>David&nbsp;Heykeli<\/strong><br \/><br \/>\u0130talyan r\u00f6nesans d\u00f6nemi ressam, heykelt\u0131ra\u015f Michelangelo Buonarrotti Simoni taraf\u0131ndan 1501 y\u0131l\u0131nda Davud heykelinin yap\u0131m\u0131na ba\u015flanm\u0131\u015f 1504 y\u0131l\u0131nda tamamlanm\u0131\u015ft\u0131r. David heykeli, Floransa&#8217;da Galleria Dell&#8217;accademia&#8217;da sergilenmesi sayesinde her y\u0131l 8 milyondan fazla ziyaret\u00e7i \u00e7ekiyor.    <\/p>\n\n\n\n<figure class=\"wp-block-image\"><img loading=\"lazy\" decoding=\"async\" width=\"600\" height=\"383\" src=\"https:\/\/epochtimestr.com\/wp-content\/uploads\/2011y\/michelangelo-David-600x383.jpg\" alt=\"\" class=\"wp-image-121630\" srcset=\"https:\/\/epochtimestr.com\/wp-content\/uploads\/2011y\/michelangelo-David-600x383.jpg 600w, https:\/\/epochtimestr.com\/wp-content\/uploads\/2011y\/michelangelo-David-150x96.jpg 150w, https:\/\/epochtimestr.com\/wp-content\/uploads\/2011y\/michelangelo-David-300x192.jpg 300w, https:\/\/epochtimestr.com\/wp-content\/uploads\/2011y\/michelangelo-David-768x490.jpg 768w, https:\/\/epochtimestr.com\/wp-content\/uploads\/2011y\/michelangelo-David.jpg 1992w\" sizes=\"(max-width: 600px) 100vw, 600px\" \/><figcaption>Foto\u011fraf; Epoch Times<\/figcaption><\/figure>\n\n\n\n<p> Malcolm Gladwell hikayeyi, t\u00fcm detay\u0131 ve ana temas\u0131yla anlatarak dinleyicileri ayd\u0131nlat\u0131yor. <br \/><br \/><\/p>\n\n\n\n<figure class=\"wp-block-embed-ted wp-block-embed is-type-video is-provider-ted wp-embed-aspect-16-9 wp-has-aspect-ratio\"><div class=\"wp-block-embed__wrapper\">\n<iframe loading=\"lazy\" src=\"https:\/\/embed.ted.com\/talks\/lang\/tr\/malcolm_gladwell_the_unheard_story_of_david_and_goliath\" width=\"1170\" height=\"659\" frameborder=\"0\" scrolling=\"no\" webkitAllowFullScreen mozallowfullscreen allowFullScreen><\/iframe>\n<\/div><figcaption>(T\u00fcrk\u00e7e altyaz\u0131 se\u00e7imi i\u00e7in sa\u011f alt k\u00f6\u015fedeki simgeye t\u0131klayabilirsiniz.)<\/figcaption><\/figure>\n","protected":false},"excerpt":{"rendered":"<p>\u0130srail Krall\u0131\u011f\u0131&#8217;n\u0131n 3.000 y\u0131l \u00f6ncesine dayanan hikayesinde, savunmas\u0131z bir \u00e7oban ve z\u0131rh\u0131n\u0131 giymi\u015f bir devin d\u00fcellosu anlat\u0131l\u0131yor. K\u0131y\u0131 d\u00fczl\u00fcklerinde ya\u015fayan \u0130srail Krall\u0131\u011f\u0131n\u0131n en b\u00fcy\u00fck d\u00fc\u015fman\u0131 Filistinliler, \u0130srail Krall\u0131\u011f\u0131n\u0131 ikiye b\u00f6lmek isterler. Bunun \u00fczerine \u0130srailliler da\u011flardan iner ve Filistinlilerle y\u00fcz y\u00fcze gelirler. Aralar\u0131nda bulunan vadiler y\u00fcz\u00fcnden haftalar boyu sadece kar\u015f\u0131l\u0131kl\u0131 otururlar asla sava\u015famazlar. Bulunduklar\u0131 bu durumu [&hellip;]<\/p>\n","protected":false},"author":12791,"featured_media":121629,"comment_status":"closed","ping_status":"open","sticky":false,"template":"","format":"standard","meta":{"_yoast_wpseo_focuskw":"","_yoast_wpseo_title":"","_yoast_wpseo_metadesc":"","_bbp_topic_count":0,"_bbp_reply_count":0,"_bbp_total_topic_count":0,"_bbp_total_reply_count":0,"_bbp_voice_count":0,"_bbp_anonymous_reply_count":0,"_bbp_topic_count_hidden":0,"_bbp_reply_count_hidden":0,"_bbp_forum_subforum_count":0,"footnotes":"","_yoast_wpseo_focuskw_text_input":""},"categories":[5,519,16],"tags":[],"yoast_head":"<!-- This site is optimized with the Yoast SEO plugin v23.0 - https:\/\/yoast.com\/wordpress\/plugins\/seo\/ -->\n<title>David ve Goliath; Cesaret ve \u0130nanc\u0131n Hikayesi - The Epoch Times TR<\/title>\n<meta name=\"robots\" content=\"index, follow, max-snippet:-1, max-image-preview:large, max-video-preview:-1\" \/>\n<link rel=\"canonical\" href=\"https:\/\/epochtimestr.com\/index.php\/david-ve-goliath-cesaret-ve-inancin-hikayesi\" \/>\n<meta property=\"og:locale\" content=\"tr_TR\" \/>\n<meta property=\"og:type\" content=\"article\" \/>\n<meta property=\"og:title\" content=\"David ve Goliath; Cesaret ve \u0130nanc\u0131n Hikayesi - The Epoch Times TR\" \/>\n<meta property=\"og:description\" content=\"\u0130srail Krall\u0131\u011f\u0131&#8217;n\u0131n 3.000 y\u0131l \u00f6ncesine dayanan hikayesinde, savunmas\u0131z bir \u00e7oban ve z\u0131rh\u0131n\u0131 giymi\u015f bir devin d\u00fcellosu anlat\u0131l\u0131yor. K\u0131y\u0131 d\u00fczl\u00fcklerinde ya\u015fayan \u0130srail Krall\u0131\u011f\u0131n\u0131n en b\u00fcy\u00fck d\u00fc\u015fman\u0131 Filistinliler, \u0130srail Krall\u0131\u011f\u0131n\u0131 ikiye b\u00f6lmek isterler. Bunun \u00fczerine \u0130srailliler da\u011flardan iner ve Filistinlilerle y\u00fcz y\u00fcze gelirler. Aralar\u0131nda bulunan vadiler y\u00fcz\u00fcnden haftalar boyu sadece kar\u015f\u0131l\u0131kl\u0131 otururlar asla sava\u015famazlar. Bulunduklar\u0131 bu durumu [&hellip;]\" \/>\n<meta property=\"og:url\" content=\"https:\/\/epochtimestr.com\/index.php\/david-ve-goliath-cesaret-ve-inancin-hikayesi\" \/>\n<meta property=\"og:site_name\" content=\"The Epoch Times TR\" \/>\n<meta property=\"article:publisher\" content=\"https:\/\/www.facebook.com\/theepochtimestr\" \/>\n<meta property=\"article:published_time\" content=\"2019-05-25T22:26:53+00:00\" \/>\n<meta property=\"article:modified_time\" content=\"2019-05-26T15:01:10+00:00\" \/>\n<meta property=\"og:image\" content=\"https:\/\/epochtimestr.com\/wp-content\/uploads\/2011y\/David-Michelangelo.jpg\" \/>\n\t<meta property=\"og:image:width\" content=\"960\" \/>\n\t<meta property=\"og:image:height\" content=\"720\" \/>\n\t<meta property=\"og:image:type\" content=\"image\/jpeg\" \/>\n<meta name=\"author\" content=\"Haber Merkezi\" \/>\n<meta name=\"twitter:card\" content=\"summary_large_image\" \/>\n<meta name=\"twitter:creator\" content=\"@TheEpochTimesTR\" \/>\n<meta name=\"twitter:site\" content=\"@TheEpochTimesTR\" \/>\n<meta name=\"twitter:label1\" content=\"Yazan:\" \/>\n\t<meta name=\"twitter:data1\" content=\"Haber Merkezi\" \/>\n\t<meta name=\"twitter:label2\" content=\"Tahmini okuma s\u00fcresi\" \/>\n\t<meta name=\"twitter:data2\" content=\"2 dakika\" \/>\n<script type=\"application\/ld+json\" class=\"yoast-schema-graph\">{\"@context\":\"https:\/\/schema.org\",\"@graph\":[{\"@type\":\"Article\",\"@id\":\"https:\/\/epochtimestr.com\/index.php\/david-ve-goliath-cesaret-ve-inancin-hikayesi#article\",\"isPartOf\":{\"@id\":\"https:\/\/epochtimestr.com\/index.php\/david-ve-goliath-cesaret-ve-inancin-hikayesi\"},\"author\":{\"name\":\"Haber Merkezi\",\"@id\":\"https:\/\/epochtimestr.com\/#\/schema\/person\/3dc5c3adeb9f43923c5aa85889172fdd\"},\"headline\":\"David ve Goliath; Cesaret ve \u0130nanc\u0131n Hikayesi\",\"datePublished\":\"2019-05-25T22:26:53+00:00\",\"dateModified\":\"2019-05-26T15:01:10+00:00\",\"mainEntityOfPage\":{\"@id\":\"https:\/\/epochtimestr.com\/index.php\/david-ve-goliath-cesaret-ve-inancin-hikayesi\"},\"wordCount\":386,\"publisher\":{\"@id\":\"https:\/\/epochtimestr.com\/#organization\"},\"image\":{\"@id\":\"https:\/\/epochtimestr.com\/index.php\/david-ve-goliath-cesaret-ve-inancin-hikayesi#primaryimage\"},\"thumbnailUrl\":\"https:\/\/epochtimestr.com\/wp-content\/uploads\/2011y\/David-Michelangelo.jpg\",\"articleSection\":[\"D\u00dcNYA\",\"ED\u0130T\u00d6R\u00dcN SE\u00c7\u0130M\u0130\",\"SANAT ve K\u00dcLT\u00dcR\"],\"inLanguage\":\"tr\"},{\"@type\":\"WebPage\",\"@id\":\"https:\/\/epochtimestr.com\/index.php\/david-ve-goliath-cesaret-ve-inancin-hikayesi\",\"url\":\"https:\/\/epochtimestr.com\/index.php\/david-ve-goliath-cesaret-ve-inancin-hikayesi\",\"name\":\"David ve Goliath; Cesaret ve \u0130nanc\u0131n Hikayesi - The Epoch Times TR\",\"isPartOf\":{\"@id\":\"https:\/\/epochtimestr.com\/#website\"},\"primaryImageOfPage\":{\"@id\":\"https:\/\/epochtimestr.com\/index.php\/david-ve-goliath-cesaret-ve-inancin-hikayesi#primaryimage\"},\"image\":{\"@id\":\"https:\/\/epochtimestr.com\/index.php\/david-ve-goliath-cesaret-ve-inancin-hikayesi#primaryimage\"},\"thumbnailUrl\":\"https:\/\/epochtimestr.com\/wp-content\/uploads\/2011y\/David-Michelangelo.jpg\",\"datePublished\":\"2019-05-25T22:26:53+00:00\",\"dateModified\":\"2019-05-26T15:01:10+00:00\",\"inLanguage\":\"tr\",\"potentialAction\":[{\"@type\":\"ReadAction\",\"target\":[\"https:\/\/epochtimestr.com\/index.php\/david-ve-goliath-cesaret-ve-inancin-hikayesi\"]}]},{\"@type\":\"ImageObject\",\"inLanguage\":\"tr\",\"@id\":\"https:\/\/epochtimestr.com\/index.php\/david-ve-goliath-cesaret-ve-inancin-hikayesi#primaryimage\",\"url\":\"https:\/\/epochtimestr.com\/wp-content\/uploads\/2011y\/David-Michelangelo.jpg\",\"contentUrl\":\"https:\/\/epochtimestr.com\/wp-content\/uploads\/2011y\/David-Michelangelo.jpg\",\"width\":960,\"height\":720},{\"@type\":\"WebSite\",\"@id\":\"https:\/\/epochtimestr.com\/#website\",\"url\":\"https:\/\/epochtimestr.com\/\",\"name\":\"The Epoch Times TR\",\"description\":\"De\u011fi\u015fen D\u00fcnyam\u0131za Taze Bir Bak\u0131\u015f\",\"publisher\":{\"@id\":\"https:\/\/epochtimestr.com\/#organization\"},\"potentialAction\":[{\"@type\":\"SearchAction\",\"target\":{\"@type\":\"EntryPoint\",\"urlTemplate\":\"https:\/\/epochtimestr.com\/?s={search_term_string}\"},\"query-input\":\"required name=search_term_string\"}],\"inLanguage\":\"tr\"},{\"@type\":\"Organization\",\"@id\":\"https:\/\/epochtimestr.com\/#organization\",\"name\":\"The EpochTimes T\u00fcrkiye\",\"url\":\"https:\/\/epochtimestr.com\/\",\"logo\":{\"@type\":\"ImageObject\",\"inLanguage\":\"tr\",\"@id\":\"https:\/\/epochtimestr.com\/#\/schema\/logo\/image\/\",\"url\":\"https:\/\/epochtimestr.com\/wp-content\/uploads\/2011y\/ET-Logo-YG.jpg\",\"contentUrl\":\"https:\/\/epochtimestr.com\/wp-content\/uploads\/2011y\/ET-Logo-YG.jpg\",\"width\":346,\"height\":29,\"caption\":\"The EpochTimes T\u00fcrkiye\"},\"image\":{\"@id\":\"https:\/\/epochtimestr.com\/#\/schema\/logo\/image\/\"},\"sameAs\":[\"https:\/\/www.facebook.com\/theepochtimestr\",\"https:\/\/x.com\/TheEpochTimesTR\",\"https:\/\/www.instagram.com\/epochtimestr\"]},{\"@type\":\"Person\",\"@id\":\"https:\/\/epochtimestr.com\/#\/schema\/person\/3dc5c3adeb9f43923c5aa85889172fdd\",\"name\":\"Haber Merkezi\",\"image\":{\"@type\":\"ImageObject\",\"inLanguage\":\"tr\",\"@id\":\"https:\/\/epochtimestr.com\/#\/schema\/person\/image\/\",\"url\":\"https:\/\/secure.gravatar.com\/avatar\/d73f772ba5a74f28601361e17c2f93e6?s=96&d=mm&r=g\",\"contentUrl\":\"https:\/\/secure.gravatar.com\/avatar\/d73f772ba5a74f28601361e17c2f93e6?s=96&d=mm&r=g\",\"caption\":\"Haber Merkezi\"},\"url\":\"https:\/\/epochtimestr.com\/index.php\/author\/sendag\"}]}<\/script>\n<!-- \/ Yoast SEO plugin. -->","yoast_head_json":{"title":"David ve Goliath; Cesaret ve \u0130nanc\u0131n Hikayesi - The Epoch Times TR","robots":{"index":"index","follow":"follow","max-snippet":"max-snippet:-1","max-image-preview":"max-image-preview:large","max-video-preview":"max-video-preview:-1"},"canonical":"https:\/\/epochtimestr.com\/index.php\/david-ve-goliath-cesaret-ve-inancin-hikayesi","og_locale":"tr_TR","og_type":"article","og_title":"David ve Goliath; Cesaret ve \u0130nanc\u0131n Hikayesi - The Epoch Times TR","og_description":"\u0130srail Krall\u0131\u011f\u0131&#8217;n\u0131n 3.000 y\u0131l \u00f6ncesine dayanan hikayesinde, savunmas\u0131z bir \u00e7oban ve z\u0131rh\u0131n\u0131 giymi\u015f bir devin d\u00fcellosu anlat\u0131l\u0131yor. K\u0131y\u0131 d\u00fczl\u00fcklerinde ya\u015fayan \u0130srail Krall\u0131\u011f\u0131n\u0131n en b\u00fcy\u00fck d\u00fc\u015fman\u0131 Filistinliler, \u0130srail Krall\u0131\u011f\u0131n\u0131 ikiye b\u00f6lmek isterler. Bunun \u00fczerine \u0130srailliler da\u011flardan iner ve Filistinlilerle y\u00fcz y\u00fcze gelirler. Aralar\u0131nda bulunan vadiler y\u00fcz\u00fcnden haftalar boyu sadece kar\u015f\u0131l\u0131kl\u0131 otururlar asla sava\u015famazlar. Bulunduklar\u0131 bu durumu [&hellip;]","og_url":"https:\/\/epochtimestr.com\/index.php\/david-ve-goliath-cesaret-ve-inancin-hikayesi","og_site_name":"The Epoch Times TR","article_publisher":"https:\/\/www.facebook.com\/theepochtimestr","article_published_time":"2019-05-25T22:26:53+00:00","article_modified_time":"2019-05-26T15:01:10+00:00","og_image":[{"width":960,"height":720,"url":"https:\/\/epochtimestr.com\/wp-content\/uploads\/2011y\/David-Michelangelo.jpg","type":"image\/jpeg"}],"author":"Haber Merkezi","twitter_card":"summary_large_image","twitter_creator":"@TheEpochTimesTR","twitter_site":"@TheEpochTimesTR","twitter_misc":{"Yazan:":"Haber Merkezi","Tahmini okuma s\u00fcresi":"2 dakika"},"schema":{"@context":"https:\/\/schema.org","@graph":[{"@type":"Article","@id":"https:\/\/epochtimestr.com\/index.php\/david-ve-goliath-cesaret-ve-inancin-hikayesi#article","isPartOf":{"@id":"https:\/\/epochtimestr.com\/index.php\/david-ve-goliath-cesaret-ve-inancin-hikayesi"},"author":{"name":"Haber Merkezi","@id":"https:\/\/epochtimestr.com\/#\/schema\/person\/3dc5c3adeb9f43923c5aa85889172fdd"},"headline":"David ve Goliath; Cesaret ve \u0130nanc\u0131n Hikayesi","datePublished":"2019-05-25T22:26:53+00:00","dateModified":"2019-05-26T15:01:10+00:00","mainEntityOfPage":{"@id":"https:\/\/epochtimestr.com\/index.php\/david-ve-goliath-cesaret-ve-inancin-hikayesi"},"wordCount":386,"publisher":{"@id":"https:\/\/epochtimestr.com\/#organization"},"image":{"@id":"https:\/\/epochtimestr.com\/index.php\/david-ve-goliath-cesaret-ve-inancin-hikayesi#primaryimage"},"thumbnailUrl":"https:\/\/epochtimestr.com\/wp-content\/uploads\/2011y\/David-Michelangelo.jpg","articleSection":["D\u00dcNYA","ED\u0130T\u00d6R\u00dcN SE\u00c7\u0130M\u0130","SANAT ve K\u00dcLT\u00dcR"],"inLanguage":"tr"},{"@type":"WebPage","@id":"https:\/\/epochtimestr.com\/index.php\/david-ve-goliath-cesaret-ve-inancin-hikayesi","url":"https:\/\/epochtimestr.com\/index.php\/david-ve-goliath-cesaret-ve-inancin-hikayesi","name":"David ve Goliath; Cesaret ve \u0130nanc\u0131n Hikayesi - The Epoch Times TR","isPartOf":{"@id":"https:\/\/epochtimestr.com\/#website"},"primaryImageOfPage":{"@id":"https:\/\/epochtimestr.com\/index.php\/david-ve-goliath-cesaret-ve-inancin-hikayesi#primaryimage"},"image":{"@id":"https:\/\/epochtimestr.com\/index.php\/david-ve-goliath-cesaret-ve-inancin-hikayesi#primaryimage"},"thumbnailUrl":"https:\/\/epochtimestr.com\/wp-content\/uploads\/2011y\/David-Michelangelo.jpg","datePublished":"2019-05-25T22:26:53+00:00","dateModified":"2019-05-26T15:01:10+00:00","inLanguage":"tr","potentialAction":[{"@type":"ReadAction","target":["https:\/\/epochtimestr.com\/index.php\/david-ve-goliath-cesaret-ve-inancin-hikayesi"]}]},{"@type":"ImageObject","inLanguage":"tr","@id":"https:\/\/epochtimestr.com\/index.php\/david-ve-goliath-cesaret-ve-inancin-hikayesi#primaryimage","url":"https:\/\/epochtimestr.com\/wp-content\/uploads\/2011y\/David-Michelangelo.jpg","contentUrl":"https:\/\/epochtimestr.com\/wp-content\/uploads\/2011y\/David-Michelangelo.jpg","width":960,"height":720},{"@type":"WebSite","@id":"https:\/\/epochtimestr.com\/#website","url":"https:\/\/epochtimestr.com\/","name":"The Epoch Times TR","description":"De\u011fi\u015fen D\u00fcnyam\u0131za Taze Bir Bak\u0131\u015f","publisher":{"@id":"https:\/\/epochtimestr.com\/#organization"},"potentialAction":[{"@type":"SearchAction","target":{"@type":"EntryPoint","urlTemplate":"https:\/\/epochtimestr.com\/?s={search_term_string}"},"query-input":"required name=search_term_string"}],"inLanguage":"tr"},{"@type":"Organization","@id":"https:\/\/epochtimestr.com\/#organization","name":"The EpochTimes T\u00fcrkiye","url":"https:\/\/epochtimestr.com\/","logo":{"@type":"ImageObject","inLanguage":"tr","@id":"https:\/\/epochtimestr.com\/#\/schema\/logo\/image\/","url":"https:\/\/epochtimestr.com\/wp-content\/uploads\/2011y\/ET-Logo-YG.jpg","contentUrl":"https:\/\/epochtimestr.com\/wp-content\/uploads\/2011y\/ET-Logo-YG.jpg","width":346,"height":29,"caption":"The EpochTimes T\u00fcrkiye"},"image":{"@id":"https:\/\/epochtimestr.com\/#\/schema\/logo\/image\/"},"sameAs":["https:\/\/www.facebook.com\/theepochtimestr","https:\/\/x.com\/TheEpochTimesTR","https:\/\/www.instagram.com\/epochtimestr"]},{"@type":"Person","@id":"https:\/\/epochtimestr.com\/#\/schema\/person\/3dc5c3adeb9f43923c5aa85889172fdd","name":"Haber Merkezi","image":{"@type":"ImageObject","inLanguage":"tr","@id":"https:\/\/epochtimestr.com\/#\/schema\/person\/image\/","url":"https:\/\/secure.gravatar.com\/avatar\/d73f772ba5a74f28601361e17c2f93e6?s=96&d=mm&r=g","contentUrl":"https:\/\/secure.gravatar.com\/avatar\/d73f772ba5a74f28601361e17c2f93e6?s=96&d=mm&r=g","caption":"Haber Merkezi"},"url":"https:\/\/epochtimestr.com\/index.php\/author\/sendag"}]}},"_links":{"self":[{"href":"https:\/\/epochtimestr.com\/index.php\/wp-json\/wp\/v2\/posts\/121627"}],"collection":[{"href":"https:\/\/epochtimestr.com\/index.php\/wp-json\/wp\/v2\/posts"}],"about":[{"href":"https:\/\/epochtimestr.com\/index.php\/wp-json\/wp\/v2\/types\/post"}],"author":[{"embeddable":true,"href":"https:\/\/epochtimestr.com\/index.php\/wp-json\/wp\/v2\/users\/12791"}],"replies":[{"embeddable":true,"href":"https:\/\/epochtimestr.com\/index.php\/wp-json\/wp\/v2\/comments?post=121627"}],"version-history":[{"count":4,"href":"https:\/\/epochtimestr.com\/index.php\/wp-json\/wp\/v2\/posts\/121627\/revisions"}],"predecessor-version":[{"id":121637,"href":"https:\/\/epochtimestr.com\/index.php\/wp-json\/wp\/v2\/posts\/121627\/revisions\/121637"}],"wp:featuredmedia":[{"embeddable":true,"href":"https:\/\/epochtimestr.com\/index.php\/wp-json\/wp\/v2\/media\/121629"}],"wp:attachment":[{"href":"https:\/\/epochtimestr.com\/index.php\/wp-json\/wp\/v2\/media?parent=121627"}],"wp:term":[{"taxonomy":"category","embeddable":true,"href":"https:\/\/epochtimestr.com\/index.php\/wp-json\/wp\/v2\/categories?post=121627"},{"taxonomy":"post_tag","embeddable":true,"href":"https:\/\/epochtimestr.com\/index.php\/wp-json\/wp\/v2\/tags?post=121627"}],"curies":[{"name":"wp","href":"https:\/\/api.w.org\/{rel}","templated":true}]}}