{"id":122064,"date":"2019-06-23T14:24:33","date_gmt":"2019-06-23T11:24:33","guid":{"rendered":"http:\/\/epochtimestr.com\/?p=122064"},"modified":"2019-06-23T14:29:37","modified_gmt":"2019-06-23T11:29:37","slug":"bagimsiz-mahkeme-cinde-zorla-organ-aliminin-genis-capta-gerceklestigine-karar-verdi","status":"publish","type":"post","link":"https:\/\/epochtimestr.com\/index.php\/bagimsiz-mahkeme-cinde-zorla-organ-aliminin-genis-capta-gerceklestigine-karar-verdi","title":{"rendered":"Ba\u011f\u0131ms\u0131z Mahkeme \u00c7in&#8217;de Zorla Organ Al\u0131m\u0131n\u0131n &#8220;Geni\u015f \u00c7apta&#8221; Ger\u00e7ekle\u015fti\u011fine Karar Verdi"},"content":{"rendered":"\n<div class=\"wp-block-image\"><figure class=\"aligncenter\"><img loading=\"lazy\" decoding=\"async\" width=\"600\" height=\"360\" src=\"https:\/\/epochtimestr.com\/wp-content\/uploads\/2011y\/IMG_3028-copy-700x420-600x360.jpg\" alt=\"\" class=\"wp-image-122075\" srcset=\"https:\/\/epochtimestr.com\/wp-content\/uploads\/2011y\/IMG_3028-copy-700x420-600x360.jpg 600w, https:\/\/epochtimestr.com\/wp-content\/uploads\/2011y\/IMG_3028-copy-700x420-150x90.jpg 150w, https:\/\/epochtimestr.com\/wp-content\/uploads\/2011y\/IMG_3028-copy-700x420-300x180.jpg 300w, https:\/\/epochtimestr.com\/wp-content\/uploads\/2011y\/IMG_3028-copy-700x420.jpg 700w\" sizes=\"(max-width: 600px) 100vw, 600px\" \/><figcaption>Geoffrey Nice QC, mahkemenin karar\u0131n\u0131 verdi. 17 Haziran 2019 Londra (Justin Palmer)<\/figcaption><\/figure><\/div>\n\n\n\n<p>Ba\u011f\u0131ms\u0131z bir halk mahkemesi bir y\u0131l s\u00fcren bir soru\u015fturman\u0131n ard\u0131ndan \u00c7in&#8217;deki &#8220;\u00e7ok say\u0131daki&#8221; vicdan mahkumlar\u0131n\u0131n <a href=\"https:\/\/epochtimestr.com\/index.php\/zorla-organ-toplama-denizasiri-ulkeler-nakil-icin-cine-akin-ediyor\" target=\"_blank\" rel=\"noreferrer noopener\" aria-label=\"organlar\u0131 i\u00e7in \u00f6ld\u00fcr\u00fcld\u00fc\u011f\u00fcn\u00fc (yeni sekmede a\u00e7\u0131l\u0131r)\">organlar\u0131 i\u00e7in \u00f6ld\u00fcr\u00fcld\u00fc\u011f\u00fcn\u00fc<\/a> -ve hala \u00f6ld\u00fcr\u00fclmeye devam etti\u011fine- oybirli\u011fiyle karar verdi. Mahkeme ba\u015fkan\u0131 Sir Geoffrey Nice QC, 17 Haziran&#8217;da Londra&#8217;da yap\u0131lan bir oturumda, \u201cZorla organ toplama, \u00c7in genelinde y\u0131llarca geni\u015f \u00e7apl\u0131 bir \u015fekilde uygulanm\u0131\u015ft\u0131r.\u201d dedi.<\/p>\n\n\n\n<p>Mahkeme ayr\u0131ca, ruhsal bir uygulama olan <a href=\"http:\/\/tr.falundafa.org\/\" target=\"_blank\" rel=\"noreferrer noopener\" aria-label=\"Falun Gong\u00a0 uygulamas\u0131n\u0131 (yeni sekmede a\u00e7\u0131l\u0131r)\">Falun Gong\u00a0 uygulamas\u0131n\u0131<\/a> takip eden uygulay\u0131c\u0131lar\u0131n organ tedarikindeki ba\u015fl\u0131ca kaynaklardan biri oldu\u011fu sonucuna vard\u0131. Meditasyon egzersizlerinden ve do\u011fruluk, \u015fefkat ve ho\u015fg\u00f6r\u00fc ilkeleri \u00fczerine kurulu ahlaki \u00f6\u011fretilerden olu\u015fan ruhsal bir disiplin olan Falun Gong, son yirmi y\u0131ld\u0131r \u00c7in rejimi taraf\u0131ndan ac\u0131mas\u0131zca zul\u00fcm g\u00f6rmektedir. Uygulaman\u0131n taraftarlar\u0131, inan\u00e7lar\u0131ndan vazge\u00e7irilmek i\u00e7in i\u015fkence g\u00f6rd\u00fckleri hapishanelere, \u00e7al\u0131\u015fma kamplar\u0131na ve beyin y\u0131kama merkezlerine at\u0131lm\u0131\u015flard\u0131r. <\/p>\n\n\n\n<p>Sir Geoffrey Nice QC &nbsp;\u201cMahkeme, \u00c7in\u2019in organ nakli end\u00fcstrisi ile ilgili \u00f6nemli altyap\u0131n\u0131n ortadan kald\u0131r\u0131ld\u0131\u011f\u0131na dair hi\u00e7bir kan\u0131t\u0131 yok&#8221; dedi &#8211; haz\u0131r organlar\u0131n kayna\u011f\u0131 ile ilgili yeterli bir a\u00e7\u0131klama da bulunmad\u0131\u011f\u0131ndan &#8211; ve zorla organ toplaman\u0131n bug\u00fcne kadar devam etti\u011fi sonucuna var\u0131yor\u201d dedi.<\/p>\n\n\n\n<p>Mahkeme ayr\u0131ca kesin delilleri olmamas\u0131na ra\u011fmen, Sincan&#8217;daki Uygur M\u00fcsl\u00fcmanlar\u0131n\u0131n \u00c7inli yetkililer taraf\u0131ndan kurulan \u201cyeniden e\u011fitim kamplar\u0131nda\u201d tutulurken zorunlu organ toplanmas\u0131na maruz kalmalar\u0131na ili\u015fkin bir \u201crisk\u201d oldu\u011funu s\u00f6yledi. ABD D\u0131\u015fi\u015fleri Bakanl\u0131\u011f\u0131 ve uzmanlar, \u015fu anda bir milyondan fazla Uygur&#8217;un ve di\u011fer M\u00fcsl\u00fcman az\u0131nl\u0131klar\u0131n bu kamplarda g\u00f6zalt\u0131nda tutuldu\u011funu ve politik telkine maruz kald\u0131klar\u0131 tahmin ediyor.<\/p>\n\n\n\n<p>Daha \u00f6nce Eski Yugoslavya Cumhurba\u015fkan\u0131 Slobodan Milosevi\u00e7&#8217;in Uluslararas\u0131 Ceza Mahkemesi&#8217;nde yarg\u0131lanmas\u0131n\u0131 ger\u00e7ekle\u015ftiren Yarg\u0131\u00e7 Nice taraf\u0131ndan ba\u015fkanl\u0131k edilen oturumda, d\u00fcnyan\u0131n ilk defa <a href=\"https:\/\/epochtimestr.com\/index.php\/forbes-business-dergisi-cinde-falun-dafa-uygulayicilarinin-maruz-kaldigi-yasadisi-organ-ticaretini-tartisiyor\" target=\"_blank\" rel=\"noreferrer noopener\" aria-label=\"\u00c7in'de zorla organ al\u0131m\u0131n\u0131n  (yeni sekmede a\u00e7\u0131l\u0131r)\">\u00c7in&#8217;de zorla organ al\u0131m\u0131n\u0131n <\/a>ba\u011f\u0131ms\u0131z bir \u015fekilde analiz edilmesini sa\u011flayan g\u00f6revli yedi uluslararas\u0131 uzman da haz\u0131r bulundu.<\/p>\n\n\n\n<p> Mahkeme ayr\u0131ca, makul \u015f\u00fcphenin \u00f6tesinde, Falun Gong uygulay\u0131c\u0131lar\u0131na kar\u015f\u0131 insanl\u0131k su\u00e7lar\u0131 i\u015flendi\u011fini tespit etti.<\/p>\n\n\n\n<p>Yarg\u0131\u00e7 Nice, mahkemenin iki duru\u015fmada sunulan 50&#8217;den fazla tan\u0131\u011f\u0131n ifadesi de dahil olmak \u00fczere mevcut t\u00fcm delilleri g\u00f6z \u00f6n\u00fcnde bulundurarak bu sonu\u00e7lara ula\u015ft\u0131\u011f\u0131n\u0131 s\u00f6yledi.<\/p>\n\n\n\n<p>Mahkeme,\nLondra&#8217;daki \u00c7in B\u00fcy\u00fckel\u00e7ili\u011fi ve sa\u011fl\u0131k yetkilileri de dahil olmak \u00fczere \u00c7in\nrejiminin temsilcilerine ula\u015ft\u0131\u011f\u0131n\u0131, ancak onlardan geri d\u00f6n\u00fc\u015f almad\u0131\u011f\u0131n\u0131 da\nifade etti. . Mahkeme, rejimin sessizli\u011fini, sonu\u00e7lara ula\u015fmada aleyhine delil\nolarak kullanmad\u0131\u011f\u0131n\u0131 s\u00f6yledi. <\/p>\n\n\n\n<p><strong>Organ Toplama<\/strong><\/p>\n\n\n\n<p>Mahkeme son 12 ayd\u0131r \u00c7in rejiminin ya\u015fayan vicdan mahkumlar\u0131ndan &#8211; zorla organ toplama olarak da bilinen &#8211; organ nakli ameliyatlar\u0131 ve kar i\u00e7in daha \u00f6nce su\u00e7 i\u015fleyip i\u015flemedi\u011fini ve hala bu su\u00e7a devam edip etmedi\u011fini ara\u015ft\u0131rd\u0131.<\/p>\n\n\n\n<p> <br \/>Yarg\u0131\u00e7 Nice bu su\u00e7la ilgili olarak, &#8220;<a href=\"https:\/\/epochtimestr.com\/index.php\/cinin-milyar-dolarlik-organ-nakli-endustrisi-toplu-katliamlara-sebep-oluyor\" target=\"_blank\" rel=\"noreferrer noopener\" aria-label=\"Zorla organ toplama (yeni sekmede a\u00e7\u0131l\u0131r)\">Zorla organ toplama<\/a> ge\u00e7en y\u00fczy\u0131lda i\u015flenen ve \u00f6l\u00fcmle sonu\u00e7lanan kitlesel bir su\u00e7tur ve e\u015fi benzeri olmayan bir k\u00f6t\u00fcl\u00fckt\u00fcr.&#8221; dedi.<\/p>\n\n\n\n<p>Bu korkun\u00e7 uygulamalara ili\u015fkin <a href=\"https:\/\/bloodyharvest.info\/\" target=\"_blank\" rel=\"noreferrer noopener\" aria-label=\"ayr\u0131nt\u0131l\u0131 raporlar (yeni sekmede a\u00e7\u0131l\u0131r)\">ayr\u0131nt\u0131l\u0131 raporlar<\/a> ilk olarak 2006&#8217;da ortaya \u00e7\u0131kt\u0131. Ara\u015ft\u0131rmac\u0131lar, \u00c7in&#8217;in organ nakil sekt\u00f6r\u00fcn\u00fcn 2000 y\u0131l\u0131ndan bu yana h\u0131zl\u0131 bir \u015fekilde geni\u015flemesinin, ba\u015fta Falun Gong uygulay\u0131c\u0131lar\u0131 olarak, vicdan mahkumlar\u0131ndan organlar\u0131n\u0131n zorla al\u0131nmas\u0131yla a\u00e7\u0131klanabilece\u011fi sonucuna vard\u0131lar.<\/p>\n\n\n\n<p>Aral\u0131k ay\u0131ndaki ilk duru\u015fma sonras\u0131nda Mahkeme \u00fcyeleri taslak bir ara karar vererek vicdan mahkumlar\u0131ndan zorunlu organ toplanmas\u0131n\u0131n \u00c7in&#8217;de \u201c\u00f6nemli \u00f6l\u00e7\u00fcde\u201d ger\u00e7ekle\u015fti\u011fi sonucuna vard\u0131.<\/p>\n\n\n\n<p><strong>Bulgular<\/strong><\/p>\n\n\n\n<p>\u00c7in&#8217;deki organ nakli sistemine ili\u015fkin olarak Yarg\u0131\u00e7 Nice, mahkemenin, ortaya konulan bir tak\u0131m bulgular yoluyla \u00fclkede organ toplaman\u0131n \u201cka\u00e7\u0131n\u0131lmaz\u201d olarak ger\u00e7ekle\u015fti\u011fi sonucuna vard\u0131\u011f\u0131n\u0131\u00a0\u00a0 s\u00f6yledi.<\/p>\n\n\n\n<div class=\"wp-block-image\"><figure class=\"aligncenter\"><img loading=\"lazy\" decoding=\"async\" width=\"600\" height=\"400\" src=\"https:\/\/epochtimestr.com\/wp-content\/uploads\/2011y\/Enver-Tohti-Guanqi-The-Epoch-Times.jpg\" alt=\"\" class=\"wp-image-122076\" srcset=\"https:\/\/epochtimestr.com\/wp-content\/uploads\/2011y\/Enver-Tohti-Guanqi-The-Epoch-Times.jpg 600w, https:\/\/epochtimestr.com\/wp-content\/uploads\/2011y\/Enver-Tohti-Guanqi-The-Epoch-Times-150x100.jpg 150w, https:\/\/epochtimestr.com\/wp-content\/uploads\/2011y\/Enver-Tohti-Guanqi-The-Epoch-Times-300x200.jpg 300w, https:\/\/epochtimestr.com\/wp-content\/uploads\/2011y\/Enver-Tohti-Guanqi-The-Epoch-Times-450x300.jpg 450w\" sizes=\"(max-width: 600px) 100vw, 600px\" \/><figcaption>Enver Tohti, Londra (Guanqi \/ The Epoch Times)<\/figcaption><\/figure><\/div>\n\n\n\n<p>Mahkeme, \u00c7in&#8217;deki doktor ve hastanelerin organ nakli i\u00e7in vaat etti\u011fi bekleme s\u00fcrelerinin &#8211; normalde g\u00f6n\u00fcll\u00fc organ ba\u011f\u0131\u015f\u0131 sisteminin bulunmad\u0131\u011f\u0131 bir yerde olamayacak kadar k\u0131sa zaman dilimleri &#8211; ola\u011fan\u00fcst\u00fc k\u0131sa oldu\u011funu g\u00f6steren \u201c\u00e7ok fazla kan\u0131t\u201d oldu\u011funu s\u00f6yledi. Kan\u0131tlar aras\u0131nda \u00c7inli doktorlarla yap\u0131lan gizli telefon \u00e7a\u011fr\u0131lar\u0131 oldu\u011fu kadar, bir \u0130srailli doktor taraf\u0131ndan hastas\u0131na \u00c7in&#8217;de iki haftada kalp nakli yap\u0131labilece\u011finin s\u00f6ylendi\u011fi bir ifadede yer ald\u0131. <\/p>\n\n\n\n<p>Yarg\u0131\u00e7 Nice ayr\u0131ca, yap\u0131lan\nnakil say\u0131s\u0131 ile ilgili istatistiksel kan\u0131tlar\u0131n, \u00c7in\u2019in g\u00f6n\u00fcll\u00fc ba\u011f\u0131\u015f\nsisteminin sa\u011flad\u0131\u011f\u0131 rakamlarla e\u015fle\u015fmedi\u011fini de belirtti.<\/p>\n\n\n\n<p>Yarg\u0131\u00e7 Nice s\u00f6zlerinin devam\u0131nda, 146 \u00c7inli hastanede yap\u0131lan altyap\u0131 ve kapasite analizine dayanarak, genel bir tahminle \u00c7in hastanelerinde her y\u0131l 60.000 ila 90.000 nakli operasyonunun ger\u00e7ekle\u015ftirildi\u011fini ve bu rakam\u0131n \u00c7in rejimi taraf\u0131ndan sa\u011flanan y\u0131ll\u0131k 10.000 ila 20.000 aras\u0131nda oldu\u011fu s\u00f6ylenen rakamlardan \u00e7ok daha b\u00fcy\u00fck oldu\u011funu belirtti.<\/p>\n\n\n\n<p> Mahkeme ayr\u0131ca, hapsedildikten sonra hayatta kalanlardan elde etti\u011fi bilgilerle, bu ki\u015filer hapsedilirken kan testi de dahil olmak \u00fczere t\u0131bbi olarak testlere tabii tutulduklar\u0131na dair tutarl\u0131 kan\u0131tlar orya koydu. Yarg\u0131\u00e7 Nice, bu testlerin organ stat\u00fcs\u00fc testleriyle uyumlu oldu\u011funu s\u00f6yledi.<\/p>\n\n\n\n<p>Bununla birlikte mahkeme testlerin \u00f6zellikle yersiz g\u00f6r\u00fcnd\u00fc\u011f\u00fcn\u00fc, \u00e7\u00fcnk\u00fc s\u00f6z konusu ki\u015filerin tutuklan\u0131rken de i\u015fkencelere maruz kald\u0131\u011f\u0131n\u0131 belirtti. Testlerin sonu\u00e7lar\u0131 da asla ma\u011fdurlara a\u00e7\u0131klanmad\u0131.<\/p>\n\n\n\n<p>Mahkeme ayr\u0131ca, organlar\u0131n topland\u0131\u011f\u0131na dair do\u011frudan kan\u0131tlar\u0131 da inceledi. Yarg\u0131\u00e7 Nice, end\u00fcstrinin daha yeni ba\u015flad\u0131\u011f\u0131 bir zamanda organ al\u0131m\u0131 yapmas\u0131 i\u00e7in talimat verilen eski bir cerrah\u0131n anlatt\u0131klar\u0131 da bunlara dahildir dedi.<\/p>\n\n\n\n<p>Enver Tohti, Aral\u0131k ay\u0131nda yap\u0131lan duru\u015fmalar s\u0131ras\u0131nda, sa\u011f g\u00f6\u011fs\u00fcnden vurulmu\u015f fakat hala hayatta olan idamla cezaland\u0131r\u0131lm\u0131\u015f bir mahkumdan iki b\u00f6bre\u011finin ve bir karaci\u011ferinin nas\u0131l \u00e7\u0131kar\u0131l\u0131p al\u0131nd\u0131\u011f\u0131n\u0131 anlatt\u0131.<\/p>\n\n\n\n<p>Tohti ifadesinde, \u201cHat\u0131rlad\u0131\u011f\u0131m \u015fey ne\u015fterimle, derisini kesmeye \u00e7al\u0131\u015ft\u0131m, olduk\u00e7a kan vard\u0131. Bu, kalbin hala at\u0131yor oldu\u011funu g\u00f6sterir&#8230;Ayn\u0131 zamanda, benim ne\u015fteri derisine sokmama direnmeye \u00e7al\u0131\u015f\u0131yordu ama \u00e7ok zay\u0131ft\u0131. \u201ddedi.<\/p>\n\n\n\n<p>Tohti The Epoch Times&#8217;\u0131n karde\u015f medya\nfirmas\u0131 NTD&#8217;ye 17 Haziran&#8217;da yapt\u0131\u011f\u0131 a\u00e7\u0131klamada, ger\u00e7ekle\u015ftirmi\u015f oldu\u011fu\neylemlerinin yakas\u0131n\u0131 bug\u00fcne kadar b\u0131rakmad\u0131\u011f\u0131n\u0131 s\u00f6yledi. <\/p>\n\n\n\n<p>Son\nolarak Tohti, \u201c Bu ki\u015finin bir M\u00fcsl\u00fcman, bir Hristiyan ya da bir Budist\nolabilece\u011fini d\u00fc\u015f\u00fcnerek onun i\u00e7in dua etmek \u00fczere kiliseye, camiye ve tap\u0131na\u011fa\ngittim.&#8221; dedi. <\/p>\n\n\n\n<p><strong>Eylem i\u00e7in \u00c7a\u011fr\u0131&nbsp; <\/strong><\/p>\n\n\n\n<p>Mahkeme,\nkan\u0131tlar\u0131n \u00c7in rejiminin insanl\u0131\u011fa kar\u015f\u0131 su\u00e7 i\u015fledi\u011fini g\u00f6sterdi\u011fine karar\nverdi\u011fini ama uluslararas\u0131 yasalar alt\u0131nda tan\u0131mlanm\u0131\u015f olan soyk\u0131r\u0131m su\u00e7unun\ni\u015flenip i\u015flenmedi\u011fine karar veremedi\u011fini ifade etti. Bunun sebebi olarak da bu\nsu\u00e7un i\u015flenmesinde niyetin ne oldu\u011funun kan\u0131tlanamad\u0131\u011f\u0131n\u0131 s\u00f6yledi. <\/p>\n\n\n\n<figure class=\"wp-block-image\"><img loading=\"lazy\" decoding=\"async\" width=\"600\" height=\"338\" src=\"https:\/\/epochtimestr.com\/wp-content\/uploads\/2011y\/ethan-gutmann-600x338.jpg\" alt=\"\" class=\"wp-image-122077\" srcset=\"https:\/\/epochtimestr.com\/wp-content\/uploads\/2011y\/ethan-gutmann.jpg 600w, https:\/\/epochtimestr.com\/wp-content\/uploads\/2011y\/ethan-gutmann-150x85.jpg 150w, https:\/\/epochtimestr.com\/wp-content\/uploads\/2011y\/ethan-gutmann-300x169.jpg 300w\" sizes=\"(max-width: 600px) 100vw, 600px\" \/><figcaption>Ethan Gutmann, mahkemenin 17 Haziran 2019&#8217;da Londra&#8217;daki karar\u0131n\u0131 vermesinin ard\u0131ndan konu\u015ftu. (NTD)<\/figcaption><\/figure>\n\n\n\n<p>Mahkeme\nverdi\u011fi kararda belirli ya da \u00e7ok say\u0131da insan\u0131n zihninde soyk\u0131r\u0131m su\u00e7unun\ni\u015flendi\u011fine ya da y\u00fcksek bir olas\u0131l\u0131kla i\u015flendi\u011fine dair gerek\u00e7elendirilebilir\n\u015f\u00fcphe oldu\u011funu belirtti. <\/p>\n\n\n\n<p>Mahkeme, rejimin insanl\u0131\u011fa dair i\u015fledi\u011fi\nsu\u00e7larla ilgili bulgular do\u011frultusunda h\u00fck\u00fcmetlere ve uluslararas\u0131 kurulu\u015flara\nbir \u00e7a\u011fr\u0131 yaparak onlardan &#8220;g\u00f6revlerini&#8221; yerine getirmelerini istedi.\n&nbsp;Konu ile ilgili olarak, &#8221; Uluslararas\u0131\nmahkemelerde veya BM&#8217;de bu soyk\u0131r\u0131m\u0131n i\u015flendi\u011fine dair inceleme ya da takibat ba\u015flatmaya\ng\u00fcc\u00fc olanlar i\u00e7in art\u0131k bir g\u00f6rev do\u011fmu\u015ftur&#8221; ifadeleri kullan\u0131ld\u0131. <\/p>\n\n\n\n<p>\u00c7a\u011fr\u0131n\u0131n sonunda mahkeme, h\u00fck\u00fcmetlerin bunu yapmak konusunda at\u0131l kalmalar\u0131 durumunda vatanda\u015flar\u0131n bir arada hareket ederek h\u00fck\u00fcmetlere bask\u0131 yapmalar\u0131 gerekti\u011fini ve b\u00f6ylece h\u00fck\u00fcmetleri bu konuda harekete ge\u00e7meye zorlayabileceklerini s\u00f6yleyerek t\u00fcm d\u00fcnya vatanda\u015flar\u0131na telkinde bulundu. \u00a0\u00a0<\/p>\n\n\n\n<p>Haber: Cathy He, Epoch Times<\/p>\n\n\n\n<p>\u00c7eviri: G. Hakan Ko\u00e7man, Epoch Times T\u00fcrkiye<\/p>\n","protected":false},"excerpt":{"rendered":"<p>Ba\u011f\u0131ms\u0131z bir halk mahkemesi bir y\u0131l s\u00fcren bir soru\u015fturman\u0131n ard\u0131ndan \u00c7in&#8217;deki &#8220;\u00e7ok say\u0131daki&#8221; vicdan mahkumlar\u0131n\u0131n organlar\u0131 i\u00e7in \u00f6ld\u00fcr\u00fcld\u00fc\u011f\u00fcn\u00fc -ve hala \u00f6ld\u00fcr\u00fclmeye devam etti\u011fine- oybirli\u011fiyle karar verdi. Mahkeme ba\u015fkan\u0131 Sir Geoffrey Nice QC, 17 Haziran&#8217;da Londra&#8217;da yap\u0131lan bir oturumda, \u201cZorla organ toplama, \u00c7in genelinde y\u0131llarca geni\u015f \u00e7apl\u0131 bir \u015fekilde uygulanm\u0131\u015ft\u0131r.\u201d dedi. Mahkeme ayr\u0131ca, ruhsal bir uygulama [&hellip;]<\/p>\n","protected":false},"author":22,"featured_media":122075,"comment_status":"closed","ping_status":"open","sticky":false,"template":"","format":"standard","meta":{"_yoast_wpseo_focuskw":"","_yoast_wpseo_title":"","_yoast_wpseo_metadesc":"","_bbp_topic_count":0,"_bbp_reply_count":0,"_bbp_total_topic_count":0,"_bbp_total_reply_count":0,"_bbp_voice_count":0,"_bbp_anonymous_reply_count":0,"_bbp_topic_count_hidden":0,"_bbp_reply_count_hidden":0,"_bbp_forum_subforum_count":0,"footnotes":"","_yoast_wpseo_focuskw_text_input":""},"categories":[2045,35,5,519],"tags":[],"yoast_head":"<!-- This site is optimized with the Yoast SEO plugin v23.0 - https:\/\/yoast.com\/wordpress\/plugins\/seo\/ -->\n<title>Ba\u011f\u0131ms\u0131z Mahkeme \u00c7in&#039;de Zorla Organ Al\u0131m\u0131n\u0131n &quot;Geni\u015f \u00c7apta&quot; Ger\u00e7ekle\u015fti\u011fine Karar Verdi - The Epoch Times TR<\/title>\n<meta name=\"robots\" content=\"index, follow, max-snippet:-1, max-image-preview:large, max-video-preview:-1\" \/>\n<link rel=\"canonical\" href=\"https:\/\/epochtimestr.com\/index.php\/bagimsiz-mahkeme-cinde-zorla-organ-aliminin-genis-capta-gerceklestigine-karar-verdi\" \/>\n<meta property=\"og:locale\" content=\"tr_TR\" \/>\n<meta property=\"og:type\" content=\"article\" \/>\n<meta property=\"og:title\" content=\"Ba\u011f\u0131ms\u0131z Mahkeme \u00c7in&#039;de Zorla Organ Al\u0131m\u0131n\u0131n &quot;Geni\u015f \u00c7apta&quot; Ger\u00e7ekle\u015fti\u011fine Karar Verdi - The Epoch Times TR\" \/>\n<meta property=\"og:description\" content=\"Ba\u011f\u0131ms\u0131z bir halk mahkemesi bir y\u0131l s\u00fcren bir soru\u015fturman\u0131n ard\u0131ndan \u00c7in&#8217;deki &#8220;\u00e7ok say\u0131daki&#8221; vicdan mahkumlar\u0131n\u0131n organlar\u0131 i\u00e7in \u00f6ld\u00fcr\u00fcld\u00fc\u011f\u00fcn\u00fc -ve hala \u00f6ld\u00fcr\u00fclmeye devam etti\u011fine- oybirli\u011fiyle karar verdi. Mahkeme ba\u015fkan\u0131 Sir Geoffrey Nice QC, 17 Haziran&#8217;da Londra&#8217;da yap\u0131lan bir oturumda, \u201cZorla organ toplama, \u00c7in genelinde y\u0131llarca geni\u015f \u00e7apl\u0131 bir \u015fekilde uygulanm\u0131\u015ft\u0131r.\u201d dedi. Mahkeme ayr\u0131ca, ruhsal bir uygulama [&hellip;]\" \/>\n<meta property=\"og:url\" content=\"https:\/\/epochtimestr.com\/index.php\/bagimsiz-mahkeme-cinde-zorla-organ-aliminin-genis-capta-gerceklestigine-karar-verdi\" \/>\n<meta property=\"og:site_name\" content=\"The Epoch Times TR\" \/>\n<meta property=\"article:publisher\" content=\"https:\/\/www.facebook.com\/theepochtimestr\" \/>\n<meta property=\"article:published_time\" content=\"2019-06-23T11:24:33+00:00\" \/>\n<meta property=\"article:modified_time\" content=\"2019-06-23T11:29:37+00:00\" \/>\n<meta property=\"og:image\" content=\"https:\/\/epochtimestr.com\/wp-content\/uploads\/2011y\/IMG_3028-copy-700x420.jpg\" \/>\n\t<meta property=\"og:image:width\" content=\"700\" \/>\n\t<meta property=\"og:image:height\" content=\"420\" \/>\n\t<meta property=\"og:image:type\" content=\"image\/jpeg\" \/>\n<meta name=\"author\" content=\"G.Hakan Ko\u00e7man\" \/>\n<meta name=\"twitter:card\" content=\"summary_large_image\" \/>\n<meta name=\"twitter:creator\" content=\"@TheEpochTimesTR\" \/>\n<meta name=\"twitter:site\" content=\"@TheEpochTimesTR\" \/>\n<meta name=\"twitter:label1\" content=\"Yazan:\" \/>\n\t<meta name=\"twitter:data1\" content=\"G.Hakan Ko\u00e7man\" \/>\n\t<meta name=\"twitter:label2\" content=\"Tahmini okuma s\u00fcresi\" \/>\n\t<meta name=\"twitter:data2\" content=\"7 dakika\" \/>\n<script type=\"application\/ld+json\" class=\"yoast-schema-graph\">{\"@context\":\"https:\/\/schema.org\",\"@graph\":[{\"@type\":\"Article\",\"@id\":\"https:\/\/epochtimestr.com\/index.php\/bagimsiz-mahkeme-cinde-zorla-organ-aliminin-genis-capta-gerceklestigine-karar-verdi#article\",\"isPartOf\":{\"@id\":\"https:\/\/epochtimestr.com\/index.php\/bagimsiz-mahkeme-cinde-zorla-organ-aliminin-genis-capta-gerceklestigine-karar-verdi\"},\"author\":{\"name\":\"G.Hakan Ko\u00e7man\",\"@id\":\"https:\/\/epochtimestr.com\/#\/schema\/person\/b5509977c9a6cd729a3e74d9743d035b\"},\"headline\":\"Ba\u011f\u0131ms\u0131z Mahkeme \u00c7in&#8217;de Zorla Organ Al\u0131m\u0131n\u0131n &#8220;Geni\u015f \u00c7apta&#8221; Ger\u00e7ekle\u015fti\u011fine Karar Verdi\",\"datePublished\":\"2019-06-23T11:24:33+00:00\",\"dateModified\":\"2019-06-23T11:29:37+00:00\",\"mainEntityOfPage\":{\"@id\":\"https:\/\/epochtimestr.com\/index.php\/bagimsiz-mahkeme-cinde-zorla-organ-aliminin-genis-capta-gerceklestigine-karar-verdi\"},\"wordCount\":1428,\"publisher\":{\"@id\":\"https:\/\/epochtimestr.com\/#organization\"},\"image\":{\"@id\":\"https:\/\/epochtimestr.com\/index.php\/bagimsiz-mahkeme-cinde-zorla-organ-aliminin-genis-capta-gerceklestigine-karar-verdi#primaryimage\"},\"thumbnailUrl\":\"https:\/\/epochtimestr.com\/wp-content\/uploads\/2011y\/IMG_3028-copy-700x420.jpg\",\"articleSection\":[\"\u00c7in Rejimi\",\"\u00c7in'de \u0130nsan Haklar\u0131\",\"D\u00dcNYA\",\"ED\u0130T\u00d6R\u00dcN SE\u00c7\u0130M\u0130\"],\"inLanguage\":\"tr\"},{\"@type\":\"WebPage\",\"@id\":\"https:\/\/epochtimestr.com\/index.php\/bagimsiz-mahkeme-cinde-zorla-organ-aliminin-genis-capta-gerceklestigine-karar-verdi\",\"url\":\"https:\/\/epochtimestr.com\/index.php\/bagimsiz-mahkeme-cinde-zorla-organ-aliminin-genis-capta-gerceklestigine-karar-verdi\",\"name\":\"Ba\u011f\u0131ms\u0131z Mahkeme \u00c7in'de Zorla Organ Al\u0131m\u0131n\u0131n \\\"Geni\u015f \u00c7apta\\\" Ger\u00e7ekle\u015fti\u011fine Karar Verdi - The Epoch Times TR\",\"isPartOf\":{\"@id\":\"https:\/\/epochtimestr.com\/#website\"},\"primaryImageOfPage\":{\"@id\":\"https:\/\/epochtimestr.com\/index.php\/bagimsiz-mahkeme-cinde-zorla-organ-aliminin-genis-capta-gerceklestigine-karar-verdi#primaryimage\"},\"image\":{\"@id\":\"https:\/\/epochtimestr.com\/index.php\/bagimsiz-mahkeme-cinde-zorla-organ-aliminin-genis-capta-gerceklestigine-karar-verdi#primaryimage\"},\"thumbnailUrl\":\"https:\/\/epochtimestr.com\/wp-content\/uploads\/2011y\/IMG_3028-copy-700x420.jpg\",\"datePublished\":\"2019-06-23T11:24:33+00:00\",\"dateModified\":\"2019-06-23T11:29:37+00:00\",\"inLanguage\":\"tr\",\"potentialAction\":[{\"@type\":\"ReadAction\",\"target\":[\"https:\/\/epochtimestr.com\/index.php\/bagimsiz-mahkeme-cinde-zorla-organ-aliminin-genis-capta-gerceklestigine-karar-verdi\"]}]},{\"@type\":\"ImageObject\",\"inLanguage\":\"tr\",\"@id\":\"https:\/\/epochtimestr.com\/index.php\/bagimsiz-mahkeme-cinde-zorla-organ-aliminin-genis-capta-gerceklestigine-karar-verdi#primaryimage\",\"url\":\"https:\/\/epochtimestr.com\/wp-content\/uploads\/2011y\/IMG_3028-copy-700x420.jpg\",\"contentUrl\":\"https:\/\/epochtimestr.com\/wp-content\/uploads\/2011y\/IMG_3028-copy-700x420.jpg\",\"width\":700,\"height\":420},{\"@type\":\"WebSite\",\"@id\":\"https:\/\/epochtimestr.com\/#website\",\"url\":\"https:\/\/epochtimestr.com\/\",\"name\":\"The Epoch Times TR\",\"description\":\"De\u011fi\u015fen D\u00fcnyam\u0131za Taze Bir Bak\u0131\u015f\",\"publisher\":{\"@id\":\"https:\/\/epochtimestr.com\/#organization\"},\"potentialAction\":[{\"@type\":\"SearchAction\",\"target\":{\"@type\":\"EntryPoint\",\"urlTemplate\":\"https:\/\/epochtimestr.com\/?s={search_term_string}\"},\"query-input\":\"required name=search_term_string\"}],\"inLanguage\":\"tr\"},{\"@type\":\"Organization\",\"@id\":\"https:\/\/epochtimestr.com\/#organization\",\"name\":\"The EpochTimes T\u00fcrkiye\",\"url\":\"https:\/\/epochtimestr.com\/\",\"logo\":{\"@type\":\"ImageObject\",\"inLanguage\":\"tr\",\"@id\":\"https:\/\/epochtimestr.com\/#\/schema\/logo\/image\/\",\"url\":\"https:\/\/epochtimestr.com\/wp-content\/uploads\/2011y\/ET-Logo-YG.jpg\",\"contentUrl\":\"https:\/\/epochtimestr.com\/wp-content\/uploads\/2011y\/ET-Logo-YG.jpg\",\"width\":346,\"height\":29,\"caption\":\"The EpochTimes T\u00fcrkiye\"},\"image\":{\"@id\":\"https:\/\/epochtimestr.com\/#\/schema\/logo\/image\/\"},\"sameAs\":[\"https:\/\/www.facebook.com\/theepochtimestr\",\"https:\/\/x.com\/TheEpochTimesTR\",\"https:\/\/www.instagram.com\/epochtimestr\"]},{\"@type\":\"Person\",\"@id\":\"https:\/\/epochtimestr.com\/#\/schema\/person\/b5509977c9a6cd729a3e74d9743d035b\",\"name\":\"G.Hakan Ko\u00e7man\",\"image\":{\"@type\":\"ImageObject\",\"inLanguage\":\"tr\",\"@id\":\"https:\/\/epochtimestr.com\/#\/schema\/person\/image\/\",\"url\":\"https:\/\/secure.gravatar.com\/avatar\/e4eafee1ab5d1f4015c3930376b22ca8?s=96&d=mm&r=g\",\"contentUrl\":\"https:\/\/secure.gravatar.com\/avatar\/e4eafee1ab5d1f4015c3930376b22ca8?s=96&d=mm&r=g\",\"caption\":\"G.Hakan Ko\u00e7man\"},\"url\":\"https:\/\/epochtimestr.com\/index.php\/author\/hakan\"}]}<\/script>\n<!-- \/ Yoast SEO plugin. -->","yoast_head_json":{"title":"Ba\u011f\u0131ms\u0131z Mahkeme \u00c7in'de Zorla Organ Al\u0131m\u0131n\u0131n \"Geni\u015f \u00c7apta\" Ger\u00e7ekle\u015fti\u011fine Karar Verdi - The Epoch Times TR","robots":{"index":"index","follow":"follow","max-snippet":"max-snippet:-1","max-image-preview":"max-image-preview:large","max-video-preview":"max-video-preview:-1"},"canonical":"https:\/\/epochtimestr.com\/index.php\/bagimsiz-mahkeme-cinde-zorla-organ-aliminin-genis-capta-gerceklestigine-karar-verdi","og_locale":"tr_TR","og_type":"article","og_title":"Ba\u011f\u0131ms\u0131z Mahkeme \u00c7in'de Zorla Organ Al\u0131m\u0131n\u0131n \"Geni\u015f \u00c7apta\" Ger\u00e7ekle\u015fti\u011fine Karar Verdi - The Epoch Times TR","og_description":"Ba\u011f\u0131ms\u0131z bir halk mahkemesi bir y\u0131l s\u00fcren bir soru\u015fturman\u0131n ard\u0131ndan \u00c7in&#8217;deki &#8220;\u00e7ok say\u0131daki&#8221; vicdan mahkumlar\u0131n\u0131n organlar\u0131 i\u00e7in \u00f6ld\u00fcr\u00fcld\u00fc\u011f\u00fcn\u00fc -ve hala \u00f6ld\u00fcr\u00fclmeye devam etti\u011fine- oybirli\u011fiyle karar verdi. Mahkeme ba\u015fkan\u0131 Sir Geoffrey Nice QC, 17 Haziran&#8217;da Londra&#8217;da yap\u0131lan bir oturumda, \u201cZorla organ toplama, \u00c7in genelinde y\u0131llarca geni\u015f \u00e7apl\u0131 bir \u015fekilde uygulanm\u0131\u015ft\u0131r.\u201d dedi. Mahkeme ayr\u0131ca, ruhsal bir uygulama [&hellip;]","og_url":"https:\/\/epochtimestr.com\/index.php\/bagimsiz-mahkeme-cinde-zorla-organ-aliminin-genis-capta-gerceklestigine-karar-verdi","og_site_name":"The Epoch Times TR","article_publisher":"https:\/\/www.facebook.com\/theepochtimestr","article_published_time":"2019-06-23T11:24:33+00:00","article_modified_time":"2019-06-23T11:29:37+00:00","og_image":[{"width":700,"height":420,"url":"https:\/\/epochtimestr.com\/wp-content\/uploads\/2011y\/IMG_3028-copy-700x420.jpg","type":"image\/jpeg"}],"author":"G.Hakan Ko\u00e7man","twitter_card":"summary_large_image","twitter_creator":"@TheEpochTimesTR","twitter_site":"@TheEpochTimesTR","twitter_misc":{"Yazan:":"G.Hakan Ko\u00e7man","Tahmini okuma s\u00fcresi":"7 dakika"},"schema":{"@context":"https:\/\/schema.org","@graph":[{"@type":"Article","@id":"https:\/\/epochtimestr.com\/index.php\/bagimsiz-mahkeme-cinde-zorla-organ-aliminin-genis-capta-gerceklestigine-karar-verdi#article","isPartOf":{"@id":"https:\/\/epochtimestr.com\/index.php\/bagimsiz-mahkeme-cinde-zorla-organ-aliminin-genis-capta-gerceklestigine-karar-verdi"},"author":{"name":"G.Hakan Ko\u00e7man","@id":"https:\/\/epochtimestr.com\/#\/schema\/person\/b5509977c9a6cd729a3e74d9743d035b"},"headline":"Ba\u011f\u0131ms\u0131z Mahkeme \u00c7in&#8217;de Zorla Organ Al\u0131m\u0131n\u0131n &#8220;Geni\u015f \u00c7apta&#8221; Ger\u00e7ekle\u015fti\u011fine Karar Verdi","datePublished":"2019-06-23T11:24:33+00:00","dateModified":"2019-06-23T11:29:37+00:00","mainEntityOfPage":{"@id":"https:\/\/epochtimestr.com\/index.php\/bagimsiz-mahkeme-cinde-zorla-organ-aliminin-genis-capta-gerceklestigine-karar-verdi"},"wordCount":1428,"publisher":{"@id":"https:\/\/epochtimestr.com\/#organization"},"image":{"@id":"https:\/\/epochtimestr.com\/index.php\/bagimsiz-mahkeme-cinde-zorla-organ-aliminin-genis-capta-gerceklestigine-karar-verdi#primaryimage"},"thumbnailUrl":"https:\/\/epochtimestr.com\/wp-content\/uploads\/2011y\/IMG_3028-copy-700x420.jpg","articleSection":["\u00c7in Rejimi","\u00c7in'de \u0130nsan Haklar\u0131","D\u00dcNYA","ED\u0130T\u00d6R\u00dcN SE\u00c7\u0130M\u0130"],"inLanguage":"tr"},{"@type":"WebPage","@id":"https:\/\/epochtimestr.com\/index.php\/bagimsiz-mahkeme-cinde-zorla-organ-aliminin-genis-capta-gerceklestigine-karar-verdi","url":"https:\/\/epochtimestr.com\/index.php\/bagimsiz-mahkeme-cinde-zorla-organ-aliminin-genis-capta-gerceklestigine-karar-verdi","name":"Ba\u011f\u0131ms\u0131z Mahkeme \u00c7in'de Zorla Organ Al\u0131m\u0131n\u0131n \"Geni\u015f \u00c7apta\" Ger\u00e7ekle\u015fti\u011fine Karar Verdi - The Epoch Times TR","isPartOf":{"@id":"https:\/\/epochtimestr.com\/#website"},"primaryImageOfPage":{"@id":"https:\/\/epochtimestr.com\/index.php\/bagimsiz-mahkeme-cinde-zorla-organ-aliminin-genis-capta-gerceklestigine-karar-verdi#primaryimage"},"image":{"@id":"https:\/\/epochtimestr.com\/index.php\/bagimsiz-mahkeme-cinde-zorla-organ-aliminin-genis-capta-gerceklestigine-karar-verdi#primaryimage"},"thumbnailUrl":"https:\/\/epochtimestr.com\/wp-content\/uploads\/2011y\/IMG_3028-copy-700x420.jpg","datePublished":"2019-06-23T11:24:33+00:00","dateModified":"2019-06-23T11:29:37+00:00","inLanguage":"tr","potentialAction":[{"@type":"ReadAction","target":["https:\/\/epochtimestr.com\/index.php\/bagimsiz-mahkeme-cinde-zorla-organ-aliminin-genis-capta-gerceklestigine-karar-verdi"]}]},{"@type":"ImageObject","inLanguage":"tr","@id":"https:\/\/epochtimestr.com\/index.php\/bagimsiz-mahkeme-cinde-zorla-organ-aliminin-genis-capta-gerceklestigine-karar-verdi#primaryimage","url":"https:\/\/epochtimestr.com\/wp-content\/uploads\/2011y\/IMG_3028-copy-700x420.jpg","contentUrl":"https:\/\/epochtimestr.com\/wp-content\/uploads\/2011y\/IMG_3028-copy-700x420.jpg","width":700,"height":420},{"@type":"WebSite","@id":"https:\/\/epochtimestr.com\/#website","url":"https:\/\/epochtimestr.com\/","name":"The Epoch Times TR","description":"De\u011fi\u015fen D\u00fcnyam\u0131za Taze Bir Bak\u0131\u015f","publisher":{"@id":"https:\/\/epochtimestr.com\/#organization"},"potentialAction":[{"@type":"SearchAction","target":{"@type":"EntryPoint","urlTemplate":"https:\/\/epochtimestr.com\/?s={search_term_string}"},"query-input":"required name=search_term_string"}],"inLanguage":"tr"},{"@type":"Organization","@id":"https:\/\/epochtimestr.com\/#organization","name":"The EpochTimes T\u00fcrkiye","url":"https:\/\/epochtimestr.com\/","logo":{"@type":"ImageObject","inLanguage":"tr","@id":"https:\/\/epochtimestr.com\/#\/schema\/logo\/image\/","url":"https:\/\/epochtimestr.com\/wp-content\/uploads\/2011y\/ET-Logo-YG.jpg","contentUrl":"https:\/\/epochtimestr.com\/wp-content\/uploads\/2011y\/ET-Logo-YG.jpg","width":346,"height":29,"caption":"The EpochTimes T\u00fcrkiye"},"image":{"@id":"https:\/\/epochtimestr.com\/#\/schema\/logo\/image\/"},"sameAs":["https:\/\/www.facebook.com\/theepochtimestr","https:\/\/x.com\/TheEpochTimesTR","https:\/\/www.instagram.com\/epochtimestr"]},{"@type":"Person","@id":"https:\/\/epochtimestr.com\/#\/schema\/person\/b5509977c9a6cd729a3e74d9743d035b","name":"G.Hakan Ko\u00e7man","image":{"@type":"ImageObject","inLanguage":"tr","@id":"https:\/\/epochtimestr.com\/#\/schema\/person\/image\/","url":"https:\/\/secure.gravatar.com\/avatar\/e4eafee1ab5d1f4015c3930376b22ca8?s=96&d=mm&r=g","contentUrl":"https:\/\/secure.gravatar.com\/avatar\/e4eafee1ab5d1f4015c3930376b22ca8?s=96&d=mm&r=g","caption":"G.Hakan Ko\u00e7man"},"url":"https:\/\/epochtimestr.com\/index.php\/author\/hakan"}]}},"_links":{"self":[{"href":"https:\/\/epochtimestr.com\/index.php\/wp-json\/wp\/v2\/posts\/122064"}],"collection":[{"href":"https:\/\/epochtimestr.com\/index.php\/wp-json\/wp\/v2\/posts"}],"about":[{"href":"https:\/\/epochtimestr.com\/index.php\/wp-json\/wp\/v2\/types\/post"}],"author":[{"embeddable":true,"href":"https:\/\/epochtimestr.com\/index.php\/wp-json\/wp\/v2\/users\/22"}],"replies":[{"embeddable":true,"href":"https:\/\/epochtimestr.com\/index.php\/wp-json\/wp\/v2\/comments?post=122064"}],"version-history":[{"count":4,"href":"https:\/\/epochtimestr.com\/index.php\/wp-json\/wp\/v2\/posts\/122064\/revisions"}],"predecessor-version":[{"id":122079,"href":"https:\/\/epochtimestr.com\/index.php\/wp-json\/wp\/v2\/posts\/122064\/revisions\/122079"}],"wp:featuredmedia":[{"embeddable":true,"href":"https:\/\/epochtimestr.com\/index.php\/wp-json\/wp\/v2\/media\/122075"}],"wp:attachment":[{"href":"https:\/\/epochtimestr.com\/index.php\/wp-json\/wp\/v2\/media?parent=122064"}],"wp:term":[{"taxonomy":"category","embeddable":true,"href":"https:\/\/epochtimestr.com\/index.php\/wp-json\/wp\/v2\/categories?post=122064"},{"taxonomy":"post_tag","embeddable":true,"href":"https:\/\/epochtimestr.com\/index.php\/wp-json\/wp\/v2\/tags?post=122064"}],"curies":[{"name":"wp","href":"https:\/\/api.w.org\/{rel}","templated":true}]}}