{"id":122373,"date":"2019-07-19T22:28:11","date_gmt":"2019-07-19T19:28:11","guid":{"rendered":"http:\/\/epochtimestr.com\/?p=122373"},"modified":"2019-07-22T15:49:47","modified_gmt":"2019-07-22T12:49:47","slug":"20-temmuz-1999-insanlik-tarihinde-kara-bir-leke","status":"publish","type":"post","link":"https:\/\/epochtimestr.com\/index.php\/20-temmuz-1999-insanlik-tarihinde-kara-bir-leke","title":{"rendered":"20 Temmuz 1999: \u0130nsanl\u0131k Tarihinde Kara Bir Leke"},"content":{"rendered":"\n<div class=\"wp-block-image\"><figure class=\"aligncenter\"><img loading=\"lazy\" decoding=\"async\" width=\"526\" height=\"350\" src=\"https:\/\/epochtimestr.com\/wp-content\/uploads\/2011y\/20-temmuz-2013-mum-n\u00f6beti-washington-21.jpg\" alt=\"\" class=\"wp-image-69752\" srcset=\"https:\/\/epochtimestr.com\/wp-content\/uploads\/2011y\/20-temmuz-2013-mum-n\u00f6beti-washington-21.jpg 526w, https:\/\/epochtimestr.com\/wp-content\/uploads\/2011y\/20-temmuz-2013-mum-n\u00f6beti-washington-21-150x99.jpg 150w, https:\/\/epochtimestr.com\/wp-content\/uploads\/2011y\/20-temmuz-2013-mum-n\u00f6beti-washington-21-300x199.jpg 300w, https:\/\/epochtimestr.com\/wp-content\/uploads\/2011y\/20-temmuz-2013-mum-n\u00f6beti-washington-21-292x194.jpg 292w\" sizes=\"(max-width: 526px) 100vw, 526px\" \/><figcaption>Bir Falun Gong uygulay\u0131c\u0131s\u0131 elinde bardak i\u00e7inde mum tutuyor. Washington\/ National Mall   (Edward Dai\/Epoch Times)<\/figcaption><\/figure><\/div>\n\n\n\n<h2 class=\"wp-block-heading\">\u00c7in Kom\u00fcnist Partisi (\u00c7KP)&#8217;nin Eski Devlet Ba\u015fkan\u0131 Jiang Zemin taraf\u0131ndan, Falun Dafa meditasyonu uygulay\u0131c\u0131lar\u0131na kar\u015f\u0131 ba\u015flat\u0131lan i\u015fkence 20. y\u0131l\u0131na girdi. Ac\u0131mas\u0131z <a rel=\"noreferrer noopener\" aria-label=\"soyk\u0131r\u0131m (yeni sekmede a\u00e7\u0131l\u0131r)\" href=\"https:\/\/epochtimestr.com\/index.php\/cindeki-soykirim-hicbir-yerdekine-benzemiyor\" target=\"_blank\">soyk\u0131r\u0131m<\/a> hala devam ediyor.  <\/h2>\n\n\n\n<p>Bundan tam 20 y\u0131l \u00f6nce, 25 Nisan 1999 tarihinde, \u00c7in devleti \u00e7ok talihsiz bir ad\u0131m att\u0131 ve d\u00f6nemin Devlet Ba\u015fkan\u0131 Jiang Zemin&#8217;in talimat\u0131yla b\u00fcy\u00fck \u00e7apl\u0131 bir iftira kampanyas\u0131 ba\u015flatt\u0131.<\/p>\n\n\n\n<p>Bir\u00e7ok Falun Dafa meditasyonu uygulay\u0131c\u0131s\u0131 aniden haks\u0131z yere g\u00f6zalt\u0131na al\u0131nm\u0131\u015ft\u0131. 20 y\u0131l \u00f6nce o g\u00fcn, yakla\u015f\u0131k 10 bin uygulay\u0131c\u0131, g\u00f6zalt\u0131ndaki uygulay\u0131c\u0131lar\u0131n serbest b\u0131rak\u0131lmas\u0131n\u0131 istemek i\u00e7in Pekin\u2019deki temyiz b\u00fcrosunun \u00f6n\u00fcnde topland\u0131. Olay, \u00c7in devlet medyas\u0131 taraf\u0131ndan bir \u201cidari b\u00f6lge ku\u015fatmas\u0131\u201d olarak \u00e7arp\u0131t\u0131ld\u0131. O g\u00fcn ya\u015fananlar, \u00c7in devletinin zulm\u00fc geni\u015f \u00e7apl\u0131 ba\u015flatmas\u0131 i\u00e7in bir bahane oldu ve 20 Temmuz 1999 g\u00fcn\u00fc, \u00c7in\u2019in tamam\u0131nda ak\u0131l almaz bir zul\u00fcm ba\u015flat\u0131ld\u0131.<\/p>\n\n\n\n<p>25\nNisan 1999 olaylar\u0131n\u0131 bahane eden \u00c7in\u2019in eski devlet ba\u015fkan\u0131 Jiang\nZemin,&nbsp;sonras\u0131nda Falun Gong\u2019a kar\u015f\u0131 geni\u015f \u00e7apl\u0131 bir zul\u00fcm ba\u015flatt\u0131 ve\nbunu yaparken t\u00fcm devlet mekanizmas\u0131n\u0131 kulland\u0131. Bunun \u00fczerine binlerce insan\nhapsedildi, a\u015fa\u011f\u0131land\u0131, i\u015fkence g\u00f6rd\u00fc ve hatta organlar\u0131 i\u00e7in \u201csipari\u015f \u00fczerine\u201d\n\u00f6ld\u00fcr\u00fcld\u00fcler.<strong><\/strong><\/p>\n\n\n\n<p><\/p>\n\n\n\n<p>Ki\u015fisel bir geli\u015fim uygulamas\u0131 olan <a href=\"http:\/\/tr.falundafa.org\/\" target=\"_blank\" rel=\"noreferrer noopener\" aria-label=\"Falun Gong (Falun Dafa (yeni sekmede a\u00e7\u0131l\u0131r)\">Falun Gong (Falun Dafa<\/a> olarak da bilinir) 20 y\u0131ld\u0131r \u00c7in h\u00fck\u00fcmeti taraf\u0131ndan zul\u00fcm g\u00f6rmektedir.<\/p>\n\n\n\n<p>Falun Dafa, 1992 y\u0131l\u0131nda \u00c7in&#8217;de halka yay\u0131lmaya ba\u015flam\u0131\u015f, zihin ve beden geli\u015fimi i\u00e7in uygulanan bir ki\u015fisel geli\u015fim uygulamas\u0131d\u0131r. <br \/><br \/>Bu uygulamay\u0131 \u00c7in h\u00fck\u00fcmeti \u00f6nceleri desteklese de, hatta sa\u011fl\u0131\u011fa olan etkileri ile bir\u00e7ok \u00f6d\u00fcl alsa da, uygulay\u0131c\u0131 say\u0131s\u0131n\u0131n k\u0131sa s\u00fcre\u00e7te b\u00fcy\u00fck bir h\u0131zla art\u0131p 100 milyon ki\u015fiye ula\u015fmas\u0131, \u00c7in H\u00fck\u00fcmetinin tehdit hissetmesine sebep oldu. Falun Dafa uygulayanlar\u0131n, \u00c7in Kom\u00fcnist Partisi \u00fcye say\u0131s\u0131n\u0131 b\u00fcy\u00fck bir oranda ge\u00e7mesi h\u00fck\u00fcmete tehdit olarak alg\u0131lanarak, \u00c7in devleti taraf\u0131ndan o zamanki devlet ba\u015fkan\u0131 Jiang Zemin\u2019in emri ile bir yok etme politikas\u0131 ba\u015flat\u0131lm\u0131\u015ft\u0131r. <br \/><br \/>25 Nisan 1999 tarihinde h\u00fck\u00fcmet, bar\u0131\u015f\u00e7\u0131l bir eylemi bahane ederek, Falun Gong&#8217;a kar\u015f\u0131 iftira ve yalan propagandalar\u0131na ba\u015flam\u0131\u015f olsa da,  resmi tarih 20 Temmuz 1999 olarak kabul edilmi\u015ftir.<\/p>\n\n\n\n<figure class=\"wp-block-image\"><img loading=\"lazy\" decoding=\"async\" width=\"600\" height=\"365\" src=\"https:\/\/epochtimestr.com\/wp-content\/uploads\/2011y\/Falun_Gong_Peking_1999_Zhongnanhai__pt_8_pt_8-600x365.jpg\" alt=\"\" class=\"wp-image-91265\" srcset=\"https:\/\/epochtimestr.com\/wp-content\/uploads\/2011y\/Falun_Gong_Peking_1999_Zhongnanhai__pt_8_pt_8.jpg 600w, https:\/\/epochtimestr.com\/wp-content\/uploads\/2011y\/Falun_Gong_Peking_1999_Zhongnanhai__pt_8_pt_8-150x91.jpg 150w, https:\/\/epochtimestr.com\/wp-content\/uploads\/2011y\/Falun_Gong_Peking_1999_Zhongnanhai__pt_8_pt_8-300x183.jpg 300w, https:\/\/epochtimestr.com\/wp-content\/uploads\/2011y\/Falun_Gong_Peking_1999_Zhongnanhai__pt_8_pt_8-292x178.jpg 292w\" sizes=\"(max-width: 600px) 100vw, 600px\" \/><figcaption>24 Nisan 1999 tarihinde 10.000 Falun Gong uygulay\u0131c\u0131s\u0131 Pekin&#8217;deki Temyiz Ofisi\u2019ne dilek\u00e7e vermek i\u00e7in gitti. Sessiz ve d\u00fczenli \u015fekilde beklediler.  (Foto\u011fraf: The Epoch Times)<\/figcaption><\/figure>\n\n\n\n<p>\u00c7in polis departmanlar\u0131 ve istihbarat\u0131 Falun Dafa uygulay\u0131c\u0131lar\u0131n\u0131n herhangi bir tehdit olu\u015fturmad\u0131\u011f\u0131n\u0131, sadece sivil insanlar olduklar\u0131n\u0131, hi\u00e7 bir siyasi g\u00f6r\u00fc\u015fleri olmad\u0131\u011f\u0131n\u0131 defalarca rapor etse de baz\u0131 \u00c7KP y\u00f6neticileri \u015fiddetli bir \u015fekilde yasaklanmas\u0131n\u0131 emretti. \u00d6zel olarak Falun Gong&#8217;u yok etme kampanyas\u0131n\u0131 y\u00fcr\u00fctmek i\u00e7in \u00f6zel 610 polis ofisleri kuruldu.  <br \/><em>610 Ofisi<\/em>, \u00f6zellikle Falun Gong\u2019a zulmetmek i\u00e7in kurulmu\u015f bir kurum olup, \u00c7in devletinin bu kuruma verdi\u011fi g\u00fc\u00e7 \u00c7KP\u2019nin y\u00f6netimindeki, t\u00fcm di\u011fer politik ve adli sistemlerin daha \u00fcst\u00fcnde oldu\u011fu belirtilmektedir.<\/p>\n\n\n\n<p>\u00c7KP&#8217;nin eski ba\u015fkan\u0131 Jiang Zemin, Falun Dafa uygulay\u0131c\u0131lar\u0131n\u0131n itibarlar\u0131n\u0131n zedelenmesini, maddi olarak \u00e7\u00f6kertilmelerini ve bedenlerinin yok edilmelerini emretti. <\/p>\n\n\n\n<p>Hamile kad\u0131nlar, ya\u015fl\u0131lar ve \u00e7ocuklar da dahil Falun Dafa uygulamas\u0131n\u0131 yapan insanlar yasal hi\u00e7 bir yarg\u0131lamadan ge\u00e7meden \u00e7al\u0131\u015fma kamplar\u0131na g\u00f6nderilmektedir. Binlerce insan kanun d\u0131\u015f\u0131 \u015fekilde en uzun s\u00fcreli hapis cezalar\u0131na \u00e7arpt\u0131r\u0131lmakta, binlerce ki\u015fi tutuklanmakta ve neredeyse tamam\u0131 insanl\u0131k d\u0131\u015f\u0131 muamele g\u00f6rmektedir. <\/p>\n\n\n\n<p><strong>Falun Dafa&#8217;ya Kar\u015f\u0131 Ger\u00e7ekle\u015ftirilen Zulme Dair Yap\u0131lan Baz\u0131 Ara\u015ft\u0131rmalar<\/strong><\/p>\n\n\n\n<p>\u00dcnl\u00fc insan haklar\u0131 avukat\u0131 David Matas ve Eski Kanada Bakan\u0131 David Kilgour&#8217;\u0131n birlikte y\u00fcr\u00fctt\u00fc\u011f\u00fc ba\u011f\u0131ms\u0131z bir ara\u015ft\u0131rma raporu, \u00c7in h\u00fck\u00fcmetinin Falun Dafa uygulay\u0131c\u0131lar\u0131na yapt\u0131\u011f\u0131 zulm\u00fcn ac\u0131 boyutlar\u0131n\u0131 g\u00f6zler \u00f6n\u00fcne sermi\u015ftir. Falun Dafa meditasyonu uygulay\u0131c\u0131lar\u0131n\u0131n organlar\u0131n\u0131n, organ ticaretinde kullan\u0131ld\u0131\u011f\u0131 ve organlar\u0131 zorla al\u0131narak \u00f6l\u00fcme terkedildikleri belirlenmi\u015ftir. Bu rapor; <a rel=\"noreferrer noopener\" aria-label=\"Bloody Harvest (Kanl\u0131 Hasat) (yeni sekmede a\u00e7\u0131l\u0131r)\" href=\"https:\/\/bloodyharvest.info\/\" target=\"_blank\">Bloody Harvest (Kanl\u0131 Hasat)<\/a> ad\u0131nda yay\u0131nlam\u0131\u015ft\u0131r ve ula\u015f\u0131labilir haldedir.<\/p>\n\n\n\n<p><em>New York Post&nbsp;ise<\/em>, ge\u00e7ti\u011fimiz g\u00fcnlerde, <a rel=\"noreferrer noopener\" aria-label=\"\u201cEski hastane \u00e7al\u0131\u015fan\u0131, \u00c7inli muhaliflerin organlar\u0131 i\u00e7in idam edildi\u011fini s\u00f6yl\u00fcyor\u201d (yeni sekmede a\u00e7\u0131l\u0131r)\" href=\"https:\/\/epochtimestr.com\/index.php\/new-york-post-cindeki-zorla-canli-organ-hasadina-tanik-olan-eski-bir-hastane-calisanin-anlattiklarini-yayinladi\" target=\"_blank\">\u201cEski hastane \u00e7al\u0131\u015fan\u0131, \u00c7inli muhaliflerin organlar\u0131 i\u00e7in idam edildi\u011fini s\u00f6yl\u00fcyor\u201d<\/a> ba\u015fl\u0131kl\u0131 bir makale yay\u0131nlad\u0131. Eski bir hastane \u00e7al\u0131\u015fan\u0131n\u0131n, \u015fahit oldu\u011fu olaylar\u0131 anlatt\u0131\u011f\u0131 makale,  N\u00fcfus Ara\u015ft\u0131rma Enstit\u00fcs\u00fc ba\u015fkan\u0131 ve \u00c7in hakk\u0131nda bir\u00e7ok yaz\u0131s\u0131 bulunan Amerikal\u0131 bir sosyal bilimci olan Steven W. Mosher taraf\u0131ndan yaz\u0131lm\u0131\u015ft\u0131r. <\/p>\n\n\n\n<p>D\u00fcnyaca \u00fcnl\u00fc Forbes dergisi de, <a href=\"https:\/\/epochtimestr.com\/index.php\/forbes-business-dergisi-cinde-falun-dafa-uygulayicilarinin-maruz-kaldigi-yasadisi-organ-ticaretini-tartisiyor\" target=\"_blank\" rel=\"noreferrer noopener\" aria-label=\" \u201c\u00c7in\u2019deki yasad\u0131\u015f\u0131 organ ticareti ak\u0131llarda bir\u00e7ok soru i\u015fareti b\u0131rak\u0131yor\u201d  (yeni sekmede a\u00e7\u0131l\u0131r)\"> \u201c\u00c7in\u2019deki yasad\u0131\u015f\u0131 organ ticareti ak\u0131llarda bir\u00e7ok soru i\u015fareti b\u0131rak\u0131yor\u201d <\/a>ba\u015fl\u0131kl\u0131 bir makale yan\u0131nlam\u0131\u015f, ve  <br \/><a rel=\"noreferrer noopener\" href=\"http:\/\/tr.falundafa.org\/\" target=\"_blank\">Falun Dafa\u00a0<\/a>uygulay\u0131c\u0131lar\u0131n\u0131n maruz kald\u0131\u011f\u0131 yasad\u0131\u015f\u0131 organ ticareti ile ilgili ortada bir\u00e7ok sa\u011flam kan\u0131t bulunmakta oldu\u011funu belirtmi\u015ftir. \u00c7in\u2019de cereyan eden ve inan\u0131lmas\u0131 g\u00fc\u00e7 olan yasad\u0131\u015f\u0131 organ ticareti, g\u00fcn ge\u00e7tik\u00e7e daha fazla kamuoyunun ve toplumun ilgisini \u00e7ekmektedir. <\/p>\n\n\n\n<p><strong>Falun Dafa Uygulay\u0131c\u0131lar\u0131 \u00dczerinde Uygulanan Organ Ticareti<\/strong><\/p>\n\n\n\n<p>Falun Dafa 20 y\u0131l \u00f6nce sadece yasaklanmakla kalmam\u0131\u015f, ayn\u0131 zamanda hapishanelerde, ak\u0131l hastanelerinde ve toplama kamplar\u0131nda tutulan bu masum insanlar\u0131n organlar\u0131, zorla \u00e7\u0131kart\u0131l\u0131p devlet hastanelerine sat\u0131l\u0131r bir hale getirilmi\u015ftir<\/p>\n\n\n\n<p>Masum insanlardan, zorla \u00e7\u0131kar\u0131lan kornea, kalp, b\u00f6brek, karaci\u011fer gibi ya\u015fam organlar\u0131 fahi\u015f fiyatlara sat\u0131ld\u0131\u011f\u0131 belirtilmektedir. Organlar\u0131 al\u0131nan Falun Dafa uygulay\u0131c\u0131lar\u0131 \u00f6l\u00fcme terk edilmektedir.<\/p>\n\n\n\n<p>&#8220;Falun Gong Uygulay\u0131c\u0131lar\u0131n\u0131n Fiziksel olarak yok edilmesi&#8221; politikas\u0131, polis y\u00fcksek devlet mahkemesi ve \u00c7in yarg\u0131 sistemi taraf\u0131ndan y\u00fcr\u00fct\u00fcld\u00fc. \u00d6l\u00fcmler, 30&#8217;dan fazla eyalette, \u00f6zerk b\u00f6lgelerde ve belediyelerde vuku buldu. <\/p>\n\n\n\n<p>Sadece resmi a\u00e7\u0131klamalarda yer alan bilgi, \u00f6lenlerin en genci 10 ayl\u0131k, en ya\u015fl\u0131s\u0131 82 ya\u015f\u0131nda. <\/p>\n\n\n\n<p><a href=\"https:\/\/faluninfo.net\/\" target=\"_blank\" rel=\"noreferrer noopener\" aria-label=\"Resmi olarak en az 4316&nbsp;Falun Dafa uygulay\u0131c\u0131s\u0131n\u0131n  (yeni sekmede a\u00e7\u0131l\u0131r)\">Resmi olarak en az <\/a><strong><a href=\"https:\/\/faluninfo.net\/\" target=\"_blank\" rel=\"noreferrer noopener\" aria-label=\"Resmi olarak en az 4316&nbsp;Falun Dafa uygulay\u0131c\u0131s\u0131n\u0131n  (yeni sekmede a\u00e7\u0131l\u0131r)\">4316&nbsp;<\/a><\/strong><a href=\"https:\/\/faluninfo.net\/\" target=\"_blank\" rel=\"noreferrer noopener\" aria-label=\"Resmi olarak en az 4316&nbsp;Falun Dafa uygulay\u0131c\u0131s\u0131n\u0131n  (yeni sekmede a\u00e7\u0131l\u0131r)\">Falun Dafa uygulay\u0131c\u0131s\u0131n\u0131n <\/a>zul\u00fcmde ya\u015fam\u0131n\u0131 yitirdi\u011fi a\u00e7\u0131klansa da, bir\u00e7ok \u00c7KP g\u00f6revlisi i\u015fkenceden \u00f6len uygulay\u0131c\u0131 say\u0131s\u0131n\u0131n \u00e7ok daha fazla oldu\u011funu itiraf etmi\u015ftir.  <\/p>\n\n\n\n<figure class=\"wp-block-image\"><img loading=\"lazy\" decoding=\"async\" width=\"600\" height=\"330\" src=\"https:\/\/epochtimestr.com\/wp-content\/uploads\/2011y\/organharvesting-640x352-600x330.png\" alt=\"\" class=\"wp-image-111400\" srcset=\"https:\/\/epochtimestr.com\/wp-content\/uploads\/2011y\/organharvesting-640x352.png 600w, https:\/\/epochtimestr.com\/wp-content\/uploads\/2011y\/organharvesting-640x352-150x83.png 150w, https:\/\/epochtimestr.com\/wp-content\/uploads\/2011y\/organharvesting-640x352-300x165.png 300w, https:\/\/epochtimestr.com\/wp-content\/uploads\/2011y\/organharvesting-640x352-292x161.png 292w\" sizes=\"(max-width: 600px) 100vw, 600px\" \/><figcaption>Yasad\u0131\u015f\u0131 Organ Ticareti Canland\u0131rmas\u0131 (Foto\u011fraf: Epoch Times)<\/figcaption><\/figure>\n\n\n\n<p>\u00d6te yandan, 500.000\u2019den fazla Falun Gong uygulay\u0131c\u0131s\u0131 \u00e7al\u0131\u015fma kamplar\u0131nda ve&nbsp;hapishanelerde ciddi i\u015fkencelere maruz kald\u0131.<\/p>\n\n\n\n<p>65.000\u2019den fazla canl\u0131 ve sa\u011fl\u0131kl\u0131 Falun Gong uygulay\u0131c\u0131s\u0131 ise,&nbsp;hayati \u00f6nem ta\u015f\u0131yan organlar\u0131n\u0131n yasad\u0131\u015f\u0131 yollarla al\u0131nmas\u0131na maruz kald\u0131. Bu durum Avrupa &nbsp;taraf\u0131ndan da onaylanm\u0131\u015ft\u0131r. (12 Aral\u0131k 2013).<\/p>\n\n\n\n<p>3960 ki\u015finin cezaevlerinde ve \u00e7al\u0131\u015fma kamplar\u0131nda polis memurlar\u0131, g\u00fcvenlik g\u00f6revlileri ve gardiyanlar taraf\u0131ndan g\u00f6rd\u00fckleri i\u015fkenceler sonucu \u00f6ld\u00fckleri belgelenmi\u015ftir.<\/p>\n\n\n\n<figure class=\"wp-block-embed-youtube wp-block-embed is-type-video is-provider-youtube wp-embed-aspect-16-9 wp-has-aspect-ratio\"><div class=\"wp-block-embed__wrapper\">\n<iframe loading=\"lazy\" width=\"1170\" height=\"658\" src=\"https:\/\/www.youtube.com\/embed\/BxoORFt60-I?wmode=transparent&amp;rel=0&amp;feature=oembed\" frameborder=\"0\" allow=\"accelerometer; autoplay; encrypted-media; gyroscope; picture-in-picture\" allowfullscreen><\/iframe>\n<\/div><\/figure>\n\n\n\n<p><\/p>\n\n\n\n<p><\/p>\n\n\n\n<p><\/p>\n\n\n\n<p><\/p>\n","protected":false},"excerpt":{"rendered":"<p>\u00c7in Kom\u00fcnist Partisi (\u00c7KP)&#8217;nin Eski Devlet Ba\u015fkan\u0131 Jiang Zemin taraf\u0131ndan, Falun Dafa meditasyonu uygulay\u0131c\u0131lar\u0131na kar\u015f\u0131 ba\u015flat\u0131lan i\u015fkence 20. y\u0131l\u0131na girdi. Ac\u0131mas\u0131z soyk\u0131r\u0131m hala devam ediyor. Bundan tam 20 y\u0131l \u00f6nce, 25 Nisan 1999 tarihinde, \u00c7in devleti \u00e7ok talihsiz bir ad\u0131m att\u0131 ve d\u00f6nemin Devlet Ba\u015fkan\u0131 Jiang Zemin&#8217;in talimat\u0131yla b\u00fcy\u00fck \u00e7apl\u0131 bir iftira kampanyas\u0131 ba\u015flatt\u0131. Bir\u00e7ok [&hellip;]<\/p>\n","protected":false},"author":12791,"featured_media":69752,"comment_status":"closed","ping_status":"open","sticky":false,"template":"","format":"standard","meta":{"_yoast_wpseo_focuskw":"","_yoast_wpseo_title":"","_yoast_wpseo_metadesc":"","_bbp_topic_count":0,"_bbp_reply_count":0,"_bbp_total_topic_count":0,"_bbp_total_reply_count":0,"_bbp_voice_count":0,"_bbp_anonymous_reply_count":0,"_bbp_topic_count_hidden":0,"_bbp_reply_count_hidden":0,"_bbp_forum_subforum_count":0,"footnotes":"","_yoast_wpseo_focuskw_text_input":""},"categories":[8,2045,35,519,1,40],"tags":[],"yoast_head":"<!-- This site is optimized with the Yoast SEO plugin v23.0 - https:\/\/yoast.com\/wordpress\/plugins\/seo\/ -->\n<title>20 Temmuz 1999: \u0130nsanl\u0131k Tarihinde Kara Bir Leke - The Epoch Times TR<\/title>\n<meta name=\"robots\" content=\"index, follow, max-snippet:-1, max-image-preview:large, max-video-preview:-1\" \/>\n<link rel=\"canonical\" href=\"https:\/\/epochtimestr.com\/index.php\/20-temmuz-1999-insanlik-tarihinde-kara-bir-leke\" \/>\n<meta property=\"og:locale\" content=\"tr_TR\" \/>\n<meta property=\"og:type\" content=\"article\" \/>\n<meta property=\"og:title\" content=\"20 Temmuz 1999: \u0130nsanl\u0131k Tarihinde Kara Bir Leke - The Epoch Times TR\" \/>\n<meta property=\"og:description\" content=\"\u00c7in Kom\u00fcnist Partisi (\u00c7KP)&#8217;nin Eski Devlet Ba\u015fkan\u0131 Jiang Zemin taraf\u0131ndan, Falun Dafa meditasyonu uygulay\u0131c\u0131lar\u0131na kar\u015f\u0131 ba\u015flat\u0131lan i\u015fkence 20. y\u0131l\u0131na girdi. Ac\u0131mas\u0131z soyk\u0131r\u0131m hala devam ediyor. Bundan tam 20 y\u0131l \u00f6nce, 25 Nisan 1999 tarihinde, \u00c7in devleti \u00e7ok talihsiz bir ad\u0131m att\u0131 ve d\u00f6nemin Devlet Ba\u015fkan\u0131 Jiang Zemin&#8217;in talimat\u0131yla b\u00fcy\u00fck \u00e7apl\u0131 bir iftira kampanyas\u0131 ba\u015flatt\u0131. Bir\u00e7ok [&hellip;]\" \/>\n<meta property=\"og:url\" content=\"https:\/\/epochtimestr.com\/index.php\/20-temmuz-1999-insanlik-tarihinde-kara-bir-leke\" \/>\n<meta property=\"og:site_name\" content=\"The Epoch Times TR\" \/>\n<meta property=\"article:publisher\" content=\"https:\/\/www.facebook.com\/theepochtimestr\" \/>\n<meta property=\"article:published_time\" content=\"2019-07-19T19:28:11+00:00\" \/>\n<meta property=\"article:modified_time\" content=\"2019-07-22T12:49:47+00:00\" \/>\n<meta property=\"og:image\" content=\"https:\/\/epochtimestr.com\/wp-content\/uploads\/2011y\/20-temmuz-2013-mum-n\u00f6beti-washington-21.jpg\" \/>\n\t<meta property=\"og:image:width\" content=\"526\" \/>\n\t<meta property=\"og:image:height\" content=\"350\" \/>\n\t<meta property=\"og:image:type\" content=\"image\/jpeg\" \/>\n<meta name=\"author\" content=\"Haber Merkezi\" \/>\n<meta name=\"twitter:card\" content=\"summary_large_image\" \/>\n<meta name=\"twitter:creator\" content=\"@TheEpochTimesTR\" \/>\n<meta name=\"twitter:site\" content=\"@TheEpochTimesTR\" \/>\n<meta name=\"twitter:label1\" content=\"Yazan:\" \/>\n\t<meta name=\"twitter:data1\" content=\"Haber Merkezi\" \/>\n\t<meta name=\"twitter:label2\" content=\"Tahmini okuma s\u00fcresi\" \/>\n\t<meta name=\"twitter:data2\" content=\"6 dakika\" \/>\n<script type=\"application\/ld+json\" class=\"yoast-schema-graph\">{\"@context\":\"https:\/\/schema.org\",\"@graph\":[{\"@type\":\"Article\",\"@id\":\"https:\/\/epochtimestr.com\/index.php\/20-temmuz-1999-insanlik-tarihinde-kara-bir-leke#article\",\"isPartOf\":{\"@id\":\"https:\/\/epochtimestr.com\/index.php\/20-temmuz-1999-insanlik-tarihinde-kara-bir-leke\"},\"author\":{\"name\":\"Haber Merkezi\",\"@id\":\"https:\/\/epochtimestr.com\/#\/schema\/person\/3dc5c3adeb9f43923c5aa85889172fdd\"},\"headline\":\"20 Temmuz 1999: \u0130nsanl\u0131k Tarihinde Kara Bir Leke\",\"datePublished\":\"2019-07-19T19:28:11+00:00\",\"dateModified\":\"2019-07-22T12:49:47+00:00\",\"mainEntityOfPage\":{\"@id\":\"https:\/\/epochtimestr.com\/index.php\/20-temmuz-1999-insanlik-tarihinde-kara-bir-leke\"},\"wordCount\":1197,\"publisher\":{\"@id\":\"https:\/\/epochtimestr.com\/#organization\"},\"image\":{\"@id\":\"https:\/\/epochtimestr.com\/index.php\/20-temmuz-1999-insanlik-tarihinde-kara-bir-leke#primaryimage\"},\"thumbnailUrl\":\"https:\/\/epochtimestr.com\/wp-content\/uploads\/2011y\/20-temmuz-2013-mum-n\u00f6beti-washington-21.jpg\",\"articleSection\":[\"\u00c7\u0130N\",\"\u00c7in Rejimi\",\"\u00c7in'de \u0130nsan Haklar\u0131\",\"ED\u0130T\u00d6R\u00dcN SE\u00c7\u0130M\u0130\",\"G\u00dcNDEM\",\"Yasa D\u0131\u015f\u0131 Organ Ticareti\"],\"inLanguage\":\"tr\"},{\"@type\":\"WebPage\",\"@id\":\"https:\/\/epochtimestr.com\/index.php\/20-temmuz-1999-insanlik-tarihinde-kara-bir-leke\",\"url\":\"https:\/\/epochtimestr.com\/index.php\/20-temmuz-1999-insanlik-tarihinde-kara-bir-leke\",\"name\":\"20 Temmuz 1999: \u0130nsanl\u0131k Tarihinde Kara Bir Leke - The Epoch Times TR\",\"isPartOf\":{\"@id\":\"https:\/\/epochtimestr.com\/#website\"},\"primaryImageOfPage\":{\"@id\":\"https:\/\/epochtimestr.com\/index.php\/20-temmuz-1999-insanlik-tarihinde-kara-bir-leke#primaryimage\"},\"image\":{\"@id\":\"https:\/\/epochtimestr.com\/index.php\/20-temmuz-1999-insanlik-tarihinde-kara-bir-leke#primaryimage\"},\"thumbnailUrl\":\"https:\/\/epochtimestr.com\/wp-content\/uploads\/2011y\/20-temmuz-2013-mum-n\u00f6beti-washington-21.jpg\",\"datePublished\":\"2019-07-19T19:28:11+00:00\",\"dateModified\":\"2019-07-22T12:49:47+00:00\",\"inLanguage\":\"tr\",\"potentialAction\":[{\"@type\":\"ReadAction\",\"target\":[\"https:\/\/epochtimestr.com\/index.php\/20-temmuz-1999-insanlik-tarihinde-kara-bir-leke\"]}]},{\"@type\":\"ImageObject\",\"inLanguage\":\"tr\",\"@id\":\"https:\/\/epochtimestr.com\/index.php\/20-temmuz-1999-insanlik-tarihinde-kara-bir-leke#primaryimage\",\"url\":\"https:\/\/epochtimestr.com\/wp-content\/uploads\/2011y\/20-temmuz-2013-mum-n\u00f6beti-washington-21.jpg\",\"contentUrl\":\"https:\/\/epochtimestr.com\/wp-content\/uploads\/2011y\/20-temmuz-2013-mum-n\u00f6beti-washington-21.jpg\",\"width\":526,\"height\":350,\"caption\":\"Bir Falun Gong uygulay\u0131c\u0131s\u0131 elinde bardak i\u00e7inde mum tutuyor. Washington\/ National Mall (Edward Dai\/Epoch Times\"},{\"@type\":\"WebSite\",\"@id\":\"https:\/\/epochtimestr.com\/#website\",\"url\":\"https:\/\/epochtimestr.com\/\",\"name\":\"The Epoch Times TR\",\"description\":\"De\u011fi\u015fen D\u00fcnyam\u0131za Taze Bir Bak\u0131\u015f\",\"publisher\":{\"@id\":\"https:\/\/epochtimestr.com\/#organization\"},\"potentialAction\":[{\"@type\":\"SearchAction\",\"target\":{\"@type\":\"EntryPoint\",\"urlTemplate\":\"https:\/\/epochtimestr.com\/?s={search_term_string}\"},\"query-input\":\"required name=search_term_string\"}],\"inLanguage\":\"tr\"},{\"@type\":\"Organization\",\"@id\":\"https:\/\/epochtimestr.com\/#organization\",\"name\":\"The EpochTimes T\u00fcrkiye\",\"url\":\"https:\/\/epochtimestr.com\/\",\"logo\":{\"@type\":\"ImageObject\",\"inLanguage\":\"tr\",\"@id\":\"https:\/\/epochtimestr.com\/#\/schema\/logo\/image\/\",\"url\":\"https:\/\/epochtimestr.com\/wp-content\/uploads\/2011y\/ET-Logo-YG.jpg\",\"contentUrl\":\"https:\/\/epochtimestr.com\/wp-content\/uploads\/2011y\/ET-Logo-YG.jpg\",\"width\":346,\"height\":29,\"caption\":\"The EpochTimes T\u00fcrkiye\"},\"image\":{\"@id\":\"https:\/\/epochtimestr.com\/#\/schema\/logo\/image\/\"},\"sameAs\":[\"https:\/\/www.facebook.com\/theepochtimestr\",\"https:\/\/x.com\/TheEpochTimesTR\",\"https:\/\/www.instagram.com\/epochtimestr\"]},{\"@type\":\"Person\",\"@id\":\"https:\/\/epochtimestr.com\/#\/schema\/person\/3dc5c3adeb9f43923c5aa85889172fdd\",\"name\":\"Haber Merkezi\",\"image\":{\"@type\":\"ImageObject\",\"inLanguage\":\"tr\",\"@id\":\"https:\/\/epochtimestr.com\/#\/schema\/person\/image\/\",\"url\":\"https:\/\/secure.gravatar.com\/avatar\/d73f772ba5a74f28601361e17c2f93e6?s=96&d=mm&r=g\",\"contentUrl\":\"https:\/\/secure.gravatar.com\/avatar\/d73f772ba5a74f28601361e17c2f93e6?s=96&d=mm&r=g\",\"caption\":\"Haber Merkezi\"},\"url\":\"https:\/\/epochtimestr.com\/index.php\/author\/sendag\"}]}<\/script>\n<!-- \/ Yoast SEO plugin. -->","yoast_head_json":{"title":"20 Temmuz 1999: \u0130nsanl\u0131k Tarihinde Kara Bir Leke - The Epoch Times TR","robots":{"index":"index","follow":"follow","max-snippet":"max-snippet:-1","max-image-preview":"max-image-preview:large","max-video-preview":"max-video-preview:-1"},"canonical":"https:\/\/epochtimestr.com\/index.php\/20-temmuz-1999-insanlik-tarihinde-kara-bir-leke","og_locale":"tr_TR","og_type":"article","og_title":"20 Temmuz 1999: \u0130nsanl\u0131k Tarihinde Kara Bir Leke - The Epoch Times TR","og_description":"\u00c7in Kom\u00fcnist Partisi (\u00c7KP)&#8217;nin Eski Devlet Ba\u015fkan\u0131 Jiang Zemin taraf\u0131ndan, Falun Dafa meditasyonu uygulay\u0131c\u0131lar\u0131na kar\u015f\u0131 ba\u015flat\u0131lan i\u015fkence 20. y\u0131l\u0131na girdi. Ac\u0131mas\u0131z soyk\u0131r\u0131m hala devam ediyor. Bundan tam 20 y\u0131l \u00f6nce, 25 Nisan 1999 tarihinde, \u00c7in devleti \u00e7ok talihsiz bir ad\u0131m att\u0131 ve d\u00f6nemin Devlet Ba\u015fkan\u0131 Jiang Zemin&#8217;in talimat\u0131yla b\u00fcy\u00fck \u00e7apl\u0131 bir iftira kampanyas\u0131 ba\u015flatt\u0131. Bir\u00e7ok [&hellip;]","og_url":"https:\/\/epochtimestr.com\/index.php\/20-temmuz-1999-insanlik-tarihinde-kara-bir-leke","og_site_name":"The Epoch Times TR","article_publisher":"https:\/\/www.facebook.com\/theepochtimestr","article_published_time":"2019-07-19T19:28:11+00:00","article_modified_time":"2019-07-22T12:49:47+00:00","og_image":[{"width":526,"height":350,"url":"https:\/\/epochtimestr.com\/wp-content\/uploads\/2011y\/20-temmuz-2013-mum-n\u00f6beti-washington-21.jpg","type":"image\/jpeg"}],"author":"Haber Merkezi","twitter_card":"summary_large_image","twitter_creator":"@TheEpochTimesTR","twitter_site":"@TheEpochTimesTR","twitter_misc":{"Yazan:":"Haber Merkezi","Tahmini okuma s\u00fcresi":"6 dakika"},"schema":{"@context":"https:\/\/schema.org","@graph":[{"@type":"Article","@id":"https:\/\/epochtimestr.com\/index.php\/20-temmuz-1999-insanlik-tarihinde-kara-bir-leke#article","isPartOf":{"@id":"https:\/\/epochtimestr.com\/index.php\/20-temmuz-1999-insanlik-tarihinde-kara-bir-leke"},"author":{"name":"Haber Merkezi","@id":"https:\/\/epochtimestr.com\/#\/schema\/person\/3dc5c3adeb9f43923c5aa85889172fdd"},"headline":"20 Temmuz 1999: \u0130nsanl\u0131k Tarihinde Kara Bir Leke","datePublished":"2019-07-19T19:28:11+00:00","dateModified":"2019-07-22T12:49:47+00:00","mainEntityOfPage":{"@id":"https:\/\/epochtimestr.com\/index.php\/20-temmuz-1999-insanlik-tarihinde-kara-bir-leke"},"wordCount":1197,"publisher":{"@id":"https:\/\/epochtimestr.com\/#organization"},"image":{"@id":"https:\/\/epochtimestr.com\/index.php\/20-temmuz-1999-insanlik-tarihinde-kara-bir-leke#primaryimage"},"thumbnailUrl":"https:\/\/epochtimestr.com\/wp-content\/uploads\/2011y\/20-temmuz-2013-mum-n\u00f6beti-washington-21.jpg","articleSection":["\u00c7\u0130N","\u00c7in Rejimi","\u00c7in'de \u0130nsan Haklar\u0131","ED\u0130T\u00d6R\u00dcN SE\u00c7\u0130M\u0130","G\u00dcNDEM","Yasa D\u0131\u015f\u0131 Organ Ticareti"],"inLanguage":"tr"},{"@type":"WebPage","@id":"https:\/\/epochtimestr.com\/index.php\/20-temmuz-1999-insanlik-tarihinde-kara-bir-leke","url":"https:\/\/epochtimestr.com\/index.php\/20-temmuz-1999-insanlik-tarihinde-kara-bir-leke","name":"20 Temmuz 1999: \u0130nsanl\u0131k Tarihinde Kara Bir Leke - The Epoch Times TR","isPartOf":{"@id":"https:\/\/epochtimestr.com\/#website"},"primaryImageOfPage":{"@id":"https:\/\/epochtimestr.com\/index.php\/20-temmuz-1999-insanlik-tarihinde-kara-bir-leke#primaryimage"},"image":{"@id":"https:\/\/epochtimestr.com\/index.php\/20-temmuz-1999-insanlik-tarihinde-kara-bir-leke#primaryimage"},"thumbnailUrl":"https:\/\/epochtimestr.com\/wp-content\/uploads\/2011y\/20-temmuz-2013-mum-n\u00f6beti-washington-21.jpg","datePublished":"2019-07-19T19:28:11+00:00","dateModified":"2019-07-22T12:49:47+00:00","inLanguage":"tr","potentialAction":[{"@type":"ReadAction","target":["https:\/\/epochtimestr.com\/index.php\/20-temmuz-1999-insanlik-tarihinde-kara-bir-leke"]}]},{"@type":"ImageObject","inLanguage":"tr","@id":"https:\/\/epochtimestr.com\/index.php\/20-temmuz-1999-insanlik-tarihinde-kara-bir-leke#primaryimage","url":"https:\/\/epochtimestr.com\/wp-content\/uploads\/2011y\/20-temmuz-2013-mum-n\u00f6beti-washington-21.jpg","contentUrl":"https:\/\/epochtimestr.com\/wp-content\/uploads\/2011y\/20-temmuz-2013-mum-n\u00f6beti-washington-21.jpg","width":526,"height":350,"caption":"Bir Falun Gong uygulay\u0131c\u0131s\u0131 elinde bardak i\u00e7inde mum tutuyor. Washington\/ National Mall (Edward Dai\/Epoch Times"},{"@type":"WebSite","@id":"https:\/\/epochtimestr.com\/#website","url":"https:\/\/epochtimestr.com\/","name":"The Epoch Times TR","description":"De\u011fi\u015fen D\u00fcnyam\u0131za Taze Bir Bak\u0131\u015f","publisher":{"@id":"https:\/\/epochtimestr.com\/#organization"},"potentialAction":[{"@type":"SearchAction","target":{"@type":"EntryPoint","urlTemplate":"https:\/\/epochtimestr.com\/?s={search_term_string}"},"query-input":"required name=search_term_string"}],"inLanguage":"tr"},{"@type":"Organization","@id":"https:\/\/epochtimestr.com\/#organization","name":"The EpochTimes T\u00fcrkiye","url":"https:\/\/epochtimestr.com\/","logo":{"@type":"ImageObject","inLanguage":"tr","@id":"https:\/\/epochtimestr.com\/#\/schema\/logo\/image\/","url":"https:\/\/epochtimestr.com\/wp-content\/uploads\/2011y\/ET-Logo-YG.jpg","contentUrl":"https:\/\/epochtimestr.com\/wp-content\/uploads\/2011y\/ET-Logo-YG.jpg","width":346,"height":29,"caption":"The EpochTimes T\u00fcrkiye"},"image":{"@id":"https:\/\/epochtimestr.com\/#\/schema\/logo\/image\/"},"sameAs":["https:\/\/www.facebook.com\/theepochtimestr","https:\/\/x.com\/TheEpochTimesTR","https:\/\/www.instagram.com\/epochtimestr"]},{"@type":"Person","@id":"https:\/\/epochtimestr.com\/#\/schema\/person\/3dc5c3adeb9f43923c5aa85889172fdd","name":"Haber Merkezi","image":{"@type":"ImageObject","inLanguage":"tr","@id":"https:\/\/epochtimestr.com\/#\/schema\/person\/image\/","url":"https:\/\/secure.gravatar.com\/avatar\/d73f772ba5a74f28601361e17c2f93e6?s=96&d=mm&r=g","contentUrl":"https:\/\/secure.gravatar.com\/avatar\/d73f772ba5a74f28601361e17c2f93e6?s=96&d=mm&r=g","caption":"Haber Merkezi"},"url":"https:\/\/epochtimestr.com\/index.php\/author\/sendag"}]}},"_links":{"self":[{"href":"https:\/\/epochtimestr.com\/index.php\/wp-json\/wp\/v2\/posts\/122373"}],"collection":[{"href":"https:\/\/epochtimestr.com\/index.php\/wp-json\/wp\/v2\/posts"}],"about":[{"href":"https:\/\/epochtimestr.com\/index.php\/wp-json\/wp\/v2\/types\/post"}],"author":[{"embeddable":true,"href":"https:\/\/epochtimestr.com\/index.php\/wp-json\/wp\/v2\/users\/12791"}],"replies":[{"embeddable":true,"href":"https:\/\/epochtimestr.com\/index.php\/wp-json\/wp\/v2\/comments?post=122373"}],"version-history":[{"count":10,"href":"https:\/\/epochtimestr.com\/index.php\/wp-json\/wp\/v2\/posts\/122373\/revisions"}],"predecessor-version":[{"id":122439,"href":"https:\/\/epochtimestr.com\/index.php\/wp-json\/wp\/v2\/posts\/122373\/revisions\/122439"}],"wp:featuredmedia":[{"embeddable":true,"href":"https:\/\/epochtimestr.com\/index.php\/wp-json\/wp\/v2\/media\/69752"}],"wp:attachment":[{"href":"https:\/\/epochtimestr.com\/index.php\/wp-json\/wp\/v2\/media?parent=122373"}],"wp:term":[{"taxonomy":"category","embeddable":true,"href":"https:\/\/epochtimestr.com\/index.php\/wp-json\/wp\/v2\/categories?post=122373"},{"taxonomy":"post_tag","embeddable":true,"href":"https:\/\/epochtimestr.com\/index.php\/wp-json\/wp\/v2\/tags?post=122373"}],"curies":[{"name":"wp","href":"https:\/\/api.w.org\/{rel}","templated":true}]}}