{"id":122532,"date":"2019-07-27T22:00:14","date_gmt":"2019-07-27T19:00:14","guid":{"rendered":"http:\/\/epochtimestr.com\/?p=122532"},"modified":"2019-07-27T22:13:07","modified_gmt":"2019-07-27T19:13:07","slug":"imamogluna-sandikli-ilcesiden-buyuk-ilgi","status":"publish","type":"post","link":"https:\/\/epochtimestr.com\/index.php\/imamogluna-sandikli-ilcesiden-buyuk-ilgi","title":{"rendered":"\u0130mamo\u011flu&#8217;na Sand\u0131kl\u0131 \u0130l\u00e7esi&#8217;nden B\u00fcy\u00fck \u0130lgi"},"content":{"rendered":"\n<figure class=\"wp-block-image\"><img loading=\"lazy\" decoding=\"async\" width=\"559\" height=\"400\" src=\"https:\/\/epochtimestr.com\/wp-content\/uploads\/2011y\/Ekrem_Imamoglu_-559x400.png\" alt=\"\" class=\"wp-image-121435\" srcset=\"https:\/\/epochtimestr.com\/wp-content\/uploads\/2011y\/Ekrem_Imamoglu_-559x400.png 559w, https:\/\/epochtimestr.com\/wp-content\/uploads\/2011y\/Ekrem_Imamoglu_-150x107.png 150w, https:\/\/epochtimestr.com\/wp-content\/uploads\/2011y\/Ekrem_Imamoglu_-300x215.png 300w, https:\/\/epochtimestr.com\/wp-content\/uploads\/2011y\/Ekrem_Imamoglu_-768x550.png 768w, https:\/\/epochtimestr.com\/wp-content\/uploads\/2011y\/Ekrem_Imamoglu_.png 803w\" sizes=\"(max-width: 559px) 100vw, 559px\" \/><\/figure>\n\n\n\n\n\n<h2 class=\"wp-block-heading\">\u0130stanbul B\u00fcy\u00fck\u015fehir Belediye (IBB) Ba\u015fkan\u0131 Ekrem \u0130mamo\u011flu, Afyonkarahisar Sand\u0131kl\u0131 il\u00e7esi&#8217;nde d\u00fczenlenen programa kat\u0131ld\u0131.<\/h2>\n\n\n\n<p>Sand\u0131kl\u0131 il\u00e7esi, Serikli k\u00f6y\u00fcnde d\u00fczenlenen, Sar\u0131 Sel\u00e7ik Dede&#8217;yi anma program\u0131na kat\u0131lan \u0130mamo\u011flu, CHP lideri Kemal K\u0131l\u0131\u00e7daro\u011flu hakk\u0131nda konu\u015ftu.<\/p>\n\n\n\n<p>\u0130mamo\u011flu, \u201cBu g\u00fczel ba\u015far\u0131y\u0131 konu\u015fuyorsak, onun ho\u015fg\u00f6r\u00fcs\u00fc ile g\u00fczel ahlak\u0131 ile derin bir siyaset m\u00fchendisli\u011fi ile bize bu ba\u015far\u0131n\u0131n \u00f6n\u00fcn\u00fc a\u00e7an Kemal K\u0131l\u0131\u00e7daro\u011flu\u2019dur. Ona minnet duyuyorum. \u0130l ba\u015fkan\u0131m dedi ki, \u2018K\u00f6y\u00fcm\u00fczde b\u00f6yle bir aktivite var. Burada y\u00fczy\u0131llar boyu s\u00fcren bir gelenek var. Mutlaka orada olman\u0131z\u0131 isteriz.\u2019 Heyecan duydum. Yolda gelirken de bu heyecan\u0131 g\u00f6rece\u011fimi d\u00fc\u015f\u00fcnmemi\u015ftim bile\u201d dedi.<\/p>\n\n\n\n<p>Geleneklerin \u00f6nemine de\u011finen \u0130mamo\u011flu, \u201cBu g\u00fczel Anadolu\u2019da ya\u015f\u0131yorsak e\u011fer binlerce y\u0131ll\u0131k tarihine sayg\u0131 duyarak ya\u015famal\u0131y\u0131z. Binlerce y\u0131ll\u0131k o insanlar\u0131n geleneklerine sahip \u00e7\u0131karak ya\u015famal\u0131y\u0131z. Ve hizmet etmeliyiz. Geleneklerine, g\u00f6reneklerine, ya\u015famlar\u0131na, inan\u00e7lar\u0131na, her \u015feyine. Biz \u0130stanbul\u2019da bunu temsil edece\u011fiz\u201d \u015feklinde konu\u015ftu.<\/p>\n\n\n\n<p><\/p>\n\n\n","protected":false},"excerpt":{"rendered":"<p>\u0130stanbul B\u00fcy\u00fck\u015fehir Belediye (IBB) Ba\u015fkan\u0131 Ekrem \u0130mamo\u011flu, Afyonkarahisar Sand\u0131kl\u0131 il\u00e7esi&#8217;nde d\u00fczenlenen programa kat\u0131ld\u0131. Sand\u0131kl\u0131 il\u00e7esi, Serikli k\u00f6y\u00fcnde d\u00fczenlenen, Sar\u0131 Sel\u00e7ik Dede&#8217;yi anma program\u0131na kat\u0131lan \u0130mamo\u011flu, CHP lideri Kemal K\u0131l\u0131\u00e7daro\u011flu hakk\u0131nda konu\u015ftu. \u0130mamo\u011flu, \u201cBu g\u00fczel ba\u015far\u0131y\u0131 konu\u015fuyorsak, onun ho\u015fg\u00f6r\u00fcs\u00fc ile g\u00fczel ahlak\u0131 ile derin bir siyaset m\u00fchendisli\u011fi ile bize bu ba\u015far\u0131n\u0131n \u00f6n\u00fcn\u00fc a\u00e7an Kemal K\u0131l\u0131\u00e7daro\u011flu\u2019dur. Ona [&hellip;]<\/p>\n","protected":false},"author":12791,"featured_media":121435,"comment_status":"closed","ping_status":"open","sticky":false,"template":"","format":"standard","meta":{"_yoast_wpseo_focuskw":"","_yoast_wpseo_title":"","_yoast_wpseo_metadesc":"","_bbp_topic_count":0,"_bbp_reply_count":0,"_bbp_total_topic_count":0,"_bbp_total_reply_count":0,"_bbp_voice_count":0,"_bbp_anonymous_reply_count":0,"_bbp_topic_count_hidden":0,"_bbp_reply_count_hidden":0,"_bbp_forum_subforum_count":0,"footnotes":"","_yoast_wpseo_focuskw_text_input":""},"categories":[1,37],"tags":[],"yoast_head":"<!-- This site is optimized with the Yoast SEO plugin v23.0 - https:\/\/yoast.com\/wordpress\/plugins\/seo\/ -->\n<title>\u0130mamo\u011flu&#039;na Sand\u0131kl\u0131 \u0130l\u00e7esi&#039;nden B\u00fcy\u00fck \u0130lgi - The Epoch Times TR<\/title>\n<meta name=\"robots\" content=\"index, follow, max-snippet:-1, max-image-preview:large, max-video-preview:-1\" \/>\n<link rel=\"canonical\" href=\"https:\/\/epochtimestr.com\/index.php\/imamogluna-sandikli-ilcesiden-buyuk-ilgi\" \/>\n<meta property=\"og:locale\" content=\"tr_TR\" \/>\n<meta property=\"og:type\" content=\"article\" \/>\n<meta property=\"og:title\" content=\"\u0130mamo\u011flu&#039;na Sand\u0131kl\u0131 \u0130l\u00e7esi&#039;nden B\u00fcy\u00fck \u0130lgi - The Epoch Times TR\" \/>\n<meta property=\"og:description\" content=\"\u0130stanbul B\u00fcy\u00fck\u015fehir Belediye (IBB) Ba\u015fkan\u0131 Ekrem \u0130mamo\u011flu, Afyonkarahisar Sand\u0131kl\u0131 il\u00e7esi&#8217;nde d\u00fczenlenen programa kat\u0131ld\u0131. Sand\u0131kl\u0131 il\u00e7esi, Serikli k\u00f6y\u00fcnde d\u00fczenlenen, Sar\u0131 Sel\u00e7ik Dede&#8217;yi anma program\u0131na kat\u0131lan \u0130mamo\u011flu, CHP lideri Kemal K\u0131l\u0131\u00e7daro\u011flu hakk\u0131nda konu\u015ftu. \u0130mamo\u011flu, \u201cBu g\u00fczel ba\u015far\u0131y\u0131 konu\u015fuyorsak, onun ho\u015fg\u00f6r\u00fcs\u00fc ile g\u00fczel ahlak\u0131 ile derin bir siyaset m\u00fchendisli\u011fi ile bize bu ba\u015far\u0131n\u0131n \u00f6n\u00fcn\u00fc a\u00e7an Kemal K\u0131l\u0131\u00e7daro\u011flu\u2019dur. Ona [&hellip;]\" \/>\n<meta property=\"og:url\" content=\"https:\/\/epochtimestr.com\/index.php\/imamogluna-sandikli-ilcesiden-buyuk-ilgi\" \/>\n<meta property=\"og:site_name\" content=\"The Epoch Times TR\" \/>\n<meta property=\"article:publisher\" content=\"https:\/\/www.facebook.com\/theepochtimestr\" \/>\n<meta property=\"article:published_time\" content=\"2019-07-27T19:00:14+00:00\" \/>\n<meta property=\"article:modified_time\" content=\"2019-07-27T19:13:07+00:00\" \/>\n<meta property=\"og:image\" content=\"https:\/\/epochtimestr.com\/wp-content\/uploads\/2011y\/Ekrem_Imamoglu_.png\" \/>\n\t<meta property=\"og:image:width\" content=\"803\" \/>\n\t<meta property=\"og:image:height\" content=\"575\" \/>\n\t<meta property=\"og:image:type\" content=\"image\/png\" \/>\n<meta name=\"author\" content=\"Haber Merkezi\" \/>\n<meta name=\"twitter:card\" content=\"summary_large_image\" \/>\n<meta name=\"twitter:creator\" content=\"@TheEpochTimesTR\" \/>\n<meta name=\"twitter:site\" content=\"@TheEpochTimesTR\" \/>\n<meta name=\"twitter:label1\" content=\"Yazan:\" \/>\n\t<meta name=\"twitter:data1\" content=\"Haber Merkezi\" \/>\n\t<meta name=\"twitter:label2\" content=\"Tahmini okuma s\u00fcresi\" \/>\n\t<meta name=\"twitter:data2\" content=\"1 dakika\" \/>\n<script type=\"application\/ld+json\" class=\"yoast-schema-graph\">{\"@context\":\"https:\/\/schema.org\",\"@graph\":[{\"@type\":\"Article\",\"@id\":\"https:\/\/epochtimestr.com\/index.php\/imamogluna-sandikli-ilcesiden-buyuk-ilgi#article\",\"isPartOf\":{\"@id\":\"https:\/\/epochtimestr.com\/index.php\/imamogluna-sandikli-ilcesiden-buyuk-ilgi\"},\"author\":{\"name\":\"Haber Merkezi\",\"@id\":\"https:\/\/epochtimestr.com\/#\/schema\/person\/3dc5c3adeb9f43923c5aa85889172fdd\"},\"headline\":\"\u0130mamo\u011flu&#8217;na Sand\u0131kl\u0131 \u0130l\u00e7esi&#8217;nden B\u00fcy\u00fck \u0130lgi\",\"datePublished\":\"2019-07-27T19:00:14+00:00\",\"dateModified\":\"2019-07-27T19:13:07+00:00\",\"mainEntityOfPage\":{\"@id\":\"https:\/\/epochtimestr.com\/index.php\/imamogluna-sandikli-ilcesiden-buyuk-ilgi\"},\"wordCount\":219,\"publisher\":{\"@id\":\"https:\/\/epochtimestr.com\/#organization\"},\"image\":{\"@id\":\"https:\/\/epochtimestr.com\/index.php\/imamogluna-sandikli-ilcesiden-buyuk-ilgi#primaryimage\"},\"thumbnailUrl\":\"https:\/\/epochtimestr.com\/wp-content\/uploads\/2011y\/Ekrem_Imamoglu_.png\",\"articleSection\":[\"G\u00dcNDEM\",\"T\u00dcRK\u0130YE\"],\"inLanguage\":\"tr\"},{\"@type\":\"WebPage\",\"@id\":\"https:\/\/epochtimestr.com\/index.php\/imamogluna-sandikli-ilcesiden-buyuk-ilgi\",\"url\":\"https:\/\/epochtimestr.com\/index.php\/imamogluna-sandikli-ilcesiden-buyuk-ilgi\",\"name\":\"\u0130mamo\u011flu'na Sand\u0131kl\u0131 \u0130l\u00e7esi'nden B\u00fcy\u00fck \u0130lgi - The Epoch Times TR\",\"isPartOf\":{\"@id\":\"https:\/\/epochtimestr.com\/#website\"},\"primaryImageOfPage\":{\"@id\":\"https:\/\/epochtimestr.com\/index.php\/imamogluna-sandikli-ilcesiden-buyuk-ilgi#primaryimage\"},\"image\":{\"@id\":\"https:\/\/epochtimestr.com\/index.php\/imamogluna-sandikli-ilcesiden-buyuk-ilgi#primaryimage\"},\"thumbnailUrl\":\"https:\/\/epochtimestr.com\/wp-content\/uploads\/2011y\/Ekrem_Imamoglu_.png\",\"datePublished\":\"2019-07-27T19:00:14+00:00\",\"dateModified\":\"2019-07-27T19:13:07+00:00\",\"inLanguage\":\"tr\",\"potentialAction\":[{\"@type\":\"ReadAction\",\"target\":[\"https:\/\/epochtimestr.com\/index.php\/imamogluna-sandikli-ilcesiden-buyuk-ilgi\"]}]},{\"@type\":\"ImageObject\",\"inLanguage\":\"tr\",\"@id\":\"https:\/\/epochtimestr.com\/index.php\/imamogluna-sandikli-ilcesiden-buyuk-ilgi#primaryimage\",\"url\":\"https:\/\/epochtimestr.com\/wp-content\/uploads\/2011y\/Ekrem_Imamoglu_.png\",\"contentUrl\":\"https:\/\/epochtimestr.com\/wp-content\/uploads\/2011y\/Ekrem_Imamoglu_.png\",\"width\":803,\"height\":575},{\"@type\":\"WebSite\",\"@id\":\"https:\/\/epochtimestr.com\/#website\",\"url\":\"https:\/\/epochtimestr.com\/\",\"name\":\"The Epoch Times TR\",\"description\":\"De\u011fi\u015fen D\u00fcnyam\u0131za Taze Bir Bak\u0131\u015f\",\"publisher\":{\"@id\":\"https:\/\/epochtimestr.com\/#organization\"},\"potentialAction\":[{\"@type\":\"SearchAction\",\"target\":{\"@type\":\"EntryPoint\",\"urlTemplate\":\"https:\/\/epochtimestr.com\/?s={search_term_string}\"},\"query-input\":\"required name=search_term_string\"}],\"inLanguage\":\"tr\"},{\"@type\":\"Organization\",\"@id\":\"https:\/\/epochtimestr.com\/#organization\",\"name\":\"The EpochTimes T\u00fcrkiye\",\"url\":\"https:\/\/epochtimestr.com\/\",\"logo\":{\"@type\":\"ImageObject\",\"inLanguage\":\"tr\",\"@id\":\"https:\/\/epochtimestr.com\/#\/schema\/logo\/image\/\",\"url\":\"https:\/\/epochtimestr.com\/wp-content\/uploads\/2011y\/ET-Logo-YG.jpg\",\"contentUrl\":\"https:\/\/epochtimestr.com\/wp-content\/uploads\/2011y\/ET-Logo-YG.jpg\",\"width\":346,\"height\":29,\"caption\":\"The EpochTimes T\u00fcrkiye\"},\"image\":{\"@id\":\"https:\/\/epochtimestr.com\/#\/schema\/logo\/image\/\"},\"sameAs\":[\"https:\/\/www.facebook.com\/theepochtimestr\",\"https:\/\/x.com\/TheEpochTimesTR\",\"https:\/\/www.instagram.com\/epochtimestr\"]},{\"@type\":\"Person\",\"@id\":\"https:\/\/epochtimestr.com\/#\/schema\/person\/3dc5c3adeb9f43923c5aa85889172fdd\",\"name\":\"Haber Merkezi\",\"image\":{\"@type\":\"ImageObject\",\"inLanguage\":\"tr\",\"@id\":\"https:\/\/epochtimestr.com\/#\/schema\/person\/image\/\",\"url\":\"https:\/\/secure.gravatar.com\/avatar\/d73f772ba5a74f28601361e17c2f93e6?s=96&d=mm&r=g\",\"contentUrl\":\"https:\/\/secure.gravatar.com\/avatar\/d73f772ba5a74f28601361e17c2f93e6?s=96&d=mm&r=g\",\"caption\":\"Haber Merkezi\"},\"url\":\"https:\/\/epochtimestr.com\/index.php\/author\/sendag\"}]}<\/script>\n<!-- \/ Yoast SEO plugin. -->","yoast_head_json":{"title":"\u0130mamo\u011flu'na Sand\u0131kl\u0131 \u0130l\u00e7esi'nden B\u00fcy\u00fck \u0130lgi - The Epoch Times TR","robots":{"index":"index","follow":"follow","max-snippet":"max-snippet:-1","max-image-preview":"max-image-preview:large","max-video-preview":"max-video-preview:-1"},"canonical":"https:\/\/epochtimestr.com\/index.php\/imamogluna-sandikli-ilcesiden-buyuk-ilgi","og_locale":"tr_TR","og_type":"article","og_title":"\u0130mamo\u011flu'na Sand\u0131kl\u0131 \u0130l\u00e7esi'nden B\u00fcy\u00fck \u0130lgi - The Epoch Times TR","og_description":"\u0130stanbul B\u00fcy\u00fck\u015fehir Belediye (IBB) Ba\u015fkan\u0131 Ekrem \u0130mamo\u011flu, Afyonkarahisar Sand\u0131kl\u0131 il\u00e7esi&#8217;nde d\u00fczenlenen programa kat\u0131ld\u0131. Sand\u0131kl\u0131 il\u00e7esi, Serikli k\u00f6y\u00fcnde d\u00fczenlenen, Sar\u0131 Sel\u00e7ik Dede&#8217;yi anma program\u0131na kat\u0131lan \u0130mamo\u011flu, CHP lideri Kemal K\u0131l\u0131\u00e7daro\u011flu hakk\u0131nda konu\u015ftu. \u0130mamo\u011flu, \u201cBu g\u00fczel ba\u015far\u0131y\u0131 konu\u015fuyorsak, onun ho\u015fg\u00f6r\u00fcs\u00fc ile g\u00fczel ahlak\u0131 ile derin bir siyaset m\u00fchendisli\u011fi ile bize bu ba\u015far\u0131n\u0131n \u00f6n\u00fcn\u00fc a\u00e7an Kemal K\u0131l\u0131\u00e7daro\u011flu\u2019dur. Ona [&hellip;]","og_url":"https:\/\/epochtimestr.com\/index.php\/imamogluna-sandikli-ilcesiden-buyuk-ilgi","og_site_name":"The Epoch Times TR","article_publisher":"https:\/\/www.facebook.com\/theepochtimestr","article_published_time":"2019-07-27T19:00:14+00:00","article_modified_time":"2019-07-27T19:13:07+00:00","og_image":[{"width":803,"height":575,"url":"https:\/\/epochtimestr.com\/wp-content\/uploads\/2011y\/Ekrem_Imamoglu_.png","type":"image\/png"}],"author":"Haber Merkezi","twitter_card":"summary_large_image","twitter_creator":"@TheEpochTimesTR","twitter_site":"@TheEpochTimesTR","twitter_misc":{"Yazan:":"Haber Merkezi","Tahmini okuma s\u00fcresi":"1 dakika"},"schema":{"@context":"https:\/\/schema.org","@graph":[{"@type":"Article","@id":"https:\/\/epochtimestr.com\/index.php\/imamogluna-sandikli-ilcesiden-buyuk-ilgi#article","isPartOf":{"@id":"https:\/\/epochtimestr.com\/index.php\/imamogluna-sandikli-ilcesiden-buyuk-ilgi"},"author":{"name":"Haber Merkezi","@id":"https:\/\/epochtimestr.com\/#\/schema\/person\/3dc5c3adeb9f43923c5aa85889172fdd"},"headline":"\u0130mamo\u011flu&#8217;na Sand\u0131kl\u0131 \u0130l\u00e7esi&#8217;nden B\u00fcy\u00fck \u0130lgi","datePublished":"2019-07-27T19:00:14+00:00","dateModified":"2019-07-27T19:13:07+00:00","mainEntityOfPage":{"@id":"https:\/\/epochtimestr.com\/index.php\/imamogluna-sandikli-ilcesiden-buyuk-ilgi"},"wordCount":219,"publisher":{"@id":"https:\/\/epochtimestr.com\/#organization"},"image":{"@id":"https:\/\/epochtimestr.com\/index.php\/imamogluna-sandikli-ilcesiden-buyuk-ilgi#primaryimage"},"thumbnailUrl":"https:\/\/epochtimestr.com\/wp-content\/uploads\/2011y\/Ekrem_Imamoglu_.png","articleSection":["G\u00dcNDEM","T\u00dcRK\u0130YE"],"inLanguage":"tr"},{"@type":"WebPage","@id":"https:\/\/epochtimestr.com\/index.php\/imamogluna-sandikli-ilcesiden-buyuk-ilgi","url":"https:\/\/epochtimestr.com\/index.php\/imamogluna-sandikli-ilcesiden-buyuk-ilgi","name":"\u0130mamo\u011flu'na Sand\u0131kl\u0131 \u0130l\u00e7esi'nden B\u00fcy\u00fck \u0130lgi - The Epoch Times TR","isPartOf":{"@id":"https:\/\/epochtimestr.com\/#website"},"primaryImageOfPage":{"@id":"https:\/\/epochtimestr.com\/index.php\/imamogluna-sandikli-ilcesiden-buyuk-ilgi#primaryimage"},"image":{"@id":"https:\/\/epochtimestr.com\/index.php\/imamogluna-sandikli-ilcesiden-buyuk-ilgi#primaryimage"},"thumbnailUrl":"https:\/\/epochtimestr.com\/wp-content\/uploads\/2011y\/Ekrem_Imamoglu_.png","datePublished":"2019-07-27T19:00:14+00:00","dateModified":"2019-07-27T19:13:07+00:00","inLanguage":"tr","potentialAction":[{"@type":"ReadAction","target":["https:\/\/epochtimestr.com\/index.php\/imamogluna-sandikli-ilcesiden-buyuk-ilgi"]}]},{"@type":"ImageObject","inLanguage":"tr","@id":"https:\/\/epochtimestr.com\/index.php\/imamogluna-sandikli-ilcesiden-buyuk-ilgi#primaryimage","url":"https:\/\/epochtimestr.com\/wp-content\/uploads\/2011y\/Ekrem_Imamoglu_.png","contentUrl":"https:\/\/epochtimestr.com\/wp-content\/uploads\/2011y\/Ekrem_Imamoglu_.png","width":803,"height":575},{"@type":"WebSite","@id":"https:\/\/epochtimestr.com\/#website","url":"https:\/\/epochtimestr.com\/","name":"The Epoch Times TR","description":"De\u011fi\u015fen D\u00fcnyam\u0131za Taze Bir Bak\u0131\u015f","publisher":{"@id":"https:\/\/epochtimestr.com\/#organization"},"potentialAction":[{"@type":"SearchAction","target":{"@type":"EntryPoint","urlTemplate":"https:\/\/epochtimestr.com\/?s={search_term_string}"},"query-input":"required name=search_term_string"}],"inLanguage":"tr"},{"@type":"Organization","@id":"https:\/\/epochtimestr.com\/#organization","name":"The EpochTimes T\u00fcrkiye","url":"https:\/\/epochtimestr.com\/","logo":{"@type":"ImageObject","inLanguage":"tr","@id":"https:\/\/epochtimestr.com\/#\/schema\/logo\/image\/","url":"https:\/\/epochtimestr.com\/wp-content\/uploads\/2011y\/ET-Logo-YG.jpg","contentUrl":"https:\/\/epochtimestr.com\/wp-content\/uploads\/2011y\/ET-Logo-YG.jpg","width":346,"height":29,"caption":"The EpochTimes T\u00fcrkiye"},"image":{"@id":"https:\/\/epochtimestr.com\/#\/schema\/logo\/image\/"},"sameAs":["https:\/\/www.facebook.com\/theepochtimestr","https:\/\/x.com\/TheEpochTimesTR","https:\/\/www.instagram.com\/epochtimestr"]},{"@type":"Person","@id":"https:\/\/epochtimestr.com\/#\/schema\/person\/3dc5c3adeb9f43923c5aa85889172fdd","name":"Haber Merkezi","image":{"@type":"ImageObject","inLanguage":"tr","@id":"https:\/\/epochtimestr.com\/#\/schema\/person\/image\/","url":"https:\/\/secure.gravatar.com\/avatar\/d73f772ba5a74f28601361e17c2f93e6?s=96&d=mm&r=g","contentUrl":"https:\/\/secure.gravatar.com\/avatar\/d73f772ba5a74f28601361e17c2f93e6?s=96&d=mm&r=g","caption":"Haber Merkezi"},"url":"https:\/\/epochtimestr.com\/index.php\/author\/sendag"}]}},"_links":{"self":[{"href":"https:\/\/epochtimestr.com\/index.php\/wp-json\/wp\/v2\/posts\/122532"}],"collection":[{"href":"https:\/\/epochtimestr.com\/index.php\/wp-json\/wp\/v2\/posts"}],"about":[{"href":"https:\/\/epochtimestr.com\/index.php\/wp-json\/wp\/v2\/types\/post"}],"author":[{"embeddable":true,"href":"https:\/\/epochtimestr.com\/index.php\/wp-json\/wp\/v2\/users\/12791"}],"replies":[{"embeddable":true,"href":"https:\/\/epochtimestr.com\/index.php\/wp-json\/wp\/v2\/comments?post=122532"}],"version-history":[{"count":2,"href":"https:\/\/epochtimestr.com\/index.php\/wp-json\/wp\/v2\/posts\/122532\/revisions"}],"predecessor-version":[{"id":122536,"href":"https:\/\/epochtimestr.com\/index.php\/wp-json\/wp\/v2\/posts\/122532\/revisions\/122536"}],"wp:featuredmedia":[{"embeddable":true,"href":"https:\/\/epochtimestr.com\/index.php\/wp-json\/wp\/v2\/media\/121435"}],"wp:attachment":[{"href":"https:\/\/epochtimestr.com\/index.php\/wp-json\/wp\/v2\/media?parent=122532"}],"wp:term":[{"taxonomy":"category","embeddable":true,"href":"https:\/\/epochtimestr.com\/index.php\/wp-json\/wp\/v2\/categories?post=122532"},{"taxonomy":"post_tag","embeddable":true,"href":"https:\/\/epochtimestr.com\/index.php\/wp-json\/wp\/v2\/tags?post=122532"}],"curies":[{"name":"wp","href":"https:\/\/api.w.org\/{rel}","templated":true}]}}