{"id":122656,"date":"2019-08-07T07:49:52","date_gmt":"2019-08-07T04:49:52","guid":{"rendered":"http:\/\/epochtimestr.com\/?p=122656"},"modified":"2019-08-07T07:49:54","modified_gmt":"2019-08-07T04:49:54","slug":"johnny-deepin-fan-sayfasindan-kaz-daglarina-destek","status":"publish","type":"post","link":"https:\/\/epochtimestr.com\/index.php\/johnny-deepin-fan-sayfasindan-kaz-daglarina-destek","title":{"rendered":"Johnny Deep&#8217;in Fan Sayfas\u0131ndan Kaz Da\u011flar\u0131&#8217;na Destek!"},"content":{"rendered":"\n<figure class=\"wp-block-image\"><img loading=\"lazy\" decoding=\"async\" width=\"533\" height=\"400\" src=\"https:\/\/epochtimestr.com\/wp-content\/uploads\/2011y\/Johnny_Depp_-533x400.jpg\" alt=\"\" class=\"wp-image-122657\" srcset=\"https:\/\/epochtimestr.com\/wp-content\/uploads\/2011y\/Johnny_Depp_-533x400.jpg 533w, https:\/\/epochtimestr.com\/wp-content\/uploads\/2011y\/Johnny_Depp_-150x113.jpg 150w, https:\/\/epochtimestr.com\/wp-content\/uploads\/2011y\/Johnny_Depp_-300x225.jpg 300w, https:\/\/epochtimestr.com\/wp-content\/uploads\/2011y\/Johnny_Depp_-768x576.jpg 768w, https:\/\/epochtimestr.com\/wp-content\/uploads\/2011y\/Johnny_Depp_-86x64.jpg 86w, https:\/\/epochtimestr.com\/wp-content\/uploads\/2011y\/Johnny_Depp_.jpg 800w\" sizes=\"(max-width: 533px) 100vw, 533px\" \/><\/figure>\n\n\n\n<h2 class=\"wp-block-heading\">Johnny Depp&#8217;in fan hesab\u0131, Kaz Da\u011flar\u0131 ile ilgili bir payla\u015f\u0131mda bulundu. Ancak Johnny Depp&#8217;in sosya medyada resmi hesab\u0131 bulunmuyor.<\/h2>\n\n\n\n<p>Johnny Depp&#8217;in 1.3 milyon takip\u00e7i say\u0131s\u0131 olan fan sayfas\u0131, Kaz Da\u011flar\u0131&#8217;ndaki do\u011fa katliam\u0131n\u0131 payla\u015f\u0131mda bulunarak T\u00fcrkiye&#8217;deki sosyal medya kullan\u0131c\u0131lar\u0131n\u0131 heyecanland\u0131rd\u0131.<\/p>\n\n\n\n<p>Kaz Da\u011flar\u0131 ile ilgili payla\u015f\u0131mda \u015fu s\u00f6zlere yer verildi; <\/p>\n\n\n\n<p>&#8220;T\u00fcrkiye&#8217;nin\u00a0antik zamanlardan bir\u00e7ok hikayeyi ve miti bar\u0131nd\u0131ran tarihi da\u011f\u0131 Kaz Da\u011flar\u0131, Kanadal\u0131 bir alt\u0131n \u00e7\u0131karma \u015firketi taraf\u0131ndan \u015fimdilerde yok ediliyor. Antik Truva&#8217;ya yaln\u0131zca 20 km uzakl\u0131\u011f\u0131nda ve \u00c7anakkale&#8217;ye 30 km uzakl\u0131kta bulunan Anadolu&#8217;nun Kaz Da\u011flar\u0131, modern tarihin yan\u0131 s\u0131ra eskilere de b\u00fcr\u00fcnm\u00fc\u015f durumda. Ida Da\u011f\u0131 olarak da bilinen Kaz Da\u011flar\u0131, Antik Yunan tarihinden Homeros&#8217;un \u0130lyada&#8217;s\u0131 ve\u00a0Virgil&#8217;in Aeneid&#8217;i dahil olmak \u00fczere\u00a0bir\u00e7ok hikayeyi bar\u0131nd\u0131r\u0131yor&#8230;&#8221;\u00a0<\/p>\n","protected":false},"excerpt":{"rendered":"<p>Johnny Depp&#8217;in fan hesab\u0131, Kaz Da\u011flar\u0131 ile ilgili bir payla\u015f\u0131mda bulundu. Ancak Johnny Depp&#8217;in sosya medyada resmi hesab\u0131 bulunmuyor. Johnny Depp&#8217;in 1.3 milyon takip\u00e7i say\u0131s\u0131 olan fan sayfas\u0131, Kaz Da\u011flar\u0131&#8217;ndaki do\u011fa katliam\u0131n\u0131 payla\u015f\u0131mda bulunarak T\u00fcrkiye&#8217;deki sosyal medya kullan\u0131c\u0131lar\u0131n\u0131 heyecanland\u0131rd\u0131. Kaz Da\u011flar\u0131 ile ilgili payla\u015f\u0131mda \u015fu s\u00f6zlere yer verildi; &#8220;T\u00fcrkiye&#8217;nin\u00a0antik zamanlardan bir\u00e7ok hikayeyi ve miti bar\u0131nd\u0131ran [&hellip;]<\/p>\n","protected":false},"author":12791,"featured_media":122657,"comment_status":"closed","ping_status":"open","sticky":false,"template":"","format":"standard","meta":{"_yoast_wpseo_focuskw":"","_yoast_wpseo_title":"","_yoast_wpseo_metadesc":"","_bbp_topic_count":0,"_bbp_reply_count":0,"_bbp_total_topic_count":0,"_bbp_total_reply_count":0,"_bbp_voice_count":0,"_bbp_anonymous_reply_count":0,"_bbp_topic_count_hidden":0,"_bbp_reply_count_hidden":0,"_bbp_forum_subforum_count":0,"footnotes":"","_yoast_wpseo_focuskw_text_input":""},"categories":[5,1,37],"tags":[],"yoast_head":"<!-- This site is optimized with the Yoast SEO plugin v23.0 - https:\/\/yoast.com\/wordpress\/plugins\/seo\/ -->\n<title>Johnny Deep&#039;in Fan Sayfas\u0131ndan Kaz Da\u011flar\u0131&#039;na Destek! - The Epoch Times TR<\/title>\n<meta name=\"robots\" content=\"index, follow, max-snippet:-1, max-image-preview:large, max-video-preview:-1\" \/>\n<link rel=\"canonical\" href=\"https:\/\/epochtimestr.com\/index.php\/johnny-deepin-fan-sayfasindan-kaz-daglarina-destek\" \/>\n<meta property=\"og:locale\" content=\"tr_TR\" \/>\n<meta property=\"og:type\" content=\"article\" \/>\n<meta property=\"og:title\" content=\"Johnny Deep&#039;in Fan Sayfas\u0131ndan Kaz Da\u011flar\u0131&#039;na Destek! - The Epoch Times TR\" \/>\n<meta property=\"og:description\" content=\"Johnny Depp&#8217;in fan hesab\u0131, Kaz Da\u011flar\u0131 ile ilgili bir payla\u015f\u0131mda bulundu. Ancak Johnny Depp&#8217;in sosya medyada resmi hesab\u0131 bulunmuyor. Johnny Depp&#8217;in 1.3 milyon takip\u00e7i say\u0131s\u0131 olan fan sayfas\u0131, Kaz Da\u011flar\u0131&#8217;ndaki do\u011fa katliam\u0131n\u0131 payla\u015f\u0131mda bulunarak T\u00fcrkiye&#8217;deki sosyal medya kullan\u0131c\u0131lar\u0131n\u0131 heyecanland\u0131rd\u0131. Kaz Da\u011flar\u0131 ile ilgili payla\u015f\u0131mda \u015fu s\u00f6zlere yer verildi; &#8220;T\u00fcrkiye&#8217;nin\u00a0antik zamanlardan bir\u00e7ok hikayeyi ve miti bar\u0131nd\u0131ran [&hellip;]\" \/>\n<meta property=\"og:url\" content=\"https:\/\/epochtimestr.com\/index.php\/johnny-deepin-fan-sayfasindan-kaz-daglarina-destek\" \/>\n<meta property=\"og:site_name\" content=\"The Epoch Times TR\" \/>\n<meta property=\"article:publisher\" content=\"https:\/\/www.facebook.com\/theepochtimestr\" \/>\n<meta property=\"article:published_time\" content=\"2019-08-07T04:49:52+00:00\" \/>\n<meta property=\"article:modified_time\" content=\"2019-08-07T04:49:54+00:00\" \/>\n<meta property=\"og:image\" content=\"https:\/\/epochtimestr.com\/wp-content\/uploads\/2011y\/Johnny_Depp_.jpg\" \/>\n\t<meta property=\"og:image:width\" content=\"800\" \/>\n\t<meta property=\"og:image:height\" content=\"600\" \/>\n\t<meta property=\"og:image:type\" content=\"image\/jpeg\" \/>\n<meta name=\"author\" content=\"Haber Merkezi\" \/>\n<meta name=\"twitter:card\" content=\"summary_large_image\" \/>\n<meta name=\"twitter:creator\" content=\"@TheEpochTimesTR\" \/>\n<meta name=\"twitter:site\" content=\"@TheEpochTimesTR\" \/>\n<meta name=\"twitter:label1\" content=\"Yazan:\" \/>\n\t<meta name=\"twitter:data1\" content=\"Haber Merkezi\" \/>\n\t<meta name=\"twitter:label2\" content=\"Tahmini okuma s\u00fcresi\" \/>\n\t<meta name=\"twitter:data2\" content=\"1 dakika\" \/>\n<script type=\"application\/ld+json\" class=\"yoast-schema-graph\">{\"@context\":\"https:\/\/schema.org\",\"@graph\":[{\"@type\":\"Article\",\"@id\":\"https:\/\/epochtimestr.com\/index.php\/johnny-deepin-fan-sayfasindan-kaz-daglarina-destek#article\",\"isPartOf\":{\"@id\":\"https:\/\/epochtimestr.com\/index.php\/johnny-deepin-fan-sayfasindan-kaz-daglarina-destek\"},\"author\":{\"name\":\"Haber Merkezi\",\"@id\":\"https:\/\/epochtimestr.com\/#\/schema\/person\/3dc5c3adeb9f43923c5aa85889172fdd\"},\"headline\":\"Johnny Deep&#8217;in Fan Sayfas\u0131ndan Kaz Da\u011flar\u0131&#8217;na Destek!\",\"datePublished\":\"2019-08-07T04:49:52+00:00\",\"dateModified\":\"2019-08-07T04:49:54+00:00\",\"mainEntityOfPage\":{\"@id\":\"https:\/\/epochtimestr.com\/index.php\/johnny-deepin-fan-sayfasindan-kaz-daglarina-destek\"},\"wordCount\":156,\"publisher\":{\"@id\":\"https:\/\/epochtimestr.com\/#organization\"},\"image\":{\"@id\":\"https:\/\/epochtimestr.com\/index.php\/johnny-deepin-fan-sayfasindan-kaz-daglarina-destek#primaryimage\"},\"thumbnailUrl\":\"https:\/\/epochtimestr.com\/wp-content\/uploads\/2011y\/Johnny_Depp_.jpg\",\"articleSection\":[\"D\u00dcNYA\",\"G\u00dcNDEM\",\"T\u00dcRK\u0130YE\"],\"inLanguage\":\"tr\"},{\"@type\":\"WebPage\",\"@id\":\"https:\/\/epochtimestr.com\/index.php\/johnny-deepin-fan-sayfasindan-kaz-daglarina-destek\",\"url\":\"https:\/\/epochtimestr.com\/index.php\/johnny-deepin-fan-sayfasindan-kaz-daglarina-destek\",\"name\":\"Johnny Deep'in Fan Sayfas\u0131ndan Kaz Da\u011flar\u0131'na Destek! - The Epoch Times TR\",\"isPartOf\":{\"@id\":\"https:\/\/epochtimestr.com\/#website\"},\"primaryImageOfPage\":{\"@id\":\"https:\/\/epochtimestr.com\/index.php\/johnny-deepin-fan-sayfasindan-kaz-daglarina-destek#primaryimage\"},\"image\":{\"@id\":\"https:\/\/epochtimestr.com\/index.php\/johnny-deepin-fan-sayfasindan-kaz-daglarina-destek#primaryimage\"},\"thumbnailUrl\":\"https:\/\/epochtimestr.com\/wp-content\/uploads\/2011y\/Johnny_Depp_.jpg\",\"datePublished\":\"2019-08-07T04:49:52+00:00\",\"dateModified\":\"2019-08-07T04:49:54+00:00\",\"inLanguage\":\"tr\",\"potentialAction\":[{\"@type\":\"ReadAction\",\"target\":[\"https:\/\/epochtimestr.com\/index.php\/johnny-deepin-fan-sayfasindan-kaz-daglarina-destek\"]}]},{\"@type\":\"ImageObject\",\"inLanguage\":\"tr\",\"@id\":\"https:\/\/epochtimestr.com\/index.php\/johnny-deepin-fan-sayfasindan-kaz-daglarina-destek#primaryimage\",\"url\":\"https:\/\/epochtimestr.com\/wp-content\/uploads\/2011y\/Johnny_Depp_.jpg\",\"contentUrl\":\"https:\/\/epochtimestr.com\/wp-content\/uploads\/2011y\/Johnny_Depp_.jpg\",\"width\":800,\"height\":600},{\"@type\":\"WebSite\",\"@id\":\"https:\/\/epochtimestr.com\/#website\",\"url\":\"https:\/\/epochtimestr.com\/\",\"name\":\"The Epoch Times TR\",\"description\":\"De\u011fi\u015fen D\u00fcnyam\u0131za Taze Bir Bak\u0131\u015f\",\"publisher\":{\"@id\":\"https:\/\/epochtimestr.com\/#organization\"},\"potentialAction\":[{\"@type\":\"SearchAction\",\"target\":{\"@type\":\"EntryPoint\",\"urlTemplate\":\"https:\/\/epochtimestr.com\/?s={search_term_string}\"},\"query-input\":\"required name=search_term_string\"}],\"inLanguage\":\"tr\"},{\"@type\":\"Organization\",\"@id\":\"https:\/\/epochtimestr.com\/#organization\",\"name\":\"The EpochTimes T\u00fcrkiye\",\"url\":\"https:\/\/epochtimestr.com\/\",\"logo\":{\"@type\":\"ImageObject\",\"inLanguage\":\"tr\",\"@id\":\"https:\/\/epochtimestr.com\/#\/schema\/logo\/image\/\",\"url\":\"https:\/\/epochtimestr.com\/wp-content\/uploads\/2011y\/ET-Logo-YG.jpg\",\"contentUrl\":\"https:\/\/epochtimestr.com\/wp-content\/uploads\/2011y\/ET-Logo-YG.jpg\",\"width\":346,\"height\":29,\"caption\":\"The EpochTimes T\u00fcrkiye\"},\"image\":{\"@id\":\"https:\/\/epochtimestr.com\/#\/schema\/logo\/image\/\"},\"sameAs\":[\"https:\/\/www.facebook.com\/theepochtimestr\",\"https:\/\/x.com\/TheEpochTimesTR\",\"https:\/\/www.instagram.com\/epochtimestr\"]},{\"@type\":\"Person\",\"@id\":\"https:\/\/epochtimestr.com\/#\/schema\/person\/3dc5c3adeb9f43923c5aa85889172fdd\",\"name\":\"Haber Merkezi\",\"image\":{\"@type\":\"ImageObject\",\"inLanguage\":\"tr\",\"@id\":\"https:\/\/epochtimestr.com\/#\/schema\/person\/image\/\",\"url\":\"https:\/\/secure.gravatar.com\/avatar\/d73f772ba5a74f28601361e17c2f93e6?s=96&d=mm&r=g\",\"contentUrl\":\"https:\/\/secure.gravatar.com\/avatar\/d73f772ba5a74f28601361e17c2f93e6?s=96&d=mm&r=g\",\"caption\":\"Haber Merkezi\"},\"url\":\"https:\/\/epochtimestr.com\/index.php\/author\/sendag\"}]}<\/script>\n<!-- \/ Yoast SEO plugin. -->","yoast_head_json":{"title":"Johnny Deep'in Fan Sayfas\u0131ndan Kaz Da\u011flar\u0131'na Destek! - The Epoch Times TR","robots":{"index":"index","follow":"follow","max-snippet":"max-snippet:-1","max-image-preview":"max-image-preview:large","max-video-preview":"max-video-preview:-1"},"canonical":"https:\/\/epochtimestr.com\/index.php\/johnny-deepin-fan-sayfasindan-kaz-daglarina-destek","og_locale":"tr_TR","og_type":"article","og_title":"Johnny Deep'in Fan Sayfas\u0131ndan Kaz Da\u011flar\u0131'na Destek! - The Epoch Times TR","og_description":"Johnny Depp&#8217;in fan hesab\u0131, Kaz Da\u011flar\u0131 ile ilgili bir payla\u015f\u0131mda bulundu. Ancak Johnny Depp&#8217;in sosya medyada resmi hesab\u0131 bulunmuyor. Johnny Depp&#8217;in 1.3 milyon takip\u00e7i say\u0131s\u0131 olan fan sayfas\u0131, Kaz Da\u011flar\u0131&#8217;ndaki do\u011fa katliam\u0131n\u0131 payla\u015f\u0131mda bulunarak T\u00fcrkiye&#8217;deki sosyal medya kullan\u0131c\u0131lar\u0131n\u0131 heyecanland\u0131rd\u0131. Kaz Da\u011flar\u0131 ile ilgili payla\u015f\u0131mda \u015fu s\u00f6zlere yer verildi; &#8220;T\u00fcrkiye&#8217;nin\u00a0antik zamanlardan bir\u00e7ok hikayeyi ve miti bar\u0131nd\u0131ran [&hellip;]","og_url":"https:\/\/epochtimestr.com\/index.php\/johnny-deepin-fan-sayfasindan-kaz-daglarina-destek","og_site_name":"The Epoch Times TR","article_publisher":"https:\/\/www.facebook.com\/theepochtimestr","article_published_time":"2019-08-07T04:49:52+00:00","article_modified_time":"2019-08-07T04:49:54+00:00","og_image":[{"width":800,"height":600,"url":"https:\/\/epochtimestr.com\/wp-content\/uploads\/2011y\/Johnny_Depp_.jpg","type":"image\/jpeg"}],"author":"Haber Merkezi","twitter_card":"summary_large_image","twitter_creator":"@TheEpochTimesTR","twitter_site":"@TheEpochTimesTR","twitter_misc":{"Yazan:":"Haber Merkezi","Tahmini okuma s\u00fcresi":"1 dakika"},"schema":{"@context":"https:\/\/schema.org","@graph":[{"@type":"Article","@id":"https:\/\/epochtimestr.com\/index.php\/johnny-deepin-fan-sayfasindan-kaz-daglarina-destek#article","isPartOf":{"@id":"https:\/\/epochtimestr.com\/index.php\/johnny-deepin-fan-sayfasindan-kaz-daglarina-destek"},"author":{"name":"Haber Merkezi","@id":"https:\/\/epochtimestr.com\/#\/schema\/person\/3dc5c3adeb9f43923c5aa85889172fdd"},"headline":"Johnny Deep&#8217;in Fan Sayfas\u0131ndan Kaz Da\u011flar\u0131&#8217;na Destek!","datePublished":"2019-08-07T04:49:52+00:00","dateModified":"2019-08-07T04:49:54+00:00","mainEntityOfPage":{"@id":"https:\/\/epochtimestr.com\/index.php\/johnny-deepin-fan-sayfasindan-kaz-daglarina-destek"},"wordCount":156,"publisher":{"@id":"https:\/\/epochtimestr.com\/#organization"},"image":{"@id":"https:\/\/epochtimestr.com\/index.php\/johnny-deepin-fan-sayfasindan-kaz-daglarina-destek#primaryimage"},"thumbnailUrl":"https:\/\/epochtimestr.com\/wp-content\/uploads\/2011y\/Johnny_Depp_.jpg","articleSection":["D\u00dcNYA","G\u00dcNDEM","T\u00dcRK\u0130YE"],"inLanguage":"tr"},{"@type":"WebPage","@id":"https:\/\/epochtimestr.com\/index.php\/johnny-deepin-fan-sayfasindan-kaz-daglarina-destek","url":"https:\/\/epochtimestr.com\/index.php\/johnny-deepin-fan-sayfasindan-kaz-daglarina-destek","name":"Johnny Deep'in Fan Sayfas\u0131ndan Kaz Da\u011flar\u0131'na Destek! - The Epoch Times TR","isPartOf":{"@id":"https:\/\/epochtimestr.com\/#website"},"primaryImageOfPage":{"@id":"https:\/\/epochtimestr.com\/index.php\/johnny-deepin-fan-sayfasindan-kaz-daglarina-destek#primaryimage"},"image":{"@id":"https:\/\/epochtimestr.com\/index.php\/johnny-deepin-fan-sayfasindan-kaz-daglarina-destek#primaryimage"},"thumbnailUrl":"https:\/\/epochtimestr.com\/wp-content\/uploads\/2011y\/Johnny_Depp_.jpg","datePublished":"2019-08-07T04:49:52+00:00","dateModified":"2019-08-07T04:49:54+00:00","inLanguage":"tr","potentialAction":[{"@type":"ReadAction","target":["https:\/\/epochtimestr.com\/index.php\/johnny-deepin-fan-sayfasindan-kaz-daglarina-destek"]}]},{"@type":"ImageObject","inLanguage":"tr","@id":"https:\/\/epochtimestr.com\/index.php\/johnny-deepin-fan-sayfasindan-kaz-daglarina-destek#primaryimage","url":"https:\/\/epochtimestr.com\/wp-content\/uploads\/2011y\/Johnny_Depp_.jpg","contentUrl":"https:\/\/epochtimestr.com\/wp-content\/uploads\/2011y\/Johnny_Depp_.jpg","width":800,"height":600},{"@type":"WebSite","@id":"https:\/\/epochtimestr.com\/#website","url":"https:\/\/epochtimestr.com\/","name":"The Epoch Times TR","description":"De\u011fi\u015fen D\u00fcnyam\u0131za Taze Bir Bak\u0131\u015f","publisher":{"@id":"https:\/\/epochtimestr.com\/#organization"},"potentialAction":[{"@type":"SearchAction","target":{"@type":"EntryPoint","urlTemplate":"https:\/\/epochtimestr.com\/?s={search_term_string}"},"query-input":"required name=search_term_string"}],"inLanguage":"tr"},{"@type":"Organization","@id":"https:\/\/epochtimestr.com\/#organization","name":"The EpochTimes T\u00fcrkiye","url":"https:\/\/epochtimestr.com\/","logo":{"@type":"ImageObject","inLanguage":"tr","@id":"https:\/\/epochtimestr.com\/#\/schema\/logo\/image\/","url":"https:\/\/epochtimestr.com\/wp-content\/uploads\/2011y\/ET-Logo-YG.jpg","contentUrl":"https:\/\/epochtimestr.com\/wp-content\/uploads\/2011y\/ET-Logo-YG.jpg","width":346,"height":29,"caption":"The EpochTimes T\u00fcrkiye"},"image":{"@id":"https:\/\/epochtimestr.com\/#\/schema\/logo\/image\/"},"sameAs":["https:\/\/www.facebook.com\/theepochtimestr","https:\/\/x.com\/TheEpochTimesTR","https:\/\/www.instagram.com\/epochtimestr"]},{"@type":"Person","@id":"https:\/\/epochtimestr.com\/#\/schema\/person\/3dc5c3adeb9f43923c5aa85889172fdd","name":"Haber Merkezi","image":{"@type":"ImageObject","inLanguage":"tr","@id":"https:\/\/epochtimestr.com\/#\/schema\/person\/image\/","url":"https:\/\/secure.gravatar.com\/avatar\/d73f772ba5a74f28601361e17c2f93e6?s=96&d=mm&r=g","contentUrl":"https:\/\/secure.gravatar.com\/avatar\/d73f772ba5a74f28601361e17c2f93e6?s=96&d=mm&r=g","caption":"Haber Merkezi"},"url":"https:\/\/epochtimestr.com\/index.php\/author\/sendag"}]}},"_links":{"self":[{"href":"https:\/\/epochtimestr.com\/index.php\/wp-json\/wp\/v2\/posts\/122656"}],"collection":[{"href":"https:\/\/epochtimestr.com\/index.php\/wp-json\/wp\/v2\/posts"}],"about":[{"href":"https:\/\/epochtimestr.com\/index.php\/wp-json\/wp\/v2\/types\/post"}],"author":[{"embeddable":true,"href":"https:\/\/epochtimestr.com\/index.php\/wp-json\/wp\/v2\/users\/12791"}],"replies":[{"embeddable":true,"href":"https:\/\/epochtimestr.com\/index.php\/wp-json\/wp\/v2\/comments?post=122656"}],"version-history":[{"count":1,"href":"https:\/\/epochtimestr.com\/index.php\/wp-json\/wp\/v2\/posts\/122656\/revisions"}],"predecessor-version":[{"id":122658,"href":"https:\/\/epochtimestr.com\/index.php\/wp-json\/wp\/v2\/posts\/122656\/revisions\/122658"}],"wp:featuredmedia":[{"embeddable":true,"href":"https:\/\/epochtimestr.com\/index.php\/wp-json\/wp\/v2\/media\/122657"}],"wp:attachment":[{"href":"https:\/\/epochtimestr.com\/index.php\/wp-json\/wp\/v2\/media?parent=122656"}],"wp:term":[{"taxonomy":"category","embeddable":true,"href":"https:\/\/epochtimestr.com\/index.php\/wp-json\/wp\/v2\/categories?post=122656"},{"taxonomy":"post_tag","embeddable":true,"href":"https:\/\/epochtimestr.com\/index.php\/wp-json\/wp\/v2\/tags?post=122656"}],"curies":[{"name":"wp","href":"https:\/\/api.w.org\/{rel}","templated":true}]}}