{"id":123329,"date":"2019-10-21T15:59:25","date_gmt":"2019-10-21T12:59:25","guid":{"rendered":"http:\/\/epochtimestr.com\/?p=123329"},"modified":"2019-10-21T16:18:58","modified_gmt":"2019-10-21T13:18:58","slug":"unesco-tarafindan-dunya-miras-listesine-alinan-safranbolu","status":"publish","type":"post","link":"https:\/\/epochtimestr.com\/index.php\/unesco-tarafindan-dunya-miras-listesine-alinan-safranbolu","title":{"rendered":"UNESCO Taraf\u0131ndan D\u00fcnya Miras Listesine Al\u0131nan Safranbolu"},"content":{"rendered":"\n<figure class=\"wp-block-image\"><img loading=\"lazy\" decoding=\"async\" width=\"600\" height=\"400\" src=\"https:\/\/epochtimestr.com\/wp-content\/uploads\/2011y\/safranbolu-600x400.jpg\" alt=\"\" class=\"wp-image-123330\" srcset=\"https:\/\/epochtimestr.com\/wp-content\/uploads\/2011y\/safranbolu-600x400.jpg 600w, https:\/\/epochtimestr.com\/wp-content\/uploads\/2011y\/safranbolu-150x100.jpg 150w, https:\/\/epochtimestr.com\/wp-content\/uploads\/2011y\/safranbolu-300x200.jpg 300w, https:\/\/epochtimestr.com\/wp-content\/uploads\/2011y\/safranbolu-768x512.jpg 768w, https:\/\/epochtimestr.com\/wp-content\/uploads\/2011y\/safranbolu-450x300.jpg 450w, https:\/\/epochtimestr.com\/wp-content\/uploads\/2011y\/safranbolu.jpg 960w\" sizes=\"(max-width: 600px) 100vw, 600px\" \/><figcaption>Foto\u011fraf; Pixabay<\/figcaption><\/figure>\n\n\n\n<h2 class=\"wp-block-heading\">Kent dokusunu oldu\u011fu gibi koruyabilmi\u015f olmas\u0131 ile UNESCO&#8217;nun D\u00fcnya Miras Listesi ba\u015fkenti olarak se\u00e7ilen tarihi bir kasaba. Safranbolu&#8230;<\/h2>\n\n\n\n<p>Safranbolu, Karadeniz k\u0131y\u0131lar\u0131n\u0131, Bat\u0131, Kuzey ve Orta Anadolu&#8217;ya ba\u011flayan yol \u00fczerinde yer alan tarihi bir il\u00e7edir.<\/p>\n\n\n\n<p>14. y\u00fczy\u0131l\u0131n ba\u015flar\u0131ndan bu yana T\u00fcrklerin hakimiyetinde olan Safranbolu, T\u00fcrk kentsel tarihinin bozulmam\u0131\u015f \u00f6rne\u011fi olarak, geleneksel \u015fehir dokusu, ah\u015fap y\u0131\u011fma evleri ve an\u0131tsal yap\u0131lar\u0131yla b\u00fct\u00fcn\u00fc sit ilan edilmi\u015f ender kentlerden biri olarak 1994 y\u0131l\u0131nda UNESCO D\u00fcnya Miras\u0131 Listesi&#8217;nde yer almaya ba\u015flam\u0131\u015ft\u0131r.<\/p>\n\n\n\n<p>M.\u00d6. 3000 y\u0131l\u0131na kadar tarihlendirilen Anadolu&#8217;nun Karadeniz&#8217;in k\u0131y\u0131s\u0131nda Paflagonya olarak adland\u0131r\u0131lan bu b\u00f6lgede; Hititler, Frigler, Lidyal\u0131lar, Persler, Helenistik Krall\u0131klar (Pondlar), Romal\u0131lar, Sel\u00e7uklular, \u00c7abano\u011fullar\u0131, Candaro\u011fullar\u0131 ve Osmanl\u0131 \u0130mparatorlu\u011fu&#8217;nun egemenli\u011fi s\u00fcrm\u00fc\u015ft\u00fcr.<\/p>\n\n\n\n<p>T\u00fcrklerin kesin egemenli\u011fine ise 1196 y\u0131l\u0131nda Sel\u00e7uklu Sultan\u0131 II. K\u0131l\u0131\u00e7arslan&#8217;\u0131n o\u011flu Melik Muhiddin Mesut taraf\u0131ndan ge\u00e7irilmi\u015ftir.<\/p>\n\n\n\n<p><strong>Tarihi&nbsp;Safranbolu&nbsp;Konaklar\u0131<\/strong><br \/>17. y\u00fczy\u0131l\u0131n sonlar\u0131nda yap\u0131lan Tarihi Safranbolu Konaklar\u0131, s\u0131cak sorunu \u00e7\u00f6zmek i\u00e7in y\u00fcksek b\u00f6lgede kurulmu\u015ftur. 2 veya 3 katl\u0131 olan konaklarda ilk katlar\u0131nda ah\u0131r\u0131nda bulunabilece\u011fi hayat alt\u0131 (ayak alt\u0131) denen b\u00f6l\u00fcm vard\u0131r. Kap\u0131larda 2 tane tokmak bulunur. Tokmaklardan kal\u0131n ses \u00e7\u0131kartan\u0131 erkekler taraf\u0131ndan, ince ses \u00e7\u0131kartan\u0131 ise kad\u0131nlar taraf\u0131ndan kullan\u0131l\u0131r. Her evde 7-8 oda bulunur, her oda bir ailenin rahat\u00e7a ya\u015fam alan\u0131 olabilece\u011fi \u015fekilde tasarlan\u0131r. En \u00fcst katta ise kay\u0131nvalideye ait olan misafirlerin a\u011f\u0131rland\u0131\u011f\u0131 Ba\u015f oda bulunmaktad\u0131r.<\/p>\n\n\n\n<p>\n\nKonaklarda s\u0131k\u00e7a geyik boynuzlar\u0131 g\u00f6r\u00fcl\u00fcr. Geyik boynuzunun u\u011fur getirdi\u011fine inan\u0131l\u0131r. \n\n<\/p>\n\n\n\n<figure class=\"wp-block-image\"><img loading=\"lazy\" decoding=\"async\" width=\"600\" height=\"400\" src=\"https:\/\/epochtimestr.com\/wp-content\/uploads\/2011y\/Safranbolu_1-600x400.jpg\" alt=\"\" class=\"wp-image-123333\" srcset=\"https:\/\/epochtimestr.com\/wp-content\/uploads\/2011y\/Safranbolu_1-600x400.jpg 600w, https:\/\/epochtimestr.com\/wp-content\/uploads\/2011y\/Safranbolu_1-150x100.jpg 150w, https:\/\/epochtimestr.com\/wp-content\/uploads\/2011y\/Safranbolu_1-300x200.jpg 300w, https:\/\/epochtimestr.com\/wp-content\/uploads\/2011y\/Safranbolu_1-768x512.jpg 768w, https:\/\/epochtimestr.com\/wp-content\/uploads\/2011y\/Safranbolu_1-450x300.jpg 450w, https:\/\/epochtimestr.com\/wp-content\/uploads\/2011y\/Safranbolu_1.jpg 800w\" sizes=\"(max-width: 600px) 100vw, 600px\" \/><figcaption>Foto\u011fraf; Wikimedia Commons<\/figcaption><\/figure>\n\n\n\n<p>Konaklara \u00e7evreden besleme k\u0131zlar al\u0131n\u0131r. Evlenme ya\u015f\u0131na geldi\u011finde evin k\u0131z\u0131 gibi evlendirilir ve kona\u011fa yeni bir k\u0131z al\u0131n\u0131r. Misafirlere servis yapan besleme k\u0131zlar\u0131, misafirlikte yo\u011fun olarak erkek bulunursa, misafir odas\u0131n\u0131n duvar\u0131ndaki d\u00f6ner dolaptan servis yaparlar. <\/p>\n\n\n\n<p>Alt katlarda penceresi bulunmayan konaklar\u0131n \u00fcst katlar\u0131ndaki pencerelerinde ah\u015fap kafesler bulunur. Bu kafesler, evin k\u0131zlar\u0131n\u0131n d\u0131\u015far\u0131dan g\u00f6r\u00fclmeden pencere kenarlar\u0131na oturabilmeleri i\u00e7indir. <\/p>\n\n\n\n<figure class=\"wp-block-image is-resized\"><img loading=\"lazy\" decoding=\"async\" src=\"https:\/\/epochtimestr.com\/wp-content\/uploads\/2011y\/safran-\u00e7i\u00e7e\u011fi-2-533x400.jpg\" alt=\"\" class=\"wp-image-123331\" width=\"584\" height=\"438\" srcset=\"https:\/\/epochtimestr.com\/wp-content\/uploads\/2011y\/safran-\u00e7i\u00e7e\u011fi-2-533x400.jpg 533w, https:\/\/epochtimestr.com\/wp-content\/uploads\/2011y\/safran-\u00e7i\u00e7e\u011fi-2-150x113.jpg 150w, https:\/\/epochtimestr.com\/wp-content\/uploads\/2011y\/safran-\u00e7i\u00e7e\u011fi-2-300x225.jpg 300w, https:\/\/epochtimestr.com\/wp-content\/uploads\/2011y\/safran-\u00e7i\u00e7e\u011fi-2-768x576.jpg 768w, https:\/\/epochtimestr.com\/wp-content\/uploads\/2011y\/safran-\u00e7i\u00e7e\u011fi-2-86x64.jpg 86w, https:\/\/epochtimestr.com\/wp-content\/uploads\/2011y\/safran-\u00e7i\u00e7e\u011fi-2.jpg 960w\" sizes=\"(max-width: 584px) 100vw, 584px\" \/><\/figure>\n\n\n\n<p>Safranbolu, ismini eski d\u00f6nemde bolca yeti\u015ftirilen safran ad\u0131nda bir \u00e7e\u015fit k\u00fc\u00e7\u00fck bah\u00e7e bitkisinden almaktad\u0131r. Safran, pembe, sar\u0131 veya beyaz renklerde bahar\u0131n ilk s\u0131ralar\u0131nda a\u00e7ar. Sar\u0131 tomurcuklar\u0131n \u00f6\u011f\u00fct\u00fclmesi sonucu bir gram\u0131 ile 2 ton su, sar\u0131 renge boyanabilir. \u00d6\u011f\u00fct\u00fclen yo\u011fun madde, ila\u00e7 sanayinde ve kimyasal renklendirmede kullan\u0131l\u0131r. 19. y\u00fczy\u0131lda tonlarca safran \u0130ngiltere&#8217;ye ihra\u00e7 edilmi\u015ftir. G\u00fcn\u00fcm\u00fczde ise safran\u0131n yeti\u015ftirilme alan\u0131 olduk\u00e7a daralm\u0131\u015ft\u0131r.<\/p>\n\n\n\n<figure class=\"wp-block-image\"><img loading=\"lazy\" decoding=\"async\" width=\"600\" height=\"397\" src=\"https:\/\/epochtimestr.com\/wp-content\/uploads\/2011y\/safran-\u00e7i\u00e7e\u011fi-600x397.jpg\" alt=\"\" class=\"wp-image-123332\" srcset=\"https:\/\/epochtimestr.com\/wp-content\/uploads\/2011y\/safran-\u00e7i\u00e7e\u011fi-600x397.jpg 600w, https:\/\/epochtimestr.com\/wp-content\/uploads\/2011y\/safran-\u00e7i\u00e7e\u011fi-150x99.jpg 150w, https:\/\/epochtimestr.com\/wp-content\/uploads\/2011y\/safran-\u00e7i\u00e7e\u011fi-300x198.jpg 300w, https:\/\/epochtimestr.com\/wp-content\/uploads\/2011y\/safran-\u00e7i\u00e7e\u011fi-768x508.jpg 768w, https:\/\/epochtimestr.com\/wp-content\/uploads\/2011y\/safran-\u00e7i\u00e7e\u011fi.jpg 960w\" sizes=\"(max-width: 600px) 100vw, 600px\" \/><\/figure>\n\n\n\n<p>T\u00fcrkiye Cumhuriyeti&#8217;nin kurulmas\u0131 d\u00f6neminde il\u00e7e Zonguldak&#8217;a ba\u011flanm\u0131\u015f, ard\u0131ndan bir d\u00f6nem Kastamonu&#8217;ya ba\u011flanm\u0131\u015ft\u0131r. 1996 y\u0131l\u0131nda Karab\u00fck il olunca Safranbolu, Karab\u00fck&#8217;e ait bir il\u00e7e olmu\u015ftur.<\/p>\n\n\n\n<figure class=\"wp-block-image\"><img loading=\"lazy\" decoding=\"async\" width=\"600\" height=\"337\" src=\"https:\/\/epochtimestr.com\/wp-content\/uploads\/2011y\/safranbolu-Bulak-Kanyon-600x337.png\" alt=\"\" class=\"wp-image-123338\" srcset=\"https:\/\/epochtimestr.com\/wp-content\/uploads\/2011y\/safranbolu-Bulak-Kanyon-600x337.png 600w, https:\/\/epochtimestr.com\/wp-content\/uploads\/2011y\/safranbolu-Bulak-Kanyon-150x84.png 150w, https:\/\/epochtimestr.com\/wp-content\/uploads\/2011y\/safranbolu-Bulak-Kanyon-300x169.png 300w, https:\/\/epochtimestr.com\/wp-content\/uploads\/2011y\/safranbolu-Bulak-Kanyon-768x432.png 768w, https:\/\/epochtimestr.com\/wp-content\/uploads\/2011y\/safranbolu-Bulak-Kanyon.png 1366w\" sizes=\"(max-width: 600px) 100vw, 600px\" \/><\/figure>\n\n\n\n<p><strong>K\u00f6m\u00fc\u015f Yutan \u015eelalesi<\/strong><\/p>\n\n\n\n<p>Safranbolu&#8217;nun yak\u0131n\u0131nda bir cennet olarak nitelendirilen Bulak Kanyonu&#8217;nda K\u00f6m\u00fc\u015f yutan \u015felalesi bulunmaktad\u0131r.\u0130sminin K\u00f6m\u00fc\u015f Yutan \u015eelalesi olmas\u0131n\u0131n ise bir sebebi vard\u0131r;<\/p>\n\n\n\n<p>K\u00f6m\u00fc\u015f Yutan suyunun i\u00e7inde kayal\u0131\u011f\u0131n alt\u0131na \u00e7eken bir girdap oluyormu\u015f. Bu nedenle insanlar o kayal\u0131\u011fa yakla\u015fm\u0131yormu\u015f. Eski zamanlarda bir gelin konvoyu k\u00f6pr\u00fcden ge\u00e7erken asma k\u00f6pr\u00fc, asya mandas\u0131 olarak ta bilinen k\u00f6m\u00fc\u015flerin a\u011f\u0131rl\u0131\u011f\u0131na dayanamam\u0131\u015f ve kopmu\u015f. Gelin ve damat ile birlikte suya d\u00fc\u015fm\u00fc\u015fler ve bulunamam\u0131\u015flar. Bu efsane \u00fczerine \u015felalenin ismi K\u00f6m\u00fc\u015f Yutan olarak an\u0131lmaya ba\u015flanm\u0131\u015f. <\/p>\n\n\n\n<p><strong>Safranbolu&nbsp;Yemekleri<\/strong><\/p>\n\n\n\n<p>Safranbolu, sadece evleri ile de\u011fil yemekleriyle de damakta tat b\u0131rakan bir belde. <\/p>\n\n\n\n<p>En me\u015fhur yemeklerinden biri Peruhi. Peruhi, adeta et yemeyenler i\u00e7in yap\u0131lm\u0131\u015f bir mant\u0131. Mant\u0131n\u0131n i\u00e7ine et yerine \u015f\u0131r\u0131nga ile s\u00fczme yo\u011furt konup pi\u015firiliyor.<\/p>\n\n\n\n<p>Yemeklerden bir di\u011feri cevizli yay\u0131m ise tereya\u011f\u0131n\u0131n ke\u015fle kavrulmas\u0131 ve \u00fczerine ceviz serpi\u015ftirilmesi ile yap\u0131l\u0131yor.<\/p>\n\n\n\n<p>B\u00fckme pide, kuyu kebab\u0131, g\u00fcve\u00e7te yaprak sarmas\u0131, susams\u0131z yap\u0131lan Safranbolu simidi, ev baklavas\u0131 gibi yiyecekler Safranbolu lezzetlerinin vazge\u00e7ilmezleri aras\u0131nda yer al\u0131yor.<\/p>\n\n\n\n<p><\/p>\n\n\n\n<p><\/p>\n","protected":false},"excerpt":{"rendered":"<p>Kent dokusunu oldu\u011fu gibi koruyabilmi\u015f olmas\u0131 ile UNESCO&#8217;nun D\u00fcnya Miras Listesi ba\u015fkenti olarak se\u00e7ilen tarihi bir kasaba. Safranbolu&#8230; Safranbolu, Karadeniz k\u0131y\u0131lar\u0131n\u0131, Bat\u0131, Kuzey ve Orta Anadolu&#8217;ya ba\u011flayan yol \u00fczerinde yer alan tarihi bir il\u00e7edir. 14. y\u00fczy\u0131l\u0131n ba\u015flar\u0131ndan bu yana T\u00fcrklerin hakimiyetinde olan Safranbolu, T\u00fcrk kentsel tarihinin bozulmam\u0131\u015f \u00f6rne\u011fi olarak, geleneksel \u015fehir dokusu, ah\u015fap y\u0131\u011fma evleri [&hellip;]<\/p>\n","protected":false},"author":12791,"featured_media":123330,"comment_status":"closed","ping_status":"open","sticky":false,"template":"","format":"standard","meta":{"_yoast_wpseo_focuskw":"","_yoast_wpseo_title":"","_yoast_wpseo_metadesc":"","_bbp_topic_count":0,"_bbp_reply_count":0,"_bbp_total_topic_count":0,"_bbp_total_reply_count":0,"_bbp_voice_count":0,"_bbp_anonymous_reply_count":0,"_bbp_topic_count_hidden":0,"_bbp_reply_count_hidden":0,"_bbp_forum_subforum_count":0,"footnotes":"","_yoast_wpseo_focuskw_text_input":""},"categories":[519,1,37],"tags":[],"yoast_head":"<!-- This site is optimized with the Yoast SEO plugin v23.0 - https:\/\/yoast.com\/wordpress\/plugins\/seo\/ -->\n<title>UNESCO Taraf\u0131ndan D\u00fcnya Miras Listesine Al\u0131nan Safranbolu - The Epoch Times TR<\/title>\n<meta name=\"robots\" content=\"index, follow, max-snippet:-1, max-image-preview:large, max-video-preview:-1\" \/>\n<link rel=\"canonical\" href=\"https:\/\/epochtimestr.com\/index.php\/unesco-tarafindan-dunya-miras-listesine-alinan-safranbolu\" \/>\n<meta property=\"og:locale\" content=\"tr_TR\" \/>\n<meta property=\"og:type\" content=\"article\" \/>\n<meta property=\"og:title\" content=\"UNESCO Taraf\u0131ndan D\u00fcnya Miras Listesine Al\u0131nan Safranbolu - The Epoch Times TR\" \/>\n<meta property=\"og:description\" content=\"Kent dokusunu oldu\u011fu gibi koruyabilmi\u015f olmas\u0131 ile UNESCO&#8217;nun D\u00fcnya Miras Listesi ba\u015fkenti olarak se\u00e7ilen tarihi bir kasaba. Safranbolu&#8230; Safranbolu, Karadeniz k\u0131y\u0131lar\u0131n\u0131, Bat\u0131, Kuzey ve Orta Anadolu&#8217;ya ba\u011flayan yol \u00fczerinde yer alan tarihi bir il\u00e7edir. 14. y\u00fczy\u0131l\u0131n ba\u015flar\u0131ndan bu yana T\u00fcrklerin hakimiyetinde olan Safranbolu, T\u00fcrk kentsel tarihinin bozulmam\u0131\u015f \u00f6rne\u011fi olarak, geleneksel \u015fehir dokusu, ah\u015fap y\u0131\u011fma evleri [&hellip;]\" \/>\n<meta property=\"og:url\" content=\"https:\/\/epochtimestr.com\/index.php\/unesco-tarafindan-dunya-miras-listesine-alinan-safranbolu\" \/>\n<meta property=\"og:site_name\" content=\"The Epoch Times TR\" \/>\n<meta property=\"article:publisher\" content=\"https:\/\/www.facebook.com\/theepochtimestr\" \/>\n<meta property=\"article:published_time\" content=\"2019-10-21T12:59:25+00:00\" \/>\n<meta property=\"article:modified_time\" content=\"2019-10-21T13:18:58+00:00\" \/>\n<meta property=\"og:image\" content=\"https:\/\/epochtimestr.com\/wp-content\/uploads\/2011y\/safranbolu.jpg\" \/>\n\t<meta property=\"og:image:width\" content=\"960\" \/>\n\t<meta property=\"og:image:height\" content=\"640\" \/>\n\t<meta property=\"og:image:type\" content=\"image\/jpeg\" \/>\n<meta name=\"author\" content=\"Haber Merkezi\" \/>\n<meta name=\"twitter:card\" content=\"summary_large_image\" \/>\n<meta name=\"twitter:creator\" content=\"@TheEpochTimesTR\" \/>\n<meta name=\"twitter:site\" content=\"@TheEpochTimesTR\" \/>\n<meta name=\"twitter:label1\" content=\"Yazan:\" \/>\n\t<meta name=\"twitter:data1\" content=\"Haber Merkezi\" \/>\n\t<meta name=\"twitter:label2\" content=\"Tahmini okuma s\u00fcresi\" \/>\n\t<meta name=\"twitter:data2\" content=\"4 dakika\" \/>\n<script type=\"application\/ld+json\" class=\"yoast-schema-graph\">{\"@context\":\"https:\/\/schema.org\",\"@graph\":[{\"@type\":\"Article\",\"@id\":\"https:\/\/epochtimestr.com\/index.php\/unesco-tarafindan-dunya-miras-listesine-alinan-safranbolu#article\",\"isPartOf\":{\"@id\":\"https:\/\/epochtimestr.com\/index.php\/unesco-tarafindan-dunya-miras-listesine-alinan-safranbolu\"},\"author\":{\"name\":\"Haber Merkezi\",\"@id\":\"https:\/\/epochtimestr.com\/#\/schema\/person\/3dc5c3adeb9f43923c5aa85889172fdd\"},\"headline\":\"UNESCO Taraf\u0131ndan D\u00fcnya Miras Listesine Al\u0131nan Safranbolu\",\"datePublished\":\"2019-10-21T12:59:25+00:00\",\"dateModified\":\"2019-10-21T13:18:58+00:00\",\"mainEntityOfPage\":{\"@id\":\"https:\/\/epochtimestr.com\/index.php\/unesco-tarafindan-dunya-miras-listesine-alinan-safranbolu\"},\"wordCount\":738,\"publisher\":{\"@id\":\"https:\/\/epochtimestr.com\/#organization\"},\"image\":{\"@id\":\"https:\/\/epochtimestr.com\/index.php\/unesco-tarafindan-dunya-miras-listesine-alinan-safranbolu#primaryimage\"},\"thumbnailUrl\":\"https:\/\/epochtimestr.com\/wp-content\/uploads\/2011y\/safranbolu.jpg\",\"articleSection\":[\"ED\u0130T\u00d6R\u00dcN SE\u00c7\u0130M\u0130\",\"G\u00dcNDEM\",\"T\u00dcRK\u0130YE\"],\"inLanguage\":\"tr\"},{\"@type\":\"WebPage\",\"@id\":\"https:\/\/epochtimestr.com\/index.php\/unesco-tarafindan-dunya-miras-listesine-alinan-safranbolu\",\"url\":\"https:\/\/epochtimestr.com\/index.php\/unesco-tarafindan-dunya-miras-listesine-alinan-safranbolu\",\"name\":\"UNESCO Taraf\u0131ndan D\u00fcnya Miras Listesine Al\u0131nan Safranbolu - The Epoch Times TR\",\"isPartOf\":{\"@id\":\"https:\/\/epochtimestr.com\/#website\"},\"primaryImageOfPage\":{\"@id\":\"https:\/\/epochtimestr.com\/index.php\/unesco-tarafindan-dunya-miras-listesine-alinan-safranbolu#primaryimage\"},\"image\":{\"@id\":\"https:\/\/epochtimestr.com\/index.php\/unesco-tarafindan-dunya-miras-listesine-alinan-safranbolu#primaryimage\"},\"thumbnailUrl\":\"https:\/\/epochtimestr.com\/wp-content\/uploads\/2011y\/safranbolu.jpg\",\"datePublished\":\"2019-10-21T12:59:25+00:00\",\"dateModified\":\"2019-10-21T13:18:58+00:00\",\"inLanguage\":\"tr\",\"potentialAction\":[{\"@type\":\"ReadAction\",\"target\":[\"https:\/\/epochtimestr.com\/index.php\/unesco-tarafindan-dunya-miras-listesine-alinan-safranbolu\"]}]},{\"@type\":\"ImageObject\",\"inLanguage\":\"tr\",\"@id\":\"https:\/\/epochtimestr.com\/index.php\/unesco-tarafindan-dunya-miras-listesine-alinan-safranbolu#primaryimage\",\"url\":\"https:\/\/epochtimestr.com\/wp-content\/uploads\/2011y\/safranbolu.jpg\",\"contentUrl\":\"https:\/\/epochtimestr.com\/wp-content\/uploads\/2011y\/safranbolu.jpg\",\"width\":960,\"height\":640},{\"@type\":\"WebSite\",\"@id\":\"https:\/\/epochtimestr.com\/#website\",\"url\":\"https:\/\/epochtimestr.com\/\",\"name\":\"The Epoch Times TR\",\"description\":\"De\u011fi\u015fen D\u00fcnyam\u0131za Taze Bir Bak\u0131\u015f\",\"publisher\":{\"@id\":\"https:\/\/epochtimestr.com\/#organization\"},\"potentialAction\":[{\"@type\":\"SearchAction\",\"target\":{\"@type\":\"EntryPoint\",\"urlTemplate\":\"https:\/\/epochtimestr.com\/?s={search_term_string}\"},\"query-input\":\"required name=search_term_string\"}],\"inLanguage\":\"tr\"},{\"@type\":\"Organization\",\"@id\":\"https:\/\/epochtimestr.com\/#organization\",\"name\":\"The EpochTimes T\u00fcrkiye\",\"url\":\"https:\/\/epochtimestr.com\/\",\"logo\":{\"@type\":\"ImageObject\",\"inLanguage\":\"tr\",\"@id\":\"https:\/\/epochtimestr.com\/#\/schema\/logo\/image\/\",\"url\":\"https:\/\/epochtimestr.com\/wp-content\/uploads\/2011y\/ET-Logo-YG.jpg\",\"contentUrl\":\"https:\/\/epochtimestr.com\/wp-content\/uploads\/2011y\/ET-Logo-YG.jpg\",\"width\":346,\"height\":29,\"caption\":\"The EpochTimes T\u00fcrkiye\"},\"image\":{\"@id\":\"https:\/\/epochtimestr.com\/#\/schema\/logo\/image\/\"},\"sameAs\":[\"https:\/\/www.facebook.com\/theepochtimestr\",\"https:\/\/x.com\/TheEpochTimesTR\",\"https:\/\/www.instagram.com\/epochtimestr\"]},{\"@type\":\"Person\",\"@id\":\"https:\/\/epochtimestr.com\/#\/schema\/person\/3dc5c3adeb9f43923c5aa85889172fdd\",\"name\":\"Haber Merkezi\",\"image\":{\"@type\":\"ImageObject\",\"inLanguage\":\"tr\",\"@id\":\"https:\/\/epochtimestr.com\/#\/schema\/person\/image\/\",\"url\":\"https:\/\/secure.gravatar.com\/avatar\/d73f772ba5a74f28601361e17c2f93e6?s=96&d=mm&r=g\",\"contentUrl\":\"https:\/\/secure.gravatar.com\/avatar\/d73f772ba5a74f28601361e17c2f93e6?s=96&d=mm&r=g\",\"caption\":\"Haber Merkezi\"},\"url\":\"https:\/\/epochtimestr.com\/index.php\/author\/sendag\"}]}<\/script>\n<!-- \/ Yoast SEO plugin. -->","yoast_head_json":{"title":"UNESCO Taraf\u0131ndan D\u00fcnya Miras Listesine Al\u0131nan Safranbolu - The Epoch Times TR","robots":{"index":"index","follow":"follow","max-snippet":"max-snippet:-1","max-image-preview":"max-image-preview:large","max-video-preview":"max-video-preview:-1"},"canonical":"https:\/\/epochtimestr.com\/index.php\/unesco-tarafindan-dunya-miras-listesine-alinan-safranbolu","og_locale":"tr_TR","og_type":"article","og_title":"UNESCO Taraf\u0131ndan D\u00fcnya Miras Listesine Al\u0131nan Safranbolu - The Epoch Times TR","og_description":"Kent dokusunu oldu\u011fu gibi koruyabilmi\u015f olmas\u0131 ile UNESCO&#8217;nun D\u00fcnya Miras Listesi ba\u015fkenti olarak se\u00e7ilen tarihi bir kasaba. Safranbolu&#8230; Safranbolu, Karadeniz k\u0131y\u0131lar\u0131n\u0131, Bat\u0131, Kuzey ve Orta Anadolu&#8217;ya ba\u011flayan yol \u00fczerinde yer alan tarihi bir il\u00e7edir. 14. y\u00fczy\u0131l\u0131n ba\u015flar\u0131ndan bu yana T\u00fcrklerin hakimiyetinde olan Safranbolu, T\u00fcrk kentsel tarihinin bozulmam\u0131\u015f \u00f6rne\u011fi olarak, geleneksel \u015fehir dokusu, ah\u015fap y\u0131\u011fma evleri [&hellip;]","og_url":"https:\/\/epochtimestr.com\/index.php\/unesco-tarafindan-dunya-miras-listesine-alinan-safranbolu","og_site_name":"The Epoch Times TR","article_publisher":"https:\/\/www.facebook.com\/theepochtimestr","article_published_time":"2019-10-21T12:59:25+00:00","article_modified_time":"2019-10-21T13:18:58+00:00","og_image":[{"width":960,"height":640,"url":"https:\/\/epochtimestr.com\/wp-content\/uploads\/2011y\/safranbolu.jpg","type":"image\/jpeg"}],"author":"Haber Merkezi","twitter_card":"summary_large_image","twitter_creator":"@TheEpochTimesTR","twitter_site":"@TheEpochTimesTR","twitter_misc":{"Yazan:":"Haber Merkezi","Tahmini okuma s\u00fcresi":"4 dakika"},"schema":{"@context":"https:\/\/schema.org","@graph":[{"@type":"Article","@id":"https:\/\/epochtimestr.com\/index.php\/unesco-tarafindan-dunya-miras-listesine-alinan-safranbolu#article","isPartOf":{"@id":"https:\/\/epochtimestr.com\/index.php\/unesco-tarafindan-dunya-miras-listesine-alinan-safranbolu"},"author":{"name":"Haber Merkezi","@id":"https:\/\/epochtimestr.com\/#\/schema\/person\/3dc5c3adeb9f43923c5aa85889172fdd"},"headline":"UNESCO Taraf\u0131ndan D\u00fcnya Miras Listesine Al\u0131nan Safranbolu","datePublished":"2019-10-21T12:59:25+00:00","dateModified":"2019-10-21T13:18:58+00:00","mainEntityOfPage":{"@id":"https:\/\/epochtimestr.com\/index.php\/unesco-tarafindan-dunya-miras-listesine-alinan-safranbolu"},"wordCount":738,"publisher":{"@id":"https:\/\/epochtimestr.com\/#organization"},"image":{"@id":"https:\/\/epochtimestr.com\/index.php\/unesco-tarafindan-dunya-miras-listesine-alinan-safranbolu#primaryimage"},"thumbnailUrl":"https:\/\/epochtimestr.com\/wp-content\/uploads\/2011y\/safranbolu.jpg","articleSection":["ED\u0130T\u00d6R\u00dcN SE\u00c7\u0130M\u0130","G\u00dcNDEM","T\u00dcRK\u0130YE"],"inLanguage":"tr"},{"@type":"WebPage","@id":"https:\/\/epochtimestr.com\/index.php\/unesco-tarafindan-dunya-miras-listesine-alinan-safranbolu","url":"https:\/\/epochtimestr.com\/index.php\/unesco-tarafindan-dunya-miras-listesine-alinan-safranbolu","name":"UNESCO Taraf\u0131ndan D\u00fcnya Miras Listesine Al\u0131nan Safranbolu - The Epoch Times TR","isPartOf":{"@id":"https:\/\/epochtimestr.com\/#website"},"primaryImageOfPage":{"@id":"https:\/\/epochtimestr.com\/index.php\/unesco-tarafindan-dunya-miras-listesine-alinan-safranbolu#primaryimage"},"image":{"@id":"https:\/\/epochtimestr.com\/index.php\/unesco-tarafindan-dunya-miras-listesine-alinan-safranbolu#primaryimage"},"thumbnailUrl":"https:\/\/epochtimestr.com\/wp-content\/uploads\/2011y\/safranbolu.jpg","datePublished":"2019-10-21T12:59:25+00:00","dateModified":"2019-10-21T13:18:58+00:00","inLanguage":"tr","potentialAction":[{"@type":"ReadAction","target":["https:\/\/epochtimestr.com\/index.php\/unesco-tarafindan-dunya-miras-listesine-alinan-safranbolu"]}]},{"@type":"ImageObject","inLanguage":"tr","@id":"https:\/\/epochtimestr.com\/index.php\/unesco-tarafindan-dunya-miras-listesine-alinan-safranbolu#primaryimage","url":"https:\/\/epochtimestr.com\/wp-content\/uploads\/2011y\/safranbolu.jpg","contentUrl":"https:\/\/epochtimestr.com\/wp-content\/uploads\/2011y\/safranbolu.jpg","width":960,"height":640},{"@type":"WebSite","@id":"https:\/\/epochtimestr.com\/#website","url":"https:\/\/epochtimestr.com\/","name":"The Epoch Times TR","description":"De\u011fi\u015fen D\u00fcnyam\u0131za Taze Bir Bak\u0131\u015f","publisher":{"@id":"https:\/\/epochtimestr.com\/#organization"},"potentialAction":[{"@type":"SearchAction","target":{"@type":"EntryPoint","urlTemplate":"https:\/\/epochtimestr.com\/?s={search_term_string}"},"query-input":"required name=search_term_string"}],"inLanguage":"tr"},{"@type":"Organization","@id":"https:\/\/epochtimestr.com\/#organization","name":"The EpochTimes T\u00fcrkiye","url":"https:\/\/epochtimestr.com\/","logo":{"@type":"ImageObject","inLanguage":"tr","@id":"https:\/\/epochtimestr.com\/#\/schema\/logo\/image\/","url":"https:\/\/epochtimestr.com\/wp-content\/uploads\/2011y\/ET-Logo-YG.jpg","contentUrl":"https:\/\/epochtimestr.com\/wp-content\/uploads\/2011y\/ET-Logo-YG.jpg","width":346,"height":29,"caption":"The EpochTimes T\u00fcrkiye"},"image":{"@id":"https:\/\/epochtimestr.com\/#\/schema\/logo\/image\/"},"sameAs":["https:\/\/www.facebook.com\/theepochtimestr","https:\/\/x.com\/TheEpochTimesTR","https:\/\/www.instagram.com\/epochtimestr"]},{"@type":"Person","@id":"https:\/\/epochtimestr.com\/#\/schema\/person\/3dc5c3adeb9f43923c5aa85889172fdd","name":"Haber Merkezi","image":{"@type":"ImageObject","inLanguage":"tr","@id":"https:\/\/epochtimestr.com\/#\/schema\/person\/image\/","url":"https:\/\/secure.gravatar.com\/avatar\/d73f772ba5a74f28601361e17c2f93e6?s=96&d=mm&r=g","contentUrl":"https:\/\/secure.gravatar.com\/avatar\/d73f772ba5a74f28601361e17c2f93e6?s=96&d=mm&r=g","caption":"Haber Merkezi"},"url":"https:\/\/epochtimestr.com\/index.php\/author\/sendag"}]}},"_links":{"self":[{"href":"https:\/\/epochtimestr.com\/index.php\/wp-json\/wp\/v2\/posts\/123329"}],"collection":[{"href":"https:\/\/epochtimestr.com\/index.php\/wp-json\/wp\/v2\/posts"}],"about":[{"href":"https:\/\/epochtimestr.com\/index.php\/wp-json\/wp\/v2\/types\/post"}],"author":[{"embeddable":true,"href":"https:\/\/epochtimestr.com\/index.php\/wp-json\/wp\/v2\/users\/12791"}],"replies":[{"embeddable":true,"href":"https:\/\/epochtimestr.com\/index.php\/wp-json\/wp\/v2\/comments?post=123329"}],"version-history":[{"count":5,"href":"https:\/\/epochtimestr.com\/index.php\/wp-json\/wp\/v2\/posts\/123329\/revisions"}],"predecessor-version":[{"id":123342,"href":"https:\/\/epochtimestr.com\/index.php\/wp-json\/wp\/v2\/posts\/123329\/revisions\/123342"}],"wp:featuredmedia":[{"embeddable":true,"href":"https:\/\/epochtimestr.com\/index.php\/wp-json\/wp\/v2\/media\/123330"}],"wp:attachment":[{"href":"https:\/\/epochtimestr.com\/index.php\/wp-json\/wp\/v2\/media?parent=123329"}],"wp:term":[{"taxonomy":"category","embeddable":true,"href":"https:\/\/epochtimestr.com\/index.php\/wp-json\/wp\/v2\/categories?post=123329"},{"taxonomy":"post_tag","embeddable":true,"href":"https:\/\/epochtimestr.com\/index.php\/wp-json\/wp\/v2\/tags?post=123329"}],"curies":[{"name":"wp","href":"https:\/\/api.w.org\/{rel}","templated":true}]}}