{"id":124372,"date":"2020-02-05T11:02:45","date_gmt":"2020-02-05T08:02:45","guid":{"rendered":"http:\/\/epochtimestr.com\/?p=124372"},"modified":"2020-02-05T11:02:47","modified_gmt":"2020-02-05T08:02:47","slug":"eminonundeki-tekneler-balik-ekmek-satabilecek","status":"publish","type":"post","link":"https:\/\/epochtimestr.com\/index.php\/eminonundeki-tekneler-balik-ekmek-satabilecek","title":{"rendered":"Emin\u00f6n\u00fc&#8217;ndeki Tekneler Bal\u0131k-Ekmek Satabilecek"},"content":{"rendered":"\n<figure class=\"wp-block-image\"><img loading=\"lazy\" decoding=\"async\" width=\"600\" height=\"400\" src=\"https:\/\/epochtimestr.com\/wp-content\/uploads\/2011y\/eminonu-bal\u0131k-ekmek-pixabay-600x400.jpg\" alt=\"\" class=\"wp-image-124373\" srcset=\"https:\/\/epochtimestr.com\/wp-content\/uploads\/2011y\/eminonu-bal\u0131k-ekmek-pixabay-600x400.jpg 600w, https:\/\/epochtimestr.com\/wp-content\/uploads\/2011y\/eminonu-bal\u0131k-ekmek-pixabay-150x100.jpg 150w, https:\/\/epochtimestr.com\/wp-content\/uploads\/2011y\/eminonu-bal\u0131k-ekmek-pixabay-300x200.jpg 300w, https:\/\/epochtimestr.com\/wp-content\/uploads\/2011y\/eminonu-bal\u0131k-ekmek-pixabay-768x512.jpg 768w, https:\/\/epochtimestr.com\/wp-content\/uploads\/2011y\/eminonu-bal\u0131k-ekmek-pixabay-450x300.jpg 450w, https:\/\/epochtimestr.com\/wp-content\/uploads\/2011y\/eminonu-bal\u0131k-ekmek-pixabay.jpg 1280w\" sizes=\"(max-width: 600px) 100vw, 600px\" \/><\/figure>\n\n\n\n<h2 class=\"wp-block-heading\">\u0130stanbul B\u00fcy\u00fck\u015fehir Belediyesi (\u0130BB), Emin\u00f6n\u00fc semtinde bal\u0131k ekmek satan \u00fc\u00e7 teknenin tahliye edilmesi karar\u0131n\u0131 kald\u0131rd\u0131.<\/h2>\n\n\n\n<p>\u0130BB ge\u00e7ti\u011fimiz y\u0131l, Galata K\u00f6pr\u00fcs\u00fc ve Turyol iskelesi aras\u0131nda faaliyet g\u00f6steren 3 tekneye ihtarname g\u00f6ndermi\u015fti. <\/p>\n\n\n\n<p>Temmuz 2007&#8217;de kiralanan teknenin kira s\u00f6zle\u015fmesinin 1 Kas\u0131m 2019&#8217;da bitti\u011fi \u00f6ne s\u00fcr\u00fclerek, i\u015f yerlerinin tahliyesi istenmi\u015fti. <\/p>\n\n\n\n<p>Tekne sahipleri ise 100 bal\u0131k-ekmek satt\u0131klar\u0131n\u0131 belirterek karara kar\u015f\u0131 dava a\u00e7t\u0131. Davan\u0131n g\u00f6r\u00fcld\u00fc\u011f\u00fc 9. Sulh Hukuk Mahkemesi d\u00fcn ikincisi yap\u0131lan duru\u015fmada tekne sahiplerinin davas\u0131n\u0131 kabul etti. Karar \u00e7\u0131kan mahkemede, tekne sahipleri ile \u0130BB aras\u0131nda kirac\u0131l\u0131k ili\u015fkisinin s\u00fcrd\u00fc\u011f\u00fcne h\u00fckmedildi.<\/p>\n\n\n\n<p>\n\nKarar\u0131 de\u011ferlendiren Av. Mehmet Y\u0131ld\u0131r\u0131m \u201cBu kararla ma\u011fduriyet giderildi. Art\u0131k bal\u0131k\u00e7\u0131lar ile \u0130BB, bu b\u00f6lgede daha d\u00fczenli ve hijyenik bir ortamda hizmet verilmesini sa\u011flayabilir\u201d dedi.\n\n<\/p>\n","protected":false},"excerpt":{"rendered":"<p>\u0130stanbul B\u00fcy\u00fck\u015fehir Belediyesi (\u0130BB), Emin\u00f6n\u00fc semtinde bal\u0131k ekmek satan \u00fc\u00e7 teknenin tahliye edilmesi karar\u0131n\u0131 kald\u0131rd\u0131. \u0130BB ge\u00e7ti\u011fimiz y\u0131l, Galata K\u00f6pr\u00fcs\u00fc ve Turyol iskelesi aras\u0131nda faaliyet g\u00f6steren 3 tekneye ihtarname g\u00f6ndermi\u015fti. Temmuz 2007&#8217;de kiralanan teknenin kira s\u00f6zle\u015fmesinin 1 Kas\u0131m 2019&#8217;da bitti\u011fi \u00f6ne s\u00fcr\u00fclerek, i\u015f yerlerinin tahliyesi istenmi\u015fti. Tekne sahipleri ise 100 bal\u0131k-ekmek satt\u0131klar\u0131n\u0131 belirterek karara kar\u015f\u0131 [&hellip;]<\/p>\n","protected":false},"author":12791,"featured_media":124373,"comment_status":"closed","ping_status":"open","sticky":false,"template":"","format":"standard","meta":{"_yoast_wpseo_focuskw":"","_yoast_wpseo_title":"","_yoast_wpseo_metadesc":"","_bbp_topic_count":0,"_bbp_reply_count":0,"_bbp_total_topic_count":0,"_bbp_total_reply_count":0,"_bbp_voice_count":0,"_bbp_anonymous_reply_count":0,"_bbp_topic_count_hidden":0,"_bbp_reply_count_hidden":0,"_bbp_forum_subforum_count":0,"footnotes":"","_yoast_wpseo_focuskw_text_input":""},"categories":[1,37],"tags":[7133,4522,7132,5006,7135,2002],"yoast_head":"<!-- This site is optimized with the Yoast SEO plugin v23.0 - https:\/\/yoast.com\/wordpress\/plugins\/seo\/ -->\n<title>Emin\u00f6n\u00fc&#039;ndeki Tekneler Bal\u0131k-Ekmek Satabilecek - The Epoch Times TR<\/title>\n<meta name=\"robots\" content=\"index, follow, max-snippet:-1, max-image-preview:large, max-video-preview:-1\" \/>\n<link rel=\"canonical\" href=\"https:\/\/epochtimestr.com\/index.php\/eminonundeki-tekneler-balik-ekmek-satabilecek\" \/>\n<meta property=\"og:locale\" content=\"tr_TR\" \/>\n<meta property=\"og:type\" content=\"article\" \/>\n<meta property=\"og:title\" content=\"Emin\u00f6n\u00fc&#039;ndeki Tekneler Bal\u0131k-Ekmek Satabilecek - The Epoch Times TR\" \/>\n<meta property=\"og:description\" content=\"\u0130stanbul B\u00fcy\u00fck\u015fehir Belediyesi (\u0130BB), Emin\u00f6n\u00fc semtinde bal\u0131k ekmek satan \u00fc\u00e7 teknenin tahliye edilmesi karar\u0131n\u0131 kald\u0131rd\u0131. \u0130BB ge\u00e7ti\u011fimiz y\u0131l, Galata K\u00f6pr\u00fcs\u00fc ve Turyol iskelesi aras\u0131nda faaliyet g\u00f6steren 3 tekneye ihtarname g\u00f6ndermi\u015fti. Temmuz 2007&#8217;de kiralanan teknenin kira s\u00f6zle\u015fmesinin 1 Kas\u0131m 2019&#8217;da bitti\u011fi \u00f6ne s\u00fcr\u00fclerek, i\u015f yerlerinin tahliyesi istenmi\u015fti. Tekne sahipleri ise 100 bal\u0131k-ekmek satt\u0131klar\u0131n\u0131 belirterek karara kar\u015f\u0131 [&hellip;]\" \/>\n<meta property=\"og:url\" content=\"https:\/\/epochtimestr.com\/index.php\/eminonundeki-tekneler-balik-ekmek-satabilecek\" \/>\n<meta property=\"og:site_name\" content=\"The Epoch Times TR\" \/>\n<meta property=\"article:publisher\" content=\"https:\/\/www.facebook.com\/theepochtimestr\" \/>\n<meta property=\"article:published_time\" content=\"2020-02-05T08:02:45+00:00\" \/>\n<meta property=\"article:modified_time\" content=\"2020-02-05T08:02:47+00:00\" \/>\n<meta property=\"og:image\" content=\"https:\/\/epochtimestr.com\/wp-content\/uploads\/2011y\/eminonu-bal\u0131k-ekmek-pixabay.jpg\" \/>\n\t<meta property=\"og:image:width\" content=\"1280\" \/>\n\t<meta property=\"og:image:height\" content=\"853\" \/>\n\t<meta property=\"og:image:type\" content=\"image\/jpeg\" \/>\n<meta name=\"author\" content=\"Haber Merkezi\" \/>\n<meta name=\"twitter:card\" content=\"summary_large_image\" \/>\n<meta name=\"twitter:creator\" content=\"@TheEpochTimesTR\" \/>\n<meta name=\"twitter:site\" content=\"@TheEpochTimesTR\" \/>\n<meta name=\"twitter:label1\" content=\"Yazan:\" \/>\n\t<meta name=\"twitter:data1\" content=\"Haber Merkezi\" \/>\n\t<meta name=\"twitter:label2\" content=\"Tahmini okuma s\u00fcresi\" \/>\n\t<meta name=\"twitter:data2\" content=\"1 dakika\" \/>\n<script type=\"application\/ld+json\" class=\"yoast-schema-graph\">{\"@context\":\"https:\/\/schema.org\",\"@graph\":[{\"@type\":\"Article\",\"@id\":\"https:\/\/epochtimestr.com\/index.php\/eminonundeki-tekneler-balik-ekmek-satabilecek#article\",\"isPartOf\":{\"@id\":\"https:\/\/epochtimestr.com\/index.php\/eminonundeki-tekneler-balik-ekmek-satabilecek\"},\"author\":{\"name\":\"Haber Merkezi\",\"@id\":\"https:\/\/epochtimestr.com\/#\/schema\/person\/3dc5c3adeb9f43923c5aa85889172fdd\"},\"headline\":\"Emin\u00f6n\u00fc&#8217;ndeki Tekneler Bal\u0131k-Ekmek Satabilecek\",\"datePublished\":\"2020-02-05T08:02:45+00:00\",\"dateModified\":\"2020-02-05T08:02:47+00:00\",\"mainEntityOfPage\":{\"@id\":\"https:\/\/epochtimestr.com\/index.php\/eminonundeki-tekneler-balik-ekmek-satabilecek\"},\"wordCount\":163,\"publisher\":{\"@id\":\"https:\/\/epochtimestr.com\/#organization\"},\"image\":{\"@id\":\"https:\/\/epochtimestr.com\/index.php\/eminonundeki-tekneler-balik-ekmek-satabilecek#primaryimage\"},\"thumbnailUrl\":\"https:\/\/epochtimestr.com\/wp-content\/uploads\/2011y\/eminonu-bal\u0131k-ekmek-pixabay.jpg\",\"keywords\":[\"bal\u0131k\",\"ekmek\",\"emin\u00f6n\u00fc\",\"\u0130BB\",\"karar\",\"Tahliye\"],\"articleSection\":[\"G\u00dcNDEM\",\"T\u00dcRK\u0130YE\"],\"inLanguage\":\"tr\"},{\"@type\":\"WebPage\",\"@id\":\"https:\/\/epochtimestr.com\/index.php\/eminonundeki-tekneler-balik-ekmek-satabilecek\",\"url\":\"https:\/\/epochtimestr.com\/index.php\/eminonundeki-tekneler-balik-ekmek-satabilecek\",\"name\":\"Emin\u00f6n\u00fc'ndeki Tekneler Bal\u0131k-Ekmek Satabilecek - The Epoch Times TR\",\"isPartOf\":{\"@id\":\"https:\/\/epochtimestr.com\/#website\"},\"primaryImageOfPage\":{\"@id\":\"https:\/\/epochtimestr.com\/index.php\/eminonundeki-tekneler-balik-ekmek-satabilecek#primaryimage\"},\"image\":{\"@id\":\"https:\/\/epochtimestr.com\/index.php\/eminonundeki-tekneler-balik-ekmek-satabilecek#primaryimage\"},\"thumbnailUrl\":\"https:\/\/epochtimestr.com\/wp-content\/uploads\/2011y\/eminonu-bal\u0131k-ekmek-pixabay.jpg\",\"datePublished\":\"2020-02-05T08:02:45+00:00\",\"dateModified\":\"2020-02-05T08:02:47+00:00\",\"inLanguage\":\"tr\",\"potentialAction\":[{\"@type\":\"ReadAction\",\"target\":[\"https:\/\/epochtimestr.com\/index.php\/eminonundeki-tekneler-balik-ekmek-satabilecek\"]}]},{\"@type\":\"ImageObject\",\"inLanguage\":\"tr\",\"@id\":\"https:\/\/epochtimestr.com\/index.php\/eminonundeki-tekneler-balik-ekmek-satabilecek#primaryimage\",\"url\":\"https:\/\/epochtimestr.com\/wp-content\/uploads\/2011y\/eminonu-bal\u0131k-ekmek-pixabay.jpg\",\"contentUrl\":\"https:\/\/epochtimestr.com\/wp-content\/uploads\/2011y\/eminonu-bal\u0131k-ekmek-pixabay.jpg\",\"width\":1280,\"height\":853},{\"@type\":\"WebSite\",\"@id\":\"https:\/\/epochtimestr.com\/#website\",\"url\":\"https:\/\/epochtimestr.com\/\",\"name\":\"The Epoch Times TR\",\"description\":\"De\u011fi\u015fen D\u00fcnyam\u0131za Taze Bir Bak\u0131\u015f\",\"publisher\":{\"@id\":\"https:\/\/epochtimestr.com\/#organization\"},\"potentialAction\":[{\"@type\":\"SearchAction\",\"target\":{\"@type\":\"EntryPoint\",\"urlTemplate\":\"https:\/\/epochtimestr.com\/?s={search_term_string}\"},\"query-input\":\"required name=search_term_string\"}],\"inLanguage\":\"tr\"},{\"@type\":\"Organization\",\"@id\":\"https:\/\/epochtimestr.com\/#organization\",\"name\":\"The EpochTimes T\u00fcrkiye\",\"url\":\"https:\/\/epochtimestr.com\/\",\"logo\":{\"@type\":\"ImageObject\",\"inLanguage\":\"tr\",\"@id\":\"https:\/\/epochtimestr.com\/#\/schema\/logo\/image\/\",\"url\":\"https:\/\/epochtimestr.com\/wp-content\/uploads\/2011y\/ET-Logo-YG.jpg\",\"contentUrl\":\"https:\/\/epochtimestr.com\/wp-content\/uploads\/2011y\/ET-Logo-YG.jpg\",\"width\":346,\"height\":29,\"caption\":\"The EpochTimes T\u00fcrkiye\"},\"image\":{\"@id\":\"https:\/\/epochtimestr.com\/#\/schema\/logo\/image\/\"},\"sameAs\":[\"https:\/\/www.facebook.com\/theepochtimestr\",\"https:\/\/x.com\/TheEpochTimesTR\",\"https:\/\/www.instagram.com\/epochtimestr\"]},{\"@type\":\"Person\",\"@id\":\"https:\/\/epochtimestr.com\/#\/schema\/person\/3dc5c3adeb9f43923c5aa85889172fdd\",\"name\":\"Haber Merkezi\",\"image\":{\"@type\":\"ImageObject\",\"inLanguage\":\"tr\",\"@id\":\"https:\/\/epochtimestr.com\/#\/schema\/person\/image\/\",\"url\":\"https:\/\/secure.gravatar.com\/avatar\/d73f772ba5a74f28601361e17c2f93e6?s=96&d=mm&r=g\",\"contentUrl\":\"https:\/\/secure.gravatar.com\/avatar\/d73f772ba5a74f28601361e17c2f93e6?s=96&d=mm&r=g\",\"caption\":\"Haber Merkezi\"},\"url\":\"https:\/\/epochtimestr.com\/index.php\/author\/sendag\"}]}<\/script>\n<!-- \/ Yoast SEO plugin. -->","yoast_head_json":{"title":"Emin\u00f6n\u00fc'ndeki Tekneler Bal\u0131k-Ekmek Satabilecek - The Epoch Times TR","robots":{"index":"index","follow":"follow","max-snippet":"max-snippet:-1","max-image-preview":"max-image-preview:large","max-video-preview":"max-video-preview:-1"},"canonical":"https:\/\/epochtimestr.com\/index.php\/eminonundeki-tekneler-balik-ekmek-satabilecek","og_locale":"tr_TR","og_type":"article","og_title":"Emin\u00f6n\u00fc'ndeki Tekneler Bal\u0131k-Ekmek Satabilecek - The Epoch Times TR","og_description":"\u0130stanbul B\u00fcy\u00fck\u015fehir Belediyesi (\u0130BB), Emin\u00f6n\u00fc semtinde bal\u0131k ekmek satan \u00fc\u00e7 teknenin tahliye edilmesi karar\u0131n\u0131 kald\u0131rd\u0131. \u0130BB ge\u00e7ti\u011fimiz y\u0131l, Galata K\u00f6pr\u00fcs\u00fc ve Turyol iskelesi aras\u0131nda faaliyet g\u00f6steren 3 tekneye ihtarname g\u00f6ndermi\u015fti. Temmuz 2007&#8217;de kiralanan teknenin kira s\u00f6zle\u015fmesinin 1 Kas\u0131m 2019&#8217;da bitti\u011fi \u00f6ne s\u00fcr\u00fclerek, i\u015f yerlerinin tahliyesi istenmi\u015fti. Tekne sahipleri ise 100 bal\u0131k-ekmek satt\u0131klar\u0131n\u0131 belirterek karara kar\u015f\u0131 [&hellip;]","og_url":"https:\/\/epochtimestr.com\/index.php\/eminonundeki-tekneler-balik-ekmek-satabilecek","og_site_name":"The Epoch Times TR","article_publisher":"https:\/\/www.facebook.com\/theepochtimestr","article_published_time":"2020-02-05T08:02:45+00:00","article_modified_time":"2020-02-05T08:02:47+00:00","og_image":[{"width":1280,"height":853,"url":"https:\/\/epochtimestr.com\/wp-content\/uploads\/2011y\/eminonu-bal\u0131k-ekmek-pixabay.jpg","type":"image\/jpeg"}],"author":"Haber Merkezi","twitter_card":"summary_large_image","twitter_creator":"@TheEpochTimesTR","twitter_site":"@TheEpochTimesTR","twitter_misc":{"Yazan:":"Haber Merkezi","Tahmini okuma s\u00fcresi":"1 dakika"},"schema":{"@context":"https:\/\/schema.org","@graph":[{"@type":"Article","@id":"https:\/\/epochtimestr.com\/index.php\/eminonundeki-tekneler-balik-ekmek-satabilecek#article","isPartOf":{"@id":"https:\/\/epochtimestr.com\/index.php\/eminonundeki-tekneler-balik-ekmek-satabilecek"},"author":{"name":"Haber Merkezi","@id":"https:\/\/epochtimestr.com\/#\/schema\/person\/3dc5c3adeb9f43923c5aa85889172fdd"},"headline":"Emin\u00f6n\u00fc&#8217;ndeki Tekneler Bal\u0131k-Ekmek Satabilecek","datePublished":"2020-02-05T08:02:45+00:00","dateModified":"2020-02-05T08:02:47+00:00","mainEntityOfPage":{"@id":"https:\/\/epochtimestr.com\/index.php\/eminonundeki-tekneler-balik-ekmek-satabilecek"},"wordCount":163,"publisher":{"@id":"https:\/\/epochtimestr.com\/#organization"},"image":{"@id":"https:\/\/epochtimestr.com\/index.php\/eminonundeki-tekneler-balik-ekmek-satabilecek#primaryimage"},"thumbnailUrl":"https:\/\/epochtimestr.com\/wp-content\/uploads\/2011y\/eminonu-bal\u0131k-ekmek-pixabay.jpg","keywords":["bal\u0131k","ekmek","emin\u00f6n\u00fc","\u0130BB","karar","Tahliye"],"articleSection":["G\u00dcNDEM","T\u00dcRK\u0130YE"],"inLanguage":"tr"},{"@type":"WebPage","@id":"https:\/\/epochtimestr.com\/index.php\/eminonundeki-tekneler-balik-ekmek-satabilecek","url":"https:\/\/epochtimestr.com\/index.php\/eminonundeki-tekneler-balik-ekmek-satabilecek","name":"Emin\u00f6n\u00fc'ndeki Tekneler Bal\u0131k-Ekmek Satabilecek - The Epoch Times TR","isPartOf":{"@id":"https:\/\/epochtimestr.com\/#website"},"primaryImageOfPage":{"@id":"https:\/\/epochtimestr.com\/index.php\/eminonundeki-tekneler-balik-ekmek-satabilecek#primaryimage"},"image":{"@id":"https:\/\/epochtimestr.com\/index.php\/eminonundeki-tekneler-balik-ekmek-satabilecek#primaryimage"},"thumbnailUrl":"https:\/\/epochtimestr.com\/wp-content\/uploads\/2011y\/eminonu-bal\u0131k-ekmek-pixabay.jpg","datePublished":"2020-02-05T08:02:45+00:00","dateModified":"2020-02-05T08:02:47+00:00","inLanguage":"tr","potentialAction":[{"@type":"ReadAction","target":["https:\/\/epochtimestr.com\/index.php\/eminonundeki-tekneler-balik-ekmek-satabilecek"]}]},{"@type":"ImageObject","inLanguage":"tr","@id":"https:\/\/epochtimestr.com\/index.php\/eminonundeki-tekneler-balik-ekmek-satabilecek#primaryimage","url":"https:\/\/epochtimestr.com\/wp-content\/uploads\/2011y\/eminonu-bal\u0131k-ekmek-pixabay.jpg","contentUrl":"https:\/\/epochtimestr.com\/wp-content\/uploads\/2011y\/eminonu-bal\u0131k-ekmek-pixabay.jpg","width":1280,"height":853},{"@type":"WebSite","@id":"https:\/\/epochtimestr.com\/#website","url":"https:\/\/epochtimestr.com\/","name":"The Epoch Times TR","description":"De\u011fi\u015fen D\u00fcnyam\u0131za Taze Bir Bak\u0131\u015f","publisher":{"@id":"https:\/\/epochtimestr.com\/#organization"},"potentialAction":[{"@type":"SearchAction","target":{"@type":"EntryPoint","urlTemplate":"https:\/\/epochtimestr.com\/?s={search_term_string}"},"query-input":"required name=search_term_string"}],"inLanguage":"tr"},{"@type":"Organization","@id":"https:\/\/epochtimestr.com\/#organization","name":"The EpochTimes T\u00fcrkiye","url":"https:\/\/epochtimestr.com\/","logo":{"@type":"ImageObject","inLanguage":"tr","@id":"https:\/\/epochtimestr.com\/#\/schema\/logo\/image\/","url":"https:\/\/epochtimestr.com\/wp-content\/uploads\/2011y\/ET-Logo-YG.jpg","contentUrl":"https:\/\/epochtimestr.com\/wp-content\/uploads\/2011y\/ET-Logo-YG.jpg","width":346,"height":29,"caption":"The EpochTimes T\u00fcrkiye"},"image":{"@id":"https:\/\/epochtimestr.com\/#\/schema\/logo\/image\/"},"sameAs":["https:\/\/www.facebook.com\/theepochtimestr","https:\/\/x.com\/TheEpochTimesTR","https:\/\/www.instagram.com\/epochtimestr"]},{"@type":"Person","@id":"https:\/\/epochtimestr.com\/#\/schema\/person\/3dc5c3adeb9f43923c5aa85889172fdd","name":"Haber Merkezi","image":{"@type":"ImageObject","inLanguage":"tr","@id":"https:\/\/epochtimestr.com\/#\/schema\/person\/image\/","url":"https:\/\/secure.gravatar.com\/avatar\/d73f772ba5a74f28601361e17c2f93e6?s=96&d=mm&r=g","contentUrl":"https:\/\/secure.gravatar.com\/avatar\/d73f772ba5a74f28601361e17c2f93e6?s=96&d=mm&r=g","caption":"Haber Merkezi"},"url":"https:\/\/epochtimestr.com\/index.php\/author\/sendag"}]}},"_links":{"self":[{"href":"https:\/\/epochtimestr.com\/index.php\/wp-json\/wp\/v2\/posts\/124372"}],"collection":[{"href":"https:\/\/epochtimestr.com\/index.php\/wp-json\/wp\/v2\/posts"}],"about":[{"href":"https:\/\/epochtimestr.com\/index.php\/wp-json\/wp\/v2\/types\/post"}],"author":[{"embeddable":true,"href":"https:\/\/epochtimestr.com\/index.php\/wp-json\/wp\/v2\/users\/12791"}],"replies":[{"embeddable":true,"href":"https:\/\/epochtimestr.com\/index.php\/wp-json\/wp\/v2\/comments?post=124372"}],"version-history":[{"count":1,"href":"https:\/\/epochtimestr.com\/index.php\/wp-json\/wp\/v2\/posts\/124372\/revisions"}],"predecessor-version":[{"id":124374,"href":"https:\/\/epochtimestr.com\/index.php\/wp-json\/wp\/v2\/posts\/124372\/revisions\/124374"}],"wp:featuredmedia":[{"embeddable":true,"href":"https:\/\/epochtimestr.com\/index.php\/wp-json\/wp\/v2\/media\/124373"}],"wp:attachment":[{"href":"https:\/\/epochtimestr.com\/index.php\/wp-json\/wp\/v2\/media?parent=124372"}],"wp:term":[{"taxonomy":"category","embeddable":true,"href":"https:\/\/epochtimestr.com\/index.php\/wp-json\/wp\/v2\/categories?post=124372"},{"taxonomy":"post_tag","embeddable":true,"href":"https:\/\/epochtimestr.com\/index.php\/wp-json\/wp\/v2\/tags?post=124372"}],"curies":[{"name":"wp","href":"https:\/\/api.w.org\/{rel}","templated":true}]}}