{"id":124539,"date":"2020-02-17T11:54:42","date_gmt":"2020-02-17T08:54:42","guid":{"rendered":"http:\/\/epochtimestr.com\/?p=124539"},"modified":"2020-02-17T23:16:58","modified_gmt":"2020-02-17T20:16:58","slug":"turk-medeni-kanunu-94-yil-once-bugun-mecliste-kabul-edildi","status":"publish","type":"post","link":"https:\/\/epochtimestr.com\/index.php\/turk-medeni-kanunu-94-yil-once-bugun-mecliste-kabul-edildi","title":{"rendered":"T\u00fcrk Medeni Kanunu 94 Y\u0131l \u00d6nce Bug\u00fcn Mecliste Kabul Edildi"},"content":{"rendered":"\n<figure class=\"wp-block-image\"><img loading=\"lazy\" decoding=\"async\" width=\"600\" height=\"328\" src=\"https:\/\/epochtimestr.com\/wp-content\/uploads\/2011y\/medeni-kanun-600x328.jpg\" alt=\"\" class=\"wp-image-124541\" srcset=\"https:\/\/epochtimestr.com\/wp-content\/uploads\/2011y\/medeni-kanun-600x328.jpg 600w, https:\/\/epochtimestr.com\/wp-content\/uploads\/2011y\/medeni-kanun-150x82.jpg 150w, https:\/\/epochtimestr.com\/wp-content\/uploads\/2011y\/medeni-kanun-300x164.jpg 300w, https:\/\/epochtimestr.com\/wp-content\/uploads\/2011y\/medeni-kanun.jpg 640w\" sizes=\"(max-width: 600px) 100vw, 600px\" \/><\/figure>\n\n\n\n<p>17 \u015eubat 1926\u2019da y\u00fcr\u00fcrl\u00fc\u011fe giren T\u00fcrk Medeni Kanunu\u2019nun kabul edilmesinin \u00fczerinden 94 y\u0131l ge\u00e7ti. Toplumsal hayat\u0131 d\u00fczenlemek i\u00e7in kullan\u0131lan ve dinsel nitelikler ta\u015f\u0131yan \u201cMecelle\u201dnin g\u00fcn\u00fcn ihtiya\u00e7lar\u0131na cevap verememesi ve T\u00fcrk toplumunun ge\u00e7irmekte oldu\u011fu d\u00f6n\u00fc\u015f\u00fcm bu de\u011fi\u015fikli\u011fi asl\u0131nda zorunlu k\u0131l\u0131yordu. T\u00fcrk toplumuna k\u00f6kl\u00fc de\u011fi\u015fiklikler getiren ve \u00f6zellikle T\u00fcrk toplumunda ya\u015fayan kad\u0131nlar i\u00e7in bir devrim niteli\u011fini ta\u015f\u0131yan bu de\u011fi\u015fiklikle T\u00fcrkiye Cumhuriyeti\u2019nin y\u00f6n\u00fc tam olarak belirlenmi\u015f oldu.<\/p>\n\n\n\n<p><strong>T\u00fcrk medeni\nkanunun k\u0131sa tarih\u00e7esi <\/strong><\/p>\n\n\n\n<p>Mustafa Kemal\nAtat\u00fcrk\u2019\u00fcn yeni T\u00fcrkiye\u2019nin de y\u00f6n\u00fcn\u00fc a\u00e7\u0131k bir \u015fekilde ifade etti Bursa &nbsp;Nutku\u2019nda bu de\u011fi\u015fikli\u011fe neden ihtiya\u00e7\nduyuldu\u011funu \u015fu s\u00f6zlerle a\u00e7\u0131k bir \u015fekilde ifade etti; \u201c<em>Yeni T\u00fcrkiye, ne zamana ne de ihtiyaca uymayan\nmecellenin h\u00fck\u00fcmlerine ba\u011fl\u0131 kalamaz. En uygar uluslar derecesinde hukuk\nkurallar\u0131m\u0131z\u0131 da iyile\u015ftirece\u011fiz. Y\u00fcz sene, be\u015fy\u00fcz sene, bin sene evvel ya\u015fayan\nbir toplum i\u00e7in yap\u0131lan yasalarla bug\u00fcnk\u00fc toplumu y\u00f6netmeye kalk\u0131\u015fmak\ngaflettir, cehalettir.&#8221;<\/em> &nbsp;<\/p>\n\n\n\n<p>Bu konu\u015fman\u0131n\nard\u0131nda 1923 y\u0131l\u0131nda Adalet Bakanl\u0131\u011f\u0131 b\u00fcnyesinde iki\nkomisyon olu\u015fturuldu. Bu iki komisyonun g\u00f6revi ba\u015fta Mecelle olmak \u00fczere temel\nbaz\u0131 yasalar\u0131 yeniden d\u00fczenlemekti. 1923 y\u0131l\u0131nda kurulan bu komisyonlar, \u00e7a\u011f\u0131n\ngereklilikleri yerine \u015eeriat hukukunu \u00f6n plana almas\u0131 sebebiyle da\u011f\u0131t\u0131ld\u0131lar. 1924\ny\u0131l\u0131nda bu konu ile ilgili kurulan iki komisyon da, haz\u0131rlad\u0131\u011f\u0131 yasalar\u0131n,\nyetersiz ve \u00e7a\u011fd\u0131\u015f\u0131 olmas\u0131 sebebiyle da\u011f\u0131t\u0131ld\u0131. <\/p>\n\n\n\n<p>Bu geli\u015fmelerin ard\u0131ndan d\u00f6nemin\nAdalet Bakan\u0131 Mahmut Esat Bozkurt, bat\u0131daki \u00f6rneklerinden yararlanarak hukuk\nsisteminin yenilenmesi karar\u0131n\u0131, &#8220;T\u00fcrk ihtilalinin karar\u0131, bat\u0131\nuygarl\u0131\u011f\u0131n\u0131 kay\u0131ts\u0131z \u015farts\u0131z kendisine mal etmek, benimsemektir. Bu karar, o\nkadar kesin bir azme dayanmaktad\u0131r ki, \u00f6n\u00fcne \u00e7\u0131kacaklar, demirle, ate\u015fle yok\nedilmeye mahkumdurlar. Bu prensip bak\u0131m\u0131ndan yasalar\u0131m\u0131z\u0131 oldu\u011fu gibi bat\u0131dan\nalmak zorunday\u0131z (*) &#8221; s\u00f6zleriyle a\u00e7\u0131klad\u0131. <\/p>\n\n\n\n<p>Medeni kanun haz\u0131rlan\u0131rken pek\n\u00e7ok \u00fclkenin kanunlar\u0131 incelendi. Avrupa&#8217;daki en eski yurtta\u015fl\u0131k yasalar\u0131ndan\nFrans\u0131z Medeni Yasas\u0131, eskimi\u015f kabul edildi, Avusturya Medeni Yasas\u0131, Habsburg\nHanedan\u0131n\u0131n &#8220;mutlakiyet\u00e7i&#8221; anlay\u0131\u015f\u0131n\u0131 yans\u0131t\u0131r nitelikte bulundu.\nAlman Medeni Yasas\u0131 ise, \u00e7ok teknik bir metin olarak g\u00f6r\u00fcld\u00fc. <\/p>\n\n\n\n<p>Bat\u0131l\u0131 \u00fclkelerin medeni\nkanunlar\u0131 incelenmesinin ard\u0131ndan Medeni Kanun&#8217;un haz\u0131rlanmas\u0131nda, 1912&#8217;de\ny\u00fcr\u00fcrl\u00fc\u011fe giren \u0130svi\u00e7re Medeni Kanunu dilinin basitli\u011fi, ak\u0131lc\u0131 olmas\u0131, kad\u0131n-erkek\ne\u015fitli\u011fine dayal\u0131 bir aile d\u00fczeni i\u00e7ermesi, demokratik ve laik bir yakla\u015f\u0131m\ni\u00e7ermesi ve hakime takdir yetkisi vermesi nedeniyle esas al\u0131nd\u0131.<\/p>\n\n\n\n<p>T\u00fcrk Medeni Kanunu\nTasar\u0131s\u0131n\u0131n haz\u0131rlanmas\u0131 i\u00e7in hukuk\u00e7u milletvekilleri, \u00f6\u011fretim \u00fcyeleri, yarg\u0131\u00e7\nve avukatlardan olu\u015fan 26 ki\u015filik bir komisyon kuruldu. Bu komisyon, \u0130svi\u00e7re\nMedeni Kanunu&#8217;nu T\u00fcrk\u00e7e&#8217;ye \u00e7evirdi ve yeni bir metin olu\u015fturdu. Bu metin\nbir tasar\u0131 halinde Meclis Adalet Komisyonu&#8217;na sunuldu. <\/p>\n\n\n\n<p>Genel Kurul g\u00f6r\u00fc\u015fmelerinde\ntasar\u0131n\u0131n madde madde ele al\u0131nmas\u0131 \u00f6nerildi. Ancak Adalet Bakan\u0131 Bozkurt,\nyasan\u0131n bir b\u00fct\u00fcn oldu\u011funu, bu nedenle t\u00fcm\u00fcyle g\u00f6r\u00fc\u015f\u00fclmesi gerekti\u011fini\nbelirterek, bu \u00f6neriye kar\u015f\u0131 \u00e7\u0131kt\u0131. ve 17 \u015eubat 1926&#8217;da hi\u00e7bir\nde\u011fi\u015fikli\u011fe u\u011framadan kabul edildi. <\/p>\n\n\n\n<p><strong>T\u00fcrk Medeni\nKanun ile Neler De\u011fi\u015fti <\/strong><\/p>\n\n\n\n<p>*&nbsp;Resmi nikah&nbsp;zorunlu hale getirildi ve b\u00f6ylece evlilik devlet kontrol\u00fc alt\u0131na al\u0131nd\u0131.<br \/> * Tek e\u015fle evlilik zorunlulu\u011fu getirilerek T\u00fcrk ailesi modern bir yap\u0131ya kavu\u015fturuldu. <br \/> *&nbsp;Mirasta k\u0131z ve erkek \u00e7ocuklar\u0131n e\u015fit pay almalar\u0131 sa\u011fland\u0131. <br \/> * Bo\u015fanma hakk\u0131 d\u00fczenlendi ve kad\u0131nlara da bu konuda haklar tan\u0131nd\u0131. <br \/> * Kad\u0131nlara istedikleri i\u015fte \u00e7al\u0131\u015fabilme hakk\u0131 tan\u0131nd\u0131. B\u00f6ylece kad\u0131n ve erkekler aras\u0131nda ekonomik ve sosyal alanlarda e\u015fitlik sa\u011fland\u0131. <br \/> * Toplumsal hayat\u0131n \u00e7a\u011fda\u015f kurallara g\u00f6re d\u00fczenlenmesinin sa\u011flanmas\u0131 T\u00fcrkiye\u2019de ya\u015fayan&nbsp;gayrim\u00fcslim&nbsp;halk\u0131 da etkiledi. M\u00fcsl\u00fcman olmayan halk&nbsp;Lozan antla\u015fmas\u0131n\u0131n kendilerine tan\u0131d\u0131\u011f\u0131 haklardan vazge\u00e7erek T\u00fcrk medeni kanununa uymak istedi ve bu istekleri kabul edildi.<br \/> *&nbsp;Patrikhane&nbsp;ve&nbsp;konsolosluklar\u0131n yarg\u0131 yetkileri sona erdi. <br \/> * Laik hukuk anlay\u0131\u015f\u0131 toplumun her kesiminde uygulan\u0131r hale geldi. <br \/>* T\u00fcrkiye\u2019de hukuk birli\u011fi sa\u011fland\u0131.  <\/p>\n\n\n\n<p><\/p>\n\n\n\n<p><\/p>\n\n\n\n<p>Kaynak: Nedir.org <\/p>\n\n\n\n<p><\/p>\n\n\n\n<p><br \/><br \/><\/p>\n","protected":false},"excerpt":{"rendered":"<p>17 \u015eubat 1926\u2019da y\u00fcr\u00fcrl\u00fc\u011fe giren T\u00fcrk Medeni Kanunu\u2019nun kabul edilmesinin \u00fczerinden 94 y\u0131l ge\u00e7ti. Toplumsal hayat\u0131 d\u00fczenlemek i\u00e7in kullan\u0131lan ve dinsel nitelikler ta\u015f\u0131yan \u201cMecelle\u201dnin g\u00fcn\u00fcn ihtiya\u00e7lar\u0131na cevap verememesi ve T\u00fcrk toplumunun ge\u00e7irmekte oldu\u011fu d\u00f6n\u00fc\u015f\u00fcm bu de\u011fi\u015fikli\u011fi asl\u0131nda zorunlu k\u0131l\u0131yordu. T\u00fcrk toplumuna k\u00f6kl\u00fc de\u011fi\u015fiklikler getiren ve \u00f6zellikle T\u00fcrk toplumunda ya\u015fayan kad\u0131nlar i\u00e7in bir devrim niteli\u011fini ta\u015f\u0131yan [&hellip;]<\/p>\n","protected":false},"author":22,"featured_media":124541,"comment_status":"closed","ping_status":"open","sticky":false,"template":"","format":"standard","meta":{"_yoast_wpseo_focuskw":"","_yoast_wpseo_title":"","_yoast_wpseo_metadesc":"","_bbp_topic_count":0,"_bbp_reply_count":0,"_bbp_total_topic_count":0,"_bbp_total_reply_count":0,"_bbp_voice_count":0,"_bbp_anonymous_reply_count":0,"_bbp_topic_count_hidden":0,"_bbp_reply_count_hidden":0,"_bbp_forum_subforum_count":0,"footnotes":"","_yoast_wpseo_focuskw_text_input":""},"categories":[519,1,37],"tags":[628,7199,339,7197,6238],"yoast_head":"<!-- This site is optimized with the Yoast SEO plugin v23.0 - https:\/\/yoast.com\/wordpress\/plugins\/seo\/ -->\n<title>T\u00fcrk Medeni Kanunu 94 Y\u0131l \u00d6nce Bug\u00fcn Mecliste Kabul Edildi - The Epoch Times TR<\/title>\n<meta name=\"robots\" content=\"index, follow, max-snippet:-1, max-image-preview:large, max-video-preview:-1\" \/>\n<link rel=\"canonical\" href=\"https:\/\/epochtimestr.com\/index.php\/turk-medeni-kanunu-94-yil-once-bugun-mecliste-kabul-edildi\" \/>\n<meta property=\"og:locale\" content=\"tr_TR\" \/>\n<meta property=\"og:type\" content=\"article\" \/>\n<meta property=\"og:title\" content=\"T\u00fcrk Medeni Kanunu 94 Y\u0131l \u00d6nce Bug\u00fcn Mecliste Kabul Edildi - The Epoch Times TR\" \/>\n<meta property=\"og:description\" content=\"17 \u015eubat 1926\u2019da y\u00fcr\u00fcrl\u00fc\u011fe giren T\u00fcrk Medeni Kanunu\u2019nun kabul edilmesinin \u00fczerinden 94 y\u0131l ge\u00e7ti. Toplumsal hayat\u0131 d\u00fczenlemek i\u00e7in kullan\u0131lan ve dinsel nitelikler ta\u015f\u0131yan \u201cMecelle\u201dnin g\u00fcn\u00fcn ihtiya\u00e7lar\u0131na cevap verememesi ve T\u00fcrk toplumunun ge\u00e7irmekte oldu\u011fu d\u00f6n\u00fc\u015f\u00fcm bu de\u011fi\u015fikli\u011fi asl\u0131nda zorunlu k\u0131l\u0131yordu. T\u00fcrk toplumuna k\u00f6kl\u00fc de\u011fi\u015fiklikler getiren ve \u00f6zellikle T\u00fcrk toplumunda ya\u015fayan kad\u0131nlar i\u00e7in bir devrim niteli\u011fini ta\u015f\u0131yan [&hellip;]\" \/>\n<meta property=\"og:url\" content=\"https:\/\/epochtimestr.com\/index.php\/turk-medeni-kanunu-94-yil-once-bugun-mecliste-kabul-edildi\" \/>\n<meta property=\"og:site_name\" content=\"The Epoch Times TR\" \/>\n<meta property=\"article:publisher\" content=\"https:\/\/www.facebook.com\/theepochtimestr\" \/>\n<meta property=\"article:published_time\" content=\"2020-02-17T08:54:42+00:00\" \/>\n<meta property=\"article:modified_time\" content=\"2020-02-17T20:16:58+00:00\" \/>\n<meta property=\"og:image\" content=\"https:\/\/epochtimestr.com\/wp-content\/uploads\/2011y\/medeni-kanun.jpg\" \/>\n\t<meta property=\"og:image:width\" content=\"640\" \/>\n\t<meta property=\"og:image:height\" content=\"350\" \/>\n\t<meta property=\"og:image:type\" content=\"image\/jpeg\" \/>\n<meta name=\"author\" content=\"G.Hakan Ko\u00e7man\" \/>\n<meta name=\"twitter:card\" content=\"summary_large_image\" \/>\n<meta name=\"twitter:creator\" content=\"@TheEpochTimesTR\" \/>\n<meta name=\"twitter:site\" content=\"@TheEpochTimesTR\" \/>\n<meta name=\"twitter:label1\" content=\"Yazan:\" \/>\n\t<meta name=\"twitter:data1\" content=\"G.Hakan Ko\u00e7man\" \/>\n\t<meta name=\"twitter:label2\" content=\"Tahmini okuma s\u00fcresi\" \/>\n\t<meta name=\"twitter:data2\" content=\"4 dakika\" \/>\n<script type=\"application\/ld+json\" class=\"yoast-schema-graph\">{\"@context\":\"https:\/\/schema.org\",\"@graph\":[{\"@type\":\"Article\",\"@id\":\"https:\/\/epochtimestr.com\/index.php\/turk-medeni-kanunu-94-yil-once-bugun-mecliste-kabul-edildi#article\",\"isPartOf\":{\"@id\":\"https:\/\/epochtimestr.com\/index.php\/turk-medeni-kanunu-94-yil-once-bugun-mecliste-kabul-edildi\"},\"author\":{\"name\":\"G.Hakan Ko\u00e7man\",\"@id\":\"https:\/\/epochtimestr.com\/#\/schema\/person\/b5509977c9a6cd729a3e74d9743d035b\"},\"headline\":\"T\u00fcrk Medeni Kanunu 94 Y\u0131l \u00d6nce Bug\u00fcn Mecliste Kabul Edildi\",\"datePublished\":\"2020-02-17T08:54:42+00:00\",\"dateModified\":\"2020-02-17T20:16:58+00:00\",\"mainEntityOfPage\":{\"@id\":\"https:\/\/epochtimestr.com\/index.php\/turk-medeni-kanunu-94-yil-once-bugun-mecliste-kabul-edildi\"},\"wordCount\":772,\"publisher\":{\"@id\":\"https:\/\/epochtimestr.com\/#organization\"},\"image\":{\"@id\":\"https:\/\/epochtimestr.com\/index.php\/turk-medeni-kanunu-94-yil-once-bugun-mecliste-kabul-edildi#primaryimage\"},\"thumbnailUrl\":\"https:\/\/epochtimestr.com\/wp-content\/uploads\/2011y\/medeni-kanun.jpg\",\"keywords\":[\"atat\u00fcrk\",\"Kad\u0131n Erkek E\u015fitli\u011fi\",\"kad\u0131n haklar\u0131\",\"Medeni Kanun\",\"T\u00fcrkiye Cumhuriyeti\"],\"articleSection\":[\"ED\u0130T\u00d6R\u00dcN SE\u00c7\u0130M\u0130\",\"G\u00dcNDEM\",\"T\u00dcRK\u0130YE\"],\"inLanguage\":\"tr\"},{\"@type\":\"WebPage\",\"@id\":\"https:\/\/epochtimestr.com\/index.php\/turk-medeni-kanunu-94-yil-once-bugun-mecliste-kabul-edildi\",\"url\":\"https:\/\/epochtimestr.com\/index.php\/turk-medeni-kanunu-94-yil-once-bugun-mecliste-kabul-edildi\",\"name\":\"T\u00fcrk Medeni Kanunu 94 Y\u0131l \u00d6nce Bug\u00fcn Mecliste Kabul Edildi - The Epoch Times TR\",\"isPartOf\":{\"@id\":\"https:\/\/epochtimestr.com\/#website\"},\"primaryImageOfPage\":{\"@id\":\"https:\/\/epochtimestr.com\/index.php\/turk-medeni-kanunu-94-yil-once-bugun-mecliste-kabul-edildi#primaryimage\"},\"image\":{\"@id\":\"https:\/\/epochtimestr.com\/index.php\/turk-medeni-kanunu-94-yil-once-bugun-mecliste-kabul-edildi#primaryimage\"},\"thumbnailUrl\":\"https:\/\/epochtimestr.com\/wp-content\/uploads\/2011y\/medeni-kanun.jpg\",\"datePublished\":\"2020-02-17T08:54:42+00:00\",\"dateModified\":\"2020-02-17T20:16:58+00:00\",\"inLanguage\":\"tr\",\"potentialAction\":[{\"@type\":\"ReadAction\",\"target\":[\"https:\/\/epochtimestr.com\/index.php\/turk-medeni-kanunu-94-yil-once-bugun-mecliste-kabul-edildi\"]}]},{\"@type\":\"ImageObject\",\"inLanguage\":\"tr\",\"@id\":\"https:\/\/epochtimestr.com\/index.php\/turk-medeni-kanunu-94-yil-once-bugun-mecliste-kabul-edildi#primaryimage\",\"url\":\"https:\/\/epochtimestr.com\/wp-content\/uploads\/2011y\/medeni-kanun.jpg\",\"contentUrl\":\"https:\/\/epochtimestr.com\/wp-content\/uploads\/2011y\/medeni-kanun.jpg\",\"width\":640,\"height\":350},{\"@type\":\"WebSite\",\"@id\":\"https:\/\/epochtimestr.com\/#website\",\"url\":\"https:\/\/epochtimestr.com\/\",\"name\":\"The Epoch Times TR\",\"description\":\"De\u011fi\u015fen D\u00fcnyam\u0131za Taze Bir Bak\u0131\u015f\",\"publisher\":{\"@id\":\"https:\/\/epochtimestr.com\/#organization\"},\"potentialAction\":[{\"@type\":\"SearchAction\",\"target\":{\"@type\":\"EntryPoint\",\"urlTemplate\":\"https:\/\/epochtimestr.com\/?s={search_term_string}\"},\"query-input\":\"required name=search_term_string\"}],\"inLanguage\":\"tr\"},{\"@type\":\"Organization\",\"@id\":\"https:\/\/epochtimestr.com\/#organization\",\"name\":\"The EpochTimes T\u00fcrkiye\",\"url\":\"https:\/\/epochtimestr.com\/\",\"logo\":{\"@type\":\"ImageObject\",\"inLanguage\":\"tr\",\"@id\":\"https:\/\/epochtimestr.com\/#\/schema\/logo\/image\/\",\"url\":\"https:\/\/epochtimestr.com\/wp-content\/uploads\/2011y\/ET-Logo-YG.jpg\",\"contentUrl\":\"https:\/\/epochtimestr.com\/wp-content\/uploads\/2011y\/ET-Logo-YG.jpg\",\"width\":346,\"height\":29,\"caption\":\"The EpochTimes T\u00fcrkiye\"},\"image\":{\"@id\":\"https:\/\/epochtimestr.com\/#\/schema\/logo\/image\/\"},\"sameAs\":[\"https:\/\/www.facebook.com\/theepochtimestr\",\"https:\/\/x.com\/TheEpochTimesTR\",\"https:\/\/www.instagram.com\/epochtimestr\"]},{\"@type\":\"Person\",\"@id\":\"https:\/\/epochtimestr.com\/#\/schema\/person\/b5509977c9a6cd729a3e74d9743d035b\",\"name\":\"G.Hakan Ko\u00e7man\",\"image\":{\"@type\":\"ImageObject\",\"inLanguage\":\"tr\",\"@id\":\"https:\/\/epochtimestr.com\/#\/schema\/person\/image\/\",\"url\":\"https:\/\/secure.gravatar.com\/avatar\/e4eafee1ab5d1f4015c3930376b22ca8?s=96&d=mm&r=g\",\"contentUrl\":\"https:\/\/secure.gravatar.com\/avatar\/e4eafee1ab5d1f4015c3930376b22ca8?s=96&d=mm&r=g\",\"caption\":\"G.Hakan Ko\u00e7man\"},\"url\":\"https:\/\/epochtimestr.com\/index.php\/author\/hakan\"}]}<\/script>\n<!-- \/ Yoast SEO plugin. -->","yoast_head_json":{"title":"T\u00fcrk Medeni Kanunu 94 Y\u0131l \u00d6nce Bug\u00fcn Mecliste Kabul Edildi - The Epoch Times TR","robots":{"index":"index","follow":"follow","max-snippet":"max-snippet:-1","max-image-preview":"max-image-preview:large","max-video-preview":"max-video-preview:-1"},"canonical":"https:\/\/epochtimestr.com\/index.php\/turk-medeni-kanunu-94-yil-once-bugun-mecliste-kabul-edildi","og_locale":"tr_TR","og_type":"article","og_title":"T\u00fcrk Medeni Kanunu 94 Y\u0131l \u00d6nce Bug\u00fcn Mecliste Kabul Edildi - The Epoch Times TR","og_description":"17 \u015eubat 1926\u2019da y\u00fcr\u00fcrl\u00fc\u011fe giren T\u00fcrk Medeni Kanunu\u2019nun kabul edilmesinin \u00fczerinden 94 y\u0131l ge\u00e7ti. Toplumsal hayat\u0131 d\u00fczenlemek i\u00e7in kullan\u0131lan ve dinsel nitelikler ta\u015f\u0131yan \u201cMecelle\u201dnin g\u00fcn\u00fcn ihtiya\u00e7lar\u0131na cevap verememesi ve T\u00fcrk toplumunun ge\u00e7irmekte oldu\u011fu d\u00f6n\u00fc\u015f\u00fcm bu de\u011fi\u015fikli\u011fi asl\u0131nda zorunlu k\u0131l\u0131yordu. T\u00fcrk toplumuna k\u00f6kl\u00fc de\u011fi\u015fiklikler getiren ve \u00f6zellikle T\u00fcrk toplumunda ya\u015fayan kad\u0131nlar i\u00e7in bir devrim niteli\u011fini ta\u015f\u0131yan [&hellip;]","og_url":"https:\/\/epochtimestr.com\/index.php\/turk-medeni-kanunu-94-yil-once-bugun-mecliste-kabul-edildi","og_site_name":"The Epoch Times TR","article_publisher":"https:\/\/www.facebook.com\/theepochtimestr","article_published_time":"2020-02-17T08:54:42+00:00","article_modified_time":"2020-02-17T20:16:58+00:00","og_image":[{"width":640,"height":350,"url":"https:\/\/epochtimestr.com\/wp-content\/uploads\/2011y\/medeni-kanun.jpg","type":"image\/jpeg"}],"author":"G.Hakan Ko\u00e7man","twitter_card":"summary_large_image","twitter_creator":"@TheEpochTimesTR","twitter_site":"@TheEpochTimesTR","twitter_misc":{"Yazan:":"G.Hakan Ko\u00e7man","Tahmini okuma s\u00fcresi":"4 dakika"},"schema":{"@context":"https:\/\/schema.org","@graph":[{"@type":"Article","@id":"https:\/\/epochtimestr.com\/index.php\/turk-medeni-kanunu-94-yil-once-bugun-mecliste-kabul-edildi#article","isPartOf":{"@id":"https:\/\/epochtimestr.com\/index.php\/turk-medeni-kanunu-94-yil-once-bugun-mecliste-kabul-edildi"},"author":{"name":"G.Hakan Ko\u00e7man","@id":"https:\/\/epochtimestr.com\/#\/schema\/person\/b5509977c9a6cd729a3e74d9743d035b"},"headline":"T\u00fcrk Medeni Kanunu 94 Y\u0131l \u00d6nce Bug\u00fcn Mecliste Kabul Edildi","datePublished":"2020-02-17T08:54:42+00:00","dateModified":"2020-02-17T20:16:58+00:00","mainEntityOfPage":{"@id":"https:\/\/epochtimestr.com\/index.php\/turk-medeni-kanunu-94-yil-once-bugun-mecliste-kabul-edildi"},"wordCount":772,"publisher":{"@id":"https:\/\/epochtimestr.com\/#organization"},"image":{"@id":"https:\/\/epochtimestr.com\/index.php\/turk-medeni-kanunu-94-yil-once-bugun-mecliste-kabul-edildi#primaryimage"},"thumbnailUrl":"https:\/\/epochtimestr.com\/wp-content\/uploads\/2011y\/medeni-kanun.jpg","keywords":["atat\u00fcrk","Kad\u0131n Erkek E\u015fitli\u011fi","kad\u0131n haklar\u0131","Medeni Kanun","T\u00fcrkiye Cumhuriyeti"],"articleSection":["ED\u0130T\u00d6R\u00dcN SE\u00c7\u0130M\u0130","G\u00dcNDEM","T\u00dcRK\u0130YE"],"inLanguage":"tr"},{"@type":"WebPage","@id":"https:\/\/epochtimestr.com\/index.php\/turk-medeni-kanunu-94-yil-once-bugun-mecliste-kabul-edildi","url":"https:\/\/epochtimestr.com\/index.php\/turk-medeni-kanunu-94-yil-once-bugun-mecliste-kabul-edildi","name":"T\u00fcrk Medeni Kanunu 94 Y\u0131l \u00d6nce Bug\u00fcn Mecliste Kabul Edildi - The Epoch Times TR","isPartOf":{"@id":"https:\/\/epochtimestr.com\/#website"},"primaryImageOfPage":{"@id":"https:\/\/epochtimestr.com\/index.php\/turk-medeni-kanunu-94-yil-once-bugun-mecliste-kabul-edildi#primaryimage"},"image":{"@id":"https:\/\/epochtimestr.com\/index.php\/turk-medeni-kanunu-94-yil-once-bugun-mecliste-kabul-edildi#primaryimage"},"thumbnailUrl":"https:\/\/epochtimestr.com\/wp-content\/uploads\/2011y\/medeni-kanun.jpg","datePublished":"2020-02-17T08:54:42+00:00","dateModified":"2020-02-17T20:16:58+00:00","inLanguage":"tr","potentialAction":[{"@type":"ReadAction","target":["https:\/\/epochtimestr.com\/index.php\/turk-medeni-kanunu-94-yil-once-bugun-mecliste-kabul-edildi"]}]},{"@type":"ImageObject","inLanguage":"tr","@id":"https:\/\/epochtimestr.com\/index.php\/turk-medeni-kanunu-94-yil-once-bugun-mecliste-kabul-edildi#primaryimage","url":"https:\/\/epochtimestr.com\/wp-content\/uploads\/2011y\/medeni-kanun.jpg","contentUrl":"https:\/\/epochtimestr.com\/wp-content\/uploads\/2011y\/medeni-kanun.jpg","width":640,"height":350},{"@type":"WebSite","@id":"https:\/\/epochtimestr.com\/#website","url":"https:\/\/epochtimestr.com\/","name":"The Epoch Times TR","description":"De\u011fi\u015fen D\u00fcnyam\u0131za Taze Bir Bak\u0131\u015f","publisher":{"@id":"https:\/\/epochtimestr.com\/#organization"},"potentialAction":[{"@type":"SearchAction","target":{"@type":"EntryPoint","urlTemplate":"https:\/\/epochtimestr.com\/?s={search_term_string}"},"query-input":"required name=search_term_string"}],"inLanguage":"tr"},{"@type":"Organization","@id":"https:\/\/epochtimestr.com\/#organization","name":"The EpochTimes T\u00fcrkiye","url":"https:\/\/epochtimestr.com\/","logo":{"@type":"ImageObject","inLanguage":"tr","@id":"https:\/\/epochtimestr.com\/#\/schema\/logo\/image\/","url":"https:\/\/epochtimestr.com\/wp-content\/uploads\/2011y\/ET-Logo-YG.jpg","contentUrl":"https:\/\/epochtimestr.com\/wp-content\/uploads\/2011y\/ET-Logo-YG.jpg","width":346,"height":29,"caption":"The EpochTimes T\u00fcrkiye"},"image":{"@id":"https:\/\/epochtimestr.com\/#\/schema\/logo\/image\/"},"sameAs":["https:\/\/www.facebook.com\/theepochtimestr","https:\/\/x.com\/TheEpochTimesTR","https:\/\/www.instagram.com\/epochtimestr"]},{"@type":"Person","@id":"https:\/\/epochtimestr.com\/#\/schema\/person\/b5509977c9a6cd729a3e74d9743d035b","name":"G.Hakan Ko\u00e7man","image":{"@type":"ImageObject","inLanguage":"tr","@id":"https:\/\/epochtimestr.com\/#\/schema\/person\/image\/","url":"https:\/\/secure.gravatar.com\/avatar\/e4eafee1ab5d1f4015c3930376b22ca8?s=96&d=mm&r=g","contentUrl":"https:\/\/secure.gravatar.com\/avatar\/e4eafee1ab5d1f4015c3930376b22ca8?s=96&d=mm&r=g","caption":"G.Hakan Ko\u00e7man"},"url":"https:\/\/epochtimestr.com\/index.php\/author\/hakan"}]}},"_links":{"self":[{"href":"https:\/\/epochtimestr.com\/index.php\/wp-json\/wp\/v2\/posts\/124539"}],"collection":[{"href":"https:\/\/epochtimestr.com\/index.php\/wp-json\/wp\/v2\/posts"}],"about":[{"href":"https:\/\/epochtimestr.com\/index.php\/wp-json\/wp\/v2\/types\/post"}],"author":[{"embeddable":true,"href":"https:\/\/epochtimestr.com\/index.php\/wp-json\/wp\/v2\/users\/22"}],"replies":[{"embeddable":true,"href":"https:\/\/epochtimestr.com\/index.php\/wp-json\/wp\/v2\/comments?post=124539"}],"version-history":[{"count":4,"href":"https:\/\/epochtimestr.com\/index.php\/wp-json\/wp\/v2\/posts\/124539\/revisions"}],"predecessor-version":[{"id":124545,"href":"https:\/\/epochtimestr.com\/index.php\/wp-json\/wp\/v2\/posts\/124539\/revisions\/124545"}],"wp:featuredmedia":[{"embeddable":true,"href":"https:\/\/epochtimestr.com\/index.php\/wp-json\/wp\/v2\/media\/124541"}],"wp:attachment":[{"href":"https:\/\/epochtimestr.com\/index.php\/wp-json\/wp\/v2\/media?parent=124539"}],"wp:term":[{"taxonomy":"category","embeddable":true,"href":"https:\/\/epochtimestr.com\/index.php\/wp-json\/wp\/v2\/categories?post=124539"},{"taxonomy":"post_tag","embeddable":true,"href":"https:\/\/epochtimestr.com\/index.php\/wp-json\/wp\/v2\/tags?post=124539"}],"curies":[{"name":"wp","href":"https:\/\/api.w.org\/{rel}","templated":true}]}}