{"id":126764,"date":"2020-05-31T12:10:55","date_gmt":"2020-05-31T09:10:55","guid":{"rendered":"http:\/\/epochtimestr.com\/?p=126764"},"modified":"2020-05-31T17:35:50","modified_gmt":"2020-05-31T14:35:50","slug":"gezi-direnisi-7-yasinda","status":"publish","type":"post","link":"https:\/\/epochtimestr.com\/index.php\/gezi-direnisi-7-yasinda","title":{"rendered":"Gezi Olaylar\u0131 7 Ya\u015f\u0131nda"},"content":{"rendered":"\n<div class=\"wp-block-image\"><figure class=\"aligncenter size-large\"><img loading=\"lazy\" decoding=\"async\" width=\"600\" height=\"400\" src=\"https:\/\/epochtimestr.com\/wp-content\/uploads\/2011y\/ihlas-resmi-gezi-parkiv2-600x400.jpg\" alt=\"\" class=\"wp-image-69430\" srcset=\"https:\/\/epochtimestr.com\/wp-content\/uploads\/2011y\/ihlas-resmi-gezi-parkiv2-600x400.jpg 600w, https:\/\/epochtimestr.com\/wp-content\/uploads\/2011y\/ihlas-resmi-gezi-parkiv2-150x100.jpg 150w, https:\/\/epochtimestr.com\/wp-content\/uploads\/2011y\/ihlas-resmi-gezi-parkiv2-300x200.jpg 300w, https:\/\/epochtimestr.com\/wp-content\/uploads\/2011y\/ihlas-resmi-gezi-parkiv2-292x194.jpg 292w, https:\/\/epochtimestr.com\/wp-content\/uploads\/2011y\/ihlas-resmi-gezi-parkiv2-638x425.jpg 638w, https:\/\/epochtimestr.com\/wp-content\/uploads\/2011y\/ihlas-resmi-gezi-parkiv2-629x419.jpg 629w, https:\/\/epochtimestr.com\/wp-content\/uploads\/2011y\/ihlas-resmi-gezi-parkiv2.jpg 640w\" sizes=\"(max-width: 600px) 100vw, 600px\" \/><figcaption>Taksim Gezi Park\u0131 eylemleri (Haziran 2013)<\/figcaption><\/figure><\/div>\n\n\n\n<h2 class=\"wp-block-heading\">Taksim Gezi Park\u0131&#8217;ndan ba\u015flay\u0131p t\u00fcm \u00fclkeye yay\u0131lan Gezi Olaylar\u0131&#8217;n\u0131n \u00fczerinden 7 y\u0131l ge\u00e7ti. <\/h2>\n\n\n\n<p>27 May\u0131s gecesi saat 22:00 s\u0131ralar\u0131ndan Top\u00e7u K\u0131\u015flas\u0131 i\u00e7in Gezi Park\u0131&#8217;na giren i\u015f makineleri bir duvar\u0131 y\u0131kt\u0131 ve 5 a\u011fac\u0131 yerinden s\u00f6kt\u00fc.<\/p>\n\n\n\n<p>Taksim Platformu \u00fcyeleri ve aktivist gen\u00e7ler a\u011fa\u00e7lar\u0131n yerinden s\u00f6k\u00fcld\u00fc\u011f\u00fcn\u00fc duyar duymaz parka indiler ve Gezi Park\u0131 etraf\u0131nda toplananlar aras\u0131ndan 50 ki\u015fi parkta \u00e7ad\u0131r kurarak n\u00f6bet tutmaya ba\u015flad\u0131.<\/p>\n\n\n\n<p>28 May\u0131s tarihinde ise haberi duyanlar Taksim&#8217;de yerini ald\u0131. Saat 13:00 s\u0131ralar\u0131nda polis meydana indi ve biber gaz\u0131 ile m\u00fcdahalede bulundu. <\/p>\n\n\n\n<p>Grup, parktan zorla \u00e7\u0131kart\u0131l\u0131rken i\u015f makineleri \u00e7oktan &#8216;a\u011fa\u00e7lar\u0131 s\u00f6kmeye devam&#8217; emrini alm\u0131\u015ft\u0131. Gezi&#8217;nin simgesel olan foto\u011fraflar\u0131ndan &#8216;K\u0131rm\u0131z\u0131l\u0131 Kad\u0131n&#8217; o g\u00fcn \u00e7ekildi. <\/p>\n\n\n\n<p>29 May\u0131s g\u00fcn\u00fc halka g\u00f6sterilen davran\u0131\u015f rahats\u0131zl\u0131k yaratm\u0131\u015f, olaylar insanlar\u0131n daha \u00e7ok toplanmas\u0131na neden olmu\u015ftu. Parktan, \u201cTaksim bizim \u0130stanbul bizim\u201d sloganlar\u0131 y\u00fckselmeye ba\u015flad\u0131.<\/p>\n\n\n\n<p>30 May\u0131s g\u00fcn\u00fc 3 g\u00fcnd\u00fcr n\u00f6bet tutan \u00e7ad\u0131rlara m\u00fcdahale edildi. \u0130stanbul B\u00fcy\u00fck\u015fehir Belediyesi zab\u0131talar\u0131 taraf\u0131ndan \u00e7ad\u0131rlar yak\u0131ld\u0131. Eylemcilerin da\u011f\u0131t\u0131lmas\u0131yla i\u015f makineleri yeniden parka girdi ancak hemen ard\u0131ndan da Taksim&#8217;e art\u0131k binlerce ki\u015fi akacakt\u0131.<\/p>\n\n\n\n<p>31 May\u0131s ikinci bask\u0131n\u0131n ger\u00e7ekle\u015ftirildi\u011fi g\u00fcn oldu. M\u00fcdahele seviye atlad\u0131 ve Park&#8217;a ve \u0130stiklal Caddesi&#8217;ne TOMA&#8217;lar indi. TOMA&#8217;dan sert tazyikli sular s\u0131k\u0131ld\u0131, at\u0131lan biber gazlar\u0131n\u0131n say\u0131lar\u0131 art\u0131k bilinmiyordu. Direni\u015f kat be kat katlanarak b\u00fcy\u00fcd\u00fc. Polis art\u0131k plastik mermi kullan\u0131yordu.<\/p>\n\n\n\n<p>Baz\u0131 kaynaklara g\u00f6re eylemler, T\u00fcrkiye ekonomisini hedef alarak, T\u00fcrkiye&#8217;nin IMF&#8217;ye olan t\u00fcm bor\u00e7lar\u0131n\u0131 kapatmas\u0131ndan hemen sonra ger\u00e7ekle\u015fti.<\/p>\n\n\n\n<p>A\u00e7\u0131lan davada ise devlet taraf\u0131ndan darbe olarak nitelendirilen Gezi Olaylar\u0131&#8217;n\u0131n destek\u00e7isi George Soros&#8217;un T\u00fcrkiye ba\u011flant\u0131s\u0131 \u0130\u015fadam\u0131 Osman Kavala arac\u0131l\u0131\u011f\u0131 ile kalk\u0131\u015fmay\u0131 fonlad\u0131\u011f\u0131 iddia edildi.<\/p>\n\n\n\n<p>Cumhurba\u015fkan\u0131 Recep Tayyip Erdo\u011fan&#8217;\u0131n ter\u00f6rist olarak nitelendirdi\u011fi Osman Kavala&#8217;n\u0131n Gezi olaylar\u0131 esnas\u0131nda i\u00e7eride oldu\u011funu belirterek, &#8220;Onun arkas\u0131nda kim var? Me\u015fhur Macar Yahudisi Soros. Bu adam d\u00fcnyada milletleri b\u00f6lmek, par\u00e7alamakla adeta birilerini g\u00f6revlendiren, paras\u0131 bol ve bu paralar\u0131 da bu \u015fekilde t\u00fcketen birisidir&#8221; \u015feklinde konu\u015fmu\u015ftu. <\/p>\n\n\n\n<p><strong>Olaylar T\u00fcm T\u00fcrkiye&#8217;de Ger\u00e7ekle\u015fti<\/strong><\/p>\n\n\n\n<p>Olaylar T\u00fcrkiye&#8217;nin t\u00fcm \u015fehirlerinde kendisini g\u00f6sterdi. \u0130\u00e7i\u015fleri Bakanl\u0131\u011f\u0131&#8217;n\u0131n 23 Haziran&#8217;da yapt\u0131\u011f\u0131 a\u00e7\u0131klamaya g\u00f6re Bayburt ve Bing\u00f6l hari\u00e7 79 ilde d\u00fczenlenen eylemlere toplam 2.5 milyon ki\u015fi kat\u0131lm\u0131\u015f, bundan daha fazla ki\u015fi de sosyal a\u011flar arac\u0131l\u0131\u011f\u0131yla g\u00f6r\u00fc\u015flerini aktarm\u0131\u015flard\u0131.<\/p>\n\n\n\n<p>Olaylar sonucunda 8 sivil (Mehmet Ayval\u0131ta\u015f, Abdullah C\u00f6mert,&nbsp;Ethem Sar\u0131s\u00fcl\u00fck,&nbsp;Ali \u0130smail Korkmaz, Ahmet Atakan,&nbsp;Berkin Elvan, Burak Can Karamano\u011flu, Mehmet \u0130stif ve Elif \u00c7ermik)&nbsp;ve 2 g\u00fcvenlik g\u00f6revlisi (polis komiseri Mustafa Sar\u0131 ve polis memuru Ahmet K\u00fc\u00e7\u00fckta\u011f)hayat\u0131n\u0131 kaybetmi\u015f, 8163 ki\u015fi yaralanm\u0131\u015ft\u0131.<\/p>\n\n\n\n<p>\u00d6lenler i\u00e7in a\u00e7\u0131lan davada, su\u00e7lular\u0131n bir k\u0131sm\u0131n\u0131n cezalar\u0131 indirildi bir k\u0131sm\u0131 ise hala tutuksuz yarg\u0131lan\u0131yor.<\/p>\n\n\n\n<p><strong>K\u0131rm\u0131z\u0131l\u0131 Kad\u0131n<\/strong><\/p>\n\n\n\n<p>Eylemde k\u0131rm\u0131z\u0131 elbisesiyle y\u00fcz\u00fcne biber gaz\u0131 s\u0131k\u0131l\u0131rken \u00e7ekilen foto\u011fraf\u0131 ile Gezi&#8217;nin simgesi haline gelen K\u0131rm\u0131z\u0131l\u0131 Kad\u0131n, akademisyen Ceyda Sungur, kendisine biber gaz\u0131 s\u0131kan polis memuruna dava a\u00e7\u0131lmas\u0131n\u0131n ard\u0131ndan \u015funlar\u0131 kaleme ald\u0131;<\/p>\n\n\n\n<p><em>\u201cGezi direni\u015finde yitirdiklerimizin katilleri ve ger\u00e7ek sorumlular\u0131 cezaland\u0131r\u0131lana kadar, kimse adaletten bahsetmesin. Ne yaz\u0131k ki, Ethem Sar\u0131s\u00fcl\u00fck ba\u015f\u0131ndan bir polis kur\u015funu ile vuruldu\u011funda, Abdullah C\u00f6mert kafas\u0131na gaz fi\u015fe\u011fi isabet etti\u011finde, Mehmet Ayval\u0131ta\u015f 1 May\u0131s Mahallesi\u2019nde Gezi eylemlerine kat\u0131ld\u0131\u011f\u0131 s\u0131rada ezildi\u011finde, \u0130rfan Tuna i\u015fyerinde gaza maruz kald\u0131\u011f\u0131nda, Medeni Y\u0131ld\u0131r\u0131m Lice\u2019de kalekol in\u015fas\u0131na kar\u015f\u0131 pankart a\u00e7t\u0131\u011f\u0131nda, Selim \u00d6nder G\u00fcm\u00fc\u015fsuyu\u2019nda oturan k\u0131z\u0131n\u0131 ziyarete gitti\u011finde, Zeynep Erya\u015far Gezi Park\u0131\u2019nda n\u00f6bet tutan \u00e7ocuklar\u0131na destek i\u00e7in y\u00fcr\u00fcy\u00fc\u015fe kat\u0131ld\u0131\u011f\u0131nda, Ahmet Atakan katillerin cezaland\u0131r\u0131lmas\u0131n\u0131 istedi\u011finde, Ali \u0130smail Korkmaz d\u00f6v\u00fclerek \u00f6ld\u00fcr\u00fcld\u00fc\u011f\u00fcnde, Serdar Kadakal \u00e7al\u0131\u015ft\u0131\u011f\u0131 yerin \u00f6n\u00fcndeki sokakta oturdu\u011funda, hi\u00e7birinin \u00fczerlerinde&nbsp;\u2018k\u0131rm\u0131z\u0131 elbise\u2019&nbsp;yoktu. G\u00fczel g\u00f6zl\u00fc karde\u015fim Berkin Elvan ise bakkaldan ekmek almaya gitmekten daha b\u00fcy\u00fck bir su\u00e7 i\u015flememi\u015fti. Bu insanlar\u0131n bas\u0131n taraf\u0131ndan tesad\u00fcfen yakalanan foto\u011fraflar\u0131n\u0131n olmamas\u0131, fail ve sorumlular\u0131n\u0131n yarg\u0131lanmamas\u0131 veya ceza almamas\u0131 i\u00e7in bir bahane olamaz.\u201d <\/em><\/p>\n","protected":false},"excerpt":{"rendered":"<p>Taksim Gezi Park\u0131&#8217;ndan ba\u015flay\u0131p t\u00fcm \u00fclkeye yay\u0131lan Gezi Olaylar\u0131&#8217;n\u0131n \u00fczerinden 7 y\u0131l ge\u00e7ti. 27 May\u0131s gecesi saat 22:00 s\u0131ralar\u0131ndan Top\u00e7u K\u0131\u015flas\u0131 i\u00e7in Gezi Park\u0131&#8217;na giren i\u015f makineleri bir duvar\u0131 y\u0131kt\u0131 ve 5 a\u011fac\u0131 yerinden s\u00f6kt\u00fc. Taksim Platformu \u00fcyeleri ve aktivist gen\u00e7ler a\u011fa\u00e7lar\u0131n yerinden s\u00f6k\u00fcld\u00fc\u011f\u00fcn\u00fc duyar duymaz parka indiler ve Gezi Park\u0131 etraf\u0131nda toplananlar aras\u0131ndan 50 [&hellip;]<\/p>\n","protected":false},"author":12791,"featured_media":69430,"comment_status":"closed","ping_status":"open","sticky":false,"template":"","format":"standard","meta":{"_yoast_wpseo_focuskw":"","_yoast_wpseo_title":"","_yoast_wpseo_metadesc":"","_bbp_topic_count":0,"_bbp_reply_count":0,"_bbp_total_topic_count":0,"_bbp_total_reply_count":0,"_bbp_voice_count":0,"_bbp_anonymous_reply_count":0,"_bbp_topic_count_hidden":0,"_bbp_reply_count_hidden":0,"_bbp_forum_subforum_count":0,"footnotes":"","_yoast_wpseo_focuskw_text_input":""},"categories":[1,37],"tags":[],"yoast_head":"<!-- This site is optimized with the Yoast SEO plugin v23.0 - https:\/\/yoast.com\/wordpress\/plugins\/seo\/ -->\n<title>Gezi Olaylar\u0131 7 Ya\u015f\u0131nda - The Epoch Times TR<\/title>\n<meta name=\"robots\" content=\"index, follow, max-snippet:-1, max-image-preview:large, max-video-preview:-1\" \/>\n<link rel=\"canonical\" href=\"https:\/\/epochtimestr.com\/index.php\/gezi-direnisi-7-yasinda\" \/>\n<meta property=\"og:locale\" content=\"tr_TR\" \/>\n<meta property=\"og:type\" content=\"article\" \/>\n<meta property=\"og:title\" content=\"Gezi Olaylar\u0131 7 Ya\u015f\u0131nda - The Epoch Times TR\" \/>\n<meta property=\"og:description\" content=\"Taksim Gezi Park\u0131&#8217;ndan ba\u015flay\u0131p t\u00fcm \u00fclkeye yay\u0131lan Gezi Olaylar\u0131&#8217;n\u0131n \u00fczerinden 7 y\u0131l ge\u00e7ti. 27 May\u0131s gecesi saat 22:00 s\u0131ralar\u0131ndan Top\u00e7u K\u0131\u015flas\u0131 i\u00e7in Gezi Park\u0131&#8217;na giren i\u015f makineleri bir duvar\u0131 y\u0131kt\u0131 ve 5 a\u011fac\u0131 yerinden s\u00f6kt\u00fc. Taksim Platformu \u00fcyeleri ve aktivist gen\u00e7ler a\u011fa\u00e7lar\u0131n yerinden s\u00f6k\u00fcld\u00fc\u011f\u00fcn\u00fc duyar duymaz parka indiler ve Gezi Park\u0131 etraf\u0131nda toplananlar aras\u0131ndan 50 [&hellip;]\" \/>\n<meta property=\"og:url\" content=\"https:\/\/epochtimestr.com\/index.php\/gezi-direnisi-7-yasinda\" \/>\n<meta property=\"og:site_name\" content=\"The Epoch Times TR\" \/>\n<meta property=\"article:publisher\" content=\"https:\/\/www.facebook.com\/theepochtimestr\" \/>\n<meta property=\"article:published_time\" content=\"2020-05-31T09:10:55+00:00\" \/>\n<meta property=\"article:modified_time\" content=\"2020-05-31T14:35:50+00:00\" \/>\n<meta property=\"og:image\" content=\"https:\/\/epochtimestr.com\/wp-content\/uploads\/2011y\/ihlas-resmi-gezi-parkiv2.jpg\" \/>\n\t<meta property=\"og:image:width\" content=\"640\" \/>\n\t<meta property=\"og:image:height\" content=\"427\" \/>\n\t<meta property=\"og:image:type\" content=\"image\/jpeg\" \/>\n<meta name=\"author\" content=\"Haber Merkezi\" \/>\n<meta name=\"twitter:card\" content=\"summary_large_image\" \/>\n<meta name=\"twitter:creator\" content=\"@TheEpochTimesTR\" \/>\n<meta name=\"twitter:site\" content=\"@TheEpochTimesTR\" \/>\n<meta name=\"twitter:label1\" content=\"Yazan:\" \/>\n\t<meta name=\"twitter:data1\" content=\"Haber Merkezi\" \/>\n\t<meta name=\"twitter:label2\" content=\"Tahmini okuma s\u00fcresi\" \/>\n\t<meta name=\"twitter:data2\" content=\"4 dakika\" \/>\n<script type=\"application\/ld+json\" class=\"yoast-schema-graph\">{\"@context\":\"https:\/\/schema.org\",\"@graph\":[{\"@type\":\"Article\",\"@id\":\"https:\/\/epochtimestr.com\/index.php\/gezi-direnisi-7-yasinda#article\",\"isPartOf\":{\"@id\":\"https:\/\/epochtimestr.com\/index.php\/gezi-direnisi-7-yasinda\"},\"author\":{\"name\":\"Haber Merkezi\",\"@id\":\"https:\/\/epochtimestr.com\/#\/schema\/person\/3dc5c3adeb9f43923c5aa85889172fdd\"},\"headline\":\"Gezi Olaylar\u0131 7 Ya\u015f\u0131nda\",\"datePublished\":\"2020-05-31T09:10:55+00:00\",\"dateModified\":\"2020-05-31T14:35:50+00:00\",\"mainEntityOfPage\":{\"@id\":\"https:\/\/epochtimestr.com\/index.php\/gezi-direnisi-7-yasinda\"},\"wordCount\":822,\"publisher\":{\"@id\":\"https:\/\/epochtimestr.com\/#organization\"},\"image\":{\"@id\":\"https:\/\/epochtimestr.com\/index.php\/gezi-direnisi-7-yasinda#primaryimage\"},\"thumbnailUrl\":\"https:\/\/epochtimestr.com\/wp-content\/uploads\/2011y\/ihlas-resmi-gezi-parkiv2.jpg\",\"articleSection\":[\"G\u00dcNDEM\",\"T\u00dcRK\u0130YE\"],\"inLanguage\":\"tr\"},{\"@type\":\"WebPage\",\"@id\":\"https:\/\/epochtimestr.com\/index.php\/gezi-direnisi-7-yasinda\",\"url\":\"https:\/\/epochtimestr.com\/index.php\/gezi-direnisi-7-yasinda\",\"name\":\"Gezi Olaylar\u0131 7 Ya\u015f\u0131nda - The Epoch Times TR\",\"isPartOf\":{\"@id\":\"https:\/\/epochtimestr.com\/#website\"},\"primaryImageOfPage\":{\"@id\":\"https:\/\/epochtimestr.com\/index.php\/gezi-direnisi-7-yasinda#primaryimage\"},\"image\":{\"@id\":\"https:\/\/epochtimestr.com\/index.php\/gezi-direnisi-7-yasinda#primaryimage\"},\"thumbnailUrl\":\"https:\/\/epochtimestr.com\/wp-content\/uploads\/2011y\/ihlas-resmi-gezi-parkiv2.jpg\",\"datePublished\":\"2020-05-31T09:10:55+00:00\",\"dateModified\":\"2020-05-31T14:35:50+00:00\",\"inLanguage\":\"tr\",\"potentialAction\":[{\"@type\":\"ReadAction\",\"target\":[\"https:\/\/epochtimestr.com\/index.php\/gezi-direnisi-7-yasinda\"]}]},{\"@type\":\"ImageObject\",\"inLanguage\":\"tr\",\"@id\":\"https:\/\/epochtimestr.com\/index.php\/gezi-direnisi-7-yasinda#primaryimage\",\"url\":\"https:\/\/epochtimestr.com\/wp-content\/uploads\/2011y\/ihlas-resmi-gezi-parkiv2.jpg\",\"contentUrl\":\"https:\/\/epochtimestr.com\/wp-content\/uploads\/2011y\/ihlas-resmi-gezi-parkiv2.jpg\",\"width\":640,\"height\":427,\"caption\":\"Taksim Gezi Park\u0131 eylemleri (Haziran 2013)\"},{\"@type\":\"WebSite\",\"@id\":\"https:\/\/epochtimestr.com\/#website\",\"url\":\"https:\/\/epochtimestr.com\/\",\"name\":\"The Epoch Times TR\",\"description\":\"De\u011fi\u015fen D\u00fcnyam\u0131za Taze Bir Bak\u0131\u015f\",\"publisher\":{\"@id\":\"https:\/\/epochtimestr.com\/#organization\"},\"potentialAction\":[{\"@type\":\"SearchAction\",\"target\":{\"@type\":\"EntryPoint\",\"urlTemplate\":\"https:\/\/epochtimestr.com\/?s={search_term_string}\"},\"query-input\":\"required name=search_term_string\"}],\"inLanguage\":\"tr\"},{\"@type\":\"Organization\",\"@id\":\"https:\/\/epochtimestr.com\/#organization\",\"name\":\"The EpochTimes T\u00fcrkiye\",\"url\":\"https:\/\/epochtimestr.com\/\",\"logo\":{\"@type\":\"ImageObject\",\"inLanguage\":\"tr\",\"@id\":\"https:\/\/epochtimestr.com\/#\/schema\/logo\/image\/\",\"url\":\"https:\/\/epochtimestr.com\/wp-content\/uploads\/2011y\/ET-Logo-YG.jpg\",\"contentUrl\":\"https:\/\/epochtimestr.com\/wp-content\/uploads\/2011y\/ET-Logo-YG.jpg\",\"width\":346,\"height\":29,\"caption\":\"The EpochTimes T\u00fcrkiye\"},\"image\":{\"@id\":\"https:\/\/epochtimestr.com\/#\/schema\/logo\/image\/\"},\"sameAs\":[\"https:\/\/www.facebook.com\/theepochtimestr\",\"https:\/\/x.com\/TheEpochTimesTR\",\"https:\/\/www.instagram.com\/epochtimestr\"]},{\"@type\":\"Person\",\"@id\":\"https:\/\/epochtimestr.com\/#\/schema\/person\/3dc5c3adeb9f43923c5aa85889172fdd\",\"name\":\"Haber Merkezi\",\"image\":{\"@type\":\"ImageObject\",\"inLanguage\":\"tr\",\"@id\":\"https:\/\/epochtimestr.com\/#\/schema\/person\/image\/\",\"url\":\"https:\/\/secure.gravatar.com\/avatar\/d73f772ba5a74f28601361e17c2f93e6?s=96&d=mm&r=g\",\"contentUrl\":\"https:\/\/secure.gravatar.com\/avatar\/d73f772ba5a74f28601361e17c2f93e6?s=96&d=mm&r=g\",\"caption\":\"Haber Merkezi\"},\"url\":\"https:\/\/epochtimestr.com\/index.php\/author\/sendag\"}]}<\/script>\n<!-- \/ Yoast SEO plugin. -->","yoast_head_json":{"title":"Gezi Olaylar\u0131 7 Ya\u015f\u0131nda - The Epoch Times TR","robots":{"index":"index","follow":"follow","max-snippet":"max-snippet:-1","max-image-preview":"max-image-preview:large","max-video-preview":"max-video-preview:-1"},"canonical":"https:\/\/epochtimestr.com\/index.php\/gezi-direnisi-7-yasinda","og_locale":"tr_TR","og_type":"article","og_title":"Gezi Olaylar\u0131 7 Ya\u015f\u0131nda - The Epoch Times TR","og_description":"Taksim Gezi Park\u0131&#8217;ndan ba\u015flay\u0131p t\u00fcm \u00fclkeye yay\u0131lan Gezi Olaylar\u0131&#8217;n\u0131n \u00fczerinden 7 y\u0131l ge\u00e7ti. 27 May\u0131s gecesi saat 22:00 s\u0131ralar\u0131ndan Top\u00e7u K\u0131\u015flas\u0131 i\u00e7in Gezi Park\u0131&#8217;na giren i\u015f makineleri bir duvar\u0131 y\u0131kt\u0131 ve 5 a\u011fac\u0131 yerinden s\u00f6kt\u00fc. Taksim Platformu \u00fcyeleri ve aktivist gen\u00e7ler a\u011fa\u00e7lar\u0131n yerinden s\u00f6k\u00fcld\u00fc\u011f\u00fcn\u00fc duyar duymaz parka indiler ve Gezi Park\u0131 etraf\u0131nda toplananlar aras\u0131ndan 50 [&hellip;]","og_url":"https:\/\/epochtimestr.com\/index.php\/gezi-direnisi-7-yasinda","og_site_name":"The Epoch Times TR","article_publisher":"https:\/\/www.facebook.com\/theepochtimestr","article_published_time":"2020-05-31T09:10:55+00:00","article_modified_time":"2020-05-31T14:35:50+00:00","og_image":[{"width":640,"height":427,"url":"https:\/\/epochtimestr.com\/wp-content\/uploads\/2011y\/ihlas-resmi-gezi-parkiv2.jpg","type":"image\/jpeg"}],"author":"Haber Merkezi","twitter_card":"summary_large_image","twitter_creator":"@TheEpochTimesTR","twitter_site":"@TheEpochTimesTR","twitter_misc":{"Yazan:":"Haber Merkezi","Tahmini okuma s\u00fcresi":"4 dakika"},"schema":{"@context":"https:\/\/schema.org","@graph":[{"@type":"Article","@id":"https:\/\/epochtimestr.com\/index.php\/gezi-direnisi-7-yasinda#article","isPartOf":{"@id":"https:\/\/epochtimestr.com\/index.php\/gezi-direnisi-7-yasinda"},"author":{"name":"Haber Merkezi","@id":"https:\/\/epochtimestr.com\/#\/schema\/person\/3dc5c3adeb9f43923c5aa85889172fdd"},"headline":"Gezi Olaylar\u0131 7 Ya\u015f\u0131nda","datePublished":"2020-05-31T09:10:55+00:00","dateModified":"2020-05-31T14:35:50+00:00","mainEntityOfPage":{"@id":"https:\/\/epochtimestr.com\/index.php\/gezi-direnisi-7-yasinda"},"wordCount":822,"publisher":{"@id":"https:\/\/epochtimestr.com\/#organization"},"image":{"@id":"https:\/\/epochtimestr.com\/index.php\/gezi-direnisi-7-yasinda#primaryimage"},"thumbnailUrl":"https:\/\/epochtimestr.com\/wp-content\/uploads\/2011y\/ihlas-resmi-gezi-parkiv2.jpg","articleSection":["G\u00dcNDEM","T\u00dcRK\u0130YE"],"inLanguage":"tr"},{"@type":"WebPage","@id":"https:\/\/epochtimestr.com\/index.php\/gezi-direnisi-7-yasinda","url":"https:\/\/epochtimestr.com\/index.php\/gezi-direnisi-7-yasinda","name":"Gezi Olaylar\u0131 7 Ya\u015f\u0131nda - The Epoch Times TR","isPartOf":{"@id":"https:\/\/epochtimestr.com\/#website"},"primaryImageOfPage":{"@id":"https:\/\/epochtimestr.com\/index.php\/gezi-direnisi-7-yasinda#primaryimage"},"image":{"@id":"https:\/\/epochtimestr.com\/index.php\/gezi-direnisi-7-yasinda#primaryimage"},"thumbnailUrl":"https:\/\/epochtimestr.com\/wp-content\/uploads\/2011y\/ihlas-resmi-gezi-parkiv2.jpg","datePublished":"2020-05-31T09:10:55+00:00","dateModified":"2020-05-31T14:35:50+00:00","inLanguage":"tr","potentialAction":[{"@type":"ReadAction","target":["https:\/\/epochtimestr.com\/index.php\/gezi-direnisi-7-yasinda"]}]},{"@type":"ImageObject","inLanguage":"tr","@id":"https:\/\/epochtimestr.com\/index.php\/gezi-direnisi-7-yasinda#primaryimage","url":"https:\/\/epochtimestr.com\/wp-content\/uploads\/2011y\/ihlas-resmi-gezi-parkiv2.jpg","contentUrl":"https:\/\/epochtimestr.com\/wp-content\/uploads\/2011y\/ihlas-resmi-gezi-parkiv2.jpg","width":640,"height":427,"caption":"Taksim Gezi Park\u0131 eylemleri (Haziran 2013)"},{"@type":"WebSite","@id":"https:\/\/epochtimestr.com\/#website","url":"https:\/\/epochtimestr.com\/","name":"The Epoch Times TR","description":"De\u011fi\u015fen D\u00fcnyam\u0131za Taze Bir Bak\u0131\u015f","publisher":{"@id":"https:\/\/epochtimestr.com\/#organization"},"potentialAction":[{"@type":"SearchAction","target":{"@type":"EntryPoint","urlTemplate":"https:\/\/epochtimestr.com\/?s={search_term_string}"},"query-input":"required name=search_term_string"}],"inLanguage":"tr"},{"@type":"Organization","@id":"https:\/\/epochtimestr.com\/#organization","name":"The EpochTimes T\u00fcrkiye","url":"https:\/\/epochtimestr.com\/","logo":{"@type":"ImageObject","inLanguage":"tr","@id":"https:\/\/epochtimestr.com\/#\/schema\/logo\/image\/","url":"https:\/\/epochtimestr.com\/wp-content\/uploads\/2011y\/ET-Logo-YG.jpg","contentUrl":"https:\/\/epochtimestr.com\/wp-content\/uploads\/2011y\/ET-Logo-YG.jpg","width":346,"height":29,"caption":"The EpochTimes T\u00fcrkiye"},"image":{"@id":"https:\/\/epochtimestr.com\/#\/schema\/logo\/image\/"},"sameAs":["https:\/\/www.facebook.com\/theepochtimestr","https:\/\/x.com\/TheEpochTimesTR","https:\/\/www.instagram.com\/epochtimestr"]},{"@type":"Person","@id":"https:\/\/epochtimestr.com\/#\/schema\/person\/3dc5c3adeb9f43923c5aa85889172fdd","name":"Haber Merkezi","image":{"@type":"ImageObject","inLanguage":"tr","@id":"https:\/\/epochtimestr.com\/#\/schema\/person\/image\/","url":"https:\/\/secure.gravatar.com\/avatar\/d73f772ba5a74f28601361e17c2f93e6?s=96&d=mm&r=g","contentUrl":"https:\/\/secure.gravatar.com\/avatar\/d73f772ba5a74f28601361e17c2f93e6?s=96&d=mm&r=g","caption":"Haber Merkezi"},"url":"https:\/\/epochtimestr.com\/index.php\/author\/sendag"}]}},"_links":{"self":[{"href":"https:\/\/epochtimestr.com\/index.php\/wp-json\/wp\/v2\/posts\/126764"}],"collection":[{"href":"https:\/\/epochtimestr.com\/index.php\/wp-json\/wp\/v2\/posts"}],"about":[{"href":"https:\/\/epochtimestr.com\/index.php\/wp-json\/wp\/v2\/types\/post"}],"author":[{"embeddable":true,"href":"https:\/\/epochtimestr.com\/index.php\/wp-json\/wp\/v2\/users\/12791"}],"replies":[{"embeddable":true,"href":"https:\/\/epochtimestr.com\/index.php\/wp-json\/wp\/v2\/comments?post=126764"}],"version-history":[{"count":4,"href":"https:\/\/epochtimestr.com\/index.php\/wp-json\/wp\/v2\/posts\/126764\/revisions"}],"predecessor-version":[{"id":126781,"href":"https:\/\/epochtimestr.com\/index.php\/wp-json\/wp\/v2\/posts\/126764\/revisions\/126781"}],"wp:featuredmedia":[{"embeddable":true,"href":"https:\/\/epochtimestr.com\/index.php\/wp-json\/wp\/v2\/media\/69430"}],"wp:attachment":[{"href":"https:\/\/epochtimestr.com\/index.php\/wp-json\/wp\/v2\/media?parent=126764"}],"wp:term":[{"taxonomy":"category","embeddable":true,"href":"https:\/\/epochtimestr.com\/index.php\/wp-json\/wp\/v2\/categories?post=126764"},{"taxonomy":"post_tag","embeddable":true,"href":"https:\/\/epochtimestr.com\/index.php\/wp-json\/wp\/v2\/tags?post=126764"}],"curies":[{"name":"wp","href":"https:\/\/api.w.org\/{rel}","templated":true}]}}