{"id":129159,"date":"2020-09-03T19:45:32","date_gmt":"2020-09-03T16:45:32","guid":{"rendered":"http:\/\/epochtimestr.com\/?p=129159"},"modified":"2020-09-03T19:45:34","modified_gmt":"2020-09-03T16:45:34","slug":"rtukten-akit-tvye-para-cezasi","status":"publish","type":"post","link":"https:\/\/epochtimestr.com\/index.php\/rtukten-akit-tvye-para-cezasi","title":{"rendered":"RT\u00dcK\u2019ten Akit TV&#8217;ye Para Cezas\u0131"},"content":{"rendered":"\n<div class=\"wp-block-image\"><figure class=\"aligncenter size-large\"><img loading=\"lazy\" decoding=\"async\" width=\"600\" height=\"320\" src=\"https:\/\/epochtimestr.com\/wp-content\/uploads\/2011y\/rt\u00fck-600x320.jpg\" alt=\"\" class=\"wp-image-97805\" srcset=\"https:\/\/epochtimestr.com\/wp-content\/uploads\/2011y\/rt\u00fck-600x320.jpg 600w, https:\/\/epochtimestr.com\/wp-content\/uploads\/2011y\/rt\u00fck-150x80.jpg 150w, https:\/\/epochtimestr.com\/wp-content\/uploads\/2011y\/rt\u00fck-300x160.jpg 300w, https:\/\/epochtimestr.com\/wp-content\/uploads\/2011y\/rt\u00fck-292x156.jpg 292w, https:\/\/epochtimestr.com\/wp-content\/uploads\/2011y\/rt\u00fck-638x340.jpg 638w, https:\/\/epochtimestr.com\/wp-content\/uploads\/2011y\/rt\u00fck-190x100.jpg 190w, https:\/\/epochtimestr.com\/wp-content\/uploads\/2011y\/rt\u00fck-629x335.jpg 629w, https:\/\/epochtimestr.com\/wp-content\/uploads\/2011y\/rt\u00fck.jpg 664w\" sizes=\"(max-width: 600px) 100vw, 600px\" \/><\/figure><\/div>\n\n\n\n<h2 class=\"wp-block-heading\">RT\u00dcK taraf\u0131ndan 30 A\u011fustos Zafer Bayram\u0131 t\u00f6renleriyle ilgili haberi yay\u0131nlarken KJ&#8217;ye &#8220;An\u0131rkabir&#8221; yazan AK\u0130T TV&#8217;ye para cezas\u0131 verildi\u011fi \u00f6\u011frenildi.<\/h2>\n\n\n\n<p>RT\u00dcK, s\u00f6z konusu ifadenin toplam 1 dakika 43 saniye s\u00fcresince ekranda kalmas\u0131 sebebiyle kanunda yer alan\u00a0\u201cYay\u0131n hizmetleri, ki\u015fi ya da kurulu\u015flar\u0131 ele\u015ftiri s\u0131n\u0131rlar\u0131 \u00f6tesinde k\u00fc\u00e7\u00fck d\u00fc\u015f\u00fcr\u00fcc\u00fc, a\u015fa\u011f\u0131lay\u0131c\u0131 veya iftira niteli\u011finde ifadeler i\u00e7eremez\u201d\u00a0h\u00fckm\u00fcn\u00fcn ihlal edildi\u011fini ve yay\u0131nc\u0131 kurulu\u015f hakk\u0131nda idari para cezas\u0131 yapt\u0131r\u0131m\u0131 uygulanmas\u0131na karar verdi.<\/p>\n\n\n\n<p><\/p>\n\n\n\n<p><\/p>\n","protected":false},"excerpt":{"rendered":"<p>RT\u00dcK taraf\u0131ndan 30 A\u011fustos Zafer Bayram\u0131 t\u00f6renleriyle ilgili haberi yay\u0131nlarken KJ&#8217;ye &#8220;An\u0131rkabir&#8221; yazan AK\u0130T TV&#8217;ye para cezas\u0131 verildi\u011fi \u00f6\u011frenildi. RT\u00dcK, s\u00f6z konusu ifadenin toplam 1 dakika 43 saniye s\u00fcresince ekranda kalmas\u0131 sebebiyle kanunda yer alan\u00a0\u201cYay\u0131n hizmetleri, ki\u015fi ya da kurulu\u015flar\u0131 ele\u015ftiri s\u0131n\u0131rlar\u0131 \u00f6tesinde k\u00fc\u00e7\u00fck d\u00fc\u015f\u00fcr\u00fcc\u00fc, a\u015fa\u011f\u0131lay\u0131c\u0131 veya iftira niteli\u011finde ifadeler i\u00e7eremez\u201d\u00a0h\u00fckm\u00fcn\u00fcn ihlal edildi\u011fini ve yay\u0131nc\u0131 [&hellip;]<\/p>\n","protected":false},"author":13971,"featured_media":97805,"comment_status":"closed","ping_status":"open","sticky":false,"template":"","format":"standard","meta":{"_yoast_wpseo_focuskw":"","_yoast_wpseo_title":"","_yoast_wpseo_metadesc":"","_bbp_topic_count":0,"_bbp_reply_count":0,"_bbp_total_topic_count":0,"_bbp_total_reply_count":0,"_bbp_voice_count":0,"_bbp_anonymous_reply_count":0,"_bbp_topic_count_hidden":0,"_bbp_reply_count_hidden":0,"_bbp_forum_subforum_count":0,"footnotes":"","_yoast_wpseo_focuskw_text_input":""},"categories":[1,37],"tags":[7720,5715,7515],"yoast_head":"<!-- This site is optimized with the Yoast SEO plugin v23.0 - https:\/\/yoast.com\/wordpress\/plugins\/seo\/ -->\n<title>RT\u00dcK\u2019ten Akit TV&#039;ye Para Cezas\u0131 - The Epoch Times TR<\/title>\n<meta name=\"robots\" content=\"index, follow, max-snippet:-1, max-image-preview:large, max-video-preview:-1\" \/>\n<link rel=\"canonical\" href=\"https:\/\/epochtimestr.com\/index.php\/rtukten-akit-tvye-para-cezasi\" \/>\n<meta property=\"og:locale\" content=\"tr_TR\" \/>\n<meta property=\"og:type\" content=\"article\" \/>\n<meta property=\"og:title\" content=\"RT\u00dcK\u2019ten Akit TV&#039;ye Para Cezas\u0131 - The Epoch Times TR\" \/>\n<meta property=\"og:description\" content=\"RT\u00dcK taraf\u0131ndan 30 A\u011fustos Zafer Bayram\u0131 t\u00f6renleriyle ilgili haberi yay\u0131nlarken KJ&#8217;ye &#8220;An\u0131rkabir&#8221; yazan AK\u0130T TV&#8217;ye para cezas\u0131 verildi\u011fi \u00f6\u011frenildi. RT\u00dcK, s\u00f6z konusu ifadenin toplam 1 dakika 43 saniye s\u00fcresince ekranda kalmas\u0131 sebebiyle kanunda yer alan\u00a0\u201cYay\u0131n hizmetleri, ki\u015fi ya da kurulu\u015flar\u0131 ele\u015ftiri s\u0131n\u0131rlar\u0131 \u00f6tesinde k\u00fc\u00e7\u00fck d\u00fc\u015f\u00fcr\u00fcc\u00fc, a\u015fa\u011f\u0131lay\u0131c\u0131 veya iftira niteli\u011finde ifadeler i\u00e7eremez\u201d\u00a0h\u00fckm\u00fcn\u00fcn ihlal edildi\u011fini ve yay\u0131nc\u0131 [&hellip;]\" \/>\n<meta property=\"og:url\" content=\"https:\/\/epochtimestr.com\/index.php\/rtukten-akit-tvye-para-cezasi\" \/>\n<meta property=\"og:site_name\" content=\"The Epoch Times TR\" \/>\n<meta property=\"article:publisher\" content=\"https:\/\/www.facebook.com\/theepochtimestr\" \/>\n<meta property=\"article:published_time\" content=\"2020-09-03T16:45:32+00:00\" \/>\n<meta property=\"article:modified_time\" content=\"2020-09-03T16:45:34+00:00\" \/>\n<meta property=\"og:image\" content=\"https:\/\/epochtimestr.com\/wp-content\/uploads\/2011y\/rt\u00fck.jpg\" \/>\n\t<meta property=\"og:image:width\" content=\"664\" \/>\n\t<meta property=\"og:image:height\" content=\"354\" \/>\n\t<meta property=\"og:image:type\" content=\"image\/jpeg\" \/>\n<meta name=\"author\" content=\"Seda F.\" \/>\n<meta name=\"twitter:card\" content=\"summary_large_image\" \/>\n<meta name=\"twitter:creator\" content=\"@TheEpochTimesTR\" \/>\n<meta name=\"twitter:site\" content=\"@TheEpochTimesTR\" \/>\n<meta name=\"twitter:label1\" content=\"Yazan:\" \/>\n\t<meta name=\"twitter:data1\" content=\"Seda F.\" \/>\n<script type=\"application\/ld+json\" class=\"yoast-schema-graph\">{\"@context\":\"https:\/\/schema.org\",\"@graph\":[{\"@type\":\"Article\",\"@id\":\"https:\/\/epochtimestr.com\/index.php\/rtukten-akit-tvye-para-cezasi#article\",\"isPartOf\":{\"@id\":\"https:\/\/epochtimestr.com\/index.php\/rtukten-akit-tvye-para-cezasi\"},\"author\":{\"name\":\"Seda F.\",\"@id\":\"https:\/\/epochtimestr.com\/#\/schema\/person\/98ca9c773997f59c22622a3779f4e684\"},\"headline\":\"RT\u00dcK\u2019ten Akit TV&#8217;ye Para Cezas\u0131\",\"datePublished\":\"2020-09-03T16:45:32+00:00\",\"dateModified\":\"2020-09-03T16:45:34+00:00\",\"mainEntityOfPage\":{\"@id\":\"https:\/\/epochtimestr.com\/index.php\/rtukten-akit-tvye-para-cezasi\"},\"wordCount\":104,\"publisher\":{\"@id\":\"https:\/\/epochtimestr.com\/#organization\"},\"image\":{\"@id\":\"https:\/\/epochtimestr.com\/index.php\/rtukten-akit-tvye-para-cezasi#primaryimage\"},\"thumbnailUrl\":\"https:\/\/epochtimestr.com\/wp-content\/uploads\/2011y\/rt\u00fck.jpg\",\"keywords\":[\"akit tv\",\"an\u0131tkabir\",\"RT\u00dcK\"],\"articleSection\":[\"G\u00dcNDEM\",\"T\u00dcRK\u0130YE\"],\"inLanguage\":\"tr\"},{\"@type\":\"WebPage\",\"@id\":\"https:\/\/epochtimestr.com\/index.php\/rtukten-akit-tvye-para-cezasi\",\"url\":\"https:\/\/epochtimestr.com\/index.php\/rtukten-akit-tvye-para-cezasi\",\"name\":\"RT\u00dcK\u2019ten Akit TV'ye Para Cezas\u0131 - The Epoch Times TR\",\"isPartOf\":{\"@id\":\"https:\/\/epochtimestr.com\/#website\"},\"primaryImageOfPage\":{\"@id\":\"https:\/\/epochtimestr.com\/index.php\/rtukten-akit-tvye-para-cezasi#primaryimage\"},\"image\":{\"@id\":\"https:\/\/epochtimestr.com\/index.php\/rtukten-akit-tvye-para-cezasi#primaryimage\"},\"thumbnailUrl\":\"https:\/\/epochtimestr.com\/wp-content\/uploads\/2011y\/rt\u00fck.jpg\",\"datePublished\":\"2020-09-03T16:45:32+00:00\",\"dateModified\":\"2020-09-03T16:45:34+00:00\",\"inLanguage\":\"tr\",\"potentialAction\":[{\"@type\":\"ReadAction\",\"target\":[\"https:\/\/epochtimestr.com\/index.php\/rtukten-akit-tvye-para-cezasi\"]}]},{\"@type\":\"ImageObject\",\"inLanguage\":\"tr\",\"@id\":\"https:\/\/epochtimestr.com\/index.php\/rtukten-akit-tvye-para-cezasi#primaryimage\",\"url\":\"https:\/\/epochtimestr.com\/wp-content\/uploads\/2011y\/rt\u00fck.jpg\",\"contentUrl\":\"https:\/\/epochtimestr.com\/wp-content\/uploads\/2011y\/rt\u00fck.jpg\",\"width\":664,\"height\":354},{\"@type\":\"WebSite\",\"@id\":\"https:\/\/epochtimestr.com\/#website\",\"url\":\"https:\/\/epochtimestr.com\/\",\"name\":\"The Epoch Times TR\",\"description\":\"De\u011fi\u015fen D\u00fcnyam\u0131za Taze Bir Bak\u0131\u015f\",\"publisher\":{\"@id\":\"https:\/\/epochtimestr.com\/#organization\"},\"potentialAction\":[{\"@type\":\"SearchAction\",\"target\":{\"@type\":\"EntryPoint\",\"urlTemplate\":\"https:\/\/epochtimestr.com\/?s={search_term_string}\"},\"query-input\":\"required name=search_term_string\"}],\"inLanguage\":\"tr\"},{\"@type\":\"Organization\",\"@id\":\"https:\/\/epochtimestr.com\/#organization\",\"name\":\"The EpochTimes T\u00fcrkiye\",\"url\":\"https:\/\/epochtimestr.com\/\",\"logo\":{\"@type\":\"ImageObject\",\"inLanguage\":\"tr\",\"@id\":\"https:\/\/epochtimestr.com\/#\/schema\/logo\/image\/\",\"url\":\"https:\/\/epochtimestr.com\/wp-content\/uploads\/2011y\/ET-Logo-YG.jpg\",\"contentUrl\":\"https:\/\/epochtimestr.com\/wp-content\/uploads\/2011y\/ET-Logo-YG.jpg\",\"width\":346,\"height\":29,\"caption\":\"The EpochTimes T\u00fcrkiye\"},\"image\":{\"@id\":\"https:\/\/epochtimestr.com\/#\/schema\/logo\/image\/\"},\"sameAs\":[\"https:\/\/www.facebook.com\/theepochtimestr\",\"https:\/\/x.com\/TheEpochTimesTR\",\"https:\/\/www.instagram.com\/epochtimestr\"]},{\"@type\":\"Person\",\"@id\":\"https:\/\/epochtimestr.com\/#\/schema\/person\/98ca9c773997f59c22622a3779f4e684\",\"name\":\"Seda F.\",\"image\":{\"@type\":\"ImageObject\",\"inLanguage\":\"tr\",\"@id\":\"https:\/\/epochtimestr.com\/#\/schema\/person\/image\/\",\"url\":\"https:\/\/secure.gravatar.com\/avatar\/d34ac3562f53286f25d03d9139fb9105?s=96&d=mm&r=g\",\"contentUrl\":\"https:\/\/secure.gravatar.com\/avatar\/d34ac3562f53286f25d03d9139fb9105?s=96&d=mm&r=g\",\"caption\":\"Seda F.\"},\"url\":\"https:\/\/epochtimestr.com\/index.php\/author\/seda-f\"}]}<\/script>\n<!-- \/ Yoast SEO plugin. -->","yoast_head_json":{"title":"RT\u00dcK\u2019ten Akit TV'ye Para Cezas\u0131 - The Epoch Times TR","robots":{"index":"index","follow":"follow","max-snippet":"max-snippet:-1","max-image-preview":"max-image-preview:large","max-video-preview":"max-video-preview:-1"},"canonical":"https:\/\/epochtimestr.com\/index.php\/rtukten-akit-tvye-para-cezasi","og_locale":"tr_TR","og_type":"article","og_title":"RT\u00dcK\u2019ten Akit TV'ye Para Cezas\u0131 - The Epoch Times TR","og_description":"RT\u00dcK taraf\u0131ndan 30 A\u011fustos Zafer Bayram\u0131 t\u00f6renleriyle ilgili haberi yay\u0131nlarken KJ&#8217;ye &#8220;An\u0131rkabir&#8221; yazan AK\u0130T TV&#8217;ye para cezas\u0131 verildi\u011fi \u00f6\u011frenildi. RT\u00dcK, s\u00f6z konusu ifadenin toplam 1 dakika 43 saniye s\u00fcresince ekranda kalmas\u0131 sebebiyle kanunda yer alan\u00a0\u201cYay\u0131n hizmetleri, ki\u015fi ya da kurulu\u015flar\u0131 ele\u015ftiri s\u0131n\u0131rlar\u0131 \u00f6tesinde k\u00fc\u00e7\u00fck d\u00fc\u015f\u00fcr\u00fcc\u00fc, a\u015fa\u011f\u0131lay\u0131c\u0131 veya iftira niteli\u011finde ifadeler i\u00e7eremez\u201d\u00a0h\u00fckm\u00fcn\u00fcn ihlal edildi\u011fini ve yay\u0131nc\u0131 [&hellip;]","og_url":"https:\/\/epochtimestr.com\/index.php\/rtukten-akit-tvye-para-cezasi","og_site_name":"The Epoch Times TR","article_publisher":"https:\/\/www.facebook.com\/theepochtimestr","article_published_time":"2020-09-03T16:45:32+00:00","article_modified_time":"2020-09-03T16:45:34+00:00","og_image":[{"width":664,"height":354,"url":"https:\/\/epochtimestr.com\/wp-content\/uploads\/2011y\/rt\u00fck.jpg","type":"image\/jpeg"}],"author":"Seda F.","twitter_card":"summary_large_image","twitter_creator":"@TheEpochTimesTR","twitter_site":"@TheEpochTimesTR","twitter_misc":{"Yazan:":"Seda F."},"schema":{"@context":"https:\/\/schema.org","@graph":[{"@type":"Article","@id":"https:\/\/epochtimestr.com\/index.php\/rtukten-akit-tvye-para-cezasi#article","isPartOf":{"@id":"https:\/\/epochtimestr.com\/index.php\/rtukten-akit-tvye-para-cezasi"},"author":{"name":"Seda F.","@id":"https:\/\/epochtimestr.com\/#\/schema\/person\/98ca9c773997f59c22622a3779f4e684"},"headline":"RT\u00dcK\u2019ten Akit TV&#8217;ye Para Cezas\u0131","datePublished":"2020-09-03T16:45:32+00:00","dateModified":"2020-09-03T16:45:34+00:00","mainEntityOfPage":{"@id":"https:\/\/epochtimestr.com\/index.php\/rtukten-akit-tvye-para-cezasi"},"wordCount":104,"publisher":{"@id":"https:\/\/epochtimestr.com\/#organization"},"image":{"@id":"https:\/\/epochtimestr.com\/index.php\/rtukten-akit-tvye-para-cezasi#primaryimage"},"thumbnailUrl":"https:\/\/epochtimestr.com\/wp-content\/uploads\/2011y\/rt\u00fck.jpg","keywords":["akit tv","an\u0131tkabir","RT\u00dcK"],"articleSection":["G\u00dcNDEM","T\u00dcRK\u0130YE"],"inLanguage":"tr"},{"@type":"WebPage","@id":"https:\/\/epochtimestr.com\/index.php\/rtukten-akit-tvye-para-cezasi","url":"https:\/\/epochtimestr.com\/index.php\/rtukten-akit-tvye-para-cezasi","name":"RT\u00dcK\u2019ten Akit TV'ye Para Cezas\u0131 - The Epoch Times TR","isPartOf":{"@id":"https:\/\/epochtimestr.com\/#website"},"primaryImageOfPage":{"@id":"https:\/\/epochtimestr.com\/index.php\/rtukten-akit-tvye-para-cezasi#primaryimage"},"image":{"@id":"https:\/\/epochtimestr.com\/index.php\/rtukten-akit-tvye-para-cezasi#primaryimage"},"thumbnailUrl":"https:\/\/epochtimestr.com\/wp-content\/uploads\/2011y\/rt\u00fck.jpg","datePublished":"2020-09-03T16:45:32+00:00","dateModified":"2020-09-03T16:45:34+00:00","inLanguage":"tr","potentialAction":[{"@type":"ReadAction","target":["https:\/\/epochtimestr.com\/index.php\/rtukten-akit-tvye-para-cezasi"]}]},{"@type":"ImageObject","inLanguage":"tr","@id":"https:\/\/epochtimestr.com\/index.php\/rtukten-akit-tvye-para-cezasi#primaryimage","url":"https:\/\/epochtimestr.com\/wp-content\/uploads\/2011y\/rt\u00fck.jpg","contentUrl":"https:\/\/epochtimestr.com\/wp-content\/uploads\/2011y\/rt\u00fck.jpg","width":664,"height":354},{"@type":"WebSite","@id":"https:\/\/epochtimestr.com\/#website","url":"https:\/\/epochtimestr.com\/","name":"The Epoch Times TR","description":"De\u011fi\u015fen D\u00fcnyam\u0131za Taze Bir Bak\u0131\u015f","publisher":{"@id":"https:\/\/epochtimestr.com\/#organization"},"potentialAction":[{"@type":"SearchAction","target":{"@type":"EntryPoint","urlTemplate":"https:\/\/epochtimestr.com\/?s={search_term_string}"},"query-input":"required name=search_term_string"}],"inLanguage":"tr"},{"@type":"Organization","@id":"https:\/\/epochtimestr.com\/#organization","name":"The EpochTimes T\u00fcrkiye","url":"https:\/\/epochtimestr.com\/","logo":{"@type":"ImageObject","inLanguage":"tr","@id":"https:\/\/epochtimestr.com\/#\/schema\/logo\/image\/","url":"https:\/\/epochtimestr.com\/wp-content\/uploads\/2011y\/ET-Logo-YG.jpg","contentUrl":"https:\/\/epochtimestr.com\/wp-content\/uploads\/2011y\/ET-Logo-YG.jpg","width":346,"height":29,"caption":"The EpochTimes T\u00fcrkiye"},"image":{"@id":"https:\/\/epochtimestr.com\/#\/schema\/logo\/image\/"},"sameAs":["https:\/\/www.facebook.com\/theepochtimestr","https:\/\/x.com\/TheEpochTimesTR","https:\/\/www.instagram.com\/epochtimestr"]},{"@type":"Person","@id":"https:\/\/epochtimestr.com\/#\/schema\/person\/98ca9c773997f59c22622a3779f4e684","name":"Seda F.","image":{"@type":"ImageObject","inLanguage":"tr","@id":"https:\/\/epochtimestr.com\/#\/schema\/person\/image\/","url":"https:\/\/secure.gravatar.com\/avatar\/d34ac3562f53286f25d03d9139fb9105?s=96&d=mm&r=g","contentUrl":"https:\/\/secure.gravatar.com\/avatar\/d34ac3562f53286f25d03d9139fb9105?s=96&d=mm&r=g","caption":"Seda F."},"url":"https:\/\/epochtimestr.com\/index.php\/author\/seda-f"}]}},"_links":{"self":[{"href":"https:\/\/epochtimestr.com\/index.php\/wp-json\/wp\/v2\/posts\/129159"}],"collection":[{"href":"https:\/\/epochtimestr.com\/index.php\/wp-json\/wp\/v2\/posts"}],"about":[{"href":"https:\/\/epochtimestr.com\/index.php\/wp-json\/wp\/v2\/types\/post"}],"author":[{"embeddable":true,"href":"https:\/\/epochtimestr.com\/index.php\/wp-json\/wp\/v2\/users\/13971"}],"replies":[{"embeddable":true,"href":"https:\/\/epochtimestr.com\/index.php\/wp-json\/wp\/v2\/comments?post=129159"}],"version-history":[{"count":1,"href":"https:\/\/epochtimestr.com\/index.php\/wp-json\/wp\/v2\/posts\/129159\/revisions"}],"predecessor-version":[{"id":129160,"href":"https:\/\/epochtimestr.com\/index.php\/wp-json\/wp\/v2\/posts\/129159\/revisions\/129160"}],"wp:featuredmedia":[{"embeddable":true,"href":"https:\/\/epochtimestr.com\/index.php\/wp-json\/wp\/v2\/media\/97805"}],"wp:attachment":[{"href":"https:\/\/epochtimestr.com\/index.php\/wp-json\/wp\/v2\/media?parent=129159"}],"wp:term":[{"taxonomy":"category","embeddable":true,"href":"https:\/\/epochtimestr.com\/index.php\/wp-json\/wp\/v2\/categories?post=129159"},{"taxonomy":"post_tag","embeddable":true,"href":"https:\/\/epochtimestr.com\/index.php\/wp-json\/wp\/v2\/tags?post=129159"}],"curies":[{"name":"wp","href":"https:\/\/api.w.org\/{rel}","templated":true}]}}