{"id":130271,"date":"2020-10-28T14:04:46","date_gmt":"2020-10-28T11:04:46","guid":{"rendered":"http:\/\/epochtimestr.com\/?p=130271"},"modified":"2020-10-28T14:04:48","modified_gmt":"2020-10-28T11:04:48","slug":"ibb-29-ekimde-ataturk-hologrami-yayinlayacak","status":"publish","type":"post","link":"https:\/\/epochtimestr.com\/index.php\/ibb-29-ekimde-ataturk-hologrami-yayinlayacak","title":{"rendered":"\u0130BB, 29 Ekim&#8217;de Atat\u00fcrk Hologram\u0131 Yay\u0131nlayacak"},"content":{"rendered":"\n<div class=\"wp-block-image\"><figure class=\"aligncenter size-large\"><img loading=\"lazy\" decoding=\"async\" width=\"600\" height=\"400\" src=\"https:\/\/epochtimestr.com\/wp-content\/uploads\/2011y\/atat\u00fcrk-4-600x400.jpg\" alt=\"\" class=\"wp-image-124267\" srcset=\"https:\/\/epochtimestr.com\/wp-content\/uploads\/2011y\/atat\u00fcrk-4-600x400.jpg 600w, https:\/\/epochtimestr.com\/wp-content\/uploads\/2011y\/atat\u00fcrk-4-150x100.jpg 150w, https:\/\/epochtimestr.com\/wp-content\/uploads\/2011y\/atat\u00fcrk-4-300x200.jpg 300w, https:\/\/epochtimestr.com\/wp-content\/uploads\/2011y\/atat\u00fcrk-4-450x300.jpg 450w, https:\/\/epochtimestr.com\/wp-content\/uploads\/2011y\/atat\u00fcrk-4.jpg 678w\" sizes=\"(max-width: 600px) 100vw, 600px\" \/><\/figure><\/div>\n\n\n\n<h2 class=\"wp-block-heading\">\u0130stanbul B\u00fcy\u00fck\u015fehir Belediyesi (\u0130BB), ilk defa Atat\u00fcrk hologram\u0131n\u0131 29 Ekim ak\u015fam\u0131 \u0130stanbul&#8217;da yay\u0131nlayacak.<\/h2>\n\n\n\n<p>\u0130BB, &#8220;Cumhuriyet Atat\u00fcrk&#8217;t\u00fcr&#8221; temas\u0131yla etkinlik ger\u00e7ekle\u015ftirerek Mustafa Kemal&#8217;in hologram\u0131n\u0131 yay\u0131nlayacak. Hali\u00e7 Kongre Merkezi\u2019nde\u00a0ger\u00e7ekle\u015ftirilecek etkinlikte \u00a0Mustafa Kemal\u2019in sesinden Nutuk okunacak.\u00a0<\/p>\n\n\n\n<p>\u00a0Kutlamalar, 5 ayr\u0131 noktadan 12 kamera ve 3 drone ile canl\u0131 yay\u0131nlanacak. Yay\u0131n, Ba\u015fkan \u0130mamo\u011flu, \u0130BB ve \u0130BB TV\u2019nin resmi sosyal medya hesaplar\u0131ndan t\u00fcm d\u00fcnyayla payla\u015f\u0131lacak.<\/p>\n\n\n\n<p>29 Ekim Cumhuriyet Bayram\u0131 ak\u015fam\u0131nda Gazi Mustafa Kemal Atat\u00fcrk\u2019\u00fcn hologram\u0131n\u0131 T\u00fcrkiye ile bulu\u015fturacak. Cumhuriyetin kurulu\u015funun 97\u2019nci y\u0131l\u0131nda bir yandan Atat\u00fcrk\u2019\u00fcn d\u00fc\u015f\u00fcnsel miras\u0131na sahip \u00e7\u0131karken, di\u011fer yandan da kutlamalar\u0131n g\u00f6rsel boyutuna \u00f6nemli bir zenginlik katacak.<\/p>\n","protected":false},"excerpt":{"rendered":"<p>\u0130stanbul B\u00fcy\u00fck\u015fehir Belediyesi (\u0130BB), ilk defa Atat\u00fcrk hologram\u0131n\u0131 29 Ekim ak\u015fam\u0131 \u0130stanbul&#8217;da yay\u0131nlayacak. \u0130BB, &#8220;Cumhuriyet Atat\u00fcrk&#8217;t\u00fcr&#8221; temas\u0131yla etkinlik ger\u00e7ekle\u015ftirerek Mustafa Kemal&#8217;in hologram\u0131n\u0131 yay\u0131nlayacak. Hali\u00e7 Kongre Merkezi\u2019nde\u00a0ger\u00e7ekle\u015ftirilecek etkinlikte \u00a0Mustafa Kemal\u2019in sesinden Nutuk okunacak.\u00a0 \u00a0Kutlamalar, 5 ayr\u0131 noktadan 12 kamera ve 3 drone ile canl\u0131 yay\u0131nlanacak. Yay\u0131n, Ba\u015fkan \u0130mamo\u011flu, \u0130BB ve \u0130BB TV\u2019nin resmi sosyal medya hesaplar\u0131ndan [&hellip;]<\/p>\n","protected":false},"author":12791,"featured_media":124267,"comment_status":"closed","ping_status":"open","sticky":false,"template":"","format":"standard","meta":{"_yoast_wpseo_focuskw":"","_yoast_wpseo_title":"","_yoast_wpseo_metadesc":"","_bbp_topic_count":0,"_bbp_reply_count":0,"_bbp_total_topic_count":0,"_bbp_total_reply_count":0,"_bbp_voice_count":0,"_bbp_anonymous_reply_count":0,"_bbp_topic_count_hidden":0,"_bbp_reply_count_hidden":0,"_bbp_forum_subforum_count":0,"footnotes":"","_yoast_wpseo_focuskw_text_input":""},"categories":[1,37],"tags":[7818,628,7031],"yoast_head":"<!-- This site is optimized with the Yoast SEO plugin v23.0 - https:\/\/yoast.com\/wordpress\/plugins\/seo\/ -->\n<title>\u0130BB, 29 Ekim&#039;de Atat\u00fcrk Hologram\u0131 Yay\u0131nlayacak - The Epoch Times TR<\/title>\n<meta name=\"robots\" content=\"index, follow, max-snippet:-1, max-image-preview:large, max-video-preview:-1\" \/>\n<link rel=\"canonical\" href=\"https:\/\/epochtimestr.com\/index.php\/ibb-29-ekimde-ataturk-hologrami-yayinlayacak\" \/>\n<meta property=\"og:locale\" content=\"tr_TR\" \/>\n<meta property=\"og:type\" content=\"article\" \/>\n<meta property=\"og:title\" content=\"\u0130BB, 29 Ekim&#039;de Atat\u00fcrk Hologram\u0131 Yay\u0131nlayacak - The Epoch Times TR\" \/>\n<meta property=\"og:description\" content=\"\u0130stanbul B\u00fcy\u00fck\u015fehir Belediyesi (\u0130BB), ilk defa Atat\u00fcrk hologram\u0131n\u0131 29 Ekim ak\u015fam\u0131 \u0130stanbul&#8217;da yay\u0131nlayacak. \u0130BB, &#8220;Cumhuriyet Atat\u00fcrk&#8217;t\u00fcr&#8221; temas\u0131yla etkinlik ger\u00e7ekle\u015ftirerek Mustafa Kemal&#8217;in hologram\u0131n\u0131 yay\u0131nlayacak. Hali\u00e7 Kongre Merkezi\u2019nde\u00a0ger\u00e7ekle\u015ftirilecek etkinlikte \u00a0Mustafa Kemal\u2019in sesinden Nutuk okunacak.\u00a0 \u00a0Kutlamalar, 5 ayr\u0131 noktadan 12 kamera ve 3 drone ile canl\u0131 yay\u0131nlanacak. Yay\u0131n, Ba\u015fkan \u0130mamo\u011flu, \u0130BB ve \u0130BB TV\u2019nin resmi sosyal medya hesaplar\u0131ndan [&hellip;]\" \/>\n<meta property=\"og:url\" content=\"https:\/\/epochtimestr.com\/index.php\/ibb-29-ekimde-ataturk-hologrami-yayinlayacak\" \/>\n<meta property=\"og:site_name\" content=\"The Epoch Times TR\" \/>\n<meta property=\"article:publisher\" content=\"https:\/\/www.facebook.com\/theepochtimestr\" \/>\n<meta property=\"article:published_time\" content=\"2020-10-28T11:04:46+00:00\" \/>\n<meta property=\"article:modified_time\" content=\"2020-10-28T11:04:48+00:00\" \/>\n<meta property=\"og:image\" content=\"https:\/\/epochtimestr.com\/wp-content\/uploads\/2011y\/atat\u00fcrk-4.jpg\" \/>\n\t<meta property=\"og:image:width\" content=\"678\" \/>\n\t<meta property=\"og:image:height\" content=\"452\" \/>\n\t<meta property=\"og:image:type\" content=\"image\/jpeg\" \/>\n<meta name=\"author\" content=\"Haber Merkezi\" \/>\n<meta name=\"twitter:card\" content=\"summary_large_image\" \/>\n<meta name=\"twitter:creator\" content=\"@TheEpochTimesTR\" \/>\n<meta name=\"twitter:site\" content=\"@TheEpochTimesTR\" \/>\n<meta name=\"twitter:label1\" content=\"Yazan:\" \/>\n\t<meta name=\"twitter:data1\" content=\"Haber Merkezi\" \/>\n\t<meta name=\"twitter:label2\" content=\"Tahmini okuma s\u00fcresi\" \/>\n\t<meta name=\"twitter:data2\" content=\"1 dakika\" \/>\n<script type=\"application\/ld+json\" class=\"yoast-schema-graph\">{\"@context\":\"https:\/\/schema.org\",\"@graph\":[{\"@type\":\"Article\",\"@id\":\"https:\/\/epochtimestr.com\/index.php\/ibb-29-ekimde-ataturk-hologrami-yayinlayacak#article\",\"isPartOf\":{\"@id\":\"https:\/\/epochtimestr.com\/index.php\/ibb-29-ekimde-ataturk-hologrami-yayinlayacak\"},\"author\":{\"name\":\"Haber Merkezi\",\"@id\":\"https:\/\/epochtimestr.com\/#\/schema\/person\/3dc5c3adeb9f43923c5aa85889172fdd\"},\"headline\":\"\u0130BB, 29 Ekim&#8217;de Atat\u00fcrk Hologram\u0131 Yay\u0131nlayacak\",\"datePublished\":\"2020-10-28T11:04:46+00:00\",\"dateModified\":\"2020-10-28T11:04:48+00:00\",\"mainEntityOfPage\":{\"@id\":\"https:\/\/epochtimestr.com\/index.php\/ibb-29-ekimde-ataturk-hologrami-yayinlayacak\"},\"wordCount\":139,\"publisher\":{\"@id\":\"https:\/\/epochtimestr.com\/#organization\"},\"image\":{\"@id\":\"https:\/\/epochtimestr.com\/index.php\/ibb-29-ekimde-ataturk-hologrami-yayinlayacak#primaryimage\"},\"thumbnailUrl\":\"https:\/\/epochtimestr.com\/wp-content\/uploads\/2011y\/atat\u00fcrk-4.jpg\",\"keywords\":[\"29 ekim\",\"atat\u00fcrk\",\"ibb\"],\"articleSection\":[\"G\u00dcNDEM\",\"T\u00dcRK\u0130YE\"],\"inLanguage\":\"tr\"},{\"@type\":\"WebPage\",\"@id\":\"https:\/\/epochtimestr.com\/index.php\/ibb-29-ekimde-ataturk-hologrami-yayinlayacak\",\"url\":\"https:\/\/epochtimestr.com\/index.php\/ibb-29-ekimde-ataturk-hologrami-yayinlayacak\",\"name\":\"\u0130BB, 29 Ekim'de Atat\u00fcrk Hologram\u0131 Yay\u0131nlayacak - The Epoch Times TR\",\"isPartOf\":{\"@id\":\"https:\/\/epochtimestr.com\/#website\"},\"primaryImageOfPage\":{\"@id\":\"https:\/\/epochtimestr.com\/index.php\/ibb-29-ekimde-ataturk-hologrami-yayinlayacak#primaryimage\"},\"image\":{\"@id\":\"https:\/\/epochtimestr.com\/index.php\/ibb-29-ekimde-ataturk-hologrami-yayinlayacak#primaryimage\"},\"thumbnailUrl\":\"https:\/\/epochtimestr.com\/wp-content\/uploads\/2011y\/atat\u00fcrk-4.jpg\",\"datePublished\":\"2020-10-28T11:04:46+00:00\",\"dateModified\":\"2020-10-28T11:04:48+00:00\",\"inLanguage\":\"tr\",\"potentialAction\":[{\"@type\":\"ReadAction\",\"target\":[\"https:\/\/epochtimestr.com\/index.php\/ibb-29-ekimde-ataturk-hologrami-yayinlayacak\"]}]},{\"@type\":\"ImageObject\",\"inLanguage\":\"tr\",\"@id\":\"https:\/\/epochtimestr.com\/index.php\/ibb-29-ekimde-ataturk-hologrami-yayinlayacak#primaryimage\",\"url\":\"https:\/\/epochtimestr.com\/wp-content\/uploads\/2011y\/atat\u00fcrk-4.jpg\",\"contentUrl\":\"https:\/\/epochtimestr.com\/wp-content\/uploads\/2011y\/atat\u00fcrk-4.jpg\",\"width\":678,\"height\":452},{\"@type\":\"WebSite\",\"@id\":\"https:\/\/epochtimestr.com\/#website\",\"url\":\"https:\/\/epochtimestr.com\/\",\"name\":\"The Epoch Times TR\",\"description\":\"De\u011fi\u015fen D\u00fcnyam\u0131za Taze Bir Bak\u0131\u015f\",\"publisher\":{\"@id\":\"https:\/\/epochtimestr.com\/#organization\"},\"potentialAction\":[{\"@type\":\"SearchAction\",\"target\":{\"@type\":\"EntryPoint\",\"urlTemplate\":\"https:\/\/epochtimestr.com\/?s={search_term_string}\"},\"query-input\":\"required name=search_term_string\"}],\"inLanguage\":\"tr\"},{\"@type\":\"Organization\",\"@id\":\"https:\/\/epochtimestr.com\/#organization\",\"name\":\"The EpochTimes T\u00fcrkiye\",\"url\":\"https:\/\/epochtimestr.com\/\",\"logo\":{\"@type\":\"ImageObject\",\"inLanguage\":\"tr\",\"@id\":\"https:\/\/epochtimestr.com\/#\/schema\/logo\/image\/\",\"url\":\"https:\/\/epochtimestr.com\/wp-content\/uploads\/2011y\/ET-Logo-YG.jpg\",\"contentUrl\":\"https:\/\/epochtimestr.com\/wp-content\/uploads\/2011y\/ET-Logo-YG.jpg\",\"width\":346,\"height\":29,\"caption\":\"The EpochTimes T\u00fcrkiye\"},\"image\":{\"@id\":\"https:\/\/epochtimestr.com\/#\/schema\/logo\/image\/\"},\"sameAs\":[\"https:\/\/www.facebook.com\/theepochtimestr\",\"https:\/\/x.com\/TheEpochTimesTR\",\"https:\/\/www.instagram.com\/epochtimestr\"]},{\"@type\":\"Person\",\"@id\":\"https:\/\/epochtimestr.com\/#\/schema\/person\/3dc5c3adeb9f43923c5aa85889172fdd\",\"name\":\"Haber Merkezi\",\"image\":{\"@type\":\"ImageObject\",\"inLanguage\":\"tr\",\"@id\":\"https:\/\/epochtimestr.com\/#\/schema\/person\/image\/\",\"url\":\"https:\/\/secure.gravatar.com\/avatar\/d73f772ba5a74f28601361e17c2f93e6?s=96&d=mm&r=g\",\"contentUrl\":\"https:\/\/secure.gravatar.com\/avatar\/d73f772ba5a74f28601361e17c2f93e6?s=96&d=mm&r=g\",\"caption\":\"Haber Merkezi\"},\"url\":\"https:\/\/epochtimestr.com\/index.php\/author\/sendag\"}]}<\/script>\n<!-- \/ Yoast SEO plugin. -->","yoast_head_json":{"title":"\u0130BB, 29 Ekim'de Atat\u00fcrk Hologram\u0131 Yay\u0131nlayacak - The Epoch Times TR","robots":{"index":"index","follow":"follow","max-snippet":"max-snippet:-1","max-image-preview":"max-image-preview:large","max-video-preview":"max-video-preview:-1"},"canonical":"https:\/\/epochtimestr.com\/index.php\/ibb-29-ekimde-ataturk-hologrami-yayinlayacak","og_locale":"tr_TR","og_type":"article","og_title":"\u0130BB, 29 Ekim'de Atat\u00fcrk Hologram\u0131 Yay\u0131nlayacak - The Epoch Times TR","og_description":"\u0130stanbul B\u00fcy\u00fck\u015fehir Belediyesi (\u0130BB), ilk defa Atat\u00fcrk hologram\u0131n\u0131 29 Ekim ak\u015fam\u0131 \u0130stanbul&#8217;da yay\u0131nlayacak. \u0130BB, &#8220;Cumhuriyet Atat\u00fcrk&#8217;t\u00fcr&#8221; temas\u0131yla etkinlik ger\u00e7ekle\u015ftirerek Mustafa Kemal&#8217;in hologram\u0131n\u0131 yay\u0131nlayacak. Hali\u00e7 Kongre Merkezi\u2019nde\u00a0ger\u00e7ekle\u015ftirilecek etkinlikte \u00a0Mustafa Kemal\u2019in sesinden Nutuk okunacak.\u00a0 \u00a0Kutlamalar, 5 ayr\u0131 noktadan 12 kamera ve 3 drone ile canl\u0131 yay\u0131nlanacak. Yay\u0131n, Ba\u015fkan \u0130mamo\u011flu, \u0130BB ve \u0130BB TV\u2019nin resmi sosyal medya hesaplar\u0131ndan [&hellip;]","og_url":"https:\/\/epochtimestr.com\/index.php\/ibb-29-ekimde-ataturk-hologrami-yayinlayacak","og_site_name":"The Epoch Times TR","article_publisher":"https:\/\/www.facebook.com\/theepochtimestr","article_published_time":"2020-10-28T11:04:46+00:00","article_modified_time":"2020-10-28T11:04:48+00:00","og_image":[{"width":678,"height":452,"url":"https:\/\/epochtimestr.com\/wp-content\/uploads\/2011y\/atat\u00fcrk-4.jpg","type":"image\/jpeg"}],"author":"Haber Merkezi","twitter_card":"summary_large_image","twitter_creator":"@TheEpochTimesTR","twitter_site":"@TheEpochTimesTR","twitter_misc":{"Yazan:":"Haber Merkezi","Tahmini okuma s\u00fcresi":"1 dakika"},"schema":{"@context":"https:\/\/schema.org","@graph":[{"@type":"Article","@id":"https:\/\/epochtimestr.com\/index.php\/ibb-29-ekimde-ataturk-hologrami-yayinlayacak#article","isPartOf":{"@id":"https:\/\/epochtimestr.com\/index.php\/ibb-29-ekimde-ataturk-hologrami-yayinlayacak"},"author":{"name":"Haber Merkezi","@id":"https:\/\/epochtimestr.com\/#\/schema\/person\/3dc5c3adeb9f43923c5aa85889172fdd"},"headline":"\u0130BB, 29 Ekim&#8217;de Atat\u00fcrk Hologram\u0131 Yay\u0131nlayacak","datePublished":"2020-10-28T11:04:46+00:00","dateModified":"2020-10-28T11:04:48+00:00","mainEntityOfPage":{"@id":"https:\/\/epochtimestr.com\/index.php\/ibb-29-ekimde-ataturk-hologrami-yayinlayacak"},"wordCount":139,"publisher":{"@id":"https:\/\/epochtimestr.com\/#organization"},"image":{"@id":"https:\/\/epochtimestr.com\/index.php\/ibb-29-ekimde-ataturk-hologrami-yayinlayacak#primaryimage"},"thumbnailUrl":"https:\/\/epochtimestr.com\/wp-content\/uploads\/2011y\/atat\u00fcrk-4.jpg","keywords":["29 ekim","atat\u00fcrk","ibb"],"articleSection":["G\u00dcNDEM","T\u00dcRK\u0130YE"],"inLanguage":"tr"},{"@type":"WebPage","@id":"https:\/\/epochtimestr.com\/index.php\/ibb-29-ekimde-ataturk-hologrami-yayinlayacak","url":"https:\/\/epochtimestr.com\/index.php\/ibb-29-ekimde-ataturk-hologrami-yayinlayacak","name":"\u0130BB, 29 Ekim'de Atat\u00fcrk Hologram\u0131 Yay\u0131nlayacak - The Epoch Times TR","isPartOf":{"@id":"https:\/\/epochtimestr.com\/#website"},"primaryImageOfPage":{"@id":"https:\/\/epochtimestr.com\/index.php\/ibb-29-ekimde-ataturk-hologrami-yayinlayacak#primaryimage"},"image":{"@id":"https:\/\/epochtimestr.com\/index.php\/ibb-29-ekimde-ataturk-hologrami-yayinlayacak#primaryimage"},"thumbnailUrl":"https:\/\/epochtimestr.com\/wp-content\/uploads\/2011y\/atat\u00fcrk-4.jpg","datePublished":"2020-10-28T11:04:46+00:00","dateModified":"2020-10-28T11:04:48+00:00","inLanguage":"tr","potentialAction":[{"@type":"ReadAction","target":["https:\/\/epochtimestr.com\/index.php\/ibb-29-ekimde-ataturk-hologrami-yayinlayacak"]}]},{"@type":"ImageObject","inLanguage":"tr","@id":"https:\/\/epochtimestr.com\/index.php\/ibb-29-ekimde-ataturk-hologrami-yayinlayacak#primaryimage","url":"https:\/\/epochtimestr.com\/wp-content\/uploads\/2011y\/atat\u00fcrk-4.jpg","contentUrl":"https:\/\/epochtimestr.com\/wp-content\/uploads\/2011y\/atat\u00fcrk-4.jpg","width":678,"height":452},{"@type":"WebSite","@id":"https:\/\/epochtimestr.com\/#website","url":"https:\/\/epochtimestr.com\/","name":"The Epoch Times TR","description":"De\u011fi\u015fen D\u00fcnyam\u0131za Taze Bir Bak\u0131\u015f","publisher":{"@id":"https:\/\/epochtimestr.com\/#organization"},"potentialAction":[{"@type":"SearchAction","target":{"@type":"EntryPoint","urlTemplate":"https:\/\/epochtimestr.com\/?s={search_term_string}"},"query-input":"required name=search_term_string"}],"inLanguage":"tr"},{"@type":"Organization","@id":"https:\/\/epochtimestr.com\/#organization","name":"The EpochTimes T\u00fcrkiye","url":"https:\/\/epochtimestr.com\/","logo":{"@type":"ImageObject","inLanguage":"tr","@id":"https:\/\/epochtimestr.com\/#\/schema\/logo\/image\/","url":"https:\/\/epochtimestr.com\/wp-content\/uploads\/2011y\/ET-Logo-YG.jpg","contentUrl":"https:\/\/epochtimestr.com\/wp-content\/uploads\/2011y\/ET-Logo-YG.jpg","width":346,"height":29,"caption":"The EpochTimes T\u00fcrkiye"},"image":{"@id":"https:\/\/epochtimestr.com\/#\/schema\/logo\/image\/"},"sameAs":["https:\/\/www.facebook.com\/theepochtimestr","https:\/\/x.com\/TheEpochTimesTR","https:\/\/www.instagram.com\/epochtimestr"]},{"@type":"Person","@id":"https:\/\/epochtimestr.com\/#\/schema\/person\/3dc5c3adeb9f43923c5aa85889172fdd","name":"Haber Merkezi","image":{"@type":"ImageObject","inLanguage":"tr","@id":"https:\/\/epochtimestr.com\/#\/schema\/person\/image\/","url":"https:\/\/secure.gravatar.com\/avatar\/d73f772ba5a74f28601361e17c2f93e6?s=96&d=mm&r=g","contentUrl":"https:\/\/secure.gravatar.com\/avatar\/d73f772ba5a74f28601361e17c2f93e6?s=96&d=mm&r=g","caption":"Haber Merkezi"},"url":"https:\/\/epochtimestr.com\/index.php\/author\/sendag"}]}},"_links":{"self":[{"href":"https:\/\/epochtimestr.com\/index.php\/wp-json\/wp\/v2\/posts\/130271"}],"collection":[{"href":"https:\/\/epochtimestr.com\/index.php\/wp-json\/wp\/v2\/posts"}],"about":[{"href":"https:\/\/epochtimestr.com\/index.php\/wp-json\/wp\/v2\/types\/post"}],"author":[{"embeddable":true,"href":"https:\/\/epochtimestr.com\/index.php\/wp-json\/wp\/v2\/users\/12791"}],"replies":[{"embeddable":true,"href":"https:\/\/epochtimestr.com\/index.php\/wp-json\/wp\/v2\/comments?post=130271"}],"version-history":[{"count":1,"href":"https:\/\/epochtimestr.com\/index.php\/wp-json\/wp\/v2\/posts\/130271\/revisions"}],"predecessor-version":[{"id":130272,"href":"https:\/\/epochtimestr.com\/index.php\/wp-json\/wp\/v2\/posts\/130271\/revisions\/130272"}],"wp:featuredmedia":[{"embeddable":true,"href":"https:\/\/epochtimestr.com\/index.php\/wp-json\/wp\/v2\/media\/124267"}],"wp:attachment":[{"href":"https:\/\/epochtimestr.com\/index.php\/wp-json\/wp\/v2\/media?parent=130271"}],"wp:term":[{"taxonomy":"category","embeddable":true,"href":"https:\/\/epochtimestr.com\/index.php\/wp-json\/wp\/v2\/categories?post=130271"},{"taxonomy":"post_tag","embeddable":true,"href":"https:\/\/epochtimestr.com\/index.php\/wp-json\/wp\/v2\/tags?post=130271"}],"curies":[{"name":"wp","href":"https:\/\/api.w.org\/{rel}","templated":true}]}}