{"id":130608,"date":"2020-11-09T10:56:04","date_gmt":"2020-11-09T07:56:04","guid":{"rendered":"http:\/\/epochtimestr.com\/?p=130608"},"modified":"2020-11-09T10:56:12","modified_gmt":"2020-11-09T07:56:12","slug":"228-projeye-195-milyon-lira-hibe-saglanacak","status":"publish","type":"post","link":"https:\/\/epochtimestr.com\/index.php\/228-projeye-195-milyon-lira-hibe-saglanacak","title":{"rendered":"228 Projeye 195 Milyon Lira Hibe Sa\u011flanacak"},"content":{"rendered":"\n<div class=\"wp-block-image\"><figure class=\"aligncenter size-large\"><img loading=\"lazy\" decoding=\"async\" width=\"573\" height=\"400\" src=\"https:\/\/epochtimestr.com\/wp-content\/uploads\/2011y\/Bekir_Pakdemirli-Wikimedia-Commons-573x400.jpg\" alt=\"\" class=\"wp-image-130609\" srcset=\"https:\/\/epochtimestr.com\/wp-content\/uploads\/2011y\/Bekir_Pakdemirli-Wikimedia-Commons-573x400.jpg 573w, https:\/\/epochtimestr.com\/wp-content\/uploads\/2011y\/Bekir_Pakdemirli-Wikimedia-Commons-300x210.jpg 300w, https:\/\/epochtimestr.com\/wp-content\/uploads\/2011y\/Bekir_Pakdemirli-Wikimedia-Commons-150x105.jpg 150w, https:\/\/epochtimestr.com\/wp-content\/uploads\/2011y\/Bekir_Pakdemirli-Wikimedia-Commons.jpg 640w\" sizes=\"(max-width: 573px) 100vw, 573px\" \/><\/figure><\/div>\n\n\n\n<h2 class=\"wp-block-heading\">Tar\u0131m ve Orman Bakan\u0131 Bekir Pakdemirli, yapt\u0131\u011f\u0131 yaz\u0131l\u0131 a\u00e7\u0131klamada IPARD-II K\u0131rsal Kalk\u0131nma Destekleri 6. Ba\u015fvuru \u00c7a\u011fr\u0131s\u0131 3. Grubunda destek almaya hak kazanan 228 projeye 195 milyon lira hibe verilece\u011fini belirtti.<\/h2>\n\n\n\n<p>Tar\u0131m ve Orman Bakan\u0131 Pakdemir, IPARD-II kapsam\u0131nda \u00e7\u0131k\u0131lan 6. ba\u015fvuru \u00e7a\u011fr\u0131s\u0131 3. grup sonucunda desteklenecek projelere ili\u015fkin de\u011ferlendirmede bulundu.<\/p>\n\n\n\n<p>K\u0131rsaldaki \u00fcreticilerin gelirini art\u0131rmay\u0131, yat\u0131r\u0131m ve istihdam ortam\u0131 olu\u015fturmay\u0131, kad\u0131n ve gen\u00e7 giri\u015fimcileri daha fazla destekleyerek \u00fcretimi ve kaliteyi art\u0131rmay\u0131 ama\u00e7lad\u0131klar\u0131n\u0131 belirten Bakan Pakdemirli, bu kapsamda IPARD k\u0131rsal kalk\u0131nma desteklerini yat\u0131r\u0131mc\u0131larla bulu\u015fturmaya devam ettiklerini vurgulad\u0131.<\/p>\n\n\n\n<p>Pakdemirli, IPARD-II\u00a06. ba\u015fvuru \u00e7a\u011fr\u0131 ilan\u0131 kapsam\u0131nda uygun bulunan ve onaylanan projelerin 3. grup sonu\u00e7lar\u0131n\u0131n &#8220;www.tkdk.gov.tr&#8221; adresinden ilan edildi\u011fine i\u015faret ederek,\u00a0&#8220;\u00c7iftlik faaliyetlerinin \u00e7e\u015fitlendirilmesi ve i\u015f geli\u015ftirme sekt\u00f6r\u00fcyle ilgili 228 projeye toplam 195 milyon lira hibe verilecek. Bu hibe sayesinde k\u0131rsalda 340 milyon liral\u0131k yat\u0131r\u0131m yap\u0131lmas\u0131 hedefleniyor. Hibe almaya hak kazanan yat\u0131r\u0131mc\u0131larla hibe s\u00f6zle\u015fme imzalama s\u00fcreci de ba\u015flad\u0131.&#8221; bilgisini payla\u015ft\u0131.<\/p>\n\n\n\n<p>Hibe deste\u011fi alacak projelerin i\u00e7eri\u011fine ili\u015fkin bilgi veren Pakdemirli \u015funlar\u0131 kaydetti:<\/p>\n\n\n\n<p>&#8220;Projelerin 85&#8217;i bitkisel \u00fcretimin \u00e7e\u015fitlendirilmesi, bitkisel \u00fcr\u00fcnlerin i\u015flenmesi ve paketlenmesi, 6&#8217;s\u0131 ar\u0131c\u0131l\u0131k ve ar\u0131 \u00fcr\u00fcnlerinin \u00fcretimi, i\u015flenmesi ve paketlenmesi, 61&#8217;i zanaatkarl\u0131k ve katma de\u011ferli \u00fcr\u00fcnler, 56&#8217;s\u0131 k\u0131rsal turizm ve rekreasyon faaliyetleri, 8&#8217;i k\u00fclt\u00fcr bal\u0131k\u00e7\u0131l\u0131\u011f\u0131, 1&#8217;i makine park\u0131, 11&#8217;i de yenilenebilir enerji yat\u0131r\u0131m\u0131n\u0131 kaps\u0131yor.&#8221;<\/p>\n\n\n\n<p>Pakdemirli, \u015fubat ve mart ay\u0131nda a\u00e7\u0131klanan birinci ve ikinci grup sonu\u00e7lar\u0131yla birlikte 6. \u00e7a\u011fr\u0131 d\u00f6neminde sa\u011flanacak hibe miktar\u0131n\u0131n toplamda 755 milyon liraya, yat\u0131r\u0131m tutar\u0131n\u0131n ise 1 milyar 340 milyon liraya ula\u015faca\u011f\u0131n\u0131 bildirdi.<\/p>\n","protected":false},"excerpt":{"rendered":"<p>Tar\u0131m ve Orman Bakan\u0131 Bekir Pakdemirli, yapt\u0131\u011f\u0131 yaz\u0131l\u0131 a\u00e7\u0131klamada IPARD-II K\u0131rsal Kalk\u0131nma Destekleri 6. Ba\u015fvuru \u00c7a\u011fr\u0131s\u0131 3. Grubunda destek almaya hak kazanan 228 projeye 195 milyon lira hibe verilece\u011fini belirtti. Tar\u0131m ve Orman Bakan\u0131 Pakdemir, IPARD-II kapsam\u0131nda \u00e7\u0131k\u0131lan 6. ba\u015fvuru \u00e7a\u011fr\u0131s\u0131 3. grup sonucunda desteklenecek projelere ili\u015fkin de\u011ferlendirmede bulundu. K\u0131rsaldaki \u00fcreticilerin gelirini art\u0131rmay\u0131, yat\u0131r\u0131m ve [&hellip;]<\/p>\n","protected":false},"author":12791,"featured_media":130609,"comment_status":"closed","ping_status":"open","sticky":false,"template":"","format":"standard","meta":{"_yoast_wpseo_focuskw":"","_yoast_wpseo_title":"","_yoast_wpseo_metadesc":"","_bbp_topic_count":0,"_bbp_reply_count":0,"_bbp_total_topic_count":0,"_bbp_total_reply_count":0,"_bbp_voice_count":0,"_bbp_anonymous_reply_count":0,"_bbp_topic_count_hidden":0,"_bbp_reply_count_hidden":0,"_bbp_forum_subforum_count":0,"footnotes":"","_yoast_wpseo_focuskw_text_input":""},"categories":[1,37],"tags":[],"yoast_head":"<!-- This site is optimized with the Yoast SEO plugin v23.0 - https:\/\/yoast.com\/wordpress\/plugins\/seo\/ -->\n<title>228 Projeye 195 Milyon Lira Hibe Sa\u011flanacak - The Epoch Times TR<\/title>\n<meta name=\"robots\" content=\"index, follow, max-snippet:-1, max-image-preview:large, max-video-preview:-1\" \/>\n<link rel=\"canonical\" href=\"https:\/\/epochtimestr.com\/index.php\/228-projeye-195-milyon-lira-hibe-saglanacak\" \/>\n<meta property=\"og:locale\" content=\"tr_TR\" \/>\n<meta property=\"og:type\" content=\"article\" \/>\n<meta property=\"og:title\" content=\"228 Projeye 195 Milyon Lira Hibe Sa\u011flanacak - The Epoch Times TR\" \/>\n<meta property=\"og:description\" content=\"Tar\u0131m ve Orman Bakan\u0131 Bekir Pakdemirli, yapt\u0131\u011f\u0131 yaz\u0131l\u0131 a\u00e7\u0131klamada IPARD-II K\u0131rsal Kalk\u0131nma Destekleri 6. Ba\u015fvuru \u00c7a\u011fr\u0131s\u0131 3. Grubunda destek almaya hak kazanan 228 projeye 195 milyon lira hibe verilece\u011fini belirtti. Tar\u0131m ve Orman Bakan\u0131 Pakdemir, IPARD-II kapsam\u0131nda \u00e7\u0131k\u0131lan 6. ba\u015fvuru \u00e7a\u011fr\u0131s\u0131 3. grup sonucunda desteklenecek projelere ili\u015fkin de\u011ferlendirmede bulundu. K\u0131rsaldaki \u00fcreticilerin gelirini art\u0131rmay\u0131, yat\u0131r\u0131m ve [&hellip;]\" \/>\n<meta property=\"og:url\" content=\"https:\/\/epochtimestr.com\/index.php\/228-projeye-195-milyon-lira-hibe-saglanacak\" \/>\n<meta property=\"og:site_name\" content=\"The Epoch Times TR\" \/>\n<meta property=\"article:publisher\" content=\"https:\/\/www.facebook.com\/theepochtimestr\" \/>\n<meta property=\"article:published_time\" content=\"2020-11-09T07:56:04+00:00\" \/>\n<meta property=\"article:modified_time\" content=\"2020-11-09T07:56:12+00:00\" \/>\n<meta property=\"og:image\" content=\"https:\/\/epochtimestr.com\/wp-content\/uploads\/2011y\/Bekir_Pakdemirli-Wikimedia-Commons.jpg\" \/>\n\t<meta property=\"og:image:width\" content=\"640\" \/>\n\t<meta property=\"og:image:height\" content=\"447\" \/>\n\t<meta property=\"og:image:type\" content=\"image\/jpeg\" \/>\n<meta name=\"author\" content=\"Haber Merkezi\" \/>\n<meta name=\"twitter:card\" content=\"summary_large_image\" \/>\n<meta name=\"twitter:creator\" content=\"@TheEpochTimesTR\" \/>\n<meta name=\"twitter:site\" content=\"@TheEpochTimesTR\" \/>\n<meta name=\"twitter:label1\" content=\"Yazan:\" \/>\n\t<meta name=\"twitter:data1\" content=\"Haber Merkezi\" \/>\n\t<meta name=\"twitter:label2\" content=\"Tahmini okuma s\u00fcresi\" \/>\n\t<meta name=\"twitter:data2\" content=\"2 dakika\" \/>\n<script type=\"application\/ld+json\" class=\"yoast-schema-graph\">{\"@context\":\"https:\/\/schema.org\",\"@graph\":[{\"@type\":\"Article\",\"@id\":\"https:\/\/epochtimestr.com\/index.php\/228-projeye-195-milyon-lira-hibe-saglanacak#article\",\"isPartOf\":{\"@id\":\"https:\/\/epochtimestr.com\/index.php\/228-projeye-195-milyon-lira-hibe-saglanacak\"},\"author\":{\"name\":\"Haber Merkezi\",\"@id\":\"https:\/\/epochtimestr.com\/#\/schema\/person\/3dc5c3adeb9f43923c5aa85889172fdd\"},\"headline\":\"228 Projeye 195 Milyon Lira Hibe Sa\u011flanacak\",\"datePublished\":\"2020-11-09T07:56:04+00:00\",\"dateModified\":\"2020-11-09T07:56:12+00:00\",\"mainEntityOfPage\":{\"@id\":\"https:\/\/epochtimestr.com\/index.php\/228-projeye-195-milyon-lira-hibe-saglanacak\"},\"wordCount\":322,\"publisher\":{\"@id\":\"https:\/\/epochtimestr.com\/#organization\"},\"image\":{\"@id\":\"https:\/\/epochtimestr.com\/index.php\/228-projeye-195-milyon-lira-hibe-saglanacak#primaryimage\"},\"thumbnailUrl\":\"https:\/\/epochtimestr.com\/wp-content\/uploads\/2011y\/Bekir_Pakdemirli-Wikimedia-Commons.jpg\",\"articleSection\":[\"G\u00dcNDEM\",\"T\u00dcRK\u0130YE\"],\"inLanguage\":\"tr\"},{\"@type\":\"WebPage\",\"@id\":\"https:\/\/epochtimestr.com\/index.php\/228-projeye-195-milyon-lira-hibe-saglanacak\",\"url\":\"https:\/\/epochtimestr.com\/index.php\/228-projeye-195-milyon-lira-hibe-saglanacak\",\"name\":\"228 Projeye 195 Milyon Lira Hibe Sa\u011flanacak - The Epoch Times TR\",\"isPartOf\":{\"@id\":\"https:\/\/epochtimestr.com\/#website\"},\"primaryImageOfPage\":{\"@id\":\"https:\/\/epochtimestr.com\/index.php\/228-projeye-195-milyon-lira-hibe-saglanacak#primaryimage\"},\"image\":{\"@id\":\"https:\/\/epochtimestr.com\/index.php\/228-projeye-195-milyon-lira-hibe-saglanacak#primaryimage\"},\"thumbnailUrl\":\"https:\/\/epochtimestr.com\/wp-content\/uploads\/2011y\/Bekir_Pakdemirli-Wikimedia-Commons.jpg\",\"datePublished\":\"2020-11-09T07:56:04+00:00\",\"dateModified\":\"2020-11-09T07:56:12+00:00\",\"inLanguage\":\"tr\",\"potentialAction\":[{\"@type\":\"ReadAction\",\"target\":[\"https:\/\/epochtimestr.com\/index.php\/228-projeye-195-milyon-lira-hibe-saglanacak\"]}]},{\"@type\":\"ImageObject\",\"inLanguage\":\"tr\",\"@id\":\"https:\/\/epochtimestr.com\/index.php\/228-projeye-195-milyon-lira-hibe-saglanacak#primaryimage\",\"url\":\"https:\/\/epochtimestr.com\/wp-content\/uploads\/2011y\/Bekir_Pakdemirli-Wikimedia-Commons.jpg\",\"contentUrl\":\"https:\/\/epochtimestr.com\/wp-content\/uploads\/2011y\/Bekir_Pakdemirli-Wikimedia-Commons.jpg\",\"width\":640,\"height\":447},{\"@type\":\"WebSite\",\"@id\":\"https:\/\/epochtimestr.com\/#website\",\"url\":\"https:\/\/epochtimestr.com\/\",\"name\":\"The Epoch Times TR\",\"description\":\"De\u011fi\u015fen D\u00fcnyam\u0131za Taze Bir Bak\u0131\u015f\",\"publisher\":{\"@id\":\"https:\/\/epochtimestr.com\/#organization\"},\"potentialAction\":[{\"@type\":\"SearchAction\",\"target\":{\"@type\":\"EntryPoint\",\"urlTemplate\":\"https:\/\/epochtimestr.com\/?s={search_term_string}\"},\"query-input\":\"required name=search_term_string\"}],\"inLanguage\":\"tr\"},{\"@type\":\"Organization\",\"@id\":\"https:\/\/epochtimestr.com\/#organization\",\"name\":\"The EpochTimes T\u00fcrkiye\",\"url\":\"https:\/\/epochtimestr.com\/\",\"logo\":{\"@type\":\"ImageObject\",\"inLanguage\":\"tr\",\"@id\":\"https:\/\/epochtimestr.com\/#\/schema\/logo\/image\/\",\"url\":\"https:\/\/epochtimestr.com\/wp-content\/uploads\/2011y\/ET-Logo-YG.jpg\",\"contentUrl\":\"https:\/\/epochtimestr.com\/wp-content\/uploads\/2011y\/ET-Logo-YG.jpg\",\"width\":346,\"height\":29,\"caption\":\"The EpochTimes T\u00fcrkiye\"},\"image\":{\"@id\":\"https:\/\/epochtimestr.com\/#\/schema\/logo\/image\/\"},\"sameAs\":[\"https:\/\/www.facebook.com\/theepochtimestr\",\"https:\/\/x.com\/TheEpochTimesTR\",\"https:\/\/www.instagram.com\/epochtimestr\"]},{\"@type\":\"Person\",\"@id\":\"https:\/\/epochtimestr.com\/#\/schema\/person\/3dc5c3adeb9f43923c5aa85889172fdd\",\"name\":\"Haber Merkezi\",\"image\":{\"@type\":\"ImageObject\",\"inLanguage\":\"tr\",\"@id\":\"https:\/\/epochtimestr.com\/#\/schema\/person\/image\/\",\"url\":\"https:\/\/secure.gravatar.com\/avatar\/d73f772ba5a74f28601361e17c2f93e6?s=96&d=mm&r=g\",\"contentUrl\":\"https:\/\/secure.gravatar.com\/avatar\/d73f772ba5a74f28601361e17c2f93e6?s=96&d=mm&r=g\",\"caption\":\"Haber Merkezi\"},\"url\":\"https:\/\/epochtimestr.com\/index.php\/author\/sendag\"}]}<\/script>\n<!-- \/ Yoast SEO plugin. -->","yoast_head_json":{"title":"228 Projeye 195 Milyon Lira Hibe Sa\u011flanacak - The Epoch Times TR","robots":{"index":"index","follow":"follow","max-snippet":"max-snippet:-1","max-image-preview":"max-image-preview:large","max-video-preview":"max-video-preview:-1"},"canonical":"https:\/\/epochtimestr.com\/index.php\/228-projeye-195-milyon-lira-hibe-saglanacak","og_locale":"tr_TR","og_type":"article","og_title":"228 Projeye 195 Milyon Lira Hibe Sa\u011flanacak - The Epoch Times TR","og_description":"Tar\u0131m ve Orman Bakan\u0131 Bekir Pakdemirli, yapt\u0131\u011f\u0131 yaz\u0131l\u0131 a\u00e7\u0131klamada IPARD-II K\u0131rsal Kalk\u0131nma Destekleri 6. Ba\u015fvuru \u00c7a\u011fr\u0131s\u0131 3. Grubunda destek almaya hak kazanan 228 projeye 195 milyon lira hibe verilece\u011fini belirtti. Tar\u0131m ve Orman Bakan\u0131 Pakdemir, IPARD-II kapsam\u0131nda \u00e7\u0131k\u0131lan 6. ba\u015fvuru \u00e7a\u011fr\u0131s\u0131 3. grup sonucunda desteklenecek projelere ili\u015fkin de\u011ferlendirmede bulundu. K\u0131rsaldaki \u00fcreticilerin gelirini art\u0131rmay\u0131, yat\u0131r\u0131m ve [&hellip;]","og_url":"https:\/\/epochtimestr.com\/index.php\/228-projeye-195-milyon-lira-hibe-saglanacak","og_site_name":"The Epoch Times TR","article_publisher":"https:\/\/www.facebook.com\/theepochtimestr","article_published_time":"2020-11-09T07:56:04+00:00","article_modified_time":"2020-11-09T07:56:12+00:00","og_image":[{"width":640,"height":447,"url":"https:\/\/epochtimestr.com\/wp-content\/uploads\/2011y\/Bekir_Pakdemirli-Wikimedia-Commons.jpg","type":"image\/jpeg"}],"author":"Haber Merkezi","twitter_card":"summary_large_image","twitter_creator":"@TheEpochTimesTR","twitter_site":"@TheEpochTimesTR","twitter_misc":{"Yazan:":"Haber Merkezi","Tahmini okuma s\u00fcresi":"2 dakika"},"schema":{"@context":"https:\/\/schema.org","@graph":[{"@type":"Article","@id":"https:\/\/epochtimestr.com\/index.php\/228-projeye-195-milyon-lira-hibe-saglanacak#article","isPartOf":{"@id":"https:\/\/epochtimestr.com\/index.php\/228-projeye-195-milyon-lira-hibe-saglanacak"},"author":{"name":"Haber Merkezi","@id":"https:\/\/epochtimestr.com\/#\/schema\/person\/3dc5c3adeb9f43923c5aa85889172fdd"},"headline":"228 Projeye 195 Milyon Lira Hibe Sa\u011flanacak","datePublished":"2020-11-09T07:56:04+00:00","dateModified":"2020-11-09T07:56:12+00:00","mainEntityOfPage":{"@id":"https:\/\/epochtimestr.com\/index.php\/228-projeye-195-milyon-lira-hibe-saglanacak"},"wordCount":322,"publisher":{"@id":"https:\/\/epochtimestr.com\/#organization"},"image":{"@id":"https:\/\/epochtimestr.com\/index.php\/228-projeye-195-milyon-lira-hibe-saglanacak#primaryimage"},"thumbnailUrl":"https:\/\/epochtimestr.com\/wp-content\/uploads\/2011y\/Bekir_Pakdemirli-Wikimedia-Commons.jpg","articleSection":["G\u00dcNDEM","T\u00dcRK\u0130YE"],"inLanguage":"tr"},{"@type":"WebPage","@id":"https:\/\/epochtimestr.com\/index.php\/228-projeye-195-milyon-lira-hibe-saglanacak","url":"https:\/\/epochtimestr.com\/index.php\/228-projeye-195-milyon-lira-hibe-saglanacak","name":"228 Projeye 195 Milyon Lira Hibe Sa\u011flanacak - The Epoch Times TR","isPartOf":{"@id":"https:\/\/epochtimestr.com\/#website"},"primaryImageOfPage":{"@id":"https:\/\/epochtimestr.com\/index.php\/228-projeye-195-milyon-lira-hibe-saglanacak#primaryimage"},"image":{"@id":"https:\/\/epochtimestr.com\/index.php\/228-projeye-195-milyon-lira-hibe-saglanacak#primaryimage"},"thumbnailUrl":"https:\/\/epochtimestr.com\/wp-content\/uploads\/2011y\/Bekir_Pakdemirli-Wikimedia-Commons.jpg","datePublished":"2020-11-09T07:56:04+00:00","dateModified":"2020-11-09T07:56:12+00:00","inLanguage":"tr","potentialAction":[{"@type":"ReadAction","target":["https:\/\/epochtimestr.com\/index.php\/228-projeye-195-milyon-lira-hibe-saglanacak"]}]},{"@type":"ImageObject","inLanguage":"tr","@id":"https:\/\/epochtimestr.com\/index.php\/228-projeye-195-milyon-lira-hibe-saglanacak#primaryimage","url":"https:\/\/epochtimestr.com\/wp-content\/uploads\/2011y\/Bekir_Pakdemirli-Wikimedia-Commons.jpg","contentUrl":"https:\/\/epochtimestr.com\/wp-content\/uploads\/2011y\/Bekir_Pakdemirli-Wikimedia-Commons.jpg","width":640,"height":447},{"@type":"WebSite","@id":"https:\/\/epochtimestr.com\/#website","url":"https:\/\/epochtimestr.com\/","name":"The Epoch Times TR","description":"De\u011fi\u015fen D\u00fcnyam\u0131za Taze Bir Bak\u0131\u015f","publisher":{"@id":"https:\/\/epochtimestr.com\/#organization"},"potentialAction":[{"@type":"SearchAction","target":{"@type":"EntryPoint","urlTemplate":"https:\/\/epochtimestr.com\/?s={search_term_string}"},"query-input":"required name=search_term_string"}],"inLanguage":"tr"},{"@type":"Organization","@id":"https:\/\/epochtimestr.com\/#organization","name":"The EpochTimes T\u00fcrkiye","url":"https:\/\/epochtimestr.com\/","logo":{"@type":"ImageObject","inLanguage":"tr","@id":"https:\/\/epochtimestr.com\/#\/schema\/logo\/image\/","url":"https:\/\/epochtimestr.com\/wp-content\/uploads\/2011y\/ET-Logo-YG.jpg","contentUrl":"https:\/\/epochtimestr.com\/wp-content\/uploads\/2011y\/ET-Logo-YG.jpg","width":346,"height":29,"caption":"The EpochTimes T\u00fcrkiye"},"image":{"@id":"https:\/\/epochtimestr.com\/#\/schema\/logo\/image\/"},"sameAs":["https:\/\/www.facebook.com\/theepochtimestr","https:\/\/x.com\/TheEpochTimesTR","https:\/\/www.instagram.com\/epochtimestr"]},{"@type":"Person","@id":"https:\/\/epochtimestr.com\/#\/schema\/person\/3dc5c3adeb9f43923c5aa85889172fdd","name":"Haber Merkezi","image":{"@type":"ImageObject","inLanguage":"tr","@id":"https:\/\/epochtimestr.com\/#\/schema\/person\/image\/","url":"https:\/\/secure.gravatar.com\/avatar\/d73f772ba5a74f28601361e17c2f93e6?s=96&d=mm&r=g","contentUrl":"https:\/\/secure.gravatar.com\/avatar\/d73f772ba5a74f28601361e17c2f93e6?s=96&d=mm&r=g","caption":"Haber Merkezi"},"url":"https:\/\/epochtimestr.com\/index.php\/author\/sendag"}]}},"_links":{"self":[{"href":"https:\/\/epochtimestr.com\/index.php\/wp-json\/wp\/v2\/posts\/130608"}],"collection":[{"href":"https:\/\/epochtimestr.com\/index.php\/wp-json\/wp\/v2\/posts"}],"about":[{"href":"https:\/\/epochtimestr.com\/index.php\/wp-json\/wp\/v2\/types\/post"}],"author":[{"embeddable":true,"href":"https:\/\/epochtimestr.com\/index.php\/wp-json\/wp\/v2\/users\/12791"}],"replies":[{"embeddable":true,"href":"https:\/\/epochtimestr.com\/index.php\/wp-json\/wp\/v2\/comments?post=130608"}],"version-history":[{"count":1,"href":"https:\/\/epochtimestr.com\/index.php\/wp-json\/wp\/v2\/posts\/130608\/revisions"}],"predecessor-version":[{"id":130610,"href":"https:\/\/epochtimestr.com\/index.php\/wp-json\/wp\/v2\/posts\/130608\/revisions\/130610"}],"wp:featuredmedia":[{"embeddable":true,"href":"https:\/\/epochtimestr.com\/index.php\/wp-json\/wp\/v2\/media\/130609"}],"wp:attachment":[{"href":"https:\/\/epochtimestr.com\/index.php\/wp-json\/wp\/v2\/media?parent=130608"}],"wp:term":[{"taxonomy":"category","embeddable":true,"href":"https:\/\/epochtimestr.com\/index.php\/wp-json\/wp\/v2\/categories?post=130608"},{"taxonomy":"post_tag","embeddable":true,"href":"https:\/\/epochtimestr.com\/index.php\/wp-json\/wp\/v2\/tags?post=130608"}],"curies":[{"name":"wp","href":"https:\/\/api.w.org\/{rel}","templated":true}]}}