{"id":130617,"date":"2020-11-09T20:21:04","date_gmt":"2020-11-09T17:21:04","guid":{"rendered":"http:\/\/epochtimestr.com\/?p=130617"},"modified":"2020-11-09T20:21:06","modified_gmt":"2020-11-09T17:21:06","slug":"akp-sozcusu-omer-celikten-berat-albayrak-aciklamasi","status":"publish","type":"post","link":"https:\/\/epochtimestr.com\/index.php\/akp-sozcusu-omer-celikten-berat-albayrak-aciklamasi","title":{"rendered":"AKP S\u00f6zc\u00fcs\u00fc \u00d6mer \u00c7elik&#8217;ten Berat Albayrak A\u00e7\u0131klamas\u0131"},"content":{"rendered":"\n<div class=\"wp-block-image\"><figure class=\"aligncenter size-large\"><img loading=\"lazy\" decoding=\"async\" width=\"600\" height=\"286\" src=\"https:\/\/epochtimestr.com\/wp-content\/uploads\/2011y\/\u00f6mer-\u00e7elik-5-600x286.jpg\" alt=\"\" class=\"wp-image-130618\" srcset=\"https:\/\/epochtimestr.com\/wp-content\/uploads\/2011y\/\u00f6mer-\u00e7elik-5-600x286.jpg 600w, https:\/\/epochtimestr.com\/wp-content\/uploads\/2011y\/\u00f6mer-\u00e7elik-5-300x143.jpg 300w, https:\/\/epochtimestr.com\/wp-content\/uploads\/2011y\/\u00f6mer-\u00e7elik-5-150x71.jpg 150w, https:\/\/epochtimestr.com\/wp-content\/uploads\/2011y\/\u00f6mer-\u00e7elik-5.jpg 684w\" sizes=\"(max-width: 600px) 100vw, 600px\" \/><\/figure><\/div>\n\n\n\n<h2 class=\"wp-block-heading\">AKP S\u00f6zc\u00fcs\u00fc \u00d6mer \u00c7elik, Berat Albayrak&#8217;\u0131n Hazine ve Maliye Bakanl\u0131\u011f\u0131&#8217;ndan istifa etti\u011fini duyurmas\u0131 ile ilgili a\u00e7\u0131klamalarda bulundu.<\/h2>\n\n\n\n<p>AKP S\u00f6zc\u00fcs\u00fc \u00d6mer \u00c7elik&#8217;in a\u00e7\u0131klamalar\u0131 \u015f\u00f6yledir :<\/p>\n\n\n\n<p>&#8220;Cumhurba\u015fkanl\u0131\u011f\u0131 h\u00fck\u00fcmet sisteminde g\u00f6reve getirme, g\u00f6revden alma, istifay\u0131 kabul edip etmeme Cumhurba\u015fkanl\u0131\u011f\u0131 makam\u0131n\u0131n takdirindedir.<\/p>\n\n\n\n<p>Bu konuyla ilgili benim bir a\u00e7\u0131klama yapmam s\u00f6z konusu de\u011fil. Say\u0131n Cumhurba\u015fkan\u0131m\u0131z kendi takdirini uygun g\u00f6rd\u00fc\u011f\u00fc \u015fekilde kamuoyu ile payla\u015facakt\u0131r.<\/p>\n\n\n\n<p>Cumhurba\u015fkanl\u0131\u011f\u0131 h\u00fck\u00fcmet sistemindeyiz. Dolay\u0131s\u0131yla bu MYK\u2019n\u0131n konusu de\u011fil, bu Cumhurba\u015fkanl\u0131\u011f\u0131 Kabinesi ile ilgili bir konu.<\/p>\n\n\n\n<p>Bir devlet krizinden bahsedenler, devletimizde herhangi bir \u00e7ark\u0131n i\u015flemedi\u011fine dair bir durum yok.<\/p>\n\n\n\n<p>Devlet gayet g\u00fc\u00e7l\u00fc bir \u015fekilde yoluna devam etmektedir. Bir devlet krizinden bahsedecek \u015fekilde herhangi noktada bir aksama, t\u0131kanma s\u00f6z konusu de\u011fildir.<\/p>\n\n\n\n<p>T\u00fcrkiye\u2019nin y\u00f6netilmesinden T\u00fcrkiye\u2019nin d\u0131\u015f\u0131ndaki hak ve menfaatlerinin korunmas\u0131na kadar en g\u00fc\u00e7l\u00fc kapasiteyle yoluna devam etmektedir.<\/p>\n\n\n\n<p>Cumhurba\u015fkanl\u0131\u011f\u0131 Kabinesi kendi g\u00fcndemine, kendi konular\u0131na hakimdir. Devlet krizi olarak nitelendirilecek bir aksama s\u00f6z konusu de\u011fildir.&#8221;<\/p>\n\n\n\n<p><\/p>\n","protected":false},"excerpt":{"rendered":"<p>AKP S\u00f6zc\u00fcs\u00fc \u00d6mer \u00c7elik, Berat Albayrak&#8217;\u0131n Hazine ve Maliye Bakanl\u0131\u011f\u0131&#8217;ndan istifa etti\u011fini duyurmas\u0131 ile ilgili a\u00e7\u0131klamalarda bulundu. AKP S\u00f6zc\u00fcs\u00fc \u00d6mer \u00c7elik&#8217;in a\u00e7\u0131klamalar\u0131 \u015f\u00f6yledir : &#8220;Cumhurba\u015fkanl\u0131\u011f\u0131 h\u00fck\u00fcmet sisteminde g\u00f6reve getirme, g\u00f6revden alma, istifay\u0131 kabul edip etmeme Cumhurba\u015fkanl\u0131\u011f\u0131 makam\u0131n\u0131n takdirindedir. Bu konuyla ilgili benim bir a\u00e7\u0131klama yapmam s\u00f6z konusu de\u011fil. Say\u0131n Cumhurba\u015fkan\u0131m\u0131z kendi takdirini uygun g\u00f6rd\u00fc\u011f\u00fc \u015fekilde [&hellip;]<\/p>\n","protected":false},"author":13971,"featured_media":130618,"comment_status":"closed","ping_status":"open","sticky":false,"template":"","format":"standard","meta":{"_yoast_wpseo_focuskw":"","_yoast_wpseo_title":"","_yoast_wpseo_metadesc":"","_bbp_topic_count":0,"_bbp_reply_count":0,"_bbp_total_topic_count":0,"_bbp_total_reply_count":0,"_bbp_voice_count":0,"_bbp_anonymous_reply_count":0,"_bbp_topic_count_hidden":0,"_bbp_reply_count_hidden":0,"_bbp_forum_subforum_count":0,"footnotes":"","_yoast_wpseo_focuskw_text_input":""},"categories":[1,37],"tags":[1017,5894,4799,3446],"yoast_head":"<!-- This site is optimized with the Yoast SEO plugin v23.0 - https:\/\/yoast.com\/wordpress\/plugins\/seo\/ -->\n<title>AKP S\u00f6zc\u00fcs\u00fc \u00d6mer \u00c7elik&#039;ten Berat Albayrak A\u00e7\u0131klamas\u0131 - The Epoch Times TR<\/title>\n<meta name=\"robots\" content=\"index, follow, max-snippet:-1, max-image-preview:large, max-video-preview:-1\" \/>\n<link rel=\"canonical\" href=\"https:\/\/epochtimestr.com\/index.php\/akp-sozcusu-omer-celikten-berat-albayrak-aciklamasi\" \/>\n<meta property=\"og:locale\" content=\"tr_TR\" \/>\n<meta property=\"og:type\" content=\"article\" \/>\n<meta property=\"og:title\" content=\"AKP S\u00f6zc\u00fcs\u00fc \u00d6mer \u00c7elik&#039;ten Berat Albayrak A\u00e7\u0131klamas\u0131 - The Epoch Times TR\" \/>\n<meta property=\"og:description\" content=\"AKP S\u00f6zc\u00fcs\u00fc \u00d6mer \u00c7elik, Berat Albayrak&#8217;\u0131n Hazine ve Maliye Bakanl\u0131\u011f\u0131&#8217;ndan istifa etti\u011fini duyurmas\u0131 ile ilgili a\u00e7\u0131klamalarda bulundu. AKP S\u00f6zc\u00fcs\u00fc \u00d6mer \u00c7elik&#8217;in a\u00e7\u0131klamalar\u0131 \u015f\u00f6yledir : &#8220;Cumhurba\u015fkanl\u0131\u011f\u0131 h\u00fck\u00fcmet sisteminde g\u00f6reve getirme, g\u00f6revden alma, istifay\u0131 kabul edip etmeme Cumhurba\u015fkanl\u0131\u011f\u0131 makam\u0131n\u0131n takdirindedir. Bu konuyla ilgili benim bir a\u00e7\u0131klama yapmam s\u00f6z konusu de\u011fil. Say\u0131n Cumhurba\u015fkan\u0131m\u0131z kendi takdirini uygun g\u00f6rd\u00fc\u011f\u00fc \u015fekilde [&hellip;]\" \/>\n<meta property=\"og:url\" content=\"https:\/\/epochtimestr.com\/index.php\/akp-sozcusu-omer-celikten-berat-albayrak-aciklamasi\" \/>\n<meta property=\"og:site_name\" content=\"The Epoch Times TR\" \/>\n<meta property=\"article:publisher\" content=\"https:\/\/www.facebook.com\/theepochtimestr\" \/>\n<meta property=\"article:published_time\" content=\"2020-11-09T17:21:04+00:00\" \/>\n<meta property=\"article:modified_time\" content=\"2020-11-09T17:21:06+00:00\" \/>\n<meta property=\"og:image\" content=\"https:\/\/epochtimestr.com\/wp-content\/uploads\/2011y\/\u00f6mer-\u00e7elik-5.jpg\" \/>\n\t<meta property=\"og:image:width\" content=\"684\" \/>\n\t<meta property=\"og:image:height\" content=\"326\" \/>\n\t<meta property=\"og:image:type\" content=\"image\/jpeg\" \/>\n<meta name=\"author\" content=\"Seda F.\" \/>\n<meta name=\"twitter:card\" content=\"summary_large_image\" \/>\n<meta name=\"twitter:creator\" content=\"@TheEpochTimesTR\" \/>\n<meta name=\"twitter:site\" content=\"@TheEpochTimesTR\" \/>\n<meta name=\"twitter:label1\" content=\"Yazan:\" \/>\n\t<meta name=\"twitter:data1\" content=\"Seda F.\" \/>\n\t<meta name=\"twitter:label2\" content=\"Tahmini okuma s\u00fcresi\" \/>\n\t<meta name=\"twitter:data2\" content=\"1 dakika\" \/>\n<script type=\"application\/ld+json\" class=\"yoast-schema-graph\">{\"@context\":\"https:\/\/schema.org\",\"@graph\":[{\"@type\":\"Article\",\"@id\":\"https:\/\/epochtimestr.com\/index.php\/akp-sozcusu-omer-celikten-berat-albayrak-aciklamasi#article\",\"isPartOf\":{\"@id\":\"https:\/\/epochtimestr.com\/index.php\/akp-sozcusu-omer-celikten-berat-albayrak-aciklamasi\"},\"author\":{\"name\":\"Seda F.\",\"@id\":\"https:\/\/epochtimestr.com\/#\/schema\/person\/98ca9c773997f59c22622a3779f4e684\"},\"headline\":\"AKP S\u00f6zc\u00fcs\u00fc \u00d6mer \u00c7elik&#8217;ten Berat Albayrak A\u00e7\u0131klamas\u0131\",\"datePublished\":\"2020-11-09T17:21:04+00:00\",\"dateModified\":\"2020-11-09T17:21:06+00:00\",\"mainEntityOfPage\":{\"@id\":\"https:\/\/epochtimestr.com\/index.php\/akp-sozcusu-omer-celikten-berat-albayrak-aciklamasi\"},\"wordCount\":203,\"publisher\":{\"@id\":\"https:\/\/epochtimestr.com\/#organization\"},\"image\":{\"@id\":\"https:\/\/epochtimestr.com\/index.php\/akp-sozcusu-omer-celikten-berat-albayrak-aciklamasi#primaryimage\"},\"thumbnailUrl\":\"https:\/\/epochtimestr.com\/wp-content\/uploads\/2011y\/\u00f6mer-\u00e7elik-5.jpg\",\"keywords\":[\"AKP\",\"Berat Albayrak\",\"cumhurba\u015fkan\u0131 recep tayyip erdo\u011fan\",\"\u00d6mer \u00c7elik\"],\"articleSection\":[\"G\u00dcNDEM\",\"T\u00dcRK\u0130YE\"],\"inLanguage\":\"tr\"},{\"@type\":\"WebPage\",\"@id\":\"https:\/\/epochtimestr.com\/index.php\/akp-sozcusu-omer-celikten-berat-albayrak-aciklamasi\",\"url\":\"https:\/\/epochtimestr.com\/index.php\/akp-sozcusu-omer-celikten-berat-albayrak-aciklamasi\",\"name\":\"AKP S\u00f6zc\u00fcs\u00fc \u00d6mer \u00c7elik'ten Berat Albayrak A\u00e7\u0131klamas\u0131 - The Epoch Times TR\",\"isPartOf\":{\"@id\":\"https:\/\/epochtimestr.com\/#website\"},\"primaryImageOfPage\":{\"@id\":\"https:\/\/epochtimestr.com\/index.php\/akp-sozcusu-omer-celikten-berat-albayrak-aciklamasi#primaryimage\"},\"image\":{\"@id\":\"https:\/\/epochtimestr.com\/index.php\/akp-sozcusu-omer-celikten-berat-albayrak-aciklamasi#primaryimage\"},\"thumbnailUrl\":\"https:\/\/epochtimestr.com\/wp-content\/uploads\/2011y\/\u00f6mer-\u00e7elik-5.jpg\",\"datePublished\":\"2020-11-09T17:21:04+00:00\",\"dateModified\":\"2020-11-09T17:21:06+00:00\",\"inLanguage\":\"tr\",\"potentialAction\":[{\"@type\":\"ReadAction\",\"target\":[\"https:\/\/epochtimestr.com\/index.php\/akp-sozcusu-omer-celikten-berat-albayrak-aciklamasi\"]}]},{\"@type\":\"ImageObject\",\"inLanguage\":\"tr\",\"@id\":\"https:\/\/epochtimestr.com\/index.php\/akp-sozcusu-omer-celikten-berat-albayrak-aciklamasi#primaryimage\",\"url\":\"https:\/\/epochtimestr.com\/wp-content\/uploads\/2011y\/\u00f6mer-\u00e7elik-5.jpg\",\"contentUrl\":\"https:\/\/epochtimestr.com\/wp-content\/uploads\/2011y\/\u00f6mer-\u00e7elik-5.jpg\",\"width\":684,\"height\":326},{\"@type\":\"WebSite\",\"@id\":\"https:\/\/epochtimestr.com\/#website\",\"url\":\"https:\/\/epochtimestr.com\/\",\"name\":\"The Epoch Times TR\",\"description\":\"De\u011fi\u015fen D\u00fcnyam\u0131za Taze Bir Bak\u0131\u015f\",\"publisher\":{\"@id\":\"https:\/\/epochtimestr.com\/#organization\"},\"potentialAction\":[{\"@type\":\"SearchAction\",\"target\":{\"@type\":\"EntryPoint\",\"urlTemplate\":\"https:\/\/epochtimestr.com\/?s={search_term_string}\"},\"query-input\":\"required name=search_term_string\"}],\"inLanguage\":\"tr\"},{\"@type\":\"Organization\",\"@id\":\"https:\/\/epochtimestr.com\/#organization\",\"name\":\"The EpochTimes T\u00fcrkiye\",\"url\":\"https:\/\/epochtimestr.com\/\",\"logo\":{\"@type\":\"ImageObject\",\"inLanguage\":\"tr\",\"@id\":\"https:\/\/epochtimestr.com\/#\/schema\/logo\/image\/\",\"url\":\"https:\/\/epochtimestr.com\/wp-content\/uploads\/2011y\/ET-Logo-YG.jpg\",\"contentUrl\":\"https:\/\/epochtimestr.com\/wp-content\/uploads\/2011y\/ET-Logo-YG.jpg\",\"width\":346,\"height\":29,\"caption\":\"The EpochTimes T\u00fcrkiye\"},\"image\":{\"@id\":\"https:\/\/epochtimestr.com\/#\/schema\/logo\/image\/\"},\"sameAs\":[\"https:\/\/www.facebook.com\/theepochtimestr\",\"https:\/\/x.com\/TheEpochTimesTR\",\"https:\/\/www.instagram.com\/epochtimestr\"]},{\"@type\":\"Person\",\"@id\":\"https:\/\/epochtimestr.com\/#\/schema\/person\/98ca9c773997f59c22622a3779f4e684\",\"name\":\"Seda F.\",\"image\":{\"@type\":\"ImageObject\",\"inLanguage\":\"tr\",\"@id\":\"https:\/\/epochtimestr.com\/#\/schema\/person\/image\/\",\"url\":\"https:\/\/secure.gravatar.com\/avatar\/d34ac3562f53286f25d03d9139fb9105?s=96&d=mm&r=g\",\"contentUrl\":\"https:\/\/secure.gravatar.com\/avatar\/d34ac3562f53286f25d03d9139fb9105?s=96&d=mm&r=g\",\"caption\":\"Seda F.\"},\"url\":\"https:\/\/epochtimestr.com\/index.php\/author\/seda-f\"}]}<\/script>\n<!-- \/ Yoast SEO plugin. -->","yoast_head_json":{"title":"AKP S\u00f6zc\u00fcs\u00fc \u00d6mer \u00c7elik'ten Berat Albayrak A\u00e7\u0131klamas\u0131 - The Epoch Times TR","robots":{"index":"index","follow":"follow","max-snippet":"max-snippet:-1","max-image-preview":"max-image-preview:large","max-video-preview":"max-video-preview:-1"},"canonical":"https:\/\/epochtimestr.com\/index.php\/akp-sozcusu-omer-celikten-berat-albayrak-aciklamasi","og_locale":"tr_TR","og_type":"article","og_title":"AKP S\u00f6zc\u00fcs\u00fc \u00d6mer \u00c7elik'ten Berat Albayrak A\u00e7\u0131klamas\u0131 - The Epoch Times TR","og_description":"AKP S\u00f6zc\u00fcs\u00fc \u00d6mer \u00c7elik, Berat Albayrak&#8217;\u0131n Hazine ve Maliye Bakanl\u0131\u011f\u0131&#8217;ndan istifa etti\u011fini duyurmas\u0131 ile ilgili a\u00e7\u0131klamalarda bulundu. AKP S\u00f6zc\u00fcs\u00fc \u00d6mer \u00c7elik&#8217;in a\u00e7\u0131klamalar\u0131 \u015f\u00f6yledir : &#8220;Cumhurba\u015fkanl\u0131\u011f\u0131 h\u00fck\u00fcmet sisteminde g\u00f6reve getirme, g\u00f6revden alma, istifay\u0131 kabul edip etmeme Cumhurba\u015fkanl\u0131\u011f\u0131 makam\u0131n\u0131n takdirindedir. Bu konuyla ilgili benim bir a\u00e7\u0131klama yapmam s\u00f6z konusu de\u011fil. Say\u0131n Cumhurba\u015fkan\u0131m\u0131z kendi takdirini uygun g\u00f6rd\u00fc\u011f\u00fc \u015fekilde [&hellip;]","og_url":"https:\/\/epochtimestr.com\/index.php\/akp-sozcusu-omer-celikten-berat-albayrak-aciklamasi","og_site_name":"The Epoch Times TR","article_publisher":"https:\/\/www.facebook.com\/theepochtimestr","article_published_time":"2020-11-09T17:21:04+00:00","article_modified_time":"2020-11-09T17:21:06+00:00","og_image":[{"width":684,"height":326,"url":"https:\/\/epochtimestr.com\/wp-content\/uploads\/2011y\/\u00f6mer-\u00e7elik-5.jpg","type":"image\/jpeg"}],"author":"Seda F.","twitter_card":"summary_large_image","twitter_creator":"@TheEpochTimesTR","twitter_site":"@TheEpochTimesTR","twitter_misc":{"Yazan:":"Seda F.","Tahmini okuma s\u00fcresi":"1 dakika"},"schema":{"@context":"https:\/\/schema.org","@graph":[{"@type":"Article","@id":"https:\/\/epochtimestr.com\/index.php\/akp-sozcusu-omer-celikten-berat-albayrak-aciklamasi#article","isPartOf":{"@id":"https:\/\/epochtimestr.com\/index.php\/akp-sozcusu-omer-celikten-berat-albayrak-aciklamasi"},"author":{"name":"Seda F.","@id":"https:\/\/epochtimestr.com\/#\/schema\/person\/98ca9c773997f59c22622a3779f4e684"},"headline":"AKP S\u00f6zc\u00fcs\u00fc \u00d6mer \u00c7elik&#8217;ten Berat Albayrak A\u00e7\u0131klamas\u0131","datePublished":"2020-11-09T17:21:04+00:00","dateModified":"2020-11-09T17:21:06+00:00","mainEntityOfPage":{"@id":"https:\/\/epochtimestr.com\/index.php\/akp-sozcusu-omer-celikten-berat-albayrak-aciklamasi"},"wordCount":203,"publisher":{"@id":"https:\/\/epochtimestr.com\/#organization"},"image":{"@id":"https:\/\/epochtimestr.com\/index.php\/akp-sozcusu-omer-celikten-berat-albayrak-aciklamasi#primaryimage"},"thumbnailUrl":"https:\/\/epochtimestr.com\/wp-content\/uploads\/2011y\/\u00f6mer-\u00e7elik-5.jpg","keywords":["AKP","Berat Albayrak","cumhurba\u015fkan\u0131 recep tayyip erdo\u011fan","\u00d6mer \u00c7elik"],"articleSection":["G\u00dcNDEM","T\u00dcRK\u0130YE"],"inLanguage":"tr"},{"@type":"WebPage","@id":"https:\/\/epochtimestr.com\/index.php\/akp-sozcusu-omer-celikten-berat-albayrak-aciklamasi","url":"https:\/\/epochtimestr.com\/index.php\/akp-sozcusu-omer-celikten-berat-albayrak-aciklamasi","name":"AKP S\u00f6zc\u00fcs\u00fc \u00d6mer \u00c7elik'ten Berat Albayrak A\u00e7\u0131klamas\u0131 - The Epoch Times TR","isPartOf":{"@id":"https:\/\/epochtimestr.com\/#website"},"primaryImageOfPage":{"@id":"https:\/\/epochtimestr.com\/index.php\/akp-sozcusu-omer-celikten-berat-albayrak-aciklamasi#primaryimage"},"image":{"@id":"https:\/\/epochtimestr.com\/index.php\/akp-sozcusu-omer-celikten-berat-albayrak-aciklamasi#primaryimage"},"thumbnailUrl":"https:\/\/epochtimestr.com\/wp-content\/uploads\/2011y\/\u00f6mer-\u00e7elik-5.jpg","datePublished":"2020-11-09T17:21:04+00:00","dateModified":"2020-11-09T17:21:06+00:00","inLanguage":"tr","potentialAction":[{"@type":"ReadAction","target":["https:\/\/epochtimestr.com\/index.php\/akp-sozcusu-omer-celikten-berat-albayrak-aciklamasi"]}]},{"@type":"ImageObject","inLanguage":"tr","@id":"https:\/\/epochtimestr.com\/index.php\/akp-sozcusu-omer-celikten-berat-albayrak-aciklamasi#primaryimage","url":"https:\/\/epochtimestr.com\/wp-content\/uploads\/2011y\/\u00f6mer-\u00e7elik-5.jpg","contentUrl":"https:\/\/epochtimestr.com\/wp-content\/uploads\/2011y\/\u00f6mer-\u00e7elik-5.jpg","width":684,"height":326},{"@type":"WebSite","@id":"https:\/\/epochtimestr.com\/#website","url":"https:\/\/epochtimestr.com\/","name":"The Epoch Times TR","description":"De\u011fi\u015fen D\u00fcnyam\u0131za Taze Bir Bak\u0131\u015f","publisher":{"@id":"https:\/\/epochtimestr.com\/#organization"},"potentialAction":[{"@type":"SearchAction","target":{"@type":"EntryPoint","urlTemplate":"https:\/\/epochtimestr.com\/?s={search_term_string}"},"query-input":"required name=search_term_string"}],"inLanguage":"tr"},{"@type":"Organization","@id":"https:\/\/epochtimestr.com\/#organization","name":"The EpochTimes T\u00fcrkiye","url":"https:\/\/epochtimestr.com\/","logo":{"@type":"ImageObject","inLanguage":"tr","@id":"https:\/\/epochtimestr.com\/#\/schema\/logo\/image\/","url":"https:\/\/epochtimestr.com\/wp-content\/uploads\/2011y\/ET-Logo-YG.jpg","contentUrl":"https:\/\/epochtimestr.com\/wp-content\/uploads\/2011y\/ET-Logo-YG.jpg","width":346,"height":29,"caption":"The EpochTimes T\u00fcrkiye"},"image":{"@id":"https:\/\/epochtimestr.com\/#\/schema\/logo\/image\/"},"sameAs":["https:\/\/www.facebook.com\/theepochtimestr","https:\/\/x.com\/TheEpochTimesTR","https:\/\/www.instagram.com\/epochtimestr"]},{"@type":"Person","@id":"https:\/\/epochtimestr.com\/#\/schema\/person\/98ca9c773997f59c22622a3779f4e684","name":"Seda F.","image":{"@type":"ImageObject","inLanguage":"tr","@id":"https:\/\/epochtimestr.com\/#\/schema\/person\/image\/","url":"https:\/\/secure.gravatar.com\/avatar\/d34ac3562f53286f25d03d9139fb9105?s=96&d=mm&r=g","contentUrl":"https:\/\/secure.gravatar.com\/avatar\/d34ac3562f53286f25d03d9139fb9105?s=96&d=mm&r=g","caption":"Seda F."},"url":"https:\/\/epochtimestr.com\/index.php\/author\/seda-f"}]}},"_links":{"self":[{"href":"https:\/\/epochtimestr.com\/index.php\/wp-json\/wp\/v2\/posts\/130617"}],"collection":[{"href":"https:\/\/epochtimestr.com\/index.php\/wp-json\/wp\/v2\/posts"}],"about":[{"href":"https:\/\/epochtimestr.com\/index.php\/wp-json\/wp\/v2\/types\/post"}],"author":[{"embeddable":true,"href":"https:\/\/epochtimestr.com\/index.php\/wp-json\/wp\/v2\/users\/13971"}],"replies":[{"embeddable":true,"href":"https:\/\/epochtimestr.com\/index.php\/wp-json\/wp\/v2\/comments?post=130617"}],"version-history":[{"count":1,"href":"https:\/\/epochtimestr.com\/index.php\/wp-json\/wp\/v2\/posts\/130617\/revisions"}],"predecessor-version":[{"id":130619,"href":"https:\/\/epochtimestr.com\/index.php\/wp-json\/wp\/v2\/posts\/130617\/revisions\/130619"}],"wp:featuredmedia":[{"embeddable":true,"href":"https:\/\/epochtimestr.com\/index.php\/wp-json\/wp\/v2\/media\/130618"}],"wp:attachment":[{"href":"https:\/\/epochtimestr.com\/index.php\/wp-json\/wp\/v2\/media?parent=130617"}],"wp:term":[{"taxonomy":"category","embeddable":true,"href":"https:\/\/epochtimestr.com\/index.php\/wp-json\/wp\/v2\/categories?post=130617"},{"taxonomy":"post_tag","embeddable":true,"href":"https:\/\/epochtimestr.com\/index.php\/wp-json\/wp\/v2\/tags?post=130617"}],"curies":[{"name":"wp","href":"https:\/\/api.w.org\/{rel}","templated":true}]}}