{"id":130627,"date":"2020-11-09T22:26:11","date_gmt":"2020-11-09T19:26:11","guid":{"rendered":"http:\/\/epochtimestr.com\/?p=130627"},"modified":"2020-11-09T22:29:45","modified_gmt":"2020-11-09T19:29:45","slug":"cumhurbaskanligi-iletisim-baskanligindan-berat-albayrak-ile-ilgili-aciklama","status":"publish","type":"post","link":"https:\/\/epochtimestr.com\/index.php\/cumhurbaskanligi-iletisim-baskanligindan-berat-albayrak-ile-ilgili-aciklama","title":{"rendered":"Cumhurba\u015fkanl\u0131\u011f\u0131 \u0130leti\u015fim Ba\u015fkanl\u0131\u011f\u0131&#8217;ndan Berat Albayrak \u0130le \u0130lgili A\u00e7\u0131klama"},"content":{"rendered":"\n<div class=\"wp-block-image\"><figure class=\"aligncenter size-large\"><img loading=\"lazy\" decoding=\"async\" width=\"600\" height=\"320\" src=\"https:\/\/epochtimestr.com\/wp-content\/uploads\/2011y\/1848836-600x320.jpg\" alt=\"\" class=\"wp-image-99110\" srcset=\"https:\/\/epochtimestr.com\/wp-content\/uploads\/2011y\/1848836-600x320.jpg 600w, https:\/\/epochtimestr.com\/wp-content\/uploads\/2011y\/1848836-150x80.jpg 150w, https:\/\/epochtimestr.com\/wp-content\/uploads\/2011y\/1848836-300x160.jpg 300w, https:\/\/epochtimestr.com\/wp-content\/uploads\/2011y\/1848836-292x156.jpg 292w, https:\/\/epochtimestr.com\/wp-content\/uploads\/2011y\/1848836-638x340.jpg 638w, https:\/\/epochtimestr.com\/wp-content\/uploads\/2011y\/1848836-190x100.jpg 190w, https:\/\/epochtimestr.com\/wp-content\/uploads\/2011y\/1848836-629x335.jpg 629w, https:\/\/epochtimestr.com\/wp-content\/uploads\/2011y\/1848836.jpg 664w\" sizes=\"(max-width: 600px) 100vw, 600px\" \/><\/figure><\/div>\n\n\n\n<h2 class=\"wp-block-heading\">Cumhurba\u015fkanl\u0131\u011f\u0131 \u0130leti\u015fim Ba\u015fkanl\u0131\u011f\u0131&#8217;ndan 27 saat sonra Berat Albayrak ile ilgili a\u00e7\u0131klama yap\u0131ld\u0131.\u00a0<\/h2>\n\n\n\n<p>Cumhurba\u015fkanl\u0131\u011f\u0131 \u0130leti\u015fim Ba\u015fkanl\u0131\u011f\u0131&#8217;ndan yap\u0131lan a\u00e7\u0131klama \u015f\u00f6yledir :<\/p>\n\n\n\n<p>&#8220;T\u00fcrkiye\u2019nin Cumhuriyet tarihindeki en b\u00fcy\u00fck y\u00f6netim reformu olan Cumhurba\u015fkanl\u0131\u011f\u0131 H\u00fck\u00fcmet sistemine ge\u00e7i\u015fin ard\u0131ndan Say\u0131n Cumhurba\u015fkan\u0131m\u0131z kabinesini kurarak milletimizin takdirine sunmu\u015ftur.<\/p>\n\n\n\n<p>Say\u0131n Cumhurba\u015fkan\u0131m\u0131z taraf\u0131ndan kabinede yer verilen bakanlar\u0131m\u0131z, 10 Temmuz 2018 tarihinde Meclis\u2019te yemin ederek resmen g\u00f6revlerine ba\u015flam\u0131\u015flard\u0131r.<\/p>\n\n\n\n<p>Daha \u00f6nceki h\u00fck\u00fcmette Enerji ve Tabii Kaynaklar Bakanl\u0131\u011f\u0131 yapan \u0130stanbul Milletvekili Berat Albayrak, Cumhuriyetimizin 66\u2019nc\u0131 H\u00fck\u00fcmeti olan bu kabinede Hazine ve Maliye Bakan\u0131 olarak yer alm\u0131\u015ft\u0131r.<\/p>\n\n\n\n<p>B\u00f6lgesel ve k\u00fcresel siyasi krizlere ilave olarak koronavir\u00fcs salg\u0131n\u0131 sebebiyle geli\u015fmi\u015f devletlerin dahi ciddi ekonomik s\u0131k\u0131nt\u0131lar ya\u015fad\u0131\u011f\u0131 bir d\u00f6nemde Hazine ve Maliye Bakan\u0131 Berat Albayrak\u2019\u0131n gayretleriyle \u00fclkemiz, bu kritik s\u00fcre\u00e7te olabilecek en az hasarla yoluna devam etmi\u015f, say\u0131n bakan\u0131m\u0131z\u0131n ba\u015far\u0131lar\u0131 say\u0131n Cumhurba\u015fkan\u0131m\u0131z taraf\u0131ndan takdir edilmi\u015ftir.<\/p>\n\n\n\n<p>Bilindi\u011fi gibi 8 Kas\u0131m 2020 Pazar ak\u015fam\u0131, Hazine ve Maliye Bakan\u0131m\u0131z Berat Albayrak, sosyal medya hesaplar\u0131ndan birinde sa\u011fl\u0131k nedenleriyle g\u00f6revden aff\u0131n\u0131 isteyen bir a\u00e7\u0131klama yay\u0131nlam\u0131\u015ft\u0131r.<\/p>\n\n\n\n<p>Cumhurba\u015fkan\u0131m\u0131z taraf\u0131ndan yap\u0131lan de\u011ferlendirme sonunda Hazine ve Maliye Bakan\u0131 Berat Albayrak\u2019\u0131n g\u00f6revden af talebi kabul edilmi\u015ftir.&#8221;<\/p>\n","protected":false},"excerpt":{"rendered":"<p>Cumhurba\u015fkanl\u0131\u011f\u0131 \u0130leti\u015fim Ba\u015fkanl\u0131\u011f\u0131&#8217;ndan 27 saat sonra Berat Albayrak ile ilgili a\u00e7\u0131klama yap\u0131ld\u0131.\u00a0 Cumhurba\u015fkanl\u0131\u011f\u0131 \u0130leti\u015fim Ba\u015fkanl\u0131\u011f\u0131&#8217;ndan yap\u0131lan a\u00e7\u0131klama \u015f\u00f6yledir : &#8220;T\u00fcrkiye\u2019nin Cumhuriyet tarihindeki en b\u00fcy\u00fck y\u00f6netim reformu olan Cumhurba\u015fkanl\u0131\u011f\u0131 H\u00fck\u00fcmet sistemine ge\u00e7i\u015fin ard\u0131ndan Say\u0131n Cumhurba\u015fkan\u0131m\u0131z kabinesini kurarak milletimizin takdirine sunmu\u015ftur. Say\u0131n Cumhurba\u015fkan\u0131m\u0131z taraf\u0131ndan kabinede yer verilen bakanlar\u0131m\u0131z, 10 Temmuz 2018 tarihinde Meclis\u2019te yemin ederek resmen g\u00f6revlerine [&hellip;]<\/p>\n","protected":false},"author":13971,"featured_media":99110,"comment_status":"closed","ping_status":"open","sticky":false,"template":"","format":"standard","meta":{"_yoast_wpseo_focuskw":"","_yoast_wpseo_title":"","_yoast_wpseo_metadesc":"","_bbp_topic_count":0,"_bbp_reply_count":0,"_bbp_total_topic_count":0,"_bbp_total_reply_count":0,"_bbp_voice_count":0,"_bbp_anonymous_reply_count":0,"_bbp_topic_count_hidden":0,"_bbp_reply_count_hidden":0,"_bbp_forum_subforum_count":0,"footnotes":"","_yoast_wpseo_focuskw_text_input":""},"categories":[1,37],"tags":[5894,4799,7442,7460],"yoast_head":"<!-- This site is optimized with the Yoast SEO plugin v23.0 - https:\/\/yoast.com\/wordpress\/plugins\/seo\/ -->\n<title>Cumhurba\u015fkanl\u0131\u011f\u0131 \u0130leti\u015fim Ba\u015fkanl\u0131\u011f\u0131&#039;ndan Berat Albayrak \u0130le \u0130lgili A\u00e7\u0131klama - The Epoch Times TR<\/title>\n<meta name=\"robots\" content=\"index, follow, max-snippet:-1, max-image-preview:large, max-video-preview:-1\" \/>\n<link rel=\"canonical\" href=\"https:\/\/epochtimestr.com\/index.php\/cumhurbaskanligi-iletisim-baskanligindan-berat-albayrak-ile-ilgili-aciklama\" \/>\n<meta property=\"og:locale\" content=\"tr_TR\" \/>\n<meta property=\"og:type\" content=\"article\" \/>\n<meta property=\"og:title\" content=\"Cumhurba\u015fkanl\u0131\u011f\u0131 \u0130leti\u015fim Ba\u015fkanl\u0131\u011f\u0131&#039;ndan Berat Albayrak \u0130le \u0130lgili A\u00e7\u0131klama - The Epoch Times TR\" \/>\n<meta property=\"og:description\" content=\"Cumhurba\u015fkanl\u0131\u011f\u0131 \u0130leti\u015fim Ba\u015fkanl\u0131\u011f\u0131&#8217;ndan 27 saat sonra Berat Albayrak ile ilgili a\u00e7\u0131klama yap\u0131ld\u0131.\u00a0 Cumhurba\u015fkanl\u0131\u011f\u0131 \u0130leti\u015fim Ba\u015fkanl\u0131\u011f\u0131&#8217;ndan yap\u0131lan a\u00e7\u0131klama \u015f\u00f6yledir : &#8220;T\u00fcrkiye\u2019nin Cumhuriyet tarihindeki en b\u00fcy\u00fck y\u00f6netim reformu olan Cumhurba\u015fkanl\u0131\u011f\u0131 H\u00fck\u00fcmet sistemine ge\u00e7i\u015fin ard\u0131ndan Say\u0131n Cumhurba\u015fkan\u0131m\u0131z kabinesini kurarak milletimizin takdirine sunmu\u015ftur. Say\u0131n Cumhurba\u015fkan\u0131m\u0131z taraf\u0131ndan kabinede yer verilen bakanlar\u0131m\u0131z, 10 Temmuz 2018 tarihinde Meclis\u2019te yemin ederek resmen g\u00f6revlerine [&hellip;]\" \/>\n<meta property=\"og:url\" content=\"https:\/\/epochtimestr.com\/index.php\/cumhurbaskanligi-iletisim-baskanligindan-berat-albayrak-ile-ilgili-aciklama\" \/>\n<meta property=\"og:site_name\" content=\"The Epoch Times TR\" \/>\n<meta property=\"article:publisher\" content=\"https:\/\/www.facebook.com\/theepochtimestr\" \/>\n<meta property=\"article:published_time\" content=\"2020-11-09T19:26:11+00:00\" \/>\n<meta property=\"article:modified_time\" content=\"2020-11-09T19:29:45+00:00\" \/>\n<meta property=\"og:image\" content=\"https:\/\/epochtimestr.com\/wp-content\/uploads\/2011y\/1848836.jpg\" \/>\n\t<meta property=\"og:image:width\" content=\"664\" \/>\n\t<meta property=\"og:image:height\" content=\"354\" \/>\n\t<meta property=\"og:image:type\" content=\"image\/jpeg\" \/>\n<meta name=\"author\" content=\"Seda F.\" \/>\n<meta name=\"twitter:card\" content=\"summary_large_image\" \/>\n<meta name=\"twitter:creator\" content=\"@TheEpochTimesTR\" \/>\n<meta name=\"twitter:site\" content=\"@TheEpochTimesTR\" \/>\n<meta name=\"twitter:label1\" content=\"Yazan:\" \/>\n\t<meta name=\"twitter:data1\" content=\"Seda F.\" \/>\n\t<meta name=\"twitter:label2\" content=\"Tahmini okuma s\u00fcresi\" \/>\n\t<meta name=\"twitter:data2\" content=\"1 dakika\" \/>\n<script type=\"application\/ld+json\" class=\"yoast-schema-graph\">{\"@context\":\"https:\/\/schema.org\",\"@graph\":[{\"@type\":\"Article\",\"@id\":\"https:\/\/epochtimestr.com\/index.php\/cumhurbaskanligi-iletisim-baskanligindan-berat-albayrak-ile-ilgili-aciklama#article\",\"isPartOf\":{\"@id\":\"https:\/\/epochtimestr.com\/index.php\/cumhurbaskanligi-iletisim-baskanligindan-berat-albayrak-ile-ilgili-aciklama\"},\"author\":{\"name\":\"Seda F.\",\"@id\":\"https:\/\/epochtimestr.com\/#\/schema\/person\/98ca9c773997f59c22622a3779f4e684\"},\"headline\":\"Cumhurba\u015fkanl\u0131\u011f\u0131 \u0130leti\u015fim Ba\u015fkanl\u0131\u011f\u0131&#8217;ndan Berat Albayrak \u0130le \u0130lgili A\u00e7\u0131klama\",\"datePublished\":\"2020-11-09T19:26:11+00:00\",\"dateModified\":\"2020-11-09T19:29:45+00:00\",\"mainEntityOfPage\":{\"@id\":\"https:\/\/epochtimestr.com\/index.php\/cumhurbaskanligi-iletisim-baskanligindan-berat-albayrak-ile-ilgili-aciklama\"},\"wordCount\":269,\"publisher\":{\"@id\":\"https:\/\/epochtimestr.com\/#organization\"},\"image\":{\"@id\":\"https:\/\/epochtimestr.com\/index.php\/cumhurbaskanligi-iletisim-baskanligindan-berat-albayrak-ile-ilgili-aciklama#primaryimage\"},\"thumbnailUrl\":\"https:\/\/epochtimestr.com\/wp-content\/uploads\/2011y\/1848836.jpg\",\"keywords\":[\"Berat Albayrak\",\"cumhurba\u015fkan\u0131 recep tayyip erdo\u011fan\",\"cumhurba\u015fkanl\u0131\u011f\u0131 ileti\u015fim ba\u015fkanl\u0131\u011f\u0131\",\"hazine ve maliye bakanl\u0131\u011f\u0131\"],\"articleSection\":[\"G\u00dcNDEM\",\"T\u00dcRK\u0130YE\"],\"inLanguage\":\"tr\"},{\"@type\":\"WebPage\",\"@id\":\"https:\/\/epochtimestr.com\/index.php\/cumhurbaskanligi-iletisim-baskanligindan-berat-albayrak-ile-ilgili-aciklama\",\"url\":\"https:\/\/epochtimestr.com\/index.php\/cumhurbaskanligi-iletisim-baskanligindan-berat-albayrak-ile-ilgili-aciklama\",\"name\":\"Cumhurba\u015fkanl\u0131\u011f\u0131 \u0130leti\u015fim Ba\u015fkanl\u0131\u011f\u0131'ndan Berat Albayrak \u0130le \u0130lgili A\u00e7\u0131klama - The Epoch Times TR\",\"isPartOf\":{\"@id\":\"https:\/\/epochtimestr.com\/#website\"},\"primaryImageOfPage\":{\"@id\":\"https:\/\/epochtimestr.com\/index.php\/cumhurbaskanligi-iletisim-baskanligindan-berat-albayrak-ile-ilgili-aciklama#primaryimage\"},\"image\":{\"@id\":\"https:\/\/epochtimestr.com\/index.php\/cumhurbaskanligi-iletisim-baskanligindan-berat-albayrak-ile-ilgili-aciklama#primaryimage\"},\"thumbnailUrl\":\"https:\/\/epochtimestr.com\/wp-content\/uploads\/2011y\/1848836.jpg\",\"datePublished\":\"2020-11-09T19:26:11+00:00\",\"dateModified\":\"2020-11-09T19:29:45+00:00\",\"inLanguage\":\"tr\",\"potentialAction\":[{\"@type\":\"ReadAction\",\"target\":[\"https:\/\/epochtimestr.com\/index.php\/cumhurbaskanligi-iletisim-baskanligindan-berat-albayrak-ile-ilgili-aciklama\"]}]},{\"@type\":\"ImageObject\",\"inLanguage\":\"tr\",\"@id\":\"https:\/\/epochtimestr.com\/index.php\/cumhurbaskanligi-iletisim-baskanligindan-berat-albayrak-ile-ilgili-aciklama#primaryimage\",\"url\":\"https:\/\/epochtimestr.com\/wp-content\/uploads\/2011y\/1848836.jpg\",\"contentUrl\":\"https:\/\/epochtimestr.com\/wp-content\/uploads\/2011y\/1848836.jpg\",\"width\":664,\"height\":354},{\"@type\":\"WebSite\",\"@id\":\"https:\/\/epochtimestr.com\/#website\",\"url\":\"https:\/\/epochtimestr.com\/\",\"name\":\"The Epoch Times TR\",\"description\":\"De\u011fi\u015fen D\u00fcnyam\u0131za Taze Bir Bak\u0131\u015f\",\"publisher\":{\"@id\":\"https:\/\/epochtimestr.com\/#organization\"},\"potentialAction\":[{\"@type\":\"SearchAction\",\"target\":{\"@type\":\"EntryPoint\",\"urlTemplate\":\"https:\/\/epochtimestr.com\/?s={search_term_string}\"},\"query-input\":\"required name=search_term_string\"}],\"inLanguage\":\"tr\"},{\"@type\":\"Organization\",\"@id\":\"https:\/\/epochtimestr.com\/#organization\",\"name\":\"The EpochTimes T\u00fcrkiye\",\"url\":\"https:\/\/epochtimestr.com\/\",\"logo\":{\"@type\":\"ImageObject\",\"inLanguage\":\"tr\",\"@id\":\"https:\/\/epochtimestr.com\/#\/schema\/logo\/image\/\",\"url\":\"https:\/\/epochtimestr.com\/wp-content\/uploads\/2011y\/ET-Logo-YG.jpg\",\"contentUrl\":\"https:\/\/epochtimestr.com\/wp-content\/uploads\/2011y\/ET-Logo-YG.jpg\",\"width\":346,\"height\":29,\"caption\":\"The EpochTimes T\u00fcrkiye\"},\"image\":{\"@id\":\"https:\/\/epochtimestr.com\/#\/schema\/logo\/image\/\"},\"sameAs\":[\"https:\/\/www.facebook.com\/theepochtimestr\",\"https:\/\/x.com\/TheEpochTimesTR\",\"https:\/\/www.instagram.com\/epochtimestr\"]},{\"@type\":\"Person\",\"@id\":\"https:\/\/epochtimestr.com\/#\/schema\/person\/98ca9c773997f59c22622a3779f4e684\",\"name\":\"Seda F.\",\"image\":{\"@type\":\"ImageObject\",\"inLanguage\":\"tr\",\"@id\":\"https:\/\/epochtimestr.com\/#\/schema\/person\/image\/\",\"url\":\"https:\/\/secure.gravatar.com\/avatar\/d34ac3562f53286f25d03d9139fb9105?s=96&d=mm&r=g\",\"contentUrl\":\"https:\/\/secure.gravatar.com\/avatar\/d34ac3562f53286f25d03d9139fb9105?s=96&d=mm&r=g\",\"caption\":\"Seda F.\"},\"url\":\"https:\/\/epochtimestr.com\/index.php\/author\/seda-f\"}]}<\/script>\n<!-- \/ Yoast SEO plugin. -->","yoast_head_json":{"title":"Cumhurba\u015fkanl\u0131\u011f\u0131 \u0130leti\u015fim Ba\u015fkanl\u0131\u011f\u0131'ndan Berat Albayrak \u0130le \u0130lgili A\u00e7\u0131klama - The Epoch Times TR","robots":{"index":"index","follow":"follow","max-snippet":"max-snippet:-1","max-image-preview":"max-image-preview:large","max-video-preview":"max-video-preview:-1"},"canonical":"https:\/\/epochtimestr.com\/index.php\/cumhurbaskanligi-iletisim-baskanligindan-berat-albayrak-ile-ilgili-aciklama","og_locale":"tr_TR","og_type":"article","og_title":"Cumhurba\u015fkanl\u0131\u011f\u0131 \u0130leti\u015fim Ba\u015fkanl\u0131\u011f\u0131'ndan Berat Albayrak \u0130le \u0130lgili A\u00e7\u0131klama - The Epoch Times TR","og_description":"Cumhurba\u015fkanl\u0131\u011f\u0131 \u0130leti\u015fim Ba\u015fkanl\u0131\u011f\u0131&#8217;ndan 27 saat sonra Berat Albayrak ile ilgili a\u00e7\u0131klama yap\u0131ld\u0131.\u00a0 Cumhurba\u015fkanl\u0131\u011f\u0131 \u0130leti\u015fim Ba\u015fkanl\u0131\u011f\u0131&#8217;ndan yap\u0131lan a\u00e7\u0131klama \u015f\u00f6yledir : &#8220;T\u00fcrkiye\u2019nin Cumhuriyet tarihindeki en b\u00fcy\u00fck y\u00f6netim reformu olan Cumhurba\u015fkanl\u0131\u011f\u0131 H\u00fck\u00fcmet sistemine ge\u00e7i\u015fin ard\u0131ndan Say\u0131n Cumhurba\u015fkan\u0131m\u0131z kabinesini kurarak milletimizin takdirine sunmu\u015ftur. Say\u0131n Cumhurba\u015fkan\u0131m\u0131z taraf\u0131ndan kabinede yer verilen bakanlar\u0131m\u0131z, 10 Temmuz 2018 tarihinde Meclis\u2019te yemin ederek resmen g\u00f6revlerine [&hellip;]","og_url":"https:\/\/epochtimestr.com\/index.php\/cumhurbaskanligi-iletisim-baskanligindan-berat-albayrak-ile-ilgili-aciklama","og_site_name":"The Epoch Times TR","article_publisher":"https:\/\/www.facebook.com\/theepochtimestr","article_published_time":"2020-11-09T19:26:11+00:00","article_modified_time":"2020-11-09T19:29:45+00:00","og_image":[{"width":664,"height":354,"url":"https:\/\/epochtimestr.com\/wp-content\/uploads\/2011y\/1848836.jpg","type":"image\/jpeg"}],"author":"Seda F.","twitter_card":"summary_large_image","twitter_creator":"@TheEpochTimesTR","twitter_site":"@TheEpochTimesTR","twitter_misc":{"Yazan:":"Seda F.","Tahmini okuma s\u00fcresi":"1 dakika"},"schema":{"@context":"https:\/\/schema.org","@graph":[{"@type":"Article","@id":"https:\/\/epochtimestr.com\/index.php\/cumhurbaskanligi-iletisim-baskanligindan-berat-albayrak-ile-ilgili-aciklama#article","isPartOf":{"@id":"https:\/\/epochtimestr.com\/index.php\/cumhurbaskanligi-iletisim-baskanligindan-berat-albayrak-ile-ilgili-aciklama"},"author":{"name":"Seda F.","@id":"https:\/\/epochtimestr.com\/#\/schema\/person\/98ca9c773997f59c22622a3779f4e684"},"headline":"Cumhurba\u015fkanl\u0131\u011f\u0131 \u0130leti\u015fim Ba\u015fkanl\u0131\u011f\u0131&#8217;ndan Berat Albayrak \u0130le \u0130lgili A\u00e7\u0131klama","datePublished":"2020-11-09T19:26:11+00:00","dateModified":"2020-11-09T19:29:45+00:00","mainEntityOfPage":{"@id":"https:\/\/epochtimestr.com\/index.php\/cumhurbaskanligi-iletisim-baskanligindan-berat-albayrak-ile-ilgili-aciklama"},"wordCount":269,"publisher":{"@id":"https:\/\/epochtimestr.com\/#organization"},"image":{"@id":"https:\/\/epochtimestr.com\/index.php\/cumhurbaskanligi-iletisim-baskanligindan-berat-albayrak-ile-ilgili-aciklama#primaryimage"},"thumbnailUrl":"https:\/\/epochtimestr.com\/wp-content\/uploads\/2011y\/1848836.jpg","keywords":["Berat Albayrak","cumhurba\u015fkan\u0131 recep tayyip erdo\u011fan","cumhurba\u015fkanl\u0131\u011f\u0131 ileti\u015fim ba\u015fkanl\u0131\u011f\u0131","hazine ve maliye bakanl\u0131\u011f\u0131"],"articleSection":["G\u00dcNDEM","T\u00dcRK\u0130YE"],"inLanguage":"tr"},{"@type":"WebPage","@id":"https:\/\/epochtimestr.com\/index.php\/cumhurbaskanligi-iletisim-baskanligindan-berat-albayrak-ile-ilgili-aciklama","url":"https:\/\/epochtimestr.com\/index.php\/cumhurbaskanligi-iletisim-baskanligindan-berat-albayrak-ile-ilgili-aciklama","name":"Cumhurba\u015fkanl\u0131\u011f\u0131 \u0130leti\u015fim Ba\u015fkanl\u0131\u011f\u0131'ndan Berat Albayrak \u0130le \u0130lgili A\u00e7\u0131klama - The Epoch Times TR","isPartOf":{"@id":"https:\/\/epochtimestr.com\/#website"},"primaryImageOfPage":{"@id":"https:\/\/epochtimestr.com\/index.php\/cumhurbaskanligi-iletisim-baskanligindan-berat-albayrak-ile-ilgili-aciklama#primaryimage"},"image":{"@id":"https:\/\/epochtimestr.com\/index.php\/cumhurbaskanligi-iletisim-baskanligindan-berat-albayrak-ile-ilgili-aciklama#primaryimage"},"thumbnailUrl":"https:\/\/epochtimestr.com\/wp-content\/uploads\/2011y\/1848836.jpg","datePublished":"2020-11-09T19:26:11+00:00","dateModified":"2020-11-09T19:29:45+00:00","inLanguage":"tr","potentialAction":[{"@type":"ReadAction","target":["https:\/\/epochtimestr.com\/index.php\/cumhurbaskanligi-iletisim-baskanligindan-berat-albayrak-ile-ilgili-aciklama"]}]},{"@type":"ImageObject","inLanguage":"tr","@id":"https:\/\/epochtimestr.com\/index.php\/cumhurbaskanligi-iletisim-baskanligindan-berat-albayrak-ile-ilgili-aciklama#primaryimage","url":"https:\/\/epochtimestr.com\/wp-content\/uploads\/2011y\/1848836.jpg","contentUrl":"https:\/\/epochtimestr.com\/wp-content\/uploads\/2011y\/1848836.jpg","width":664,"height":354},{"@type":"WebSite","@id":"https:\/\/epochtimestr.com\/#website","url":"https:\/\/epochtimestr.com\/","name":"The Epoch Times TR","description":"De\u011fi\u015fen D\u00fcnyam\u0131za Taze Bir Bak\u0131\u015f","publisher":{"@id":"https:\/\/epochtimestr.com\/#organization"},"potentialAction":[{"@type":"SearchAction","target":{"@type":"EntryPoint","urlTemplate":"https:\/\/epochtimestr.com\/?s={search_term_string}"},"query-input":"required name=search_term_string"}],"inLanguage":"tr"},{"@type":"Organization","@id":"https:\/\/epochtimestr.com\/#organization","name":"The EpochTimes T\u00fcrkiye","url":"https:\/\/epochtimestr.com\/","logo":{"@type":"ImageObject","inLanguage":"tr","@id":"https:\/\/epochtimestr.com\/#\/schema\/logo\/image\/","url":"https:\/\/epochtimestr.com\/wp-content\/uploads\/2011y\/ET-Logo-YG.jpg","contentUrl":"https:\/\/epochtimestr.com\/wp-content\/uploads\/2011y\/ET-Logo-YG.jpg","width":346,"height":29,"caption":"The EpochTimes T\u00fcrkiye"},"image":{"@id":"https:\/\/epochtimestr.com\/#\/schema\/logo\/image\/"},"sameAs":["https:\/\/www.facebook.com\/theepochtimestr","https:\/\/x.com\/TheEpochTimesTR","https:\/\/www.instagram.com\/epochtimestr"]},{"@type":"Person","@id":"https:\/\/epochtimestr.com\/#\/schema\/person\/98ca9c773997f59c22622a3779f4e684","name":"Seda F.","image":{"@type":"ImageObject","inLanguage":"tr","@id":"https:\/\/epochtimestr.com\/#\/schema\/person\/image\/","url":"https:\/\/secure.gravatar.com\/avatar\/d34ac3562f53286f25d03d9139fb9105?s=96&d=mm&r=g","contentUrl":"https:\/\/secure.gravatar.com\/avatar\/d34ac3562f53286f25d03d9139fb9105?s=96&d=mm&r=g","caption":"Seda F."},"url":"https:\/\/epochtimestr.com\/index.php\/author\/seda-f"}]}},"_links":{"self":[{"href":"https:\/\/epochtimestr.com\/index.php\/wp-json\/wp\/v2\/posts\/130627"}],"collection":[{"href":"https:\/\/epochtimestr.com\/index.php\/wp-json\/wp\/v2\/posts"}],"about":[{"href":"https:\/\/epochtimestr.com\/index.php\/wp-json\/wp\/v2\/types\/post"}],"author":[{"embeddable":true,"href":"https:\/\/epochtimestr.com\/index.php\/wp-json\/wp\/v2\/users\/13971"}],"replies":[{"embeddable":true,"href":"https:\/\/epochtimestr.com\/index.php\/wp-json\/wp\/v2\/comments?post=130627"}],"version-history":[{"count":3,"href":"https:\/\/epochtimestr.com\/index.php\/wp-json\/wp\/v2\/posts\/130627\/revisions"}],"predecessor-version":[{"id":130630,"href":"https:\/\/epochtimestr.com\/index.php\/wp-json\/wp\/v2\/posts\/130627\/revisions\/130630"}],"wp:featuredmedia":[{"embeddable":true,"href":"https:\/\/epochtimestr.com\/index.php\/wp-json\/wp\/v2\/media\/99110"}],"wp:attachment":[{"href":"https:\/\/epochtimestr.com\/index.php\/wp-json\/wp\/v2\/media?parent=130627"}],"wp:term":[{"taxonomy":"category","embeddable":true,"href":"https:\/\/epochtimestr.com\/index.php\/wp-json\/wp\/v2\/categories?post=130627"},{"taxonomy":"post_tag","embeddable":true,"href":"https:\/\/epochtimestr.com\/index.php\/wp-json\/wp\/v2\/tags?post=130627"}],"curies":[{"name":"wp","href":"https:\/\/api.w.org\/{rel}","templated":true}]}}