{"id":130631,"date":"2020-11-10T04:02:08","date_gmt":"2020-11-10T01:02:08","guid":{"rendered":"http:\/\/epochtimestr.com\/?p=130631"},"modified":"2023-02-06T03:07:11","modified_gmt":"2023-02-06T00:07:11","slug":"milli-matem-82-yildir-devam-ediyor","status":"publish","type":"post","link":"https:\/\/epochtimestr.com\/index.php\/milli-matem-82-yildir-devam-ediyor","title":{"rendered":"Milli Matem 82 Y\u0131ld\u0131r Devam Ediyor"},"content":{"rendered":"\n<div class=\"wp-block-image\"><figure class=\"aligncenter size-large\"><img loading=\"lazy\" decoding=\"async\" width=\"532\" height=\"400\" src=\"https:\/\/epochtimestr.com\/wp-content\/uploads\/2011y\/Atat\u00fcrk_masa_ba\u015f\u0131nda-532x400.jpg\" alt=\"\" class=\"wp-image-130635\" srcset=\"https:\/\/epochtimestr.com\/wp-content\/uploads\/2011y\/Atat\u00fcrk_masa_ba\u015f\u0131nda-532x400.jpg 532w, https:\/\/epochtimestr.com\/wp-content\/uploads\/2011y\/Atat\u00fcrk_masa_ba\u015f\u0131nda-300x226.jpg 300w, https:\/\/epochtimestr.com\/wp-content\/uploads\/2011y\/Atat\u00fcrk_masa_ba\u015f\u0131nda-150x113.jpg 150w, https:\/\/epochtimestr.com\/wp-content\/uploads\/2011y\/Atat\u00fcrk_masa_ba\u015f\u0131nda-86x64.jpg 86w, https:\/\/epochtimestr.com\/wp-content\/uploads\/2011y\/Atat\u00fcrk_masa_ba\u015f\u0131nda.jpg 650w\" sizes=\"(max-width: 532px) 100vw, 532px\" \/><figcaption>Foto\u011fraf; Wikimedia Commons<\/figcaption><\/figure><\/div>\n\n\n\n<h2 class=\"wp-block-heading\">Mustafa Kemal Atat\u00fcrk, 10 Kas\u0131m 1938\u2019de saat 09.05\u2019te hayata g\u00f6zlerini yumdu.&nbsp;<\/h2>\n\n\n\n<p>10 Kas\u0131m 1938 tarihi 82. y\u0131l\u0131nda t\u00fcm \u00fclkede an\u0131l\u0131yor. Saat 9.05&#8217;te her y\u0131l oldu\u011fu gibi sirenler \u00e7alacak ve bunu duyan vatanda\u015flar i\u015flerini b\u0131rak\u0131p 1 dakika boyunca sayg\u0131 duru\u015funda duracak. <\/p>\n\n\n\n<p>Halk\u0131na ve b\u00fct\u00fcn d\u00fcnya insanlar\u0131na de\u011fer vermesiyle bilinen Ulu \u00d6nder Atat\u00fcrk,  \u00f6l\u00fcm\u00fcyle kendi halk\u0131n\u0131 g\u00fcnlerce hatta aylarca derin yasa bo\u011fdu. E\u011fitime verdi\u011fi \u00f6nem, kad\u0131na verdi\u011fi de\u011fer, ya\u015fayan her canl\u0131ya duydu\u011fu sevgi ve sava\u015ft\u0131\u011f\u0131 d\u00fc\u015fman askerlerine bile duydu\u011fu sayg\u0131 ve sahiplenicili\u011fi ile b\u00fct\u00fcn d\u00fcnyan\u0131n \u00f6rnek ald\u0131\u011f\u0131 bir lider oldu. <\/p>\n\n\n\n<p>Kendi \u00fclkesinin refah\u0131 i\u00e7in dur durak bilmeden \u00e7al\u0131\u015fmas\u0131, halk\u0131n\u0131n gelece\u011fi ve \u00f6zg\u00fcrl\u00fc\u011f\u00fc i\u00e7in can\u0131n\u0131 hi\u00e7e saymas\u0131, duydu\u011fu derin sevgi ile onca orduyu pe\u015finden s\u00fcr\u00fcklemesi ve gelecek nesle topraklar\u0131 korumas\u0131 i\u00e7in onlarca kez sava\u015fmas\u0131 ve daha niceleri&#8230;.<\/p>\n\n\n\n<p>Mustafa Kemal Atat\u00fcrk b\u00f6ylesine b\u00fcy\u00fck bir kalbi sayesinde 57 y\u0131ll\u0131k hayat\u0131na koca bir tarih yazd\u0131. <\/p>\n\n\n\n<p><strong>Atat\u00fcrk&#8217;\u00fcn \u00d6l\u00fcm\u00fc<\/strong><\/p>\n\n\n\n<p>1938 ba\u015flar\u0131nda i\u015ftahs\u0131zl\u0131k ve halsizlik hissetmeye ba\u015flamas\u0131, v\u00fccudunun belirli yerlerinde ka\u015f\u0131nt\u0131 meydana gelmesi ve yo\u011fun burun kanamalar\u0131 ile 22 Ocak g\u00fcn\u00fc Atat\u00fcrk&#8217;e siroz te\u015fhisi kondu.  \u0130lerleyen rahats\u0131zl\u0131\u011f\u0131 d\u00fcnyada geni\u015f yank\u0131 buldu. <\/p>\n\n\n\n<p>Atat\u00fcrk her \u015feye ra\u011fmen d\u00fcnyaya sa\u011fl\u0131kl\u0131 oldu\u011funu g\u00f6stermek ve onlara g\u00fcven vermek isteyerek &nbsp;19 May\u0131s 1938 g\u00fcn\u00fc (Samsun&#8217;a \u00e7\u0131k\u0131\u015f\u0131n\u0131n 19. y\u0131ld\u00f6n\u00fcm\u00fcnde) Ankara Stadyumu&#8217;nda halk\u0131n kar\u015f\u0131s\u0131na \u00e7\u0131kt\u0131.&nbsp;Bu, Ankaral\u0131lar\u0131n kar\u015f\u0131s\u0131na son kez \u00e7\u0131k\u0131\u015f\u0131 oldu.<\/p>\n\n\n\n<div class=\"wp-block-image\"><figure class=\"aligncenter size-large\"><img loading=\"lazy\" decoding=\"async\" width=\"538\" height=\"400\" src=\"https:\/\/epochtimestr.com\/wp-content\/uploads\/2011y\/Atat\u00fcrk_and_Ljubomir_Mari\u0107-19-May\u0131s-Wikimedia-538x400.jpg\" alt=\"\" class=\"wp-image-130632\" srcset=\"https:\/\/epochtimestr.com\/wp-content\/uploads\/2011y\/Atat\u00fcrk_and_Ljubomir_Mari\u0107-19-May\u0131s-Wikimedia-538x400.jpg 538w, https:\/\/epochtimestr.com\/wp-content\/uploads\/2011y\/Atat\u00fcrk_and_Ljubomir_Mari\u0107-19-May\u0131s-Wikimedia-300x223.jpg 300w, https:\/\/epochtimestr.com\/wp-content\/uploads\/2011y\/Atat\u00fcrk_and_Ljubomir_Mari\u0107-19-May\u0131s-Wikimedia-150x112.jpg 150w, https:\/\/epochtimestr.com\/wp-content\/uploads\/2011y\/Atat\u00fcrk_and_Ljubomir_Mari\u0107-19-May\u0131s-Wikimedia-86x64.jpg 86w, https:\/\/epochtimestr.com\/wp-content\/uploads\/2011y\/Atat\u00fcrk_and_Ljubomir_Mari\u0107-19-May\u0131s-Wikimedia.jpg 753w\" sizes=\"(max-width: 538px) 100vw, 538px\" \/><figcaption>Foto\u011fraf; Wikipedia <\/figcaption><\/figure><\/div>\n\n\n\n<p>5 Eyl\u00fcl g\u00fcn\u00fc vasiyetini yazd\u0131. \u00dclke ekonomisi i\u00e7in \u00e7ok \u00f6nem ta\u015f\u0131yan projelerin ger\u00e7ekle\u015ftirilmesi i\u00e7in T\u00fcrkiye&#8217;nin \u00f6n\u00fcnde en fazla \u00fc\u00e7 y\u0131l oldu\u011funu, bir d\u00fcnya sava\u015f\u0131 \u00e7\u0131kaca\u011f\u0131n\u0131 ve bir an \u00f6nce bu projelerin hayata ge\u00e7irilmesini istedi.<\/p>\n\n\n\n<p>16 Ekim 1938 g\u00fcn\u00fc \u00f6\u011fleden sonra Atat\u00fcrk a\u011f\u0131r bir komaya girdi,&nbsp;21 Ekim g\u00fcn\u00fc \u00e7\u0131kt\u0131. 29 Ekim g\u00fcn\u00fc Ankara&#8217;da Cumhuriyetin 15. y\u0131l\u0131 kutlamalar\u0131na kat\u0131lmak \u00e7ok istedi ama olmad\u0131.<\/p>\n\n\n\n<p>Son g\u00fcnlerine dair Cumhurba\u015fkan\u0131 Genel Sekreteri Hasan R\u0131za Soyak anlat\u0131yor;<\/p>\n\n\n\n<div class=\"wp-block-group\"><div class=\"wp-block-group__inner-container is-layout-flow wp-block-group-is-layout-flow\">\n<div class=\"wp-block-group\"><div class=\"wp-block-group__inner-container is-layout-flow wp-block-group-is-layout-flow\">\n<blockquote class=\"wp-block-quote is-layout-flow wp-block-quote-is-layout-flow\"><p>&#8220;Saat 18.00&#8217;den sonra yan\u0131ndan ayr\u0131l\u0131p, g\u00fcnl\u00fck i\u015flerimle me\u015fgul olmak \u00fczere b\u00fcroma inmi\u015ftim; \u00e7ok ge\u00e7meden fenala\u015ft\u0131\u011f\u0131n\u0131 telefonla bildirdiler (saat 18.55). Tela\u015fla husus\u00ee daireye ko\u015ftum; yatak odas\u0131n\u0131n i\u00e7 i\u00e7e olan iki kap\u0131s\u0131 aras\u0131ndaki bo\u015flukta Ali K\u0131l\u0131\u00e7 duruyordu. Odaya girdi\u011fim zaman Atat\u00fcrk&#8217;\u00fc \u015fu vaziyette g\u00f6rd\u00fcm: Yata\u011f\u0131n ortas\u0131nda, iki elini yanlar\u0131na dayam\u0131\u015f, oturuyor ve m\u00fctemadiyen \u00f6\u011f\u00fcrerek: &#8220;Allah kahretsin&#8221; diye s\u00f6yleniyordu; ara s\u0131ra da hizmet\u00e7ilerin tuttuklar\u0131 tasa koyu kahverengi bir mayi (p\u0131ht\u0131la\u015fm\u0131\u015f kan) \u00e7\u0131kar\u0131yordu.<\/p><p>N\u00f6bet\u00e7i Doktor Abrevaya ile o s\u0131rada yeti\u015fen Prof. Dr. Ne\u015fet \u00d6mer \u0130rdelp kendisine yine bir taraftan baz\u0131 ila\u00e7lar enjekte etmeye, bir taraftan da buz par\u00e7alar\u0131 yutturmaya ba\u015flad\u0131lar; bir aral\u0131k sa\u011f\u0131nda bulunan tuvalet masas\u0131 \u00fczerindeki saate bakt\u0131; her halde iyi g\u00f6remiyordu ki bana sordu:<\/p><p>&#8220;Saat ka\u00e7?..&#8221;<\/p><p>Cevap verdim: &#8220;7.00 Efendim.&#8221;<\/p><p>Ayn\u0131 suali bir iki defa daha tekrar etti, ayn\u0131 cevab\u0131 verdim. Biraz s\u00fck\u00fbnet bulunca yata\u011fa yat\u0131rd\u0131k; ba\u015fucuna sokuldum:<\/p><p>&#8220;Biraz rahat ettiniz de\u011fil mi efendim?..&#8221; diye sordum.<\/p><p>&#8220;Evet!..&#8221; dedi.<\/p><p>Arkamdan Ne\u015fet \u00d6mer \u0130rdelp yana\u015f\u0131p rica etti: &#8220;Dilinizi \u00e7\u0131kar\u0131r m\u0131s\u0131n\u0131z efendim?&#8221;<\/p><p>Dilini ancak yar\u0131s\u0131na kadar \u00e7\u0131kard\u0131; Dr. \u0130rdelp tekrar seslendi: &#8220;L\u00fctfen biraz daha uzat\u0131n\u0131z!..&#8221; Nafile!.. Art\u0131k s\u00f6yleneni anlayam\u0131yordu; dilini uzataca\u011f\u0131 yerde tekrar tamamen \u00e7ekti; ba\u015f\u0131n\u0131 biraz sa\u011fa \u00e7evirerek Dr. \u0130rdelp&#8217;e dikkatle bakt\u0131 ve &#8220;Aleyk\u00fcmselam&#8221; dedi; son s\u00f6z\u00fc bu oldu ve ikinci ponksiyondan tam 30 saat sonra komaya girdi&#8221;<\/p><\/blockquote>\n\n\n\n<p>Uzun s\u00fcren a\u011f\u0131r koman\u0131n devam etmesiyle Mustafa Kemal Atat\u00fcrk, 10 Kas\u0131m 1938 Per\u015fembe sabah\u0131 saat 9&#8217;u 5 ge\u00e7e, \u0130stanbul Dolmabah\u00e7e Saray\u0131&#8217;nda ya\u015fam\u0131n\u0131 yitirdi.<\/p>\n<\/div><\/div>\n<\/div><\/div>\n\n\n\n<figure class=\"wp-block-image size-large\"><img loading=\"lazy\" decoding=\"async\" width=\"540\" height=\"400\" src=\"https:\/\/epochtimestr.com\/wp-content\/uploads\/2011y\/Atat\u00fcrk-\u00f6l\u00fcm-Wikimedia-540x400.jpg\" alt=\"\" class=\"wp-image-130633\" srcset=\"https:\/\/epochtimestr.com\/wp-content\/uploads\/2011y\/Atat\u00fcrk-\u00f6l\u00fcm-Wikimedia-540x400.jpg 540w, https:\/\/epochtimestr.com\/wp-content\/uploads\/2011y\/Atat\u00fcrk-\u00f6l\u00fcm-Wikimedia-300x222.jpg 300w, https:\/\/epochtimestr.com\/wp-content\/uploads\/2011y\/Atat\u00fcrk-\u00f6l\u00fcm-Wikimedia-150x111.jpg 150w, https:\/\/epochtimestr.com\/wp-content\/uploads\/2011y\/Atat\u00fcrk-\u00f6l\u00fcm-Wikimedia-86x64.jpg 86w, https:\/\/epochtimestr.com\/wp-content\/uploads\/2011y\/Atat\u00fcrk-\u00f6l\u00fcm-Wikimedia.jpg 730w\" sizes=\"(max-width: 540px) 100vw, 540px\" \/><figcaption>Atat\u00fcrk&#8217;\u00fcn \u00f6l\u00fcm\u00fcn\u00fcn ard\u0131ndan \u00e7ekilmi\u015f bir foto\u011fraf<br \/>Foto\u011fraf; Wikipedia<\/figcaption><\/figure>\n\n\n\n<p> <\/p>\n","protected":false},"excerpt":{"rendered":"<p>Mustafa Kemal Atat\u00fcrk, 10 Kas\u0131m 1938\u2019de saat 09.05\u2019te hayata g\u00f6zlerini yumdu.&nbsp; 10 Kas\u0131m 1938 tarihi 82. y\u0131l\u0131nda t\u00fcm \u00fclkede an\u0131l\u0131yor. Saat 9.05&#8217;te her y\u0131l oldu\u011fu gibi sirenler \u00e7alacak ve bunu duyan vatanda\u015flar i\u015flerini b\u0131rak\u0131p 1 dakika boyunca sayg\u0131 duru\u015funda duracak. Halk\u0131na ve b\u00fct\u00fcn d\u00fcnya insanlar\u0131na de\u011fer vermesiyle bilinen Ulu \u00d6nder Atat\u00fcrk, \u00f6l\u00fcm\u00fcyle kendi halk\u0131n\u0131 g\u00fcnlerce [&hellip;]<\/p>\n","protected":false},"author":12791,"featured_media":130635,"comment_status":"closed","ping_status":"open","sticky":false,"template":"","format":"standard","meta":{"_yoast_wpseo_focuskw":"","_yoast_wpseo_title":"","_yoast_wpseo_metadesc":"","_bbp_topic_count":0,"_bbp_reply_count":0,"_bbp_total_topic_count":0,"_bbp_total_reply_count":0,"_bbp_voice_count":0,"_bbp_anonymous_reply_count":0,"_bbp_topic_count_hidden":0,"_bbp_reply_count_hidden":0,"_bbp_forum_subforum_count":0,"footnotes":"","_yoast_wpseo_focuskw_text_input":""},"categories":[1,37],"tags":[],"yoast_head":"<!-- This site is optimized with the Yoast SEO plugin v23.0 - https:\/\/yoast.com\/wordpress\/plugins\/seo\/ -->\n<title>Milli Matem 82 Y\u0131ld\u0131r Devam Ediyor - The Epoch Times TR<\/title>\n<meta name=\"robots\" content=\"index, follow, max-snippet:-1, max-image-preview:large, max-video-preview:-1\" \/>\n<link rel=\"canonical\" href=\"https:\/\/epochtimestr.com\/index.php\/milli-matem-82-yildir-devam-ediyor\" \/>\n<meta property=\"og:locale\" content=\"tr_TR\" \/>\n<meta property=\"og:type\" content=\"article\" \/>\n<meta property=\"og:title\" content=\"Milli Matem 82 Y\u0131ld\u0131r Devam Ediyor - The Epoch Times TR\" \/>\n<meta property=\"og:description\" content=\"Mustafa Kemal Atat\u00fcrk, 10 Kas\u0131m 1938\u2019de saat 09.05\u2019te hayata g\u00f6zlerini yumdu.&nbsp; 10 Kas\u0131m 1938 tarihi 82. y\u0131l\u0131nda t\u00fcm \u00fclkede an\u0131l\u0131yor. Saat 9.05&#8217;te her y\u0131l oldu\u011fu gibi sirenler \u00e7alacak ve bunu duyan vatanda\u015flar i\u015flerini b\u0131rak\u0131p 1 dakika boyunca sayg\u0131 duru\u015funda duracak. Halk\u0131na ve b\u00fct\u00fcn d\u00fcnya insanlar\u0131na de\u011fer vermesiyle bilinen Ulu \u00d6nder Atat\u00fcrk, \u00f6l\u00fcm\u00fcyle kendi halk\u0131n\u0131 g\u00fcnlerce [&hellip;]\" \/>\n<meta property=\"og:url\" content=\"https:\/\/epochtimestr.com\/index.php\/milli-matem-82-yildir-devam-ediyor\" \/>\n<meta property=\"og:site_name\" content=\"The Epoch Times TR\" \/>\n<meta property=\"article:publisher\" content=\"https:\/\/www.facebook.com\/theepochtimestr\" \/>\n<meta property=\"article:published_time\" content=\"2020-11-10T01:02:08+00:00\" \/>\n<meta property=\"article:modified_time\" content=\"2023-02-06T00:07:11+00:00\" \/>\n<meta property=\"og:image\" content=\"https:\/\/epochtimestr.com\/wp-content\/uploads\/2011y\/Atat\u00fcrk_masa_ba\u015f\u0131nda.jpg\" \/>\n\t<meta property=\"og:image:width\" content=\"650\" \/>\n\t<meta property=\"og:image:height\" content=\"489\" \/>\n\t<meta property=\"og:image:type\" content=\"image\/jpeg\" \/>\n<meta name=\"author\" content=\"Haber Merkezi\" \/>\n<meta name=\"twitter:card\" content=\"summary_large_image\" \/>\n<meta name=\"twitter:creator\" content=\"@TheEpochTimesTR\" \/>\n<meta name=\"twitter:site\" content=\"@TheEpochTimesTR\" \/>\n<meta name=\"twitter:label1\" content=\"Yazan:\" \/>\n\t<meta name=\"twitter:data1\" content=\"Haber Merkezi\" \/>\n\t<meta name=\"twitter:label2\" content=\"Tahmini okuma s\u00fcresi\" \/>\n\t<meta name=\"twitter:data2\" content=\"3 dakika\" \/>\n<script type=\"application\/ld+json\" class=\"yoast-schema-graph\">{\"@context\":\"https:\/\/schema.org\",\"@graph\":[{\"@type\":\"Article\",\"@id\":\"https:\/\/epochtimestr.com\/index.php\/milli-matem-82-yildir-devam-ediyor#article\",\"isPartOf\":{\"@id\":\"https:\/\/epochtimestr.com\/index.php\/milli-matem-82-yildir-devam-ediyor\"},\"author\":{\"name\":\"Haber Merkezi\",\"@id\":\"https:\/\/epochtimestr.com\/#\/schema\/person\/3dc5c3adeb9f43923c5aa85889172fdd\"},\"headline\":\"Milli Matem 82 Y\u0131ld\u0131r Devam Ediyor\",\"datePublished\":\"2020-11-10T01:02:08+00:00\",\"dateModified\":\"2023-02-06T00:07:11+00:00\",\"mainEntityOfPage\":{\"@id\":\"https:\/\/epochtimestr.com\/index.php\/milli-matem-82-yildir-devam-ediyor\"},\"wordCount\":729,\"publisher\":{\"@id\":\"https:\/\/epochtimestr.com\/#organization\"},\"image\":{\"@id\":\"https:\/\/epochtimestr.com\/index.php\/milli-matem-82-yildir-devam-ediyor#primaryimage\"},\"thumbnailUrl\":\"https:\/\/epochtimestr.com\/wp-content\/uploads\/2011y\/Atat\u00fcrk_masa_ba\u015f\u0131nda.jpg\",\"articleSection\":[\"G\u00dcNDEM\",\"T\u00dcRK\u0130YE\"],\"inLanguage\":\"tr\"},{\"@type\":\"WebPage\",\"@id\":\"https:\/\/epochtimestr.com\/index.php\/milli-matem-82-yildir-devam-ediyor\",\"url\":\"https:\/\/epochtimestr.com\/index.php\/milli-matem-82-yildir-devam-ediyor\",\"name\":\"Milli Matem 82 Y\u0131ld\u0131r Devam Ediyor - The Epoch Times TR\",\"isPartOf\":{\"@id\":\"https:\/\/epochtimestr.com\/#website\"},\"primaryImageOfPage\":{\"@id\":\"https:\/\/epochtimestr.com\/index.php\/milli-matem-82-yildir-devam-ediyor#primaryimage\"},\"image\":{\"@id\":\"https:\/\/epochtimestr.com\/index.php\/milli-matem-82-yildir-devam-ediyor#primaryimage\"},\"thumbnailUrl\":\"https:\/\/epochtimestr.com\/wp-content\/uploads\/2011y\/Atat\u00fcrk_masa_ba\u015f\u0131nda.jpg\",\"datePublished\":\"2020-11-10T01:02:08+00:00\",\"dateModified\":\"2023-02-06T00:07:11+00:00\",\"inLanguage\":\"tr\",\"potentialAction\":[{\"@type\":\"ReadAction\",\"target\":[\"https:\/\/epochtimestr.com\/index.php\/milli-matem-82-yildir-devam-ediyor\"]}]},{\"@type\":\"ImageObject\",\"inLanguage\":\"tr\",\"@id\":\"https:\/\/epochtimestr.com\/index.php\/milli-matem-82-yildir-devam-ediyor#primaryimage\",\"url\":\"https:\/\/epochtimestr.com\/wp-content\/uploads\/2011y\/Atat\u00fcrk_masa_ba\u015f\u0131nda.jpg\",\"contentUrl\":\"https:\/\/epochtimestr.com\/wp-content\/uploads\/2011y\/Atat\u00fcrk_masa_ba\u015f\u0131nda.jpg\",\"width\":650,\"height\":489},{\"@type\":\"WebSite\",\"@id\":\"https:\/\/epochtimestr.com\/#website\",\"url\":\"https:\/\/epochtimestr.com\/\",\"name\":\"The Epoch Times TR\",\"description\":\"De\u011fi\u015fen D\u00fcnyam\u0131za Taze Bir Bak\u0131\u015f\",\"publisher\":{\"@id\":\"https:\/\/epochtimestr.com\/#organization\"},\"potentialAction\":[{\"@type\":\"SearchAction\",\"target\":{\"@type\":\"EntryPoint\",\"urlTemplate\":\"https:\/\/epochtimestr.com\/?s={search_term_string}\"},\"query-input\":\"required name=search_term_string\"}],\"inLanguage\":\"tr\"},{\"@type\":\"Organization\",\"@id\":\"https:\/\/epochtimestr.com\/#organization\",\"name\":\"The EpochTimes T\u00fcrkiye\",\"url\":\"https:\/\/epochtimestr.com\/\",\"logo\":{\"@type\":\"ImageObject\",\"inLanguage\":\"tr\",\"@id\":\"https:\/\/epochtimestr.com\/#\/schema\/logo\/image\/\",\"url\":\"https:\/\/epochtimestr.com\/wp-content\/uploads\/2011y\/ET-Logo-YG.jpg\",\"contentUrl\":\"https:\/\/epochtimestr.com\/wp-content\/uploads\/2011y\/ET-Logo-YG.jpg\",\"width\":346,\"height\":29,\"caption\":\"The EpochTimes T\u00fcrkiye\"},\"image\":{\"@id\":\"https:\/\/epochtimestr.com\/#\/schema\/logo\/image\/\"},\"sameAs\":[\"https:\/\/www.facebook.com\/theepochtimestr\",\"https:\/\/x.com\/TheEpochTimesTR\",\"https:\/\/www.instagram.com\/epochtimestr\"]},{\"@type\":\"Person\",\"@id\":\"https:\/\/epochtimestr.com\/#\/schema\/person\/3dc5c3adeb9f43923c5aa85889172fdd\",\"name\":\"Haber Merkezi\",\"image\":{\"@type\":\"ImageObject\",\"inLanguage\":\"tr\",\"@id\":\"https:\/\/epochtimestr.com\/#\/schema\/person\/image\/\",\"url\":\"https:\/\/secure.gravatar.com\/avatar\/d73f772ba5a74f28601361e17c2f93e6?s=96&d=mm&r=g\",\"contentUrl\":\"https:\/\/secure.gravatar.com\/avatar\/d73f772ba5a74f28601361e17c2f93e6?s=96&d=mm&r=g\",\"caption\":\"Haber Merkezi\"},\"url\":\"https:\/\/epochtimestr.com\/index.php\/author\/sendag\"}]}<\/script>\n<!-- \/ Yoast SEO plugin. -->","yoast_head_json":{"title":"Milli Matem 82 Y\u0131ld\u0131r Devam Ediyor - The Epoch Times TR","robots":{"index":"index","follow":"follow","max-snippet":"max-snippet:-1","max-image-preview":"max-image-preview:large","max-video-preview":"max-video-preview:-1"},"canonical":"https:\/\/epochtimestr.com\/index.php\/milli-matem-82-yildir-devam-ediyor","og_locale":"tr_TR","og_type":"article","og_title":"Milli Matem 82 Y\u0131ld\u0131r Devam Ediyor - The Epoch Times TR","og_description":"Mustafa Kemal Atat\u00fcrk, 10 Kas\u0131m 1938\u2019de saat 09.05\u2019te hayata g\u00f6zlerini yumdu.&nbsp; 10 Kas\u0131m 1938 tarihi 82. y\u0131l\u0131nda t\u00fcm \u00fclkede an\u0131l\u0131yor. Saat 9.05&#8217;te her y\u0131l oldu\u011fu gibi sirenler \u00e7alacak ve bunu duyan vatanda\u015flar i\u015flerini b\u0131rak\u0131p 1 dakika boyunca sayg\u0131 duru\u015funda duracak. Halk\u0131na ve b\u00fct\u00fcn d\u00fcnya insanlar\u0131na de\u011fer vermesiyle bilinen Ulu \u00d6nder Atat\u00fcrk, \u00f6l\u00fcm\u00fcyle kendi halk\u0131n\u0131 g\u00fcnlerce [&hellip;]","og_url":"https:\/\/epochtimestr.com\/index.php\/milli-matem-82-yildir-devam-ediyor","og_site_name":"The Epoch Times TR","article_publisher":"https:\/\/www.facebook.com\/theepochtimestr","article_published_time":"2020-11-10T01:02:08+00:00","article_modified_time":"2023-02-06T00:07:11+00:00","og_image":[{"width":650,"height":489,"url":"https:\/\/epochtimestr.com\/wp-content\/uploads\/2011y\/Atat\u00fcrk_masa_ba\u015f\u0131nda.jpg","type":"image\/jpeg"}],"author":"Haber Merkezi","twitter_card":"summary_large_image","twitter_creator":"@TheEpochTimesTR","twitter_site":"@TheEpochTimesTR","twitter_misc":{"Yazan:":"Haber Merkezi","Tahmini okuma s\u00fcresi":"3 dakika"},"schema":{"@context":"https:\/\/schema.org","@graph":[{"@type":"Article","@id":"https:\/\/epochtimestr.com\/index.php\/milli-matem-82-yildir-devam-ediyor#article","isPartOf":{"@id":"https:\/\/epochtimestr.com\/index.php\/milli-matem-82-yildir-devam-ediyor"},"author":{"name":"Haber Merkezi","@id":"https:\/\/epochtimestr.com\/#\/schema\/person\/3dc5c3adeb9f43923c5aa85889172fdd"},"headline":"Milli Matem 82 Y\u0131ld\u0131r Devam Ediyor","datePublished":"2020-11-10T01:02:08+00:00","dateModified":"2023-02-06T00:07:11+00:00","mainEntityOfPage":{"@id":"https:\/\/epochtimestr.com\/index.php\/milli-matem-82-yildir-devam-ediyor"},"wordCount":729,"publisher":{"@id":"https:\/\/epochtimestr.com\/#organization"},"image":{"@id":"https:\/\/epochtimestr.com\/index.php\/milli-matem-82-yildir-devam-ediyor#primaryimage"},"thumbnailUrl":"https:\/\/epochtimestr.com\/wp-content\/uploads\/2011y\/Atat\u00fcrk_masa_ba\u015f\u0131nda.jpg","articleSection":["G\u00dcNDEM","T\u00dcRK\u0130YE"],"inLanguage":"tr"},{"@type":"WebPage","@id":"https:\/\/epochtimestr.com\/index.php\/milli-matem-82-yildir-devam-ediyor","url":"https:\/\/epochtimestr.com\/index.php\/milli-matem-82-yildir-devam-ediyor","name":"Milli Matem 82 Y\u0131ld\u0131r Devam Ediyor - The Epoch Times TR","isPartOf":{"@id":"https:\/\/epochtimestr.com\/#website"},"primaryImageOfPage":{"@id":"https:\/\/epochtimestr.com\/index.php\/milli-matem-82-yildir-devam-ediyor#primaryimage"},"image":{"@id":"https:\/\/epochtimestr.com\/index.php\/milli-matem-82-yildir-devam-ediyor#primaryimage"},"thumbnailUrl":"https:\/\/epochtimestr.com\/wp-content\/uploads\/2011y\/Atat\u00fcrk_masa_ba\u015f\u0131nda.jpg","datePublished":"2020-11-10T01:02:08+00:00","dateModified":"2023-02-06T00:07:11+00:00","inLanguage":"tr","potentialAction":[{"@type":"ReadAction","target":["https:\/\/epochtimestr.com\/index.php\/milli-matem-82-yildir-devam-ediyor"]}]},{"@type":"ImageObject","inLanguage":"tr","@id":"https:\/\/epochtimestr.com\/index.php\/milli-matem-82-yildir-devam-ediyor#primaryimage","url":"https:\/\/epochtimestr.com\/wp-content\/uploads\/2011y\/Atat\u00fcrk_masa_ba\u015f\u0131nda.jpg","contentUrl":"https:\/\/epochtimestr.com\/wp-content\/uploads\/2011y\/Atat\u00fcrk_masa_ba\u015f\u0131nda.jpg","width":650,"height":489},{"@type":"WebSite","@id":"https:\/\/epochtimestr.com\/#website","url":"https:\/\/epochtimestr.com\/","name":"The Epoch Times TR","description":"De\u011fi\u015fen D\u00fcnyam\u0131za Taze Bir Bak\u0131\u015f","publisher":{"@id":"https:\/\/epochtimestr.com\/#organization"},"potentialAction":[{"@type":"SearchAction","target":{"@type":"EntryPoint","urlTemplate":"https:\/\/epochtimestr.com\/?s={search_term_string}"},"query-input":"required name=search_term_string"}],"inLanguage":"tr"},{"@type":"Organization","@id":"https:\/\/epochtimestr.com\/#organization","name":"The EpochTimes T\u00fcrkiye","url":"https:\/\/epochtimestr.com\/","logo":{"@type":"ImageObject","inLanguage":"tr","@id":"https:\/\/epochtimestr.com\/#\/schema\/logo\/image\/","url":"https:\/\/epochtimestr.com\/wp-content\/uploads\/2011y\/ET-Logo-YG.jpg","contentUrl":"https:\/\/epochtimestr.com\/wp-content\/uploads\/2011y\/ET-Logo-YG.jpg","width":346,"height":29,"caption":"The EpochTimes T\u00fcrkiye"},"image":{"@id":"https:\/\/epochtimestr.com\/#\/schema\/logo\/image\/"},"sameAs":["https:\/\/www.facebook.com\/theepochtimestr","https:\/\/x.com\/TheEpochTimesTR","https:\/\/www.instagram.com\/epochtimestr"]},{"@type":"Person","@id":"https:\/\/epochtimestr.com\/#\/schema\/person\/3dc5c3adeb9f43923c5aa85889172fdd","name":"Haber Merkezi","image":{"@type":"ImageObject","inLanguage":"tr","@id":"https:\/\/epochtimestr.com\/#\/schema\/person\/image\/","url":"https:\/\/secure.gravatar.com\/avatar\/d73f772ba5a74f28601361e17c2f93e6?s=96&d=mm&r=g","contentUrl":"https:\/\/secure.gravatar.com\/avatar\/d73f772ba5a74f28601361e17c2f93e6?s=96&d=mm&r=g","caption":"Haber Merkezi"},"url":"https:\/\/epochtimestr.com\/index.php\/author\/sendag"}]}},"_links":{"self":[{"href":"https:\/\/epochtimestr.com\/index.php\/wp-json\/wp\/v2\/posts\/130631"}],"collection":[{"href":"https:\/\/epochtimestr.com\/index.php\/wp-json\/wp\/v2\/posts"}],"about":[{"href":"https:\/\/epochtimestr.com\/index.php\/wp-json\/wp\/v2\/types\/post"}],"author":[{"embeddable":true,"href":"https:\/\/epochtimestr.com\/index.php\/wp-json\/wp\/v2\/users\/12791"}],"replies":[{"embeddable":true,"href":"https:\/\/epochtimestr.com\/index.php\/wp-json\/wp\/v2\/comments?post=130631"}],"version-history":[{"count":3,"href":"https:\/\/epochtimestr.com\/index.php\/wp-json\/wp\/v2\/posts\/130631\/revisions"}],"predecessor-version":[{"id":142205,"href":"https:\/\/epochtimestr.com\/index.php\/wp-json\/wp\/v2\/posts\/130631\/revisions\/142205"}],"wp:featuredmedia":[{"embeddable":true,"href":"https:\/\/epochtimestr.com\/index.php\/wp-json\/wp\/v2\/media\/130635"}],"wp:attachment":[{"href":"https:\/\/epochtimestr.com\/index.php\/wp-json\/wp\/v2\/media?parent=130631"}],"wp:term":[{"taxonomy":"category","embeddable":true,"href":"https:\/\/epochtimestr.com\/index.php\/wp-json\/wp\/v2\/categories?post=130631"},{"taxonomy":"post_tag","embeddable":true,"href":"https:\/\/epochtimestr.com\/index.php\/wp-json\/wp\/v2\/tags?post=130631"}],"curies":[{"name":"wp","href":"https:\/\/api.w.org\/{rel}","templated":true}]}}