{"id":130670,"date":"2020-11-10T19:24:09","date_gmt":"2020-11-10T16:24:09","guid":{"rendered":"http:\/\/epochtimestr.com\/?p=130670"},"modified":"2020-11-10T19:25:41","modified_gmt":"2020-11-10T16:25:41","slug":"cumhurbaskani-erdogan-ataturku-anma-toreninde-aciklamalarda-bulundu","status":"publish","type":"post","link":"https:\/\/epochtimestr.com\/index.php\/cumhurbaskani-erdogan-ataturku-anma-toreninde-aciklamalarda-bulundu","title":{"rendered":"Cumhurba\u015fkan\u0131 Erdo\u011fan, Atat\u00fcrk\u2019\u00fc Anma T\u00f6reni\u2019nde A\u00e7\u0131klamalarda Bulundu"},"content":{"rendered":"\n<div class=\"wp-block-image\"><figure class=\"aligncenter size-large\"><img loading=\"lazy\" decoding=\"async\" width=\"600\" height=\"372\" src=\"https:\/\/epochtimestr.com\/wp-content\/uploads\/2011y\/recep-tayyip-erdo\u011fan-10-kas\u0131m-600x372.jpg\" alt=\"\" class=\"wp-image-130671\" srcset=\"https:\/\/epochtimestr.com\/wp-content\/uploads\/2011y\/recep-tayyip-erdo\u011fan-10-kas\u0131m-600x372.jpg 600w, https:\/\/epochtimestr.com\/wp-content\/uploads\/2011y\/recep-tayyip-erdo\u011fan-10-kas\u0131m-300x186.jpg 300w, https:\/\/epochtimestr.com\/wp-content\/uploads\/2011y\/recep-tayyip-erdo\u011fan-10-kas\u0131m-150x93.jpg 150w, https:\/\/epochtimestr.com\/wp-content\/uploads\/2011y\/recep-tayyip-erdo\u011fan-10-kas\u0131m-768x477.jpg 768w, https:\/\/epochtimestr.com\/wp-content\/uploads\/2011y\/recep-tayyip-erdo\u011fan-10-kas\u0131m.jpg 886w\" sizes=\"(max-width: 600px) 100vw, 600px\" \/><figcaption>Foto\u011fraf : T.C. Cumhurba\u015fkanl\u0131\u011f\u0131 Resmi Sitesi<\/figcaption><\/figure><\/div>\n\n\n\n<h2 class=\"wp-block-heading\">Cumhurba\u015fkan\u0131 Recep Tayyip Erdo\u011fan, Be\u015ftepe Millet Kongre ve K\u00fclt\u00fcr Merkezi&#8217;nde Gazi Mustafa Kemal Atat\u00fcrk\u2019\u00fcn ebediyete irtihalinin 82&#8217;nci y\u0131l d\u00f6n\u00fcm\u00fc dolay\u0131s\u0131yla Atat\u00fcrk K\u00fclt\u00fcr, Dil ve Tarih Y\u00fcksek Kurumu taraf\u0131ndan d\u00fczenlenen Anma T\u00f6reni\u2019nde a\u00e7\u0131klamalarda bulundu.<\/h2>\n\n\n\n<p>Cumhurba\u015fkan\u0131 Erdo\u011fan&#8217;\u0131n a\u00e7\u0131klamalar\u0131 \u015f\u00f6yledir :<\/p>\n\n\n\n<p>&#8220;Kurtulu\u015f Sava\u015f\u0131m\u0131z\u0131n Ba\u015fkomutan\u0131, Cumhuriyetimizin banisi, ilk Cumhurba\u015fkan\u0131m\u0131z Gazi Mustafa Kemal Atat\u00fcrk\u2019\u00fc ebediyete irtihalinin 82. y\u0131l d\u00f6n\u00fcm\u00fcnde rahmetle y\u00e2d ediyoruz.<\/p>\n\n\n\n<p>Milletimizin \u00f6zg\u00fcrl\u00fc\u011f\u00fc, devletimizin ya\u015famas\u0131, \u00fclkemizin kalk\u0131nmas\u0131 i\u00e7in ta\u015f \u00fcst\u00fcne ta\u015f koyan herkesten Allah raz\u0131 olsun diyorum.<\/p>\n\n\n\n<p>Cumhuriyetimizin kurulu\u015funun 100. y\u0131l\u0131n\u0131 bundan 10 sene \u00f6nce ilan etti\u011fimiz hedeflerle i\u015fte b\u00f6yle bir f\u0131rsata d\u00f6n\u00fc\u015ft\u00fcrmeye \u00e7al\u0131\u015ft\u0131k. Bu t\u00fcr b\u00fcy\u00fck muhasebelerin ayn\u0131 zamanda gelecekteki daha b\u00fcy\u00fck hedeflerin de haz\u0131rl\u0131klar\u0131 oldu\u011funa inan\u0131yorum. \u0130stanbul\u2019un fethinin 600. y\u0131l\u0131 olan 2053\u2019\u00fc ve Malazgirt Zaferi\u2019nin 1000. y\u0131l\u0131 olan 2071\u2019i i\u015fte bunun i\u00e7in \u00f6nemsiyor, yeni vizyonlar\u0131m\u0131z\u0131n nirengi noktalar\u0131 olarak kabul ediyoruz.<\/p>\n\n\n\n<p>\u00dclkemizin demokrasi ve kalk\u0131nma m\u00fccadelesini benim manevi miras\u0131m ilim ve ak\u0131ld\u0131r diyen Gazi Mustafa Kemal\u2019in arzu etti\u011fi \u015fekilde y\u00fcr\u00fct\u00fcyoruz. Gazinin bu tavsiyesine uygun \u015fekilde ilim ve ak\u0131l yolunda giderek hat\u0131ras\u0131n\u0131 ya\u015fatmak yerine onu dogmala\u015ft\u0131rmak suretiyle miras\u0131n\u0131n i\u00e7ini bo\u015faltmaya \u00e7al\u0131\u015fanlar\u0131 da milletimizin takdirine havale ediyoruz.&#8221;<\/p>\n\n\n\n<p>Cumhurba\u015fkan\u0131 Erdo\u011fan, konu\u015fmas\u0131n\u0131n sonunda Gazi Mustafa Kemal Atat\u00fcrk\u2019\u00fc 82. vefat y\u0131ld\u00f6n\u00fcm\u00fcnde rahmetle y\u00e2d etti\u011fini yineleyerek, t\u00fcm \u015fehitlere, gazilere, devlet b\u00fcy\u00fcklerine, manevi rehberlere Allah\u2019tan rahmet diledi.<\/p>\n\n\n\n<p><\/p>\n","protected":false},"excerpt":{"rendered":"<p>Cumhurba\u015fkan\u0131 Recep Tayyip Erdo\u011fan, Be\u015ftepe Millet Kongre ve K\u00fclt\u00fcr Merkezi&#8217;nde Gazi Mustafa Kemal Atat\u00fcrk\u2019\u00fcn ebediyete irtihalinin 82&#8217;nci y\u0131l d\u00f6n\u00fcm\u00fc dolay\u0131s\u0131yla Atat\u00fcrk K\u00fclt\u00fcr, Dil ve Tarih Y\u00fcksek Kurumu taraf\u0131ndan d\u00fczenlenen Anma T\u00f6reni\u2019nde a\u00e7\u0131klamalarda bulundu. Cumhurba\u015fkan\u0131 Erdo\u011fan&#8217;\u0131n a\u00e7\u0131klamalar\u0131 \u015f\u00f6yledir : &#8220;Kurtulu\u015f Sava\u015f\u0131m\u0131z\u0131n Ba\u015fkomutan\u0131, Cumhuriyetimizin banisi, ilk Cumhurba\u015fkan\u0131m\u0131z Gazi Mustafa Kemal Atat\u00fcrk\u2019\u00fc ebediyete irtihalinin 82. y\u0131l d\u00f6n\u00fcm\u00fcnde rahmetle [&hellip;]<\/p>\n","protected":false},"author":13971,"featured_media":130671,"comment_status":"closed","ping_status":"open","sticky":false,"template":"","format":"standard","meta":{"_yoast_wpseo_focuskw":"","_yoast_wpseo_title":"","_yoast_wpseo_metadesc":"","_bbp_topic_count":0,"_bbp_reply_count":0,"_bbp_total_topic_count":0,"_bbp_total_reply_count":0,"_bbp_voice_count":0,"_bbp_anonymous_reply_count":0,"_bbp_topic_count_hidden":0,"_bbp_reply_count_hidden":0,"_bbp_forum_subforum_count":0,"footnotes":"","_yoast_wpseo_focuskw_text_input":""},"categories":[1,37],"tags":[7849,4799,2232,6513],"yoast_head":"<!-- This site is optimized with the Yoast SEO plugin v23.0 - https:\/\/yoast.com\/wordpress\/plugins\/seo\/ -->\n<title>Cumhurba\u015fkan\u0131 Erdo\u011fan, Atat\u00fcrk\u2019\u00fc Anma T\u00f6reni\u2019nde A\u00e7\u0131klamalarda Bulundu - The Epoch Times TR<\/title>\n<meta name=\"robots\" content=\"index, follow, max-snippet:-1, max-image-preview:large, max-video-preview:-1\" \/>\n<link rel=\"canonical\" href=\"https:\/\/epochtimestr.com\/index.php\/cumhurbaskani-erdogan-ataturku-anma-toreninde-aciklamalarda-bulundu\" \/>\n<meta property=\"og:locale\" content=\"tr_TR\" \/>\n<meta property=\"og:type\" content=\"article\" \/>\n<meta property=\"og:title\" content=\"Cumhurba\u015fkan\u0131 Erdo\u011fan, Atat\u00fcrk\u2019\u00fc Anma T\u00f6reni\u2019nde A\u00e7\u0131klamalarda Bulundu - The Epoch Times TR\" \/>\n<meta property=\"og:description\" content=\"Cumhurba\u015fkan\u0131 Recep Tayyip Erdo\u011fan, Be\u015ftepe Millet Kongre ve K\u00fclt\u00fcr Merkezi&#8217;nde Gazi Mustafa Kemal Atat\u00fcrk\u2019\u00fcn ebediyete irtihalinin 82&#8217;nci y\u0131l d\u00f6n\u00fcm\u00fc dolay\u0131s\u0131yla Atat\u00fcrk K\u00fclt\u00fcr, Dil ve Tarih Y\u00fcksek Kurumu taraf\u0131ndan d\u00fczenlenen Anma T\u00f6reni\u2019nde a\u00e7\u0131klamalarda bulundu. Cumhurba\u015fkan\u0131 Erdo\u011fan&#8217;\u0131n a\u00e7\u0131klamalar\u0131 \u015f\u00f6yledir : &#8220;Kurtulu\u015f Sava\u015f\u0131m\u0131z\u0131n Ba\u015fkomutan\u0131, Cumhuriyetimizin banisi, ilk Cumhurba\u015fkan\u0131m\u0131z Gazi Mustafa Kemal Atat\u00fcrk\u2019\u00fc ebediyete irtihalinin 82. y\u0131l d\u00f6n\u00fcm\u00fcnde rahmetle [&hellip;]\" \/>\n<meta property=\"og:url\" content=\"https:\/\/epochtimestr.com\/index.php\/cumhurbaskani-erdogan-ataturku-anma-toreninde-aciklamalarda-bulundu\" \/>\n<meta property=\"og:site_name\" content=\"The Epoch Times TR\" \/>\n<meta property=\"article:publisher\" content=\"https:\/\/www.facebook.com\/theepochtimestr\" \/>\n<meta property=\"article:published_time\" content=\"2020-11-10T16:24:09+00:00\" \/>\n<meta property=\"article:modified_time\" content=\"2020-11-10T16:25:41+00:00\" \/>\n<meta property=\"og:image\" content=\"https:\/\/epochtimestr.com\/wp-content\/uploads\/2011y\/recep-tayyip-erdo\u011fan-10-kas\u0131m.jpg\" \/>\n\t<meta property=\"og:image:width\" content=\"886\" \/>\n\t<meta property=\"og:image:height\" content=\"550\" \/>\n\t<meta property=\"og:image:type\" content=\"image\/jpeg\" \/>\n<meta name=\"author\" content=\"Seda F.\" \/>\n<meta name=\"twitter:card\" content=\"summary_large_image\" \/>\n<meta name=\"twitter:creator\" content=\"@TheEpochTimesTR\" \/>\n<meta name=\"twitter:site\" content=\"@TheEpochTimesTR\" \/>\n<meta name=\"twitter:label1\" content=\"Yazan:\" \/>\n\t<meta name=\"twitter:data1\" content=\"Seda F.\" \/>\n\t<meta name=\"twitter:label2\" content=\"Tahmini okuma s\u00fcresi\" \/>\n\t<meta name=\"twitter:data2\" content=\"2 dakika\" \/>\n<script type=\"application\/ld+json\" class=\"yoast-schema-graph\">{\"@context\":\"https:\/\/schema.org\",\"@graph\":[{\"@type\":\"Article\",\"@id\":\"https:\/\/epochtimestr.com\/index.php\/cumhurbaskani-erdogan-ataturku-anma-toreninde-aciklamalarda-bulundu#article\",\"isPartOf\":{\"@id\":\"https:\/\/epochtimestr.com\/index.php\/cumhurbaskani-erdogan-ataturku-anma-toreninde-aciklamalarda-bulundu\"},\"author\":{\"name\":\"Seda F.\",\"@id\":\"https:\/\/epochtimestr.com\/#\/schema\/person\/98ca9c773997f59c22622a3779f4e684\"},\"headline\":\"Cumhurba\u015fkan\u0131 Erdo\u011fan, Atat\u00fcrk\u2019\u00fc Anma T\u00f6reni\u2019nde A\u00e7\u0131klamalarda Bulundu\",\"datePublished\":\"2020-11-10T16:24:09+00:00\",\"dateModified\":\"2020-11-10T16:25:41+00:00\",\"mainEntityOfPage\":{\"@id\":\"https:\/\/epochtimestr.com\/index.php\/cumhurbaskani-erdogan-ataturku-anma-toreninde-aciklamalarda-bulundu\"},\"wordCount\":320,\"publisher\":{\"@id\":\"https:\/\/epochtimestr.com\/#organization\"},\"image\":{\"@id\":\"https:\/\/epochtimestr.com\/index.php\/cumhurbaskani-erdogan-ataturku-anma-toreninde-aciklamalarda-bulundu#primaryimage\"},\"thumbnailUrl\":\"https:\/\/epochtimestr.com\/wp-content\/uploads\/2011y\/recep-tayyip-erdo\u011fan-10-kas\u0131m.jpg\",\"keywords\":[\"10 kas\u0131m 1938\",\"cumhurba\u015fkan\u0131 recep tayyip erdo\u011fan\",\"mustafa kemal atat\u00fcrk\",\"Ulu \u00d6nder Mustafa Kemal Atat\u00fcrk\"],\"articleSection\":[\"G\u00dcNDEM\",\"T\u00dcRK\u0130YE\"],\"inLanguage\":\"tr\"},{\"@type\":\"WebPage\",\"@id\":\"https:\/\/epochtimestr.com\/index.php\/cumhurbaskani-erdogan-ataturku-anma-toreninde-aciklamalarda-bulundu\",\"url\":\"https:\/\/epochtimestr.com\/index.php\/cumhurbaskani-erdogan-ataturku-anma-toreninde-aciklamalarda-bulundu\",\"name\":\"Cumhurba\u015fkan\u0131 Erdo\u011fan, Atat\u00fcrk\u2019\u00fc Anma T\u00f6reni\u2019nde A\u00e7\u0131klamalarda Bulundu - The Epoch Times TR\",\"isPartOf\":{\"@id\":\"https:\/\/epochtimestr.com\/#website\"},\"primaryImageOfPage\":{\"@id\":\"https:\/\/epochtimestr.com\/index.php\/cumhurbaskani-erdogan-ataturku-anma-toreninde-aciklamalarda-bulundu#primaryimage\"},\"image\":{\"@id\":\"https:\/\/epochtimestr.com\/index.php\/cumhurbaskani-erdogan-ataturku-anma-toreninde-aciklamalarda-bulundu#primaryimage\"},\"thumbnailUrl\":\"https:\/\/epochtimestr.com\/wp-content\/uploads\/2011y\/recep-tayyip-erdo\u011fan-10-kas\u0131m.jpg\",\"datePublished\":\"2020-11-10T16:24:09+00:00\",\"dateModified\":\"2020-11-10T16:25:41+00:00\",\"inLanguage\":\"tr\",\"potentialAction\":[{\"@type\":\"ReadAction\",\"target\":[\"https:\/\/epochtimestr.com\/index.php\/cumhurbaskani-erdogan-ataturku-anma-toreninde-aciklamalarda-bulundu\"]}]},{\"@type\":\"ImageObject\",\"inLanguage\":\"tr\",\"@id\":\"https:\/\/epochtimestr.com\/index.php\/cumhurbaskani-erdogan-ataturku-anma-toreninde-aciklamalarda-bulundu#primaryimage\",\"url\":\"https:\/\/epochtimestr.com\/wp-content\/uploads\/2011y\/recep-tayyip-erdo\u011fan-10-kas\u0131m.jpg\",\"contentUrl\":\"https:\/\/epochtimestr.com\/wp-content\/uploads\/2011y\/recep-tayyip-erdo\u011fan-10-kas\u0131m.jpg\",\"width\":886,\"height\":550,\"caption\":\"Foto\u011fraf : T.C. Cumhurba\u015fkanl\u0131\u011f\u0131 Resmi Sitesi\"},{\"@type\":\"WebSite\",\"@id\":\"https:\/\/epochtimestr.com\/#website\",\"url\":\"https:\/\/epochtimestr.com\/\",\"name\":\"The Epoch Times TR\",\"description\":\"De\u011fi\u015fen D\u00fcnyam\u0131za Taze Bir Bak\u0131\u015f\",\"publisher\":{\"@id\":\"https:\/\/epochtimestr.com\/#organization\"},\"potentialAction\":[{\"@type\":\"SearchAction\",\"target\":{\"@type\":\"EntryPoint\",\"urlTemplate\":\"https:\/\/epochtimestr.com\/?s={search_term_string}\"},\"query-input\":\"required name=search_term_string\"}],\"inLanguage\":\"tr\"},{\"@type\":\"Organization\",\"@id\":\"https:\/\/epochtimestr.com\/#organization\",\"name\":\"The EpochTimes T\u00fcrkiye\",\"url\":\"https:\/\/epochtimestr.com\/\",\"logo\":{\"@type\":\"ImageObject\",\"inLanguage\":\"tr\",\"@id\":\"https:\/\/epochtimestr.com\/#\/schema\/logo\/image\/\",\"url\":\"https:\/\/epochtimestr.com\/wp-content\/uploads\/2011y\/ET-Logo-YG.jpg\",\"contentUrl\":\"https:\/\/epochtimestr.com\/wp-content\/uploads\/2011y\/ET-Logo-YG.jpg\",\"width\":346,\"height\":29,\"caption\":\"The EpochTimes T\u00fcrkiye\"},\"image\":{\"@id\":\"https:\/\/epochtimestr.com\/#\/schema\/logo\/image\/\"},\"sameAs\":[\"https:\/\/www.facebook.com\/theepochtimestr\",\"https:\/\/x.com\/TheEpochTimesTR\",\"https:\/\/www.instagram.com\/epochtimestr\"]},{\"@type\":\"Person\",\"@id\":\"https:\/\/epochtimestr.com\/#\/schema\/person\/98ca9c773997f59c22622a3779f4e684\",\"name\":\"Seda F.\",\"image\":{\"@type\":\"ImageObject\",\"inLanguage\":\"tr\",\"@id\":\"https:\/\/epochtimestr.com\/#\/schema\/person\/image\/\",\"url\":\"https:\/\/secure.gravatar.com\/avatar\/d34ac3562f53286f25d03d9139fb9105?s=96&d=mm&r=g\",\"contentUrl\":\"https:\/\/secure.gravatar.com\/avatar\/d34ac3562f53286f25d03d9139fb9105?s=96&d=mm&r=g\",\"caption\":\"Seda F.\"},\"url\":\"https:\/\/epochtimestr.com\/index.php\/author\/seda-f\"}]}<\/script>\n<!-- \/ Yoast SEO plugin. -->","yoast_head_json":{"title":"Cumhurba\u015fkan\u0131 Erdo\u011fan, Atat\u00fcrk\u2019\u00fc Anma T\u00f6reni\u2019nde A\u00e7\u0131klamalarda Bulundu - The Epoch Times TR","robots":{"index":"index","follow":"follow","max-snippet":"max-snippet:-1","max-image-preview":"max-image-preview:large","max-video-preview":"max-video-preview:-1"},"canonical":"https:\/\/epochtimestr.com\/index.php\/cumhurbaskani-erdogan-ataturku-anma-toreninde-aciklamalarda-bulundu","og_locale":"tr_TR","og_type":"article","og_title":"Cumhurba\u015fkan\u0131 Erdo\u011fan, Atat\u00fcrk\u2019\u00fc Anma T\u00f6reni\u2019nde A\u00e7\u0131klamalarda Bulundu - The Epoch Times TR","og_description":"Cumhurba\u015fkan\u0131 Recep Tayyip Erdo\u011fan, Be\u015ftepe Millet Kongre ve K\u00fclt\u00fcr Merkezi&#8217;nde Gazi Mustafa Kemal Atat\u00fcrk\u2019\u00fcn ebediyete irtihalinin 82&#8217;nci y\u0131l d\u00f6n\u00fcm\u00fc dolay\u0131s\u0131yla Atat\u00fcrk K\u00fclt\u00fcr, Dil ve Tarih Y\u00fcksek Kurumu taraf\u0131ndan d\u00fczenlenen Anma T\u00f6reni\u2019nde a\u00e7\u0131klamalarda bulundu. Cumhurba\u015fkan\u0131 Erdo\u011fan&#8217;\u0131n a\u00e7\u0131klamalar\u0131 \u015f\u00f6yledir : &#8220;Kurtulu\u015f Sava\u015f\u0131m\u0131z\u0131n Ba\u015fkomutan\u0131, Cumhuriyetimizin banisi, ilk Cumhurba\u015fkan\u0131m\u0131z Gazi Mustafa Kemal Atat\u00fcrk\u2019\u00fc ebediyete irtihalinin 82. y\u0131l d\u00f6n\u00fcm\u00fcnde rahmetle [&hellip;]","og_url":"https:\/\/epochtimestr.com\/index.php\/cumhurbaskani-erdogan-ataturku-anma-toreninde-aciklamalarda-bulundu","og_site_name":"The Epoch Times TR","article_publisher":"https:\/\/www.facebook.com\/theepochtimestr","article_published_time":"2020-11-10T16:24:09+00:00","article_modified_time":"2020-11-10T16:25:41+00:00","og_image":[{"width":886,"height":550,"url":"https:\/\/epochtimestr.com\/wp-content\/uploads\/2011y\/recep-tayyip-erdo\u011fan-10-kas\u0131m.jpg","type":"image\/jpeg"}],"author":"Seda F.","twitter_card":"summary_large_image","twitter_creator":"@TheEpochTimesTR","twitter_site":"@TheEpochTimesTR","twitter_misc":{"Yazan:":"Seda F.","Tahmini okuma s\u00fcresi":"2 dakika"},"schema":{"@context":"https:\/\/schema.org","@graph":[{"@type":"Article","@id":"https:\/\/epochtimestr.com\/index.php\/cumhurbaskani-erdogan-ataturku-anma-toreninde-aciklamalarda-bulundu#article","isPartOf":{"@id":"https:\/\/epochtimestr.com\/index.php\/cumhurbaskani-erdogan-ataturku-anma-toreninde-aciklamalarda-bulundu"},"author":{"name":"Seda F.","@id":"https:\/\/epochtimestr.com\/#\/schema\/person\/98ca9c773997f59c22622a3779f4e684"},"headline":"Cumhurba\u015fkan\u0131 Erdo\u011fan, Atat\u00fcrk\u2019\u00fc Anma T\u00f6reni\u2019nde A\u00e7\u0131klamalarda Bulundu","datePublished":"2020-11-10T16:24:09+00:00","dateModified":"2020-11-10T16:25:41+00:00","mainEntityOfPage":{"@id":"https:\/\/epochtimestr.com\/index.php\/cumhurbaskani-erdogan-ataturku-anma-toreninde-aciklamalarda-bulundu"},"wordCount":320,"publisher":{"@id":"https:\/\/epochtimestr.com\/#organization"},"image":{"@id":"https:\/\/epochtimestr.com\/index.php\/cumhurbaskani-erdogan-ataturku-anma-toreninde-aciklamalarda-bulundu#primaryimage"},"thumbnailUrl":"https:\/\/epochtimestr.com\/wp-content\/uploads\/2011y\/recep-tayyip-erdo\u011fan-10-kas\u0131m.jpg","keywords":["10 kas\u0131m 1938","cumhurba\u015fkan\u0131 recep tayyip erdo\u011fan","mustafa kemal atat\u00fcrk","Ulu \u00d6nder Mustafa Kemal Atat\u00fcrk"],"articleSection":["G\u00dcNDEM","T\u00dcRK\u0130YE"],"inLanguage":"tr"},{"@type":"WebPage","@id":"https:\/\/epochtimestr.com\/index.php\/cumhurbaskani-erdogan-ataturku-anma-toreninde-aciklamalarda-bulundu","url":"https:\/\/epochtimestr.com\/index.php\/cumhurbaskani-erdogan-ataturku-anma-toreninde-aciklamalarda-bulundu","name":"Cumhurba\u015fkan\u0131 Erdo\u011fan, Atat\u00fcrk\u2019\u00fc Anma T\u00f6reni\u2019nde A\u00e7\u0131klamalarda Bulundu - The Epoch Times TR","isPartOf":{"@id":"https:\/\/epochtimestr.com\/#website"},"primaryImageOfPage":{"@id":"https:\/\/epochtimestr.com\/index.php\/cumhurbaskani-erdogan-ataturku-anma-toreninde-aciklamalarda-bulundu#primaryimage"},"image":{"@id":"https:\/\/epochtimestr.com\/index.php\/cumhurbaskani-erdogan-ataturku-anma-toreninde-aciklamalarda-bulundu#primaryimage"},"thumbnailUrl":"https:\/\/epochtimestr.com\/wp-content\/uploads\/2011y\/recep-tayyip-erdo\u011fan-10-kas\u0131m.jpg","datePublished":"2020-11-10T16:24:09+00:00","dateModified":"2020-11-10T16:25:41+00:00","inLanguage":"tr","potentialAction":[{"@type":"ReadAction","target":["https:\/\/epochtimestr.com\/index.php\/cumhurbaskani-erdogan-ataturku-anma-toreninde-aciklamalarda-bulundu"]}]},{"@type":"ImageObject","inLanguage":"tr","@id":"https:\/\/epochtimestr.com\/index.php\/cumhurbaskani-erdogan-ataturku-anma-toreninde-aciklamalarda-bulundu#primaryimage","url":"https:\/\/epochtimestr.com\/wp-content\/uploads\/2011y\/recep-tayyip-erdo\u011fan-10-kas\u0131m.jpg","contentUrl":"https:\/\/epochtimestr.com\/wp-content\/uploads\/2011y\/recep-tayyip-erdo\u011fan-10-kas\u0131m.jpg","width":886,"height":550,"caption":"Foto\u011fraf : T.C. Cumhurba\u015fkanl\u0131\u011f\u0131 Resmi Sitesi"},{"@type":"WebSite","@id":"https:\/\/epochtimestr.com\/#website","url":"https:\/\/epochtimestr.com\/","name":"The Epoch Times TR","description":"De\u011fi\u015fen D\u00fcnyam\u0131za Taze Bir Bak\u0131\u015f","publisher":{"@id":"https:\/\/epochtimestr.com\/#organization"},"potentialAction":[{"@type":"SearchAction","target":{"@type":"EntryPoint","urlTemplate":"https:\/\/epochtimestr.com\/?s={search_term_string}"},"query-input":"required name=search_term_string"}],"inLanguage":"tr"},{"@type":"Organization","@id":"https:\/\/epochtimestr.com\/#organization","name":"The EpochTimes T\u00fcrkiye","url":"https:\/\/epochtimestr.com\/","logo":{"@type":"ImageObject","inLanguage":"tr","@id":"https:\/\/epochtimestr.com\/#\/schema\/logo\/image\/","url":"https:\/\/epochtimestr.com\/wp-content\/uploads\/2011y\/ET-Logo-YG.jpg","contentUrl":"https:\/\/epochtimestr.com\/wp-content\/uploads\/2011y\/ET-Logo-YG.jpg","width":346,"height":29,"caption":"The EpochTimes T\u00fcrkiye"},"image":{"@id":"https:\/\/epochtimestr.com\/#\/schema\/logo\/image\/"},"sameAs":["https:\/\/www.facebook.com\/theepochtimestr","https:\/\/x.com\/TheEpochTimesTR","https:\/\/www.instagram.com\/epochtimestr"]},{"@type":"Person","@id":"https:\/\/epochtimestr.com\/#\/schema\/person\/98ca9c773997f59c22622a3779f4e684","name":"Seda F.","image":{"@type":"ImageObject","inLanguage":"tr","@id":"https:\/\/epochtimestr.com\/#\/schema\/person\/image\/","url":"https:\/\/secure.gravatar.com\/avatar\/d34ac3562f53286f25d03d9139fb9105?s=96&d=mm&r=g","contentUrl":"https:\/\/secure.gravatar.com\/avatar\/d34ac3562f53286f25d03d9139fb9105?s=96&d=mm&r=g","caption":"Seda F."},"url":"https:\/\/epochtimestr.com\/index.php\/author\/seda-f"}]}},"_links":{"self":[{"href":"https:\/\/epochtimestr.com\/index.php\/wp-json\/wp\/v2\/posts\/130670"}],"collection":[{"href":"https:\/\/epochtimestr.com\/index.php\/wp-json\/wp\/v2\/posts"}],"about":[{"href":"https:\/\/epochtimestr.com\/index.php\/wp-json\/wp\/v2\/types\/post"}],"author":[{"embeddable":true,"href":"https:\/\/epochtimestr.com\/index.php\/wp-json\/wp\/v2\/users\/13971"}],"replies":[{"embeddable":true,"href":"https:\/\/epochtimestr.com\/index.php\/wp-json\/wp\/v2\/comments?post=130670"}],"version-history":[{"count":2,"href":"https:\/\/epochtimestr.com\/index.php\/wp-json\/wp\/v2\/posts\/130670\/revisions"}],"predecessor-version":[{"id":130673,"href":"https:\/\/epochtimestr.com\/index.php\/wp-json\/wp\/v2\/posts\/130670\/revisions\/130673"}],"wp:featuredmedia":[{"embeddable":true,"href":"https:\/\/epochtimestr.com\/index.php\/wp-json\/wp\/v2\/media\/130671"}],"wp:attachment":[{"href":"https:\/\/epochtimestr.com\/index.php\/wp-json\/wp\/v2\/media?parent=130670"}],"wp:term":[{"taxonomy":"category","embeddable":true,"href":"https:\/\/epochtimestr.com\/index.php\/wp-json\/wp\/v2\/categories?post=130670"},{"taxonomy":"post_tag","embeddable":true,"href":"https:\/\/epochtimestr.com\/index.php\/wp-json\/wp\/v2\/tags?post=130670"}],"curies":[{"name":"wp","href":"https:\/\/api.w.org\/{rel}","templated":true}]}}