{"id":130674,"date":"2020-11-10T20:29:05","date_gmt":"2020-11-10T17:29:05","guid":{"rendered":"http:\/\/epochtimestr.com\/?p=130674"},"modified":"2020-11-10T20:29:06","modified_gmt":"2020-11-10T17:29:06","slug":"covid-19-tablosu-paylasildi-15","status":"publish","type":"post","link":"https:\/\/epochtimestr.com\/index.php\/covid-19-tablosu-paylasildi-15","title":{"rendered":"Covid-19 Tablosu Payla\u015f\u0131ld\u0131"},"content":{"rendered":"\n<div class=\"wp-block-image\"><figure class=\"aligncenter size-large is-resized\"><img loading=\"lazy\" decoding=\"async\" src=\"https:\/\/epochtimestr.com\/wp-content\/uploads\/2011y\/fahrettin-koca-1.jpg\" alt=\"\" class=\"wp-image-129135\" width=\"583\" height=\"294\"\/><\/figure><\/div>\n\n\n\n<h2 class=\"wp-block-heading\">T\u00fcrkiye G\u00fcnl\u00fck Covid-19 Tablosu Sa\u011fl\u0131k Bakanl\u0131\u011f\u0131 taraf\u0131ndan payla\u015f\u0131ld\u0131.<\/h2>\n\n\n\n<p>Sa\u011fl\u0131k Bakan\u0131 Fahrettin Koca, Covid-19\u2019a ili\u015fkin, &#8220;Bug\u00fcn tespit edilen 2.529 yeni hastam\u0131z var. A\u011f\u0131r hasta say\u0131m\u0131z 3.000\u2019i ge\u00e7ti. Kay\u0131plar\u0131m\u0131z\u0131 azaltmak i\u00e7in hasta ve a\u011f\u0131r hasta say\u0131s\u0131n\u0131 azaltmak zorunday\u0131z. Buna ancak birlik ve beraberlik i\u00e7inde m\u00fccadele ederek, tedbirlere uyarak ula\u015fabiliriz. Maske tak\u0131n.&#8221; ifadelerini kulland\u0131.<\/p>\n\n\n\n<p>Tabloya g\u00f6re,\u00a0son 24 saatte 2529 ki\u015fiye Covid-19 tan\u0131s\u0131 konuldu, 87 ki\u015fi hayat\u0131n\u0131 kaybetti, toplam vaka say\u0131s\u0131 399 bin 360, can kayb\u0131 11 bin 059 oldu.<\/p>\n\n\n\n<div class=\"wp-block-image\"><figure class=\"aligncenter\"><img decoding=\"async\" src=\"https:\/\/assets.dogannet.tv\/img\/75\/640x0\/5faabe69ae298bb78124fae6\" alt=\"\"\/><\/figure><\/div>\n","protected":false},"excerpt":{"rendered":"<p>T\u00fcrkiye G\u00fcnl\u00fck Covid-19 Tablosu Sa\u011fl\u0131k Bakanl\u0131\u011f\u0131 taraf\u0131ndan payla\u015f\u0131ld\u0131. Sa\u011fl\u0131k Bakan\u0131 Fahrettin Koca, Covid-19\u2019a ili\u015fkin, &#8220;Bug\u00fcn tespit edilen 2.529 yeni hastam\u0131z var. A\u011f\u0131r hasta say\u0131m\u0131z 3.000\u2019i ge\u00e7ti. Kay\u0131plar\u0131m\u0131z\u0131 azaltmak i\u00e7in hasta ve a\u011f\u0131r hasta say\u0131s\u0131n\u0131 azaltmak zorunday\u0131z. Buna ancak birlik ve beraberlik i\u00e7inde m\u00fccadele ederek, tedbirlere uyarak ula\u015fabiliriz. Maske tak\u0131n.&#8221; ifadelerini kulland\u0131. Tabloya g\u00f6re,\u00a0son 24 saatte [&hellip;]<\/p>\n","protected":false},"author":13971,"featured_media":0,"comment_status":"closed","ping_status":"open","sticky":false,"template":"","format":"standard","meta":{"_yoast_wpseo_focuskw":"","_yoast_wpseo_title":"","_yoast_wpseo_metadesc":"","_bbp_topic_count":0,"_bbp_reply_count":0,"_bbp_total_topic_count":0,"_bbp_total_reply_count":0,"_bbp_voice_count":0,"_bbp_anonymous_reply_count":0,"_bbp_topic_count_hidden":0,"_bbp_reply_count_hidden":0,"_bbp_forum_subforum_count":0,"footnotes":"","_yoast_wpseo_focuskw_text_input":""},"categories":[1,37],"tags":[7251,7439],"yoast_head":"<!-- This site is optimized with the Yoast SEO plugin v23.0 - https:\/\/yoast.com\/wordpress\/plugins\/seo\/ -->\n<title>Covid-19 Tablosu Payla\u015f\u0131ld\u0131 - The Epoch Times TR<\/title>\n<meta name=\"robots\" content=\"index, follow, max-snippet:-1, max-image-preview:large, max-video-preview:-1\" \/>\n<link rel=\"canonical\" href=\"https:\/\/epochtimestr.com\/index.php\/covid-19-tablosu-paylasildi-15\" \/>\n<meta property=\"og:locale\" content=\"tr_TR\" \/>\n<meta property=\"og:type\" content=\"article\" \/>\n<meta property=\"og:title\" content=\"Covid-19 Tablosu Payla\u015f\u0131ld\u0131 - The Epoch Times TR\" \/>\n<meta property=\"og:description\" content=\"T\u00fcrkiye G\u00fcnl\u00fck Covid-19 Tablosu Sa\u011fl\u0131k Bakanl\u0131\u011f\u0131 taraf\u0131ndan payla\u015f\u0131ld\u0131. Sa\u011fl\u0131k Bakan\u0131 Fahrettin Koca, Covid-19\u2019a ili\u015fkin, &#8220;Bug\u00fcn tespit edilen 2.529 yeni hastam\u0131z var. A\u011f\u0131r hasta say\u0131m\u0131z 3.000\u2019i ge\u00e7ti. Kay\u0131plar\u0131m\u0131z\u0131 azaltmak i\u00e7in hasta ve a\u011f\u0131r hasta say\u0131s\u0131n\u0131 azaltmak zorunday\u0131z. Buna ancak birlik ve beraberlik i\u00e7inde m\u00fccadele ederek, tedbirlere uyarak ula\u015fabiliriz. Maske tak\u0131n.&#8221; ifadelerini kulland\u0131. Tabloya g\u00f6re,\u00a0son 24 saatte [&hellip;]\" \/>\n<meta property=\"og:url\" content=\"https:\/\/epochtimestr.com\/index.php\/covid-19-tablosu-paylasildi-15\" \/>\n<meta property=\"og:site_name\" content=\"The Epoch Times TR\" \/>\n<meta property=\"article:publisher\" content=\"https:\/\/www.facebook.com\/theepochtimestr\" \/>\n<meta property=\"article:published_time\" content=\"2020-11-10T17:29:05+00:00\" \/>\n<meta property=\"article:modified_time\" content=\"2020-11-10T17:29:06+00:00\" \/>\n<meta property=\"og:image\" content=\"http:\/\/epochtimestr.com\/wp-content\/uploads\/2011y\/fahrettin-koca-1.jpg\" \/>\n<meta name=\"author\" content=\"Seda F.\" \/>\n<meta name=\"twitter:card\" content=\"summary_large_image\" \/>\n<meta name=\"twitter:creator\" content=\"@TheEpochTimesTR\" \/>\n<meta name=\"twitter:site\" content=\"@TheEpochTimesTR\" \/>\n<meta name=\"twitter:label1\" content=\"Yazan:\" \/>\n\t<meta name=\"twitter:data1\" content=\"Seda F.\" \/>\n\t<meta name=\"twitter:label2\" content=\"Tahmini okuma s\u00fcresi\" \/>\n\t<meta name=\"twitter:data2\" content=\"1 dakika\" \/>\n<script type=\"application\/ld+json\" class=\"yoast-schema-graph\">{\"@context\":\"https:\/\/schema.org\",\"@graph\":[{\"@type\":\"Article\",\"@id\":\"https:\/\/epochtimestr.com\/index.php\/covid-19-tablosu-paylasildi-15#article\",\"isPartOf\":{\"@id\":\"https:\/\/epochtimestr.com\/index.php\/covid-19-tablosu-paylasildi-15\"},\"author\":{\"name\":\"Seda F.\",\"@id\":\"https:\/\/epochtimestr.com\/#\/schema\/person\/98ca9c773997f59c22622a3779f4e684\"},\"headline\":\"Covid-19 Tablosu Payla\u015f\u0131ld\u0131\",\"datePublished\":\"2020-11-10T17:29:05+00:00\",\"dateModified\":\"2020-11-10T17:29:06+00:00\",\"mainEntityOfPage\":{\"@id\":\"https:\/\/epochtimestr.com\/index.php\/covid-19-tablosu-paylasildi-15\"},\"wordCount\":108,\"publisher\":{\"@id\":\"https:\/\/epochtimestr.com\/#organization\"},\"image\":{\"@id\":\"https:\/\/epochtimestr.com\/index.php\/covid-19-tablosu-paylasildi-15#primaryimage\"},\"thumbnailUrl\":\"http:\/\/epochtimestr.com\/wp-content\/uploads\/2011y\/fahrettin-koca-1.jpg\",\"keywords\":[\"covid-19\",\"sa\u011fl\u0131k bakan\u0131 fahrettin koca\"],\"articleSection\":[\"G\u00dcNDEM\",\"T\u00dcRK\u0130YE\"],\"inLanguage\":\"tr\"},{\"@type\":\"WebPage\",\"@id\":\"https:\/\/epochtimestr.com\/index.php\/covid-19-tablosu-paylasildi-15\",\"url\":\"https:\/\/epochtimestr.com\/index.php\/covid-19-tablosu-paylasildi-15\",\"name\":\"Covid-19 Tablosu Payla\u015f\u0131ld\u0131 - The Epoch Times TR\",\"isPartOf\":{\"@id\":\"https:\/\/epochtimestr.com\/#website\"},\"primaryImageOfPage\":{\"@id\":\"https:\/\/epochtimestr.com\/index.php\/covid-19-tablosu-paylasildi-15#primaryimage\"},\"image\":{\"@id\":\"https:\/\/epochtimestr.com\/index.php\/covid-19-tablosu-paylasildi-15#primaryimage\"},\"thumbnailUrl\":\"http:\/\/epochtimestr.com\/wp-content\/uploads\/2011y\/fahrettin-koca-1.jpg\",\"datePublished\":\"2020-11-10T17:29:05+00:00\",\"dateModified\":\"2020-11-10T17:29:06+00:00\",\"inLanguage\":\"tr\",\"potentialAction\":[{\"@type\":\"ReadAction\",\"target\":[\"https:\/\/epochtimestr.com\/index.php\/covid-19-tablosu-paylasildi-15\"]}]},{\"@type\":\"ImageObject\",\"inLanguage\":\"tr\",\"@id\":\"https:\/\/epochtimestr.com\/index.php\/covid-19-tablosu-paylasildi-15#primaryimage\",\"url\":\"\",\"contentUrl\":\"\"},{\"@type\":\"WebSite\",\"@id\":\"https:\/\/epochtimestr.com\/#website\",\"url\":\"https:\/\/epochtimestr.com\/\",\"name\":\"The Epoch Times TR\",\"description\":\"De\u011fi\u015fen D\u00fcnyam\u0131za Taze Bir Bak\u0131\u015f\",\"publisher\":{\"@id\":\"https:\/\/epochtimestr.com\/#organization\"},\"potentialAction\":[{\"@type\":\"SearchAction\",\"target\":{\"@type\":\"EntryPoint\",\"urlTemplate\":\"https:\/\/epochtimestr.com\/?s={search_term_string}\"},\"query-input\":\"required name=search_term_string\"}],\"inLanguage\":\"tr\"},{\"@type\":\"Organization\",\"@id\":\"https:\/\/epochtimestr.com\/#organization\",\"name\":\"The EpochTimes T\u00fcrkiye\",\"url\":\"https:\/\/epochtimestr.com\/\",\"logo\":{\"@type\":\"ImageObject\",\"inLanguage\":\"tr\",\"@id\":\"https:\/\/epochtimestr.com\/#\/schema\/logo\/image\/\",\"url\":\"https:\/\/epochtimestr.com\/wp-content\/uploads\/2011y\/ET-Logo-YG.jpg\",\"contentUrl\":\"https:\/\/epochtimestr.com\/wp-content\/uploads\/2011y\/ET-Logo-YG.jpg\",\"width\":346,\"height\":29,\"caption\":\"The EpochTimes T\u00fcrkiye\"},\"image\":{\"@id\":\"https:\/\/epochtimestr.com\/#\/schema\/logo\/image\/\"},\"sameAs\":[\"https:\/\/www.facebook.com\/theepochtimestr\",\"https:\/\/x.com\/TheEpochTimesTR\",\"https:\/\/www.instagram.com\/epochtimestr\"]},{\"@type\":\"Person\",\"@id\":\"https:\/\/epochtimestr.com\/#\/schema\/person\/98ca9c773997f59c22622a3779f4e684\",\"name\":\"Seda F.\",\"image\":{\"@type\":\"ImageObject\",\"inLanguage\":\"tr\",\"@id\":\"https:\/\/epochtimestr.com\/#\/schema\/person\/image\/\",\"url\":\"https:\/\/secure.gravatar.com\/avatar\/d34ac3562f53286f25d03d9139fb9105?s=96&d=mm&r=g\",\"contentUrl\":\"https:\/\/secure.gravatar.com\/avatar\/d34ac3562f53286f25d03d9139fb9105?s=96&d=mm&r=g\",\"caption\":\"Seda F.\"},\"url\":\"https:\/\/epochtimestr.com\/index.php\/author\/seda-f\"}]}<\/script>\n<!-- \/ Yoast SEO plugin. -->","yoast_head_json":{"title":"Covid-19 Tablosu Payla\u015f\u0131ld\u0131 - The Epoch Times TR","robots":{"index":"index","follow":"follow","max-snippet":"max-snippet:-1","max-image-preview":"max-image-preview:large","max-video-preview":"max-video-preview:-1"},"canonical":"https:\/\/epochtimestr.com\/index.php\/covid-19-tablosu-paylasildi-15","og_locale":"tr_TR","og_type":"article","og_title":"Covid-19 Tablosu Payla\u015f\u0131ld\u0131 - The Epoch Times TR","og_description":"T\u00fcrkiye G\u00fcnl\u00fck Covid-19 Tablosu Sa\u011fl\u0131k Bakanl\u0131\u011f\u0131 taraf\u0131ndan payla\u015f\u0131ld\u0131. Sa\u011fl\u0131k Bakan\u0131 Fahrettin Koca, Covid-19\u2019a ili\u015fkin, &#8220;Bug\u00fcn tespit edilen 2.529 yeni hastam\u0131z var. A\u011f\u0131r hasta say\u0131m\u0131z 3.000\u2019i ge\u00e7ti. Kay\u0131plar\u0131m\u0131z\u0131 azaltmak i\u00e7in hasta ve a\u011f\u0131r hasta say\u0131s\u0131n\u0131 azaltmak zorunday\u0131z. Buna ancak birlik ve beraberlik i\u00e7inde m\u00fccadele ederek, tedbirlere uyarak ula\u015fabiliriz. Maske tak\u0131n.&#8221; ifadelerini kulland\u0131. Tabloya g\u00f6re,\u00a0son 24 saatte [&hellip;]","og_url":"https:\/\/epochtimestr.com\/index.php\/covid-19-tablosu-paylasildi-15","og_site_name":"The Epoch Times TR","article_publisher":"https:\/\/www.facebook.com\/theepochtimestr","article_published_time":"2020-11-10T17:29:05+00:00","article_modified_time":"2020-11-10T17:29:06+00:00","og_image":[{"url":"http:\/\/epochtimestr.com\/wp-content\/uploads\/2011y\/fahrettin-koca-1.jpg"}],"author":"Seda F.","twitter_card":"summary_large_image","twitter_creator":"@TheEpochTimesTR","twitter_site":"@TheEpochTimesTR","twitter_misc":{"Yazan:":"Seda F.","Tahmini okuma s\u00fcresi":"1 dakika"},"schema":{"@context":"https:\/\/schema.org","@graph":[{"@type":"Article","@id":"https:\/\/epochtimestr.com\/index.php\/covid-19-tablosu-paylasildi-15#article","isPartOf":{"@id":"https:\/\/epochtimestr.com\/index.php\/covid-19-tablosu-paylasildi-15"},"author":{"name":"Seda F.","@id":"https:\/\/epochtimestr.com\/#\/schema\/person\/98ca9c773997f59c22622a3779f4e684"},"headline":"Covid-19 Tablosu Payla\u015f\u0131ld\u0131","datePublished":"2020-11-10T17:29:05+00:00","dateModified":"2020-11-10T17:29:06+00:00","mainEntityOfPage":{"@id":"https:\/\/epochtimestr.com\/index.php\/covid-19-tablosu-paylasildi-15"},"wordCount":108,"publisher":{"@id":"https:\/\/epochtimestr.com\/#organization"},"image":{"@id":"https:\/\/epochtimestr.com\/index.php\/covid-19-tablosu-paylasildi-15#primaryimage"},"thumbnailUrl":"http:\/\/epochtimestr.com\/wp-content\/uploads\/2011y\/fahrettin-koca-1.jpg","keywords":["covid-19","sa\u011fl\u0131k bakan\u0131 fahrettin koca"],"articleSection":["G\u00dcNDEM","T\u00dcRK\u0130YE"],"inLanguage":"tr"},{"@type":"WebPage","@id":"https:\/\/epochtimestr.com\/index.php\/covid-19-tablosu-paylasildi-15","url":"https:\/\/epochtimestr.com\/index.php\/covid-19-tablosu-paylasildi-15","name":"Covid-19 Tablosu Payla\u015f\u0131ld\u0131 - The Epoch Times TR","isPartOf":{"@id":"https:\/\/epochtimestr.com\/#website"},"primaryImageOfPage":{"@id":"https:\/\/epochtimestr.com\/index.php\/covid-19-tablosu-paylasildi-15#primaryimage"},"image":{"@id":"https:\/\/epochtimestr.com\/index.php\/covid-19-tablosu-paylasildi-15#primaryimage"},"thumbnailUrl":"http:\/\/epochtimestr.com\/wp-content\/uploads\/2011y\/fahrettin-koca-1.jpg","datePublished":"2020-11-10T17:29:05+00:00","dateModified":"2020-11-10T17:29:06+00:00","inLanguage":"tr","potentialAction":[{"@type":"ReadAction","target":["https:\/\/epochtimestr.com\/index.php\/covid-19-tablosu-paylasildi-15"]}]},{"@type":"ImageObject","inLanguage":"tr","@id":"https:\/\/epochtimestr.com\/index.php\/covid-19-tablosu-paylasildi-15#primaryimage","url":"","contentUrl":""},{"@type":"WebSite","@id":"https:\/\/epochtimestr.com\/#website","url":"https:\/\/epochtimestr.com\/","name":"The Epoch Times TR","description":"De\u011fi\u015fen D\u00fcnyam\u0131za Taze Bir Bak\u0131\u015f","publisher":{"@id":"https:\/\/epochtimestr.com\/#organization"},"potentialAction":[{"@type":"SearchAction","target":{"@type":"EntryPoint","urlTemplate":"https:\/\/epochtimestr.com\/?s={search_term_string}"},"query-input":"required name=search_term_string"}],"inLanguage":"tr"},{"@type":"Organization","@id":"https:\/\/epochtimestr.com\/#organization","name":"The EpochTimes T\u00fcrkiye","url":"https:\/\/epochtimestr.com\/","logo":{"@type":"ImageObject","inLanguage":"tr","@id":"https:\/\/epochtimestr.com\/#\/schema\/logo\/image\/","url":"https:\/\/epochtimestr.com\/wp-content\/uploads\/2011y\/ET-Logo-YG.jpg","contentUrl":"https:\/\/epochtimestr.com\/wp-content\/uploads\/2011y\/ET-Logo-YG.jpg","width":346,"height":29,"caption":"The EpochTimes T\u00fcrkiye"},"image":{"@id":"https:\/\/epochtimestr.com\/#\/schema\/logo\/image\/"},"sameAs":["https:\/\/www.facebook.com\/theepochtimestr","https:\/\/x.com\/TheEpochTimesTR","https:\/\/www.instagram.com\/epochtimestr"]},{"@type":"Person","@id":"https:\/\/epochtimestr.com\/#\/schema\/person\/98ca9c773997f59c22622a3779f4e684","name":"Seda F.","image":{"@type":"ImageObject","inLanguage":"tr","@id":"https:\/\/epochtimestr.com\/#\/schema\/person\/image\/","url":"https:\/\/secure.gravatar.com\/avatar\/d34ac3562f53286f25d03d9139fb9105?s=96&d=mm&r=g","contentUrl":"https:\/\/secure.gravatar.com\/avatar\/d34ac3562f53286f25d03d9139fb9105?s=96&d=mm&r=g","caption":"Seda F."},"url":"https:\/\/epochtimestr.com\/index.php\/author\/seda-f"}]}},"_links":{"self":[{"href":"https:\/\/epochtimestr.com\/index.php\/wp-json\/wp\/v2\/posts\/130674"}],"collection":[{"href":"https:\/\/epochtimestr.com\/index.php\/wp-json\/wp\/v2\/posts"}],"about":[{"href":"https:\/\/epochtimestr.com\/index.php\/wp-json\/wp\/v2\/types\/post"}],"author":[{"embeddable":true,"href":"https:\/\/epochtimestr.com\/index.php\/wp-json\/wp\/v2\/users\/13971"}],"replies":[{"embeddable":true,"href":"https:\/\/epochtimestr.com\/index.php\/wp-json\/wp\/v2\/comments?post=130674"}],"version-history":[{"count":1,"href":"https:\/\/epochtimestr.com\/index.php\/wp-json\/wp\/v2\/posts\/130674\/revisions"}],"predecessor-version":[{"id":130675,"href":"https:\/\/epochtimestr.com\/index.php\/wp-json\/wp\/v2\/posts\/130674\/revisions\/130675"}],"wp:attachment":[{"href":"https:\/\/epochtimestr.com\/index.php\/wp-json\/wp\/v2\/media?parent=130674"}],"wp:term":[{"taxonomy":"category","embeddable":true,"href":"https:\/\/epochtimestr.com\/index.php\/wp-json\/wp\/v2\/categories?post=130674"},{"taxonomy":"post_tag","embeddable":true,"href":"https:\/\/epochtimestr.com\/index.php\/wp-json\/wp\/v2\/tags?post=130674"}],"curies":[{"name":"wp","href":"https:\/\/api.w.org\/{rel}","templated":true}]}}