{"id":130676,"date":"2020-11-10T20:39:52","date_gmt":"2020-11-10T17:39:52","guid":{"rendered":"http:\/\/epochtimestr.com\/?p=130676"},"modified":"2020-11-10T20:39:55","modified_gmt":"2020-11-10T17:39:55","slug":"ankarada-65-yas-ve-ustu-ile-ilgili-yeni-karar","status":"publish","type":"post","link":"https:\/\/epochtimestr.com\/index.php\/ankarada-65-yas-ve-ustu-ile-ilgili-yeni-karar","title":{"rendered":"Ankara\u2019da 65 Ya\u015f ve \u00dcst\u00fc \u0130le \u0130lgili Yeni Karar"},"content":{"rendered":"\n<div class=\"wp-block-image\"><figure class=\"aligncenter size-large\"><img loading=\"lazy\" decoding=\"async\" width=\"600\" height=\"320\" src=\"https:\/\/epochtimestr.com\/wp-content\/uploads\/2011y\/2175038-600x320.jpg\" alt=\"\" class=\"wp-image-107255\" srcset=\"https:\/\/epochtimestr.com\/wp-content\/uploads\/2011y\/2175038-600x320.jpg 600w, https:\/\/epochtimestr.com\/wp-content\/uploads\/2011y\/2175038-150x80.jpg 150w, https:\/\/epochtimestr.com\/wp-content\/uploads\/2011y\/2175038-300x160.jpg 300w, https:\/\/epochtimestr.com\/wp-content\/uploads\/2011y\/2175038-292x156.jpg 292w, https:\/\/epochtimestr.com\/wp-content\/uploads\/2011y\/2175038-638x340.jpg 638w, https:\/\/epochtimestr.com\/wp-content\/uploads\/2011y\/2175038-190x100.jpg 190w, https:\/\/epochtimestr.com\/wp-content\/uploads\/2011y\/2175038-629x335.jpg 629w, https:\/\/epochtimestr.com\/wp-content\/uploads\/2011y\/2175038.jpg 664w\" sizes=\"(max-width: 600px) 100vw, 600px\" \/><\/figure><\/div>\n\n\n\n<h2 class=\"wp-block-heading\">Ankara\u2019da salg\u0131n\u0131n yay\u0131lmas\u0131n\u0131n azalt\u0131lmas\u0131 amac\u0131 ile 65 ya\u015f ve \u00fczeri vatanda\u015flar\u0131n soka\u011fa \u00e7\u0131kma saatleriyle ilgili yeni kararlar al\u0131nd\u0131\u011f\u0131 duyuruldu.<\/h2>\n\n\n\n<p>Ankara&#8217;da 65 ya\u015f ve \u00fcst\u00fc vatanda\u015flar\u0131n her g\u00fcn 10:00-16:00 saatleri aras\u0131nda sosyal mesafe kural\u0131na riayet etmek ve maske takmak kayd\u0131yla d\u0131\u015far\u0131 \u00e7\u0131kabileceklerine, bu saatler d\u0131\u015f\u0131nda 65 ya\u015f ve \u00fcst\u00fc vatanda\u015flar\u0131n soka\u011fa \u00e7\u0131kmas\u0131n\u0131n k\u0131s\u0131tlanmas\u0131na karar verildi\u011fi a\u00e7\u0131kland\u0131.<\/p>\n\n\n\n<p>Al\u0131nan kararlarla ilgili valilikten yap\u0131lan a\u00e7\u0131klama \u015f\u00f6yledir :<\/p>\n\n\n\n<p>&#8220;Ankara \u0130l Umumi H\u0131fz\u0131ss\u0131hha Kurulu 10.11.2020 tarihinde 1593 say\u0131l\u0131 Umumi H\u0131fz\u0131ss\u0131hha Kanununun 23. 27. ve 72. maddelerine g\u00f6re, Ankara Valisi Vasip \u015eAH\u0130N ba\u015fkanl\u0131\u011f\u0131nda ola\u011fan\u00fcst\u00fc toplanarak g\u00fcndemindeki konular\u0131 g\u00f6r\u00fc\u015f\u00fcp a\u015fa\u011f\u0131daki kararlar\u0131 alm\u0131\u015ft\u0131r.<\/p>\n\n\n\n<p>Covid\u00ad19 salg\u0131n\u0131 t\u00fcm \u00fclkelerde etkisini g\u00f6stermeye devam etmekte ve vaka say\u0131lar\u0131nda ciddi art\u0131\u015flar ya\u015fanmaktad\u0131r. \u00d6zellikle Avrupa k\u0131tas\u0131nda salg\u0131n\u0131n seyrinde bir y\u00fckselme g\u00f6r\u00fclmekte olup ki\u015filerin toplu olarak bir araya gelmelerini \u00f6nlemeye y\u00f6nelik bir\u00e7ok Avrupa \u00fclkesinde tedbir kararlar\u0131 al\u0131nmakta ve kamuoyu ile payla\u015f\u0131lmaktad\u0131r.<\/p>\n\n\n\n<p>\u00dclkemizde de i\u00e7erisinde bulundu\u011fumuz kontroll\u00fc sosyal hayat d\u00f6neminin temel prensipleri olan temizlik, maske ve mesafe kurallar\u0131n\u0131n yan\u0131 s\u0131ra salg\u0131n\u0131n seyri ve olas\u0131 riskler g\u00f6z \u00f6n\u00fcnde bulundurularak hayat\u0131n her alan\u0131na y\u00f6nelik uyulmas\u0131 gereken kurallar ve \u00f6nlemler belirlenmektedir .Bu kapsamda;<\/p>\n\n\n\n<p>\u0130l Umumi H\u0131fz\u0131ss\u0131hha Kurulunun 10.06.2020 tarihli ve 46 no&#8217;lu karar\u0131n\u0131n 65 ya\u015f ve \u00fczeri vatanda\u015flar\u0131m\u0131z\u0131n her g\u00fcn 10.00-20.00 saatleri aras\u0131nda sosyal mesafe kural\u0131na riayet etmek ve maske takmak kayd\u0131yla d\u0131\u015far\u0131 \u00e7\u0131kabileceklerine karar verilmi\u015fti, salg\u0131nla m\u00fccadelede gelinen a\u015famada bu husus tekrar de\u011ferlendirilmi\u015f olup, 65 ya\u015f ve \u00fczeri vatanda\u015flar\u0131m\u0131z\u0131n her g\u00fcn 10.00-16.00 saatleri aras\u0131nda sosyal mesafe kural\u0131na riayet etmek ve maske takmak kayd\u0131yla d\u0131\u015far\u0131 \u00e7\u0131kabileceklerine, bu saatler d\u0131\u015f\u0131nda 65 ya\u015f ve \u00fczeri vatanda\u015flar\u0131m\u0131z\u0131n soka\u011fa \u00e7\u0131kmas\u0131n\u0131n k\u0131s\u0131tlanmas\u0131na,<\/p>\n\n\n\n<p>10:00-16:00 saatleri d\u0131\u015f\u0131nda soka\u011fa \u00e7\u0131kma k\u0131s\u0131tlamas\u0131 olan 65 ya\u015f ve \u00fczeri vatanda\u015flar\u0131m\u0131zdan,<\/p>\n\n\n\n<p>a. Kamu g\u00f6revinin niteli\u011fi mevcut durumun aciliyeti ve kamu hizmetinin s\u00fcreklili\u011finin sa\u011flanmas\u0131nda hizmetine ihtiya\u00e7 duyulacak ba\u015fta doktorlar, sa\u011fl\u0131k \u00e7al\u0131\u015fanlar\u0131, eczac\u0131lar, se\u00e7imle i\u015f ba\u015f\u0131na gelmi\u015f kamu g\u00f6revlileri, sosyal hizmet kurulu\u015flar\u0131 g\u00f6revlileri v.b. olmak \u00fczere kamu g\u00f6revlileri,<\/p>\n\n\n\n<p>b. \u0130\u015fletme sahibi, esnaf, t\u00fcccar, sanayici, \u00e7ift\u00e7i, serbest meslek sahipleri ile \u00e7al\u0131\u015fanlardan durumlar\u0131n\u0131 aktif sigortal\u0131l\u0131klar\u0131n\u0131 g\u00f6steren SGK Hizmet Belgesi, Vergi Kayd\u0131, \u015eirket Yetki Belgesi, Oda veya birlik kimli\u011finden biriyle belgeleyenler ile meslek odalar\u0131 ba\u015fkanlar\u0131n\u0131n, muaf tutulmas\u0131na,<\/p>\n\n\n\n<p>Kaymakamlar\u0131m\u0131z ve ilgili Kurumlar\u0131m\u0131zca konu hakk\u0131nda gerekli hassasiyetin g\u00f6sterilerek uygulaman\u0131n yukar\u0131da belirtilen \u00e7er\u00e7evede eksiksiz bir \u015fekilde yerine getirilmesinin sa\u011flanmas\u0131na, tedbirlere uymayanlarla ilgili Umumi H\u0131fz\u0131ss\u0131hha Kanununun 282&#8217;nci maddesi gere\u011fince idari para cezas\u0131 verilmesine, ayk\u0131r\u0131l\u0131\u011f\u0131n durumuna g\u00f6re Kanunun ilgili maddeleri gere\u011fince i\u015flem yap\u0131lmas\u0131na, konusu su\u00e7 te\u015fkil eden davran\u0131\u015flara ili\u015fkin T\u00fcrk Ceza Kanununun 195&#8217;inci maddesi kapsam\u0131nda gerekli adli i\u015flemlerin ba\u015flat\u0131lmas\u0131na oy birli\u011fi ile karar verildi.&#8221;<\/p>\n","protected":false},"excerpt":{"rendered":"<p>Ankara\u2019da salg\u0131n\u0131n yay\u0131lmas\u0131n\u0131n azalt\u0131lmas\u0131 amac\u0131 ile 65 ya\u015f ve \u00fczeri vatanda\u015flar\u0131n soka\u011fa \u00e7\u0131kma saatleriyle ilgili yeni kararlar al\u0131nd\u0131\u011f\u0131 duyuruldu. Ankara&#8217;da 65 ya\u015f ve \u00fcst\u00fc vatanda\u015flar\u0131n her g\u00fcn 10:00-16:00 saatleri aras\u0131nda sosyal mesafe kural\u0131na riayet etmek ve maske takmak kayd\u0131yla d\u0131\u015far\u0131 \u00e7\u0131kabileceklerine, bu saatler d\u0131\u015f\u0131nda 65 ya\u015f ve \u00fcst\u00fc vatanda\u015flar\u0131n soka\u011fa \u00e7\u0131kmas\u0131n\u0131n k\u0131s\u0131tlanmas\u0131na karar verildi\u011fi a\u00e7\u0131kland\u0131. [&hellip;]<\/p>\n","protected":false},"author":13971,"featured_media":107255,"comment_status":"closed","ping_status":"open","sticky":false,"template":"","format":"standard","meta":{"_yoast_wpseo_focuskw":"","_yoast_wpseo_title":"","_yoast_wpseo_metadesc":"","_bbp_topic_count":0,"_bbp_reply_count":0,"_bbp_total_topic_count":0,"_bbp_total_reply_count":0,"_bbp_voice_count":0,"_bbp_anonymous_reply_count":0,"_bbp_topic_count_hidden":0,"_bbp_reply_count_hidden":0,"_bbp_forum_subforum_count":0,"footnotes":"","_yoast_wpseo_focuskw_text_input":""},"categories":[1,37],"tags":[7706,7850,7251],"yoast_head":"<!-- This site is optimized with the Yoast SEO plugin v23.0 - https:\/\/yoast.com\/wordpress\/plugins\/seo\/ -->\n<title>Ankara\u2019da 65 Ya\u015f ve \u00dcst\u00fc \u0130le \u0130lgili Yeni Karar - The Epoch Times TR<\/title>\n<meta name=\"robots\" content=\"index, follow, max-snippet:-1, max-image-preview:large, max-video-preview:-1\" \/>\n<link rel=\"canonical\" href=\"https:\/\/epochtimestr.com\/index.php\/ankarada-65-yas-ve-ustu-ile-ilgili-yeni-karar\" \/>\n<meta property=\"og:locale\" content=\"tr_TR\" \/>\n<meta property=\"og:type\" content=\"article\" \/>\n<meta property=\"og:title\" content=\"Ankara\u2019da 65 Ya\u015f ve \u00dcst\u00fc \u0130le \u0130lgili Yeni Karar - The Epoch Times TR\" \/>\n<meta property=\"og:description\" content=\"Ankara\u2019da salg\u0131n\u0131n yay\u0131lmas\u0131n\u0131n azalt\u0131lmas\u0131 amac\u0131 ile 65 ya\u015f ve \u00fczeri vatanda\u015flar\u0131n soka\u011fa \u00e7\u0131kma saatleriyle ilgili yeni kararlar al\u0131nd\u0131\u011f\u0131 duyuruldu. Ankara&#8217;da 65 ya\u015f ve \u00fcst\u00fc vatanda\u015flar\u0131n her g\u00fcn 10:00-16:00 saatleri aras\u0131nda sosyal mesafe kural\u0131na riayet etmek ve maske takmak kayd\u0131yla d\u0131\u015far\u0131 \u00e7\u0131kabileceklerine, bu saatler d\u0131\u015f\u0131nda 65 ya\u015f ve \u00fcst\u00fc vatanda\u015flar\u0131n soka\u011fa \u00e7\u0131kmas\u0131n\u0131n k\u0131s\u0131tlanmas\u0131na karar verildi\u011fi a\u00e7\u0131kland\u0131. [&hellip;]\" \/>\n<meta property=\"og:url\" content=\"https:\/\/epochtimestr.com\/index.php\/ankarada-65-yas-ve-ustu-ile-ilgili-yeni-karar\" \/>\n<meta property=\"og:site_name\" content=\"The Epoch Times TR\" \/>\n<meta property=\"article:publisher\" content=\"https:\/\/www.facebook.com\/theepochtimestr\" \/>\n<meta property=\"article:published_time\" content=\"2020-11-10T17:39:52+00:00\" \/>\n<meta property=\"article:modified_time\" content=\"2020-11-10T17:39:55+00:00\" \/>\n<meta property=\"og:image\" content=\"https:\/\/epochtimestr.com\/wp-content\/uploads\/2011y\/2175038.jpg\" \/>\n\t<meta property=\"og:image:width\" content=\"664\" \/>\n\t<meta property=\"og:image:height\" content=\"354\" \/>\n\t<meta property=\"og:image:type\" content=\"image\/jpeg\" \/>\n<meta name=\"author\" content=\"Seda F.\" \/>\n<meta name=\"twitter:card\" content=\"summary_large_image\" \/>\n<meta name=\"twitter:creator\" content=\"@TheEpochTimesTR\" \/>\n<meta name=\"twitter:site\" content=\"@TheEpochTimesTR\" \/>\n<meta name=\"twitter:label1\" content=\"Yazan:\" \/>\n\t<meta name=\"twitter:data1\" content=\"Seda F.\" \/>\n\t<meta name=\"twitter:label2\" content=\"Tahmini okuma s\u00fcresi\" \/>\n\t<meta name=\"twitter:data2\" content=\"3 dakika\" \/>\n<script type=\"application\/ld+json\" class=\"yoast-schema-graph\">{\"@context\":\"https:\/\/schema.org\",\"@graph\":[{\"@type\":\"Article\",\"@id\":\"https:\/\/epochtimestr.com\/index.php\/ankarada-65-yas-ve-ustu-ile-ilgili-yeni-karar#article\",\"isPartOf\":{\"@id\":\"https:\/\/epochtimestr.com\/index.php\/ankarada-65-yas-ve-ustu-ile-ilgili-yeni-karar\"},\"author\":{\"name\":\"Seda F.\",\"@id\":\"https:\/\/epochtimestr.com\/#\/schema\/person\/98ca9c773997f59c22622a3779f4e684\"},\"headline\":\"Ankara\u2019da 65 Ya\u015f ve \u00dcst\u00fc \u0130le \u0130lgili Yeni Karar\",\"datePublished\":\"2020-11-10T17:39:52+00:00\",\"dateModified\":\"2020-11-10T17:39:55+00:00\",\"mainEntityOfPage\":{\"@id\":\"https:\/\/epochtimestr.com\/index.php\/ankarada-65-yas-ve-ustu-ile-ilgili-yeni-karar\"},\"wordCount\":582,\"publisher\":{\"@id\":\"https:\/\/epochtimestr.com\/#organization\"},\"image\":{\"@id\":\"https:\/\/epochtimestr.com\/index.php\/ankarada-65-yas-ve-ustu-ile-ilgili-yeni-karar#primaryimage\"},\"thumbnailUrl\":\"https:\/\/epochtimestr.com\/wp-content\/uploads\/2011y\/2175038.jpg\",\"keywords\":[\"65ya\u015f\u00fcst\u00fc\",\"ankara valili\u011fi\",\"covid-19\"],\"articleSection\":[\"G\u00dcNDEM\",\"T\u00dcRK\u0130YE\"],\"inLanguage\":\"tr\"},{\"@type\":\"WebPage\",\"@id\":\"https:\/\/epochtimestr.com\/index.php\/ankarada-65-yas-ve-ustu-ile-ilgili-yeni-karar\",\"url\":\"https:\/\/epochtimestr.com\/index.php\/ankarada-65-yas-ve-ustu-ile-ilgili-yeni-karar\",\"name\":\"Ankara\u2019da 65 Ya\u015f ve \u00dcst\u00fc \u0130le \u0130lgili Yeni Karar - The Epoch Times TR\",\"isPartOf\":{\"@id\":\"https:\/\/epochtimestr.com\/#website\"},\"primaryImageOfPage\":{\"@id\":\"https:\/\/epochtimestr.com\/index.php\/ankarada-65-yas-ve-ustu-ile-ilgili-yeni-karar#primaryimage\"},\"image\":{\"@id\":\"https:\/\/epochtimestr.com\/index.php\/ankarada-65-yas-ve-ustu-ile-ilgili-yeni-karar#primaryimage\"},\"thumbnailUrl\":\"https:\/\/epochtimestr.com\/wp-content\/uploads\/2011y\/2175038.jpg\",\"datePublished\":\"2020-11-10T17:39:52+00:00\",\"dateModified\":\"2020-11-10T17:39:55+00:00\",\"inLanguage\":\"tr\",\"potentialAction\":[{\"@type\":\"ReadAction\",\"target\":[\"https:\/\/epochtimestr.com\/index.php\/ankarada-65-yas-ve-ustu-ile-ilgili-yeni-karar\"]}]},{\"@type\":\"ImageObject\",\"inLanguage\":\"tr\",\"@id\":\"https:\/\/epochtimestr.com\/index.php\/ankarada-65-yas-ve-ustu-ile-ilgili-yeni-karar#primaryimage\",\"url\":\"https:\/\/epochtimestr.com\/wp-content\/uploads\/2011y\/2175038.jpg\",\"contentUrl\":\"https:\/\/epochtimestr.com\/wp-content\/uploads\/2011y\/2175038.jpg\",\"width\":664,\"height\":354},{\"@type\":\"WebSite\",\"@id\":\"https:\/\/epochtimestr.com\/#website\",\"url\":\"https:\/\/epochtimestr.com\/\",\"name\":\"The Epoch Times TR\",\"description\":\"De\u011fi\u015fen D\u00fcnyam\u0131za Taze Bir Bak\u0131\u015f\",\"publisher\":{\"@id\":\"https:\/\/epochtimestr.com\/#organization\"},\"potentialAction\":[{\"@type\":\"SearchAction\",\"target\":{\"@type\":\"EntryPoint\",\"urlTemplate\":\"https:\/\/epochtimestr.com\/?s={search_term_string}\"},\"query-input\":\"required name=search_term_string\"}],\"inLanguage\":\"tr\"},{\"@type\":\"Organization\",\"@id\":\"https:\/\/epochtimestr.com\/#organization\",\"name\":\"The EpochTimes T\u00fcrkiye\",\"url\":\"https:\/\/epochtimestr.com\/\",\"logo\":{\"@type\":\"ImageObject\",\"inLanguage\":\"tr\",\"@id\":\"https:\/\/epochtimestr.com\/#\/schema\/logo\/image\/\",\"url\":\"https:\/\/epochtimestr.com\/wp-content\/uploads\/2011y\/ET-Logo-YG.jpg\",\"contentUrl\":\"https:\/\/epochtimestr.com\/wp-content\/uploads\/2011y\/ET-Logo-YG.jpg\",\"width\":346,\"height\":29,\"caption\":\"The EpochTimes T\u00fcrkiye\"},\"image\":{\"@id\":\"https:\/\/epochtimestr.com\/#\/schema\/logo\/image\/\"},\"sameAs\":[\"https:\/\/www.facebook.com\/theepochtimestr\",\"https:\/\/x.com\/TheEpochTimesTR\",\"https:\/\/www.instagram.com\/epochtimestr\"]},{\"@type\":\"Person\",\"@id\":\"https:\/\/epochtimestr.com\/#\/schema\/person\/98ca9c773997f59c22622a3779f4e684\",\"name\":\"Seda F.\",\"image\":{\"@type\":\"ImageObject\",\"inLanguage\":\"tr\",\"@id\":\"https:\/\/epochtimestr.com\/#\/schema\/person\/image\/\",\"url\":\"https:\/\/secure.gravatar.com\/avatar\/d34ac3562f53286f25d03d9139fb9105?s=96&d=mm&r=g\",\"contentUrl\":\"https:\/\/secure.gravatar.com\/avatar\/d34ac3562f53286f25d03d9139fb9105?s=96&d=mm&r=g\",\"caption\":\"Seda F.\"},\"url\":\"https:\/\/epochtimestr.com\/index.php\/author\/seda-f\"}]}<\/script>\n<!-- \/ Yoast SEO plugin. -->","yoast_head_json":{"title":"Ankara\u2019da 65 Ya\u015f ve \u00dcst\u00fc \u0130le \u0130lgili Yeni Karar - The Epoch Times TR","robots":{"index":"index","follow":"follow","max-snippet":"max-snippet:-1","max-image-preview":"max-image-preview:large","max-video-preview":"max-video-preview:-1"},"canonical":"https:\/\/epochtimestr.com\/index.php\/ankarada-65-yas-ve-ustu-ile-ilgili-yeni-karar","og_locale":"tr_TR","og_type":"article","og_title":"Ankara\u2019da 65 Ya\u015f ve \u00dcst\u00fc \u0130le \u0130lgili Yeni Karar - The Epoch Times TR","og_description":"Ankara\u2019da salg\u0131n\u0131n yay\u0131lmas\u0131n\u0131n azalt\u0131lmas\u0131 amac\u0131 ile 65 ya\u015f ve \u00fczeri vatanda\u015flar\u0131n soka\u011fa \u00e7\u0131kma saatleriyle ilgili yeni kararlar al\u0131nd\u0131\u011f\u0131 duyuruldu. Ankara&#8217;da 65 ya\u015f ve \u00fcst\u00fc vatanda\u015flar\u0131n her g\u00fcn 10:00-16:00 saatleri aras\u0131nda sosyal mesafe kural\u0131na riayet etmek ve maske takmak kayd\u0131yla d\u0131\u015far\u0131 \u00e7\u0131kabileceklerine, bu saatler d\u0131\u015f\u0131nda 65 ya\u015f ve \u00fcst\u00fc vatanda\u015flar\u0131n soka\u011fa \u00e7\u0131kmas\u0131n\u0131n k\u0131s\u0131tlanmas\u0131na karar verildi\u011fi a\u00e7\u0131kland\u0131. [&hellip;]","og_url":"https:\/\/epochtimestr.com\/index.php\/ankarada-65-yas-ve-ustu-ile-ilgili-yeni-karar","og_site_name":"The Epoch Times TR","article_publisher":"https:\/\/www.facebook.com\/theepochtimestr","article_published_time":"2020-11-10T17:39:52+00:00","article_modified_time":"2020-11-10T17:39:55+00:00","og_image":[{"width":664,"height":354,"url":"https:\/\/epochtimestr.com\/wp-content\/uploads\/2011y\/2175038.jpg","type":"image\/jpeg"}],"author":"Seda F.","twitter_card":"summary_large_image","twitter_creator":"@TheEpochTimesTR","twitter_site":"@TheEpochTimesTR","twitter_misc":{"Yazan:":"Seda F.","Tahmini okuma s\u00fcresi":"3 dakika"},"schema":{"@context":"https:\/\/schema.org","@graph":[{"@type":"Article","@id":"https:\/\/epochtimestr.com\/index.php\/ankarada-65-yas-ve-ustu-ile-ilgili-yeni-karar#article","isPartOf":{"@id":"https:\/\/epochtimestr.com\/index.php\/ankarada-65-yas-ve-ustu-ile-ilgili-yeni-karar"},"author":{"name":"Seda F.","@id":"https:\/\/epochtimestr.com\/#\/schema\/person\/98ca9c773997f59c22622a3779f4e684"},"headline":"Ankara\u2019da 65 Ya\u015f ve \u00dcst\u00fc \u0130le \u0130lgili Yeni Karar","datePublished":"2020-11-10T17:39:52+00:00","dateModified":"2020-11-10T17:39:55+00:00","mainEntityOfPage":{"@id":"https:\/\/epochtimestr.com\/index.php\/ankarada-65-yas-ve-ustu-ile-ilgili-yeni-karar"},"wordCount":582,"publisher":{"@id":"https:\/\/epochtimestr.com\/#organization"},"image":{"@id":"https:\/\/epochtimestr.com\/index.php\/ankarada-65-yas-ve-ustu-ile-ilgili-yeni-karar#primaryimage"},"thumbnailUrl":"https:\/\/epochtimestr.com\/wp-content\/uploads\/2011y\/2175038.jpg","keywords":["65ya\u015f\u00fcst\u00fc","ankara valili\u011fi","covid-19"],"articleSection":["G\u00dcNDEM","T\u00dcRK\u0130YE"],"inLanguage":"tr"},{"@type":"WebPage","@id":"https:\/\/epochtimestr.com\/index.php\/ankarada-65-yas-ve-ustu-ile-ilgili-yeni-karar","url":"https:\/\/epochtimestr.com\/index.php\/ankarada-65-yas-ve-ustu-ile-ilgili-yeni-karar","name":"Ankara\u2019da 65 Ya\u015f ve \u00dcst\u00fc \u0130le \u0130lgili Yeni Karar - The Epoch Times TR","isPartOf":{"@id":"https:\/\/epochtimestr.com\/#website"},"primaryImageOfPage":{"@id":"https:\/\/epochtimestr.com\/index.php\/ankarada-65-yas-ve-ustu-ile-ilgili-yeni-karar#primaryimage"},"image":{"@id":"https:\/\/epochtimestr.com\/index.php\/ankarada-65-yas-ve-ustu-ile-ilgili-yeni-karar#primaryimage"},"thumbnailUrl":"https:\/\/epochtimestr.com\/wp-content\/uploads\/2011y\/2175038.jpg","datePublished":"2020-11-10T17:39:52+00:00","dateModified":"2020-11-10T17:39:55+00:00","inLanguage":"tr","potentialAction":[{"@type":"ReadAction","target":["https:\/\/epochtimestr.com\/index.php\/ankarada-65-yas-ve-ustu-ile-ilgili-yeni-karar"]}]},{"@type":"ImageObject","inLanguage":"tr","@id":"https:\/\/epochtimestr.com\/index.php\/ankarada-65-yas-ve-ustu-ile-ilgili-yeni-karar#primaryimage","url":"https:\/\/epochtimestr.com\/wp-content\/uploads\/2011y\/2175038.jpg","contentUrl":"https:\/\/epochtimestr.com\/wp-content\/uploads\/2011y\/2175038.jpg","width":664,"height":354},{"@type":"WebSite","@id":"https:\/\/epochtimestr.com\/#website","url":"https:\/\/epochtimestr.com\/","name":"The Epoch Times TR","description":"De\u011fi\u015fen D\u00fcnyam\u0131za Taze Bir Bak\u0131\u015f","publisher":{"@id":"https:\/\/epochtimestr.com\/#organization"},"potentialAction":[{"@type":"SearchAction","target":{"@type":"EntryPoint","urlTemplate":"https:\/\/epochtimestr.com\/?s={search_term_string}"},"query-input":"required name=search_term_string"}],"inLanguage":"tr"},{"@type":"Organization","@id":"https:\/\/epochtimestr.com\/#organization","name":"The EpochTimes T\u00fcrkiye","url":"https:\/\/epochtimestr.com\/","logo":{"@type":"ImageObject","inLanguage":"tr","@id":"https:\/\/epochtimestr.com\/#\/schema\/logo\/image\/","url":"https:\/\/epochtimestr.com\/wp-content\/uploads\/2011y\/ET-Logo-YG.jpg","contentUrl":"https:\/\/epochtimestr.com\/wp-content\/uploads\/2011y\/ET-Logo-YG.jpg","width":346,"height":29,"caption":"The EpochTimes T\u00fcrkiye"},"image":{"@id":"https:\/\/epochtimestr.com\/#\/schema\/logo\/image\/"},"sameAs":["https:\/\/www.facebook.com\/theepochtimestr","https:\/\/x.com\/TheEpochTimesTR","https:\/\/www.instagram.com\/epochtimestr"]},{"@type":"Person","@id":"https:\/\/epochtimestr.com\/#\/schema\/person\/98ca9c773997f59c22622a3779f4e684","name":"Seda F.","image":{"@type":"ImageObject","inLanguage":"tr","@id":"https:\/\/epochtimestr.com\/#\/schema\/person\/image\/","url":"https:\/\/secure.gravatar.com\/avatar\/d34ac3562f53286f25d03d9139fb9105?s=96&d=mm&r=g","contentUrl":"https:\/\/secure.gravatar.com\/avatar\/d34ac3562f53286f25d03d9139fb9105?s=96&d=mm&r=g","caption":"Seda F."},"url":"https:\/\/epochtimestr.com\/index.php\/author\/seda-f"}]}},"_links":{"self":[{"href":"https:\/\/epochtimestr.com\/index.php\/wp-json\/wp\/v2\/posts\/130676"}],"collection":[{"href":"https:\/\/epochtimestr.com\/index.php\/wp-json\/wp\/v2\/posts"}],"about":[{"href":"https:\/\/epochtimestr.com\/index.php\/wp-json\/wp\/v2\/types\/post"}],"author":[{"embeddable":true,"href":"https:\/\/epochtimestr.com\/index.php\/wp-json\/wp\/v2\/users\/13971"}],"replies":[{"embeddable":true,"href":"https:\/\/epochtimestr.com\/index.php\/wp-json\/wp\/v2\/comments?post=130676"}],"version-history":[{"count":1,"href":"https:\/\/epochtimestr.com\/index.php\/wp-json\/wp\/v2\/posts\/130676\/revisions"}],"predecessor-version":[{"id":130677,"href":"https:\/\/epochtimestr.com\/index.php\/wp-json\/wp\/v2\/posts\/130676\/revisions\/130677"}],"wp:featuredmedia":[{"embeddable":true,"href":"https:\/\/epochtimestr.com\/index.php\/wp-json\/wp\/v2\/media\/107255"}],"wp:attachment":[{"href":"https:\/\/epochtimestr.com\/index.php\/wp-json\/wp\/v2\/media?parent=130676"}],"wp:term":[{"taxonomy":"category","embeddable":true,"href":"https:\/\/epochtimestr.com\/index.php\/wp-json\/wp\/v2\/categories?post=130676"},{"taxonomy":"post_tag","embeddable":true,"href":"https:\/\/epochtimestr.com\/index.php\/wp-json\/wp\/v2\/tags?post=130676"}],"curies":[{"name":"wp","href":"https:\/\/api.w.org\/{rel}","templated":true}]}}