{"id":130990,"date":"2020-11-22T09:30:24","date_gmt":"2020-11-22T06:30:24","guid":{"rendered":"http:\/\/epochtimestr.com\/?p=130990"},"modified":"2020-11-22T09:30:26","modified_gmt":"2020-11-22T06:30:26","slug":"suga-asiya-tum-ulkeler-adil-ulasmali","status":"publish","type":"post","link":"https:\/\/epochtimestr.com\/index.php\/suga-asiya-tum-ulkeler-adil-ulasmali","title":{"rendered":"Suga, &#8220;A\u015f\u0131ya T\u00fcm \u00dclkeler Adil Ula\u015fmal\u0131&#8221;"},"content":{"rendered":"\n<div class=\"wp-block-image\"><figure class=\"aligncenter size-large\"><img loading=\"lazy\" decoding=\"async\" width=\"600\" height=\"400\" src=\"https:\/\/epochtimestr.com\/wp-content\/uploads\/2011y\/japonya-Bayrak-600x400.png\" alt=\"\" class=\"wp-image-120690\" srcset=\"https:\/\/epochtimestr.com\/wp-content\/uploads\/2011y\/japonya-Bayrak-600x400.png 600w, https:\/\/epochtimestr.com\/wp-content\/uploads\/2011y\/japonya-Bayrak-150x100.png 150w, https:\/\/epochtimestr.com\/wp-content\/uploads\/2011y\/japonya-Bayrak-300x200.png 300w, https:\/\/epochtimestr.com\/wp-content\/uploads\/2011y\/japonya-Bayrak-768x512.png 768w, https:\/\/epochtimestr.com\/wp-content\/uploads\/2011y\/japonya-Bayrak-450x300.png 450w, https:\/\/epochtimestr.com\/wp-content\/uploads\/2011y\/japonya-Bayrak.png 1920w\" sizes=\"(max-width: 600px) 100vw, 600px\" \/><\/figure><\/div>\n\n\n\n<h2 class=\"wp-block-heading\">Japonya Ba\u015fbakan\u0131 Suga Yo\u015fihide, Suudi Arabistan\u2019\u0131n ba\u015fkenti Riyad\u2019da yap\u0131lan\u00a0G20 Liderler Zirvesi&#8217;nin a\u00e7\u0131l\u0131\u015f\u0131na video konferans ile kat\u0131ld\u0131.<\/h2>\n\n\n\n<p>Kovid-19 a\u015f\u0131s\u0131na t\u00fcm \u00fclkelerin adil seviyede ula\u015f\u0131m\u0131n\u0131n sa\u011flanmas\u0131 gerekti\u011fini belirten Suga, &#8220;Haz\u0131r oldu\u011funda a\u015f\u0131ya ve t\u0131bbi tedavilere, d\u00fcnya etraf\u0131nda t\u00fcm \u00fclkelerin eri\u015febilece\u011fi bir ortam olu\u015fturmak zaruri.&#8221; dedi.<\/p>\n\n\n\n<p>Salg\u0131n sebebiyle mart ay\u0131nda 2021 yaz\u0131na ertelenen Tokyo Olimpiyatlar\u0131 ve Paralimpik Oyunlar\u0131n\u0131 d\u00fczenlenmesine y\u00f6nelik \u00fclkesinin kararl\u0131l\u0131\u011f\u0131n\u0131 yineleyen Suga, &#8220;Bu insanl\u0131\u011f\u0131n vir\u00fcs\u00fc ma\u011flup etti\u011finin delili olacak.&#8221; diye konu\u015ftu.<\/p>\n\n\n\n<p>Suga, Japonya&#8217;n\u0131n dijitalle\u015fme, \u00e7ok tarafl\u0131 serbest ticari \u00e7er\u00e7evelerin te\u015fvik edilmesi ve tedarik zincirlerinin g\u00fc\u00e7lendirilmesine y\u00f6nelik politikalarda aktif rol oynayaca\u011f\u0131n\u0131 kaydetti. Suga; salg\u0131nla m\u00fccadele, ekonomik b\u00fcy\u00fcmenin yeniden sa\u011flanmas\u0131, uluslararas\u0131 seyahatlerin s\u00fcrd\u00fcr\u00fclmesi ve Kovid-19 sonras\u0131 d\u00f6nemin \u015fartlar\u0131na haz\u0131rlan\u0131lmas\u0131na ili\u015fkin G20\u2019de g\u00fc\u00e7l\u00fc mesajlar\u0131n verilmesi gerekti\u011fini dile getirdi.<\/p>\n","protected":false},"excerpt":{"rendered":"<p>Japonya Ba\u015fbakan\u0131 Suga Yo\u015fihide, Suudi Arabistan\u2019\u0131n ba\u015fkenti Riyad\u2019da yap\u0131lan\u00a0G20 Liderler Zirvesi&#8217;nin a\u00e7\u0131l\u0131\u015f\u0131na video konferans ile kat\u0131ld\u0131. Kovid-19 a\u015f\u0131s\u0131na t\u00fcm \u00fclkelerin adil seviyede ula\u015f\u0131m\u0131n\u0131n sa\u011flanmas\u0131 gerekti\u011fini belirten Suga, &#8220;Haz\u0131r oldu\u011funda a\u015f\u0131ya ve t\u0131bbi tedavilere, d\u00fcnya etraf\u0131nda t\u00fcm \u00fclkelerin eri\u015febilece\u011fi bir ortam olu\u015fturmak zaruri.&#8221; dedi. Salg\u0131n sebebiyle mart ay\u0131nda 2021 yaz\u0131na ertelenen Tokyo Olimpiyatlar\u0131 ve Paralimpik Oyunlar\u0131n\u0131 [&hellip;]<\/p>\n","protected":false},"author":12791,"featured_media":120690,"comment_status":"closed","ping_status":"open","sticky":false,"template":"","format":"standard","meta":{"_yoast_wpseo_focuskw":"","_yoast_wpseo_title":"","_yoast_wpseo_metadesc":"","_bbp_topic_count":0,"_bbp_reply_count":0,"_bbp_total_topic_count":0,"_bbp_total_reply_count":0,"_bbp_voice_count":0,"_bbp_anonymous_reply_count":0,"_bbp_topic_count_hidden":0,"_bbp_reply_count_hidden":0,"_bbp_forum_subforum_count":0,"footnotes":"","_yoast_wpseo_focuskw_text_input":""},"categories":[5,1],"tags":[743,371,7218],"yoast_head":"<!-- This site is optimized with the Yoast SEO plugin v23.0 - https:\/\/yoast.com\/wordpress\/plugins\/seo\/ -->\n<title>Suga, &quot;A\u015f\u0131ya T\u00fcm \u00dclkeler Adil Ula\u015fmal\u0131&quot; - The Epoch Times TR<\/title>\n<meta name=\"robots\" content=\"index, follow, max-snippet:-1, max-image-preview:large, max-video-preview:-1\" \/>\n<link rel=\"canonical\" href=\"https:\/\/epochtimestr.com\/index.php\/suga-asiya-tum-ulkeler-adil-ulasmali\" \/>\n<meta property=\"og:locale\" content=\"tr_TR\" \/>\n<meta property=\"og:type\" content=\"article\" \/>\n<meta property=\"og:title\" content=\"Suga, &quot;A\u015f\u0131ya T\u00fcm \u00dclkeler Adil Ula\u015fmal\u0131&quot; - The Epoch Times TR\" \/>\n<meta property=\"og:description\" content=\"Japonya Ba\u015fbakan\u0131 Suga Yo\u015fihide, Suudi Arabistan\u2019\u0131n ba\u015fkenti Riyad\u2019da yap\u0131lan\u00a0G20 Liderler Zirvesi&#8217;nin a\u00e7\u0131l\u0131\u015f\u0131na video konferans ile kat\u0131ld\u0131. Kovid-19 a\u015f\u0131s\u0131na t\u00fcm \u00fclkelerin adil seviyede ula\u015f\u0131m\u0131n\u0131n sa\u011flanmas\u0131 gerekti\u011fini belirten Suga, &#8220;Haz\u0131r oldu\u011funda a\u015f\u0131ya ve t\u0131bbi tedavilere, d\u00fcnya etraf\u0131nda t\u00fcm \u00fclkelerin eri\u015febilece\u011fi bir ortam olu\u015fturmak zaruri.&#8221; dedi. Salg\u0131n sebebiyle mart ay\u0131nda 2021 yaz\u0131na ertelenen Tokyo Olimpiyatlar\u0131 ve Paralimpik Oyunlar\u0131n\u0131 [&hellip;]\" \/>\n<meta property=\"og:url\" content=\"https:\/\/epochtimestr.com\/index.php\/suga-asiya-tum-ulkeler-adil-ulasmali\" \/>\n<meta property=\"og:site_name\" content=\"The Epoch Times TR\" \/>\n<meta property=\"article:publisher\" content=\"https:\/\/www.facebook.com\/theepochtimestr\" \/>\n<meta property=\"article:published_time\" content=\"2020-11-22T06:30:24+00:00\" \/>\n<meta property=\"article:modified_time\" content=\"2020-11-22T06:30:26+00:00\" \/>\n<meta property=\"og:image\" content=\"https:\/\/epochtimestr.com\/wp-content\/uploads\/2011y\/japonya-Bayrak.png\" \/>\n\t<meta property=\"og:image:width\" content=\"1920\" \/>\n\t<meta property=\"og:image:height\" content=\"1280\" \/>\n\t<meta property=\"og:image:type\" content=\"image\/png\" \/>\n<meta name=\"author\" content=\"Haber Merkezi\" \/>\n<meta name=\"twitter:card\" content=\"summary_large_image\" \/>\n<meta name=\"twitter:creator\" content=\"@TheEpochTimesTR\" \/>\n<meta name=\"twitter:site\" content=\"@TheEpochTimesTR\" \/>\n<meta name=\"twitter:label1\" content=\"Yazan:\" \/>\n\t<meta name=\"twitter:data1\" content=\"Haber Merkezi\" \/>\n\t<meta name=\"twitter:label2\" content=\"Tahmini okuma s\u00fcresi\" \/>\n\t<meta name=\"twitter:data2\" content=\"1 dakika\" \/>\n<script type=\"application\/ld+json\" class=\"yoast-schema-graph\">{\"@context\":\"https:\/\/schema.org\",\"@graph\":[{\"@type\":\"Article\",\"@id\":\"https:\/\/epochtimestr.com\/index.php\/suga-asiya-tum-ulkeler-adil-ulasmali#article\",\"isPartOf\":{\"@id\":\"https:\/\/epochtimestr.com\/index.php\/suga-asiya-tum-ulkeler-adil-ulasmali\"},\"author\":{\"name\":\"Haber Merkezi\",\"@id\":\"https:\/\/epochtimestr.com\/#\/schema\/person\/3dc5c3adeb9f43923c5aa85889172fdd\"},\"headline\":\"Suga, &#8220;A\u015f\u0131ya T\u00fcm \u00dclkeler Adil Ula\u015fmal\u0131&#8221;\",\"datePublished\":\"2020-11-22T06:30:24+00:00\",\"dateModified\":\"2020-11-22T06:30:26+00:00\",\"mainEntityOfPage\":{\"@id\":\"https:\/\/epochtimestr.com\/index.php\/suga-asiya-tum-ulkeler-adil-ulasmali\"},\"wordCount\":188,\"publisher\":{\"@id\":\"https:\/\/epochtimestr.com\/#organization\"},\"image\":{\"@id\":\"https:\/\/epochtimestr.com\/index.php\/suga-asiya-tum-ulkeler-adil-ulasmali#primaryimage\"},\"thumbnailUrl\":\"https:\/\/epochtimestr.com\/wp-content\/uploads\/2011y\/japonya-Bayrak.png\",\"keywords\":[\"a\u015f\u0131\",\"japonya\",\"kovid-19\"],\"articleSection\":[\"D\u00dcNYA\",\"G\u00dcNDEM\"],\"inLanguage\":\"tr\"},{\"@type\":\"WebPage\",\"@id\":\"https:\/\/epochtimestr.com\/index.php\/suga-asiya-tum-ulkeler-adil-ulasmali\",\"url\":\"https:\/\/epochtimestr.com\/index.php\/suga-asiya-tum-ulkeler-adil-ulasmali\",\"name\":\"Suga, \\\"A\u015f\u0131ya T\u00fcm \u00dclkeler Adil Ula\u015fmal\u0131\\\" - The Epoch Times TR\",\"isPartOf\":{\"@id\":\"https:\/\/epochtimestr.com\/#website\"},\"primaryImageOfPage\":{\"@id\":\"https:\/\/epochtimestr.com\/index.php\/suga-asiya-tum-ulkeler-adil-ulasmali#primaryimage\"},\"image\":{\"@id\":\"https:\/\/epochtimestr.com\/index.php\/suga-asiya-tum-ulkeler-adil-ulasmali#primaryimage\"},\"thumbnailUrl\":\"https:\/\/epochtimestr.com\/wp-content\/uploads\/2011y\/japonya-Bayrak.png\",\"datePublished\":\"2020-11-22T06:30:24+00:00\",\"dateModified\":\"2020-11-22T06:30:26+00:00\",\"inLanguage\":\"tr\",\"potentialAction\":[{\"@type\":\"ReadAction\",\"target\":[\"https:\/\/epochtimestr.com\/index.php\/suga-asiya-tum-ulkeler-adil-ulasmali\"]}]},{\"@type\":\"ImageObject\",\"inLanguage\":\"tr\",\"@id\":\"https:\/\/epochtimestr.com\/index.php\/suga-asiya-tum-ulkeler-adil-ulasmali#primaryimage\",\"url\":\"https:\/\/epochtimestr.com\/wp-content\/uploads\/2011y\/japonya-Bayrak.png\",\"contentUrl\":\"https:\/\/epochtimestr.com\/wp-content\/uploads\/2011y\/japonya-Bayrak.png\",\"width\":1920,\"height\":1280},{\"@type\":\"WebSite\",\"@id\":\"https:\/\/epochtimestr.com\/#website\",\"url\":\"https:\/\/epochtimestr.com\/\",\"name\":\"The Epoch Times TR\",\"description\":\"De\u011fi\u015fen D\u00fcnyam\u0131za Taze Bir Bak\u0131\u015f\",\"publisher\":{\"@id\":\"https:\/\/epochtimestr.com\/#organization\"},\"potentialAction\":[{\"@type\":\"SearchAction\",\"target\":{\"@type\":\"EntryPoint\",\"urlTemplate\":\"https:\/\/epochtimestr.com\/?s={search_term_string}\"},\"query-input\":\"required name=search_term_string\"}],\"inLanguage\":\"tr\"},{\"@type\":\"Organization\",\"@id\":\"https:\/\/epochtimestr.com\/#organization\",\"name\":\"The EpochTimes T\u00fcrkiye\",\"url\":\"https:\/\/epochtimestr.com\/\",\"logo\":{\"@type\":\"ImageObject\",\"inLanguage\":\"tr\",\"@id\":\"https:\/\/epochtimestr.com\/#\/schema\/logo\/image\/\",\"url\":\"https:\/\/epochtimestr.com\/wp-content\/uploads\/2011y\/ET-Logo-YG.jpg\",\"contentUrl\":\"https:\/\/epochtimestr.com\/wp-content\/uploads\/2011y\/ET-Logo-YG.jpg\",\"width\":346,\"height\":29,\"caption\":\"The EpochTimes T\u00fcrkiye\"},\"image\":{\"@id\":\"https:\/\/epochtimestr.com\/#\/schema\/logo\/image\/\"},\"sameAs\":[\"https:\/\/www.facebook.com\/theepochtimestr\",\"https:\/\/x.com\/TheEpochTimesTR\",\"https:\/\/www.instagram.com\/epochtimestr\"]},{\"@type\":\"Person\",\"@id\":\"https:\/\/epochtimestr.com\/#\/schema\/person\/3dc5c3adeb9f43923c5aa85889172fdd\",\"name\":\"Haber Merkezi\",\"image\":{\"@type\":\"ImageObject\",\"inLanguage\":\"tr\",\"@id\":\"https:\/\/epochtimestr.com\/#\/schema\/person\/image\/\",\"url\":\"https:\/\/secure.gravatar.com\/avatar\/d73f772ba5a74f28601361e17c2f93e6?s=96&d=mm&r=g\",\"contentUrl\":\"https:\/\/secure.gravatar.com\/avatar\/d73f772ba5a74f28601361e17c2f93e6?s=96&d=mm&r=g\",\"caption\":\"Haber Merkezi\"},\"url\":\"https:\/\/epochtimestr.com\/index.php\/author\/sendag\"}]}<\/script>\n<!-- \/ Yoast SEO plugin. -->","yoast_head_json":{"title":"Suga, \"A\u015f\u0131ya T\u00fcm \u00dclkeler Adil Ula\u015fmal\u0131\" - The Epoch Times TR","robots":{"index":"index","follow":"follow","max-snippet":"max-snippet:-1","max-image-preview":"max-image-preview:large","max-video-preview":"max-video-preview:-1"},"canonical":"https:\/\/epochtimestr.com\/index.php\/suga-asiya-tum-ulkeler-adil-ulasmali","og_locale":"tr_TR","og_type":"article","og_title":"Suga, \"A\u015f\u0131ya T\u00fcm \u00dclkeler Adil Ula\u015fmal\u0131\" - The Epoch Times TR","og_description":"Japonya Ba\u015fbakan\u0131 Suga Yo\u015fihide, Suudi Arabistan\u2019\u0131n ba\u015fkenti Riyad\u2019da yap\u0131lan\u00a0G20 Liderler Zirvesi&#8217;nin a\u00e7\u0131l\u0131\u015f\u0131na video konferans ile kat\u0131ld\u0131. Kovid-19 a\u015f\u0131s\u0131na t\u00fcm \u00fclkelerin adil seviyede ula\u015f\u0131m\u0131n\u0131n sa\u011flanmas\u0131 gerekti\u011fini belirten Suga, &#8220;Haz\u0131r oldu\u011funda a\u015f\u0131ya ve t\u0131bbi tedavilere, d\u00fcnya etraf\u0131nda t\u00fcm \u00fclkelerin eri\u015febilece\u011fi bir ortam olu\u015fturmak zaruri.&#8221; dedi. Salg\u0131n sebebiyle mart ay\u0131nda 2021 yaz\u0131na ertelenen Tokyo Olimpiyatlar\u0131 ve Paralimpik Oyunlar\u0131n\u0131 [&hellip;]","og_url":"https:\/\/epochtimestr.com\/index.php\/suga-asiya-tum-ulkeler-adil-ulasmali","og_site_name":"The Epoch Times TR","article_publisher":"https:\/\/www.facebook.com\/theepochtimestr","article_published_time":"2020-11-22T06:30:24+00:00","article_modified_time":"2020-11-22T06:30:26+00:00","og_image":[{"width":1920,"height":1280,"url":"https:\/\/epochtimestr.com\/wp-content\/uploads\/2011y\/japonya-Bayrak.png","type":"image\/png"}],"author":"Haber Merkezi","twitter_card":"summary_large_image","twitter_creator":"@TheEpochTimesTR","twitter_site":"@TheEpochTimesTR","twitter_misc":{"Yazan:":"Haber Merkezi","Tahmini okuma s\u00fcresi":"1 dakika"},"schema":{"@context":"https:\/\/schema.org","@graph":[{"@type":"Article","@id":"https:\/\/epochtimestr.com\/index.php\/suga-asiya-tum-ulkeler-adil-ulasmali#article","isPartOf":{"@id":"https:\/\/epochtimestr.com\/index.php\/suga-asiya-tum-ulkeler-adil-ulasmali"},"author":{"name":"Haber Merkezi","@id":"https:\/\/epochtimestr.com\/#\/schema\/person\/3dc5c3adeb9f43923c5aa85889172fdd"},"headline":"Suga, &#8220;A\u015f\u0131ya T\u00fcm \u00dclkeler Adil Ula\u015fmal\u0131&#8221;","datePublished":"2020-11-22T06:30:24+00:00","dateModified":"2020-11-22T06:30:26+00:00","mainEntityOfPage":{"@id":"https:\/\/epochtimestr.com\/index.php\/suga-asiya-tum-ulkeler-adil-ulasmali"},"wordCount":188,"publisher":{"@id":"https:\/\/epochtimestr.com\/#organization"},"image":{"@id":"https:\/\/epochtimestr.com\/index.php\/suga-asiya-tum-ulkeler-adil-ulasmali#primaryimage"},"thumbnailUrl":"https:\/\/epochtimestr.com\/wp-content\/uploads\/2011y\/japonya-Bayrak.png","keywords":["a\u015f\u0131","japonya","kovid-19"],"articleSection":["D\u00dcNYA","G\u00dcNDEM"],"inLanguage":"tr"},{"@type":"WebPage","@id":"https:\/\/epochtimestr.com\/index.php\/suga-asiya-tum-ulkeler-adil-ulasmali","url":"https:\/\/epochtimestr.com\/index.php\/suga-asiya-tum-ulkeler-adil-ulasmali","name":"Suga, \"A\u015f\u0131ya T\u00fcm \u00dclkeler Adil Ula\u015fmal\u0131\" - The Epoch Times TR","isPartOf":{"@id":"https:\/\/epochtimestr.com\/#website"},"primaryImageOfPage":{"@id":"https:\/\/epochtimestr.com\/index.php\/suga-asiya-tum-ulkeler-adil-ulasmali#primaryimage"},"image":{"@id":"https:\/\/epochtimestr.com\/index.php\/suga-asiya-tum-ulkeler-adil-ulasmali#primaryimage"},"thumbnailUrl":"https:\/\/epochtimestr.com\/wp-content\/uploads\/2011y\/japonya-Bayrak.png","datePublished":"2020-11-22T06:30:24+00:00","dateModified":"2020-11-22T06:30:26+00:00","inLanguage":"tr","potentialAction":[{"@type":"ReadAction","target":["https:\/\/epochtimestr.com\/index.php\/suga-asiya-tum-ulkeler-adil-ulasmali"]}]},{"@type":"ImageObject","inLanguage":"tr","@id":"https:\/\/epochtimestr.com\/index.php\/suga-asiya-tum-ulkeler-adil-ulasmali#primaryimage","url":"https:\/\/epochtimestr.com\/wp-content\/uploads\/2011y\/japonya-Bayrak.png","contentUrl":"https:\/\/epochtimestr.com\/wp-content\/uploads\/2011y\/japonya-Bayrak.png","width":1920,"height":1280},{"@type":"WebSite","@id":"https:\/\/epochtimestr.com\/#website","url":"https:\/\/epochtimestr.com\/","name":"The Epoch Times TR","description":"De\u011fi\u015fen D\u00fcnyam\u0131za Taze Bir Bak\u0131\u015f","publisher":{"@id":"https:\/\/epochtimestr.com\/#organization"},"potentialAction":[{"@type":"SearchAction","target":{"@type":"EntryPoint","urlTemplate":"https:\/\/epochtimestr.com\/?s={search_term_string}"},"query-input":"required name=search_term_string"}],"inLanguage":"tr"},{"@type":"Organization","@id":"https:\/\/epochtimestr.com\/#organization","name":"The EpochTimes T\u00fcrkiye","url":"https:\/\/epochtimestr.com\/","logo":{"@type":"ImageObject","inLanguage":"tr","@id":"https:\/\/epochtimestr.com\/#\/schema\/logo\/image\/","url":"https:\/\/epochtimestr.com\/wp-content\/uploads\/2011y\/ET-Logo-YG.jpg","contentUrl":"https:\/\/epochtimestr.com\/wp-content\/uploads\/2011y\/ET-Logo-YG.jpg","width":346,"height":29,"caption":"The EpochTimes T\u00fcrkiye"},"image":{"@id":"https:\/\/epochtimestr.com\/#\/schema\/logo\/image\/"},"sameAs":["https:\/\/www.facebook.com\/theepochtimestr","https:\/\/x.com\/TheEpochTimesTR","https:\/\/www.instagram.com\/epochtimestr"]},{"@type":"Person","@id":"https:\/\/epochtimestr.com\/#\/schema\/person\/3dc5c3adeb9f43923c5aa85889172fdd","name":"Haber Merkezi","image":{"@type":"ImageObject","inLanguage":"tr","@id":"https:\/\/epochtimestr.com\/#\/schema\/person\/image\/","url":"https:\/\/secure.gravatar.com\/avatar\/d73f772ba5a74f28601361e17c2f93e6?s=96&d=mm&r=g","contentUrl":"https:\/\/secure.gravatar.com\/avatar\/d73f772ba5a74f28601361e17c2f93e6?s=96&d=mm&r=g","caption":"Haber Merkezi"},"url":"https:\/\/epochtimestr.com\/index.php\/author\/sendag"}]}},"_links":{"self":[{"href":"https:\/\/epochtimestr.com\/index.php\/wp-json\/wp\/v2\/posts\/130990"}],"collection":[{"href":"https:\/\/epochtimestr.com\/index.php\/wp-json\/wp\/v2\/posts"}],"about":[{"href":"https:\/\/epochtimestr.com\/index.php\/wp-json\/wp\/v2\/types\/post"}],"author":[{"embeddable":true,"href":"https:\/\/epochtimestr.com\/index.php\/wp-json\/wp\/v2\/users\/12791"}],"replies":[{"embeddable":true,"href":"https:\/\/epochtimestr.com\/index.php\/wp-json\/wp\/v2\/comments?post=130990"}],"version-history":[{"count":1,"href":"https:\/\/epochtimestr.com\/index.php\/wp-json\/wp\/v2\/posts\/130990\/revisions"}],"predecessor-version":[{"id":130991,"href":"https:\/\/epochtimestr.com\/index.php\/wp-json\/wp\/v2\/posts\/130990\/revisions\/130991"}],"wp:featuredmedia":[{"embeddable":true,"href":"https:\/\/epochtimestr.com\/index.php\/wp-json\/wp\/v2\/media\/120690"}],"wp:attachment":[{"href":"https:\/\/epochtimestr.com\/index.php\/wp-json\/wp\/v2\/media?parent=130990"}],"wp:term":[{"taxonomy":"category","embeddable":true,"href":"https:\/\/epochtimestr.com\/index.php\/wp-json\/wp\/v2\/categories?post=130990"},{"taxonomy":"post_tag","embeddable":true,"href":"https:\/\/epochtimestr.com\/index.php\/wp-json\/wp\/v2\/tags?post=130990"}],"curies":[{"name":"wp","href":"https:\/\/api.w.org\/{rel}","templated":true}]}}