{"id":131039,"date":"2020-11-23T20:17:37","date_gmt":"2020-11-23T17:17:37","guid":{"rendered":"http:\/\/epochtimestr.com\/?p=131039"},"modified":"2020-11-23T20:31:44","modified_gmt":"2020-11-23T17:31:44","slug":"dogu-akdenizde-turk-gemisinde-gerceklestirilen-aramaya-sert-tepkiler","status":"publish","type":"post","link":"https:\/\/epochtimestr.com\/index.php\/dogu-akdenizde-turk-gemisinde-gerceklestirilen-aramaya-sert-tepkiler","title":{"rendered":"Do\u011fu Akdeniz\u2019de T\u00fcrk Gemisinde Ger\u00e7ekle\u015ftirilen  Aramaya Sert Tepkiler"},"content":{"rendered":"\n<div class=\"wp-block-image\"><figure class=\"aligncenter size-large\"><img loading=\"lazy\" decoding=\"async\" width=\"600\" height=\"400\" src=\"https:\/\/epochtimestr.com\/wp-content\/uploads\/2011y\/destroyer-sava\u015f-gemi-600x400.jpg\" alt=\"\" class=\"wp-image-113399\" srcset=\"https:\/\/epochtimestr.com\/wp-content\/uploads\/2011y\/destroyer-sava\u015f-gemi-600x400.jpg 600w, https:\/\/epochtimestr.com\/wp-content\/uploads\/2011y\/destroyer-sava\u015f-gemi-150x100.jpg 150w, https:\/\/epochtimestr.com\/wp-content\/uploads\/2011y\/destroyer-sava\u015f-gemi-300x200.jpg 300w, https:\/\/epochtimestr.com\/wp-content\/uploads\/2011y\/destroyer-sava\u015f-gemi-768x512.jpg 768w, https:\/\/epochtimestr.com\/wp-content\/uploads\/2011y\/destroyer-sava\u015f-gemi.jpg 960w\" sizes=\"(max-width: 600px) 100vw, 600px\" \/><\/figure><\/div>\n\n\n\n<h2 class=\"wp-block-heading\">T\u00fcrk gemisinde hukuksuz \u015fekilde yap\u0131lan aramaya sert a\u00e7\u0131klamalar yap\u0131ld\u0131.<\/h2>\n\n\n\n<p>Yunan bir komutan taraf\u0131ndan sevk ve idaresi ger\u00e7ekle\u015ftirilen \u0130rini Harekat\u0131&#8217;nda g\u00f6revli bir Alman f\u0131rtakeyni, T\u00fcrkiye&#8217;den Libya&#8217;ya g\u0131da ve boya gibi muhtelif maddeler ta\u015f\u0131yan bir gemiyi Do\u011fu Akdeniz&#8217;de durdurarak, uluslararas\u0131 hukuka ayk\u0131r\u0131 bir \u015fekilde arad\u0131\u011f\u0131 bilgisi \u00f6\u011frenildi.<\/p>\n\n\n\n<p>Almanya Savunma Bakanl\u0131\u011f\u0131, Avrupa Birli\u011fi kuvvetleriyle birlikte Akdeniz&#8217;deki bir T\u00fcrk gemisini arama i\u00e7in durduruldu\u011funu ve T\u00fcrkiye&#8217;nin itiraz\u0131n\u0131n ard\u0131ndan araman\u0131n sonland\u0131r\u0131ld\u0131\u011f\u0131n\u0131 duyurdu.<\/p>\n\n\n\n<p>Deniz hukukuna g\u00f6re, gemilerde arama yapabilmek \u00fczere gemiye personelin \u00e7\u0131kmas\u0131 i\u00e7in bayrak devletinin r\u0131zas\u0131n\u0131n al\u0131nmas\u0131 gerekmesine ra\u011fmen, T\u00fcrkiye&#8217;den b\u00f6yle bir izin almadan Hamburg F\u0131rkateyni&#8217;nin personeli gemiye helikopterden ini\u015f yapt\u0131\u011f\u0131 ve personelin gemiye helikopterden ini\u015fi ve Hamburg F\u0131rkateyni&#8217;nin ROSELINA-A gemisi \u00e7evresindeki hareketleri de gemi personeli taraf\u0131ndan cep telefonuyla kaydedildi.<\/p>\n\n\n\n<p>D\u0131\u015fi\u015fleri Bakanl\u0131\u011f\u0131 taraf\u0131ndan konuyla ilgili yap\u0131lan a\u00e7\u0131klama \u015f\u00f6yledir : <\/p>\n\n\n\n<p>&#8220;Ankara&#8217;daki AB, \u0130talya B\u00fcy\u00fckel\u00e7ileri ve Almanya Maslahatg\u00fczar\u0131 (B\u00fcy\u00fckel\u00e7i Ankara d\u0131\u015f\u0131nda oldu\u011fundan) bug\u00fcn Bakan Yard\u0131mc\u0131m\u0131z B\u00fcy\u00fckel\u00e7i Sedat \u00d6nal taraf\u0131ndan Bakanl\u0131\u011f\u0131m\u0131za \u00e7a\u011fr\u0131larak, Roseline-A adl\u0131 ticari gemimize \u0130rini Operasyonu \u00e7er\u00e7evesinde \u00fclkemizin a\u00e7\u0131k izni olmadan \u00e7\u0131k\u0131lmas\u0131 ve denetlenmesi olay\u0131 protesto edilmi\u015f ve ilgili \u00fclkelere Nota verilmi\u015ftir.<\/p>\n\n\n\n<p>Notam\u0131zda, olay\u0131n uluslararas\u0131 hukuka ayk\u0131r\u0131 oldu\u011fu ve tazminat haklar\u0131m\u0131z\u0131n da muhafaza edildi\u011fi kay\u0131t alt\u0131na al\u0131nm\u0131\u015ft\u0131r.&#8221;<\/p>\n\n\n\n<p>Cumhurba\u015fkan\u0131 Yard\u0131mc\u0131s\u0131 Fuat Oktay&#8217;\u0131n konu ile ilgili a\u00e7\u0131klamalar\u0131 \u015f\u00f6yledir :<\/p>\n\n\n\n<p>&#8220;AB\u2019nin isti\u015fare etmeden ba\u015flatt\u0131\u011f\u0131 \u0130rini Harekat\u0131 son operasyonuyla tarafl\u0131 oldu\u011funu bir kez daha tescil etmi\u015ftir. Bu tart\u0131\u015fmal\u0131 harekat \u00e7er\u00e7evesinde bir Alman f\u0131rkateyni taraf\u0131ndan y\u00fck gemimize kar\u015f\u0131 ger\u00e7ekle\u015ftirilen hukuksuz m\u00fcdahaleyi \u015fiddetle k\u0131n\u0131yorum.&#8221; <\/p>\n\n\n\n<p>TBMM Ba\u015fkan\u0131 Mustafa \u015eentop  ise Twitter&#8217;dan &#8220;T\u00fcrkiye, gerekli giri\u015fimleriyle bu uluslararas\u0131 hukuksuzlu\u011fun ve edepsizli\u011fin hesab\u0131n\u0131 ivedi bir \u015fekilde soracakt\u0131r.&#8221; a\u00e7\u0131klamas\u0131n\u0131 yapt\u0131.<\/p>\n\n\n\n<p>D\u0131\u015fi\u015fleri Bakanl\u0131\u011f\u0131 S\u00f6zc\u00fcs\u00fc Hami Aksoy&#8217;un a\u00e7\u0131klamalar\u0131 ise \u015f\u00f6yledir :<\/p>\n\n\n\n<p>&#8220;Bu harek\u00e2t \u00e7er\u00e7evesinde d\u00fcn (22 Kas\u0131m) &#8216;Hamburg&#8217; isimli Alman sava\u015f gemisi, Ambarl\u0131 Liman\u0131ndan Misurata&#8217;ya boya, boya malzemesi ve insani yard\u0131m malzemesi ta\u015f\u0131makta olan &#8216;MV Roseline A&#8217; adl\u0131 T\u00fcrk bayrakl\u0131 ticaret gemisini sabah saatlerinde ayr\u0131nt\u0131l\u0131 \u015fekilde sorgulam\u0131\u015ft\u0131r. Kaptan i\u015fbirli\u011fi g\u00f6stererek geminin y\u00fck\u00fc ve seferi hakk\u0131nda ayr\u0131nt\u0131l\u0131 bilgi payla\u015fm\u0131\u015ft\u0131r. Buna ra\u011fmen saat 17.45&#8217;te Irini Harek\u00e2t\u0131 silahl\u0131 unsurlar\u0131 taraf\u0131ndan gemiye \u00e7\u0131k\u0131larak uzun saatler s\u00fcren bir denetleme yap\u0131lm\u0131\u015ft\u0131r.<\/p>\n\n\n\n<p>T\u00fcm personelin, kaptan d\u00e2hil, zorla \u00fcstleri aranm\u0131\u015f, b\u00fct\u00fcn personel bir yerde toplanarak al\u0131konulmu\u015f, kaptan\u0131n ba\u015f\u0131na silahl\u0131 asker dikilerek, zor kullanmak suretiyle konteynerler aranm\u0131\u015ft\u0131r. S\u00f6zkonusu m\u00fcdahale, ne bayrak devleti olarak \u00fclkemizin, ne de gemi kaptan\u0131n\u0131n r\u0131zas\u0131 al\u0131narak ger\u00e7ekle\u015ftirilmi\u015ftir. Kaptan\u0131n ta\u015f\u0131nan kargonun niteli\u011fine dair beyanlar\u0131na ra\u011fmen, mu\u011flak bir \u015f\u00fcphe \u00fczerine ba\u015flat\u0131lan ve gece yar\u0131s\u0131 sonras\u0131na kadar devam eden bu m\u00fcdahale, ancak \u00fclkemizin \u0131srarl\u0131 itirazlar\u0131 \u00fczerine sonland\u0131r\u0131lm\u0131\u015ft\u0131r. Silahl\u0131 personel sabaha kadar ticaret gemisinde beklemi\u015f, sabah saat 09.38\u2019de gemiyi terk etmi\u015ftir.<\/p>\n\n\n\n<p>Silah ambargosunu ihlal etmedi\u011fi g\u00f6r\u00fclen gemimizin a\u011f\u0131r hava \u015fartlar\u0131 alt\u0131nda saatlerce g\u00fczerg\u00e2h\u0131ndan al\u0131konulmas\u0131n\u0131, ayr\u0131ca denetleme s\u0131ras\u0131nda personele adeta su\u00e7lu muamelesi yap\u0131lm\u0131\u015f olmas\u0131n\u0131 esefle kar\u015f\u0131l\u0131yoruz. Yetkisiz ve g\u00fc\u00e7 kullan\u0131larak yap\u0131lan bu eylemi protesto ediyoruz. Bundan do\u011fabilecek zarar ve kay\u0131plara kar\u015f\u0131 ilgili ger\u00e7ek ve t\u00fczel ki\u015filerin her t\u00fcrl\u00fc tazminat hakk\u0131 tabiat\u0131yla sakl\u0131 olacakt\u0131r. Uluslararas\u0131 sularda ticari gemilere m\u00fcdahale edilebilmesi i\u00e7in bayrak devletinin r\u0131zas\u0131n\u0131n al\u0131nmas\u0131 esast\u0131r. Libya silah ambargosuna dair BMGK kararlar\u0131 bu y\u00fck\u00fcml\u00fcl\u00fc\u011f\u00fc ortadan kald\u0131rmamaktad\u0131r. AB\u2019nin ne me\u015fru Libya h\u00fck\u00fcmetiyle, ne \u00fclkemizle, ne de NATO\u2019yla isti\u015fare etmeden ba\u015flatt\u0131\u011f\u0131 Irini Harek\u00e2t\u0131n\u0131n tarafs\u0131zl\u0131\u011f\u0131 h\u00e2lihaz\u0131rda tart\u0131\u015fmal\u0131d\u0131r. Hal b\u00f6yleyken, \u00fclkemizden Libya\u2019ya ta\u015f\u0131mac\u0131l\u0131k yapan gemilere uygulanan bu \u00e7ifte standartl\u0131 ve hukuk d\u0131\u015f\u0131 muamele asla kabul edilemez. Daha \u00f6nce de bir\u00e7ok kez belirtti\u011fimiz gibi \u0130rini operasyonu tarafl\u0131 bir operasyondur. Darbeci Hafter&#8217;e gelen silah desteklerini denetlemeyen, keyfi uygulamalarda bulunulan, me\u015fru Libya h\u00fck\u00fcmetini cezaland\u0131rmaya y\u00f6nelik bir harekatt\u0131r.&#8221;<\/p>\n\n\n\n<p>AK Parti Genel Ba\u015fkanvekili Numan Kurtulmu&#8217;un Twitter&#8217;dan yapt\u0131\u011f\u0131 a\u00e7\u0131klama \u015f\u00f6yledir :<\/p>\n\n\n\n<p>&#8220;T\u00fcrkiye&#8217;den Libya&#8217;ya giden T\u00fcrk ticaret gemisine y\u00f6nelik bir Alman f\u0131rkateyninden yap\u0131lan korsan m\u00fcdahale kabul edilemez. Uluslararas\u0131 hukuka tamamen ayk\u0131r\u0131 bu barbarl\u0131\u011fa kar\u015f\u0131 her t\u00fcrl\u00fc yasal hakk\u0131m\u0131z\u0131 kullanmaktan \u00e7ekinmeyece\u011fiz.&#8221;<\/p>\n\n\n\n<p><\/p>\n","protected":false},"excerpt":{"rendered":"<p>T\u00fcrk gemisinde hukuksuz \u015fekilde yap\u0131lan aramaya sert a\u00e7\u0131klamalar yap\u0131ld\u0131. Yunan bir komutan taraf\u0131ndan sevk ve idaresi ger\u00e7ekle\u015ftirilen \u0130rini Harekat\u0131&#8217;nda g\u00f6revli bir Alman f\u0131rtakeyni, T\u00fcrkiye&#8217;den Libya&#8217;ya g\u0131da ve boya gibi muhtelif maddeler ta\u015f\u0131yan bir gemiyi Do\u011fu Akdeniz&#8217;de durdurarak, uluslararas\u0131 hukuka ayk\u0131r\u0131 bir \u015fekilde arad\u0131\u011f\u0131 bilgisi \u00f6\u011frenildi. Almanya Savunma Bakanl\u0131\u011f\u0131, Avrupa Birli\u011fi kuvvetleriyle birlikte Akdeniz&#8217;deki bir T\u00fcrk [&hellip;]<\/p>\n","protected":false},"author":13971,"featured_media":113399,"comment_status":"closed","ping_status":"open","sticky":false,"template":"","format":"standard","meta":{"_yoast_wpseo_focuskw":"","_yoast_wpseo_title":"","_yoast_wpseo_metadesc":"","_bbp_topic_count":0,"_bbp_reply_count":0,"_bbp_total_topic_count":0,"_bbp_total_reply_count":0,"_bbp_voice_count":0,"_bbp_anonymous_reply_count":0,"_bbp_topic_count_hidden":0,"_bbp_reply_count_hidden":0,"_bbp_forum_subforum_count":0,"footnotes":"","_yoast_wpseo_focuskw_text_input":""},"categories":[5,1,37],"tags":[708,7888,7492],"yoast_head":"<!-- This site is optimized with the Yoast SEO plugin v23.0 - https:\/\/yoast.com\/wordpress\/plugins\/seo\/ -->\n<title>Do\u011fu Akdeniz\u2019de T\u00fcrk Gemisinde Ger\u00e7ekle\u015ftirilen Aramaya Sert Tepkiler - The Epoch Times TR<\/title>\n<meta name=\"robots\" content=\"index, follow, max-snippet:-1, max-image-preview:large, max-video-preview:-1\" \/>\n<link rel=\"canonical\" href=\"https:\/\/epochtimestr.com\/index.php\/dogu-akdenizde-turk-gemisinde-gerceklestirilen-aramaya-sert-tepkiler\" \/>\n<meta property=\"og:locale\" content=\"tr_TR\" \/>\n<meta property=\"og:type\" content=\"article\" \/>\n<meta property=\"og:title\" content=\"Do\u011fu Akdeniz\u2019de T\u00fcrk Gemisinde Ger\u00e7ekle\u015ftirilen Aramaya Sert Tepkiler - The Epoch Times TR\" \/>\n<meta property=\"og:description\" content=\"T\u00fcrk gemisinde hukuksuz \u015fekilde yap\u0131lan aramaya sert a\u00e7\u0131klamalar yap\u0131ld\u0131. Yunan bir komutan taraf\u0131ndan sevk ve idaresi ger\u00e7ekle\u015ftirilen \u0130rini Harekat\u0131&#8217;nda g\u00f6revli bir Alman f\u0131rtakeyni, T\u00fcrkiye&#8217;den Libya&#8217;ya g\u0131da ve boya gibi muhtelif maddeler ta\u015f\u0131yan bir gemiyi Do\u011fu Akdeniz&#8217;de durdurarak, uluslararas\u0131 hukuka ayk\u0131r\u0131 bir \u015fekilde arad\u0131\u011f\u0131 bilgisi \u00f6\u011frenildi. Almanya Savunma Bakanl\u0131\u011f\u0131, Avrupa Birli\u011fi kuvvetleriyle birlikte Akdeniz&#8217;deki bir T\u00fcrk [&hellip;]\" \/>\n<meta property=\"og:url\" content=\"https:\/\/epochtimestr.com\/index.php\/dogu-akdenizde-turk-gemisinde-gerceklestirilen-aramaya-sert-tepkiler\" \/>\n<meta property=\"og:site_name\" content=\"The Epoch Times TR\" \/>\n<meta property=\"article:publisher\" content=\"https:\/\/www.facebook.com\/theepochtimestr\" \/>\n<meta property=\"article:published_time\" content=\"2020-11-23T17:17:37+00:00\" \/>\n<meta property=\"article:modified_time\" content=\"2020-11-23T17:31:44+00:00\" \/>\n<meta property=\"og:image\" content=\"https:\/\/epochtimestr.com\/wp-content\/uploads\/2011y\/destroyer-sava\u015f-gemi.jpg\" \/>\n\t<meta property=\"og:image:width\" content=\"960\" \/>\n\t<meta property=\"og:image:height\" content=\"640\" \/>\n\t<meta property=\"og:image:type\" content=\"image\/jpeg\" \/>\n<meta name=\"author\" content=\"Seda F.\" \/>\n<meta name=\"twitter:card\" content=\"summary_large_image\" \/>\n<meta name=\"twitter:creator\" content=\"@TheEpochTimesTR\" \/>\n<meta name=\"twitter:site\" content=\"@TheEpochTimesTR\" \/>\n<meta name=\"twitter:label1\" content=\"Yazan:\" \/>\n\t<meta name=\"twitter:data1\" content=\"Seda F.\" \/>\n\t<meta name=\"twitter:label2\" content=\"Tahmini okuma s\u00fcresi\" \/>\n\t<meta name=\"twitter:data2\" content=\"4 dakika\" \/>\n<script type=\"application\/ld+json\" class=\"yoast-schema-graph\">{\"@context\":\"https:\/\/schema.org\",\"@graph\":[{\"@type\":\"Article\",\"@id\":\"https:\/\/epochtimestr.com\/index.php\/dogu-akdenizde-turk-gemisinde-gerceklestirilen-aramaya-sert-tepkiler#article\",\"isPartOf\":{\"@id\":\"https:\/\/epochtimestr.com\/index.php\/dogu-akdenizde-turk-gemisinde-gerceklestirilen-aramaya-sert-tepkiler\"},\"author\":{\"name\":\"Seda F.\",\"@id\":\"https:\/\/epochtimestr.com\/#\/schema\/person\/98ca9c773997f59c22622a3779f4e684\"},\"headline\":\"Do\u011fu Akdeniz\u2019de T\u00fcrk Gemisinde Ger\u00e7ekle\u015ftirilen Aramaya Sert Tepkiler\",\"datePublished\":\"2020-11-23T17:17:37+00:00\",\"dateModified\":\"2020-11-23T17:31:44+00:00\",\"mainEntityOfPage\":{\"@id\":\"https:\/\/epochtimestr.com\/index.php\/dogu-akdenizde-turk-gemisinde-gerceklestirilen-aramaya-sert-tepkiler\"},\"wordCount\":840,\"publisher\":{\"@id\":\"https:\/\/epochtimestr.com\/#organization\"},\"image\":{\"@id\":\"https:\/\/epochtimestr.com\/index.php\/dogu-akdenizde-turk-gemisinde-gerceklestirilen-aramaya-sert-tepkiler#primaryimage\"},\"thumbnailUrl\":\"https:\/\/epochtimestr.com\/wp-content\/uploads\/2011y\/destroyer-sava\u015f-gemi.jpg\",\"keywords\":[\"almanya\",\"almanya savunma bakanl\u0131\u011f\u0131\",\"do\u011fu akdeniz\"],\"articleSection\":[\"D\u00dcNYA\",\"G\u00dcNDEM\",\"T\u00dcRK\u0130YE\"],\"inLanguage\":\"tr\"},{\"@type\":\"WebPage\",\"@id\":\"https:\/\/epochtimestr.com\/index.php\/dogu-akdenizde-turk-gemisinde-gerceklestirilen-aramaya-sert-tepkiler\",\"url\":\"https:\/\/epochtimestr.com\/index.php\/dogu-akdenizde-turk-gemisinde-gerceklestirilen-aramaya-sert-tepkiler\",\"name\":\"Do\u011fu Akdeniz\u2019de T\u00fcrk Gemisinde Ger\u00e7ekle\u015ftirilen Aramaya Sert Tepkiler - The Epoch Times TR\",\"isPartOf\":{\"@id\":\"https:\/\/epochtimestr.com\/#website\"},\"primaryImageOfPage\":{\"@id\":\"https:\/\/epochtimestr.com\/index.php\/dogu-akdenizde-turk-gemisinde-gerceklestirilen-aramaya-sert-tepkiler#primaryimage\"},\"image\":{\"@id\":\"https:\/\/epochtimestr.com\/index.php\/dogu-akdenizde-turk-gemisinde-gerceklestirilen-aramaya-sert-tepkiler#primaryimage\"},\"thumbnailUrl\":\"https:\/\/epochtimestr.com\/wp-content\/uploads\/2011y\/destroyer-sava\u015f-gemi.jpg\",\"datePublished\":\"2020-11-23T17:17:37+00:00\",\"dateModified\":\"2020-11-23T17:31:44+00:00\",\"inLanguage\":\"tr\",\"potentialAction\":[{\"@type\":\"ReadAction\",\"target\":[\"https:\/\/epochtimestr.com\/index.php\/dogu-akdenizde-turk-gemisinde-gerceklestirilen-aramaya-sert-tepkiler\"]}]},{\"@type\":\"ImageObject\",\"inLanguage\":\"tr\",\"@id\":\"https:\/\/epochtimestr.com\/index.php\/dogu-akdenizde-turk-gemisinde-gerceklestirilen-aramaya-sert-tepkiler#primaryimage\",\"url\":\"https:\/\/epochtimestr.com\/wp-content\/uploads\/2011y\/destroyer-sava\u015f-gemi.jpg\",\"contentUrl\":\"https:\/\/epochtimestr.com\/wp-content\/uploads\/2011y\/destroyer-sava\u015f-gemi.jpg\",\"width\":960,\"height\":640},{\"@type\":\"WebSite\",\"@id\":\"https:\/\/epochtimestr.com\/#website\",\"url\":\"https:\/\/epochtimestr.com\/\",\"name\":\"The Epoch Times TR\",\"description\":\"De\u011fi\u015fen D\u00fcnyam\u0131za Taze Bir Bak\u0131\u015f\",\"publisher\":{\"@id\":\"https:\/\/epochtimestr.com\/#organization\"},\"potentialAction\":[{\"@type\":\"SearchAction\",\"target\":{\"@type\":\"EntryPoint\",\"urlTemplate\":\"https:\/\/epochtimestr.com\/?s={search_term_string}\"},\"query-input\":\"required name=search_term_string\"}],\"inLanguage\":\"tr\"},{\"@type\":\"Organization\",\"@id\":\"https:\/\/epochtimestr.com\/#organization\",\"name\":\"The EpochTimes T\u00fcrkiye\",\"url\":\"https:\/\/epochtimestr.com\/\",\"logo\":{\"@type\":\"ImageObject\",\"inLanguage\":\"tr\",\"@id\":\"https:\/\/epochtimestr.com\/#\/schema\/logo\/image\/\",\"url\":\"https:\/\/epochtimestr.com\/wp-content\/uploads\/2011y\/ET-Logo-YG.jpg\",\"contentUrl\":\"https:\/\/epochtimestr.com\/wp-content\/uploads\/2011y\/ET-Logo-YG.jpg\",\"width\":346,\"height\":29,\"caption\":\"The EpochTimes T\u00fcrkiye\"},\"image\":{\"@id\":\"https:\/\/epochtimestr.com\/#\/schema\/logo\/image\/\"},\"sameAs\":[\"https:\/\/www.facebook.com\/theepochtimestr\",\"https:\/\/x.com\/TheEpochTimesTR\",\"https:\/\/www.instagram.com\/epochtimestr\"]},{\"@type\":\"Person\",\"@id\":\"https:\/\/epochtimestr.com\/#\/schema\/person\/98ca9c773997f59c22622a3779f4e684\",\"name\":\"Seda F.\",\"image\":{\"@type\":\"ImageObject\",\"inLanguage\":\"tr\",\"@id\":\"https:\/\/epochtimestr.com\/#\/schema\/person\/image\/\",\"url\":\"https:\/\/secure.gravatar.com\/avatar\/d34ac3562f53286f25d03d9139fb9105?s=96&d=mm&r=g\",\"contentUrl\":\"https:\/\/secure.gravatar.com\/avatar\/d34ac3562f53286f25d03d9139fb9105?s=96&d=mm&r=g\",\"caption\":\"Seda F.\"},\"url\":\"https:\/\/epochtimestr.com\/index.php\/author\/seda-f\"}]}<\/script>\n<!-- \/ Yoast SEO plugin. -->","yoast_head_json":{"title":"Do\u011fu Akdeniz\u2019de T\u00fcrk Gemisinde Ger\u00e7ekle\u015ftirilen Aramaya Sert Tepkiler - The Epoch Times TR","robots":{"index":"index","follow":"follow","max-snippet":"max-snippet:-1","max-image-preview":"max-image-preview:large","max-video-preview":"max-video-preview:-1"},"canonical":"https:\/\/epochtimestr.com\/index.php\/dogu-akdenizde-turk-gemisinde-gerceklestirilen-aramaya-sert-tepkiler","og_locale":"tr_TR","og_type":"article","og_title":"Do\u011fu Akdeniz\u2019de T\u00fcrk Gemisinde Ger\u00e7ekle\u015ftirilen Aramaya Sert Tepkiler - The Epoch Times TR","og_description":"T\u00fcrk gemisinde hukuksuz \u015fekilde yap\u0131lan aramaya sert a\u00e7\u0131klamalar yap\u0131ld\u0131. Yunan bir komutan taraf\u0131ndan sevk ve idaresi ger\u00e7ekle\u015ftirilen \u0130rini Harekat\u0131&#8217;nda g\u00f6revli bir Alman f\u0131rtakeyni, T\u00fcrkiye&#8217;den Libya&#8217;ya g\u0131da ve boya gibi muhtelif maddeler ta\u015f\u0131yan bir gemiyi Do\u011fu Akdeniz&#8217;de durdurarak, uluslararas\u0131 hukuka ayk\u0131r\u0131 bir \u015fekilde arad\u0131\u011f\u0131 bilgisi \u00f6\u011frenildi. Almanya Savunma Bakanl\u0131\u011f\u0131, Avrupa Birli\u011fi kuvvetleriyle birlikte Akdeniz&#8217;deki bir T\u00fcrk [&hellip;]","og_url":"https:\/\/epochtimestr.com\/index.php\/dogu-akdenizde-turk-gemisinde-gerceklestirilen-aramaya-sert-tepkiler","og_site_name":"The Epoch Times TR","article_publisher":"https:\/\/www.facebook.com\/theepochtimestr","article_published_time":"2020-11-23T17:17:37+00:00","article_modified_time":"2020-11-23T17:31:44+00:00","og_image":[{"width":960,"height":640,"url":"https:\/\/epochtimestr.com\/wp-content\/uploads\/2011y\/destroyer-sava\u015f-gemi.jpg","type":"image\/jpeg"}],"author":"Seda F.","twitter_card":"summary_large_image","twitter_creator":"@TheEpochTimesTR","twitter_site":"@TheEpochTimesTR","twitter_misc":{"Yazan:":"Seda F.","Tahmini okuma s\u00fcresi":"4 dakika"},"schema":{"@context":"https:\/\/schema.org","@graph":[{"@type":"Article","@id":"https:\/\/epochtimestr.com\/index.php\/dogu-akdenizde-turk-gemisinde-gerceklestirilen-aramaya-sert-tepkiler#article","isPartOf":{"@id":"https:\/\/epochtimestr.com\/index.php\/dogu-akdenizde-turk-gemisinde-gerceklestirilen-aramaya-sert-tepkiler"},"author":{"name":"Seda F.","@id":"https:\/\/epochtimestr.com\/#\/schema\/person\/98ca9c773997f59c22622a3779f4e684"},"headline":"Do\u011fu Akdeniz\u2019de T\u00fcrk Gemisinde Ger\u00e7ekle\u015ftirilen Aramaya Sert Tepkiler","datePublished":"2020-11-23T17:17:37+00:00","dateModified":"2020-11-23T17:31:44+00:00","mainEntityOfPage":{"@id":"https:\/\/epochtimestr.com\/index.php\/dogu-akdenizde-turk-gemisinde-gerceklestirilen-aramaya-sert-tepkiler"},"wordCount":840,"publisher":{"@id":"https:\/\/epochtimestr.com\/#organization"},"image":{"@id":"https:\/\/epochtimestr.com\/index.php\/dogu-akdenizde-turk-gemisinde-gerceklestirilen-aramaya-sert-tepkiler#primaryimage"},"thumbnailUrl":"https:\/\/epochtimestr.com\/wp-content\/uploads\/2011y\/destroyer-sava\u015f-gemi.jpg","keywords":["almanya","almanya savunma bakanl\u0131\u011f\u0131","do\u011fu akdeniz"],"articleSection":["D\u00dcNYA","G\u00dcNDEM","T\u00dcRK\u0130YE"],"inLanguage":"tr"},{"@type":"WebPage","@id":"https:\/\/epochtimestr.com\/index.php\/dogu-akdenizde-turk-gemisinde-gerceklestirilen-aramaya-sert-tepkiler","url":"https:\/\/epochtimestr.com\/index.php\/dogu-akdenizde-turk-gemisinde-gerceklestirilen-aramaya-sert-tepkiler","name":"Do\u011fu Akdeniz\u2019de T\u00fcrk Gemisinde Ger\u00e7ekle\u015ftirilen Aramaya Sert Tepkiler - The Epoch Times TR","isPartOf":{"@id":"https:\/\/epochtimestr.com\/#website"},"primaryImageOfPage":{"@id":"https:\/\/epochtimestr.com\/index.php\/dogu-akdenizde-turk-gemisinde-gerceklestirilen-aramaya-sert-tepkiler#primaryimage"},"image":{"@id":"https:\/\/epochtimestr.com\/index.php\/dogu-akdenizde-turk-gemisinde-gerceklestirilen-aramaya-sert-tepkiler#primaryimage"},"thumbnailUrl":"https:\/\/epochtimestr.com\/wp-content\/uploads\/2011y\/destroyer-sava\u015f-gemi.jpg","datePublished":"2020-11-23T17:17:37+00:00","dateModified":"2020-11-23T17:31:44+00:00","inLanguage":"tr","potentialAction":[{"@type":"ReadAction","target":["https:\/\/epochtimestr.com\/index.php\/dogu-akdenizde-turk-gemisinde-gerceklestirilen-aramaya-sert-tepkiler"]}]},{"@type":"ImageObject","inLanguage":"tr","@id":"https:\/\/epochtimestr.com\/index.php\/dogu-akdenizde-turk-gemisinde-gerceklestirilen-aramaya-sert-tepkiler#primaryimage","url":"https:\/\/epochtimestr.com\/wp-content\/uploads\/2011y\/destroyer-sava\u015f-gemi.jpg","contentUrl":"https:\/\/epochtimestr.com\/wp-content\/uploads\/2011y\/destroyer-sava\u015f-gemi.jpg","width":960,"height":640},{"@type":"WebSite","@id":"https:\/\/epochtimestr.com\/#website","url":"https:\/\/epochtimestr.com\/","name":"The Epoch Times TR","description":"De\u011fi\u015fen D\u00fcnyam\u0131za Taze Bir Bak\u0131\u015f","publisher":{"@id":"https:\/\/epochtimestr.com\/#organization"},"potentialAction":[{"@type":"SearchAction","target":{"@type":"EntryPoint","urlTemplate":"https:\/\/epochtimestr.com\/?s={search_term_string}"},"query-input":"required name=search_term_string"}],"inLanguage":"tr"},{"@type":"Organization","@id":"https:\/\/epochtimestr.com\/#organization","name":"The EpochTimes T\u00fcrkiye","url":"https:\/\/epochtimestr.com\/","logo":{"@type":"ImageObject","inLanguage":"tr","@id":"https:\/\/epochtimestr.com\/#\/schema\/logo\/image\/","url":"https:\/\/epochtimestr.com\/wp-content\/uploads\/2011y\/ET-Logo-YG.jpg","contentUrl":"https:\/\/epochtimestr.com\/wp-content\/uploads\/2011y\/ET-Logo-YG.jpg","width":346,"height":29,"caption":"The EpochTimes T\u00fcrkiye"},"image":{"@id":"https:\/\/epochtimestr.com\/#\/schema\/logo\/image\/"},"sameAs":["https:\/\/www.facebook.com\/theepochtimestr","https:\/\/x.com\/TheEpochTimesTR","https:\/\/www.instagram.com\/epochtimestr"]},{"@type":"Person","@id":"https:\/\/epochtimestr.com\/#\/schema\/person\/98ca9c773997f59c22622a3779f4e684","name":"Seda F.","image":{"@type":"ImageObject","inLanguage":"tr","@id":"https:\/\/epochtimestr.com\/#\/schema\/person\/image\/","url":"https:\/\/secure.gravatar.com\/avatar\/d34ac3562f53286f25d03d9139fb9105?s=96&d=mm&r=g","contentUrl":"https:\/\/secure.gravatar.com\/avatar\/d34ac3562f53286f25d03d9139fb9105?s=96&d=mm&r=g","caption":"Seda F."},"url":"https:\/\/epochtimestr.com\/index.php\/author\/seda-f"}]}},"_links":{"self":[{"href":"https:\/\/epochtimestr.com\/index.php\/wp-json\/wp\/v2\/posts\/131039"}],"collection":[{"href":"https:\/\/epochtimestr.com\/index.php\/wp-json\/wp\/v2\/posts"}],"about":[{"href":"https:\/\/epochtimestr.com\/index.php\/wp-json\/wp\/v2\/types\/post"}],"author":[{"embeddable":true,"href":"https:\/\/epochtimestr.com\/index.php\/wp-json\/wp\/v2\/users\/13971"}],"replies":[{"embeddable":true,"href":"https:\/\/epochtimestr.com\/index.php\/wp-json\/wp\/v2\/comments?post=131039"}],"version-history":[{"count":2,"href":"https:\/\/epochtimestr.com\/index.php\/wp-json\/wp\/v2\/posts\/131039\/revisions"}],"predecessor-version":[{"id":131043,"href":"https:\/\/epochtimestr.com\/index.php\/wp-json\/wp\/v2\/posts\/131039\/revisions\/131043"}],"wp:featuredmedia":[{"embeddable":true,"href":"https:\/\/epochtimestr.com\/index.php\/wp-json\/wp\/v2\/media\/113399"}],"wp:attachment":[{"href":"https:\/\/epochtimestr.com\/index.php\/wp-json\/wp\/v2\/media?parent=131039"}],"wp:term":[{"taxonomy":"category","embeddable":true,"href":"https:\/\/epochtimestr.com\/index.php\/wp-json\/wp\/v2\/categories?post=131039"},{"taxonomy":"post_tag","embeddable":true,"href":"https:\/\/epochtimestr.com\/index.php\/wp-json\/wp\/v2\/tags?post=131039"}],"curies":[{"name":"wp","href":"https:\/\/api.w.org\/{rel}","templated":true}]}}