{"id":131074,"date":"2020-11-25T04:20:06","date_gmt":"2020-11-25T01:20:06","guid":{"rendered":"http:\/\/epochtimestr.com\/?p=131074"},"modified":"2020-11-25T04:20:07","modified_gmt":"2020-11-25T01:20:07","slug":"israil-hava-saldirisi-duzenledi","status":"publish","type":"post","link":"https:\/\/epochtimestr.com\/index.php\/israil-hava-saldirisi-duzenledi","title":{"rendered":"\u0130srail, Hava Sald\u0131r\u0131s\u0131 D\u00fczenledi"},"content":{"rendered":"\n<figure class=\"wp-block-image size-large\"><img loading=\"lazy\" decoding=\"async\" width=\"600\" height=\"400\" src=\"https:\/\/epochtimestr.com\/wp-content\/uploads\/2011y\/suriye-10-600x400.jpg\" alt=\"\" class=\"wp-image-123282\" srcset=\"https:\/\/epochtimestr.com\/wp-content\/uploads\/2011y\/suriye-10-600x400.jpg 600w, https:\/\/epochtimestr.com\/wp-content\/uploads\/2011y\/suriye-10-150x100.jpg 150w, https:\/\/epochtimestr.com\/wp-content\/uploads\/2011y\/suriye-10-300x200.jpg 300w, https:\/\/epochtimestr.com\/wp-content\/uploads\/2011y\/suriye-10-768x512.jpg 768w, https:\/\/epochtimestr.com\/wp-content\/uploads\/2011y\/suriye-10-450x300.jpg 450w, https:\/\/epochtimestr.com\/wp-content\/uploads\/2011y\/suriye-10.jpg 960w\" sizes=\"(max-width: 600px) 100vw, 600px\" \/><\/figure>\n\n\n\n<h2 class=\"wp-block-heading\">\u0130srail&#8217;in, i\u015fgal alt\u0131ndaki Golan Tepeleri \u00fczerinden yerel saatle 23.50&#8217;de \u015eam&#8217;\u0131n g\u00fcneyine hava sald\u0131r\u0131s\u0131 d\u00fczenledi\u011fini iddia edildi.<\/h2>\n\n\n\n<p>Esad rejiminin haber ajans\u0131 SANA, askeri kaynaklara dayand\u0131rd\u0131\u011f\u0131 haberinde, \u0130srail&#8217;in, i\u015fgal alt\u0131ndaki Golan Tepeleri \u00fczerinden yerel saatle 23.50&#8217;de \u015eam&#8217;\u0131n g\u00fcneyine hava sald\u0131r\u0131s\u0131 d\u00fczenledi\u011fini iddia etti.<\/p>\n\n\n\n<p>Haberde, \u015eam&#8217;\u0131n g\u00fcneyindeki Mani Da\u011f\u0131&#8217;na yap\u0131ld\u0131\u011f\u0131 ileri s\u00fcr\u00fclen sald\u0131r\u0131da maddi hasar\u0131n meydana geldi\u011fi belirtildi. AA&#8217;n\u0131n haberine g\u00f6re; ba\u015fkent \u015eam ve k\u0131rsal\u0131ndaki b\u00f6lgelerde rejim ordusunun yan\u0131 s\u0131ra \u0130ran Devrim Muhaf\u0131zlar\u0131n\u0131n emrindeki ter\u00f6rist gruplar ile \u00f6zellikle L\u00fcbnan Hizbullah\u0131 unsurlar\u0131n\u0131n bulundu\u011fu biliniyor.<\/p>\n\n\n\n<p>\u0130srail&#8217;den konuya ili\u015fkin hen\u00fcz a\u00e7\u0131klama yap\u0131lmad\u0131. \u0130srail ordusu, 18 Kas\u0131m&#8217;da,&nbsp;<a href=\"https:\/\/www.haberturk.com\/yer\/suriye\">Suriye<\/a>&nbsp;&#8216;de Esad rejimi ve \u0130ran Devrim Muhaf\u0131zlar\u0131 Ordusuna ba\u011fl\u0131 Kud\u00fcs G\u00fcc\u00fcne ait askeri hedeflere hava sald\u0131r\u0131s\u0131 d\u00fczenledi\u011fini duyurmu\u015ftu.<\/p>\n\n\n\n<p>\u0130srail, i\u00e7 sava\u015f\u0131n ba\u015flad\u0131\u011f\u0131 2011&#8217;den bu yana Suriye&#8217;de zaman zaman \u0130ran destekli gruplara ve rejime ait askeri noktalara sald\u0131r\u0131lar d\u00fczenliyor.<\/p>\n","protected":false},"excerpt":{"rendered":"<p>\u0130srail&#8217;in, i\u015fgal alt\u0131ndaki Golan Tepeleri \u00fczerinden yerel saatle 23.50&#8217;de \u015eam&#8217;\u0131n g\u00fcneyine hava sald\u0131r\u0131s\u0131 d\u00fczenledi\u011fini iddia edildi. Esad rejiminin haber ajans\u0131 SANA, askeri kaynaklara dayand\u0131rd\u0131\u011f\u0131 haberinde, \u0130srail&#8217;in, i\u015fgal alt\u0131ndaki Golan Tepeleri \u00fczerinden yerel saatle 23.50&#8217;de \u015eam&#8217;\u0131n g\u00fcneyine hava sald\u0131r\u0131s\u0131 d\u00fczenledi\u011fini iddia etti. Haberde, \u015eam&#8217;\u0131n g\u00fcneyindeki Mani Da\u011f\u0131&#8217;na yap\u0131ld\u0131\u011f\u0131 ileri s\u00fcr\u00fclen sald\u0131r\u0131da maddi hasar\u0131n meydana geldi\u011fi belirtildi. [&hellip;]<\/p>\n","protected":false},"author":12791,"featured_media":123282,"comment_status":"closed","ping_status":"open","sticky":false,"template":"","format":"standard","meta":{"_yoast_wpseo_focuskw":"","_yoast_wpseo_title":"","_yoast_wpseo_metadesc":"","_bbp_topic_count":0,"_bbp_reply_count":0,"_bbp_total_topic_count":0,"_bbp_total_reply_count":0,"_bbp_voice_count":0,"_bbp_anonymous_reply_count":0,"_bbp_topic_count_hidden":0,"_bbp_reply_count_hidden":0,"_bbp_forum_subforum_count":0,"footnotes":"","_yoast_wpseo_focuskw_text_input":""},"categories":[5,1],"tags":[],"yoast_head":"<!-- This site is optimized with the Yoast SEO plugin v23.0 - https:\/\/yoast.com\/wordpress\/plugins\/seo\/ -->\n<title>\u0130srail, Hava Sald\u0131r\u0131s\u0131 D\u00fczenledi - The Epoch Times TR<\/title>\n<meta name=\"robots\" content=\"index, follow, max-snippet:-1, max-image-preview:large, max-video-preview:-1\" \/>\n<link rel=\"canonical\" href=\"https:\/\/epochtimestr.com\/index.php\/israil-hava-saldirisi-duzenledi\" \/>\n<meta property=\"og:locale\" content=\"tr_TR\" \/>\n<meta property=\"og:type\" content=\"article\" \/>\n<meta property=\"og:title\" content=\"\u0130srail, Hava Sald\u0131r\u0131s\u0131 D\u00fczenledi - The Epoch Times TR\" \/>\n<meta property=\"og:description\" content=\"\u0130srail&#8217;in, i\u015fgal alt\u0131ndaki Golan Tepeleri \u00fczerinden yerel saatle 23.50&#8217;de \u015eam&#8217;\u0131n g\u00fcneyine hava sald\u0131r\u0131s\u0131 d\u00fczenledi\u011fini iddia edildi. Esad rejiminin haber ajans\u0131 SANA, askeri kaynaklara dayand\u0131rd\u0131\u011f\u0131 haberinde, \u0130srail&#8217;in, i\u015fgal alt\u0131ndaki Golan Tepeleri \u00fczerinden yerel saatle 23.50&#8217;de \u015eam&#8217;\u0131n g\u00fcneyine hava sald\u0131r\u0131s\u0131 d\u00fczenledi\u011fini iddia etti. Haberde, \u015eam&#8217;\u0131n g\u00fcneyindeki Mani Da\u011f\u0131&#8217;na yap\u0131ld\u0131\u011f\u0131 ileri s\u00fcr\u00fclen sald\u0131r\u0131da maddi hasar\u0131n meydana geldi\u011fi belirtildi. [&hellip;]\" \/>\n<meta property=\"og:url\" content=\"https:\/\/epochtimestr.com\/index.php\/israil-hava-saldirisi-duzenledi\" \/>\n<meta property=\"og:site_name\" content=\"The Epoch Times TR\" \/>\n<meta property=\"article:publisher\" content=\"https:\/\/www.facebook.com\/theepochtimestr\" \/>\n<meta property=\"article:published_time\" content=\"2020-11-25T01:20:06+00:00\" \/>\n<meta property=\"article:modified_time\" content=\"2020-11-25T01:20:07+00:00\" \/>\n<meta property=\"og:image\" content=\"https:\/\/epochtimestr.com\/wp-content\/uploads\/2011y\/suriye-10.jpg\" \/>\n\t<meta property=\"og:image:width\" content=\"960\" \/>\n\t<meta property=\"og:image:height\" content=\"640\" \/>\n\t<meta property=\"og:image:type\" content=\"image\/jpeg\" \/>\n<meta name=\"author\" content=\"Haber Merkezi\" \/>\n<meta name=\"twitter:card\" content=\"summary_large_image\" \/>\n<meta name=\"twitter:creator\" content=\"@TheEpochTimesTR\" \/>\n<meta name=\"twitter:site\" content=\"@TheEpochTimesTR\" \/>\n<meta name=\"twitter:label1\" content=\"Yazan:\" \/>\n\t<meta name=\"twitter:data1\" content=\"Haber Merkezi\" \/>\n\t<meta name=\"twitter:label2\" content=\"Tahmini okuma s\u00fcresi\" \/>\n\t<meta name=\"twitter:data2\" content=\"1 dakika\" \/>\n<script type=\"application\/ld+json\" class=\"yoast-schema-graph\">{\"@context\":\"https:\/\/schema.org\",\"@graph\":[{\"@type\":\"Article\",\"@id\":\"https:\/\/epochtimestr.com\/index.php\/israil-hava-saldirisi-duzenledi#article\",\"isPartOf\":{\"@id\":\"https:\/\/epochtimestr.com\/index.php\/israil-hava-saldirisi-duzenledi\"},\"author\":{\"name\":\"Haber Merkezi\",\"@id\":\"https:\/\/epochtimestr.com\/#\/schema\/person\/3dc5c3adeb9f43923c5aa85889172fdd\"},\"headline\":\"\u0130srail, Hava Sald\u0131r\u0131s\u0131 D\u00fczenledi\",\"datePublished\":\"2020-11-25T01:20:06+00:00\",\"dateModified\":\"2020-11-25T01:20:07+00:00\",\"mainEntityOfPage\":{\"@id\":\"https:\/\/epochtimestr.com\/index.php\/israil-hava-saldirisi-duzenledi\"},\"wordCount\":199,\"publisher\":{\"@id\":\"https:\/\/epochtimestr.com\/#organization\"},\"image\":{\"@id\":\"https:\/\/epochtimestr.com\/index.php\/israil-hava-saldirisi-duzenledi#primaryimage\"},\"thumbnailUrl\":\"https:\/\/epochtimestr.com\/wp-content\/uploads\/2011y\/suriye-10.jpg\",\"articleSection\":[\"D\u00dcNYA\",\"G\u00dcNDEM\"],\"inLanguage\":\"tr\"},{\"@type\":\"WebPage\",\"@id\":\"https:\/\/epochtimestr.com\/index.php\/israil-hava-saldirisi-duzenledi\",\"url\":\"https:\/\/epochtimestr.com\/index.php\/israil-hava-saldirisi-duzenledi\",\"name\":\"\u0130srail, Hava Sald\u0131r\u0131s\u0131 D\u00fczenledi - The Epoch Times TR\",\"isPartOf\":{\"@id\":\"https:\/\/epochtimestr.com\/#website\"},\"primaryImageOfPage\":{\"@id\":\"https:\/\/epochtimestr.com\/index.php\/israil-hava-saldirisi-duzenledi#primaryimage\"},\"image\":{\"@id\":\"https:\/\/epochtimestr.com\/index.php\/israil-hava-saldirisi-duzenledi#primaryimage\"},\"thumbnailUrl\":\"https:\/\/epochtimestr.com\/wp-content\/uploads\/2011y\/suriye-10.jpg\",\"datePublished\":\"2020-11-25T01:20:06+00:00\",\"dateModified\":\"2020-11-25T01:20:07+00:00\",\"inLanguage\":\"tr\",\"potentialAction\":[{\"@type\":\"ReadAction\",\"target\":[\"https:\/\/epochtimestr.com\/index.php\/israil-hava-saldirisi-duzenledi\"]}]},{\"@type\":\"ImageObject\",\"inLanguage\":\"tr\",\"@id\":\"https:\/\/epochtimestr.com\/index.php\/israil-hava-saldirisi-duzenledi#primaryimage\",\"url\":\"https:\/\/epochtimestr.com\/wp-content\/uploads\/2011y\/suriye-10.jpg\",\"contentUrl\":\"https:\/\/epochtimestr.com\/wp-content\/uploads\/2011y\/suriye-10.jpg\",\"width\":960,\"height\":640},{\"@type\":\"WebSite\",\"@id\":\"https:\/\/epochtimestr.com\/#website\",\"url\":\"https:\/\/epochtimestr.com\/\",\"name\":\"The Epoch Times TR\",\"description\":\"De\u011fi\u015fen D\u00fcnyam\u0131za Taze Bir Bak\u0131\u015f\",\"publisher\":{\"@id\":\"https:\/\/epochtimestr.com\/#organization\"},\"potentialAction\":[{\"@type\":\"SearchAction\",\"target\":{\"@type\":\"EntryPoint\",\"urlTemplate\":\"https:\/\/epochtimestr.com\/?s={search_term_string}\"},\"query-input\":\"required name=search_term_string\"}],\"inLanguage\":\"tr\"},{\"@type\":\"Organization\",\"@id\":\"https:\/\/epochtimestr.com\/#organization\",\"name\":\"The EpochTimes T\u00fcrkiye\",\"url\":\"https:\/\/epochtimestr.com\/\",\"logo\":{\"@type\":\"ImageObject\",\"inLanguage\":\"tr\",\"@id\":\"https:\/\/epochtimestr.com\/#\/schema\/logo\/image\/\",\"url\":\"https:\/\/epochtimestr.com\/wp-content\/uploads\/2011y\/ET-Logo-YG.jpg\",\"contentUrl\":\"https:\/\/epochtimestr.com\/wp-content\/uploads\/2011y\/ET-Logo-YG.jpg\",\"width\":346,\"height\":29,\"caption\":\"The EpochTimes T\u00fcrkiye\"},\"image\":{\"@id\":\"https:\/\/epochtimestr.com\/#\/schema\/logo\/image\/\"},\"sameAs\":[\"https:\/\/www.facebook.com\/theepochtimestr\",\"https:\/\/x.com\/TheEpochTimesTR\",\"https:\/\/www.instagram.com\/epochtimestr\"]},{\"@type\":\"Person\",\"@id\":\"https:\/\/epochtimestr.com\/#\/schema\/person\/3dc5c3adeb9f43923c5aa85889172fdd\",\"name\":\"Haber Merkezi\",\"image\":{\"@type\":\"ImageObject\",\"inLanguage\":\"tr\",\"@id\":\"https:\/\/epochtimestr.com\/#\/schema\/person\/image\/\",\"url\":\"https:\/\/secure.gravatar.com\/avatar\/d73f772ba5a74f28601361e17c2f93e6?s=96&d=mm&r=g\",\"contentUrl\":\"https:\/\/secure.gravatar.com\/avatar\/d73f772ba5a74f28601361e17c2f93e6?s=96&d=mm&r=g\",\"caption\":\"Haber Merkezi\"},\"url\":\"https:\/\/epochtimestr.com\/index.php\/author\/sendag\"}]}<\/script>\n<!-- \/ Yoast SEO plugin. -->","yoast_head_json":{"title":"\u0130srail, Hava Sald\u0131r\u0131s\u0131 D\u00fczenledi - The Epoch Times TR","robots":{"index":"index","follow":"follow","max-snippet":"max-snippet:-1","max-image-preview":"max-image-preview:large","max-video-preview":"max-video-preview:-1"},"canonical":"https:\/\/epochtimestr.com\/index.php\/israil-hava-saldirisi-duzenledi","og_locale":"tr_TR","og_type":"article","og_title":"\u0130srail, Hava Sald\u0131r\u0131s\u0131 D\u00fczenledi - The Epoch Times TR","og_description":"\u0130srail&#8217;in, i\u015fgal alt\u0131ndaki Golan Tepeleri \u00fczerinden yerel saatle 23.50&#8217;de \u015eam&#8217;\u0131n g\u00fcneyine hava sald\u0131r\u0131s\u0131 d\u00fczenledi\u011fini iddia edildi. Esad rejiminin haber ajans\u0131 SANA, askeri kaynaklara dayand\u0131rd\u0131\u011f\u0131 haberinde, \u0130srail&#8217;in, i\u015fgal alt\u0131ndaki Golan Tepeleri \u00fczerinden yerel saatle 23.50&#8217;de \u015eam&#8217;\u0131n g\u00fcneyine hava sald\u0131r\u0131s\u0131 d\u00fczenledi\u011fini iddia etti. Haberde, \u015eam&#8217;\u0131n g\u00fcneyindeki Mani Da\u011f\u0131&#8217;na yap\u0131ld\u0131\u011f\u0131 ileri s\u00fcr\u00fclen sald\u0131r\u0131da maddi hasar\u0131n meydana geldi\u011fi belirtildi. [&hellip;]","og_url":"https:\/\/epochtimestr.com\/index.php\/israil-hava-saldirisi-duzenledi","og_site_name":"The Epoch Times TR","article_publisher":"https:\/\/www.facebook.com\/theepochtimestr","article_published_time":"2020-11-25T01:20:06+00:00","article_modified_time":"2020-11-25T01:20:07+00:00","og_image":[{"width":960,"height":640,"url":"https:\/\/epochtimestr.com\/wp-content\/uploads\/2011y\/suriye-10.jpg","type":"image\/jpeg"}],"author":"Haber Merkezi","twitter_card":"summary_large_image","twitter_creator":"@TheEpochTimesTR","twitter_site":"@TheEpochTimesTR","twitter_misc":{"Yazan:":"Haber Merkezi","Tahmini okuma s\u00fcresi":"1 dakika"},"schema":{"@context":"https:\/\/schema.org","@graph":[{"@type":"Article","@id":"https:\/\/epochtimestr.com\/index.php\/israil-hava-saldirisi-duzenledi#article","isPartOf":{"@id":"https:\/\/epochtimestr.com\/index.php\/israil-hava-saldirisi-duzenledi"},"author":{"name":"Haber Merkezi","@id":"https:\/\/epochtimestr.com\/#\/schema\/person\/3dc5c3adeb9f43923c5aa85889172fdd"},"headline":"\u0130srail, Hava Sald\u0131r\u0131s\u0131 D\u00fczenledi","datePublished":"2020-11-25T01:20:06+00:00","dateModified":"2020-11-25T01:20:07+00:00","mainEntityOfPage":{"@id":"https:\/\/epochtimestr.com\/index.php\/israil-hava-saldirisi-duzenledi"},"wordCount":199,"publisher":{"@id":"https:\/\/epochtimestr.com\/#organization"},"image":{"@id":"https:\/\/epochtimestr.com\/index.php\/israil-hava-saldirisi-duzenledi#primaryimage"},"thumbnailUrl":"https:\/\/epochtimestr.com\/wp-content\/uploads\/2011y\/suriye-10.jpg","articleSection":["D\u00dcNYA","G\u00dcNDEM"],"inLanguage":"tr"},{"@type":"WebPage","@id":"https:\/\/epochtimestr.com\/index.php\/israil-hava-saldirisi-duzenledi","url":"https:\/\/epochtimestr.com\/index.php\/israil-hava-saldirisi-duzenledi","name":"\u0130srail, Hava Sald\u0131r\u0131s\u0131 D\u00fczenledi - The Epoch Times TR","isPartOf":{"@id":"https:\/\/epochtimestr.com\/#website"},"primaryImageOfPage":{"@id":"https:\/\/epochtimestr.com\/index.php\/israil-hava-saldirisi-duzenledi#primaryimage"},"image":{"@id":"https:\/\/epochtimestr.com\/index.php\/israil-hava-saldirisi-duzenledi#primaryimage"},"thumbnailUrl":"https:\/\/epochtimestr.com\/wp-content\/uploads\/2011y\/suriye-10.jpg","datePublished":"2020-11-25T01:20:06+00:00","dateModified":"2020-11-25T01:20:07+00:00","inLanguage":"tr","potentialAction":[{"@type":"ReadAction","target":["https:\/\/epochtimestr.com\/index.php\/israil-hava-saldirisi-duzenledi"]}]},{"@type":"ImageObject","inLanguage":"tr","@id":"https:\/\/epochtimestr.com\/index.php\/israil-hava-saldirisi-duzenledi#primaryimage","url":"https:\/\/epochtimestr.com\/wp-content\/uploads\/2011y\/suriye-10.jpg","contentUrl":"https:\/\/epochtimestr.com\/wp-content\/uploads\/2011y\/suriye-10.jpg","width":960,"height":640},{"@type":"WebSite","@id":"https:\/\/epochtimestr.com\/#website","url":"https:\/\/epochtimestr.com\/","name":"The Epoch Times TR","description":"De\u011fi\u015fen D\u00fcnyam\u0131za Taze Bir Bak\u0131\u015f","publisher":{"@id":"https:\/\/epochtimestr.com\/#organization"},"potentialAction":[{"@type":"SearchAction","target":{"@type":"EntryPoint","urlTemplate":"https:\/\/epochtimestr.com\/?s={search_term_string}"},"query-input":"required name=search_term_string"}],"inLanguage":"tr"},{"@type":"Organization","@id":"https:\/\/epochtimestr.com\/#organization","name":"The EpochTimes T\u00fcrkiye","url":"https:\/\/epochtimestr.com\/","logo":{"@type":"ImageObject","inLanguage":"tr","@id":"https:\/\/epochtimestr.com\/#\/schema\/logo\/image\/","url":"https:\/\/epochtimestr.com\/wp-content\/uploads\/2011y\/ET-Logo-YG.jpg","contentUrl":"https:\/\/epochtimestr.com\/wp-content\/uploads\/2011y\/ET-Logo-YG.jpg","width":346,"height":29,"caption":"The EpochTimes T\u00fcrkiye"},"image":{"@id":"https:\/\/epochtimestr.com\/#\/schema\/logo\/image\/"},"sameAs":["https:\/\/www.facebook.com\/theepochtimestr","https:\/\/x.com\/TheEpochTimesTR","https:\/\/www.instagram.com\/epochtimestr"]},{"@type":"Person","@id":"https:\/\/epochtimestr.com\/#\/schema\/person\/3dc5c3adeb9f43923c5aa85889172fdd","name":"Haber Merkezi","image":{"@type":"ImageObject","inLanguage":"tr","@id":"https:\/\/epochtimestr.com\/#\/schema\/person\/image\/","url":"https:\/\/secure.gravatar.com\/avatar\/d73f772ba5a74f28601361e17c2f93e6?s=96&d=mm&r=g","contentUrl":"https:\/\/secure.gravatar.com\/avatar\/d73f772ba5a74f28601361e17c2f93e6?s=96&d=mm&r=g","caption":"Haber Merkezi"},"url":"https:\/\/epochtimestr.com\/index.php\/author\/sendag"}]}},"_links":{"self":[{"href":"https:\/\/epochtimestr.com\/index.php\/wp-json\/wp\/v2\/posts\/131074"}],"collection":[{"href":"https:\/\/epochtimestr.com\/index.php\/wp-json\/wp\/v2\/posts"}],"about":[{"href":"https:\/\/epochtimestr.com\/index.php\/wp-json\/wp\/v2\/types\/post"}],"author":[{"embeddable":true,"href":"https:\/\/epochtimestr.com\/index.php\/wp-json\/wp\/v2\/users\/12791"}],"replies":[{"embeddable":true,"href":"https:\/\/epochtimestr.com\/index.php\/wp-json\/wp\/v2\/comments?post=131074"}],"version-history":[{"count":1,"href":"https:\/\/epochtimestr.com\/index.php\/wp-json\/wp\/v2\/posts\/131074\/revisions"}],"predecessor-version":[{"id":131075,"href":"https:\/\/epochtimestr.com\/index.php\/wp-json\/wp\/v2\/posts\/131074\/revisions\/131075"}],"wp:featuredmedia":[{"embeddable":true,"href":"https:\/\/epochtimestr.com\/index.php\/wp-json\/wp\/v2\/media\/123282"}],"wp:attachment":[{"href":"https:\/\/epochtimestr.com\/index.php\/wp-json\/wp\/v2\/media?parent=131074"}],"wp:term":[{"taxonomy":"category","embeddable":true,"href":"https:\/\/epochtimestr.com\/index.php\/wp-json\/wp\/v2\/categories?post=131074"},{"taxonomy":"post_tag","embeddable":true,"href":"https:\/\/epochtimestr.com\/index.php\/wp-json\/wp\/v2\/tags?post=131074"}],"curies":[{"name":"wp","href":"https:\/\/api.w.org\/{rel}","templated":true}]}}