{"id":131881,"date":"2020-12-22T13:00:00","date_gmt":"2020-12-22T10:00:00","guid":{"rendered":"http:\/\/epochtimestr.com\/?p=131881"},"modified":"2023-04-29T23:01:32","modified_gmt":"2023-04-29T20:01:32","slug":"komunist-parti-uzerine-9-yorum-giris","status":"publish","type":"post","link":"https:\/\/epochtimestr.com\/index.php\/komunist-parti-uzerine-9-yorum-giris","title":{"rendered":"Kom\u00fcnist Parti \u00dczerine 9 Yorum &#8211; Giri\u015f"},"content":{"rendered":"\n<div class=\"wp-block-image\"><figure class=\"aligncenter size-large\"><img loading=\"lazy\" decoding=\"async\" width=\"600\" height=\"400\" src=\"https:\/\/epochtimestr.com\/wp-content\/uploads\/2011y\/DOKUZ-YORUM-G\u00d6RSEL\u0130-1-600x400.jpg\" alt=\"\" class=\"wp-image-131883\"\/><figcaption>Epoch Times&#8217;\u0131n &#8220;Kom\u00fcnist Parti \u00dczerine Dokuz Yorum&#8221; kitab\u0131n\u0131n kapa\u011f\u0131. Kitap, \u00c7in&#8217;de &#8220;Tuidang&#8221; (Partiden Ayr\u0131l) hareketini ba\u015flatt\u0131. (Epoch Times)<\/figcaption><\/figure><\/div>\n\n\n\n<p>&#8220;<em>Kom\u00fcnist Parti \u00dczerine Dokuz Yorum&#8221; ilk olarak 2004 y\u0131l\u0131n\u0131n Kas\u0131m ay\u0131nda yay\u0131nland\u0131 ve ard\u0131ndan h\u0131zl\u0131 bir \u015fekilde \u0130ngilizce \u00e7evirisi yap\u0131ld\u0131. Yay\u0131nlanan yaz\u0131 dizisi, 15 y\u0131l i\u00e7inde \u00c7in&#8217;de d\u00f6n\u00fc\u015f\u00fcm ve de\u011fi\u015fim i\u00e7in g\u00f6r\u00fclmemi\u015f bir bar\u0131\u015f\u00e7\u0131l hareketi ba\u015flatarak 300 milyonun \u00fczerinde insan\u0131n&nbsp; Kom\u00fcnist Parti ve ona ba\u011fl\u0131 kurulu\u015flar\u0131n\u0131 terk etmesini sa\u011flad\u0131. \u0130nsanlar her g\u00fcn partiden vazge\u00e7meye devam ediyor. Burada Dokuz Yorum&#8217;un d\u00fczenlenmi\u015f halini yeniden yay\u0131nl\u0131yoruz.<\/em><\/p>\n\n\n\n<p>Eski Sovyetler Birli\u011finin ve Do\u011fu Avrupa kom\u00fcnist rejimlerinin d\u00fc\u015fmelerinin ard\u0131ndan ge\u00e7en 10 y\u0131ldan fazla zaman i\u00e7erisinde, uluslararas\u0131 kom\u00fcnist hareketi d\u00fcnya \u00e7ap\u0131nda ret edilmi\u015ftir. &nbsp;\u00c7in Kom\u00fcnist Partisi&#8217;nin (\u00c7KP) \u00e7\u00f6k\u00fc\u015f\u00fc ise sadece bir zaman meselesidir.<\/p>\n\n\n\n<p>Yine de, tamamen \u00e7\u00f6k\u00fc\u015f\u00fcnden \u00f6nce, \u00c7KP kendi kaderini, 5000 y\u0131ll\u0131k bir uygarl\u0131\u011fa sahip olan \u00c7in ulusunun kaderine ba\u011flamaya \u00e7al\u0131\u015fmaktad\u0131r. Bu \u00c7inliler i\u00e7in bir felakettir. \u00c7inliler \u015fimdi, \u00c7KP&#8217;yi nas\u0131l g\u00f6rmeleri gerektikleri, \u00c7in&#8217;i \u00c7KP&#8217;siz bir toplum haline nas\u0131l evrimle\u015ftirecekleri ve \u00c7in&#8217;in miras\u0131n\u0131 nas\u0131l gelecek nesillere aktaracaklar\u0131 gibi yakla\u015fmakta olan sorularla y\u00fczle\u015fmelidirler.<\/p>\n\n\n\n<p><em><strong>The Epoch Times<\/strong><\/em> \u015fimdi &#8220;Kom\u00fcnist Parti \u00dczerine Dokuz Yorum&#8221; adl\u0131 \u00f6zel bir ba\u015f yaz\u0131 dizisi yay\u0131nlamaktad\u0131r. Bu yaz\u0131 dizisi ile \u00c7KP&#8217;nin mezar\u0131n\u0131n kapa\u011f\u0131 kapanmadan \u00f6nce, insanl\u0131\u011f\u0131n ba\u015f\u0131na bir y\u00fczy\u0131ldan fazla bir zamand\u0131r bela olan kom\u00fcnist parti ve uluslararas\u0131 kom\u00fcnist hareket \u00fczerine son bir yarg\u0131lama yapmay\u0131 umuyoruz.&nbsp;<\/p>\n\n\n\n<p>80&#8217;den fazla y\u0131l boyunca, \u00c7KP&#8217;nin dokundu\u011fu her \u015fey yalanlarla, sava\u015flarla, yokluk ve k\u0131tl\u0131kla, tiranl\u0131kla, katliamlar ve ter\u00f6rle mahvolmu\u015ftur. Geleneksel inan\u00e7lar ve prensipler vah\u015fice yok edilmi\u015ftir. Orijinal etik kavramlar ve sosyal yap\u0131lar g\u00fc\u00e7le parampar\u00e7a edilmi\u015ftir. \u0130nsanlar aras\u0131ndaki empati, sevgi ve uyum, m\u00fccadele ve nefrete d\u00f6n\u00fc\u015ft\u00fcr\u00fclm\u00fc\u015ft\u00fcr. Cennet ve d\u00fcnyaya duyulan sayg\u0131 ve minnettarl\u0131k, &#8220;cennet ve d\u00fcnya ile sava\u015f&#8221; gibi cahilce bir arzuyla yer de\u011fi\u015ftirmi\u015ftir.<\/p>\n\n\n\n<p>Bunun sonucu ise sosyal, ahlaki ve ekolojik sistemlerin tamamen \u00e7\u00f6k\u00fc\u015f\u00fc ve \u00c7inliler ve asl\u0131nda t\u00fcm insanl\u0131k i\u00e7in derin bir kriz olmu\u015ftur. B\u00fct\u00fcn bu felaketler \u00c7KP&#8217;nin incelikli planlamas\u0131, organizasyonu ve kontrol\u00fc yoluyla meydana gelmi\u015ftir.<\/p>\n\n\n\n<p>\u00dcnl\u00fc bir \u00c7in \u015fiirinde s\u00f6ylendi\u011fi gibi, &#8220;D\u00f6k\u00fclen \u00e7i\u00e7ekler i\u00e7in bo\u015funa derin derin i\u00e7 \u00e7ekiyorum.&#8221; Art\u0131k hayatta kalmak i\u00e7in zar zor m\u00fccadele eden kom\u00fcnist rejimin sonu yak\u0131nd\u0131r. \u00c7\u00f6k\u00fc\u015f\u00fcnden \u00f6nceki g\u00fcnler say\u0131l\u0131d\u0131r.&nbsp; <em>The Epoch Times<\/em> , \u00c7KP&#8217;nin tamamen yok olu\u015fundan \u00f6nce, bu en geni\u015f \u00e7apl\u0131 tarikat\u0131n b\u00fct\u00fcn zamanlar\u0131n ve yerlerin k\u00f6t\u00fcl\u00fcklerini b\u00fcnyesinde nas\u0131l bar\u0131nd\u0131rd\u0131\u011f\u0131n\u0131 tam anlam\u0131yla ortaya \u00e7\u0131karmak \u00fczere&nbsp; geriye d\u00f6n\u00fck kapsaml\u0131 bir bak\u0131\u015f\u0131 ger\u00e7ekle\u015ftirmek i\u00e7in zaman\u0131n yeterince olgunla\u015ft\u0131\u011f\u0131na inanmaktad\u0131r.<\/p>\n\n\n\n<p>Umuyoruz ki, hala \u00c7KP taraf\u0131ndan kand\u0131r\u0131lan ki\u015filer bu yaz\u0131 dizisiyle onun do\u011fas\u0131n\u0131 daha a\u00e7\u0131k bir \u015fekilde g\u00f6recek, onun zehrini ruhlar\u0131ndan ar\u0131nd\u0131racak, zihinlerini onun \u015feytani kontrol\u00fcnden kurtaracak, kendilerini ter\u00f6r\u00fcn prangalar\u0131ndan kurtaracak ve onunla ilgili b\u00fct\u00fcn ill\u00fczyonlar\u0131 tamamen bertaraf edeceklerdir.<\/p>\n\n\n\n<p>\u00c7KP&#8217;nin y\u00f6netimi, \u00c7in tarihindeki en karanl\u0131k ve sa\u00e7ma sayfad\u0131r. Sonu gelmeyen su\u00e7 listesi i\u00e7erisinde en al\u00e7ak\u00e7as\u0131 <a href=\"https:\/\/tr.falundafa.org\/\" target=\"_blank\" aria-label=\"undefined (opens in a new tab)\" rel=\"noreferrer noopener\">Falun Gong<\/a>&#8216;a uyguad\u0131\u011f\u0131 zul\u00fcm olmal\u0131d\u0131r. <a href=\"https:\/\/epochtimestr.com\/index.php\/rapor-falun-gonga-zulum-cinde-devam-ediyor\" target=\"_blank\" aria-label=\"undefined (opens in a new tab)\" rel=\"noreferrer noopener\">&#8220;Do\u011fruluk, \u015eefkat, Ho\u015fg\u00f6r\u00fc&#8221;ye yapt\u0131\u011f\u0131 zul\u00fcm<\/a> ile Jiang Zemin \u00c7KP&#8217;nin tabutuna son \u00e7iviyi \u00e7akm\u0131\u015ft\u0131r.<\/p>\n\n\n\n<p><em>The Epoch Times<\/em>, \u00c7KP&#8217;nin ger\u00e7ek tarihinin anla\u015f\u0131lmas\u0131yla, bu t\u00fcr trajedilerin tekrar etmesinin \u00f6n\u00fcne ge\u00e7ilebilece\u011fine inanmaktad\u0131r. Ayn\u0131 zamanda, &nbsp;umuyoruz ki her birimiz en i\u00e7sel d\u00fc\u015f\u00fcncelerimiz \u00fczerinde durarak korkakl\u0131\u011f\u0131m\u0131z\u0131n ve verdi\u011fimiz \u00f6d\u00fcnlerin&nbsp; bizi pek \u00e7ok ger\u00e7ekle\u015fmemesi gereken trajediye su\u00e7 orta\u011f\u0131 yap\u0131p yapmad\u0131\u011f\u0131n\u0131&nbsp; inceleyebilir.<\/p>\n\n\n\n<p>&#8220;Kom\u00fcnist Parti \u00dczerine Dokuz Yorum&#8221; \u015fu ba\u015fl\u0131klardan olu\u015fmaktad\u0131r:<\/p>\n\n\n\n<p>1. Kom\u00fcnist Parti&#8217;nin Ne Oldu\u011funa Dair<\/p>\n\n\n\n<p>2. \u00c7in Kom\u00fcnistPartisinin Ba\u015flang\u0131c\u0131na Dair<\/p>\n\n\n\n<p>3. Kom\u00fcnist Partinin Tiranl\u0131\u011f\u0131na Dair<\/p>\n\n\n\n<p>4. Kom\u00fcnist Parti&#8217;nin Evrene Kar\u015f\u0131 Bir G\u00fc\u00e7 Oldu\u011funa Dair<\/p>\n\n\n\n<p>5. Jiang Zemin&#8217;in Kom\u00fcnist Parti ile Gizlice Anla\u015farak Falun Gong&#8217;a Zul\u00fcm Etmesine Dair<\/p>\n\n\n\n<p>6. \u00c7in Kom\u00fcnist Partisi&#8217;nin Geleneksel K\u00fclt\u00fcr\u00fc Yok Etmesine Dair<\/p>\n\n\n\n<p>7. \u00c7in Kom\u00fcnist Partisi&#8217;nin \u00d6ld\u00fcrme Tarihine Dair<\/p>\n\n\n\n<p>8. \u00c7in Kom\u00fcnist Partisi&#8217;nin \u015eeytani bir Tarikat Olmas\u0131na Dair<\/p>\n\n\n\n<p>9. \u00c7in Kom\u00fcnist Partisi&#8217;nin Ahlak Tan\u0131maz Do\u011fas\u0131na Dair<\/p>\n\n\n\n<p><\/p>\n\n\n\n<p>Epoch Times Yay\u0131n Kurulu<\/p>\n\n\n\n<p>*<em>13 May\u0131s, 2012&#8217;de yay\u0131nlanm\u0131\u015f, 27 Temmuz 2020&#8217;de g\u00fcncellenmi\u015ftir.<\/em><\/p>\n\n\n\n<p>(Devam edecek&#8230;)<\/p>\n\n\n\n<p>\u0130lgili yaz\u0131lar: <a href=\"https:\/\/epochtimestr.com\/index.php\/komunist-parti-uzerine-dokuz-yorum-1-bolum\" target=\"_blank\" aria-label=\"undefined (opens in a new tab)\" rel=\"noreferrer noopener\">Kom\u00fcnist Parti \u00dczerine Dokuz Yorum \u2013 1. B\u00f6l\u00fcm<\/a><\/p>\n","protected":false},"excerpt":{"rendered":"<p>&#8220;Kom\u00fcnist Parti \u00dczerine Dokuz Yorum&#8221; ilk olarak 2004 y\u0131l\u0131n\u0131n Kas\u0131m ay\u0131nda yay\u0131nland\u0131 ve ard\u0131ndan h\u0131zl\u0131 bir \u015fekilde \u0130ngilizce \u00e7evirisi yap\u0131ld\u0131. Yay\u0131nlanan yaz\u0131 dizisi, 15 y\u0131l i\u00e7inde \u00c7in&#8217;de d\u00f6n\u00fc\u015f\u00fcm ve de\u011fi\u015fim i\u00e7in g\u00f6r\u00fclmemi\u015f bir bar\u0131\u015f\u00e7\u0131l hareketi ba\u015flatarak 300 milyonun \u00fczerinde insan\u0131n&nbsp; Kom\u00fcnist Parti ve ona ba\u011fl\u0131 kurulu\u015flar\u0131n\u0131 terk etmesini sa\u011flad\u0131. \u0130nsanlar her g\u00fcn partiden vazge\u00e7meye devam [&hellip;]<\/p>\n","protected":false},"author":12791,"featured_media":131883,"comment_status":"closed","ping_status":"open","sticky":false,"template":"","format":"standard","meta":{"_yoast_wpseo_focuskw":"","_yoast_wpseo_title":"","_yoast_wpseo_metadesc":"","_bbp_topic_count":0,"_bbp_reply_count":0,"_bbp_total_topic_count":0,"_bbp_total_reply_count":0,"_bbp_voice_count":0,"_bbp_anonymous_reply_count":0,"_bbp_topic_count_hidden":0,"_bbp_reply_count_hidden":0,"_bbp_forum_subforum_count":0,"footnotes":"","_yoast_wpseo_focuskw_text_input":""},"categories":[519,8136],"tags":[],"yoast_head":"<!-- This site is optimized with the Yoast SEO plugin v23.0 - https:\/\/yoast.com\/wordpress\/plugins\/seo\/ -->\n<title>Kom\u00fcnist Parti \u00dczerine 9 Yorum - Giri\u015f - The Epoch Times TR<\/title>\n<meta name=\"robots\" content=\"index, follow, max-snippet:-1, max-image-preview:large, max-video-preview:-1\" \/>\n<link rel=\"canonical\" href=\"https:\/\/epochtimestr.com\/index.php\/komunist-parti-uzerine-9-yorum-giris\" \/>\n<meta property=\"og:locale\" content=\"tr_TR\" \/>\n<meta property=\"og:type\" content=\"article\" \/>\n<meta property=\"og:title\" content=\"Kom\u00fcnist Parti \u00dczerine 9 Yorum - Giri\u015f - The Epoch Times TR\" \/>\n<meta property=\"og:description\" content=\"&#8220;Kom\u00fcnist Parti \u00dczerine Dokuz Yorum&#8221; ilk olarak 2004 y\u0131l\u0131n\u0131n Kas\u0131m ay\u0131nda yay\u0131nland\u0131 ve ard\u0131ndan h\u0131zl\u0131 bir \u015fekilde \u0130ngilizce \u00e7evirisi yap\u0131ld\u0131. Yay\u0131nlanan yaz\u0131 dizisi, 15 y\u0131l i\u00e7inde \u00c7in&#8217;de d\u00f6n\u00fc\u015f\u00fcm ve de\u011fi\u015fim i\u00e7in g\u00f6r\u00fclmemi\u015f bir bar\u0131\u015f\u00e7\u0131l hareketi ba\u015flatarak 300 milyonun \u00fczerinde insan\u0131n&nbsp; Kom\u00fcnist Parti ve ona ba\u011fl\u0131 kurulu\u015flar\u0131n\u0131 terk etmesini sa\u011flad\u0131. \u0130nsanlar her g\u00fcn partiden vazge\u00e7meye devam [&hellip;]\" \/>\n<meta property=\"og:url\" content=\"https:\/\/epochtimestr.com\/index.php\/komunist-parti-uzerine-9-yorum-giris\" \/>\n<meta property=\"og:site_name\" content=\"The Epoch Times TR\" \/>\n<meta property=\"article:publisher\" content=\"https:\/\/www.facebook.com\/theepochtimestr\" \/>\n<meta property=\"article:published_time\" content=\"2020-12-22T10:00:00+00:00\" \/>\n<meta property=\"article:modified_time\" content=\"2023-04-29T20:01:32+00:00\" \/>\n<meta property=\"og:image\" content=\"https:\/\/epochtimestr.com\/wp-content\/uploads\/2011y\/DOKUZ-YORUM-G\u00d6RSEL\u0130-1-scaled-e1623764393779.jpg\" \/>\n\t<meta property=\"og:image:width\" content=\"900\" \/>\n\t<meta property=\"og:image:height\" content=\"599\" \/>\n\t<meta property=\"og:image:type\" content=\"image\/jpeg\" \/>\n<meta name=\"author\" content=\"Haber Merkezi\" \/>\n<meta name=\"twitter:card\" content=\"summary_large_image\" \/>\n<meta name=\"twitter:creator\" content=\"@TheEpochTimesTR\" \/>\n<meta name=\"twitter:site\" content=\"@TheEpochTimesTR\" \/>\n<meta name=\"twitter:label1\" content=\"Yazan:\" \/>\n\t<meta name=\"twitter:data1\" content=\"Haber Merkezi\" \/>\n\t<meta name=\"twitter:label2\" content=\"Tahmini okuma s\u00fcresi\" \/>\n\t<meta name=\"twitter:data2\" content=\"3 dakika\" \/>\n<script type=\"application\/ld+json\" class=\"yoast-schema-graph\">{\"@context\":\"https:\/\/schema.org\",\"@graph\":[{\"@type\":\"Article\",\"@id\":\"https:\/\/epochtimestr.com\/index.php\/komunist-parti-uzerine-9-yorum-giris#article\",\"isPartOf\":{\"@id\":\"https:\/\/epochtimestr.com\/index.php\/komunist-parti-uzerine-9-yorum-giris\"},\"author\":{\"name\":\"Haber Merkezi\",\"@id\":\"https:\/\/epochtimestr.com\/#\/schema\/person\/3dc5c3adeb9f43923c5aa85889172fdd\"},\"headline\":\"Kom\u00fcnist Parti \u00dczerine 9 Yorum &#8211; Giri\u015f\",\"datePublished\":\"2020-12-22T10:00:00+00:00\",\"dateModified\":\"2023-04-29T20:01:32+00:00\",\"mainEntityOfPage\":{\"@id\":\"https:\/\/epochtimestr.com\/index.php\/komunist-parti-uzerine-9-yorum-giris\"},\"wordCount\":836,\"publisher\":{\"@id\":\"https:\/\/epochtimestr.com\/#organization\"},\"image\":{\"@id\":\"https:\/\/epochtimestr.com\/index.php\/komunist-parti-uzerine-9-yorum-giris#primaryimage\"},\"thumbnailUrl\":\"https:\/\/epochtimestr.com\/wp-content\/uploads\/2011y\/DOKUZ-YORUM-G\u00d6RSEL\u0130-1-scaled-e1623764393779.jpg\",\"articleSection\":[\"ED\u0130T\u00d6R\u00dcN SE\u00c7\u0130M\u0130\",\"Kom\u00fcnist Parti \u00dczerine Dokuz Yorum\"],\"inLanguage\":\"tr\"},{\"@type\":\"WebPage\",\"@id\":\"https:\/\/epochtimestr.com\/index.php\/komunist-parti-uzerine-9-yorum-giris\",\"url\":\"https:\/\/epochtimestr.com\/index.php\/komunist-parti-uzerine-9-yorum-giris\",\"name\":\"Kom\u00fcnist Parti \u00dczerine 9 Yorum - Giri\u015f - The Epoch Times TR\",\"isPartOf\":{\"@id\":\"https:\/\/epochtimestr.com\/#website\"},\"primaryImageOfPage\":{\"@id\":\"https:\/\/epochtimestr.com\/index.php\/komunist-parti-uzerine-9-yorum-giris#primaryimage\"},\"image\":{\"@id\":\"https:\/\/epochtimestr.com\/index.php\/komunist-parti-uzerine-9-yorum-giris#primaryimage\"},\"thumbnailUrl\":\"https:\/\/epochtimestr.com\/wp-content\/uploads\/2011y\/DOKUZ-YORUM-G\u00d6RSEL\u0130-1-scaled-e1623764393779.jpg\",\"datePublished\":\"2020-12-22T10:00:00+00:00\",\"dateModified\":\"2023-04-29T20:01:32+00:00\",\"inLanguage\":\"tr\",\"potentialAction\":[{\"@type\":\"ReadAction\",\"target\":[\"https:\/\/epochtimestr.com\/index.php\/komunist-parti-uzerine-9-yorum-giris\"]}]},{\"@type\":\"ImageObject\",\"inLanguage\":\"tr\",\"@id\":\"https:\/\/epochtimestr.com\/index.php\/komunist-parti-uzerine-9-yorum-giris#primaryimage\",\"url\":\"https:\/\/epochtimestr.com\/wp-content\/uploads\/2011y\/DOKUZ-YORUM-G\u00d6RSEL\u0130-1-scaled-e1623764393779.jpg\",\"contentUrl\":\"https:\/\/epochtimestr.com\/wp-content\/uploads\/2011y\/DOKUZ-YORUM-G\u00d6RSEL\u0130-1-scaled-e1623764393779.jpg\",\"width\":900,\"height\":599},{\"@type\":\"WebSite\",\"@id\":\"https:\/\/epochtimestr.com\/#website\",\"url\":\"https:\/\/epochtimestr.com\/\",\"name\":\"The Epoch Times TR\",\"description\":\"De\u011fi\u015fen D\u00fcnyam\u0131za Taze Bir Bak\u0131\u015f\",\"publisher\":{\"@id\":\"https:\/\/epochtimestr.com\/#organization\"},\"potentialAction\":[{\"@type\":\"SearchAction\",\"target\":{\"@type\":\"EntryPoint\",\"urlTemplate\":\"https:\/\/epochtimestr.com\/?s={search_term_string}\"},\"query-input\":\"required name=search_term_string\"}],\"inLanguage\":\"tr\"},{\"@type\":\"Organization\",\"@id\":\"https:\/\/epochtimestr.com\/#organization\",\"name\":\"The EpochTimes T\u00fcrkiye\",\"url\":\"https:\/\/epochtimestr.com\/\",\"logo\":{\"@type\":\"ImageObject\",\"inLanguage\":\"tr\",\"@id\":\"https:\/\/epochtimestr.com\/#\/schema\/logo\/image\/\",\"url\":\"https:\/\/epochtimestr.com\/wp-content\/uploads\/2011y\/ET-Logo-YG.jpg\",\"contentUrl\":\"https:\/\/epochtimestr.com\/wp-content\/uploads\/2011y\/ET-Logo-YG.jpg\",\"width\":346,\"height\":29,\"caption\":\"The EpochTimes T\u00fcrkiye\"},\"image\":{\"@id\":\"https:\/\/epochtimestr.com\/#\/schema\/logo\/image\/\"},\"sameAs\":[\"https:\/\/www.facebook.com\/theepochtimestr\",\"https:\/\/x.com\/TheEpochTimesTR\",\"https:\/\/www.instagram.com\/epochtimestr\"]},{\"@type\":\"Person\",\"@id\":\"https:\/\/epochtimestr.com\/#\/schema\/person\/3dc5c3adeb9f43923c5aa85889172fdd\",\"name\":\"Haber Merkezi\",\"image\":{\"@type\":\"ImageObject\",\"inLanguage\":\"tr\",\"@id\":\"https:\/\/epochtimestr.com\/#\/schema\/person\/image\/\",\"url\":\"https:\/\/secure.gravatar.com\/avatar\/d73f772ba5a74f28601361e17c2f93e6?s=96&d=mm&r=g\",\"contentUrl\":\"https:\/\/secure.gravatar.com\/avatar\/d73f772ba5a74f28601361e17c2f93e6?s=96&d=mm&r=g\",\"caption\":\"Haber Merkezi\"},\"url\":\"https:\/\/epochtimestr.com\/index.php\/author\/sendag\"}]}<\/script>\n<!-- \/ Yoast SEO plugin. -->","yoast_head_json":{"title":"Kom\u00fcnist Parti \u00dczerine 9 Yorum - Giri\u015f - The Epoch Times TR","robots":{"index":"index","follow":"follow","max-snippet":"max-snippet:-1","max-image-preview":"max-image-preview:large","max-video-preview":"max-video-preview:-1"},"canonical":"https:\/\/epochtimestr.com\/index.php\/komunist-parti-uzerine-9-yorum-giris","og_locale":"tr_TR","og_type":"article","og_title":"Kom\u00fcnist Parti \u00dczerine 9 Yorum - Giri\u015f - The Epoch Times TR","og_description":"&#8220;Kom\u00fcnist Parti \u00dczerine Dokuz Yorum&#8221; ilk olarak 2004 y\u0131l\u0131n\u0131n Kas\u0131m ay\u0131nda yay\u0131nland\u0131 ve ard\u0131ndan h\u0131zl\u0131 bir \u015fekilde \u0130ngilizce \u00e7evirisi yap\u0131ld\u0131. Yay\u0131nlanan yaz\u0131 dizisi, 15 y\u0131l i\u00e7inde \u00c7in&#8217;de d\u00f6n\u00fc\u015f\u00fcm ve de\u011fi\u015fim i\u00e7in g\u00f6r\u00fclmemi\u015f bir bar\u0131\u015f\u00e7\u0131l hareketi ba\u015flatarak 300 milyonun \u00fczerinde insan\u0131n&nbsp; Kom\u00fcnist Parti ve ona ba\u011fl\u0131 kurulu\u015flar\u0131n\u0131 terk etmesini sa\u011flad\u0131. \u0130nsanlar her g\u00fcn partiden vazge\u00e7meye devam [&hellip;]","og_url":"https:\/\/epochtimestr.com\/index.php\/komunist-parti-uzerine-9-yorum-giris","og_site_name":"The Epoch Times TR","article_publisher":"https:\/\/www.facebook.com\/theepochtimestr","article_published_time":"2020-12-22T10:00:00+00:00","article_modified_time":"2023-04-29T20:01:32+00:00","og_image":[{"width":900,"height":599,"url":"https:\/\/epochtimestr.com\/wp-content\/uploads\/2011y\/DOKUZ-YORUM-G\u00d6RSEL\u0130-1-scaled-e1623764393779.jpg","type":"image\/jpeg"}],"author":"Haber Merkezi","twitter_card":"summary_large_image","twitter_creator":"@TheEpochTimesTR","twitter_site":"@TheEpochTimesTR","twitter_misc":{"Yazan:":"Haber Merkezi","Tahmini okuma s\u00fcresi":"3 dakika"},"schema":{"@context":"https:\/\/schema.org","@graph":[{"@type":"Article","@id":"https:\/\/epochtimestr.com\/index.php\/komunist-parti-uzerine-9-yorum-giris#article","isPartOf":{"@id":"https:\/\/epochtimestr.com\/index.php\/komunist-parti-uzerine-9-yorum-giris"},"author":{"name":"Haber Merkezi","@id":"https:\/\/epochtimestr.com\/#\/schema\/person\/3dc5c3adeb9f43923c5aa85889172fdd"},"headline":"Kom\u00fcnist Parti \u00dczerine 9 Yorum &#8211; Giri\u015f","datePublished":"2020-12-22T10:00:00+00:00","dateModified":"2023-04-29T20:01:32+00:00","mainEntityOfPage":{"@id":"https:\/\/epochtimestr.com\/index.php\/komunist-parti-uzerine-9-yorum-giris"},"wordCount":836,"publisher":{"@id":"https:\/\/epochtimestr.com\/#organization"},"image":{"@id":"https:\/\/epochtimestr.com\/index.php\/komunist-parti-uzerine-9-yorum-giris#primaryimage"},"thumbnailUrl":"https:\/\/epochtimestr.com\/wp-content\/uploads\/2011y\/DOKUZ-YORUM-G\u00d6RSEL\u0130-1-scaled-e1623764393779.jpg","articleSection":["ED\u0130T\u00d6R\u00dcN SE\u00c7\u0130M\u0130","Kom\u00fcnist Parti \u00dczerine Dokuz Yorum"],"inLanguage":"tr"},{"@type":"WebPage","@id":"https:\/\/epochtimestr.com\/index.php\/komunist-parti-uzerine-9-yorum-giris","url":"https:\/\/epochtimestr.com\/index.php\/komunist-parti-uzerine-9-yorum-giris","name":"Kom\u00fcnist Parti \u00dczerine 9 Yorum - Giri\u015f - The Epoch Times TR","isPartOf":{"@id":"https:\/\/epochtimestr.com\/#website"},"primaryImageOfPage":{"@id":"https:\/\/epochtimestr.com\/index.php\/komunist-parti-uzerine-9-yorum-giris#primaryimage"},"image":{"@id":"https:\/\/epochtimestr.com\/index.php\/komunist-parti-uzerine-9-yorum-giris#primaryimage"},"thumbnailUrl":"https:\/\/epochtimestr.com\/wp-content\/uploads\/2011y\/DOKUZ-YORUM-G\u00d6RSEL\u0130-1-scaled-e1623764393779.jpg","datePublished":"2020-12-22T10:00:00+00:00","dateModified":"2023-04-29T20:01:32+00:00","inLanguage":"tr","potentialAction":[{"@type":"ReadAction","target":["https:\/\/epochtimestr.com\/index.php\/komunist-parti-uzerine-9-yorum-giris"]}]},{"@type":"ImageObject","inLanguage":"tr","@id":"https:\/\/epochtimestr.com\/index.php\/komunist-parti-uzerine-9-yorum-giris#primaryimage","url":"https:\/\/epochtimestr.com\/wp-content\/uploads\/2011y\/DOKUZ-YORUM-G\u00d6RSEL\u0130-1-scaled-e1623764393779.jpg","contentUrl":"https:\/\/epochtimestr.com\/wp-content\/uploads\/2011y\/DOKUZ-YORUM-G\u00d6RSEL\u0130-1-scaled-e1623764393779.jpg","width":900,"height":599},{"@type":"WebSite","@id":"https:\/\/epochtimestr.com\/#website","url":"https:\/\/epochtimestr.com\/","name":"The Epoch Times TR","description":"De\u011fi\u015fen D\u00fcnyam\u0131za Taze Bir Bak\u0131\u015f","publisher":{"@id":"https:\/\/epochtimestr.com\/#organization"},"potentialAction":[{"@type":"SearchAction","target":{"@type":"EntryPoint","urlTemplate":"https:\/\/epochtimestr.com\/?s={search_term_string}"},"query-input":"required name=search_term_string"}],"inLanguage":"tr"},{"@type":"Organization","@id":"https:\/\/epochtimestr.com\/#organization","name":"The EpochTimes T\u00fcrkiye","url":"https:\/\/epochtimestr.com\/","logo":{"@type":"ImageObject","inLanguage":"tr","@id":"https:\/\/epochtimestr.com\/#\/schema\/logo\/image\/","url":"https:\/\/epochtimestr.com\/wp-content\/uploads\/2011y\/ET-Logo-YG.jpg","contentUrl":"https:\/\/epochtimestr.com\/wp-content\/uploads\/2011y\/ET-Logo-YG.jpg","width":346,"height":29,"caption":"The EpochTimes T\u00fcrkiye"},"image":{"@id":"https:\/\/epochtimestr.com\/#\/schema\/logo\/image\/"},"sameAs":["https:\/\/www.facebook.com\/theepochtimestr","https:\/\/x.com\/TheEpochTimesTR","https:\/\/www.instagram.com\/epochtimestr"]},{"@type":"Person","@id":"https:\/\/epochtimestr.com\/#\/schema\/person\/3dc5c3adeb9f43923c5aa85889172fdd","name":"Haber Merkezi","image":{"@type":"ImageObject","inLanguage":"tr","@id":"https:\/\/epochtimestr.com\/#\/schema\/person\/image\/","url":"https:\/\/secure.gravatar.com\/avatar\/d73f772ba5a74f28601361e17c2f93e6?s=96&d=mm&r=g","contentUrl":"https:\/\/secure.gravatar.com\/avatar\/d73f772ba5a74f28601361e17c2f93e6?s=96&d=mm&r=g","caption":"Haber Merkezi"},"url":"https:\/\/epochtimestr.com\/index.php\/author\/sendag"}]}},"_links":{"self":[{"href":"https:\/\/epochtimestr.com\/index.php\/wp-json\/wp\/v2\/posts\/131881"}],"collection":[{"href":"https:\/\/epochtimestr.com\/index.php\/wp-json\/wp\/v2\/posts"}],"about":[{"href":"https:\/\/epochtimestr.com\/index.php\/wp-json\/wp\/v2\/types\/post"}],"author":[{"embeddable":true,"href":"https:\/\/epochtimestr.com\/index.php\/wp-json\/wp\/v2\/users\/12791"}],"replies":[{"embeddable":true,"href":"https:\/\/epochtimestr.com\/index.php\/wp-json\/wp\/v2\/comments?post=131881"}],"version-history":[{"count":8,"href":"https:\/\/epochtimestr.com\/index.php\/wp-json\/wp\/v2\/posts\/131881\/revisions"}],"predecessor-version":[{"id":132668,"href":"https:\/\/epochtimestr.com\/index.php\/wp-json\/wp\/v2\/posts\/131881\/revisions\/132668"}],"wp:featuredmedia":[{"embeddable":true,"href":"https:\/\/epochtimestr.com\/index.php\/wp-json\/wp\/v2\/media\/131883"}],"wp:attachment":[{"href":"https:\/\/epochtimestr.com\/index.php\/wp-json\/wp\/v2\/media?parent=131881"}],"wp:term":[{"taxonomy":"category","embeddable":true,"href":"https:\/\/epochtimestr.com\/index.php\/wp-json\/wp\/v2\/categories?post=131881"},{"taxonomy":"post_tag","embeddable":true,"href":"https:\/\/epochtimestr.com\/index.php\/wp-json\/wp\/v2\/tags?post=131881"}],"curies":[{"name":"wp","href":"https:\/\/api.w.org\/{rel}","templated":true}]}}