{"id":132611,"date":"2021-01-13T15:38:01","date_gmt":"2021-01-13T12:38:01","guid":{"rendered":"http:\/\/epochtimestr.com\/?p=132611"},"modified":"2021-01-13T15:39:26","modified_gmt":"2021-01-13T12:39:26","slug":"ozgur-dunya-ve-komunizm-arasindaki-savas-bolum-2","status":"publish","type":"post","link":"https:\/\/epochtimestr.com\/index.php\/ozgur-dunya-ve-komunizm-arasindaki-savas-bolum-2","title":{"rendered":"\u00d6zg\u00fcr D\u00fcnya ve Kom\u00fcnizm Aras\u0131ndaki Sava\u015f (B\u00f6l\u00fcm 2)"},"content":{"rendered":"\n<h2 class=\"wp-block-heading\">&#8220;Toplu olarak, kom\u00fcnist devletler 100 milyon kadar insan\u0131 \u00f6ld\u00fcrd\u00fc, bu ayn\u0131 d\u00f6nemde di\u011fer t\u00fcm bask\u0131c\u0131 rejimlerin toplam\u0131ndan daha fazlad\u0131r.\u201d\u00a0<\/h2>\n\n\n\n<div class=\"wp-block-image\"><figure class=\"aligncenter size-large\"><img loading=\"lazy\" decoding=\"async\" width=\"586\" height=\"400\" src=\"https:\/\/epochtimestr.com\/wp-content\/uploads\/2011y\/berlin-duvari-pixabay-586x400.jpg\" alt=\"\" class=\"wp-image-132616\" srcset=\"https:\/\/epochtimestr.com\/wp-content\/uploads\/2011y\/berlin-duvari-pixabay-586x400.jpg 586w, https:\/\/epochtimestr.com\/wp-content\/uploads\/2011y\/berlin-duvari-pixabay-300x205.jpg 300w, https:\/\/epochtimestr.com\/wp-content\/uploads\/2011y\/berlin-duvari-pixabay-150x102.jpg 150w, https:\/\/epochtimestr.com\/wp-content\/uploads\/2011y\/berlin-duvari-pixabay.jpg 640w\" sizes=\"(max-width: 586px) 100vw, 586px\" \/><figcaption>Foto: Berlin duvar\u0131 &#8211; Pixabay<\/figcaption><\/figure><\/div>\n\n\n\n<p>George Mason \u00dcniversitesi hukuk profes\u00f6r\u00fc Ilya Somin, Kas\u0131m 2017&#8217;de Washington Post&#8217;ta \u201cY\u00fczy\u0131ll\u0131k kom\u00fcnizmden dersler\u201d ba\u015fl\u0131kl\u0131 bir makalede \u015funlar\u0131 yazd\u0131, &#8220;Toplu olarak, kom\u00fcnist devletler 100 milyon kadar insan\u0131 \u00f6ld\u00fcrd\u00fc, bu ayn\u0131 d\u00f6nemde di\u011fer t\u00fcm bask\u0131c\u0131 rejimlerin toplam\u0131ndan daha fazlad\u0131r.\u201d \u00c7in&#8217;deki \u00f6rnekleri &#8211; B\u00fcy\u00fck At\u0131l\u0131m&#8217;\u0131n ard\u0131ndan 45 milyon \u00f6l\u00fc say\u0131s\u0131 &#8211; Sovyetler Birli\u011fi ve Etiyopya&#8217;daki \u00f6rnekleri listeledi.<\/p>\n\n\n\n<p>&#8220;Bu vakalar\u0131n her birinde kom\u00fcnist y\u00f6neticiler, politikalar\u0131n\u0131n kitlesel \u00f6l\u00fcmlere neden oldu\u011funun fark\u0131ndayd\u0131lar ve yine de, \u00e7o\u011fu zaman \u2018Toprak sahibi zengin\u2019 \u00e7ift\u00e7ilerin yok edilmesini bir hatadan \u00e7ok bir \u00f6zellik olarak g\u00f6rd\u00fckleri i\u00e7in yine de \u0131srar ettiler&#8221; diye a\u00e7\u0131klad\u0131. \u201cKom\u00fcnizmin adaletsizlikleri yaln\u0131zca toplu katliamlarla s\u0131n\u0131rl\u0131 kalmad\u0131. Hayatta kalabilecek kadar \u015fansl\u0131 olanlar bile, \u00f6zg\u00fcrl\u00fck, ifade \u00f6zg\u00fcrl\u00fc\u011f\u00fc, din \u00f6zg\u00fcrl\u00fc\u011f\u00fc, m\u00fclkiyet haklar\u0131n\u0131n kayb\u0131 ve ola\u011fan ekonomik faaliyetin su\u00e7 say\u0131lmas\u0131 gibi ciddi bask\u0131lara maruz kald\u0131lar. Daha \u00f6nceki hi\u00e7bir tiranl\u0131k, insanlar\u0131n hayatlar\u0131n\u0131n neredeyse her y\u00f6n\u00fc \u00fczerinde bu kadar tam kontrol sa\u011flamay\u0131 ama\u00e7lamam\u0131\u015ft\u0131.\u201d<\/p>\n\n\n\n<p>Ne yaz\u0131k ki k\u00e2bus, Berlin Duvar\u0131&#8217;n\u0131n y\u0131k\u0131lmas\u0131 veya Sovyetler Birli\u011fi&#8217;nin da\u011f\u0131lmas\u0131yla sona ermedi.<\/p>\n\n\n\n<p><strong>Toplumu Y\u0131kmak \u0130\u00e7in Bir G\u00fcndem<\/strong><\/p>\n\n\n\n<p>Idaho&#8217;nun eski Temsilcisi Curtis Bowers, 1992 yaz\u0131nda Berkeley&#8217;deki California \u00dcniversitesi&#8217;nde ABD Kom\u00fcnist Partisi&#8217;nin (CPUSA) bir toplant\u0131s\u0131na kat\u0131ld\u0131. Odan\u0131n \u00e7o\u011fu 50 ya\u015f ve \u00fcst\u00fc erkek ve kad\u0131nlarla doluydu. Ve g\u00fcndemleri Bowers&#8217;\u0131 \u015fok etti.<\/p>\n\n\n\n<p>Bowers&#8217;\u0131 2008&#8217;de Idaho Press \u00fczerine yazd\u0131\u011f\u0131 &#8220;Kom\u00fcnist g\u00fcndem ana ak\u0131ma do\u011fru ilerliyor&#8221; ba\u015fl\u0131kl\u0131 makalesinde, \u201c\u00dc\u00e7 b\u00f6l\u00fcmden olu\u015fan bir ajandalar\u0131 vard\u0131. Ailelerimizi, i\u015fletmelerimizi ve k\u00fclt\u00fcr\u00fcm\u00fcz\u00fc yok edecek her \u015feyi desteklemek i\u00e7in insan g\u00fcc\u00fcn\u00fc, n\u00fcfuzunu ve fonlar\u0131n\u0131 kullanacaklard\u0131&#8221; diye yazd\u0131. Daha spesifik olarak, aileleri yok etmek i\u00e7in evlilik yerine birlikte ya\u015famay\u0131 te\u015fvik edecekler; insanlar\u0131 bir i\u015f kurmaya motive eden kar potansiyelini ortadan kald\u0131racaklard\u0131; ve k\u00fclt\u00fcr\u00fc yok etmek i\u00e7in Amerikan din ve ahlak miras\u0131n\u0131 terk edeceklerdi.<\/p>\n\n\n\n<p>Yaln\u0131zca 16 y\u0131l i\u00e7inde (1992&#8217;den 2008&#8217;e kadar) Bowers, t\u00fcm bu hedeflerin biz fark\u0131na bile varmadan fiilen ger\u00e7e\u011fe d\u00f6n\u00fc\u015ft\u00fc\u011f\u00fcn\u00fc g\u00f6r\u00fcnce \u015fa\u015f\u0131rd\u0131. &#8220;Sadece 16 y\u0131l \u00f6nce Kom\u00fcnist stratejistlerin g\u00fcndemiyle ayn\u0131 g\u00fcndeme sahip bir\u00e7ok ana ak\u0131m politikac\u0131 ve aktivist yarg\u0131\u00e7 g\u00f6rd\u00fc\u011f\u00fcm\u00fczde, vatansever Amerikal\u0131lar\u0131n uyanma ve olaya dahil olma zaman\u0131 gelmi\u015ftir&#8221; diye yazd\u0131.<\/p>\n\n\n\n<p>Ancak \u00e7ok az ki\u015fi bunu fark etti. Durum, \u00c7in Kom\u00fcnist Partisi (\u00c7KP) h\u00e2kim bir k\u00fcresel g\u00fc\u00e7 haline geldik\u00e7e ve finansal, ideolojik ve k\u00fclt\u00fcrel olarak d\u00fcnya \u00e7ap\u0131nda kom\u00fcnizmi savunmaya devam ettik\u00e7e daha da k\u00f6t\u00fcle\u015fti.<\/p>\n\n\n\n<p><strong>Kom\u00fcnizmin As\u0131rl\u0131k R\u00fcyas\u0131<\/strong><\/p>\n\n\n\n<p>1921&#8217;de kurulan \u00c7KP, Stalin&#8217;in Kom\u00fcnist Enternasyonalinin bir \u015fubesi olarak ba\u015flad\u0131. Marksizmin genetik materyali ile ve Sovyet&#8217;in Gulag sistemi ve B\u00fcy\u00fck Tasfiye deneyimlerinden beslenen \u00c7KP, \u00f6l\u00e7ek, \u015fiddet ve kapsaml\u0131l\u0131k a\u00e7\u0131s\u0131ndan Sovyetler Birli\u011fi Kom\u00fcnist Partisi&#8217;ni (CPSU) \u00e7ok geride b\u0131rakt\u0131. Yaln\u0131zca K\u00fclt\u00fcr Devrimi&#8217;nde, binlerce y\u0131ll\u0131k \u00c7in k\u00fclt\u00fcr\u00fcn\u00fc ba\u015far\u0131yla ortadan kald\u0131rd\u0131 ve entelekt\u00fcelleri partiye meydan okuyan herhangi bir ses \u00e7\u0131karmamalar\u0131 i\u00e7in susturdu.<\/p>\n\n\n\n<p>ABD de dahil olmak \u00fczere Bat\u0131l\u0131 \u00fclkelerin yard\u0131m\u0131yla \u00c7in, d\u00fcnyan\u0131n en b\u00fcy\u00fck ikinci ekonomisi haline geldi. Skynet sisteminin bir par\u00e7as\u0131 olarak n\u00fckleer silahlar, 300&#8217;den fazla uydu ve 200 milyondan fazla g\u00f6zetleme kameras\u0131yla, son teknoloji bir totaliter imparatorluk haline geldi.<\/p>\n\n\n\n<p>1970&#8217;lerin sonlar\u0131nda, \u00c7KP kibarca Bat\u0131 \u00fclkelerinden yard\u0131m istedi. Bununla birlikte, d\u00fcnya sahnesine t\u0131rmand\u0131\u011f\u0131nda, d\u00fcnyay\u0131 kom\u00fcnist bir \u015fekilde \u015fekillendirmek i\u00e7in zaman kaybetmedi ve ona \u00c7in Modeli ad\u0131n\u0131 verdi. \u00d6rnek olarak &#8220;Siyasi parti e\u011fitimi: Afrika&#8217;da \u00c7in ideolojik bask\u0131s\u0131 m\u0131?&#8221; ba\u015fl\u0131kl\u0131 Temmuz 2016 Brooking Enstit\u00fcs\u00fc raporunda \u015funlar yaz\u0131yor, \u201cEtiyopyal\u0131 parti kadrolar\u0131na, kendi \u00f6rg\u00fctsel yap\u0131lar\u0131n\u0131, ideolojik \u00e7al\u0131\u015fmalar\u0131n\u0131, propaganda sistemini, kadro e\u011fitimini ve parti i\u00e7indeki merkezi-yerel ili\u015fkileri nas\u0131l y\u00f6netecekleri kapsaml\u0131 bir \u015fekilde \u00f6\u011fretildi.\u201d<\/p>\n\n\n\n<p>Bu sadece bir \u00f6rnektir. Afrika da Sudan, Namibya, G\u00fcney Afrika ve di\u011ferlerinde bile bu t\u00fcr s\u0131zmalar yay\u0131ld\u0131. M\u00fcfredat program\u0131 \u015funlar\u0131 da i\u00e7eriyor, &#8220;\u00c7in Kom\u00fcnist Partisinin b\u00fcy\u00fck gurur duydu\u011fu alanlarda medyan\u0131n, kamuoyunun ve partinin ele\u015ftirisinin \/ muhalefetinin nas\u0131l y\u00f6netilece\u011fini.\u201d<\/p>\n\n\n\n<p>Afrika&#8217;dan Hollywood&#8217;a, k\u00fclt\u00fcrden e\u011fitime, \u00e7evreden aile de\u011ferlerine ve toplumsal cinsiyet fark\u0131ndal\u0131\u011f\u0131na, Marksizm art\u0131k kar\u015f\u0131 k\u00fclt\u00fcr ve ahlak kar\u015f\u0131t\u0131 ideolojilerle d\u00fcnyaya egemen oldu. Yava\u015f yava\u015f insanlar inanca dayal\u0131 g\u00fc\u00e7le birlikte geleneksel bilgeli\u011fi geride b\u0131rakmaya ba\u015flad\u0131lar.<\/p>\n\n\n\n<p>\u00c7KP&#8217;nin bir s\u0131rr\u0131 oldu\u011fu s\u00f6ylendi. Parti 1921&#8217;de kuruldu\u011fundan beri, Mao Zedong, Parti&#8217;nin kurulu\u015fundan itibaren 100 y\u0131l i\u00e7inde d\u00fcnyay\u0131 y\u00f6neten ABD&#8217;yi de\u011fi\u015ftirmeyi hayal etti. Bu fikir sa\u00e7ma gelse de, \u00c7KP yetkilileri bunu takip ettiler ve modern zamanda \u00c7in\u2019in Y\u00fcz Y\u0131ll\u0131k Stratejisi olarak adland\u0131rd\u0131lar.<\/p>\n\n\n\n<p>\u00c7in&#8217;in Sichuan Eyaletindeki 2008 depreminden sonra, askeri uzmanlar binlerce radyasyon teknisyeninin b\u00f6lgeye ko\u015ftu\u011funu fark etti. Garip bir \u015fekilde \u00e7\u00f6km\u00fc\u015f tepelerle birlikte, n\u00fckleer silahlar\u0131n bulundu\u011fu oyuk t\u00fcneller oldu\u011fu tahmin ediliyordu. Georgetown \u00dcniversitesi&#8217;ndeki bir ara\u015ft\u0131rma ekibi, \u00c7in Merkez Televizyonunun \u00c7in&#8217;in 3.000 millik bir t\u00fcnele sahip oldu\u011fu mesaj\u0131n\u0131 do\u011frulad\u0131. \u00dc\u00e7 y\u0131ll\u0131k s\u0131k\u0131 \u00e7al\u0131\u015fman\u0131n ard\u0131ndan, Washington Post&#8217;un &#8220;Georgetown \u00f6\u011frencileri \u00c7in&#8217;in n\u00fckleer silahlar i\u00e7in t\u00fcnel sistemine \u0131\u015f\u0131k tuttuklar\u0131&#8221; ba\u015fl\u0131kl\u0131 2011 makalesinde Washington Post&#8217;un bildirdi\u011fine g\u00f6re, \u00c7in&#8217;in bir sistemde 3.000 kadar n\u00fckleer ba\u015fl\u0131\u011fa sahip oldu\u011fu sonucuna vard\u0131lar.<\/p>\n\n\n\n<p>2019&#8217;un sonlar\u0131nda Wuhan&#8217;da koronavir\u00fcs patlak verdi\u011finde, \u00c7KP bilgiyi bloke etmek i\u00e7in her t\u00fcrl\u00fc yolu denedi. Bununla birlikte, 2020 Ocak ay\u0131nda \u015fehir karantinaya al\u0131nmadan&nbsp;\u00f6nce 5 milyon ki\u015fi Wuhan&#8217;dan ayr\u0131ld\u0131 ve hastal\u0131\u011f\u0131 t\u00fcm d\u00fcnyaya yayd\u0131. 50 milyondan fazla insan enfekte ve 1,3 milyondan fazla \u00f6l\u00fc ile d\u00fcnya, onlar\u0131n neden oldu\u011fu hasara ve \u00c7KP&#8217;nin do\u011fas\u0131n\u0131n fark\u0131na vard\u0131.<\/p>\n\n\n\n<p><strong>\u0130yi ve K\u00f6t\u00fc Aras\u0131ndaki Sava\u015f<\/strong><\/p>\n\n\n\n<p>1980&#8217;lerde Reagan, Sovyetler Birli\u011fi&#8217;ni frenlemek i\u00e7in bir kampanya ba\u015flatt\u0131 ve bu da \u00e7\u00f6k\u00fc\u015f\u00fcne ve \u00f6zg\u00fcrl\u00fck \u00e7a\u011f\u0131na yol a\u00e7t\u0131. 40 y\u0131l sonra, \u00c7in \u00f6nderli\u011findeki kom\u00fcnizm d\u00fcnyay\u0131 tehlikeye atarken, yeni bir sava\u015f ba\u015flad\u0131.<\/p>\n\n\n\n<p>Koronavir\u00fcs pandemisinden \u00f6nce bile \u00c7KP ekonomik g\u00fcc\u00fcyle d\u00fcnyan\u0131n bir\u00e7ok yerini sat\u0131n alm\u0131\u015ft\u0131. Yolsuzlu\u011fa bula\u015fan insanlar, yava\u015f yava\u015f \u00c7KP etkisine direnme ba\u011f\u0131\u015f\u0131kl\u0131\u011f\u0131n\u0131 ve g\u00fcc\u00fcn\u00fc kaybettiler.<\/p>\n\n\n\n<p>\u00c7in&#8217;deki tek Biyo G\u00fcvenlik Seviye 4 (BSL-4) laboratuvar\u0131 olan Wuhan Viroloji Enstit\u00fcs\u00fc ile ba\u011flant\u0131l\u0131 olan koronavir\u00fcs, \u00c7KP&#8217;nin etkisi alt\u0131nda olan&nbsp;bir\u00e7ok \u00fclke veya b\u00f6lgeyi vurdu.<\/p>\n\n\n\n<p>Neyse ki, bir\u00e7ok insan k\u00e2bustan uyanmaya ba\u015flad\u0131. &#8220;Do\u011fruyu s\u00f6ylemek zorunday\u0131z.\u201d 23 Temmuz 2020&#8217;de Richard Nixon Ba\u015fkanl\u0131k K\u00fct\u00fcphanesi ve M\u00fczesi&#8217;nde ABD D\u0131\u015fi\u015fleri Bakan\u0131 Michael Pompeo, \u201c\u00c7in&#8217;in bu enkarnasyonunu, t\u0131pk\u0131 di\u011ferleri gibi normal bir \u00fclke olarak ele alamay\u0131z.\u201d dedi. &#8220;\u00d6zg\u00fcr d\u00fcnya de\u011fi\u015fmezse, kom\u00fcnist \u00c7in kesinlikle bizi de\u011fi\u015ftirecek. Rahat olduklar\u0131 ya da elveri\u015fli olduklar\u0131 i\u00e7in ge\u00e7mi\u015fteki uygulamalara d\u00f6n\u00fc\u015f olamaz.&#8221;<\/p>\n\n\n\n<p>Kom\u00fcnist \u00fclkeler say\u0131s\u0131z trajediye maruz kal\u0131rken, Bat\u0131l\u0131 \u00fclkeler de kom\u00fcnizm hayaleti taraf\u0131ndan tehlike alt\u0131nda olma riskiyle kar\u015f\u0131 kar\u015f\u0131ya kald\u0131. \u201cGeri d\u00f6nd\u00fcm ve &#8216;\u00c7\u0131plak Kom\u00fcnisti\u2019 okudum ve sonunda Skousen, bir g\u00fcn ger\u00e7e\u011fi okullarda, k\u00fct\u00fcphanelerde ya da ba\u015fka hi\u00e7bir yerde bulamayaca\u011f\u0131m\u0131z\u0131 tahmin etti \u00e7\u00fcnk\u00fc art\u0131k bas\u0131lmayacaklard\u0131. O y\u00fczden o kitaplar\u0131 toplamal\u0131s\u0131n\u0131z. Bu, Cleon Skousen&#8217;den 1950&#8217;lerde&nbsp;<em>\u00c7\u0131plak Kom\u00fcnist (The Naked Communist)<\/em>&nbsp;adl\u0131 kitab\u0131ndan okudu\u011fum bir fikir ve bir g\u00fcn bu \u00fclkenin tarihi kaybolacak \u00e7\u00fcnk\u00fc entelekt\u00fceller, kom\u00fcnistler ve di\u011fer her \u015fey taraf\u0131ndan ele ge\u00e7irilecek. Ve san\u0131r\u0131m art\u0131k oraday\u0131z\u201d dedi Glenn Beck Radyo Program\u0131n\u0131n sunucusu.<\/p>\n\n\n\n<p>Fantezi gibi mi geliyor? Etraf\u0131m\u0131za \u015f\u00f6yle bir bakt\u0131\u011f\u0131m\u0131zda, ki\u015fi, yalanlar\u0131n ger\u00e7ek oldu\u011fu iddia edilirken, ger\u00e7eklerin genellikle yalan olarak etiketlendi\u011fi sert ger\u00e7ekli\u011fi bulabilir. Kom\u00fcnizmin etkisi d\u00fcnya \u00e7ap\u0131nda geni\u015fleyerek k\u00fcresel olarak nefreti k\u0131\u015fk\u0131rt\u0131rken, iyilik ve k\u00f6t\u00fcl\u00fck sava\u015f\u0131 ba\u015flad\u0131.<\/p>\n\n\n\n<p><strong>Bir Uyand\u0131rma \u00c7a\u011fr\u0131s\u0131<\/strong><\/p>\n\n\n\n<p>\u0130nsanl\u0131k tarihi boyunca say\u0131s\u0131z \u00e7at\u0131\u015fma, kavga ve sava\u015f ya\u015fand\u0131. \u00c7o\u011fu, yaln\u0131zca b\u00f6lge ve \/ veya etnik konularla ilgili yerel anla\u015fmazl\u0131klar\u0131 i\u00e7eriyordu. T\u00fcm insanl\u0131\u011f\u0131 tehdit eden bu kadar yayg\u0131n bir tehlike \u00e7ok nadiren olmu\u015ftur.<\/p>\n\n\n\n<p>Amerika Birle\u015fik Devletleri, d\u00fcnyan\u0131n en g\u00fc\u00e7l\u00fc \u00fclkesi olarak ge\u00e7en y\u00fczy\u0131lda kritik bir rol oynad\u0131. \u0130nan\u00e7 ve din \u00f6zg\u00fcrl\u00fc\u011f\u00fc \u00fczerine kurulan Amerika, ilkelerimize ve haysiyetimize uydu\u011fumuz s\u00fcrece kutsanm\u0131\u015f oldu\u011fumuza inan\u0131yor. &#8220;Tanr\u0131&#8217;n\u0131n egemenli\u011fi alt\u0131nda tek bir ulus&nbsp;b\u00f6l\u00fcnemez,&nbsp;herkes i\u00e7in \u00f6zg\u00fcrl\u00fck ve adalet sa\u011flar\u201d bu art\u0131k&nbsp;Ba\u011fl\u0131l\u0131k Yemini&#8217;nde yaz\u0131l\u0131 bir slogan olmu\u015ftur.<\/p>\n\n\n\n<p>Bu t\u00fcr ilkeleri korumak kolay olmam\u0131\u015ft\u0131r. 1950&#8217;lerde ABD&#8217;deki b\u00fcy\u00fck anti-kom\u00fcnist kampanyalar d\u0131\u015f\u0131nda, Amerikan liderlerinin kom\u00fcnizme kar\u015f\u0131 koyma \u00e7abalar\u0131 \u00e7ok s\u0131n\u0131rl\u0131 kald\u0131.<\/p>\n\n\n\n<p>1950&#8217;lerdeki anti-kom\u00fcnizm kampanyas\u0131 genellikle modern bir ha\u00e7l\u0131 seferi olarak kabul edildi. Bu dizinin 1. B\u00f6l\u00fcm\u00fcnde anlat\u0131ld\u0131\u011f\u0131 gibi, Marksizm Satanizm&#8217;den geldi. \u00d6z\u00fcnde nefret ve \u015fiddetle insanlar\u0131 kand\u0131r\u0131yor ve yalanlarla geni\u015f \u00e7apta propaganda yap\u0131yor.<\/p>\n\n\n\n<p>Richard Wurmbrand&#8217;\u0131n bu dizinin 1. B\u00f6l\u00fcm\u00fcnde anlatt\u0131\u011f\u0131&nbsp;<em>Mark &amp; Satan&#8217;a<\/em>&nbsp;benzer \u015fekilde, Terry Cook da 2010 y\u0131l\u0131nda &#8216;Bana \u00d6zg\u00fcrl\u00fck Ver!: Ve \u015eeytan\u0131n Kom\u00fcnist Yeni D\u00fcnya D\u00fczenine \u00d6l\u00fcm!&#8217; ba\u015fl\u0131kl\u0131 bir kitap yay\u0131nlad\u0131. \u00dc\u00e7 y\u0131l sonra, &#8220;Devrim!: Kom\u00fcnizm K\u0131l\u0131k De\u011fi\u015ftirmi\u015f Satanizmdir!&#8221; Ba\u015fl\u0131kl\u0131 bir kitap yay\u0131nlad\u0131. &#8220;Kom\u00fcnizm k\u0131l\u0131k de\u011fi\u015ftirmi\u015f Satanizmdir! Bu, salt bir siyasi sistemden \u00e7ok daha fazlas\u0131d\u0131r! Bu ayn\u0131 zamanda dini bir ibadet sistemidir.&#8221;<\/p>\n\n\n\n<p>Bu, \u0130ncil&#8217;de anlat\u0131lana benzer: \u201cK\u00f6t\u00fcl\u00fc\u011fe iyilik ve iyili\u011fe k\u00f6t\u00fcl\u00fck diyenlerin vay haline; Karanl\u0131\u011f\u0131 \u0131\u015f\u0131\u011fa, \u0131\u015f\u0131\u011f\u0131 karanl\u0131\u011fa koyan; tatl\u0131 yerine ac\u0131, ac\u0131ya tatl\u0131 koyan! &#8221; (\u0130\u015faya 5:21)<\/p>\n\n\n\n<p>\u201cBa\u015f\u0131ndan beri bir katildi, onda ger\u00e7ek olmad\u0131\u011f\u0131 i\u00e7in ger\u00e7e\u011fe tutunmad\u0131. Yalan s\u00f6yledi\u011finde ana dilini konu\u015fur, \u00e7\u00fcnk\u00fc o bir yalanc\u0131 ve yalanlar\u0131n babas\u0131d\u0131r. &#8221; (Yuhanna 8:44)<\/p>\n\n\n\n<p>\u0130lluminati&#8217;nin kurucusu Adam Weishaupt, sosyal d\u00fczeni bozmay\u0131 ve bunu gizlice yapmay\u0131 savundu. &#8220;\u0130nsan h\u00fck\u00fcmet alt\u0131nda ya\u015fad\u0131\u011f\u0131nda, d\u00fc\u015f\u00fcr\u00fcl\u00fcr, de\u011feri kaybolur ve do\u011fas\u0131 zedelenir,&#8221; dedi, &#8220;\u0130nsanlara liderlik etmek i\u00e7in bildi\u011fim t\u00fcm yollar aras\u0131nda, en etkili olan gizli bir gizemdir.&#8221;<\/p>\n\n\n\n<p>Karl Marx ise hedefe ancak vah\u015fetle ula\u015f\u0131labilece\u011fini s\u00f6zlerine ekledi. &#8220;Onlar [Kom\u00fcnistler], ama\u00e7lar\u0131na ancak mevcut t\u00fcm sosyal ko\u015fullar\u0131n zorla y\u0131k\u0131lmas\u0131yla ula\u015f\u0131labilece\u011fini a\u00e7\u0131k\u00e7a ilan ediyorlar&#8221; diye a\u00e7\u0131klad\u0131.<\/p>\n\n\n\n<p>2020&#8217;de&nbsp;<em>\u015eeytan ve Karl Marx: Kom\u00fcnizmin Uzun \u00d6l\u00fcm Y\u00fcr\u00fcy\u00fc\u015f\u00fc, Aldatma ve S\u0131zma<\/em>&nbsp;kitab\u0131n\u0131n yazar\u0131 Paul Kengor, kom\u00fcnizmin dini de d\u00fc\u015fman\u0131 olarak g\u00f6rd\u00fc\u011f\u00fcn\u00fc s\u00f6yledi. Marx, dini, &#8220;kitlelerin afyonu&#8221; ve &#8220;ruhsuz ko\u015fullar\u0131n ruhu&#8221; olarak adland\u0131r\u0131rken, Vladimir Lenin &#8220;dinden daha i\u011fren\u00e7 bir \u015fey olmad\u0131\u011f\u0131n\u0131&#8221; ve &#8220;bir tanr\u0131sall\u0131\u011fa yap\u0131lan t\u00fcm ibadetlerin bir nekrofili oldu\u011funu&#8221; iddia etti.<\/p>\n\n\n\n<p>Kengor, g\u00fcn\u00fcm\u00fczde bir\u00e7ok insan\u0131n yanl\u0131\u015fl\u0131kla sosyalizmi veya kom\u00fcnizmi ne oldu\u011funu bilmeden kucaklad\u0131\u011f\u0131n\u0131 s\u00f6yledi. \u201c\u015e\u00f6yle ki, Marx&#8217;\u0131n siyahlar hakk\u0131ndaki korkun\u00e7 \u0131rk\u00e7\u0131 a\u00e7\u0131klamalar\u0131, i\u011fren\u00e7 Yahudi kar\u015f\u0131tl\u0131\u011f\u0131 gibi, hayat\u0131ndaki kad\u0131nlar\u0131n trajik durumu-&nbsp;kocalar\u0131yla intihar antla\u015fmas\u0131 yaparak intihar eden iki k\u0131z\u0131 ve intihar eden kendi kar\u0131s\u0131, Marx&#8217;\u0131n kar\u0131s\u0131n\u0131n arkas\u0131ndan hamile b\u0131rakt\u0131\u011f\u0131 aile bak\u0131c\u0131s\u0131na kadar\u201d diye yozla\u015fm\u0131\u015fl\u0131\u011f\u0131n durumunu a\u00e7\u0131klad\u0131.<\/p>\n\n\n\n<p>Kom\u00fcnizm Hayaleti D\u00fcnyam\u0131z\u0131 Y\u00f6netiyor 2018&#8217;de, \u201cDo\u011fu Avrupa&#8217;n\u0131n kom\u00fcnist rejimleri par\u00e7alanm\u0131\u015f olsa da kom\u00fcnizm hayaleti yok olmad\u0131. Aksine, bu k\u00f6t\u00fc hayalet zaten d\u00fcnyam\u0131z\u0131 y\u00f6netiyor ve insanl\u0131k yanl\u0131\u015f bir iyimserlik duygusu ta\u015f\u0131mamal\u0131\u201d diye yazd\u0131.&nbsp; \u201cKom\u00fcnizm ne bir d\u00fc\u015f\u00fcnce e\u011filimi, ne bir doktrindir, ne de insan ili\u015fkilerini d\u00fczenlemenin yeni bir yoluna y\u00f6nelik ba\u015far\u0131s\u0131z bir giri\u015fimdir. Bunun yerine, bir \u015feytan olarak anla\u015f\u0131lmal\u0131d\u0131r &#8211; evrendeki nefret, yozla\u015fma ve di\u011fer temel g\u00fc\u00e7lerin olu\u015fturdu\u011fu k\u00f6t\u00fc bir hayalettir.\u201d<\/p>\n\n\n\n<p><strong>Se\u00e7imimiz ve Gelece\u011fimiz<\/strong><\/p>\n\n\n\n<p>\u00c7KP, koronavir\u00fcs pandemisini, insan haklar\u0131 ihlallerini ve kom\u00fcnizm ideolojisini getirerek d\u00fcnyadaki \u00fclkeleri harap ederken, \u00c7in&#8217;deki bir\u00e7ok vatanda\u015f \u00c7KP&#8217;nin 1921&#8217;de kurulmas\u0131ndan bu yana 99 y\u0131ll\u0131k kabustan uyan\u0131yor. Bunlar\u0131n aras\u0131nda Do\u011fruluk-Merhamet-Ho\u015fg\u00f6r\u00fc ilkelerine dayanan bir meditasyon sistemi olan <a href=\"https:\/\/tr.falundafa.org\/\" target=\"_blank\" aria-label=\"undefined (opens in a new tab)\" rel=\"noreferrer noopener\">Falun Gong <\/a>uygulay\u0131c\u0131lar\u0131 da var.<\/p>\n\n\n\n<p>1992 y\u0131l\u0131nda halka tan\u0131t\u0131lan Falun Gong, muazzam fiziksel ve ruhsal faydalar\u0131 nedeniyle 1999 y\u0131l\u0131nda \u00c7in&#8217;de yakla\u015f\u0131k 100 milyon insan\u0131 kendine \u00e7ekmi\u015fti. Minghui.org&#8217;da Falun Gong uygulay\u0131c\u0131lar\u0131n\u0131n sa\u011fl\u0131\u011f\u0131na nas\u0131l d\u00f6nd\u00fckleri ve zihinsel do\u011falar\u0131n\u0131 nas\u0131l geli\u015ftirdiklerine dair say\u0131s\u0131z vaka belgelendi. Aile kavgalar\u0131 sonland\u0131, par\u00e7alanan aileler yeniden birle\u015ftirildi, kay\u0131p ruhlar hayata ve gelece\u011fe dair umutlar\u0131n\u0131 yeniden kazand\u0131.<\/p>\n\n\n\n<p>Bununla birlikte, 1999 y\u0131l\u0131n\u0131n Temmuz ay\u0131nda, eski \u00c7KP lideri Jiang Zemin, <a href=\"https:\/\/epochtimestr.com\/index.php\/25-nisan-1999-sessizce-gerceklesen-bariscil-protesto\" target=\"_blank\" aria-label=\"undefined (opens in a new tab)\" rel=\"noreferrer noopener\">Falun Gong&#8217;u bast\u0131rmak<\/a> i\u00e7in \u00fclke \u00e7ap\u0131nda bir kampanya ba\u015flatt\u0131. Son 21 y\u0131lda, Falun Gong&#8217;a olan inan\u00e7lar\u0131n\u0131 s\u00fcrd\u00fcrd\u00fckleri i\u00e7in \u00e7ok say\u0131da uygulay\u0131c\u0131 tutukland\u0131 ve g\u00f6zalt\u0131 merkezleri, \u00e7al\u0131\u015fma kamplar\u0131 ve hapishanelerde al\u0131konuldu. Fiziksel i\u015fkence ve zihinsel istismara ek olarak, baz\u0131 uygulay\u0131c\u0131lar da <a href=\"https:\/\/epochtimestr.com\/index.php\/eski-tip-stajyeri-cin-ordusu-tarafindan-canli-organ-toplandigina-tanik-oldu\" target=\"_blank\" aria-label=\"undefined (opens in a new tab)\" rel=\"noreferrer noopener\">zorla organ toplaman\u0131n<\/a> kurban\u0131 oldular.<\/p>\n\n\n\n<p>\u00c7e\u015fitli siyasi kampanyalar s\u0131ras\u0131nda \u00c7KP taraf\u0131ndan zul\u00fcm g\u00f6ren ve ortadan kald\u0131r\u0131lan di\u011fer gruplar\u0131n aksine, Falun Gong uygulay\u0131c\u0131lar\u0131, sert zulme ra\u011fmen inan\u00e7lar\u0131nda sa\u011flam kald\u0131lar. Falun Gong&#8217;un Do\u011fruluk-Merhamet-Ho\u015fg\u00f6r\u00fc ilkelerine g\u00f6re daha iyi vatanda\u015flar olmak i\u00e7in ya\u015faman\u0131n yanl\u0131\u015f bir \u015fey olmad\u0131\u011f\u0131na inan\u0131yorlar. Ayr\u0131ca do\u011frular\u0131n galip gelece\u011fine de inan\u0131yorlar.<\/p>\n\n\n\n<p>Kom\u00fcnist Manifesto&#8217;nun ba\u015flang\u0131c\u0131nda, Marx, &#8220;Bir hayalet Avrupa&#8217;ya musallat oluyor &#8211; <a href=\"https:\/\/epochtimestr.com\/index.php\/onsoz-komunizmin-hayaleti-dunyamiza-nasil-hukmediyor\" target=\"_blank\" aria-label=\"undefined (opens in a new tab)\" rel=\"noreferrer noopener\">kom\u00fcnizmin hayaleti<\/a>&#8221; diye yazd\u0131. Ge\u00e7en y\u00fczy\u0131lda, H\u0131ristiyan ve Katoliklerin ruhani g\u00fcc\u00fc, insanlar\u0131 kom\u00fcnizmin neden oldu\u011fu etkiden kurtarmada kritik bir rol oynad\u0131.<\/p>\n\n\n\n<p>Asya \u00fclkelerinde, \u00c7in&#8217;deki 5.000 y\u0131ll\u0131k ilahi k\u00fclt\u00fcrle birlikte Budizm gelene\u011fi, halk\u0131n \u015feytani kom\u00fcnizm yerine vicdanlar\u0131na uymalar\u0131na yard\u0131mc\u0131 oldu. 21. y\u00fczy\u0131lda Falun Gong ve onun Do\u011fruluk-Merhamet-Ho\u015fg\u00f6r\u00fc ilkeleri, d\u00fcnyan\u0131n d\u00f6rt bir yan\u0131ndaki say\u0131s\u0131z insana kom\u00fcnizmin geleneksel de\u011ferlerle temelde nas\u0131l \u00e7eli\u015fti\u011fini fark etmeleri i\u00e7in ilham verdi ve insanlar\u0131n k\u00f6t\u00fcl\u00fckten uzak durmas\u0131na ve \u00f6zg\u00fcrl\u00fc\u011f\u00fcn\u00fc yeniden kazanmas\u0131na yol a\u00e7t\u0131.<\/p>\n\n\n\n<p>2004&#8217;te\u00a0<a href=\"https:\/\/epochtimestr.com\/index.php\/komunist-parti-uzerine-9-yorum-giris\" target=\"_blank\" aria-label=\"undefined (opens in a new tab)\" rel=\"noreferrer noopener\">Kom\u00fcnist Parti \u00dczerine Dokuz Yorum<\/a>\u00a0yay\u0131mland\u0131\u011f\u0131ndan beri, 360 milyondan fazla \u00c7inli insan \u00c7KP organizasyonlar\u0131n\u0131 b\u0131rakaca\u011f\u0131n\u0131 duyurdu. D\u00fcnyan\u0131n her yerinden daha fazla insan uyand\u0131k\u00e7a ve temel ilkeleri korumak i\u00e7in aya\u011fa kalkt\u0131k\u00e7a, kom\u00fcnist ideolojinin ikamet edecek yeri kalmayacak ve an\u0131nda temizlenecektir.<\/p>\n\n\n\n<p>O zaman, as\u0131rl\u0131k k\u00e2bustan kurtulacak ve daha g\u00fcvenli ve daha parlak bir gelecekle kutsanaca\u011f\u0131z.<\/p>\n\n\n\n<p>Kaynak: <em>minghui.org<\/em>&#8216;dan al\u0131nm\u0131\u015ft\u0131r.<\/p>\n\n\n\n<p>(Son)<\/p>\n\n\n\n<p><em>\u0130lgili yaz\u0131: <\/em><a href=\"https:\/\/epochtimestr.com\/index.php\/ozgur-dunya-ve-komunizm-arasindaki-savas-bolum-1\" target=\"_blank\" aria-label=\"undefined (opens in a new tab)\" rel=\"noreferrer noopener\">\u00d6zg\u00fcr D\u00fcnya ve Kom\u00fcnizm Aras\u0131ndaki Sava\u015f (B\u00f6l\u00fcm 1)<\/a><\/p>\n\n\n\n<p><\/p>\n","protected":false},"excerpt":{"rendered":"<p>&#8220;Toplu olarak, kom\u00fcnist devletler 100 milyon kadar insan\u0131 \u00f6ld\u00fcrd\u00fc, bu ayn\u0131 d\u00f6nemde di\u011fer t\u00fcm bask\u0131c\u0131 rejimlerin toplam\u0131ndan daha fazlad\u0131r.\u201d\u00a0 George Mason \u00dcniversitesi hukuk profes\u00f6r\u00fc Ilya Somin, Kas\u0131m 2017&#8217;de Washington Post&#8217;ta \u201cY\u00fczy\u0131ll\u0131k kom\u00fcnizmden dersler\u201d ba\u015fl\u0131kl\u0131 bir makalede \u015funlar\u0131 yazd\u0131, &#8220;Toplu olarak, kom\u00fcnist devletler 100 milyon kadar insan\u0131 \u00f6ld\u00fcrd\u00fc, bu ayn\u0131 d\u00f6nemde di\u011fer t\u00fcm bask\u0131c\u0131 rejimlerin toplam\u0131ndan [&hellip;]<\/p>\n","protected":false},"author":12791,"featured_media":132616,"comment_status":"closed","ping_status":"open","sticky":false,"template":"","format":"standard","meta":{"_yoast_wpseo_focuskw":"","_yoast_wpseo_title":"","_yoast_wpseo_metadesc":"","_bbp_topic_count":0,"_bbp_reply_count":0,"_bbp_total_topic_count":0,"_bbp_total_reply_count":0,"_bbp_voice_count":0,"_bbp_anonymous_reply_count":0,"_bbp_topic_count_hidden":0,"_bbp_reply_count_hidden":0,"_bbp_forum_subforum_count":0,"footnotes":"","_yoast_wpseo_focuskw_text_input":""},"categories":[8,2045,35,5,519,1],"tags":[],"yoast_head":"<!-- This site is optimized with the Yoast SEO plugin v23.0 - https:\/\/yoast.com\/wordpress\/plugins\/seo\/ -->\n<title>\u00d6zg\u00fcr D\u00fcnya ve Kom\u00fcnizm Aras\u0131ndaki Sava\u015f (B\u00f6l\u00fcm 2) - The Epoch Times TR<\/title>\n<meta name=\"robots\" content=\"index, follow, max-snippet:-1, max-image-preview:large, max-video-preview:-1\" \/>\n<link rel=\"canonical\" href=\"https:\/\/epochtimestr.com\/index.php\/ozgur-dunya-ve-komunizm-arasindaki-savas-bolum-2\" \/>\n<meta property=\"og:locale\" content=\"tr_TR\" \/>\n<meta property=\"og:type\" content=\"article\" \/>\n<meta property=\"og:title\" content=\"\u00d6zg\u00fcr D\u00fcnya ve Kom\u00fcnizm Aras\u0131ndaki Sava\u015f (B\u00f6l\u00fcm 2) - The Epoch Times TR\" \/>\n<meta property=\"og:description\" content=\"&#8220;Toplu olarak, kom\u00fcnist devletler 100 milyon kadar insan\u0131 \u00f6ld\u00fcrd\u00fc, bu ayn\u0131 d\u00f6nemde di\u011fer t\u00fcm bask\u0131c\u0131 rejimlerin toplam\u0131ndan daha fazlad\u0131r.\u201d\u00a0 George Mason \u00dcniversitesi hukuk profes\u00f6r\u00fc Ilya Somin, Kas\u0131m 2017&#8217;de Washington Post&#8217;ta \u201cY\u00fczy\u0131ll\u0131k kom\u00fcnizmden dersler\u201d ba\u015fl\u0131kl\u0131 bir makalede \u015funlar\u0131 yazd\u0131, &#8220;Toplu olarak, kom\u00fcnist devletler 100 milyon kadar insan\u0131 \u00f6ld\u00fcrd\u00fc, bu ayn\u0131 d\u00f6nemde di\u011fer t\u00fcm bask\u0131c\u0131 rejimlerin toplam\u0131ndan [&hellip;]\" \/>\n<meta property=\"og:url\" content=\"https:\/\/epochtimestr.com\/index.php\/ozgur-dunya-ve-komunizm-arasindaki-savas-bolum-2\" \/>\n<meta property=\"og:site_name\" content=\"The Epoch Times TR\" \/>\n<meta property=\"article:publisher\" content=\"https:\/\/www.facebook.com\/theepochtimestr\" \/>\n<meta property=\"article:published_time\" content=\"2021-01-13T12:38:01+00:00\" \/>\n<meta property=\"article:modified_time\" content=\"2021-01-13T12:39:26+00:00\" \/>\n<meta property=\"og:image\" content=\"https:\/\/epochtimestr.com\/wp-content\/uploads\/2011y\/berlin-duvari-pixabay.jpg\" \/>\n\t<meta property=\"og:image:width\" content=\"640\" \/>\n\t<meta property=\"og:image:height\" content=\"437\" \/>\n\t<meta property=\"og:image:type\" content=\"image\/jpeg\" \/>\n<meta name=\"author\" content=\"Haber Merkezi\" \/>\n<meta name=\"twitter:card\" content=\"summary_large_image\" \/>\n<meta name=\"twitter:creator\" content=\"@TheEpochTimesTR\" \/>\n<meta name=\"twitter:site\" content=\"@TheEpochTimesTR\" \/>\n<meta name=\"twitter:label1\" content=\"Yazan:\" \/>\n\t<meta name=\"twitter:data1\" content=\"Haber Merkezi\" \/>\n\t<meta name=\"twitter:label2\" content=\"Tahmini okuma s\u00fcresi\" \/>\n\t<meta name=\"twitter:data2\" content=\"14 dakika\" \/>\n<script type=\"application\/ld+json\" class=\"yoast-schema-graph\">{\"@context\":\"https:\/\/schema.org\",\"@graph\":[{\"@type\":\"Article\",\"@id\":\"https:\/\/epochtimestr.com\/index.php\/ozgur-dunya-ve-komunizm-arasindaki-savas-bolum-2#article\",\"isPartOf\":{\"@id\":\"https:\/\/epochtimestr.com\/index.php\/ozgur-dunya-ve-komunizm-arasindaki-savas-bolum-2\"},\"author\":{\"name\":\"Haber Merkezi\",\"@id\":\"https:\/\/epochtimestr.com\/#\/schema\/person\/3dc5c3adeb9f43923c5aa85889172fdd\"},\"headline\":\"\u00d6zg\u00fcr D\u00fcnya ve Kom\u00fcnizm Aras\u0131ndaki Sava\u015f (B\u00f6l\u00fcm 2)\",\"datePublished\":\"2021-01-13T12:38:01+00:00\",\"dateModified\":\"2021-01-13T12:39:26+00:00\",\"mainEntityOfPage\":{\"@id\":\"https:\/\/epochtimestr.com\/index.php\/ozgur-dunya-ve-komunizm-arasindaki-savas-bolum-2\"},\"wordCount\":2757,\"publisher\":{\"@id\":\"https:\/\/epochtimestr.com\/#organization\"},\"image\":{\"@id\":\"https:\/\/epochtimestr.com\/index.php\/ozgur-dunya-ve-komunizm-arasindaki-savas-bolum-2#primaryimage\"},\"thumbnailUrl\":\"https:\/\/epochtimestr.com\/wp-content\/uploads\/2011y\/berlin-duvari-pixabay.jpg\",\"articleSection\":[\"\u00c7\u0130N\",\"\u00c7in Rejimi\",\"\u00c7in'de \u0130nsan Haklar\u0131\",\"D\u00dcNYA\",\"ED\u0130T\u00d6R\u00dcN SE\u00c7\u0130M\u0130\",\"G\u00dcNDEM\"],\"inLanguage\":\"tr\"},{\"@type\":\"WebPage\",\"@id\":\"https:\/\/epochtimestr.com\/index.php\/ozgur-dunya-ve-komunizm-arasindaki-savas-bolum-2\",\"url\":\"https:\/\/epochtimestr.com\/index.php\/ozgur-dunya-ve-komunizm-arasindaki-savas-bolum-2\",\"name\":\"\u00d6zg\u00fcr D\u00fcnya ve Kom\u00fcnizm Aras\u0131ndaki Sava\u015f (B\u00f6l\u00fcm 2) - The Epoch Times TR\",\"isPartOf\":{\"@id\":\"https:\/\/epochtimestr.com\/#website\"},\"primaryImageOfPage\":{\"@id\":\"https:\/\/epochtimestr.com\/index.php\/ozgur-dunya-ve-komunizm-arasindaki-savas-bolum-2#primaryimage\"},\"image\":{\"@id\":\"https:\/\/epochtimestr.com\/index.php\/ozgur-dunya-ve-komunizm-arasindaki-savas-bolum-2#primaryimage\"},\"thumbnailUrl\":\"https:\/\/epochtimestr.com\/wp-content\/uploads\/2011y\/berlin-duvari-pixabay.jpg\",\"datePublished\":\"2021-01-13T12:38:01+00:00\",\"dateModified\":\"2021-01-13T12:39:26+00:00\",\"inLanguage\":\"tr\",\"potentialAction\":[{\"@type\":\"ReadAction\",\"target\":[\"https:\/\/epochtimestr.com\/index.php\/ozgur-dunya-ve-komunizm-arasindaki-savas-bolum-2\"]}]},{\"@type\":\"ImageObject\",\"inLanguage\":\"tr\",\"@id\":\"https:\/\/epochtimestr.com\/index.php\/ozgur-dunya-ve-komunizm-arasindaki-savas-bolum-2#primaryimage\",\"url\":\"https:\/\/epochtimestr.com\/wp-content\/uploads\/2011y\/berlin-duvari-pixabay.jpg\",\"contentUrl\":\"https:\/\/epochtimestr.com\/wp-content\/uploads\/2011y\/berlin-duvari-pixabay.jpg\",\"width\":640,\"height\":437},{\"@type\":\"WebSite\",\"@id\":\"https:\/\/epochtimestr.com\/#website\",\"url\":\"https:\/\/epochtimestr.com\/\",\"name\":\"The Epoch Times TR\",\"description\":\"De\u011fi\u015fen D\u00fcnyam\u0131za Taze Bir Bak\u0131\u015f\",\"publisher\":{\"@id\":\"https:\/\/epochtimestr.com\/#organization\"},\"potentialAction\":[{\"@type\":\"SearchAction\",\"target\":{\"@type\":\"EntryPoint\",\"urlTemplate\":\"https:\/\/epochtimestr.com\/?s={search_term_string}\"},\"query-input\":\"required name=search_term_string\"}],\"inLanguage\":\"tr\"},{\"@type\":\"Organization\",\"@id\":\"https:\/\/epochtimestr.com\/#organization\",\"name\":\"The EpochTimes T\u00fcrkiye\",\"url\":\"https:\/\/epochtimestr.com\/\",\"logo\":{\"@type\":\"ImageObject\",\"inLanguage\":\"tr\",\"@id\":\"https:\/\/epochtimestr.com\/#\/schema\/logo\/image\/\",\"url\":\"https:\/\/epochtimestr.com\/wp-content\/uploads\/2011y\/ET-Logo-YG.jpg\",\"contentUrl\":\"https:\/\/epochtimestr.com\/wp-content\/uploads\/2011y\/ET-Logo-YG.jpg\",\"width\":346,\"height\":29,\"caption\":\"The EpochTimes T\u00fcrkiye\"},\"image\":{\"@id\":\"https:\/\/epochtimestr.com\/#\/schema\/logo\/image\/\"},\"sameAs\":[\"https:\/\/www.facebook.com\/theepochtimestr\",\"https:\/\/x.com\/TheEpochTimesTR\",\"https:\/\/www.instagram.com\/epochtimestr\"]},{\"@type\":\"Person\",\"@id\":\"https:\/\/epochtimestr.com\/#\/schema\/person\/3dc5c3adeb9f43923c5aa85889172fdd\",\"name\":\"Haber Merkezi\",\"image\":{\"@type\":\"ImageObject\",\"inLanguage\":\"tr\",\"@id\":\"https:\/\/epochtimestr.com\/#\/schema\/person\/image\/\",\"url\":\"https:\/\/secure.gravatar.com\/avatar\/d73f772ba5a74f28601361e17c2f93e6?s=96&d=mm&r=g\",\"contentUrl\":\"https:\/\/secure.gravatar.com\/avatar\/d73f772ba5a74f28601361e17c2f93e6?s=96&d=mm&r=g\",\"caption\":\"Haber Merkezi\"},\"url\":\"https:\/\/epochtimestr.com\/index.php\/author\/sendag\"}]}<\/script>\n<!-- \/ Yoast SEO plugin. -->","yoast_head_json":{"title":"\u00d6zg\u00fcr D\u00fcnya ve Kom\u00fcnizm Aras\u0131ndaki Sava\u015f (B\u00f6l\u00fcm 2) - The Epoch Times TR","robots":{"index":"index","follow":"follow","max-snippet":"max-snippet:-1","max-image-preview":"max-image-preview:large","max-video-preview":"max-video-preview:-1"},"canonical":"https:\/\/epochtimestr.com\/index.php\/ozgur-dunya-ve-komunizm-arasindaki-savas-bolum-2","og_locale":"tr_TR","og_type":"article","og_title":"\u00d6zg\u00fcr D\u00fcnya ve Kom\u00fcnizm Aras\u0131ndaki Sava\u015f (B\u00f6l\u00fcm 2) - The Epoch Times TR","og_description":"&#8220;Toplu olarak, kom\u00fcnist devletler 100 milyon kadar insan\u0131 \u00f6ld\u00fcrd\u00fc, bu ayn\u0131 d\u00f6nemde di\u011fer t\u00fcm bask\u0131c\u0131 rejimlerin toplam\u0131ndan daha fazlad\u0131r.\u201d\u00a0 George Mason \u00dcniversitesi hukuk profes\u00f6r\u00fc Ilya Somin, Kas\u0131m 2017&#8217;de Washington Post&#8217;ta \u201cY\u00fczy\u0131ll\u0131k kom\u00fcnizmden dersler\u201d ba\u015fl\u0131kl\u0131 bir makalede \u015funlar\u0131 yazd\u0131, &#8220;Toplu olarak, kom\u00fcnist devletler 100 milyon kadar insan\u0131 \u00f6ld\u00fcrd\u00fc, bu ayn\u0131 d\u00f6nemde di\u011fer t\u00fcm bask\u0131c\u0131 rejimlerin toplam\u0131ndan [&hellip;]","og_url":"https:\/\/epochtimestr.com\/index.php\/ozgur-dunya-ve-komunizm-arasindaki-savas-bolum-2","og_site_name":"The Epoch Times TR","article_publisher":"https:\/\/www.facebook.com\/theepochtimestr","article_published_time":"2021-01-13T12:38:01+00:00","article_modified_time":"2021-01-13T12:39:26+00:00","og_image":[{"width":640,"height":437,"url":"https:\/\/epochtimestr.com\/wp-content\/uploads\/2011y\/berlin-duvari-pixabay.jpg","type":"image\/jpeg"}],"author":"Haber Merkezi","twitter_card":"summary_large_image","twitter_creator":"@TheEpochTimesTR","twitter_site":"@TheEpochTimesTR","twitter_misc":{"Yazan:":"Haber Merkezi","Tahmini okuma s\u00fcresi":"14 dakika"},"schema":{"@context":"https:\/\/schema.org","@graph":[{"@type":"Article","@id":"https:\/\/epochtimestr.com\/index.php\/ozgur-dunya-ve-komunizm-arasindaki-savas-bolum-2#article","isPartOf":{"@id":"https:\/\/epochtimestr.com\/index.php\/ozgur-dunya-ve-komunizm-arasindaki-savas-bolum-2"},"author":{"name":"Haber Merkezi","@id":"https:\/\/epochtimestr.com\/#\/schema\/person\/3dc5c3adeb9f43923c5aa85889172fdd"},"headline":"\u00d6zg\u00fcr D\u00fcnya ve Kom\u00fcnizm Aras\u0131ndaki Sava\u015f (B\u00f6l\u00fcm 2)","datePublished":"2021-01-13T12:38:01+00:00","dateModified":"2021-01-13T12:39:26+00:00","mainEntityOfPage":{"@id":"https:\/\/epochtimestr.com\/index.php\/ozgur-dunya-ve-komunizm-arasindaki-savas-bolum-2"},"wordCount":2757,"publisher":{"@id":"https:\/\/epochtimestr.com\/#organization"},"image":{"@id":"https:\/\/epochtimestr.com\/index.php\/ozgur-dunya-ve-komunizm-arasindaki-savas-bolum-2#primaryimage"},"thumbnailUrl":"https:\/\/epochtimestr.com\/wp-content\/uploads\/2011y\/berlin-duvari-pixabay.jpg","articleSection":["\u00c7\u0130N","\u00c7in Rejimi","\u00c7in'de \u0130nsan Haklar\u0131","D\u00dcNYA","ED\u0130T\u00d6R\u00dcN SE\u00c7\u0130M\u0130","G\u00dcNDEM"],"inLanguage":"tr"},{"@type":"WebPage","@id":"https:\/\/epochtimestr.com\/index.php\/ozgur-dunya-ve-komunizm-arasindaki-savas-bolum-2","url":"https:\/\/epochtimestr.com\/index.php\/ozgur-dunya-ve-komunizm-arasindaki-savas-bolum-2","name":"\u00d6zg\u00fcr D\u00fcnya ve Kom\u00fcnizm Aras\u0131ndaki Sava\u015f (B\u00f6l\u00fcm 2) - The Epoch Times TR","isPartOf":{"@id":"https:\/\/epochtimestr.com\/#website"},"primaryImageOfPage":{"@id":"https:\/\/epochtimestr.com\/index.php\/ozgur-dunya-ve-komunizm-arasindaki-savas-bolum-2#primaryimage"},"image":{"@id":"https:\/\/epochtimestr.com\/index.php\/ozgur-dunya-ve-komunizm-arasindaki-savas-bolum-2#primaryimage"},"thumbnailUrl":"https:\/\/epochtimestr.com\/wp-content\/uploads\/2011y\/berlin-duvari-pixabay.jpg","datePublished":"2021-01-13T12:38:01+00:00","dateModified":"2021-01-13T12:39:26+00:00","inLanguage":"tr","potentialAction":[{"@type":"ReadAction","target":["https:\/\/epochtimestr.com\/index.php\/ozgur-dunya-ve-komunizm-arasindaki-savas-bolum-2"]}]},{"@type":"ImageObject","inLanguage":"tr","@id":"https:\/\/epochtimestr.com\/index.php\/ozgur-dunya-ve-komunizm-arasindaki-savas-bolum-2#primaryimage","url":"https:\/\/epochtimestr.com\/wp-content\/uploads\/2011y\/berlin-duvari-pixabay.jpg","contentUrl":"https:\/\/epochtimestr.com\/wp-content\/uploads\/2011y\/berlin-duvari-pixabay.jpg","width":640,"height":437},{"@type":"WebSite","@id":"https:\/\/epochtimestr.com\/#website","url":"https:\/\/epochtimestr.com\/","name":"The Epoch Times TR","description":"De\u011fi\u015fen D\u00fcnyam\u0131za Taze Bir Bak\u0131\u015f","publisher":{"@id":"https:\/\/epochtimestr.com\/#organization"},"potentialAction":[{"@type":"SearchAction","target":{"@type":"EntryPoint","urlTemplate":"https:\/\/epochtimestr.com\/?s={search_term_string}"},"query-input":"required name=search_term_string"}],"inLanguage":"tr"},{"@type":"Organization","@id":"https:\/\/epochtimestr.com\/#organization","name":"The EpochTimes T\u00fcrkiye","url":"https:\/\/epochtimestr.com\/","logo":{"@type":"ImageObject","inLanguage":"tr","@id":"https:\/\/epochtimestr.com\/#\/schema\/logo\/image\/","url":"https:\/\/epochtimestr.com\/wp-content\/uploads\/2011y\/ET-Logo-YG.jpg","contentUrl":"https:\/\/epochtimestr.com\/wp-content\/uploads\/2011y\/ET-Logo-YG.jpg","width":346,"height":29,"caption":"The EpochTimes T\u00fcrkiye"},"image":{"@id":"https:\/\/epochtimestr.com\/#\/schema\/logo\/image\/"},"sameAs":["https:\/\/www.facebook.com\/theepochtimestr","https:\/\/x.com\/TheEpochTimesTR","https:\/\/www.instagram.com\/epochtimestr"]},{"@type":"Person","@id":"https:\/\/epochtimestr.com\/#\/schema\/person\/3dc5c3adeb9f43923c5aa85889172fdd","name":"Haber Merkezi","image":{"@type":"ImageObject","inLanguage":"tr","@id":"https:\/\/epochtimestr.com\/#\/schema\/person\/image\/","url":"https:\/\/secure.gravatar.com\/avatar\/d73f772ba5a74f28601361e17c2f93e6?s=96&d=mm&r=g","contentUrl":"https:\/\/secure.gravatar.com\/avatar\/d73f772ba5a74f28601361e17c2f93e6?s=96&d=mm&r=g","caption":"Haber Merkezi"},"url":"https:\/\/epochtimestr.com\/index.php\/author\/sendag"}]}},"_links":{"self":[{"href":"https:\/\/epochtimestr.com\/index.php\/wp-json\/wp\/v2\/posts\/132611"}],"collection":[{"href":"https:\/\/epochtimestr.com\/index.php\/wp-json\/wp\/v2\/posts"}],"about":[{"href":"https:\/\/epochtimestr.com\/index.php\/wp-json\/wp\/v2\/types\/post"}],"author":[{"embeddable":true,"href":"https:\/\/epochtimestr.com\/index.php\/wp-json\/wp\/v2\/users\/12791"}],"replies":[{"embeddable":true,"href":"https:\/\/epochtimestr.com\/index.php\/wp-json\/wp\/v2\/comments?post=132611"}],"version-history":[{"count":5,"href":"https:\/\/epochtimestr.com\/index.php\/wp-json\/wp\/v2\/posts\/132611\/revisions"}],"predecessor-version":[{"id":132618,"href":"https:\/\/epochtimestr.com\/index.php\/wp-json\/wp\/v2\/posts\/132611\/revisions\/132618"}],"wp:featuredmedia":[{"embeddable":true,"href":"https:\/\/epochtimestr.com\/index.php\/wp-json\/wp\/v2\/media\/132616"}],"wp:attachment":[{"href":"https:\/\/epochtimestr.com\/index.php\/wp-json\/wp\/v2\/media?parent=132611"}],"wp:term":[{"taxonomy":"category","embeddable":true,"href":"https:\/\/epochtimestr.com\/index.php\/wp-json\/wp\/v2\/categories?post=132611"},{"taxonomy":"post_tag","embeddable":true,"href":"https:\/\/epochtimestr.com\/index.php\/wp-json\/wp\/v2\/tags?post=132611"}],"curies":[{"name":"wp","href":"https:\/\/api.w.org\/{rel}","templated":true}]}}