{"id":132694,"date":"2021-01-14T01:41:26","date_gmt":"2021-01-13T22:41:26","guid":{"rendered":"http:\/\/epochtimestr.com\/?p=132694"},"modified":"2021-01-14T03:08:31","modified_gmt":"2021-01-14T00:08:31","slug":"demokratlar-ve-10-cumhuriyetci-trumpa-karsi-2-kez-suclama-oyu-verdi","status":"publish","type":"post","link":"https:\/\/epochtimestr.com\/index.php\/demokratlar-ve-10-cumhuriyetci-trumpa-karsi-2-kez-suclama-oyu-verdi","title":{"rendered":"Demokratlar ve 10 Cumhuriyet\u00e7i, Trump&#8217;a Kar\u015f\u0131 2. Kez Su\u00e7lama Oyu Verdi"},"content":{"rendered":"\n<div class=\"wp-block-image\"><figure class=\"aligncenter size-large\"><img loading=\"lazy\" decoding=\"async\" width=\"600\" height=\"360\" src=\"https:\/\/epochtimestr.com\/wp-content\/uploads\/2011y\/GettyImages-1230564048-ETNY-1-600x360.jpg\" alt=\"\" class=\"wp-image-132696\" srcset=\"https:\/\/epochtimestr.com\/wp-content\/uploads\/2011y\/GettyImages-1230564048-ETNY-1-600x360.jpg 600w, https:\/\/epochtimestr.com\/wp-content\/uploads\/2011y\/GettyImages-1230564048-ETNY-1-300x180.jpg 300w, https:\/\/epochtimestr.com\/wp-content\/uploads\/2011y\/GettyImages-1230564048-ETNY-1-150x90.jpg 150w, https:\/\/epochtimestr.com\/wp-content\/uploads\/2011y\/GettyImages-1230564048-ETNY-1.jpg 700w\" sizes=\"(max-width: 600px) 100vw, 600px\" \/><figcaption>ABD Kongre Binas\u0131, 13 Ocak 2021&#8217;de Washington, D.C. (Stefani Reynolds \/ Getty Images)<\/figcaption><\/figure><\/div>\n\n\n\n<p>Temsilciler Meclisi&#8217;ndeki Demokratlar, on Cumhuriyet\u00e7inin de kat\u0131ld\u0131\u011f\u0131 \u00c7ar\u015famba g\u00fcn\u00fc ger\u00e7ekle\u015fen 232-197 oylamada, Ba\u015fkan Donald Trump&#8217;\u0131 ikinci kez g\u00f6revden almak i\u00e7in oy kulland\u0131. Su\u00e7lama maddesi, Ba\u015fkan&#8217;\u0131n 6 Ocak&#8217;ta, ABD Kongre Binas\u0131&#8217;n\u0131n ihlaliyle sonu\u00e7lanan bir ayaklanmay\u0131 k\u0131\u015fk\u0131rtt\u0131\u011f\u0131n\u0131 iddia ediyor.<\/p>\n\n\n\n<p>Yedi saatlik tek bir oturumda ger\u00e7ekle\u015ftirilen su\u00e7lama, ABD tarihindeki en h\u0131zl\u0131 ger\u00e7ekle\u015fen oturumdu. Ayn\u0131 zamanda, \u00fclke tarihinde bir Ba\u015fkan\u0131n iki kez su\u00e7lanmas\u0131 ilk defa ger\u00e7ekle\u015fti.<\/p>\n\n\n\n<p>Cumhuriyet\u00e7iler, bunun Ba\u015fkan&#8217;a herhangi bir yasal s\u00fcre\u00e7 sunmad\u0131\u011f\u0131n\u0131 ve Amerikan halk\u0131n\u0131n yarg\u0131lamalara g\u00fcvenmedi\u011fini savunarak acele edilmesini ele\u015ftirdiler. Demokratlar, Trump&#8217;\u0131n g\u00f6revde oldu\u011fu her g\u00fcn ulus i\u00e7in tehlike olu\u015fturdu\u011funu iddia ederek kesintiye u\u011fram\u0131\u015f s\u00fcreci hakl\u0131 \u00e7\u0131kard\u0131lar.<\/p>\n\n\n\n<p>Temsilciler Meclisi Ba\u015fkan\u0131 Nancy Pelosi (D-Calif.), &#8220;Birle\u015fik Devletler Ba\u015fkan\u0131n\u0131n ortak \u00fclkemize kar\u015f\u0131 bu ayaklanmay\u0131, bu silahl\u0131 isyan\u0131 k\u0131\u015fk\u0131rtt\u0131\u011f\u0131n\u0131 biliyoruz.&#8221; dedi. &#8220;O gitmek zorunda. O, hepimizin sevdi\u011fi millet i\u00e7in a\u00e7\u0131k ve mevcut bir tehlike. &#8221; <\/p>\n\n\n\n<p>Her Demokrat su\u00e7lama lehinde oy kulland\u0131.<\/p>\n\n\n\n<p>Ba\u015fkan\u0131n g\u00f6revden al\u0131nmas\u0131na oy veren Cumhuriyet\u00e7ilerden baz\u0131lar\u0131; Cumhuriyet\u00e7i Temsilciler Liz Cheney (R-Wyo.), John Katko (RN.Y.), Adam Kinzinger (R-Ill.), Fred Upton (R-Mich.), Jaime Herrera Beutler (R-Wash.), Dan Newhouse (R-Wash.), Anthony Gonzalez (R-Ohio), Tom Rice (RS.C.), David Valadao (R-Calif.) Ve Peter Meijer (Sa\u011fda) -Mich.)&#8217;d\u0131.<\/p>\n\n\n\n<p>Baz\u0131 Cumhuriyet\u00e7iler, su\u00e7lama ile ilerlemenin milleti daha da b\u00f6lece\u011fini savundu.<\/p>\n\n\n\n<p>Temsilci Tom Cole (R-Okla.); &#8220;Birle\u015ftirici g\u00fc\u00e7 olarak ilerlemek yerine, Meclis&#8217;teki \u00e7o\u011funluk bizi daha da b\u00f6lmeyi se\u00e7iyor&#8221; dedi. &#8220;Bug\u00fcn \u00fczerinde d\u00fc\u015f\u00fcnd\u00fc\u011f\u00fcm\u00fcz eylemden daha fazla Amerikan halk\u0131n\u0131 b\u00f6lme ihtimali olan, Meclisin yapabilece\u011fi ba\u015fka hi\u00e7bir eylem d\u00fc\u015f\u00fcnemiyorum.&#8221; dedi.<\/p>\n\n\n\n<p>G\u00f6revden al\u0131nmaya kar\u015f\u0131 \u00e7\u0131kan baz\u0131 Cumhuriyet\u00e7iler, Ba\u015fkan&#8217;\u0131 a\u00e7\u0131k\u00e7a savunmad\u0131lar. Di\u011ferleri su\u00e7lamaya kar\u015f\u0131 \u00e7\u0131kt\u0131 ve Ba\u015fkan\u0131n eylemlerinin k\u0131\u015fk\u0131rtma anlam\u0131na gelmedi\u011fini savundu.<\/p>\n\n\n\n<p>Eski bir Donanma savc\u0131s\u0131 olan Temsilci Guy Reschenthaler (R-Pa.), &#8220;Ba\u015fkan Trump, mitinginde kat\u0131l\u0131mc\u0131lar\u0131 &#8216;bar\u0131\u015f\u00e7\u0131l ve vatansever bir \u015fekilde seslerinizi duyurmaya&#8217; \u00e7a\u011f\u0131rd\u0131. Eylem \u00e7a\u011fr\u0131lar\u0131 bir yana, \u015fiddetten de s\u00f6z edilmedi,&#8221; dedi. . &#8220;Ba\u015fkan Donald Trump\u2019\u0131n s\u00f6zleri, ceza kanunlar\u0131 kapsam\u0131ndaki tahrik tan\u0131m\u0131na bile uymayacakt\u0131r.&#8221;<\/p>\n\n\n\n<p>\u201cBu mu su\u00e7lama? Buna ifade \u00f6zg\u00fcrl\u00fc\u011f\u00fc denir.\u201ddedi. Temsilci Tom McClintock (R-Calif.), Ba\u015fkan&#8217;\u0131n, se\u00e7menlerin listelerine itirazlar\u0131 desteklemeyen McClintock da dahil olmak \u00fczere, gelecekteki se\u00e7imlerde Cumhuriyet\u00e7ilere kar\u015f\u0131 \u00e7\u0131kmakla tehdit etti\u011fini kaydetti. \u201cPeki ne olmu\u015f yani? Buna siyaset denir. Partizanlardan olu\u015fan bir kalabal\u0131\u011fa ate\u015fli bir konu\u015fma yapan her politikac\u0131y\u0131 su\u00e7larsak, bu Kongre Binas\u0131 terk edilmi\u015f olarak kal\u0131r.&#8221; <\/p>\n\n\n\n<p>Meclis Az\u0131nl\u0131k Lideri Temsilcisi Kevin McCarthy (R-Kaliforniya), Trump&#8217;\u0131n Kongre&#8217;ye yap\u0131lan sald\u0131r\u0131n\u0131n sorumlulu\u011funu \u00fcstlendi\u011fini, ancak aceleyle g\u00f6revden al\u0131nmaya kar\u015f\u0131 \u00e7\u0131kt\u0131\u011f\u0131n\u0131 s\u00f6yledi. <\/p>\n\n\n\n<p>McCarthy, &#8220;Neyin ortaya \u00e7\u0131kt\u0131\u011f\u0131n\u0131 g\u00f6r\u00fcnce kalabal\u0131\u011f\u0131 derhal k\u0131namal\u0131yd\u0131.&#8221; dedi.<\/p>\n\n\n\n<p><em>The Epoch Time<\/em>s&#8217;\u0131n zaman \u00e7izelgesinde, Trump 30 dakikadan fazla y\u00fcr\u00fcme mesafesindeki b\u00fcy\u00fck bir destek\u00e7i kalabal\u0131\u011f\u0131na konu\u015fma yaparken, kalabal\u0131k \u00e7oktan Kongre&#8217;yi ihlal etmi\u015fti. Kongre Binas\u0131&#8217;n\u0131n ihlal edildi\u011fine dair haber al\u0131nd\u0131ktan sonra, Ba\u015fkan kalabal\u0131\u011f\u0131 polisi desteklemeye ve eve gitmeye \u00e7a\u011f\u0131ran bir video mesaj\u0131 yay\u0131nlad\u0131. Ertesi g\u00fcn, &#8220;20 Ocak&#8217;ta d\u00fczenli bir ge\u00e7i\u015f&#8221; olaca\u011f\u0131n\u0131 s\u00f6yledi. Ba\u015fkan daha sonra a\u00e7\u0131l\u0131\u015f t\u00f6renine kat\u0131lmayaca\u011f\u0131n\u0131 s\u00f6yledi.<\/p>\n\n\n\n<p>Cole, modern tarihteki her su\u00e7lamadan \u00f6nce, tan\u0131klar\u0131n ve uzmanlar\u0131n ifadelerini i\u00e7eren bir komite soru\u015fturmas\u0131 yap\u0131ld\u0131\u011f\u0131na dikkat \u00e7ekti. K\u0131salt\u0131lm\u0131\u015f bir s\u00fcrecin Ba\u015fkana yarg\u0131 s\u00fcreci sa\u011flamad\u0131\u011f\u0131n\u0131 ve bu s\u00fcrecin Amerikan halk\u0131na g\u00fcven vermek i\u00e7in \u00e7ok az \u015fey verdi\u011fini savundu. Reschenthaler, Trump&#8217;\u0131 su\u00e7laman\u0131n \u201czaten d\u00fc\u015f\u00fck olan g\u00f6revden alma \u00e7\u0131tas\u0131n\u0131 iyice d\u00fc\u015f\u00fcrece\u011fi\u201d konusunda uyard\u0131.<\/p>\n\n\n\n<p>Cumhuriyet\u00e7iler, su\u00e7lamaya alternatif olarak ihlali ara\u015ft\u0131rmak i\u00e7in iki partili bir komisyon kurmay\u0131 \u00f6nerdiler. Komisyon lehine konu\u015fan bir \u00e7ift Cumhuriyet\u00e7i, Kongre Binas\u0131 ihlalini bir i\u00e7 ter\u00f6r sald\u0131r\u0131s\u0131 olarak nitelendirdi. Temsilci Rodney Davis (R-Ill.), Yabanc\u0131 d\u00fc\u015fmanlar\u0131n, ABD h\u00fck\u00fcmetinin bir \u015fubesini ortadan kald\u0131rman\u0131n ne kadar kolay oldu\u011funa tan\u0131k olduklar\u0131 konusunda uyard\u0131. Davis, komisyon kurulursa Ba\u015fkan&#8217;a gelecekteki bir ihlalin nas\u0131l \u00f6nlenece\u011fi konusunda tavsiyede bulunan bir rapor haz\u0131rlayaca\u011f\u0131n\u0131 s\u00f6yledi.<\/p>\n\n\n\n<p>Temsilci Nancy Mace (R-S.C.), isyan\u0131n 6 Ocak&#8217;ta Kongre Binas\u0131&#8217;n\u0131n ihlal edilmesiyle s\u0131n\u0131rl\u0131 olmad\u0131\u011f\u0131n\u0131, aylard\u0131r devam etti\u011fini, ancak her iki taraftaki politikac\u0131lar\u0131n da su\u00e7lu oldu\u011funu kaydetti. Mace, Antifa a\u015f\u0131r\u0131l\u0131k yanl\u0131s\u0131 grup ve Black Lives Matter (BLM) hareketi taraf\u0131ndan k\u0131\u015fk\u0131rt\u0131lan ve y\u00fcr\u00fct\u00fclen, \u00fclke \u00e7ap\u0131ndaki isyanlara g\u00f6nderme yap\u0131yor gibi g\u00f6r\u00fcn\u00fcyordu. \u0130syanlar, kundak\u00e7\u0131l\u0131k ve ya\u011fma, \u00fclke genelinde 2 milyar dolara varan hasara neden oldu ve iki d\u00fczine insan\u0131n \u00f6l\u00fcm\u00fcyle sonu\u00e7land\u0131. McClintock, Antifa ve BLM isyanc\u0131lar\u0131 \u00f6zenle yarg\u0131lan\u0131rsa, Kongre Binas\u0131&#8217;ndaki olaylar\u0131n hi\u00e7 ger\u00e7ekle\u015fmeyebilece\u011fini \u00f6ne s\u00fcrd\u00fc.<\/p>\n\n\n\n<p>Demokratlar, Meclis&#8217;teki \u00fc\u00e7\u00fcnc\u00fc en y\u00fcksek r\u00fctbeli Cumhuriyet\u00e7i olan, Cumhuriyet\u00e7i Konferans Ba\u015fkan\u0131 Liz Cheney&#8217;in (R-Wyo.) a\u00e7\u0131klamalar\u0131n\u0131 defalarca aktard\u0131lar. Cheney daha \u00f6nce, Trump&#8217;\u0131 g\u00f6revden almak i\u00e7in oy kullanaca\u011f\u0131n\u0131 s\u00f6ylemi\u015f ve Trump&#8217;\u0131n eylemlerinin &#8220;tarihimizdeki herhangi bir ABD ba\u015fkan\u0131na en b\u00fcy\u00fck ihanet&#8221; oldu\u011funu iddia etmi\u015fti. <\/p>\n\n\n\n<p>Mecliste Trump&#8217;\u0131 ilk kez g\u00f6revden ald\u0131klar\u0131nda, tek bir Cumhuriyet\u00e7i Demokratlara kat\u0131lmad\u0131.<\/p>\n\n\n\n<p>Yazan: Ivan Pentchoukov, Epoch Times<\/p>\n\n\n\n<p>\u00c7eviri: Yasemin Erdem, Epoch Times T\u00fcrkiye<\/p>\n\n\n\n<p><\/p>\n\n\n\n<p><\/p>\n\n\n\n<p><\/p>\n\n\n\n<p><\/p>\n\n\n\n<p><\/p>\n","protected":false},"excerpt":{"rendered":"<p>Temsilciler Meclisi&#8217;ndeki Demokratlar, on Cumhuriyet\u00e7inin de kat\u0131ld\u0131\u011f\u0131 \u00c7ar\u015famba g\u00fcn\u00fc ger\u00e7ekle\u015fen 232-197 oylamada, Ba\u015fkan Donald Trump&#8217;\u0131 ikinci kez g\u00f6revden almak i\u00e7in oy kulland\u0131. Su\u00e7lama maddesi, Ba\u015fkan&#8217;\u0131n 6 Ocak&#8217;ta, ABD Kongre Binas\u0131&#8217;n\u0131n ihlaliyle sonu\u00e7lanan bir ayaklanmay\u0131 k\u0131\u015fk\u0131rtt\u0131\u011f\u0131n\u0131 iddia ediyor. Yedi saatlik tek bir oturumda ger\u00e7ekle\u015ftirilen su\u00e7lama, ABD tarihindeki en h\u0131zl\u0131 ger\u00e7ekle\u015fen oturumdu. Ayn\u0131 zamanda, \u00fclke tarihinde bir [&hellip;]<\/p>\n","protected":false},"author":24,"featured_media":132696,"comment_status":"closed","ping_status":"open","sticky":false,"template":"","format":"standard","meta":{"_yoast_wpseo_focuskw":"","_yoast_wpseo_title":"","_yoast_wpseo_metadesc":"","_bbp_topic_count":0,"_bbp_reply_count":0,"_bbp_total_topic_count":0,"_bbp_total_reply_count":0,"_bbp_voice_count":0,"_bbp_anonymous_reply_count":0,"_bbp_topic_count_hidden":0,"_bbp_reply_count_hidden":0,"_bbp_forum_subforum_count":0,"footnotes":"","_yoast_wpseo_focuskw_text_input":""},"categories":[5,519,1],"tags":[],"yoast_head":"<!-- This site is optimized with the Yoast SEO plugin v23.0 - https:\/\/yoast.com\/wordpress\/plugins\/seo\/ -->\n<title>Demokratlar ve 10 Cumhuriyet\u00e7i, Trump&#039;a Kar\u015f\u0131 2. Kez Su\u00e7lama Oyu Verdi - The Epoch Times TR<\/title>\n<meta name=\"robots\" content=\"index, follow, max-snippet:-1, max-image-preview:large, max-video-preview:-1\" \/>\n<link rel=\"canonical\" href=\"https:\/\/epochtimestr.com\/index.php\/demokratlar-ve-10-cumhuriyetci-trumpa-karsi-2-kez-suclama-oyu-verdi\" \/>\n<meta property=\"og:locale\" content=\"tr_TR\" \/>\n<meta property=\"og:type\" content=\"article\" \/>\n<meta property=\"og:title\" content=\"Demokratlar ve 10 Cumhuriyet\u00e7i, Trump&#039;a Kar\u015f\u0131 2. Kez Su\u00e7lama Oyu Verdi - The Epoch Times TR\" \/>\n<meta property=\"og:description\" content=\"Temsilciler Meclisi&#8217;ndeki Demokratlar, on Cumhuriyet\u00e7inin de kat\u0131ld\u0131\u011f\u0131 \u00c7ar\u015famba g\u00fcn\u00fc ger\u00e7ekle\u015fen 232-197 oylamada, Ba\u015fkan Donald Trump&#8217;\u0131 ikinci kez g\u00f6revden almak i\u00e7in oy kulland\u0131. Su\u00e7lama maddesi, Ba\u015fkan&#8217;\u0131n 6 Ocak&#8217;ta, ABD Kongre Binas\u0131&#8217;n\u0131n ihlaliyle sonu\u00e7lanan bir ayaklanmay\u0131 k\u0131\u015fk\u0131rtt\u0131\u011f\u0131n\u0131 iddia ediyor. Yedi saatlik tek bir oturumda ger\u00e7ekle\u015ftirilen su\u00e7lama, ABD tarihindeki en h\u0131zl\u0131 ger\u00e7ekle\u015fen oturumdu. Ayn\u0131 zamanda, \u00fclke tarihinde bir [&hellip;]\" \/>\n<meta property=\"og:url\" content=\"https:\/\/epochtimestr.com\/index.php\/demokratlar-ve-10-cumhuriyetci-trumpa-karsi-2-kez-suclama-oyu-verdi\" \/>\n<meta property=\"og:site_name\" content=\"The Epoch Times TR\" \/>\n<meta property=\"article:publisher\" content=\"https:\/\/www.facebook.com\/theepochtimestr\" \/>\n<meta property=\"article:published_time\" content=\"2021-01-13T22:41:26+00:00\" \/>\n<meta property=\"article:modified_time\" content=\"2021-01-14T00:08:31+00:00\" \/>\n<meta property=\"og:image\" content=\"https:\/\/epochtimestr.com\/wp-content\/uploads\/2011y\/GettyImages-1230564048-ETNY-1.jpg\" \/>\n\t<meta property=\"og:image:width\" content=\"700\" \/>\n\t<meta property=\"og:image:height\" content=\"420\" \/>\n\t<meta property=\"og:image:type\" content=\"image\/jpeg\" \/>\n<meta name=\"author\" content=\"Yasemin Erdem\" \/>\n<meta name=\"twitter:card\" content=\"summary_large_image\" \/>\n<meta name=\"twitter:creator\" content=\"@TheEpochTimesTR\" \/>\n<meta name=\"twitter:site\" content=\"@TheEpochTimesTR\" \/>\n<meta name=\"twitter:label1\" content=\"Yazan:\" \/>\n\t<meta name=\"twitter:data1\" content=\"Yasemin Erdem\" \/>\n\t<meta name=\"twitter:label2\" content=\"Tahmini okuma s\u00fcresi\" \/>\n\t<meta name=\"twitter:data2\" content=\"5 dakika\" \/>\n<script type=\"application\/ld+json\" class=\"yoast-schema-graph\">{\"@context\":\"https:\/\/schema.org\",\"@graph\":[{\"@type\":\"Article\",\"@id\":\"https:\/\/epochtimestr.com\/index.php\/demokratlar-ve-10-cumhuriyetci-trumpa-karsi-2-kez-suclama-oyu-verdi#article\",\"isPartOf\":{\"@id\":\"https:\/\/epochtimestr.com\/index.php\/demokratlar-ve-10-cumhuriyetci-trumpa-karsi-2-kez-suclama-oyu-verdi\"},\"author\":{\"name\":\"Yasemin Erdem\",\"@id\":\"https:\/\/epochtimestr.com\/#\/schema\/person\/a4191798a6b3dfc5ab6197b62adba3e0\"},\"headline\":\"Demokratlar ve 10 Cumhuriyet\u00e7i, Trump&#8217;a Kar\u015f\u0131 2. Kez Su\u00e7lama Oyu Verdi\",\"datePublished\":\"2021-01-13T22:41:26+00:00\",\"dateModified\":\"2021-01-14T00:08:31+00:00\",\"mainEntityOfPage\":{\"@id\":\"https:\/\/epochtimestr.com\/index.php\/demokratlar-ve-10-cumhuriyetci-trumpa-karsi-2-kez-suclama-oyu-verdi\"},\"wordCount\":1008,\"publisher\":{\"@id\":\"https:\/\/epochtimestr.com\/#organization\"},\"image\":{\"@id\":\"https:\/\/epochtimestr.com\/index.php\/demokratlar-ve-10-cumhuriyetci-trumpa-karsi-2-kez-suclama-oyu-verdi#primaryimage\"},\"thumbnailUrl\":\"https:\/\/epochtimestr.com\/wp-content\/uploads\/2011y\/GettyImages-1230564048-ETNY-1.jpg\",\"articleSection\":[\"D\u00dcNYA\",\"ED\u0130T\u00d6R\u00dcN SE\u00c7\u0130M\u0130\",\"G\u00dcNDEM\"],\"inLanguage\":\"tr\"},{\"@type\":\"WebPage\",\"@id\":\"https:\/\/epochtimestr.com\/index.php\/demokratlar-ve-10-cumhuriyetci-trumpa-karsi-2-kez-suclama-oyu-verdi\",\"url\":\"https:\/\/epochtimestr.com\/index.php\/demokratlar-ve-10-cumhuriyetci-trumpa-karsi-2-kez-suclama-oyu-verdi\",\"name\":\"Demokratlar ve 10 Cumhuriyet\u00e7i, Trump'a Kar\u015f\u0131 2. Kez Su\u00e7lama Oyu Verdi - The Epoch Times TR\",\"isPartOf\":{\"@id\":\"https:\/\/epochtimestr.com\/#website\"},\"primaryImageOfPage\":{\"@id\":\"https:\/\/epochtimestr.com\/index.php\/demokratlar-ve-10-cumhuriyetci-trumpa-karsi-2-kez-suclama-oyu-verdi#primaryimage\"},\"image\":{\"@id\":\"https:\/\/epochtimestr.com\/index.php\/demokratlar-ve-10-cumhuriyetci-trumpa-karsi-2-kez-suclama-oyu-verdi#primaryimage\"},\"thumbnailUrl\":\"https:\/\/epochtimestr.com\/wp-content\/uploads\/2011y\/GettyImages-1230564048-ETNY-1.jpg\",\"datePublished\":\"2021-01-13T22:41:26+00:00\",\"dateModified\":\"2021-01-14T00:08:31+00:00\",\"inLanguage\":\"tr\",\"potentialAction\":[{\"@type\":\"ReadAction\",\"target\":[\"https:\/\/epochtimestr.com\/index.php\/demokratlar-ve-10-cumhuriyetci-trumpa-karsi-2-kez-suclama-oyu-verdi\"]}]},{\"@type\":\"ImageObject\",\"inLanguage\":\"tr\",\"@id\":\"https:\/\/epochtimestr.com\/index.php\/demokratlar-ve-10-cumhuriyetci-trumpa-karsi-2-kez-suclama-oyu-verdi#primaryimage\",\"url\":\"https:\/\/epochtimestr.com\/wp-content\/uploads\/2011y\/GettyImages-1230564048-ETNY-1.jpg\",\"contentUrl\":\"https:\/\/epochtimestr.com\/wp-content\/uploads\/2011y\/GettyImages-1230564048-ETNY-1.jpg\",\"width\":700,\"height\":420,\"caption\":\"WASHINGTON, DC - JANUARY 13: The U.S. Capitol stands on January 13, 2021 in Washington, DC. The House of Representatives is expected to vote to impeach President Donald Trump later today, after Vice President Mike Pence declined to use the 25th amendment to remove him from office after protestors breached the U.S. Capitol last week. (Photo by Stefani Reynolds\/Getty Images)\"},{\"@type\":\"WebSite\",\"@id\":\"https:\/\/epochtimestr.com\/#website\",\"url\":\"https:\/\/epochtimestr.com\/\",\"name\":\"The Epoch Times TR\",\"description\":\"De\u011fi\u015fen D\u00fcnyam\u0131za Taze Bir Bak\u0131\u015f\",\"publisher\":{\"@id\":\"https:\/\/epochtimestr.com\/#organization\"},\"potentialAction\":[{\"@type\":\"SearchAction\",\"target\":{\"@type\":\"EntryPoint\",\"urlTemplate\":\"https:\/\/epochtimestr.com\/?s={search_term_string}\"},\"query-input\":\"required name=search_term_string\"}],\"inLanguage\":\"tr\"},{\"@type\":\"Organization\",\"@id\":\"https:\/\/epochtimestr.com\/#organization\",\"name\":\"The EpochTimes T\u00fcrkiye\",\"url\":\"https:\/\/epochtimestr.com\/\",\"logo\":{\"@type\":\"ImageObject\",\"inLanguage\":\"tr\",\"@id\":\"https:\/\/epochtimestr.com\/#\/schema\/logo\/image\/\",\"url\":\"https:\/\/epochtimestr.com\/wp-content\/uploads\/2011y\/ET-Logo-YG.jpg\",\"contentUrl\":\"https:\/\/epochtimestr.com\/wp-content\/uploads\/2011y\/ET-Logo-YG.jpg\",\"width\":346,\"height\":29,\"caption\":\"The EpochTimes T\u00fcrkiye\"},\"image\":{\"@id\":\"https:\/\/epochtimestr.com\/#\/schema\/logo\/image\/\"},\"sameAs\":[\"https:\/\/www.facebook.com\/theepochtimestr\",\"https:\/\/x.com\/TheEpochTimesTR\",\"https:\/\/www.instagram.com\/epochtimestr\"]},{\"@type\":\"Person\",\"@id\":\"https:\/\/epochtimestr.com\/#\/schema\/person\/a4191798a6b3dfc5ab6197b62adba3e0\",\"name\":\"Yasemin Erdem\",\"image\":{\"@type\":\"ImageObject\",\"inLanguage\":\"tr\",\"@id\":\"https:\/\/epochtimestr.com\/#\/schema\/person\/image\/\",\"url\":\"https:\/\/secure.gravatar.com\/avatar\/c0c9345bed3ae6748a3d8f60389f790a?s=96&d=mm&r=g\",\"contentUrl\":\"https:\/\/secure.gravatar.com\/avatar\/c0c9345bed3ae6748a3d8f60389f790a?s=96&d=mm&r=g\",\"caption\":\"Yasemin Erdem\"},\"url\":\"https:\/\/epochtimestr.com\/index.php\/author\/yasemin\"}]}<\/script>\n<!-- \/ Yoast SEO plugin. -->","yoast_head_json":{"title":"Demokratlar ve 10 Cumhuriyet\u00e7i, Trump'a Kar\u015f\u0131 2. Kez Su\u00e7lama Oyu Verdi - The Epoch Times TR","robots":{"index":"index","follow":"follow","max-snippet":"max-snippet:-1","max-image-preview":"max-image-preview:large","max-video-preview":"max-video-preview:-1"},"canonical":"https:\/\/epochtimestr.com\/index.php\/demokratlar-ve-10-cumhuriyetci-trumpa-karsi-2-kez-suclama-oyu-verdi","og_locale":"tr_TR","og_type":"article","og_title":"Demokratlar ve 10 Cumhuriyet\u00e7i, Trump'a Kar\u015f\u0131 2. Kez Su\u00e7lama Oyu Verdi - The Epoch Times TR","og_description":"Temsilciler Meclisi&#8217;ndeki Demokratlar, on Cumhuriyet\u00e7inin de kat\u0131ld\u0131\u011f\u0131 \u00c7ar\u015famba g\u00fcn\u00fc ger\u00e7ekle\u015fen 232-197 oylamada, Ba\u015fkan Donald Trump&#8217;\u0131 ikinci kez g\u00f6revden almak i\u00e7in oy kulland\u0131. Su\u00e7lama maddesi, Ba\u015fkan&#8217;\u0131n 6 Ocak&#8217;ta, ABD Kongre Binas\u0131&#8217;n\u0131n ihlaliyle sonu\u00e7lanan bir ayaklanmay\u0131 k\u0131\u015fk\u0131rtt\u0131\u011f\u0131n\u0131 iddia ediyor. Yedi saatlik tek bir oturumda ger\u00e7ekle\u015ftirilen su\u00e7lama, ABD tarihindeki en h\u0131zl\u0131 ger\u00e7ekle\u015fen oturumdu. Ayn\u0131 zamanda, \u00fclke tarihinde bir [&hellip;]","og_url":"https:\/\/epochtimestr.com\/index.php\/demokratlar-ve-10-cumhuriyetci-trumpa-karsi-2-kez-suclama-oyu-verdi","og_site_name":"The Epoch Times TR","article_publisher":"https:\/\/www.facebook.com\/theepochtimestr","article_published_time":"2021-01-13T22:41:26+00:00","article_modified_time":"2021-01-14T00:08:31+00:00","og_image":[{"width":700,"height":420,"url":"https:\/\/epochtimestr.com\/wp-content\/uploads\/2011y\/GettyImages-1230564048-ETNY-1.jpg","type":"image\/jpeg"}],"author":"Yasemin Erdem","twitter_card":"summary_large_image","twitter_creator":"@TheEpochTimesTR","twitter_site":"@TheEpochTimesTR","twitter_misc":{"Yazan:":"Yasemin Erdem","Tahmini okuma s\u00fcresi":"5 dakika"},"schema":{"@context":"https:\/\/schema.org","@graph":[{"@type":"Article","@id":"https:\/\/epochtimestr.com\/index.php\/demokratlar-ve-10-cumhuriyetci-trumpa-karsi-2-kez-suclama-oyu-verdi#article","isPartOf":{"@id":"https:\/\/epochtimestr.com\/index.php\/demokratlar-ve-10-cumhuriyetci-trumpa-karsi-2-kez-suclama-oyu-verdi"},"author":{"name":"Yasemin Erdem","@id":"https:\/\/epochtimestr.com\/#\/schema\/person\/a4191798a6b3dfc5ab6197b62adba3e0"},"headline":"Demokratlar ve 10 Cumhuriyet\u00e7i, Trump&#8217;a Kar\u015f\u0131 2. Kez Su\u00e7lama Oyu Verdi","datePublished":"2021-01-13T22:41:26+00:00","dateModified":"2021-01-14T00:08:31+00:00","mainEntityOfPage":{"@id":"https:\/\/epochtimestr.com\/index.php\/demokratlar-ve-10-cumhuriyetci-trumpa-karsi-2-kez-suclama-oyu-verdi"},"wordCount":1008,"publisher":{"@id":"https:\/\/epochtimestr.com\/#organization"},"image":{"@id":"https:\/\/epochtimestr.com\/index.php\/demokratlar-ve-10-cumhuriyetci-trumpa-karsi-2-kez-suclama-oyu-verdi#primaryimage"},"thumbnailUrl":"https:\/\/epochtimestr.com\/wp-content\/uploads\/2011y\/GettyImages-1230564048-ETNY-1.jpg","articleSection":["D\u00dcNYA","ED\u0130T\u00d6R\u00dcN SE\u00c7\u0130M\u0130","G\u00dcNDEM"],"inLanguage":"tr"},{"@type":"WebPage","@id":"https:\/\/epochtimestr.com\/index.php\/demokratlar-ve-10-cumhuriyetci-trumpa-karsi-2-kez-suclama-oyu-verdi","url":"https:\/\/epochtimestr.com\/index.php\/demokratlar-ve-10-cumhuriyetci-trumpa-karsi-2-kez-suclama-oyu-verdi","name":"Demokratlar ve 10 Cumhuriyet\u00e7i, Trump'a Kar\u015f\u0131 2. Kez Su\u00e7lama Oyu Verdi - The Epoch Times TR","isPartOf":{"@id":"https:\/\/epochtimestr.com\/#website"},"primaryImageOfPage":{"@id":"https:\/\/epochtimestr.com\/index.php\/demokratlar-ve-10-cumhuriyetci-trumpa-karsi-2-kez-suclama-oyu-verdi#primaryimage"},"image":{"@id":"https:\/\/epochtimestr.com\/index.php\/demokratlar-ve-10-cumhuriyetci-trumpa-karsi-2-kez-suclama-oyu-verdi#primaryimage"},"thumbnailUrl":"https:\/\/epochtimestr.com\/wp-content\/uploads\/2011y\/GettyImages-1230564048-ETNY-1.jpg","datePublished":"2021-01-13T22:41:26+00:00","dateModified":"2021-01-14T00:08:31+00:00","inLanguage":"tr","potentialAction":[{"@type":"ReadAction","target":["https:\/\/epochtimestr.com\/index.php\/demokratlar-ve-10-cumhuriyetci-trumpa-karsi-2-kez-suclama-oyu-verdi"]}]},{"@type":"ImageObject","inLanguage":"tr","@id":"https:\/\/epochtimestr.com\/index.php\/demokratlar-ve-10-cumhuriyetci-trumpa-karsi-2-kez-suclama-oyu-verdi#primaryimage","url":"https:\/\/epochtimestr.com\/wp-content\/uploads\/2011y\/GettyImages-1230564048-ETNY-1.jpg","contentUrl":"https:\/\/epochtimestr.com\/wp-content\/uploads\/2011y\/GettyImages-1230564048-ETNY-1.jpg","width":700,"height":420,"caption":"WASHINGTON, DC - JANUARY 13: The U.S. Capitol stands on January 13, 2021 in Washington, DC. The House of Representatives is expected to vote to impeach President Donald Trump later today, after Vice President Mike Pence declined to use the 25th amendment to remove him from office after protestors breached the U.S. Capitol last week. (Photo by Stefani Reynolds\/Getty Images)"},{"@type":"WebSite","@id":"https:\/\/epochtimestr.com\/#website","url":"https:\/\/epochtimestr.com\/","name":"The Epoch Times TR","description":"De\u011fi\u015fen D\u00fcnyam\u0131za Taze Bir Bak\u0131\u015f","publisher":{"@id":"https:\/\/epochtimestr.com\/#organization"},"potentialAction":[{"@type":"SearchAction","target":{"@type":"EntryPoint","urlTemplate":"https:\/\/epochtimestr.com\/?s={search_term_string}"},"query-input":"required name=search_term_string"}],"inLanguage":"tr"},{"@type":"Organization","@id":"https:\/\/epochtimestr.com\/#organization","name":"The EpochTimes T\u00fcrkiye","url":"https:\/\/epochtimestr.com\/","logo":{"@type":"ImageObject","inLanguage":"tr","@id":"https:\/\/epochtimestr.com\/#\/schema\/logo\/image\/","url":"https:\/\/epochtimestr.com\/wp-content\/uploads\/2011y\/ET-Logo-YG.jpg","contentUrl":"https:\/\/epochtimestr.com\/wp-content\/uploads\/2011y\/ET-Logo-YG.jpg","width":346,"height":29,"caption":"The EpochTimes T\u00fcrkiye"},"image":{"@id":"https:\/\/epochtimestr.com\/#\/schema\/logo\/image\/"},"sameAs":["https:\/\/www.facebook.com\/theepochtimestr","https:\/\/x.com\/TheEpochTimesTR","https:\/\/www.instagram.com\/epochtimestr"]},{"@type":"Person","@id":"https:\/\/epochtimestr.com\/#\/schema\/person\/a4191798a6b3dfc5ab6197b62adba3e0","name":"Yasemin Erdem","image":{"@type":"ImageObject","inLanguage":"tr","@id":"https:\/\/epochtimestr.com\/#\/schema\/person\/image\/","url":"https:\/\/secure.gravatar.com\/avatar\/c0c9345bed3ae6748a3d8f60389f790a?s=96&d=mm&r=g","contentUrl":"https:\/\/secure.gravatar.com\/avatar\/c0c9345bed3ae6748a3d8f60389f790a?s=96&d=mm&r=g","caption":"Yasemin Erdem"},"url":"https:\/\/epochtimestr.com\/index.php\/author\/yasemin"}]}},"_links":{"self":[{"href":"https:\/\/epochtimestr.com\/index.php\/wp-json\/wp\/v2\/posts\/132694"}],"collection":[{"href":"https:\/\/epochtimestr.com\/index.php\/wp-json\/wp\/v2\/posts"}],"about":[{"href":"https:\/\/epochtimestr.com\/index.php\/wp-json\/wp\/v2\/types\/post"}],"author":[{"embeddable":true,"href":"https:\/\/epochtimestr.com\/index.php\/wp-json\/wp\/v2\/users\/24"}],"replies":[{"embeddable":true,"href":"https:\/\/epochtimestr.com\/index.php\/wp-json\/wp\/v2\/comments?post=132694"}],"version-history":[{"count":22,"href":"https:\/\/epochtimestr.com\/index.php\/wp-json\/wp\/v2\/posts\/132694\/revisions"}],"predecessor-version":[{"id":132718,"href":"https:\/\/epochtimestr.com\/index.php\/wp-json\/wp\/v2\/posts\/132694\/revisions\/132718"}],"wp:featuredmedia":[{"embeddable":true,"href":"https:\/\/epochtimestr.com\/index.php\/wp-json\/wp\/v2\/media\/132696"}],"wp:attachment":[{"href":"https:\/\/epochtimestr.com\/index.php\/wp-json\/wp\/v2\/media?parent=132694"}],"wp:term":[{"taxonomy":"category","embeddable":true,"href":"https:\/\/epochtimestr.com\/index.php\/wp-json\/wp\/v2\/categories?post=132694"},{"taxonomy":"post_tag","embeddable":true,"href":"https:\/\/epochtimestr.com\/index.php\/wp-json\/wp\/v2\/tags?post=132694"}],"curies":[{"name":"wp","href":"https:\/\/api.w.org\/{rel}","templated":true}]}}