{"id":132721,"date":"2021-01-14T08:49:33","date_gmt":"2021-01-14T05:49:33","guid":{"rendered":"http:\/\/epochtimestr.com\/?p=132721"},"modified":"2021-01-14T08:49:35","modified_gmt":"2021-01-14T05:49:35","slug":"trump-siddetin-ulkemizde-yeri-yoktur","status":"publish","type":"post","link":"https:\/\/epochtimestr.com\/index.php\/trump-siddetin-ulkemizde-yeri-yoktur","title":{"rendered":"Trump, &#8220;\u015eiddetin \u00dclkemizde Yeri Yoktur&#8221;"},"content":{"rendered":"\n<figure class=\"wp-block-image size-large\"><img loading=\"lazy\" decoding=\"async\" width=\"600\" height=\"335\" src=\"https:\/\/epochtimestr.com\/wp-content\/uploads\/2011y\/trump-ekran-g\u00f6r\u00fcnt\u00fcs\u00fc-ntd-1-600x335.png\" alt=\"\" class=\"wp-image-131518\" srcset=\"https:\/\/epochtimestr.com\/wp-content\/uploads\/2011y\/trump-ekran-g\u00f6r\u00fcnt\u00fcs\u00fc-ntd-1-600x335.png 600w, https:\/\/epochtimestr.com\/wp-content\/uploads\/2011y\/trump-ekran-g\u00f6r\u00fcnt\u00fcs\u00fc-ntd-1-300x168.png 300w, https:\/\/epochtimestr.com\/wp-content\/uploads\/2011y\/trump-ekran-g\u00f6r\u00fcnt\u00fcs\u00fc-ntd-1-150x84.png 150w, https:\/\/epochtimestr.com\/wp-content\/uploads\/2011y\/trump-ekran-g\u00f6r\u00fcnt\u00fcs\u00fc-ntd-1.png 660w\" sizes=\"(max-width: 600px) 100vw, 600px\" \/><\/figure>\n\n\n\n<h2 class=\"wp-block-heading\">ABD\u2019de 3 Kas\u0131m\u2019daki se\u00e7imleri Demokrat rakibi Joe Biden\u2019a kaybeden ancak uzun s\u00fcre boyunca hile vurgusu yapan Donald Trump, Kongre bask\u0131n\u0131 sonras\u0131 Beyaz Saray&#8217;\u0131n Twitter hesab\u0131ndan duyuruda bulundu. <\/h2>\n\n\n\n<p>Twitter ve Facebook&#8217;ta kongre bask\u0131ni esnas\u0131nda &#8216;Evinize d\u00f6n\u00fcn&#8217; \u00e7a\u011fr\u0131s\u0131nda bulunan ve hesaplar\u0131 ask\u0131ya al\u0131nan Trump, Beyaz Saray&#8217;\u0131n resmi Twitter hesab\u0131ndan video mesaj ile seslendi.<\/p>\n\n\n\n<p>Kongre\u2019de ya\u015fananlar\u0131 tasvip etmedi\u011fini ve olaylara kar\u0131\u015fanlar\u0131n yarg\u0131lanaca\u011f\u0131n\u0131 s\u00f6yleyen Trump, \u201cGe\u00e7en hafta tan\u0131k oldu\u011fumuz \u015fiddeti k\u0131n\u0131yorum. \u015eiddet ve vandalizmin \u00fclkemizde yeri yoktur\u201d dedi.<\/p>\n\n\n\n<p>\u015eiddete ba\u015fvuranlar\u0131n kendi destek\u00e7isi olamayaca\u011f\u0131n\u0131 savunan Trump, \u201c\u00c7ete \u015fiddeti benim inand\u0131\u011f\u0131m ve hareketimizin destekledi\u011fi her \u015feye ayk\u0131r\u0131d\u0131r. Benim ger\u00e7ek destek\u00e7ilerim hi\u00e7bir zaman \u015fiddeti desteklemez, g\u00fcvenlik birimlerine ya da b\u00fcy\u00fck Amerikan bayra\u011f\u0131na sayg\u0131s\u0131zl\u0131k etmez, di\u011fer Amerikal\u0131lar&#8217;a zarar vermez ya da onlar\u0131 tehdit etmez. E\u011fer bunlar\u0131 yap\u0131yorsan\u0131z bizim hareketimizi desteklemiyorsunuz, ona ve \u00fclkemize sald\u0131r\u0131yorsunuz demektir. Buna ho\u015fg\u00f6r\u00fc g\u00f6steremeyiz\u201d diye konu\u015ftu.<\/p>\n\n\n\n<p>20 Ocak\u2019taki devir teslim t\u00f6reni \u00f6ncesi sukunet \u00e7a\u011fr\u0131s\u0131 yapan Trump, \u201cOlas\u0131 tehditler konusunda gizli servis taraf\u0131ndan bilgilendirildim. Herkes yasalara ve g\u00fcvenlik birimlerinin talimatlar\u0131na uymal\u0131. Federal dairelerden d\u00fczeni sa\u011flamak i\u00e7in gerekli t\u00fcm kaynaklar\u0131n\u0131 kullanmalar\u0131n\u0131 istedim\u201d dedi.<\/p>\n\n\n\n<p><\/p>\n\n\n\n<p><\/p>\n","protected":false},"excerpt":{"rendered":"<p>ABD\u2019de 3 Kas\u0131m\u2019daki se\u00e7imleri Demokrat rakibi Joe Biden\u2019a kaybeden ancak uzun s\u00fcre boyunca hile vurgusu yapan Donald Trump, Kongre bask\u0131n\u0131 sonras\u0131 Beyaz Saray&#8217;\u0131n Twitter hesab\u0131ndan duyuruda bulundu. Twitter ve Facebook&#8217;ta kongre bask\u0131ni esnas\u0131nda &#8216;Evinize d\u00f6n\u00fcn&#8217; \u00e7a\u011fr\u0131s\u0131nda bulunan ve hesaplar\u0131 ask\u0131ya al\u0131nan Trump, Beyaz Saray&#8217;\u0131n resmi Twitter hesab\u0131ndan video mesaj ile seslendi. Kongre\u2019de ya\u015fananlar\u0131 tasvip etmedi\u011fini [&hellip;]<\/p>\n","protected":false},"author":12791,"featured_media":131518,"comment_status":"closed","ping_status":"open","sticky":false,"template":"","format":"standard","meta":{"_yoast_wpseo_focuskw":"","_yoast_wpseo_title":"","_yoast_wpseo_metadesc":"","_bbp_topic_count":0,"_bbp_reply_count":0,"_bbp_total_topic_count":0,"_bbp_total_reply_count":0,"_bbp_voice_count":0,"_bbp_anonymous_reply_count":0,"_bbp_topic_count_hidden":0,"_bbp_reply_count_hidden":0,"_bbp_forum_subforum_count":0,"footnotes":"","_yoast_wpseo_focuskw_text_input":""},"categories":[5,1],"tags":[],"yoast_head":"<!-- This site is optimized with the Yoast SEO plugin v23.0 - https:\/\/yoast.com\/wordpress\/plugins\/seo\/ -->\n<title>Trump, &quot;\u015eiddetin \u00dclkemizde Yeri Yoktur&quot; - The Epoch Times TR<\/title>\n<meta name=\"robots\" content=\"index, follow, max-snippet:-1, max-image-preview:large, max-video-preview:-1\" \/>\n<link rel=\"canonical\" href=\"https:\/\/epochtimestr.com\/index.php\/trump-siddetin-ulkemizde-yeri-yoktur\" \/>\n<meta property=\"og:locale\" content=\"tr_TR\" \/>\n<meta property=\"og:type\" content=\"article\" \/>\n<meta property=\"og:title\" content=\"Trump, &quot;\u015eiddetin \u00dclkemizde Yeri Yoktur&quot; - The Epoch Times TR\" \/>\n<meta property=\"og:description\" content=\"ABD\u2019de 3 Kas\u0131m\u2019daki se\u00e7imleri Demokrat rakibi Joe Biden\u2019a kaybeden ancak uzun s\u00fcre boyunca hile vurgusu yapan Donald Trump, Kongre bask\u0131n\u0131 sonras\u0131 Beyaz Saray&#8217;\u0131n Twitter hesab\u0131ndan duyuruda bulundu. Twitter ve Facebook&#8217;ta kongre bask\u0131ni esnas\u0131nda &#8216;Evinize d\u00f6n\u00fcn&#8217; \u00e7a\u011fr\u0131s\u0131nda bulunan ve hesaplar\u0131 ask\u0131ya al\u0131nan Trump, Beyaz Saray&#8217;\u0131n resmi Twitter hesab\u0131ndan video mesaj ile seslendi. Kongre\u2019de ya\u015fananlar\u0131 tasvip etmedi\u011fini [&hellip;]\" \/>\n<meta property=\"og:url\" content=\"https:\/\/epochtimestr.com\/index.php\/trump-siddetin-ulkemizde-yeri-yoktur\" \/>\n<meta property=\"og:site_name\" content=\"The Epoch Times TR\" \/>\n<meta property=\"article:publisher\" content=\"https:\/\/www.facebook.com\/theepochtimestr\" \/>\n<meta property=\"article:published_time\" content=\"2021-01-14T05:49:33+00:00\" \/>\n<meta property=\"article:modified_time\" content=\"2021-01-14T05:49:35+00:00\" \/>\n<meta property=\"og:image\" content=\"https:\/\/epochtimestr.com\/wp-content\/uploads\/2011y\/trump-ekran-g\u00f6r\u00fcnt\u00fcs\u00fc-ntd-1.png\" \/>\n\t<meta property=\"og:image:width\" content=\"660\" \/>\n\t<meta property=\"og:image:height\" content=\"369\" \/>\n\t<meta property=\"og:image:type\" content=\"image\/png\" \/>\n<meta name=\"author\" content=\"Haber Merkezi\" \/>\n<meta name=\"twitter:card\" content=\"summary_large_image\" \/>\n<meta name=\"twitter:creator\" content=\"@TheEpochTimesTR\" \/>\n<meta name=\"twitter:site\" content=\"@TheEpochTimesTR\" \/>\n<meta name=\"twitter:label1\" content=\"Yazan:\" \/>\n\t<meta name=\"twitter:data1\" content=\"Haber Merkezi\" \/>\n\t<meta name=\"twitter:label2\" content=\"Tahmini okuma s\u00fcresi\" \/>\n\t<meta name=\"twitter:data2\" content=\"1 dakika\" \/>\n<script type=\"application\/ld+json\" class=\"yoast-schema-graph\">{\"@context\":\"https:\/\/schema.org\",\"@graph\":[{\"@type\":\"Article\",\"@id\":\"https:\/\/epochtimestr.com\/index.php\/trump-siddetin-ulkemizde-yeri-yoktur#article\",\"isPartOf\":{\"@id\":\"https:\/\/epochtimestr.com\/index.php\/trump-siddetin-ulkemizde-yeri-yoktur\"},\"author\":{\"name\":\"Haber Merkezi\",\"@id\":\"https:\/\/epochtimestr.com\/#\/schema\/person\/3dc5c3adeb9f43923c5aa85889172fdd\"},\"headline\":\"Trump, &#8220;\u015eiddetin \u00dclkemizde Yeri Yoktur&#8221;\",\"datePublished\":\"2021-01-14T05:49:33+00:00\",\"dateModified\":\"2021-01-14T05:49:35+00:00\",\"mainEntityOfPage\":{\"@id\":\"https:\/\/epochtimestr.com\/index.php\/trump-siddetin-ulkemizde-yeri-yoktur\"},\"wordCount\":246,\"publisher\":{\"@id\":\"https:\/\/epochtimestr.com\/#organization\"},\"image\":{\"@id\":\"https:\/\/epochtimestr.com\/index.php\/trump-siddetin-ulkemizde-yeri-yoktur#primaryimage\"},\"thumbnailUrl\":\"https:\/\/epochtimestr.com\/wp-content\/uploads\/2011y\/trump-ekran-g\u00f6r\u00fcnt\u00fcs\u00fc-ntd-1.png\",\"articleSection\":[\"D\u00dcNYA\",\"G\u00dcNDEM\"],\"inLanguage\":\"tr\"},{\"@type\":\"WebPage\",\"@id\":\"https:\/\/epochtimestr.com\/index.php\/trump-siddetin-ulkemizde-yeri-yoktur\",\"url\":\"https:\/\/epochtimestr.com\/index.php\/trump-siddetin-ulkemizde-yeri-yoktur\",\"name\":\"Trump, \\\"\u015eiddetin \u00dclkemizde Yeri Yoktur\\\" - The Epoch Times TR\",\"isPartOf\":{\"@id\":\"https:\/\/epochtimestr.com\/#website\"},\"primaryImageOfPage\":{\"@id\":\"https:\/\/epochtimestr.com\/index.php\/trump-siddetin-ulkemizde-yeri-yoktur#primaryimage\"},\"image\":{\"@id\":\"https:\/\/epochtimestr.com\/index.php\/trump-siddetin-ulkemizde-yeri-yoktur#primaryimage\"},\"thumbnailUrl\":\"https:\/\/epochtimestr.com\/wp-content\/uploads\/2011y\/trump-ekran-g\u00f6r\u00fcnt\u00fcs\u00fc-ntd-1.png\",\"datePublished\":\"2021-01-14T05:49:33+00:00\",\"dateModified\":\"2021-01-14T05:49:35+00:00\",\"inLanguage\":\"tr\",\"potentialAction\":[{\"@type\":\"ReadAction\",\"target\":[\"https:\/\/epochtimestr.com\/index.php\/trump-siddetin-ulkemizde-yeri-yoktur\"]}]},{\"@type\":\"ImageObject\",\"inLanguage\":\"tr\",\"@id\":\"https:\/\/epochtimestr.com\/index.php\/trump-siddetin-ulkemizde-yeri-yoktur#primaryimage\",\"url\":\"https:\/\/epochtimestr.com\/wp-content\/uploads\/2011y\/trump-ekran-g\u00f6r\u00fcnt\u00fcs\u00fc-ntd-1.png\",\"contentUrl\":\"https:\/\/epochtimestr.com\/wp-content\/uploads\/2011y\/trump-ekran-g\u00f6r\u00fcnt\u00fcs\u00fc-ntd-1.png\",\"width\":660,\"height\":369},{\"@type\":\"WebSite\",\"@id\":\"https:\/\/epochtimestr.com\/#website\",\"url\":\"https:\/\/epochtimestr.com\/\",\"name\":\"The Epoch Times TR\",\"description\":\"De\u011fi\u015fen D\u00fcnyam\u0131za Taze Bir Bak\u0131\u015f\",\"publisher\":{\"@id\":\"https:\/\/epochtimestr.com\/#organization\"},\"potentialAction\":[{\"@type\":\"SearchAction\",\"target\":{\"@type\":\"EntryPoint\",\"urlTemplate\":\"https:\/\/epochtimestr.com\/?s={search_term_string}\"},\"query-input\":\"required name=search_term_string\"}],\"inLanguage\":\"tr\"},{\"@type\":\"Organization\",\"@id\":\"https:\/\/epochtimestr.com\/#organization\",\"name\":\"The EpochTimes T\u00fcrkiye\",\"url\":\"https:\/\/epochtimestr.com\/\",\"logo\":{\"@type\":\"ImageObject\",\"inLanguage\":\"tr\",\"@id\":\"https:\/\/epochtimestr.com\/#\/schema\/logo\/image\/\",\"url\":\"https:\/\/epochtimestr.com\/wp-content\/uploads\/2011y\/ET-Logo-YG.jpg\",\"contentUrl\":\"https:\/\/epochtimestr.com\/wp-content\/uploads\/2011y\/ET-Logo-YG.jpg\",\"width\":346,\"height\":29,\"caption\":\"The EpochTimes T\u00fcrkiye\"},\"image\":{\"@id\":\"https:\/\/epochtimestr.com\/#\/schema\/logo\/image\/\"},\"sameAs\":[\"https:\/\/www.facebook.com\/theepochtimestr\",\"https:\/\/x.com\/TheEpochTimesTR\",\"https:\/\/www.instagram.com\/epochtimestr\"]},{\"@type\":\"Person\",\"@id\":\"https:\/\/epochtimestr.com\/#\/schema\/person\/3dc5c3adeb9f43923c5aa85889172fdd\",\"name\":\"Haber Merkezi\",\"image\":{\"@type\":\"ImageObject\",\"inLanguage\":\"tr\",\"@id\":\"https:\/\/epochtimestr.com\/#\/schema\/person\/image\/\",\"url\":\"https:\/\/secure.gravatar.com\/avatar\/d73f772ba5a74f28601361e17c2f93e6?s=96&d=mm&r=g\",\"contentUrl\":\"https:\/\/secure.gravatar.com\/avatar\/d73f772ba5a74f28601361e17c2f93e6?s=96&d=mm&r=g\",\"caption\":\"Haber Merkezi\"},\"url\":\"https:\/\/epochtimestr.com\/index.php\/author\/sendag\"}]}<\/script>\n<!-- \/ Yoast SEO plugin. -->","yoast_head_json":{"title":"Trump, \"\u015eiddetin \u00dclkemizde Yeri Yoktur\" - The Epoch Times TR","robots":{"index":"index","follow":"follow","max-snippet":"max-snippet:-1","max-image-preview":"max-image-preview:large","max-video-preview":"max-video-preview:-1"},"canonical":"https:\/\/epochtimestr.com\/index.php\/trump-siddetin-ulkemizde-yeri-yoktur","og_locale":"tr_TR","og_type":"article","og_title":"Trump, \"\u015eiddetin \u00dclkemizde Yeri Yoktur\" - The Epoch Times TR","og_description":"ABD\u2019de 3 Kas\u0131m\u2019daki se\u00e7imleri Demokrat rakibi Joe Biden\u2019a kaybeden ancak uzun s\u00fcre boyunca hile vurgusu yapan Donald Trump, Kongre bask\u0131n\u0131 sonras\u0131 Beyaz Saray&#8217;\u0131n Twitter hesab\u0131ndan duyuruda bulundu. Twitter ve Facebook&#8217;ta kongre bask\u0131ni esnas\u0131nda &#8216;Evinize d\u00f6n\u00fcn&#8217; \u00e7a\u011fr\u0131s\u0131nda bulunan ve hesaplar\u0131 ask\u0131ya al\u0131nan Trump, Beyaz Saray&#8217;\u0131n resmi Twitter hesab\u0131ndan video mesaj ile seslendi. Kongre\u2019de ya\u015fananlar\u0131 tasvip etmedi\u011fini [&hellip;]","og_url":"https:\/\/epochtimestr.com\/index.php\/trump-siddetin-ulkemizde-yeri-yoktur","og_site_name":"The Epoch Times TR","article_publisher":"https:\/\/www.facebook.com\/theepochtimestr","article_published_time":"2021-01-14T05:49:33+00:00","article_modified_time":"2021-01-14T05:49:35+00:00","og_image":[{"width":660,"height":369,"url":"https:\/\/epochtimestr.com\/wp-content\/uploads\/2011y\/trump-ekran-g\u00f6r\u00fcnt\u00fcs\u00fc-ntd-1.png","type":"image\/png"}],"author":"Haber Merkezi","twitter_card":"summary_large_image","twitter_creator":"@TheEpochTimesTR","twitter_site":"@TheEpochTimesTR","twitter_misc":{"Yazan:":"Haber Merkezi","Tahmini okuma s\u00fcresi":"1 dakika"},"schema":{"@context":"https:\/\/schema.org","@graph":[{"@type":"Article","@id":"https:\/\/epochtimestr.com\/index.php\/trump-siddetin-ulkemizde-yeri-yoktur#article","isPartOf":{"@id":"https:\/\/epochtimestr.com\/index.php\/trump-siddetin-ulkemizde-yeri-yoktur"},"author":{"name":"Haber Merkezi","@id":"https:\/\/epochtimestr.com\/#\/schema\/person\/3dc5c3adeb9f43923c5aa85889172fdd"},"headline":"Trump, &#8220;\u015eiddetin \u00dclkemizde Yeri Yoktur&#8221;","datePublished":"2021-01-14T05:49:33+00:00","dateModified":"2021-01-14T05:49:35+00:00","mainEntityOfPage":{"@id":"https:\/\/epochtimestr.com\/index.php\/trump-siddetin-ulkemizde-yeri-yoktur"},"wordCount":246,"publisher":{"@id":"https:\/\/epochtimestr.com\/#organization"},"image":{"@id":"https:\/\/epochtimestr.com\/index.php\/trump-siddetin-ulkemizde-yeri-yoktur#primaryimage"},"thumbnailUrl":"https:\/\/epochtimestr.com\/wp-content\/uploads\/2011y\/trump-ekran-g\u00f6r\u00fcnt\u00fcs\u00fc-ntd-1.png","articleSection":["D\u00dcNYA","G\u00dcNDEM"],"inLanguage":"tr"},{"@type":"WebPage","@id":"https:\/\/epochtimestr.com\/index.php\/trump-siddetin-ulkemizde-yeri-yoktur","url":"https:\/\/epochtimestr.com\/index.php\/trump-siddetin-ulkemizde-yeri-yoktur","name":"Trump, \"\u015eiddetin \u00dclkemizde Yeri Yoktur\" - The Epoch Times TR","isPartOf":{"@id":"https:\/\/epochtimestr.com\/#website"},"primaryImageOfPage":{"@id":"https:\/\/epochtimestr.com\/index.php\/trump-siddetin-ulkemizde-yeri-yoktur#primaryimage"},"image":{"@id":"https:\/\/epochtimestr.com\/index.php\/trump-siddetin-ulkemizde-yeri-yoktur#primaryimage"},"thumbnailUrl":"https:\/\/epochtimestr.com\/wp-content\/uploads\/2011y\/trump-ekran-g\u00f6r\u00fcnt\u00fcs\u00fc-ntd-1.png","datePublished":"2021-01-14T05:49:33+00:00","dateModified":"2021-01-14T05:49:35+00:00","inLanguage":"tr","potentialAction":[{"@type":"ReadAction","target":["https:\/\/epochtimestr.com\/index.php\/trump-siddetin-ulkemizde-yeri-yoktur"]}]},{"@type":"ImageObject","inLanguage":"tr","@id":"https:\/\/epochtimestr.com\/index.php\/trump-siddetin-ulkemizde-yeri-yoktur#primaryimage","url":"https:\/\/epochtimestr.com\/wp-content\/uploads\/2011y\/trump-ekran-g\u00f6r\u00fcnt\u00fcs\u00fc-ntd-1.png","contentUrl":"https:\/\/epochtimestr.com\/wp-content\/uploads\/2011y\/trump-ekran-g\u00f6r\u00fcnt\u00fcs\u00fc-ntd-1.png","width":660,"height":369},{"@type":"WebSite","@id":"https:\/\/epochtimestr.com\/#website","url":"https:\/\/epochtimestr.com\/","name":"The Epoch Times TR","description":"De\u011fi\u015fen D\u00fcnyam\u0131za Taze Bir Bak\u0131\u015f","publisher":{"@id":"https:\/\/epochtimestr.com\/#organization"},"potentialAction":[{"@type":"SearchAction","target":{"@type":"EntryPoint","urlTemplate":"https:\/\/epochtimestr.com\/?s={search_term_string}"},"query-input":"required name=search_term_string"}],"inLanguage":"tr"},{"@type":"Organization","@id":"https:\/\/epochtimestr.com\/#organization","name":"The EpochTimes T\u00fcrkiye","url":"https:\/\/epochtimestr.com\/","logo":{"@type":"ImageObject","inLanguage":"tr","@id":"https:\/\/epochtimestr.com\/#\/schema\/logo\/image\/","url":"https:\/\/epochtimestr.com\/wp-content\/uploads\/2011y\/ET-Logo-YG.jpg","contentUrl":"https:\/\/epochtimestr.com\/wp-content\/uploads\/2011y\/ET-Logo-YG.jpg","width":346,"height":29,"caption":"The EpochTimes T\u00fcrkiye"},"image":{"@id":"https:\/\/epochtimestr.com\/#\/schema\/logo\/image\/"},"sameAs":["https:\/\/www.facebook.com\/theepochtimestr","https:\/\/x.com\/TheEpochTimesTR","https:\/\/www.instagram.com\/epochtimestr"]},{"@type":"Person","@id":"https:\/\/epochtimestr.com\/#\/schema\/person\/3dc5c3adeb9f43923c5aa85889172fdd","name":"Haber Merkezi","image":{"@type":"ImageObject","inLanguage":"tr","@id":"https:\/\/epochtimestr.com\/#\/schema\/person\/image\/","url":"https:\/\/secure.gravatar.com\/avatar\/d73f772ba5a74f28601361e17c2f93e6?s=96&d=mm&r=g","contentUrl":"https:\/\/secure.gravatar.com\/avatar\/d73f772ba5a74f28601361e17c2f93e6?s=96&d=mm&r=g","caption":"Haber Merkezi"},"url":"https:\/\/epochtimestr.com\/index.php\/author\/sendag"}]}},"_links":{"self":[{"href":"https:\/\/epochtimestr.com\/index.php\/wp-json\/wp\/v2\/posts\/132721"}],"collection":[{"href":"https:\/\/epochtimestr.com\/index.php\/wp-json\/wp\/v2\/posts"}],"about":[{"href":"https:\/\/epochtimestr.com\/index.php\/wp-json\/wp\/v2\/types\/post"}],"author":[{"embeddable":true,"href":"https:\/\/epochtimestr.com\/index.php\/wp-json\/wp\/v2\/users\/12791"}],"replies":[{"embeddable":true,"href":"https:\/\/epochtimestr.com\/index.php\/wp-json\/wp\/v2\/comments?post=132721"}],"version-history":[{"count":1,"href":"https:\/\/epochtimestr.com\/index.php\/wp-json\/wp\/v2\/posts\/132721\/revisions"}],"predecessor-version":[{"id":132722,"href":"https:\/\/epochtimestr.com\/index.php\/wp-json\/wp\/v2\/posts\/132721\/revisions\/132722"}],"wp:featuredmedia":[{"embeddable":true,"href":"https:\/\/epochtimestr.com\/index.php\/wp-json\/wp\/v2\/media\/131518"}],"wp:attachment":[{"href":"https:\/\/epochtimestr.com\/index.php\/wp-json\/wp\/v2\/media?parent=132721"}],"wp:term":[{"taxonomy":"category","embeddable":true,"href":"https:\/\/epochtimestr.com\/index.php\/wp-json\/wp\/v2\/categories?post=132721"},{"taxonomy":"post_tag","embeddable":true,"href":"https:\/\/epochtimestr.com\/index.php\/wp-json\/wp\/v2\/tags?post=132721"}],"curies":[{"name":"wp","href":"https:\/\/api.w.org\/{rel}","templated":true}]}}