{"id":132805,"date":"2021-01-20T06:35:13","date_gmt":"2021-01-20T03:35:13","guid":{"rendered":"http:\/\/epochtimestr.com\/?p=132805"},"modified":"2021-01-20T06:35:17","modified_gmt":"2021-01-20T03:35:17","slug":"italyada-hukumet-guven-oylamasini-kazandi","status":"publish","type":"post","link":"https:\/\/epochtimestr.com\/index.php\/italyada-hukumet-guven-oylamasini-kazandi","title":{"rendered":"\u0130talya&#8217;da H\u00fck\u00fcmet G\u00fcven Oylamas\u0131n\u0131 Kazand\u0131"},"content":{"rendered":"\n<figure class=\"wp-block-image size-large\"><img loading=\"lazy\" decoding=\"async\" width=\"600\" height=\"400\" src=\"https:\/\/epochtimestr.com\/wp-content\/uploads\/2011y\/italya-600x400.png\" alt=\"\" class=\"wp-image-112577\" srcset=\"https:\/\/epochtimestr.com\/wp-content\/uploads\/2011y\/italya-600x400.png 600w, https:\/\/epochtimestr.com\/wp-content\/uploads\/2011y\/italya-150x100.png 150w, https:\/\/epochtimestr.com\/wp-content\/uploads\/2011y\/italya-300x200.png 300w, https:\/\/epochtimestr.com\/wp-content\/uploads\/2011y\/italya-768x512.png 768w, https:\/\/epochtimestr.com\/wp-content\/uploads\/2011y\/italya-292x195.png 292w, https:\/\/epochtimestr.com\/wp-content\/uploads\/2011y\/italya-638x425.png 638w, https:\/\/epochtimestr.com\/wp-content\/uploads\/2011y\/italya-629x419.png 629w, https:\/\/epochtimestr.com\/wp-content\/uploads\/2011y\/italya.png 800w\" sizes=\"(max-width: 600px) 100vw, 600px\" \/><\/figure>\n\n\n\n<h2 class=\"wp-block-heading\">\u0130talya&#8217;daki h\u00fck\u00fcmet krizinde, Ba\u015fbakan Giuseppe Conte ve h\u00fck\u00fcmeti, parlamentonun \u00fcst kanad\u0131 Senato&#8217;dan salt \u00e7o\u011funluk olmadan g\u00fcvenoyu ald\u0131.<\/h2>\n\n\n\n<p>Koalisyon ortaklar\u0131ndan Italia Viva (Iv) partisinin 13 Ocak&#8217;ta, 5 Y\u0131ld\u0131z Hareketi (M5S), Demokratik Parti (PD), \u00d6zg\u00fcrler ve E\u015fitler (LeU) ile olu\u015fturdu\u011fu d\u00f6rtl\u00fc koalisyondan \u00e7ekildi\u011fini a\u00e7\u0131klamas\u0131yla \u00e7\u0131kan h\u00fck\u00fcmet krizi, Senato&#8217;da ele al\u0131nd\u0131.&nbsp;<\/p>\n\n\n\n<p>Parlamentonun alt kanad\u0131 Temsilciler Meclisi\u2019nde d\u00fcn salt \u00e7o\u011funlukla g\u00fcvenoyu alan Conte h\u00fck\u00fcmeti, Iv&#8217;nin h\u00fck\u00fcmetten \u00e7ekilmesi sonras\u0131 sandalye say\u0131s\u0131n\u0131n riske girdi\u011fi 321 sandalyeli Senato&#8217;da g\u00fcvenoyu arad\u0131.&nbsp;<\/p>\n\n\n\n<p>Senato Genel Kurulu&#8217;nda 12 saati a\u015fk\u0131n g\u00f6r\u00fc\u015fmelerin ard\u0131ndan ak\u015fam ge\u00e7 saatlerde yap\u0131lan g\u00fcven oylamas\u0131nda, Conte liderli\u011findeki M5S, PD ve LeU koalisyonu, 140 &#8220;Hay\u0131r&#8221; oyuna kar\u015f\u0131l\u0131k, 156 &#8220;Evet&#8221; oyuyla g\u00fcvenoyu ald\u0131. H\u00fck\u00fcmetten \u00e7ekilen Iv&#8217;li 16 senat\u00f6r ise oylamada \u00e7ekimser kald\u0131.\u00a0<\/p>\n\n\n\n<p>Ba\u015fbakan Conte, h\u00fck\u00fcmetin g\u00fcvenoyunu salt \u00e7o\u011funluk olmadan k\u0131l pay\u0131 kazanmas\u0131na ili\u015fkin Twitter hesab\u0131ndan yapt\u0131\u011f\u0131 de\u011ferlendirmede, &#8220;H\u00fck\u00fcmet, Senato\u2019dan da g\u00fcvenoyu almay\u0131 ba\u015fard\u0131. \u015eimdi amac\u0131m\u0131z, bu \u00e7o\u011funlu\u011fu daha sa\u011flam hale getirmek. \u0130talya\u2019n\u0131n kaybedecek bir dakikas\u0131 yok. Bu acil sa\u011fl\u0131k durumunun ve ekonomik krizin \u00fcstesinden gelmek i\u00e7in hemen \u00e7al\u0131\u015fmaya koyulmal\u0131. A\u015f\u0131, kurtarma fonu ve mali desteklere \u00f6ncelik verilecek.&#8221; ifadelerini kulland\u0131.&nbsp;<\/p>\n\n\n\n<p>Conte ve h\u00fck\u00fcmetinin, Senato&#8217;da salt \u00e7o\u011funluk olan 161\u2019e ula\u015fmadan az farkla g\u00fcvenoyu almas\u0131, h\u00fck\u00fcmetin \u00fclkeyi y\u00f6netip y\u00f6netemeyece\u011fi tart\u0131\u015fmalar\u0131n\u0131 da beraberinde getirdi.\u00a0<\/p>\n\n\n\n<p>Ana muhalefetteki a\u015f\u0131r\u0131 sa\u011fc\u0131 Lig Partisi lideri Matteo Salvini, h\u00fck\u00fcmetin salt \u00e7o\u011funluk olmadan yoluna devam etmesini \u201ckabul edilemez\u201d olarak nitelerken, bu konuyu Cumhurba\u015fkan\u0131 Sergio Mattarella\u2019ya ta\u015f\u0131yacaklar\u0131n\u0131 belirtti.&nbsp;<\/p>\n\n\n\n<p>Muhalefetteki bir di\u011fer a\u015f\u0131r\u0131 sa\u011fc\u0131 \u0130talya\u2019n\u0131n Karde\u015fleri Partisi (FdI) Ba\u015fkan\u0131 Giorgia Meloni de Cumhurba\u015fkan\u0131 Mattarella\u2019n\u0131n g\u00f6z yummayaca\u011f\u0131n\u0131 d\u00fc\u015f\u00fcnd\u00fc\u011f\u00fcn\u00fc ifade etti.&nbsp;<\/p>\n\n\n\n<p>Merkez sa\u011f partilerden Forza Italia Ba\u015fkan Yard\u0131mc\u0131s\u0131 Antonio Tajani de iktidar\u0131n g\u00fcven oylamas\u0131ndan bu \u015fekilde \u00e7\u0131kmas\u0131n\u0131n \u201cPir\u00fcs Zaferi\u201d oldu\u011funu s\u00f6yledi.<\/p>\n\n\n\n<p><\/p>\n","protected":false},"excerpt":{"rendered":"<p>\u0130talya&#8217;daki h\u00fck\u00fcmet krizinde, Ba\u015fbakan Giuseppe Conte ve h\u00fck\u00fcmeti, parlamentonun \u00fcst kanad\u0131 Senato&#8217;dan salt \u00e7o\u011funluk olmadan g\u00fcvenoyu ald\u0131. Koalisyon ortaklar\u0131ndan Italia Viva (Iv) partisinin 13 Ocak&#8217;ta, 5 Y\u0131ld\u0131z Hareketi (M5S), Demokratik Parti (PD), \u00d6zg\u00fcrler ve E\u015fitler (LeU) ile olu\u015fturdu\u011fu d\u00f6rtl\u00fc koalisyondan \u00e7ekildi\u011fini a\u00e7\u0131klamas\u0131yla \u00e7\u0131kan h\u00fck\u00fcmet krizi, Senato&#8217;da ele al\u0131nd\u0131.&nbsp; Parlamentonun alt kanad\u0131 Temsilciler Meclisi\u2019nde d\u00fcn salt [&hellip;]<\/p>\n","protected":false},"author":12791,"featured_media":112577,"comment_status":"closed","ping_status":"open","sticky":false,"template":"","format":"standard","meta":{"_yoast_wpseo_focuskw":"","_yoast_wpseo_title":"","_yoast_wpseo_metadesc":"","_bbp_topic_count":0,"_bbp_reply_count":0,"_bbp_total_topic_count":0,"_bbp_total_reply_count":0,"_bbp_voice_count":0,"_bbp_anonymous_reply_count":0,"_bbp_topic_count_hidden":0,"_bbp_reply_count_hidden":0,"_bbp_forum_subforum_count":0,"footnotes":"","_yoast_wpseo_focuskw_text_input":""},"categories":[5,1],"tags":[],"yoast_head":"<!-- This site is optimized with the Yoast SEO plugin v23.0 - https:\/\/yoast.com\/wordpress\/plugins\/seo\/ -->\n<title>\u0130talya&#039;da H\u00fck\u00fcmet G\u00fcven Oylamas\u0131n\u0131 Kazand\u0131 - The Epoch Times TR<\/title>\n<meta name=\"robots\" content=\"index, follow, max-snippet:-1, max-image-preview:large, max-video-preview:-1\" \/>\n<link rel=\"canonical\" href=\"https:\/\/epochtimestr.com\/index.php\/italyada-hukumet-guven-oylamasini-kazandi\" \/>\n<meta property=\"og:locale\" content=\"tr_TR\" \/>\n<meta property=\"og:type\" content=\"article\" \/>\n<meta property=\"og:title\" content=\"\u0130talya&#039;da H\u00fck\u00fcmet G\u00fcven Oylamas\u0131n\u0131 Kazand\u0131 - The Epoch Times TR\" \/>\n<meta property=\"og:description\" content=\"\u0130talya&#8217;daki h\u00fck\u00fcmet krizinde, Ba\u015fbakan Giuseppe Conte ve h\u00fck\u00fcmeti, parlamentonun \u00fcst kanad\u0131 Senato&#8217;dan salt \u00e7o\u011funluk olmadan g\u00fcvenoyu ald\u0131. Koalisyon ortaklar\u0131ndan Italia Viva (Iv) partisinin 13 Ocak&#8217;ta, 5 Y\u0131ld\u0131z Hareketi (M5S), Demokratik Parti (PD), \u00d6zg\u00fcrler ve E\u015fitler (LeU) ile olu\u015fturdu\u011fu d\u00f6rtl\u00fc koalisyondan \u00e7ekildi\u011fini a\u00e7\u0131klamas\u0131yla \u00e7\u0131kan h\u00fck\u00fcmet krizi, Senato&#8217;da ele al\u0131nd\u0131.&nbsp; Parlamentonun alt kanad\u0131 Temsilciler Meclisi\u2019nde d\u00fcn salt [&hellip;]\" \/>\n<meta property=\"og:url\" content=\"https:\/\/epochtimestr.com\/index.php\/italyada-hukumet-guven-oylamasini-kazandi\" \/>\n<meta property=\"og:site_name\" content=\"The Epoch Times TR\" \/>\n<meta property=\"article:publisher\" content=\"https:\/\/www.facebook.com\/theepochtimestr\" \/>\n<meta property=\"article:published_time\" content=\"2021-01-20T03:35:13+00:00\" \/>\n<meta property=\"article:modified_time\" content=\"2021-01-20T03:35:17+00:00\" \/>\n<meta property=\"og:image\" content=\"https:\/\/epochtimestr.com\/wp-content\/uploads\/2011y\/italya.png\" \/>\n\t<meta property=\"og:image:width\" content=\"800\" \/>\n\t<meta property=\"og:image:height\" content=\"533\" \/>\n\t<meta property=\"og:image:type\" content=\"image\/png\" \/>\n<meta name=\"author\" content=\"Haber Merkezi\" \/>\n<meta name=\"twitter:card\" content=\"summary_large_image\" \/>\n<meta name=\"twitter:creator\" content=\"@TheEpochTimesTR\" \/>\n<meta name=\"twitter:site\" content=\"@TheEpochTimesTR\" \/>\n<meta name=\"twitter:label1\" content=\"Yazan:\" \/>\n\t<meta name=\"twitter:data1\" content=\"Haber Merkezi\" \/>\n\t<meta name=\"twitter:label2\" content=\"Tahmini okuma s\u00fcresi\" \/>\n\t<meta name=\"twitter:data2\" content=\"2 dakika\" \/>\n<script type=\"application\/ld+json\" class=\"yoast-schema-graph\">{\"@context\":\"https:\/\/schema.org\",\"@graph\":[{\"@type\":\"Article\",\"@id\":\"https:\/\/epochtimestr.com\/index.php\/italyada-hukumet-guven-oylamasini-kazandi#article\",\"isPartOf\":{\"@id\":\"https:\/\/epochtimestr.com\/index.php\/italyada-hukumet-guven-oylamasini-kazandi\"},\"author\":{\"name\":\"Haber Merkezi\",\"@id\":\"https:\/\/epochtimestr.com\/#\/schema\/person\/3dc5c3adeb9f43923c5aa85889172fdd\"},\"headline\":\"\u0130talya&#8217;da H\u00fck\u00fcmet G\u00fcven Oylamas\u0131n\u0131 Kazand\u0131\",\"datePublished\":\"2021-01-20T03:35:13+00:00\",\"dateModified\":\"2021-01-20T03:35:17+00:00\",\"mainEntityOfPage\":{\"@id\":\"https:\/\/epochtimestr.com\/index.php\/italyada-hukumet-guven-oylamasini-kazandi\"},\"wordCount\":389,\"publisher\":{\"@id\":\"https:\/\/epochtimestr.com\/#organization\"},\"image\":{\"@id\":\"https:\/\/epochtimestr.com\/index.php\/italyada-hukumet-guven-oylamasini-kazandi#primaryimage\"},\"thumbnailUrl\":\"https:\/\/epochtimestr.com\/wp-content\/uploads\/2011y\/italya.png\",\"articleSection\":[\"D\u00dcNYA\",\"G\u00dcNDEM\"],\"inLanguage\":\"tr\"},{\"@type\":\"WebPage\",\"@id\":\"https:\/\/epochtimestr.com\/index.php\/italyada-hukumet-guven-oylamasini-kazandi\",\"url\":\"https:\/\/epochtimestr.com\/index.php\/italyada-hukumet-guven-oylamasini-kazandi\",\"name\":\"\u0130talya'da H\u00fck\u00fcmet G\u00fcven Oylamas\u0131n\u0131 Kazand\u0131 - The Epoch Times TR\",\"isPartOf\":{\"@id\":\"https:\/\/epochtimestr.com\/#website\"},\"primaryImageOfPage\":{\"@id\":\"https:\/\/epochtimestr.com\/index.php\/italyada-hukumet-guven-oylamasini-kazandi#primaryimage\"},\"image\":{\"@id\":\"https:\/\/epochtimestr.com\/index.php\/italyada-hukumet-guven-oylamasini-kazandi#primaryimage\"},\"thumbnailUrl\":\"https:\/\/epochtimestr.com\/wp-content\/uploads\/2011y\/italya.png\",\"datePublished\":\"2021-01-20T03:35:13+00:00\",\"dateModified\":\"2021-01-20T03:35:17+00:00\",\"inLanguage\":\"tr\",\"potentialAction\":[{\"@type\":\"ReadAction\",\"target\":[\"https:\/\/epochtimestr.com\/index.php\/italyada-hukumet-guven-oylamasini-kazandi\"]}]},{\"@type\":\"ImageObject\",\"inLanguage\":\"tr\",\"@id\":\"https:\/\/epochtimestr.com\/index.php\/italyada-hukumet-guven-oylamasini-kazandi#primaryimage\",\"url\":\"https:\/\/epochtimestr.com\/wp-content\/uploads\/2011y\/italya.png\",\"contentUrl\":\"https:\/\/epochtimestr.com\/wp-content\/uploads\/2011y\/italya.png\",\"width\":800,\"height\":533},{\"@type\":\"WebSite\",\"@id\":\"https:\/\/epochtimestr.com\/#website\",\"url\":\"https:\/\/epochtimestr.com\/\",\"name\":\"The Epoch Times TR\",\"description\":\"De\u011fi\u015fen D\u00fcnyam\u0131za Taze Bir Bak\u0131\u015f\",\"publisher\":{\"@id\":\"https:\/\/epochtimestr.com\/#organization\"},\"potentialAction\":[{\"@type\":\"SearchAction\",\"target\":{\"@type\":\"EntryPoint\",\"urlTemplate\":\"https:\/\/epochtimestr.com\/?s={search_term_string}\"},\"query-input\":\"required name=search_term_string\"}],\"inLanguage\":\"tr\"},{\"@type\":\"Organization\",\"@id\":\"https:\/\/epochtimestr.com\/#organization\",\"name\":\"The EpochTimes T\u00fcrkiye\",\"url\":\"https:\/\/epochtimestr.com\/\",\"logo\":{\"@type\":\"ImageObject\",\"inLanguage\":\"tr\",\"@id\":\"https:\/\/epochtimestr.com\/#\/schema\/logo\/image\/\",\"url\":\"https:\/\/epochtimestr.com\/wp-content\/uploads\/2011y\/ET-Logo-YG.jpg\",\"contentUrl\":\"https:\/\/epochtimestr.com\/wp-content\/uploads\/2011y\/ET-Logo-YG.jpg\",\"width\":346,\"height\":29,\"caption\":\"The EpochTimes T\u00fcrkiye\"},\"image\":{\"@id\":\"https:\/\/epochtimestr.com\/#\/schema\/logo\/image\/\"},\"sameAs\":[\"https:\/\/www.facebook.com\/theepochtimestr\",\"https:\/\/x.com\/TheEpochTimesTR\",\"https:\/\/www.instagram.com\/epochtimestr\"]},{\"@type\":\"Person\",\"@id\":\"https:\/\/epochtimestr.com\/#\/schema\/person\/3dc5c3adeb9f43923c5aa85889172fdd\",\"name\":\"Haber Merkezi\",\"image\":{\"@type\":\"ImageObject\",\"inLanguage\":\"tr\",\"@id\":\"https:\/\/epochtimestr.com\/#\/schema\/person\/image\/\",\"url\":\"https:\/\/secure.gravatar.com\/avatar\/d73f772ba5a74f28601361e17c2f93e6?s=96&d=mm&r=g\",\"contentUrl\":\"https:\/\/secure.gravatar.com\/avatar\/d73f772ba5a74f28601361e17c2f93e6?s=96&d=mm&r=g\",\"caption\":\"Haber Merkezi\"},\"url\":\"https:\/\/epochtimestr.com\/index.php\/author\/sendag\"}]}<\/script>\n<!-- \/ Yoast SEO plugin. -->","yoast_head_json":{"title":"\u0130talya'da H\u00fck\u00fcmet G\u00fcven Oylamas\u0131n\u0131 Kazand\u0131 - The Epoch Times TR","robots":{"index":"index","follow":"follow","max-snippet":"max-snippet:-1","max-image-preview":"max-image-preview:large","max-video-preview":"max-video-preview:-1"},"canonical":"https:\/\/epochtimestr.com\/index.php\/italyada-hukumet-guven-oylamasini-kazandi","og_locale":"tr_TR","og_type":"article","og_title":"\u0130talya'da H\u00fck\u00fcmet G\u00fcven Oylamas\u0131n\u0131 Kazand\u0131 - The Epoch Times TR","og_description":"\u0130talya&#8217;daki h\u00fck\u00fcmet krizinde, Ba\u015fbakan Giuseppe Conte ve h\u00fck\u00fcmeti, parlamentonun \u00fcst kanad\u0131 Senato&#8217;dan salt \u00e7o\u011funluk olmadan g\u00fcvenoyu ald\u0131. Koalisyon ortaklar\u0131ndan Italia Viva (Iv) partisinin 13 Ocak&#8217;ta, 5 Y\u0131ld\u0131z Hareketi (M5S), Demokratik Parti (PD), \u00d6zg\u00fcrler ve E\u015fitler (LeU) ile olu\u015fturdu\u011fu d\u00f6rtl\u00fc koalisyondan \u00e7ekildi\u011fini a\u00e7\u0131klamas\u0131yla \u00e7\u0131kan h\u00fck\u00fcmet krizi, Senato&#8217;da ele al\u0131nd\u0131.&nbsp; Parlamentonun alt kanad\u0131 Temsilciler Meclisi\u2019nde d\u00fcn salt [&hellip;]","og_url":"https:\/\/epochtimestr.com\/index.php\/italyada-hukumet-guven-oylamasini-kazandi","og_site_name":"The Epoch Times TR","article_publisher":"https:\/\/www.facebook.com\/theepochtimestr","article_published_time":"2021-01-20T03:35:13+00:00","article_modified_time":"2021-01-20T03:35:17+00:00","og_image":[{"width":800,"height":533,"url":"https:\/\/epochtimestr.com\/wp-content\/uploads\/2011y\/italya.png","type":"image\/png"}],"author":"Haber Merkezi","twitter_card":"summary_large_image","twitter_creator":"@TheEpochTimesTR","twitter_site":"@TheEpochTimesTR","twitter_misc":{"Yazan:":"Haber Merkezi","Tahmini okuma s\u00fcresi":"2 dakika"},"schema":{"@context":"https:\/\/schema.org","@graph":[{"@type":"Article","@id":"https:\/\/epochtimestr.com\/index.php\/italyada-hukumet-guven-oylamasini-kazandi#article","isPartOf":{"@id":"https:\/\/epochtimestr.com\/index.php\/italyada-hukumet-guven-oylamasini-kazandi"},"author":{"name":"Haber Merkezi","@id":"https:\/\/epochtimestr.com\/#\/schema\/person\/3dc5c3adeb9f43923c5aa85889172fdd"},"headline":"\u0130talya&#8217;da H\u00fck\u00fcmet G\u00fcven Oylamas\u0131n\u0131 Kazand\u0131","datePublished":"2021-01-20T03:35:13+00:00","dateModified":"2021-01-20T03:35:17+00:00","mainEntityOfPage":{"@id":"https:\/\/epochtimestr.com\/index.php\/italyada-hukumet-guven-oylamasini-kazandi"},"wordCount":389,"publisher":{"@id":"https:\/\/epochtimestr.com\/#organization"},"image":{"@id":"https:\/\/epochtimestr.com\/index.php\/italyada-hukumet-guven-oylamasini-kazandi#primaryimage"},"thumbnailUrl":"https:\/\/epochtimestr.com\/wp-content\/uploads\/2011y\/italya.png","articleSection":["D\u00dcNYA","G\u00dcNDEM"],"inLanguage":"tr"},{"@type":"WebPage","@id":"https:\/\/epochtimestr.com\/index.php\/italyada-hukumet-guven-oylamasini-kazandi","url":"https:\/\/epochtimestr.com\/index.php\/italyada-hukumet-guven-oylamasini-kazandi","name":"\u0130talya'da H\u00fck\u00fcmet G\u00fcven Oylamas\u0131n\u0131 Kazand\u0131 - The Epoch Times TR","isPartOf":{"@id":"https:\/\/epochtimestr.com\/#website"},"primaryImageOfPage":{"@id":"https:\/\/epochtimestr.com\/index.php\/italyada-hukumet-guven-oylamasini-kazandi#primaryimage"},"image":{"@id":"https:\/\/epochtimestr.com\/index.php\/italyada-hukumet-guven-oylamasini-kazandi#primaryimage"},"thumbnailUrl":"https:\/\/epochtimestr.com\/wp-content\/uploads\/2011y\/italya.png","datePublished":"2021-01-20T03:35:13+00:00","dateModified":"2021-01-20T03:35:17+00:00","inLanguage":"tr","potentialAction":[{"@type":"ReadAction","target":["https:\/\/epochtimestr.com\/index.php\/italyada-hukumet-guven-oylamasini-kazandi"]}]},{"@type":"ImageObject","inLanguage":"tr","@id":"https:\/\/epochtimestr.com\/index.php\/italyada-hukumet-guven-oylamasini-kazandi#primaryimage","url":"https:\/\/epochtimestr.com\/wp-content\/uploads\/2011y\/italya.png","contentUrl":"https:\/\/epochtimestr.com\/wp-content\/uploads\/2011y\/italya.png","width":800,"height":533},{"@type":"WebSite","@id":"https:\/\/epochtimestr.com\/#website","url":"https:\/\/epochtimestr.com\/","name":"The Epoch Times TR","description":"De\u011fi\u015fen D\u00fcnyam\u0131za Taze Bir Bak\u0131\u015f","publisher":{"@id":"https:\/\/epochtimestr.com\/#organization"},"potentialAction":[{"@type":"SearchAction","target":{"@type":"EntryPoint","urlTemplate":"https:\/\/epochtimestr.com\/?s={search_term_string}"},"query-input":"required name=search_term_string"}],"inLanguage":"tr"},{"@type":"Organization","@id":"https:\/\/epochtimestr.com\/#organization","name":"The EpochTimes T\u00fcrkiye","url":"https:\/\/epochtimestr.com\/","logo":{"@type":"ImageObject","inLanguage":"tr","@id":"https:\/\/epochtimestr.com\/#\/schema\/logo\/image\/","url":"https:\/\/epochtimestr.com\/wp-content\/uploads\/2011y\/ET-Logo-YG.jpg","contentUrl":"https:\/\/epochtimestr.com\/wp-content\/uploads\/2011y\/ET-Logo-YG.jpg","width":346,"height":29,"caption":"The EpochTimes T\u00fcrkiye"},"image":{"@id":"https:\/\/epochtimestr.com\/#\/schema\/logo\/image\/"},"sameAs":["https:\/\/www.facebook.com\/theepochtimestr","https:\/\/x.com\/TheEpochTimesTR","https:\/\/www.instagram.com\/epochtimestr"]},{"@type":"Person","@id":"https:\/\/epochtimestr.com\/#\/schema\/person\/3dc5c3adeb9f43923c5aa85889172fdd","name":"Haber Merkezi","image":{"@type":"ImageObject","inLanguage":"tr","@id":"https:\/\/epochtimestr.com\/#\/schema\/person\/image\/","url":"https:\/\/secure.gravatar.com\/avatar\/d73f772ba5a74f28601361e17c2f93e6?s=96&d=mm&r=g","contentUrl":"https:\/\/secure.gravatar.com\/avatar\/d73f772ba5a74f28601361e17c2f93e6?s=96&d=mm&r=g","caption":"Haber Merkezi"},"url":"https:\/\/epochtimestr.com\/index.php\/author\/sendag"}]}},"_links":{"self":[{"href":"https:\/\/epochtimestr.com\/index.php\/wp-json\/wp\/v2\/posts\/132805"}],"collection":[{"href":"https:\/\/epochtimestr.com\/index.php\/wp-json\/wp\/v2\/posts"}],"about":[{"href":"https:\/\/epochtimestr.com\/index.php\/wp-json\/wp\/v2\/types\/post"}],"author":[{"embeddable":true,"href":"https:\/\/epochtimestr.com\/index.php\/wp-json\/wp\/v2\/users\/12791"}],"replies":[{"embeddable":true,"href":"https:\/\/epochtimestr.com\/index.php\/wp-json\/wp\/v2\/comments?post=132805"}],"version-history":[{"count":1,"href":"https:\/\/epochtimestr.com\/index.php\/wp-json\/wp\/v2\/posts\/132805\/revisions"}],"predecessor-version":[{"id":132806,"href":"https:\/\/epochtimestr.com\/index.php\/wp-json\/wp\/v2\/posts\/132805\/revisions\/132806"}],"wp:featuredmedia":[{"embeddable":true,"href":"https:\/\/epochtimestr.com\/index.php\/wp-json\/wp\/v2\/media\/112577"}],"wp:attachment":[{"href":"https:\/\/epochtimestr.com\/index.php\/wp-json\/wp\/v2\/media?parent=132805"}],"wp:term":[{"taxonomy":"category","embeddable":true,"href":"https:\/\/epochtimestr.com\/index.php\/wp-json\/wp\/v2\/categories?post=132805"},{"taxonomy":"post_tag","embeddable":true,"href":"https:\/\/epochtimestr.com\/index.php\/wp-json\/wp\/v2\/tags?post=132805"}],"curies":[{"name":"wp","href":"https:\/\/api.w.org\/{rel}","templated":true}]}}