{"id":132841,"date":"2021-01-20T19:35:17","date_gmt":"2021-01-20T16:35:17","guid":{"rendered":"http:\/\/epochtimestr.com\/?p=132841"},"modified":"2021-01-20T19:35:19","modified_gmt":"2021-01-20T16:35:19","slug":"madriddeki-patlamada-2-olu","status":"publish","type":"post","link":"https:\/\/epochtimestr.com\/index.php\/madriddeki-patlamada-2-olu","title":{"rendered":"Madrid&#8217;deki Patlamada 2 \u00d6l\u00fc"},"content":{"rendered":"\n<div class=\"wp-block-image\"><figure class=\"aligncenter size-large\"><img loading=\"lazy\" decoding=\"async\" width=\"600\" height=\"353\" src=\"https:\/\/epochtimestr.com\/wp-content\/uploads\/2011y\/madrid-patlama-screenshot-1-600x353.png\" alt=\"\" class=\"wp-image-132845\" srcset=\"https:\/\/epochtimestr.com\/wp-content\/uploads\/2011y\/madrid-patlama-screenshot-1-600x353.png 600w, https:\/\/epochtimestr.com\/wp-content\/uploads\/2011y\/madrid-patlama-screenshot-1-300x177.png 300w, https:\/\/epochtimestr.com\/wp-content\/uploads\/2011y\/madrid-patlama-screenshot-1-150x88.png 150w, https:\/\/epochtimestr.com\/wp-content\/uploads\/2011y\/madrid-patlama-screenshot-1-768x452.png 768w, https:\/\/epochtimestr.com\/wp-content\/uploads\/2011y\/madrid-patlama-screenshot-1-357x210.png 357w, https:\/\/epochtimestr.com\/wp-content\/uploads\/2011y\/madrid-patlama-screenshot-1.png 1308w\" sizes=\"(max-width: 600px) 100vw, 600px\" \/><\/figure><\/div>\n\n\n\n<h2 class=\"wp-block-heading\">\u0130spanya&#8217;n\u0131n  ba\u015fkenti Madrid&#8217;de meydana gelen \u015fiddetli patlamada en az iki ki\u015finin \u00f6ld\u00fc\u011f\u00fc bildirdi, yola park edilmi\u015f arabalar\u0131n b\u00fcy\u00fck b\u00f6l\u00fcm\u00fc zarar g\u00f6rd\u00fc.<\/h2>\n\n\n\n<p>La Latina b\u00f6lgesinde yer alan Toledo caddesinde yerel saat ile 15 (TS\u0130 17:00) sular\u0131nda patlama meydana geldi.<\/p>\n\n\n\n<p>Madrid&#8217;in merkezindeki Puerto de Toledo Mahallesi&#8217;nde\u00a0bir apartmanda meydana gelen patlamada binan\u0131n \u00fcst katlar\u0131nda b\u00fcy\u00fck hasarlar olu\u015ftu.<\/p>\n\n\n\n<p>Patlamada en az iki ki\u015finin \u00f6ld\u00fc\u011f\u00fc bildirilirken, g\u00f6rg\u00fc tan\u0131klar\u0131 da \u00e7ok say\u0131da yaral\u0131n\u0131n oldu\u011funu s\u00f6yledi.<\/p>\n\n\n\n<p>G\u00f6rg\u00fc tan\u0131klar\u0131ndan Valeria, AA muhabirine yapt\u0131\u011f\u0131 a\u00e7\u0131klamada, &#8220;Patlaman\u0131n kar\u015f\u0131s\u0131nda bir binada oturuyorum. Eve girerken gaz kokusu ald\u0131m. Daha sonra da b\u00fcy\u00fck bir patlama meydana geldi. \u015eu an \u015foktay\u0131m. Patlama \u00e7ok \u015fiddetliydi.&#8221; dedi.<\/p>\n\n\n\n<p>Patlaman\u0131n oldu\u011fu binan\u0131n \u00f6n\u00fcnde yola park etmi\u015f ara\u00e7lar\u0131n b\u00fcy\u00fck b\u00f6l\u00fcm\u00fc zarar g\u00f6r\u00fcrken, sivil koruma, itfaiye ve sa\u011fl\u0131k ekiplerinin b\u00f6lgeyi g\u00fcvenlik koridoruna ald\u0131\u011f\u0131 bildirildi.<\/p>\n\n\n\n<p>Binan\u0131n yan\u0131nda bir ya\u015fl\u0131 bak\u0131mevinin, okulun ve kilisenin bulundu\u011fu belirtilirken, yerel bas\u0131nda, patlaman\u0131n nedeninin gaz ka\u00e7a\u011f\u0131 olabilece\u011fi iddia edildi.<\/p>\n","protected":false},"excerpt":{"rendered":"<p>\u0130spanya&#8217;n\u0131n ba\u015fkenti Madrid&#8217;de meydana gelen \u015fiddetli patlamada en az iki ki\u015finin \u00f6ld\u00fc\u011f\u00fc bildirdi, yola park edilmi\u015f arabalar\u0131n b\u00fcy\u00fck b\u00f6l\u00fcm\u00fc zarar g\u00f6rd\u00fc. La Latina b\u00f6lgesinde yer alan Toledo caddesinde yerel saat ile 15 (TS\u0130 17:00) sular\u0131nda patlama meydana geldi. Madrid&#8217;in merkezindeki Puerto de Toledo Mahallesi&#8217;nde\u00a0bir apartmanda meydana gelen patlamada binan\u0131n \u00fcst katlar\u0131nda b\u00fcy\u00fck hasarlar olu\u015ftu. Patlamada [&hellip;]<\/p>\n","protected":false},"author":12791,"featured_media":132845,"comment_status":"closed","ping_status":"open","sticky":false,"template":"","format":"standard","meta":{"_yoast_wpseo_focuskw":"","_yoast_wpseo_title":"","_yoast_wpseo_metadesc":"","_bbp_topic_count":0,"_bbp_reply_count":0,"_bbp_total_topic_count":0,"_bbp_total_reply_count":0,"_bbp_voice_count":0,"_bbp_anonymous_reply_count":0,"_bbp_topic_count_hidden":0,"_bbp_reply_count_hidden":0,"_bbp_forum_subforum_count":0,"footnotes":"","_yoast_wpseo_focuskw_text_input":""},"categories":[5,1],"tags":[363,2136,660],"yoast_head":"<!-- This site is optimized with the Yoast SEO plugin v23.0 - https:\/\/yoast.com\/wordpress\/plugins\/seo\/ -->\n<title>Madrid&#039;deki Patlamada 2 \u00d6l\u00fc - The Epoch Times TR<\/title>\n<meta name=\"robots\" content=\"index, follow, max-snippet:-1, max-image-preview:large, max-video-preview:-1\" \/>\n<link rel=\"canonical\" href=\"https:\/\/epochtimestr.com\/index.php\/madriddeki-patlamada-2-olu\" \/>\n<meta property=\"og:locale\" content=\"tr_TR\" \/>\n<meta property=\"og:type\" content=\"article\" \/>\n<meta property=\"og:title\" content=\"Madrid&#039;deki Patlamada 2 \u00d6l\u00fc - The Epoch Times TR\" \/>\n<meta property=\"og:description\" content=\"\u0130spanya&#8217;n\u0131n ba\u015fkenti Madrid&#8217;de meydana gelen \u015fiddetli patlamada en az iki ki\u015finin \u00f6ld\u00fc\u011f\u00fc bildirdi, yola park edilmi\u015f arabalar\u0131n b\u00fcy\u00fck b\u00f6l\u00fcm\u00fc zarar g\u00f6rd\u00fc. La Latina b\u00f6lgesinde yer alan Toledo caddesinde yerel saat ile 15 (TS\u0130 17:00) sular\u0131nda patlama meydana geldi. Madrid&#8217;in merkezindeki Puerto de Toledo Mahallesi&#8217;nde\u00a0bir apartmanda meydana gelen patlamada binan\u0131n \u00fcst katlar\u0131nda b\u00fcy\u00fck hasarlar olu\u015ftu. Patlamada [&hellip;]\" \/>\n<meta property=\"og:url\" content=\"https:\/\/epochtimestr.com\/index.php\/madriddeki-patlamada-2-olu\" \/>\n<meta property=\"og:site_name\" content=\"The Epoch Times TR\" \/>\n<meta property=\"article:publisher\" content=\"https:\/\/www.facebook.com\/theepochtimestr\" \/>\n<meta property=\"article:published_time\" content=\"2021-01-20T16:35:17+00:00\" \/>\n<meta property=\"article:modified_time\" content=\"2021-01-20T16:35:19+00:00\" \/>\n<meta property=\"og:image\" content=\"https:\/\/epochtimestr.com\/wp-content\/uploads\/2011y\/madrid-patlama-screenshot-1.png\" \/>\n\t<meta property=\"og:image:width\" content=\"1308\" \/>\n\t<meta property=\"og:image:height\" content=\"770\" \/>\n\t<meta property=\"og:image:type\" content=\"image\/png\" \/>\n<meta name=\"author\" content=\"Haber Merkezi\" \/>\n<meta name=\"twitter:card\" content=\"summary_large_image\" \/>\n<meta name=\"twitter:creator\" content=\"@TheEpochTimesTR\" \/>\n<meta name=\"twitter:site\" content=\"@TheEpochTimesTR\" \/>\n<meta name=\"twitter:label1\" content=\"Yazan:\" \/>\n\t<meta name=\"twitter:data1\" content=\"Haber Merkezi\" \/>\n\t<meta name=\"twitter:label2\" content=\"Tahmini okuma s\u00fcresi\" \/>\n\t<meta name=\"twitter:data2\" content=\"1 dakika\" \/>\n<script type=\"application\/ld+json\" class=\"yoast-schema-graph\">{\"@context\":\"https:\/\/schema.org\",\"@graph\":[{\"@type\":\"Article\",\"@id\":\"https:\/\/epochtimestr.com\/index.php\/madriddeki-patlamada-2-olu#article\",\"isPartOf\":{\"@id\":\"https:\/\/epochtimestr.com\/index.php\/madriddeki-patlamada-2-olu\"},\"author\":{\"name\":\"Haber Merkezi\",\"@id\":\"https:\/\/epochtimestr.com\/#\/schema\/person\/3dc5c3adeb9f43923c5aa85889172fdd\"},\"headline\":\"Madrid&#8217;deki Patlamada 2 \u00d6l\u00fc\",\"datePublished\":\"2021-01-20T16:35:17+00:00\",\"dateModified\":\"2021-01-20T16:35:19+00:00\",\"mainEntityOfPage\":{\"@id\":\"https:\/\/epochtimestr.com\/index.php\/madriddeki-patlamada-2-olu\"},\"wordCount\":205,\"publisher\":{\"@id\":\"https:\/\/epochtimestr.com\/#organization\"},\"image\":{\"@id\":\"https:\/\/epochtimestr.com\/index.php\/madriddeki-patlamada-2-olu#primaryimage\"},\"thumbnailUrl\":\"https:\/\/epochtimestr.com\/wp-content\/uploads\/2011y\/madrid-patlama-screenshot-1.png\",\"keywords\":[\"\u0130spanya\",\"Madrid\",\"patlama\"],\"articleSection\":[\"D\u00dcNYA\",\"G\u00dcNDEM\"],\"inLanguage\":\"tr\"},{\"@type\":\"WebPage\",\"@id\":\"https:\/\/epochtimestr.com\/index.php\/madriddeki-patlamada-2-olu\",\"url\":\"https:\/\/epochtimestr.com\/index.php\/madriddeki-patlamada-2-olu\",\"name\":\"Madrid'deki Patlamada 2 \u00d6l\u00fc - The Epoch Times TR\",\"isPartOf\":{\"@id\":\"https:\/\/epochtimestr.com\/#website\"},\"primaryImageOfPage\":{\"@id\":\"https:\/\/epochtimestr.com\/index.php\/madriddeki-patlamada-2-olu#primaryimage\"},\"image\":{\"@id\":\"https:\/\/epochtimestr.com\/index.php\/madriddeki-patlamada-2-olu#primaryimage\"},\"thumbnailUrl\":\"https:\/\/epochtimestr.com\/wp-content\/uploads\/2011y\/madrid-patlama-screenshot-1.png\",\"datePublished\":\"2021-01-20T16:35:17+00:00\",\"dateModified\":\"2021-01-20T16:35:19+00:00\",\"inLanguage\":\"tr\",\"potentialAction\":[{\"@type\":\"ReadAction\",\"target\":[\"https:\/\/epochtimestr.com\/index.php\/madriddeki-patlamada-2-olu\"]}]},{\"@type\":\"ImageObject\",\"inLanguage\":\"tr\",\"@id\":\"https:\/\/epochtimestr.com\/index.php\/madriddeki-patlamada-2-olu#primaryimage\",\"url\":\"https:\/\/epochtimestr.com\/wp-content\/uploads\/2011y\/madrid-patlama-screenshot-1.png\",\"contentUrl\":\"https:\/\/epochtimestr.com\/wp-content\/uploads\/2011y\/madrid-patlama-screenshot-1.png\",\"width\":1308,\"height\":770},{\"@type\":\"WebSite\",\"@id\":\"https:\/\/epochtimestr.com\/#website\",\"url\":\"https:\/\/epochtimestr.com\/\",\"name\":\"The Epoch Times TR\",\"description\":\"De\u011fi\u015fen D\u00fcnyam\u0131za Taze Bir Bak\u0131\u015f\",\"publisher\":{\"@id\":\"https:\/\/epochtimestr.com\/#organization\"},\"potentialAction\":[{\"@type\":\"SearchAction\",\"target\":{\"@type\":\"EntryPoint\",\"urlTemplate\":\"https:\/\/epochtimestr.com\/?s={search_term_string}\"},\"query-input\":\"required name=search_term_string\"}],\"inLanguage\":\"tr\"},{\"@type\":\"Organization\",\"@id\":\"https:\/\/epochtimestr.com\/#organization\",\"name\":\"The EpochTimes T\u00fcrkiye\",\"url\":\"https:\/\/epochtimestr.com\/\",\"logo\":{\"@type\":\"ImageObject\",\"inLanguage\":\"tr\",\"@id\":\"https:\/\/epochtimestr.com\/#\/schema\/logo\/image\/\",\"url\":\"https:\/\/epochtimestr.com\/wp-content\/uploads\/2011y\/ET-Logo-YG.jpg\",\"contentUrl\":\"https:\/\/epochtimestr.com\/wp-content\/uploads\/2011y\/ET-Logo-YG.jpg\",\"width\":346,\"height\":29,\"caption\":\"The EpochTimes T\u00fcrkiye\"},\"image\":{\"@id\":\"https:\/\/epochtimestr.com\/#\/schema\/logo\/image\/\"},\"sameAs\":[\"https:\/\/www.facebook.com\/theepochtimestr\",\"https:\/\/x.com\/TheEpochTimesTR\",\"https:\/\/www.instagram.com\/epochtimestr\"]},{\"@type\":\"Person\",\"@id\":\"https:\/\/epochtimestr.com\/#\/schema\/person\/3dc5c3adeb9f43923c5aa85889172fdd\",\"name\":\"Haber Merkezi\",\"image\":{\"@type\":\"ImageObject\",\"inLanguage\":\"tr\",\"@id\":\"https:\/\/epochtimestr.com\/#\/schema\/person\/image\/\",\"url\":\"https:\/\/secure.gravatar.com\/avatar\/d73f772ba5a74f28601361e17c2f93e6?s=96&d=mm&r=g\",\"contentUrl\":\"https:\/\/secure.gravatar.com\/avatar\/d73f772ba5a74f28601361e17c2f93e6?s=96&d=mm&r=g\",\"caption\":\"Haber Merkezi\"},\"url\":\"https:\/\/epochtimestr.com\/index.php\/author\/sendag\"}]}<\/script>\n<!-- \/ Yoast SEO plugin. -->","yoast_head_json":{"title":"Madrid'deki Patlamada 2 \u00d6l\u00fc - The Epoch Times TR","robots":{"index":"index","follow":"follow","max-snippet":"max-snippet:-1","max-image-preview":"max-image-preview:large","max-video-preview":"max-video-preview:-1"},"canonical":"https:\/\/epochtimestr.com\/index.php\/madriddeki-patlamada-2-olu","og_locale":"tr_TR","og_type":"article","og_title":"Madrid'deki Patlamada 2 \u00d6l\u00fc - The Epoch Times TR","og_description":"\u0130spanya&#8217;n\u0131n ba\u015fkenti Madrid&#8217;de meydana gelen \u015fiddetli patlamada en az iki ki\u015finin \u00f6ld\u00fc\u011f\u00fc bildirdi, yola park edilmi\u015f arabalar\u0131n b\u00fcy\u00fck b\u00f6l\u00fcm\u00fc zarar g\u00f6rd\u00fc. La Latina b\u00f6lgesinde yer alan Toledo caddesinde yerel saat ile 15 (TS\u0130 17:00) sular\u0131nda patlama meydana geldi. Madrid&#8217;in merkezindeki Puerto de Toledo Mahallesi&#8217;nde\u00a0bir apartmanda meydana gelen patlamada binan\u0131n \u00fcst katlar\u0131nda b\u00fcy\u00fck hasarlar olu\u015ftu. Patlamada [&hellip;]","og_url":"https:\/\/epochtimestr.com\/index.php\/madriddeki-patlamada-2-olu","og_site_name":"The Epoch Times TR","article_publisher":"https:\/\/www.facebook.com\/theepochtimestr","article_published_time":"2021-01-20T16:35:17+00:00","article_modified_time":"2021-01-20T16:35:19+00:00","og_image":[{"width":1308,"height":770,"url":"https:\/\/epochtimestr.com\/wp-content\/uploads\/2011y\/madrid-patlama-screenshot-1.png","type":"image\/png"}],"author":"Haber Merkezi","twitter_card":"summary_large_image","twitter_creator":"@TheEpochTimesTR","twitter_site":"@TheEpochTimesTR","twitter_misc":{"Yazan:":"Haber Merkezi","Tahmini okuma s\u00fcresi":"1 dakika"},"schema":{"@context":"https:\/\/schema.org","@graph":[{"@type":"Article","@id":"https:\/\/epochtimestr.com\/index.php\/madriddeki-patlamada-2-olu#article","isPartOf":{"@id":"https:\/\/epochtimestr.com\/index.php\/madriddeki-patlamada-2-olu"},"author":{"name":"Haber Merkezi","@id":"https:\/\/epochtimestr.com\/#\/schema\/person\/3dc5c3adeb9f43923c5aa85889172fdd"},"headline":"Madrid&#8217;deki Patlamada 2 \u00d6l\u00fc","datePublished":"2021-01-20T16:35:17+00:00","dateModified":"2021-01-20T16:35:19+00:00","mainEntityOfPage":{"@id":"https:\/\/epochtimestr.com\/index.php\/madriddeki-patlamada-2-olu"},"wordCount":205,"publisher":{"@id":"https:\/\/epochtimestr.com\/#organization"},"image":{"@id":"https:\/\/epochtimestr.com\/index.php\/madriddeki-patlamada-2-olu#primaryimage"},"thumbnailUrl":"https:\/\/epochtimestr.com\/wp-content\/uploads\/2011y\/madrid-patlama-screenshot-1.png","keywords":["\u0130spanya","Madrid","patlama"],"articleSection":["D\u00dcNYA","G\u00dcNDEM"],"inLanguage":"tr"},{"@type":"WebPage","@id":"https:\/\/epochtimestr.com\/index.php\/madriddeki-patlamada-2-olu","url":"https:\/\/epochtimestr.com\/index.php\/madriddeki-patlamada-2-olu","name":"Madrid'deki Patlamada 2 \u00d6l\u00fc - The Epoch Times TR","isPartOf":{"@id":"https:\/\/epochtimestr.com\/#website"},"primaryImageOfPage":{"@id":"https:\/\/epochtimestr.com\/index.php\/madriddeki-patlamada-2-olu#primaryimage"},"image":{"@id":"https:\/\/epochtimestr.com\/index.php\/madriddeki-patlamada-2-olu#primaryimage"},"thumbnailUrl":"https:\/\/epochtimestr.com\/wp-content\/uploads\/2011y\/madrid-patlama-screenshot-1.png","datePublished":"2021-01-20T16:35:17+00:00","dateModified":"2021-01-20T16:35:19+00:00","inLanguage":"tr","potentialAction":[{"@type":"ReadAction","target":["https:\/\/epochtimestr.com\/index.php\/madriddeki-patlamada-2-olu"]}]},{"@type":"ImageObject","inLanguage":"tr","@id":"https:\/\/epochtimestr.com\/index.php\/madriddeki-patlamada-2-olu#primaryimage","url":"https:\/\/epochtimestr.com\/wp-content\/uploads\/2011y\/madrid-patlama-screenshot-1.png","contentUrl":"https:\/\/epochtimestr.com\/wp-content\/uploads\/2011y\/madrid-patlama-screenshot-1.png","width":1308,"height":770},{"@type":"WebSite","@id":"https:\/\/epochtimestr.com\/#website","url":"https:\/\/epochtimestr.com\/","name":"The Epoch Times TR","description":"De\u011fi\u015fen D\u00fcnyam\u0131za Taze Bir Bak\u0131\u015f","publisher":{"@id":"https:\/\/epochtimestr.com\/#organization"},"potentialAction":[{"@type":"SearchAction","target":{"@type":"EntryPoint","urlTemplate":"https:\/\/epochtimestr.com\/?s={search_term_string}"},"query-input":"required name=search_term_string"}],"inLanguage":"tr"},{"@type":"Organization","@id":"https:\/\/epochtimestr.com\/#organization","name":"The EpochTimes T\u00fcrkiye","url":"https:\/\/epochtimestr.com\/","logo":{"@type":"ImageObject","inLanguage":"tr","@id":"https:\/\/epochtimestr.com\/#\/schema\/logo\/image\/","url":"https:\/\/epochtimestr.com\/wp-content\/uploads\/2011y\/ET-Logo-YG.jpg","contentUrl":"https:\/\/epochtimestr.com\/wp-content\/uploads\/2011y\/ET-Logo-YG.jpg","width":346,"height":29,"caption":"The EpochTimes T\u00fcrkiye"},"image":{"@id":"https:\/\/epochtimestr.com\/#\/schema\/logo\/image\/"},"sameAs":["https:\/\/www.facebook.com\/theepochtimestr","https:\/\/x.com\/TheEpochTimesTR","https:\/\/www.instagram.com\/epochtimestr"]},{"@type":"Person","@id":"https:\/\/epochtimestr.com\/#\/schema\/person\/3dc5c3adeb9f43923c5aa85889172fdd","name":"Haber Merkezi","image":{"@type":"ImageObject","inLanguage":"tr","@id":"https:\/\/epochtimestr.com\/#\/schema\/person\/image\/","url":"https:\/\/secure.gravatar.com\/avatar\/d73f772ba5a74f28601361e17c2f93e6?s=96&d=mm&r=g","contentUrl":"https:\/\/secure.gravatar.com\/avatar\/d73f772ba5a74f28601361e17c2f93e6?s=96&d=mm&r=g","caption":"Haber Merkezi"},"url":"https:\/\/epochtimestr.com\/index.php\/author\/sendag"}]}},"_links":{"self":[{"href":"https:\/\/epochtimestr.com\/index.php\/wp-json\/wp\/v2\/posts\/132841"}],"collection":[{"href":"https:\/\/epochtimestr.com\/index.php\/wp-json\/wp\/v2\/posts"}],"about":[{"href":"https:\/\/epochtimestr.com\/index.php\/wp-json\/wp\/v2\/types\/post"}],"author":[{"embeddable":true,"href":"https:\/\/epochtimestr.com\/index.php\/wp-json\/wp\/v2\/users\/12791"}],"replies":[{"embeddable":true,"href":"https:\/\/epochtimestr.com\/index.php\/wp-json\/wp\/v2\/comments?post=132841"}],"version-history":[{"count":1,"href":"https:\/\/epochtimestr.com\/index.php\/wp-json\/wp\/v2\/posts\/132841\/revisions"}],"predecessor-version":[{"id":132846,"href":"https:\/\/epochtimestr.com\/index.php\/wp-json\/wp\/v2\/posts\/132841\/revisions\/132846"}],"wp:featuredmedia":[{"embeddable":true,"href":"https:\/\/epochtimestr.com\/index.php\/wp-json\/wp\/v2\/media\/132845"}],"wp:attachment":[{"href":"https:\/\/epochtimestr.com\/index.php\/wp-json\/wp\/v2\/media?parent=132841"}],"wp:term":[{"taxonomy":"category","embeddable":true,"href":"https:\/\/epochtimestr.com\/index.php\/wp-json\/wp\/v2\/categories?post=132841"},{"taxonomy":"post_tag","embeddable":true,"href":"https:\/\/epochtimestr.com\/index.php\/wp-json\/wp\/v2\/tags?post=132841"}],"curies":[{"name":"wp","href":"https:\/\/api.w.org\/{rel}","templated":true}]}}