{"id":132869,"date":"2021-01-20T20:53:09","date_gmt":"2021-01-20T17:53:09","guid":{"rendered":"http:\/\/epochtimestr.com\/?p=132869"},"modified":"2021-01-20T21:41:36","modified_gmt":"2021-01-20T18:41:36","slug":"bir-sekilde-geri-donecegiz","status":"publish","type":"post","link":"https:\/\/epochtimestr.com\/index.php\/bir-sekilde-geri-donecegiz","title":{"rendered":"Trump, Washington&#8217;u Terkederken, &#8216;Bir \u015eekilde Geri D\u00f6nece\u011fiz&#8217; Dedi"},"content":{"rendered":"\n<div class=\"wp-block-image\"><figure class=\"aligncenter size-large\"><img loading=\"lazy\" decoding=\"async\" width=\"559\" height=\"400\" src=\"https:\/\/epochtimestr.com\/wp-content\/uploads\/2011y\/Donald_and_Melania_Trump_-559x400.jpg\" alt=\"\" class=\"wp-image-114835\" srcset=\"https:\/\/epochtimestr.com\/wp-content\/uploads\/2011y\/Donald_and_Melania_Trump_-559x400.jpg 559w, https:\/\/epochtimestr.com\/wp-content\/uploads\/2011y\/Donald_and_Melania_Trump_-600x429.jpg 600w, https:\/\/epochtimestr.com\/wp-content\/uploads\/2011y\/Donald_and_Melania_Trump_-150x107.jpg 150w, https:\/\/epochtimestr.com\/wp-content\/uploads\/2011y\/Donald_and_Melania_Trump_-300x215.jpg 300w, https:\/\/epochtimestr.com\/wp-content\/uploads\/2011y\/Donald_and_Melania_Trump_-768x550.jpg 768w, https:\/\/epochtimestr.com\/wp-content\/uploads\/2011y\/Donald_and_Melania_Trump_.jpg 1024w\" sizes=\"(max-width: 559px) 100vw, 559px\" \/><\/figure><\/div>\n\n\n\n<h2 class=\"wp-block-heading\">Trump Washington&#8217;dan ayr\u0131l\u0131rken, destek\u00e7ilerine: &#8216;Bir \u015fekilde geri d\u00f6nece\u011fiz.&#8217; dedi.<\/h2>\n\n\n\n<p>Ba\u015fkan Donald Trump, 20 Ocak&#8217;ta Joe Biden&#8217;in resmi g\u00f6reve ba\u015flamadan yemin etmesinden saatler \u00f6ncesinde Florida&#8217;ya gitmek \u00fczere Washington&#8217;dan ayr\u0131ld\u0131.<\/p>\n\n\n\n<p>\u201cTrump Beyaz Saray \u00f6n\u00fcndeki gazetecilere, &#8220;Bu b\u00fcy\u00fck bir onurdu. Hayat\u0131m\u0131n onuru. D\u00fcnyan\u0131n en m\u00fcthi\u015f insanlar\u0131, d\u00fcnyan\u0131n en m\u00fcth\u015f yuvas\u0131. Harika bir d\u00f6rt y\u0131l ge\u00e7irdik. \u00c7ok \u015fey ba\u015fard\u0131k. Amerikan halk\u0131n\u0131 seviyoruz ve tekrar s\u00f6yl\u00fcyorum, bu \u00e7ok \u00f6zel bir \u015feydi.&#8221; \u015feklinde seslendi.<\/p>\n\n\n\n<p>&#8220;Sadece ho\u015f\u00e7akal\u0131n demek istiyorum ama umar\u0131m bu uzun vadeli bir ho\u015f\u00e7akal de\u011fildir. Birbirimizi tekrar g\u00f6rece\u011fiz.<\/p>\n\n\n\n<div class=\"wp-block-image\"><figure class=\"aligncenter size-large\"><img loading=\"lazy\" decoding=\"async\" width=\"600\" height=\"400\" src=\"https:\/\/epochtimestr.com\/wp-content\/uploads\/2011y\/Trump-Melanie-Wikimedia-1-600x400.jpg\" alt=\"\" class=\"wp-image-129734\" srcset=\"https:\/\/epochtimestr.com\/wp-content\/uploads\/2011y\/Trump-Melanie-Wikimedia-1-600x400.jpg 600w, https:\/\/epochtimestr.com\/wp-content\/uploads\/2011y\/Trump-Melanie-Wikimedia-1-300x200.jpg 300w, https:\/\/epochtimestr.com\/wp-content\/uploads\/2011y\/Trump-Melanie-Wikimedia-1-150x100.jpg 150w, https:\/\/epochtimestr.com\/wp-content\/uploads\/2011y\/Trump-Melanie-Wikimedia-1-768x512.jpg 768w, https:\/\/epochtimestr.com\/wp-content\/uploads\/2011y\/Trump-Melanie-Wikimedia-1-450x300.jpg 450w, https:\/\/epochtimestr.com\/wp-content\/uploads\/2011y\/Trump-Melanie-Wikimedia-1.jpg 1200w\" sizes=\"(max-width: 600px) 100vw, 600px\" \/><\/figure><\/div>\n\n\n\n<p>Trump ve First Lady Melania Trump, sabah 8 sular\u0131nda Beyaz Saray&#8217;dan \u00e7\u0131kt\u0131lar. Trump&#8217;\u0131n Palm Beach&#8217;teki Mar-a-Lago tatil beldesine gittiler.<\/p>\n\n\n\n<p>Ba\u015fkan, Trump&#8217;\u0131n Marine One&#8217;dan Air Force One&#8217;a ge\u00e7ti\u011fi Maryland&#8217;deki Andrews Ortak \u00dcss\u00fc&#8217;nde dururken, bir grup destek\u00e7isine \u015funlar\u0131 s\u00f6yledi: &#8220;Sizi seviyoruz. Bir \u015fekilde geri d\u00f6nece\u011fiz. &#8220;<\/p>\n\n\n\n<p>&#8220;Her zaman sizin i\u00e7in sava\u015faca\u011f\u0131m. Ben her zaman izliyor olaca\u011f\u0131m. Dinliyor olaca\u011f\u0131m \u201ddiye ekledi.<\/p>\n\n\n\n<p>Trump daha \u00f6nce Biden&#8217;\u0131n g\u00f6reve ba\u015flamadan \u00f6nceki resmi a\u00e7\u0131l\u0131\u015f t\u00f6renine gitmeyece\u011fini a\u00e7\u0131klam\u0131\u015ft\u0131. Bu hareketinin nedenini ise a\u00e7\u0131klamad\u0131.<\/p>\n\n\n\n<figure class=\"wp-block-image size-large\"><img loading=\"lazy\" decoding=\"async\" width=\"598\" height=\"362\" src=\"https:\/\/epochtimestr.com\/wp-content\/uploads\/2011y\/avrupa-basinindan-trump-mansetleri-2502164.jpeg\" alt=\"\" class=\"wp-image-110885\" srcset=\"https:\/\/epochtimestr.com\/wp-content\/uploads\/2011y\/avrupa-basinindan-trump-mansetleri-2502164.jpeg 598w, https:\/\/epochtimestr.com\/wp-content\/uploads\/2011y\/avrupa-basinindan-trump-mansetleri-2502164-150x91.jpeg 150w, https:\/\/epochtimestr.com\/wp-content\/uploads\/2011y\/avrupa-basinindan-trump-mansetleri-2502164-300x182.jpeg 300w, https:\/\/epochtimestr.com\/wp-content\/uploads\/2011y\/avrupa-basinindan-trump-mansetleri-2502164-292x177.jpeg 292w\" sizes=\"(max-width: 598px) 100vw, 598px\" \/><figcaption> <\/figcaption><\/figure>\n\n\n\n<p>Beyaz Saray Tarih Derne\u011fi&#8217;ne g\u00f6re Trump, Andrew Johnson&#8217;dan sonra varisinin a\u00e7\u0131l\u0131\u015f t\u00f6renlerine kat\u0131lmay\u0131 reddeden ilk ba\u015fkan olacak. Ba\u015fkan Woodrow Wilson, yeni ba\u015fkanl\u0131k i\u00e7in yap\u0131lan halka a\u00e7\u0131k t\u00f6rene gelmedi ancak varisi Warren Harding&#8217;e Kongre Binas\u0131&#8217;na kadar e\u015flik etti.<\/p>\n\n\n\n<p>Biden\u2019\u0131n k\u0131salt\u0131lm\u0131\u015f a\u00e7\u0131l\u0131\u015f t\u00f6reninde az say\u0131da konuk olacak. Organizat\u00f6rler, etkinli\u011fin k\u00fc\u00e7\u00fck olmas\u0131n\u0131n sebebinin COVID-19 salg\u0131n\u0131 oldu\u011funu s\u00f6yl\u00fcyorlar.<\/p>\n\n\n\n<p>Trump, Washington ve Maryland&#8217;de, ba\u015fkan olarak hizmet etmenin \u201chayat\u0131nda duydu\u011fu en b\u00fcy\u00fck onur\u201d oldu\u011funu s\u00f6yledi.<\/p>\n\n\n\n<p>Trump, ABD ordusunun yeni bir kolu olan Uzay Kuvvetlerini olu\u015fturmak, i\u015fsizli\u011fi salg\u0131ndan on y\u0131llar \u00f6ncesinde g\u00f6r\u00fclmemi\u015f en d\u00fc\u015f\u00fck seviyelere getirmek ve orduya para d\u00f6kmek de dahil olmak \u00fczere, y\u00f6netiminin imza att\u0131\u011f\u0131 ba\u015far\u0131lar\u0131 tekrarlad\u0131. Ayr\u0131ca, y\u00f6netiminin deste\u011fi ve finansman\u0131 sayesinde bir y\u0131ldan k\u0131sa bir s\u00fcre i\u00e7inde birka\u00e7 COVID-19 a\u015f\u0131s\u0131n\u0131n geli\u015ftirildi\u011fini belirtti.<\/p>\n\n\n\n<p>Trump destek\u00e7ilere, ailesine, arkada\u015flar\u0131na ve personeline te\u015fekk\u00fcr etti. Maryland&#8217;de halka \u015funlar\u0131 s\u00f6yledi: \u201c\u0130nsanlar bu ailenin ne kadar \u00e7ok \u00e7al\u0131\u015ft\u0131\u011f\u0131n\u0131 bilmiyorlar ve sizin i\u00e7in \u00e7al\u0131\u015ft\u0131lar. \u00c7ok daha kolay bir ya\u015famlar\u0131 olabilirdi. &#8220;<\/p>\n\n\n\n<p>Sahneden inerken, &#8220;Hepinize iyi bir ya\u015fam diliyorum. Yak\u0131nda g\u00f6r\u00fc\u015fece\u011fiz.&#8221; dedi.<\/p>\n\n\n\n<p>Yazan: Zachery Stieber, Epoch Times<\/p>\n\n\n\n<p>\u00c7eviri: \u015eenda\u011f G\u00f6k\u00e7e, Epoch Times T\u00fcrkiye<\/p>\n","protected":false},"excerpt":{"rendered":"<p>Trump Washington&#8217;dan ayr\u0131l\u0131rken, destek\u00e7ilerine: &#8216;Bir \u015fekilde geri d\u00f6nece\u011fiz.&#8217; dedi. Ba\u015fkan Donald Trump, 20 Ocak&#8217;ta Joe Biden&#8217;in resmi g\u00f6reve ba\u015flamadan yemin etmesinden saatler \u00f6ncesinde Florida&#8217;ya gitmek \u00fczere Washington&#8217;dan ayr\u0131ld\u0131. \u201cTrump Beyaz Saray \u00f6n\u00fcndeki gazetecilere, &#8220;Bu b\u00fcy\u00fck bir onurdu. Hayat\u0131m\u0131n onuru. D\u00fcnyan\u0131n en m\u00fcthi\u015f insanlar\u0131, d\u00fcnyan\u0131n en m\u00fcth\u015f yuvas\u0131. Harika bir d\u00f6rt y\u0131l ge\u00e7irdik. \u00c7ok \u015fey ba\u015fard\u0131k. [&hellip;]<\/p>\n","protected":false},"author":12791,"featured_media":114835,"comment_status":"closed","ping_status":"open","sticky":false,"template":"","format":"standard","meta":{"_yoast_wpseo_focuskw":"","_yoast_wpseo_title":"","_yoast_wpseo_metadesc":"","_bbp_topic_count":0,"_bbp_reply_count":0,"_bbp_total_topic_count":0,"_bbp_total_reply_count":0,"_bbp_voice_count":0,"_bbp_anonymous_reply_count":0,"_bbp_topic_count_hidden":0,"_bbp_reply_count_hidden":0,"_bbp_forum_subforum_count":0,"footnotes":"","_yoast_wpseo_focuskw_text_input":""},"categories":[5,519,1],"tags":[407,4826,4626],"yoast_head":"<!-- This site is optimized with the Yoast SEO plugin v23.0 - https:\/\/yoast.com\/wordpress\/plugins\/seo\/ -->\n<title>Trump, Washington&#039;u Terkederken, &#039;Bir \u015eekilde Geri D\u00f6nece\u011fiz&#039; Dedi - The Epoch Times TR<\/title>\n<meta name=\"robots\" content=\"index, follow, max-snippet:-1, max-image-preview:large, max-video-preview:-1\" \/>\n<link rel=\"canonical\" href=\"https:\/\/epochtimestr.com\/index.php\/bir-sekilde-geri-donecegiz\" \/>\n<meta property=\"og:locale\" content=\"tr_TR\" \/>\n<meta property=\"og:type\" content=\"article\" \/>\n<meta property=\"og:title\" content=\"Trump, Washington&#039;u Terkederken, &#039;Bir \u015eekilde Geri D\u00f6nece\u011fiz&#039; Dedi - The Epoch Times TR\" \/>\n<meta property=\"og:description\" content=\"Trump Washington&#8217;dan ayr\u0131l\u0131rken, destek\u00e7ilerine: &#8216;Bir \u015fekilde geri d\u00f6nece\u011fiz.&#8217; dedi. Ba\u015fkan Donald Trump, 20 Ocak&#8217;ta Joe Biden&#8217;in resmi g\u00f6reve ba\u015flamadan yemin etmesinden saatler \u00f6ncesinde Florida&#8217;ya gitmek \u00fczere Washington&#8217;dan ayr\u0131ld\u0131. \u201cTrump Beyaz Saray \u00f6n\u00fcndeki gazetecilere, &#8220;Bu b\u00fcy\u00fck bir onurdu. Hayat\u0131m\u0131n onuru. D\u00fcnyan\u0131n en m\u00fcthi\u015f insanlar\u0131, d\u00fcnyan\u0131n en m\u00fcth\u015f yuvas\u0131. Harika bir d\u00f6rt y\u0131l ge\u00e7irdik. \u00c7ok \u015fey ba\u015fard\u0131k. [&hellip;]\" \/>\n<meta property=\"og:url\" content=\"https:\/\/epochtimestr.com\/index.php\/bir-sekilde-geri-donecegiz\" \/>\n<meta property=\"og:site_name\" content=\"The Epoch Times TR\" \/>\n<meta property=\"article:publisher\" content=\"https:\/\/www.facebook.com\/theepochtimestr\" \/>\n<meta property=\"article:published_time\" content=\"2021-01-20T17:53:09+00:00\" \/>\n<meta property=\"article:modified_time\" content=\"2021-01-20T18:41:36+00:00\" \/>\n<meta property=\"og:image\" content=\"https:\/\/epochtimestr.com\/wp-content\/uploads\/2011y\/Donald_and_Melania_Trump_.jpg\" \/>\n\t<meta property=\"og:image:width\" content=\"1024\" \/>\n\t<meta property=\"og:image:height\" content=\"733\" \/>\n\t<meta property=\"og:image:type\" content=\"image\/jpeg\" \/>\n<meta name=\"author\" content=\"Haber Merkezi\" \/>\n<meta name=\"twitter:card\" content=\"summary_large_image\" \/>\n<meta name=\"twitter:creator\" content=\"@TheEpochTimesTR\" \/>\n<meta name=\"twitter:site\" content=\"@TheEpochTimesTR\" \/>\n<meta name=\"twitter:label1\" content=\"Yazan:\" \/>\n\t<meta name=\"twitter:data1\" content=\"Haber Merkezi\" \/>\n\t<meta name=\"twitter:label2\" content=\"Tahmini okuma s\u00fcresi\" \/>\n\t<meta name=\"twitter:data2\" content=\"2 dakika\" \/>\n<script type=\"application\/ld+json\" class=\"yoast-schema-graph\">{\"@context\":\"https:\/\/schema.org\",\"@graph\":[{\"@type\":\"Article\",\"@id\":\"https:\/\/epochtimestr.com\/index.php\/bir-sekilde-geri-donecegiz#article\",\"isPartOf\":{\"@id\":\"https:\/\/epochtimestr.com\/index.php\/bir-sekilde-geri-donecegiz\"},\"author\":{\"name\":\"Haber Merkezi\",\"@id\":\"https:\/\/epochtimestr.com\/#\/schema\/person\/3dc5c3adeb9f43923c5aa85889172fdd\"},\"headline\":\"Trump, Washington&#8217;u Terkederken, &#8216;Bir \u015eekilde Geri D\u00f6nece\u011fiz&#8217; Dedi\",\"datePublished\":\"2021-01-20T17:53:09+00:00\",\"dateModified\":\"2021-01-20T18:41:36+00:00\",\"mainEntityOfPage\":{\"@id\":\"https:\/\/epochtimestr.com\/index.php\/bir-sekilde-geri-donecegiz\"},\"wordCount\":478,\"publisher\":{\"@id\":\"https:\/\/epochtimestr.com\/#organization\"},\"image\":{\"@id\":\"https:\/\/epochtimestr.com\/index.php\/bir-sekilde-geri-donecegiz#primaryimage\"},\"thumbnailUrl\":\"https:\/\/epochtimestr.com\/wp-content\/uploads\/2011y\/Donald_and_Melania_Trump_.jpg\",\"keywords\":[\"ABD\",\"ABD ba\u015fkanl\u0131k se\u00e7imleri\",\"Donald Trump\"],\"articleSection\":[\"D\u00dcNYA\",\"ED\u0130T\u00d6R\u00dcN SE\u00c7\u0130M\u0130\",\"G\u00dcNDEM\"],\"inLanguage\":\"tr\"},{\"@type\":\"WebPage\",\"@id\":\"https:\/\/epochtimestr.com\/index.php\/bir-sekilde-geri-donecegiz\",\"url\":\"https:\/\/epochtimestr.com\/index.php\/bir-sekilde-geri-donecegiz\",\"name\":\"Trump, Washington'u Terkederken, 'Bir \u015eekilde Geri D\u00f6nece\u011fiz' Dedi - The Epoch Times TR\",\"isPartOf\":{\"@id\":\"https:\/\/epochtimestr.com\/#website\"},\"primaryImageOfPage\":{\"@id\":\"https:\/\/epochtimestr.com\/index.php\/bir-sekilde-geri-donecegiz#primaryimage\"},\"image\":{\"@id\":\"https:\/\/epochtimestr.com\/index.php\/bir-sekilde-geri-donecegiz#primaryimage\"},\"thumbnailUrl\":\"https:\/\/epochtimestr.com\/wp-content\/uploads\/2011y\/Donald_and_Melania_Trump_.jpg\",\"datePublished\":\"2021-01-20T17:53:09+00:00\",\"dateModified\":\"2021-01-20T18:41:36+00:00\",\"inLanguage\":\"tr\",\"potentialAction\":[{\"@type\":\"ReadAction\",\"target\":[\"https:\/\/epochtimestr.com\/index.php\/bir-sekilde-geri-donecegiz\"]}]},{\"@type\":\"ImageObject\",\"inLanguage\":\"tr\",\"@id\":\"https:\/\/epochtimestr.com\/index.php\/bir-sekilde-geri-donecegiz#primaryimage\",\"url\":\"https:\/\/epochtimestr.com\/wp-content\/uploads\/2011y\/Donald_and_Melania_Trump_.jpg\",\"contentUrl\":\"https:\/\/epochtimestr.com\/wp-content\/uploads\/2011y\/Donald_and_Melania_Trump_.jpg\",\"width\":1024,\"height\":733},{\"@type\":\"WebSite\",\"@id\":\"https:\/\/epochtimestr.com\/#website\",\"url\":\"https:\/\/epochtimestr.com\/\",\"name\":\"The Epoch Times TR\",\"description\":\"De\u011fi\u015fen D\u00fcnyam\u0131za Taze Bir Bak\u0131\u015f\",\"publisher\":{\"@id\":\"https:\/\/epochtimestr.com\/#organization\"},\"potentialAction\":[{\"@type\":\"SearchAction\",\"target\":{\"@type\":\"EntryPoint\",\"urlTemplate\":\"https:\/\/epochtimestr.com\/?s={search_term_string}\"},\"query-input\":\"required name=search_term_string\"}],\"inLanguage\":\"tr\"},{\"@type\":\"Organization\",\"@id\":\"https:\/\/epochtimestr.com\/#organization\",\"name\":\"The EpochTimes T\u00fcrkiye\",\"url\":\"https:\/\/epochtimestr.com\/\",\"logo\":{\"@type\":\"ImageObject\",\"inLanguage\":\"tr\",\"@id\":\"https:\/\/epochtimestr.com\/#\/schema\/logo\/image\/\",\"url\":\"https:\/\/epochtimestr.com\/wp-content\/uploads\/2011y\/ET-Logo-YG.jpg\",\"contentUrl\":\"https:\/\/epochtimestr.com\/wp-content\/uploads\/2011y\/ET-Logo-YG.jpg\",\"width\":346,\"height\":29,\"caption\":\"The EpochTimes T\u00fcrkiye\"},\"image\":{\"@id\":\"https:\/\/epochtimestr.com\/#\/schema\/logo\/image\/\"},\"sameAs\":[\"https:\/\/www.facebook.com\/theepochtimestr\",\"https:\/\/x.com\/TheEpochTimesTR\",\"https:\/\/www.instagram.com\/epochtimestr\"]},{\"@type\":\"Person\",\"@id\":\"https:\/\/epochtimestr.com\/#\/schema\/person\/3dc5c3adeb9f43923c5aa85889172fdd\",\"name\":\"Haber Merkezi\",\"image\":{\"@type\":\"ImageObject\",\"inLanguage\":\"tr\",\"@id\":\"https:\/\/epochtimestr.com\/#\/schema\/person\/image\/\",\"url\":\"https:\/\/secure.gravatar.com\/avatar\/d73f772ba5a74f28601361e17c2f93e6?s=96&d=mm&r=g\",\"contentUrl\":\"https:\/\/secure.gravatar.com\/avatar\/d73f772ba5a74f28601361e17c2f93e6?s=96&d=mm&r=g\",\"caption\":\"Haber Merkezi\"},\"url\":\"https:\/\/epochtimestr.com\/index.php\/author\/sendag\"}]}<\/script>\n<!-- \/ Yoast SEO plugin. -->","yoast_head_json":{"title":"Trump, Washington'u Terkederken, 'Bir \u015eekilde Geri D\u00f6nece\u011fiz' Dedi - The Epoch Times TR","robots":{"index":"index","follow":"follow","max-snippet":"max-snippet:-1","max-image-preview":"max-image-preview:large","max-video-preview":"max-video-preview:-1"},"canonical":"https:\/\/epochtimestr.com\/index.php\/bir-sekilde-geri-donecegiz","og_locale":"tr_TR","og_type":"article","og_title":"Trump, Washington'u Terkederken, 'Bir \u015eekilde Geri D\u00f6nece\u011fiz' Dedi - The Epoch Times TR","og_description":"Trump Washington&#8217;dan ayr\u0131l\u0131rken, destek\u00e7ilerine: &#8216;Bir \u015fekilde geri d\u00f6nece\u011fiz.&#8217; dedi. Ba\u015fkan Donald Trump, 20 Ocak&#8217;ta Joe Biden&#8217;in resmi g\u00f6reve ba\u015flamadan yemin etmesinden saatler \u00f6ncesinde Florida&#8217;ya gitmek \u00fczere Washington&#8217;dan ayr\u0131ld\u0131. \u201cTrump Beyaz Saray \u00f6n\u00fcndeki gazetecilere, &#8220;Bu b\u00fcy\u00fck bir onurdu. Hayat\u0131m\u0131n onuru. D\u00fcnyan\u0131n en m\u00fcthi\u015f insanlar\u0131, d\u00fcnyan\u0131n en m\u00fcth\u015f yuvas\u0131. Harika bir d\u00f6rt y\u0131l ge\u00e7irdik. \u00c7ok \u015fey ba\u015fard\u0131k. [&hellip;]","og_url":"https:\/\/epochtimestr.com\/index.php\/bir-sekilde-geri-donecegiz","og_site_name":"The Epoch Times TR","article_publisher":"https:\/\/www.facebook.com\/theepochtimestr","article_published_time":"2021-01-20T17:53:09+00:00","article_modified_time":"2021-01-20T18:41:36+00:00","og_image":[{"width":1024,"height":733,"url":"https:\/\/epochtimestr.com\/wp-content\/uploads\/2011y\/Donald_and_Melania_Trump_.jpg","type":"image\/jpeg"}],"author":"Haber Merkezi","twitter_card":"summary_large_image","twitter_creator":"@TheEpochTimesTR","twitter_site":"@TheEpochTimesTR","twitter_misc":{"Yazan:":"Haber Merkezi","Tahmini okuma s\u00fcresi":"2 dakika"},"schema":{"@context":"https:\/\/schema.org","@graph":[{"@type":"Article","@id":"https:\/\/epochtimestr.com\/index.php\/bir-sekilde-geri-donecegiz#article","isPartOf":{"@id":"https:\/\/epochtimestr.com\/index.php\/bir-sekilde-geri-donecegiz"},"author":{"name":"Haber Merkezi","@id":"https:\/\/epochtimestr.com\/#\/schema\/person\/3dc5c3adeb9f43923c5aa85889172fdd"},"headline":"Trump, Washington&#8217;u Terkederken, &#8216;Bir \u015eekilde Geri D\u00f6nece\u011fiz&#8217; Dedi","datePublished":"2021-01-20T17:53:09+00:00","dateModified":"2021-01-20T18:41:36+00:00","mainEntityOfPage":{"@id":"https:\/\/epochtimestr.com\/index.php\/bir-sekilde-geri-donecegiz"},"wordCount":478,"publisher":{"@id":"https:\/\/epochtimestr.com\/#organization"},"image":{"@id":"https:\/\/epochtimestr.com\/index.php\/bir-sekilde-geri-donecegiz#primaryimage"},"thumbnailUrl":"https:\/\/epochtimestr.com\/wp-content\/uploads\/2011y\/Donald_and_Melania_Trump_.jpg","keywords":["ABD","ABD ba\u015fkanl\u0131k se\u00e7imleri","Donald Trump"],"articleSection":["D\u00dcNYA","ED\u0130T\u00d6R\u00dcN SE\u00c7\u0130M\u0130","G\u00dcNDEM"],"inLanguage":"tr"},{"@type":"WebPage","@id":"https:\/\/epochtimestr.com\/index.php\/bir-sekilde-geri-donecegiz","url":"https:\/\/epochtimestr.com\/index.php\/bir-sekilde-geri-donecegiz","name":"Trump, Washington'u Terkederken, 'Bir \u015eekilde Geri D\u00f6nece\u011fiz' Dedi - The Epoch Times TR","isPartOf":{"@id":"https:\/\/epochtimestr.com\/#website"},"primaryImageOfPage":{"@id":"https:\/\/epochtimestr.com\/index.php\/bir-sekilde-geri-donecegiz#primaryimage"},"image":{"@id":"https:\/\/epochtimestr.com\/index.php\/bir-sekilde-geri-donecegiz#primaryimage"},"thumbnailUrl":"https:\/\/epochtimestr.com\/wp-content\/uploads\/2011y\/Donald_and_Melania_Trump_.jpg","datePublished":"2021-01-20T17:53:09+00:00","dateModified":"2021-01-20T18:41:36+00:00","inLanguage":"tr","potentialAction":[{"@type":"ReadAction","target":["https:\/\/epochtimestr.com\/index.php\/bir-sekilde-geri-donecegiz"]}]},{"@type":"ImageObject","inLanguage":"tr","@id":"https:\/\/epochtimestr.com\/index.php\/bir-sekilde-geri-donecegiz#primaryimage","url":"https:\/\/epochtimestr.com\/wp-content\/uploads\/2011y\/Donald_and_Melania_Trump_.jpg","contentUrl":"https:\/\/epochtimestr.com\/wp-content\/uploads\/2011y\/Donald_and_Melania_Trump_.jpg","width":1024,"height":733},{"@type":"WebSite","@id":"https:\/\/epochtimestr.com\/#website","url":"https:\/\/epochtimestr.com\/","name":"The Epoch Times TR","description":"De\u011fi\u015fen D\u00fcnyam\u0131za Taze Bir Bak\u0131\u015f","publisher":{"@id":"https:\/\/epochtimestr.com\/#organization"},"potentialAction":[{"@type":"SearchAction","target":{"@type":"EntryPoint","urlTemplate":"https:\/\/epochtimestr.com\/?s={search_term_string}"},"query-input":"required name=search_term_string"}],"inLanguage":"tr"},{"@type":"Organization","@id":"https:\/\/epochtimestr.com\/#organization","name":"The EpochTimes T\u00fcrkiye","url":"https:\/\/epochtimestr.com\/","logo":{"@type":"ImageObject","inLanguage":"tr","@id":"https:\/\/epochtimestr.com\/#\/schema\/logo\/image\/","url":"https:\/\/epochtimestr.com\/wp-content\/uploads\/2011y\/ET-Logo-YG.jpg","contentUrl":"https:\/\/epochtimestr.com\/wp-content\/uploads\/2011y\/ET-Logo-YG.jpg","width":346,"height":29,"caption":"The EpochTimes T\u00fcrkiye"},"image":{"@id":"https:\/\/epochtimestr.com\/#\/schema\/logo\/image\/"},"sameAs":["https:\/\/www.facebook.com\/theepochtimestr","https:\/\/x.com\/TheEpochTimesTR","https:\/\/www.instagram.com\/epochtimestr"]},{"@type":"Person","@id":"https:\/\/epochtimestr.com\/#\/schema\/person\/3dc5c3adeb9f43923c5aa85889172fdd","name":"Haber Merkezi","image":{"@type":"ImageObject","inLanguage":"tr","@id":"https:\/\/epochtimestr.com\/#\/schema\/person\/image\/","url":"https:\/\/secure.gravatar.com\/avatar\/d73f772ba5a74f28601361e17c2f93e6?s=96&d=mm&r=g","contentUrl":"https:\/\/secure.gravatar.com\/avatar\/d73f772ba5a74f28601361e17c2f93e6?s=96&d=mm&r=g","caption":"Haber Merkezi"},"url":"https:\/\/epochtimestr.com\/index.php\/author\/sendag"}]}},"_links":{"self":[{"href":"https:\/\/epochtimestr.com\/index.php\/wp-json\/wp\/v2\/posts\/132869"}],"collection":[{"href":"https:\/\/epochtimestr.com\/index.php\/wp-json\/wp\/v2\/posts"}],"about":[{"href":"https:\/\/epochtimestr.com\/index.php\/wp-json\/wp\/v2\/types\/post"}],"author":[{"embeddable":true,"href":"https:\/\/epochtimestr.com\/index.php\/wp-json\/wp\/v2\/users\/12791"}],"replies":[{"embeddable":true,"href":"https:\/\/epochtimestr.com\/index.php\/wp-json\/wp\/v2\/comments?post=132869"}],"version-history":[{"count":4,"href":"https:\/\/epochtimestr.com\/index.php\/wp-json\/wp\/v2\/posts\/132869\/revisions"}],"predecessor-version":[{"id":132888,"href":"https:\/\/epochtimestr.com\/index.php\/wp-json\/wp\/v2\/posts\/132869\/revisions\/132888"}],"wp:featuredmedia":[{"embeddable":true,"href":"https:\/\/epochtimestr.com\/index.php\/wp-json\/wp\/v2\/media\/114835"}],"wp:attachment":[{"href":"https:\/\/epochtimestr.com\/index.php\/wp-json\/wp\/v2\/media?parent=132869"}],"wp:term":[{"taxonomy":"category","embeddable":true,"href":"https:\/\/epochtimestr.com\/index.php\/wp-json\/wp\/v2\/categories?post=132869"},{"taxonomy":"post_tag","embeddable":true,"href":"https:\/\/epochtimestr.com\/index.php\/wp-json\/wp\/v2\/tags?post=132869"}],"curies":[{"name":"wp","href":"https:\/\/api.w.org\/{rel}","templated":true}]}}